{"id":1245,"date":"2025-03-20T15:56:13","date_gmt":"2025-03-20T18:56:13","guid":{"rendered":"https:\/\/www.colorado.com.br\/nosdacem\/?p=1245"},"modified":"2025-03-20T15:56:13","modified_gmt":"2025-03-20T18:56:13","slug":"jovens-de-morrinhos-iniciam-curso-de-aprendizagem-industrial-em-mecanica-de-veiculos-pesados","status":"publish","type":"post","link":"https:\/\/www.colorado.com.br\/nosdacem\/jovens-de-morrinhos-iniciam-curso-de-aprendizagem-industrial-em-mecanica-de-veiculos-pesados\/","title":{"rendered":"Jovens de Morrinhos iniciam Curso de Aprendizagem Industrial em Mec\u00e2nica de Ve\u00edculos Pesados"},"content":{"rendered":"<p><img loading=\"lazy\" decoding=\"async\" class=\"aligncenter wp-image-1246 size-full\" src=\"https:\/\/www.colorado.com.br\/nosdacem\/wp-content\/uploads\/2025\/03\/APREDIZES.jpg\" alt=\"\" width=\"1108\" height=\"831\" srcset=\"https:\/\/www.colorado.com.br\/nosdacem\/wp-content\/uploads\/2025\/03\/APREDIZES.jpg 1108w, https:\/\/www.colorado.com.br\/nosdacem\/wp-content\/uploads\/2025\/03\/APREDIZES-300x225.jpg 300w, https:\/\/www.colorado.com.br\/nosdacem\/wp-content\/uploads\/2025\/03\/APREDIZES-1024x768.jpg 1024w, https:\/\/www.colorado.com.br\/nosdacem\/wp-content\/uploads\/2025\/03\/APREDIZES-768x576.jpg 768w\" sizes=\"auto, (max-width: 1108px) 100vw, 1108px\" \/><\/p>\n<p>A forma\u00e7\u00e3o de novos talentos para o setor automotivo ganhou um importante refor\u00e7o com o in\u00edcio do Curso de Aprendizagem Industrial em Mec\u00e2nica de Ve\u00edculos Pesados Rodovi\u00e1rios. O curso \u00e9 fruto de uma parceria entre a Usina Cem e o SENAI-Itumbiara e tem como objetivo capacitar jovens para o mercado de trabalho.<\/p>\n<p>A turma, composta por 22 jovens de Morrinhos, iniciou as aulas no dia 17 de mar\u00e7o em um ambiente tempor\u00e1rio no Pr\u00f3-Cidad\u00e3o, devido \u00e0s reformas no Centro Profissionalizante. O local cedeu gentilmente um espa\u00e7o para que as atividades te\u00f3ricas pudessem ser realizadas at\u00e9 a conclus\u00e3o das obras.<\/p>\n<p>Com uma carga hor\u00e1ria total de 1.600 horas, o curso combina teoria e pr\u00e1tica, permitindo que os participantes desenvolvam habilidades essenciais para o setor. Do total, 480 horas s\u00e3o destinadas a aulas te\u00f3ricas, enquanto as 1.120 horas restantes ser\u00e3o de aprendizado pr\u00e1tico dentro da empresa, com in\u00edcio previsto para 10 de outubro de 2025.<\/p>\n<p>O curso \u00e9 ministrado pelo professor Miguel Santos, profissional experiente que tem se dedicado a proporcionar um ensino de alta qualidade aos aprendizes. Os estudantes est\u00e3o animados com a oportunidade de adquirir novos conhecimentos e se preparar para atuar no mercado de trabalho com qualifica\u00e7\u00e3o e experi\u00eancia.<\/p>\n<p>A iniciativa refor\u00e7a o compromisso da Usina Cem e do SENAI-Itumbiara com a capacita\u00e7\u00e3o profissional e o desenvolvimento de talentos locais. Com essa forma\u00e7\u00e3o, os jovens ter\u00e3o a chance de ingressar no setor automotivo com um diferencial competitivo, impulsionando suas carreiras e contribuindo para o fortalecimento da m\u00e3o de obra qualificada na regi\u00e3o.<\/p>\n<p>&nbsp;<\/p>\n<p>&nbsp;<\/p>\n","protected":false},"excerpt":{"rendered":"<p>A forma\u00e7\u00e3o de novos talentos para o setor automotivo ganhou um importante refor\u00e7o com o in\u00edcio do Curso de Aprendizagem Industrial em Mec\u00e2nica de Ve\u00edculos Pesados Rodovi\u00e1rios. O curso \u00e9&#8230;<\/p>\n","protected":false},"author":2,"featured_media":1246,"comment_status":"closed","ping_status":"open","sticky":false,"template":"","format":"standard","meta":{"footnotes":""},"categories":[5],"tags":[],"class_list":{"0":"post-1245","1":"post","2":"type-post","3":"status-publish","4":"format-standard","5":"has-post-thumbnail","7":"category-acontece-na-cem"},"yoast_head":"<!-- This site is optimized with the Yoast SEO plugin v22.8 - https:\/\/yoast.com\/wordpress\/plugins\/seo\/ -->\n<title>Jovens de Morrinhos iniciam Curso de Aprendizagem Industrial em Mec\u00e2nica de Ve\u00edculos Pesados - N\u00f3s da CEM - Grupo Colorado<\/title>\n<meta name=\"robots\" content=\"index, follow, max-snippet:-1, max-image-preview:large, max-video-preview:-1\" \/>\n<link rel=\"canonical\" href=\"https:\/\/www.colorado.com.br\/nosdacem\/jovens-de-morrinhos-iniciam-curso-de-aprendizagem-industrial-em-mecanica-de-veiculos-pesados\/\" \/>\n<meta property=\"og:locale\" content=\"pt_BR\" \/>\n<meta property=\"og:type\" content=\"article\" \/>\n<meta property=\"og:title\" content=\"Jovens de Morrinhos iniciam Curso de Aprendizagem Industrial em Mec\u00e2nica de Ve\u00edculos Pesados - N\u00f3s da CEM - Grupo Colorado\" \/>\n<meta property=\"og:description\" content=\"A forma\u00e7\u00e3o de novos talentos para o setor automotivo ganhou um importante refor\u00e7o com o in\u00edcio do Curso de Aprendizagem Industrial em Mec\u00e2nica de Ve\u00edculos Pesados Rodovi\u00e1rios. O curso \u00e9...\" \/>\n<meta property=\"og:url\" content=\"https:\/\/www.colorado.com.br\/nosdacem\/jovens-de-morrinhos-iniciam-curso-de-aprendizagem-industrial-em-mecanica-de-veiculos-pesados\/\" \/>\n<meta property=\"og:site_name\" content=\"N\u00f3s da CEM - Grupo Colorado\" \/>\n<meta property=\"article:published_time\" content=\"2025-03-20T18:56:13+00:00\" \/>\n<meta property=\"og:image\" content=\"https:\/\/www.colorado.com.br\/nosdacem\/wp-content\/uploads\/2025\/03\/APREDIZES.jpg\" \/>\n\t<meta property=\"og:image:width\" content=\"1108\" \/>\n\t<meta property=\"og:image:height\" content=\"831\" \/>\n\t<meta property=\"og:image:type\" content=\"image\/jpeg\" \/>\n<meta name=\"author\" content=\"Comunica\u00e7\u00e3o Usina CEM\" \/>\n<meta name=\"twitter:card\" content=\"summary_large_image\" \/>\n<meta name=\"twitter:label1\" content=\"Escrito por\" \/>\n\t<meta name=\"twitter:data1\" content=\"Comunica\u00e7\u00e3o Usina CEM\" \/>\n\t<meta name=\"twitter:label2\" content=\"Est. tempo de leitura\" \/>\n\t<meta name=\"twitter:data2\" content=\"2 minutos\" \/>\n<script type=\"application\/ld+json\" class=\"yoast-schema-graph\">{\"@context\":\"https:\/\/schema.org\",\"@graph\":[{\"@type\":\"WebPage\",\"@id\":\"https:\/\/www.colorado.com.br\/nosdacem\/jovens-de-morrinhos-iniciam-curso-de-aprendizagem-industrial-em-mecanica-de-veiculos-pesados\/\",\"url\":\"https:\/\/www.colorado.com.br\/nosdacem\/jovens-de-morrinhos-iniciam-curso-de-aprendizagem-industrial-em-mecanica-de-veiculos-pesados\/\",\"name\":\"Jovens de Morrinhos iniciam Curso de Aprendizagem Industrial em Mec\u00e2nica de Ve\u00edculos Pesados - N\u00f3s da CEM - Grupo Colorado\",\"isPartOf\":{\"@id\":\"https:\/\/www.colorado.com.br\/nosdacem\/#website\"},\"primaryImageOfPage\":{\"@id\":\"https:\/\/www.colorado.com.br\/nosdacem\/jovens-de-morrinhos-iniciam-curso-de-aprendizagem-industrial-em-mecanica-de-veiculos-pesados\/#primaryimage\"},\"image\":{\"@id\":\"https:\/\/www.colorado.com.br\/nosdacem\/jovens-de-morrinhos-iniciam-curso-de-aprendizagem-industrial-em-mecanica-de-veiculos-pesados\/#primaryimage\"},\"thumbnailUrl\":\"https:\/\/www.colorado.com.br\/nosdacem\/wp-content\/uploads\/2025\/03\/APREDIZES.jpg\",\"datePublished\":\"2025-03-20T18:56:13+00:00\",\"dateModified\":\"2025-03-20T18:56:13+00:00\",\"author\":{\"@id\":\"https:\/\/www.colorado.com.br\/nosdacem\/#\/schema\/person\/3726a40dd5ef4d59cc077c9ffd3f7adc\"},\"breadcrumb\":{\"@id\":\"https:\/\/www.colorado.com.br\/nosdacem\/jovens-de-morrinhos-iniciam-curso-de-aprendizagem-industrial-em-mecanica-de-veiculos-pesados\/#breadcrumb\"},\"inLanguage\":\"pt-BR\",\"potentialAction\":[{\"@type\":\"ReadAction\",\"target\":[\"https:\/\/www.colorado.com.br\/nosdacem\/jovens-de-morrinhos-iniciam-curso-de-aprendizagem-industrial-em-mecanica-de-veiculos-pesados\/\"]}]},{\"@type\":\"ImageObject\",\"inLanguage\":\"pt-BR\",\"@id\":\"https:\/\/www.colorado.com.br\/nosdacem\/jovens-de-morrinhos-iniciam-curso-de-aprendizagem-industrial-em-mecanica-de-veiculos-pesados\/#primaryimage\",\"url\":\"https:\/\/www.colorado.com.br\/nosdacem\/wp-content\/uploads\/2025\/03\/APREDIZES.jpg\",\"contentUrl\":\"https:\/\/www.colorado.com.br\/nosdacem\/wp-content\/uploads\/2025\/03\/APREDIZES.jpg\",\"width\":1108,\"height\":831},{\"@type\":\"BreadcrumbList\",\"@id\":\"https:\/\/www.colorado.com.br\/nosdacem\/jovens-de-morrinhos-iniciam-curso-de-aprendizagem-industrial-em-mecanica-de-veiculos-pesados\/#breadcrumb\",\"itemListElement\":[{\"@type\":\"ListItem\",\"position\":1,\"name\":\"In\u00edcio\",\"item\":\"https:\/\/www.colorado.com.br\/nosdacem\/\"},{\"@type\":\"ListItem\",\"position\":2,\"name\":\"Jovens de Morrinhos iniciam Curso de Aprendizagem Industrial em Mec\u00e2nica de Ve\u00edculos Pesados\"}]},{\"@type\":\"WebSite\",\"@id\":\"https:\/\/www.colorado.com.br\/nosdacem\/#website\",\"url\":\"https:\/\/www.colorado.com.br\/nosdacem\/\",\"name\":\"N\u00f3s da CEM - Grupo Colorado\",\"description\":\"\",\"potentialAction\":[{\"@type\":\"SearchAction\",\"target\":{\"@type\":\"EntryPoint\",\"urlTemplate\":\"https:\/\/www.colorado.com.br\/nosdacem\/?s={search_term_string}\"},\"query-input\":\"required name=search_term_string\"}],\"inLanguage\":\"pt-BR\"},{\"@type\":\"Person\",\"@id\":\"https:\/\/www.colorado.com.br\/nosdacem\/#\/schema\/person\/3726a40dd5ef4d59cc077c9ffd3f7adc\",\"name\":\"Comunica\u00e7\u00e3o Usina CEM\",\"image\":{\"@type\":\"ImageObject\",\"inLanguage\":\"pt-BR\",\"@id\":\"https:\/\/www.colorado.com.br\/nosdacem\/#\/schema\/person\/image\/\",\"url\":\"https:\/\/secure.gravatar.com\/avatar\/30ab67a54f0ed2bacc1ea56b690f4962c9e3744ddbb8ba60281b2bb679ae4dd6?s=96&d=mm&r=g\",\"contentUrl\":\"https:\/\/secure.gravatar.com\/avatar\/30ab67a54f0ed2bacc1ea56b690f4962c9e3744ddbb8ba60281b2bb679ae4dd6?s=96&d=mm&r=g\",\"caption\":\"Comunica\u00e7\u00e3o Usina CEM\"},\"url\":\"https:\/\/www.colorado.com.br\/nosdacem\/author\/usinacem\/\"}]}<\/script>\n<!-- \/ Yoast SEO plugin. -->","yoast_head_json":{"title":"Jovens de Morrinhos iniciam Curso de Aprendizagem Industrial em Mec\u00e2nica de Ve\u00edculos Pesados - N\u00f3s da CEM - Grupo Colorado","robots":{"index":"index","follow":"follow","max-snippet":"max-snippet:-1","max-image-preview":"max-image-preview:large","max-video-preview":"max-video-preview:-1"},"canonical":"https:\/\/www.colorado.com.br\/nosdacem\/jovens-de-morrinhos-iniciam-curso-de-aprendizagem-industrial-em-mecanica-de-veiculos-pesados\/","og_locale":"pt_BR","og_type":"article","og_title":"Jovens de Morrinhos iniciam Curso de Aprendizagem Industrial em Mec\u00e2nica de Ve\u00edculos Pesados - N\u00f3s da CEM - Grupo Colorado","og_description":"A forma\u00e7\u00e3o de novos talentos para o setor automotivo ganhou um importante refor\u00e7o com o in\u00edcio do Curso de Aprendizagem Industrial em Mec\u00e2nica de Ve\u00edculos Pesados Rodovi\u00e1rios. O curso \u00e9...","og_url":"https:\/\/www.colorado.com.br\/nosdacem\/jovens-de-morrinhos-iniciam-curso-de-aprendizagem-industrial-em-mecanica-de-veiculos-pesados\/","og_site_name":"N\u00f3s da CEM - Grupo Colorado","article_published_time":"2025-03-20T18:56:13+00:00","og_image":[{"width":1108,"height":831,"url":"https:\/\/www.colorado.com.br\/nosdacem\/wp-content\/uploads\/2025\/03\/APREDIZES.jpg","type":"image\/jpeg"}],"author":"Comunica\u00e7\u00e3o Usina CEM","twitter_card":"summary_large_image","twitter_misc":{"Escrito por":"Comunica\u00e7\u00e3o Usina CEM","Est. tempo de leitura":"2 minutos"},"schema":{"@context":"https:\/\/schema.org","@graph":[{"@type":"WebPage","@id":"https:\/\/www.colorado.com.br\/nosdacem\/jovens-de-morrinhos-iniciam-curso-de-aprendizagem-industrial-em-mecanica-de-veiculos-pesados\/","url":"https:\/\/www.colorado.com.br\/nosdacem\/jovens-de-morrinhos-iniciam-curso-de-aprendizagem-industrial-em-mecanica-de-veiculos-pesados\/","name":"Jovens de Morrinhos iniciam Curso de Aprendizagem Industrial em Mec\u00e2nica de Ve\u00edculos Pesados - N\u00f3s da CEM - Grupo Colorado","isPartOf":{"@id":"https:\/\/www.colorado.com.br\/nosdacem\/#website"},"primaryImageOfPage":{"@id":"https:\/\/www.colorado.com.br\/nosdacem\/jovens-de-morrinhos-iniciam-curso-de-aprendizagem-industrial-em-mecanica-de-veiculos-pesados\/#primaryimage"},"image":{"@id":"https:\/\/www.colorado.com.br\/nosdacem\/jovens-de-morrinhos-iniciam-curso-de-aprendizagem-industrial-em-mecanica-de-veiculos-pesados\/#primaryimage"},"thumbnailUrl":"https:\/\/www.colorado.com.br\/nosdacem\/wp-content\/uploads\/2025\/03\/APREDIZES.jpg","datePublished":"2025-03-20T18:56:13+00:00","dateModified":"2025-03-20T18:56:13+00:00","author":{"@id":"https:\/\/www.colorado.com.br\/nosdacem\/#\/schema\/person\/3726a40dd5ef4d59cc077c9ffd3f7adc"},"breadcrumb":{"@id":"https:\/\/www.colorado.com.br\/nosdacem\/jovens-de-morrinhos-iniciam-curso-de-aprendizagem-industrial-em-mecanica-de-veiculos-pesados\/#breadcrumb"},"inLanguage":"pt-BR","potentialAction":[{"@type":"ReadAction","target":["https:\/\/www.colorado.com.br\/nosdacem\/jovens-de-morrinhos-iniciam-curso-de-aprendizagem-industrial-em-mecanica-de-veiculos-pesados\/"]}]},{"@type":"ImageObject","inLanguage":"pt-BR","@id":"https:\/\/www.colorado.com.br\/nosdacem\/jovens-de-morrinhos-iniciam-curso-de-aprendizagem-industrial-em-mecanica-de-veiculos-pesados\/#primaryimage","url":"https:\/\/www.colorado.com.br\/nosdacem\/wp-content\/uploads\/2025\/03\/APREDIZES.jpg","contentUrl":"https:\/\/www.colorado.com.br\/nosdacem\/wp-content\/uploads\/2025\/03\/APREDIZES.jpg","width":1108,"height":831},{"@type":"BreadcrumbList","@id":"https:\/\/www.colorado.com.br\/nosdacem\/jovens-de-morrinhos-iniciam-curso-de-aprendizagem-industrial-em-mecanica-de-veiculos-pesados\/#breadcrumb","itemListElement":[{"@type":"ListItem","position":1,"name":"In\u00edcio","item":"https:\/\/www.colorado.com.br\/nosdacem\/"},{"@type":"ListItem","position":2,"name":"Jovens de Morrinhos iniciam Curso de Aprendizagem Industrial em Mec\u00e2nica de Ve\u00edculos Pesados"}]},{"@type":"WebSite","@id":"https:\/\/www.colorado.com.br\/nosdacem\/#website","url":"https:\/\/www.colorado.com.br\/nosdacem\/","name":"N\u00f3s da CEM - Grupo Colorado","description":"","potentialAction":[{"@type":"SearchAction","target":{"@type":"EntryPoint","urlTemplate":"https:\/\/www.colorado.com.br\/nosdacem\/?s={search_term_string}"},"query-input":"required name=search_term_string"}],"inLanguage":"pt-BR"},{"@type":"Person","@id":"https:\/\/www.colorado.com.br\/nosdacem\/#\/schema\/person\/3726a40dd5ef4d59cc077c9ffd3f7adc","name":"Comunica\u00e7\u00e3o Usina CEM","image":{"@type":"ImageObject","inLanguage":"pt-BR","@id":"https:\/\/www.colorado.com.br\/nosdacem\/#\/schema\/person\/image\/","url":"https:\/\/secure.gravatar.com\/avatar\/30ab67a54f0ed2bacc1ea56b690f4962c9e3744ddbb8ba60281b2bb679ae4dd6?s=96&d=mm&r=g","contentUrl":"https:\/\/secure.gravatar.com\/avatar\/30ab67a54f0ed2bacc1ea56b690f4962c9e3744ddbb8ba60281b2bb679ae4dd6?s=96&d=mm&r=g","caption":"Comunica\u00e7\u00e3o Usina CEM"},"url":"https:\/\/www.colorado.com.br\/nosdacem\/author\/usinacem\/"}]}},"_links":{"self":[{"href":"https:\/\/www.colorado.com.br\/nosdacem\/wp-json\/wp\/v2\/posts\/1245","targetHints":{"allow":["GET"]}}],"collection":[{"href":"https:\/\/www.colorado.com.br\/nosdacem\/wp-json\/wp\/v2\/posts"}],"about":[{"href":"https:\/\/www.colorado.com.br\/nosdacem\/wp-json\/wp\/v2\/types\/post"}],"author":[{"embeddable":true,"href":"https:\/\/www.colorado.com.br\/nosdacem\/wp-json\/wp\/v2\/users\/2"}],"replies":[{"embeddable":true,"href":"https:\/\/www.colorado.com.br\/nosdacem\/wp-json\/wp\/v2\/comments?post=1245"}],"version-history":[{"count":1,"href":"https:\/\/www.colorado.com.br\/nosdacem\/wp-json\/wp\/v2\/posts\/1245\/revisions"}],"predecessor-version":[{"id":1247,"href":"https:\/\/www.colorado.com.br\/nosdacem\/wp-json\/wp\/v2\/posts\/1245\/revisions\/1247"}],"wp:featuredmedia":[{"embeddable":true,"href":"https:\/\/www.colorado.com.br\/nosdacem\/wp-json\/wp\/v2\/media\/1246"}],"wp:attachment":[{"href":"https:\/\/www.colorado.com.br\/nosdacem\/wp-json\/wp\/v2\/media?parent=1245"}],"wp:term":[{"taxonomy":"category","embeddable":true,"href":"https:\/\/www.colorado.com.br\/nosdacem\/wp-json\/wp\/v2\/categories?post=1245"},{"taxonomy":"post_tag","embeddable":true,"href":"https:\/\/www.colorado.com.br\/nosdacem\/wp-json\/wp\/v2\/tags?post=1245"}],"curies":[{"name":"wp","href":"https:\/\/api.w.org\/{rel}","templated":true}]}}