{"id":1486,"date":"2025-05-15T13:33:37","date_gmt":"2025-05-15T16:33:37","guid":{"rendered":"https:\/\/www.colorado.com.br\/nosdacem\/?p=1486"},"modified":"2025-05-15T13:33:37","modified_gmt":"2025-05-15T16:33:37","slug":"usina-cem-e-reconhecida-por-boas-praticas-na-formacao-de-jovens-aprendizes-durante-workshop-promovido-pelo-senai-e-fieg","status":"publish","type":"post","link":"https:\/\/www.colorado.com.br\/nosdacem\/usina-cem-e-reconhecida-por-boas-praticas-na-formacao-de-jovens-aprendizes-durante-workshop-promovido-pelo-senai-e-fieg\/","title":{"rendered":"Usina CEM \u00e9 reconhecida por boas pr\u00e1ticas na forma\u00e7\u00e3o de jovens aprendizes durante workshop promovido pelo SENAI e FIEG"},"content":{"rendered":"<p class=\"\" data-start=\"234\" data-end=\"698\">A Central Energ\u00e9tica Morrinhos marcou presen\u00e7a no 3\u00ba Workshop da Aprendizagem Industrial, promovido pelo SENAI e pela Federa\u00e7\u00e3o das Ind\u00fastrias do Estado de Goi\u00e1s (FIEG), realizado no dia 25 de abril de 2025, \u00e0s 15h, no Audit\u00f3rio Jo\u00e3o Bennio, na Casa da Ind\u00fastria, em Goi\u00e2nia (GO). Com o tema <strong data-start=\"526\" data-end=\"578\">&#8220;Transformando Vidas, Transformando a Ind\u00fastria&#8221;<\/strong>, o evento reuniu cerca de 100 participantes entre representantes de empresas, educadores, gestores e jovens aprendizes.<\/p>\n<p class=\"\" data-start=\"700\" data-end=\"992\">O encontro foi uma oportunidade valiosa para discutir o papel da educa\u00e7\u00e3o profissional na inser\u00e7\u00e3o de jovens no mercado de trabalho e no fortalecimento da ind\u00fastria. A iniciativa refor\u00e7a o compromisso do SENAI e da FIEG com a forma\u00e7\u00e3o de talentos e com o desenvolvimento industrial do estado.<\/p>\n<p class=\"\" data-start=\"994\" data-end=\"1340\">Durante o evento, foram premiadas empresas que se destacaram por suas boas pr\u00e1ticas na forma\u00e7\u00e3o de aprendizes ao longo de 2024. A Usina CEM foi uma das ind\u00fastrias reconhecidas pela atua\u00e7\u00e3o exemplar na capacita\u00e7\u00e3o de jovens, demonstrando seu investimento cont\u00ednuo no desenvolvimento de compet\u00eancias e no fortalecimento do setor produtivo regional.<\/p>\n<p class=\"\" data-start=\"1342\" data-end=\"1706\">A premia\u00e7\u00e3o celebra o engajamento de organiza\u00e7\u00f5es que, como a CEM, enxergam no aprendizado industrial um caminho transformador \u2014 tanto para a vida dos jovens quanto para o futuro da ind\u00fastria. Goi\u00e1s, com um \u00edndice de <strong data-start=\"1559\" data-end=\"1638\">81,4% de empregabilidade entre ex-alunos de cursos de aprendizagem do SENAI<\/strong>, se destaca nacionalmente como refer\u00eancia nesse modelo de forma\u00e7\u00e3o.<\/p>\n<p class=\"\" data-start=\"1708\" data-end=\"1938\">O workshop teve dura\u00e7\u00e3o de tr\u00eas horas e contou com a participa\u00e7\u00e3o de diversas empresas industriais da regi\u00e3o, fortalecendo a troca de experi\u00eancias e a constru\u00e7\u00e3o de solu\u00e7\u00f5es conjuntas para os desafios da qualifica\u00e7\u00e3o profissional.<\/p>\n<p data-start=\"1708\" data-end=\"1938\">\n\n\t\t<style type=\"text\/css\">\n\t\t\t#gallery-1 {\n\t\t\t\tmargin: auto;\n\t\t\t}\n\t\t\t#gallery-1 .gallery-item {\n\t\t\t\tfloat: left;\n\t\t\t\tmargin-top: 10px;\n\t\t\t\ttext-align: center;\n\t\t\t\twidth: 20%;\n\t\t\t}\n\t\t\t#gallery-1 img {\n\t\t\t\tborder: 2px solid #cfcfcf;\n\t\t\t}\n\t\t\t#gallery-1 .gallery-caption {\n\t\t\t\tmargin-left: 0;\n\t\t\t}\n\t\t\t\/* see gallery_shortcode() in wp-includes\/media.php *\/\n\t\t<\/style>\n\t\t<div id='gallery-1' class='gallery galleryid-1486 gallery-columns-5 gallery-size-thumbnail'><dl class='gallery-item'>\n\t\t\t<dt class='gallery-icon landscape'>\n\t\t\t\t<a href='https:\/\/www.colorado.com.br\/nosdacem\/wp-content\/uploads\/2025\/05\/3V3A1024.jpg'><img loading=\"lazy\" decoding=\"async\" width=\"150\" height=\"150\" src=\"https:\/\/www.colorado.com.br\/nosdacem\/wp-content\/uploads\/2025\/05\/3V3A1024-150x150.jpg\" class=\"attachment-thumbnail size-thumbnail\" alt=\"\" srcset=\"https:\/\/www.colorado.com.br\/nosdacem\/wp-content\/uploads\/2025\/05\/3V3A1024-150x150.jpg 150w, https:\/\/www.colorado.com.br\/nosdacem\/wp-content\/uploads\/2025\/05\/3V3A1024-140x140.jpg 140w, https:\/\/www.colorado.com.br\/nosdacem\/wp-content\/uploads\/2025\/05\/3V3A1024-100x100.jpg 100w, https:\/\/www.colorado.com.br\/nosdacem\/wp-content\/uploads\/2025\/05\/3V3A1024-500x500.jpg 500w, https:\/\/www.colorado.com.br\/nosdacem\/wp-content\/uploads\/2025\/05\/3V3A1024-350x350.jpg 350w, https:\/\/www.colorado.com.br\/nosdacem\/wp-content\/uploads\/2025\/05\/3V3A1024-1000x1000.jpg 1000w, https:\/\/www.colorado.com.br\/nosdacem\/wp-content\/uploads\/2025\/05\/3V3A1024-800x800.jpg 800w\" sizes=\"auto, (max-width: 150px) 100vw, 150px\" \/><\/a>\n\t\t\t<\/dt><\/dl><dl class='gallery-item'>\n\t\t\t<dt class='gallery-icon landscape'>\n\t\t\t\t<a href='https:\/\/www.colorado.com.br\/nosdacem\/wp-content\/uploads\/2025\/05\/3V3A1157.jpg'><img loading=\"lazy\" decoding=\"async\" width=\"150\" height=\"150\" src=\"https:\/\/www.colorado.com.br\/nosdacem\/wp-content\/uploads\/2025\/05\/3V3A1157-150x150.jpg\" class=\"attachment-thumbnail size-thumbnail\" alt=\"\" srcset=\"https:\/\/www.colorado.com.br\/nosdacem\/wp-content\/uploads\/2025\/05\/3V3A1157-150x150.jpg 150w, https:\/\/www.colorado.com.br\/nosdacem\/wp-content\/uploads\/2025\/05\/3V3A1157-140x140.jpg 140w, https:\/\/www.colorado.com.br\/nosdacem\/wp-content\/uploads\/2025\/05\/3V3A1157-100x100.jpg 100w, https:\/\/www.colorado.com.br\/nosdacem\/wp-content\/uploads\/2025\/05\/3V3A1157-500x500.jpg 500w, https:\/\/www.colorado.com.br\/nosdacem\/wp-content\/uploads\/2025\/05\/3V3A1157-350x350.jpg 350w, https:\/\/www.colorado.com.br\/nosdacem\/wp-content\/uploads\/2025\/05\/3V3A1157-1000x1000.jpg 1000w, https:\/\/www.colorado.com.br\/nosdacem\/wp-content\/uploads\/2025\/05\/3V3A1157-800x800.jpg 800w\" sizes=\"auto, (max-width: 150px) 100vw, 150px\" \/><\/a>\n\t\t\t<\/dt><\/dl><dl class='gallery-item'>\n\t\t\t<dt class='gallery-icon landscape'>\n\t\t\t\t<a href='https:\/\/www.colorado.com.br\/nosdacem\/wp-content\/uploads\/2025\/05\/3V3A1159.jpg'><img loading=\"lazy\" decoding=\"async\" width=\"150\" height=\"150\" src=\"https:\/\/www.colorado.com.br\/nosdacem\/wp-content\/uploads\/2025\/05\/3V3A1159-150x150.jpg\" class=\"attachment-thumbnail size-thumbnail\" alt=\"\" srcset=\"https:\/\/www.colorado.com.br\/nosdacem\/wp-content\/uploads\/2025\/05\/3V3A1159-150x150.jpg 150w, https:\/\/www.colorado.com.br\/nosdacem\/wp-content\/uploads\/2025\/05\/3V3A1159-140x140.jpg 140w, https:\/\/www.colorado.com.br\/nosdacem\/wp-content\/uploads\/2025\/05\/3V3A1159-100x100.jpg 100w, https:\/\/www.colorado.com.br\/nosdacem\/wp-content\/uploads\/2025\/05\/3V3A1159-500x500.jpg 500w, https:\/\/www.colorado.com.br\/nosdacem\/wp-content\/uploads\/2025\/05\/3V3A1159-350x350.jpg 350w, https:\/\/www.colorado.com.br\/nosdacem\/wp-content\/uploads\/2025\/05\/3V3A1159-1000x1000.jpg 1000w, https:\/\/www.colorado.com.br\/nosdacem\/wp-content\/uploads\/2025\/05\/3V3A1159-800x800.jpg 800w\" sizes=\"auto, (max-width: 150px) 100vw, 150px\" \/><\/a>\n\t\t\t<\/dt><\/dl><dl class='gallery-item'>\n\t\t\t<dt class='gallery-icon landscape'>\n\t\t\t\t<a href='https:\/\/www.colorado.com.br\/nosdacem\/wp-content\/uploads\/2025\/05\/3V3A1239.jpg'><img loading=\"lazy\" decoding=\"async\" width=\"150\" height=\"150\" src=\"https:\/\/www.colorado.com.br\/nosdacem\/wp-content\/uploads\/2025\/05\/3V3A1239-150x150.jpg\" class=\"attachment-thumbnail size-thumbnail\" alt=\"\" srcset=\"https:\/\/www.colorado.com.br\/nosdacem\/wp-content\/uploads\/2025\/05\/3V3A1239-150x150.jpg 150w, https:\/\/www.colorado.com.br\/nosdacem\/wp-content\/uploads\/2025\/05\/3V3A1239-140x140.jpg 140w, https:\/\/www.colorado.com.br\/nosdacem\/wp-content\/uploads\/2025\/05\/3V3A1239-100x100.jpg 100w, https:\/\/www.colorado.com.br\/nosdacem\/wp-content\/uploads\/2025\/05\/3V3A1239-500x500.jpg 500w, https:\/\/www.colorado.com.br\/nosdacem\/wp-content\/uploads\/2025\/05\/3V3A1239-350x350.jpg 350w, https:\/\/www.colorado.com.br\/nosdacem\/wp-content\/uploads\/2025\/05\/3V3A1239-1000x1000.jpg 1000w, https:\/\/www.colorado.com.br\/nosdacem\/wp-content\/uploads\/2025\/05\/3V3A1239-800x800.jpg 800w\" sizes=\"auto, (max-width: 150px) 100vw, 150px\" \/><\/a>\n\t\t\t<\/dt><\/dl><dl class='gallery-item'>\n\t\t\t<dt class='gallery-icon landscape'>\n\t\t\t\t<a href='https:\/\/www.colorado.com.br\/nosdacem\/wp-content\/uploads\/2025\/05\/3V3A1292.jpg'><img loading=\"lazy\" decoding=\"async\" width=\"150\" height=\"150\" src=\"https:\/\/www.colorado.com.br\/nosdacem\/wp-content\/uploads\/2025\/05\/3V3A1292-150x150.jpg\" class=\"attachment-thumbnail size-thumbnail\" alt=\"\" srcset=\"https:\/\/www.colorado.com.br\/nosdacem\/wp-content\/uploads\/2025\/05\/3V3A1292-150x150.jpg 150w, https:\/\/www.colorado.com.br\/nosdacem\/wp-content\/uploads\/2025\/05\/3V3A1292-140x140.jpg 140w, https:\/\/www.colorado.com.br\/nosdacem\/wp-content\/uploads\/2025\/05\/3V3A1292-100x100.jpg 100w, https:\/\/www.colorado.com.br\/nosdacem\/wp-content\/uploads\/2025\/05\/3V3A1292-500x500.jpg 500w, https:\/\/www.colorado.com.br\/nosdacem\/wp-content\/uploads\/2025\/05\/3V3A1292-350x350.jpg 350w, https:\/\/www.colorado.com.br\/nosdacem\/wp-content\/uploads\/2025\/05\/3V3A1292-1000x1000.jpg 1000w, https:\/\/www.colorado.com.br\/nosdacem\/wp-content\/uploads\/2025\/05\/3V3A1292-800x800.jpg 800w\" sizes=\"auto, (max-width: 150px) 100vw, 150px\" \/><\/a>\n\t\t\t<\/dt><\/dl><br style=\"clear: both\" \/><dl class='gallery-item'>\n\t\t\t<dt class='gallery-icon landscape'>\n\t\t\t\t<a href='https:\/\/www.colorado.com.br\/nosdacem\/wp-content\/uploads\/2025\/05\/3V3A1297.jpg'><img loading=\"lazy\" decoding=\"async\" width=\"150\" height=\"150\" src=\"https:\/\/www.colorado.com.br\/nosdacem\/wp-content\/uploads\/2025\/05\/3V3A1297-150x150.jpg\" class=\"attachment-thumbnail size-thumbnail\" alt=\"\" srcset=\"https:\/\/www.colorado.com.br\/nosdacem\/wp-content\/uploads\/2025\/05\/3V3A1297-150x150.jpg 150w, https:\/\/www.colorado.com.br\/nosdacem\/wp-content\/uploads\/2025\/05\/3V3A1297-140x140.jpg 140w, https:\/\/www.colorado.com.br\/nosdacem\/wp-content\/uploads\/2025\/05\/3V3A1297-100x100.jpg 100w, https:\/\/www.colorado.com.br\/nosdacem\/wp-content\/uploads\/2025\/05\/3V3A1297-500x500.jpg 500w, https:\/\/www.colorado.com.br\/nosdacem\/wp-content\/uploads\/2025\/05\/3V3A1297-350x350.jpg 350w, https:\/\/www.colorado.com.br\/nosdacem\/wp-content\/uploads\/2025\/05\/3V3A1297-1000x1000.jpg 1000w, https:\/\/www.colorado.com.br\/nosdacem\/wp-content\/uploads\/2025\/05\/3V3A1297-800x800.jpg 800w\" sizes=\"auto, (max-width: 150px) 100vw, 150px\" \/><\/a>\n\t\t\t<\/dt><\/dl><dl class='gallery-item'>\n\t\t\t<dt class='gallery-icon landscape'>\n\t\t\t\t<a href='https:\/\/www.colorado.com.br\/nosdacem\/wp-content\/uploads\/2025\/05\/3V3A1298.jpg'><img loading=\"lazy\" decoding=\"async\" width=\"150\" height=\"150\" src=\"https:\/\/www.colorado.com.br\/nosdacem\/wp-content\/uploads\/2025\/05\/3V3A1298-150x150.jpg\" class=\"attachment-thumbnail size-thumbnail\" alt=\"\" srcset=\"https:\/\/www.colorado.com.br\/nosdacem\/wp-content\/uploads\/2025\/05\/3V3A1298-150x150.jpg 150w, https:\/\/www.colorado.com.br\/nosdacem\/wp-content\/uploads\/2025\/05\/3V3A1298-140x140.jpg 140w, https:\/\/www.colorado.com.br\/nosdacem\/wp-content\/uploads\/2025\/05\/3V3A1298-100x100.jpg 100w, https:\/\/www.colorado.com.br\/nosdacem\/wp-content\/uploads\/2025\/05\/3V3A1298-500x500.jpg 500w, https:\/\/www.colorado.com.br\/nosdacem\/wp-content\/uploads\/2025\/05\/3V3A1298-350x350.jpg 350w, https:\/\/www.colorado.com.br\/nosdacem\/wp-content\/uploads\/2025\/05\/3V3A1298-1000x1000.jpg 1000w, https:\/\/www.colorado.com.br\/nosdacem\/wp-content\/uploads\/2025\/05\/3V3A1298-800x800.jpg 800w\" sizes=\"auto, (max-width: 150px) 100vw, 150px\" \/><\/a>\n\t\t\t<\/dt><\/dl><dl class='gallery-item'>\n\t\t\t<dt class='gallery-icon landscape'>\n\t\t\t\t<a href='https:\/\/www.colorado.com.br\/nosdacem\/wp-content\/uploads\/2025\/05\/3V3A1338.jpg'><img loading=\"lazy\" decoding=\"async\" width=\"150\" height=\"150\" src=\"https:\/\/www.colorado.com.br\/nosdacem\/wp-content\/uploads\/2025\/05\/3V3A1338-150x150.jpg\" class=\"attachment-thumbnail size-thumbnail\" alt=\"\" srcset=\"https:\/\/www.colorado.com.br\/nosdacem\/wp-content\/uploads\/2025\/05\/3V3A1338-150x150.jpg 150w, https:\/\/www.colorado.com.br\/nosdacem\/wp-content\/uploads\/2025\/05\/3V3A1338-140x140.jpg 140w, https:\/\/www.colorado.com.br\/nosdacem\/wp-content\/uploads\/2025\/05\/3V3A1338-100x100.jpg 100w, https:\/\/www.colorado.com.br\/nosdacem\/wp-content\/uploads\/2025\/05\/3V3A1338-500x500.jpg 500w, https:\/\/www.colorado.com.br\/nosdacem\/wp-content\/uploads\/2025\/05\/3V3A1338-350x350.jpg 350w, https:\/\/www.colorado.com.br\/nosdacem\/wp-content\/uploads\/2025\/05\/3V3A1338-1000x1000.jpg 1000w, https:\/\/www.colorado.com.br\/nosdacem\/wp-content\/uploads\/2025\/05\/3V3A1338-800x800.jpg 800w\" sizes=\"auto, (max-width: 150px) 100vw, 150px\" \/><\/a>\n\t\t\t<\/dt><\/dl><dl class='gallery-item'>\n\t\t\t<dt class='gallery-icon landscape'>\n\t\t\t\t<a href='https:\/\/www.colorado.com.br\/nosdacem\/wp-content\/uploads\/2025\/05\/3V3A1342.jpg'><img loading=\"lazy\" decoding=\"async\" width=\"150\" height=\"150\" src=\"https:\/\/www.colorado.com.br\/nosdacem\/wp-content\/uploads\/2025\/05\/3V3A1342-150x150.jpg\" class=\"attachment-thumbnail size-thumbnail\" alt=\"\" srcset=\"https:\/\/www.colorado.com.br\/nosdacem\/wp-content\/uploads\/2025\/05\/3V3A1342-150x150.jpg 150w, https:\/\/www.colorado.com.br\/nosdacem\/wp-content\/uploads\/2025\/05\/3V3A1342-140x140.jpg 140w, https:\/\/www.colorado.com.br\/nosdacem\/wp-content\/uploads\/2025\/05\/3V3A1342-100x100.jpg 100w, https:\/\/www.colorado.com.br\/nosdacem\/wp-content\/uploads\/2025\/05\/3V3A1342-500x500.jpg 500w, https:\/\/www.colorado.com.br\/nosdacem\/wp-content\/uploads\/2025\/05\/3V3A1342-350x350.jpg 350w, https:\/\/www.colorado.com.br\/nosdacem\/wp-content\/uploads\/2025\/05\/3V3A1342-1000x1000.jpg 1000w, https:\/\/www.colorado.com.br\/nosdacem\/wp-content\/uploads\/2025\/05\/3V3A1342-800x800.jpg 800w\" sizes=\"auto, (max-width: 150px) 100vw, 150px\" \/><\/a>\n\t\t\t<\/dt><\/dl><dl class='gallery-item'>\n\t\t\t<dt class='gallery-icon landscape'>\n\t\t\t\t<a href='https:\/\/www.colorado.com.br\/nosdacem\/wp-content\/uploads\/2025\/05\/3V3A1345.jpg'><img loading=\"lazy\" decoding=\"async\" width=\"150\" height=\"150\" src=\"https:\/\/www.colorado.com.br\/nosdacem\/wp-content\/uploads\/2025\/05\/3V3A1345-150x150.jpg\" class=\"attachment-thumbnail size-thumbnail\" alt=\"\" srcset=\"https:\/\/www.colorado.com.br\/nosdacem\/wp-content\/uploads\/2025\/05\/3V3A1345-150x150.jpg 150w, https:\/\/www.colorado.com.br\/nosdacem\/wp-content\/uploads\/2025\/05\/3V3A1345-140x140.jpg 140w, https:\/\/www.colorado.com.br\/nosdacem\/wp-content\/uploads\/2025\/05\/3V3A1345-100x100.jpg 100w, https:\/\/www.colorado.com.br\/nosdacem\/wp-content\/uploads\/2025\/05\/3V3A1345-500x500.jpg 500w, https:\/\/www.colorado.com.br\/nosdacem\/wp-content\/uploads\/2025\/05\/3V3A1345-350x350.jpg 350w, https:\/\/www.colorado.com.br\/nosdacem\/wp-content\/uploads\/2025\/05\/3V3A1345-1000x1000.jpg 1000w, https:\/\/www.colorado.com.br\/nosdacem\/wp-content\/uploads\/2025\/05\/3V3A1345-800x800.jpg 800w\" sizes=\"auto, (max-width: 150px) 100vw, 150px\" \/><\/a>\n\t\t\t<\/dt><\/dl><br style=\"clear: both\" \/><dl class='gallery-item'>\n\t\t\t<dt class='gallery-icon landscape'>\n\t\t\t\t<a href='https:\/\/www.colorado.com.br\/nosdacem\/wp-content\/uploads\/2025\/05\/3V3A1351.jpg'><img loading=\"lazy\" decoding=\"async\" width=\"150\" height=\"150\" src=\"https:\/\/www.colorado.com.br\/nosdacem\/wp-content\/uploads\/2025\/05\/3V3A1351-150x150.jpg\" class=\"attachment-thumbnail size-thumbnail\" alt=\"\" srcset=\"https:\/\/www.colorado.com.br\/nosdacem\/wp-content\/uploads\/2025\/05\/3V3A1351-150x150.jpg 150w, https:\/\/www.colorado.com.br\/nosdacem\/wp-content\/uploads\/2025\/05\/3V3A1351-140x140.jpg 140w, https:\/\/www.colorado.com.br\/nosdacem\/wp-content\/uploads\/2025\/05\/3V3A1351-100x100.jpg 100w, https:\/\/www.colorado.com.br\/nosdacem\/wp-content\/uploads\/2025\/05\/3V3A1351-500x500.jpg 500w, https:\/\/www.colorado.com.br\/nosdacem\/wp-content\/uploads\/2025\/05\/3V3A1351-350x350.jpg 350w, https:\/\/www.colorado.com.br\/nosdacem\/wp-content\/uploads\/2025\/05\/3V3A1351-1000x1000.jpg 1000w, https:\/\/www.colorado.com.br\/nosdacem\/wp-content\/uploads\/2025\/05\/3V3A1351-800x800.jpg 800w\" sizes=\"auto, (max-width: 150px) 100vw, 150px\" \/><\/a>\n\t\t\t<\/dt><\/dl><dl class='gallery-item'>\n\t\t\t<dt class='gallery-icon landscape'>\n\t\t\t\t<a href='https:\/\/www.colorado.com.br\/nosdacem\/wp-content\/uploads\/2025\/05\/3V3A1354.jpg'><img loading=\"lazy\" decoding=\"async\" width=\"150\" height=\"150\" src=\"https:\/\/www.colorado.com.br\/nosdacem\/wp-content\/uploads\/2025\/05\/3V3A1354-150x150.jpg\" class=\"attachment-thumbnail size-thumbnail\" alt=\"\" srcset=\"https:\/\/www.colorado.com.br\/nosdacem\/wp-content\/uploads\/2025\/05\/3V3A1354-150x150.jpg 150w, https:\/\/www.colorado.com.br\/nosdacem\/wp-content\/uploads\/2025\/05\/3V3A1354-140x140.jpg 140w, https:\/\/www.colorado.com.br\/nosdacem\/wp-content\/uploads\/2025\/05\/3V3A1354-100x100.jpg 100w, https:\/\/www.colorado.com.br\/nosdacem\/wp-content\/uploads\/2025\/05\/3V3A1354-500x500.jpg 500w, https:\/\/www.colorado.com.br\/nosdacem\/wp-content\/uploads\/2025\/05\/3V3A1354-350x350.jpg 350w, https:\/\/www.colorado.com.br\/nosdacem\/wp-content\/uploads\/2025\/05\/3V3A1354-1000x1000.jpg 1000w, https:\/\/www.colorado.com.br\/nosdacem\/wp-content\/uploads\/2025\/05\/3V3A1354-800x800.jpg 800w\" sizes=\"auto, (max-width: 150px) 100vw, 150px\" \/><\/a>\n\t\t\t<\/dt><\/dl><dl class='gallery-item'>\n\t\t\t<dt class='gallery-icon landscape'>\n\t\t\t\t<a href='https:\/\/www.colorado.com.br\/nosdacem\/wp-content\/uploads\/2025\/05\/DSC09564.jpg'><img loading=\"lazy\" decoding=\"async\" width=\"150\" height=\"150\" src=\"https:\/\/www.colorado.com.br\/nosdacem\/wp-content\/uploads\/2025\/05\/DSC09564-150x150.jpg\" class=\"attachment-thumbnail size-thumbnail\" alt=\"\" srcset=\"https:\/\/www.colorado.com.br\/nosdacem\/wp-content\/uploads\/2025\/05\/DSC09564-150x150.jpg 150w, https:\/\/www.colorado.com.br\/nosdacem\/wp-content\/uploads\/2025\/05\/DSC09564-140x140.jpg 140w, https:\/\/www.colorado.com.br\/nosdacem\/wp-content\/uploads\/2025\/05\/DSC09564-100x100.jpg 100w, https:\/\/www.colorado.com.br\/nosdacem\/wp-content\/uploads\/2025\/05\/DSC09564-500x500.jpg 500w, https:\/\/www.colorado.com.br\/nosdacem\/wp-content\/uploads\/2025\/05\/DSC09564-350x350.jpg 350w, https:\/\/www.colorado.com.br\/nosdacem\/wp-content\/uploads\/2025\/05\/DSC09564-1000x1000.jpg 1000w, https:\/\/www.colorado.com.br\/nosdacem\/wp-content\/uploads\/2025\/05\/DSC09564-800x800.jpg 800w\" sizes=\"auto, (max-width: 150px) 100vw, 150px\" \/><\/a>\n\t\t\t<\/dt><\/dl><dl class='gallery-item'>\n\t\t\t<dt class='gallery-icon landscape'>\n\t\t\t\t<a href='https:\/\/www.colorado.com.br\/nosdacem\/wp-content\/uploads\/2025\/05\/DSC09618.jpg'><img loading=\"lazy\" decoding=\"async\" width=\"150\" height=\"150\" src=\"https:\/\/www.colorado.com.br\/nosdacem\/wp-content\/uploads\/2025\/05\/DSC09618-150x150.jpg\" class=\"attachment-thumbnail size-thumbnail\" alt=\"\" srcset=\"https:\/\/www.colorado.com.br\/nosdacem\/wp-content\/uploads\/2025\/05\/DSC09618-150x150.jpg 150w, https:\/\/www.colorado.com.br\/nosdacem\/wp-content\/uploads\/2025\/05\/DSC09618-140x140.jpg 140w, https:\/\/www.colorado.com.br\/nosdacem\/wp-content\/uploads\/2025\/05\/DSC09618-100x100.jpg 100w, https:\/\/www.colorado.com.br\/nosdacem\/wp-content\/uploads\/2025\/05\/DSC09618-500x500.jpg 500w, https:\/\/www.colorado.com.br\/nosdacem\/wp-content\/uploads\/2025\/05\/DSC09618-350x350.jpg 350w, https:\/\/www.colorado.com.br\/nosdacem\/wp-content\/uploads\/2025\/05\/DSC09618-1000x1000.jpg 1000w, https:\/\/www.colorado.com.br\/nosdacem\/wp-content\/uploads\/2025\/05\/DSC09618-800x800.jpg 800w\" sizes=\"auto, (max-width: 150px) 100vw, 150px\" \/><\/a>\n\t\t\t<\/dt><\/dl><dl class='gallery-item'>\n\t\t\t<dt class='gallery-icon landscape'>\n\t\t\t\t<a href='https:\/\/www.colorado.com.br\/nosdacem\/wp-content\/uploads\/2025\/05\/DSC09652.jpg'><img loading=\"lazy\" decoding=\"async\" width=\"150\" height=\"150\" src=\"https:\/\/www.colorado.com.br\/nosdacem\/wp-content\/uploads\/2025\/05\/DSC09652-150x150.jpg\" class=\"attachment-thumbnail size-thumbnail\" alt=\"\" srcset=\"https:\/\/www.colorado.com.br\/nosdacem\/wp-content\/uploads\/2025\/05\/DSC09652-150x150.jpg 150w, https:\/\/www.colorado.com.br\/nosdacem\/wp-content\/uploads\/2025\/05\/DSC09652-140x140.jpg 140w, https:\/\/www.colorado.com.br\/nosdacem\/wp-content\/uploads\/2025\/05\/DSC09652-100x100.jpg 100w, https:\/\/www.colorado.com.br\/nosdacem\/wp-content\/uploads\/2025\/05\/DSC09652-500x500.jpg 500w, https:\/\/www.colorado.com.br\/nosdacem\/wp-content\/uploads\/2025\/05\/DSC09652-350x350.jpg 350w, https:\/\/www.colorado.com.br\/nosdacem\/wp-content\/uploads\/2025\/05\/DSC09652-1000x1000.jpg 1000w, https:\/\/www.colorado.com.br\/nosdacem\/wp-content\/uploads\/2025\/05\/DSC09652-800x800.jpg 800w\" sizes=\"auto, (max-width: 150px) 100vw, 150px\" \/><\/a>\n\t\t\t<\/dt><\/dl><br style=\"clear: both\" \/><dl class='gallery-item'>\n\t\t\t<dt class='gallery-icon landscape'>\n\t\t\t\t<a href='https:\/\/www.colorado.com.br\/nosdacem\/wp-content\/uploads\/2025\/05\/DSC09672.jpg'><img loading=\"lazy\" decoding=\"async\" width=\"150\" height=\"150\" src=\"https:\/\/www.colorado.com.br\/nosdacem\/wp-content\/uploads\/2025\/05\/DSC09672-150x150.jpg\" class=\"attachment-thumbnail size-thumbnail\" alt=\"\" srcset=\"https:\/\/www.colorado.com.br\/nosdacem\/wp-content\/uploads\/2025\/05\/DSC09672-150x150.jpg 150w, https:\/\/www.colorado.com.br\/nosdacem\/wp-content\/uploads\/2025\/05\/DSC09672-140x140.jpg 140w, https:\/\/www.colorado.com.br\/nosdacem\/wp-content\/uploads\/2025\/05\/DSC09672-100x100.jpg 100w, https:\/\/www.colorado.com.br\/nosdacem\/wp-content\/uploads\/2025\/05\/DSC09672-500x500.jpg 500w, https:\/\/www.colorado.com.br\/nosdacem\/wp-content\/uploads\/2025\/05\/DSC09672-350x350.jpg 350w, https:\/\/www.colorado.com.br\/nosdacem\/wp-content\/uploads\/2025\/05\/DSC09672-1000x1000.jpg 1000w, https:\/\/www.colorado.com.br\/nosdacem\/wp-content\/uploads\/2025\/05\/DSC09672-800x800.jpg 800w\" sizes=\"auto, (max-width: 150px) 100vw, 150px\" \/><\/a>\n\t\t\t<\/dt><\/dl><dl class='gallery-item'>\n\t\t\t<dt class='gallery-icon portrait'>\n\t\t\t\t<a href='https:\/\/www.colorado.com.br\/nosdacem\/wp-content\/uploads\/2025\/05\/IMG_20250425_174846-scaled.jpg'><img loading=\"lazy\" decoding=\"async\" width=\"150\" height=\"150\" src=\"https:\/\/www.colorado.com.br\/nosdacem\/wp-content\/uploads\/2025\/05\/IMG_20250425_174846-150x150.jpg\" class=\"attachment-thumbnail size-thumbnail\" alt=\"\" srcset=\"https:\/\/www.colorado.com.br\/nosdacem\/wp-content\/uploads\/2025\/05\/IMG_20250425_174846-150x150.jpg 150w, https:\/\/www.colorado.com.br\/nosdacem\/wp-content\/uploads\/2025\/05\/IMG_20250425_174846-140x140.jpg 140w, https:\/\/www.colorado.com.br\/nosdacem\/wp-content\/uploads\/2025\/05\/IMG_20250425_174846-100x100.jpg 100w, https:\/\/www.colorado.com.br\/nosdacem\/wp-content\/uploads\/2025\/05\/IMG_20250425_174846-500x500.jpg 500w, https:\/\/www.colorado.com.br\/nosdacem\/wp-content\/uploads\/2025\/05\/IMG_20250425_174846-350x350.jpg 350w, https:\/\/www.colorado.com.br\/nosdacem\/wp-content\/uploads\/2025\/05\/IMG_20250425_174846-1000x1000.jpg 1000w, https:\/\/www.colorado.com.br\/nosdacem\/wp-content\/uploads\/2025\/05\/IMG_20250425_174846-800x800.jpg 800w\" sizes=\"auto, (max-width: 150px) 100vw, 150px\" \/><\/a>\n\t\t\t<\/dt><\/dl><dl class='gallery-item'>\n\t\t\t<dt class='gallery-icon portrait'>\n\t\t\t\t<a href='https:\/\/www.colorado.com.br\/nosdacem\/wp-content\/uploads\/2025\/05\/WhatsApp-Image-2025-04-28-at-13.22.29.jpeg'><img loading=\"lazy\" decoding=\"async\" width=\"150\" height=\"150\" src=\"https:\/\/www.colorado.com.br\/nosdacem\/wp-content\/uploads\/2025\/05\/WhatsApp-Image-2025-04-28-at-13.22.29-150x150.jpeg\" class=\"attachment-thumbnail size-thumbnail\" alt=\"\" srcset=\"https:\/\/www.colorado.com.br\/nosdacem\/wp-content\/uploads\/2025\/05\/WhatsApp-Image-2025-04-28-at-13.22.29-150x150.jpeg 150w, https:\/\/www.colorado.com.br\/nosdacem\/wp-content\/uploads\/2025\/05\/WhatsApp-Image-2025-04-28-at-13.22.29-140x140.jpeg 140w, https:\/\/www.colorado.com.br\/nosdacem\/wp-content\/uploads\/2025\/05\/WhatsApp-Image-2025-04-28-at-13.22.29-100x100.jpeg 100w, https:\/\/www.colorado.com.br\/nosdacem\/wp-content\/uploads\/2025\/05\/WhatsApp-Image-2025-04-28-at-13.22.29-500x500.jpeg 500w, https:\/\/www.colorado.com.br\/nosdacem\/wp-content\/uploads\/2025\/05\/WhatsApp-Image-2025-04-28-at-13.22.29-350x350.jpeg 350w, https:\/\/www.colorado.com.br\/nosdacem\/wp-content\/uploads\/2025\/05\/WhatsApp-Image-2025-04-28-at-13.22.29-800x800.jpeg 800w\" sizes=\"auto, (max-width: 150px) 100vw, 150px\" \/><\/a>\n\t\t\t<\/dt><\/dl>\n\t\t\t<br style='clear: both' \/>\n\t\t<\/div>\n\n","protected":false},"excerpt":{"rendered":"<p>A Central Energ\u00e9tica Morrinhos marcou presen\u00e7a no 3\u00ba Workshop da Aprendizagem Industrial, promovido pelo SENAI e pela Federa\u00e7\u00e3o das Ind\u00fastrias do Estado de Goi\u00e1s (FIEG), realizado no dia 25 de&#8230;<\/p>\n","protected":false},"author":2,"featured_media":1493,"comment_status":"closed","ping_status":"open","sticky":false,"template":"","format":"standard","meta":{"footnotes":""},"categories":[5],"tags":[],"class_list":{"0":"post-1486","1":"post","2":"type-post","3":"status-publish","4":"format-standard","5":"has-post-thumbnail","7":"category-acontece-na-cem"},"yoast_head":"<!-- This site is optimized with the Yoast SEO plugin v22.8 - https:\/\/yoast.com\/wordpress\/plugins\/seo\/ -->\n<title>Usina CEM \u00e9 reconhecida por boas pr\u00e1ticas na forma\u00e7\u00e3o de jovens aprendizes durante workshop promovido pelo SENAI e FIEG - N\u00f3s da CEM - Grupo Colorado<\/title>\n<meta name=\"robots\" content=\"index, follow, max-snippet:-1, max-image-preview:large, max-video-preview:-1\" \/>\n<link rel=\"canonical\" href=\"https:\/\/www.colorado.com.br\/nosdacem\/usina-cem-e-reconhecida-por-boas-praticas-na-formacao-de-jovens-aprendizes-durante-workshop-promovido-pelo-senai-e-fieg\/\" \/>\n<meta property=\"og:locale\" content=\"pt_BR\" \/>\n<meta property=\"og:type\" content=\"article\" \/>\n<meta property=\"og:title\" content=\"Usina CEM \u00e9 reconhecida por boas pr\u00e1ticas na forma\u00e7\u00e3o de jovens aprendizes durante workshop promovido pelo SENAI e FIEG - N\u00f3s da CEM - Grupo Colorado\" \/>\n<meta property=\"og:description\" content=\"A Central Energ\u00e9tica Morrinhos marcou presen\u00e7a no 3\u00ba Workshop da Aprendizagem Industrial, promovido pelo SENAI e pela Federa\u00e7\u00e3o das Ind\u00fastrias do Estado de Goi\u00e1s (FIEG), realizado no dia 25 de...\" \/>\n<meta property=\"og:url\" content=\"https:\/\/www.colorado.com.br\/nosdacem\/usina-cem-e-reconhecida-por-boas-praticas-na-formacao-de-jovens-aprendizes-durante-workshop-promovido-pelo-senai-e-fieg\/\" \/>\n<meta property=\"og:site_name\" content=\"N\u00f3s da CEM - Grupo Colorado\" \/>\n<meta property=\"article:published_time\" content=\"2025-05-15T16:33:37+00:00\" \/>\n<meta property=\"og:image\" content=\"https:\/\/www.colorado.com.br\/nosdacem\/wp-content\/uploads\/2025\/05\/3V3A1298.jpg\" \/>\n\t<meta property=\"og:image:width\" content=\"2048\" \/>\n\t<meta property=\"og:image:height\" content=\"1365\" \/>\n\t<meta property=\"og:image:type\" content=\"image\/jpeg\" \/>\n<meta name=\"author\" content=\"Comunica\u00e7\u00e3o Usina CEM\" \/>\n<meta name=\"twitter:card\" content=\"summary_large_image\" \/>\n<meta name=\"twitter:label1\" content=\"Escrito por\" \/>\n\t<meta name=\"twitter:data1\" content=\"Comunica\u00e7\u00e3o Usina CEM\" \/>\n\t<meta name=\"twitter:label2\" content=\"Est. tempo de leitura\" \/>\n\t<meta name=\"twitter:data2\" content=\"2 minutos\" \/>\n<script type=\"application\/ld+json\" class=\"yoast-schema-graph\">{\"@context\":\"https:\/\/schema.org\",\"@graph\":[{\"@type\":\"WebPage\",\"@id\":\"https:\/\/www.colorado.com.br\/nosdacem\/usina-cem-e-reconhecida-por-boas-praticas-na-formacao-de-jovens-aprendizes-durante-workshop-promovido-pelo-senai-e-fieg\/\",\"url\":\"https:\/\/www.colorado.com.br\/nosdacem\/usina-cem-e-reconhecida-por-boas-praticas-na-formacao-de-jovens-aprendizes-durante-workshop-promovido-pelo-senai-e-fieg\/\",\"name\":\"Usina CEM \u00e9 reconhecida por boas pr\u00e1ticas na forma\u00e7\u00e3o de jovens aprendizes durante workshop promovido pelo SENAI e FIEG - N\u00f3s da CEM - Grupo Colorado\",\"isPartOf\":{\"@id\":\"https:\/\/www.colorado.com.br\/nosdacem\/#website\"},\"primaryImageOfPage\":{\"@id\":\"https:\/\/www.colorado.com.br\/nosdacem\/usina-cem-e-reconhecida-por-boas-praticas-na-formacao-de-jovens-aprendizes-durante-workshop-promovido-pelo-senai-e-fieg\/#primaryimage\"},\"image\":{\"@id\":\"https:\/\/www.colorado.com.br\/nosdacem\/usina-cem-e-reconhecida-por-boas-praticas-na-formacao-de-jovens-aprendizes-durante-workshop-promovido-pelo-senai-e-fieg\/#primaryimage\"},\"thumbnailUrl\":\"https:\/\/www.colorado.com.br\/nosdacem\/wp-content\/uploads\/2025\/05\/3V3A1298.jpg\",\"datePublished\":\"2025-05-15T16:33:37+00:00\",\"dateModified\":\"2025-05-15T16:33:37+00:00\",\"author\":{\"@id\":\"https:\/\/www.colorado.com.br\/nosdacem\/#\/schema\/person\/3726a40dd5ef4d59cc077c9ffd3f7adc\"},\"breadcrumb\":{\"@id\":\"https:\/\/www.colorado.com.br\/nosdacem\/usina-cem-e-reconhecida-por-boas-praticas-na-formacao-de-jovens-aprendizes-durante-workshop-promovido-pelo-senai-e-fieg\/#breadcrumb\"},\"inLanguage\":\"pt-BR\",\"potentialAction\":[{\"@type\":\"ReadAction\",\"target\":[\"https:\/\/www.colorado.com.br\/nosdacem\/usina-cem-e-reconhecida-por-boas-praticas-na-formacao-de-jovens-aprendizes-durante-workshop-promovido-pelo-senai-e-fieg\/\"]}]},{\"@type\":\"ImageObject\",\"inLanguage\":\"pt-BR\",\"@id\":\"https:\/\/www.colorado.com.br\/nosdacem\/usina-cem-e-reconhecida-por-boas-praticas-na-formacao-de-jovens-aprendizes-durante-workshop-promovido-pelo-senai-e-fieg\/#primaryimage\",\"url\":\"https:\/\/www.colorado.com.br\/nosdacem\/wp-content\/uploads\/2025\/05\/3V3A1298.jpg\",\"contentUrl\":\"https:\/\/www.colorado.com.br\/nosdacem\/wp-content\/uploads\/2025\/05\/3V3A1298.jpg\",\"width\":2048,\"height\":1365},{\"@type\":\"BreadcrumbList\",\"@id\":\"https:\/\/www.colorado.com.br\/nosdacem\/usina-cem-e-reconhecida-por-boas-praticas-na-formacao-de-jovens-aprendizes-durante-workshop-promovido-pelo-senai-e-fieg\/#breadcrumb\",\"itemListElement\":[{\"@type\":\"ListItem\",\"position\":1,\"name\":\"In\u00edcio\",\"item\":\"https:\/\/www.colorado.com.br\/nosdacem\/\"},{\"@type\":\"ListItem\",\"position\":2,\"name\":\"Usina CEM \u00e9 reconhecida por boas pr\u00e1ticas na forma\u00e7\u00e3o de jovens aprendizes durante workshop promovido pelo SENAI e FIEG\"}]},{\"@type\":\"WebSite\",\"@id\":\"https:\/\/www.colorado.com.br\/nosdacem\/#website\",\"url\":\"https:\/\/www.colorado.com.br\/nosdacem\/\",\"name\":\"N\u00f3s da CEM - Grupo Colorado\",\"description\":\"\",\"potentialAction\":[{\"@type\":\"SearchAction\",\"target\":{\"@type\":\"EntryPoint\",\"urlTemplate\":\"https:\/\/www.colorado.com.br\/nosdacem\/?s={search_term_string}\"},\"query-input\":\"required name=search_term_string\"}],\"inLanguage\":\"pt-BR\"},{\"@type\":\"Person\",\"@id\":\"https:\/\/www.colorado.com.br\/nosdacem\/#\/schema\/person\/3726a40dd5ef4d59cc077c9ffd3f7adc\",\"name\":\"Comunica\u00e7\u00e3o Usina CEM\",\"image\":{\"@type\":\"ImageObject\",\"inLanguage\":\"pt-BR\",\"@id\":\"https:\/\/www.colorado.com.br\/nosdacem\/#\/schema\/person\/image\/\",\"url\":\"https:\/\/secure.gravatar.com\/avatar\/30ab67a54f0ed2bacc1ea56b690f4962c9e3744ddbb8ba60281b2bb679ae4dd6?s=96&d=mm&r=g\",\"contentUrl\":\"https:\/\/secure.gravatar.com\/avatar\/30ab67a54f0ed2bacc1ea56b690f4962c9e3744ddbb8ba60281b2bb679ae4dd6?s=96&d=mm&r=g\",\"caption\":\"Comunica\u00e7\u00e3o Usina CEM\"},\"url\":\"https:\/\/www.colorado.com.br\/nosdacem\/author\/usinacem\/\"}]}<\/script>\n<!-- \/ Yoast SEO plugin. -->","yoast_head_json":{"title":"Usina CEM \u00e9 reconhecida por boas pr\u00e1ticas na forma\u00e7\u00e3o de jovens aprendizes durante workshop promovido pelo SENAI e FIEG - N\u00f3s da CEM - Grupo Colorado","robots":{"index":"index","follow":"follow","max-snippet":"max-snippet:-1","max-image-preview":"max-image-preview:large","max-video-preview":"max-video-preview:-1"},"canonical":"https:\/\/www.colorado.com.br\/nosdacem\/usina-cem-e-reconhecida-por-boas-praticas-na-formacao-de-jovens-aprendizes-durante-workshop-promovido-pelo-senai-e-fieg\/","og_locale":"pt_BR","og_type":"article","og_title":"Usina CEM \u00e9 reconhecida por boas pr\u00e1ticas na forma\u00e7\u00e3o de jovens aprendizes durante workshop promovido pelo SENAI e FIEG - N\u00f3s da CEM - Grupo Colorado","og_description":"A Central Energ\u00e9tica Morrinhos marcou presen\u00e7a no 3\u00ba Workshop da Aprendizagem Industrial, promovido pelo SENAI e pela Federa\u00e7\u00e3o das Ind\u00fastrias do Estado de Goi\u00e1s (FIEG), realizado no dia 25 de...","og_url":"https:\/\/www.colorado.com.br\/nosdacem\/usina-cem-e-reconhecida-por-boas-praticas-na-formacao-de-jovens-aprendizes-durante-workshop-promovido-pelo-senai-e-fieg\/","og_site_name":"N\u00f3s da CEM - Grupo Colorado","article_published_time":"2025-05-15T16:33:37+00:00","og_image":[{"width":2048,"height":1365,"url":"https:\/\/www.colorado.com.br\/nosdacem\/wp-content\/uploads\/2025\/05\/3V3A1298.jpg","type":"image\/jpeg"}],"author":"Comunica\u00e7\u00e3o Usina CEM","twitter_card":"summary_large_image","twitter_misc":{"Escrito por":"Comunica\u00e7\u00e3o Usina CEM","Est. tempo de leitura":"2 minutos"},"schema":{"@context":"https:\/\/schema.org","@graph":[{"@type":"WebPage","@id":"https:\/\/www.colorado.com.br\/nosdacem\/usina-cem-e-reconhecida-por-boas-praticas-na-formacao-de-jovens-aprendizes-durante-workshop-promovido-pelo-senai-e-fieg\/","url":"https:\/\/www.colorado.com.br\/nosdacem\/usina-cem-e-reconhecida-por-boas-praticas-na-formacao-de-jovens-aprendizes-durante-workshop-promovido-pelo-senai-e-fieg\/","name":"Usina CEM \u00e9 reconhecida por boas pr\u00e1ticas na forma\u00e7\u00e3o de jovens aprendizes durante workshop promovido pelo SENAI e FIEG - N\u00f3s da CEM - Grupo Colorado","isPartOf":{"@id":"https:\/\/www.colorado.com.br\/nosdacem\/#website"},"primaryImageOfPage":{"@id":"https:\/\/www.colorado.com.br\/nosdacem\/usina-cem-e-reconhecida-por-boas-praticas-na-formacao-de-jovens-aprendizes-durante-workshop-promovido-pelo-senai-e-fieg\/#primaryimage"},"image":{"@id":"https:\/\/www.colorado.com.br\/nosdacem\/usina-cem-e-reconhecida-por-boas-praticas-na-formacao-de-jovens-aprendizes-durante-workshop-promovido-pelo-senai-e-fieg\/#primaryimage"},"thumbnailUrl":"https:\/\/www.colorado.com.br\/nosdacem\/wp-content\/uploads\/2025\/05\/3V3A1298.jpg","datePublished":"2025-05-15T16:33:37+00:00","dateModified":"2025-05-15T16:33:37+00:00","author":{"@id":"https:\/\/www.colorado.com.br\/nosdacem\/#\/schema\/person\/3726a40dd5ef4d59cc077c9ffd3f7adc"},"breadcrumb":{"@id":"https:\/\/www.colorado.com.br\/nosdacem\/usina-cem-e-reconhecida-por-boas-praticas-na-formacao-de-jovens-aprendizes-durante-workshop-promovido-pelo-senai-e-fieg\/#breadcrumb"},"inLanguage":"pt-BR","potentialAction":[{"@type":"ReadAction","target":["https:\/\/www.colorado.com.br\/nosdacem\/usina-cem-e-reconhecida-por-boas-praticas-na-formacao-de-jovens-aprendizes-durante-workshop-promovido-pelo-senai-e-fieg\/"]}]},{"@type":"ImageObject","inLanguage":"pt-BR","@id":"https:\/\/www.colorado.com.br\/nosdacem\/usina-cem-e-reconhecida-por-boas-praticas-na-formacao-de-jovens-aprendizes-durante-workshop-promovido-pelo-senai-e-fieg\/#primaryimage","url":"https:\/\/www.colorado.com.br\/nosdacem\/wp-content\/uploads\/2025\/05\/3V3A1298.jpg","contentUrl":"https:\/\/www.colorado.com.br\/nosdacem\/wp-content\/uploads\/2025\/05\/3V3A1298.jpg","width":2048,"height":1365},{"@type":"BreadcrumbList","@id":"https:\/\/www.colorado.com.br\/nosdacem\/usina-cem-e-reconhecida-por-boas-praticas-na-formacao-de-jovens-aprendizes-durante-workshop-promovido-pelo-senai-e-fieg\/#breadcrumb","itemListElement":[{"@type":"ListItem","position":1,"name":"In\u00edcio","item":"https:\/\/www.colorado.com.br\/nosdacem\/"},{"@type":"ListItem","position":2,"name":"Usina CEM \u00e9 reconhecida por boas pr\u00e1ticas na forma\u00e7\u00e3o de jovens aprendizes durante workshop promovido pelo SENAI e FIEG"}]},{"@type":"WebSite","@id":"https:\/\/www.colorado.com.br\/nosdacem\/#website","url":"https:\/\/www.colorado.com.br\/nosdacem\/","name":"N\u00f3s da CEM - Grupo Colorado","description":"","potentialAction":[{"@type":"SearchAction","target":{"@type":"EntryPoint","urlTemplate":"https:\/\/www.colorado.com.br\/nosdacem\/?s={search_term_string}"},"query-input":"required name=search_term_string"}],"inLanguage":"pt-BR"},{"@type":"Person","@id":"https:\/\/www.colorado.com.br\/nosdacem\/#\/schema\/person\/3726a40dd5ef4d59cc077c9ffd3f7adc","name":"Comunica\u00e7\u00e3o Usina CEM","image":{"@type":"ImageObject","inLanguage":"pt-BR","@id":"https:\/\/www.colorado.com.br\/nosdacem\/#\/schema\/person\/image\/","url":"https:\/\/secure.gravatar.com\/avatar\/30ab67a54f0ed2bacc1ea56b690f4962c9e3744ddbb8ba60281b2bb679ae4dd6?s=96&d=mm&r=g","contentUrl":"https:\/\/secure.gravatar.com\/avatar\/30ab67a54f0ed2bacc1ea56b690f4962c9e3744ddbb8ba60281b2bb679ae4dd6?s=96&d=mm&r=g","caption":"Comunica\u00e7\u00e3o Usina CEM"},"url":"https:\/\/www.colorado.com.br\/nosdacem\/author\/usinacem\/"}]}},"_links":{"self":[{"href":"https:\/\/www.colorado.com.br\/nosdacem\/wp-json\/wp\/v2\/posts\/1486","targetHints":{"allow":["GET"]}}],"collection":[{"href":"https:\/\/www.colorado.com.br\/nosdacem\/wp-json\/wp\/v2\/posts"}],"about":[{"href":"https:\/\/www.colorado.com.br\/nosdacem\/wp-json\/wp\/v2\/types\/post"}],"author":[{"embeddable":true,"href":"https:\/\/www.colorado.com.br\/nosdacem\/wp-json\/wp\/v2\/users\/2"}],"replies":[{"embeddable":true,"href":"https:\/\/www.colorado.com.br\/nosdacem\/wp-json\/wp\/v2\/comments?post=1486"}],"version-history":[{"count":1,"href":"https:\/\/www.colorado.com.br\/nosdacem\/wp-json\/wp\/v2\/posts\/1486\/revisions"}],"predecessor-version":[{"id":1505,"href":"https:\/\/www.colorado.com.br\/nosdacem\/wp-json\/wp\/v2\/posts\/1486\/revisions\/1505"}],"wp:featuredmedia":[{"embeddable":true,"href":"https:\/\/www.colorado.com.br\/nosdacem\/wp-json\/wp\/v2\/media\/1493"}],"wp:attachment":[{"href":"https:\/\/www.colorado.com.br\/nosdacem\/wp-json\/wp\/v2\/media?parent=1486"}],"wp:term":[{"taxonomy":"category","embeddable":true,"href":"https:\/\/www.colorado.com.br\/nosdacem\/wp-json\/wp\/v2\/categories?post=1486"},{"taxonomy":"post_tag","embeddable":true,"href":"https:\/\/www.colorado.com.br\/nosdacem\/wp-json\/wp\/v2\/tags?post=1486"}],"curies":[{"name":"wp","href":"https:\/\/api.w.org\/{rel}","templated":true}]}}