{"id":589,"date":"2024-09-17T07:18:41","date_gmt":"2024-09-17T10:18:41","guid":{"rendered":"https:\/\/www.colorado.com.br\/nosdacem\/?p=589"},"modified":"2024-09-17T07:18:41","modified_gmt":"2024-09-17T10:18:41","slug":"resistencia-a-antibioticos-pode-causar-mais-de-39-milhoes-de-mortes-ate-2050-aponta-estudo","status":"publish","type":"post","link":"https:\/\/www.colorado.com.br\/nosdacem\/resistencia-a-antibioticos-pode-causar-mais-de-39-milhoes-de-mortes-ate-2050-aponta-estudo\/","title":{"rendered":"Resist\u00eancia a antibi\u00f3ticos pode causar mais de 39 milh\u00f5es de mortes at\u00e9 2050, aponta estudo"},"content":{"rendered":"<div class=\"row content-head mc-column non-featured \">\n<div class=\"medium-centered subtitle\">\n<h2 class=\"content-head__subtitle\">Pesquisa publicada na revista cient\u00edfica The Lancet mostra que as mortes causadas pelo Staphylococcus aureus s\u00e3o as que mais aumentaram no mundo nas \u00faltimas tr\u00eas d\u00e9cadas.<\/h2>\n<\/div>\n<\/div>\n<div class=\"content__signa-share mc-column\">\n<div class=\"content__signature\">\n<div class=\"content-publication-data\">\n<div class=\"content-publication-data__logo\"><a href=\"http:\/\/www.afp.com\/\" target=\"_blank\" rel=\"noopener\"><img decoding=\"async\" class=\"i-amphtml-fill-content i-amphtml-replaced-content\" src=\"https:\/\/s2-g1.glbimg.com\/mv_g7jbXR2hmnC_EIF1_ZqHm8LY=\/48x48\/smart\/filters:strip_icc()\/s2.glbimg.com\/YuEQYLEcHzL7bYhq-LsbrSETa1I%3D\/200x0\/filters%3Aquality%2870%29\/i.s3.glbimg.com\/v1\/AUTH_59edd422c0c84a879bd37670ae4f538a\/internal_photos\/bs\/2016\/u\/m\/YinC1dTfaRBfJqyUe7aQ\/afp-150x150.jpg\" alt=\"TOPO\" \/><\/a><\/div>\n<div class=\"content-publication-data__text\">\n<p class=\"content-publication-data__from\" title=\"France Presse\" data-mrf-recirculation=\"Autor\">Por France Presse<\/p>\n<div class=\"mc-article-header\">\n<div class=\"glb-share-bar content__share-bar\">\n<div class=\"glb-share-bar_icons\">\n<div class=\"glb-share-bar_button-img\"><\/div>\n<div class=\"glb-share-bar_button-img\"><\/div>\n<\/div>\n<\/div>\n<\/div>\n<div class=\"mc-article-body\">\n<article>\n<div id=\"chunk-hl16\">\n<div class=\"row medium-uncollapsed content-media content-photo\" data-block-type=\"backstage-photo\" data-block-id=\"1\">\n<div class=\" mc-column  content-media__container\">\n<div class=\"content-media-container glb-skeleton-box\">\n<figure class=\"content-media-figure\"><img decoding=\"async\" class=\"i-amphtml-fill-content i-amphtml-replaced-content\" src=\"https:\/\/s2-g1.glbimg.com\/dGIuaenfVjPSgZn2jWXrjTBXpT8=\/0x0:800x450\/984x0\/smart\/filters:strip_icc()\/i.s3.glbimg.com\/v1\/AUTH_59edd422c0c84a879bd37670ae4f538a\/internal_photos\/bs\/2021\/1\/Q\/MpDDpARvySreV15JwAcQ\/89736115-89736111.jpg\" sizes=\"(max-width: 1745px) 818px, 100vw\" srcset=\"https:\/\/s2-g1.glbimg.com\/Yd6rE9057DnEltk0AgL7MGxTf4M=\/0x0:800x450\/1000x0\/smart\/filters:strip_icc()\/i.s3.glbimg.com\/v1\/AUTH_59edd422c0c84a879bd37670ae4f538a\/internal_photos\/bs\/2021\/1\/Q\/MpDDpARvySreV15JwAcQ\/89736115-89736111.jpg 1000w, https:\/\/s2-g1.glbimg.com\/dGIuaenfVjPSgZn2jWXrjTBXpT8=\/0x0:800x450\/984x0\/smart\/filters:strip_icc()\/i.s3.glbimg.com\/v1\/AUTH_59edd422c0c84a879bd37670ae4f538a\/internal_photos\/bs\/2021\/1\/Q\/MpDDpARvySreV15JwAcQ\/89736115-89736111.jpg 984w, https:\/\/s2-g1.glbimg.com\/NmBBzXIWgMPgQokRY_O-yH7-V38=\/0x0:800x450\/640x0\/smart\/filters:strip_icc()\/i.s3.glbimg.com\/v1\/AUTH_59edd422c0c84a879bd37670ae4f538a\/internal_photos\/bs\/2021\/1\/Q\/MpDDpARvySreV15JwAcQ\/89736115-89736111.jpg 640w, https:\/\/s2-g1.glbimg.com\/3PS8gax-WJZ8Rg-M5wdS5dElOfQ=\/0x0:800x450\/600x0\/smart\/filters:strip_icc()\/i.s3.glbimg.com\/v1\/AUTH_59edd422c0c84a879bd37670ae4f538a\/internal_photos\/bs\/2021\/1\/Q\/MpDDpARvySreV15JwAcQ\/89736115-89736111.jpg 600w\" alt=\"Resist\u00eancia a antibi\u00f3ticos aumentou nos \u00faltimos anos. \u2014 Foto: Science Photo Library\" \/><\/figure>\n<\/div>\n<p class=\"content-media__description  \">Resist\u00eancia a antibi\u00f3ticos aumentou nos \u00faltimos anos. \u2014 Foto: Science Photo Library<\/p>\n<\/div>\n<\/div>\n<\/div>\n<div id=\"chunk-8mred\">\n<div class=\"mc-column content-text active-extra-styles \" data-block-type=\"unstyled\" data-block-weight=\"45\" data-block-id=\"2\">\n<p class=\" content-text__container \" data-track-category=\"Link no Texto\" data-track-links=\"\" data-mrf-recirculation=\"Article links\"><strong>Mais de 39 milh\u00f5es de pessoas<\/strong>\u00a0em todo o mundo podem morrer diretamente devido a\u00a0<strong>infec\u00e7\u00f5es resistentes aos antibi\u00f3ticos nos pr\u00f3ximos 25 anos<\/strong>. Isso \u00e9 o que aponta<strong>\u00a0<\/strong>um estudo publicado nesta segunda-feira (16) na revista cient\u00edfica The Lancet, que considera poss\u00edvel evitar essa trag\u00e9dia.<\/p>\n<\/div>\n<\/div>\n<div class=\"wall protected-content\">\n<div id=\"chunk-2o4f7\">\n<div class=\"mc-column content-text active-extra-styles \" data-block-type=\"unstyled\" data-block-weight=\"20\" data-block-id=\"4\">\n<p class=\" content-text__container \" data-track-category=\"Link no Texto\" data-track-links=\"\" data-mrf-recirculation=\"Article links\">Espera-se que a\u00a0<a class=\"\" href=\"https:\/\/g1.globo.com\/saude\/noticia\/2022\/01\/20\/as-infeccoes-resistentes-a-antibioticos-que-matam-milhoes.ghtml\" data-mrf-link=\"https:\/\/g1.globo.com\/saude\/noticia\/2022\/01\/20\/as-infeccoes-resistentes-a-antibioticos-que-matam-milhoes.ghtml\">resist\u00eancia aos antibi\u00f3tico<\/a>s, reconhecida como um grande desafio de sa\u00fade p\u00fablica, se agrave nos pr\u00f3ximos anos.<\/p>\n<\/div>\n<\/div>\n<div id=\"chunk-3m9fv\">\n<div class=\"mc-column content-text active-extra-styles \" data-block-type=\"unstyled\" data-block-weight=\"18\" data-block-id=\"5\">\n<p class=\" content-text__container \" data-track-category=\"Link no Texto\" data-track-links=\"\" data-mrf-recirculation=\"Article links\"><strong><\/strong>Esse fen\u00f4meno ocorre quando\u00a0<strong>bact\u00e9rias ou outros pat\u00f3genos sofrem altera\u00e7\u00f5es\u00a0<\/strong>que os impedem de responder aos tratamentos antimicrobianos.<\/p>\n<\/div>\n<\/div>\n<div id=\"chunk-ep2lv\">\n<div class=\"mc-column content-text active-extra-styles \" data-block-type=\"unstyled\" data-block-weight=\"21\" data-block-id=\"6\">\n<p class=\" content-text__container \" data-track-category=\"Link no Texto\" data-track-links=\"\" data-mrf-recirculation=\"Article links\">O estudo avalia, pela primeira vez, o<strong>\u00a0impacto da resist\u00eancia aos antibi\u00f3ticos ao longo do tempo<\/strong>\u00a0e tenta calcular sua evolu\u00e7\u00e3o.<\/p>\n<\/div>\n<\/div>\n<div id=\"chunk-3eg1c\">\n<div class=\"mc-column content-text active-extra-styles \" data-block-type=\"unstyled\" data-block-weight=\"28\" data-block-id=\"8\">\n<p class=\" content-text__container \" data-track-category=\"Link no Texto\" data-track-links=\"\" data-mrf-recirculation=\"Article links\">De 1990 a 2021, mais de um milh\u00e3o de pessoas em todo o mundo morreram a cada ano devido \u00e0 resist\u00eancia aos antibi\u00f3ticos, de acordo com os autores.<\/p>\n<\/div>\n<\/div>\n<div id=\"chunk-421np\">\n<div class=\"mc-column content-text active-extra-styles \" data-block-type=\"unstyled\" data-block-weight=\"34\" data-block-id=\"9\">\n<p class=\" content-text__container \" data-track-category=\"Link no Texto\" data-track-links=\"\" data-mrf-recirculation=\"Article links\">Os pesquisadores analisaram 22 pat\u00f3genos, 84 combina\u00e7\u00f5es entre pat\u00f3genos e tratamentos, 11 s\u00edndromes infecciosas em pessoas de todas as idades em 204 pa\u00edses e territ\u00f3rios, com base em dados de 520 milh\u00f5es de pessoas.<\/p>\n<\/div>\n<\/div>\n<div id=\"chunk-9vqmm\">\n<div class=\"mc-column content-text active-extra-styles \" data-block-type=\"unstyled\" data-block-weight=\"36\" data-block-id=\"10\">\n<p class=\" content-text__container \" data-track-category=\"Link no Texto\" data-track-links=\"\" data-mrf-recirculation=\"Article links\">As<strong>\u00a0mortes de crian\u00e7as menores de cinco anos<\/strong>\u00a0diretamente causadas pela resist\u00eancia aos antibi\u00f3ticos\u00a0<span class=\"highlight highlighted\">diminu\u00edram em mais de 50% em tr\u00eas d\u00e9cadas<\/span>, pois a preven\u00e7\u00e3o e o controle das infec\u00e7\u00f5es melhoraram em beb\u00eas e crian\u00e7as pequenas.<\/p>\n<\/div>\n<\/div>\n<div id=\"chunk-9t8jb\">\n<div class=\"mc-column content-text active-extra-styles \" data-block-type=\"unstyled\" data-block-weight=\"32\" data-block-id=\"11\">\n<p class=\" content-text__container \" data-track-category=\"Link no Texto\" data-track-links=\"\" data-mrf-recirculation=\"Article links\">No entanto, as\u00a0<strong>mortes de adultos com 70 anos ou mais aumentaram em mais de 80%\u00a0<\/strong>nesse per\u00edodo, devido ao r\u00e1pido envelhecimento da popula\u00e7\u00e3o e \u00e0 maior vulnerabilidade dos idosos \u00e0s infec\u00e7\u00f5es.<\/p>\n<\/div>\n<\/div>\n<div id=\"chunk-cqumm\">\n<div class=\"mc-column content-text active-extra-styles \" data-block-type=\"unstyled\" data-block-weight=\"17\" data-block-id=\"12\">\n<p class=\" content-text__container \" data-track-category=\"Link no Texto\" data-track-links=\"\" data-mrf-recirculation=\"Article links\">Em rela\u00e7\u00e3o aos pat\u00f3genos, as\u00a0<a class=\"\" href=\"https:\/\/g1.globo.com\/saude\/noticia\/2024\/07\/12\/viloes-da-contaminacao-quais-sao-os-microrganismos-prejudiciais-a-saude-mais-comuns-no-dia-a-dia.ghtml\" data-mrf-link=\"https:\/\/g1.globo.com\/saude\/noticia\/2024\/07\/12\/viloes-da-contaminacao-quais-sao-os-microrganismos-prejudiciais-a-saude-mais-comuns-no-dia-a-dia.ghtml\">mortes causadas pelo Staphylococcus aureus<\/a>\u00a0s\u00e3o as que mais aumentaram no mundo.<\/p>\n<\/div>\n<\/div>\n<div id=\"chunk-2ftuj\">\n<div class=\"mc-column content-text active-extra-styles \" data-block-type=\"unstyled\" data-block-weight=\"13\" data-block-id=\"13\">\n<p class=\" content-text__container \" data-track-category=\"Link no Texto\" data-track-links=\"\" data-mrf-recirculation=\"Article links\">Nas pr\u00f3ximas d\u00e9cadas, as mortes provocadas pela resist\u00eancia aos antibi\u00f3ticos crescer\u00e3o ainda mais.<\/p>\n<\/div>\n<\/div>\n<div id=\"chunk-p18j\">\n<div class=\"mc-column content-text active-extra-styles \" data-block-type=\"unstyled\" data-block-weight=\"30\" data-block-id=\"14\">\n<p class=\" content-text__container \" data-track-category=\"Link no Texto\" data-track-links=\"\" data-mrf-recirculation=\"Article links\">O n\u00famero de v\u00edtimas diretas pode chegar a 1,9 milh\u00e3o anual em todo o mundo at\u00e9 2050, um<strong>\u00a0aumento de 67% em rela\u00e7\u00e3o a 2021<\/strong>, segundo as proje\u00e7\u00f5es dos pesquisadores.<\/p>\n<\/div>\n<\/div>\n<div id=\"chunk-5hqgf\">\n<div class=\"mc-column content-text active-extra-styles \" data-block-type=\"unstyled\" data-block-weight=\"35\" data-block-id=\"15\">\n<p class=\" content-text__container \" data-track-category=\"Link no Texto\" data-track-links=\"\" data-mrf-recirculation=\"Article links\">De acordo com os cientistas, a\u00a0<strong>resist\u00eancia aos antibi\u00f3ticos<\/strong>\u00a0pode causar diretamente mais de 39 milh\u00f5es de mortes no mundo e estar<strong>\u00a0associada a 169 milh\u00f5es de \u00f3bitos entre os anos de 2025 e 2050<\/strong>.<\/p>\n<\/div>\n<\/div>\n<div id=\"chunk-97ki6\">\n<div class=\"mc-column content-text active-extra-styles \" data-block-type=\"unstyled\" data-block-weight=\"35\" data-block-id=\"17\">\n<p class=\" content-text__container \" data-track-category=\"Link no Texto\" data-track-links=\"\" data-mrf-recirculation=\"Article links\">Com um melhor tratamento das infec\u00e7\u00f5es e acesso a antibi\u00f3ticos, seria\u00a0<strong>poss\u00edvel evitar 92 milh\u00f5es de mortes no mundo durante esse per\u00edodo<\/strong>, especialmente no sudeste asi\u00e1tico e na \u00c1frica subsaariana, segundo os autores do estudo.<\/p>\n<\/div>\n<\/div>\n<\/div>\n<\/article>\n<\/div>\n<\/div>\n<\/div>\n<\/div>\n<\/div>\n","protected":false},"excerpt":{"rendered":"<p>Pesquisa publicada na revista cient\u00edfica The Lancet mostra que as mortes causadas pelo Staphylococcus aureus s\u00e3o as que mais aumentaram no mundo nas \u00faltimas tr\u00eas d\u00e9cadas. Por France Presse Resist\u00eancia&#8230;<\/p>\n","protected":false},"author":2,"featured_media":590,"comment_status":"closed","ping_status":"open","sticky":false,"template":"","format":"standard","meta":{"footnotes":""},"categories":[7],"tags":[],"class_list":{"0":"post-589","1":"post","2":"type-post","3":"status-publish","4":"format-standard","5":"has-post-thumbnail","7":"category-atualidade"},"yoast_head":"<!-- This site is optimized with the Yoast SEO plugin v22.8 - https:\/\/yoast.com\/wordpress\/plugins\/seo\/ -->\n<title>Resist\u00eancia a antibi\u00f3ticos pode causar mais de 39 milh\u00f5es de mortes at\u00e9 2050, aponta estudo - N\u00f3s da CEM - Grupo Colorado<\/title>\n<meta name=\"robots\" content=\"index, follow, max-snippet:-1, max-image-preview:large, max-video-preview:-1\" \/>\n<link rel=\"canonical\" href=\"https:\/\/www.colorado.com.br\/nosdacem\/resistencia-a-antibioticos-pode-causar-mais-de-39-milhoes-de-mortes-ate-2050-aponta-estudo\/\" \/>\n<meta property=\"og:locale\" content=\"pt_BR\" \/>\n<meta property=\"og:type\" content=\"article\" \/>\n<meta property=\"og:title\" content=\"Resist\u00eancia a antibi\u00f3ticos pode causar mais de 39 milh\u00f5es de mortes at\u00e9 2050, aponta estudo - N\u00f3s da CEM - Grupo Colorado\" \/>\n<meta property=\"og:description\" content=\"Pesquisa publicada na revista cient\u00edfica The Lancet mostra que as mortes causadas pelo Staphylococcus aureus s\u00e3o as que mais aumentaram no mundo nas \u00faltimas tr\u00eas d\u00e9cadas. Por France Presse Resist\u00eancia...\" \/>\n<meta property=\"og:url\" content=\"https:\/\/www.colorado.com.br\/nosdacem\/resistencia-a-antibioticos-pode-causar-mais-de-39-milhoes-de-mortes-ate-2050-aponta-estudo\/\" \/>\n<meta property=\"og:site_name\" content=\"N\u00f3s da CEM - Grupo Colorado\" \/>\n<meta property=\"article:published_time\" content=\"2024-09-17T10:18:41+00:00\" \/>\n<meta property=\"og:image\" content=\"https:\/\/www.colorado.com.br\/nosdacem\/wp-content\/uploads\/2024\/09\/antibiotico.png\" \/>\n\t<meta property=\"og:image:width\" content=\"1000\" \/>\n\t<meta property=\"og:image:height\" content=\"562\" \/>\n\t<meta property=\"og:image:type\" content=\"image\/png\" \/>\n<meta name=\"author\" content=\"Comunica\u00e7\u00e3o Usina CEM\" \/>\n<meta name=\"twitter:card\" content=\"summary_large_image\" \/>\n<meta name=\"twitter:label1\" content=\"Escrito por\" \/>\n\t<meta name=\"twitter:data1\" content=\"Comunica\u00e7\u00e3o Usina CEM\" \/>\n\t<meta name=\"twitter:label2\" content=\"Est. tempo de leitura\" \/>\n\t<meta name=\"twitter:data2\" content=\"3 minutos\" \/>\n<script type=\"application\/ld+json\" class=\"yoast-schema-graph\">{\"@context\":\"https:\/\/schema.org\",\"@graph\":[{\"@type\":\"WebPage\",\"@id\":\"https:\/\/www.colorado.com.br\/nosdacem\/resistencia-a-antibioticos-pode-causar-mais-de-39-milhoes-de-mortes-ate-2050-aponta-estudo\/\",\"url\":\"https:\/\/www.colorado.com.br\/nosdacem\/resistencia-a-antibioticos-pode-causar-mais-de-39-milhoes-de-mortes-ate-2050-aponta-estudo\/\",\"name\":\"Resist\u00eancia a antibi\u00f3ticos pode causar mais de 39 milh\u00f5es de mortes at\u00e9 2050, aponta estudo - N\u00f3s da CEM - Grupo Colorado\",\"isPartOf\":{\"@id\":\"https:\/\/www.colorado.com.br\/nosdacem\/#website\"},\"primaryImageOfPage\":{\"@id\":\"https:\/\/www.colorado.com.br\/nosdacem\/resistencia-a-antibioticos-pode-causar-mais-de-39-milhoes-de-mortes-ate-2050-aponta-estudo\/#primaryimage\"},\"image\":{\"@id\":\"https:\/\/www.colorado.com.br\/nosdacem\/resistencia-a-antibioticos-pode-causar-mais-de-39-milhoes-de-mortes-ate-2050-aponta-estudo\/#primaryimage\"},\"thumbnailUrl\":\"https:\/\/www.colorado.com.br\/nosdacem\/wp-content\/uploads\/2024\/09\/antibiotico.png\",\"datePublished\":\"2024-09-17T10:18:41+00:00\",\"dateModified\":\"2024-09-17T10:18:41+00:00\",\"author\":{\"@id\":\"https:\/\/www.colorado.com.br\/nosdacem\/#\/schema\/person\/3726a40dd5ef4d59cc077c9ffd3f7adc\"},\"breadcrumb\":{\"@id\":\"https:\/\/www.colorado.com.br\/nosdacem\/resistencia-a-antibioticos-pode-causar-mais-de-39-milhoes-de-mortes-ate-2050-aponta-estudo\/#breadcrumb\"},\"inLanguage\":\"pt-BR\",\"potentialAction\":[{\"@type\":\"ReadAction\",\"target\":[\"https:\/\/www.colorado.com.br\/nosdacem\/resistencia-a-antibioticos-pode-causar-mais-de-39-milhoes-de-mortes-ate-2050-aponta-estudo\/\"]}]},{\"@type\":\"ImageObject\",\"inLanguage\":\"pt-BR\",\"@id\":\"https:\/\/www.colorado.com.br\/nosdacem\/resistencia-a-antibioticos-pode-causar-mais-de-39-milhoes-de-mortes-ate-2050-aponta-estudo\/#primaryimage\",\"url\":\"https:\/\/www.colorado.com.br\/nosdacem\/wp-content\/uploads\/2024\/09\/antibiotico.png\",\"contentUrl\":\"https:\/\/www.colorado.com.br\/nosdacem\/wp-content\/uploads\/2024\/09\/antibiotico.png\",\"width\":1000,\"height\":562},{\"@type\":\"BreadcrumbList\",\"@id\":\"https:\/\/www.colorado.com.br\/nosdacem\/resistencia-a-antibioticos-pode-causar-mais-de-39-milhoes-de-mortes-ate-2050-aponta-estudo\/#breadcrumb\",\"itemListElement\":[{\"@type\":\"ListItem\",\"position\":1,\"name\":\"In\u00edcio\",\"item\":\"https:\/\/www.colorado.com.br\/nosdacem\/\"},{\"@type\":\"ListItem\",\"position\":2,\"name\":\"Resist\u00eancia a antibi\u00f3ticos pode causar mais de 39 milh\u00f5es de mortes at\u00e9 2050, aponta estudo\"}]},{\"@type\":\"WebSite\",\"@id\":\"https:\/\/www.colorado.com.br\/nosdacem\/#website\",\"url\":\"https:\/\/www.colorado.com.br\/nosdacem\/\",\"name\":\"N\u00f3s da CEM - Grupo Colorado\",\"description\":\"\",\"potentialAction\":[{\"@type\":\"SearchAction\",\"target\":{\"@type\":\"EntryPoint\",\"urlTemplate\":\"https:\/\/www.colorado.com.br\/nosdacem\/?s={search_term_string}\"},\"query-input\":\"required name=search_term_string\"}],\"inLanguage\":\"pt-BR\"},{\"@type\":\"Person\",\"@id\":\"https:\/\/www.colorado.com.br\/nosdacem\/#\/schema\/person\/3726a40dd5ef4d59cc077c9ffd3f7adc\",\"name\":\"Comunica\u00e7\u00e3o Usina CEM\",\"image\":{\"@type\":\"ImageObject\",\"inLanguage\":\"pt-BR\",\"@id\":\"https:\/\/www.colorado.com.br\/nosdacem\/#\/schema\/person\/image\/\",\"url\":\"https:\/\/secure.gravatar.com\/avatar\/30ab67a54f0ed2bacc1ea56b690f4962c9e3744ddbb8ba60281b2bb679ae4dd6?s=96&d=mm&r=g\",\"contentUrl\":\"https:\/\/secure.gravatar.com\/avatar\/30ab67a54f0ed2bacc1ea56b690f4962c9e3744ddbb8ba60281b2bb679ae4dd6?s=96&d=mm&r=g\",\"caption\":\"Comunica\u00e7\u00e3o Usina CEM\"},\"url\":\"https:\/\/www.colorado.com.br\/nosdacem\/author\/usinacem\/\"}]}<\/script>\n<!-- \/ Yoast SEO plugin. -->","yoast_head_json":{"title":"Resist\u00eancia a antibi\u00f3ticos pode causar mais de 39 milh\u00f5es de mortes at\u00e9 2050, aponta estudo - N\u00f3s da CEM - Grupo Colorado","robots":{"index":"index","follow":"follow","max-snippet":"max-snippet:-1","max-image-preview":"max-image-preview:large","max-video-preview":"max-video-preview:-1"},"canonical":"https:\/\/www.colorado.com.br\/nosdacem\/resistencia-a-antibioticos-pode-causar-mais-de-39-milhoes-de-mortes-ate-2050-aponta-estudo\/","og_locale":"pt_BR","og_type":"article","og_title":"Resist\u00eancia a antibi\u00f3ticos pode causar mais de 39 milh\u00f5es de mortes at\u00e9 2050, aponta estudo - N\u00f3s da CEM - Grupo Colorado","og_description":"Pesquisa publicada na revista cient\u00edfica The Lancet mostra que as mortes causadas pelo Staphylococcus aureus s\u00e3o as que mais aumentaram no mundo nas \u00faltimas tr\u00eas d\u00e9cadas. Por France Presse Resist\u00eancia...","og_url":"https:\/\/www.colorado.com.br\/nosdacem\/resistencia-a-antibioticos-pode-causar-mais-de-39-milhoes-de-mortes-ate-2050-aponta-estudo\/","og_site_name":"N\u00f3s da CEM - Grupo Colorado","article_published_time":"2024-09-17T10:18:41+00:00","og_image":[{"width":1000,"height":562,"url":"https:\/\/www.colorado.com.br\/nosdacem\/wp-content\/uploads\/2024\/09\/antibiotico.png","type":"image\/png"}],"author":"Comunica\u00e7\u00e3o Usina CEM","twitter_card":"summary_large_image","twitter_misc":{"Escrito por":"Comunica\u00e7\u00e3o Usina CEM","Est. tempo de leitura":"3 minutos"},"schema":{"@context":"https:\/\/schema.org","@graph":[{"@type":"WebPage","@id":"https:\/\/www.colorado.com.br\/nosdacem\/resistencia-a-antibioticos-pode-causar-mais-de-39-milhoes-de-mortes-ate-2050-aponta-estudo\/","url":"https:\/\/www.colorado.com.br\/nosdacem\/resistencia-a-antibioticos-pode-causar-mais-de-39-milhoes-de-mortes-ate-2050-aponta-estudo\/","name":"Resist\u00eancia a antibi\u00f3ticos pode causar mais de 39 milh\u00f5es de mortes at\u00e9 2050, aponta estudo - N\u00f3s da CEM - Grupo Colorado","isPartOf":{"@id":"https:\/\/www.colorado.com.br\/nosdacem\/#website"},"primaryImageOfPage":{"@id":"https:\/\/www.colorado.com.br\/nosdacem\/resistencia-a-antibioticos-pode-causar-mais-de-39-milhoes-de-mortes-ate-2050-aponta-estudo\/#primaryimage"},"image":{"@id":"https:\/\/www.colorado.com.br\/nosdacem\/resistencia-a-antibioticos-pode-causar-mais-de-39-milhoes-de-mortes-ate-2050-aponta-estudo\/#primaryimage"},"thumbnailUrl":"https:\/\/www.colorado.com.br\/nosdacem\/wp-content\/uploads\/2024\/09\/antibiotico.png","datePublished":"2024-09-17T10:18:41+00:00","dateModified":"2024-09-17T10:18:41+00:00","author":{"@id":"https:\/\/www.colorado.com.br\/nosdacem\/#\/schema\/person\/3726a40dd5ef4d59cc077c9ffd3f7adc"},"breadcrumb":{"@id":"https:\/\/www.colorado.com.br\/nosdacem\/resistencia-a-antibioticos-pode-causar-mais-de-39-milhoes-de-mortes-ate-2050-aponta-estudo\/#breadcrumb"},"inLanguage":"pt-BR","potentialAction":[{"@type":"ReadAction","target":["https:\/\/www.colorado.com.br\/nosdacem\/resistencia-a-antibioticos-pode-causar-mais-de-39-milhoes-de-mortes-ate-2050-aponta-estudo\/"]}]},{"@type":"ImageObject","inLanguage":"pt-BR","@id":"https:\/\/www.colorado.com.br\/nosdacem\/resistencia-a-antibioticos-pode-causar-mais-de-39-milhoes-de-mortes-ate-2050-aponta-estudo\/#primaryimage","url":"https:\/\/www.colorado.com.br\/nosdacem\/wp-content\/uploads\/2024\/09\/antibiotico.png","contentUrl":"https:\/\/www.colorado.com.br\/nosdacem\/wp-content\/uploads\/2024\/09\/antibiotico.png","width":1000,"height":562},{"@type":"BreadcrumbList","@id":"https:\/\/www.colorado.com.br\/nosdacem\/resistencia-a-antibioticos-pode-causar-mais-de-39-milhoes-de-mortes-ate-2050-aponta-estudo\/#breadcrumb","itemListElement":[{"@type":"ListItem","position":1,"name":"In\u00edcio","item":"https:\/\/www.colorado.com.br\/nosdacem\/"},{"@type":"ListItem","position":2,"name":"Resist\u00eancia a antibi\u00f3ticos pode causar mais de 39 milh\u00f5es de mortes at\u00e9 2050, aponta estudo"}]},{"@type":"WebSite","@id":"https:\/\/www.colorado.com.br\/nosdacem\/#website","url":"https:\/\/www.colorado.com.br\/nosdacem\/","name":"N\u00f3s da CEM - Grupo Colorado","description":"","potentialAction":[{"@type":"SearchAction","target":{"@type":"EntryPoint","urlTemplate":"https:\/\/www.colorado.com.br\/nosdacem\/?s={search_term_string}"},"query-input":"required name=search_term_string"}],"inLanguage":"pt-BR"},{"@type":"Person","@id":"https:\/\/www.colorado.com.br\/nosdacem\/#\/schema\/person\/3726a40dd5ef4d59cc077c9ffd3f7adc","name":"Comunica\u00e7\u00e3o Usina CEM","image":{"@type":"ImageObject","inLanguage":"pt-BR","@id":"https:\/\/www.colorado.com.br\/nosdacem\/#\/schema\/person\/image\/","url":"https:\/\/secure.gravatar.com\/avatar\/30ab67a54f0ed2bacc1ea56b690f4962c9e3744ddbb8ba60281b2bb679ae4dd6?s=96&d=mm&r=g","contentUrl":"https:\/\/secure.gravatar.com\/avatar\/30ab67a54f0ed2bacc1ea56b690f4962c9e3744ddbb8ba60281b2bb679ae4dd6?s=96&d=mm&r=g","caption":"Comunica\u00e7\u00e3o Usina CEM"},"url":"https:\/\/www.colorado.com.br\/nosdacem\/author\/usinacem\/"}]}},"_links":{"self":[{"href":"https:\/\/www.colorado.com.br\/nosdacem\/wp-json\/wp\/v2\/posts\/589","targetHints":{"allow":["GET"]}}],"collection":[{"href":"https:\/\/www.colorado.com.br\/nosdacem\/wp-json\/wp\/v2\/posts"}],"about":[{"href":"https:\/\/www.colorado.com.br\/nosdacem\/wp-json\/wp\/v2\/types\/post"}],"author":[{"embeddable":true,"href":"https:\/\/www.colorado.com.br\/nosdacem\/wp-json\/wp\/v2\/users\/2"}],"replies":[{"embeddable":true,"href":"https:\/\/www.colorado.com.br\/nosdacem\/wp-json\/wp\/v2\/comments?post=589"}],"version-history":[{"count":1,"href":"https:\/\/www.colorado.com.br\/nosdacem\/wp-json\/wp\/v2\/posts\/589\/revisions"}],"predecessor-version":[{"id":591,"href":"https:\/\/www.colorado.com.br\/nosdacem\/wp-json\/wp\/v2\/posts\/589\/revisions\/591"}],"wp:featuredmedia":[{"embeddable":true,"href":"https:\/\/www.colorado.com.br\/nosdacem\/wp-json\/wp\/v2\/media\/590"}],"wp:attachment":[{"href":"https:\/\/www.colorado.com.br\/nosdacem\/wp-json\/wp\/v2\/media?parent=589"}],"wp:term":[{"taxonomy":"category","embeddable":true,"href":"https:\/\/www.colorado.com.br\/nosdacem\/wp-json\/wp\/v2\/categories?post=589"},{"taxonomy":"post_tag","embeddable":true,"href":"https:\/\/www.colorado.com.br\/nosdacem\/wp-json\/wp\/v2\/tags?post=589"}],"curies":[{"name":"wp","href":"https:\/\/api.w.org\/{rel}","templated":true}]}}