{"id":681,"date":"2024-10-12T14:59:55","date_gmt":"2024-10-12T17:59:55","guid":{"rendered":"https:\/\/www.colorado.com.br\/nosdacem\/?p=681"},"modified":"2024-11-05T15:09:49","modified_gmt":"2024-11-05T18:09:49","slug":"usina-cem-realiza-treinamento-sobre-novas-normas-de-licenciamento-ambiental-para-lideres","status":"publish","type":"post","link":"https:\/\/www.colorado.com.br\/nosdacem\/usina-cem-realiza-treinamento-sobre-novas-normas-de-licenciamento-ambiental-para-lideres\/","title":{"rendered":"Usina CEM realiza treinamento sobre novas normas de licenciamento ambiental para l\u00edderes"},"content":{"rendered":"<div class=\"flex max-w-full flex-col flex-grow\">\n<div class=\"min-h-8 text-message flex w-full flex-col items-end gap-2 whitespace-normal break-words [.text-message+&amp;]:mt-5\" dir=\"auto\" data-message-author-role=\"assistant\" data-message-id=\"451808da-6669-4d27-b0a9-57957ba42c3a\" data-message-model-slug=\"gpt-4o\">\n<div class=\"flex w-full flex-col gap-1 empty:hidden first:pt-[3px]\">\n<div class=\"markdown prose w-full break-words dark:prose-invert light\">\n<p>Em 11 de outubro de 2024, a Usina CEM promoveu um importante treinamento sobre licenciamento ambiental para 15 l\u00edderes da empresa. O evento ocorreu na sala de treinamento ao lado do refeit\u00f3rio e foi conduzido pela equipe da empresa L\u00f3tus, de Itumbiara. O objetivo foi esclarecer as atualiza\u00e7\u00f5es na legisla\u00e7\u00e3o ambiental de Goi\u00e1s, capacitando os participantes a seguir as normas e pr\u00e1ticas sustent\u00e1veis exigidas pela nova regulamenta\u00e7\u00e3o.<\/p>\n<p>O treinamento abordou a nova classifica\u00e7\u00e3o de empreendimentos segundo porte e potencial poluidor, destacando o processo mais \u00e1gil da licen\u00e7a \u00fanica e os par\u00e2metros ajustados para atividades de menor impacto. Os especialistas da L\u00f3tus detalharam as exig\u00eancias legais e orientaram os l\u00edderes sobre como implementar e monitorar as normas de forma a assegurar a sustentabilidade ambiental. Al\u00e9m da apresenta\u00e7\u00e3o, o encontro foi uma oportunidade para os participantes tirarem d\u00favidas e discutirem sobre como adaptar as opera\u00e7\u00f5es da usina \u00e0s novas diretrizes ambientais, que buscam equilibrar o desenvolvimento econ\u00f4mico com a preserva\u00e7\u00e3o dos recursos naturais.<\/p>\n<p>Com essa iniciativa, a Usina CEM refor\u00e7a seu compromisso com a conformidade ambiental, preparando sua equipe para pr\u00e1ticas respons\u00e1veis que visam a preserva\u00e7\u00e3o do meio ambiente e o respeito \u00e0s normas vigentes.<\/p>\n<\/div>\n\n\t\t<style type=\"text\/css\">\n\t\t\t#gallery-1 {\n\t\t\t\tmargin: auto;\n\t\t\t}\n\t\t\t#gallery-1 .gallery-item {\n\t\t\t\tfloat: left;\n\t\t\t\tmargin-top: 10px;\n\t\t\t\ttext-align: center;\n\t\t\t\twidth: 16%;\n\t\t\t}\n\t\t\t#gallery-1 img {\n\t\t\t\tborder: 2px solid #cfcfcf;\n\t\t\t}\n\t\t\t#gallery-1 .gallery-caption {\n\t\t\t\tmargin-left: 0;\n\t\t\t}\n\t\t\t\/* see gallery_shortcode() in wp-includes\/media.php *\/\n\t\t<\/style>\n\t\t<div id='gallery-1' class='gallery galleryid-681 gallery-columns-6 gallery-size-thumbnail'><dl class='gallery-item'>\n\t\t\t<dt class='gallery-icon landscape'>\n\t\t\t\t<a href='https:\/\/www.colorado.com.br\/nosdacem\/wp-content\/uploads\/2024\/11\/IMG_20241011_090208.jpg'><img loading=\"lazy\" decoding=\"async\" width=\"150\" height=\"150\" src=\"https:\/\/www.colorado.com.br\/nosdacem\/wp-content\/uploads\/2024\/11\/IMG_20241011_090208-150x150.jpg\" class=\"attachment-thumbnail size-thumbnail\" alt=\"\" srcset=\"https:\/\/www.colorado.com.br\/nosdacem\/wp-content\/uploads\/2024\/11\/IMG_20241011_090208-150x150.jpg 150w, https:\/\/www.colorado.com.br\/nosdacem\/wp-content\/uploads\/2024\/11\/IMG_20241011_090208-140x140.jpg 140w, https:\/\/www.colorado.com.br\/nosdacem\/wp-content\/uploads\/2024\/11\/IMG_20241011_090208-100x100.jpg 100w, https:\/\/www.colorado.com.br\/nosdacem\/wp-content\/uploads\/2024\/11\/IMG_20241011_090208-350x350.jpg 350w\" sizes=\"auto, (max-width: 150px) 100vw, 150px\" \/><\/a>\n\t\t\t<\/dt><\/dl><dl class='gallery-item'>\n\t\t\t<dt class='gallery-icon landscape'>\n\t\t\t\t<a href='https:\/\/www.colorado.com.br\/nosdacem\/wp-content\/uploads\/2024\/11\/IMG_20241011_090211.jpg'><img loading=\"lazy\" decoding=\"async\" width=\"150\" height=\"150\" src=\"https:\/\/www.colorado.com.br\/nosdacem\/wp-content\/uploads\/2024\/11\/IMG_20241011_090211-150x150.jpg\" class=\"attachment-thumbnail size-thumbnail\" alt=\"\" srcset=\"https:\/\/www.colorado.com.br\/nosdacem\/wp-content\/uploads\/2024\/11\/IMG_20241011_090211-150x150.jpg 150w, https:\/\/www.colorado.com.br\/nosdacem\/wp-content\/uploads\/2024\/11\/IMG_20241011_090211-140x140.jpg 140w, https:\/\/www.colorado.com.br\/nosdacem\/wp-content\/uploads\/2024\/11\/IMG_20241011_090211-100x100.jpg 100w, https:\/\/www.colorado.com.br\/nosdacem\/wp-content\/uploads\/2024\/11\/IMG_20241011_090211-350x350.jpg 350w\" sizes=\"auto, (max-width: 150px) 100vw, 150px\" \/><\/a>\n\t\t\t<\/dt><\/dl><dl class='gallery-item'>\n\t\t\t<dt class='gallery-icon landscape'>\n\t\t\t\t<a href='https:\/\/www.colorado.com.br\/nosdacem\/wp-content\/uploads\/2024\/11\/IMG_20241011_090505.jpg'><img loading=\"lazy\" decoding=\"async\" width=\"150\" height=\"150\" src=\"https:\/\/www.colorado.com.br\/nosdacem\/wp-content\/uploads\/2024\/11\/IMG_20241011_090505-150x150.jpg\" class=\"attachment-thumbnail size-thumbnail\" alt=\"\" srcset=\"https:\/\/www.colorado.com.br\/nosdacem\/wp-content\/uploads\/2024\/11\/IMG_20241011_090505-150x150.jpg 150w, https:\/\/www.colorado.com.br\/nosdacem\/wp-content\/uploads\/2024\/11\/IMG_20241011_090505-140x140.jpg 140w, https:\/\/www.colorado.com.br\/nosdacem\/wp-content\/uploads\/2024\/11\/IMG_20241011_090505-100x100.jpg 100w, https:\/\/www.colorado.com.br\/nosdacem\/wp-content\/uploads\/2024\/11\/IMG_20241011_090505-350x350.jpg 350w\" sizes=\"auto, (max-width: 150px) 100vw, 150px\" \/><\/a>\n\t\t\t<\/dt><\/dl><dl class='gallery-item'>\n\t\t\t<dt class='gallery-icon landscape'>\n\t\t\t\t<a href='https:\/\/www.colorado.com.br\/nosdacem\/wp-content\/uploads\/2024\/11\/IMG_20241011_090524.jpg'><img loading=\"lazy\" decoding=\"async\" width=\"150\" height=\"150\" src=\"https:\/\/www.colorado.com.br\/nosdacem\/wp-content\/uploads\/2024\/11\/IMG_20241011_090524-150x150.jpg\" class=\"attachment-thumbnail size-thumbnail\" alt=\"\" srcset=\"https:\/\/www.colorado.com.br\/nosdacem\/wp-content\/uploads\/2024\/11\/IMG_20241011_090524-150x150.jpg 150w, https:\/\/www.colorado.com.br\/nosdacem\/wp-content\/uploads\/2024\/11\/IMG_20241011_090524-140x140.jpg 140w, https:\/\/www.colorado.com.br\/nosdacem\/wp-content\/uploads\/2024\/11\/IMG_20241011_090524-100x100.jpg 100w, https:\/\/www.colorado.com.br\/nosdacem\/wp-content\/uploads\/2024\/11\/IMG_20241011_090524-350x350.jpg 350w\" sizes=\"auto, (max-width: 150px) 100vw, 150px\" \/><\/a>\n\t\t\t<\/dt><\/dl><dl class='gallery-item'>\n\t\t\t<dt class='gallery-icon landscape'>\n\t\t\t\t<a href='https:\/\/www.colorado.com.br\/nosdacem\/wp-content\/uploads\/2024\/11\/IMG_20241011_090526.jpg'><img loading=\"lazy\" decoding=\"async\" width=\"150\" height=\"150\" src=\"https:\/\/www.colorado.com.br\/nosdacem\/wp-content\/uploads\/2024\/11\/IMG_20241011_090526-150x150.jpg\" class=\"attachment-thumbnail size-thumbnail\" alt=\"\" srcset=\"https:\/\/www.colorado.com.br\/nosdacem\/wp-content\/uploads\/2024\/11\/IMG_20241011_090526-150x150.jpg 150w, https:\/\/www.colorado.com.br\/nosdacem\/wp-content\/uploads\/2024\/11\/IMG_20241011_090526-140x140.jpg 140w, https:\/\/www.colorado.com.br\/nosdacem\/wp-content\/uploads\/2024\/11\/IMG_20241011_090526-100x100.jpg 100w, https:\/\/www.colorado.com.br\/nosdacem\/wp-content\/uploads\/2024\/11\/IMG_20241011_090526-350x350.jpg 350w\" sizes=\"auto, (max-width: 150px) 100vw, 150px\" \/><\/a>\n\t\t\t<\/dt><\/dl><dl class='gallery-item'>\n\t\t\t<dt class='gallery-icon landscape'>\n\t\t\t\t<a href='https:\/\/www.colorado.com.br\/nosdacem\/wp-content\/uploads\/2024\/11\/IMG_20241011_090604.jpg'><img loading=\"lazy\" decoding=\"async\" width=\"150\" height=\"150\" src=\"https:\/\/www.colorado.com.br\/nosdacem\/wp-content\/uploads\/2024\/11\/IMG_20241011_090604-150x150.jpg\" class=\"attachment-thumbnail size-thumbnail\" alt=\"\" srcset=\"https:\/\/www.colorado.com.br\/nosdacem\/wp-content\/uploads\/2024\/11\/IMG_20241011_090604-150x150.jpg 150w, https:\/\/www.colorado.com.br\/nosdacem\/wp-content\/uploads\/2024\/11\/IMG_20241011_090604-140x140.jpg 140w, https:\/\/www.colorado.com.br\/nosdacem\/wp-content\/uploads\/2024\/11\/IMG_20241011_090604-100x100.jpg 100w, https:\/\/www.colorado.com.br\/nosdacem\/wp-content\/uploads\/2024\/11\/IMG_20241011_090604-350x350.jpg 350w\" sizes=\"auto, (max-width: 150px) 100vw, 150px\" \/><\/a>\n\t\t\t<\/dt><\/dl><br style=\"clear: both\" \/><dl class='gallery-item'>\n\t\t\t<dt class='gallery-icon landscape'>\n\t\t\t\t<a href='https:\/\/www.colorado.com.br\/nosdacem\/wp-content\/uploads\/2024\/11\/IMG_20241011_090656.jpg'><img loading=\"lazy\" decoding=\"async\" width=\"150\" height=\"150\" src=\"https:\/\/www.colorado.com.br\/nosdacem\/wp-content\/uploads\/2024\/11\/IMG_20241011_090656-150x150.jpg\" class=\"attachment-thumbnail size-thumbnail\" alt=\"\" srcset=\"https:\/\/www.colorado.com.br\/nosdacem\/wp-content\/uploads\/2024\/11\/IMG_20241011_090656-150x150.jpg 150w, https:\/\/www.colorado.com.br\/nosdacem\/wp-content\/uploads\/2024\/11\/IMG_20241011_090656-140x140.jpg 140w, https:\/\/www.colorado.com.br\/nosdacem\/wp-content\/uploads\/2024\/11\/IMG_20241011_090656-100x100.jpg 100w, https:\/\/www.colorado.com.br\/nosdacem\/wp-content\/uploads\/2024\/11\/IMG_20241011_090656-350x350.jpg 350w\" sizes=\"auto, (max-width: 150px) 100vw, 150px\" \/><\/a>\n\t\t\t<\/dt><\/dl><dl class='gallery-item'>\n\t\t\t<dt class='gallery-icon landscape'>\n\t\t\t\t<a href='https:\/\/www.colorado.com.br\/nosdacem\/wp-content\/uploads\/2024\/11\/IMG_20241011_091108.jpg'><img loading=\"lazy\" decoding=\"async\" width=\"150\" height=\"150\" src=\"https:\/\/www.colorado.com.br\/nosdacem\/wp-content\/uploads\/2024\/11\/IMG_20241011_091108-150x150.jpg\" class=\"attachment-thumbnail size-thumbnail\" alt=\"\" srcset=\"https:\/\/www.colorado.com.br\/nosdacem\/wp-content\/uploads\/2024\/11\/IMG_20241011_091108-150x150.jpg 150w, https:\/\/www.colorado.com.br\/nosdacem\/wp-content\/uploads\/2024\/11\/IMG_20241011_091108-140x140.jpg 140w, https:\/\/www.colorado.com.br\/nosdacem\/wp-content\/uploads\/2024\/11\/IMG_20241011_091108-100x100.jpg 100w, https:\/\/www.colorado.com.br\/nosdacem\/wp-content\/uploads\/2024\/11\/IMG_20241011_091108-350x350.jpg 350w\" sizes=\"auto, (max-width: 150px) 100vw, 150px\" \/><\/a>\n\t\t\t<\/dt><\/dl><dl class='gallery-item'>\n\t\t\t<dt class='gallery-icon landscape'>\n\t\t\t\t<a href='https:\/\/www.colorado.com.br\/nosdacem\/wp-content\/uploads\/2024\/11\/IMG_20241011_091250.jpg'><img loading=\"lazy\" decoding=\"async\" width=\"150\" height=\"150\" src=\"https:\/\/www.colorado.com.br\/nosdacem\/wp-content\/uploads\/2024\/11\/IMG_20241011_091250-150x150.jpg\" class=\"attachment-thumbnail size-thumbnail\" alt=\"\" srcset=\"https:\/\/www.colorado.com.br\/nosdacem\/wp-content\/uploads\/2024\/11\/IMG_20241011_091250-150x150.jpg 150w, https:\/\/www.colorado.com.br\/nosdacem\/wp-content\/uploads\/2024\/11\/IMG_20241011_091250-140x140.jpg 140w, https:\/\/www.colorado.com.br\/nosdacem\/wp-content\/uploads\/2024\/11\/IMG_20241011_091250-100x100.jpg 100w, https:\/\/www.colorado.com.br\/nosdacem\/wp-content\/uploads\/2024\/11\/IMG_20241011_091250-350x350.jpg 350w\" sizes=\"auto, (max-width: 150px) 100vw, 150px\" \/><\/a>\n\t\t\t<\/dt><\/dl><dl class='gallery-item'>\n\t\t\t<dt class='gallery-icon landscape'>\n\t\t\t\t<a href='https:\/\/www.colorado.com.br\/nosdacem\/wp-content\/uploads\/2024\/11\/IMG_20241011_091300.jpg'><img loading=\"lazy\" decoding=\"async\" width=\"150\" height=\"150\" src=\"https:\/\/www.colorado.com.br\/nosdacem\/wp-content\/uploads\/2024\/11\/IMG_20241011_091300-150x150.jpg\" class=\"attachment-thumbnail size-thumbnail\" alt=\"\" srcset=\"https:\/\/www.colorado.com.br\/nosdacem\/wp-content\/uploads\/2024\/11\/IMG_20241011_091300-150x150.jpg 150w, https:\/\/www.colorado.com.br\/nosdacem\/wp-content\/uploads\/2024\/11\/IMG_20241011_091300-140x140.jpg 140w, https:\/\/www.colorado.com.br\/nosdacem\/wp-content\/uploads\/2024\/11\/IMG_20241011_091300-100x100.jpg 100w, https:\/\/www.colorado.com.br\/nosdacem\/wp-content\/uploads\/2024\/11\/IMG_20241011_091300-350x350.jpg 350w\" sizes=\"auto, (max-width: 150px) 100vw, 150px\" \/><\/a>\n\t\t\t<\/dt><\/dl><dl class='gallery-item'>\n\t\t\t<dt class='gallery-icon landscape'>\n\t\t\t\t<a href='https:\/\/www.colorado.com.br\/nosdacem\/wp-content\/uploads\/2024\/11\/IMG_20241011_091520.jpg'><img loading=\"lazy\" decoding=\"async\" width=\"150\" height=\"150\" src=\"https:\/\/www.colorado.com.br\/nosdacem\/wp-content\/uploads\/2024\/11\/IMG_20241011_091520-150x150.jpg\" class=\"attachment-thumbnail size-thumbnail\" alt=\"\" srcset=\"https:\/\/www.colorado.com.br\/nosdacem\/wp-content\/uploads\/2024\/11\/IMG_20241011_091520-150x150.jpg 150w, https:\/\/www.colorado.com.br\/nosdacem\/wp-content\/uploads\/2024\/11\/IMG_20241011_091520-140x140.jpg 140w, https:\/\/www.colorado.com.br\/nosdacem\/wp-content\/uploads\/2024\/11\/IMG_20241011_091520-100x100.jpg 100w, https:\/\/www.colorado.com.br\/nosdacem\/wp-content\/uploads\/2024\/11\/IMG_20241011_091520-350x350.jpg 350w\" sizes=\"auto, (max-width: 150px) 100vw, 150px\" \/><\/a>\n\t\t\t<\/dt><\/dl><dl class='gallery-item'>\n\t\t\t<dt class='gallery-icon landscape'>\n\t\t\t\t<a href='https:\/\/www.colorado.com.br\/nosdacem\/wp-content\/uploads\/2024\/11\/IMG_20241011_091646.jpg'><img loading=\"lazy\" decoding=\"async\" width=\"150\" height=\"150\" src=\"https:\/\/www.colorado.com.br\/nosdacem\/wp-content\/uploads\/2024\/11\/IMG_20241011_091646-150x150.jpg\" class=\"attachment-thumbnail size-thumbnail\" alt=\"\" srcset=\"https:\/\/www.colorado.com.br\/nosdacem\/wp-content\/uploads\/2024\/11\/IMG_20241011_091646-150x150.jpg 150w, https:\/\/www.colorado.com.br\/nosdacem\/wp-content\/uploads\/2024\/11\/IMG_20241011_091646-140x140.jpg 140w, https:\/\/www.colorado.com.br\/nosdacem\/wp-content\/uploads\/2024\/11\/IMG_20241011_091646-100x100.jpg 100w, https:\/\/www.colorado.com.br\/nosdacem\/wp-content\/uploads\/2024\/11\/IMG_20241011_091646-350x350.jpg 350w\" sizes=\"auto, (max-width: 150px) 100vw, 150px\" \/><\/a>\n\t\t\t<\/dt><\/dl><br style=\"clear: both\" \/><dl class='gallery-item'>\n\t\t\t<dt class='gallery-icon landscape'>\n\t\t\t\t<a href='https:\/\/www.colorado.com.br\/nosdacem\/wp-content\/uploads\/2024\/11\/IMG_20241011_091651.jpg'><img loading=\"lazy\" decoding=\"async\" width=\"150\" height=\"150\" src=\"https:\/\/www.colorado.com.br\/nosdacem\/wp-content\/uploads\/2024\/11\/IMG_20241011_091651-150x150.jpg\" class=\"attachment-thumbnail size-thumbnail\" alt=\"\" srcset=\"https:\/\/www.colorado.com.br\/nosdacem\/wp-content\/uploads\/2024\/11\/IMG_20241011_091651-150x150.jpg 150w, https:\/\/www.colorado.com.br\/nosdacem\/wp-content\/uploads\/2024\/11\/IMG_20241011_091651-140x140.jpg 140w, https:\/\/www.colorado.com.br\/nosdacem\/wp-content\/uploads\/2024\/11\/IMG_20241011_091651-100x100.jpg 100w, https:\/\/www.colorado.com.br\/nosdacem\/wp-content\/uploads\/2024\/11\/IMG_20241011_091651-350x350.jpg 350w\" sizes=\"auto, (max-width: 150px) 100vw, 150px\" \/><\/a>\n\t\t\t<\/dt><\/dl><dl class='gallery-item'>\n\t\t\t<dt class='gallery-icon landscape'>\n\t\t\t\t<a href='https:\/\/www.colorado.com.br\/nosdacem\/wp-content\/uploads\/2024\/11\/IMG_20241011_091917.jpg'><img loading=\"lazy\" decoding=\"async\" width=\"150\" height=\"150\" src=\"https:\/\/www.colorado.com.br\/nosdacem\/wp-content\/uploads\/2024\/11\/IMG_20241011_091917-150x150.jpg\" class=\"attachment-thumbnail size-thumbnail\" alt=\"\" srcset=\"https:\/\/www.colorado.com.br\/nosdacem\/wp-content\/uploads\/2024\/11\/IMG_20241011_091917-150x150.jpg 150w, https:\/\/www.colorado.com.br\/nosdacem\/wp-content\/uploads\/2024\/11\/IMG_20241011_091917-140x140.jpg 140w, https:\/\/www.colorado.com.br\/nosdacem\/wp-content\/uploads\/2024\/11\/IMG_20241011_091917-100x100.jpg 100w, https:\/\/www.colorado.com.br\/nosdacem\/wp-content\/uploads\/2024\/11\/IMG_20241011_091917-350x350.jpg 350w\" sizes=\"auto, (max-width: 150px) 100vw, 150px\" \/><\/a>\n\t\t\t<\/dt><\/dl><dl class='gallery-item'>\n\t\t\t<dt class='gallery-icon landscape'>\n\t\t\t\t<a href='https:\/\/www.colorado.com.br\/nosdacem\/wp-content\/uploads\/2024\/11\/IMG_20241011_091926.jpg'><img loading=\"lazy\" decoding=\"async\" width=\"150\" height=\"150\" src=\"https:\/\/www.colorado.com.br\/nosdacem\/wp-content\/uploads\/2024\/11\/IMG_20241011_091926-150x150.jpg\" class=\"attachment-thumbnail size-thumbnail\" alt=\"\" srcset=\"https:\/\/www.colorado.com.br\/nosdacem\/wp-content\/uploads\/2024\/11\/IMG_20241011_091926-150x150.jpg 150w, https:\/\/www.colorado.com.br\/nosdacem\/wp-content\/uploads\/2024\/11\/IMG_20241011_091926-140x140.jpg 140w, https:\/\/www.colorado.com.br\/nosdacem\/wp-content\/uploads\/2024\/11\/IMG_20241011_091926-100x100.jpg 100w, https:\/\/www.colorado.com.br\/nosdacem\/wp-content\/uploads\/2024\/11\/IMG_20241011_091926-350x350.jpg 350w\" sizes=\"auto, (max-width: 150px) 100vw, 150px\" \/><\/a>\n\t\t\t<\/dt><\/dl><dl class='gallery-item'>\n\t\t\t<dt class='gallery-icon landscape'>\n\t\t\t\t<a href='https:\/\/www.colorado.com.br\/nosdacem\/wp-content\/uploads\/2024\/11\/IMG_20241011_091943.jpg'><img loading=\"lazy\" decoding=\"async\" width=\"150\" height=\"150\" src=\"https:\/\/www.colorado.com.br\/nosdacem\/wp-content\/uploads\/2024\/11\/IMG_20241011_091943-150x150.jpg\" class=\"attachment-thumbnail size-thumbnail\" alt=\"\" srcset=\"https:\/\/www.colorado.com.br\/nosdacem\/wp-content\/uploads\/2024\/11\/IMG_20241011_091943-150x150.jpg 150w, https:\/\/www.colorado.com.br\/nosdacem\/wp-content\/uploads\/2024\/11\/IMG_20241011_091943-140x140.jpg 140w, https:\/\/www.colorado.com.br\/nosdacem\/wp-content\/uploads\/2024\/11\/IMG_20241011_091943-100x100.jpg 100w, https:\/\/www.colorado.com.br\/nosdacem\/wp-content\/uploads\/2024\/11\/IMG_20241011_091943-350x350.jpg 350w\" sizes=\"auto, (max-width: 150px) 100vw, 150px\" \/><\/a>\n\t\t\t<\/dt><\/dl><dl class='gallery-item'>\n\t\t\t<dt class='gallery-icon landscape'>\n\t\t\t\t<a href='https:\/\/www.colorado.com.br\/nosdacem\/wp-content\/uploads\/2024\/11\/IMG_20241011_091946.jpg'><img loading=\"lazy\" decoding=\"async\" width=\"150\" height=\"150\" src=\"https:\/\/www.colorado.com.br\/nosdacem\/wp-content\/uploads\/2024\/11\/IMG_20241011_091946-150x150.jpg\" class=\"attachment-thumbnail size-thumbnail\" alt=\"\" srcset=\"https:\/\/www.colorado.com.br\/nosdacem\/wp-content\/uploads\/2024\/11\/IMG_20241011_091946-150x150.jpg 150w, https:\/\/www.colorado.com.br\/nosdacem\/wp-content\/uploads\/2024\/11\/IMG_20241011_091946-140x140.jpg 140w, https:\/\/www.colorado.com.br\/nosdacem\/wp-content\/uploads\/2024\/11\/IMG_20241011_091946-100x100.jpg 100w, https:\/\/www.colorado.com.br\/nosdacem\/wp-content\/uploads\/2024\/11\/IMG_20241011_091946-350x350.jpg 350w\" sizes=\"auto, (max-width: 150px) 100vw, 150px\" \/><\/a>\n\t\t\t<\/dt><\/dl><dl class='gallery-item'>\n\t\t\t<dt class='gallery-icon landscape'>\n\t\t\t\t<a href='https:\/\/www.colorado.com.br\/nosdacem\/wp-content\/uploads\/2024\/11\/IMG_20241011_092015.jpg'><img loading=\"lazy\" decoding=\"async\" width=\"150\" height=\"150\" src=\"https:\/\/www.colorado.com.br\/nosdacem\/wp-content\/uploads\/2024\/11\/IMG_20241011_092015-150x150.jpg\" class=\"attachment-thumbnail size-thumbnail\" alt=\"\" srcset=\"https:\/\/www.colorado.com.br\/nosdacem\/wp-content\/uploads\/2024\/11\/IMG_20241011_092015-150x150.jpg 150w, https:\/\/www.colorado.com.br\/nosdacem\/wp-content\/uploads\/2024\/11\/IMG_20241011_092015-140x140.jpg 140w, https:\/\/www.colorado.com.br\/nosdacem\/wp-content\/uploads\/2024\/11\/IMG_20241011_092015-100x100.jpg 100w, https:\/\/www.colorado.com.br\/nosdacem\/wp-content\/uploads\/2024\/11\/IMG_20241011_092015-350x350.jpg 350w\" sizes=\"auto, (max-width: 150px) 100vw, 150px\" \/><\/a>\n\t\t\t<\/dt><\/dl><br style=\"clear: both\" \/><dl class='gallery-item'>\n\t\t\t<dt class='gallery-icon landscape'>\n\t\t\t\t<a href='https:\/\/www.colorado.com.br\/nosdacem\/wp-content\/uploads\/2024\/11\/IMG_20241011_092019.jpg'><img loading=\"lazy\" decoding=\"async\" width=\"150\" height=\"150\" src=\"https:\/\/www.colorado.com.br\/nosdacem\/wp-content\/uploads\/2024\/11\/IMG_20241011_092019-150x150.jpg\" class=\"attachment-thumbnail size-thumbnail\" alt=\"\" srcset=\"https:\/\/www.colorado.com.br\/nosdacem\/wp-content\/uploads\/2024\/11\/IMG_20241011_092019-150x150.jpg 150w, https:\/\/www.colorado.com.br\/nosdacem\/wp-content\/uploads\/2024\/11\/IMG_20241011_092019-140x140.jpg 140w, https:\/\/www.colorado.com.br\/nosdacem\/wp-content\/uploads\/2024\/11\/IMG_20241011_092019-100x100.jpg 100w, https:\/\/www.colorado.com.br\/nosdacem\/wp-content\/uploads\/2024\/11\/IMG_20241011_092019-350x350.jpg 350w\" sizes=\"auto, (max-width: 150px) 100vw, 150px\" \/><\/a>\n\t\t\t<\/dt><\/dl><dl class='gallery-item'>\n\t\t\t<dt class='gallery-icon landscape'>\n\t\t\t\t<a href='https:\/\/www.colorado.com.br\/nosdacem\/wp-content\/uploads\/2024\/11\/IMG_20241011_092023.jpg'><img loading=\"lazy\" decoding=\"async\" width=\"150\" height=\"150\" src=\"https:\/\/www.colorado.com.br\/nosdacem\/wp-content\/uploads\/2024\/11\/IMG_20241011_092023-150x150.jpg\" class=\"attachment-thumbnail size-thumbnail\" alt=\"\" srcset=\"https:\/\/www.colorado.com.br\/nosdacem\/wp-content\/uploads\/2024\/11\/IMG_20241011_092023-150x150.jpg 150w, https:\/\/www.colorado.com.br\/nosdacem\/wp-content\/uploads\/2024\/11\/IMG_20241011_092023-140x140.jpg 140w, https:\/\/www.colorado.com.br\/nosdacem\/wp-content\/uploads\/2024\/11\/IMG_20241011_092023-100x100.jpg 100w, https:\/\/www.colorado.com.br\/nosdacem\/wp-content\/uploads\/2024\/11\/IMG_20241011_092023-350x350.jpg 350w\" sizes=\"auto, (max-width: 150px) 100vw, 150px\" \/><\/a>\n\t\t\t<\/dt><\/dl><dl class='gallery-item'>\n\t\t\t<dt class='gallery-icon landscape'>\n\t\t\t\t<a href='https:\/\/www.colorado.com.br\/nosdacem\/wp-content\/uploads\/2024\/11\/IMG_20241011_092024.jpg'><img loading=\"lazy\" decoding=\"async\" width=\"150\" height=\"150\" src=\"https:\/\/www.colorado.com.br\/nosdacem\/wp-content\/uploads\/2024\/11\/IMG_20241011_092024-150x150.jpg\" class=\"attachment-thumbnail size-thumbnail\" alt=\"\" srcset=\"https:\/\/www.colorado.com.br\/nosdacem\/wp-content\/uploads\/2024\/11\/IMG_20241011_092024-150x150.jpg 150w, https:\/\/www.colorado.com.br\/nosdacem\/wp-content\/uploads\/2024\/11\/IMG_20241011_092024-140x140.jpg 140w, https:\/\/www.colorado.com.br\/nosdacem\/wp-content\/uploads\/2024\/11\/IMG_20241011_092024-100x100.jpg 100w, https:\/\/www.colorado.com.br\/nosdacem\/wp-content\/uploads\/2024\/11\/IMG_20241011_092024-350x350.jpg 350w\" sizes=\"auto, (max-width: 150px) 100vw, 150px\" \/><\/a>\n\t\t\t<\/dt><\/dl>\n\t\t\t<br style='clear: both' \/>\n\t\t<\/div>\n\n<\/div>\n<\/div>\n<\/div>\n","protected":false},"excerpt":{"rendered":"<p>Em 11 de outubro de 2024, a Usina CEM promoveu um importante treinamento sobre licenciamento ambiental para 15 l\u00edderes da empresa. O evento ocorreu na sala de treinamento ao lado&#8230;<\/p>\n","protected":false},"author":2,"featured_media":694,"comment_status":"closed","ping_status":"open","sticky":false,"template":"","format":"standard","meta":{"footnotes":""},"categories":[5],"tags":[],"class_list":{"0":"post-681","1":"post","2":"type-post","3":"status-publish","4":"format-standard","5":"has-post-thumbnail","7":"category-acontece-na-cem"},"yoast_head":"<!-- This site is optimized with the Yoast SEO plugin v22.8 - https:\/\/yoast.com\/wordpress\/plugins\/seo\/ -->\n<title>Usina CEM realiza treinamento sobre novas normas de licenciamento ambiental para l\u00edderes - N\u00f3s da CEM - Grupo Colorado<\/title>\n<meta name=\"robots\" content=\"index, follow, max-snippet:-1, max-image-preview:large, max-video-preview:-1\" \/>\n<link rel=\"canonical\" href=\"https:\/\/www.colorado.com.br\/nosdacem\/usina-cem-realiza-treinamento-sobre-novas-normas-de-licenciamento-ambiental-para-lideres\/\" \/>\n<meta property=\"og:locale\" content=\"pt_BR\" \/>\n<meta property=\"og:type\" content=\"article\" \/>\n<meta property=\"og:title\" content=\"Usina CEM realiza treinamento sobre novas normas de licenciamento ambiental para l\u00edderes - N\u00f3s da CEM - Grupo Colorado\" \/>\n<meta property=\"og:description\" content=\"Em 11 de outubro de 2024, a Usina CEM promoveu um importante treinamento sobre licenciamento ambiental para 15 l\u00edderes da empresa. O evento ocorreu na sala de treinamento ao lado...\" \/>\n<meta property=\"og:url\" content=\"https:\/\/www.colorado.com.br\/nosdacem\/usina-cem-realiza-treinamento-sobre-novas-normas-de-licenciamento-ambiental-para-lideres\/\" \/>\n<meta property=\"og:site_name\" content=\"N\u00f3s da CEM - Grupo Colorado\" \/>\n<meta property=\"article:published_time\" content=\"2024-10-12T17:59:55+00:00\" \/>\n<meta property=\"article:modified_time\" content=\"2024-11-05T18:09:49+00:00\" \/>\n<meta property=\"og:image\" content=\"https:\/\/www.colorado.com.br\/nosdacem\/wp-content\/uploads\/2024\/11\/IMG_20241011_091646.jpg\" \/>\n\t<meta property=\"og:image:width\" content=\"1059\" \/>\n\t<meta property=\"og:image:height\" content=\"489\" \/>\n\t<meta property=\"og:image:type\" content=\"image\/jpeg\" \/>\n<meta name=\"author\" content=\"Comunica\u00e7\u00e3o Usina CEM\" \/>\n<meta name=\"twitter:card\" content=\"summary_large_image\" \/>\n<meta name=\"twitter:label1\" content=\"Escrito por\" \/>\n\t<meta name=\"twitter:data1\" content=\"Comunica\u00e7\u00e3o Usina CEM\" \/>\n\t<meta name=\"twitter:label2\" content=\"Est. tempo de leitura\" \/>\n\t<meta name=\"twitter:data2\" content=\"2 minutos\" \/>\n<script type=\"application\/ld+json\" class=\"yoast-schema-graph\">{\"@context\":\"https:\/\/schema.org\",\"@graph\":[{\"@type\":\"WebPage\",\"@id\":\"https:\/\/www.colorado.com.br\/nosdacem\/usina-cem-realiza-treinamento-sobre-novas-normas-de-licenciamento-ambiental-para-lideres\/\",\"url\":\"https:\/\/www.colorado.com.br\/nosdacem\/usina-cem-realiza-treinamento-sobre-novas-normas-de-licenciamento-ambiental-para-lideres\/\",\"name\":\"Usina CEM realiza treinamento sobre novas normas de licenciamento ambiental para l\u00edderes - N\u00f3s da CEM - Grupo Colorado\",\"isPartOf\":{\"@id\":\"https:\/\/www.colorado.com.br\/nosdacem\/#website\"},\"primaryImageOfPage\":{\"@id\":\"https:\/\/www.colorado.com.br\/nosdacem\/usina-cem-realiza-treinamento-sobre-novas-normas-de-licenciamento-ambiental-para-lideres\/#primaryimage\"},\"image\":{\"@id\":\"https:\/\/www.colorado.com.br\/nosdacem\/usina-cem-realiza-treinamento-sobre-novas-normas-de-licenciamento-ambiental-para-lideres\/#primaryimage\"},\"thumbnailUrl\":\"https:\/\/www.colorado.com.br\/nosdacem\/wp-content\/uploads\/2024\/11\/IMG_20241011_091646.jpg\",\"datePublished\":\"2024-10-12T17:59:55+00:00\",\"dateModified\":\"2024-11-05T18:09:49+00:00\",\"author\":{\"@id\":\"https:\/\/www.colorado.com.br\/nosdacem\/#\/schema\/person\/3726a40dd5ef4d59cc077c9ffd3f7adc\"},\"breadcrumb\":{\"@id\":\"https:\/\/www.colorado.com.br\/nosdacem\/usina-cem-realiza-treinamento-sobre-novas-normas-de-licenciamento-ambiental-para-lideres\/#breadcrumb\"},\"inLanguage\":\"pt-BR\",\"potentialAction\":[{\"@type\":\"ReadAction\",\"target\":[\"https:\/\/www.colorado.com.br\/nosdacem\/usina-cem-realiza-treinamento-sobre-novas-normas-de-licenciamento-ambiental-para-lideres\/\"]}]},{\"@type\":\"ImageObject\",\"inLanguage\":\"pt-BR\",\"@id\":\"https:\/\/www.colorado.com.br\/nosdacem\/usina-cem-realiza-treinamento-sobre-novas-normas-de-licenciamento-ambiental-para-lideres\/#primaryimage\",\"url\":\"https:\/\/www.colorado.com.br\/nosdacem\/wp-content\/uploads\/2024\/11\/IMG_20241011_091646.jpg\",\"contentUrl\":\"https:\/\/www.colorado.com.br\/nosdacem\/wp-content\/uploads\/2024\/11\/IMG_20241011_091646.jpg\",\"width\":1059,\"height\":489},{\"@type\":\"BreadcrumbList\",\"@id\":\"https:\/\/www.colorado.com.br\/nosdacem\/usina-cem-realiza-treinamento-sobre-novas-normas-de-licenciamento-ambiental-para-lideres\/#breadcrumb\",\"itemListElement\":[{\"@type\":\"ListItem\",\"position\":1,\"name\":\"In\u00edcio\",\"item\":\"https:\/\/www.colorado.com.br\/nosdacem\/\"},{\"@type\":\"ListItem\",\"position\":2,\"name\":\"Usina CEM realiza treinamento sobre novas normas de licenciamento ambiental para l\u00edderes\"}]},{\"@type\":\"WebSite\",\"@id\":\"https:\/\/www.colorado.com.br\/nosdacem\/#website\",\"url\":\"https:\/\/www.colorado.com.br\/nosdacem\/\",\"name\":\"N\u00f3s da CEM - Grupo Colorado\",\"description\":\"\",\"potentialAction\":[{\"@type\":\"SearchAction\",\"target\":{\"@type\":\"EntryPoint\",\"urlTemplate\":\"https:\/\/www.colorado.com.br\/nosdacem\/?s={search_term_string}\"},\"query-input\":\"required name=search_term_string\"}],\"inLanguage\":\"pt-BR\"},{\"@type\":\"Person\",\"@id\":\"https:\/\/www.colorado.com.br\/nosdacem\/#\/schema\/person\/3726a40dd5ef4d59cc077c9ffd3f7adc\",\"name\":\"Comunica\u00e7\u00e3o Usina CEM\",\"image\":{\"@type\":\"ImageObject\",\"inLanguage\":\"pt-BR\",\"@id\":\"https:\/\/www.colorado.com.br\/nosdacem\/#\/schema\/person\/image\/\",\"url\":\"https:\/\/secure.gravatar.com\/avatar\/30ab67a54f0ed2bacc1ea56b690f4962c9e3744ddbb8ba60281b2bb679ae4dd6?s=96&d=mm&r=g\",\"contentUrl\":\"https:\/\/secure.gravatar.com\/avatar\/30ab67a54f0ed2bacc1ea56b690f4962c9e3744ddbb8ba60281b2bb679ae4dd6?s=96&d=mm&r=g\",\"caption\":\"Comunica\u00e7\u00e3o Usina CEM\"},\"url\":\"https:\/\/www.colorado.com.br\/nosdacem\/author\/usinacem\/\"}]}<\/script>\n<!-- \/ Yoast SEO plugin. -->","yoast_head_json":{"title":"Usina CEM realiza treinamento sobre novas normas de licenciamento ambiental para l\u00edderes - N\u00f3s da CEM - Grupo Colorado","robots":{"index":"index","follow":"follow","max-snippet":"max-snippet:-1","max-image-preview":"max-image-preview:large","max-video-preview":"max-video-preview:-1"},"canonical":"https:\/\/www.colorado.com.br\/nosdacem\/usina-cem-realiza-treinamento-sobre-novas-normas-de-licenciamento-ambiental-para-lideres\/","og_locale":"pt_BR","og_type":"article","og_title":"Usina CEM realiza treinamento sobre novas normas de licenciamento ambiental para l\u00edderes - N\u00f3s da CEM - Grupo Colorado","og_description":"Em 11 de outubro de 2024, a Usina CEM promoveu um importante treinamento sobre licenciamento ambiental para 15 l\u00edderes da empresa. O evento ocorreu na sala de treinamento ao lado...","og_url":"https:\/\/www.colorado.com.br\/nosdacem\/usina-cem-realiza-treinamento-sobre-novas-normas-de-licenciamento-ambiental-para-lideres\/","og_site_name":"N\u00f3s da CEM - Grupo Colorado","article_published_time":"2024-10-12T17:59:55+00:00","article_modified_time":"2024-11-05T18:09:49+00:00","og_image":[{"width":1059,"height":489,"url":"https:\/\/www.colorado.com.br\/nosdacem\/wp-content\/uploads\/2024\/11\/IMG_20241011_091646.jpg","type":"image\/jpeg"}],"author":"Comunica\u00e7\u00e3o Usina CEM","twitter_card":"summary_large_image","twitter_misc":{"Escrito por":"Comunica\u00e7\u00e3o Usina CEM","Est. tempo de leitura":"2 minutos"},"schema":{"@context":"https:\/\/schema.org","@graph":[{"@type":"WebPage","@id":"https:\/\/www.colorado.com.br\/nosdacem\/usina-cem-realiza-treinamento-sobre-novas-normas-de-licenciamento-ambiental-para-lideres\/","url":"https:\/\/www.colorado.com.br\/nosdacem\/usina-cem-realiza-treinamento-sobre-novas-normas-de-licenciamento-ambiental-para-lideres\/","name":"Usina CEM realiza treinamento sobre novas normas de licenciamento ambiental para l\u00edderes - N\u00f3s da CEM - Grupo Colorado","isPartOf":{"@id":"https:\/\/www.colorado.com.br\/nosdacem\/#website"},"primaryImageOfPage":{"@id":"https:\/\/www.colorado.com.br\/nosdacem\/usina-cem-realiza-treinamento-sobre-novas-normas-de-licenciamento-ambiental-para-lideres\/#primaryimage"},"image":{"@id":"https:\/\/www.colorado.com.br\/nosdacem\/usina-cem-realiza-treinamento-sobre-novas-normas-de-licenciamento-ambiental-para-lideres\/#primaryimage"},"thumbnailUrl":"https:\/\/www.colorado.com.br\/nosdacem\/wp-content\/uploads\/2024\/11\/IMG_20241011_091646.jpg","datePublished":"2024-10-12T17:59:55+00:00","dateModified":"2024-11-05T18:09:49+00:00","author":{"@id":"https:\/\/www.colorado.com.br\/nosdacem\/#\/schema\/person\/3726a40dd5ef4d59cc077c9ffd3f7adc"},"breadcrumb":{"@id":"https:\/\/www.colorado.com.br\/nosdacem\/usina-cem-realiza-treinamento-sobre-novas-normas-de-licenciamento-ambiental-para-lideres\/#breadcrumb"},"inLanguage":"pt-BR","potentialAction":[{"@type":"ReadAction","target":["https:\/\/www.colorado.com.br\/nosdacem\/usina-cem-realiza-treinamento-sobre-novas-normas-de-licenciamento-ambiental-para-lideres\/"]}]},{"@type":"ImageObject","inLanguage":"pt-BR","@id":"https:\/\/www.colorado.com.br\/nosdacem\/usina-cem-realiza-treinamento-sobre-novas-normas-de-licenciamento-ambiental-para-lideres\/#primaryimage","url":"https:\/\/www.colorado.com.br\/nosdacem\/wp-content\/uploads\/2024\/11\/IMG_20241011_091646.jpg","contentUrl":"https:\/\/www.colorado.com.br\/nosdacem\/wp-content\/uploads\/2024\/11\/IMG_20241011_091646.jpg","width":1059,"height":489},{"@type":"BreadcrumbList","@id":"https:\/\/www.colorado.com.br\/nosdacem\/usina-cem-realiza-treinamento-sobre-novas-normas-de-licenciamento-ambiental-para-lideres\/#breadcrumb","itemListElement":[{"@type":"ListItem","position":1,"name":"In\u00edcio","item":"https:\/\/www.colorado.com.br\/nosdacem\/"},{"@type":"ListItem","position":2,"name":"Usina CEM realiza treinamento sobre novas normas de licenciamento ambiental para l\u00edderes"}]},{"@type":"WebSite","@id":"https:\/\/www.colorado.com.br\/nosdacem\/#website","url":"https:\/\/www.colorado.com.br\/nosdacem\/","name":"N\u00f3s da CEM - Grupo Colorado","description":"","potentialAction":[{"@type":"SearchAction","target":{"@type":"EntryPoint","urlTemplate":"https:\/\/www.colorado.com.br\/nosdacem\/?s={search_term_string}"},"query-input":"required name=search_term_string"}],"inLanguage":"pt-BR"},{"@type":"Person","@id":"https:\/\/www.colorado.com.br\/nosdacem\/#\/schema\/person\/3726a40dd5ef4d59cc077c9ffd3f7adc","name":"Comunica\u00e7\u00e3o Usina CEM","image":{"@type":"ImageObject","inLanguage":"pt-BR","@id":"https:\/\/www.colorado.com.br\/nosdacem\/#\/schema\/person\/image\/","url":"https:\/\/secure.gravatar.com\/avatar\/30ab67a54f0ed2bacc1ea56b690f4962c9e3744ddbb8ba60281b2bb679ae4dd6?s=96&d=mm&r=g","contentUrl":"https:\/\/secure.gravatar.com\/avatar\/30ab67a54f0ed2bacc1ea56b690f4962c9e3744ddbb8ba60281b2bb679ae4dd6?s=96&d=mm&r=g","caption":"Comunica\u00e7\u00e3o Usina CEM"},"url":"https:\/\/www.colorado.com.br\/nosdacem\/author\/usinacem\/"}]}},"_links":{"self":[{"href":"https:\/\/www.colorado.com.br\/nosdacem\/wp-json\/wp\/v2\/posts\/681","targetHints":{"allow":["GET"]}}],"collection":[{"href":"https:\/\/www.colorado.com.br\/nosdacem\/wp-json\/wp\/v2\/posts"}],"about":[{"href":"https:\/\/www.colorado.com.br\/nosdacem\/wp-json\/wp\/v2\/types\/post"}],"author":[{"embeddable":true,"href":"https:\/\/www.colorado.com.br\/nosdacem\/wp-json\/wp\/v2\/users\/2"}],"replies":[{"embeddable":true,"href":"https:\/\/www.colorado.com.br\/nosdacem\/wp-json\/wp\/v2\/comments?post=681"}],"version-history":[{"count":2,"href":"https:\/\/www.colorado.com.br\/nosdacem\/wp-json\/wp\/v2\/posts\/681\/revisions"}],"predecessor-version":[{"id":705,"href":"https:\/\/www.colorado.com.br\/nosdacem\/wp-json\/wp\/v2\/posts\/681\/revisions\/705"}],"wp:featuredmedia":[{"embeddable":true,"href":"https:\/\/www.colorado.com.br\/nosdacem\/wp-json\/wp\/v2\/media\/694"}],"wp:attachment":[{"href":"https:\/\/www.colorado.com.br\/nosdacem\/wp-json\/wp\/v2\/media?parent=681"}],"wp:term":[{"taxonomy":"category","embeddable":true,"href":"https:\/\/www.colorado.com.br\/nosdacem\/wp-json\/wp\/v2\/categories?post=681"},{"taxonomy":"post_tag","embeddable":true,"href":"https:\/\/www.colorado.com.br\/nosdacem\/wp-json\/wp\/v2\/tags?post=681"}],"curies":[{"name":"wp","href":"https:\/\/api.w.org\/{rel}","templated":true}]}}