{"id":706,"date":"2024-10-17T15:13:15","date_gmt":"2024-10-17T18:13:15","guid":{"rendered":"https:\/\/www.colorado.com.br\/nosdacem\/?p=706"},"modified":"2024-11-05T15:29:03","modified_gmt":"2024-11-05T18:29:03","slug":"usina-cem-realiza-processo-seletivo-em-morrinhos-para-atrair-novos-talentos","status":"publish","type":"post","link":"https:\/\/www.colorado.com.br\/nosdacem\/usina-cem-realiza-processo-seletivo-em-morrinhos-para-atrair-novos-talentos\/","title":{"rendered":"Usina CEM realiza processo seletivo em Morrinhos para atrair novos talentos"},"content":{"rendered":"<div class=\"flex max-w-full flex-col flex-grow\">\n<div class=\"min-h-8 text-message flex w-full flex-col items-end gap-2 whitespace-normal break-words [.text-message+&amp;]:mt-5\" dir=\"auto\" data-message-author-role=\"assistant\" data-message-id=\"cc87e9b4-a8cd-4e4e-91d1-9142f34ca1d3\" data-message-model-slug=\"gpt-4o\">\n<div class=\"flex w-full flex-col gap-1 empty:hidden first:pt-[3px]\">\n<div class=\"markdown prose w-full break-words dark:prose-invert light\">\n<p>Em 16 de outubro de 2024, a Usina CEM promoveu uma a\u00e7\u00e3o de recrutamento e sele\u00e7\u00e3o no PR\u00d3-CIDAD\u00c3O, no Setor S\u00e3o Pedro, em Morrinhos (GO), com o objetivo de identificar e contratar novos profissionais para compor sua equipe. A a\u00e7\u00e3o foi planejada para atrair moradores da cidade interessados em ingressar na empresa, garantindo um alinhamento com as necessidades e expectativas da usina.<\/p>\n<p>A equipe de Recrutamento e Sele\u00e7\u00e3o, representada por Thamyres Reis e Danielly Lopes, conduziu o processo seletivo, que ocorreu das 8h \u00e0s 12h e contou com ampla divulga\u00e7\u00e3o nas redes sociais da empresa e em plataformas parceiras, como grupos de WhatsApp, Facebook e LinkedIn. A estrat\u00e9gia visou alcan\u00e7ar um p\u00fablico variado e qualificado de profissionais da regi\u00e3o, fortalecendo a conex\u00e3o da usina com a comunidade local.<\/p>\n<p>A realiza\u00e7\u00e3o do processo em Morrinhos \u00e9 parte do compromisso da Usina CEM em oferecer oportunidades de emprego para as comunidades pr\u00f3ximas, contribuindo para o desenvolvimento socioecon\u00f4mico da regi\u00e3o. Com essa iniciativa, a usina busca n\u00e3o apenas preencher as vagas em aberto, mas tamb\u00e9m consolidar sua presen\u00e7a em Morrinhos, valorizando os talentos locais e promovendo o crescimento da equipe com profissionais engajados e capacitados.<\/p>\n<\/div>\n\n\t\t<style type=\"text\/css\">\n\t\t\t#gallery-1 {\n\t\t\t\tmargin: auto;\n\t\t\t}\n\t\t\t#gallery-1 .gallery-item {\n\t\t\t\tfloat: left;\n\t\t\t\tmargin-top: 10px;\n\t\t\t\ttext-align: center;\n\t\t\t\twidth: 25%;\n\t\t\t}\n\t\t\t#gallery-1 img {\n\t\t\t\tborder: 2px solid #cfcfcf;\n\t\t\t}\n\t\t\t#gallery-1 .gallery-caption {\n\t\t\t\tmargin-left: 0;\n\t\t\t}\n\t\t\t\/* see gallery_shortcode() in wp-includes\/media.php *\/\n\t\t<\/style>\n\t\t<div id='gallery-1' class='gallery galleryid-706 gallery-columns-4 gallery-size-thumbnail'><dl class='gallery-item'>\n\t\t\t<dt class='gallery-icon portrait'>\n\t\t\t\t<a href='https:\/\/www.colorado.com.br\/nosdacem\/wp-content\/uploads\/2024\/11\/WhatsApp-Image-2024-10-16-at-16.02.15.jpeg'><img loading=\"lazy\" decoding=\"async\" width=\"150\" height=\"150\" src=\"https:\/\/www.colorado.com.br\/nosdacem\/wp-content\/uploads\/2024\/11\/WhatsApp-Image-2024-10-16-at-16.02.15-150x150.jpeg\" class=\"attachment-thumbnail size-thumbnail\" alt=\"\" srcset=\"https:\/\/www.colorado.com.br\/nosdacem\/wp-content\/uploads\/2024\/11\/WhatsApp-Image-2024-10-16-at-16.02.15-150x150.jpeg 150w, https:\/\/www.colorado.com.br\/nosdacem\/wp-content\/uploads\/2024\/11\/WhatsApp-Image-2024-10-16-at-16.02.15-140x140.jpeg 140w, https:\/\/www.colorado.com.br\/nosdacem\/wp-content\/uploads\/2024\/11\/WhatsApp-Image-2024-10-16-at-16.02.15-100x100.jpeg 100w, https:\/\/www.colorado.com.br\/nosdacem\/wp-content\/uploads\/2024\/11\/WhatsApp-Image-2024-10-16-at-16.02.15-500x500.jpeg 500w, https:\/\/www.colorado.com.br\/nosdacem\/wp-content\/uploads\/2024\/11\/WhatsApp-Image-2024-10-16-at-16.02.15-350x350.jpeg 350w, https:\/\/www.colorado.com.br\/nosdacem\/wp-content\/uploads\/2024\/11\/WhatsApp-Image-2024-10-16-at-16.02.15-1000x1000.jpeg 1000w, https:\/\/www.colorado.com.br\/nosdacem\/wp-content\/uploads\/2024\/11\/WhatsApp-Image-2024-10-16-at-16.02.15-800x800.jpeg 800w\" sizes=\"auto, (max-width: 150px) 100vw, 150px\" \/><\/a>\n\t\t\t<\/dt><\/dl><dl class='gallery-item'>\n\t\t\t<dt class='gallery-icon portrait'>\n\t\t\t\t<a href='https:\/\/www.colorado.com.br\/nosdacem\/wp-content\/uploads\/2024\/11\/WhatsApp-Image-2024-10-16-at-16.02.17-1.jpeg'><img loading=\"lazy\" decoding=\"async\" width=\"150\" height=\"150\" src=\"https:\/\/www.colorado.com.br\/nosdacem\/wp-content\/uploads\/2024\/11\/WhatsApp-Image-2024-10-16-at-16.02.17-1-150x150.jpeg\" class=\"attachment-thumbnail size-thumbnail\" alt=\"\" srcset=\"https:\/\/www.colorado.com.br\/nosdacem\/wp-content\/uploads\/2024\/11\/WhatsApp-Image-2024-10-16-at-16.02.17-1-150x150.jpeg 150w, https:\/\/www.colorado.com.br\/nosdacem\/wp-content\/uploads\/2024\/11\/WhatsApp-Image-2024-10-16-at-16.02.17-1-140x140.jpeg 140w, https:\/\/www.colorado.com.br\/nosdacem\/wp-content\/uploads\/2024\/11\/WhatsApp-Image-2024-10-16-at-16.02.17-1-100x100.jpeg 100w, https:\/\/www.colorado.com.br\/nosdacem\/wp-content\/uploads\/2024\/11\/WhatsApp-Image-2024-10-16-at-16.02.17-1-500x500.jpeg 500w, https:\/\/www.colorado.com.br\/nosdacem\/wp-content\/uploads\/2024\/11\/WhatsApp-Image-2024-10-16-at-16.02.17-1-350x350.jpeg 350w, https:\/\/www.colorado.com.br\/nosdacem\/wp-content\/uploads\/2024\/11\/WhatsApp-Image-2024-10-16-at-16.02.17-1-1000x1000.jpeg 1000w, https:\/\/www.colorado.com.br\/nosdacem\/wp-content\/uploads\/2024\/11\/WhatsApp-Image-2024-10-16-at-16.02.17-1-800x800.jpeg 800w\" sizes=\"auto, (max-width: 150px) 100vw, 150px\" \/><\/a>\n\t\t\t<\/dt><\/dl><dl class='gallery-item'>\n\t\t\t<dt class='gallery-icon portrait'>\n\t\t\t\t<a href='https:\/\/www.colorado.com.br\/nosdacem\/wp-content\/uploads\/2024\/11\/WhatsApp-Image-2024-10-16-at-16.02.17.jpeg'><img loading=\"lazy\" decoding=\"async\" width=\"150\" height=\"150\" src=\"https:\/\/www.colorado.com.br\/nosdacem\/wp-content\/uploads\/2024\/11\/WhatsApp-Image-2024-10-16-at-16.02.17-150x150.jpeg\" class=\"attachment-thumbnail size-thumbnail\" alt=\"\" srcset=\"https:\/\/www.colorado.com.br\/nosdacem\/wp-content\/uploads\/2024\/11\/WhatsApp-Image-2024-10-16-at-16.02.17-150x150.jpeg 150w, https:\/\/www.colorado.com.br\/nosdacem\/wp-content\/uploads\/2024\/11\/WhatsApp-Image-2024-10-16-at-16.02.17-140x140.jpeg 140w, https:\/\/www.colorado.com.br\/nosdacem\/wp-content\/uploads\/2024\/11\/WhatsApp-Image-2024-10-16-at-16.02.17-100x100.jpeg 100w, https:\/\/www.colorado.com.br\/nosdacem\/wp-content\/uploads\/2024\/11\/WhatsApp-Image-2024-10-16-at-16.02.17-500x500.jpeg 500w, https:\/\/www.colorado.com.br\/nosdacem\/wp-content\/uploads\/2024\/11\/WhatsApp-Image-2024-10-16-at-16.02.17-350x350.jpeg 350w, https:\/\/www.colorado.com.br\/nosdacem\/wp-content\/uploads\/2024\/11\/WhatsApp-Image-2024-10-16-at-16.02.17-1000x1000.jpeg 1000w, https:\/\/www.colorado.com.br\/nosdacem\/wp-content\/uploads\/2024\/11\/WhatsApp-Image-2024-10-16-at-16.02.17-800x800.jpeg 800w\" sizes=\"auto, (max-width: 150px) 100vw, 150px\" \/><\/a>\n\t\t\t<\/dt><\/dl><dl class='gallery-item'>\n\t\t\t<dt class='gallery-icon landscape'>\n\t\t\t\t<a href='https:\/\/www.colorado.com.br\/nosdacem\/wp-content\/uploads\/2024\/11\/WhatsApp-Image-2024-10-16-at-16.04.24.jpeg'><img loading=\"lazy\" decoding=\"async\" width=\"150\" height=\"150\" src=\"https:\/\/www.colorado.com.br\/nosdacem\/wp-content\/uploads\/2024\/11\/WhatsApp-Image-2024-10-16-at-16.04.24-150x150.jpeg\" class=\"attachment-thumbnail size-thumbnail\" alt=\"\" srcset=\"https:\/\/www.colorado.com.br\/nosdacem\/wp-content\/uploads\/2024\/11\/WhatsApp-Image-2024-10-16-at-16.04.24-150x150.jpeg 150w, https:\/\/www.colorado.com.br\/nosdacem\/wp-content\/uploads\/2024\/11\/WhatsApp-Image-2024-10-16-at-16.04.24-140x140.jpeg 140w, https:\/\/www.colorado.com.br\/nosdacem\/wp-content\/uploads\/2024\/11\/WhatsApp-Image-2024-10-16-at-16.04.24-100x100.jpeg 100w, https:\/\/www.colorado.com.br\/nosdacem\/wp-content\/uploads\/2024\/11\/WhatsApp-Image-2024-10-16-at-16.04.24-500x500.jpeg 500w, https:\/\/www.colorado.com.br\/nosdacem\/wp-content\/uploads\/2024\/11\/WhatsApp-Image-2024-10-16-at-16.04.24-350x350.jpeg 350w, https:\/\/www.colorado.com.br\/nosdacem\/wp-content\/uploads\/2024\/11\/WhatsApp-Image-2024-10-16-at-16.04.24-1000x1000.jpeg 1000w, https:\/\/www.colorado.com.br\/nosdacem\/wp-content\/uploads\/2024\/11\/WhatsApp-Image-2024-10-16-at-16.04.24-800x800.jpeg 800w\" sizes=\"auto, (max-width: 150px) 100vw, 150px\" \/><\/a>\n\t\t\t<\/dt><\/dl><br style=\"clear: both\" \/>\n\t\t<\/div>\n\n<\/div>\n<\/div>\n<\/div>\n","protected":false},"excerpt":{"rendered":"<p>Em 16 de outubro de 2024, a Usina CEM promoveu uma a\u00e7\u00e3o de recrutamento e sele\u00e7\u00e3o no PR\u00d3-CIDAD\u00c3O, no Setor S\u00e3o Pedro, em Morrinhos (GO), com o objetivo de identificar&#8230;<\/p>\n","protected":false},"author":2,"featured_media":707,"comment_status":"closed","ping_status":"open","sticky":false,"template":"","format":"standard","meta":{"footnotes":""},"categories":[5],"tags":[],"class_list":{"0":"post-706","1":"post","2":"type-post","3":"status-publish","4":"format-standard","5":"has-post-thumbnail","7":"category-acontece-na-cem"},"yoast_head":"<!-- This site is optimized with the Yoast SEO plugin v22.8 - https:\/\/yoast.com\/wordpress\/plugins\/seo\/ -->\n<title>Usina CEM realiza processo seletivo em Morrinhos para atrair novos talentos - N\u00f3s da CEM - Grupo Colorado<\/title>\n<meta name=\"robots\" content=\"index, follow, max-snippet:-1, max-image-preview:large, max-video-preview:-1\" \/>\n<link rel=\"canonical\" href=\"https:\/\/www.colorado.com.br\/nosdacem\/usina-cem-realiza-processo-seletivo-em-morrinhos-para-atrair-novos-talentos\/\" \/>\n<meta property=\"og:locale\" content=\"pt_BR\" \/>\n<meta property=\"og:type\" content=\"article\" \/>\n<meta property=\"og:title\" content=\"Usina CEM realiza processo seletivo em Morrinhos para atrair novos talentos - N\u00f3s da CEM - Grupo Colorado\" \/>\n<meta property=\"og:description\" content=\"Em 16 de outubro de 2024, a Usina CEM promoveu uma a\u00e7\u00e3o de recrutamento e sele\u00e7\u00e3o no PR\u00d3-CIDAD\u00c3O, no Setor S\u00e3o Pedro, em Morrinhos (GO), com o objetivo de identificar...\" \/>\n<meta property=\"og:url\" content=\"https:\/\/www.colorado.com.br\/nosdacem\/usina-cem-realiza-processo-seletivo-em-morrinhos-para-atrair-novos-talentos\/\" \/>\n<meta property=\"og:site_name\" content=\"N\u00f3s da CEM - Grupo Colorado\" \/>\n<meta property=\"article:published_time\" content=\"2024-10-17T18:13:15+00:00\" \/>\n<meta property=\"article:modified_time\" content=\"2024-11-05T18:29:03+00:00\" \/>\n<meta property=\"og:image\" content=\"https:\/\/www.colorado.com.br\/nosdacem\/wp-content\/uploads\/2024\/11\/WhatsApp-Image-2024-10-16-at-16.02.15.jpeg\" \/>\n\t<meta property=\"og:image:width\" content=\"1200\" \/>\n\t<meta property=\"og:image:height\" content=\"1600\" \/>\n\t<meta property=\"og:image:type\" content=\"image\/jpeg\" \/>\n<meta name=\"author\" content=\"Comunica\u00e7\u00e3o Usina CEM\" \/>\n<meta name=\"twitter:card\" content=\"summary_large_image\" \/>\n<meta name=\"twitter:label1\" content=\"Escrito por\" \/>\n\t<meta name=\"twitter:data1\" content=\"Comunica\u00e7\u00e3o Usina CEM\" \/>\n\t<meta name=\"twitter:label2\" content=\"Est. tempo de leitura\" \/>\n\t<meta name=\"twitter:data2\" content=\"2 minutos\" \/>\n<script type=\"application\/ld+json\" class=\"yoast-schema-graph\">{\"@context\":\"https:\/\/schema.org\",\"@graph\":[{\"@type\":\"WebPage\",\"@id\":\"https:\/\/www.colorado.com.br\/nosdacem\/usina-cem-realiza-processo-seletivo-em-morrinhos-para-atrair-novos-talentos\/\",\"url\":\"https:\/\/www.colorado.com.br\/nosdacem\/usina-cem-realiza-processo-seletivo-em-morrinhos-para-atrair-novos-talentos\/\",\"name\":\"Usina CEM realiza processo seletivo em Morrinhos para atrair novos talentos - N\u00f3s da CEM - Grupo Colorado\",\"isPartOf\":{\"@id\":\"https:\/\/www.colorado.com.br\/nosdacem\/#website\"},\"primaryImageOfPage\":{\"@id\":\"https:\/\/www.colorado.com.br\/nosdacem\/usina-cem-realiza-processo-seletivo-em-morrinhos-para-atrair-novos-talentos\/#primaryimage\"},\"image\":{\"@id\":\"https:\/\/www.colorado.com.br\/nosdacem\/usina-cem-realiza-processo-seletivo-em-morrinhos-para-atrair-novos-talentos\/#primaryimage\"},\"thumbnailUrl\":\"https:\/\/www.colorado.com.br\/nosdacem\/wp-content\/uploads\/2024\/11\/WhatsApp-Image-2024-10-16-at-16.02.15.jpeg\",\"datePublished\":\"2024-10-17T18:13:15+00:00\",\"dateModified\":\"2024-11-05T18:29:03+00:00\",\"author\":{\"@id\":\"https:\/\/www.colorado.com.br\/nosdacem\/#\/schema\/person\/3726a40dd5ef4d59cc077c9ffd3f7adc\"},\"breadcrumb\":{\"@id\":\"https:\/\/www.colorado.com.br\/nosdacem\/usina-cem-realiza-processo-seletivo-em-morrinhos-para-atrair-novos-talentos\/#breadcrumb\"},\"inLanguage\":\"pt-BR\",\"potentialAction\":[{\"@type\":\"ReadAction\",\"target\":[\"https:\/\/www.colorado.com.br\/nosdacem\/usina-cem-realiza-processo-seletivo-em-morrinhos-para-atrair-novos-talentos\/\"]}]},{\"@type\":\"ImageObject\",\"inLanguage\":\"pt-BR\",\"@id\":\"https:\/\/www.colorado.com.br\/nosdacem\/usina-cem-realiza-processo-seletivo-em-morrinhos-para-atrair-novos-talentos\/#primaryimage\",\"url\":\"https:\/\/www.colorado.com.br\/nosdacem\/wp-content\/uploads\/2024\/11\/WhatsApp-Image-2024-10-16-at-16.02.15.jpeg\",\"contentUrl\":\"https:\/\/www.colorado.com.br\/nosdacem\/wp-content\/uploads\/2024\/11\/WhatsApp-Image-2024-10-16-at-16.02.15.jpeg\",\"width\":1200,\"height\":1600},{\"@type\":\"BreadcrumbList\",\"@id\":\"https:\/\/www.colorado.com.br\/nosdacem\/usina-cem-realiza-processo-seletivo-em-morrinhos-para-atrair-novos-talentos\/#breadcrumb\",\"itemListElement\":[{\"@type\":\"ListItem\",\"position\":1,\"name\":\"In\u00edcio\",\"item\":\"https:\/\/www.colorado.com.br\/nosdacem\/\"},{\"@type\":\"ListItem\",\"position\":2,\"name\":\"Usina CEM realiza processo seletivo em Morrinhos para atrair novos talentos\"}]},{\"@type\":\"WebSite\",\"@id\":\"https:\/\/www.colorado.com.br\/nosdacem\/#website\",\"url\":\"https:\/\/www.colorado.com.br\/nosdacem\/\",\"name\":\"N\u00f3s da CEM - Grupo Colorado\",\"description\":\"\",\"potentialAction\":[{\"@type\":\"SearchAction\",\"target\":{\"@type\":\"EntryPoint\",\"urlTemplate\":\"https:\/\/www.colorado.com.br\/nosdacem\/?s={search_term_string}\"},\"query-input\":\"required name=search_term_string\"}],\"inLanguage\":\"pt-BR\"},{\"@type\":\"Person\",\"@id\":\"https:\/\/www.colorado.com.br\/nosdacem\/#\/schema\/person\/3726a40dd5ef4d59cc077c9ffd3f7adc\",\"name\":\"Comunica\u00e7\u00e3o Usina CEM\",\"image\":{\"@type\":\"ImageObject\",\"inLanguage\":\"pt-BR\",\"@id\":\"https:\/\/www.colorado.com.br\/nosdacem\/#\/schema\/person\/image\/\",\"url\":\"https:\/\/secure.gravatar.com\/avatar\/30ab67a54f0ed2bacc1ea56b690f4962c9e3744ddbb8ba60281b2bb679ae4dd6?s=96&d=mm&r=g\",\"contentUrl\":\"https:\/\/secure.gravatar.com\/avatar\/30ab67a54f0ed2bacc1ea56b690f4962c9e3744ddbb8ba60281b2bb679ae4dd6?s=96&d=mm&r=g\",\"caption\":\"Comunica\u00e7\u00e3o Usina CEM\"},\"url\":\"https:\/\/www.colorado.com.br\/nosdacem\/author\/usinacem\/\"}]}<\/script>\n<!-- \/ Yoast SEO plugin. -->","yoast_head_json":{"title":"Usina CEM realiza processo seletivo em Morrinhos para atrair novos talentos - N\u00f3s da CEM - Grupo Colorado","robots":{"index":"index","follow":"follow","max-snippet":"max-snippet:-1","max-image-preview":"max-image-preview:large","max-video-preview":"max-video-preview:-1"},"canonical":"https:\/\/www.colorado.com.br\/nosdacem\/usina-cem-realiza-processo-seletivo-em-morrinhos-para-atrair-novos-talentos\/","og_locale":"pt_BR","og_type":"article","og_title":"Usina CEM realiza processo seletivo em Morrinhos para atrair novos talentos - N\u00f3s da CEM - Grupo Colorado","og_description":"Em 16 de outubro de 2024, a Usina CEM promoveu uma a\u00e7\u00e3o de recrutamento e sele\u00e7\u00e3o no PR\u00d3-CIDAD\u00c3O, no Setor S\u00e3o Pedro, em Morrinhos (GO), com o objetivo de identificar...","og_url":"https:\/\/www.colorado.com.br\/nosdacem\/usina-cem-realiza-processo-seletivo-em-morrinhos-para-atrair-novos-talentos\/","og_site_name":"N\u00f3s da CEM - Grupo Colorado","article_published_time":"2024-10-17T18:13:15+00:00","article_modified_time":"2024-11-05T18:29:03+00:00","og_image":[{"width":1200,"height":1600,"url":"https:\/\/www.colorado.com.br\/nosdacem\/wp-content\/uploads\/2024\/11\/WhatsApp-Image-2024-10-16-at-16.02.15.jpeg","type":"image\/jpeg"}],"author":"Comunica\u00e7\u00e3o Usina CEM","twitter_card":"summary_large_image","twitter_misc":{"Escrito por":"Comunica\u00e7\u00e3o Usina CEM","Est. tempo de leitura":"2 minutos"},"schema":{"@context":"https:\/\/schema.org","@graph":[{"@type":"WebPage","@id":"https:\/\/www.colorado.com.br\/nosdacem\/usina-cem-realiza-processo-seletivo-em-morrinhos-para-atrair-novos-talentos\/","url":"https:\/\/www.colorado.com.br\/nosdacem\/usina-cem-realiza-processo-seletivo-em-morrinhos-para-atrair-novos-talentos\/","name":"Usina CEM realiza processo seletivo em Morrinhos para atrair novos talentos - N\u00f3s da CEM - Grupo Colorado","isPartOf":{"@id":"https:\/\/www.colorado.com.br\/nosdacem\/#website"},"primaryImageOfPage":{"@id":"https:\/\/www.colorado.com.br\/nosdacem\/usina-cem-realiza-processo-seletivo-em-morrinhos-para-atrair-novos-talentos\/#primaryimage"},"image":{"@id":"https:\/\/www.colorado.com.br\/nosdacem\/usina-cem-realiza-processo-seletivo-em-morrinhos-para-atrair-novos-talentos\/#primaryimage"},"thumbnailUrl":"https:\/\/www.colorado.com.br\/nosdacem\/wp-content\/uploads\/2024\/11\/WhatsApp-Image-2024-10-16-at-16.02.15.jpeg","datePublished":"2024-10-17T18:13:15+00:00","dateModified":"2024-11-05T18:29:03+00:00","author":{"@id":"https:\/\/www.colorado.com.br\/nosdacem\/#\/schema\/person\/3726a40dd5ef4d59cc077c9ffd3f7adc"},"breadcrumb":{"@id":"https:\/\/www.colorado.com.br\/nosdacem\/usina-cem-realiza-processo-seletivo-em-morrinhos-para-atrair-novos-talentos\/#breadcrumb"},"inLanguage":"pt-BR","potentialAction":[{"@type":"ReadAction","target":["https:\/\/www.colorado.com.br\/nosdacem\/usina-cem-realiza-processo-seletivo-em-morrinhos-para-atrair-novos-talentos\/"]}]},{"@type":"ImageObject","inLanguage":"pt-BR","@id":"https:\/\/www.colorado.com.br\/nosdacem\/usina-cem-realiza-processo-seletivo-em-morrinhos-para-atrair-novos-talentos\/#primaryimage","url":"https:\/\/www.colorado.com.br\/nosdacem\/wp-content\/uploads\/2024\/11\/WhatsApp-Image-2024-10-16-at-16.02.15.jpeg","contentUrl":"https:\/\/www.colorado.com.br\/nosdacem\/wp-content\/uploads\/2024\/11\/WhatsApp-Image-2024-10-16-at-16.02.15.jpeg","width":1200,"height":1600},{"@type":"BreadcrumbList","@id":"https:\/\/www.colorado.com.br\/nosdacem\/usina-cem-realiza-processo-seletivo-em-morrinhos-para-atrair-novos-talentos\/#breadcrumb","itemListElement":[{"@type":"ListItem","position":1,"name":"In\u00edcio","item":"https:\/\/www.colorado.com.br\/nosdacem\/"},{"@type":"ListItem","position":2,"name":"Usina CEM realiza processo seletivo em Morrinhos para atrair novos talentos"}]},{"@type":"WebSite","@id":"https:\/\/www.colorado.com.br\/nosdacem\/#website","url":"https:\/\/www.colorado.com.br\/nosdacem\/","name":"N\u00f3s da CEM - Grupo Colorado","description":"","potentialAction":[{"@type":"SearchAction","target":{"@type":"EntryPoint","urlTemplate":"https:\/\/www.colorado.com.br\/nosdacem\/?s={search_term_string}"},"query-input":"required name=search_term_string"}],"inLanguage":"pt-BR"},{"@type":"Person","@id":"https:\/\/www.colorado.com.br\/nosdacem\/#\/schema\/person\/3726a40dd5ef4d59cc077c9ffd3f7adc","name":"Comunica\u00e7\u00e3o Usina CEM","image":{"@type":"ImageObject","inLanguage":"pt-BR","@id":"https:\/\/www.colorado.com.br\/nosdacem\/#\/schema\/person\/image\/","url":"https:\/\/secure.gravatar.com\/avatar\/30ab67a54f0ed2bacc1ea56b690f4962c9e3744ddbb8ba60281b2bb679ae4dd6?s=96&d=mm&r=g","contentUrl":"https:\/\/secure.gravatar.com\/avatar\/30ab67a54f0ed2bacc1ea56b690f4962c9e3744ddbb8ba60281b2bb679ae4dd6?s=96&d=mm&r=g","caption":"Comunica\u00e7\u00e3o Usina CEM"},"url":"https:\/\/www.colorado.com.br\/nosdacem\/author\/usinacem\/"}]}},"_links":{"self":[{"href":"https:\/\/www.colorado.com.br\/nosdacem\/wp-json\/wp\/v2\/posts\/706","targetHints":{"allow":["GET"]}}],"collection":[{"href":"https:\/\/www.colorado.com.br\/nosdacem\/wp-json\/wp\/v2\/posts"}],"about":[{"href":"https:\/\/www.colorado.com.br\/nosdacem\/wp-json\/wp\/v2\/types\/post"}],"author":[{"embeddable":true,"href":"https:\/\/www.colorado.com.br\/nosdacem\/wp-json\/wp\/v2\/users\/2"}],"replies":[{"embeddable":true,"href":"https:\/\/www.colorado.com.br\/nosdacem\/wp-json\/wp\/v2\/comments?post=706"}],"version-history":[{"count":1,"href":"https:\/\/www.colorado.com.br\/nosdacem\/wp-json\/wp\/v2\/posts\/706\/revisions"}],"predecessor-version":[{"id":711,"href":"https:\/\/www.colorado.com.br\/nosdacem\/wp-json\/wp\/v2\/posts\/706\/revisions\/711"}],"wp:featuredmedia":[{"embeddable":true,"href":"https:\/\/www.colorado.com.br\/nosdacem\/wp-json\/wp\/v2\/media\/707"}],"wp:attachment":[{"href":"https:\/\/www.colorado.com.br\/nosdacem\/wp-json\/wp\/v2\/media?parent=706"}],"wp:term":[{"taxonomy":"category","embeddable":true,"href":"https:\/\/www.colorado.com.br\/nosdacem\/wp-json\/wp\/v2\/categories?post=706"},{"taxonomy":"post_tag","embeddable":true,"href":"https:\/\/www.colorado.com.br\/nosdacem\/wp-json\/wp\/v2\/tags?post=706"}],"curies":[{"name":"wp","href":"https:\/\/api.w.org\/{rel}","templated":true}]}}