{"id":887,"date":"2024-12-04T08:21:55","date_gmt":"2024-12-04T11:21:55","guid":{"rendered":"https:\/\/www.colorado.com.br\/nosdacem\/?p=887"},"modified":"2024-12-04T08:21:55","modified_gmt":"2024-12-04T11:21:55","slug":"usina-cem-realiza-campanha-novembro-azul-com-enfase-na-saude-masculina","status":"publish","type":"post","link":"https:\/\/www.colorado.com.br\/nosdacem\/usina-cem-realiza-campanha-novembro-azul-com-enfase-na-saude-masculina\/","title":{"rendered":"Usina CEM Realiza Campanha Novembro Azul com \u00canfase na Sa\u00fade Masculina"},"content":{"rendered":"<p style=\"font-weight: 400;\">No \u00faltimo m\u00eas de novembro, a Central Energ\u00e9tica Morrinhos (CEM) promoveu uma s\u00e9rie de a\u00e7\u00f5es voltadas \u00e0 conscientiza\u00e7\u00e3o sobre a sa\u00fade masculina, dentro da campanha\u00a0<strong>Novembro Azul<\/strong>. O evento, realizado entre os dias 7 e 26 de novembro, beneficiou diretamente\u00a0<strong>605 colaboradores<\/strong>\u00a0da empresa, abrangendo as \u00e1reas administrativas, agr\u00edcolas,\u00a0industrial\u00a0e frentes de trabalho.<\/p>\n<p style=\"font-weight: 400;\"><strong>A\u00e7\u00f5es Realizadas<\/strong><\/p>\n<p style=\"font-weight: 400;\">A campanha contou com visitas realizadas por t\u00e9cnicos de enfermagem a cada \u00e1rea de trabalho, levando informa\u00e7\u00f5es sobre preven\u00e7\u00e3o e diagn\u00f3stico precoce do c\u00e2ncer de pr\u00f3stata, al\u00e9m de orienta\u00e7\u00f5es sobre sa\u00fade f\u00edsica e mental. Essa abordagem itinerante garantiu que in\u00fameros colaboradores fossem alcan\u00e7ados, independentemente do setor onde atuam.<\/p>\n<p style=\"font-weight: 400;\"><strong>Por que o Novembro Azul \u00e9 Importante?<\/strong><\/p>\n<p style=\"font-weight: 400;\">A iniciativa teve como principal objetivo promover a conscientiza\u00e7\u00e3o sobre a preven\u00e7\u00e3o do c\u00e2ncer de pr\u00f3stata e outras doen\u00e7as masculinas. O diagn\u00f3stico precoce \u00e9 fundamental, especialmente para homens com mais de 50 anos ou com hist\u00f3rico familiar da doen\u00e7a. Al\u00e9m disso, a campanha buscou:<\/p>\n<ul style=\"font-weight: 400;\">\n<li><strong>Informar sobre sa\u00fade masculina:<\/strong>\u00a0Abrangendo n\u00e3o apenas o c\u00e2ncer de pr\u00f3stata, mas tamb\u00e9m doen\u00e7as cardiovasculares, diabetes e sa\u00fade mental.<\/li>\n<li><strong>Incentivar h\u00e1bitos saud\u00e1veis:<\/strong>\u00a0Como a pr\u00e1tica regular de atividades f\u00edsicas, alimenta\u00e7\u00e3o balanceada e a realiza\u00e7\u00e3o de exames preventivos.<\/li>\n<li><strong>Quebrar tabus:<\/strong>\u00a0Criando um ambiente onde os homens se sintam confort\u00e1veis para discutir quest\u00f5es de sa\u00fade sem preconceitos.<\/li>\n<li><strong>Promover o bem-estar mental:<\/strong>\u00a0Estimulando o cuidado com a sa\u00fade emocional e a busca de apoio psicol\u00f3gico.<\/li>\n<\/ul>\n<p style=\"font-weight: 400;\"><strong>Compromisso Corporativo<\/strong><\/p>\n<p style=\"font-weight: 400;\">A Usina CEM refor\u00e7ou, por meio da campanha, seu compromisso com a sa\u00fade e o bem-estar dos colaboradores. Ao integrar a\u00e7\u00f5es do Novembro Azul em sua rotina corporativa, a empresa demonstra n\u00e3o apenas preocupa\u00e7\u00e3o com a sa\u00fade f\u00edsica, mas tamb\u00e9m com a cria\u00e7\u00e3o de uma cultura organizacional mais inclusiva e acolhedora.<\/p>\n<p style=\"font-weight: 400;\">Essa iniciativa \u00e9 mais uma prova de que, al\u00e9m de gerar energia, a CEM tamb\u00e9m ilumina a vida de seus funcion\u00e1rios, promovendo sa\u00fade, qualidade de vida e conscientiza\u00e7\u00e3o.<\/p>\n<p>&nbsp;<\/p>\n\n\t\t<style type=\"text\/css\">\n\t\t\t#gallery-1 {\n\t\t\t\tmargin: auto;\n\t\t\t}\n\t\t\t#gallery-1 .gallery-item {\n\t\t\t\tfloat: left;\n\t\t\t\tmargin-top: 10px;\n\t\t\t\ttext-align: center;\n\t\t\t\twidth: 20%;\n\t\t\t}\n\t\t\t#gallery-1 img {\n\t\t\t\tborder: 2px solid #cfcfcf;\n\t\t\t}\n\t\t\t#gallery-1 .gallery-caption {\n\t\t\t\tmargin-left: 0;\n\t\t\t}\n\t\t\t\/* see gallery_shortcode() in wp-includes\/media.php *\/\n\t\t<\/style>\n\t\t<div id='gallery-1' class='gallery galleryid-887 gallery-columns-5 gallery-size-thumbnail'><dl class='gallery-item'>\n\t\t\t<dt class='gallery-icon portrait'>\n\t\t\t\t<a href='https:\/\/www.colorado.com.br\/nosdacem\/wp-content\/uploads\/2024\/12\/nvaz-cem-15.jpg'><img loading=\"lazy\" decoding=\"async\" width=\"150\" height=\"150\" src=\"https:\/\/www.colorado.com.br\/nosdacem\/wp-content\/uploads\/2024\/12\/nvaz-cem-15-150x150.jpg\" class=\"attachment-thumbnail size-thumbnail\" alt=\"\" srcset=\"https:\/\/www.colorado.com.br\/nosdacem\/wp-content\/uploads\/2024\/12\/nvaz-cem-15-150x150.jpg 150w, https:\/\/www.colorado.com.br\/nosdacem\/wp-content\/uploads\/2024\/12\/nvaz-cem-15-140x140.jpg 140w, https:\/\/www.colorado.com.br\/nosdacem\/wp-content\/uploads\/2024\/12\/nvaz-cem-15-100x100.jpg 100w, https:\/\/www.colorado.com.br\/nosdacem\/wp-content\/uploads\/2024\/12\/nvaz-cem-15-500x500.jpg 500w, https:\/\/www.colorado.com.br\/nosdacem\/wp-content\/uploads\/2024\/12\/nvaz-cem-15-350x350.jpg 350w, https:\/\/www.colorado.com.br\/nosdacem\/wp-content\/uploads\/2024\/12\/nvaz-cem-15-800x800.jpg 800w\" sizes=\"auto, (max-width: 150px) 100vw, 150px\" \/><\/a>\n\t\t\t<\/dt><\/dl><dl class='gallery-item'>\n\t\t\t<dt class='gallery-icon portrait'>\n\t\t\t\t<a href='https:\/\/www.colorado.com.br\/nosdacem\/wp-content\/uploads\/2024\/12\/nvaz-cem-1.jpg'><img loading=\"lazy\" decoding=\"async\" width=\"150\" height=\"150\" src=\"https:\/\/www.colorado.com.br\/nosdacem\/wp-content\/uploads\/2024\/12\/nvaz-cem-1-150x150.jpg\" class=\"attachment-thumbnail size-thumbnail\" alt=\"\" srcset=\"https:\/\/www.colorado.com.br\/nosdacem\/wp-content\/uploads\/2024\/12\/nvaz-cem-1-150x150.jpg 150w, https:\/\/www.colorado.com.br\/nosdacem\/wp-content\/uploads\/2024\/12\/nvaz-cem-1-140x140.jpg 140w, https:\/\/www.colorado.com.br\/nosdacem\/wp-content\/uploads\/2024\/12\/nvaz-cem-1-100x100.jpg 100w, https:\/\/www.colorado.com.br\/nosdacem\/wp-content\/uploads\/2024\/12\/nvaz-cem-1-500x500.jpg 500w, https:\/\/www.colorado.com.br\/nosdacem\/wp-content\/uploads\/2024\/12\/nvaz-cem-1-350x350.jpg 350w\" sizes=\"auto, (max-width: 150px) 100vw, 150px\" \/><\/a>\n\t\t\t<\/dt><\/dl><dl class='gallery-item'>\n\t\t\t<dt class='gallery-icon landscape'>\n\t\t\t\t<a href='https:\/\/www.colorado.com.br\/nosdacem\/wp-content\/uploads\/2024\/12\/nvaz-cem-2.jpg'><img loading=\"lazy\" decoding=\"async\" width=\"150\" height=\"150\" src=\"https:\/\/www.colorado.com.br\/nosdacem\/wp-content\/uploads\/2024\/12\/nvaz-cem-2-150x150.jpg\" class=\"attachment-thumbnail size-thumbnail\" alt=\"\" srcset=\"https:\/\/www.colorado.com.br\/nosdacem\/wp-content\/uploads\/2024\/12\/nvaz-cem-2-150x150.jpg 150w, https:\/\/www.colorado.com.br\/nosdacem\/wp-content\/uploads\/2024\/12\/nvaz-cem-2-140x140.jpg 140w, https:\/\/www.colorado.com.br\/nosdacem\/wp-content\/uploads\/2024\/12\/nvaz-cem-2-100x100.jpg 100w, https:\/\/www.colorado.com.br\/nosdacem\/wp-content\/uploads\/2024\/12\/nvaz-cem-2-500x500.jpg 500w, https:\/\/www.colorado.com.br\/nosdacem\/wp-content\/uploads\/2024\/12\/nvaz-cem-2-350x350.jpg 350w, https:\/\/www.colorado.com.br\/nosdacem\/wp-content\/uploads\/2024\/12\/nvaz-cem-2-800x800.jpg 800w\" sizes=\"auto, (max-width: 150px) 100vw, 150px\" \/><\/a>\n\t\t\t<\/dt><\/dl><dl class='gallery-item'>\n\t\t\t<dt class='gallery-icon landscape'>\n\t\t\t\t<a href='https:\/\/www.colorado.com.br\/nosdacem\/wp-content\/uploads\/2024\/12\/nvaz-cem-3.jpg'><img loading=\"lazy\" decoding=\"async\" width=\"150\" height=\"150\" src=\"https:\/\/www.colorado.com.br\/nosdacem\/wp-content\/uploads\/2024\/12\/nvaz-cem-3-150x150.jpg\" class=\"attachment-thumbnail size-thumbnail\" alt=\"\" srcset=\"https:\/\/www.colorado.com.br\/nosdacem\/wp-content\/uploads\/2024\/12\/nvaz-cem-3-150x150.jpg 150w, https:\/\/www.colorado.com.br\/nosdacem\/wp-content\/uploads\/2024\/12\/nvaz-cem-3-140x140.jpg 140w, https:\/\/www.colorado.com.br\/nosdacem\/wp-content\/uploads\/2024\/12\/nvaz-cem-3-100x100.jpg 100w, https:\/\/www.colorado.com.br\/nosdacem\/wp-content\/uploads\/2024\/12\/nvaz-cem-3-500x500.jpg 500w, https:\/\/www.colorado.com.br\/nosdacem\/wp-content\/uploads\/2024\/12\/nvaz-cem-3-350x350.jpg 350w, https:\/\/www.colorado.com.br\/nosdacem\/wp-content\/uploads\/2024\/12\/nvaz-cem-3-800x800.jpg 800w\" sizes=\"auto, (max-width: 150px) 100vw, 150px\" \/><\/a>\n\t\t\t<\/dt><\/dl><dl class='gallery-item'>\n\t\t\t<dt class='gallery-icon portrait'>\n\t\t\t\t<a href='https:\/\/www.colorado.com.br\/nosdacem\/wp-content\/uploads\/2024\/12\/nvaz-cem-4.jpg'><img loading=\"lazy\" decoding=\"async\" width=\"150\" height=\"150\" src=\"https:\/\/www.colorado.com.br\/nosdacem\/wp-content\/uploads\/2024\/12\/nvaz-cem-4-150x150.jpg\" class=\"attachment-thumbnail size-thumbnail\" alt=\"\" srcset=\"https:\/\/www.colorado.com.br\/nosdacem\/wp-content\/uploads\/2024\/12\/nvaz-cem-4-150x150.jpg 150w, https:\/\/www.colorado.com.br\/nosdacem\/wp-content\/uploads\/2024\/12\/nvaz-cem-4-140x140.jpg 140w, https:\/\/www.colorado.com.br\/nosdacem\/wp-content\/uploads\/2024\/12\/nvaz-cem-4-100x100.jpg 100w, https:\/\/www.colorado.com.br\/nosdacem\/wp-content\/uploads\/2024\/12\/nvaz-cem-4-500x500.jpg 500w, https:\/\/www.colorado.com.br\/nosdacem\/wp-content\/uploads\/2024\/12\/nvaz-cem-4-350x350.jpg 350w\" sizes=\"auto, (max-width: 150px) 100vw, 150px\" \/><\/a>\n\t\t\t<\/dt><\/dl><br style=\"clear: both\" \/><dl class='gallery-item'>\n\t\t\t<dt class='gallery-icon portrait'>\n\t\t\t\t<a href='https:\/\/www.colorado.com.br\/nosdacem\/wp-content\/uploads\/2024\/12\/nvaz-cem-5.jpg'><img loading=\"lazy\" decoding=\"async\" width=\"150\" height=\"150\" src=\"https:\/\/www.colorado.com.br\/nosdacem\/wp-content\/uploads\/2024\/12\/nvaz-cem-5-150x150.jpg\" class=\"attachment-thumbnail size-thumbnail\" alt=\"\" srcset=\"https:\/\/www.colorado.com.br\/nosdacem\/wp-content\/uploads\/2024\/12\/nvaz-cem-5-150x150.jpg 150w, https:\/\/www.colorado.com.br\/nosdacem\/wp-content\/uploads\/2024\/12\/nvaz-cem-5-140x140.jpg 140w, https:\/\/www.colorado.com.br\/nosdacem\/wp-content\/uploads\/2024\/12\/nvaz-cem-5-100x100.jpg 100w, https:\/\/www.colorado.com.br\/nosdacem\/wp-content\/uploads\/2024\/12\/nvaz-cem-5-500x500.jpg 500w, https:\/\/www.colorado.com.br\/nosdacem\/wp-content\/uploads\/2024\/12\/nvaz-cem-5-350x350.jpg 350w\" sizes=\"auto, (max-width: 150px) 100vw, 150px\" \/><\/a>\n\t\t\t<\/dt><\/dl><dl class='gallery-item'>\n\t\t\t<dt class='gallery-icon landscape'>\n\t\t\t\t<a href='https:\/\/www.colorado.com.br\/nosdacem\/wp-content\/uploads\/2024\/12\/nvaz-cem-6.jpg'><img loading=\"lazy\" decoding=\"async\" width=\"150\" height=\"150\" src=\"https:\/\/www.colorado.com.br\/nosdacem\/wp-content\/uploads\/2024\/12\/nvaz-cem-6-150x150.jpg\" class=\"attachment-thumbnail size-thumbnail\" alt=\"\" srcset=\"https:\/\/www.colorado.com.br\/nosdacem\/wp-content\/uploads\/2024\/12\/nvaz-cem-6-150x150.jpg 150w, https:\/\/www.colorado.com.br\/nosdacem\/wp-content\/uploads\/2024\/12\/nvaz-cem-6-140x140.jpg 140w, https:\/\/www.colorado.com.br\/nosdacem\/wp-content\/uploads\/2024\/12\/nvaz-cem-6-100x100.jpg 100w, https:\/\/www.colorado.com.br\/nosdacem\/wp-content\/uploads\/2024\/12\/nvaz-cem-6-500x500.jpg 500w, https:\/\/www.colorado.com.br\/nosdacem\/wp-content\/uploads\/2024\/12\/nvaz-cem-6-350x350.jpg 350w, https:\/\/www.colorado.com.br\/nosdacem\/wp-content\/uploads\/2024\/12\/nvaz-cem-6-800x800.jpg 800w\" sizes=\"auto, (max-width: 150px) 100vw, 150px\" \/><\/a>\n\t\t\t<\/dt><\/dl><dl class='gallery-item'>\n\t\t\t<dt class='gallery-icon landscape'>\n\t\t\t\t<a href='https:\/\/www.colorado.com.br\/nosdacem\/wp-content\/uploads\/2024\/12\/nvaz-cem-7.jpg'><img loading=\"lazy\" decoding=\"async\" width=\"150\" height=\"150\" src=\"https:\/\/www.colorado.com.br\/nosdacem\/wp-content\/uploads\/2024\/12\/nvaz-cem-7-150x150.jpg\" class=\"attachment-thumbnail size-thumbnail\" alt=\"\" srcset=\"https:\/\/www.colorado.com.br\/nosdacem\/wp-content\/uploads\/2024\/12\/nvaz-cem-7-150x150.jpg 150w, https:\/\/www.colorado.com.br\/nosdacem\/wp-content\/uploads\/2024\/12\/nvaz-cem-7-140x140.jpg 140w, https:\/\/www.colorado.com.br\/nosdacem\/wp-content\/uploads\/2024\/12\/nvaz-cem-7-100x100.jpg 100w, https:\/\/www.colorado.com.br\/nosdacem\/wp-content\/uploads\/2024\/12\/nvaz-cem-7-500x500.jpg 500w, https:\/\/www.colorado.com.br\/nosdacem\/wp-content\/uploads\/2024\/12\/nvaz-cem-7-350x350.jpg 350w, https:\/\/www.colorado.com.br\/nosdacem\/wp-content\/uploads\/2024\/12\/nvaz-cem-7-800x800.jpg 800w\" sizes=\"auto, (max-width: 150px) 100vw, 150px\" \/><\/a>\n\t\t\t<\/dt><\/dl><dl class='gallery-item'>\n\t\t\t<dt class='gallery-icon portrait'>\n\t\t\t\t<a href='https:\/\/www.colorado.com.br\/nosdacem\/wp-content\/uploads\/2024\/12\/nvaz-cem-8.jpg'><img loading=\"lazy\" decoding=\"async\" width=\"150\" height=\"150\" src=\"https:\/\/www.colorado.com.br\/nosdacem\/wp-content\/uploads\/2024\/12\/nvaz-cem-8-150x150.jpg\" class=\"attachment-thumbnail size-thumbnail\" alt=\"\" srcset=\"https:\/\/www.colorado.com.br\/nosdacem\/wp-content\/uploads\/2024\/12\/nvaz-cem-8-150x150.jpg 150w, https:\/\/www.colorado.com.br\/nosdacem\/wp-content\/uploads\/2024\/12\/nvaz-cem-8-140x140.jpg 140w, https:\/\/www.colorado.com.br\/nosdacem\/wp-content\/uploads\/2024\/12\/nvaz-cem-8-100x100.jpg 100w, https:\/\/www.colorado.com.br\/nosdacem\/wp-content\/uploads\/2024\/12\/nvaz-cem-8-500x500.jpg 500w, https:\/\/www.colorado.com.br\/nosdacem\/wp-content\/uploads\/2024\/12\/nvaz-cem-8-350x350.jpg 350w, https:\/\/www.colorado.com.br\/nosdacem\/wp-content\/uploads\/2024\/12\/nvaz-cem-8-800x800.jpg 800w\" sizes=\"auto, (max-width: 150px) 100vw, 150px\" \/><\/a>\n\t\t\t<\/dt><\/dl><dl class='gallery-item'>\n\t\t\t<dt class='gallery-icon landscape'>\n\t\t\t\t<a href='https:\/\/www.colorado.com.br\/nosdacem\/wp-content\/uploads\/2024\/12\/nvaz-cem-9.jpg'><img loading=\"lazy\" decoding=\"async\" width=\"150\" height=\"150\" src=\"https:\/\/www.colorado.com.br\/nosdacem\/wp-content\/uploads\/2024\/12\/nvaz-cem-9-150x150.jpg\" class=\"attachment-thumbnail size-thumbnail\" alt=\"\" srcset=\"https:\/\/www.colorado.com.br\/nosdacem\/wp-content\/uploads\/2024\/12\/nvaz-cem-9-150x150.jpg 150w, https:\/\/www.colorado.com.br\/nosdacem\/wp-content\/uploads\/2024\/12\/nvaz-cem-9-140x140.jpg 140w, https:\/\/www.colorado.com.br\/nosdacem\/wp-content\/uploads\/2024\/12\/nvaz-cem-9-100x100.jpg 100w, https:\/\/www.colorado.com.br\/nosdacem\/wp-content\/uploads\/2024\/12\/nvaz-cem-9-500x500.jpg 500w, https:\/\/www.colorado.com.br\/nosdacem\/wp-content\/uploads\/2024\/12\/nvaz-cem-9-350x350.jpg 350w, https:\/\/www.colorado.com.br\/nosdacem\/wp-content\/uploads\/2024\/12\/nvaz-cem-9-800x800.jpg 800w\" sizes=\"auto, (max-width: 150px) 100vw, 150px\" \/><\/a>\n\t\t\t<\/dt><\/dl><br style=\"clear: both\" \/><dl class='gallery-item'>\n\t\t\t<dt class='gallery-icon landscape'>\n\t\t\t\t<a href='https:\/\/www.colorado.com.br\/nosdacem\/wp-content\/uploads\/2024\/12\/nvaz-cem-10-rotated.jpg'><img loading=\"lazy\" decoding=\"async\" width=\"150\" height=\"150\" src=\"https:\/\/www.colorado.com.br\/nosdacem\/wp-content\/uploads\/2024\/12\/nvaz-cem-10-150x150.jpg\" class=\"attachment-thumbnail size-thumbnail\" alt=\"\" srcset=\"https:\/\/www.colorado.com.br\/nosdacem\/wp-content\/uploads\/2024\/12\/nvaz-cem-10-150x150.jpg 150w, https:\/\/www.colorado.com.br\/nosdacem\/wp-content\/uploads\/2024\/12\/nvaz-cem-10-140x140.jpg 140w, https:\/\/www.colorado.com.br\/nosdacem\/wp-content\/uploads\/2024\/12\/nvaz-cem-10-100x100.jpg 100w, https:\/\/www.colorado.com.br\/nosdacem\/wp-content\/uploads\/2024\/12\/nvaz-cem-10-500x500.jpg 500w, https:\/\/www.colorado.com.br\/nosdacem\/wp-content\/uploads\/2024\/12\/nvaz-cem-10-350x350.jpg 350w\" sizes=\"auto, (max-width: 150px) 100vw, 150px\" \/><\/a>\n\t\t\t<\/dt><\/dl><dl class='gallery-item'>\n\t\t\t<dt class='gallery-icon landscape'>\n\t\t\t\t<a href='https:\/\/www.colorado.com.br\/nosdacem\/wp-content\/uploads\/2024\/12\/nvaz-cem-11-rotated.jpg'><img loading=\"lazy\" decoding=\"async\" width=\"150\" height=\"150\" src=\"https:\/\/www.colorado.com.br\/nosdacem\/wp-content\/uploads\/2024\/12\/nvaz-cem-11-150x150.jpg\" class=\"attachment-thumbnail size-thumbnail\" alt=\"\" srcset=\"https:\/\/www.colorado.com.br\/nosdacem\/wp-content\/uploads\/2024\/12\/nvaz-cem-11-150x150.jpg 150w, https:\/\/www.colorado.com.br\/nosdacem\/wp-content\/uploads\/2024\/12\/nvaz-cem-11-140x140.jpg 140w, https:\/\/www.colorado.com.br\/nosdacem\/wp-content\/uploads\/2024\/12\/nvaz-cem-11-100x100.jpg 100w, https:\/\/www.colorado.com.br\/nosdacem\/wp-content\/uploads\/2024\/12\/nvaz-cem-11-500x500.jpg 500w, https:\/\/www.colorado.com.br\/nosdacem\/wp-content\/uploads\/2024\/12\/nvaz-cem-11-350x350.jpg 350w\" sizes=\"auto, (max-width: 150px) 100vw, 150px\" \/><\/a>\n\t\t\t<\/dt><\/dl><dl class='gallery-item'>\n\t\t\t<dt class='gallery-icon portrait'>\n\t\t\t\t<a href='https:\/\/www.colorado.com.br\/nosdacem\/wp-content\/uploads\/2024\/12\/nvaz-cem-12.jpg'><img loading=\"lazy\" decoding=\"async\" width=\"150\" height=\"150\" src=\"https:\/\/www.colorado.com.br\/nosdacem\/wp-content\/uploads\/2024\/12\/nvaz-cem-12-150x150.jpg\" class=\"attachment-thumbnail size-thumbnail\" alt=\"\" srcset=\"https:\/\/www.colorado.com.br\/nosdacem\/wp-content\/uploads\/2024\/12\/nvaz-cem-12-150x150.jpg 150w, https:\/\/www.colorado.com.br\/nosdacem\/wp-content\/uploads\/2024\/12\/nvaz-cem-12-140x140.jpg 140w, https:\/\/www.colorado.com.br\/nosdacem\/wp-content\/uploads\/2024\/12\/nvaz-cem-12-100x100.jpg 100w, https:\/\/www.colorado.com.br\/nosdacem\/wp-content\/uploads\/2024\/12\/nvaz-cem-12-500x500.jpg 500w, https:\/\/www.colorado.com.br\/nosdacem\/wp-content\/uploads\/2024\/12\/nvaz-cem-12-350x350.jpg 350w\" sizes=\"auto, (max-width: 150px) 100vw, 150px\" \/><\/a>\n\t\t\t<\/dt><\/dl><dl class='gallery-item'>\n\t\t\t<dt class='gallery-icon portrait'>\n\t\t\t\t<a href='https:\/\/www.colorado.com.br\/nosdacem\/wp-content\/uploads\/2024\/12\/nvaz-cem-13.jpg'><img loading=\"lazy\" decoding=\"async\" width=\"150\" height=\"150\" src=\"https:\/\/www.colorado.com.br\/nosdacem\/wp-content\/uploads\/2024\/12\/nvaz-cem-13-150x150.jpg\" class=\"attachment-thumbnail size-thumbnail\" alt=\"\" srcset=\"https:\/\/www.colorado.com.br\/nosdacem\/wp-content\/uploads\/2024\/12\/nvaz-cem-13-150x150.jpg 150w, https:\/\/www.colorado.com.br\/nosdacem\/wp-content\/uploads\/2024\/12\/nvaz-cem-13-140x140.jpg 140w, https:\/\/www.colorado.com.br\/nosdacem\/wp-content\/uploads\/2024\/12\/nvaz-cem-13-100x100.jpg 100w, https:\/\/www.colorado.com.br\/nosdacem\/wp-content\/uploads\/2024\/12\/nvaz-cem-13-500x500.jpg 500w, https:\/\/www.colorado.com.br\/nosdacem\/wp-content\/uploads\/2024\/12\/nvaz-cem-13-350x350.jpg 350w\" sizes=\"auto, (max-width: 150px) 100vw, 150px\" \/><\/a>\n\t\t\t<\/dt><\/dl><dl class='gallery-item'>\n\t\t\t<dt class='gallery-icon portrait'>\n\t\t\t\t<a href='https:\/\/www.colorado.com.br\/nosdacem\/wp-content\/uploads\/2024\/12\/nvaz-cem-14.jpg'><img loading=\"lazy\" decoding=\"async\" width=\"150\" height=\"150\" src=\"https:\/\/www.colorado.com.br\/nosdacem\/wp-content\/uploads\/2024\/12\/nvaz-cem-14-150x150.jpg\" class=\"attachment-thumbnail size-thumbnail\" alt=\"\" srcset=\"https:\/\/www.colorado.com.br\/nosdacem\/wp-content\/uploads\/2024\/12\/nvaz-cem-14-150x150.jpg 150w, https:\/\/www.colorado.com.br\/nosdacem\/wp-content\/uploads\/2024\/12\/nvaz-cem-14-140x140.jpg 140w, https:\/\/www.colorado.com.br\/nosdacem\/wp-content\/uploads\/2024\/12\/nvaz-cem-14-100x100.jpg 100w, https:\/\/www.colorado.com.br\/nosdacem\/wp-content\/uploads\/2024\/12\/nvaz-cem-14-500x500.jpg 500w, https:\/\/www.colorado.com.br\/nosdacem\/wp-content\/uploads\/2024\/12\/nvaz-cem-14-350x350.jpg 350w, https:\/\/www.colorado.com.br\/nosdacem\/wp-content\/uploads\/2024\/12\/nvaz-cem-14-800x800.jpg 800w\" sizes=\"auto, (max-width: 150px) 100vw, 150px\" \/><\/a>\n\t\t\t<\/dt><\/dl><br style=\"clear: both\" \/><dl class='gallery-item'>\n\t\t\t<dt class='gallery-icon portrait'>\n\t\t\t\t<a href='https:\/\/www.colorado.com.br\/nosdacem\/wp-content\/uploads\/2024\/12\/nvaz-cem-16.jpg'><img loading=\"lazy\" decoding=\"async\" width=\"150\" height=\"150\" src=\"https:\/\/www.colorado.com.br\/nosdacem\/wp-content\/uploads\/2024\/12\/nvaz-cem-16-150x150.jpg\" class=\"attachment-thumbnail size-thumbnail\" alt=\"\" srcset=\"https:\/\/www.colorado.com.br\/nosdacem\/wp-content\/uploads\/2024\/12\/nvaz-cem-16-150x150.jpg 150w, https:\/\/www.colorado.com.br\/nosdacem\/wp-content\/uploads\/2024\/12\/nvaz-cem-16-140x140.jpg 140w, https:\/\/www.colorado.com.br\/nosdacem\/wp-content\/uploads\/2024\/12\/nvaz-cem-16-100x100.jpg 100w, https:\/\/www.colorado.com.br\/nosdacem\/wp-content\/uploads\/2024\/12\/nvaz-cem-16-500x500.jpg 500w, https:\/\/www.colorado.com.br\/nosdacem\/wp-content\/uploads\/2024\/12\/nvaz-cem-16-350x350.jpg 350w\" sizes=\"auto, (max-width: 150px) 100vw, 150px\" \/><\/a>\n\t\t\t<\/dt><\/dl><dl class='gallery-item'>\n\t\t\t<dt class='gallery-icon landscape'>\n\t\t\t\t<a href='https:\/\/www.colorado.com.br\/nosdacem\/wp-content\/uploads\/2024\/12\/nvaz-cem-18.jpg'><img loading=\"lazy\" decoding=\"async\" width=\"150\" height=\"150\" src=\"https:\/\/www.colorado.com.br\/nosdacem\/wp-content\/uploads\/2024\/12\/nvaz-cem-18-150x150.jpg\" class=\"attachment-thumbnail size-thumbnail\" alt=\"\" srcset=\"https:\/\/www.colorado.com.br\/nosdacem\/wp-content\/uploads\/2024\/12\/nvaz-cem-18-150x150.jpg 150w, https:\/\/www.colorado.com.br\/nosdacem\/wp-content\/uploads\/2024\/12\/nvaz-cem-18-140x140.jpg 140w, https:\/\/www.colorado.com.br\/nosdacem\/wp-content\/uploads\/2024\/12\/nvaz-cem-18-100x100.jpg 100w, https:\/\/www.colorado.com.br\/nosdacem\/wp-content\/uploads\/2024\/12\/nvaz-cem-18-500x500.jpg 500w, https:\/\/www.colorado.com.br\/nosdacem\/wp-content\/uploads\/2024\/12\/nvaz-cem-18-350x350.jpg 350w, https:\/\/www.colorado.com.br\/nosdacem\/wp-content\/uploads\/2024\/12\/nvaz-cem-18-800x800.jpg 800w\" sizes=\"auto, (max-width: 150px) 100vw, 150px\" \/><\/a>\n\t\t\t<\/dt><\/dl><dl class='gallery-item'>\n\t\t\t<dt class='gallery-icon landscape'>\n\t\t\t\t<a href='https:\/\/www.colorado.com.br\/nosdacem\/wp-content\/uploads\/2024\/12\/nvaz-cem-19.jpg'><img loading=\"lazy\" decoding=\"async\" width=\"150\" height=\"150\" src=\"https:\/\/www.colorado.com.br\/nosdacem\/wp-content\/uploads\/2024\/12\/nvaz-cem-19-150x150.jpg\" class=\"attachment-thumbnail size-thumbnail\" alt=\"\" srcset=\"https:\/\/www.colorado.com.br\/nosdacem\/wp-content\/uploads\/2024\/12\/nvaz-cem-19-150x150.jpg 150w, https:\/\/www.colorado.com.br\/nosdacem\/wp-content\/uploads\/2024\/12\/nvaz-cem-19-140x140.jpg 140w, https:\/\/www.colorado.com.br\/nosdacem\/wp-content\/uploads\/2024\/12\/nvaz-cem-19-100x100.jpg 100w, https:\/\/www.colorado.com.br\/nosdacem\/wp-content\/uploads\/2024\/12\/nvaz-cem-19-500x500.jpg 500w, https:\/\/www.colorado.com.br\/nosdacem\/wp-content\/uploads\/2024\/12\/nvaz-cem-19-350x350.jpg 350w, https:\/\/www.colorado.com.br\/nosdacem\/wp-content\/uploads\/2024\/12\/nvaz-cem-19-800x800.jpg 800w\" sizes=\"auto, (max-width: 150px) 100vw, 150px\" \/><\/a>\n\t\t\t<\/dt><\/dl><dl class='gallery-item'>\n\t\t\t<dt class='gallery-icon portrait'>\n\t\t\t\t<a href='https:\/\/www.colorado.com.br\/nosdacem\/wp-content\/uploads\/2024\/12\/nvaz-cem-20.jpg'><img loading=\"lazy\" decoding=\"async\" width=\"150\" height=\"150\" src=\"https:\/\/www.colorado.com.br\/nosdacem\/wp-content\/uploads\/2024\/12\/nvaz-cem-20-150x150.jpg\" class=\"attachment-thumbnail size-thumbnail\" alt=\"\" srcset=\"https:\/\/www.colorado.com.br\/nosdacem\/wp-content\/uploads\/2024\/12\/nvaz-cem-20-150x150.jpg 150w, https:\/\/www.colorado.com.br\/nosdacem\/wp-content\/uploads\/2024\/12\/nvaz-cem-20-140x140.jpg 140w, https:\/\/www.colorado.com.br\/nosdacem\/wp-content\/uploads\/2024\/12\/nvaz-cem-20-100x100.jpg 100w, https:\/\/www.colorado.com.br\/nosdacem\/wp-content\/uploads\/2024\/12\/nvaz-cem-20-500x500.jpg 500w, https:\/\/www.colorado.com.br\/nosdacem\/wp-content\/uploads\/2024\/12\/nvaz-cem-20-350x350.jpg 350w\" sizes=\"auto, (max-width: 150px) 100vw, 150px\" \/><\/a>\n\t\t\t<\/dt><\/dl><dl class='gallery-item'>\n\t\t\t<dt class='gallery-icon portrait'>\n\t\t\t\t<a href='https:\/\/www.colorado.com.br\/nosdacem\/wp-content\/uploads\/2024\/12\/nvaz-cem-21.jpg'><img loading=\"lazy\" decoding=\"async\" width=\"150\" height=\"150\" src=\"https:\/\/www.colorado.com.br\/nosdacem\/wp-content\/uploads\/2024\/12\/nvaz-cem-21-150x150.jpg\" class=\"attachment-thumbnail size-thumbnail\" alt=\"\" srcset=\"https:\/\/www.colorado.com.br\/nosdacem\/wp-content\/uploads\/2024\/12\/nvaz-cem-21-150x150.jpg 150w, https:\/\/www.colorado.com.br\/nosdacem\/wp-content\/uploads\/2024\/12\/nvaz-cem-21-140x140.jpg 140w, https:\/\/www.colorado.com.br\/nosdacem\/wp-content\/uploads\/2024\/12\/nvaz-cem-21-100x100.jpg 100w, https:\/\/www.colorado.com.br\/nosdacem\/wp-content\/uploads\/2024\/12\/nvaz-cem-21-500x500.jpg 500w, https:\/\/www.colorado.com.br\/nosdacem\/wp-content\/uploads\/2024\/12\/nvaz-cem-21-350x350.jpg 350w\" sizes=\"auto, (max-width: 150px) 100vw, 150px\" \/><\/a>\n\t\t\t<\/dt><\/dl><br style=\"clear: both\" \/><dl class='gallery-item'>\n\t\t\t<dt class='gallery-icon landscape'>\n\t\t\t\t<a href='https:\/\/www.colorado.com.br\/nosdacem\/wp-content\/uploads\/2024\/12\/nvaz-cem-22.jpg'><img loading=\"lazy\" decoding=\"async\" width=\"150\" height=\"150\" src=\"https:\/\/www.colorado.com.br\/nosdacem\/wp-content\/uploads\/2024\/12\/nvaz-cem-22-150x150.jpg\" class=\"attachment-thumbnail size-thumbnail\" alt=\"\" srcset=\"https:\/\/www.colorado.com.br\/nosdacem\/wp-content\/uploads\/2024\/12\/nvaz-cem-22-150x150.jpg 150w, https:\/\/www.colorado.com.br\/nosdacem\/wp-content\/uploads\/2024\/12\/nvaz-cem-22-140x140.jpg 140w, https:\/\/www.colorado.com.br\/nosdacem\/wp-content\/uploads\/2024\/12\/nvaz-cem-22-100x100.jpg 100w, https:\/\/www.colorado.com.br\/nosdacem\/wp-content\/uploads\/2024\/12\/nvaz-cem-22-500x500.jpg 500w, https:\/\/www.colorado.com.br\/nosdacem\/wp-content\/uploads\/2024\/12\/nvaz-cem-22-350x350.jpg 350w, https:\/\/www.colorado.com.br\/nosdacem\/wp-content\/uploads\/2024\/12\/nvaz-cem-22-800x800.jpg 800w\" sizes=\"auto, (max-width: 150px) 100vw, 150px\" \/><\/a>\n\t\t\t<\/dt><\/dl><dl class='gallery-item'>\n\t\t\t<dt class='gallery-icon landscape'>\n\t\t\t\t<a href='https:\/\/www.colorado.com.br\/nosdacem\/wp-content\/uploads\/2024\/12\/nvaz-cem-23-rotated.jpg'><img loading=\"lazy\" decoding=\"async\" width=\"150\" height=\"150\" src=\"https:\/\/www.colorado.com.br\/nosdacem\/wp-content\/uploads\/2024\/12\/nvaz-cem-23-150x150.jpg\" class=\"attachment-thumbnail size-thumbnail\" alt=\"\" srcset=\"https:\/\/www.colorado.com.br\/nosdacem\/wp-content\/uploads\/2024\/12\/nvaz-cem-23-150x150.jpg 150w, https:\/\/www.colorado.com.br\/nosdacem\/wp-content\/uploads\/2024\/12\/nvaz-cem-23-140x140.jpg 140w, https:\/\/www.colorado.com.br\/nosdacem\/wp-content\/uploads\/2024\/12\/nvaz-cem-23-100x100.jpg 100w, https:\/\/www.colorado.com.br\/nosdacem\/wp-content\/uploads\/2024\/12\/nvaz-cem-23-500x500.jpg 500w, https:\/\/www.colorado.com.br\/nosdacem\/wp-content\/uploads\/2024\/12\/nvaz-cem-23-350x350.jpg 350w\" sizes=\"auto, (max-width: 150px) 100vw, 150px\" \/><\/a>\n\t\t\t<\/dt><\/dl><dl class='gallery-item'>\n\t\t\t<dt class='gallery-icon landscape'>\n\t\t\t\t<a href='https:\/\/www.colorado.com.br\/nosdacem\/wp-content\/uploads\/2024\/12\/nvaz-cem-24.jpg'><img loading=\"lazy\" decoding=\"async\" width=\"150\" height=\"150\" src=\"https:\/\/www.colorado.com.br\/nosdacem\/wp-content\/uploads\/2024\/12\/nvaz-cem-24-150x150.jpg\" class=\"attachment-thumbnail size-thumbnail\" alt=\"\" srcset=\"https:\/\/www.colorado.com.br\/nosdacem\/wp-content\/uploads\/2024\/12\/nvaz-cem-24-150x150.jpg 150w, https:\/\/www.colorado.com.br\/nosdacem\/wp-content\/uploads\/2024\/12\/nvaz-cem-24-140x140.jpg 140w, https:\/\/www.colorado.com.br\/nosdacem\/wp-content\/uploads\/2024\/12\/nvaz-cem-24-100x100.jpg 100w, https:\/\/www.colorado.com.br\/nosdacem\/wp-content\/uploads\/2024\/12\/nvaz-cem-24-500x500.jpg 500w, https:\/\/www.colorado.com.br\/nosdacem\/wp-content\/uploads\/2024\/12\/nvaz-cem-24-350x350.jpg 350w\" sizes=\"auto, (max-width: 150px) 100vw, 150px\" \/><\/a>\n\t\t\t<\/dt><\/dl><dl class='gallery-item'>\n\t\t\t<dt class='gallery-icon landscape'>\n\t\t\t\t<a href='https:\/\/www.colorado.com.br\/nosdacem\/wp-content\/uploads\/2024\/12\/nvaz-cem-25.jpg'><img loading=\"lazy\" decoding=\"async\" width=\"150\" height=\"150\" src=\"https:\/\/www.colorado.com.br\/nosdacem\/wp-content\/uploads\/2024\/12\/nvaz-cem-25-150x150.jpg\" class=\"attachment-thumbnail size-thumbnail\" alt=\"\" srcset=\"https:\/\/www.colorado.com.br\/nosdacem\/wp-content\/uploads\/2024\/12\/nvaz-cem-25-150x150.jpg 150w, https:\/\/www.colorado.com.br\/nosdacem\/wp-content\/uploads\/2024\/12\/nvaz-cem-25-140x140.jpg 140w, https:\/\/www.colorado.com.br\/nosdacem\/wp-content\/uploads\/2024\/12\/nvaz-cem-25-100x100.jpg 100w, https:\/\/www.colorado.com.br\/nosdacem\/wp-content\/uploads\/2024\/12\/nvaz-cem-25-500x500.jpg 500w, https:\/\/www.colorado.com.br\/nosdacem\/wp-content\/uploads\/2024\/12\/nvaz-cem-25-350x350.jpg 350w\" sizes=\"auto, (max-width: 150px) 100vw, 150px\" \/><\/a>\n\t\t\t<\/dt><\/dl><dl class='gallery-item'>\n\t\t\t<dt class='gallery-icon landscape'>\n\t\t\t\t<a href='https:\/\/www.colorado.com.br\/nosdacem\/wp-content\/uploads\/2024\/12\/nvaz-cem-26.jpg'><img loading=\"lazy\" decoding=\"async\" width=\"150\" height=\"150\" src=\"https:\/\/www.colorado.com.br\/nosdacem\/wp-content\/uploads\/2024\/12\/nvaz-cem-26-150x150.jpg\" class=\"attachment-thumbnail size-thumbnail\" alt=\"\" srcset=\"https:\/\/www.colorado.com.br\/nosdacem\/wp-content\/uploads\/2024\/12\/nvaz-cem-26-150x150.jpg 150w, https:\/\/www.colorado.com.br\/nosdacem\/wp-content\/uploads\/2024\/12\/nvaz-cem-26-140x140.jpg 140w, https:\/\/www.colorado.com.br\/nosdacem\/wp-content\/uploads\/2024\/12\/nvaz-cem-26-100x100.jpg 100w, https:\/\/www.colorado.com.br\/nosdacem\/wp-content\/uploads\/2024\/12\/nvaz-cem-26-500x500.jpg 500w, https:\/\/www.colorado.com.br\/nosdacem\/wp-content\/uploads\/2024\/12\/nvaz-cem-26-350x350.jpg 350w\" sizes=\"auto, (max-width: 150px) 100vw, 150px\" \/><\/a>\n\t\t\t<\/dt><\/dl><br style=\"clear: both\" \/><dl class='gallery-item'>\n\t\t\t<dt class='gallery-icon landscape'>\n\t\t\t\t<a href='https:\/\/www.colorado.com.br\/nosdacem\/wp-content\/uploads\/2024\/12\/nvaz-cem-27.jpg'><img loading=\"lazy\" decoding=\"async\" width=\"150\" height=\"150\" src=\"https:\/\/www.colorado.com.br\/nosdacem\/wp-content\/uploads\/2024\/12\/nvaz-cem-27-150x150.jpg\" class=\"attachment-thumbnail size-thumbnail\" alt=\"\" srcset=\"https:\/\/www.colorado.com.br\/nosdacem\/wp-content\/uploads\/2024\/12\/nvaz-cem-27-150x150.jpg 150w, https:\/\/www.colorado.com.br\/nosdacem\/wp-content\/uploads\/2024\/12\/nvaz-cem-27-140x140.jpg 140w, https:\/\/www.colorado.com.br\/nosdacem\/wp-content\/uploads\/2024\/12\/nvaz-cem-27-100x100.jpg 100w, https:\/\/www.colorado.com.br\/nosdacem\/wp-content\/uploads\/2024\/12\/nvaz-cem-27-500x500.jpg 500w, https:\/\/www.colorado.com.br\/nosdacem\/wp-content\/uploads\/2024\/12\/nvaz-cem-27-350x350.jpg 350w\" sizes=\"auto, (max-width: 150px) 100vw, 150px\" \/><\/a>\n\t\t\t<\/dt><\/dl><dl class='gallery-item'>\n\t\t\t<dt class='gallery-icon landscape'>\n\t\t\t\t<a href='https:\/\/www.colorado.com.br\/nosdacem\/wp-content\/uploads\/2024\/12\/nvaz-cem-28.jpg'><img loading=\"lazy\" decoding=\"async\" width=\"150\" height=\"150\" src=\"https:\/\/www.colorado.com.br\/nosdacem\/wp-content\/uploads\/2024\/12\/nvaz-cem-28-150x150.jpg\" class=\"attachment-thumbnail size-thumbnail\" alt=\"\" srcset=\"https:\/\/www.colorado.com.br\/nosdacem\/wp-content\/uploads\/2024\/12\/nvaz-cem-28-150x150.jpg 150w, https:\/\/www.colorado.com.br\/nosdacem\/wp-content\/uploads\/2024\/12\/nvaz-cem-28-140x140.jpg 140w, https:\/\/www.colorado.com.br\/nosdacem\/wp-content\/uploads\/2024\/12\/nvaz-cem-28-100x100.jpg 100w, https:\/\/www.colorado.com.br\/nosdacem\/wp-content\/uploads\/2024\/12\/nvaz-cem-28-500x500.jpg 500w, https:\/\/www.colorado.com.br\/nosdacem\/wp-content\/uploads\/2024\/12\/nvaz-cem-28-350x350.jpg 350w\" sizes=\"auto, (max-width: 150px) 100vw, 150px\" \/><\/a>\n\t\t\t<\/dt><\/dl><dl class='gallery-item'>\n\t\t\t<dt class='gallery-icon landscape'>\n\t\t\t\t<a href='https:\/\/www.colorado.com.br\/nosdacem\/wp-content\/uploads\/2024\/12\/nvaz-cem-29.jpg'><img loading=\"lazy\" decoding=\"async\" width=\"150\" height=\"150\" src=\"https:\/\/www.colorado.com.br\/nosdacem\/wp-content\/uploads\/2024\/12\/nvaz-cem-29-150x150.jpg\" class=\"attachment-thumbnail size-thumbnail\" alt=\"\" srcset=\"https:\/\/www.colorado.com.br\/nosdacem\/wp-content\/uploads\/2024\/12\/nvaz-cem-29-150x150.jpg 150w, https:\/\/www.colorado.com.br\/nosdacem\/wp-content\/uploads\/2024\/12\/nvaz-cem-29-140x140.jpg 140w, https:\/\/www.colorado.com.br\/nosdacem\/wp-content\/uploads\/2024\/12\/nvaz-cem-29-100x100.jpg 100w, https:\/\/www.colorado.com.br\/nosdacem\/wp-content\/uploads\/2024\/12\/nvaz-cem-29-500x500.jpg 500w, https:\/\/www.colorado.com.br\/nosdacem\/wp-content\/uploads\/2024\/12\/nvaz-cem-29-350x350.jpg 350w\" sizes=\"auto, (max-width: 150px) 100vw, 150px\" \/><\/a>\n\t\t\t<\/dt><\/dl><dl class='gallery-item'>\n\t\t\t<dt class='gallery-icon landscape'>\n\t\t\t\t<a href='https:\/\/www.colorado.com.br\/nosdacem\/wp-content\/uploads\/2024\/12\/nvaz-cem-30.jpg'><img loading=\"lazy\" decoding=\"async\" width=\"150\" height=\"150\" src=\"https:\/\/www.colorado.com.br\/nosdacem\/wp-content\/uploads\/2024\/12\/nvaz-cem-30-150x150.jpg\" class=\"attachment-thumbnail size-thumbnail\" alt=\"\" srcset=\"https:\/\/www.colorado.com.br\/nosdacem\/wp-content\/uploads\/2024\/12\/nvaz-cem-30-150x150.jpg 150w, https:\/\/www.colorado.com.br\/nosdacem\/wp-content\/uploads\/2024\/12\/nvaz-cem-30-140x140.jpg 140w, https:\/\/www.colorado.com.br\/nosdacem\/wp-content\/uploads\/2024\/12\/nvaz-cem-30-100x100.jpg 100w, https:\/\/www.colorado.com.br\/nosdacem\/wp-content\/uploads\/2024\/12\/nvaz-cem-30-500x500.jpg 500w, https:\/\/www.colorado.com.br\/nosdacem\/wp-content\/uploads\/2024\/12\/nvaz-cem-30-350x350.jpg 350w\" sizes=\"auto, (max-width: 150px) 100vw, 150px\" \/><\/a>\n\t\t\t<\/dt><\/dl><dl class='gallery-item'>\n\t\t\t<dt class='gallery-icon landscape'>\n\t\t\t\t<a href='https:\/\/www.colorado.com.br\/nosdacem\/wp-content\/uploads\/2024\/12\/nvaz-cem-31.jpg'><img loading=\"lazy\" decoding=\"async\" width=\"150\" height=\"150\" src=\"https:\/\/www.colorado.com.br\/nosdacem\/wp-content\/uploads\/2024\/12\/nvaz-cem-31-150x150.jpg\" class=\"attachment-thumbnail size-thumbnail\" alt=\"\" srcset=\"https:\/\/www.colorado.com.br\/nosdacem\/wp-content\/uploads\/2024\/12\/nvaz-cem-31-150x150.jpg 150w, https:\/\/www.colorado.com.br\/nosdacem\/wp-content\/uploads\/2024\/12\/nvaz-cem-31-140x140.jpg 140w, https:\/\/www.colorado.com.br\/nosdacem\/wp-content\/uploads\/2024\/12\/nvaz-cem-31-100x100.jpg 100w, https:\/\/www.colorado.com.br\/nosdacem\/wp-content\/uploads\/2024\/12\/nvaz-cem-31-500x500.jpg 500w, https:\/\/www.colorado.com.br\/nosdacem\/wp-content\/uploads\/2024\/12\/nvaz-cem-31-350x350.jpg 350w\" sizes=\"auto, (max-width: 150px) 100vw, 150px\" \/><\/a>\n\t\t\t<\/dt><\/dl><br style=\"clear: both\" \/><dl class='gallery-item'>\n\t\t\t<dt class='gallery-icon landscape'>\n\t\t\t\t<a href='https:\/\/www.colorado.com.br\/nosdacem\/wp-content\/uploads\/2024\/12\/nvaz-cem-32.jpg'><img loading=\"lazy\" decoding=\"async\" width=\"150\" height=\"150\" src=\"https:\/\/www.colorado.com.br\/nosdacem\/wp-content\/uploads\/2024\/12\/nvaz-cem-32-150x150.jpg\" class=\"attachment-thumbnail size-thumbnail\" alt=\"\" srcset=\"https:\/\/www.colorado.com.br\/nosdacem\/wp-content\/uploads\/2024\/12\/nvaz-cem-32-150x150.jpg 150w, https:\/\/www.colorado.com.br\/nosdacem\/wp-content\/uploads\/2024\/12\/nvaz-cem-32-140x140.jpg 140w, https:\/\/www.colorado.com.br\/nosdacem\/wp-content\/uploads\/2024\/12\/nvaz-cem-32-100x100.jpg 100w, https:\/\/www.colorado.com.br\/nosdacem\/wp-content\/uploads\/2024\/12\/nvaz-cem-32-500x500.jpg 500w, https:\/\/www.colorado.com.br\/nosdacem\/wp-content\/uploads\/2024\/12\/nvaz-cem-32-350x350.jpg 350w\" sizes=\"auto, (max-width: 150px) 100vw, 150px\" \/><\/a>\n\t\t\t<\/dt><\/dl><dl class='gallery-item'>\n\t\t\t<dt class='gallery-icon landscape'>\n\t\t\t\t<a href='https:\/\/www.colorado.com.br\/nosdacem\/wp-content\/uploads\/2024\/12\/nvaz-cem-33.jpg'><img loading=\"lazy\" decoding=\"async\" width=\"150\" height=\"150\" src=\"https:\/\/www.colorado.com.br\/nosdacem\/wp-content\/uploads\/2024\/12\/nvaz-cem-33-150x150.jpg\" class=\"attachment-thumbnail size-thumbnail\" alt=\"\" srcset=\"https:\/\/www.colorado.com.br\/nosdacem\/wp-content\/uploads\/2024\/12\/nvaz-cem-33-150x150.jpg 150w, https:\/\/www.colorado.com.br\/nosdacem\/wp-content\/uploads\/2024\/12\/nvaz-cem-33-140x140.jpg 140w, https:\/\/www.colorado.com.br\/nosdacem\/wp-content\/uploads\/2024\/12\/nvaz-cem-33-100x100.jpg 100w, https:\/\/www.colorado.com.br\/nosdacem\/wp-content\/uploads\/2024\/12\/nvaz-cem-33-500x500.jpg 500w, https:\/\/www.colorado.com.br\/nosdacem\/wp-content\/uploads\/2024\/12\/nvaz-cem-33-350x350.jpg 350w\" sizes=\"auto, (max-width: 150px) 100vw, 150px\" \/><\/a>\n\t\t\t<\/dt><\/dl><dl class='gallery-item'>\n\t\t\t<dt class='gallery-icon landscape'>\n\t\t\t\t<a href='https:\/\/www.colorado.com.br\/nosdacem\/wp-content\/uploads\/2024\/12\/nvaz-cem-34.jpg'><img loading=\"lazy\" decoding=\"async\" width=\"150\" height=\"150\" src=\"https:\/\/www.colorado.com.br\/nosdacem\/wp-content\/uploads\/2024\/12\/nvaz-cem-34-150x150.jpg\" class=\"attachment-thumbnail size-thumbnail\" alt=\"\" srcset=\"https:\/\/www.colorado.com.br\/nosdacem\/wp-content\/uploads\/2024\/12\/nvaz-cem-34-150x150.jpg 150w, https:\/\/www.colorado.com.br\/nosdacem\/wp-content\/uploads\/2024\/12\/nvaz-cem-34-140x140.jpg 140w, https:\/\/www.colorado.com.br\/nosdacem\/wp-content\/uploads\/2024\/12\/nvaz-cem-34-100x100.jpg 100w, https:\/\/www.colorado.com.br\/nosdacem\/wp-content\/uploads\/2024\/12\/nvaz-cem-34-500x500.jpg 500w, https:\/\/www.colorado.com.br\/nosdacem\/wp-content\/uploads\/2024\/12\/nvaz-cem-34-350x350.jpg 350w\" sizes=\"auto, (max-width: 150px) 100vw, 150px\" \/><\/a>\n\t\t\t<\/dt><\/dl><dl class='gallery-item'>\n\t\t\t<dt class='gallery-icon landscape'>\n\t\t\t\t<a href='https:\/\/www.colorado.com.br\/nosdacem\/wp-content\/uploads\/2024\/12\/nvaz-cem-35.jpg'><img loading=\"lazy\" decoding=\"async\" width=\"150\" height=\"150\" src=\"https:\/\/www.colorado.com.br\/nosdacem\/wp-content\/uploads\/2024\/12\/nvaz-cem-35-150x150.jpg\" class=\"attachment-thumbnail size-thumbnail\" alt=\"\" srcset=\"https:\/\/www.colorado.com.br\/nosdacem\/wp-content\/uploads\/2024\/12\/nvaz-cem-35-150x150.jpg 150w, https:\/\/www.colorado.com.br\/nosdacem\/wp-content\/uploads\/2024\/12\/nvaz-cem-35-140x140.jpg 140w, https:\/\/www.colorado.com.br\/nosdacem\/wp-content\/uploads\/2024\/12\/nvaz-cem-35-100x100.jpg 100w, https:\/\/www.colorado.com.br\/nosdacem\/wp-content\/uploads\/2024\/12\/nvaz-cem-35-500x500.jpg 500w, https:\/\/www.colorado.com.br\/nosdacem\/wp-content\/uploads\/2024\/12\/nvaz-cem-35-350x350.jpg 350w\" sizes=\"auto, (max-width: 150px) 100vw, 150px\" \/><\/a>\n\t\t\t<\/dt><\/dl>\n\t\t\t<br style='clear: both' \/>\n\t\t<\/div>\n\n","protected":false},"excerpt":{"rendered":"<p>No \u00faltimo m\u00eas de novembro, a Central Energ\u00e9tica Morrinhos (CEM) promoveu uma s\u00e9rie de a\u00e7\u00f5es voltadas \u00e0 conscientiza\u00e7\u00e3o sobre a sa\u00fade masculina, dentro da campanha\u00a0Novembro Azul. O evento, realizado entre&#8230;<\/p>\n","protected":false},"author":2,"featured_media":900,"comment_status":"closed","ping_status":"open","sticky":false,"template":"","format":"standard","meta":{"footnotes":""},"categories":[5],"tags":[],"class_list":{"0":"post-887","1":"post","2":"type-post","3":"status-publish","4":"format-standard","5":"has-post-thumbnail","7":"category-acontece-na-cem"},"yoast_head":"<!-- This site is optimized with the Yoast SEO plugin v22.8 - https:\/\/yoast.com\/wordpress\/plugins\/seo\/ -->\n<title>Usina CEM Realiza Campanha Novembro Azul com \u00canfase na Sa\u00fade Masculina - N\u00f3s da CEM - Grupo Colorado<\/title>\n<meta name=\"robots\" content=\"index, follow, max-snippet:-1, max-image-preview:large, max-video-preview:-1\" \/>\n<link rel=\"canonical\" href=\"https:\/\/www.colorado.com.br\/nosdacem\/usina-cem-realiza-campanha-novembro-azul-com-enfase-na-saude-masculina\/\" \/>\n<meta property=\"og:locale\" content=\"pt_BR\" \/>\n<meta property=\"og:type\" content=\"article\" \/>\n<meta property=\"og:title\" content=\"Usina CEM Realiza Campanha Novembro Azul com \u00canfase na Sa\u00fade Masculina - N\u00f3s da CEM - Grupo Colorado\" \/>\n<meta property=\"og:description\" content=\"No \u00faltimo m\u00eas de novembro, a Central Energ\u00e9tica Morrinhos (CEM) promoveu uma s\u00e9rie de a\u00e7\u00f5es voltadas \u00e0 conscientiza\u00e7\u00e3o sobre a sa\u00fade masculina, dentro da campanha\u00a0Novembro Azul. O evento, realizado entre...\" \/>\n<meta property=\"og:url\" content=\"https:\/\/www.colorado.com.br\/nosdacem\/usina-cem-realiza-campanha-novembro-azul-com-enfase-na-saude-masculina\/\" \/>\n<meta property=\"og:site_name\" content=\"N\u00f3s da CEM - Grupo Colorado\" \/>\n<meta property=\"article:published_time\" content=\"2024-12-04T11:21:55+00:00\" \/>\n<meta property=\"og:image\" content=\"https:\/\/www.colorado.com.br\/nosdacem\/wp-content\/uploads\/2024\/12\/nvaz-cem-13.jpg\" \/>\n\t<meta property=\"og:image:width\" content=\"509\" \/>\n\t<meta property=\"og:image:height\" content=\"1132\" \/>\n\t<meta property=\"og:image:type\" content=\"image\/jpeg\" \/>\n<meta name=\"author\" content=\"Comunica\u00e7\u00e3o Usina CEM\" \/>\n<meta name=\"twitter:card\" content=\"summary_large_image\" \/>\n<meta name=\"twitter:label1\" content=\"Escrito por\" \/>\n\t<meta name=\"twitter:data1\" content=\"Comunica\u00e7\u00e3o Usina CEM\" \/>\n\t<meta name=\"twitter:label2\" content=\"Est. tempo de leitura\" \/>\n\t<meta name=\"twitter:data2\" content=\"2 minutos\" \/>\n<script type=\"application\/ld+json\" class=\"yoast-schema-graph\">{\"@context\":\"https:\/\/schema.org\",\"@graph\":[{\"@type\":\"WebPage\",\"@id\":\"https:\/\/www.colorado.com.br\/nosdacem\/usina-cem-realiza-campanha-novembro-azul-com-enfase-na-saude-masculina\/\",\"url\":\"https:\/\/www.colorado.com.br\/nosdacem\/usina-cem-realiza-campanha-novembro-azul-com-enfase-na-saude-masculina\/\",\"name\":\"Usina CEM Realiza Campanha Novembro Azul com \u00canfase na Sa\u00fade Masculina - N\u00f3s da CEM - Grupo Colorado\",\"isPartOf\":{\"@id\":\"https:\/\/www.colorado.com.br\/nosdacem\/#website\"},\"primaryImageOfPage\":{\"@id\":\"https:\/\/www.colorado.com.br\/nosdacem\/usina-cem-realiza-campanha-novembro-azul-com-enfase-na-saude-masculina\/#primaryimage\"},\"image\":{\"@id\":\"https:\/\/www.colorado.com.br\/nosdacem\/usina-cem-realiza-campanha-novembro-azul-com-enfase-na-saude-masculina\/#primaryimage\"},\"thumbnailUrl\":\"https:\/\/www.colorado.com.br\/nosdacem\/wp-content\/uploads\/2024\/12\/nvaz-cem-13.jpg\",\"datePublished\":\"2024-12-04T11:21:55+00:00\",\"dateModified\":\"2024-12-04T11:21:55+00:00\",\"author\":{\"@id\":\"https:\/\/www.colorado.com.br\/nosdacem\/#\/schema\/person\/3726a40dd5ef4d59cc077c9ffd3f7adc\"},\"breadcrumb\":{\"@id\":\"https:\/\/www.colorado.com.br\/nosdacem\/usina-cem-realiza-campanha-novembro-azul-com-enfase-na-saude-masculina\/#breadcrumb\"},\"inLanguage\":\"pt-BR\",\"potentialAction\":[{\"@type\":\"ReadAction\",\"target\":[\"https:\/\/www.colorado.com.br\/nosdacem\/usina-cem-realiza-campanha-novembro-azul-com-enfase-na-saude-masculina\/\"]}]},{\"@type\":\"ImageObject\",\"inLanguage\":\"pt-BR\",\"@id\":\"https:\/\/www.colorado.com.br\/nosdacem\/usina-cem-realiza-campanha-novembro-azul-com-enfase-na-saude-masculina\/#primaryimage\",\"url\":\"https:\/\/www.colorado.com.br\/nosdacem\/wp-content\/uploads\/2024\/12\/nvaz-cem-13.jpg\",\"contentUrl\":\"https:\/\/www.colorado.com.br\/nosdacem\/wp-content\/uploads\/2024\/12\/nvaz-cem-13.jpg\",\"width\":509,\"height\":1132},{\"@type\":\"BreadcrumbList\",\"@id\":\"https:\/\/www.colorado.com.br\/nosdacem\/usina-cem-realiza-campanha-novembro-azul-com-enfase-na-saude-masculina\/#breadcrumb\",\"itemListElement\":[{\"@type\":\"ListItem\",\"position\":1,\"name\":\"In\u00edcio\",\"item\":\"https:\/\/www.colorado.com.br\/nosdacem\/\"},{\"@type\":\"ListItem\",\"position\":2,\"name\":\"Usina CEM Realiza Campanha Novembro Azul com \u00canfase na Sa\u00fade Masculina\"}]},{\"@type\":\"WebSite\",\"@id\":\"https:\/\/www.colorado.com.br\/nosdacem\/#website\",\"url\":\"https:\/\/www.colorado.com.br\/nosdacem\/\",\"name\":\"N\u00f3s da CEM - Grupo Colorado\",\"description\":\"\",\"potentialAction\":[{\"@type\":\"SearchAction\",\"target\":{\"@type\":\"EntryPoint\",\"urlTemplate\":\"https:\/\/www.colorado.com.br\/nosdacem\/?s={search_term_string}\"},\"query-input\":\"required name=search_term_string\"}],\"inLanguage\":\"pt-BR\"},{\"@type\":\"Person\",\"@id\":\"https:\/\/www.colorado.com.br\/nosdacem\/#\/schema\/person\/3726a40dd5ef4d59cc077c9ffd3f7adc\",\"name\":\"Comunica\u00e7\u00e3o Usina CEM\",\"image\":{\"@type\":\"ImageObject\",\"inLanguage\":\"pt-BR\",\"@id\":\"https:\/\/www.colorado.com.br\/nosdacem\/#\/schema\/person\/image\/\",\"url\":\"https:\/\/secure.gravatar.com\/avatar\/30ab67a54f0ed2bacc1ea56b690f4962c9e3744ddbb8ba60281b2bb679ae4dd6?s=96&d=mm&r=g\",\"contentUrl\":\"https:\/\/secure.gravatar.com\/avatar\/30ab67a54f0ed2bacc1ea56b690f4962c9e3744ddbb8ba60281b2bb679ae4dd6?s=96&d=mm&r=g\",\"caption\":\"Comunica\u00e7\u00e3o Usina CEM\"},\"url\":\"https:\/\/www.colorado.com.br\/nosdacem\/author\/usinacem\/\"}]}<\/script>\n<!-- \/ Yoast SEO plugin. -->","yoast_head_json":{"title":"Usina CEM Realiza Campanha Novembro Azul com \u00canfase na Sa\u00fade Masculina - N\u00f3s da CEM - Grupo Colorado","robots":{"index":"index","follow":"follow","max-snippet":"max-snippet:-1","max-image-preview":"max-image-preview:large","max-video-preview":"max-video-preview:-1"},"canonical":"https:\/\/www.colorado.com.br\/nosdacem\/usina-cem-realiza-campanha-novembro-azul-com-enfase-na-saude-masculina\/","og_locale":"pt_BR","og_type":"article","og_title":"Usina CEM Realiza Campanha Novembro Azul com \u00canfase na Sa\u00fade Masculina - N\u00f3s da CEM - Grupo Colorado","og_description":"No \u00faltimo m\u00eas de novembro, a Central Energ\u00e9tica Morrinhos (CEM) promoveu uma s\u00e9rie de a\u00e7\u00f5es voltadas \u00e0 conscientiza\u00e7\u00e3o sobre a sa\u00fade masculina, dentro da campanha\u00a0Novembro Azul. O evento, realizado entre...","og_url":"https:\/\/www.colorado.com.br\/nosdacem\/usina-cem-realiza-campanha-novembro-azul-com-enfase-na-saude-masculina\/","og_site_name":"N\u00f3s da CEM - Grupo Colorado","article_published_time":"2024-12-04T11:21:55+00:00","og_image":[{"width":509,"height":1132,"url":"https:\/\/www.colorado.com.br\/nosdacem\/wp-content\/uploads\/2024\/12\/nvaz-cem-13.jpg","type":"image\/jpeg"}],"author":"Comunica\u00e7\u00e3o Usina CEM","twitter_card":"summary_large_image","twitter_misc":{"Escrito por":"Comunica\u00e7\u00e3o Usina CEM","Est. tempo de leitura":"2 minutos"},"schema":{"@context":"https:\/\/schema.org","@graph":[{"@type":"WebPage","@id":"https:\/\/www.colorado.com.br\/nosdacem\/usina-cem-realiza-campanha-novembro-azul-com-enfase-na-saude-masculina\/","url":"https:\/\/www.colorado.com.br\/nosdacem\/usina-cem-realiza-campanha-novembro-azul-com-enfase-na-saude-masculina\/","name":"Usina CEM Realiza Campanha Novembro Azul com \u00canfase na Sa\u00fade Masculina - N\u00f3s da CEM - Grupo Colorado","isPartOf":{"@id":"https:\/\/www.colorado.com.br\/nosdacem\/#website"},"primaryImageOfPage":{"@id":"https:\/\/www.colorado.com.br\/nosdacem\/usina-cem-realiza-campanha-novembro-azul-com-enfase-na-saude-masculina\/#primaryimage"},"image":{"@id":"https:\/\/www.colorado.com.br\/nosdacem\/usina-cem-realiza-campanha-novembro-azul-com-enfase-na-saude-masculina\/#primaryimage"},"thumbnailUrl":"https:\/\/www.colorado.com.br\/nosdacem\/wp-content\/uploads\/2024\/12\/nvaz-cem-13.jpg","datePublished":"2024-12-04T11:21:55+00:00","dateModified":"2024-12-04T11:21:55+00:00","author":{"@id":"https:\/\/www.colorado.com.br\/nosdacem\/#\/schema\/person\/3726a40dd5ef4d59cc077c9ffd3f7adc"},"breadcrumb":{"@id":"https:\/\/www.colorado.com.br\/nosdacem\/usina-cem-realiza-campanha-novembro-azul-com-enfase-na-saude-masculina\/#breadcrumb"},"inLanguage":"pt-BR","potentialAction":[{"@type":"ReadAction","target":["https:\/\/www.colorado.com.br\/nosdacem\/usina-cem-realiza-campanha-novembro-azul-com-enfase-na-saude-masculina\/"]}]},{"@type":"ImageObject","inLanguage":"pt-BR","@id":"https:\/\/www.colorado.com.br\/nosdacem\/usina-cem-realiza-campanha-novembro-azul-com-enfase-na-saude-masculina\/#primaryimage","url":"https:\/\/www.colorado.com.br\/nosdacem\/wp-content\/uploads\/2024\/12\/nvaz-cem-13.jpg","contentUrl":"https:\/\/www.colorado.com.br\/nosdacem\/wp-content\/uploads\/2024\/12\/nvaz-cem-13.jpg","width":509,"height":1132},{"@type":"BreadcrumbList","@id":"https:\/\/www.colorado.com.br\/nosdacem\/usina-cem-realiza-campanha-novembro-azul-com-enfase-na-saude-masculina\/#breadcrumb","itemListElement":[{"@type":"ListItem","position":1,"name":"In\u00edcio","item":"https:\/\/www.colorado.com.br\/nosdacem\/"},{"@type":"ListItem","position":2,"name":"Usina CEM Realiza Campanha Novembro Azul com \u00canfase na Sa\u00fade Masculina"}]},{"@type":"WebSite","@id":"https:\/\/www.colorado.com.br\/nosdacem\/#website","url":"https:\/\/www.colorado.com.br\/nosdacem\/","name":"N\u00f3s da CEM - Grupo Colorado","description":"","potentialAction":[{"@type":"SearchAction","target":{"@type":"EntryPoint","urlTemplate":"https:\/\/www.colorado.com.br\/nosdacem\/?s={search_term_string}"},"query-input":"required name=search_term_string"}],"inLanguage":"pt-BR"},{"@type":"Person","@id":"https:\/\/www.colorado.com.br\/nosdacem\/#\/schema\/person\/3726a40dd5ef4d59cc077c9ffd3f7adc","name":"Comunica\u00e7\u00e3o Usina CEM","image":{"@type":"ImageObject","inLanguage":"pt-BR","@id":"https:\/\/www.colorado.com.br\/nosdacem\/#\/schema\/person\/image\/","url":"https:\/\/secure.gravatar.com\/avatar\/30ab67a54f0ed2bacc1ea56b690f4962c9e3744ddbb8ba60281b2bb679ae4dd6?s=96&d=mm&r=g","contentUrl":"https:\/\/secure.gravatar.com\/avatar\/30ab67a54f0ed2bacc1ea56b690f4962c9e3744ddbb8ba60281b2bb679ae4dd6?s=96&d=mm&r=g","caption":"Comunica\u00e7\u00e3o Usina CEM"},"url":"https:\/\/www.colorado.com.br\/nosdacem\/author\/usinacem\/"}]}},"_links":{"self":[{"href":"https:\/\/www.colorado.com.br\/nosdacem\/wp-json\/wp\/v2\/posts\/887","targetHints":{"allow":["GET"]}}],"collection":[{"href":"https:\/\/www.colorado.com.br\/nosdacem\/wp-json\/wp\/v2\/posts"}],"about":[{"href":"https:\/\/www.colorado.com.br\/nosdacem\/wp-json\/wp\/v2\/types\/post"}],"author":[{"embeddable":true,"href":"https:\/\/www.colorado.com.br\/nosdacem\/wp-json\/wp\/v2\/users\/2"}],"replies":[{"embeddable":true,"href":"https:\/\/www.colorado.com.br\/nosdacem\/wp-json\/wp\/v2\/comments?post=887"}],"version-history":[{"count":1,"href":"https:\/\/www.colorado.com.br\/nosdacem\/wp-json\/wp\/v2\/posts\/887\/revisions"}],"predecessor-version":[{"id":923,"href":"https:\/\/www.colorado.com.br\/nosdacem\/wp-json\/wp\/v2\/posts\/887\/revisions\/923"}],"wp:featuredmedia":[{"embeddable":true,"href":"https:\/\/www.colorado.com.br\/nosdacem\/wp-json\/wp\/v2\/media\/900"}],"wp:attachment":[{"href":"https:\/\/www.colorado.com.br\/nosdacem\/wp-json\/wp\/v2\/media?parent=887"}],"wp:term":[{"taxonomy":"category","embeddable":true,"href":"https:\/\/www.colorado.com.br\/nosdacem\/wp-json\/wp\/v2\/categories?post=887"},{"taxonomy":"post_tag","embeddable":true,"href":"https:\/\/www.colorado.com.br\/nosdacem\/wp-json\/wp\/v2\/tags?post=887"}],"curies":[{"name":"wp","href":"https:\/\/api.w.org\/{rel}","templated":true}]}}