{"id":10071,"date":"2021-03-17T11:43:36","date_gmt":"2021-03-17T14:43:36","guid":{"rendered":"https:\/\/www.colorado.com.br\/nosdacolorado\/?p=10071"},"modified":"2021-03-17T11:43:36","modified_gmt":"2021-03-17T14:43:36","slug":"doria-diz-que-quadro-e-dramatico-e-que-anunciara-medidas-adicionais-contra-avanco-da-covid-em-sp","status":"publish","type":"post","link":"https:\/\/www.colorado.com.br\/nosdacolorado\/doria-diz-que-quadro-e-dramatico-e-que-anunciara-medidas-adicionais-contra-avanco-da-covid-em-sp\/","title":{"rendered":"Doria diz que quadro \u00e9 &#8216;dram\u00e1tico&#8217; e que anunciar\u00e1 medidas adicionais contra avan\u00e7o da covid em SP"},"content":{"rendered":"<div class=\"row\">\n<section class=\"col-xs-12\">\n<div class=\"row\">\n<section class=\"col-xs-12 col-sm-offset-1 col-sm-11\">\n<article class=\"n--noticia__header \">\n<h2 class=\"n--noticia__subtitle\">Governador afirma que Centro de Conting\u00eancia est\u00e1 reunido nesta manh\u00e3 e que an\u00fancio ser\u00e1 feito em coletiva \u00e0s 12h45<\/h2>\n<\/article>\n<\/section>\n<\/div>\n<\/section>\n<\/div>\n<aside class=\"col-sm-1 col-xs-none fixed-position-share\">\n<div class=\"module__share js-fixed-noticia-cover\">\n<div class=\"n--noticia__state-title\">Paula Felix, O Estado de S. Paulo<\/div>\n<div><\/div>\n<div>\n<p>S\u00c3O PAULO &#8211;\u00a0O governador\u00a0<strong><a href=\"https:\/\/tudo-sobre.estadao.com.br\/joao-doria\" target=\"_blank\" rel=\"noopener noreferrer\">Jo\u00e3o Doria<\/a><\/strong>\u00a0(PSDB) classificou o cen\u00e1rio de dissemina\u00e7\u00e3o do\u00a0<strong><a href=\"https:\/\/tudo-sobre.estadao.com.br\/coronavirus\" target=\"_blank\" rel=\"noopener noreferrer\">novo coronav\u00edrus<\/a><\/strong>\u00a0no Pa\u00eds e no Estado de S\u00e3o Paulo como &#8220;dram\u00e1tico&#8221; e informou que\u00a0<strong>novas medidas para tentar controlar as infec\u00e7\u00f5es pelo v\u00edrus\u00a0<\/strong>devem ser anunciadas nesta quarta-feira, 17.<\/p>\n<div class=\"line-leia\">\n<p>A declara\u00e7\u00e3o foi dada no\u00a0<strong><a href=\"https:\/\/tudo-sobre.estadao.com.br\/instituto-butantan\" target=\"_blank\" rel=\"noopener noreferrer\">Instituto Butantan<\/a><\/strong>\u00a0durante a libera\u00e7\u00e3o de mais 2 milh\u00f5es de doses da vacina contra a covid-19 para o\u00a0<strong>Programa Nacional de Imuniza\u00e7\u00f5es (PNI)<\/strong>\u00a0nesta manh\u00e3.<\/p>\n<div class=\"limite-continuar-lendo\"><\/div>\n<div class=\"mm_conteudo blog-multimidia foto loaded\" data-config=\"{&quot;tipo&quot;:&quot;FOTO&quot;,&quot;id&quot;:&quot;1158662&quot;,&quot;provider&quot;:&quot;AGILE&quot;}\">\n<figure class=\"n--noticia__image modulo-noticia\"><img decoding=\"async\" src=\"https:\/\/img.estadao.com.br\/resources\/jpg\/1\/1\/1615988930211.jpg\" alt=\"ctv-cfq-doria\" \/><figcaption>Doria diz que novas medidas para conter avan\u00e7o da covid-19 em S\u00e3o Paulo devem ser anunciadas nesta quarta-feira Foto: Governo do Estado de S\u00e3o Paulo\/Divulga\u00e7\u00e3o<\/p>\n<\/figcaption><\/figure>\n<\/div>\n<p>Segundo Doria, o Centro de Conting\u00eancia est\u00e1 em reuni\u00e3o prevista para terminar por volta das 11 horas e que as medidas devem ser anunciadas na coletiva \u00e0s 12h45.<\/p>\n<p>&#8220;Anunciaremos as medidas adicionais, que, certamente, ter\u00e3o de ser adotadas. Estamos diante de um quadro grav\u00edssimo, dram\u00e1tico, n\u00e3o apenas em S\u00e3o Paulo, mas em todo o Brasil. S\u00e3o Paulo, com a orienta\u00e7\u00e3o do Centro de Conting\u00eancia da covid-19, adotar\u00e1 novas medidas a partir dessa decis\u00e3o.&#8221;<\/p>\n<h3 class=\"intertitulo\">Vacina do Butantan<\/h3>\n<p>De acordo com o governador, mais de 5 milh\u00f5es de doses da Coronavac foram repassadas ao\u00a0<strong><a href=\"https:\/\/tudo-sobre.estadao.com.br\/ministerio-da-saude\" target=\"_blank\" rel=\"noopener noreferrer\">Minist\u00e9rio da Sa\u00fade<\/a><\/strong>\u00a0apenas nesta semana e, at\u00e9 o momento, 22,6 milh\u00f5es de doses j\u00e1 foram distribu\u00eddas. A meta \u00e9 entregar 46 milh\u00f5es de doses at\u00e9 abril.<\/p>\n<\/div>\n<\/div>\n<\/div>\n<\/aside>\n","protected":false},"excerpt":{"rendered":"<p>Governador afirma que Centro de Conting\u00eancia est\u00e1 reunido nesta manh\u00e3 e que an\u00fancio ser\u00e1 feito em coletiva \u00e0s 12h45 Paula Felix, O Estado de S. Paulo S\u00c3O PAULO &#8211;\u00a0O governador\u00a0Jo\u00e3o&#8230;<\/p>\n","protected":false},"author":2,"featured_media":0,"comment_status":"open","ping_status":"open","sticky":false,"template":"","format":"standard","meta":{"footnotes":""},"categories":[1],"tags":[],"class_list":{"0":"post-10071","1":"post","2":"type-post","3":"status-publish","4":"format-standard","6":"category-sem-categoria"},"_links":{"self":[{"href":"https:\/\/www.colorado.com.br\/nosdacolorado\/wp-json\/wp\/v2\/posts\/10071","targetHints":{"allow":["GET"]}}],"collection":[{"href":"https:\/\/www.colorado.com.br\/nosdacolorado\/wp-json\/wp\/v2\/posts"}],"about":[{"href":"https:\/\/www.colorado.com.br\/nosdacolorado\/wp-json\/wp\/v2\/types\/post"}],"author":[{"embeddable":true,"href":"https:\/\/www.colorado.com.br\/nosdacolorado\/wp-json\/wp\/v2\/users\/2"}],"replies":[{"embeddable":true,"href":"https:\/\/www.colorado.com.br\/nosdacolorado\/wp-json\/wp\/v2\/comments?post=10071"}],"version-history":[{"count":1,"href":"https:\/\/www.colorado.com.br\/nosdacolorado\/wp-json\/wp\/v2\/posts\/10071\/revisions"}],"predecessor-version":[{"id":10072,"href":"https:\/\/www.colorado.com.br\/nosdacolorado\/wp-json\/wp\/v2\/posts\/10071\/revisions\/10072"}],"wp:attachment":[{"href":"https:\/\/www.colorado.com.br\/nosdacolorado\/wp-json\/wp\/v2\/media?parent=10071"}],"wp:term":[{"taxonomy":"category","embeddable":true,"href":"https:\/\/www.colorado.com.br\/nosdacolorado\/wp-json\/wp\/v2\/categories?post=10071"},{"taxonomy":"post_tag","embeddable":true,"href":"https:\/\/www.colorado.com.br\/nosdacolorado\/wp-json\/wp\/v2\/tags?post=10071"}],"curies":[{"name":"wp","href":"https:\/\/api.w.org\/{rel}","templated":true}]}}