{"id":10185,"date":"2021-03-25T09:45:30","date_gmt":"2021-03-25T12:45:30","guid":{"rendered":"https:\/\/www.colorado.com.br\/nosdacolorado\/?p=10185"},"modified":"2021-03-25T09:45:30","modified_gmt":"2021-03-25T12:45:30","slug":"a-nossa-producao-e-essencial","status":"publish","type":"post","link":"https:\/\/www.colorado.com.br\/nosdacolorado\/a-nossa-producao-e-essencial\/","title":{"rendered":"A nossa produ\u00e7\u00e3o \u00e9 essencial"},"content":{"rendered":"<p><a href=\"https:\/\/www.colorado.com.br\/nosdacolorado\/wp-content\/uploads\/2021\/03\/Na\u0303o-podemos-parar_Prancheta-1.png\" rel=\"prettyPhoto[gallery-DpNY]\"><img loading=\"lazy\" decoding=\"async\" class=\"aligncenter size-full wp-image-10186\" src=\"https:\/\/www.colorado.com.br\/nosdacolorado\/wp-content\/uploads\/2021\/03\/Na\u0303o-podemos-parar_Prancheta-1.png\" alt=\"\" width=\"900\" height=\"2353\" srcset=\"https:\/\/www.colorado.com.br\/nosdacolorado\/wp-content\/uploads\/2021\/03\/Na\u0303o-podemos-parar_Prancheta-1.png 900w, https:\/\/www.colorado.com.br\/nosdacolorado\/wp-content\/uploads\/2021\/03\/Na\u0303o-podemos-parar_Prancheta-1-115x300.png 115w, https:\/\/www.colorado.com.br\/nosdacolorado\/wp-content\/uploads\/2021\/03\/Na\u0303o-podemos-parar_Prancheta-1-768x2008.png 768w, https:\/\/www.colorado.com.br\/nosdacolorado\/wp-content\/uploads\/2021\/03\/Na\u0303o-podemos-parar_Prancheta-1-392x1024.png 392w\" sizes=\"auto, (max-width: 900px) 100vw, 900px\" \/><\/a><\/p>\n","protected":false},"excerpt":{"rendered":"","protected":false},"author":2,"featured_media":10187,"comment_status":"open","ping_status":"open","sticky":false,"template":"","format":"standard","meta":{"footnotes":""},"categories":[11],"tags":[],"class_list":{"0":"post-10185","1":"post","2":"type-post","3":"status-publish","4":"format-standard","5":"has-post-thumbnail","7":"category-acontece-na-colorado"},"_links":{"self":[{"href":"https:\/\/www.colorado.com.br\/nosdacolorado\/wp-json\/wp\/v2\/posts\/10185","targetHints":{"allow":["GET"]}}],"collection":[{"href":"https:\/\/www.colorado.com.br\/nosdacolorado\/wp-json\/wp\/v2\/posts"}],"about":[{"href":"https:\/\/www.colorado.com.br\/nosdacolorado\/wp-json\/wp\/v2\/types\/post"}],"author":[{"embeddable":true,"href":"https:\/\/www.colorado.com.br\/nosdacolorado\/wp-json\/wp\/v2\/users\/2"}],"replies":[{"embeddable":true,"href":"https:\/\/www.colorado.com.br\/nosdacolorado\/wp-json\/wp\/v2\/comments?post=10185"}],"version-history":[{"count":1,"href":"https:\/\/www.colorado.com.br\/nosdacolorado\/wp-json\/wp\/v2\/posts\/10185\/revisions"}],"predecessor-version":[{"id":10188,"href":"https:\/\/www.colorado.com.br\/nosdacolorado\/wp-json\/wp\/v2\/posts\/10185\/revisions\/10188"}],"wp:featuredmedia":[{"embeddable":true,"href":"https:\/\/www.colorado.com.br\/nosdacolorado\/wp-json\/wp\/v2\/media\/10187"}],"wp:attachment":[{"href":"https:\/\/www.colorado.com.br\/nosdacolorado\/wp-json\/wp\/v2\/media?parent=10185"}],"wp:term":[{"taxonomy":"category","embeddable":true,"href":"https:\/\/www.colorado.com.br\/nosdacolorado\/wp-json\/wp\/v2\/categories?post=10185"},{"taxonomy":"post_tag","embeddable":true,"href":"https:\/\/www.colorado.com.br\/nosdacolorado\/wp-json\/wp\/v2\/tags?post=10185"}],"curies":[{"name":"wp","href":"https:\/\/api.w.org\/{rel}","templated":true}]}}