{"id":10200,"date":"2021-03-25T12:41:11","date_gmt":"2021-03-25T15:41:11","guid":{"rendered":"https:\/\/www.colorado.com.br\/nosdacolorado\/?p=10200"},"modified":"2021-03-25T12:41:11","modified_gmt":"2021-03-25T15:41:11","slug":"sp-deve-imunizar-professor-e-policial-antes-de-concluir-vacinacao-de-idosos-especialistas-divergem","status":"publish","type":"post","link":"https:\/\/www.colorado.com.br\/nosdacolorado\/sp-deve-imunizar-professor-e-policial-antes-de-concluir-vacinacao-de-idosos-especialistas-divergem\/","title":{"rendered":"SP deve imunizar professor e policial antes de concluir vacina\u00e7\u00e3o de idosos? Especialistas divergem"},"content":{"rendered":"<div class=\"row\">\n<section class=\"col-xs-12\">\n<div class=\"row\">\n<section class=\"col-xs-12 col-sm-offset-1 col-sm-11\">\n<article class=\"n--noticia__header \">\n<h2 class=\"n--noticia__subtitle\">No Estado de S\u00e3o Paulo, h\u00e1 ainda 4 milh\u00f5es de idosos de 60 a 69 anos na fila; prioriza\u00e7\u00e3o de grupos mais expostos ao risco do v\u00edrus \u00e9 op\u00e7\u00e3o permitida a gestores<\/h2>\n<\/article>\n<\/section>\n<\/div>\n<\/section>\n<\/div>\n<aside class=\"col-sm-1 col-xs-none fixed-position-share\">\n<div class=\"module__share js-fixed-noticia-cover\">\n<div class=\"n--noticia__state-title\">Jo\u00e3o Ker e J\u00falia Marques, O Estado de S.Paulo<\/div>\n<div><\/div>\n<div>A gest\u00e3o Jo\u00e3o Doria (PSDB) anunciou nesta quarta-feira, 24, que vai iniciar a vacina\u00e7\u00e3o de profissionais da educa\u00e7\u00e3o e da seguran\u00e7a p\u00fablica em abril. Especialistas em sa\u00fade divergem sobre a estrat\u00e9gia de priorizar\u00a0<a href=\"https:\/\/educacao.estadao.com.br\/noticias\/geral,doria-vai-anunciar-vacinacao-de-professores-a-partir-de-12-de-abril,70003658751\"><strong>professores e policiais<\/strong><\/a>\u00a0na fila da imuniza\u00e7\u00e3o. O Plano Nacional de Imuniza\u00e7\u00e3o (PNI) orienta que as categorias profissionais sejam vacinadas ap\u00f3s a imuniza\u00e7\u00e3o de idosos e pessoas com comorbidades, como diab\u00e9ticos e hipertensos. No Estado de\u00a0<a href=\"https:\/\/tudo-sobre.estadao.com.br\/sao-paulo-estado\" target=\"_blank\" rel=\"noopener noreferrer\"><strong>S\u00e3o Paulo<\/strong><\/a>, h\u00e1 ainda 4 milh\u00f5es de idosos de 60 a 69 anos de idade na fila da\u00a0<a href=\"https:\/\/tudo-sobre.estadao.com.br\/%20vacinacao\" target=\"_blank\" rel=\"noopener noreferrer\"><strong>vacina\u00e7\u00e3o<\/strong><\/a>.<\/div>\n<\/div>\n<div>\n<p>Para a epidemiologista Carla Domingues, \u00e9 dif\u00edcil definir qual grupo n\u00e3o deve ser priorizado, em fun\u00e7\u00e3o da alta taxa de circula\u00e7\u00e3o do v\u00edrus no Pa\u00eds. O plano nacional de vacina\u00e7\u00e3o contra a\u00a0<a href=\"https:\/\/tudo-sobre.estadao.com.br\/coronavirus\" target=\"_blank\" rel=\"noopener noreferrer\"><strong>covid-19<\/strong><\/a>, segundo ela, definiu que Estados e munic\u00edpios poderiam fazer a pr\u00f3pria prioriza\u00e7\u00e3o.\u00a0\u201cEsse grupo\u00a0<em>(policiais e professores)<\/em>\u00a0realmente est\u00e1 muito exposto, temos de fazer uma escolha de Sofia. S\u00e3o essas pessoas que est\u00e3o acometendo os pais e av\u00f3s\u201d, diz ela, que coordenou o PNI\u00a0de 2011 a 2019.<\/p>\n<div class=\"limite-continuar-lendo\"><\/div>\n<p>Segundo Carla, a vacina\u00e7\u00e3o dos policiais e professores deve ser feita de forma concomitante \u00e0 dos idosos. O\u00a0governo estadual prev\u00ea imunizar os mais velhos e as duas categorias profissionais &#8211; cerca de 530 mil trabalhadores &#8211; ao mesmo tempo no m\u00eas que vem.<\/p>\n<div class=\"mm_conteudo blog-multimidia foto loaded\" data-config=\"{&quot;tipo&quot;:&quot;FOTO&quot;,&quot;id&quot;:&quot;1160031&quot;,&quot;provider&quot;:&quot;AGILE&quot;}\">\n<figure class=\"n--noticia__image modulo-noticia\"><img decoding=\"async\" src=\"https:\/\/img.estadao.com.br\/resources\/jpg\/1\/3\/1616600813631.jpg\" alt=\"Vacina\" \/><figcaption>O governador do Estado de S\u00e3o Paulo, Jo\u00e3o Doria (PSDB), visita o Instituto Butantan para a libera\u00e7\u00e3o de novas doses de vacina Foto: Governo do Estado de S\u00e3o Paulo<\/figcaption><\/figure>\n<\/div>\n<p>De acordo com M\u00e9rces da Silva Nunes, especialista em direito m\u00e9dico e s\u00f3cia do Silva Nunes Advogados, a medida anunciada por Jo\u00e3o Doria (PSDB) encontra respaldo legal, uma vez que o Supremo Tribunal Federal deu autonomia a\u00a0Estados para combater a pandemia. \u201cA partir do momento que a Uni\u00e3o distribui vacinas para os governos municipais e estaduais, eles adquirem autonomia para determinar o que fazer dentro do Estado\u201d, avalia.<\/p>\n<p>J\u00e1 a infectologista Raquel Stucchi pondera que a prioriza\u00e7\u00e3o de categorias profissionais pode atrasar a imuniza\u00e7\u00e3o de idosos e adultos com comorbidades. \u201cSe tenho n\u00famero limitado de vacinas e vou reservar doses para essas categorias, estou tirando de algu\u00e9m\u201d, diz a especialista da Unicamp\u00a0e consultora da\u00a0Sociedade Brasileira de Infectologia (SBI).<\/p>\n<p>\u201c\u00c9 um privil\u00e9gio que n\u00e3o se justifica. Quem est\u00e1 morrendo s\u00e3o as pessoas que est\u00e3o sendo preteridas para a vacina\u00e7\u00e3o\u201d, acrescenta Raquel. A infectologista destaca que a inclus\u00e3o dessas categorias agora ocorre pela press\u00e3o pol\u00edtica desses grupos.<\/p>\n<p>Para Marcio Bittencourt, m\u00e9dico e pesquisador da\u00a0<strong><a href=\"https:\/\/tudo-sobre.estadao.com.br\/usp-universidade-de-sao-paulo\" target=\"_blank\" rel=\"noopener noreferrer\">USP<\/a>,<\/strong>\u00a0pode ser dada a prioriza\u00e7\u00e3o para grupos profissionais mais expostos e que desempenham servi\u00e7os essenciais, assim como houve a prioridade a profissionais de sa\u00fade.\u00a0 \u201cN\u00e3o sei se esses\u00a0<em>(policiais e professores)<\/em>\u00a0s\u00e3o os \u00fanicos, mas n\u00e3o acho que est\u00e1 errado essas categorias entrarem<em>\u00a0(na prioriza\u00e7\u00e3o)<\/em>.&#8221; Para o especialista, \u00e9 preciso que a vacina\u00e7\u00e3o seja agilizada e, por esse ponto de vista, a prioriza\u00e7\u00e3o dos adultos com comorbidades pode ser dif\u00edcil de ser feita. \u201c\u00c9 uma lista ampla, que nem sempre \u00e9 f\u00e1cil de definir e documentar. Se uma pessoa diz que \u00e9 diab\u00e9tica, qual o crit\u00e9rio para aceit\u00e1-la como diab\u00e9tica? Vamos atrasar a vacina\u00e7\u00e3o de quem n\u00e3o tem atestado?\u201d.<\/p>\n<p>Professor do Departamento de Sa\u00fade Coletiva da Faculdade de Ci\u00eancias M\u00e9dicas da Santa Casa de S\u00e3o Paulo, Jos\u00e9 C\u00e1ssio de Moraes tamb\u00e9m diz que a antecipa\u00e7\u00e3o das categorias \u00e9 prerrogativa do governo estadual, mas frisa a necessidade de\u00a0planejamento bem estruturado. \u201c\u00c9 preciso ser bem organizado, dada a ansiedade da popula\u00e7\u00e3o de ser vacinada\u201d, defende.<\/p>\n<p>Ele aponta ainda que ambas as categorias tamb\u00e9m s\u00e3o consideradas priorit\u00e1rias na campanha de vacina\u00e7\u00e3o para a influenza (gripe comum).\u00a0\u201cSe estiv\u00e9ssemos falando de vacinar adolescentes, time de futebol ou pessoas com 50 anos, a\u00ed seria um problema, porque os esses grupos n\u00e3o est\u00e3o inclu\u00eddos na lista\u00a0<em>(do PNI)<\/em>\u201d. Mas o ideal, defende, seria uma coordena\u00e7\u00e3o pelo governo federal.<\/p>\n<p>O\u00a0<strong>Estad\u00e3o<\/strong>\u00a0perguntou \u00e0 Secretaria da Sa\u00fade se a vacina\u00e7\u00e3o de idosos e pessoas com comorbidades poderia atrasar em fun\u00e7\u00e3o da prioriza\u00e7\u00e3o de professores e policiais, mas n\u00e3o obteve resposta. Tamb\u00e9m n\u00e3o foi informado o cronograma de vacina\u00e7\u00e3o para idosos de idade inferior a 69 anos, mas em coletiva de imprensa nesta quarta\u00a0Doria disse que novas datas de vacina\u00e7\u00e3o dos idosos seriam anunciadas na sexta-feira.<\/p>\n<\/div>\n<\/aside>\n","protected":false},"excerpt":{"rendered":"<p>No Estado de S\u00e3o Paulo, h\u00e1 ainda 4 milh\u00f5es de idosos de 60 a 69 anos na fila; prioriza\u00e7\u00e3o de grupos mais expostos ao risco do v\u00edrus \u00e9 op\u00e7\u00e3o permitida&#8230;<\/p>\n","protected":false},"author":2,"featured_media":10201,"comment_status":"open","ping_status":"open","sticky":false,"template":"","format":"standard","meta":{"footnotes":""},"categories":[1],"tags":[],"class_list":{"0":"post-10200","1":"post","2":"type-post","3":"status-publish","4":"format-standard","5":"has-post-thumbnail","7":"category-sem-categoria"},"_links":{"self":[{"href":"https:\/\/www.colorado.com.br\/nosdacolorado\/wp-json\/wp\/v2\/posts\/10200","targetHints":{"allow":["GET"]}}],"collection":[{"href":"https:\/\/www.colorado.com.br\/nosdacolorado\/wp-json\/wp\/v2\/posts"}],"about":[{"href":"https:\/\/www.colorado.com.br\/nosdacolorado\/wp-json\/wp\/v2\/types\/post"}],"author":[{"embeddable":true,"href":"https:\/\/www.colorado.com.br\/nosdacolorado\/wp-json\/wp\/v2\/users\/2"}],"replies":[{"embeddable":true,"href":"https:\/\/www.colorado.com.br\/nosdacolorado\/wp-json\/wp\/v2\/comments?post=10200"}],"version-history":[{"count":1,"href":"https:\/\/www.colorado.com.br\/nosdacolorado\/wp-json\/wp\/v2\/posts\/10200\/revisions"}],"predecessor-version":[{"id":10202,"href":"https:\/\/www.colorado.com.br\/nosdacolorado\/wp-json\/wp\/v2\/posts\/10200\/revisions\/10202"}],"wp:featuredmedia":[{"embeddable":true,"href":"https:\/\/www.colorado.com.br\/nosdacolorado\/wp-json\/wp\/v2\/media\/10201"}],"wp:attachment":[{"href":"https:\/\/www.colorado.com.br\/nosdacolorado\/wp-json\/wp\/v2\/media?parent=10200"}],"wp:term":[{"taxonomy":"category","embeddable":true,"href":"https:\/\/www.colorado.com.br\/nosdacolorado\/wp-json\/wp\/v2\/categories?post=10200"},{"taxonomy":"post_tag","embeddable":true,"href":"https:\/\/www.colorado.com.br\/nosdacolorado\/wp-json\/wp\/v2\/tags?post=10200"}],"curies":[{"name":"wp","href":"https:\/\/api.w.org\/{rel}","templated":true}]}}