{"id":11017,"date":"2021-04-30T11:37:11","date_gmt":"2021-04-30T14:37:11","guid":{"rendered":"https:\/\/www.colorado.com.br\/nosdacolorado\/?p=11017"},"modified":"2021-04-30T11:39:18","modified_gmt":"2021-04-30T14:39:18","slug":"com-doacao-de-respiradores-insumos-hospitalares-cestas-basicas-acucar-e-alcool-70-usina-colorado-participa-do-enfrentamento-a-pandemia","status":"publish","type":"post","link":"https:\/\/www.colorado.com.br\/nosdacolorado\/com-doacao-de-respiradores-insumos-hospitalares-cestas-basicas-acucar-e-alcool-70-usina-colorado-participa-do-enfrentamento-a-pandemia\/","title":{"rendered":"Com doa\u00e7\u00e3o de respiradores, insumos hospitalares, cestas b\u00e1sicas, a\u00e7\u00facar e \u00e1lcool 70%, Usina Colorado participa do enfrentamento \u00e0 Pandemia"},"content":{"rendered":"<p style=\"font-weight: 400;\">O interior do Estado de S\u00e3o Paulo tem passado por uma situa\u00e7\u00e3o dram\u00e1tica em fun\u00e7\u00e3o do agravamento da pandemia do novo coronav\u00edrus.\u00a0O Grupo Colorado, \u00a0como empresa que atua em car\u00e1ter essencial, produzindo alimento, combust\u00edvel e energia, n\u00e3o interrompeu sua produ\u00e7\u00e3o mesmo nos momentos de maior restri\u00e7\u00e3o da Pandemia, pelo contr\u00e1rio, direcionou esfor\u00e7os para contribuir com hospitais, organiza\u00e7\u00f5es de terceiro setor, asilos, igrejas\u00a0 \u00a0e \u00f3rg\u00e3os p\u00fablicos para que enfrentassem a Pandemia com mais recursos.<\/p>\n<p style=\"font-weight: 400;\">Al\u00e9m de adotar r\u00edgidos protocolos para garantir a seguran\u00e7a de seus colaboradores e suas fam\u00edlias, a empresa teve uma postura firme no combate \u00e0 Pandemia, levantando junto \u00e0s institui\u00e7\u00f5es hospitalares da regi\u00e3o suas principais demandas para realizar doa\u00e7\u00f5es de forma qualificada, atendendo \u00e0s especificidades e necessidades de cada institui\u00e7\u00e3o, por determina\u00e7\u00e3o\u00a0da Diretora de Responsabilidade Social do Grupo Colorado, Josimara Ribeiro de Mendon\u00e7a<\/p>\n<p style=\"font-weight: 400;\">Como as unidades de sa\u00fade p\u00fablicas e privadas enfrentam dificuldades para receber o oxig\u00eanio hospitalar, principalmente devido \u00e0 falta do n\u00famero necess\u00e1rio de cilindros para transporte desse g\u00e1s, insumo fundamental para o atendimento a pacientes da Covid-19, entre os meses de mar\u00e7o e abril, o Grupo\u00a0\u00a0Colorado cedeu 43 cilindros de oxig\u00eanio para a Santa Casa de Gua\u00edra.\u00a0 \u201cEste \u00e9 o momento de as empresas darem seu apoio contribuindo para que o setor de sa\u00fade enfrente esta Pandemia.Quando tudo passar, vamos nos lembrar das a\u00e7\u00f5es dos que apoiaram a comunidade a superar a Covid-19.\u201d, afirmou Josy.<\/p>\n<p style=\"font-weight: 400;\">Em maio de 2020, logo no in\u00edcio da longa batalha contra a Covid-19, a Usina Colorado tamb\u00e9m fez a doa\u00e7\u00e3o de recursos para que os hospitais de Orl\u00e2ndia, Ipu\u00e3, Miguel\u00f3polis pudessem adquirir equipamentos e insumos, fortalecendo a capacidade no atendimento a pacientes da Covid-19. Cada \u00a0Santa Casa recebeu a import\u00e2ncia de R$ 60 mil, recurso muito bem vindo, de acordo com os pr\u00f3prios administradores.<\/p>\n<p style=\"font-weight: 400;\">A Santa Casa de Gua\u00edra reverteu os R$ 60 mil doados pela Usina Colorado em reformas e equipamentos de dois apartamentos com estrutura completa de hotelaria hospitalar, permitindo que os recursos da institui\u00e7\u00e3o fossem utilizados na estrutura\u00e7\u00e3o e adequa\u00e7\u00e3o f\u00edsica de outras \u00e1reas do hospital que vem atendendo \u00e0 comunidade guairense.<\/p>\n<p style=\"font-weight: 400;\"><strong>Cestas b\u00e1sicas<\/strong><\/p>\n<p style=\"font-weight: 400;\">Muitas fam\u00edlias perderam seu sustento em fun\u00e7\u00e3o da Pandemia. E o Grupo Colorado uniu-se aos Fundos Sociais de Solidariedade dos munic\u00edpios e tamb\u00e9m aos movimentos da, para garantir alimento e dignidade para essas fam\u00edlias.\u00a0Foram doados recursos para a montagem de cestas b\u00e1sicas encaminhadas para fam\u00edlias de Orl\u00e2ndia pela Diocese de Franca. Miguel\u00f3polis recebeu cestas b\u00e1sicas doadas pelo Grupo Colorado por meio do Projeto Conex\u00e3o Solid\u00e1ria. J\u00e1 para Gua\u00edra, o Grupo doou cestas b\u00e1sicas para fam\u00edlias de alunos assistidos pela Sociedade Guairense de Benefic\u00eancia \u2013 Sogube e tamb\u00e9m para a Campanha Gua\u00edra Solid\u00e1ria.<\/p>\n<p style=\"font-weight: 400;\">O a\u00e7\u00facar \u00e9 um item aliment\u00edcio que n\u00e3o pode faltar na composi\u00e7\u00e3o de cestas b\u00e1sicas. Por isso, de maio de 2020 a mar\u00e7o de 2021, o Grupo Colorado destinou 4.350 quilos de sua produ\u00e7\u00e3o para cestas b\u00e1sicas doadas para fam\u00edlias de Gua\u00edra, Miguel\u00f3polis, Ipu\u00e3, Ituverava e Orl\u00e2ndia<strong>\u00a0<\/strong><\/p>\n<p style=\"font-weight: 400;\"><strong>\u00c1lcool 70%<\/strong><\/p>\n<p style=\"font-weight: 400;\">Desde maio de 2020, o Grupo Colorado Colorado tem feito a doa\u00e7\u00e3o de \u00e1lcool 70% como forma de apoiar a comunidade regional no combate \u00e0 Pandemia de Coronav\u00edrus. A empresa j\u00e1 doou um total de \u00a023.330 litros do produto.<\/p>\n<p style=\"font-weight: 400;\">\u201cVencer a Covid-19 \u00e9 um desafio para toda a humanidade. A causa \u00e9 de todos os brasileiros. A Pandemia nos impactou de maneira muito forte. Pessoas perderam trabalho, empresas encerraram atividades. Por isso, n\u00f3s da Usina Colorado fomos inspirados a participar deste movimento de combate \u00e0 Pandemia. Esperamos vencer esta batalha com solidariedade e uni\u00e3o\u201d, finaliza Josimara.<\/p>\n\n\t\t<style type=\"text\/css\">\n\t\t\t#gallery-1 {\n\t\t\t\tmargin: auto;\n\t\t\t}\n\t\t\t#gallery-1 .gallery-item {\n\t\t\t\tfloat: left;\n\t\t\t\tmargin-top: 10px;\n\t\t\t\ttext-align: center;\n\t\t\t\twidth: 33%;\n\t\t\t}\n\t\t\t#gallery-1 img {\n\t\t\t\tborder: 2px solid #cfcfcf;\n\t\t\t}\n\t\t\t#gallery-1 .gallery-caption {\n\t\t\t\tmargin-left: 0;\n\t\t\t}\n\t\t\t\/* see gallery_shortcode() in wp-includes\/media.php *\/\n\t\t<\/style>\n\t\t<div data-carousel-extra='{\"blog_id\":1,\"permalink\":\"https:\\\/\\\/www.colorado.com.br\\\/nosdacolorado\\\/com-doacao-de-respiradores-insumos-hospitalares-cestas-basicas-acucar-e-alcool-70-usina-colorado-participa-do-enfrentamento-a-pandemia\\\/\"}' id='gallery-1' class='gallery galleryid-11017 gallery-columns-3 gallery-size-full'><dl class='gallery-item'>\n\t\t\t<dt class='gallery-icon portrait'>\n\t\t\t\t<a href='https:\/\/www.colorado.com.br\/nosdacolorado\/wp-content\/uploads\/2021\/04\/FSS-GUA\u00cdRA-2021.jpeg'><img loading=\"lazy\" decoding=\"async\" data-attachment-id=\"11018\" data-orig-file=\"https:\/\/www.colorado.com.br\/nosdacolorado\/wp-content\/uploads\/2021\/04\/FSS-GUA\u00cdRA-2021.jpeg\" data-orig-size=\"605,1280\" data-comments-opened=\"1\" data-image-meta=\"{&quot;aperture&quot;:&quot;0&quot;,&quot;credit&quot;:&quot;&quot;,&quot;camera&quot;:&quot;&quot;,&quot;caption&quot;:&quot;&quot;,&quot;created_timestamp&quot;:&quot;0&quot;,&quot;copyright&quot;:&quot;&quot;,&quot;focal_length&quot;:&quot;0&quot;,&quot;iso&quot;:&quot;0&quot;,&quot;shutter_speed&quot;:&quot;0&quot;,&quot;title&quot;:&quot;&quot;,&quot;orientation&quot;:&quot;0&quot;,&quot;keywords&quot;:&quot;Array&quot;}\" data-image-title=\"FSS GUA\u00cdRA 2021\" data-image-description=\"\" data-medium-file=\"https:\/\/www.colorado.com.br\/nosdacolorado\/wp-content\/uploads\/2021\/04\/FSS-GUA\u00cdRA-2021-142x300.jpeg\" data-large-file=\"https:\/\/www.colorado.com.br\/nosdacolorado\/wp-content\/uploads\/2021\/04\/FSS-GUA\u00cdRA-2021-484x1024.jpeg\" width=\"605\" height=\"1280\" src=\"https:\/\/www.colorado.com.br\/nosdacolorado\/wp-content\/uploads\/2021\/04\/FSS-GUA\u00cdRA-2021.jpeg\" class=\"attachment-full size-full\" alt=\"\" srcset=\"https:\/\/www.colorado.com.br\/nosdacolorado\/wp-content\/uploads\/2021\/04\/FSS-GUA\u00cdRA-2021.jpeg 605w, https:\/\/www.colorado.com.br\/nosdacolorado\/wp-content\/uploads\/2021\/04\/FSS-GUA\u00cdRA-2021-142x300.jpeg 142w, https:\/\/www.colorado.com.br\/nosdacolorado\/wp-content\/uploads\/2021\/04\/FSS-GUA\u00cdRA-2021-484x1024.jpeg 484w\" sizes=\"auto, (max-width: 605px) 100vw, 605px\" \/><\/a>\n\t\t\t<\/dt><\/dl><dl class='gallery-item'>\n\t\t\t<dt class='gallery-icon portrait'>\n\t\t\t\t<a href='https:\/\/www.colorado.com.br\/nosdacolorado\/wp-content\/uploads\/2021\/04\/STA-CASA-MIGUEL\u00d3POLIS-1.jpg'><img loading=\"lazy\" decoding=\"async\" data-attachment-id=\"11026\" data-orig-file=\"https:\/\/www.colorado.com.br\/nosdacolorado\/wp-content\/uploads\/2021\/04\/STA-CASA-MIGUEL\u00d3POLIS-1.jpg\" data-orig-size=\"585,960\" data-comments-opened=\"1\" data-image-meta=\"{&quot;aperture&quot;:&quot;0&quot;,&quot;credit&quot;:&quot;&quot;,&quot;camera&quot;:&quot;&quot;,&quot;caption&quot;:&quot;&quot;,&quot;created_timestamp&quot;:&quot;0&quot;,&quot;copyright&quot;:&quot;&quot;,&quot;focal_length&quot;:&quot;0&quot;,&quot;iso&quot;:&quot;0&quot;,&quot;shutter_speed&quot;:&quot;0&quot;,&quot;title&quot;:&quot;&quot;,&quot;orientation&quot;:&quot;1&quot;,&quot;keywords&quot;:&quot;Array&quot;}\" data-image-title=\"STA CASA MIGUEL\u00d3POLIS (1)\" data-image-description=\"\" data-medium-file=\"https:\/\/www.colorado.com.br\/nosdacolorado\/wp-content\/uploads\/2021\/04\/STA-CASA-MIGUEL\u00d3POLIS-1-183x300.jpg\" data-large-file=\"https:\/\/www.colorado.com.br\/nosdacolorado\/wp-content\/uploads\/2021\/04\/STA-CASA-MIGUEL\u00d3POLIS-1.jpg\" width=\"585\" height=\"960\" src=\"https:\/\/www.colorado.com.br\/nosdacolorado\/wp-content\/uploads\/2021\/04\/STA-CASA-MIGUEL\u00d3POLIS-1.jpg\" class=\"attachment-full size-full\" alt=\"\" srcset=\"https:\/\/www.colorado.com.br\/nosdacolorado\/wp-content\/uploads\/2021\/04\/STA-CASA-MIGUEL\u00d3POLIS-1.jpg 585w, https:\/\/www.colorado.com.br\/nosdacolorado\/wp-content\/uploads\/2021\/04\/STA-CASA-MIGUEL\u00d3POLIS-1-183x300.jpg 183w\" sizes=\"auto, (max-width: 585px) 100vw, 585px\" \/><\/a>\n\t\t\t<\/dt><\/dl><dl class='gallery-item'>\n\t\t\t<dt class='gallery-icon portrait'>\n\t\t\t\t<a href='https:\/\/www.colorado.com.br\/nosdacolorado\/wp-content\/uploads\/2021\/04\/STA-CASA-MIGUEL\u00d3POLIS-1.jpeg'><img loading=\"lazy\" decoding=\"async\" data-attachment-id=\"11025\" data-orig-file=\"https:\/\/www.colorado.com.br\/nosdacolorado\/wp-content\/uploads\/2021\/04\/STA-CASA-MIGUEL\u00d3POLIS-1.jpeg\" data-orig-size=\"473,803\" data-comments-opened=\"1\" data-image-meta=\"{&quot;aperture&quot;:&quot;0&quot;,&quot;credit&quot;:&quot;&quot;,&quot;camera&quot;:&quot;&quot;,&quot;caption&quot;:&quot;&quot;,&quot;created_timestamp&quot;:&quot;0&quot;,&quot;copyright&quot;:&quot;&quot;,&quot;focal_length&quot;:&quot;0&quot;,&quot;iso&quot;:&quot;0&quot;,&quot;shutter_speed&quot;:&quot;0&quot;,&quot;title&quot;:&quot;&quot;,&quot;orientation&quot;:&quot;1&quot;,&quot;keywords&quot;:&quot;Array&quot;}\" data-image-title=\"STA CASA MIGUEL\u00d3POLIS (1)\" data-image-description=\"\" data-medium-file=\"https:\/\/www.colorado.com.br\/nosdacolorado\/wp-content\/uploads\/2021\/04\/STA-CASA-MIGUEL\u00d3POLIS-1-177x300.jpeg\" data-large-file=\"https:\/\/www.colorado.com.br\/nosdacolorado\/wp-content\/uploads\/2021\/04\/STA-CASA-MIGUEL\u00d3POLIS-1.jpeg\" width=\"473\" height=\"803\" src=\"https:\/\/www.colorado.com.br\/nosdacolorado\/wp-content\/uploads\/2021\/04\/STA-CASA-MIGUEL\u00d3POLIS-1.jpeg\" class=\"attachment-full size-full\" alt=\"\" srcset=\"https:\/\/www.colorado.com.br\/nosdacolorado\/wp-content\/uploads\/2021\/04\/STA-CASA-MIGUEL\u00d3POLIS-1.jpeg 473w, https:\/\/www.colorado.com.br\/nosdacolorado\/wp-content\/uploads\/2021\/04\/STA-CASA-MIGUEL\u00d3POLIS-1-177x300.jpeg 177w\" sizes=\"auto, (max-width: 473px) 100vw, 473px\" \/><\/a>\n\t\t\t<\/dt><\/dl><br style=\"clear: both\" \/><dl class='gallery-item'>\n\t\t\t<dt class='gallery-icon portrait'>\n\t\t\t\t<a href='https:\/\/www.colorado.com.br\/nosdacolorado\/wp-content\/uploads\/2021\/04\/STA-CASA-MIGUEL\u00d3POLIS-2.jpeg'><img loading=\"lazy\" decoding=\"async\" data-attachment-id=\"11027\" data-orig-file=\"https:\/\/www.colorado.com.br\/nosdacolorado\/wp-content\/uploads\/2021\/04\/STA-CASA-MIGUEL\u00d3POLIS-2.jpeg\" data-orig-size=\"958,1280\" data-comments-opened=\"1\" data-image-meta=\"{&quot;aperture&quot;:&quot;0&quot;,&quot;credit&quot;:&quot;&quot;,&quot;camera&quot;:&quot;&quot;,&quot;caption&quot;:&quot;&quot;,&quot;created_timestamp&quot;:&quot;0&quot;,&quot;copyright&quot;:&quot;&quot;,&quot;focal_length&quot;:&quot;0&quot;,&quot;iso&quot;:&quot;0&quot;,&quot;shutter_speed&quot;:&quot;0&quot;,&quot;title&quot;:&quot;&quot;,&quot;orientation&quot;:&quot;0&quot;,&quot;keywords&quot;:&quot;Array&quot;}\" data-image-title=\"STA CASA MIGUEL\u00d3POLIS (2)\" data-image-description=\"\" data-medium-file=\"https:\/\/www.colorado.com.br\/nosdacolorado\/wp-content\/uploads\/2021\/04\/STA-CASA-MIGUEL\u00d3POLIS-2-225x300.jpeg\" data-large-file=\"https:\/\/www.colorado.com.br\/nosdacolorado\/wp-content\/uploads\/2021\/04\/STA-CASA-MIGUEL\u00d3POLIS-2-766x1024.jpeg\" width=\"958\" height=\"1280\" src=\"https:\/\/www.colorado.com.br\/nosdacolorado\/wp-content\/uploads\/2021\/04\/STA-CASA-MIGUEL\u00d3POLIS-2.jpeg\" class=\"attachment-full size-full\" alt=\"\" srcset=\"https:\/\/www.colorado.com.br\/nosdacolorado\/wp-content\/uploads\/2021\/04\/STA-CASA-MIGUEL\u00d3POLIS-2.jpeg 958w, https:\/\/www.colorado.com.br\/nosdacolorado\/wp-content\/uploads\/2021\/04\/STA-CASA-MIGUEL\u00d3POLIS-2-225x300.jpeg 225w, https:\/\/www.colorado.com.br\/nosdacolorado\/wp-content\/uploads\/2021\/04\/STA-CASA-MIGUEL\u00d3POLIS-2-768x1026.jpeg 768w, https:\/\/www.colorado.com.br\/nosdacolorado\/wp-content\/uploads\/2021\/04\/STA-CASA-MIGUEL\u00d3POLIS-2-766x1024.jpeg 766w\" sizes=\"auto, (max-width: 958px) 100vw, 958px\" \/><\/a>\n\t\t\t<\/dt><\/dl><dl class='gallery-item'>\n\t\t\t<dt class='gallery-icon portrait'>\n\t\t\t\t<a href='https:\/\/www.colorado.com.br\/nosdacolorado\/wp-content\/uploads\/2021\/04\/SANT-CASA-IPU\u00c3.jpeg'><img loading=\"lazy\" decoding=\"async\" data-attachment-id=\"11023\" data-orig-file=\"https:\/\/www.colorado.com.br\/nosdacolorado\/wp-content\/uploads\/2021\/04\/SANT-CASA-IPU\u00c3.jpeg\" data-orig-size=\"960,1280\" data-comments-opened=\"1\" data-image-meta=\"{&quot;aperture&quot;:&quot;0&quot;,&quot;credit&quot;:&quot;&quot;,&quot;camera&quot;:&quot;&quot;,&quot;caption&quot;:&quot;&quot;,&quot;created_timestamp&quot;:&quot;0&quot;,&quot;copyright&quot;:&quot;&quot;,&quot;focal_length&quot;:&quot;0&quot;,&quot;iso&quot;:&quot;0&quot;,&quot;shutter_speed&quot;:&quot;0&quot;,&quot;title&quot;:&quot;&quot;,&quot;orientation&quot;:&quot;0&quot;,&quot;keywords&quot;:&quot;Array&quot;}\" data-image-title=\"SANT CASA IPU\u00c3\" data-image-description=\"\" data-medium-file=\"https:\/\/www.colorado.com.br\/nosdacolorado\/wp-content\/uploads\/2021\/04\/SANT-CASA-IPU\u00c3-225x300.jpeg\" data-large-file=\"https:\/\/www.colorado.com.br\/nosdacolorado\/wp-content\/uploads\/2021\/04\/SANT-CASA-IPU\u00c3-768x1024.jpeg\" width=\"960\" height=\"1280\" src=\"https:\/\/www.colorado.com.br\/nosdacolorado\/wp-content\/uploads\/2021\/04\/SANT-CASA-IPU\u00c3.jpeg\" class=\"attachment-full size-full\" alt=\"\" srcset=\"https:\/\/www.colorado.com.br\/nosdacolorado\/wp-content\/uploads\/2021\/04\/SANT-CASA-IPU\u00c3.jpeg 960w, https:\/\/www.colorado.com.br\/nosdacolorado\/wp-content\/uploads\/2021\/04\/SANT-CASA-IPU\u00c3-225x300.jpeg 225w, https:\/\/www.colorado.com.br\/nosdacolorado\/wp-content\/uploads\/2021\/04\/SANT-CASA-IPU\u00c3-768x1024.jpeg 768w\" sizes=\"auto, (max-width: 960px) 100vw, 960px\" \/><\/a>\n\t\t\t<\/dt><\/dl><dl class='gallery-item'>\n\t\t\t<dt class='gallery-icon portrait'>\n\t\t\t\t<a href='https:\/\/www.colorado.com.br\/nosdacolorado\/wp-content\/uploads\/2021\/04\/ORL\u00c2NDIA2021.jpeg'><img loading=\"lazy\" decoding=\"async\" data-attachment-id=\"11022\" data-orig-file=\"https:\/\/www.colorado.com.br\/nosdacolorado\/wp-content\/uploads\/2021\/04\/ORL\u00c2NDIA2021.jpeg\" data-orig-size=\"774,1032\" data-comments-opened=\"1\" data-image-meta=\"{&quot;aperture&quot;:&quot;0&quot;,&quot;credit&quot;:&quot;&quot;,&quot;camera&quot;:&quot;&quot;,&quot;caption&quot;:&quot;&quot;,&quot;created_timestamp&quot;:&quot;0&quot;,&quot;copyright&quot;:&quot;&quot;,&quot;focal_length&quot;:&quot;0&quot;,&quot;iso&quot;:&quot;0&quot;,&quot;shutter_speed&quot;:&quot;0&quot;,&quot;title&quot;:&quot;&quot;,&quot;orientation&quot;:&quot;0&quot;,&quot;keywords&quot;:&quot;Array&quot;}\" data-image-title=\"ORL\u00c2NDIA2021\" data-image-description=\"\" data-medium-file=\"https:\/\/www.colorado.com.br\/nosdacolorado\/wp-content\/uploads\/2021\/04\/ORL\u00c2NDIA2021-225x300.jpeg\" data-large-file=\"https:\/\/www.colorado.com.br\/nosdacolorado\/wp-content\/uploads\/2021\/04\/ORL\u00c2NDIA2021-768x1024.jpeg\" width=\"774\" height=\"1032\" src=\"https:\/\/www.colorado.com.br\/nosdacolorado\/wp-content\/uploads\/2021\/04\/ORL\u00c2NDIA2021.jpeg\" class=\"attachment-full size-full\" alt=\"\" srcset=\"https:\/\/www.colorado.com.br\/nosdacolorado\/wp-content\/uploads\/2021\/04\/ORL\u00c2NDIA2021.jpeg 774w, https:\/\/www.colorado.com.br\/nosdacolorado\/wp-content\/uploads\/2021\/04\/ORL\u00c2NDIA2021-225x300.jpeg 225w, https:\/\/www.colorado.com.br\/nosdacolorado\/wp-content\/uploads\/2021\/04\/ORL\u00c2NDIA2021-768x1024.jpeg 768w\" sizes=\"auto, (max-width: 774px) 100vw, 774px\" \/><\/a>\n\t\t\t<\/dt><\/dl><br style=\"clear: both\" \/><dl class='gallery-item'>\n\t\t\t<dt class='gallery-icon landscape'>\n\t\t\t\t<a href='https:\/\/www.colorado.com.br\/nosdacolorado\/wp-content\/uploads\/2021\/04\/STA-CASA-MIGUEL\u00d3POLIS-3.jpeg'><img loading=\"lazy\" decoding=\"async\" data-attachment-id=\"11028\" data-orig-file=\"https:\/\/www.colorado.com.br\/nosdacolorado\/wp-content\/uploads\/2021\/04\/STA-CASA-MIGUEL\u00d3POLIS-3.jpeg\" data-orig-size=\"1280,958\" data-comments-opened=\"1\" data-image-meta=\"{&quot;aperture&quot;:&quot;0&quot;,&quot;credit&quot;:&quot;&quot;,&quot;camera&quot;:&quot;&quot;,&quot;caption&quot;:&quot;&quot;,&quot;created_timestamp&quot;:&quot;0&quot;,&quot;copyright&quot;:&quot;&quot;,&quot;focal_length&quot;:&quot;0&quot;,&quot;iso&quot;:&quot;0&quot;,&quot;shutter_speed&quot;:&quot;0&quot;,&quot;title&quot;:&quot;&quot;,&quot;orientation&quot;:&quot;0&quot;,&quot;keywords&quot;:&quot;Array&quot;}\" data-image-title=\"STA CASA MIGUEL\u00d3POLIS (3)\" data-image-description=\"\" data-medium-file=\"https:\/\/www.colorado.com.br\/nosdacolorado\/wp-content\/uploads\/2021\/04\/STA-CASA-MIGUEL\u00d3POLIS-3-300x225.jpeg\" data-large-file=\"https:\/\/www.colorado.com.br\/nosdacolorado\/wp-content\/uploads\/2021\/04\/STA-CASA-MIGUEL\u00d3POLIS-3-1024x766.jpeg\" width=\"1280\" height=\"958\" src=\"https:\/\/www.colorado.com.br\/nosdacolorado\/wp-content\/uploads\/2021\/04\/STA-CASA-MIGUEL\u00d3POLIS-3.jpeg\" class=\"attachment-full size-full\" alt=\"\" srcset=\"https:\/\/www.colorado.com.br\/nosdacolorado\/wp-content\/uploads\/2021\/04\/STA-CASA-MIGUEL\u00d3POLIS-3.jpeg 1280w, https:\/\/www.colorado.com.br\/nosdacolorado\/wp-content\/uploads\/2021\/04\/STA-CASA-MIGUEL\u00d3POLIS-3-300x225.jpeg 300w, https:\/\/www.colorado.com.br\/nosdacolorado\/wp-content\/uploads\/2021\/04\/STA-CASA-MIGUEL\u00d3POLIS-3-768x575.jpeg 768w, https:\/\/www.colorado.com.br\/nosdacolorado\/wp-content\/uploads\/2021\/04\/STA-CASA-MIGUEL\u00d3POLIS-3-1024x766.jpeg 1024w\" sizes=\"auto, (max-width: 1280px) 100vw, 1280px\" \/><\/a>\n\t\t\t<\/dt><\/dl><dl class='gallery-item'>\n\t\t\t<dt class='gallery-icon landscape'>\n\t\t\t\t<a href='https:\/\/www.colorado.com.br\/nosdacolorado\/wp-content\/uploads\/2021\/04\/STA_CASA_GUA\u00cdRA2021-1.jpeg'><img loading=\"lazy\" decoding=\"async\" data-attachment-id=\"11029\" data-orig-file=\"https:\/\/www.colorado.com.br\/nosdacolorado\/wp-content\/uploads\/2021\/04\/STA_CASA_GUA\u00cdRA2021-1.jpeg\" data-orig-size=\"1280,960\" data-comments-opened=\"1\" data-image-meta=\"{&quot;aperture&quot;:&quot;0&quot;,&quot;credit&quot;:&quot;&quot;,&quot;camera&quot;:&quot;&quot;,&quot;caption&quot;:&quot;&quot;,&quot;created_timestamp&quot;:&quot;0&quot;,&quot;copyright&quot;:&quot;&quot;,&quot;focal_length&quot;:&quot;0&quot;,&quot;iso&quot;:&quot;0&quot;,&quot;shutter_speed&quot;:&quot;0&quot;,&quot;title&quot;:&quot;&quot;,&quot;orientation&quot;:&quot;0&quot;,&quot;keywords&quot;:&quot;Array&quot;}\" data-image-title=\"STA_CASA_GUA\u00cdRA2021 (1)\" data-image-description=\"\" data-medium-file=\"https:\/\/www.colorado.com.br\/nosdacolorado\/wp-content\/uploads\/2021\/04\/STA_CASA_GUA\u00cdRA2021-1-300x225.jpeg\" data-large-file=\"https:\/\/www.colorado.com.br\/nosdacolorado\/wp-content\/uploads\/2021\/04\/STA_CASA_GUA\u00cdRA2021-1-1024x768.jpeg\" width=\"1280\" height=\"960\" src=\"https:\/\/www.colorado.com.br\/nosdacolorado\/wp-content\/uploads\/2021\/04\/STA_CASA_GUA\u00cdRA2021-1.jpeg\" class=\"attachment-full size-full\" alt=\"\" srcset=\"https:\/\/www.colorado.com.br\/nosdacolorado\/wp-content\/uploads\/2021\/04\/STA_CASA_GUA\u00cdRA2021-1.jpeg 1280w, https:\/\/www.colorado.com.br\/nosdacolorado\/wp-content\/uploads\/2021\/04\/STA_CASA_GUA\u00cdRA2021-1-300x225.jpeg 300w, https:\/\/www.colorado.com.br\/nosdacolorado\/wp-content\/uploads\/2021\/04\/STA_CASA_GUA\u00cdRA2021-1-768x576.jpeg 768w, https:\/\/www.colorado.com.br\/nosdacolorado\/wp-content\/uploads\/2021\/04\/STA_CASA_GUA\u00cdRA2021-1-1024x768.jpeg 1024w\" sizes=\"auto, (max-width: 1280px) 100vw, 1280px\" \/><\/a>\n\t\t\t<\/dt><\/dl><dl class='gallery-item'>\n\t\t\t<dt class='gallery-icon landscape'>\n\t\t\t\t<a href='https:\/\/www.colorado.com.br\/nosdacolorado\/wp-content\/uploads\/2021\/04\/STA_CASA_GUA\u00cdRA2021-2.jpeg'><img loading=\"lazy\" decoding=\"async\" data-attachment-id=\"11030\" data-orig-file=\"https:\/\/www.colorado.com.br\/nosdacolorado\/wp-content\/uploads\/2021\/04\/STA_CASA_GUA\u00cdRA2021-2.jpeg\" data-orig-size=\"1280,960\" data-comments-opened=\"1\" data-image-meta=\"{&quot;aperture&quot;:&quot;0&quot;,&quot;credit&quot;:&quot;&quot;,&quot;camera&quot;:&quot;&quot;,&quot;caption&quot;:&quot;&quot;,&quot;created_timestamp&quot;:&quot;0&quot;,&quot;copyright&quot;:&quot;&quot;,&quot;focal_length&quot;:&quot;0&quot;,&quot;iso&quot;:&quot;0&quot;,&quot;shutter_speed&quot;:&quot;0&quot;,&quot;title&quot;:&quot;&quot;,&quot;orientation&quot;:&quot;0&quot;,&quot;keywords&quot;:&quot;Array&quot;}\" data-image-title=\"STA_CASA_GUA\u00cdRA2021 (2)\" data-image-description=\"\" data-medium-file=\"https:\/\/www.colorado.com.br\/nosdacolorado\/wp-content\/uploads\/2021\/04\/STA_CASA_GUA\u00cdRA2021-2-300x225.jpeg\" data-large-file=\"https:\/\/www.colorado.com.br\/nosdacolorado\/wp-content\/uploads\/2021\/04\/STA_CASA_GUA\u00cdRA2021-2-1024x768.jpeg\" width=\"1280\" height=\"960\" src=\"https:\/\/www.colorado.com.br\/nosdacolorado\/wp-content\/uploads\/2021\/04\/STA_CASA_GUA\u00cdRA2021-2.jpeg\" class=\"attachment-full size-full\" alt=\"\" srcset=\"https:\/\/www.colorado.com.br\/nosdacolorado\/wp-content\/uploads\/2021\/04\/STA_CASA_GUA\u00cdRA2021-2.jpeg 1280w, https:\/\/www.colorado.com.br\/nosdacolorado\/wp-content\/uploads\/2021\/04\/STA_CASA_GUA\u00cdRA2021-2-300x225.jpeg 300w, https:\/\/www.colorado.com.br\/nosdacolorado\/wp-content\/uploads\/2021\/04\/STA_CASA_GUA\u00cdRA2021-2-768x576.jpeg 768w, https:\/\/www.colorado.com.br\/nosdacolorado\/wp-content\/uploads\/2021\/04\/STA_CASA_GUA\u00cdRA2021-2-1024x768.jpeg 1024w\" sizes=\"auto, (max-width: 1280px) 100vw, 1280px\" \/><\/a>\n\t\t\t<\/dt><\/dl><br style=\"clear: both\" \/><dl class='gallery-item'>\n\t\t\t<dt class='gallery-icon landscape'>\n\t\t\t\t<a href='https:\/\/www.colorado.com.br\/nosdacolorado\/wp-content\/uploads\/2021\/04\/SANTA-CASA-GUA\u00cdRA-2021.jpg'><img loading=\"lazy\" decoding=\"async\" data-attachment-id=\"11031\" data-orig-file=\"https:\/\/www.colorado.com.br\/nosdacolorado\/wp-content\/uploads\/2021\/04\/SANTA-CASA-GUA\u00cdRA-2021.jpg\" data-orig-size=\"4032,3024\" data-comments-opened=\"1\" data-image-meta=\"{&quot;aperture&quot;:&quot;1.8&quot;,&quot;credit&quot;:&quot;&quot;,&quot;camera&quot;:&quot;iPhone 7 Plus&quot;,&quot;caption&quot;:&quot;&quot;,&quot;created_timestamp&quot;:&quot;1616661555&quot;,&quot;copyright&quot;:&quot;&quot;,&quot;focal_length&quot;:&quot;3.99&quot;,&quot;iso&quot;:&quot;20&quot;,&quot;shutter_speed&quot;:&quot;0.0011904761904762&quot;,&quot;title&quot;:&quot;&quot;,&quot;orientation&quot;:&quot;1&quot;,&quot;keywords&quot;:&quot;Array&quot;}\" data-image-title=\"SANTA CASA GUA\u00cdRA 2021\" data-image-description=\"\" data-medium-file=\"https:\/\/www.colorado.com.br\/nosdacolorado\/wp-content\/uploads\/2021\/04\/SANTA-CASA-GUA\u00cdRA-2021-300x225.jpg\" data-large-file=\"https:\/\/www.colorado.com.br\/nosdacolorado\/wp-content\/uploads\/2021\/04\/SANTA-CASA-GUA\u00cdRA-2021-1024x768.jpg\" width=\"4032\" height=\"3024\" src=\"https:\/\/www.colorado.com.br\/nosdacolorado\/wp-content\/uploads\/2021\/04\/SANTA-CASA-GUA\u00cdRA-2021.jpg\" class=\"attachment-full size-full\" alt=\"\" srcset=\"https:\/\/www.colorado.com.br\/nosdacolorado\/wp-content\/uploads\/2021\/04\/SANTA-CASA-GUA\u00cdRA-2021.jpg 4032w, https:\/\/www.colorado.com.br\/nosdacolorado\/wp-content\/uploads\/2021\/04\/SANTA-CASA-GUA\u00cdRA-2021-300x225.jpg 300w, https:\/\/www.colorado.com.br\/nosdacolorado\/wp-content\/uploads\/2021\/04\/SANTA-CASA-GUA\u00cdRA-2021-768x576.jpg 768w, https:\/\/www.colorado.com.br\/nosdacolorado\/wp-content\/uploads\/2021\/04\/SANTA-CASA-GUA\u00cdRA-2021-1024x768.jpg 1024w\" sizes=\"auto, (max-width: 4032px) 100vw, 4032px\" \/><\/a>\n\t\t\t<\/dt><\/dl><dl class='gallery-item'>\n\t\t\t<dt class='gallery-icon landscape'>\n\t\t\t\t<a href='https:\/\/www.colorado.com.br\/nosdacolorado\/wp-content\/uploads\/2021\/04\/GUA\u00cdRA-2020-02.jpg'><img loading=\"lazy\" decoding=\"async\" data-attachment-id=\"11019\" data-orig-file=\"https:\/\/www.colorado.com.br\/nosdacolorado\/wp-content\/uploads\/2021\/04\/GUA\u00cdRA-2020-02.jpg\" data-orig-size=\"1772,1329\" data-comments-opened=\"1\" data-image-meta=\"{&quot;aperture&quot;:&quot;2.4&quot;,&quot;credit&quot;:&quot;&quot;,&quot;camera&quot;:&quot;SM-G970F&quot;,&quot;caption&quot;:&quot;&quot;,&quot;created_timestamp&quot;:&quot;1589022913&quot;,&quot;copyright&quot;:&quot;&quot;,&quot;focal_length&quot;:&quot;4.32&quot;,&quot;iso&quot;:&quot;50&quot;,&quot;shutter_speed&quot;:&quot;0.0083333333333333&quot;,&quot;title&quot;:&quot;&quot;,&quot;orientation&quot;:&quot;1&quot;,&quot;keywords&quot;:&quot;Array&quot;}\" data-image-title=\"GUA\u00cdRA 2020 (02)\" data-image-description=\"\" data-medium-file=\"https:\/\/www.colorado.com.br\/nosdacolorado\/wp-content\/uploads\/2021\/04\/GUA\u00cdRA-2020-02-300x225.jpg\" data-large-file=\"https:\/\/www.colorado.com.br\/nosdacolorado\/wp-content\/uploads\/2021\/04\/GUA\u00cdRA-2020-02-1024x768.jpg\" width=\"1772\" height=\"1329\" src=\"https:\/\/www.colorado.com.br\/nosdacolorado\/wp-content\/uploads\/2021\/04\/GUA\u00cdRA-2020-02.jpg\" class=\"attachment-full size-full\" alt=\"\" srcset=\"https:\/\/www.colorado.com.br\/nosdacolorado\/wp-content\/uploads\/2021\/04\/GUA\u00cdRA-2020-02.jpg 1772w, https:\/\/www.colorado.com.br\/nosdacolorado\/wp-content\/uploads\/2021\/04\/GUA\u00cdRA-2020-02-300x225.jpg 300w, https:\/\/www.colorado.com.br\/nosdacolorado\/wp-content\/uploads\/2021\/04\/GUA\u00cdRA-2020-02-768x576.jpg 768w, https:\/\/www.colorado.com.br\/nosdacolorado\/wp-content\/uploads\/2021\/04\/GUA\u00cdRA-2020-02-1024x768.jpg 1024w\" sizes=\"auto, (max-width: 1772px) 100vw, 1772px\" \/><\/a>\n\t\t\t<\/dt><\/dl><dl class='gallery-item'>\n\t\t\t<dt class='gallery-icon landscape'>\n\t\t\t\t<a href='https:\/\/www.colorado.com.br\/nosdacolorado\/wp-content\/uploads\/2021\/04\/GUA\u00cdRA-2020.jpg'><img loading=\"lazy\" decoding=\"async\" data-attachment-id=\"11020\" data-orig-file=\"https:\/\/www.colorado.com.br\/nosdacolorado\/wp-content\/uploads\/2021\/04\/GUA\u00cdRA-2020.jpg\" data-orig-size=\"1772,1329\" data-comments-opened=\"1\" data-image-meta=\"{&quot;aperture&quot;:&quot;2.4&quot;,&quot;credit&quot;:&quot;&quot;,&quot;camera&quot;:&quot;SM-G970F&quot;,&quot;caption&quot;:&quot;&quot;,&quot;created_timestamp&quot;:&quot;1589023187&quot;,&quot;copyright&quot;:&quot;&quot;,&quot;focal_length&quot;:&quot;4.32&quot;,&quot;iso&quot;:&quot;200&quot;,&quot;shutter_speed&quot;:&quot;0.0083333333333333&quot;,&quot;title&quot;:&quot;&quot;,&quot;orientation&quot;:&quot;1&quot;,&quot;keywords&quot;:&quot;Array&quot;}\" data-image-title=\"GUA\u00cdRA 2020\" data-image-description=\"\" data-medium-file=\"https:\/\/www.colorado.com.br\/nosdacolorado\/wp-content\/uploads\/2021\/04\/GUA\u00cdRA-2020-300x225.jpg\" data-large-file=\"https:\/\/www.colorado.com.br\/nosdacolorado\/wp-content\/uploads\/2021\/04\/GUA\u00cdRA-2020-1024x768.jpg\" width=\"1772\" height=\"1329\" src=\"https:\/\/www.colorado.com.br\/nosdacolorado\/wp-content\/uploads\/2021\/04\/GUA\u00cdRA-2020.jpg\" class=\"attachment-full size-full\" alt=\"\" srcset=\"https:\/\/www.colorado.com.br\/nosdacolorado\/wp-content\/uploads\/2021\/04\/GUA\u00cdRA-2020.jpg 1772w, https:\/\/www.colorado.com.br\/nosdacolorado\/wp-content\/uploads\/2021\/04\/GUA\u00cdRA-2020-300x225.jpg 300w, https:\/\/www.colorado.com.br\/nosdacolorado\/wp-content\/uploads\/2021\/04\/GUA\u00cdRA-2020-768x576.jpg 768w, https:\/\/www.colorado.com.br\/nosdacolorado\/wp-content\/uploads\/2021\/04\/GUA\u00cdRA-2020-1024x768.jpg 1024w\" sizes=\"auto, (max-width: 1772px) 100vw, 1772px\" \/><\/a>\n\t\t\t<\/dt><\/dl><br style=\"clear: both\" \/><dl class='gallery-item'>\n\t\t\t<dt class='gallery-icon landscape'>\n\t\t\t\t<a href='https:\/\/www.colorado.com.br\/nosdacolorado\/wp-content\/uploads\/2021\/04\/IPU\u00c3-2020.jpg'><img loading=\"lazy\" decoding=\"async\" data-attachment-id=\"11021\" data-orig-file=\"https:\/\/www.colorado.com.br\/nosdacolorado\/wp-content\/uploads\/2021\/04\/IPU\u00c3-2020.jpg\" data-orig-size=\"1280,960\" data-comments-opened=\"1\" data-image-meta=\"{&quot;aperture&quot;:&quot;0&quot;,&quot;credit&quot;:&quot;&quot;,&quot;camera&quot;:&quot;&quot;,&quot;caption&quot;:&quot;&quot;,&quot;created_timestamp&quot;:&quot;0&quot;,&quot;copyright&quot;:&quot;&quot;,&quot;focal_length&quot;:&quot;0&quot;,&quot;iso&quot;:&quot;0&quot;,&quot;shutter_speed&quot;:&quot;0&quot;,&quot;title&quot;:&quot;&quot;,&quot;orientation&quot;:&quot;0&quot;,&quot;keywords&quot;:&quot;Array&quot;}\" data-image-title=\"IPU\u00c3 2020\" data-image-description=\"\" data-medium-file=\"https:\/\/www.colorado.com.br\/nosdacolorado\/wp-content\/uploads\/2021\/04\/IPU\u00c3-2020-300x225.jpg\" data-large-file=\"https:\/\/www.colorado.com.br\/nosdacolorado\/wp-content\/uploads\/2021\/04\/IPU\u00c3-2020-1024x768.jpg\" width=\"1280\" height=\"960\" src=\"https:\/\/www.colorado.com.br\/nosdacolorado\/wp-content\/uploads\/2021\/04\/IPU\u00c3-2020.jpg\" class=\"attachment-full size-full\" alt=\"\" srcset=\"https:\/\/www.colorado.com.br\/nosdacolorado\/wp-content\/uploads\/2021\/04\/IPU\u00c3-2020.jpg 1280w, https:\/\/www.colorado.com.br\/nosdacolorado\/wp-content\/uploads\/2021\/04\/IPU\u00c3-2020-300x225.jpg 300w, https:\/\/www.colorado.com.br\/nosdacolorado\/wp-content\/uploads\/2021\/04\/IPU\u00c3-2020-768x576.jpg 768w, https:\/\/www.colorado.com.br\/nosdacolorado\/wp-content\/uploads\/2021\/04\/IPU\u00c3-2020-1024x768.jpg 1024w\" sizes=\"auto, (max-width: 1280px) 100vw, 1280px\" \/><\/a>\n\t\t\t<\/dt><\/dl><dl class='gallery-item'>\n\t\t\t<dt class='gallery-icon landscape'>\n\t\t\t\t<a href='https:\/\/www.colorado.com.br\/nosdacolorado\/wp-content\/uploads\/2021\/04\/SOGUBE2020.jpeg'><img loading=\"lazy\" decoding=\"async\" data-attachment-id=\"11024\" data-orig-file=\"https:\/\/www.colorado.com.br\/nosdacolorado\/wp-content\/uploads\/2021\/04\/SOGUBE2020.jpeg\" data-orig-size=\"1040,780\" data-comments-opened=\"1\" data-image-meta=\"{&quot;aperture&quot;:&quot;0&quot;,&quot;credit&quot;:&quot;&quot;,&quot;camera&quot;:&quot;&quot;,&quot;caption&quot;:&quot;&quot;,&quot;created_timestamp&quot;:&quot;0&quot;,&quot;copyright&quot;:&quot;&quot;,&quot;focal_length&quot;:&quot;0&quot;,&quot;iso&quot;:&quot;0&quot;,&quot;shutter_speed&quot;:&quot;0&quot;,&quot;title&quot;:&quot;&quot;,&quot;orientation&quot;:&quot;0&quot;,&quot;keywords&quot;:&quot;Array&quot;}\" data-image-title=\"SOGUBE2020\" data-image-description=\"\" data-medium-file=\"https:\/\/www.colorado.com.br\/nosdacolorado\/wp-content\/uploads\/2021\/04\/SOGUBE2020-300x225.jpeg\" data-large-file=\"https:\/\/www.colorado.com.br\/nosdacolorado\/wp-content\/uploads\/2021\/04\/SOGUBE2020-1024x768.jpeg\" width=\"1040\" height=\"780\" src=\"https:\/\/www.colorado.com.br\/nosdacolorado\/wp-content\/uploads\/2021\/04\/SOGUBE2020.jpeg\" class=\"attachment-full size-full\" alt=\"\" srcset=\"https:\/\/www.colorado.com.br\/nosdacolorado\/wp-content\/uploads\/2021\/04\/SOGUBE2020.jpeg 1040w, https:\/\/www.colorado.com.br\/nosdacolorado\/wp-content\/uploads\/2021\/04\/SOGUBE2020-300x225.jpeg 300w, https:\/\/www.colorado.com.br\/nosdacolorado\/wp-content\/uploads\/2021\/04\/SOGUBE2020-768x576.jpeg 768w, https:\/\/www.colorado.com.br\/nosdacolorado\/wp-content\/uploads\/2021\/04\/SOGUBE2020-1024x768.jpeg 1024w\" sizes=\"auto, (max-width: 1040px) 100vw, 1040px\" \/><\/a>\n\t\t\t<\/dt><\/dl>\n\t\t\t<br style='clear: both' \/>\n\t\t<\/div>\n\n<p>&nbsp;<\/p>\n<p>&nbsp;<\/p>\n","protected":false},"excerpt":{"rendered":"<p>O interior do Estado de S\u00e3o Paulo tem passado por uma situa\u00e7\u00e3o dram\u00e1tica em fun\u00e7\u00e3o do agravamento da pandemia do novo coronav\u00edrus.\u00a0O Grupo Colorado, \u00a0como empresa que atua em car\u00e1ter&#8230;<\/p>\n","protected":false},"author":2,"featured_media":11023,"comment_status":"open","ping_status":"open","sticky":false,"template":"","format":"standard","meta":{"footnotes":""},"categories":[11],"tags":[],"class_list":{"0":"post-11017","1":"post","2":"type-post","3":"status-publish","4":"format-standard","5":"has-post-thumbnail","7":"category-acontece-na-colorado"},"_links":{"self":[{"href":"https:\/\/www.colorado.com.br\/nosdacolorado\/wp-json\/wp\/v2\/posts\/11017","targetHints":{"allow":["GET"]}}],"collection":[{"href":"https:\/\/www.colorado.com.br\/nosdacolorado\/wp-json\/wp\/v2\/posts"}],"about":[{"href":"https:\/\/www.colorado.com.br\/nosdacolorado\/wp-json\/wp\/v2\/types\/post"}],"author":[{"embeddable":true,"href":"https:\/\/www.colorado.com.br\/nosdacolorado\/wp-json\/wp\/v2\/users\/2"}],"replies":[{"embeddable":true,"href":"https:\/\/www.colorado.com.br\/nosdacolorado\/wp-json\/wp\/v2\/comments?post=11017"}],"version-history":[{"count":3,"href":"https:\/\/www.colorado.com.br\/nosdacolorado\/wp-json\/wp\/v2\/posts\/11017\/revisions"}],"predecessor-version":[{"id":11034,"href":"https:\/\/www.colorado.com.br\/nosdacolorado\/wp-json\/wp\/v2\/posts\/11017\/revisions\/11034"}],"wp:featuredmedia":[{"embeddable":true,"href":"https:\/\/www.colorado.com.br\/nosdacolorado\/wp-json\/wp\/v2\/media\/11023"}],"wp:attachment":[{"href":"https:\/\/www.colorado.com.br\/nosdacolorado\/wp-json\/wp\/v2\/media?parent=11017"}],"wp:term":[{"taxonomy":"category","embeddable":true,"href":"https:\/\/www.colorado.com.br\/nosdacolorado\/wp-json\/wp\/v2\/categories?post=11017"},{"taxonomy":"post_tag","embeddable":true,"href":"https:\/\/www.colorado.com.br\/nosdacolorado\/wp-json\/wp\/v2\/tags?post=11017"}],"curies":[{"name":"wp","href":"https:\/\/api.w.org\/{rel}","templated":true}]}}