{"id":11217,"date":"2021-05-08T15:00:48","date_gmt":"2021-05-08T18:00:48","guid":{"rendered":"https:\/\/www.colorado.com.br\/nosdacolorado\/?p=11217"},"modified":"2021-05-07T15:46:59","modified_gmt":"2021-05-07T18:46:59","slug":"dia-das-maes-nossos-cursos-de-gestantes-apoiam-a-transformacao-das-mulheres-em-maes","status":"publish","type":"post","link":"https:\/\/www.colorado.com.br\/nosdacolorado\/dia-das-maes-nossos-cursos-de-gestantes-apoiam-a-transformacao-das-mulheres-em-maes\/","title":{"rendered":"DIA DAS M\u00c3ES: Nossos cursos de gestantes apoiam a transforma\u00e7\u00e3o das mulheres em m\u00e3es"},"content":{"rendered":"<h2>Quando nasce uma crian\u00e7a, nasce tamb\u00e9m uma m\u00e3e. Mas \u00e9 preciso sa\u00fade, preparo emocional e condi\u00e7\u00f5es para que essa mulher desenvolva todo o seu potencial materno.<\/h2>\n<p>H\u00e1 mais de 20 anos a Usina Colorado realiza o Curso para gestantes, como uma mensagem de amor e f\u00e9 no futuro. Em 2020, o distanciamento social determinado pela Pandemia, interrompeu uma sequ\u00eancia de cursos que garantem \u00e0s colaboradoras e \u00e0s esposas de colaboradores da empresa as orienta\u00e7\u00f5es seguras que contribuem para que as mulheres transformem-se em m\u00e3es de forma plena.<\/p>\n<p>O objetivo do curso \u00e9 o de contribuir para que as futuras mam\u00e3es e seus filhos tenham a melhor experi\u00eancia neste momento t\u00e3o decisivo. A gesta\u00e7\u00e3o e o nascimento de um beb\u00ea trazem uma nova din\u00e2mica para cada fam\u00edlia e podem modificar profundamente as rela\u00e7\u00f5es familiares e determinar o futuro de cada crian\u00e7a.<\/p>\n<p><strong><a href=\"https:\/\/www.colorado.com.br\/nosdacolorado\/wp-content\/uploads\/2021\/05\/elisandra.png\" rel=\"prettyPhoto[gallery-A5a3]\"><img loading=\"lazy\" decoding=\"async\" class=\"aligncenter wp-image-11219 size-full\" src=\"https:\/\/www.colorado.com.br\/nosdacolorado\/wp-content\/uploads\/2021\/05\/elisandra.png\" alt=\"\" width=\"1181\" height=\"474\" srcset=\"https:\/\/www.colorado.com.br\/nosdacolorado\/wp-content\/uploads\/2021\/05\/elisandra.png 1181w, https:\/\/www.colorado.com.br\/nosdacolorado\/wp-content\/uploads\/2021\/05\/elisandra-300x120.png 300w, https:\/\/www.colorado.com.br\/nosdacolorado\/wp-content\/uploads\/2021\/05\/elisandra-768x308.png 768w, https:\/\/www.colorado.com.br\/nosdacolorado\/wp-content\/uploads\/2021\/05\/elisandra-1024x411.png 1024w\" sizes=\"auto, (max-width: 1181px) 100vw, 1181px\" \/><\/a>\u00a0<\/strong><\/p>\n<p>Os cursos s\u00e3o\u00a0 realizados duas vezes por ano para darem a oportunidade de todas as gestantes, independente da etapa da gravidez, participarem das aulas e terem informa\u00e7\u00f5es a tempo de colocarem em pr\u00e1tica as orienta\u00e7\u00f5es junto ao seus beb\u00eas.<\/p>\n<p><a href=\"https:\/\/www.colorado.com.br\/nosdacolorado\/wp-content\/uploads\/2021\/05\/noemia.png\" rel=\"prettyPhoto[gallery-A5a3]\"><img loading=\"lazy\" decoding=\"async\" class=\"aligncenter size-full wp-image-11223\" src=\"https:\/\/www.colorado.com.br\/nosdacolorado\/wp-content\/uploads\/2021\/05\/noemia.png\" alt=\"\" width=\"1181\" height=\"530\" srcset=\"https:\/\/www.colorado.com.br\/nosdacolorado\/wp-content\/uploads\/2021\/05\/noemia.png 1181w, https:\/\/www.colorado.com.br\/nosdacolorado\/wp-content\/uploads\/2021\/05\/noemia-300x135.png 300w, https:\/\/www.colorado.com.br\/nosdacolorado\/wp-content\/uploads\/2021\/05\/noemia-768x345.png 768w, https:\/\/www.colorado.com.br\/nosdacolorado\/wp-content\/uploads\/2021\/05\/noemia-1024x460.png 1024w\" sizes=\"auto, (max-width: 1181px) 100vw, 1181px\" \/><\/a><\/p>\n<p>&nbsp;<\/p>\n<p>\u00c9 um momento de conviv\u00eancia, acolhimento, interc\u00e2mbio e aprendizado para a futuras mam\u00e3es. Um espa\u00e7o onde elas podem falar de si mesmas e serem ouvidas. Ocasi\u00e3o para um olhar atento para suas pr\u00f3prias necessidades, deixando outras preocupa\u00e7\u00f5es para o mundo l\u00e1 fora.<\/p>\n<p><strong><a href=\"https:\/\/www.colorado.com.br\/nosdacolorado\/wp-content\/uploads\/2021\/05\/debora.png\" rel=\"prettyPhoto[gallery-A5a3]\"><img loading=\"lazy\" decoding=\"async\" class=\"aligncenter size-full wp-image-11218\" src=\"https:\/\/www.colorado.com.br\/nosdacolorado\/wp-content\/uploads\/2021\/05\/debora.png\" alt=\"\" width=\"1181\" height=\"474\" srcset=\"https:\/\/www.colorado.com.br\/nosdacolorado\/wp-content\/uploads\/2021\/05\/debora.png 1181w, https:\/\/www.colorado.com.br\/nosdacolorado\/wp-content\/uploads\/2021\/05\/debora-300x120.png 300w, https:\/\/www.colorado.com.br\/nosdacolorado\/wp-content\/uploads\/2021\/05\/debora-768x308.png 768w, https:\/\/www.colorado.com.br\/nosdacolorado\/wp-content\/uploads\/2021\/05\/debora-1024x411.png 1024w\" sizes=\"auto, (max-width: 1181px) 100vw, 1181px\" \/><\/a>\u00a0<\/strong><\/p>\n<p><strong>\u00a0<\/strong><\/p>\n<p>As aulas re\u00fanem\u00a0 gr\u00e1vidas de primeira viagem, as prima gestas na linguagem dos especialistas, mas tamb\u00e9m aquelas mulheres que j\u00e1\u00a0 possuem outros filhos, afinal, cada gesta\u00e7\u00e3o\u00a0 \u00e9 uma experi\u00eancia \u00fanica, diferente de outra.<\/p>\n<p><a href=\"https:\/\/www.colorado.com.br\/nosdacolorado\/wp-content\/uploads\/2021\/05\/enes.png\" rel=\"prettyPhoto[gallery-A5a3]\"><img loading=\"lazy\" decoding=\"async\" class=\"aligncenter size-full wp-image-11220\" src=\"https:\/\/www.colorado.com.br\/nosdacolorado\/wp-content\/uploads\/2021\/05\/enes.png\" alt=\"\" width=\"1181\" height=\"474\" srcset=\"https:\/\/www.colorado.com.br\/nosdacolorado\/wp-content\/uploads\/2021\/05\/enes.png 1181w, https:\/\/www.colorado.com.br\/nosdacolorado\/wp-content\/uploads\/2021\/05\/enes-300x120.png 300w, https:\/\/www.colorado.com.br\/nosdacolorado\/wp-content\/uploads\/2021\/05\/enes-768x308.png 768w, https:\/\/www.colorado.com.br\/nosdacolorado\/wp-content\/uploads\/2021\/05\/enes-1024x411.png 1024w\" sizes=\"auto, (max-width: 1181px) 100vw, 1181px\" \/><\/a><\/p>\n<p>Para que o Curso seja realmente especial, a Usina Colorado re\u00fane um time de grandes profissionais nas \u00e1reas de sa\u00fade, da obstetr\u00edcia da enfermagem, da pediatria, da nutri\u00e7\u00e3o, da psicopedagogia e da psicologia, oferecendo orienta\u00e7\u00e3o segura e de qualidade para temas como os cuidados durante o pr\u00e9-natal, alimenta\u00e7\u00e3o saud\u00e1vel, aten\u00e7\u00e3o ao beb\u00ea, v\u00ednculo m\u00e3e\u00a0e filho\u00a0e a rica troca de experi\u00eancias entre as pr\u00f3prias participantes.<\/p>\n<p><strong><a href=\"https:\/\/www.colorado.com.br\/nosdacolorado\/wp-content\/uploads\/2021\/05\/fatima.png\" rel=\"prettyPhoto[gallery-A5a3]\"><img loading=\"lazy\" decoding=\"async\" class=\"aligncenter size-full wp-image-11222\" src=\"https:\/\/www.colorado.com.br\/nosdacolorado\/wp-content\/uploads\/2021\/05\/fatima.png\" alt=\"\" width=\"1181\" height=\"530\" srcset=\"https:\/\/www.colorado.com.br\/nosdacolorado\/wp-content\/uploads\/2021\/05\/fatima.png 1181w, https:\/\/www.colorado.com.br\/nosdacolorado\/wp-content\/uploads\/2021\/05\/fatima-300x135.png 300w, https:\/\/www.colorado.com.br\/nosdacolorado\/wp-content\/uploads\/2021\/05\/fatima-768x345.png 768w, https:\/\/www.colorado.com.br\/nosdacolorado\/wp-content\/uploads\/2021\/05\/fatima-1024x460.png 1024w\" sizes=\"auto, (max-width: 1181px) 100vw, 1181px\" \/><\/a><br \/>\n<\/strong><\/p>\n<p>Ao final de cada curso, um brinde \u00e9 muito esperado pelas futuras mam\u00e3es: o kit enxoval que \u00e9 oferecido a todas as participantes pela Usina Colorado. Al\u00e9m do kit, no encerramento do curso \u00e9 sorteado um carrinho de beb\u00ea, ofertado pela Credcol.<\/p>\n<p><a href=\"https:\/\/www.colorado.com.br\/nosdacolorado\/wp-content\/uploads\/2021\/05\/erika.png\" rel=\"prettyPhoto[gallery-A5a3]\"><img loading=\"lazy\" decoding=\"async\" class=\"aligncenter size-full wp-image-11221\" src=\"https:\/\/www.colorado.com.br\/nosdacolorado\/wp-content\/uploads\/2021\/05\/erika.png\" alt=\"\" width=\"1181\" height=\"474\" srcset=\"https:\/\/www.colorado.com.br\/nosdacolorado\/wp-content\/uploads\/2021\/05\/erika.png 1181w, https:\/\/www.colorado.com.br\/nosdacolorado\/wp-content\/uploads\/2021\/05\/erika-300x120.png 300w, https:\/\/www.colorado.com.br\/nosdacolorado\/wp-content\/uploads\/2021\/05\/erika-768x308.png 768w, https:\/\/www.colorado.com.br\/nosdacolorado\/wp-content\/uploads\/2021\/05\/erika-1024x411.png 1024w\" sizes=\"auto, (max-width: 1181px) 100vw, 1181px\" \/><\/a><\/p>\n","protected":false},"excerpt":{"rendered":"<p>Quando nasce uma crian\u00e7a, nasce tamb\u00e9m uma m\u00e3e. Mas \u00e9 preciso sa\u00fade, preparo emocional e condi\u00e7\u00f5es para que essa mulher desenvolva todo o seu potencial materno. H\u00e1 mais de 20&#8230;<\/p>\n","protected":false},"author":2,"featured_media":11224,"comment_status":"open","ping_status":"open","sticky":false,"template":"","format":"standard","meta":{"footnotes":""},"categories":[11],"tags":[],"class_list":{"0":"post-11217","1":"post","2":"type-post","3":"status-publish","4":"format-standard","5":"has-post-thumbnail","7":"category-acontece-na-colorado"},"_links":{"self":[{"href":"https:\/\/www.colorado.com.br\/nosdacolorado\/wp-json\/wp\/v2\/posts\/11217","targetHints":{"allow":["GET"]}}],"collection":[{"href":"https:\/\/www.colorado.com.br\/nosdacolorado\/wp-json\/wp\/v2\/posts"}],"about":[{"href":"https:\/\/www.colorado.com.br\/nosdacolorado\/wp-json\/wp\/v2\/types\/post"}],"author":[{"embeddable":true,"href":"https:\/\/www.colorado.com.br\/nosdacolorado\/wp-json\/wp\/v2\/users\/2"}],"replies":[{"embeddable":true,"href":"https:\/\/www.colorado.com.br\/nosdacolorado\/wp-json\/wp\/v2\/comments?post=11217"}],"version-history":[{"count":1,"href":"https:\/\/www.colorado.com.br\/nosdacolorado\/wp-json\/wp\/v2\/posts\/11217\/revisions"}],"predecessor-version":[{"id":11225,"href":"https:\/\/www.colorado.com.br\/nosdacolorado\/wp-json\/wp\/v2\/posts\/11217\/revisions\/11225"}],"wp:featuredmedia":[{"embeddable":true,"href":"https:\/\/www.colorado.com.br\/nosdacolorado\/wp-json\/wp\/v2\/media\/11224"}],"wp:attachment":[{"href":"https:\/\/www.colorado.com.br\/nosdacolorado\/wp-json\/wp\/v2\/media?parent=11217"}],"wp:term":[{"taxonomy":"category","embeddable":true,"href":"https:\/\/www.colorado.com.br\/nosdacolorado\/wp-json\/wp\/v2\/categories?post=11217"},{"taxonomy":"post_tag","embeddable":true,"href":"https:\/\/www.colorado.com.br\/nosdacolorado\/wp-json\/wp\/v2\/tags?post=11217"}],"curies":[{"name":"wp","href":"https:\/\/api.w.org\/{rel}","templated":true}]}}