{"id":11350,"date":"2021-05-12T12:30:28","date_gmt":"2021-05-12T15:30:28","guid":{"rendered":"https:\/\/www.colorado.com.br\/nosdacolorado\/?p=11350"},"modified":"2021-05-12T12:44:50","modified_gmt":"2021-05-12T15:44:50","slug":"homenagem-12-de-maio-dia-internacional-da-enfermagem","status":"publish","type":"post","link":"https:\/\/www.colorado.com.br\/nosdacolorado\/homenagem-12-de-maio-dia-internacional-da-enfermagem\/","title":{"rendered":"HOMENAGEM &#8211; 12 de maio Dia Internacional da Enfermagem"},"content":{"rendered":"<h2>Voc\u00ea sabia que o Dia do Enfermeiro foi criado em 1938, por decreto do ent\u00e3o presidente Get\u00falio Vargas? Principalmente hoje em dia, comemorar a data \u00e9 uma forma de reconhecer a import\u00e2ncia desses profissionais que t\u00eam paix\u00e3o pelo cuidar. \u00a0Que tem compromisso e acima de tudo amor, porque s\u00f3 quem ama a vida pode cuidar de outras vidas.<\/h2>\n<p><a href=\"https:\/\/www.colorado.com.br\/nosdacolorado\/wp-content\/uploads\/2021\/05\/Mural-1.png\" rel=\"prettyPhoto[gallery-wn8M]\"><img loading=\"lazy\" decoding=\"async\" class=\"aligncenter size-full wp-image-11351\" src=\"https:\/\/www.colorado.com.br\/nosdacolorado\/wp-content\/uploads\/2021\/05\/Mural-1.png\" alt=\"\" width=\"2480\" height=\"3508\" srcset=\"https:\/\/www.colorado.com.br\/nosdacolorado\/wp-content\/uploads\/2021\/05\/Mural-1.png 2480w, https:\/\/www.colorado.com.br\/nosdacolorado\/wp-content\/uploads\/2021\/05\/Mural-1-212x300.png 212w, https:\/\/www.colorado.com.br\/nosdacolorado\/wp-content\/uploads\/2021\/05\/Mural-1-768x1086.png 768w, https:\/\/www.colorado.com.br\/nosdacolorado\/wp-content\/uploads\/2021\/05\/Mural-1-724x1024.png 724w\" sizes=\"auto, (max-width: 2480px) 100vw, 2480px\" \/><\/a><\/p>\n<p><a href=\"https:\/\/www.colorado.com.br\/nosdacolorado\/wp-content\/uploads\/2021\/05\/Mural-2-1.png\" rel=\"prettyPhoto[gallery-wn8M]\"><img loading=\"lazy\" decoding=\"async\" class=\"aligncenter size-full wp-image-11357\" src=\"https:\/\/www.colorado.com.br\/nosdacolorado\/wp-content\/uploads\/2021\/05\/Mural-2-1.png\" alt=\"\" width=\"2480\" height=\"2652\" srcset=\"https:\/\/www.colorado.com.br\/nosdacolorado\/wp-content\/uploads\/2021\/05\/Mural-2-1.png 2480w, https:\/\/www.colorado.com.br\/nosdacolorado\/wp-content\/uploads\/2021\/05\/Mural-2-1-281x300.png 281w, https:\/\/www.colorado.com.br\/nosdacolorado\/wp-content\/uploads\/2021\/05\/Mural-2-1-768x821.png 768w, https:\/\/www.colorado.com.br\/nosdacolorado\/wp-content\/uploads\/2021\/05\/Mural-2-1-958x1024.png 958w\" sizes=\"auto, (max-width: 2480px) 100vw, 2480px\" \/><\/a><a href=\"https:\/\/www.colorado.com.br\/nosdacolorado\/wp-content\/uploads\/2021\/05\/Mural-3-1.png\" rel=\"prettyPhoto[gallery-wn8M]\"><img loading=\"lazy\" decoding=\"async\" class=\"aligncenter size-full wp-image-11358\" src=\"https:\/\/www.colorado.com.br\/nosdacolorado\/wp-content\/uploads\/2021\/05\/Mural-3-1.png\" alt=\"\" width=\"2480\" height=\"2660\" srcset=\"https:\/\/www.colorado.com.br\/nosdacolorado\/wp-content\/uploads\/2021\/05\/Mural-3-1.png 2480w, https:\/\/www.colorado.com.br\/nosdacolorado\/wp-content\/uploads\/2021\/05\/Mural-3-1-280x300.png 280w, https:\/\/www.colorado.com.br\/nosdacolorado\/wp-content\/uploads\/2021\/05\/Mural-3-1-768x824.png 768w, https:\/\/www.colorado.com.br\/nosdacolorado\/wp-content\/uploads\/2021\/05\/Mural-3-1-955x1024.png 955w\" sizes=\"auto, (max-width: 2480px) 100vw, 2480px\" \/><\/a><a href=\"https:\/\/www.colorado.com.br\/nosdacolorado\/wp-content\/uploads\/2021\/05\/Mural-4-1.png\" rel=\"prettyPhoto[gallery-wn8M]\"><img loading=\"lazy\" decoding=\"async\" class=\"aligncenter size-full wp-image-11359\" src=\"https:\/\/www.colorado.com.br\/nosdacolorado\/wp-content\/uploads\/2021\/05\/Mural-4-1.png\" alt=\"\" width=\"2480\" height=\"2636\" srcset=\"https:\/\/www.colorado.com.br\/nosdacolorado\/wp-content\/uploads\/2021\/05\/Mural-4-1.png 2480w, https:\/\/www.colorado.com.br\/nosdacolorado\/wp-content\/uploads\/2021\/05\/Mural-4-1-282x300.png 282w, https:\/\/www.colorado.com.br\/nosdacolorado\/wp-content\/uploads\/2021\/05\/Mural-4-1-768x816.png 768w, https:\/\/www.colorado.com.br\/nosdacolorado\/wp-content\/uploads\/2021\/05\/Mural-4-1-963x1024.png 963w\" sizes=\"auto, (max-width: 2480px) 100vw, 2480px\" \/><\/a><a href=\"https:\/\/www.colorado.com.br\/nosdacolorado\/wp-content\/uploads\/2021\/05\/Mural-5-1.png\" rel=\"prettyPhoto[gallery-wn8M]\"><img loading=\"lazy\" decoding=\"async\" class=\"aligncenter size-full wp-image-11360\" src=\"https:\/\/www.colorado.com.br\/nosdacolorado\/wp-content\/uploads\/2021\/05\/Mural-5-1.png\" alt=\"\" width=\"2480\" height=\"2656\" srcset=\"https:\/\/www.colorado.com.br\/nosdacolorado\/wp-content\/uploads\/2021\/05\/Mural-5-1.png 2480w, https:\/\/www.colorado.com.br\/nosdacolorado\/wp-content\/uploads\/2021\/05\/Mural-5-1-280x300.png 280w, https:\/\/www.colorado.com.br\/nosdacolorado\/wp-content\/uploads\/2021\/05\/Mural-5-1-768x823.png 768w, https:\/\/www.colorado.com.br\/nosdacolorado\/wp-content\/uploads\/2021\/05\/Mural-5-1-956x1024.png 956w\" sizes=\"auto, (max-width: 2480px) 100vw, 2480px\" \/><\/a><\/p>\n<p><a href=\"https:\/\/www.colorado.com.br\/nosdacolorado\/wp-content\/uploads\/2021\/05\/Mural-6.png\" rel=\"prettyPhoto[gallery-wn8M]\"><img loading=\"lazy\" decoding=\"async\" class=\"aligncenter size-full wp-image-11356\" src=\"https:\/\/www.colorado.com.br\/nosdacolorado\/wp-content\/uploads\/2021\/05\/Mural-6.png\" alt=\"\" width=\"2480\" height=\"3508\" srcset=\"https:\/\/www.colorado.com.br\/nosdacolorado\/wp-content\/uploads\/2021\/05\/Mural-6.png 2480w, https:\/\/www.colorado.com.br\/nosdacolorado\/wp-content\/uploads\/2021\/05\/Mural-6-212x300.png 212w, https:\/\/www.colorado.com.br\/nosdacolorado\/wp-content\/uploads\/2021\/05\/Mural-6-768x1086.png 768w, https:\/\/www.colorado.com.br\/nosdacolorado\/wp-content\/uploads\/2021\/05\/Mural-6-724x1024.png 724w\" sizes=\"auto, (max-width: 2480px) 100vw, 2480px\" \/><\/a><\/p>\n<p>&nbsp;<\/p>\n","protected":false},"excerpt":{"rendered":"<p>Voc\u00ea sabia que o Dia do Enfermeiro foi criado em 1938, por decreto do ent\u00e3o presidente Get\u00falio Vargas? Principalmente hoje em dia, comemorar a data \u00e9 uma forma de reconhecer&#8230;<\/p>\n","protected":false},"author":2,"featured_media":11362,"comment_status":"open","ping_status":"open","sticky":false,"template":"","format":"standard","meta":{"footnotes":""},"categories":[11],"tags":[],"class_list":{"0":"post-11350","1":"post","2":"type-post","3":"status-publish","4":"format-standard","5":"has-post-thumbnail","7":"category-acontece-na-colorado"},"_links":{"self":[{"href":"https:\/\/www.colorado.com.br\/nosdacolorado\/wp-json\/wp\/v2\/posts\/11350","targetHints":{"allow":["GET"]}}],"collection":[{"href":"https:\/\/www.colorado.com.br\/nosdacolorado\/wp-json\/wp\/v2\/posts"}],"about":[{"href":"https:\/\/www.colorado.com.br\/nosdacolorado\/wp-json\/wp\/v2\/types\/post"}],"author":[{"embeddable":true,"href":"https:\/\/www.colorado.com.br\/nosdacolorado\/wp-json\/wp\/v2\/users\/2"}],"replies":[{"embeddable":true,"href":"https:\/\/www.colorado.com.br\/nosdacolorado\/wp-json\/wp\/v2\/comments?post=11350"}],"version-history":[{"count":1,"href":"https:\/\/www.colorado.com.br\/nosdacolorado\/wp-json\/wp\/v2\/posts\/11350\/revisions"}],"predecessor-version":[{"id":11361,"href":"https:\/\/www.colorado.com.br\/nosdacolorado\/wp-json\/wp\/v2\/posts\/11350\/revisions\/11361"}],"wp:featuredmedia":[{"embeddable":true,"href":"https:\/\/www.colorado.com.br\/nosdacolorado\/wp-json\/wp\/v2\/media\/11362"}],"wp:attachment":[{"href":"https:\/\/www.colorado.com.br\/nosdacolorado\/wp-json\/wp\/v2\/media?parent=11350"}],"wp:term":[{"taxonomy":"category","embeddable":true,"href":"https:\/\/www.colorado.com.br\/nosdacolorado\/wp-json\/wp\/v2\/categories?post=11350"},{"taxonomy":"post_tag","embeddable":true,"href":"https:\/\/www.colorado.com.br\/nosdacolorado\/wp-json\/wp\/v2\/tags?post=11350"}],"curies":[{"name":"wp","href":"https:\/\/api.w.org\/{rel}","templated":true}]}}