{"id":11596,"date":"2021-05-25T11:40:00","date_gmt":"2021-05-25T14:40:00","guid":{"rendered":"https:\/\/www.colorado.com.br\/nosdacolorado\/?p=11596"},"modified":"2021-05-25T11:40:00","modified_gmt":"2021-05-25T14:40:00","slug":"anvisa-recebe-novo-pedido-de-importacao-da-vacina-indiana-covaxin-contra-a-covid-19","status":"publish","type":"post","link":"https:\/\/www.colorado.com.br\/nosdacolorado\/anvisa-recebe-novo-pedido-de-importacao-da-vacina-indiana-covaxin-contra-a-covid-19\/","title":{"rendered":"Anvisa recebe novo pedido de importa\u00e7\u00e3o da vacina indiana Covaxin contra a covid-19"},"content":{"rendered":"<div class=\"row\">\n<section class=\"col-xs-12\">\n<div class=\"row\">\n<section class=\"col-xs-12 col-sm-offset-1 col-sm-11\">\n<article class=\"n--noticia__header \">\n<h2 class=\"n--noticia__subtitle\">Ag\u00eancia Nacional de Vigil\u00e2ncia Sanit\u00e1ria havia rejeitado a primeira solicita\u00e7\u00e3o em mar\u00e7o<\/h2>\n<\/article>\n<\/section>\n<\/div>\n<\/section>\n<\/div>\n<aside class=\"col-sm-1 col-xs-none fixed-position-share\">\n<div class=\"module__share js-fixed-noticia-cover\">\n<div class=\"n--noticia__state-title\">Reda\u00e7\u00e3o, O Estado de S.Paulo<\/div>\n<div><\/div>\n<div>A\u00a0<a href=\"https:\/\/tudo-sobre.estadao.com.br\/anvisa-agencia-nacional-de-vigilancia-sanitaria\"><strong>Ag\u00eancia Nacional de Vigil\u00e2ncia Sanit\u00e1ria (Anvisa)<\/strong><\/a>\u00a0recebeu novo pedido de autoriza\u00e7\u00e3o para importa\u00e7\u00e3o de 20 milh\u00f5es de doses da\u00a0<a href=\"https:\/\/saude.estadao.com.br\/noticias\/geral,covaxin-apresenta-eficacia-de-78-contra-a-covid-19-e-funciona-contra-variantes-diz-fabricante,70003688792#:~:text=A%20Covaxin%20%C3%A9%20a%20%C3%BAnica,de%20US%24%2014%20cada%20unidade.\"><strong>vacina indiana Covaxin<\/strong><\/a>\u00a0contra a\u00a0<a href=\"https:\/\/tudo-sobre.estadao.com.br\/coronavirus\"><strong>covid-19<\/strong><\/a>\u00a0ap\u00f3s\u00a0<a href=\"https:\/\/saude.estadao.com.br\/noticias\/geral,anvisa-nega-certificacao-da-fabrica-da-vacina-indiana-covaxin,70003665062\"><strong>rejeitar uma primeira solicita\u00e7\u00e3o em mar\u00e7o<\/strong><\/a>, informou o \u00f3rg\u00e3o regulador nesta ter\u00e7a-feira, 25.<\/div>\n<div>\n<p>De acordo com a Anvisa, o laborat\u00f3rio Bharat Biotec, fabricante da vacina, protocolou junto \u00e0 ag\u00eancia um novo pedido de certifica\u00e7\u00e3o de Boas Pr\u00e1ticas de Fabrica\u00e7\u00e3o referente \u00e0 linha de produ\u00e7\u00e3o do imunizante a ser exportado para o Brasil.<\/p>\n<p>Quando recusou o pedido anterior de importa\u00e7\u00e3o, a Anvisa citou como um dos principais aspectos para a decis\u00e3o a falta de um certificado de Boas Pr\u00e1ticas de Fabrica\u00e7\u00e3o pela Bharat.<\/p>\n<p>Segundo a Anvisa, o\u00a0<a href=\"https:\/\/tudo-sobre.estadao.com.br\/ministerio-da-saude\"><strong>Minist\u00e9rio da Sa\u00fade<\/strong><\/a>\u00a0e a empresa Precisa Medicamentos, que representa a Bharat no Brasil, seguiram em tratativas com a Anvisa a fim de adequar os aspectos que motivaram a recusa e, nesse sentido, j\u00e1 foi publicada pela ag\u00eancia reguladora anu\u00eancia para realiza\u00e7\u00e3o do estudo cl\u00ednico com a vacina Covaxin no Brasil.<\/p>\n<p>Apesar do pedido feito \u00e0 Anvisa, a\u00a0<a href=\"https:\/\/tudo-sobre.estadao.com.br\/india-asia\"><strong>\u00cdndia<\/strong><\/a>\u00a0s\u00f3 deve voltar a exportar vacinas em outubro, uma vez que o pa\u00eds tem direcionado sua produ\u00e7\u00e3o de imunizantes para a pr\u00f3pria popula\u00e7\u00e3o de forma a conter uma severa segunda onda da doen\u00e7a.<strong>\/REUTERS<\/strong><\/p>\n<\/div>\n<\/div>\n<\/aside>\n","protected":false},"excerpt":{"rendered":"<p>Ag\u00eancia Nacional de Vigil\u00e2ncia Sanit\u00e1ria havia rejeitado a primeira solicita\u00e7\u00e3o em mar\u00e7o Reda\u00e7\u00e3o, O Estado de S.Paulo A\u00a0Ag\u00eancia Nacional de Vigil\u00e2ncia Sanit\u00e1ria (Anvisa)\u00a0recebeu novo pedido de autoriza\u00e7\u00e3o para importa\u00e7\u00e3o de&#8230;<\/p>\n","protected":false},"author":2,"featured_media":11597,"comment_status":"open","ping_status":"open","sticky":false,"template":"","format":"standard","meta":{"footnotes":""},"categories":[1],"tags":[],"class_list":{"0":"post-11596","1":"post","2":"type-post","3":"status-publish","4":"format-standard","5":"has-post-thumbnail","7":"category-sem-categoria"},"_links":{"self":[{"href":"https:\/\/www.colorado.com.br\/nosdacolorado\/wp-json\/wp\/v2\/posts\/11596","targetHints":{"allow":["GET"]}}],"collection":[{"href":"https:\/\/www.colorado.com.br\/nosdacolorado\/wp-json\/wp\/v2\/posts"}],"about":[{"href":"https:\/\/www.colorado.com.br\/nosdacolorado\/wp-json\/wp\/v2\/types\/post"}],"author":[{"embeddable":true,"href":"https:\/\/www.colorado.com.br\/nosdacolorado\/wp-json\/wp\/v2\/users\/2"}],"replies":[{"embeddable":true,"href":"https:\/\/www.colorado.com.br\/nosdacolorado\/wp-json\/wp\/v2\/comments?post=11596"}],"version-history":[{"count":1,"href":"https:\/\/www.colorado.com.br\/nosdacolorado\/wp-json\/wp\/v2\/posts\/11596\/revisions"}],"predecessor-version":[{"id":11598,"href":"https:\/\/www.colorado.com.br\/nosdacolorado\/wp-json\/wp\/v2\/posts\/11596\/revisions\/11598"}],"wp:featuredmedia":[{"embeddable":true,"href":"https:\/\/www.colorado.com.br\/nosdacolorado\/wp-json\/wp\/v2\/media\/11597"}],"wp:attachment":[{"href":"https:\/\/www.colorado.com.br\/nosdacolorado\/wp-json\/wp\/v2\/media?parent=11596"}],"wp:term":[{"taxonomy":"category","embeddable":true,"href":"https:\/\/www.colorado.com.br\/nosdacolorado\/wp-json\/wp\/v2\/categories?post=11596"},{"taxonomy":"post_tag","embeddable":true,"href":"https:\/\/www.colorado.com.br\/nosdacolorado\/wp-json\/wp\/v2\/tags?post=11596"}],"curies":[{"name":"wp","href":"https:\/\/api.w.org\/{rel}","templated":true}]}}