{"id":12,"date":"2019-05-27T11:43:17","date_gmt":"2019-05-27T14:43:17","guid":{"rendered":"http:\/\/colorado.fabricadapalavra.com.br\/?p=12"},"modified":"2026-03-25T09:40:49","modified_gmt":"2026-03-25T12:40:49","slug":"usina-colorado-completa-30-cursos-oferecidos-a-gestantes","status":"publish","type":"post","link":"https:\/\/www.colorado.com.br\/nosdacolorado\/usina-colorado-completa-30-cursos-oferecidos-a-gestantes\/","title":{"rendered":"Usina Colorado completa 30 cursos oferecidos a gestantes"},"content":{"rendered":"<p><img loading=\"lazy\" decoding=\"async\" class=\"aligncenter size-full wp-image-25885\" src=\"https:\/\/www.colorado.com.br\/nosdacolorado\/wp-content\/uploads\/2019\/05\/usina-colorado-curso-gestantes-012.jpg\" alt=\"\" width=\"800\" height=\"532\" srcset=\"https:\/\/www.colorado.com.br\/nosdacolorado\/wp-content\/uploads\/2019\/05\/usina-colorado-curso-gestantes-012.jpg 800w, https:\/\/www.colorado.com.br\/nosdacolorado\/wp-content\/uploads\/2019\/05\/usina-colorado-curso-gestantes-012-300x200.jpg 300w, https:\/\/www.colorado.com.br\/nosdacolorado\/wp-content\/uploads\/2019\/05\/usina-colorado-curso-gestantes-012-768x511.jpg 768w\" sizes=\"auto, (max-width: 800px) 100vw, 800px\" \/><\/p>\n<p>Uma a\u00e7\u00e3o afirmativa em defesa da maternidade segura e da inf\u00e2ncia. Assim pode ser definida a iniciativa da Usina Colorado de promover cursos de gestantes oferecidas h\u00e1 mais de 20 anos, gratuitamente, a suas colaboradoras e tamb\u00e9m a esposas de colaboradores da empresa.<\/p>\n<p>No m\u00eas de abril, foi realizada a 30\u00aa edi\u00e7\u00e3o do Curso de Gestantes. Mais recentemente os cursos passaram a ser realizados duas vezes ao ano para darem a oportunidade de todas as gestantes, independente da etapa da gravidez, serem abrangidas pelas aulas.<\/p>\n<p>O curso de abril foi realizado nos dias 23, 24 e 25 nas depend\u00eancias da empresa para 16 futuras mam\u00e3es, metade das quais gr\u00e1vidas de seu primeiro filho, ou prima gestas na linguagem dos especialistas.<\/p>\n<p>O curso objetiva contribuir para que as futuras mam\u00e3es e seus filhos tenham a melhor experi\u00eancia de maternidade. A gesta\u00e7\u00e3o e o nascimento de um beb\u00ea trazem uma nova din\u00e2mica para cada fam\u00edlia e podem modificar profundamente a rela\u00e7\u00e3o familiar e o futuro da crian\u00e7a. O curso \u00e9, ao mesmo tempo um momento de conviv\u00eancia, acolhimento, interc\u00e2mbio e aprendizado para a futuras mam\u00e3es.<\/p>\n<p>O curso de abril reuniu profissionais renomados das \u00e1reas de sa\u00fade, como o obstetra M\u00e1rio Orsi, a enfermeira obstetra Ana Carla Orsi, o pediatra Jos\u00e9 Aparecido Trist\u00e3o Filho; a nutricionista Vera L\u00facia Pasquim, psicopedagoga Carla In\u00eas Bruno de Melo e o psic\u00f3logo M\u00e1rcio da Silveira. A participa\u00e7\u00e3o desses profissionais assegurou informa\u00e7\u00e3o segura e de qualidade para temas como os cuidados durante o pr\u00e9-natal, alimenta\u00e7\u00e3o saud\u00e1vel, aten\u00e7\u00e3o ao beb\u00ea, v\u00ednculo m\u00e3e e filho e a rica troca de experi\u00eancias entre as pr\u00f3prias participantes que vieram das cidades de Gua\u00edra, Miguel\u00f3polis, Ipu\u00e3, S\u00e3o Benedito da Cachoeirinha e Aparecida do Salto.<\/p>\n<p><strong>Futuras mam\u00e3es receberam enxovais<\/strong><\/p>\n<p>Um brinde \u00e9 muito esperado pelas futuras mam\u00e3es ao final do curso de gestantes: o kit de enxoval que \u00e9 oferecido a todas as participantes pela Usina Colorado. Al\u00e9m do kit, no encerramento do curso foi sorteado um carrinho de beb\u00ea, ofertado pela Credcol. A trabalhadora rural Maria de F\u00e1tima Oliveira Viana, residente em S\u00e3o Benedito da Cachoeirinha foi a contemplada no sorteio.<\/p>\n","protected":false},"excerpt":{"rendered":"<p>Uma a\u00e7\u00e3o afirmativa em defesa da maternidade segura e da inf\u00e2ncia. Assim pode ser definida a iniciativa da Usina Colorado de promover cursos de gestantes oferecidas h\u00e1 mais de 20&#8230;<\/p>\n","protected":false},"author":1,"featured_media":25885,"comment_status":"open","ping_status":"open","sticky":false,"template":"","format":"standard","meta":{"footnotes":""},"categories":[11],"tags":[],"class_list":{"0":"post-12","1":"post","2":"type-post","3":"status-publish","4":"format-standard","5":"has-post-thumbnail","7":"category-acontece-na-colorado"},"_links":{"self":[{"href":"https:\/\/www.colorado.com.br\/nosdacolorado\/wp-json\/wp\/v2\/posts\/12","targetHints":{"allow":["GET"]}}],"collection":[{"href":"https:\/\/www.colorado.com.br\/nosdacolorado\/wp-json\/wp\/v2\/posts"}],"about":[{"href":"https:\/\/www.colorado.com.br\/nosdacolorado\/wp-json\/wp\/v2\/types\/post"}],"author":[{"embeddable":true,"href":"https:\/\/www.colorado.com.br\/nosdacolorado\/wp-json\/wp\/v2\/users\/1"}],"replies":[{"embeddable":true,"href":"https:\/\/www.colorado.com.br\/nosdacolorado\/wp-json\/wp\/v2\/comments?post=12"}],"version-history":[{"count":3,"href":"https:\/\/www.colorado.com.br\/nosdacolorado\/wp-json\/wp\/v2\/posts\/12\/revisions"}],"predecessor-version":[{"id":25887,"href":"https:\/\/www.colorado.com.br\/nosdacolorado\/wp-json\/wp\/v2\/posts\/12\/revisions\/25887"}],"wp:featuredmedia":[{"embeddable":true,"href":"https:\/\/www.colorado.com.br\/nosdacolorado\/wp-json\/wp\/v2\/media\/25885"}],"wp:attachment":[{"href":"https:\/\/www.colorado.com.br\/nosdacolorado\/wp-json\/wp\/v2\/media?parent=12"}],"wp:term":[{"taxonomy":"category","embeddable":true,"href":"https:\/\/www.colorado.com.br\/nosdacolorado\/wp-json\/wp\/v2\/categories?post=12"},{"taxonomy":"post_tag","embeddable":true,"href":"https:\/\/www.colorado.com.br\/nosdacolorado\/wp-json\/wp\/v2\/tags?post=12"}],"curies":[{"name":"wp","href":"https:\/\/api.w.org\/{rel}","templated":true}]}}