{"id":12029,"date":"2021-06-09T11:54:31","date_gmt":"2021-06-09T14:54:31","guid":{"rendered":"https:\/\/www.colorado.com.br\/nosdacolorado\/?p=12029"},"modified":"2021-06-09T11:54:31","modified_gmt":"2021-06-09T14:54:31","slug":"9-de-junho-dia-da-imunizacao","status":"publish","type":"post","link":"https:\/\/www.colorado.com.br\/nosdacolorado\/9-de-junho-dia-da-imunizacao\/","title":{"rendered":"9 de junho &#8211; Dia da Imuniza\u00e7\u00e3o"},"content":{"rendered":"<div class=\"\" data-block=\"true\" data-editor=\"10l70\" data-offset-key=\"4qh4t-0-0\">\n<p class=\"_1mf _1mj\" data-offset-key=\"4qh4t-0-0\"><span data-offset-key=\"4qh4t-0-0\">A vacina\u00e7\u00e3o infantil \u00e9 <\/span><span data-offset-key=\"4qh4t-1-0\">fundamental<\/span><span data-offset-key=\"4qh4t-2-0\"> para o desenvolvimento saud\u00e1vel de todas as crian\u00e7as. As vacinas estimulam a produ\u00e7\u00e3o de anticorpos contra v\u00edrus e bact\u00e9rias de doen\u00e7as graves. As campanhas de vacina\u00e7\u00e3o em massa s\u00e3o respons\u00e1veis pela imuniza\u00e7\u00e3o geral da popula\u00e7\u00e3o e pelo controle de doen\u00e7as, tanto que muitas delas foram erradicadas no Brasil. Proteja seus filhos, respeite o calend\u00e1rio de vacina\u00e7\u00e3o oferecido gratuitamente pelo SUS. O esquema de vacina\u00e7\u00e3o oficial para a inf\u00e2ncia inclui BCG, Hepatite B, Hepatite A, Difteria, Coqueluche, T\u00e9tano, Haemophilus, P\u00f3lio, Pneumococo 10, Sarampo, Caxumba, Rub\u00e9ola, Varicela, Meningococo, Febre amarela, Rotav\u00edrus, Influenza \u2013 gripe e para adolescentes as vacinas contra o HPV e Meningoc\u00f3cica ACWY. A vacina\u00e7\u00e3o tamb\u00e9m \u00e9 fundamental para garantir a sa\u00fade de adultos e, especialmente de gestantes. O Grupo Colorado promove anualmente a vacina contra a gripe, fique atento \u00e0s datas e vacine-se!<\/span><\/p>\n<div data-offset-key=\"4qh4t-0-0\"><\/div>\n<\/div>\n<div class=\"\" data-block=\"true\" data-editor=\"10l70\" data-offset-key=\"bt349-0-0\">\n<div class=\"_1mf _1mj\" data-offset-key=\"bt349-0-0\"><a href=\"https:\/\/www.colorado.com.br\/nosdacolorado\/wp-content\/uploads\/2021\/06\/e-card-vacina_Prancheta-1.png\" rel=\"prettyPhoto[gallery-d1Ch]\"><img loading=\"lazy\" decoding=\"async\" class=\"aligncenter size-full wp-image-12030\" src=\"https:\/\/www.colorado.com.br\/nosdacolorado\/wp-content\/uploads\/2021\/06\/e-card-vacina_Prancheta-1.png\" alt=\"\" width=\"1080\" height=\"1080\" srcset=\"https:\/\/www.colorado.com.br\/nosdacolorado\/wp-content\/uploads\/2021\/06\/e-card-vacina_Prancheta-1.png 1080w, https:\/\/www.colorado.com.br\/nosdacolorado\/wp-content\/uploads\/2021\/06\/e-card-vacina_Prancheta-1-150x150.png 150w, https:\/\/www.colorado.com.br\/nosdacolorado\/wp-content\/uploads\/2021\/06\/e-card-vacina_Prancheta-1-300x300.png 300w, https:\/\/www.colorado.com.br\/nosdacolorado\/wp-content\/uploads\/2021\/06\/e-card-vacina_Prancheta-1-768x768.png 768w, https:\/\/www.colorado.com.br\/nosdacolorado\/wp-content\/uploads\/2021\/06\/e-card-vacina_Prancheta-1-1024x1024.png 1024w, https:\/\/www.colorado.com.br\/nosdacolorado\/wp-content\/uploads\/2021\/06\/e-card-vacina_Prancheta-1-100x100.png 100w, https:\/\/www.colorado.com.br\/nosdacolorado\/wp-content\/uploads\/2021\/06\/e-card-vacina_Prancheta-1-140x140.png 140w, https:\/\/www.colorado.com.br\/nosdacolorado\/wp-content\/uploads\/2021\/06\/e-card-vacina_Prancheta-1-500x500.png 500w, https:\/\/www.colorado.com.br\/nosdacolorado\/wp-content\/uploads\/2021\/06\/e-card-vacina_Prancheta-1-350x350.png 350w, https:\/\/www.colorado.com.br\/nosdacolorado\/wp-content\/uploads\/2021\/06\/e-card-vacina_Prancheta-1-1000x1000.png 1000w, https:\/\/www.colorado.com.br\/nosdacolorado\/wp-content\/uploads\/2021\/06\/e-card-vacina_Prancheta-1-800x800.png 800w\" sizes=\"auto, (max-width: 1080px) 100vw, 1080px\" \/><\/a><\/div>\n<\/div>\n","protected":false},"excerpt":{"rendered":"<p>A vacina\u00e7\u00e3o infantil \u00e9 fundamental para o desenvolvimento saud\u00e1vel de todas as crian\u00e7as. As vacinas estimulam a produ\u00e7\u00e3o de anticorpos contra v\u00edrus e bact\u00e9rias de doen\u00e7as graves. As campanhas de&#8230;<\/p>\n","protected":false},"author":2,"featured_media":12030,"comment_status":"open","ping_status":"open","sticky":false,"template":"","format":"standard","meta":{"footnotes":""},"categories":[11],"tags":[],"class_list":{"0":"post-12029","1":"post","2":"type-post","3":"status-publish","4":"format-standard","5":"has-post-thumbnail","7":"category-acontece-na-colorado"},"_links":{"self":[{"href":"https:\/\/www.colorado.com.br\/nosdacolorado\/wp-json\/wp\/v2\/posts\/12029","targetHints":{"allow":["GET"]}}],"collection":[{"href":"https:\/\/www.colorado.com.br\/nosdacolorado\/wp-json\/wp\/v2\/posts"}],"about":[{"href":"https:\/\/www.colorado.com.br\/nosdacolorado\/wp-json\/wp\/v2\/types\/post"}],"author":[{"embeddable":true,"href":"https:\/\/www.colorado.com.br\/nosdacolorado\/wp-json\/wp\/v2\/users\/2"}],"replies":[{"embeddable":true,"href":"https:\/\/www.colorado.com.br\/nosdacolorado\/wp-json\/wp\/v2\/comments?post=12029"}],"version-history":[{"count":1,"href":"https:\/\/www.colorado.com.br\/nosdacolorado\/wp-json\/wp\/v2\/posts\/12029\/revisions"}],"predecessor-version":[{"id":12031,"href":"https:\/\/www.colorado.com.br\/nosdacolorado\/wp-json\/wp\/v2\/posts\/12029\/revisions\/12031"}],"wp:featuredmedia":[{"embeddable":true,"href":"https:\/\/www.colorado.com.br\/nosdacolorado\/wp-json\/wp\/v2\/media\/12030"}],"wp:attachment":[{"href":"https:\/\/www.colorado.com.br\/nosdacolorado\/wp-json\/wp\/v2\/media?parent=12029"}],"wp:term":[{"taxonomy":"category","embeddable":true,"href":"https:\/\/www.colorado.com.br\/nosdacolorado\/wp-json\/wp\/v2\/categories?post=12029"},{"taxonomy":"post_tag","embeddable":true,"href":"https:\/\/www.colorado.com.br\/nosdacolorado\/wp-json\/wp\/v2\/tags?post=12029"}],"curies":[{"name":"wp","href":"https:\/\/api.w.org\/{rel}","templated":true}]}}