{"id":122,"date":"2019-05-28T16:29:45","date_gmt":"2019-05-28T19:29:45","guid":{"rendered":"http:\/\/colorado.fabricadapalavra.com.br\/?p=122"},"modified":"2019-05-28T16:29:45","modified_gmt":"2019-05-28T19:29:45","slug":"credcol-bate-recorde-nas-sobras-liquidas-e-reelege-diretoria-executiva","status":"publish","type":"post","link":"https:\/\/www.colorado.com.br\/nosdacolorado\/credcol-bate-recorde-nas-sobras-liquidas-e-reelege-diretoria-executiva\/","title":{"rendered":"Credcol bate recorde nas sobras l\u00edquidas e reelege diretoria executiva"},"content":{"rendered":"<p>O recorde positivo nas sobras l\u00edquidas e reelei\u00e7\u00e3o da diretoria executiva foram os destaques da assembleia geral ordin\u00e1ria da Credcol, realizada no dia 29 de abril com grande participa\u00e7\u00e3o dos associados.<\/p>\n<p>A cooperativa contabilizou sobra l\u00edquida de R$ 1,5 milh\u00e3o no ano de 2018, o que significa um recorde nos 21 anos da Credcol. Os associados que participaram da Assembleia definiram que 100% do valor ser\u00e1 integralizado proporcionalmente ao capital daqueles que fizeram opera\u00e7\u00f5es de cr\u00e9dito na cooperativa. ou seja, o valor pago de juros no ano de 2018, 43,34% ser\u00e3o devolvido ao s\u00f3cio.<\/p>\n<p>A assembleia \u00e9 o ponto alto da democracia de uma cooperativa. \u00c9 a oportunidade para que os cooperados debatam e definam diretamente, por meio do voto, as quest\u00f5es fundamentais da Credcol. A Assembleia aprovou as contas dos primeiro e segundo semestres de 2018. Foi um ano marcado pelo desempenho positivo da Cooperativa. O n\u00famero de s\u00f3cios chegou a 4.509, o que representa um crescimento de 13,63%. Foram liberados no ano R$ 22,3 milh\u00f5es em empr\u00e9stimos, 14,14% a mais em rela\u00e7\u00e3o ao ano anterior. O capital social da cooperativa chegou a R$ 19,3 milh\u00f5es, com um incremento de 8,84%.<\/p>\n<p>A Assembleia tamb\u00e9m definiu a destina\u00e7\u00e3o das sobras, aplica\u00e7\u00e3o do Fates para 2019. A forma\u00e7\u00e3o de Reserva Fates \u2013 Fundo de Assist\u00eancia T\u00e9cnica, Educacional e Social, \u00e9 uma exig\u00eancia legal. Os recursos do Fates devem ser destinados \u00e0 presta\u00e7\u00e3o de assist\u00eancia aos associados, seus familiares e, quando previsto nos estatutos, aos empregados da cooperativa. O fundo \u00e9 constitu\u00eddo por um m\u00ednimo de 5% das sobras l\u00edquidas apuradas no exerc\u00edcio.<\/p>\n<p><strong>Compromisso<\/strong><\/p>\n<p>O objetivo da cooperativa \u00e9 disponibilizar aos associados uma taxa de juros diferenciada e justa. Cumprindo sua miss\u00e3o, a Credcol tem participado de v\u00e1rias iniciativas para promo\u00e7\u00e3o de seus cooperados e da comunidade. Realiza trabalhos espec\u00edficos de educa\u00e7\u00e3o financeira. No ano de 2018, realizou 20 atendimentos especiais. Trabalha subsidiando a aquisi\u00e7\u00e3o do material escolar. Somente em 2018, destinou R$ 30 mil para o custeio de parte o material escolar de 650 s\u00f3cios e dependentes.<\/p>\n<p>Participa de promo\u00e7\u00f5es de datas, como o Dia da Mulher. A cooperativa entregou um mimo para as 250 mulheres associadas na empresa. Participa anualmente do Concurso Cultural de Reda\u00e7\u00f5es que conta com a ades\u00e3o de crian\u00e7as filhas de cooperados, premiando os trabalhos selecionados.Em 2018 foram apresentadas 250 reda\u00e7\u00f5es.<\/p>\n<p>A Credcol est\u00e1 sempre ativa nos eventos promovidos para colaboradores do Grupo Colorado, como curso para gestantes, campeonato de futebol, festa julina, outubro rosa, novembro azul entre outros, diretamente apoiando e estimulando a ades\u00e3o \u00e0 Coperativa.<\/p>\n<p>Tamb\u00e9m apoia o Show de pr\u00eamios promovido para arrecada\u00e7\u00e3o de fundos para a Casa da Crian\u00e7a Armanda Malvina de Mendon\u00e7a, de Ipu\u00e3.<\/p>\n<p><strong>Credcol: Os indicadores positivos de 2018<\/strong><\/p>\n<p>Quadro social: total de s\u00f3cios: 4.509 \u2013 crescimento de 13,63%;<br \/>\nEmpr\u00e9stimos liberados: 22,3 milh\u00f5es \u2013 crescimento de 14,14%;<br \/>\nCapital social: R$19,3 milh\u00f5es \u2013 crescimento de 8,84%;<br \/>\nPagamento de juros ao capital: R$1 milh\u00e3o \u2013 remunera\u00e7\u00e3o de 100% da taxa Selic.<br \/>\nSobras para distribui\u00e7\u00e3o aos s\u00f3cios: r$1,5 \u2013 crescimento de 61%<br \/>\nSaldo do Fates: R$153 mil \/ saldo fundo de reserva: R$708 mil<\/p>\n<p>&nbsp;<\/p>\n\n\t\t<style type=\"text\/css\">\n\t\t\t#gallery-1 {\n\t\t\t\tmargin: auto;\n\t\t\t}\n\t\t\t#gallery-1 .gallery-item {\n\t\t\t\tfloat: left;\n\t\t\t\tmargin-top: 10px;\n\t\t\t\ttext-align: center;\n\t\t\t\twidth: 50%;\n\t\t\t}\n\t\t\t#gallery-1 img {\n\t\t\t\tborder: 2px solid #cfcfcf;\n\t\t\t}\n\t\t\t#gallery-1 .gallery-caption {\n\t\t\t\tmargin-left: 0;\n\t\t\t}\n\t\t\t\/* see gallery_shortcode() in wp-includes\/media.php *\/\n\t\t<\/style>\n\t\t<div data-carousel-extra='{\"blog_id\":1,\"permalink\":\"https:\\\/\\\/www.colorado.com.br\\\/nosdacolorado\\\/credcol-bate-recorde-nas-sobras-liquidas-e-reelege-diretoria-executiva\\\/\"}' id='gallery-1' class='gallery galleryid-122 gallery-columns-2 gallery-size-large'><dl class='gallery-item'>\n\t\t\t<dt class='gallery-icon landscape'>\n\t\t\t\t<a href='https:\/\/www.colorado.com.br\/nosdacolorado\/wp-content\/uploads\/2019\/05\/credcol-sobras-liquidas-01.jpg'><img loading=\"lazy\" decoding=\"async\" data-attachment-id=\"124\" data-orig-file=\"https:\/\/www.colorado.com.br\/nosdacolorado\/wp-content\/uploads\/2019\/05\/credcol-sobras-liquidas-01.jpg\" data-orig-size=\"800,532\" data-comments-opened=\"1\" data-image-meta=\"{&quot;aperture&quot;:&quot;0&quot;,&quot;credit&quot;:&quot;&quot;,&quot;camera&quot;:&quot;&quot;,&quot;caption&quot;:&quot;&quot;,&quot;created_timestamp&quot;:&quot;0&quot;,&quot;copyright&quot;:&quot;&quot;,&quot;focal_length&quot;:&quot;0&quot;,&quot;iso&quot;:&quot;0&quot;,&quot;shutter_speed&quot;:&quot;0&quot;,&quot;title&quot;:&quot;&quot;,&quot;orientation&quot;:&quot;0&quot;,&quot;keywords&quot;:&quot;Array&quot;}\" data-image-title=\"credcol-sobras-liquidas-01\" data-image-description=\"\" data-medium-file=\"https:\/\/www.colorado.com.br\/nosdacolorado\/wp-content\/uploads\/2019\/05\/credcol-sobras-liquidas-01-300x200.jpg\" data-large-file=\"https:\/\/www.colorado.com.br\/nosdacolorado\/wp-content\/uploads\/2019\/05\/credcol-sobras-liquidas-01.jpg\" width=\"800\" height=\"532\" src=\"https:\/\/www.colorado.com.br\/nosdacolorado\/wp-content\/uploads\/2019\/05\/credcol-sobras-liquidas-01.jpg\" class=\"attachment-large size-large\" alt=\"\" srcset=\"https:\/\/www.colorado.com.br\/nosdacolorado\/wp-content\/uploads\/2019\/05\/credcol-sobras-liquidas-01.jpg 800w, https:\/\/www.colorado.com.br\/nosdacolorado\/wp-content\/uploads\/2019\/05\/credcol-sobras-liquidas-01-300x200.jpg 300w, https:\/\/www.colorado.com.br\/nosdacolorado\/wp-content\/uploads\/2019\/05\/credcol-sobras-liquidas-01-768x511.jpg 768w\" sizes=\"auto, (max-width: 800px) 100vw, 800px\" \/><\/a>\n\t\t\t<\/dt><\/dl><dl class='gallery-item'>\n\t\t\t<dt class='gallery-icon landscape'>\n\t\t\t\t<a href='https:\/\/www.colorado.com.br\/nosdacolorado\/wp-content\/uploads\/2019\/05\/credcol-sobras-liquidas-00.jpg'><img loading=\"lazy\" decoding=\"async\" data-attachment-id=\"123\" data-orig-file=\"https:\/\/www.colorado.com.br\/nosdacolorado\/wp-content\/uploads\/2019\/05\/credcol-sobras-liquidas-00.jpg\" data-orig-size=\"800,532\" data-comments-opened=\"1\" data-image-meta=\"{&quot;aperture&quot;:&quot;0&quot;,&quot;credit&quot;:&quot;&quot;,&quot;camera&quot;:&quot;&quot;,&quot;caption&quot;:&quot;&quot;,&quot;created_timestamp&quot;:&quot;0&quot;,&quot;copyright&quot;:&quot;&quot;,&quot;focal_length&quot;:&quot;0&quot;,&quot;iso&quot;:&quot;0&quot;,&quot;shutter_speed&quot;:&quot;0&quot;,&quot;title&quot;:&quot;&quot;,&quot;orientation&quot;:&quot;0&quot;,&quot;keywords&quot;:&quot;Array&quot;}\" data-image-title=\"credcol-sobras-liquidas-00\" data-image-description=\"\" data-medium-file=\"https:\/\/www.colorado.com.br\/nosdacolorado\/wp-content\/uploads\/2019\/05\/credcol-sobras-liquidas-00-300x200.jpg\" data-large-file=\"https:\/\/www.colorado.com.br\/nosdacolorado\/wp-content\/uploads\/2019\/05\/credcol-sobras-liquidas-00.jpg\" width=\"800\" height=\"532\" src=\"https:\/\/www.colorado.com.br\/nosdacolorado\/wp-content\/uploads\/2019\/05\/credcol-sobras-liquidas-00.jpg\" class=\"attachment-large size-large\" alt=\"\" srcset=\"https:\/\/www.colorado.com.br\/nosdacolorado\/wp-content\/uploads\/2019\/05\/credcol-sobras-liquidas-00.jpg 800w, https:\/\/www.colorado.com.br\/nosdacolorado\/wp-content\/uploads\/2019\/05\/credcol-sobras-liquidas-00-300x200.jpg 300w, https:\/\/www.colorado.com.br\/nosdacolorado\/wp-content\/uploads\/2019\/05\/credcol-sobras-liquidas-00-768x511.jpg 768w\" sizes=\"auto, (max-width: 800px) 100vw, 800px\" \/><\/a>\n\t\t\t<\/dt><\/dl><br style=\"clear: both\" \/>\n\t\t<\/div>\n\n","protected":false},"excerpt":{"rendered":"<p>O recorde positivo nas sobras l\u00edquidas e reelei\u00e7\u00e3o da diretoria executiva foram os destaques da assembleia geral ordin\u00e1ria da Credcol, realizada no dia 29 de abril com grande participa\u00e7\u00e3o dos&#8230;<\/p>\n","protected":false},"author":1,"featured_media":125,"comment_status":"open","ping_status":"open","sticky":false,"template":"","format":"standard","meta":{"footnotes":""},"categories":[10],"tags":[],"class_list":{"0":"post-122","1":"post","2":"type-post","3":"status-publish","4":"format-standard","5":"has-post-thumbnail","7":"category-credcol"},"_links":{"self":[{"href":"https:\/\/www.colorado.com.br\/nosdacolorado\/wp-json\/wp\/v2\/posts\/122","targetHints":{"allow":["GET"]}}],"collection":[{"href":"https:\/\/www.colorado.com.br\/nosdacolorado\/wp-json\/wp\/v2\/posts"}],"about":[{"href":"https:\/\/www.colorado.com.br\/nosdacolorado\/wp-json\/wp\/v2\/types\/post"}],"author":[{"embeddable":true,"href":"https:\/\/www.colorado.com.br\/nosdacolorado\/wp-json\/wp\/v2\/users\/1"}],"replies":[{"embeddable":true,"href":"https:\/\/www.colorado.com.br\/nosdacolorado\/wp-json\/wp\/v2\/comments?post=122"}],"version-history":[{"count":1,"href":"https:\/\/www.colorado.com.br\/nosdacolorado\/wp-json\/wp\/v2\/posts\/122\/revisions"}],"predecessor-version":[{"id":126,"href":"https:\/\/www.colorado.com.br\/nosdacolorado\/wp-json\/wp\/v2\/posts\/122\/revisions\/126"}],"wp:featuredmedia":[{"embeddable":true,"href":"https:\/\/www.colorado.com.br\/nosdacolorado\/wp-json\/wp\/v2\/media\/125"}],"wp:attachment":[{"href":"https:\/\/www.colorado.com.br\/nosdacolorado\/wp-json\/wp\/v2\/media?parent=122"}],"wp:term":[{"taxonomy":"category","embeddable":true,"href":"https:\/\/www.colorado.com.br\/nosdacolorado\/wp-json\/wp\/v2\/categories?post=122"},{"taxonomy":"post_tag","embeddable":true,"href":"https:\/\/www.colorado.com.br\/nosdacolorado\/wp-json\/wp\/v2\/tags?post=122"}],"curies":[{"name":"wp","href":"https:\/\/api.w.org\/{rel}","templated":true}]}}