{"id":129,"date":"2019-05-28T16:31:39","date_gmt":"2019-05-28T19:31:39","guid":{"rendered":"http:\/\/colorado.fabricadapalavra.com.br\/?p=129"},"modified":"2019-05-28T16:31:39","modified_gmt":"2019-05-28T19:31:39","slug":"maio-e-o-mes-de-renovar-o-seguro-para-cooperados-credcol","status":"publish","type":"post","link":"https:\/\/www.colorado.com.br\/nosdacolorado\/maio-e-o-mes-de-renovar-o-seguro-para-cooperados-credcol\/","title":{"rendered":"Maio \u00e9 o m\u00eas de renovar o Seguro para cooperados Credcol"},"content":{"rendered":"<p>Maio \u00e9 o m\u00eas de renova\u00e7\u00e3o do Seguro de Ve\u00edculo em Frota Credcol. Os cooperados que possuem ve\u00edculos segurados pela Credcol ter\u00e3o a facilidade da renova\u00e7\u00e3o autom\u00e1tica do seguros. Aqueles que n\u00e3o desejam renovar o seguro devido \u00e0 venda do ve\u00edculo ou outro motivo devem entrar em contato com a Credcol o mais r\u00e1pido poss\u00edvel.<\/p>\n<p>Informe-se sobre as condi\u00e7\u00f5es vantajosas para aderir ao seguro de ve\u00edculos por meio da Credcol. Se voc\u00ea tem interesse, entre em contato com a cooperativa e sabia mais sobre esse produto feito sob medida para os cooperados.<\/p>\n<p><strong>Confira as principais coberturas padr\u00e3o de nossa ap\u00f3lice:<\/strong><\/p>\n<p>Import\u00e2ncia Segurada Casco: 100% da tabela Fipe<br \/>\nDanos Materiais: R$ 200.000,00<br \/>\nDanos Corporais: R$ 500.000,00<br \/>\nDanos Morais: R$ 70.000,00<br \/>\nApp Morte: R$12.000,00<br \/>\nApp Invalidez: R$ 12.000,00<br \/>\nAssist\u00eancia 24 horas<br \/>\nGuincho com quilometragem ilimitada<\/p>\n<p><strong>E mais: a Credcol trabalha com a Franquia Reduzida e 15 dias de carro reserva<\/strong><\/p>\n","protected":false},"excerpt":{"rendered":"<p>Maio \u00e9 o m\u00eas de renova\u00e7\u00e3o do Seguro de Ve\u00edculo em Frota Credcol. Os cooperados que possuem ve\u00edculos segurados pela Credcol ter\u00e3o a facilidade da renova\u00e7\u00e3o autom\u00e1tica do seguros. Aqueles&#8230;<\/p>\n","protected":false},"author":1,"featured_media":19,"comment_status":"open","ping_status":"open","sticky":false,"template":"","format":"standard","meta":{"footnotes":""},"categories":[10],"tags":[],"class_list":{"0":"post-129","1":"post","2":"type-post","3":"status-publish","4":"format-standard","5":"has-post-thumbnail","7":"category-credcol"},"_links":{"self":[{"href":"https:\/\/www.colorado.com.br\/nosdacolorado\/wp-json\/wp\/v2\/posts\/129","targetHints":{"allow":["GET"]}}],"collection":[{"href":"https:\/\/www.colorado.com.br\/nosdacolorado\/wp-json\/wp\/v2\/posts"}],"about":[{"href":"https:\/\/www.colorado.com.br\/nosdacolorado\/wp-json\/wp\/v2\/types\/post"}],"author":[{"embeddable":true,"href":"https:\/\/www.colorado.com.br\/nosdacolorado\/wp-json\/wp\/v2\/users\/1"}],"replies":[{"embeddable":true,"href":"https:\/\/www.colorado.com.br\/nosdacolorado\/wp-json\/wp\/v2\/comments?post=129"}],"version-history":[{"count":1,"href":"https:\/\/www.colorado.com.br\/nosdacolorado\/wp-json\/wp\/v2\/posts\/129\/revisions"}],"predecessor-version":[{"id":130,"href":"https:\/\/www.colorado.com.br\/nosdacolorado\/wp-json\/wp\/v2\/posts\/129\/revisions\/130"}],"wp:featuredmedia":[{"embeddable":true,"href":"https:\/\/www.colorado.com.br\/nosdacolorado\/wp-json\/wp\/v2\/media\/19"}],"wp:attachment":[{"href":"https:\/\/www.colorado.com.br\/nosdacolorado\/wp-json\/wp\/v2\/media?parent=129"}],"wp:term":[{"taxonomy":"category","embeddable":true,"href":"https:\/\/www.colorado.com.br\/nosdacolorado\/wp-json\/wp\/v2\/categories?post=129"},{"taxonomy":"post_tag","embeddable":true,"href":"https:\/\/www.colorado.com.br\/nosdacolorado\/wp-json\/wp\/v2\/tags?post=129"}],"curies":[{"name":"wp","href":"https:\/\/api.w.org\/{rel}","templated":true}]}}