{"id":13081,"date":"2021-07-20T14:09:17","date_gmt":"2021-07-20T17:09:17","guid":{"rendered":"https:\/\/www.colorado.com.br\/nosdacolorado\/?p=13081"},"modified":"2021-07-21T14:14:27","modified_gmt":"2021-07-21T17:14:27","slug":"dr-aon-24h-perguntas-mais-frequentes","status":"publish","type":"post","link":"https:\/\/www.colorado.com.br\/nosdacolorado\/dr-aon-24h-perguntas-mais-frequentes\/","title":{"rendered":"Dr. Aon 24h &#8211; Perguntas mais frequentes"},"content":{"rendered":"<h2><strong>O<\/strong> <strong>que<\/strong> <strong>\u00e9<\/strong> <strong>o<\/strong> <strong>Dr.<\/strong> <strong>Aon 24h?<\/strong><\/h2>\n<p>O Dr. Aon 24h \u00e9 um servi\u00e7o de teleatendimento em sa\u00fade, que agrega tamb\u00e9m o servi\u00e7o de telemedicina, e funciona 24 horas por dia, sete dias por semana, todos os dias do ano. O objetivo \u00e9 levar comodidade aos<\/p>\n<p>benefici\u00e1rios e dependentes que podem, por meio do servi\u00e7o, obter esclarecimentos sobre qualquer tipo de d\u00favida em rela\u00e7\u00e3o \u00e0 sa\u00fade ou ter acesso a uma consulta m\u00e9dica sem sair de casa.<\/p>\n<p>&nbsp;<\/p>\n<h2>Em quais situa\u00e7\u00f5es \u00e9 poss\u00edvel recorrer ao Dr. Aon 24h?<\/h2>\n<p>Seu filho est\u00e1 com febre e voc\u00ea n\u00e3o sabe o que fazer?<\/p>\n<p>Est\u00e1 incomodado com uma dor de cabe\u00e7a que n\u00e3o passa? Quer tirar d\u00favidas sobre um tratamento que j\u00e1 est\u00e1 fazendo? N\u00e3o sabe quais vacinas tomar?<\/p>\n<p>Quer come\u00e7ar a comer melhor e praticar exerc\u00edcios f\u00edsicos, mas n\u00e3o sabe como come\u00e7ar?<\/p>\n<p>Esses s\u00e3o exemplos de quest\u00f5es respondidas pelo Dr. Aon 24h e que podem ajudar voc\u00ea a cuidar melhor da sua sa\u00fade.<\/p>\n<p>&nbsp;<\/p>\n<h2>Qual o telefone do Dr. Aon 24h?<\/h2>\n<p>0800 940 12 66.<\/p>\n<p>&nbsp;<\/p>\n<h2>Como funciona o servi\u00e7o Dr. Aon 24h?<\/h2>\n<p>Se a necessidade \u00e9 sanar d\u00favidas sobre sa\u00fade, o contato deve ser feito via 0800 940 1266. Por meio desse n\u00famero, \u00e9 poss\u00edvel obter esclarecimentos r\u00e1pidos sobre situa\u00e7\u00f5es como: febre, enjoos, sintomas de gripe, especialidades m\u00e9dicas e segunda opini\u00e3o m\u00e9dica, al\u00e9m de realizar monitoramento nutricional, esportivo e de gestantes.<\/p>\n<p>J\u00e1 para consultas de telemedicina, o benefici\u00e1rio pode fazer o agendamento pelo Teladoc App. A Teladoc \u00e9 a principal empresa de servi\u00e7o de telemedicina no mundo e parceira do Dr. Aon 24h para chamadas de videoconfer\u00eancia com a finalidade de atendimento em sa\u00fade. Para isso, basta que o benefici\u00e1rio ou seu<\/p>\n<p>dependente fa\u00e7a o download pela loja de aplicativos do pr\u00f3prio celular. Depois de instalar e fazer o cadastro, as funcionalidades ficam dispon\u00edveis para o agendamento, que \u00e9 confirmado por SMS. Depois da consulta, guias para pedidos de exames, receitas prescritas ou atestado m\u00e9dico ficam dispon\u00edveis para download do benefici\u00e1rio. Todos contam com certificado por assinatura digital no padr\u00e3o ICP-Brasil, v\u00e1lido em todo territ\u00f3rio brasileiro.<\/p>\n<p>&nbsp;<\/p>\n<h2>Quais servi\u00e7os s\u00e3o oferecidos pelo Dr. Aon 24h?<\/h2>\n<ul>\n<li>Central cl\u00ednica 24h<\/li>\n<li>Segunda opini\u00e3o m\u00e9dica<\/li>\n<li>Monitoramento nutricional<\/li>\n<li>Monitoramento esportivo<\/li>\n<li>Monitoramento de gestantes<\/li>\n<li>Telemedicina (via parceria com a Teladoc)<\/li>\n<\/ul>\n<p>&nbsp;<\/p>\n<h2>Com quem o benefici\u00e1rio tem contato ao usar o servi\u00e7o?<\/h2>\n<p>A equipe da Central cl\u00ednica 24h \u00e9 composta por profissionais de enfermagem, respons\u00e1veis pela triagem e acolhimento do benefici\u00e1rio. Em grande parte dos casos, as necessidades e d\u00favidas s\u00e3o sanadas j\u00e1 durante esse contato. Em situa\u00e7\u00f5es de maior complexidade ou outras necessidades, um M\u00e9dico da Fam\u00edlia passa a ser respons\u00e1vel por orientar o benefici\u00e1rio\/paciente.<\/p>\n<p>Sobre o M\u00e9dico de Fam\u00edlia: \u00e9 um profissional capacitado para conhecer e acompanhar a pessoa por toda a vida, dentro do contexto e das complexidades de cada faixa et\u00e1ria. Isso quer dizer que ele \u00e9 capacitado para<\/p>\n<p>acompanhar o indiv\u00edduo desde as primeiras consultas ap\u00f3s o nascimento, seu crescimento e desenvolvimento, at\u00e9 chegar \u00e0 idade adulta e \u00e0 terceira idade. A princ\u00edpio, o M\u00e9dico de Fam\u00edlia pode lidar com at\u00e9 80% dos problemas de sa\u00fade mais comuns, mas em todos os outros far\u00e1 o direcionamento para a especialidade mais adequada \u00e0quele caso ou at\u00e9 encaminhamento para programas de nutri\u00e7\u00e3o e atividades f\u00edsicas.<\/p>\n<p>&nbsp;<\/p>\n<h2>Como funcionam os outros servi\u00e7os?<\/h2>\n<p><strong>Monitoramento nutricional: <\/strong>Equipe especializada em nutri\u00e7\u00e3o orienta e esclarece d\u00favidas sobre ado\u00e7\u00e3o de h\u00e1bitos alimentares mais saud\u00e1veis, com o objetivo de melhorar a qualidade de vida, com foco em diferentes circunst\u00e2ncias do cotidiano. Toda a conduta \u00e9 constru\u00edda com base na rotina, prefer\u00eancias e limita\u00e7\u00f5es<\/p>\n<p>do benefici\u00e1rio.<\/p>\n<ul>\n<li>Hor\u00e1rio de atendimento: segunda \u00e0 sexta-feira, das 9h \u00e0s<\/li>\n<li>Atende adultos e menores de 18 anos, estes representados pelos pais ou respons\u00e1veis.<\/li>\n<li>O Monitoramento nutricional tem dura\u00e7\u00e3o total de 65 dias:\n<ol>\n<li>No 1\u00ba contato pelo usu\u00e1rio solicitante via 0800, ser\u00e1 realizada uma triagem, em que \u00e9 feita a verifica\u00e7\u00e3o de elegibilidade e, em seguida, o primeiro atendimento por profissional especializado em Nutri\u00e7\u00e3o.<\/li>\n<\/ol>\n<\/li>\n<\/ul>\n<p>O nutricionista enviar\u00e1 o \u201cGuia Alimentar\u201d e informa\u00e7\u00f5es complementares.<\/p>\n<ul>\n<li>Orienta\u00e7\u00f5es nutricionais contidas no \u201cGuia Alimentar\u201d com recomenda\u00e7\u00f5es de ordem qualitativa, j\u00e1 que, de acordo com o Conselho Regional de Nutri\u00e7\u00e3o \u2013 CRN, n\u00e3o \u00e9 permitido o envio de card\u00e1pios quantitativos, sem que haja pelo menos uma consulta<\/li>\n<li>Envio de material por e-mail, contendo recomenda\u00e7\u00f5es complementares ao Guia N\u00e3o abrange envio ou entrega de material de forma presencial.<\/li>\n<\/ul>\n<ol>\n<li>H\u00e1 mais quatro acompanhamentos posteriores, cujos contatos s\u00e3o realizados com intervalo m\u00ednimo de 7 dias, com o envio de um e-mail com conte\u00fado informativo entre cada Ap\u00f3s o 4\u00ba acompanhamento, o Monitoramento Nutricional \u00e9 encerrado.<\/li>\n<li>Para cada acompanhamento, poder\u00e1 ser realizado at\u00e9 cinco tentativas de contato com o usu\u00e1rio. Em caso de n\u00e3o atendimento pelo usu\u00e1rio, as tentativas s\u00e3o encerradas e o caso \u00e9 classificado como<\/li>\n<li>Para retorno da liga\u00e7\u00e3o, o prazo \u00e9 de 24<\/li>\n<\/ol>\n<ul>\n<li>S\u00e3o considerados inaptos ou ineleg\u00edveis os usu\u00e1rios:<\/li>\n<\/ul>\n<ol>\n<li>Convalescentes em P\u00f3s-operat\u00f3rio, cuja interven\u00e7\u00e3o cir\u00fargica tenha ocorrido h\u00e1 menos de seis<\/li>\n<li>Portadores de doen\u00e7as cr\u00f4nicas em que haja a necessidade de acompanhamento presencial, diante do poss\u00edvel risco da mudan\u00e7a de comportamento alimentar \u00e0 dist\u00e2ncia.<\/li>\n<\/ol>\n<p>&nbsp;<\/p>\n<p><strong>Monitoramento esportivo: <\/strong>Equipe especializada em condicionamento f\u00edsico orienta e esclarece sobre d\u00favidas relacionadas a treinos ou a atividades f\u00edsicas, com o objetivo de melhorar a qualidade de vida, com foco em diferentes circunst\u00e2ncias do cotidiano. Toda a conduta \u00e9 constru\u00edda com base na rotina, prefer\u00eancias e limita\u00e7\u00f5es do benefici\u00e1rio.<\/p>\n<ul>\n<li>Hor\u00e1rio de atendimento: segunda \u00e0 sexta-feira, das 9h \u00e0s<\/li>\n<li>Envio de material por email, contendo recomenda\u00e7\u00f5es complementares ao N\u00e3o abrange envio ou entrega de material de forma presencial.<\/li>\n<li>O Monitoramneto tem dura\u00e7\u00e3o total de 65 dias:<\/li>\n<\/ul>\n<ol>\n<li>No 1\u00ba contato pelo usu\u00e1rio solicitante via 0800, ser\u00e1 realizada uma triagem, em que \u00e9 feita a verifica\u00e7\u00e3o de elegibilidade e, em seguida, o primeiro atendimento por profissional especializado em Educa\u00e7\u00e3o F\u00edsica. Este enviar\u00e1 o \u201cPlano de Treinamento\u201d e informa\u00e7\u00f5es<\/li>\n<li>H\u00e1 mais quatro acompanhamentos posteriores, cujos contatos s\u00e3o realizados com intervalo m\u00ednimo de 7 dias, com o envio de um e-mail com conte\u00fado informativo entre cada Ap\u00f3s o 4\u00ba acompanhamento, o Monitoramento Esportivo \u00e9 encerrado.<\/li>\n<li>Para cada acompanhamento, poder\u00e1 ser realizado at\u00e9 cinco tentativas de contato com o usu\u00e1rio. Em caso de n\u00e3o atendimento pelo usu\u00e1rio, as tentativas s\u00e3o encerradas e o caso \u00e9 classificado como<\/li>\n<li>Para retorno da liga\u00e7\u00e3o, o prazo \u00e9 de 24<\/li>\n<\/ol>\n<p>&nbsp;<\/p>\n<ul>\n<li>S\u00e3o considerados inaptos ou ineleg\u00edveis os usu\u00e1rios:<\/li>\n<\/ul>\n<ol>\n<li>Convalescentes em P\u00f3s-operat\u00f3rio, cuja interven\u00e7\u00e3o cir\u00fargica tenha ocorrido h\u00e1 menos de seis<\/li>\n<li>Portadores de doen\u00e7as cr\u00f4nicas em que haja a necessidade de acompanhamento presencial, diante do poss\u00edvel risco em orientar sobre comportamento esportivo \u00e0 dist\u00e2ncia.<\/li>\n<li>Menores de 18 anos, sem exce\u00e7\u00f5es, n\u00e3o ser\u00e3o atendidos pela Orienta\u00e7\u00e3o<\/li>\n<\/ol>\n<p>&nbsp;<\/p>\n<p><strong>Monitoramento de gestantes: <\/strong>Equipe especializada em obstetr\u00edcia orienta e esclarece d\u00favidas de gestantes sobre per\u00edodo gestacional, vacinas, intercorr\u00eancias, rastreamento de patologias, puerp\u00e9rio, p\u00f3s-parto, amamenta\u00e7\u00e3o e cuidados com o rec\u00e9m-nascido, visando a acompanhar e a tranquilizar a gestante neste momento especial.<\/p>\n<ul>\n<li>Hor\u00e1rio de atendimento: segunda \u00e0 sexta-feira, das 9h \u00e0s<\/li>\n<li>Para participar do monitoramento, a gestante dever\u00e1 ligar no 0800 ou comunicar o RH da empresa sobre o interesse em se inscrever, preenchendo a base de dados com as seguintes informa\u00e7\u00f5es: nome completo, CPF, data prov\u00e1vel do parto, idade gestacional e, se for o caso, indicar gesta\u00e7\u00e3o de alto risco, podendo tornar-se inapta ou ineleg\u00edvel ao Monitoramento de<\/li>\n<li>Para iniciar o acompanhamento gestacional, a gestante previamente inscrita deve estar no m\u00e1ximo at\u00e9 a 34\u00aa semana de Ultrapassadas 34 semanas, a gestante torna-se ineleg\u00edvel ao Monitoramento.<\/li>\n<li>Para o Monitoramento, poder\u00e1 ser realizado at\u00e9 at\u00e9 dez tentativas de Em caso de n\u00e3o atendimento pela gestante, as tentativas s\u00e3o encerradas e o caso \u00e9 classificado como insucesso.<\/li>\n<\/ul>\n<p>&nbsp;<\/p>\n<ul>\n<li>O acompanhamento \u00e9 realizado da seguinte forma:<\/li>\n<\/ul>\n<ol>\n<li>Exclusivamente para as gestantes que n\u00e3o se encontram em gravidez de risco, ser\u00e1 realizado o acompanhamento com enfermeira obstetra mensalmente e com nutricionista e educador f\u00edsico O acompanhamento ocorre at\u00e9 o nascimento do beb\u00ea.<\/li>\n<li>Em caso de gesta\u00e7\u00e3o de risco, o acompanhamento \u00e9 feito sempre que houver necessidade, conforme orienta\u00e7\u00e3o da enfermeira Todos os acompanhamentos e orienta\u00e7\u00f5es \u00e0 gestante seguem o Protocolo do Minist\u00e9rio da Sa\u00fade.<\/li>\n<\/ol>\n<p>&nbsp;<\/p>\n<p><strong>Segunda opini\u00e3o m\u00e9dica: <\/strong>Equipe especializada, com experi\u00eancia nacional e internacional, revisa diagn\u00f3stico e tratamento, esclarecendo d\u00favidas e identificando novas recomenda\u00e7\u00f5es.<\/p>\n<ul>\n<li>Hor\u00e1rio de atendimento: os servi\u00e7os prestados pelos profissionais m\u00e9dicos ser\u00e3o disponibilizados durante 24 horas, todos os dias da semana, via contato telef\u00f4nico.<\/li>\n<li>O servi\u00e7o Segunda opini\u00e3o m\u00e9dica tem dura\u00e7\u00e3o total de um m\u00eas:<\/li>\n<\/ul>\n<ol>\n<li>Primeiro, o usu\u00e1rio liga para o 0800 e solicita o servi\u00e7o de Aconselhamento M\u00e9dico Especializado. Um M\u00e9dico Gestor de Casos \u00e9 selecionado para entrar em contato e para dar in\u00edcio ao processo de anamnese, composta pela coleta dos exames e imagens<\/li>\n<li>Sele\u00e7\u00e3o de Especialistas: a partir da anamnese, ser\u00e1 feita a sele\u00e7\u00e3o dos m\u00e9dicos especialistas, realizada pelo Comit\u00ea M\u00e9dico Internacional da Cada caso ser\u00e1 tratado como \u00fanico e a sele\u00e7\u00e3o dos especialistas ter\u00e1 como base a experi\u00eancia e conhecimento do especialista sobre o assunto em quest\u00e3o.<\/li>\n<li>Revis\u00e3o: os m\u00e9dicos especialistas selecionados para a an\u00e1lise do caso receber\u00e3o de forma an\u00f4nima todas as informa\u00e7\u00f5es relevantes, assim como as perguntas do usu\u00e1rio, para que fa\u00e7am uma revis\u00e3o completa e emitam um parecer independente sobre o<\/li>\n<li>Relat\u00f3rio Final: com o recebimento do(s) parecer(es) independente(s), o M\u00e9dico Gestor do caso traduzir\u00e1, se feito em outro idioma, e compilar\u00e1 os pareceres dos especialistas em um relat\u00f3rio de Aconselhamento M\u00e9dico Todas as informa\u00e7\u00f5es ser\u00e3o tratadas para que o usu\u00e1rio tenha uma f\u00e1cil compreens\u00e3o. O M\u00e9dico Gestor do caso enviar\u00e1 uma c\u00f3pia f\u00edsica e outra eletr\u00f4nica do relat\u00f3rio para cada paciente, al\u00e9m de fazer ativamente um contato por telefone para a devolu\u00e7\u00e3o e revis\u00e3o do Relat\u00f3rio Final, subsidiando a<\/li>\n<\/ol>\n<p>decis\u00e3o do paciente em seguir ou recusar a 2\u00aa Opini\u00e3o M\u00e9dica fornecida por meio do Programa, decis\u00e3o essa que n\u00e3o ter\u00e1 a interfer\u00eancia do M\u00e9dico Gestor, findando o servi\u00e7o especializado de 2\u00aa Opini\u00e3o M\u00e9dica com a emiss\u00e3o e entrega do Relat\u00f3rio Final ao paciente.<\/p>\n<ul>\n<li>Ap\u00f3s o 1\u00ba e o 6\u00ba m\u00eas a partir da entrega do Relat\u00f3rio Final, a equipe do Dr Aon 24h entrar\u00e1 em contato com o usu\u00e1rio para avaliar o desfecho do caso e a qualidade do servi\u00e7o<\/li>\n<\/ul>\n<p>&nbsp;<\/p>\n<h2>O benefici\u00e1rio ter\u00e1 algum custo adicional ao utilizar o servi\u00e7o?<\/h2>\n<p>N\u00e3o. O servi\u00e7o \u00e9 totalmente gratuito, sem limite de uso, aceito de qualquer telefone, incluindo celular. Al\u00e9m de sem cobran\u00e7a de coparticipa\u00e7\u00e3o em seu plano de sa\u00fade.<\/p>\n<p>&nbsp;<\/p>\n<h2>Quando o Dr. Aon 24h funciona?<\/h2>\n<p>O servi\u00e7o est\u00e1 dispon\u00edvel 365 dias por ano, 7 dias por semana, 24 horas por dia.<\/p>\n<p>&nbsp;<\/p>\n<h2>Como tenho acesso ao servi\u00e7o de telemedicina do Dr. Aon 24h?<\/h2>\n<p>Acesse a loja de aplicativos do seu celular e baixe o Teladoc App. Ap\u00f3s a instala\u00e7\u00e3o do aplicativo, fa\u00e7a seu cadastro. Feito isso, \u00e9 poss\u00edvel agendar a consulta. Voc\u00ea receber\u00e1 uma confirma\u00e7\u00e3o de agendamento por SMS e o link de acesso \u00e0 consulta. Antes de finalizar a videoconfer\u00eancia, o m\u00e9dico providenciar\u00e1 para download um resumo digital da sua consulta, um atestado m\u00e9dico digital \u2013 se necess\u00e1rio \u2013 e receitu\u00e1rio. Todos com certificado por assinatura digital no padr\u00e3o ICP-Brasil, v\u00e1lido em todo territ\u00f3rio brasileiro. Al\u00e9m disso, por meio do app \u00e9 poss\u00edvel ter acesso a informa\u00e7\u00f5es de localiza\u00e7\u00e3o e rotas para pronto-socorros, em caso de urg\u00eancias ou emerg\u00eancias, verificar onde est\u00e3o as farm\u00e1cias mais pr\u00f3ximas e outras vantagens.<\/p>\n<p>&nbsp;<\/p>\n<p><strong>Ficou mais alguma d\u00favida ou dificuldade ao acessar a Telemedicina pelo aplicativo Teladoc? <\/strong>Caso tenha alguma d\u00favida, sugest\u00e3o ou reclama\u00e7\u00e3o, entre em contato com o SAC da Teladoc. Uma equipe preparada ir\u00e1 atend\u00ea-lo para orient\u00e1-lo e ajud\u00e1-lo com eventuais dificuldades.<\/p>\n<p><strong>Ligue: <\/strong>0800 835 2362<\/p>\n<p><strong>Hor\u00e1rio de atendimento: <\/strong>Segunda \u00e0 sexta-feira, das 7h \u00e0s 23h<\/p>\n<p>S\u00e1bados e domingos, das 10h \u00e0s 16h<\/p>\n<p>&nbsp;<\/p>\n<p><strong>Ou envie um e-mail para: <\/strong><a href=\"mailto:sac@teladoc.com\">sac@teladoc.com<\/a><\/p>\n<p><strong>Hor\u00e1rio de atendimento: <\/strong>Segunda \u00e0 sexta-feira, das 8h \u00e0s 17h<\/p>\n<p>&nbsp;<\/p>\n<h1><strong>Comece<\/strong> <strong>j\u00e1<\/strong> <strong>o<\/strong> <strong>seu<\/strong> <strong>acompanhamento<\/strong> <strong>de sa\u00fade com o Dr. Aon 24h!<\/strong><\/h1>\n","protected":false},"excerpt":{"rendered":"<p>O que \u00e9 o Dr. Aon 24h? O Dr. Aon 24h \u00e9 um servi\u00e7o de teleatendimento em sa\u00fade, que agrega tamb\u00e9m o servi\u00e7o de telemedicina, e funciona 24 horas por&#8230;<\/p>\n","protected":false},"author":2,"featured_media":13082,"comment_status":"open","ping_status":"open","sticky":false,"template":"","format":"standard","meta":{"footnotes":""},"categories":[11],"tags":[],"class_list":{"0":"post-13081","1":"post","2":"type-post","3":"status-publish","4":"format-standard","5":"has-post-thumbnail","7":"category-acontece-na-colorado"},"_links":{"self":[{"href":"https:\/\/www.colorado.com.br\/nosdacolorado\/wp-json\/wp\/v2\/posts\/13081","targetHints":{"allow":["GET"]}}],"collection":[{"href":"https:\/\/www.colorado.com.br\/nosdacolorado\/wp-json\/wp\/v2\/posts"}],"about":[{"href":"https:\/\/www.colorado.com.br\/nosdacolorado\/wp-json\/wp\/v2\/types\/post"}],"author":[{"embeddable":true,"href":"https:\/\/www.colorado.com.br\/nosdacolorado\/wp-json\/wp\/v2\/users\/2"}],"replies":[{"embeddable":true,"href":"https:\/\/www.colorado.com.br\/nosdacolorado\/wp-json\/wp\/v2\/comments?post=13081"}],"version-history":[{"count":1,"href":"https:\/\/www.colorado.com.br\/nosdacolorado\/wp-json\/wp\/v2\/posts\/13081\/revisions"}],"predecessor-version":[{"id":13083,"href":"https:\/\/www.colorado.com.br\/nosdacolorado\/wp-json\/wp\/v2\/posts\/13081\/revisions\/13083"}],"wp:featuredmedia":[{"embeddable":true,"href":"https:\/\/www.colorado.com.br\/nosdacolorado\/wp-json\/wp\/v2\/media\/13082"}],"wp:attachment":[{"href":"https:\/\/www.colorado.com.br\/nosdacolorado\/wp-json\/wp\/v2\/media?parent=13081"}],"wp:term":[{"taxonomy":"category","embeddable":true,"href":"https:\/\/www.colorado.com.br\/nosdacolorado\/wp-json\/wp\/v2\/categories?post=13081"},{"taxonomy":"post_tag","embeddable":true,"href":"https:\/\/www.colorado.com.br\/nosdacolorado\/wp-json\/wp\/v2\/tags?post=13081"}],"curies":[{"name":"wp","href":"https:\/\/api.w.org\/{rel}","templated":true}]}}