{"id":131,"date":"2019-05-28T16:34:44","date_gmt":"2019-05-28T19:34:44","guid":{"rendered":"http:\/\/colorado.fabricadapalavra.com.br\/?p=131"},"modified":"2019-05-28T16:34:44","modified_gmt":"2019-05-28T19:34:44","slug":"alunos-da-casa-da-crianca-armanda-malvina-de-mendonca-recebem-ovos-de-pascoa-distribuidos-pela-usina-colorado","status":"publish","type":"post","link":"https:\/\/www.colorado.com.br\/nosdacolorado\/alunos-da-casa-da-crianca-armanda-malvina-de-mendonca-recebem-ovos-de-pascoa-distribuidos-pela-usina-colorado\/","title":{"rendered":"Alunos da Casa da Crian\u00e7a Armanda Malvina de Mendon\u00e7a recebem ovos de P\u00e1scoa distribu\u00eddos pela Usina Colorado"},"content":{"rendered":"<p>Para a Casa da Crian\u00e7a Armanda Malvina de Mendon\u00e7a tudo \u00e9 uma oportunidade de educar, a partir da pol\u00edtica pedag\u00f3gica constru\u00edda pela institui\u00e7\u00e3o, que tem como foco o desenvolvimento integral e a autonomia dos alunos assistidos.<\/p>\n<p>Nesse ano, os ovos de p\u00e1scoa doados pela Usina Colorado para todos os alunos da Casa da Crian\u00e7a Armanda Malvina de Mendon\u00e7a foram estrategicamente \u201cescondidos\u201d nas \u00e1reas verdes e no gramado da institui\u00e7\u00e3o, possibilitando a realiza\u00e7\u00e3o de uma din\u00e2mica junto aos alunos.<\/p>\n<p><em>\u201cAl\u00e9m da alegria por receberem os ovos, as crian\u00e7as tiveram a oportunidade de vivenciar uma experi\u00eancia muita significativa que envolveu sentimento de surpresa, curiosidade, encantamento, solidariedade, encontro, amizade e muita felicidade!\u201d<\/em>,\u00a0<strong>destacou a diretora da Casa da Crian\u00e7a, Jana\u00edna Cristina Amadeu.<\/strong><\/p>\n<p>Todos participaram com total envolvimento da comemora\u00e7\u00e3o de P\u00e1scoa que aconteceu no dia 17 de abril. A Casa da Crian\u00e7a Armanda Malvina de Mendon\u00e7a \u00e9 uma institui\u00e7\u00e3o modelo para a educa\u00e7\u00e3o de Primeira Inf\u00e2ncia, tendo seu trabalho reconhecido, como um dos mais importantes projetos de Educa\u00e7\u00e3o tendo conquistado o Pr\u00eamio da Funda\u00e7\u00e3o Abrinq 2016.<\/p>\n<p>A institui\u00e7\u00e3o \u00e9 presidida pela diretora de Responsabilidade Social do Grupo Colorado, Josimara Ribeiro de Mendon\u00e7a. Com a doa\u00e7\u00e3o dos ovos o Grupo Colorado renova, por mais um ano, essa tradi\u00e7\u00e3o que \u00e9 mantida h\u00e1 d\u00e9cadas.<\/p>\n<p>&nbsp;<\/p>\n\n\t\t<style type=\"text\/css\">\n\t\t\t#gallery-1 {\n\t\t\t\tmargin: auto;\n\t\t\t}\n\t\t\t#gallery-1 .gallery-item {\n\t\t\t\tfloat: left;\n\t\t\t\tmargin-top: 10px;\n\t\t\t\ttext-align: center;\n\t\t\t\twidth: 33%;\n\t\t\t}\n\t\t\t#gallery-1 img {\n\t\t\t\tborder: 2px solid #cfcfcf;\n\t\t\t}\n\t\t\t#gallery-1 .gallery-caption {\n\t\t\t\tmargin-left: 0;\n\t\t\t}\n\t\t\t\/* see gallery_shortcode() in wp-includes\/media.php *\/\n\t\t<\/style>\n\t\t<div data-carousel-extra='{\"blog_id\":1,\"permalink\":\"https:\\\/\\\/www.colorado.com.br\\\/nosdacolorado\\\/alunos-da-casa-da-crianca-armanda-malvina-de-mendonca-recebem-ovos-de-pascoa-distribuidos-pela-usina-colorado\\\/\"}' id='gallery-1' class='gallery galleryid-131 gallery-columns-3 gallery-size-large'><dl class='gallery-item'>\n\t\t\t<dt class='gallery-icon landscape'>\n\t\t\t\t<a href='https:\/\/www.colorado.com.br\/nosdacolorado\/wp-content\/uploads\/2019\/05\/usina-colorado-ovos-pascoa-casa-crianca-02.jpg'><img loading=\"lazy\" decoding=\"async\" data-attachment-id=\"132\" data-orig-file=\"https:\/\/www.colorado.com.br\/nosdacolorado\/wp-content\/uploads\/2019\/05\/usina-colorado-ovos-pascoa-casa-crianca-02.jpg\" data-orig-size=\"800,600\" data-comments-opened=\"1\" data-image-meta=\"{&quot;aperture&quot;:&quot;0&quot;,&quot;credit&quot;:&quot;&quot;,&quot;camera&quot;:&quot;&quot;,&quot;caption&quot;:&quot;&quot;,&quot;created_timestamp&quot;:&quot;0&quot;,&quot;copyright&quot;:&quot;&quot;,&quot;focal_length&quot;:&quot;0&quot;,&quot;iso&quot;:&quot;0&quot;,&quot;shutter_speed&quot;:&quot;0&quot;,&quot;title&quot;:&quot;&quot;,&quot;orientation&quot;:&quot;0&quot;,&quot;keywords&quot;:&quot;Array&quot;}\" data-image-title=\"usina-colorado-ovos-pascoa-casa-crianca-02\" data-image-description=\"\" data-medium-file=\"https:\/\/www.colorado.com.br\/nosdacolorado\/wp-content\/uploads\/2019\/05\/usina-colorado-ovos-pascoa-casa-crianca-02-300x225.jpg\" data-large-file=\"https:\/\/www.colorado.com.br\/nosdacolorado\/wp-content\/uploads\/2019\/05\/usina-colorado-ovos-pascoa-casa-crianca-02.jpg\" width=\"800\" height=\"600\" src=\"https:\/\/www.colorado.com.br\/nosdacolorado\/wp-content\/uploads\/2019\/05\/usina-colorado-ovos-pascoa-casa-crianca-02.jpg\" class=\"attachment-large size-large\" alt=\"\" srcset=\"https:\/\/www.colorado.com.br\/nosdacolorado\/wp-content\/uploads\/2019\/05\/usina-colorado-ovos-pascoa-casa-crianca-02.jpg 800w, https:\/\/www.colorado.com.br\/nosdacolorado\/wp-content\/uploads\/2019\/05\/usina-colorado-ovos-pascoa-casa-crianca-02-300x225.jpg 300w, https:\/\/www.colorado.com.br\/nosdacolorado\/wp-content\/uploads\/2019\/05\/usina-colorado-ovos-pascoa-casa-crianca-02-768x576.jpg 768w\" sizes=\"auto, (max-width: 800px) 100vw, 800px\" \/><\/a>\n\t\t\t<\/dt><\/dl><dl class='gallery-item'>\n\t\t\t<dt class='gallery-icon landscape'>\n\t\t\t\t<a href='https:\/\/www.colorado.com.br\/nosdacolorado\/wp-content\/uploads\/2019\/05\/usina-colorado-ovos-pascoa-casa-crianca-03.jpg'><img loading=\"lazy\" decoding=\"async\" data-attachment-id=\"133\" data-orig-file=\"https:\/\/www.colorado.com.br\/nosdacolorado\/wp-content\/uploads\/2019\/05\/usina-colorado-ovos-pascoa-casa-crianca-03.jpg\" data-orig-size=\"800,600\" data-comments-opened=\"1\" data-image-meta=\"{&quot;aperture&quot;:&quot;0&quot;,&quot;credit&quot;:&quot;&quot;,&quot;camera&quot;:&quot;&quot;,&quot;caption&quot;:&quot;&quot;,&quot;created_timestamp&quot;:&quot;0&quot;,&quot;copyright&quot;:&quot;&quot;,&quot;focal_length&quot;:&quot;0&quot;,&quot;iso&quot;:&quot;0&quot;,&quot;shutter_speed&quot;:&quot;0&quot;,&quot;title&quot;:&quot;&quot;,&quot;orientation&quot;:&quot;0&quot;,&quot;keywords&quot;:&quot;Array&quot;}\" data-image-title=\"usina-colorado-ovos-pascoa-casa-crianca-03\" data-image-description=\"\" data-medium-file=\"https:\/\/www.colorado.com.br\/nosdacolorado\/wp-content\/uploads\/2019\/05\/usina-colorado-ovos-pascoa-casa-crianca-03-300x225.jpg\" data-large-file=\"https:\/\/www.colorado.com.br\/nosdacolorado\/wp-content\/uploads\/2019\/05\/usina-colorado-ovos-pascoa-casa-crianca-03.jpg\" width=\"800\" height=\"600\" src=\"https:\/\/www.colorado.com.br\/nosdacolorado\/wp-content\/uploads\/2019\/05\/usina-colorado-ovos-pascoa-casa-crianca-03.jpg\" class=\"attachment-large size-large\" alt=\"\" srcset=\"https:\/\/www.colorado.com.br\/nosdacolorado\/wp-content\/uploads\/2019\/05\/usina-colorado-ovos-pascoa-casa-crianca-03.jpg 800w, https:\/\/www.colorado.com.br\/nosdacolorado\/wp-content\/uploads\/2019\/05\/usina-colorado-ovos-pascoa-casa-crianca-03-300x225.jpg 300w, https:\/\/www.colorado.com.br\/nosdacolorado\/wp-content\/uploads\/2019\/05\/usina-colorado-ovos-pascoa-casa-crianca-03-768x576.jpg 768w\" sizes=\"auto, (max-width: 800px) 100vw, 800px\" \/><\/a>\n\t\t\t<\/dt><\/dl><dl class='gallery-item'>\n\t\t\t<dt class='gallery-icon landscape'>\n\t\t\t\t<a href='https:\/\/www.colorado.com.br\/nosdacolorado\/wp-content\/uploads\/2019\/05\/usina-colorado-ovos-pascoa-casa-crianca-04.jpg'><img loading=\"lazy\" decoding=\"async\" data-attachment-id=\"134\" data-orig-file=\"https:\/\/www.colorado.com.br\/nosdacolorado\/wp-content\/uploads\/2019\/05\/usina-colorado-ovos-pascoa-casa-crianca-04.jpg\" data-orig-size=\"800,600\" data-comments-opened=\"1\" data-image-meta=\"{&quot;aperture&quot;:&quot;0&quot;,&quot;credit&quot;:&quot;&quot;,&quot;camera&quot;:&quot;&quot;,&quot;caption&quot;:&quot;&quot;,&quot;created_timestamp&quot;:&quot;0&quot;,&quot;copyright&quot;:&quot;&quot;,&quot;focal_length&quot;:&quot;0&quot;,&quot;iso&quot;:&quot;0&quot;,&quot;shutter_speed&quot;:&quot;0&quot;,&quot;title&quot;:&quot;&quot;,&quot;orientation&quot;:&quot;0&quot;,&quot;keywords&quot;:&quot;Array&quot;}\" data-image-title=\"usina-colorado-ovos-pascoa-casa-crianca-04\" data-image-description=\"\" data-medium-file=\"https:\/\/www.colorado.com.br\/nosdacolorado\/wp-content\/uploads\/2019\/05\/usina-colorado-ovos-pascoa-casa-crianca-04-300x225.jpg\" data-large-file=\"https:\/\/www.colorado.com.br\/nosdacolorado\/wp-content\/uploads\/2019\/05\/usina-colorado-ovos-pascoa-casa-crianca-04.jpg\" width=\"800\" height=\"600\" src=\"https:\/\/www.colorado.com.br\/nosdacolorado\/wp-content\/uploads\/2019\/05\/usina-colorado-ovos-pascoa-casa-crianca-04.jpg\" class=\"attachment-large size-large\" alt=\"\" srcset=\"https:\/\/www.colorado.com.br\/nosdacolorado\/wp-content\/uploads\/2019\/05\/usina-colorado-ovos-pascoa-casa-crianca-04.jpg 800w, https:\/\/www.colorado.com.br\/nosdacolorado\/wp-content\/uploads\/2019\/05\/usina-colorado-ovos-pascoa-casa-crianca-04-300x225.jpg 300w, https:\/\/www.colorado.com.br\/nosdacolorado\/wp-content\/uploads\/2019\/05\/usina-colorado-ovos-pascoa-casa-crianca-04-768x576.jpg 768w\" sizes=\"auto, (max-width: 800px) 100vw, 800px\" \/><\/a>\n\t\t\t<\/dt><\/dl><br style=\"clear: both\" \/>\n\t\t<\/div>\n\n","protected":false},"excerpt":{"rendered":"<p>Para a Casa da Crian\u00e7a Armanda Malvina de Mendon\u00e7a tudo \u00e9 uma oportunidade de educar, a partir da pol\u00edtica pedag\u00f3gica constru\u00edda pela institui\u00e7\u00e3o, que tem como foco o desenvolvimento integral&#8230;<\/p>\n","protected":false},"author":1,"featured_media":135,"comment_status":"open","ping_status":"open","sticky":false,"template":"","format":"standard","meta":{"footnotes":""},"categories":[12],"tags":[],"class_list":{"0":"post-131","1":"post","2":"type-post","3":"status-publish","4":"format-standard","5":"has-post-thumbnail","7":"category-fazer-o-bem"},"_links":{"self":[{"href":"https:\/\/www.colorado.com.br\/nosdacolorado\/wp-json\/wp\/v2\/posts\/131","targetHints":{"allow":["GET"]}}],"collection":[{"href":"https:\/\/www.colorado.com.br\/nosdacolorado\/wp-json\/wp\/v2\/posts"}],"about":[{"href":"https:\/\/www.colorado.com.br\/nosdacolorado\/wp-json\/wp\/v2\/types\/post"}],"author":[{"embeddable":true,"href":"https:\/\/www.colorado.com.br\/nosdacolorado\/wp-json\/wp\/v2\/users\/1"}],"replies":[{"embeddable":true,"href":"https:\/\/www.colorado.com.br\/nosdacolorado\/wp-json\/wp\/v2\/comments?post=131"}],"version-history":[{"count":1,"href":"https:\/\/www.colorado.com.br\/nosdacolorado\/wp-json\/wp\/v2\/posts\/131\/revisions"}],"predecessor-version":[{"id":136,"href":"https:\/\/www.colorado.com.br\/nosdacolorado\/wp-json\/wp\/v2\/posts\/131\/revisions\/136"}],"wp:featuredmedia":[{"embeddable":true,"href":"https:\/\/www.colorado.com.br\/nosdacolorado\/wp-json\/wp\/v2\/media\/135"}],"wp:attachment":[{"href":"https:\/\/www.colorado.com.br\/nosdacolorado\/wp-json\/wp\/v2\/media?parent=131"}],"wp:term":[{"taxonomy":"category","embeddable":true,"href":"https:\/\/www.colorado.com.br\/nosdacolorado\/wp-json\/wp\/v2\/categories?post=131"},{"taxonomy":"post_tag","embeddable":true,"href":"https:\/\/www.colorado.com.br\/nosdacolorado\/wp-json\/wp\/v2\/tags?post=131"}],"curies":[{"name":"wp","href":"https:\/\/api.w.org\/{rel}","templated":true}]}}