{"id":13344,"date":"2021-07-30T11:34:25","date_gmt":"2021-07-30T14:34:25","guid":{"rendered":"https:\/\/www.colorado.com.br\/nosdacolorado\/?p=13344"},"modified":"2021-07-30T11:34:25","modified_gmt":"2021-07-30T14:34:25","slug":"grupo-colorado-adere-ao-dia-nacional-do-campo-limpo","status":"publish","type":"post","link":"https:\/\/www.colorado.com.br\/nosdacolorado\/grupo-colorado-adere-ao-dia-nacional-do-campo-limpo\/","title":{"rendered":"Grupo Colorado adere ao Dia Nacional do Campo Limpo"},"content":{"rendered":"<p><b><i>Data \u00e9 uma forma de reconhecer a import\u00e2ncia da participa\u00e7\u00e3o de usinas,<\/i><\/b>\u00a0<b><i>agricultores, comerciantes, fabricantes e poder p\u00fablico na destina\u00e7\u00e3o\u00a0final adequada\u00a0das embalagens vazias de defensivos agr\u00edcolas<\/i><\/b><\/p>\n<p><a href=\"https:\/\/www.colorado.com.br\/nosdacolorado\/wp-content\/uploads\/2021\/07\/campolimpo.png\" rel=\"prettyPhoto[gallery-bDov]\"><img loading=\"lazy\" decoding=\"async\" class=\"aligncenter size-full wp-image-13345\" src=\"https:\/\/www.colorado.com.br\/nosdacolorado\/wp-content\/uploads\/2021\/07\/campolimpo.png\" alt=\"\" width=\"904\" height=\"1280\" srcset=\"https:\/\/www.colorado.com.br\/nosdacolorado\/wp-content\/uploads\/2021\/07\/campolimpo.png 904w, https:\/\/www.colorado.com.br\/nosdacolorado\/wp-content\/uploads\/2021\/07\/campolimpo-212x300.png 212w, https:\/\/www.colorado.com.br\/nosdacolorado\/wp-content\/uploads\/2021\/07\/campolimpo-768x1087.png 768w, https:\/\/www.colorado.com.br\/nosdacolorado\/wp-content\/uploads\/2021\/07\/campolimpo-723x1024.png 723w\" sizes=\"auto, (max-width: 904px) 100vw, 904px\" \/><\/a>O dia 18 de agosto \u00e9 uma data de grande import\u00e2ncia para a sustentabilidade ambiental. Neste dia, o Grupo Colorado se une a agricultores, comerciantes, fabricantes e poder p\u00fablico para celebrar o Dia Nacional do Campo Limpo, institu\u00eddo pelo Instituto Nacional de Processamento de Embalagens Vazias \u2013inpEV.<\/p>\n<p>O Dia Nacional do Campo Limpo \u00e9 uma oportunidade para demonstrar o esfor\u00e7o de todos para garantir a correta destina\u00e7\u00e3o final das embalagens de defensivos qu\u00edmicos e comemorar os resultados alcan\u00e7ados gra\u00e7as \u00e0 atua\u00e7\u00e3o conjunta desses segmentos.<\/p>\n<p>A edi\u00e7\u00e3o de 2021 do Dia Nacional do Campo Limpo ser\u00e1 celebrada em\u00a0forma de\u00a0solidariedade: distribuindo cestas b\u00e1sicas para ajudar quem mais precisa. A Usina Colorado far\u00e1 a doa\u00e7\u00e3o de produtos aliment\u00edcios para composi\u00e7\u00e3o de cestas b\u00e1sicas que ser\u00e3o distribu\u00eddas \u00e0 comunidade pelos organizadores\u00a0do Dia\u00a0Nacional do Campo Limpo.<\/p>\n<p>Todo produtor rural que faz uso de defensivos agr\u00edcolas tem a obriga\u00e7\u00e3o\u00a0legal de\u00a0devolver as embalagens vazias desses produtos nas unidades do Sistema Campo Limpo, como \u00e9 chamado o programa de log\u00edstica reversa que funciona em todas as regi\u00f5es do pa\u00eds.\u00a0Na regi\u00e3o, a inpEV\u00a0est\u00e1 localizada na cidade de Ituverava junto \u00e0 Faculdade Dr. Francisco Maeda \u2013 Fafram<\/p>\n<p>A correta destina\u00e7\u00e3o de embalagens vazias de defensivos qu\u00edmicos est\u00e1 prevista na Lei 9.974\/2000, que regulamenta a devolu\u00e7\u00e3o das embalagens vazias no prazo de um ano ap\u00f3s aquisi\u00e7\u00e3o dos defensivos.<\/p>\n<p>\u201cA Usina Colorado atende integralmente a legisla\u00e7\u00e3o, desde a realiza\u00e7\u00e3o da tr\u00edplice lavagem, t\u00e9cnica empregada para higienizar a embalagem com\u00a0o objetivo de\u00a0remover res\u00edduos e evitar que restos do produto ressecados\u00a0se acumulem\u00a0nas embalagens, o que implicaria em uma maior dificuldade em sua total limpeza, \u00e0 armazenagem na empresa em local adequado at\u00e9 a coleta pela empresa credenciada que realiza a destina\u00e7\u00e3o final ambientalmente correta das embalagens.\u201d, informa o L\u00edder de Almoxarifado Agr\u00edcola da Usina Colorado, Rodrigo Medeiros Perissin<\/p>\n<p>\u201cA comemora\u00e7\u00e3o da data \u00e9 uma forma de sensibilizar a comunidade, esclarecendo\u00a0sobre as a\u00e7\u00f5es adotadas pelas empresas do agro que s\u00e3o determinantes para a sustentabilidade do meio ambiente.\u201d, destaca o Supervisor de Suprimentos da Usina Colorado, Ricardo Machado Varalonga.<\/p>\n","protected":false},"excerpt":{"rendered":"<p>Data \u00e9 uma forma de reconhecer a import\u00e2ncia da participa\u00e7\u00e3o de usinas,\u00a0agricultores, comerciantes, fabricantes e poder p\u00fablico na destina\u00e7\u00e3o\u00a0final adequada\u00a0das embalagens vazias de defensivos agr\u00edcolas O dia 18 de agosto&#8230;<\/p>\n","protected":false},"author":2,"featured_media":13346,"comment_status":"open","ping_status":"open","sticky":false,"template":"","format":"standard","meta":{"footnotes":""},"categories":[11],"tags":[],"class_list":{"0":"post-13344","1":"post","2":"type-post","3":"status-publish","4":"format-standard","5":"has-post-thumbnail","7":"category-acontece-na-colorado"},"_links":{"self":[{"href":"https:\/\/www.colorado.com.br\/nosdacolorado\/wp-json\/wp\/v2\/posts\/13344","targetHints":{"allow":["GET"]}}],"collection":[{"href":"https:\/\/www.colorado.com.br\/nosdacolorado\/wp-json\/wp\/v2\/posts"}],"about":[{"href":"https:\/\/www.colorado.com.br\/nosdacolorado\/wp-json\/wp\/v2\/types\/post"}],"author":[{"embeddable":true,"href":"https:\/\/www.colorado.com.br\/nosdacolorado\/wp-json\/wp\/v2\/users\/2"}],"replies":[{"embeddable":true,"href":"https:\/\/www.colorado.com.br\/nosdacolorado\/wp-json\/wp\/v2\/comments?post=13344"}],"version-history":[{"count":1,"href":"https:\/\/www.colorado.com.br\/nosdacolorado\/wp-json\/wp\/v2\/posts\/13344\/revisions"}],"predecessor-version":[{"id":13347,"href":"https:\/\/www.colorado.com.br\/nosdacolorado\/wp-json\/wp\/v2\/posts\/13344\/revisions\/13347"}],"wp:featuredmedia":[{"embeddable":true,"href":"https:\/\/www.colorado.com.br\/nosdacolorado\/wp-json\/wp\/v2\/media\/13346"}],"wp:attachment":[{"href":"https:\/\/www.colorado.com.br\/nosdacolorado\/wp-json\/wp\/v2\/media?parent=13344"}],"wp:term":[{"taxonomy":"category","embeddable":true,"href":"https:\/\/www.colorado.com.br\/nosdacolorado\/wp-json\/wp\/v2\/categories?post=13344"},{"taxonomy":"post_tag","embeddable":true,"href":"https:\/\/www.colorado.com.br\/nosdacolorado\/wp-json\/wp\/v2\/tags?post=13344"}],"curies":[{"name":"wp","href":"https:\/\/api.w.org\/{rel}","templated":true}]}}