{"id":13924,"date":"2021-09-02T09:28:39","date_gmt":"2021-09-02T12:28:39","guid":{"rendered":"https:\/\/www.colorado.com.br\/nosdacolorado\/?p=13924"},"modified":"2021-09-02T09:28:39","modified_gmt":"2021-09-02T12:28:39","slug":"concurso-cultural-credcol-2021","status":"publish","type":"post","link":"https:\/\/www.colorado.com.br\/nosdacolorado\/concurso-cultural-credcol-2021\/","title":{"rendered":"Concurso Cultural Credcol 2021"},"content":{"rendered":"<p><strong><a href=\"https:\/\/www.colorado.com.br\/nosdacolorado\/wp-content\/uploads\/2021\/09\/cred-3.png\" rel=\"prettyPhoto[gallery-7W48]\"><img loading=\"lazy\" decoding=\"async\" class=\"aligncenter size-full wp-image-13930\" src=\"https:\/\/www.colorado.com.br\/nosdacolorado\/wp-content\/uploads\/2021\/09\/cred-3.png\" alt=\"\" width=\"1063\" height=\"643\" srcset=\"https:\/\/www.colorado.com.br\/nosdacolorado\/wp-content\/uploads\/2021\/09\/cred-3.png 1063w, https:\/\/www.colorado.com.br\/nosdacolorado\/wp-content\/uploads\/2021\/09\/cred-3-300x181.png 300w, https:\/\/www.colorado.com.br\/nosdacolorado\/wp-content\/uploads\/2021\/09\/cred-3-768x465.png 768w, https:\/\/www.colorado.com.br\/nosdacolorado\/wp-content\/uploads\/2021\/09\/cred-3-1024x619.png 1024w\" sizes=\"auto, (max-width: 1063px) 100vw, 1063px\" \/><\/a>REGULAMENTO<\/strong><\/p>\n<p><strong><u>I \u2013 Do objetivo<\/u><\/strong><\/p>\n<p>O concurso cultural &#8220;Dia da Crian\u00e7a Credcol&#8221; \u00e9 realizado pela\u00a0<strong>Cooperativa de Economia e Cr\u00e9dito M\u00fatuo dos Empregados do Grupo Colorado<\/strong>, com sede \u00e0 Fazenda S\u00e3o Jos\u00e9 da Gl\u00f3ria, s\/n\u00ba, inscrita no CNPJ\/MF sob o n.\u00ba 02.024.442\/0001-01, no per\u00edodo de 08\/09\/2021 a 04\/10\/2021, nos termos deste regulamento. Esse concurso tem car\u00e1ter exclusivamente cultural, n\u00e3o havendo qualquer modalidade de sorteio ou pagamento, nem est\u00e1 vinculado \u00e0 aquisi\u00e7\u00e3o ou ao uso de qualquer bem, direito ou servi\u00e7o.<\/p>\n<p><strong><u>II \u2013 Das condi\u00e7\u00f5es<\/u><\/strong><\/p>\n<p>\u00c9 destinado a crian\u00e7as com idade entre 07 \u00a0a 12 anos e 11 meses, filhos de associados da Credcol, que estejam autorizadas por seus pais ou respons\u00e1veis.<\/p>\n<p>\u00c9 vedada a participa\u00e7\u00e3o de membros da comiss\u00e3o julgadora e organiza\u00e7\u00e3o bem como seus dependentes.<\/p>\n<p style=\"font-weight: 400;\">Para participar, as crian\u00e7as e seus pais e\/ou respons\u00e1veis dever\u00e3o observar as disposi\u00e7\u00f5es descritas neste\u00a0regulamento.<\/p>\n<p>\u00c9 vedada a ajuda ou a participa\u00e7\u00e3o de pais, respons\u00e1veis ou demais pessoas na cria\u00e7\u00e3o dos textos feitos pelas crian\u00e7as.<\/p>\n<p>Cada crian\u00e7a somente poder\u00e1 enviar um \u00fanico trabalho.<\/p>\n<p>Todos os trabalhos devem ser entregues em formul\u00e1rio oficial da Credcol.<\/p>\n<p>A reda\u00e7\u00e3o deve ter no m\u00ednimo 20 linhas e no m\u00e1ximo 41 linhas e escrito \u00e0 caneta.<\/p>\n<p>Trabalhos copiados de livros, revistas, jornais ou sites ser\u00e3o desclassificados.<\/p>\n<p><strong><u>III \u2013 Da inscri\u00e7\u00e3o<\/u><\/strong><\/p>\n<p>As inscri\u00e7\u00f5es estar\u00e3o abertas no per\u00edodo de 08\/09\/2021 \u00e0 04\/10\/2021.<\/p>\n<p>O trabalho dever\u00e1 ser assinado pelo s\u00f3cio e entregue na Credcol.<\/p>\n<p>Ser\u00e3o automaticamente desconsiderados os textos que chegarem por outros meios e\/ou em data posterior a 04 de outubro de 2021.<\/p>\n<p><strong><u>IV \u2013 Do Tema<\/u><\/strong><\/p>\n<p><strong>REDA\u00c7\u00c3O: MINHA FAM\u00cdLIA \u2013 MEU TESOURO MAIS PRECIOSO<\/strong><\/p>\n<p>Conte-nos: Se sua fam\u00edlia faz diferen\u00e7a em sua vida. Se realmente sente-se com ela realmente em casa. Brincam muito? O que tem de melhor? Precisam melhorar em alguma coisa? Enfim fique a vontade para expressar seus sentimentos!\u00a0 Boa sorte!<\/p>\n<p><strong><u>V \u2013 Do julgamento<\/u><\/strong><\/p>\n<p>O julgamento ser\u00e1 feito por uma comiss\u00e3o composta por julgadores, indicados pela comiss\u00e3o organizadora do concurso. A comiss\u00e3o atribuir\u00e1 notas de 5 a 10 (sem fra\u00e7\u00e3o) aos seguintes quesitos:<\/p>\n<ol>\n<li>Adequa\u00e7\u00e3o ao Tema<\/li>\n<li>Coer\u00eancia nos argumentos<\/li>\n<li>Originalidade<\/li>\n<li>Harmonia do todo<\/li>\n<\/ol>\n<p>As decis\u00f5es da comiss\u00e3o julgadora ser\u00e3o irrecorr\u00edveis.<\/p>\n<p>A comiss\u00e3o julgadora escolher\u00e1 a melhor reda\u00e7\u00e3o por ordem de classifica\u00e7\u00e3o.<\/p>\n<p>Em caso de empate ser\u00e1 utilizada a maior nota dos quesitos avaliados, seguindo a ordem proposta.<\/p>\n<p>As reda\u00e7\u00f5es ser\u00e3o divididas em 02 grupos:<\/p>\n<ul>\n<li>Grupo 1 \u2013 faixa et\u00e1ria 07 \u00e0 09 anos e 11 meses<\/li>\n<li>Grupo 2 \u2013 faixa et\u00e1ria 10 \u00e0 12 anos e 11 meses<\/li>\n<\/ul>\n<p><strong>VI \u2013 Da premia\u00e7\u00e3o<\/strong><strong>\u00a0<\/strong><\/p>\n<p>O concurso premiar\u00e1 1\u00ba, 2\u00ba e 3\u00ba colocados de cada categoria e todos ganhar\u00e3o um brinde de participa\u00e7\u00e3o!<\/p>\n<p>1\u00ba LUGAR &#8211; APARELHO CELULAR<\/p>\n<p>2\u00ba LUGAR &#8211; JOGO GENIUS ELETR\u00d4NICO<\/p>\n<p>3\u00ba LUGAR &#8211; JOGO BANCO IMOBILI\u00c1RIO<\/p>\n<p>A divulga\u00e7\u00e3o dos ganhadores ser\u00e1 feita no blog N\u00d3S DA COLORADO at\u00e9 dia 29\/10\/2021.<strong>\u00a0<\/strong><\/p>\n<p><strong><u>VII \u2013 Condi\u00e7\u00f5es Finais<\/u><\/strong><\/p>\n<p>Os pais e\/ou respons\u00e1veis pelas crian\u00e7as participantes declaram que os materiais enviados s\u00e3o de autoria das crian\u00e7as participantes e responsabilizam-se, isolada e exclusivamente, pelo conte\u00fado dos textos enviados \u00e0\u00a0<strong>Credcol<\/strong>. Ao enviar os materiais, concordam autom\u00e1tica e tacitamente com todas as disposi\u00e7\u00f5es e itens deste regulamento.<\/p>\n<p>&nbsp;<\/p>\n<p><strong>IMPORTANTE: \u00a0A FICHA DE INSCRI\u00c7\u00c3O e o FORMUL\u00c1RIO para ser feita a Reda\u00e7\u00e3o, podem ser solicitados pessoalmente na cooperativa, telefone ou por email.\u00a0<\/strong><\/p>\n","protected":false},"excerpt":{"rendered":"<p>REGULAMENTO I \u2013 Do objetivo O concurso cultural &#8220;Dia da Crian\u00e7a Credcol&#8221; \u00e9 realizado pela\u00a0Cooperativa de Economia e Cr\u00e9dito M\u00fatuo dos Empregados do Grupo Colorado, com sede \u00e0 Fazenda S\u00e3o&#8230;<\/p>\n","protected":false},"author":2,"featured_media":13930,"comment_status":"open","ping_status":"open","sticky":false,"template":"","format":"standard","meta":{"footnotes":""},"categories":[10],"tags":[],"class_list":{"0":"post-13924","1":"post","2":"type-post","3":"status-publish","4":"format-standard","5":"has-post-thumbnail","7":"category-credcol"},"_links":{"self":[{"href":"https:\/\/www.colorado.com.br\/nosdacolorado\/wp-json\/wp\/v2\/posts\/13924","targetHints":{"allow":["GET"]}}],"collection":[{"href":"https:\/\/www.colorado.com.br\/nosdacolorado\/wp-json\/wp\/v2\/posts"}],"about":[{"href":"https:\/\/www.colorado.com.br\/nosdacolorado\/wp-json\/wp\/v2\/types\/post"}],"author":[{"embeddable":true,"href":"https:\/\/www.colorado.com.br\/nosdacolorado\/wp-json\/wp\/v2\/users\/2"}],"replies":[{"embeddable":true,"href":"https:\/\/www.colorado.com.br\/nosdacolorado\/wp-json\/wp\/v2\/comments?post=13924"}],"version-history":[{"count":1,"href":"https:\/\/www.colorado.com.br\/nosdacolorado\/wp-json\/wp\/v2\/posts\/13924\/revisions"}],"predecessor-version":[{"id":13931,"href":"https:\/\/www.colorado.com.br\/nosdacolorado\/wp-json\/wp\/v2\/posts\/13924\/revisions\/13931"}],"wp:featuredmedia":[{"embeddable":true,"href":"https:\/\/www.colorado.com.br\/nosdacolorado\/wp-json\/wp\/v2\/media\/13930"}],"wp:attachment":[{"href":"https:\/\/www.colorado.com.br\/nosdacolorado\/wp-json\/wp\/v2\/media?parent=13924"}],"wp:term":[{"taxonomy":"category","embeddable":true,"href":"https:\/\/www.colorado.com.br\/nosdacolorado\/wp-json\/wp\/v2\/categories?post=13924"},{"taxonomy":"post_tag","embeddable":true,"href":"https:\/\/www.colorado.com.br\/nosdacolorado\/wp-json\/wp\/v2\/tags?post=13924"}],"curies":[{"name":"wp","href":"https:\/\/api.w.org\/{rel}","templated":true}]}}