{"id":14117,"date":"2021-09-15T14:21:30","date_gmt":"2021-09-15T17:21:30","guid":{"rendered":"https:\/\/www.colorado.com.br\/nosdacolorado\/?p=14117"},"modified":"2021-09-15T14:21:30","modified_gmt":"2021-09-15T17:21:30","slug":"biblioteca-engenho-do-conhecimento-divulga-lista-de-maiores-leitores-e-dos-livros-mais-retirados-do-mes","status":"publish","type":"post","link":"https:\/\/www.colorado.com.br\/nosdacolorado\/biblioteca-engenho-do-conhecimento-divulga-lista-de-maiores-leitores-e-dos-livros-mais-retirados-do-mes\/","title":{"rendered":"Biblioteca Engenho do Conhecimento divulga lista de maiores leitores e dos livros mais retirados do m\u00eas"},"content":{"rendered":"<p>Nos \u00faltimos tr\u00eas meses, cinco livros foram retirados por empr\u00e9stimo a cada dia na Biblioteca Engenho do Conhecimento, mantida pela Usina Colorado e voltada para colaboradores e suas fam\u00edlias.\u00a0 Entre junho e agosto, a Biblioteca conquistou nove novos leitores associados.<\/p>\n<p>Fundada em 2006, a Biblioteca Engenho do Conhecimento oferece um diversificado acervo com 7.695 volumes de livros que v\u00e3o do romance, aventura, cr\u00f4nicas, livros de autoajuda e todas as \u00e1reas de conhecimento.<\/p>\n<p>A assistente da Biblioteca, Cl\u00e1udia Moura informa que nos \u00faltimos tr\u00eas meses (junho, julho e agosto), os leitores realizaram 451 empr\u00e9stimos. \u201cEstamos divulgando a lista dos livros mais retirados para que nossos associados possam se inspirar na sua pr\u00f3xima visita \u00e0 Biblioteca\u201d, afirma Cl\u00e1udia.<\/p>\n\n\t\t<style type=\"text\/css\">\n\t\t\t#gallery-1 {\n\t\t\t\tmargin: auto;\n\t\t\t}\n\t\t\t#gallery-1 .gallery-item {\n\t\t\t\tfloat: left;\n\t\t\t\tmargin-top: 10px;\n\t\t\t\ttext-align: center;\n\t\t\t\twidth: 33%;\n\t\t\t}\n\t\t\t#gallery-1 img {\n\t\t\t\tborder: 2px solid #cfcfcf;\n\t\t\t}\n\t\t\t#gallery-1 .gallery-caption {\n\t\t\t\tmargin-left: 0;\n\t\t\t}\n\t\t\t\/* see gallery_shortcode() in wp-includes\/media.php *\/\n\t\t<\/style>\n\t\t<div data-carousel-extra='{\"blog_id\":1,\"permalink\":\"https:\\\/\\\/www.colorado.com.br\\\/nosdacolorado\\\/biblioteca-engenho-do-conhecimento-divulga-lista-de-maiores-leitores-e-dos-livros-mais-retirados-do-mes\\\/\"}' id='gallery-1' class='gallery galleryid-14117 gallery-columns-3 gallery-size-full'><dl class='gallery-item'>\n\t\t\t<dt class='gallery-icon landscape'>\n\t\t\t\t<a href='https:\/\/www.colorado.com.br\/nosdacolorado\/wp-content\/uploads\/2021\/09\/WhatsApp-Image-2021-09-14-at-08.22.19.jpeg'><img loading=\"lazy\" decoding=\"async\" data-attachment-id=\"14124\" data-orig-file=\"https:\/\/www.colorado.com.br\/nosdacolorado\/wp-content\/uploads\/2021\/09\/WhatsApp-Image-2021-09-14-at-08.22.19.jpeg\" data-orig-size=\"1600,1200\" data-comments-opened=\"1\" data-image-meta=\"{&quot;aperture&quot;:&quot;0&quot;,&quot;credit&quot;:&quot;&quot;,&quot;camera&quot;:&quot;&quot;,&quot;caption&quot;:&quot;&quot;,&quot;created_timestamp&quot;:&quot;0&quot;,&quot;copyright&quot;:&quot;&quot;,&quot;focal_length&quot;:&quot;0&quot;,&quot;iso&quot;:&quot;0&quot;,&quot;shutter_speed&quot;:&quot;0&quot;,&quot;title&quot;:&quot;&quot;,&quot;orientation&quot;:&quot;0&quot;,&quot;keywords&quot;:&quot;Array&quot;}\" data-image-title=\"WhatsApp Image 2021-09-14 at 08.22.19\" data-image-description=\"\" data-medium-file=\"https:\/\/www.colorado.com.br\/nosdacolorado\/wp-content\/uploads\/2021\/09\/WhatsApp-Image-2021-09-14-at-08.22.19-300x225.jpeg\" data-large-file=\"https:\/\/www.colorado.com.br\/nosdacolorado\/wp-content\/uploads\/2021\/09\/WhatsApp-Image-2021-09-14-at-08.22.19-1024x768.jpeg\" width=\"1600\" height=\"1200\" src=\"https:\/\/www.colorado.com.br\/nosdacolorado\/wp-content\/uploads\/2021\/09\/WhatsApp-Image-2021-09-14-at-08.22.19.jpeg\" class=\"attachment-full size-full\" alt=\"\" srcset=\"https:\/\/www.colorado.com.br\/nosdacolorado\/wp-content\/uploads\/2021\/09\/WhatsApp-Image-2021-09-14-at-08.22.19.jpeg 1600w, https:\/\/www.colorado.com.br\/nosdacolorado\/wp-content\/uploads\/2021\/09\/WhatsApp-Image-2021-09-14-at-08.22.19-300x225.jpeg 300w, https:\/\/www.colorado.com.br\/nosdacolorado\/wp-content\/uploads\/2021\/09\/WhatsApp-Image-2021-09-14-at-08.22.19-768x576.jpeg 768w, https:\/\/www.colorado.com.br\/nosdacolorado\/wp-content\/uploads\/2021\/09\/WhatsApp-Image-2021-09-14-at-08.22.19-1024x768.jpeg 1024w\" sizes=\"auto, (max-width: 1600px) 100vw, 1600px\" \/><\/a>\n\t\t\t<\/dt><\/dl><dl class='gallery-item'>\n\t\t\t<dt class='gallery-icon landscape'>\n\t\t\t\t<a href='https:\/\/www.colorado.com.br\/nosdacolorado\/wp-content\/uploads\/2021\/09\/WhatsApp-Image-2021-09-14-at-08.22.18-2.jpeg'><img loading=\"lazy\" decoding=\"async\" data-attachment-id=\"14125\" data-orig-file=\"https:\/\/www.colorado.com.br\/nosdacolorado\/wp-content\/uploads\/2021\/09\/WhatsApp-Image-2021-09-14-at-08.22.18-2.jpeg\" data-orig-size=\"1600,1200\" data-comments-opened=\"1\" data-image-meta=\"{&quot;aperture&quot;:&quot;0&quot;,&quot;credit&quot;:&quot;&quot;,&quot;camera&quot;:&quot;&quot;,&quot;caption&quot;:&quot;&quot;,&quot;created_timestamp&quot;:&quot;0&quot;,&quot;copyright&quot;:&quot;&quot;,&quot;focal_length&quot;:&quot;0&quot;,&quot;iso&quot;:&quot;0&quot;,&quot;shutter_speed&quot;:&quot;0&quot;,&quot;title&quot;:&quot;&quot;,&quot;orientation&quot;:&quot;0&quot;,&quot;keywords&quot;:&quot;Array&quot;}\" data-image-title=\"WhatsApp Image 2021-09-14 at 08.22.18 (2)\" data-image-description=\"\" data-medium-file=\"https:\/\/www.colorado.com.br\/nosdacolorado\/wp-content\/uploads\/2021\/09\/WhatsApp-Image-2021-09-14-at-08.22.18-2-300x225.jpeg\" data-large-file=\"https:\/\/www.colorado.com.br\/nosdacolorado\/wp-content\/uploads\/2021\/09\/WhatsApp-Image-2021-09-14-at-08.22.18-2-1024x768.jpeg\" width=\"1600\" height=\"1200\" src=\"https:\/\/www.colorado.com.br\/nosdacolorado\/wp-content\/uploads\/2021\/09\/WhatsApp-Image-2021-09-14-at-08.22.18-2.jpeg\" class=\"attachment-full size-full\" alt=\"\" srcset=\"https:\/\/www.colorado.com.br\/nosdacolorado\/wp-content\/uploads\/2021\/09\/WhatsApp-Image-2021-09-14-at-08.22.18-2.jpeg 1600w, https:\/\/www.colorado.com.br\/nosdacolorado\/wp-content\/uploads\/2021\/09\/WhatsApp-Image-2021-09-14-at-08.22.18-2-300x225.jpeg 300w, https:\/\/www.colorado.com.br\/nosdacolorado\/wp-content\/uploads\/2021\/09\/WhatsApp-Image-2021-09-14-at-08.22.18-2-768x576.jpeg 768w, https:\/\/www.colorado.com.br\/nosdacolorado\/wp-content\/uploads\/2021\/09\/WhatsApp-Image-2021-09-14-at-08.22.18-2-1024x768.jpeg 1024w\" sizes=\"auto, (max-width: 1600px) 100vw, 1600px\" \/><\/a>\n\t\t\t<\/dt><\/dl><dl class='gallery-item'>\n\t\t\t<dt class='gallery-icon landscape'>\n\t\t\t\t<a href='https:\/\/www.colorado.com.br\/nosdacolorado\/wp-content\/uploads\/2021\/09\/WhatsApp-Image-2021-09-14-at-08.22.20-2.jpeg'><img loading=\"lazy\" decoding=\"async\" data-attachment-id=\"14119\" data-orig-file=\"https:\/\/www.colorado.com.br\/nosdacolorado\/wp-content\/uploads\/2021\/09\/WhatsApp-Image-2021-09-14-at-08.22.20-2.jpeg\" data-orig-size=\"1600,1200\" data-comments-opened=\"1\" data-image-meta=\"{&quot;aperture&quot;:&quot;0&quot;,&quot;credit&quot;:&quot;&quot;,&quot;camera&quot;:&quot;&quot;,&quot;caption&quot;:&quot;&quot;,&quot;created_timestamp&quot;:&quot;0&quot;,&quot;copyright&quot;:&quot;&quot;,&quot;focal_length&quot;:&quot;0&quot;,&quot;iso&quot;:&quot;0&quot;,&quot;shutter_speed&quot;:&quot;0&quot;,&quot;title&quot;:&quot;&quot;,&quot;orientation&quot;:&quot;0&quot;,&quot;keywords&quot;:&quot;Array&quot;}\" data-image-title=\"WhatsApp Image 2021-09-14 at 08.22.20 (2)\" data-image-description=\"\" data-medium-file=\"https:\/\/www.colorado.com.br\/nosdacolorado\/wp-content\/uploads\/2021\/09\/WhatsApp-Image-2021-09-14-at-08.22.20-2-300x225.jpeg\" data-large-file=\"https:\/\/www.colorado.com.br\/nosdacolorado\/wp-content\/uploads\/2021\/09\/WhatsApp-Image-2021-09-14-at-08.22.20-2-1024x768.jpeg\" width=\"1600\" height=\"1200\" src=\"https:\/\/www.colorado.com.br\/nosdacolorado\/wp-content\/uploads\/2021\/09\/WhatsApp-Image-2021-09-14-at-08.22.20-2.jpeg\" class=\"attachment-full size-full\" alt=\"\" srcset=\"https:\/\/www.colorado.com.br\/nosdacolorado\/wp-content\/uploads\/2021\/09\/WhatsApp-Image-2021-09-14-at-08.22.20-2.jpeg 1600w, https:\/\/www.colorado.com.br\/nosdacolorado\/wp-content\/uploads\/2021\/09\/WhatsApp-Image-2021-09-14-at-08.22.20-2-300x225.jpeg 300w, https:\/\/www.colorado.com.br\/nosdacolorado\/wp-content\/uploads\/2021\/09\/WhatsApp-Image-2021-09-14-at-08.22.20-2-768x576.jpeg 768w, https:\/\/www.colorado.com.br\/nosdacolorado\/wp-content\/uploads\/2021\/09\/WhatsApp-Image-2021-09-14-at-08.22.20-2-1024x768.jpeg 1024w\" sizes=\"auto, (max-width: 1600px) 100vw, 1600px\" \/><\/a>\n\t\t\t<\/dt><\/dl><br style=\"clear: both\" \/><dl class='gallery-item'>\n\t\t\t<dt class='gallery-icon landscape'>\n\t\t\t\t<a href='https:\/\/www.colorado.com.br\/nosdacolorado\/wp-content\/uploads\/2021\/09\/WhatsApp-Image-2021-09-14-at-08.22.21.jpeg'><img loading=\"lazy\" decoding=\"async\" data-attachment-id=\"14118\" data-orig-file=\"https:\/\/www.colorado.com.br\/nosdacolorado\/wp-content\/uploads\/2021\/09\/WhatsApp-Image-2021-09-14-at-08.22.21.jpeg\" data-orig-size=\"1600,1200\" data-comments-opened=\"1\" data-image-meta=\"{&quot;aperture&quot;:&quot;0&quot;,&quot;credit&quot;:&quot;&quot;,&quot;camera&quot;:&quot;&quot;,&quot;caption&quot;:&quot;&quot;,&quot;created_timestamp&quot;:&quot;0&quot;,&quot;copyright&quot;:&quot;&quot;,&quot;focal_length&quot;:&quot;0&quot;,&quot;iso&quot;:&quot;0&quot;,&quot;shutter_speed&quot;:&quot;0&quot;,&quot;title&quot;:&quot;&quot;,&quot;orientation&quot;:&quot;0&quot;,&quot;keywords&quot;:&quot;Array&quot;}\" data-image-title=\"WhatsApp Image 2021-09-14 at 08.22.21\" data-image-description=\"\" data-medium-file=\"https:\/\/www.colorado.com.br\/nosdacolorado\/wp-content\/uploads\/2021\/09\/WhatsApp-Image-2021-09-14-at-08.22.21-300x225.jpeg\" data-large-file=\"https:\/\/www.colorado.com.br\/nosdacolorado\/wp-content\/uploads\/2021\/09\/WhatsApp-Image-2021-09-14-at-08.22.21-1024x768.jpeg\" width=\"1600\" height=\"1200\" src=\"https:\/\/www.colorado.com.br\/nosdacolorado\/wp-content\/uploads\/2021\/09\/WhatsApp-Image-2021-09-14-at-08.22.21.jpeg\" class=\"attachment-full size-full\" alt=\"\" srcset=\"https:\/\/www.colorado.com.br\/nosdacolorado\/wp-content\/uploads\/2021\/09\/WhatsApp-Image-2021-09-14-at-08.22.21.jpeg 1600w, https:\/\/www.colorado.com.br\/nosdacolorado\/wp-content\/uploads\/2021\/09\/WhatsApp-Image-2021-09-14-at-08.22.21-300x225.jpeg 300w, https:\/\/www.colorado.com.br\/nosdacolorado\/wp-content\/uploads\/2021\/09\/WhatsApp-Image-2021-09-14-at-08.22.21-768x576.jpeg 768w, https:\/\/www.colorado.com.br\/nosdacolorado\/wp-content\/uploads\/2021\/09\/WhatsApp-Image-2021-09-14-at-08.22.21-1024x768.jpeg 1024w\" sizes=\"auto, (max-width: 1600px) 100vw, 1600px\" \/><\/a>\n\t\t\t<\/dt><\/dl><dl class='gallery-item'>\n\t\t\t<dt class='gallery-icon landscape'>\n\t\t\t\t<a href='https:\/\/www.colorado.com.br\/nosdacolorado\/wp-content\/uploads\/2021\/09\/WhatsApp-Image-2021-09-14-at-08.22.20-1.jpeg'><img loading=\"lazy\" decoding=\"async\" data-attachment-id=\"14120\" data-orig-file=\"https:\/\/www.colorado.com.br\/nosdacolorado\/wp-content\/uploads\/2021\/09\/WhatsApp-Image-2021-09-14-at-08.22.20-1.jpeg\" data-orig-size=\"1600,1200\" data-comments-opened=\"1\" data-image-meta=\"{&quot;aperture&quot;:&quot;0&quot;,&quot;credit&quot;:&quot;&quot;,&quot;camera&quot;:&quot;&quot;,&quot;caption&quot;:&quot;&quot;,&quot;created_timestamp&quot;:&quot;0&quot;,&quot;copyright&quot;:&quot;&quot;,&quot;focal_length&quot;:&quot;0&quot;,&quot;iso&quot;:&quot;0&quot;,&quot;shutter_speed&quot;:&quot;0&quot;,&quot;title&quot;:&quot;&quot;,&quot;orientation&quot;:&quot;0&quot;,&quot;keywords&quot;:&quot;Array&quot;}\" data-image-title=\"WhatsApp Image 2021-09-14 at 08.22.20 (1)\" data-image-description=\"\" data-medium-file=\"https:\/\/www.colorado.com.br\/nosdacolorado\/wp-content\/uploads\/2021\/09\/WhatsApp-Image-2021-09-14-at-08.22.20-1-300x225.jpeg\" data-large-file=\"https:\/\/www.colorado.com.br\/nosdacolorado\/wp-content\/uploads\/2021\/09\/WhatsApp-Image-2021-09-14-at-08.22.20-1-1024x768.jpeg\" width=\"1600\" height=\"1200\" src=\"https:\/\/www.colorado.com.br\/nosdacolorado\/wp-content\/uploads\/2021\/09\/WhatsApp-Image-2021-09-14-at-08.22.20-1.jpeg\" class=\"attachment-full size-full\" alt=\"\" srcset=\"https:\/\/www.colorado.com.br\/nosdacolorado\/wp-content\/uploads\/2021\/09\/WhatsApp-Image-2021-09-14-at-08.22.20-1.jpeg 1600w, https:\/\/www.colorado.com.br\/nosdacolorado\/wp-content\/uploads\/2021\/09\/WhatsApp-Image-2021-09-14-at-08.22.20-1-300x225.jpeg 300w, https:\/\/www.colorado.com.br\/nosdacolorado\/wp-content\/uploads\/2021\/09\/WhatsApp-Image-2021-09-14-at-08.22.20-1-768x576.jpeg 768w, https:\/\/www.colorado.com.br\/nosdacolorado\/wp-content\/uploads\/2021\/09\/WhatsApp-Image-2021-09-14-at-08.22.20-1-1024x768.jpeg 1024w\" sizes=\"auto, (max-width: 1600px) 100vw, 1600px\" \/><\/a>\n\t\t\t<\/dt><\/dl><dl class='gallery-item'>\n\t\t\t<dt class='gallery-icon landscape'>\n\t\t\t\t<a href='https:\/\/www.colorado.com.br\/nosdacolorado\/wp-content\/uploads\/2021\/09\/WhatsApp-Image-2021-09-14-at-08.22.20.jpeg'><img loading=\"lazy\" decoding=\"async\" data-attachment-id=\"14121\" data-orig-file=\"https:\/\/www.colorado.com.br\/nosdacolorado\/wp-content\/uploads\/2021\/09\/WhatsApp-Image-2021-09-14-at-08.22.20.jpeg\" data-orig-size=\"1600,1200\" data-comments-opened=\"1\" data-image-meta=\"{&quot;aperture&quot;:&quot;0&quot;,&quot;credit&quot;:&quot;&quot;,&quot;camera&quot;:&quot;&quot;,&quot;caption&quot;:&quot;&quot;,&quot;created_timestamp&quot;:&quot;0&quot;,&quot;copyright&quot;:&quot;&quot;,&quot;focal_length&quot;:&quot;0&quot;,&quot;iso&quot;:&quot;0&quot;,&quot;shutter_speed&quot;:&quot;0&quot;,&quot;title&quot;:&quot;&quot;,&quot;orientation&quot;:&quot;0&quot;,&quot;keywords&quot;:&quot;Array&quot;}\" data-image-title=\"WhatsApp Image 2021-09-14 at 08.22.20\" data-image-description=\"\" data-medium-file=\"https:\/\/www.colorado.com.br\/nosdacolorado\/wp-content\/uploads\/2021\/09\/WhatsApp-Image-2021-09-14-at-08.22.20-300x225.jpeg\" data-large-file=\"https:\/\/www.colorado.com.br\/nosdacolorado\/wp-content\/uploads\/2021\/09\/WhatsApp-Image-2021-09-14-at-08.22.20-1024x768.jpeg\" width=\"1600\" height=\"1200\" src=\"https:\/\/www.colorado.com.br\/nosdacolorado\/wp-content\/uploads\/2021\/09\/WhatsApp-Image-2021-09-14-at-08.22.20.jpeg\" class=\"attachment-full size-full\" alt=\"\" srcset=\"https:\/\/www.colorado.com.br\/nosdacolorado\/wp-content\/uploads\/2021\/09\/WhatsApp-Image-2021-09-14-at-08.22.20.jpeg 1600w, https:\/\/www.colorado.com.br\/nosdacolorado\/wp-content\/uploads\/2021\/09\/WhatsApp-Image-2021-09-14-at-08.22.20-300x225.jpeg 300w, https:\/\/www.colorado.com.br\/nosdacolorado\/wp-content\/uploads\/2021\/09\/WhatsApp-Image-2021-09-14-at-08.22.20-768x576.jpeg 768w, https:\/\/www.colorado.com.br\/nosdacolorado\/wp-content\/uploads\/2021\/09\/WhatsApp-Image-2021-09-14-at-08.22.20-1024x768.jpeg 1024w\" sizes=\"auto, (max-width: 1600px) 100vw, 1600px\" \/><\/a>\n\t\t\t<\/dt><\/dl><br style=\"clear: both\" \/><dl class='gallery-item'>\n\t\t\t<dt class='gallery-icon landscape'>\n\t\t\t\t<a href='https:\/\/www.colorado.com.br\/nosdacolorado\/wp-content\/uploads\/2021\/09\/WhatsApp-Image-2021-09-14-at-08.22.18-1.jpeg'><img loading=\"lazy\" decoding=\"async\" data-attachment-id=\"14126\" data-orig-file=\"https:\/\/www.colorado.com.br\/nosdacolorado\/wp-content\/uploads\/2021\/09\/WhatsApp-Image-2021-09-14-at-08.22.18-1.jpeg\" data-orig-size=\"1600,1200\" data-comments-opened=\"1\" data-image-meta=\"{&quot;aperture&quot;:&quot;0&quot;,&quot;credit&quot;:&quot;&quot;,&quot;camera&quot;:&quot;&quot;,&quot;caption&quot;:&quot;&quot;,&quot;created_timestamp&quot;:&quot;0&quot;,&quot;copyright&quot;:&quot;&quot;,&quot;focal_length&quot;:&quot;0&quot;,&quot;iso&quot;:&quot;0&quot;,&quot;shutter_speed&quot;:&quot;0&quot;,&quot;title&quot;:&quot;&quot;,&quot;orientation&quot;:&quot;0&quot;,&quot;keywords&quot;:&quot;Array&quot;}\" data-image-title=\"WhatsApp Image 2021-09-14 at 08.22.18 (1)\" data-image-description=\"\" data-medium-file=\"https:\/\/www.colorado.com.br\/nosdacolorado\/wp-content\/uploads\/2021\/09\/WhatsApp-Image-2021-09-14-at-08.22.18-1-300x225.jpeg\" data-large-file=\"https:\/\/www.colorado.com.br\/nosdacolorado\/wp-content\/uploads\/2021\/09\/WhatsApp-Image-2021-09-14-at-08.22.18-1-1024x768.jpeg\" width=\"1600\" height=\"1200\" src=\"https:\/\/www.colorado.com.br\/nosdacolorado\/wp-content\/uploads\/2021\/09\/WhatsApp-Image-2021-09-14-at-08.22.18-1.jpeg\" class=\"attachment-full size-full\" alt=\"\" srcset=\"https:\/\/www.colorado.com.br\/nosdacolorado\/wp-content\/uploads\/2021\/09\/WhatsApp-Image-2021-09-14-at-08.22.18-1.jpeg 1600w, https:\/\/www.colorado.com.br\/nosdacolorado\/wp-content\/uploads\/2021\/09\/WhatsApp-Image-2021-09-14-at-08.22.18-1-300x225.jpeg 300w, https:\/\/www.colorado.com.br\/nosdacolorado\/wp-content\/uploads\/2021\/09\/WhatsApp-Image-2021-09-14-at-08.22.18-1-768x576.jpeg 768w, https:\/\/www.colorado.com.br\/nosdacolorado\/wp-content\/uploads\/2021\/09\/WhatsApp-Image-2021-09-14-at-08.22.18-1-1024x768.jpeg 1024w\" sizes=\"auto, (max-width: 1600px) 100vw, 1600px\" \/><\/a>\n\t\t\t<\/dt><\/dl><dl class='gallery-item'>\n\t\t\t<dt class='gallery-icon landscape'>\n\t\t\t\t<a href='https:\/\/www.colorado.com.br\/nosdacolorado\/wp-content\/uploads\/2021\/09\/WhatsApp-Image-2021-09-14-at-08.22.18.jpeg'><img loading=\"lazy\" decoding=\"async\" data-attachment-id=\"14127\" data-orig-file=\"https:\/\/www.colorado.com.br\/nosdacolorado\/wp-content\/uploads\/2021\/09\/WhatsApp-Image-2021-09-14-at-08.22.18.jpeg\" data-orig-size=\"1600,1200\" data-comments-opened=\"1\" data-image-meta=\"{&quot;aperture&quot;:&quot;0&quot;,&quot;credit&quot;:&quot;&quot;,&quot;camera&quot;:&quot;&quot;,&quot;caption&quot;:&quot;&quot;,&quot;created_timestamp&quot;:&quot;0&quot;,&quot;copyright&quot;:&quot;&quot;,&quot;focal_length&quot;:&quot;0&quot;,&quot;iso&quot;:&quot;0&quot;,&quot;shutter_speed&quot;:&quot;0&quot;,&quot;title&quot;:&quot;&quot;,&quot;orientation&quot;:&quot;0&quot;,&quot;keywords&quot;:&quot;Array&quot;}\" data-image-title=\"WhatsApp Image 2021-09-14 at 08.22.18\" data-image-description=\"\" data-medium-file=\"https:\/\/www.colorado.com.br\/nosdacolorado\/wp-content\/uploads\/2021\/09\/WhatsApp-Image-2021-09-14-at-08.22.18-300x225.jpeg\" data-large-file=\"https:\/\/www.colorado.com.br\/nosdacolorado\/wp-content\/uploads\/2021\/09\/WhatsApp-Image-2021-09-14-at-08.22.18-1024x768.jpeg\" width=\"1600\" height=\"1200\" src=\"https:\/\/www.colorado.com.br\/nosdacolorado\/wp-content\/uploads\/2021\/09\/WhatsApp-Image-2021-09-14-at-08.22.18.jpeg\" class=\"attachment-full size-full\" alt=\"\" srcset=\"https:\/\/www.colorado.com.br\/nosdacolorado\/wp-content\/uploads\/2021\/09\/WhatsApp-Image-2021-09-14-at-08.22.18.jpeg 1600w, https:\/\/www.colorado.com.br\/nosdacolorado\/wp-content\/uploads\/2021\/09\/WhatsApp-Image-2021-09-14-at-08.22.18-300x225.jpeg 300w, https:\/\/www.colorado.com.br\/nosdacolorado\/wp-content\/uploads\/2021\/09\/WhatsApp-Image-2021-09-14-at-08.22.18-768x576.jpeg 768w, https:\/\/www.colorado.com.br\/nosdacolorado\/wp-content\/uploads\/2021\/09\/WhatsApp-Image-2021-09-14-at-08.22.18-1024x768.jpeg 1024w\" sizes=\"auto, (max-width: 1600px) 100vw, 1600px\" \/><\/a>\n\t\t\t<\/dt><\/dl><dl class='gallery-item'>\n\t\t\t<dt class='gallery-icon landscape'>\n\t\t\t\t<a href='https:\/\/www.colorado.com.br\/nosdacolorado\/wp-content\/uploads\/2021\/09\/WhatsApp-Image-2021-09-14-at-08.22.17-1.jpeg'><img loading=\"lazy\" decoding=\"async\" data-attachment-id=\"14128\" data-orig-file=\"https:\/\/www.colorado.com.br\/nosdacolorado\/wp-content\/uploads\/2021\/09\/WhatsApp-Image-2021-09-14-at-08.22.17-1.jpeg\" data-orig-size=\"1600,1200\" data-comments-opened=\"1\" data-image-meta=\"{&quot;aperture&quot;:&quot;0&quot;,&quot;credit&quot;:&quot;&quot;,&quot;camera&quot;:&quot;&quot;,&quot;caption&quot;:&quot;&quot;,&quot;created_timestamp&quot;:&quot;0&quot;,&quot;copyright&quot;:&quot;&quot;,&quot;focal_length&quot;:&quot;0&quot;,&quot;iso&quot;:&quot;0&quot;,&quot;shutter_speed&quot;:&quot;0&quot;,&quot;title&quot;:&quot;&quot;,&quot;orientation&quot;:&quot;0&quot;,&quot;keywords&quot;:&quot;Array&quot;}\" data-image-title=\"WhatsApp Image 2021-09-14 at 08.22.17 (1)\" data-image-description=\"\" data-medium-file=\"https:\/\/www.colorado.com.br\/nosdacolorado\/wp-content\/uploads\/2021\/09\/WhatsApp-Image-2021-09-14-at-08.22.17-1-300x225.jpeg\" data-large-file=\"https:\/\/www.colorado.com.br\/nosdacolorado\/wp-content\/uploads\/2021\/09\/WhatsApp-Image-2021-09-14-at-08.22.17-1-1024x768.jpeg\" width=\"1600\" height=\"1200\" src=\"https:\/\/www.colorado.com.br\/nosdacolorado\/wp-content\/uploads\/2021\/09\/WhatsApp-Image-2021-09-14-at-08.22.17-1.jpeg\" class=\"attachment-full size-full\" alt=\"\" srcset=\"https:\/\/www.colorado.com.br\/nosdacolorado\/wp-content\/uploads\/2021\/09\/WhatsApp-Image-2021-09-14-at-08.22.17-1.jpeg 1600w, https:\/\/www.colorado.com.br\/nosdacolorado\/wp-content\/uploads\/2021\/09\/WhatsApp-Image-2021-09-14-at-08.22.17-1-300x225.jpeg 300w, https:\/\/www.colorado.com.br\/nosdacolorado\/wp-content\/uploads\/2021\/09\/WhatsApp-Image-2021-09-14-at-08.22.17-1-768x576.jpeg 768w, https:\/\/www.colorado.com.br\/nosdacolorado\/wp-content\/uploads\/2021\/09\/WhatsApp-Image-2021-09-14-at-08.22.17-1-1024x768.jpeg 1024w\" sizes=\"auto, (max-width: 1600px) 100vw, 1600px\" \/><\/a>\n\t\t\t<\/dt><\/dl><br style=\"clear: both\" \/><dl class='gallery-item'>\n\t\t\t<dt class='gallery-icon landscape'>\n\t\t\t\t<a href='https:\/\/www.colorado.com.br\/nosdacolorado\/wp-content\/uploads\/2021\/09\/WhatsApp-Image-2021-09-14-at-08.22.17.jpeg'><img loading=\"lazy\" decoding=\"async\" data-attachment-id=\"14129\" data-orig-file=\"https:\/\/www.colorado.com.br\/nosdacolorado\/wp-content\/uploads\/2021\/09\/WhatsApp-Image-2021-09-14-at-08.22.17.jpeg\" data-orig-size=\"1600,1200\" data-comments-opened=\"1\" data-image-meta=\"{&quot;aperture&quot;:&quot;0&quot;,&quot;credit&quot;:&quot;&quot;,&quot;camera&quot;:&quot;&quot;,&quot;caption&quot;:&quot;&quot;,&quot;created_timestamp&quot;:&quot;0&quot;,&quot;copyright&quot;:&quot;&quot;,&quot;focal_length&quot;:&quot;0&quot;,&quot;iso&quot;:&quot;0&quot;,&quot;shutter_speed&quot;:&quot;0&quot;,&quot;title&quot;:&quot;&quot;,&quot;orientation&quot;:&quot;0&quot;,&quot;keywords&quot;:&quot;Array&quot;}\" data-image-title=\"WhatsApp Image 2021-09-14 at 08.22.17\" data-image-description=\"\" data-medium-file=\"https:\/\/www.colorado.com.br\/nosdacolorado\/wp-content\/uploads\/2021\/09\/WhatsApp-Image-2021-09-14-at-08.22.17-300x225.jpeg\" data-large-file=\"https:\/\/www.colorado.com.br\/nosdacolorado\/wp-content\/uploads\/2021\/09\/WhatsApp-Image-2021-09-14-at-08.22.17-1024x768.jpeg\" width=\"1600\" height=\"1200\" src=\"https:\/\/www.colorado.com.br\/nosdacolorado\/wp-content\/uploads\/2021\/09\/WhatsApp-Image-2021-09-14-at-08.22.17.jpeg\" class=\"attachment-full size-full\" alt=\"\" srcset=\"https:\/\/www.colorado.com.br\/nosdacolorado\/wp-content\/uploads\/2021\/09\/WhatsApp-Image-2021-09-14-at-08.22.17.jpeg 1600w, https:\/\/www.colorado.com.br\/nosdacolorado\/wp-content\/uploads\/2021\/09\/WhatsApp-Image-2021-09-14-at-08.22.17-300x225.jpeg 300w, https:\/\/www.colorado.com.br\/nosdacolorado\/wp-content\/uploads\/2021\/09\/WhatsApp-Image-2021-09-14-at-08.22.17-768x576.jpeg 768w, https:\/\/www.colorado.com.br\/nosdacolorado\/wp-content\/uploads\/2021\/09\/WhatsApp-Image-2021-09-14-at-08.22.17-1024x768.jpeg 1024w\" sizes=\"auto, (max-width: 1600px) 100vw, 1600px\" \/><\/a>\n\t\t\t<\/dt><\/dl><dl class='gallery-item'>\n\t\t\t<dt class='gallery-icon landscape'>\n\t\t\t\t<a href='https:\/\/www.colorado.com.br\/nosdacolorado\/wp-content\/uploads\/2021\/09\/WhatsApp-Image-2021-09-14-at-08.22.16.jpeg'><img loading=\"lazy\" decoding=\"async\" data-attachment-id=\"14130\" data-orig-file=\"https:\/\/www.colorado.com.br\/nosdacolorado\/wp-content\/uploads\/2021\/09\/WhatsApp-Image-2021-09-14-at-08.22.16.jpeg\" data-orig-size=\"1600,1200\" data-comments-opened=\"1\" data-image-meta=\"{&quot;aperture&quot;:&quot;0&quot;,&quot;credit&quot;:&quot;&quot;,&quot;camera&quot;:&quot;&quot;,&quot;caption&quot;:&quot;&quot;,&quot;created_timestamp&quot;:&quot;0&quot;,&quot;copyright&quot;:&quot;&quot;,&quot;focal_length&quot;:&quot;0&quot;,&quot;iso&quot;:&quot;0&quot;,&quot;shutter_speed&quot;:&quot;0&quot;,&quot;title&quot;:&quot;&quot;,&quot;orientation&quot;:&quot;0&quot;,&quot;keywords&quot;:&quot;Array&quot;}\" data-image-title=\"WhatsApp Image 2021-09-14 at 08.22.16\" data-image-description=\"\" data-medium-file=\"https:\/\/www.colorado.com.br\/nosdacolorado\/wp-content\/uploads\/2021\/09\/WhatsApp-Image-2021-09-14-at-08.22.16-300x225.jpeg\" data-large-file=\"https:\/\/www.colorado.com.br\/nosdacolorado\/wp-content\/uploads\/2021\/09\/WhatsApp-Image-2021-09-14-at-08.22.16-1024x768.jpeg\" width=\"1600\" height=\"1200\" src=\"https:\/\/www.colorado.com.br\/nosdacolorado\/wp-content\/uploads\/2021\/09\/WhatsApp-Image-2021-09-14-at-08.22.16.jpeg\" class=\"attachment-full size-full\" alt=\"\" srcset=\"https:\/\/www.colorado.com.br\/nosdacolorado\/wp-content\/uploads\/2021\/09\/WhatsApp-Image-2021-09-14-at-08.22.16.jpeg 1600w, https:\/\/www.colorado.com.br\/nosdacolorado\/wp-content\/uploads\/2021\/09\/WhatsApp-Image-2021-09-14-at-08.22.16-300x225.jpeg 300w, https:\/\/www.colorado.com.br\/nosdacolorado\/wp-content\/uploads\/2021\/09\/WhatsApp-Image-2021-09-14-at-08.22.16-768x576.jpeg 768w, https:\/\/www.colorado.com.br\/nosdacolorado\/wp-content\/uploads\/2021\/09\/WhatsApp-Image-2021-09-14-at-08.22.16-1024x768.jpeg 1024w\" sizes=\"auto, (max-width: 1600px) 100vw, 1600px\" \/><\/a>\n\t\t\t<\/dt><\/dl>\n\t\t\t<br style='clear: both' \/>\n\t\t<\/div>\n\n<h2><strong>Novos associados a cada m\u00eas<\/strong><\/h2>\n<ul>\n<li>junho:03<\/li>\n<li>julho: 04<\/li>\n<li>agosto:02<\/li>\n<\/ul>\n<p>&nbsp;<\/p>\n<h2><strong>Empr\u00e9stimos realizados<\/strong><\/h2>\n<ul>\n<li>junho: 147<\/li>\n<li>julho: 179<\/li>\n<li>agosto:125<\/li>\n<\/ul>\n<p>&nbsp;<\/p>\n<h2><strong>Os livros mais retirados no m\u00eas de agosto<\/strong><\/h2>\n<ul>\n<li>Mais Esperto que o Diabo, Napoleon Hill<\/li>\n<li>1808: como uma rainha louca, um pr\u00edncipe medroso e uma corte corrupta enganaram Napole\u00e3o e mudaram a hist\u00f3ria de Portugal e do Brasil, Laurentino Gomes<\/li>\n<li>1822: como um homem s\u00e1bio, uma princesa triste e um escoc\u00eas louco por dinheiro ajudaram D. Pedro a criar o Brasil, um pa\u00eds que tinha tudo para dar errado, Laurentino Gomes<\/li>\n<li>Apesar de Tudo, M\u00f4nica de Castro<\/li>\n<li>Carlota Bolota, Cristina Porto<\/li>\n<li>Castelo Interior ou Moradas, Santa Teresa de Jesus<\/li>\n<li>Depois daquela Viagem: di\u00e1rio de bordo de uma jovem que aprendeu a viver com Aids, Val\u00e9ria Piassa\u00a0 Polizzi<\/li>\n<li>Do Mil ao Milh\u00e3o: sem cortar o cafezinho \u2013 gastar bem, investir melhor, ganhar mais, Thiago Nigro<\/li>\n<li>Inutilidades \u2013 Necess\u00e1rio. Somente o necess\u00e1rio!, Patr\u00edcia Engel Secco<\/li>\n<li>Morro dos Ventos Uivantes, Emily Bront\u00eb<\/li>\n<li>Ou Isto ou Aquilo,\u00a0 Cec\u00edlia Meireles<\/li>\n<li>Pai Rico, Pai Pobre: o que os ricos ensinam a seus filhos sobre dinheiro, Robert T. Kiyosaki<\/li>\n<li>Pai Rico, Pai Pobre para Jovens: o que a escola ensina sobre dinheiro, Sharon L. Lechter e Robert T. Kiyosaki<\/li>\n<\/ul>\n<p>&nbsp;<\/p>\n<h2><strong>Os maiores leitores do m\u00eas de agosto<\/strong><\/h2>\n<ul>\n<li>Raimundo Ernando Pereira da Silva<\/li>\n<li>Ricardo Machado Varalonga<\/li>\n<li>Gisele Silv\u00e9rio Gon\u00e7alves Lima<\/li>\n<li>Roberto Carlos Bertolino<\/li>\n<li>Suhelem Antonio Vieira<\/li>\n<li>Wagner Pereira Fortunato<\/li>\n<li>Claudete Alves de Medeiros<\/li>\n<li>Ricardo Donizete Costa da Silva<\/li>\n<li>Mari\u00e1 Concei\u00e7\u00e3o Barbosa Sim\u00f5es<\/li>\n<li>Francisco Agrimar F. Laurindo<\/li>\n<li>Bruno Fontes Viana<\/li>\n<li>Raquel Alves Camargo<\/li>\n<li>Marcelo de Brito Santana<\/li>\n<li>Nat\u00e1lia Mazula Luiz<\/li>\n<li>Lu\u00eds Ant\u00f4nio Fernandes Martorano<\/li>\n<li>Edvaldo Santos Santana<\/li>\n<li>Edvaldo Santos Santana<\/li>\n<li>Elisandra Cristina da Silva<\/li>\n<li>Douglas Moreira da Silva Reis<\/li>\n<li>Wanderson Aparecido Basilo de Olieira<\/li>\n<li>Vilmar Sekimura<\/li>\n<li>Rodolfo In\u00e1cio Costa<\/li>\n<\/ul>\n<p>&nbsp;<\/p>\n<p>&nbsp;<\/p>\n<p>&nbsp;<\/p>\n","protected":false},"excerpt":{"rendered":"<p>Nos \u00faltimos tr\u00eas meses, cinco livros foram retirados por empr\u00e9stimo a cada dia na Biblioteca Engenho do Conhecimento, mantida pela Usina Colorado e voltada para colaboradores e suas fam\u00edlias.\u00a0 Entre&#8230;<\/p>\n","protected":false},"author":2,"featured_media":14120,"comment_status":"open","ping_status":"open","sticky":false,"template":"","format":"standard","meta":{"footnotes":""},"categories":[11],"tags":[],"class_list":{"0":"post-14117","1":"post","2":"type-post","3":"status-publish","4":"format-standard","5":"has-post-thumbnail","7":"category-acontece-na-colorado"},"_links":{"self":[{"href":"https:\/\/www.colorado.com.br\/nosdacolorado\/wp-json\/wp\/v2\/posts\/14117","targetHints":{"allow":["GET"]}}],"collection":[{"href":"https:\/\/www.colorado.com.br\/nosdacolorado\/wp-json\/wp\/v2\/posts"}],"about":[{"href":"https:\/\/www.colorado.com.br\/nosdacolorado\/wp-json\/wp\/v2\/types\/post"}],"author":[{"embeddable":true,"href":"https:\/\/www.colorado.com.br\/nosdacolorado\/wp-json\/wp\/v2\/users\/2"}],"replies":[{"embeddable":true,"href":"https:\/\/www.colorado.com.br\/nosdacolorado\/wp-json\/wp\/v2\/comments?post=14117"}],"version-history":[{"count":1,"href":"https:\/\/www.colorado.com.br\/nosdacolorado\/wp-json\/wp\/v2\/posts\/14117\/revisions"}],"predecessor-version":[{"id":14131,"href":"https:\/\/www.colorado.com.br\/nosdacolorado\/wp-json\/wp\/v2\/posts\/14117\/revisions\/14131"}],"wp:featuredmedia":[{"embeddable":true,"href":"https:\/\/www.colorado.com.br\/nosdacolorado\/wp-json\/wp\/v2\/media\/14120"}],"wp:attachment":[{"href":"https:\/\/www.colorado.com.br\/nosdacolorado\/wp-json\/wp\/v2\/media?parent=14117"}],"wp:term":[{"taxonomy":"category","embeddable":true,"href":"https:\/\/www.colorado.com.br\/nosdacolorado\/wp-json\/wp\/v2\/categories?post=14117"},{"taxonomy":"post_tag","embeddable":true,"href":"https:\/\/www.colorado.com.br\/nosdacolorado\/wp-json\/wp\/v2\/tags?post=14117"}],"curies":[{"name":"wp","href":"https:\/\/api.w.org\/{rel}","templated":true}]}}