{"id":1420,"date":"2019-11-19T17:57:57","date_gmt":"2019-11-19T19:57:57","guid":{"rendered":"http:\/\/www.colorado.com.br\/nosdacolorado\/?p=1420"},"modified":"2026-03-04T14:10:19","modified_gmt":"2026-03-04T17:10:19","slug":"com-patrocinio-da-usina-colorado-pet-novas-conexoes-totaliza-1-132-jovens-formados-para-o-mundo-do-trabalho","status":"publish","type":"post","link":"https:\/\/www.colorado.com.br\/nosdacolorado\/com-patrocinio-da-usina-colorado-pet-novas-conexoes-totaliza-1-132-jovens-formados-para-o-mundo-do-trabalho\/","title":{"rendered":"Com patroc\u00ednio da Usina Colorado, PET Novas Conex\u00f5es totaliza 1.132 jovens formados para o mundo do trabalho"},"content":{"rendered":"<p style=\"font-weight: 400;\">Contribuir para o desenvolvimento pessoal e profissional de jovens, auxiliando-os no desenvolvimento de compet\u00eancias que ampliem suas possibilidades de inser\u00e7\u00e3o no mercado de trabalho, gera\u00e7\u00e3o de renda e participa\u00e7\u00e3o na sociedade \u00e9 o prop\u00f3sito do Programa Educa\u00e7\u00e3o para o Trabalho \u2013 PET Novas Conex\u00f5es, que com o patroc\u00ednio da Usina Colorado, desde o ano de 2003 j\u00e1 formou 1.132 alunos em 37 cursos realizados pelo Senac nas cidades de Gua\u00edra, Ipu\u00e3, Miguel\u00f3polis, Orl\u00e2ndia e Sales Oliveira.<\/p>\n<p style=\"font-weight: 400;\">A Sociedade Guairense de Benefic\u00eancia \u2013 Sogube \u00e9 parceira do PET Novas Conex\u00f5es em Gua\u00edra, contribuindo para a divulga\u00e7\u00e3o e sensibilizando jovens e adolescentes para a import\u00e2ncia da participa\u00e7\u00e3o.<\/p>\n<p style=\"font-weight: 400;\">Na \u00faltima quinta-feira, 14 de novembro, foi a vez de 24 alunos de escolas p\u00fablicas de Gua\u00edra, que participaram do PET Novas Conex\u00f5es receberem seus certificados de conclus\u00e3o do Programa em cerim\u00f4nia que contou com a presen\u00e7a da Diretora de Responsabilidade Social do Grupo Colorado, Josimara Ribeiro de Mendon\u00e7a.<\/p>\n<p style=\"font-weight: 400;\">Tamb\u00e9m participaram da solenidade o gerente do Senac Barretos, \u00c9merson de Mello, a\u00a0integrante do setor t\u00e9cnico,\u00a0 Vanessa Culti Gim\u00e9nez; a docente da turma Regiani Longo Fuzio, Eloisa Monteiro de Souza coordenadora\u00a0 e a Supervisora de Comunica\u00e7\u00e3o e Responsabilidade Social do Grupo Colorado, Maria In\u00eas Mac\u00f3rio Guedes Moreira de Carvalho.<\/p>\n<p style=\"font-weight: 400;\">A cerim\u00f4nia de entrega dos certificados aconteceu na Sala de Cinema Cinergia e reuniu familiares e amigos dos formandos que comemoraram a conquista ao final de 83 encontros de forma\u00e7\u00e3o.<\/p>\n<p style=\"font-weight: 400;\"><strong>Espa\u00e7o de conviv\u00eancia<\/strong><\/p>\n<p style=\"font-weight: 400;\">\u201cEstamos felizes por\u00a0participar deste momento t\u00e3o importante. Deste momento de conquista.N\u00f3s do Grupo Colorado temos uma grande satisfa\u00e7\u00e3o em poder patrocinar\u00a0 uma nova turma do Programa de Educa\u00e7\u00e3o para o Trabalho \u2013 PET Novas Conex\u00f5es. H\u00e1 pouqu\u00edssimo tempo, esses jovens chegaram at\u00e9 aqui, confiando na equipe de professores. Eles se dedicaram, se prepararam, e o resultado \u00e9 a sua formatura pelo Programa, que \u00e9 o primeiro passo para que eles ingressem de forma muito positiva no mundo do Trabalho. Tudo nesta vida \u00e9 quest\u00e3o de oportunidade. E o PET significa exatamente isto: oportunidade.\u201d, afirmou Josimara ao falar para os formandos.<\/p>\n<p style=\"font-weight: 400;\">A diretora da Usina Colorado destacou o papel do Senac: \u201co Senac desenvolveu um bel\u00edssimo trabalho de integra\u00e7\u00e3o da turma e tamb\u00e9m de conscientiza\u00e7\u00e3o com rela\u00e7\u00e3o ao comportamento adequado para o mercado.\u00a0 N\u00f3s do Grupo Colorado, acompanhamos bem de perto o desenvolvimento do PET e sabemos sobre o que se passa durante as aulas. E foi muito bom poder dizer que hoje, esta turma est\u00e1 perfeitamente integrada. Os alunos se respeitam como indiv\u00edduos e como grupo. Eles foram se desenvolvendo e compreendendo a import\u00e2ncia da mudan\u00e7a de comportamento e do que o mercado espera deles. Temos hoje formandos extremamente comprometidos e participativos, al\u00e9m de muito comunicativos. E eu refor\u00e7o que a proatividade e a capacidade de comunica\u00e7\u00e3o s\u00e3o elementos muito importantes para uma boa vida profissional. Aos jovens que hoje se formam, esperamos ter dado a contribui\u00e7\u00e3o fundamental para que eles se estabele\u00e7am, que construam um futuro melhor. Que eles sempre se lembrem do PET como um espa\u00e7o para a conviv\u00eancia, um momento de aprendizado e oportunidades. Aos pais, um cordial abra\u00e7o. Confiem nessa mo\u00e7ada, porque o futuro pertence a eles. Esperamos sinceramente que tenham sempre motivo para se orgulharem de seus filhos. Queremos ver os bons resultados que plantamos at\u00e9 aqui. O futuro espera por voc\u00eas. E o futuro come\u00e7a a ser constru\u00eddo hoje.\u201d, finalizou Josimara.<\/p>\n<p style=\"font-weight: 400;\">A participa\u00e7\u00e3o da Diretora do Grupo Colorado sensibilizou os alunos. A turma de formandos destacou a oradora Melissa Moreira Lacativa que fez a fala de agradecimento \u00e0\u00a0 patrocinadora: \u201cEm nome dos alunos gostaria de agradecer ao Grupo Colorado por acreditar que os jovens guairenses t\u00eam potencial e que s\u00f3 necessitam de apoio e oportunidades. Pensar em como podemos agradecer esse grande gesto \u00e9 muito dif\u00edcil&#8230; Agradeceremos com gestos, atos e sendo os profissionais e cidad\u00e3os\u00a0 nos quais voc\u00eas apostaram.\u00a0 Nos comprometemos em propagar toda a aprendizagem vivenciada nestes 83 encontros.\u00a0 E hoje, tenha a certeza de que estes 24 alunos est\u00e3o finalizando este processo melhores do que entraram, mais conscientes, emp\u00e1ticos, mais assertivos ao se comunicar. Encorajados a confiar em si e no quanto somos fortes e capazes para conquistar o que sonhamos&#8230; ao investir no desenvolvimento de pessoas, investem automaticamente no desenvolvimento de toda uma sociedade.\u201d, concluiu a aluna.<\/p>\n<h3 style=\"font-weight: 400;\"><strong>Gua\u00edra \u00e9 o munic\u00edpio da regi\u00e3o com o maior n\u00famero de alunos formados pelo PET<\/strong><\/h3>\n<p style=\"font-weight: 400;\">Dos 1.132 adolescentes e jovens formados pelo Programa de Educa\u00e7\u00e3o para o Trabalho \u2013 PET e PET Novas Conex\u00f5es, 564 alunos, ou seja mais da metade, s\u00e3o de Gua\u00edra.<\/p>\n<p style=\"font-weight: 400;\">Desde 2003 a cidade sediou 19 das 37 turmas do Programa. Miguel\u00f3polis \u00e9 o segundo munic\u00edpio em n\u00famero de formandos: 369 ao todo, em 13 turmas desde 2003.<\/p>\n\n\t\t<style type=\"text\/css\">\n\t\t\t#gallery-1 {\n\t\t\t\tmargin: auto;\n\t\t\t}\n\t\t\t#gallery-1 .gallery-item {\n\t\t\t\tfloat: left;\n\t\t\t\tmargin-top: 10px;\n\t\t\t\ttext-align: center;\n\t\t\t\twidth: 33%;\n\t\t\t}\n\t\t\t#gallery-1 img {\n\t\t\t\tborder: 2px solid #cfcfcf;\n\t\t\t}\n\t\t\t#gallery-1 .gallery-caption {\n\t\t\t\tmargin-left: 0;\n\t\t\t}\n\t\t\t\/* see gallery_shortcode() in wp-includes\/media.php *\/\n\t\t<\/style>\n\t\t<div data-carousel-extra='{\"blog_id\":1,\"permalink\":\"https:\\\/\\\/www.colorado.com.br\\\/nosdacolorado\\\/com-patrocinio-da-usina-colorado-pet-novas-conexoes-totaliza-1-132-jovens-formados-para-o-mundo-do-trabalho\\\/\"}' id='gallery-1' class='gallery galleryid-1420 gallery-columns-3 gallery-size-large'><dl class='gallery-item'>\n\t\t\t<dt class='gallery-icon landscape'>\n\t\t\t\t<a href='https:\/\/www.colorado.com.br\/nosdacolorado\/wp-content\/uploads\/2019\/11\/usina-colorado-pet-00.jpg'><img loading=\"lazy\" decoding=\"async\" data-attachment-id=\"25838\" data-orig-file=\"https:\/\/www.colorado.com.br\/nosdacolorado\/wp-content\/uploads\/2019\/11\/usina-colorado-pet-00.jpg\" data-orig-size=\"800,600\" data-comments-opened=\"0\" data-image-meta=\"{&quot;aperture&quot;:&quot;0&quot;,&quot;credit&quot;:&quot;&quot;,&quot;camera&quot;:&quot;&quot;,&quot;caption&quot;:&quot;&quot;,&quot;created_timestamp&quot;:&quot;0&quot;,&quot;copyright&quot;:&quot;&quot;,&quot;focal_length&quot;:&quot;0&quot;,&quot;iso&quot;:&quot;0&quot;,&quot;shutter_speed&quot;:&quot;0&quot;,&quot;title&quot;:&quot;&quot;,&quot;orientation&quot;:&quot;0&quot;,&quot;keywords&quot;:&quot;Array&quot;}\" data-image-title=\"usina-colorado-pet-00\" data-image-description=\"\" data-medium-file=\"https:\/\/www.colorado.com.br\/nosdacolorado\/wp-content\/uploads\/2019\/11\/usina-colorado-pet-00-300x225.jpg\" data-large-file=\"https:\/\/www.colorado.com.br\/nosdacolorado\/wp-content\/uploads\/2019\/11\/usina-colorado-pet-00.jpg\" width=\"800\" height=\"600\" src=\"https:\/\/www.colorado.com.br\/nosdacolorado\/wp-content\/uploads\/2019\/11\/usina-colorado-pet-00.jpg\" class=\"attachment-large size-large\" alt=\"\" srcset=\"https:\/\/www.colorado.com.br\/nosdacolorado\/wp-content\/uploads\/2019\/11\/usina-colorado-pet-00.jpg 800w, https:\/\/www.colorado.com.br\/nosdacolorado\/wp-content\/uploads\/2019\/11\/usina-colorado-pet-00-300x225.jpg 300w, https:\/\/www.colorado.com.br\/nosdacolorado\/wp-content\/uploads\/2019\/11\/usina-colorado-pet-00-768x576.jpg 768w\" sizes=\"auto, (max-width: 800px) 100vw, 800px\" \/><\/a>\n\t\t\t<\/dt><\/dl><dl class='gallery-item'>\n\t\t\t<dt class='gallery-icon landscape'>\n\t\t\t\t<a href='https:\/\/www.colorado.com.br\/nosdacolorado\/wp-content\/uploads\/2019\/11\/usina-colorado-pet-01.jpg'><img loading=\"lazy\" decoding=\"async\" data-attachment-id=\"25839\" data-orig-file=\"https:\/\/www.colorado.com.br\/nosdacolorado\/wp-content\/uploads\/2019\/11\/usina-colorado-pet-01.jpg\" data-orig-size=\"800,600\" data-comments-opened=\"0\" data-image-meta=\"{&quot;aperture&quot;:&quot;0&quot;,&quot;credit&quot;:&quot;&quot;,&quot;camera&quot;:&quot;&quot;,&quot;caption&quot;:&quot;&quot;,&quot;created_timestamp&quot;:&quot;0&quot;,&quot;copyright&quot;:&quot;&quot;,&quot;focal_length&quot;:&quot;0&quot;,&quot;iso&quot;:&quot;0&quot;,&quot;shutter_speed&quot;:&quot;0&quot;,&quot;title&quot;:&quot;&quot;,&quot;orientation&quot;:&quot;0&quot;,&quot;keywords&quot;:&quot;Array&quot;}\" data-image-title=\"usina-colorado-pet-01\" data-image-description=\"\" data-medium-file=\"https:\/\/www.colorado.com.br\/nosdacolorado\/wp-content\/uploads\/2019\/11\/usina-colorado-pet-01-300x225.jpg\" data-large-file=\"https:\/\/www.colorado.com.br\/nosdacolorado\/wp-content\/uploads\/2019\/11\/usina-colorado-pet-01.jpg\" width=\"800\" height=\"600\" src=\"https:\/\/www.colorado.com.br\/nosdacolorado\/wp-content\/uploads\/2019\/11\/usina-colorado-pet-01.jpg\" class=\"attachment-large size-large\" alt=\"\" srcset=\"https:\/\/www.colorado.com.br\/nosdacolorado\/wp-content\/uploads\/2019\/11\/usina-colorado-pet-01.jpg 800w, https:\/\/www.colorado.com.br\/nosdacolorado\/wp-content\/uploads\/2019\/11\/usina-colorado-pet-01-300x225.jpg 300w, https:\/\/www.colorado.com.br\/nosdacolorado\/wp-content\/uploads\/2019\/11\/usina-colorado-pet-01-768x576.jpg 768w\" sizes=\"auto, (max-width: 800px) 100vw, 800px\" \/><\/a>\n\t\t\t<\/dt><\/dl><dl class='gallery-item'>\n\t\t\t<dt class='gallery-icon landscape'>\n\t\t\t\t<a href='https:\/\/www.colorado.com.br\/nosdacolorado\/wp-content\/uploads\/2019\/11\/usina-colorado-pet-02.jpg'><img loading=\"lazy\" decoding=\"async\" data-attachment-id=\"25840\" data-orig-file=\"https:\/\/www.colorado.com.br\/nosdacolorado\/wp-content\/uploads\/2019\/11\/usina-colorado-pet-02.jpg\" data-orig-size=\"800,600\" data-comments-opened=\"0\" data-image-meta=\"{&quot;aperture&quot;:&quot;0&quot;,&quot;credit&quot;:&quot;&quot;,&quot;camera&quot;:&quot;&quot;,&quot;caption&quot;:&quot;&quot;,&quot;created_timestamp&quot;:&quot;0&quot;,&quot;copyright&quot;:&quot;&quot;,&quot;focal_length&quot;:&quot;0&quot;,&quot;iso&quot;:&quot;0&quot;,&quot;shutter_speed&quot;:&quot;0&quot;,&quot;title&quot;:&quot;&quot;,&quot;orientation&quot;:&quot;0&quot;,&quot;keywords&quot;:&quot;Array&quot;}\" data-image-title=\"usina-colorado-pet-02\" data-image-description=\"\" data-medium-file=\"https:\/\/www.colorado.com.br\/nosdacolorado\/wp-content\/uploads\/2019\/11\/usina-colorado-pet-02-300x225.jpg\" data-large-file=\"https:\/\/www.colorado.com.br\/nosdacolorado\/wp-content\/uploads\/2019\/11\/usina-colorado-pet-02.jpg\" width=\"800\" height=\"600\" src=\"https:\/\/www.colorado.com.br\/nosdacolorado\/wp-content\/uploads\/2019\/11\/usina-colorado-pet-02.jpg\" class=\"attachment-large size-large\" alt=\"\" srcset=\"https:\/\/www.colorado.com.br\/nosdacolorado\/wp-content\/uploads\/2019\/11\/usina-colorado-pet-02.jpg 800w, https:\/\/www.colorado.com.br\/nosdacolorado\/wp-content\/uploads\/2019\/11\/usina-colorado-pet-02-300x225.jpg 300w, https:\/\/www.colorado.com.br\/nosdacolorado\/wp-content\/uploads\/2019\/11\/usina-colorado-pet-02-768x576.jpg 768w\" sizes=\"auto, (max-width: 800px) 100vw, 800px\" \/><\/a>\n\t\t\t<\/dt><\/dl><br style=\"clear: both\" \/><dl class='gallery-item'>\n\t\t\t<dt class='gallery-icon landscape'>\n\t\t\t\t<a href='https:\/\/www.colorado.com.br\/nosdacolorado\/wp-content\/uploads\/2019\/11\/usina-colorado-pet-04.jpg'><img loading=\"lazy\" decoding=\"async\" data-attachment-id=\"25841\" data-orig-file=\"https:\/\/www.colorado.com.br\/nosdacolorado\/wp-content\/uploads\/2019\/11\/usina-colorado-pet-04.jpg\" data-orig-size=\"800,600\" data-comments-opened=\"0\" data-image-meta=\"{&quot;aperture&quot;:&quot;0&quot;,&quot;credit&quot;:&quot;&quot;,&quot;camera&quot;:&quot;&quot;,&quot;caption&quot;:&quot;&quot;,&quot;created_timestamp&quot;:&quot;0&quot;,&quot;copyright&quot;:&quot;&quot;,&quot;focal_length&quot;:&quot;0&quot;,&quot;iso&quot;:&quot;0&quot;,&quot;shutter_speed&quot;:&quot;0&quot;,&quot;title&quot;:&quot;&quot;,&quot;orientation&quot;:&quot;0&quot;,&quot;keywords&quot;:&quot;Array&quot;}\" data-image-title=\"usina-colorado-pet-04\" data-image-description=\"\" data-medium-file=\"https:\/\/www.colorado.com.br\/nosdacolorado\/wp-content\/uploads\/2019\/11\/usina-colorado-pet-04-300x225.jpg\" data-large-file=\"https:\/\/www.colorado.com.br\/nosdacolorado\/wp-content\/uploads\/2019\/11\/usina-colorado-pet-04.jpg\" width=\"800\" height=\"600\" src=\"https:\/\/www.colorado.com.br\/nosdacolorado\/wp-content\/uploads\/2019\/11\/usina-colorado-pet-04.jpg\" class=\"attachment-large size-large\" alt=\"\" srcset=\"https:\/\/www.colorado.com.br\/nosdacolorado\/wp-content\/uploads\/2019\/11\/usina-colorado-pet-04.jpg 800w, https:\/\/www.colorado.com.br\/nosdacolorado\/wp-content\/uploads\/2019\/11\/usina-colorado-pet-04-300x225.jpg 300w, https:\/\/www.colorado.com.br\/nosdacolorado\/wp-content\/uploads\/2019\/11\/usina-colorado-pet-04-768x576.jpg 768w\" sizes=\"auto, (max-width: 800px) 100vw, 800px\" \/><\/a>\n\t\t\t<\/dt><\/dl><dl class='gallery-item'>\n\t\t\t<dt class='gallery-icon landscape'>\n\t\t\t\t<a href='https:\/\/www.colorado.com.br\/nosdacolorado\/wp-content\/uploads\/2019\/11\/usina-colorado-pet-044.jpg'><img loading=\"lazy\" decoding=\"async\" data-attachment-id=\"25842\" data-orig-file=\"https:\/\/www.colorado.com.br\/nosdacolorado\/wp-content\/uploads\/2019\/11\/usina-colorado-pet-044.jpg\" data-orig-size=\"800,600\" data-comments-opened=\"0\" data-image-meta=\"{&quot;aperture&quot;:&quot;0&quot;,&quot;credit&quot;:&quot;&quot;,&quot;camera&quot;:&quot;&quot;,&quot;caption&quot;:&quot;&quot;,&quot;created_timestamp&quot;:&quot;0&quot;,&quot;copyright&quot;:&quot;&quot;,&quot;focal_length&quot;:&quot;0&quot;,&quot;iso&quot;:&quot;0&quot;,&quot;shutter_speed&quot;:&quot;0&quot;,&quot;title&quot;:&quot;&quot;,&quot;orientation&quot;:&quot;0&quot;,&quot;keywords&quot;:&quot;Array&quot;}\" data-image-title=\"usina-colorado-pet-044\" data-image-description=\"\" data-medium-file=\"https:\/\/www.colorado.com.br\/nosdacolorado\/wp-content\/uploads\/2019\/11\/usina-colorado-pet-044-300x225.jpg\" data-large-file=\"https:\/\/www.colorado.com.br\/nosdacolorado\/wp-content\/uploads\/2019\/11\/usina-colorado-pet-044.jpg\" width=\"800\" height=\"600\" src=\"https:\/\/www.colorado.com.br\/nosdacolorado\/wp-content\/uploads\/2019\/11\/usina-colorado-pet-044.jpg\" class=\"attachment-large size-large\" alt=\"\" srcset=\"https:\/\/www.colorado.com.br\/nosdacolorado\/wp-content\/uploads\/2019\/11\/usina-colorado-pet-044.jpg 800w, https:\/\/www.colorado.com.br\/nosdacolorado\/wp-content\/uploads\/2019\/11\/usina-colorado-pet-044-300x225.jpg 300w, https:\/\/www.colorado.com.br\/nosdacolorado\/wp-content\/uploads\/2019\/11\/usina-colorado-pet-044-768x576.jpg 768w\" sizes=\"auto, (max-width: 800px) 100vw, 800px\" \/><\/a>\n\t\t\t<\/dt><\/dl><dl class='gallery-item'>\n\t\t\t<dt class='gallery-icon landscape'>\n\t\t\t\t<a href='https:\/\/www.colorado.com.br\/nosdacolorado\/wp-content\/uploads\/2019\/11\/usina-colorado-pet-02444.jpg'><img loading=\"lazy\" decoding=\"async\" data-attachment-id=\"25843\" data-orig-file=\"https:\/\/www.colorado.com.br\/nosdacolorado\/wp-content\/uploads\/2019\/11\/usina-colorado-pet-02444.jpg\" data-orig-size=\"800,600\" data-comments-opened=\"0\" data-image-meta=\"{&quot;aperture&quot;:&quot;0&quot;,&quot;credit&quot;:&quot;&quot;,&quot;camera&quot;:&quot;&quot;,&quot;caption&quot;:&quot;&quot;,&quot;created_timestamp&quot;:&quot;0&quot;,&quot;copyright&quot;:&quot;&quot;,&quot;focal_length&quot;:&quot;0&quot;,&quot;iso&quot;:&quot;0&quot;,&quot;shutter_speed&quot;:&quot;0&quot;,&quot;title&quot;:&quot;&quot;,&quot;orientation&quot;:&quot;0&quot;,&quot;keywords&quot;:&quot;Array&quot;}\" data-image-title=\"usina-colorado-pet-02444\" data-image-description=\"\" data-medium-file=\"https:\/\/www.colorado.com.br\/nosdacolorado\/wp-content\/uploads\/2019\/11\/usina-colorado-pet-02444-300x225.jpg\" data-large-file=\"https:\/\/www.colorado.com.br\/nosdacolorado\/wp-content\/uploads\/2019\/11\/usina-colorado-pet-02444.jpg\" width=\"800\" height=\"600\" src=\"https:\/\/www.colorado.com.br\/nosdacolorado\/wp-content\/uploads\/2019\/11\/usina-colorado-pet-02444.jpg\" class=\"attachment-large size-large\" alt=\"\" srcset=\"https:\/\/www.colorado.com.br\/nosdacolorado\/wp-content\/uploads\/2019\/11\/usina-colorado-pet-02444.jpg 800w, https:\/\/www.colorado.com.br\/nosdacolorado\/wp-content\/uploads\/2019\/11\/usina-colorado-pet-02444-300x225.jpg 300w, https:\/\/www.colorado.com.br\/nosdacolorado\/wp-content\/uploads\/2019\/11\/usina-colorado-pet-02444-768x576.jpg 768w\" sizes=\"auto, (max-width: 800px) 100vw, 800px\" \/><\/a>\n\t\t\t<\/dt><\/dl><br style=\"clear: both\" \/>\n\t\t<\/div>\n\n","protected":false},"excerpt":{"rendered":"<p>Contribuir para o desenvolvimento pessoal e profissional de jovens, auxiliando-os no desenvolvimento de compet\u00eancias que ampliem suas possibilidades de inser\u00e7\u00e3o no mercado de trabalho, gera\u00e7\u00e3o de renda e participa\u00e7\u00e3o na&#8230;<\/p>\n","protected":false},"author":2,"featured_media":25840,"comment_status":"open","ping_status":"open","sticky":false,"template":"","format":"standard","meta":{"footnotes":""},"categories":[7,13],"tags":[],"class_list":{"0":"post-1420","1":"post","2":"type-post","3":"status-publish","4":"format-standard","5":"has-post-thumbnail","7":"category-atualidade","8":"category-na-cidade"},"_links":{"self":[{"href":"https:\/\/www.colorado.com.br\/nosdacolorado\/wp-json\/wp\/v2\/posts\/1420","targetHints":{"allow":["GET"]}}],"collection":[{"href":"https:\/\/www.colorado.com.br\/nosdacolorado\/wp-json\/wp\/v2\/posts"}],"about":[{"href":"https:\/\/www.colorado.com.br\/nosdacolorado\/wp-json\/wp\/v2\/types\/post"}],"author":[{"embeddable":true,"href":"https:\/\/www.colorado.com.br\/nosdacolorado\/wp-json\/wp\/v2\/users\/2"}],"replies":[{"embeddable":true,"href":"https:\/\/www.colorado.com.br\/nosdacolorado\/wp-json\/wp\/v2\/comments?post=1420"}],"version-history":[{"count":3,"href":"https:\/\/www.colorado.com.br\/nosdacolorado\/wp-json\/wp\/v2\/posts\/1420\/revisions"}],"predecessor-version":[{"id":25845,"href":"https:\/\/www.colorado.com.br\/nosdacolorado\/wp-json\/wp\/v2\/posts\/1420\/revisions\/25845"}],"wp:featuredmedia":[{"embeddable":true,"href":"https:\/\/www.colorado.com.br\/nosdacolorado\/wp-json\/wp\/v2\/media\/25840"}],"wp:attachment":[{"href":"https:\/\/www.colorado.com.br\/nosdacolorado\/wp-json\/wp\/v2\/media?parent=1420"}],"wp:term":[{"taxonomy":"category","embeddable":true,"href":"https:\/\/www.colorado.com.br\/nosdacolorado\/wp-json\/wp\/v2\/categories?post=1420"},{"taxonomy":"post_tag","embeddable":true,"href":"https:\/\/www.colorado.com.br\/nosdacolorado\/wp-json\/wp\/v2\/tags?post=1420"}],"curies":[{"name":"wp","href":"https:\/\/api.w.org\/{rel}","templated":true}]}}