{"id":1459,"date":"2019-11-21T08:26:15","date_gmt":"2019-11-21T10:26:15","guid":{"rendered":"http:\/\/www.colorado.com.br\/nosdacolorado\/?p=1459"},"modified":"2019-11-21T08:26:15","modified_gmt":"2019-11-21T10:26:15","slug":"josimara-ribeiro-de-mendonca-diretora-do-grupo-colorado-e-condecorada-pela-medalha-dona-may-de-souza-neves","status":"publish","type":"post","link":"https:\/\/www.colorado.com.br\/nosdacolorado\/josimara-ribeiro-de-mendonca-diretora-do-grupo-colorado-e-condecorada-pela-medalha-dona-may-de-souza-neves\/","title":{"rendered":"Josimara Ribeiro de Mendon\u00e7a, Diretora do Grupo   Colorado, \u00e9 condecorada pela Medalha Dona May de Souza Neves"},"content":{"rendered":"<p>Como reconhecimento aos relevantes servi\u00e7os prestados \u00e0 popula\u00e7\u00e3o paulista, a diretora do Grupo Colorado, a administradora de empresa Josimara Ribeiro de Mendon\u00e7a foi condecorada com a Medalha Dona May de Souza Neves.<\/p>\n<p>Josimara \u00e9 uma das trinta personalidades de todo o Estado de S\u00e3o Paulo, entre civis e militares, a receber a honraria concedida pelo Comando do 33\u00ba Batalh\u00e3o de Pol\u00edcia Militar de Barretos, em parceria com o N\u00facleo MMDC Her\u00f3is de Araraquara e Sociedade Veteranos de 32.<\/p>\n<p>A Medalha Dona May de Souza Neves foi criada atrav\u00e9s do decreto n\u00ba 63.385, de 10 de maio de 2018 e institu\u00edda pelo n\u00facleo MMDC her\u00f3is de Araraquara e Sociedade Veteranos de 32, e tem por objetivo homenagear especificamente mulheres, sejam militares ou civis, personalidades e institui\u00e7\u00f5es brasileiras ou estrangeiras, que tenham prestado relevantes servi\u00e7os ao n\u00facleo MMDC Her\u00f3is de Araraquara e a Sociedade Veteranos de 32, \u00e0 Pol\u00edcia Militar do Estado de S\u00e3o Paulo, ao Governo de S\u00e3o Paulo, \u00e0s For\u00e7as Armadas Brasileiras e \u00e0 popula\u00e7\u00e3o paulista.<\/p>\n<p>\u201c\u00c9 com muita honra que recebo do Comando do 33\u00ba Batalh\u00e3o da Pol\u00edcia Militar de Barretos a medalha Dona May de Souza Neves. Identifico-me com a hist\u00f3ria de D. Mayque inspira a cultura de doa\u00e7\u00e3o, por meio da lideran\u00e7a feminina e por ser um modelo para as pr\u00f3ximas gera\u00e7\u00f5es.Uma de minhas metas \u00e9 ajudar no desenvolvimento das regi\u00f5es onde o Grupo Colorado est\u00e1 inserido, resgatando a dignidade e autoestima do ser humano. Parabenizo tamb\u00e9m o trabalho da Pol\u00edcia Militar que tamb\u00e9m escolheu viver para atender as outras pessoas, uma profiss\u00e3o que merece ser valorizada, pois se escolhe o trabalho acima da fam\u00edlia todos os dias. Prometo honrar essa medalha. Minha gratid\u00e3o \u00e0 Pol\u00edcia Militar.\u201d, agradeceu Josimara.<\/p>\n<p>A homenagem est\u00e1 oficialmente registrada no livro do Conselho Estadual de Honrarias e M\u00e9rito da Casa Civil do Governo do Estado de S\u00e3o Paulo.A entrega da medalha foi realizada pelo Tenente Coronel da Pol\u00edcia Militar, Paulo Henrique Jurisato, Comandante do 33\u00ba Batalh\u00e3o da PM, em cerim\u00f4nia realizada no dia 14 de novembro no Centro Cultural Colorado, em Gua\u00edra. Tamb\u00e9m participaram da cerim\u00f4nia o Capit\u00e3o Marlon de Assis Magro, Comandante da Quarta Companhia da Pol\u00edcia Militar de Gua\u00edra e o Capit\u00e3o Jos\u00e9 Luiz Hannickel, coordenador de Opera\u00e7\u00f5es Interno do 33\u00ba Batalh\u00e3o da Pol\u00edcia Militar do Interior.<\/p>\n","protected":false},"excerpt":{"rendered":"<p>Como reconhecimento aos relevantes servi\u00e7os prestados \u00e0 popula\u00e7\u00e3o paulista, a diretora do Grupo Colorado, a administradora de empresa Josimara Ribeiro de Mendon\u00e7a foi condecorada com a Medalha Dona May de&#8230;<\/p>\n","protected":false},"author":2,"featured_media":1460,"comment_status":"open","ping_status":"open","sticky":false,"template":"","format":"standard","meta":{"footnotes":""},"categories":[7],"tags":[],"class_list":{"0":"post-1459","1":"post","2":"type-post","3":"status-publish","4":"format-standard","5":"has-post-thumbnail","7":"category-atualidade"},"_links":{"self":[{"href":"https:\/\/www.colorado.com.br\/nosdacolorado\/wp-json\/wp\/v2\/posts\/1459","targetHints":{"allow":["GET"]}}],"collection":[{"href":"https:\/\/www.colorado.com.br\/nosdacolorado\/wp-json\/wp\/v2\/posts"}],"about":[{"href":"https:\/\/www.colorado.com.br\/nosdacolorado\/wp-json\/wp\/v2\/types\/post"}],"author":[{"embeddable":true,"href":"https:\/\/www.colorado.com.br\/nosdacolorado\/wp-json\/wp\/v2\/users\/2"}],"replies":[{"embeddable":true,"href":"https:\/\/www.colorado.com.br\/nosdacolorado\/wp-json\/wp\/v2\/comments?post=1459"}],"version-history":[{"count":1,"href":"https:\/\/www.colorado.com.br\/nosdacolorado\/wp-json\/wp\/v2\/posts\/1459\/revisions"}],"predecessor-version":[{"id":1461,"href":"https:\/\/www.colorado.com.br\/nosdacolorado\/wp-json\/wp\/v2\/posts\/1459\/revisions\/1461"}],"wp:featuredmedia":[{"embeddable":true,"href":"https:\/\/www.colorado.com.br\/nosdacolorado\/wp-json\/wp\/v2\/media\/1460"}],"wp:attachment":[{"href":"https:\/\/www.colorado.com.br\/nosdacolorado\/wp-json\/wp\/v2\/media?parent=1459"}],"wp:term":[{"taxonomy":"category","embeddable":true,"href":"https:\/\/www.colorado.com.br\/nosdacolorado\/wp-json\/wp\/v2\/categories?post=1459"},{"taxonomy":"post_tag","embeddable":true,"href":"https:\/\/www.colorado.com.br\/nosdacolorado\/wp-json\/wp\/v2\/tags?post=1459"}],"curies":[{"name":"wp","href":"https:\/\/api.w.org\/{rel}","templated":true}]}}