{"id":15,"date":"2019-05-27T11:44:39","date_gmt":"2019-05-27T14:44:39","guid":{"rendered":"http:\/\/colorado.fabricadapalavra.com.br\/?p=15"},"modified":"2019-05-27T14:24:47","modified_gmt":"2019-05-27T17:24:47","slug":"corinthians-e-equipe-vencedora-do-campeonato-de-futebol-do-grec-2019","status":"publish","type":"post","link":"https:\/\/www.colorado.com.br\/nosdacolorado\/corinthians-e-equipe-vencedora-do-campeonato-de-futebol-do-grec-2019\/","title":{"rendered":"Corinthians \u00e9 equipe vencedora do campeonato de Futebol do Grec 2019"},"content":{"rendered":"<p><img loading=\"lazy\" decoding=\"async\" class=\"aligncenter size-full wp-image-16\" src=\"http:\/\/colorado.fabricadapalavra.com.br\/wp-content\/uploads\/2019\/05\/usina-colorado-futebol-grec-campeonato.jpeg\" alt=\"\" width=\"800\" height=\"535\" srcset=\"https:\/\/www.colorado.com.br\/nosdacolorado\/wp-content\/uploads\/2019\/05\/usina-colorado-futebol-grec-campeonato.jpeg 800w, https:\/\/www.colorado.com.br\/nosdacolorado\/wp-content\/uploads\/2019\/05\/usina-colorado-futebol-grec-campeonato-300x201.jpeg 300w, https:\/\/www.colorado.com.br\/nosdacolorado\/wp-content\/uploads\/2019\/05\/usina-colorado-futebol-grec-campeonato-768x514.jpeg 768w, https:\/\/www.colorado.com.br\/nosdacolorado\/wp-content\/uploads\/2019\/05\/usina-colorado-futebol-grec-campeonato-400x269.jpeg 400w\" sizes=\"auto, (max-width: 800px) 100vw, 800px\" \/><\/p>\n<p>Depois de uma maratona de 24 jogos disputados em 12 rodadas, 148 gols e a participa\u00e7\u00e3o de 120 atletas, o Corinthians conquistou o topo do p\u00f3dium e ficou com a primeira coloca\u00e7\u00e3o no Campeonato de Futebol do Gr\u00eamio Recreativo Esportivo Colorado.<\/p>\n<p>O campeonato foi iniciado em 19 de fevereiro e se estendeu at\u00e9 o dia 13 de abril, reunindo equipes que contaram com jogadores de sete cidades. Os jogos foram realizados no per\u00edodo noturno e contaram com a presen\u00e7a da torcida.<\/p>\n<p>As estat\u00edsticas do competi\u00e7\u00e3o apontam que Wilson Francisco, que defendeu a camisa do Corinthians sagrou-se o artilheiro do torneio, com 12 gols marcados. Ficou tamb\u00e9m com a equipe corinthiana o t\u00edtulo de melhor defesa. O goleiro C\u00edcero Louren\u00e7o foi o que sofreu o menor n\u00famero de gols do torneio, com apenas 11 n\u00e3o defendidos.<\/p>\n<p>Destaque no campeonato, o Corinthians tamb\u00e9m ficou com o t\u00edtulo de melhor ataque com 24 gols marcados. A Equipe mais disciplinada foi o Palmeiras.<\/p>\n<p><strong>Miguel\u00f3polis foi a cidade com o maior n\u00famero de jogadores no Campeonato<\/strong><\/p>\n<ul>\n<li>Aparecida do Salto: 5 jogadores<\/li>\n<li>Barretos: 4 jogadores<\/li>\n<li>Gua\u00edra: 28 jogadores<\/li>\n<li>Ipu\u00e3: 5 jogadores<\/li>\n<li>Ituverava: 5 jogadores<\/li>\n<li>Miguel\u00f3polis: 60 jogadores<\/li>\n<li>S\u00e3o Benedito: 13 jogadores<\/li>\n<\/ul>\n<p><strong>Os 7 artilheiros do Torneio<\/strong><\/p>\n<p>Wilson Francisco da Silva: 12 gols<br \/>\nEquipe: Corinthians<\/p>\n<p>Equipe: S\u00e3o Paulo<br \/>\nHiago Maciel de Lima Souza: 8 gols<br \/>\nEquipe: S\u00e3o Paulo<\/p>\n<p>N\u00edlvio Marques Fiuza: 7 gols<br \/>\nEquipe: Flamengo<\/p>\n<p>Caio Eduardo da Silva: 7 gols<br \/>\nEquipe: S\u00e3o Paulo<\/p>\n<p>Fabr\u00edcio da Silva: 5 gols<br \/>\nEquipe: Corinthians<\/p>\n<p>Alessandro Carlos Correa: 5 gols<br \/>\nEquipe: Gr\u00eamio<\/p>\n<p>Cristiano de Oliveira Gon\u00e7alves: 5 gols<br \/>\nEquipe: Palmeiras<\/p>\n","protected":false},"excerpt":{"rendered":"<p>Depois de uma maratona de 24 jogos disputados em 12 rodadas, 148 gols e a participa\u00e7\u00e3o de 120 atletas, o Corinthians conquistou o topo do p\u00f3dium e ficou com a&#8230;<\/p>\n","protected":false},"author":1,"featured_media":16,"comment_status":"open","ping_status":"open","sticky":false,"template":"","format":"standard","meta":{"footnotes":""},"categories":[11,6],"tags":[],"class_list":{"0":"post-15","1":"post","2":"type-post","3":"status-publish","4":"format-standard","5":"has-post-thumbnail","7":"category-acontece-na-colorado","8":"category-esporte"},"_links":{"self":[{"href":"https:\/\/www.colorado.com.br\/nosdacolorado\/wp-json\/wp\/v2\/posts\/15","targetHints":{"allow":["GET"]}}],"collection":[{"href":"https:\/\/www.colorado.com.br\/nosdacolorado\/wp-json\/wp\/v2\/posts"}],"about":[{"href":"https:\/\/www.colorado.com.br\/nosdacolorado\/wp-json\/wp\/v2\/types\/post"}],"author":[{"embeddable":true,"href":"https:\/\/www.colorado.com.br\/nosdacolorado\/wp-json\/wp\/v2\/users\/1"}],"replies":[{"embeddable":true,"href":"https:\/\/www.colorado.com.br\/nosdacolorado\/wp-json\/wp\/v2\/comments?post=15"}],"version-history":[{"count":1,"href":"https:\/\/www.colorado.com.br\/nosdacolorado\/wp-json\/wp\/v2\/posts\/15\/revisions"}],"predecessor-version":[{"id":17,"href":"https:\/\/www.colorado.com.br\/nosdacolorado\/wp-json\/wp\/v2\/posts\/15\/revisions\/17"}],"wp:featuredmedia":[{"embeddable":true,"href":"https:\/\/www.colorado.com.br\/nosdacolorado\/wp-json\/wp\/v2\/media\/16"}],"wp:attachment":[{"href":"https:\/\/www.colorado.com.br\/nosdacolorado\/wp-json\/wp\/v2\/media?parent=15"}],"wp:term":[{"taxonomy":"category","embeddable":true,"href":"https:\/\/www.colorado.com.br\/nosdacolorado\/wp-json\/wp\/v2\/categories?post=15"},{"taxonomy":"post_tag","embeddable":true,"href":"https:\/\/www.colorado.com.br\/nosdacolorado\/wp-json\/wp\/v2\/tags?post=15"}],"curies":[{"name":"wp","href":"https:\/\/api.w.org\/{rel}","templated":true}]}}