{"id":1503,"date":"2019-11-26T07:39:49","date_gmt":"2019-11-26T09:39:49","guid":{"rendered":"http:\/\/www.colorado.com.br\/nosdacolorado\/?p=1503"},"modified":"2026-03-04T11:30:45","modified_gmt":"2026-03-04T14:30:45","slug":"colorado-da-as-boas-vindas-ao-natal-com-apresentacao-dos-guris-do-polo-guaira","status":"publish","type":"post","link":"https:\/\/www.colorado.com.br\/nosdacolorado\/colorado-da-as-boas-vindas-ao-natal-com-apresentacao-dos-guris-do-polo-guaira\/","title":{"rendered":"Colorado d\u00e1 as boas vindas ao Natal com Apresenta\u00e7\u00e3o dos Guris do Polo Gua\u00edra"},"content":{"rendered":"<p><img loading=\"lazy\" decoding=\"async\" class=\"aligncenter wp-image-25817 size-large\" src=\"https:\/\/www.colorado.com.br\/nosdacolorado\/wp-content\/uploads\/2019\/11\/DSC06322-1-1024x681.jpg\" alt=\"\" width=\"1024\" height=\"681\" srcset=\"https:\/\/www.colorado.com.br\/nosdacolorado\/wp-content\/uploads\/2019\/11\/DSC06322-1-1024x681.jpg 1024w, https:\/\/www.colorado.com.br\/nosdacolorado\/wp-content\/uploads\/2019\/11\/DSC06322-1-300x199.jpg 300w, https:\/\/www.colorado.com.br\/nosdacolorado\/wp-content\/uploads\/2019\/11\/DSC06322-1-768x511.jpg 768w, https:\/\/www.colorado.com.br\/nosdacolorado\/wp-content\/uploads\/2019\/11\/DSC06322-1-900x600.jpg 900w, https:\/\/www.colorado.com.br\/nosdacolorado\/wp-content\/uploads\/2019\/11\/DSC06322-1.jpg 1280w\" sizes=\"auto, (max-width: 1024px) 100vw, 1024px\" \/><\/p>\n<p>O Projeto Guri Polo IORM Gua\u00edra realizou nesta segunda-feira (25), uma apresenta\u00e7\u00e3o dedicada especialmente aos colaboradores da Usina Colorado. A programa\u00e7\u00e3o que marcou o in\u00edcio da prepara\u00e7\u00e3o para o Natal aconteceu no restaurante da empresa, para centenas de colaboradores.<\/p>\n<p>Participaram da apresenta\u00e7\u00e3o as turmas avan\u00e7adas dos naipes: Canto Coral, Viol\u00e3o e Percuss\u00e3o.<\/p>\n<p>A turma de Viol\u00e3o com o educador Rodolfo Spigali fez uma homenagem aos 90 anos da m\u00fasica raiz tocando dois verdadeiros \u201chinos\u201d: a m\u00fasica Tocando em Frente, de Almir Sater e Tristeza do Jeca, de Angelino de Oliveira.<\/p>\n<p>A turma de Canto Coral com o educador Cristhian Bara, al\u00e9m das can\u00e7\u00f5es j\u00e1 consagradas: A lua \u2013 MPB4, Descobridor dos Sete Mares \u2013 Tim Maia e Por Enquanto \u2013 C\u00e1ssia Eller, surpreenderam e encantaram o p\u00fablico com duas can\u00e7\u00f5es autorais: Guri e Brisa.<\/p>\n<p>A turma de Percuss\u00e3o com o educador Vin\u00edcius Lima encerrou com chave de ouro tocando as m\u00fasicas: Maracatu do Guri e Megalov\u00e2nia.<\/p>\n<p>A coordenadora do Polo Helen Rodrigues, aproveitou a oportunidade para anunciar a abertura das inscri\u00e7\u00f5es para as turmas de 2020, que come\u00e7a nesta ter\u00e7a-feira (26) em todos os polos que tem a parceria do Instituto Oswaldo Ribeiro de Mendon\u00e7a.<\/p>\n<p>Em Gua\u00edra s\u00e3o atendidos 133 crian\u00e7as e adolescentes nos cursos de Inicia\u00e7\u00e3o Musical, Canto Coral, Percuss\u00e3o e Viol\u00e3o. S\u00e3o parceiros o Instituto Oswaldo Ribeiro de Mendon\u00e7a a Usina Colorado e a Prefeitura Municipal de Gua\u00edra.<\/p>\n<p><strong>Sobre o Projeto Guri<\/strong><\/p>\n<p>Mantido pela\u00a0Secretaria de Cultura e Economia Criativa do Estado de S\u00e3o Paulo, o Projeto Guri \u00e9 considerado o maior programa sociocultural brasileiro e oferece, nos per\u00edodos de contraturno escolar, cursos de inicia\u00e7\u00e3o musical, luteria, canto coral, tecnologia em m\u00fasica, instrumentos de cordas dedilhadas, cordas friccionadas, sopros, teclados e percuss\u00e3o, para crian\u00e7as e adolescentes entre 6 e 18 anos.<\/p>\n<p>Mais de 50 mil alunos s\u00e3o atendidos por ano, em quase 400 polos de ensino, distribu\u00eddos por todo o Estado de S\u00e3o Paulo. Os quase 340 polos localizados no interior e litoral, incluindo os polos da Funda\u00e7\u00e3o CASA, s\u00e3o administrados pela Sustenidos, enquanto o controle dos polos da capital paulista e Grande S\u00e3o Paulo fica por conta de outra organiza\u00e7\u00e3o social.<\/p>\n<p>A gest\u00e3o compartilhada do Projeto Guri atende a uma resolu\u00e7\u00e3o da Secretaria que regulamenta parcerias entre o governo e pessoas jur\u00eddicas de direito privado para a\u00e7\u00f5es na \u00e1rea cultural. Desde seu in\u00edcio, em 1995, o Projeto j\u00e1 atendeu cerca de 770 mil jovens na Grande S\u00e3o Paulo, interior e litoral.<\/p>\n<p><strong>Sobre a Sustenidos \u2013 Organiza\u00e7\u00e3o Social de Cultura<\/strong><\/p>\n<p>Eleita a Melhor ONG de Cultura de 2018, a Sustenidos administra o Projeto Guri. Desde 2004, \u00e9 respons\u00e1vel pela gest\u00e3o do programa no litoral e no interior do estado de S\u00e3o Paulo, incluindo os polos da Funda\u00e7\u00e3o CASA. Al\u00e9m do Governo de S\u00e3o Paulo, a Sustenidos conta com o apoio de prefeituras, organiza\u00e7\u00f5es sociais, empresas e pessoas f\u00edsicas.<\/p>\n\n\t\t<style type=\"text\/css\">\n\t\t\t#gallery-1 {\n\t\t\t\tmargin: auto;\n\t\t\t}\n\t\t\t#gallery-1 .gallery-item {\n\t\t\t\tfloat: left;\n\t\t\t\tmargin-top: 10px;\n\t\t\t\ttext-align: center;\n\t\t\t\twidth: 33%;\n\t\t\t}\n\t\t\t#gallery-1 img {\n\t\t\t\tborder: 2px solid #cfcfcf;\n\t\t\t}\n\t\t\t#gallery-1 .gallery-caption {\n\t\t\t\tmargin-left: 0;\n\t\t\t}\n\t\t\t\/* see gallery_shortcode() in wp-includes\/media.php *\/\n\t\t<\/style>\n\t\t<div data-carousel-extra='{\"blog_id\":1,\"permalink\":\"https:\\\/\\\/www.colorado.com.br\\\/nosdacolorado\\\/colorado-da-as-boas-vindas-ao-natal-com-apresentacao-dos-guris-do-polo-guaira\\\/\"}' id='gallery-1' class='gallery galleryid-1503 gallery-columns-3 gallery-size-large'><dl class='gallery-item'>\n\t\t\t<dt class='gallery-icon landscape'>\n\t\t\t\t<a href='https:\/\/www.colorado.com.br\/nosdacolorado\/wp-content\/uploads\/2019\/11\/projeto-guir-visita.jpg'><img loading=\"lazy\" decoding=\"async\" data-attachment-id=\"25834\" data-orig-file=\"https:\/\/www.colorado.com.br\/nosdacolorado\/wp-content\/uploads\/2019\/11\/projeto-guir-visita.jpg\" data-orig-size=\"800,600\" data-comments-opened=\"0\" data-image-meta=\"{&quot;aperture&quot;:&quot;0&quot;,&quot;credit&quot;:&quot;&quot;,&quot;camera&quot;:&quot;&quot;,&quot;caption&quot;:&quot;&quot;,&quot;created_timestamp&quot;:&quot;0&quot;,&quot;copyright&quot;:&quot;&quot;,&quot;focal_length&quot;:&quot;0&quot;,&quot;iso&quot;:&quot;0&quot;,&quot;shutter_speed&quot;:&quot;0&quot;,&quot;title&quot;:&quot;&quot;,&quot;orientation&quot;:&quot;0&quot;,&quot;keywords&quot;:&quot;Array&quot;}\" data-image-title=\"projeto-guir-visita\" data-image-description=\"\" data-medium-file=\"https:\/\/www.colorado.com.br\/nosdacolorado\/wp-content\/uploads\/2019\/11\/projeto-guir-visita-300x225.jpg\" data-large-file=\"https:\/\/www.colorado.com.br\/nosdacolorado\/wp-content\/uploads\/2019\/11\/projeto-guir-visita.jpg\" width=\"800\" height=\"600\" src=\"https:\/\/www.colorado.com.br\/nosdacolorado\/wp-content\/uploads\/2019\/11\/projeto-guir-visita.jpg\" class=\"attachment-large size-large\" alt=\"\" srcset=\"https:\/\/www.colorado.com.br\/nosdacolorado\/wp-content\/uploads\/2019\/11\/projeto-guir-visita.jpg 800w, https:\/\/www.colorado.com.br\/nosdacolorado\/wp-content\/uploads\/2019\/11\/projeto-guir-visita-300x225.jpg 300w, https:\/\/www.colorado.com.br\/nosdacolorado\/wp-content\/uploads\/2019\/11\/projeto-guir-visita-768x576.jpg 768w\" sizes=\"auto, (max-width: 800px) 100vw, 800px\" \/><\/a>\n\t\t\t<\/dt><\/dl><dl class='gallery-item'>\n\t\t\t<dt class='gallery-icon landscape'>\n\t\t\t\t<a href='https:\/\/www.colorado.com.br\/nosdacolorado\/wp-content\/uploads\/2019\/11\/projeto-guri-boa-vindas.jpg'><img loading=\"lazy\" decoding=\"async\" data-attachment-id=\"25835\" data-orig-file=\"https:\/\/www.colorado.com.br\/nosdacolorado\/wp-content\/uploads\/2019\/11\/projeto-guri-boa-vindas.jpg\" data-orig-size=\"800,600\" data-comments-opened=\"0\" data-image-meta=\"{&quot;aperture&quot;:&quot;0&quot;,&quot;credit&quot;:&quot;&quot;,&quot;camera&quot;:&quot;&quot;,&quot;caption&quot;:&quot;&quot;,&quot;created_timestamp&quot;:&quot;0&quot;,&quot;copyright&quot;:&quot;&quot;,&quot;focal_length&quot;:&quot;0&quot;,&quot;iso&quot;:&quot;0&quot;,&quot;shutter_speed&quot;:&quot;0&quot;,&quot;title&quot;:&quot;&quot;,&quot;orientation&quot;:&quot;0&quot;,&quot;keywords&quot;:&quot;Array&quot;}\" data-image-title=\"projeto-guri-boa-vindas\" data-image-description=\"\" data-medium-file=\"https:\/\/www.colorado.com.br\/nosdacolorado\/wp-content\/uploads\/2019\/11\/projeto-guri-boa-vindas-300x225.jpg\" data-large-file=\"https:\/\/www.colorado.com.br\/nosdacolorado\/wp-content\/uploads\/2019\/11\/projeto-guri-boa-vindas.jpg\" width=\"800\" height=\"600\" src=\"https:\/\/www.colorado.com.br\/nosdacolorado\/wp-content\/uploads\/2019\/11\/projeto-guri-boa-vindas.jpg\" class=\"attachment-large size-large\" alt=\"\" srcset=\"https:\/\/www.colorado.com.br\/nosdacolorado\/wp-content\/uploads\/2019\/11\/projeto-guri-boa-vindas.jpg 800w, https:\/\/www.colorado.com.br\/nosdacolorado\/wp-content\/uploads\/2019\/11\/projeto-guri-boa-vindas-300x225.jpg 300w, https:\/\/www.colorado.com.br\/nosdacolorado\/wp-content\/uploads\/2019\/11\/projeto-guri-boa-vindas-768x576.jpg 768w\" sizes=\"auto, (max-width: 800px) 100vw, 800px\" \/><\/a>\n\t\t\t<\/dt><\/dl><dl class='gallery-item'>\n\t\t\t<dt class='gallery-icon landscape'>\n\t\t\t\t<a href='https:\/\/www.colorado.com.br\/nosdacolorado\/wp-content\/uploads\/2019\/11\/projeto-guri-colorado.jpg'><img loading=\"lazy\" decoding=\"async\" data-attachment-id=\"25836\" data-orig-file=\"https:\/\/www.colorado.com.br\/nosdacolorado\/wp-content\/uploads\/2019\/11\/projeto-guri-colorado.jpg\" data-orig-size=\"800,600\" data-comments-opened=\"0\" data-image-meta=\"{&quot;aperture&quot;:&quot;0&quot;,&quot;credit&quot;:&quot;&quot;,&quot;camera&quot;:&quot;&quot;,&quot;caption&quot;:&quot;&quot;,&quot;created_timestamp&quot;:&quot;0&quot;,&quot;copyright&quot;:&quot;&quot;,&quot;focal_length&quot;:&quot;0&quot;,&quot;iso&quot;:&quot;0&quot;,&quot;shutter_speed&quot;:&quot;0&quot;,&quot;title&quot;:&quot;&quot;,&quot;orientation&quot;:&quot;0&quot;,&quot;keywords&quot;:&quot;Array&quot;}\" data-image-title=\"projeto-guri-colorado\" data-image-description=\"\" data-medium-file=\"https:\/\/www.colorado.com.br\/nosdacolorado\/wp-content\/uploads\/2019\/11\/projeto-guri-colorado-300x225.jpg\" data-large-file=\"https:\/\/www.colorado.com.br\/nosdacolorado\/wp-content\/uploads\/2019\/11\/projeto-guri-colorado.jpg\" width=\"800\" height=\"600\" src=\"https:\/\/www.colorado.com.br\/nosdacolorado\/wp-content\/uploads\/2019\/11\/projeto-guri-colorado.jpg\" class=\"attachment-large size-large\" alt=\"\" srcset=\"https:\/\/www.colorado.com.br\/nosdacolorado\/wp-content\/uploads\/2019\/11\/projeto-guri-colorado.jpg 800w, https:\/\/www.colorado.com.br\/nosdacolorado\/wp-content\/uploads\/2019\/11\/projeto-guri-colorado-300x225.jpg 300w, https:\/\/www.colorado.com.br\/nosdacolorado\/wp-content\/uploads\/2019\/11\/projeto-guri-colorado-768x576.jpg 768w\" sizes=\"auto, (max-width: 800px) 100vw, 800px\" \/><\/a>\n\t\t\t<\/dt><\/dl><br style=\"clear: both\" \/>\n\t\t<\/div>\n\n","protected":false},"excerpt":{"rendered":"<p>O Projeto Guri Polo IORM Gua\u00edra realizou nesta segunda-feira (25), uma apresenta\u00e7\u00e3o dedicada especialmente aos colaboradores da Usina Colorado. A programa\u00e7\u00e3o que marcou o in\u00edcio da prepara\u00e7\u00e3o para o Natal&#8230;<\/p>\n","protected":false},"author":2,"featured_media":25817,"comment_status":"closed","ping_status":"open","sticky":false,"template":"","format":"standard","meta":{"footnotes":""},"categories":[11,13],"tags":[],"class_list":{"0":"post-1503","1":"post","2":"type-post","3":"status-publish","4":"format-standard","5":"has-post-thumbnail","7":"category-acontece-na-colorado","8":"category-na-cidade"},"_links":{"self":[{"href":"https:\/\/www.colorado.com.br\/nosdacolorado\/wp-json\/wp\/v2\/posts\/1503","targetHints":{"allow":["GET"]}}],"collection":[{"href":"https:\/\/www.colorado.com.br\/nosdacolorado\/wp-json\/wp\/v2\/posts"}],"about":[{"href":"https:\/\/www.colorado.com.br\/nosdacolorado\/wp-json\/wp\/v2\/types\/post"}],"author":[{"embeddable":true,"href":"https:\/\/www.colorado.com.br\/nosdacolorado\/wp-json\/wp\/v2\/users\/2"}],"replies":[{"embeddable":true,"href":"https:\/\/www.colorado.com.br\/nosdacolorado\/wp-json\/wp\/v2\/comments?post=1503"}],"version-history":[{"count":8,"href":"https:\/\/www.colorado.com.br\/nosdacolorado\/wp-json\/wp\/v2\/posts\/1503\/revisions"}],"predecessor-version":[{"id":25837,"href":"https:\/\/www.colorado.com.br\/nosdacolorado\/wp-json\/wp\/v2\/posts\/1503\/revisions\/25837"}],"wp:featuredmedia":[{"embeddable":true,"href":"https:\/\/www.colorado.com.br\/nosdacolorado\/wp-json\/wp\/v2\/media\/25817"}],"wp:attachment":[{"href":"https:\/\/www.colorado.com.br\/nosdacolorado\/wp-json\/wp\/v2\/media?parent=1503"}],"wp:term":[{"taxonomy":"category","embeddable":true,"href":"https:\/\/www.colorado.com.br\/nosdacolorado\/wp-json\/wp\/v2\/categories?post=1503"},{"taxonomy":"post_tag","embeddable":true,"href":"https:\/\/www.colorado.com.br\/nosdacolorado\/wp-json\/wp\/v2\/tags?post=1503"}],"curies":[{"name":"wp","href":"https:\/\/api.w.org\/{rel}","templated":true}]}}