{"id":15422,"date":"2021-12-29T08:18:39","date_gmt":"2021-12-29T10:18:39","guid":{"rendered":"https:\/\/www.colorado.com.br\/nosdacolorado\/?p=15422"},"modified":"2021-12-29T08:18:39","modified_gmt":"2021-12-29T10:18:39","slug":"%e2%80%8blinhas-de-credito-super-especiais-da-credcol-aliviam-as-contas-do-inicio-de-ano","status":"publish","type":"post","link":"https:\/\/www.colorado.com.br\/nosdacolorado\/%e2%80%8blinhas-de-credito-super-especiais-da-credcol-aliviam-as-contas-do-inicio-de-ano\/","title":{"rendered":"\u200bLinhas de Cr\u00e9dito super especiais da Credcol aliviam as contas do in\u00edcio de ano"},"content":{"rendered":"<p style=\"font-weight: 400;\">\u200b<a href=\"https:\/\/www.colorado.com.br\/nosdacolorado\/wp-content\/uploads\/2021\/12\/empty-wallet-due-to-coronavirus-economic-impact-social-banner-illustration.jpg\" rel=\"prettyPhoto[gallery-vtAg]\"><img loading=\"lazy\" decoding=\"async\" class=\"size-full wp-image-15423\" src=\"https:\/\/www.colorado.com.br\/nosdacolorado\/wp-content\/uploads\/2021\/12\/empty-wallet-due-to-coronavirus-economic-impact-social-banner-illustration.jpg\" alt=\"\" width=\"4118\" height=\"2316\" srcset=\"https:\/\/www.colorado.com.br\/nosdacolorado\/wp-content\/uploads\/2021\/12\/empty-wallet-due-to-coronavirus-economic-impact-social-banner-illustration.jpg 4118w, https:\/\/www.colorado.com.br\/nosdacolorado\/wp-content\/uploads\/2021\/12\/empty-wallet-due-to-coronavirus-economic-impact-social-banner-illustration-300x169.jpg 300w, https:\/\/www.colorado.com.br\/nosdacolorado\/wp-content\/uploads\/2021\/12\/empty-wallet-due-to-coronavirus-economic-impact-social-banner-illustration-768x432.jpg 768w, https:\/\/www.colorado.com.br\/nosdacolorado\/wp-content\/uploads\/2021\/12\/empty-wallet-due-to-coronavirus-economic-impact-social-banner-illustration-1024x576.jpg 1024w\" sizes=\"auto, (max-width: 4118px) 100vw, 4118px\" \/><\/a><\/p>\n<p><span style=\"font-size: 16px;\">Se algo saiu do seu controle nas festas do final de ano, ainda \u00e9 poss\u00edvel colocar o or\u00e7amento do in\u00edcio de 2022 em ordem. A Credcol preparou linhas de cr\u00e9dito a juros reduzidos para que os associados possam\u00a0 entrar no ano novo com as contas em azul.<\/span><\/p>\n<p style=\"font-weight: 400;\">S\u00e3o quatro diferentes linhas de cr\u00e9dito, com objetivos espec\u00edficos e exclusivos para que as primeiras despesas do ano como: IPVA e licenciamento, aquisi\u00e7\u00e3o de material escolar e IPTU possam ser pagas com tranquilidade. H\u00e1 tamb\u00e9m a linha de financiamento para pessoas f\u00edsicas que desejem equilibrar o planejamento. Fique atento pois a contrata\u00e7\u00e3o j\u00e1 pode ser feita nos primeiros dias de janeiro.<strong>\u00a0<\/strong><\/p>\n<h2 style=\"font-weight: 400;\"><strong>Confira as linhas de cr\u00e9dito:<\/strong><strong>\u00a0<\/strong><\/h2>\n<h3 style=\"font-weight: 400;\"><strong>IPVA e Licenciamento de Ve\u00edculos<\/strong><\/h3>\n<p style=\"font-weight: 400;\">A boa not\u00edcia para quem possui carro pr\u00f3prio \u00e9 que, a<strong>\u00a0<\/strong>partir do dia\u00a0 3\u00a0de janeiro de 2022, a Credcol come\u00e7ar\u00e1 receber os informes de pagamento do IPVA e o valor do Licenciamento de Ve\u00edculos.\u00a0 O empr\u00e9stimo para saldar esses impostos poder\u00e1 ser feito em at\u00e9 cinco meses, a uma taxa de juros mensais de 0,50% + Selic Mensal. Quem contratar, ter\u00e1 o primeiro desconto em holerite na data de\u00a05 de mar\u00e7o de 2022.<\/p>\n<h3 style=\"font-weight: 400;\"><strong>Material Escolar<\/strong><\/h3>\n<p style=\"font-weight: 400;\">Quem tem filhos na escola j\u00e1 sabe: come\u00e7o de ano \u00e9 o momento de compra de material escolar, que pode desequilibrar o or\u00e7amento dom\u00e9stico. A Credcol j\u00e1 come\u00e7ou a fazer as\u00a0cota\u00e7\u00f5es dos materiais junto \u00e0s principais papelarias e livrarias das cidades de seus associados. Em breve vai divulgar \u00a0o in\u00edcio da entrega das autoriza\u00e7\u00f5es de compra. Essa linha de cr\u00e9dito \u00e9 especial, pois a \u00a0Credcol paga uma parte da compra e o restante pode ser parcelado em oito meses, a uma taxa de juros mensais de 0,50%. Quem contratar essa linha ter\u00e1 o primeiro desconto em holerite na data de\u00a05 de abril\u00a0 de 2022.<\/p>\n<h3 style=\"font-weight: 400;\"><strong>IPTU<\/strong><\/h3>\n<p style=\"font-weight: 400;\">Nem bem come\u00e7a o ano, os carn\u00eas do Imposto Predial e Territorial Urbana chegam nas casas dos contribuintes. Cada cidade da regi\u00e3o tem uma data\u00a0 para iniciar a entrega do carn\u00ea. Na maioria das vezes, quando o valor total do Imposto \u00e9 pago at\u00e9 o vencimento em parcela \u00fanica, o munic\u00edpio oferece descontos atrativos. Para que os associados possam se beneficiar desta vantagem,\u00a0 a partir do dia 3\u00a0de janeiro de 2022\u00a0a Credcol passar\u00e1 a receber os boletos para pagamento. O empr\u00e9stimo para quita\u00e7\u00e3o do IPTU pode ser feito em at\u00e9 oito meses, taxa de juros mensais de 0,50%+Selic Mensal. O primeiro desconto para esta contrata\u00e7\u00e3o ser\u00e1 feito no holerite de\u00a05 de mar\u00e7o de 2022. Mas fique atento: as condi\u00e7\u00f5es de pagamento e taxa de juros s\u00e3o v\u00e1lidas apenas para os tributos que ainda n\u00e3o est\u00e3o vencidos.<em>\u00a0<\/em><\/p>\n<h3 style=\"font-weight: 400;\"><strong>Cr\u00e9dito Pessoal<\/strong><\/h3>\n<p style=\"font-weight: 400;\">Se voc\u00ea se apertou nas festas do final de ano e quer passar as d\u00edvidas a limpo, a<strong>\u00a0<\/strong>Credcol oferece j\u00e1 no primeiro dia \u00fatil do ano linha de Cr\u00e9dito Pessoal. Com juros muito abaixo dos praticados pelas institui\u00e7\u00f5es financeiras, a contrata\u00e7\u00e3o dessa linha \u00e9 uma \u00f3tima op\u00e7\u00e3o para quitar as contas que ficaram em atraso.<\/p>\n<p style=\"font-weight: 400;\">Veja as taxas de juros:<\/p>\n<p style=\"font-weight: 400;\">01 a 06 parcelas \u2013 0,51% a.m. + Selic Mensal;<\/p>\n<p style=\"font-weight: 400;\">07 a 12 parcelas \u2013\u00a00,54% a.m. + Selic Mensal;<\/p>\n<p style=\"font-weight: 400;\">13 a 18 parcelas \u2013\u00a00,56% a.m. + Selic Mensal;<\/p>\n<p style=\"font-weight: 400;\">19 a 24 parcelas \u2013\u00a00,70% a.m. + Selic Mensal;<\/p>\n<p style=\"font-weight: 400;\">19 a 36 parcelas \u2013\u00a00,74% a.m. + Selic Mensal;<\/p>\n<p style=\"font-weight: 400;\">37 a 60 parcelas \u2013\u00a00,87% a.m. + Selic Mensal;<\/p>\n<p style=\"font-weight: 400;\">Selic Mensal: 0,7775%<\/p>\n","protected":false},"excerpt":{"rendered":"<p>\u200b Se algo saiu do seu controle nas festas do final de ano, ainda \u00e9 poss\u00edvel colocar o or\u00e7amento do in\u00edcio de 2022 em ordem. A Credcol preparou linhas de&#8230;<\/p>\n","protected":false},"author":2,"featured_media":15425,"comment_status":"open","ping_status":"open","sticky":false,"template":"","format":"standard","meta":{"footnotes":""},"categories":[10],"tags":[],"class_list":{"0":"post-15422","1":"post","2":"type-post","3":"status-publish","4":"format-standard","5":"has-post-thumbnail","7":"category-credcol"},"_links":{"self":[{"href":"https:\/\/www.colorado.com.br\/nosdacolorado\/wp-json\/wp\/v2\/posts\/15422","targetHints":{"allow":["GET"]}}],"collection":[{"href":"https:\/\/www.colorado.com.br\/nosdacolorado\/wp-json\/wp\/v2\/posts"}],"about":[{"href":"https:\/\/www.colorado.com.br\/nosdacolorado\/wp-json\/wp\/v2\/types\/post"}],"author":[{"embeddable":true,"href":"https:\/\/www.colorado.com.br\/nosdacolorado\/wp-json\/wp\/v2\/users\/2"}],"replies":[{"embeddable":true,"href":"https:\/\/www.colorado.com.br\/nosdacolorado\/wp-json\/wp\/v2\/comments?post=15422"}],"version-history":[{"count":1,"href":"https:\/\/www.colorado.com.br\/nosdacolorado\/wp-json\/wp\/v2\/posts\/15422\/revisions"}],"predecessor-version":[{"id":15426,"href":"https:\/\/www.colorado.com.br\/nosdacolorado\/wp-json\/wp\/v2\/posts\/15422\/revisions\/15426"}],"wp:featuredmedia":[{"embeddable":true,"href":"https:\/\/www.colorado.com.br\/nosdacolorado\/wp-json\/wp\/v2\/media\/15425"}],"wp:attachment":[{"href":"https:\/\/www.colorado.com.br\/nosdacolorado\/wp-json\/wp\/v2\/media?parent=15422"}],"wp:term":[{"taxonomy":"category","embeddable":true,"href":"https:\/\/www.colorado.com.br\/nosdacolorado\/wp-json\/wp\/v2\/categories?post=15422"},{"taxonomy":"post_tag","embeddable":true,"href":"https:\/\/www.colorado.com.br\/nosdacolorado\/wp-json\/wp\/v2\/tags?post=15422"}],"curies":[{"name":"wp","href":"https:\/\/api.w.org\/{rel}","templated":true}]}}