{"id":15679,"date":"2022-01-19T09:39:45","date_gmt":"2022-01-19T11:39:45","guid":{"rendered":"https:\/\/www.colorado.com.br\/nosdacolorado\/?p=15679"},"modified":"2022-01-19T09:39:45","modified_gmt":"2022-01-19T11:39:45","slug":"cidade-do-interior-de-sp-que-vacinou-em-massa-ve-queda-de-internacoes-apesar-do-aumento-de-casos-de-covid","status":"publish","type":"post","link":"https:\/\/www.colorado.com.br\/nosdacolorado\/cidade-do-interior-de-sp-que-vacinou-em-massa-ve-queda-de-internacoes-apesar-do-aumento-de-casos-de-covid\/","title":{"rendered":"Cidade do interior de SP que vacinou em massa v\u00ea queda de interna\u00e7\u00f5es apesar do aumento de casos de Covid"},"content":{"rendered":"<div class=\"row content-head non-featured \">\n<div class=\"medium-centered subtitle\">\n<h2 class=\"content-head__subtitle\">Apesar do aumento do n\u00famero de contaminados, quase n\u00e3o h\u00e1 reflexo no sistema de sa\u00fade de Botucatu. Isso por causa da cobertura vacinal da cidade: 90% dos moradores receberam duas doses da vacina; quase 70%, a dose de refor\u00e7o.<\/h2>\n<\/div>\n<\/div>\n<div class=\"content__signa-share\">\n<div class=\"content__signature\">\n<div class=\"content-publication-data\">\n<div class=\"content-publication-data__text\">\n<p class=\"content-publication-data__from\" title=\"Jornal Nacional\">Por Jornal Nacional<\/p>\n<div class=\"mc-column content-text active-extra-styles \" data-block-type=\"unstyled\" data-block-weight=\"21\" data-block-id=\"2\">\n<p class=\"content-text__container \" data-track-category=\"Link no Texto\" data-track-links=\"\">No interior de S\u00e3o Paulo, uma cidade serve de exemplo daquilo que acontece quando a comunidade adere maci\u00e7amente \u00e0 vacina anti-<a href=\"https:\/\/g1.globo.com\/saude\/coronavirus\/\">Covid<\/a>.<\/p>\n<\/div>\n<div class=\"wall protected-content\">\n<div class=\"mc-column content-text active-extra-styles \" data-block-type=\"unstyled\" data-block-weight=\"35\" data-block-id=\"3\">\n<p class=\"content-text__container \" data-track-category=\"Link no Texto\" data-track-links=\"\">A fam\u00edlia do empres\u00e1rio Lourival Panhozzi passou os \u00faltimos dia isolada, depois de contrair Covid: &#8220;Eu, minha esposa, minha filha de 6 anos, a minha neta tamb\u00e9m se contaminou. Ontem terminou o meu isolamento&#8221;, conta.<\/p>\n<p data-track-category=\"Link no Texto\" data-track-links=\"\"><span class=\"highlight highlighted\">Os casos em\u00a0<\/span><a href=\"https:\/\/g1.globo.com\/sp\/bauru-marilia\/cidade\/botucatu\/\"><span class=\"highlight highlighted\">Botucatu<\/span><\/a><span class=\"highlight highlighted\">, cidade de 149 mil habitantes, dispararam. Na semana passada, foram quase 2 mil casos positivos conhecidos &#8211; um aumento de mais de 700% em compara\u00e7\u00e3o com a primeira semana de 2022<\/span>.<\/p>\n<div class=\"mc-column content-text active-extra-styles \" data-block-type=\"unstyled\" data-block-weight=\"76\" data-block-id=\"8\">\n<p class=\"content-text__container \" data-track-category=\"Link no Texto\" data-track-links=\"\">&#8220;Se a gente comparar com o pito anterior que tivemos em junho de 2021, que foi perto de mil casos, na \u00e9poca n\u00f3s t\u00ednhamos 111 pessoas de\u00a0<a href=\"https:\/\/g1.globo.com\/sp\/bauru-marilia\/cidade\/botucatu\/\">Botucatu<\/a>\u00a0internadas por Covid, 38 se encontravam em UTI &#8211; muitos intubados, precisando de hemodi\u00e1lise &#8211; e registramos 31 \u00f3bitos naquele m\u00eas de junho do pico anterior. e nos \u00faltimos 60 dias, registramos apenas 2 \u00f3bitos aqui no munic\u00edpio de\u00a0<a href=\"https:\/\/g1.globo.com\/sp\/bauru-marilia\/cidade\/botucatu\/\">Botucatu<\/a>&#8220;, diz Andr\u00e9 Spadaro, secret\u00e1rio de Sa\u00fade de\u00a0<a href=\"https:\/\/g1.globo.com\/sp\/bauru-marilia\/cidade\/botucatu\/\">Botucatu<\/a>.<\/p>\n<\/div>\n<div class=\"mc-column content-text active-extra-styles \" data-block-type=\"unstyled\" data-block-weight=\"13\" data-block-id=\"9\">\n<p class=\"content-text__container \" data-track-category=\"Link no Texto\" data-track-links=\"\">Atualmente, s\u00f3 quatro moradores est\u00e3o internados em enfermaria. Nenhum paciente est\u00e1 na UTI.<\/p>\n<\/div>\n<div class=\"mc-column content-text active-extra-styles \" data-block-type=\"unstyled\" data-block-weight=\"45\" data-block-id=\"10\">\n<p class=\"content-text__container \" data-track-category=\"Link no Texto\" data-track-links=\"\">&#8220;N\u00f3s n\u00e3o temos d\u00favida de que a vacina\u00e7\u00e3o reduziu o n\u00famero de casos graves, reduziu o n\u00famero de mortes e isso tem feito com que\u00a0<a href=\"https:\/\/g1.globo.com\/sp\/bauru-marilia\/cidade\/botucatu\/\">Botucatu<\/a>\u00a0tenha internado menos pessoas do que outros munic\u00edpios aqui do interior paulista&#8221;, afirma o m\u00e9dico infectologista Carlos Magno Fortaleza.<\/p>\n<div class=\"mc-column content-text active-extra-styles \" data-block-type=\"unstyled\" data-block-weight=\"53\" data-block-id=\"13\">\n<p class=\"content-text__container \" data-track-category=\"Link no Texto\" data-track-links=\"\"><a href=\"https:\/\/g1.globo.com\/sp\/bauru-marilia\/cidade\/botucatu\/\">Botucatu<\/a>\u00a0faz parte de um estudo do\u00a0<a href=\"https:\/\/g1.globo.com\/tudo-sobre\/ministerio-da-saude\/\">Minist\u00e9rio da Sa\u00fade<\/a>, da\u00a0<a href=\"https:\/\/g1.globo.com\/tudo-sobre\/fiocruz\/\">Fiocruz<\/a>, da\u00a0<a href=\"https:\/\/g1.globo.com\/educacao\/universidade\/unesp\/\">UNESP<\/a>\u00a0e d<a href=\"https:\/\/g1.globo.com\/tudo-sobre\/oxford\/\">a Universidade de Oxfo<\/a>rd para testar a efetividade da vacina da AstraZeneca.\u00a0<span class=\"highlight highlighted\">Em maio de 2021, a cidade vacinou 80% dos adultos em dois dias. A segunda dose foi aplicada em agosto e o refor\u00e7o come\u00e7ou em dezembro<\/span>.<\/p>\n<\/div>\n<div class=\"mc-column content-text active-extra-styles \" data-block-type=\"unstyled\" data-block-weight=\"26\" data-block-id=\"14\">\n<p class=\"content-text__container \" data-track-category=\"Link no Texto\" data-track-links=\"\">&#8220;Por isso \u00e9 muito importante tomar a vacina. Vacina salva vidas, nos protege e protege todos que est\u00e3o a nossa volta&#8221;, afirma a enfermeira Elaine Pavani.<\/p>\n<\/div>\n<\/div>\n<\/div>\n<\/div>\n<\/div>\n<\/div>\n<\/div>\n<\/div>\n","protected":false},"excerpt":{"rendered":"<p>Apesar do aumento do n\u00famero de contaminados, quase n\u00e3o h\u00e1 reflexo no sistema de sa\u00fade de Botucatu. Isso por causa da cobertura vacinal da cidade: 90% dos moradores receberam duas&#8230;<\/p>\n","protected":false},"author":2,"featured_media":15681,"comment_status":"open","ping_status":"open","sticky":false,"template":"","format":"standard","meta":{"footnotes":""},"categories":[11],"tags":[],"class_list":{"0":"post-15679","1":"post","2":"type-post","3":"status-publish","4":"format-standard","5":"has-post-thumbnail","7":"category-acontece-na-colorado"},"_links":{"self":[{"href":"https:\/\/www.colorado.com.br\/nosdacolorado\/wp-json\/wp\/v2\/posts\/15679","targetHints":{"allow":["GET"]}}],"collection":[{"href":"https:\/\/www.colorado.com.br\/nosdacolorado\/wp-json\/wp\/v2\/posts"}],"about":[{"href":"https:\/\/www.colorado.com.br\/nosdacolorado\/wp-json\/wp\/v2\/types\/post"}],"author":[{"embeddable":true,"href":"https:\/\/www.colorado.com.br\/nosdacolorado\/wp-json\/wp\/v2\/users\/2"}],"replies":[{"embeddable":true,"href":"https:\/\/www.colorado.com.br\/nosdacolorado\/wp-json\/wp\/v2\/comments?post=15679"}],"version-history":[{"count":1,"href":"https:\/\/www.colorado.com.br\/nosdacolorado\/wp-json\/wp\/v2\/posts\/15679\/revisions"}],"predecessor-version":[{"id":15682,"href":"https:\/\/www.colorado.com.br\/nosdacolorado\/wp-json\/wp\/v2\/posts\/15679\/revisions\/15682"}],"wp:featuredmedia":[{"embeddable":true,"href":"https:\/\/www.colorado.com.br\/nosdacolorado\/wp-json\/wp\/v2\/media\/15681"}],"wp:attachment":[{"href":"https:\/\/www.colorado.com.br\/nosdacolorado\/wp-json\/wp\/v2\/media?parent=15679"}],"wp:term":[{"taxonomy":"category","embeddable":true,"href":"https:\/\/www.colorado.com.br\/nosdacolorado\/wp-json\/wp\/v2\/categories?post=15679"},{"taxonomy":"post_tag","embeddable":true,"href":"https:\/\/www.colorado.com.br\/nosdacolorado\/wp-json\/wp\/v2\/tags?post=15679"}],"curies":[{"name":"wp","href":"https:\/\/api.w.org\/{rel}","templated":true}]}}