{"id":15819,"date":"2022-02-03T16:19:57","date_gmt":"2022-02-03T18:19:57","guid":{"rendered":"https:\/\/www.colorado.com.br\/nosdacolorado\/?p=15819"},"modified":"2022-02-03T16:30:15","modified_gmt":"2022-02-03T18:30:15","slug":"usina-colorado-abre-inscricoes-para-o-programa-jovem-aprendiz","status":"publish","type":"post","link":"https:\/\/www.colorado.com.br\/nosdacolorado\/usina-colorado-abre-inscricoes-para-o-programa-jovem-aprendiz\/","title":{"rendered":"Usina Colorado abre inscri\u00e7\u00f5es para o Programa Jovem Aprendiz"},"content":{"rendered":"<p><a href=\"https:\/\/www.colorado.com.br\/nosdacolorado\/wp-content\/uploads\/2022\/02\/Jovem-Aprendiz_Post-Facebook-02.png\" rel=\"prettyPhoto[gallery-gNRh]\"><img loading=\"lazy\" decoding=\"async\" class=\"aligncenter size-full wp-image-15820\" src=\"https:\/\/www.colorado.com.br\/nosdacolorado\/wp-content\/uploads\/2022\/02\/Jovem-Aprendiz_Post-Facebook-02.png\" alt=\"\" width=\"1080\" height=\"1080\" srcset=\"https:\/\/www.colorado.com.br\/nosdacolorado\/wp-content\/uploads\/2022\/02\/Jovem-Aprendiz_Post-Facebook-02.png 1080w, https:\/\/www.colorado.com.br\/nosdacolorado\/wp-content\/uploads\/2022\/02\/Jovem-Aprendiz_Post-Facebook-02-150x150.png 150w, https:\/\/www.colorado.com.br\/nosdacolorado\/wp-content\/uploads\/2022\/02\/Jovem-Aprendiz_Post-Facebook-02-300x300.png 300w, https:\/\/www.colorado.com.br\/nosdacolorado\/wp-content\/uploads\/2022\/02\/Jovem-Aprendiz_Post-Facebook-02-768x768.png 768w, https:\/\/www.colorado.com.br\/nosdacolorado\/wp-content\/uploads\/2022\/02\/Jovem-Aprendiz_Post-Facebook-02-1024x1024.png 1024w, https:\/\/www.colorado.com.br\/nosdacolorado\/wp-content\/uploads\/2022\/02\/Jovem-Aprendiz_Post-Facebook-02-100x100.png 100w, https:\/\/www.colorado.com.br\/nosdacolorado\/wp-content\/uploads\/2022\/02\/Jovem-Aprendiz_Post-Facebook-02-140x140.png 140w, https:\/\/www.colorado.com.br\/nosdacolorado\/wp-content\/uploads\/2022\/02\/Jovem-Aprendiz_Post-Facebook-02-500x500.png 500w, https:\/\/www.colorado.com.br\/nosdacolorado\/wp-content\/uploads\/2022\/02\/Jovem-Aprendiz_Post-Facebook-02-350x350.png 350w, https:\/\/www.colorado.com.br\/nosdacolorado\/wp-content\/uploads\/2022\/02\/Jovem-Aprendiz_Post-Facebook-02-1000x1000.png 1000w, https:\/\/www.colorado.com.br\/nosdacolorado\/wp-content\/uploads\/2022\/02\/Jovem-Aprendiz_Post-Facebook-02-800x800.png 800w\" sizes=\"auto, (max-width: 1080px) 100vw, 1080px\" \/><\/a><\/p>\n<p>A Usina Colorado abriu as inscri\u00e7\u00f5es para o Programa Jovem Aprendiz para o curso Manuten\u00e7\u00e3o Automotiva de M\u00e1quinas Agr\u00edcolas\u00a0e Ve\u00edculos\u00a0Pesados. At\u00e9 o dia 18 de fevereiro podem se inscrever jovens com idades entre 18 e 22 anos, cursando ou tendo conclu\u00eddo o ensino m\u00e9dio.<\/p>\n<p>\u00c9 indispens\u00e1vel que os inscritos residam nas cidades de\u00a0 Gua\u00edra,\u00a0Miguel\u00f3polis,\u00a0Ituverava e Ipu\u00e3. O curso tem 24 meses de dura\u00e7\u00e3o. Para participar da sele\u00e7\u00e3o para o Programa,\u00a0 os interessados devem encaminhar curr\u00edculo\u00a0com a sigla Aprendiz para o e mail\u00a0<a href=\"mailto:rhrecrutamento@colorado.com.br\">rhrecrutamento@colorado.com.br<\/a>\u00a0 ou entregar o curr\u00edculo impresso \u00a0na portaria da Usina Colorado.<\/p>\n<p>O Programa Jovem Aprendiz 2022 traz oportunidades para uma das parcelas da popula\u00e7\u00e3o com mais dificuldade para ingressar no mercado de trabalho por causa da falta de experi\u00eancia. As vagas para o Programa Jovem Aprendiz representam incentivos para o primeiro emprego, aliando viv\u00eancia profissional a conhecimentos te\u00f3ricos. A empresa oferece o Programa h\u00e1 mais de uma d\u00e9cada.<\/p>\n<p>O Programa \u00e9 uma iniciativa da parceria entre Usina Colorado e Servi\u00e7o Nacional de Aprendizagem Industrial\u00a0 &#8211; Senai.<\/p>\n","protected":false},"excerpt":{"rendered":"<p>A Usina Colorado abriu as inscri\u00e7\u00f5es para o Programa Jovem Aprendiz para o curso Manuten\u00e7\u00e3o Automotiva de M\u00e1quinas Agr\u00edcolas\u00a0e Ve\u00edculos\u00a0Pesados. At\u00e9 o dia 18 de fevereiro podem se inscrever jovens&#8230;<\/p>\n","protected":false},"author":2,"featured_media":15820,"comment_status":"open","ping_status":"open","sticky":false,"template":"","format":"standard","meta":{"footnotes":""},"categories":[11],"tags":[],"class_list":{"0":"post-15819","1":"post","2":"type-post","3":"status-publish","4":"format-standard","5":"has-post-thumbnail","7":"category-acontece-na-colorado"},"_links":{"self":[{"href":"https:\/\/www.colorado.com.br\/nosdacolorado\/wp-json\/wp\/v2\/posts\/15819","targetHints":{"allow":["GET"]}}],"collection":[{"href":"https:\/\/www.colorado.com.br\/nosdacolorado\/wp-json\/wp\/v2\/posts"}],"about":[{"href":"https:\/\/www.colorado.com.br\/nosdacolorado\/wp-json\/wp\/v2\/types\/post"}],"author":[{"embeddable":true,"href":"https:\/\/www.colorado.com.br\/nosdacolorado\/wp-json\/wp\/v2\/users\/2"}],"replies":[{"embeddable":true,"href":"https:\/\/www.colorado.com.br\/nosdacolorado\/wp-json\/wp\/v2\/comments?post=15819"}],"version-history":[{"count":2,"href":"https:\/\/www.colorado.com.br\/nosdacolorado\/wp-json\/wp\/v2\/posts\/15819\/revisions"}],"predecessor-version":[{"id":15822,"href":"https:\/\/www.colorado.com.br\/nosdacolorado\/wp-json\/wp\/v2\/posts\/15819\/revisions\/15822"}],"wp:featuredmedia":[{"embeddable":true,"href":"https:\/\/www.colorado.com.br\/nosdacolorado\/wp-json\/wp\/v2\/media\/15820"}],"wp:attachment":[{"href":"https:\/\/www.colorado.com.br\/nosdacolorado\/wp-json\/wp\/v2\/media?parent=15819"}],"wp:term":[{"taxonomy":"category","embeddable":true,"href":"https:\/\/www.colorado.com.br\/nosdacolorado\/wp-json\/wp\/v2\/categories?post=15819"},{"taxonomy":"post_tag","embeddable":true,"href":"https:\/\/www.colorado.com.br\/nosdacolorado\/wp-json\/wp\/v2\/tags?post=15819"}],"curies":[{"name":"wp","href":"https:\/\/api.w.org\/{rel}","templated":true}]}}