{"id":16181,"date":"2022-02-24T08:19:53","date_gmt":"2022-02-24T11:19:53","guid":{"rendered":"https:\/\/www.colorado.com.br\/nosdacolorado\/?p=16181"},"modified":"2022-02-24T08:19:53","modified_gmt":"2022-02-24T11:19:53","slug":"biblioteca-engenho-do-conhecimento-16-anos","status":"publish","type":"post","link":"https:\/\/www.colorado.com.br\/nosdacolorado\/biblioteca-engenho-do-conhecimento-16-anos\/","title":{"rendered":"Biblioteca Engenho do Conhecimento &#8211; 16 anos"},"content":{"rendered":"\n\t\t<style type=\"text\/css\">\n\t\t\t#gallery-1 {\n\t\t\t\tmargin: auto;\n\t\t\t}\n\t\t\t#gallery-1 .gallery-item {\n\t\t\t\tfloat: left;\n\t\t\t\tmargin-top: 10px;\n\t\t\t\ttext-align: center;\n\t\t\t\twidth: 50%;\n\t\t\t}\n\t\t\t#gallery-1 img {\n\t\t\t\tborder: 2px solid #cfcfcf;\n\t\t\t}\n\t\t\t#gallery-1 .gallery-caption {\n\t\t\t\tmargin-left: 0;\n\t\t\t}\n\t\t\t\/* see gallery_shortcode() in wp-includes\/media.php *\/\n\t\t<\/style>\n\t\t<div data-carousel-extra='{\"blog_id\":1,\"permalink\":\"https:\\\/\\\/www.colorado.com.br\\\/nosdacolorado\\\/biblioteca-engenho-do-conhecimento-16-anos\\\/\"}' id='gallery-1' class='gallery galleryid-16181 gallery-columns-2 gallery-size-large'><dl class='gallery-item'>\n\t\t\t<dt class='gallery-icon landscape'>\n\t\t\t\t<a href='https:\/\/www.colorado.com.br\/nosdacolorado\/wp-content\/uploads\/2022\/02\/1.jpeg'><img loading=\"lazy\" decoding=\"async\" data-attachment-id=\"16182\" data-orig-file=\"https:\/\/www.colorado.com.br\/nosdacolorado\/wp-content\/uploads\/2022\/02\/1.jpeg\" data-orig-size=\"1280,1280\" data-comments-opened=\"1\" data-image-meta=\"{&quot;aperture&quot;:&quot;0&quot;,&quot;credit&quot;:&quot;&quot;,&quot;camera&quot;:&quot;&quot;,&quot;caption&quot;:&quot;&quot;,&quot;created_timestamp&quot;:&quot;0&quot;,&quot;copyright&quot;:&quot;&quot;,&quot;focal_length&quot;:&quot;0&quot;,&quot;iso&quot;:&quot;0&quot;,&quot;shutter_speed&quot;:&quot;0&quot;,&quot;title&quot;:&quot;&quot;,&quot;orientation&quot;:&quot;0&quot;,&quot;keywords&quot;:&quot;Array&quot;}\" data-image-title=\"1\" data-image-description=\"\" data-medium-file=\"https:\/\/www.colorado.com.br\/nosdacolorado\/wp-content\/uploads\/2022\/02\/1-300x300.jpeg\" data-large-file=\"https:\/\/www.colorado.com.br\/nosdacolorado\/wp-content\/uploads\/2022\/02\/1-1024x1024.jpeg\" width=\"1024\" height=\"1024\" src=\"https:\/\/www.colorado.com.br\/nosdacolorado\/wp-content\/uploads\/2022\/02\/1-1024x1024.jpeg\" class=\"attachment-large size-large\" alt=\"\" srcset=\"https:\/\/www.colorado.com.br\/nosdacolorado\/wp-content\/uploads\/2022\/02\/1-1024x1024.jpeg 1024w, https:\/\/www.colorado.com.br\/nosdacolorado\/wp-content\/uploads\/2022\/02\/1-150x150.jpeg 150w, https:\/\/www.colorado.com.br\/nosdacolorado\/wp-content\/uploads\/2022\/02\/1-300x300.jpeg 300w, https:\/\/www.colorado.com.br\/nosdacolorado\/wp-content\/uploads\/2022\/02\/1-768x768.jpeg 768w, https:\/\/www.colorado.com.br\/nosdacolorado\/wp-content\/uploads\/2022\/02\/1-100x100.jpeg 100w, https:\/\/www.colorado.com.br\/nosdacolorado\/wp-content\/uploads\/2022\/02\/1-140x140.jpeg 140w, https:\/\/www.colorado.com.br\/nosdacolorado\/wp-content\/uploads\/2022\/02\/1-500x500.jpeg 500w, https:\/\/www.colorado.com.br\/nosdacolorado\/wp-content\/uploads\/2022\/02\/1-350x350.jpeg 350w, https:\/\/www.colorado.com.br\/nosdacolorado\/wp-content\/uploads\/2022\/02\/1-1000x1000.jpeg 1000w, https:\/\/www.colorado.com.br\/nosdacolorado\/wp-content\/uploads\/2022\/02\/1-800x800.jpeg 800w, https:\/\/www.colorado.com.br\/nosdacolorado\/wp-content\/uploads\/2022\/02\/1.jpeg 1280w\" sizes=\"auto, (max-width: 1024px) 100vw, 1024px\" \/><\/a>\n\t\t\t<\/dt><\/dl><dl class='gallery-item'>\n\t\t\t<dt class='gallery-icon landscape'>\n\t\t\t\t<a href='https:\/\/www.colorado.com.br\/nosdacolorado\/wp-content\/uploads\/2022\/02\/2.jpeg'><img loading=\"lazy\" decoding=\"async\" data-attachment-id=\"16183\" data-orig-file=\"https:\/\/www.colorado.com.br\/nosdacolorado\/wp-content\/uploads\/2022\/02\/2.jpeg\" data-orig-size=\"1280,1280\" data-comments-opened=\"1\" data-image-meta=\"{&quot;aperture&quot;:&quot;0&quot;,&quot;credit&quot;:&quot;&quot;,&quot;camera&quot;:&quot;&quot;,&quot;caption&quot;:&quot;&quot;,&quot;created_timestamp&quot;:&quot;0&quot;,&quot;copyright&quot;:&quot;&quot;,&quot;focal_length&quot;:&quot;0&quot;,&quot;iso&quot;:&quot;0&quot;,&quot;shutter_speed&quot;:&quot;0&quot;,&quot;title&quot;:&quot;&quot;,&quot;orientation&quot;:&quot;0&quot;,&quot;keywords&quot;:&quot;Array&quot;}\" data-image-title=\"2\" data-image-description=\"\" data-medium-file=\"https:\/\/www.colorado.com.br\/nosdacolorado\/wp-content\/uploads\/2022\/02\/2-300x300.jpeg\" data-large-file=\"https:\/\/www.colorado.com.br\/nosdacolorado\/wp-content\/uploads\/2022\/02\/2-1024x1024.jpeg\" width=\"1024\" height=\"1024\" src=\"https:\/\/www.colorado.com.br\/nosdacolorado\/wp-content\/uploads\/2022\/02\/2-1024x1024.jpeg\" class=\"attachment-large size-large\" alt=\"\" srcset=\"https:\/\/www.colorado.com.br\/nosdacolorado\/wp-content\/uploads\/2022\/02\/2-1024x1024.jpeg 1024w, https:\/\/www.colorado.com.br\/nosdacolorado\/wp-content\/uploads\/2022\/02\/2-150x150.jpeg 150w, https:\/\/www.colorado.com.br\/nosdacolorado\/wp-content\/uploads\/2022\/02\/2-300x300.jpeg 300w, https:\/\/www.colorado.com.br\/nosdacolorado\/wp-content\/uploads\/2022\/02\/2-768x768.jpeg 768w, https:\/\/www.colorado.com.br\/nosdacolorado\/wp-content\/uploads\/2022\/02\/2-100x100.jpeg 100w, https:\/\/www.colorado.com.br\/nosdacolorado\/wp-content\/uploads\/2022\/02\/2-140x140.jpeg 140w, https:\/\/www.colorado.com.br\/nosdacolorado\/wp-content\/uploads\/2022\/02\/2-500x500.jpeg 500w, https:\/\/www.colorado.com.br\/nosdacolorado\/wp-content\/uploads\/2022\/02\/2-350x350.jpeg 350w, https:\/\/www.colorado.com.br\/nosdacolorado\/wp-content\/uploads\/2022\/02\/2-1000x1000.jpeg 1000w, https:\/\/www.colorado.com.br\/nosdacolorado\/wp-content\/uploads\/2022\/02\/2-800x800.jpeg 800w, https:\/\/www.colorado.com.br\/nosdacolorado\/wp-content\/uploads\/2022\/02\/2.jpeg 1280w\" sizes=\"auto, (max-width: 1024px) 100vw, 1024px\" \/><\/a>\n\t\t\t<\/dt><\/dl><br style=\"clear: both\" \/>\n\t\t<\/div>\n\n<p>Fomos pioneiros em implantar uma Biblioteca para colaboradores no ambiente de trabalho de uma usina sucroenerg\u00e9tica. E para comemorar os 16 anos da Biblioteca Engenho do Conhecimento, n\u00f3s vamos compartilhar com voc\u00ea os 10 livros mais lidos pelos nossos colaboradores. Contribuir para que mais e mais pessoas se tornem leitores \u00e9 tamb\u00e9m o nosso objetivo.<\/p>\n","protected":false},"excerpt":{"rendered":"<p>Fomos pioneiros em implantar uma Biblioteca para colaboradores no ambiente de trabalho de uma usina sucroenerg\u00e9tica. E para comemorar os 16 anos da Biblioteca Engenho do Conhecimento, n\u00f3s vamos compartilhar&#8230;<\/p>\n","protected":false},"author":1,"featured_media":16182,"comment_status":"open","ping_status":"open","sticky":false,"template":"","format":"standard","meta":{"footnotes":""},"categories":[8],"tags":[],"class_list":{"0":"post-16181","1":"post","2":"type-post","3":"status-publish","4":"format-standard","5":"has-post-thumbnail","7":"category-biblioteca"},"_links":{"self":[{"href":"https:\/\/www.colorado.com.br\/nosdacolorado\/wp-json\/wp\/v2\/posts\/16181","targetHints":{"allow":["GET"]}}],"collection":[{"href":"https:\/\/www.colorado.com.br\/nosdacolorado\/wp-json\/wp\/v2\/posts"}],"about":[{"href":"https:\/\/www.colorado.com.br\/nosdacolorado\/wp-json\/wp\/v2\/types\/post"}],"author":[{"embeddable":true,"href":"https:\/\/www.colorado.com.br\/nosdacolorado\/wp-json\/wp\/v2\/users\/1"}],"replies":[{"embeddable":true,"href":"https:\/\/www.colorado.com.br\/nosdacolorado\/wp-json\/wp\/v2\/comments?post=16181"}],"version-history":[{"count":1,"href":"https:\/\/www.colorado.com.br\/nosdacolorado\/wp-json\/wp\/v2\/posts\/16181\/revisions"}],"predecessor-version":[{"id":16184,"href":"https:\/\/www.colorado.com.br\/nosdacolorado\/wp-json\/wp\/v2\/posts\/16181\/revisions\/16184"}],"wp:featuredmedia":[{"embeddable":true,"href":"https:\/\/www.colorado.com.br\/nosdacolorado\/wp-json\/wp\/v2\/media\/16182"}],"wp:attachment":[{"href":"https:\/\/www.colorado.com.br\/nosdacolorado\/wp-json\/wp\/v2\/media?parent=16181"}],"wp:term":[{"taxonomy":"category","embeddable":true,"href":"https:\/\/www.colorado.com.br\/nosdacolorado\/wp-json\/wp\/v2\/categories?post=16181"},{"taxonomy":"post_tag","embeddable":true,"href":"https:\/\/www.colorado.com.br\/nosdacolorado\/wp-json\/wp\/v2\/tags?post=16181"}],"curies":[{"name":"wp","href":"https:\/\/api.w.org\/{rel}","templated":true}]}}