{"id":16233,"date":"2022-02-25T11:56:28","date_gmt":"2022-02-25T14:56:28","guid":{"rendered":"https:\/\/www.colorado.com.br\/nosdacolorado\/?p=16233"},"modified":"2022-02-25T11:56:28","modified_gmt":"2022-02-25T14:56:28","slug":"forcas-russas-chegam-a-kiev-ha-registros-de-tiros-e-explosoes","status":"publish","type":"post","link":"https:\/\/www.colorado.com.br\/nosdacolorado\/forcas-russas-chegam-a-kiev-ha-registros-de-tiros-e-explosoes\/","title":{"rendered":"For\u00e7as russas chegam a Kiev; h\u00e1 registros de tiros e explos\u00f5es"},"content":{"rendered":"<p><img loading=\"lazy\" decoding=\"async\" class=\"aligncenter size-full wp-image-16234\" src=\"https:\/\/www.colorado.com.br\/nosdacolorado\/wp-content\/uploads\/2022\/02\/kiev-e-ataca-apos-a-invasao-da-ucrania-25022022070100757.jpeg\" alt=\"\" width=\"771\" height=\"420\" srcset=\"https:\/\/www.colorado.com.br\/nosdacolorado\/wp-content\/uploads\/2022\/02\/kiev-e-ataca-apos-a-invasao-da-ucrania-25022022070100757.jpeg 771w, https:\/\/www.colorado.com.br\/nosdacolorado\/wp-content\/uploads\/2022\/02\/kiev-e-ataca-apos-a-invasao-da-ucrania-25022022070100757-300x163.jpeg 300w, https:\/\/www.colorado.com.br\/nosdacolorado\/wp-content\/uploads\/2022\/02\/kiev-e-ataca-apos-a-invasao-da-ucrania-25022022070100757-768x418.jpeg 768w\" sizes=\"auto, (max-width: 771px) 100vw, 771px\" \/><\/p>\n<p>For\u00e7as russas chegaram a Kiev nesta sexta-feira (25). H\u00e1 registros de tiros e explos\u00f5es no segundo dia da invas\u00e3o russa da Ucr\u00e2nia. A capital ucraniana sofreu bombardeios durante a noite.<\/p>\n<p>Sirenes soaram na capital ucraniana como alerta para popula\u00e7\u00e3o procurar abrigos antia\u00e9reos e esta\u00e7\u00f5es de metr\u00f4.<\/p>\n<p>Os russos se aproximaram por mais duas frentes:\u00a0pelo nordeste e pelo leste. Houve um avan\u00e7o que se somou \u00e0 ofensiva pelo norte, conforme informou a p\u00e1gina do Estado-Maior do Ex\u00e9rcito ucraniano. Alarmes soaram de madrugada e m\u00edsseis atingiram alvos em Kiev.<\/p>\n<p>Durante a noite, as tropas ucranianas informaram que enfrentam\u00a0unidades de blindados russos\u00a0nas localidades de Dymer e Ivankiv, situadas a 45 e 80 km no norte de Kiev, respectivamente.<\/p>\n<p>Mais cedo,\u00a0o Ex\u00e9rcito russo teve como alvo \u00e1reas civis, denunciou o presidente ucraniano Volodmir Zelenski, elogiando o &#8220;hero\u00edsmo&#8221; de seus concidad\u00e3os diante da invas\u00e3o russa e assegurando que suas tropas est\u00e3o fazendo &#8220;todo o poss\u00edvel&#8221; para defender o pa\u00eds.<\/p>\n<p>&#8220;Eles [os russos] disseram que os civis n\u00e3o foram alvejados, mas \u00e9 outra mentira deles (&#8230;) Hoje \u00e0 noite, come\u00e7aram a bombardear bairros civis. Isso nos lembra [a ofensiva nazista de] 1941&#8221;, disse o presidente em um v\u00eddeo transmitido nas redes sociais.<\/p>\n<p>Governo ucraniano tenta proteger os civis orientando o toque de recolher \u00e0 noite, o uso de abrigos antia\u00e9reos e a estocagem de alimentos.<\/p>\n<div class=\"media_box embed intertitle_box\">\n<h3 class=\"content\">Invas\u00e3o russa<\/h3>\n<\/div>\n<p>O\u00a0presidente da R\u00fassia, Vladimir Putin, autorizou na madrugada desta quinta-feira (24) uma opera\u00e7\u00e3o militar na regi\u00e3o separatista no leste da Ucr\u00e2nia, nas cidades de Lugansk e Donetsk. Em pronunciamento na TV, o dirigente afirmou que a inten\u00e7\u00e3o n\u00e3o \u00e9 ocupar o pa\u00eds vizinho, e sim desmilitariz\u00e1-lo.<\/p>\n<div class=\"toolkit-card-primary__body\">\n<p>Em resposta \u00e0 invas\u00e3o, o presidente ucraniano Volodmir Zelenski decretou a lei marcial no pa\u00eds. Pela decis\u00e3o, o governo substitui todas as leis e autoridades civis por leis militares, definidas por autoridades militarizadas. Essa medida, normalmente, \u00e9 implantada em resposta a cen\u00e1rios de extremo conflito e a crises civis e pol\u00edticas.<\/p>\n<p>Apesar da afirma\u00e7\u00e3o de Putin, houve uma intensa ofensiva na Ucr\u00e2nia, que, agora, chega \u00e0 capital, Kiev.<\/p>\n<\/div>\n","protected":false},"excerpt":{"rendered":"<p>For\u00e7as russas chegaram a Kiev nesta sexta-feira (25). H\u00e1 registros de tiros e explos\u00f5es no segundo dia da invas\u00e3o russa da Ucr\u00e2nia. A capital ucraniana sofreu bombardeios durante a noite&#8230;.<\/p>\n","protected":false},"author":1,"featured_media":16234,"comment_status":"open","ping_status":"open","sticky":false,"template":"","format":"standard","meta":{"footnotes":""},"categories":[1],"tags":[],"class_list":{"0":"post-16233","1":"post","2":"type-post","3":"status-publish","4":"format-standard","5":"has-post-thumbnail","7":"category-sem-categoria"},"_links":{"self":[{"href":"https:\/\/www.colorado.com.br\/nosdacolorado\/wp-json\/wp\/v2\/posts\/16233","targetHints":{"allow":["GET"]}}],"collection":[{"href":"https:\/\/www.colorado.com.br\/nosdacolorado\/wp-json\/wp\/v2\/posts"}],"about":[{"href":"https:\/\/www.colorado.com.br\/nosdacolorado\/wp-json\/wp\/v2\/types\/post"}],"author":[{"embeddable":true,"href":"https:\/\/www.colorado.com.br\/nosdacolorado\/wp-json\/wp\/v2\/users\/1"}],"replies":[{"embeddable":true,"href":"https:\/\/www.colorado.com.br\/nosdacolorado\/wp-json\/wp\/v2\/comments?post=16233"}],"version-history":[{"count":1,"href":"https:\/\/www.colorado.com.br\/nosdacolorado\/wp-json\/wp\/v2\/posts\/16233\/revisions"}],"predecessor-version":[{"id":16235,"href":"https:\/\/www.colorado.com.br\/nosdacolorado\/wp-json\/wp\/v2\/posts\/16233\/revisions\/16235"}],"wp:featuredmedia":[{"embeddable":true,"href":"https:\/\/www.colorado.com.br\/nosdacolorado\/wp-json\/wp\/v2\/media\/16234"}],"wp:attachment":[{"href":"https:\/\/www.colorado.com.br\/nosdacolorado\/wp-json\/wp\/v2\/media?parent=16233"}],"wp:term":[{"taxonomy":"category","embeddable":true,"href":"https:\/\/www.colorado.com.br\/nosdacolorado\/wp-json\/wp\/v2\/categories?post=16233"},{"taxonomy":"post_tag","embeddable":true,"href":"https:\/\/www.colorado.com.br\/nosdacolorado\/wp-json\/wp\/v2\/tags?post=16233"}],"curies":[{"name":"wp","href":"https:\/\/api.w.org\/{rel}","templated":true}]}}