{"id":178,"date":"2019-05-28T17:33:37","date_gmt":"2019-05-28T20:33:37","guid":{"rendered":"http:\/\/colorado.fabricadapalavra.com.br\/?p=178"},"modified":"2019-06-12T14:35:06","modified_gmt":"2019-06-12T17:35:06","slug":"almoxarifado-da-usina-colorado-recebe-visita-dos-alunos-do-curso-de-capacitacao-para-o-mercado","status":"publish","type":"post","link":"https:\/\/www.colorado.com.br\/nosdacolorado\/almoxarifado-da-usina-colorado-recebe-visita-dos-alunos-do-curso-de-capacitacao-para-o-mercado\/","title":{"rendered":"Almoxarifado da Usina Colorado recebe visita dos alunos do Curso de Capacita\u00e7\u00e3o para o Mercado"},"content":{"rendered":"<p>Os seis alunos do curso Capacita\u00e7\u00e3o Profissional para o Mercado de Trabalho para jovens com defici\u00eancia foram recebidas pelos colaboradores do Almoxarifado da Usina Colorado, durante a visita realizada na tarde do dia 20 de fevereiro.<\/p>\n<p>Provavelmente para muitos dos alunos, esta foi a primeira oportunidade de estar em um ambiente de trabalho e de sentir de perto a rotina da produ\u00e7\u00e3o. Foi muito emocionante observar a seriedade com que os jovens encararam a visita. Eles demonstraram desejo de extrair o melhor do momento, com muito empenho e curiosidade nas perguntas que fizeram aos colaboradores do Almoxarifado. Durante o encontro, os colaboradores da empresa chegaram a se esquecer das dificuldades de cogni\u00e7\u00e3o dos visitantes e estabeleceram um contato em que puderam detalhar a fun\u00e7\u00e3o que desempenham.<\/p>\n<p>A oferta do curso gratuito de Capacita\u00e7\u00e3o Profissional para o Mercado de Trabalho para jovens com defici\u00eancia \u00e9 uma iniciativa in\u00e9dita em Gua\u00edra e fruto da parceria firmada entre a Usina Colorado, Senai e Sociedade Guairense de Benefic\u00eancia \u2013 Sogube.<\/p>\n<p>A visita foi uma importante experi\u00eancia pr\u00e1tica relacionada ao terceiro dos tr\u00eas m\u00f3dulos do curso espec\u00edfico sobre a fun\u00e7\u00e3o Auxiliar de Almoxarife.<\/p>\n<h3><strong>O curso<\/strong><\/h3>\n<p>O curso foi composto por outros dois m\u00f3dulos: o primeiro deles, sobre compet\u00eancias para a vida, trazendo como temas \u00c9tica e Cidadania, Projeto de Vida, Trabalho em Equipe, Comunica\u00e7\u00e3o Oral e Escrita, Matem\u00e1tica B\u00e1sica e Planejamento Financeiro e Promo\u00e7\u00e3o de Sa\u00fade. O segundo m\u00f3dulo vai tratar sobre as compet\u00eancias b\u00e1sicas para o mundo do trabalho, Inform\u00e1tica b\u00e1sica e Mercado de Trabalho.<\/p>\n<p>O objetivo do Curso \u00e9 promover o desenvolvimento das potencialidades, inclus\u00e3o social, integra\u00e7\u00e3o, habilidades pessoal e profissional, trabalho em equipe, rela\u00e7\u00f5es interpessoais voltadas ao autoconhecimento da pessoa com defici\u00eancia e despertar nas pessoas com defici\u00eancia o est\u00edmulo para ingressarem no mercado de trabalho.<\/p>\n<p>Durante a visita, os alunos foram acompanhados pela coordenadora de Projetos Sociais M\u00e1rcia Matsumoto Gon\u00e7alves, pela coordenadora Administrativa, Elo\u00edsa Monteiro de Souza e pela coordenadora financeira, Alessandra Ficher de Oliveira Sousa.<\/p>\n<p>A coordenadora de Recursos Humanos do Grupo Colorado, Maria Aparecido Pinho Coimbra e a supervisora de Comunica\u00e7\u00e3o e Responsabilidade Social, Maria In\u00eas Marc\u00f3rio Guedes Moreira de Carvalho receberam os alunos e deram as boas-vindas.\u00a0<em>\u201cEstamos desempenhando o papel de uma empresa cidad\u00e3. Financiar este curso \u00e9 proporcionar oportunidades concretas para que pessoas com defici\u00eancia possam conquistar um espa\u00e7o no mercado de trabalho. \u00c9 acima de tudo respeitar sua condi\u00e7\u00e3o e contribuir com a supera\u00e7\u00e3o\u201d<\/em>,\u00a0<strong>afirma Maria Aparecida<\/strong>.<\/p>\n\n\t\t<style type=\"text\/css\">\n\t\t\t#gallery-1 {\n\t\t\t\tmargin: auto;\n\t\t\t}\n\t\t\t#gallery-1 .gallery-item {\n\t\t\t\tfloat: left;\n\t\t\t\tmargin-top: 10px;\n\t\t\t\ttext-align: center;\n\t\t\t\twidth: 33%;\n\t\t\t}\n\t\t\t#gallery-1 img {\n\t\t\t\tborder: 2px solid #cfcfcf;\n\t\t\t}\n\t\t\t#gallery-1 .gallery-caption {\n\t\t\t\tmargin-left: 0;\n\t\t\t}\n\t\t\t\/* see gallery_shortcode() in wp-includes\/media.php *\/\n\t\t<\/style>\n\t\t<div data-carousel-extra='{\"blog_id\":1,\"permalink\":\"https:\\\/\\\/www.colorado.com.br\\\/nosdacolorado\\\/almoxarifado-da-usina-colorado-recebe-visita-dos-alunos-do-curso-de-capacitacao-para-o-mercado\\\/\"}' id='gallery-1' class='gallery galleryid-178 gallery-columns-3 gallery-size-large'><dl class='gallery-item'>\n\t\t\t<dt class='gallery-icon landscape'>\n\t\t\t\t<a href='https:\/\/www.colorado.com.br\/nosdacolorado\/wp-content\/uploads\/2019\/05\/usina-colorado-alunos-curso-capacitacao-01.jpeg'><img loading=\"lazy\" decoding=\"async\" data-attachment-id=\"179\" data-orig-file=\"https:\/\/www.colorado.com.br\/nosdacolorado\/wp-content\/uploads\/2019\/05\/usina-colorado-alunos-curso-capacitacao-01.jpeg\" data-orig-size=\"800,532\" data-comments-opened=\"1\" data-image-meta=\"{&quot;aperture&quot;:&quot;0&quot;,&quot;credit&quot;:&quot;&quot;,&quot;camera&quot;:&quot;&quot;,&quot;caption&quot;:&quot;&quot;,&quot;created_timestamp&quot;:&quot;0&quot;,&quot;copyright&quot;:&quot;&quot;,&quot;focal_length&quot;:&quot;0&quot;,&quot;iso&quot;:&quot;0&quot;,&quot;shutter_speed&quot;:&quot;0&quot;,&quot;title&quot;:&quot;&quot;,&quot;orientation&quot;:&quot;0&quot;,&quot;keywords&quot;:&quot;Array&quot;}\" data-image-title=\"usina-colorado-alunos-curso-capacitacao-01\" data-image-description=\"\" data-medium-file=\"https:\/\/www.colorado.com.br\/nosdacolorado\/wp-content\/uploads\/2019\/05\/usina-colorado-alunos-curso-capacitacao-01-300x200.jpeg\" data-large-file=\"https:\/\/www.colorado.com.br\/nosdacolorado\/wp-content\/uploads\/2019\/05\/usina-colorado-alunos-curso-capacitacao-01.jpeg\" width=\"800\" height=\"532\" src=\"https:\/\/www.colorado.com.br\/nosdacolorado\/wp-content\/uploads\/2019\/05\/usina-colorado-alunos-curso-capacitacao-01.jpeg\" class=\"attachment-large size-large\" alt=\"\" srcset=\"https:\/\/www.colorado.com.br\/nosdacolorado\/wp-content\/uploads\/2019\/05\/usina-colorado-alunos-curso-capacitacao-01.jpeg 800w, https:\/\/www.colorado.com.br\/nosdacolorado\/wp-content\/uploads\/2019\/05\/usina-colorado-alunos-curso-capacitacao-01-300x200.jpeg 300w, https:\/\/www.colorado.com.br\/nosdacolorado\/wp-content\/uploads\/2019\/05\/usina-colorado-alunos-curso-capacitacao-01-768x511.jpeg 768w\" sizes=\"auto, (max-width: 800px) 100vw, 800px\" \/><\/a>\n\t\t\t<\/dt><\/dl><dl class='gallery-item'>\n\t\t\t<dt class='gallery-icon landscape'>\n\t\t\t\t<a href='https:\/\/www.colorado.com.br\/nosdacolorado\/wp-content\/uploads\/2019\/05\/usina-colorado-alunos-curso-capacitacao-02.jpeg'><img loading=\"lazy\" decoding=\"async\" data-attachment-id=\"180\" data-orig-file=\"https:\/\/www.colorado.com.br\/nosdacolorado\/wp-content\/uploads\/2019\/05\/usina-colorado-alunos-curso-capacitacao-02.jpeg\" data-orig-size=\"800,532\" data-comments-opened=\"1\" data-image-meta=\"{&quot;aperture&quot;:&quot;0&quot;,&quot;credit&quot;:&quot;&quot;,&quot;camera&quot;:&quot;&quot;,&quot;caption&quot;:&quot;&quot;,&quot;created_timestamp&quot;:&quot;0&quot;,&quot;copyright&quot;:&quot;&quot;,&quot;focal_length&quot;:&quot;0&quot;,&quot;iso&quot;:&quot;0&quot;,&quot;shutter_speed&quot;:&quot;0&quot;,&quot;title&quot;:&quot;&quot;,&quot;orientation&quot;:&quot;0&quot;,&quot;keywords&quot;:&quot;Array&quot;}\" data-image-title=\"usina-colorado-alunos-curso-capacitacao-02\" data-image-description=\"\" data-medium-file=\"https:\/\/www.colorado.com.br\/nosdacolorado\/wp-content\/uploads\/2019\/05\/usina-colorado-alunos-curso-capacitacao-02-300x200.jpeg\" data-large-file=\"https:\/\/www.colorado.com.br\/nosdacolorado\/wp-content\/uploads\/2019\/05\/usina-colorado-alunos-curso-capacitacao-02.jpeg\" width=\"800\" height=\"532\" src=\"https:\/\/www.colorado.com.br\/nosdacolorado\/wp-content\/uploads\/2019\/05\/usina-colorado-alunos-curso-capacitacao-02.jpeg\" class=\"attachment-large size-large\" alt=\"\" srcset=\"https:\/\/www.colorado.com.br\/nosdacolorado\/wp-content\/uploads\/2019\/05\/usina-colorado-alunos-curso-capacitacao-02.jpeg 800w, https:\/\/www.colorado.com.br\/nosdacolorado\/wp-content\/uploads\/2019\/05\/usina-colorado-alunos-curso-capacitacao-02-300x200.jpeg 300w, https:\/\/www.colorado.com.br\/nosdacolorado\/wp-content\/uploads\/2019\/05\/usina-colorado-alunos-curso-capacitacao-02-768x511.jpeg 768w\" sizes=\"auto, (max-width: 800px) 100vw, 800px\" \/><\/a>\n\t\t\t<\/dt><\/dl><dl class='gallery-item'>\n\t\t\t<dt class='gallery-icon landscape'>\n\t\t\t\t<a href='https:\/\/www.colorado.com.br\/nosdacolorado\/wp-content\/uploads\/2019\/05\/usina-colorado-alunos-curso-capacitacao-03.jpeg'><img loading=\"lazy\" decoding=\"async\" data-attachment-id=\"181\" data-orig-file=\"https:\/\/www.colorado.com.br\/nosdacolorado\/wp-content\/uploads\/2019\/05\/usina-colorado-alunos-curso-capacitacao-03.jpeg\" data-orig-size=\"800,532\" data-comments-opened=\"1\" data-image-meta=\"{&quot;aperture&quot;:&quot;0&quot;,&quot;credit&quot;:&quot;&quot;,&quot;camera&quot;:&quot;&quot;,&quot;caption&quot;:&quot;&quot;,&quot;created_timestamp&quot;:&quot;0&quot;,&quot;copyright&quot;:&quot;&quot;,&quot;focal_length&quot;:&quot;0&quot;,&quot;iso&quot;:&quot;0&quot;,&quot;shutter_speed&quot;:&quot;0&quot;,&quot;title&quot;:&quot;&quot;,&quot;orientation&quot;:&quot;0&quot;,&quot;keywords&quot;:&quot;Array&quot;}\" data-image-title=\"usina-colorado-alunos-curso-capacitacao-03\" data-image-description=\"\" data-medium-file=\"https:\/\/www.colorado.com.br\/nosdacolorado\/wp-content\/uploads\/2019\/05\/usina-colorado-alunos-curso-capacitacao-03-300x200.jpeg\" data-large-file=\"https:\/\/www.colorado.com.br\/nosdacolorado\/wp-content\/uploads\/2019\/05\/usina-colorado-alunos-curso-capacitacao-03.jpeg\" width=\"800\" height=\"532\" src=\"https:\/\/www.colorado.com.br\/nosdacolorado\/wp-content\/uploads\/2019\/05\/usina-colorado-alunos-curso-capacitacao-03.jpeg\" class=\"attachment-large size-large\" alt=\"\" srcset=\"https:\/\/www.colorado.com.br\/nosdacolorado\/wp-content\/uploads\/2019\/05\/usina-colorado-alunos-curso-capacitacao-03.jpeg 800w, https:\/\/www.colorado.com.br\/nosdacolorado\/wp-content\/uploads\/2019\/05\/usina-colorado-alunos-curso-capacitacao-03-300x200.jpeg 300w, https:\/\/www.colorado.com.br\/nosdacolorado\/wp-content\/uploads\/2019\/05\/usina-colorado-alunos-curso-capacitacao-03-768x511.jpeg 768w\" sizes=\"auto, (max-width: 800px) 100vw, 800px\" \/><\/a>\n\t\t\t<\/dt><\/dl><br style=\"clear: both\" \/>\n\t\t<\/div>\n\n","protected":false},"excerpt":{"rendered":"<p>Os seis alunos do curso Capacita\u00e7\u00e3o Profissional para o Mercado de Trabalho para jovens com defici\u00eancia foram recebidas pelos colaboradores do Almoxarifado da Usina Colorado, durante a visita realizada na&#8230;<\/p>\n","protected":false},"author":1,"featured_media":182,"comment_status":"open","ping_status":"open","sticky":false,"template":"","format":"standard","meta":{"footnotes":""},"categories":[11,13],"tags":[],"class_list":{"0":"post-178","1":"post","2":"type-post","3":"status-publish","4":"format-standard","5":"has-post-thumbnail","7":"category-acontece-na-colorado","8":"category-na-cidade"},"_links":{"self":[{"href":"https:\/\/www.colorado.com.br\/nosdacolorado\/wp-json\/wp\/v2\/posts\/178","targetHints":{"allow":["GET"]}}],"collection":[{"href":"https:\/\/www.colorado.com.br\/nosdacolorado\/wp-json\/wp\/v2\/posts"}],"about":[{"href":"https:\/\/www.colorado.com.br\/nosdacolorado\/wp-json\/wp\/v2\/types\/post"}],"author":[{"embeddable":true,"href":"https:\/\/www.colorado.com.br\/nosdacolorado\/wp-json\/wp\/v2\/users\/1"}],"replies":[{"embeddable":true,"href":"https:\/\/www.colorado.com.br\/nosdacolorado\/wp-json\/wp\/v2\/comments?post=178"}],"version-history":[{"count":2,"href":"https:\/\/www.colorado.com.br\/nosdacolorado\/wp-json\/wp\/v2\/posts\/178\/revisions"}],"predecessor-version":[{"id":367,"href":"https:\/\/www.colorado.com.br\/nosdacolorado\/wp-json\/wp\/v2\/posts\/178\/revisions\/367"}],"wp:featuredmedia":[{"embeddable":true,"href":"https:\/\/www.colorado.com.br\/nosdacolorado\/wp-json\/wp\/v2\/media\/182"}],"wp:attachment":[{"href":"https:\/\/www.colorado.com.br\/nosdacolorado\/wp-json\/wp\/v2\/media?parent=178"}],"wp:term":[{"taxonomy":"category","embeddable":true,"href":"https:\/\/www.colorado.com.br\/nosdacolorado\/wp-json\/wp\/v2\/categories?post=178"},{"taxonomy":"post_tag","embeddable":true,"href":"https:\/\/www.colorado.com.br\/nosdacolorado\/wp-json\/wp\/v2\/tags?post=178"}],"curies":[{"name":"wp","href":"https:\/\/api.w.org\/{rel}","templated":true}]}}