{"id":1788,"date":"2019-12-16T08:40:02","date_gmt":"2019-12-16T10:40:02","guid":{"rendered":"http:\/\/www.colorado.com.br\/nosdacolorado\/?p=1788"},"modified":"2019-12-16T08:40:02","modified_gmt":"2019-12-16T10:40:02","slug":"confira-o-resultado-do-show-de-premios-casa-da-crianca-armanda-malvina-de-mendonca","status":"publish","type":"post","link":"https:\/\/www.colorado.com.br\/nosdacolorado\/confira-o-resultado-do-show-de-premios-casa-da-crianca-armanda-malvina-de-mendonca\/","title":{"rendered":"Confira o resultado do Show de Pr\u00eamios Casa da Crian\u00e7a Armanda Malvina de Mendon\u00e7a"},"content":{"rendered":"<p><img loading=\"lazy\" decoding=\"async\" class=\"aligncenter wp-image-1789 size-full\" src=\"http:\/\/www.colorado.com.br\/nosdacolorado\/wp-content\/uploads\/2019\/12\/RESULTADO-SHOW-DE-PREMIOS.png\" alt=\"\" width=\"1063\" height=\"1503\" srcset=\"https:\/\/www.colorado.com.br\/nosdacolorado\/wp-content\/uploads\/2019\/12\/RESULTADO-SHOW-DE-PREMIOS.png 1063w, https:\/\/www.colorado.com.br\/nosdacolorado\/wp-content\/uploads\/2019\/12\/RESULTADO-SHOW-DE-PREMIOS-212x300.png 212w, https:\/\/www.colorado.com.br\/nosdacolorado\/wp-content\/uploads\/2019\/12\/RESULTADO-SHOW-DE-PREMIOS-768x1086.png 768w, https:\/\/www.colorado.com.br\/nosdacolorado\/wp-content\/uploads\/2019\/12\/RESULTADO-SHOW-DE-PREMIOS-724x1024.png 724w\" sizes=\"auto, (max-width: 1063px) 100vw, 1063px\" \/><\/p>\n","protected":false},"excerpt":{"rendered":"","protected":false},"author":2,"featured_media":1790,"comment_status":"open","ping_status":"open","sticky":false,"template":"","format":"standard","meta":{"footnotes":""},"categories":[7,12],"tags":[],"class_list":{"0":"post-1788","1":"post","2":"type-post","3":"status-publish","4":"format-standard","5":"has-post-thumbnail","7":"category-atualidade","8":"category-fazer-o-bem"},"_links":{"self":[{"href":"https:\/\/www.colorado.com.br\/nosdacolorado\/wp-json\/wp\/v2\/posts\/1788","targetHints":{"allow":["GET"]}}],"collection":[{"href":"https:\/\/www.colorado.com.br\/nosdacolorado\/wp-json\/wp\/v2\/posts"}],"about":[{"href":"https:\/\/www.colorado.com.br\/nosdacolorado\/wp-json\/wp\/v2\/types\/post"}],"author":[{"embeddable":true,"href":"https:\/\/www.colorado.com.br\/nosdacolorado\/wp-json\/wp\/v2\/users\/2"}],"replies":[{"embeddable":true,"href":"https:\/\/www.colorado.com.br\/nosdacolorado\/wp-json\/wp\/v2\/comments?post=1788"}],"version-history":[{"count":1,"href":"https:\/\/www.colorado.com.br\/nosdacolorado\/wp-json\/wp\/v2\/posts\/1788\/revisions"}],"predecessor-version":[{"id":1791,"href":"https:\/\/www.colorado.com.br\/nosdacolorado\/wp-json\/wp\/v2\/posts\/1788\/revisions\/1791"}],"wp:featuredmedia":[{"embeddable":true,"href":"https:\/\/www.colorado.com.br\/nosdacolorado\/wp-json\/wp\/v2\/media\/1790"}],"wp:attachment":[{"href":"https:\/\/www.colorado.com.br\/nosdacolorado\/wp-json\/wp\/v2\/media?parent=1788"}],"wp:term":[{"taxonomy":"category","embeddable":true,"href":"https:\/\/www.colorado.com.br\/nosdacolorado\/wp-json\/wp\/v2\/categories?post=1788"},{"taxonomy":"post_tag","embeddable":true,"href":"https:\/\/www.colorado.com.br\/nosdacolorado\/wp-json\/wp\/v2\/tags?post=1788"}],"curies":[{"name":"wp","href":"https:\/\/api.w.org\/{rel}","templated":true}]}}