{"id":18,"date":"2019-05-27T11:48:44","date_gmt":"2019-05-27T14:48:44","guid":{"rendered":"http:\/\/colorado.fabricadapalavra.com.br\/?p=18"},"modified":"2019-05-27T14:24:31","modified_gmt":"2019-05-27T17:24:31","slug":"cooperados-terao-prazo-para-informar-a-credcol-a-forma-de-utilizacao-dos-juros-ao-capital-e-sobras-2018","status":"publish","type":"post","link":"https:\/\/www.colorado.com.br\/nosdacolorado\/cooperados-terao-prazo-para-informar-a-credcol-a-forma-de-utilizacao-dos-juros-ao-capital-e-sobras-2018\/","title":{"rendered":"Cooperados ter\u00e3o prazo para informar \u00e0 Credcol a forma de utiliza\u00e7\u00e3o dos juros ao Capital e Sobras 2018"},"content":{"rendered":"<p>Os cooperados da Credcol t\u00eam o prazo de primeiro de julho a 30 de outubro para informar \u00e0 Coooperativa se pretende amortizar suas d\u00edvidas ou sacar seu rendimento de juro ao capital relativo ao ano de 2018.<\/p>\n<p>A Diretoria Executiva definiu que os pagamentos de juros ao capital e sobras do exerc\u00edcio de 2018 poder\u00e3o ser resgatados para duas aplica\u00e7\u00f5es distintas. Os juros poder\u00e3o ser utilizados para amortizar o saldo devedor total ou parcial na Cooperativa ou, caso, o cooperado n\u00e3o tenha saldo devedor junto \u00e0 Credcol, pode solicitar o cr\u00e9dito do valor dos juros em sua conta corrente.<\/p>\n<p>Para que o associado fa\u00e7a uma dessas duas op\u00e7\u00f5es, \u00e9 indispens\u00e1vel que tenha um m\u00ednimo de R$ 300,00 a receber. Caso o cooperado n\u00e3o se pronuncie decidindo a utiliza\u00e7\u00e3o, o valor do juros ao capital permanecer\u00e3o integralizados na conta capital.<\/p>\n<p>Vale lembrar que a somat\u00f3ria de Juros ao capital e sobras j\u00e1 comp\u00f5e o saldo do capital, portanto, caso opte por alguma das decis\u00f5es o saldo de capital diminuir\u00e1.<\/p>\n<p><strong>Para solicitar informa\u00e7\u00f5es ou informar sua op\u00e7\u00e3o, o telefone da Credcol \u00e9 17-3330-3341 e ramais: 3589, 3515 e 7079.<\/strong><\/p>\n","protected":false},"excerpt":{"rendered":"<p>Os cooperados da Credcol t\u00eam o prazo de primeiro de julho a 30 de outubro para informar \u00e0 Coooperativa se pretende amortizar suas d\u00edvidas ou sacar seu rendimento de juro&#8230;<\/p>\n","protected":false},"author":1,"featured_media":19,"comment_status":"open","ping_status":"open","sticky":false,"template":"","format":"standard","meta":{"footnotes":""},"categories":[10],"tags":[],"class_list":{"0":"post-18","1":"post","2":"type-post","3":"status-publish","4":"format-standard","5":"has-post-thumbnail","7":"category-credcol"},"_links":{"self":[{"href":"https:\/\/www.colorado.com.br\/nosdacolorado\/wp-json\/wp\/v2\/posts\/18","targetHints":{"allow":["GET"]}}],"collection":[{"href":"https:\/\/www.colorado.com.br\/nosdacolorado\/wp-json\/wp\/v2\/posts"}],"about":[{"href":"https:\/\/www.colorado.com.br\/nosdacolorado\/wp-json\/wp\/v2\/types\/post"}],"author":[{"embeddable":true,"href":"https:\/\/www.colorado.com.br\/nosdacolorado\/wp-json\/wp\/v2\/users\/1"}],"replies":[{"embeddable":true,"href":"https:\/\/www.colorado.com.br\/nosdacolorado\/wp-json\/wp\/v2\/comments?post=18"}],"version-history":[{"count":1,"href":"https:\/\/www.colorado.com.br\/nosdacolorado\/wp-json\/wp\/v2\/posts\/18\/revisions"}],"predecessor-version":[{"id":20,"href":"https:\/\/www.colorado.com.br\/nosdacolorado\/wp-json\/wp\/v2\/posts\/18\/revisions\/20"}],"wp:featuredmedia":[{"embeddable":true,"href":"https:\/\/www.colorado.com.br\/nosdacolorado\/wp-json\/wp\/v2\/media\/19"}],"wp:attachment":[{"href":"https:\/\/www.colorado.com.br\/nosdacolorado\/wp-json\/wp\/v2\/media?parent=18"}],"wp:term":[{"taxonomy":"category","embeddable":true,"href":"https:\/\/www.colorado.com.br\/nosdacolorado\/wp-json\/wp\/v2\/categories?post=18"},{"taxonomy":"post_tag","embeddable":true,"href":"https:\/\/www.colorado.com.br\/nosdacolorado\/wp-json\/wp\/v2\/tags?post=18"}],"curies":[{"name":"wp","href":"https:\/\/api.w.org\/{rel}","templated":true}]}}