{"id":18720,"date":"2022-09-12T09:03:02","date_gmt":"2022-09-12T12:03:02","guid":{"rendered":"https:\/\/www.colorado.com.br\/nosdacolorado\/?p=18720"},"modified":"2022-09-12T09:03:02","modified_gmt":"2022-09-12T12:03:02","slug":"suicidio-na-adolescencia-principais-sinais-e-como-lidar","status":"publish","type":"post","link":"https:\/\/www.colorado.com.br\/nosdacolorado\/suicidio-na-adolescencia-principais-sinais-e-como-lidar\/","title":{"rendered":"Suic\u00eddio na adolesc\u00eancia: principais sinais e como lidar"},"content":{"rendered":"<div class=\"page-content\">\n<h2 class=\"article-subtitle\">A conversa sobre a tem\u00e1tica do suic\u00eddio \u00e9 algo que poder ocorrer de forma mais natural poss\u00edvel<\/h2>\n<div class=\"mvn-list-specialist u-margin-top\" data-v-app=\"\">\n<div class=\"specialists-list\">\n<div class=\"specialists-list-wrapper\">\n<div class=\"grid\">\n<div class=\"is-12 mvn-list-specialist-item\">\n<div class=\"card card-specialist is-borderless is-horizontal is-small\"><picture class=\"card-specialist-media\"><img decoding=\"async\" src=\"https:\/\/static1.minhavida.com.br\/specialists\/80\/26\/5c\/4d\/kelly-anny-de-oliveira-pinho-m-user_small-1.jpg\" \/><\/picture>\n<div class=\"card-specialist-data\">\n<div class=\"profile is-borderless is-horizontal is-small\">\n<div class=\"profile-wrapper\">\n<div class=\"profile-data no-margin\">\n<div><span class=\"profile-for\">Especialista consultado<\/span><a class=\"profile-title cat-5-color\" href=\"https:\/\/www.minhavida.com.br\/especialistas\/35019-kelly-anny-de-oliveira-pinho-monteiro\"><strong class=\"profile-name\">Dra. Kelly Anny de Oliveira Pinho Monteiro<\/strong><\/a><span class=\"profile-job\">Psicologia<\/span><span class=\"profile-phone\">CRP 17286\/PE<\/span><\/div>\n<\/div>\n<\/div>\n<\/div>\n<p class=\"card-text card-specialist-text\">Sou graduada em Psicologia pela UniGuarararapes-PE, especialista em avalia\u00e7\u00e3o e Diagn\u00f3stico Psicol\u00f3gico. Formanda em Psicoterapia de crian\u00e7as. Experi\u00eancia com crian\u00e7as e adolescentes e orienta\u00e7\u00e3o os Pais.<\/p>\n<\/div>\n<\/div>\n<\/div>\n<\/div>\n<\/div>\n<\/div>\n<\/div>\n<div class=\"mvn-social-share is-mobile\" data-v-app=\"\"><\/div>\n<div class=\"article-main-media\"><picture><source srcset=\"https:\/\/static1.minhavida.com.br\/articles\/a2\/26\/be\/eb\/crianca-triste-depressao-dor-de-cabeca-bullyng-450x350-article-1.jpg\" media=\"(min-width: 1024px)\" \/><img decoding=\"async\" src=\"https:\/\/static1.minhavida.com.br\/articles\/a2\/26\/be\/eb\/crianca-triste-depressao-dor-de-cabeca-bullyng-450x350-article_m-1.jpg\" alt=\"Adolesc\u00eancia e suic\u00eddio\" \/><\/picture><\/div>\n<div class=\"article-main-media\">Adolesc\u00eancia e suic\u00eddio &#8211; Foto: Getty Image<\/div>\n<p><span class=\"article-meta article-meta--date1\">Publicado em 12 de julho de 2017<\/span><\/p>\n<div class=\"editor cat-5-color-links cat-5-marker\">\n<p class=\"editor-paragraph\">A adolesc\u00eancia \u00e9 uma fase de transi\u00e7\u00e3o da inf\u00e2ncia para a vida adulta, e \u00e9 neste per\u00edodo que acontecem as maiores transforma\u00e7\u00f5es f\u00edsicas, emocionais e comportamentais do ser humano. Mediante isso, as fam\u00edlias n\u00e3o sabem lidar com esse novo momento do seu filho, que exige uma adapta\u00e7\u00e3o para ambos. Por esse motivo, ocorrem muitos conflitos e desaven\u00e7as entre pais e filhos.<\/p>\n<p class=\"editor-paragraph\">\u00c9 importante que os pais e a fam\u00edlia reflitam e internalizem que seus filhos est\u00e3o crescendo e ganhando autonomia, e esse momento n\u00e3o \u00e9 f\u00e1cil nem para os pais e nem para os filhos.<\/p>\n<p class=\"editor-paragraph\">Infelizmente o que vem acontecendo atualmente \u00e9 que a incid\u00eancia de adolescentes cometendo\u00a0<a class=\"cat-5-color\" href=\"https:\/\/www.minhavida.com.br\/materias\/materia-17508\">suic\u00eddio<\/a>\u00a0est\u00e1 aumentando cada vez mais. O Brasil \u00e9 o oitavo pa\u00eds em n\u00famero de suic\u00eddios. Em 2012, foram registradas 11.821 mortes, sendo 9.198 homens e 2.623 mulheres, de acordo com o novo relat\u00f3rio divulgado pela Organiza\u00e7\u00e3o Mundial de Sa\u00fade, a OMS, chama a aten\u00e7\u00e3o de governos para o suic\u00eddio, considerado &#8220;um grande problema de sa\u00fade p\u00fablica&#8221;.<\/p>\n<h3 class=\"editor-header-3\">Sinais de alerta<\/h3>\n<p class=\"editor-paragraph\">Nesse momento, est\u00e1 aumentando o \u00edndice de suic\u00eddio em adolescentes e existem alguns comportamentos que podem ser sinais de alerta para familiares:<\/p>\n<ul class=\"editor-list\">\n<li class=\"editor-list-item\">Isolamento social<\/li>\n<li class=\"editor-list-item\">Mudan\u00e7as bruscas de comportamento<\/li>\n<li class=\"editor-list-item\">Falta de interesse em atividades antes prazerosas para o adolescente<\/li>\n<li class=\"editor-list-item\">Baixo rendimento escolar<\/li>\n<li class=\"editor-list-item\">Uso abusivo de \u00e1lcool e outras drogas<\/li>\n<li class=\"editor-list-item\">Ins\u00f4nia ou sono excessivo<\/li>\n<li class=\"editor-list-item\">Discurso negativo e pessimista<\/li>\n<li class=\"editor-list-item\">Desesperan\u00e7a e desespero.<\/li>\n<\/ul>\n<p class=\"editor-paragraph\">Os pais e familiares ao notarem esses sinais, precisam ficar atentos. O suporte familiar \u00e9 important\u00edssimo nesse momento, conversar e interagir mais o adolescente para entender os motivos pelo qual est\u00e3o ocorrendo essas mudan\u00e7as em seu comportamento, entretanto esses sinais n\u00e3o significam que o adolescente est\u00e1 com idea\u00e7\u00e3o suicida, pois podem ocorrer alguns diagn\u00f3sticos que s\u00e3o semelhantes.<\/p>\n<h3 class=\"editor-header-3\">O que fazer ao notar os sinais?<\/h3>\n<p class=\"editor-paragraph\">Trazer a escola como aliada para obter informa\u00e7\u00f5es de como est\u00e1 se comportando nesse contexto, \u00e9 crucial para que os pais saibam como os filhos est\u00e3o nesse seu c\u00edrculo social.<\/p>\n<p class=\"editor-paragraph\">A fam\u00edlia ao identificar esses sintomas deve conversar com o adolescente, a fim de entender o se est\u00e1 acontecendo com a sua vida nesse momento tentar participar mais de sua vida social e claro buscar ajuda profissional para fazer uma avalia\u00e7\u00e3o com um psiquiatra e um acompanhamento com um psic\u00f3logo, pois precisa identificar se existe algum transtorno associado as idea\u00e7\u00f5es suicida.<\/p>\n<h3 class=\"editor-header-3\">Como conversar sobre o tema com os filhos?<\/h3>\n<p class=\"editor-paragraph\">A conversa sobre a tem\u00e1tica do suic\u00eddio \u00e9 algo que poder ocorrer de forma mais natural poss\u00edvel, geralmente o adolescente d\u00e1 ind\u00edcios de que algo na sua vida n\u00e3o est\u00e1 bem. Frases como:<\/p>\n<ul class=\"editor-list\">\n<li class=\"editor-list-item\">Eu n\u00e3o ag\u00fcente mais essa vida<\/li>\n<li class=\"editor-list-item\">\u00c9 melhor morrer do que viver assim<\/li>\n<li class=\"editor-list-item\">N\u00e3o sei mais o que fazer<\/li>\n<li class=\"editor-list-item\">Acho que n\u00e3o vou suporta isso.<\/li>\n<\/ul>\n<p class=\"editor-paragraph\">Esses sinais s\u00e3o de alerta, pois geralmente o que ocorre \u00e9 que as pessoas da fam\u00edlia n\u00e3o valorizam e sempre dizem &#8220;isso vai passar&#8221;, mas para o jovem que est\u00e1 sofrendo, escutar essa frase n\u00e3o ir\u00e1 ajud\u00e1-lo em nada. \u00c9 muito comum as idea\u00e7\u00f5es suicidas ocorrerem quando o jovem est\u00e1 sofrendo bullying na escola, ou teve uma decep\u00e7\u00e3o amorosa ou abuso sexual e psicol\u00f3gico.<\/p>\n<p class=\"editor-paragraph\">Na adolesc\u00eancia, os sentimentos e a emo\u00e7\u00f5es est\u00e3o muito latentes e eles n\u00e3o tem maturidade emocional para lidar com tantas mudan\u00e7as que est\u00e3o ocorrendo na sua vida, pois isso o apoio familiar \u00e9 crucial para que o adolescente lide com essas mudan\u00e7as de forma mais saud\u00e1vel poss\u00edvel.<\/p>\n<h3 class=\"editor-header-3\">Quando procurar um profissional?<\/h3>\n<p class=\"editor-paragraph\">Os fatores que fazem o adolescente buscar a pr\u00f3pria morte s\u00e3o diversos, entre fam\u00edlias desestruturadas, transtornos psicol\u00f3gicos, trauma e falta de apoio familiar.<\/p>\n<p class=\"editor-paragraph\">O melhor caminho para os pais, \u00e9 a sua presen\u00e7a na vida do seu filho, tentar fazer atividades com seus filhos, entrar no mundo deles, pois se isso for feito, talvez o suic\u00eddio n\u00e3o seja uma op\u00e7\u00e3o, o adolescente precisa entender que os pais s\u00e3o pessoas que eles podem contar, pois o apoio familiar \u00e9 crucial para a decis\u00e3o de o adolescente cometer ou n\u00e3o o suic\u00eddio.<\/p>\n<\/div>\n<\/div>\n<div class=\"u-visible-desk page-aside\">\n<div class=\"mv-pu\">\n<div class=\"mvn-announcement mvn-announcement--position-right-column\">\n<div class=\"mvn-announcement__container mvn-announcement__container--placeholder\"><\/div>\n<\/div>\n<\/div>\n<\/div>\n","protected":false},"excerpt":{"rendered":"<p>A conversa sobre a tem\u00e1tica do suic\u00eddio \u00e9 algo que poder ocorrer de forma mais natural poss\u00edvel Especialista consultadoDra. Kelly Anny de Oliveira Pinho MonteiroPsicologiaCRP 17286\/PE Sou graduada em Psicologia&#8230;<\/p>\n","protected":false},"author":2,"featured_media":18721,"comment_status":"open","ping_status":"open","sticky":false,"template":"","format":"standard","meta":{"footnotes":""},"categories":[7],"tags":[],"class_list":{"0":"post-18720","1":"post","2":"type-post","3":"status-publish","4":"format-standard","5":"has-post-thumbnail","7":"category-atualidade"},"_links":{"self":[{"href":"https:\/\/www.colorado.com.br\/nosdacolorado\/wp-json\/wp\/v2\/posts\/18720","targetHints":{"allow":["GET"]}}],"collection":[{"href":"https:\/\/www.colorado.com.br\/nosdacolorado\/wp-json\/wp\/v2\/posts"}],"about":[{"href":"https:\/\/www.colorado.com.br\/nosdacolorado\/wp-json\/wp\/v2\/types\/post"}],"author":[{"embeddable":true,"href":"https:\/\/www.colorado.com.br\/nosdacolorado\/wp-json\/wp\/v2\/users\/2"}],"replies":[{"embeddable":true,"href":"https:\/\/www.colorado.com.br\/nosdacolorado\/wp-json\/wp\/v2\/comments?post=18720"}],"version-history":[{"count":1,"href":"https:\/\/www.colorado.com.br\/nosdacolorado\/wp-json\/wp\/v2\/posts\/18720\/revisions"}],"predecessor-version":[{"id":18722,"href":"https:\/\/www.colorado.com.br\/nosdacolorado\/wp-json\/wp\/v2\/posts\/18720\/revisions\/18722"}],"wp:featuredmedia":[{"embeddable":true,"href":"https:\/\/www.colorado.com.br\/nosdacolorado\/wp-json\/wp\/v2\/media\/18721"}],"wp:attachment":[{"href":"https:\/\/www.colorado.com.br\/nosdacolorado\/wp-json\/wp\/v2\/media?parent=18720"}],"wp:term":[{"taxonomy":"category","embeddable":true,"href":"https:\/\/www.colorado.com.br\/nosdacolorado\/wp-json\/wp\/v2\/categories?post=18720"},{"taxonomy":"post_tag","embeddable":true,"href":"https:\/\/www.colorado.com.br\/nosdacolorado\/wp-json\/wp\/v2\/tags?post=18720"}],"curies":[{"name":"wp","href":"https:\/\/api.w.org\/{rel}","templated":true}]}}