{"id":18729,"date":"2022-09-14T11:04:00","date_gmt":"2022-09-14T14:04:00","guid":{"rendered":"https:\/\/www.colorado.com.br\/nosdacolorado\/?p=18729"},"modified":"2022-09-14T11:04:00","modified_gmt":"2022-09-14T14:04:00","slug":"concurso-cultural-credcol-2022-regulamento","status":"publish","type":"post","link":"https:\/\/www.colorado.com.br\/nosdacolorado\/concurso-cultural-credcol-2022-regulamento\/","title":{"rendered":"Concurso Cultural Credcol 2022 &#8211; Regulamento"},"content":{"rendered":"<p style=\"font-weight: 400;\"><strong>REGULAMENTO<\/strong><\/p>\n<p style=\"font-weight: 400;\"><strong><u>I \u2013 Do objetivo<\/u><\/strong><\/p>\n<p style=\"font-weight: 400;\">O concurso cultural &#8220;Dia da Crian\u00e7a Credcol&#8221; \u00e9 realizado pela\u00a0<strong>Cooperativa de Economia e Cr\u00e9dito M\u00fatuo dos Empregados do Grupo Colorado<\/strong>, com sede \u00e0 Fazenda S\u00e3o Jos\u00e9 da Gl\u00f3ria, s\/n\u00ba, inscrita no CNPJ\/MF sob o n.\u00ba 02.024.442\/0001-01, no per\u00edodo de 12\/09\/2022 a 10\/10\/2022, nos termos deste regulamento. O concurso tem car\u00e1ter exclusivamente cultural, n\u00e3o havendo qualquer modalidade de sorteio ou pagamento, nem est\u00e1 vinculado \u00e0 aquisi\u00e7\u00e3o ou ao uso de qualquer bem, direito ou servi\u00e7o.<\/p>\n<p style=\"font-weight: 400;\"><strong><u>II \u2013 Das condi\u00e7\u00f5es<\/u><\/strong><\/p>\n<p style=\"font-weight: 400;\">\u00c9 destinado a crian\u00e7as com idade entre \u00a007 \u00a0a 12 anos e 11 meses, filhos de associados da Credcol, que estejam autorizadas por seus pais ou respons\u00e1veis.<\/p>\n<p style=\"font-weight: 400;\">\u00c9 vedada a participa\u00e7\u00e3o de membros da comiss\u00e3o julgadora e organiza\u00e7\u00e3o bem como seus dependentes.<\/p>\n<p style=\"font-weight: 400;\">Para participar, as crian\u00e7as e seus pais e\/ou respons\u00e1veis dever\u00e3o observar as disposi\u00e7\u00f5es descritas neste regulamento.<\/p>\n<p style=\"font-weight: 400;\">\u00c9 vedada a ajuda ou a participa\u00e7\u00e3o de pais, respons\u00e1veis ou demais pessoas na cria\u00e7\u00e3o dos textos feitos pelas crian\u00e7as.<\/p>\n<p style=\"font-weight: 400;\">Cada crian\u00e7a somente poder\u00e1 enviar um \u00fanico trabalho.<\/p>\n<p style=\"font-weight: 400;\">Todos os trabalhos devem ser entregues em formul\u00e1rio oficial da Credcol.<\/p>\n<p style=\"font-weight: 400;\">A reda\u00e7\u00e3o deve ter no m\u00ednimo 20 linhas e no m\u00e1ximo 41 linhas.<\/p>\n<p style=\"font-weight: 400;\">Trabalhos copiados de livros, revistas, jornais ou sites ser\u00e3o desclassificados.<\/p>\n<p style=\"font-weight: 400;\"><strong><u>III \u2013 Da inscri\u00e7\u00e3o<\/u><\/strong><\/p>\n<p style=\"font-weight: 400;\">As inscri\u00e7\u00f5es estar\u00e3o abertas no per\u00edodo de 12\/09\/2022 \u00e0 10\/10\/2022.<\/p>\n<p style=\"font-weight: 400;\">O trabalho dever\u00e1 ser assinado pelo s\u00f3cio e entregue na Credcol.<\/p>\n<p style=\"font-weight: 400;\">Ser\u00e3o automaticamente desconsiderados os textos que chegarem por outros meios e\/ou em data posterior a 10 de Outubro de 2022.<\/p>\n<p style=\"font-weight: 400;\"><strong><u>IV \u2013 Do Tema<\/u><\/strong><\/p>\n<p style=\"font-weight: 400;\"><strong>REDA\u00c7\u00c3O: COPA DO MUNDO<\/strong><\/p>\n<p style=\"font-weight: 400;\">Conte-nos: O Brasil \u00e9 o pa\u00eds do futebol&#8230; e isto envolve \u00a0\u00a0amor, sonhos e alegrias. Compartilhe conosco o que a COPA DO MUNDO representa para voc\u00ea, sua fam\u00edlia apoia? J\u00e1 assistiu? Qual sua opini\u00e3o sobre a Copa? Existem pontos positivos e negativos? Quais as oportunidades que o esporte pode oferecer para a sua vida?\u00a0Enfim fique a vontade para expressar seus sentimentos e opini\u00f5es!\u00a0 Boa sorte!<\/p>\n<p style=\"font-weight: 400;\"><strong><u>V \u2013 Do julgamento<\/u><\/strong><\/p>\n<p style=\"font-weight: 400;\">O julgamento ser\u00e1 feito por uma comiss\u00e3o composta por julgadores, indicados pela comiss\u00e3o organizadora do concurso. A comiss\u00e3o atribuir\u00e1 notas de 5 a 10 (sem fra\u00e7\u00e3o) aos seguintes quesitos:<\/p>\n<ol>\n<li style=\"font-weight: 400;\">Adequa\u00e7\u00e3o ao Tema<\/li>\n<li style=\"font-weight: 400;\">Coer\u00eancia nos argumentos<\/li>\n<li style=\"font-weight: 400;\">Originalidade<\/li>\n<li style=\"font-weight: 400;\">Harmonia do todo<\/li>\n<\/ol>\n<p style=\"font-weight: 400;\">As decis\u00f5es da comiss\u00e3o julgadora ser\u00e3o irrecorr\u00edveis.<\/p>\n<p style=\"font-weight: 400;\">A comiss\u00e3o julgadora escolher\u00e1 a melhor reda\u00e7\u00e3o por ordem de classifica\u00e7\u00e3o.<\/p>\n<p style=\"font-weight: 400;\">Em caso de empate ser\u00e1 utilizada a maior nota dos quesitos avaliados, seguindo a ordem proposta.<\/p>\n<p style=\"font-weight: 400;\">As reda\u00e7\u00f5es ser\u00e3o divididas em 02 grupos:<\/p>\n<ul>\n<li style=\"font-weight: 400;\">Grupo 1 \u2013 faixa et\u00e1ria 07 \u00e0 09 anos e 11 meses<\/li>\n<li style=\"font-weight: 400;\">Grupo 2 \u2013 faixa et\u00e1ria 10 \u00e0 12 anos e 11 meses<\/li>\n<\/ul>\n<p style=\"font-weight: 400;\"><strong>VI \u2013 Da premia\u00e7\u00e3o<\/strong><strong>\u00a0<\/strong><\/p>\n<p style=\"font-weight: 400;\">O concurso premiar\u00e1 1\u00ba, 2\u00ba e 3\u00ba colocados de cada categoria e todos ganhar\u00e3o um brinde de participa\u00e7\u00e3o!<\/p>\n<p style=\"font-weight: 400;\">1\u00ba LUGAR &#8211; APARELHO CELULAR<\/p>\n<p style=\"font-weight: 400;\">2\u00ba LUGAR &#8211;\u00a0JOGO SUPER BANCO IMOBILI\u00c1RIO<\/p>\n<p style=\"font-weight: 400;\">3\u00ba LUGAR &#8211; JOGO DA VIDA<\/p>\n<p style=\"font-weight: 400;\">A divulga\u00e7\u00e3o dos ganhadores ser\u00e1 feita no site do GRUPO COLORADO at\u00e9 dia 31\/10\/2022.<strong>\u00a0<\/strong><\/p>\n<p style=\"font-weight: 400;\"><strong><u>VII \u2013 Condi\u00e7\u00f5es Finais<\/u><\/strong><\/p>\n<p style=\"font-weight: 400;\">Os pais e\/ou respons\u00e1veis pelas crian\u00e7as participantes declaram que os materiais enviados s\u00e3o de autoria das crian\u00e7as participantes e responsabilizam-se, isolada e exclusivamente, pelo conte\u00fado dos textos enviados \u00e0\u00a0<strong>Credcol<\/strong>. Ao enviar os materiais, concordam autom\u00e1tica e tacitamente com todas as disposi\u00e7\u00f5es e itens deste regulamento.<\/p>\n<p style=\"font-weight: 400;\">IMPORTANTE: \u00a0A FICHA DE INSCRI\u00c7\u00c3O e o FORMUL\u00c1RIO, podem ser solicitados pessoalmente na cooperativa, telefone ou por email.<\/p>\n<p style=\"font-weight: 400;\"><a href=\"mailto:jose.paterra@colorado.com.br\">jose.paterra@colorado.com.br<\/a><\/p>\n<p style=\"font-weight: 400;\"><a href=\"mailto:betania.natani@colorado.com.br\">betania.natani@colorado.com.br<\/a><\/p>\n<p style=\"font-weight: 400;\"><strong>ATEN\u00c7\u00c3O: DEVOLVER A REDA\u00c7\u00c3O AT\u00c9 10\/10\/2022. BOA SORTE!<\/strong>&#8211;<\/p>\n","protected":false},"excerpt":{"rendered":"<p>REGULAMENTO I \u2013 Do objetivo O concurso cultural &#8220;Dia da Crian\u00e7a Credcol&#8221; \u00e9 realizado pela\u00a0Cooperativa de Economia e Cr\u00e9dito M\u00fatuo dos Empregados do Grupo Colorado, com sede \u00e0 Fazenda S\u00e3o&#8230;<\/p>\n","protected":false},"author":2,"featured_media":18730,"comment_status":"open","ping_status":"open","sticky":false,"template":"","format":"standard","meta":{"footnotes":""},"categories":[10],"tags":[],"class_list":{"0":"post-18729","1":"post","2":"type-post","3":"status-publish","4":"format-standard","5":"has-post-thumbnail","7":"category-credcol"},"_links":{"self":[{"href":"https:\/\/www.colorado.com.br\/nosdacolorado\/wp-json\/wp\/v2\/posts\/18729","targetHints":{"allow":["GET"]}}],"collection":[{"href":"https:\/\/www.colorado.com.br\/nosdacolorado\/wp-json\/wp\/v2\/posts"}],"about":[{"href":"https:\/\/www.colorado.com.br\/nosdacolorado\/wp-json\/wp\/v2\/types\/post"}],"author":[{"embeddable":true,"href":"https:\/\/www.colorado.com.br\/nosdacolorado\/wp-json\/wp\/v2\/users\/2"}],"replies":[{"embeddable":true,"href":"https:\/\/www.colorado.com.br\/nosdacolorado\/wp-json\/wp\/v2\/comments?post=18729"}],"version-history":[{"count":1,"href":"https:\/\/www.colorado.com.br\/nosdacolorado\/wp-json\/wp\/v2\/posts\/18729\/revisions"}],"predecessor-version":[{"id":18731,"href":"https:\/\/www.colorado.com.br\/nosdacolorado\/wp-json\/wp\/v2\/posts\/18729\/revisions\/18731"}],"wp:featuredmedia":[{"embeddable":true,"href":"https:\/\/www.colorado.com.br\/nosdacolorado\/wp-json\/wp\/v2\/media\/18730"}],"wp:attachment":[{"href":"https:\/\/www.colorado.com.br\/nosdacolorado\/wp-json\/wp\/v2\/media?parent=18729"}],"wp:term":[{"taxonomy":"category","embeddable":true,"href":"https:\/\/www.colorado.com.br\/nosdacolorado\/wp-json\/wp\/v2\/categories?post=18729"},{"taxonomy":"post_tag","embeddable":true,"href":"https:\/\/www.colorado.com.br\/nosdacolorado\/wp-json\/wp\/v2\/tags?post=18729"}],"curies":[{"name":"wp","href":"https:\/\/api.w.org\/{rel}","templated":true}]}}