{"id":18732,"date":"2022-09-15T07:31:04","date_gmt":"2022-09-15T10:31:04","guid":{"rendered":"https:\/\/www.colorado.com.br\/nosdacolorado\/?p=18732"},"modified":"2022-09-15T07:31:04","modified_gmt":"2022-09-15T10:31:04","slug":"clareamento-dental-veja-tipos-riscos-e-recomendacoes","status":"publish","type":"post","link":"https:\/\/www.colorado.com.br\/nosdacolorado\/clareamento-dental-veja-tipos-riscos-e-recomendacoes\/","title":{"rendered":"Clareamento dental: veja tipos, riscos e recomenda\u00e7\u00f5es"},"content":{"rendered":"<div id=\"social-media-upper\" class=\"social-media-upper\">\n<div class=\"news-authors hide-on-mobile\">\n<div class=\"authors-info\"><span class=\"authors-names\">Por Renata Okumura<\/span><\/div>\n<\/div>\n<\/div>\n<div class=\"subheadline-feature-block\">\n<p>Especialistas alertam que \u00e9 preciso estar com a sa\u00fade bucal em dia \u2013 ou seja, n\u00e3o ter nenhuma doen\u00e7a gengival e c\u00e1rie \u2013 para se submeter ao tratamento<\/p>\n<p>Entre os procedimentos odontol\u00f3gicos est\u00e9ticos mais procurados, o\u00a0<strong>clareamento dental<\/strong>\u00a0\u00e9 realizado principalmente por pessoas que se incomodam com os dentes manchados. As diferentes t\u00e9cnicas podem ser realizadas no consult\u00f3rio, em casa ou com uma combina\u00e7\u00e3o dos dois. Antes de fazer o tratamento para deixar os\u00a0<a href=\"https:\/\/tudo-sobre.estadao.com.br\/dente\" target=\"_blank\" rel=\"noopener noreferrer\"><strong>dentes brancos<\/strong><\/a>, no entanto, \u00e9 importante que o paciente verifique os cuidados a serem tomados, assim como contraindica\u00e7\u00f5es \u2013 gr\u00e1vidas, lactantes e crian\u00e7as n\u00e3o podem, por exemplo.<\/p>\n<p>Cada sess\u00e3o custa entre\u00a0<strong>R$ 700<\/strong>\u00a0e\u00a0<strong>R$<\/strong>\u00a0<strong>800<\/strong>, e s\u00e3o necess\u00e1rias em torno de quatro para a realiza\u00e7\u00e3o completa do tratamento, segundo especialistas. Para se submeter ao clareamento, alertam, \u00e9 preciso estar com a sa\u00fade bucal em dia \u2013 ou seja, n\u00e3o ter nenhuma doen\u00e7a gengival e c\u00e1rie.<\/p>\n<div class=\"intertitle-wrapper\">\n<div class=\"line-top\"><\/div>\n<h3>Confira a seguir mais detalhes sobre o procedimento:<\/h3>\n<\/div>\n<div class=\"intertitle-wrapper\">\n<h3>O que \u00e9 clareamento dental?<\/h3>\n<\/div>\n<p>\u201c\u00c9 um tratamento odontol\u00f3gico de cunho est\u00e9tico, onde os pigmentos adquiridos ao longo da vida s\u00e3o quebrados em mol\u00e9culas pequenas e se tornam invis\u00edveis. Dessa forma, os dentes recuperam uma tonalidade mais clara\u201d, explica\u00a0<strong>Victor Murakami<\/strong>, mestre pela Faculdade de Odontologia da Universidade de S\u00e3o Paulo (FOUSP).<\/p>\n<p>O clareamento \u00e9 indicado para quem deseja melhorar a colora\u00e7\u00e3o dos dentes, mas \u00e9 preciso fica atento a restaura\u00e7\u00f5es ou pr\u00f3teses aparentes, j\u00e1 que precisar\u00e3o ser substitu\u00eddas depois por outras na nova tonalidade.<\/p>\n<div class=\"intertitle-wrapper\">\n<h3>Quais s\u00e3o os tipos de clareamento dental?<\/h3>\n<\/div>\n<p>&#8211;\u00a0<strong>Caseiro:<\/strong>\u00a0Ele \u00e9 feito com o uso de uma moldeira de silicone e um gel clareador. Normalmente, o paciente usa ambos durante a noite. O resultado do clareamento caseiro \u00e9 um pouco mais demorado do que os realizados em consult\u00f3rio. O tratamento pode durar at\u00e9 um m\u00eas e exige a dedica\u00e7\u00e3o do paciente para que os resultados apare\u00e7am.<\/p>\n<p>&#8211;\u00a0<strong>Consult\u00f3rio:<\/strong>\u00a0No clareamento de consult\u00f3rio, o dentista tamb\u00e9m utiliza um gel clareador, mas com concentra\u00e7\u00f5es mais elevadas do que os usados no tratamento caseiro. O profissional utiliza uma barreira que protege a gengiva e faz a aplica\u00e7\u00e3o do gel, que permanece em contato com os dentes por mais ou menos 50 minutos. Os resultados costumam ser mais r\u00e1pidos do que com o m\u00e9todo caseiro.<\/p>\n<p>&#8211;\u00a0<strong>Laser:<\/strong>\u00a0Tamb\u00e9m realizado em consult\u00f3rio, ele \u00e9 feito com um gel clareador que \u00e9 potencializado com o uso do laser. Com a luz, a permeabilidade do produto aumenta, permitindo que ele atinja espa\u00e7os ainda mais precisos no esmalte dent\u00e1rio. Outra diferen\u00e7a \u00e9 que esse tipo de clareamento usa um gel com uma concentra\u00e7\u00e3o mais potente do que o caseiro, o que permite um resultado mais r\u00e1pido.<\/p>\n<p>&#8211;\u00a0<strong>Clareamento Interno:<\/strong>\u00a0Feito na parte interna do dente, \u00e9 indicado para quem passou por tratamento de canal ou ficou com dentes mais escuros por traumas ou rea\u00e7\u00f5es met\u00e1licas. Como nos demais, tamb\u00e9m \u00e9 usado um gel clareador, aplicado na por\u00e7\u00e3o coron\u00e1ria do dente. Precisa ser trocado toda semana at\u00e9 que o resultado seja alcan\u00e7ado (o que demora, em m\u00e9dia, dois meses). Vale lembrar que, de todos os m\u00e9todos de clareamento, este \u00e9 o que oferece menor certeza de resultado, segundo especialistas. Tamb\u00e9m \u00e9 realizado em consult\u00f3rio.<\/p>\n<p>&#8211;\u00a0<strong>Luz Ultravioleta:<\/strong>\u00a0\u00c9 uma t\u00e9cnica parecida com o clareamento com laser, mas com luz ultravioleta, intensificando a a\u00e7\u00e3o do gel. Com essa t\u00e9cnica, \u00e9 poss\u00edvel diminuir a sensibilidade ap\u00f3s o tratamento.<\/p>\n<p>\u00c9 importante ressaltar que o tratamento de clareamento pode ser feito no consult\u00f3rio, em casa (com uso de moldeiras) ou em t\u00e9cnica mista (associando as duas formas).<\/p>\n<figure class=\"figure-image-wrapper \">\n<div class=\"figure-image-container\"><img decoding=\"async\" src=\"https:\/\/www.estadao.com.br\/resizer\/nXfDv3BjtxZ1nSpECWEGDPPPV1Y=\/936x0\/filters:format(jpg):quality(80)\/cloudfront-us-east-1.images.arcpublishing.com\/estadao\/GVCIP2QXCNDKZEG2HXEZSV2GLQ.jpg\" alt=\"Uso de uma moldeira para a realiza\u00e7\u00e3o do clareamento dental.\" \/><\/div><figcaption>Uso de uma moldeira para a realiza\u00e7\u00e3o do clareamento dental. Foto: Victor Murakami\/Divulga\u00e7\u00e3o<\/figcaption><\/figure>\n<div class=\"intertitle-wrapper\">\n<h3>No clareamento caseiro, s\u00e3o usadas placas de acetato? A pessoa pode dormir com a moldeira?<\/h3>\n<\/div>\n<p>\u201cO clareamento de moldeiras \u00e9 feito com<strong>\u00a0placas de acetato<\/strong>, silicone ou com alinhadores ortod\u00f4nticos. Pode ser usado por algumas horas ou at\u00e9 para dormir, dependendo da orienta\u00e7\u00e3o do profissional\u201d, explica Murakami.<\/p>\n<div class=\"intertitle-wrapper\">\n<h3>E o clareamento com bicarbonato?<\/h3>\n<\/div>\n<p>\u201cO uso de\u00a0<strong>bicarbonato<\/strong> \u00e9 um tiro no p\u00e9, uma das piores coisas que algu\u00e9m pode fazer pelos dentes. Ele \u00e9 altamente abrasivo e tira pigmentos dos dentes junto com o esmalte, que \u00e9 o tecido de prote\u00e7\u00e3o e que mant\u00e9m os dentes mais claros, fazendo com que os dentes amarelem muito mais rapidamente, aumenta sensibilidade, fragiliza e aumenta risco de les\u00f5es de c\u00e1rie\u201d, alerta Murakami. \u201cPor ser muito barato, se fosse bom, todos os dentistas usariam no consult\u00f3rio com essa finalidade no lugar de comprar produtos de maior valor.\u201d<\/p>\n<div class=\"intertitle-wrapper\">\n<h3>O que s\u00e3o as fitas de clareamento dental vendidas em kits?<\/h3>\n<\/div>\n<p>\u201cS\u00e3o fitas impregnadas com gel clareador, que funcionam, mas podem provocar queimaduras na gengiva, devido ao formato de tira que acaba pegando n\u00e3o somente os dentes\u201d, acrescenta N\u00e1dia Salem Abdel Jabbar, especializada em odontopediatria pela Funda\u00e7\u00e3o para o Desenvolvimento Cient\u00edfico e Tecnol\u00f3gico da Odontologia da Universidade de S\u00e3o Paulo (Fundecto USP).<\/p>\n<p>Antes de adquirir o produto, alerta, o paciente deve buscar informa\u00e7\u00f5es sobre o uso, assim como contraindica\u00e7\u00f5es.<\/p>\n<div class=\"intertitle-wrapper\">\n<h3>Para quem o clareamento dental \u00e9 indicado? A partir de qual idade pode ser feito?<\/h3>\n<\/div>\n<p>O clareamento dental \u00e9 recomendado para casos em que se observa modifica\u00e7\u00e3o da cor natural dos dentes e para quem deseja melhorar o sorriso.<\/p>\n<p>\u201c\u00c9 indicado para pessoas maiores de 15 anos, a menos que j\u00e1 tenham desenvolvido toda a arcada dent\u00e1ria\u201d, acrescenta Melani Nunes, dentista e especialista em harmoniza\u00e7\u00e3o facial pela Faculdade do Centro Oeste Paulista (Facop).<\/p>\n<div class=\"intertitle-wrapper\">\n<h3>Para quem o clareamento dental \u00e9 contraindicado?<\/h3>\n<\/div>\n<p>&#8211; Gr\u00e1vidas<\/p>\n<p>&#8211; Menores de 15 anos<\/p>\n<p>&#8211; Pacientes com c\u00e1ries<\/p>\n<p>&#8211; Pessoas que t\u00eam alergia aos componentes da f\u00f3rmula do gel clareador<\/p>\n<p>&#8211; Pacientes com restaura\u00e7\u00f5es defeituosas ou ainda com problemas na gengiva<\/p>\n<p>&#8211; Pacientes com dentes manchados por tetraciclina na inf\u00e2ncia<\/p>\n<p>&#8211; Pessoas com problemas de forma\u00e7\u00e3o do esmalte<\/p>\n<div class=\"intertitle-wrapper\">\n<h3>Pessoas com dentes sens\u00edveis podem realizar?<\/h3>\n<\/div>\n<p>\u201cPessoas com dentes sens\u00edveis podem fazer clareamento, mas sempre com acompanhamento do dentista, pois o gel clareador precisa ser manipulado na concentra\u00e7\u00e3o apropriada para a necessidade de cada paciente\u201d, afirma Melani.<\/p>\n<figure class=\"figure-image-wrapper \">\n<div class=\"figure-image-container\"><img decoding=\"async\" src=\"https:\/\/www.estadao.com.br\/resizer\/avqgm-STMQ5SxrFt6FyF0zEMjJM=\/936x0\/filters:format(jpg):quality(80)\/cloudfront-us-east-1.images.arcpublishing.com\/estadao\/CUSSEOLXCBBTHBNBYXNRPEGGAE.jpg\" alt=\"Clareamento dental \u00e9 realizado principalmente por pessoas que se incomodam com os dentes manchados.\" \/><\/div><figcaption>Clareamento dental \u00e9 realizado principalmente por pessoas que se incomodam com os dentes manchados. Foto: Pixabay<\/figcaption><\/figure>\n<div class=\"intertitle-wrapper\">\n<h3>Crian\u00e7as e gestantes podem fazer clareamento dental?<\/h3>\n<\/div>\n<p>N\u00e3o. O clareamento dental \u00e9 contraindicado para menores de 15 anos e gestantes.<\/p>\n<p>\u201cNo caso de\u00a0<a href=\"https:\/\/tudo-sobre.estadao.com.br\/gravidez\" target=\"_blank\" rel=\"noopener noreferrer\"><strong>gr\u00e1vidas<\/strong><\/a> e lactantes, \u00e9 interessante n\u00e3o realizar o clareamento, assim como pacientes com hipersensibilidade ou alergia aos produtos\u201d, acrescenta N\u00e1dia.<\/p>\n<div class=\"intertitle-wrapper\">\n<h3>Quais cuidados s\u00e3o necess\u00e1rios antes de o paciente realizar o clareamento dental?<\/h3>\n<\/div>\n<p>A pessoa precisa estar com a sa\u00fade bucal em dia. Ou seja, n\u00e3o ter nenhuma doen\u00e7a gengival e c\u00e1rie.<\/p>\n<div class=\"intertitle-wrapper\">\n<h3>Quais cuidados devem ser tomados com a alimenta\u00e7\u00e3o durante e ap\u00f3s o tratamento?<\/h3>\n<\/div>\n<p>\u00c9 indispens\u00e1vel tomar cuidado com a alimenta\u00e7\u00e3o, evitando o consumo excessivo de itens que podem manchar seus dentes, como:<\/p>\n<p>&#8211; Suco de uva<\/p>\n<p>&#8211; Vinho tinto<\/p>\n<p>&#8211; Caf\u00e9<\/p>\n<p>&#8211; Refrigerante de cola<\/p>\n<p>&#8211; Ch\u00e1 preto<\/p>\n<p>\u201cO paciente deve cuidar dos h\u00e1bitos de higiene bucal, sempre escovando os dentes ap\u00f3s todas as refei\u00e7\u00f5es e usando o fio dental. E visitar periodicamente o dentista para realizar a limpeza profil\u00e1tica\u201d, orienta Melani, dentista e especialista em harmoniza\u00e7\u00e3o facial pela Facop.<\/p>\n<div class=\"intertitle-wrapper\">\n<h3>Quanto tempo dura, em m\u00e9dia, o clareamento dental?<\/h3>\n<\/div>\n<p>Dependendo dos cuidados do paciente, \u00e9 poss\u00edvel que os dentes fiquem mais brancos<strong>\u00a0por dois anos.<\/strong> Depois desse per\u00edodo, \u00e9 necess\u00e1rio refazer o tratamento.<\/p>\n<div class=\"intertitle-wrapper\">\n<h3>Quanto custa, em m\u00e9dia, o clareamento?<\/h3>\n<\/div>\n<p>Em m\u00e9dia, cada sess\u00e3o custa entre\u00a0<strong>R$ 700<\/strong>\u00a0e\u00a0<strong>R$ 800<\/strong>. O tratamento total pode ficar em torno de\u00a0<strong>R$ 2 mil<\/strong>, com a realiza\u00e7\u00e3o das quatro sess\u00f5es, em m\u00e9dia, que s\u00e3o necess\u00e1rias, em um per\u00edodo de tr\u00eas a quatro semanas.<\/p>\n<div class=\"intertitle-wrapper\">\n<h3>Qual a diferen\u00e7a entre clareamento dental e facetas dentais?<\/h3>\n<\/div>\n<p>\u201cS\u00e3o formas diferentes de conseguir clarear os dentes. O clareamento \u00e9 o tratamento est\u00e9tico menos invasivo existente com essa finalidade.\u00a0<a href=\"https:\/\/www.estadao.com.br\/saude\/entenda-quais-sao-as-recomendacoes-e-riscos-das-facetas-dentarias-nprm\/\" target=\"_blank\" rel=\"noopener noreferrer\"><strong>Facetas, seja em resina ou porcelana<\/strong><\/a>, s\u00e3o coladas sobre os dentes e podem trazer uma\u00a0<strong>s\u00e9rie de problemas a m\u00e9dio prazo<\/strong>, se n\u00e3o forem realizadas com<\/p>\n<div class=\"intertitle-wrapper\">\n<h3>Independentemente do tratamento realizado, por que \u00e9 importante que a pessoa sempre mantenha em dia a sa\u00fade bucal?<\/h3>\n<\/div>\n<p>Problemas de sa\u00fade bucal est\u00e3o relacionados a doen\u00e7as card\u00edacas, hipertens\u00e3o, parto prematuro e\u00a0<a href=\"https:\/\/tudo-sobre.estadao.com.br\/diabete\" target=\"_blank\" rel=\"noopener noreferrer\"><strong>diabete<\/strong><\/a>,<strong>\u00a0<\/strong>explica N\u00e1dia Jabbar.<\/p>\n<p>\u201cAl\u00e9m de quest\u00f5es psicol\u00f3gicas como problemas de autoestima, problemas de relacionamento afetivo, profissional e social que tamb\u00e9m podem ser resultados da falta de tratamento odontol\u00f3gico\u201d, acrescenta a especialista.<\/p>\n<\/div>\n<div class=\"styles__Container-sc-1v8tg5g-0 gRibif\"><\/div>\n","protected":false},"excerpt":{"rendered":"<p>Por Renata Okumura Especialistas alertam que \u00e9 preciso estar com a sa\u00fade bucal em dia \u2013 ou seja, n\u00e3o ter nenhuma doen\u00e7a gengival e c\u00e1rie \u2013 para se submeter ao&#8230;<\/p>\n","protected":false},"author":2,"featured_media":18733,"comment_status":"open","ping_status":"open","sticky":false,"template":"","format":"standard","meta":{"footnotes":""},"categories":[7],"tags":[],"class_list":{"0":"post-18732","1":"post","2":"type-post","3":"status-publish","4":"format-standard","5":"has-post-thumbnail","7":"category-atualidade"},"_links":{"self":[{"href":"https:\/\/www.colorado.com.br\/nosdacolorado\/wp-json\/wp\/v2\/posts\/18732","targetHints":{"allow":["GET"]}}],"collection":[{"href":"https:\/\/www.colorado.com.br\/nosdacolorado\/wp-json\/wp\/v2\/posts"}],"about":[{"href":"https:\/\/www.colorado.com.br\/nosdacolorado\/wp-json\/wp\/v2\/types\/post"}],"author":[{"embeddable":true,"href":"https:\/\/www.colorado.com.br\/nosdacolorado\/wp-json\/wp\/v2\/users\/2"}],"replies":[{"embeddable":true,"href":"https:\/\/www.colorado.com.br\/nosdacolorado\/wp-json\/wp\/v2\/comments?post=18732"}],"version-history":[{"count":1,"href":"https:\/\/www.colorado.com.br\/nosdacolorado\/wp-json\/wp\/v2\/posts\/18732\/revisions"}],"predecessor-version":[{"id":18734,"href":"https:\/\/www.colorado.com.br\/nosdacolorado\/wp-json\/wp\/v2\/posts\/18732\/revisions\/18734"}],"wp:featuredmedia":[{"embeddable":true,"href":"https:\/\/www.colorado.com.br\/nosdacolorado\/wp-json\/wp\/v2\/media\/18733"}],"wp:attachment":[{"href":"https:\/\/www.colorado.com.br\/nosdacolorado\/wp-json\/wp\/v2\/media?parent=18732"}],"wp:term":[{"taxonomy":"category","embeddable":true,"href":"https:\/\/www.colorado.com.br\/nosdacolorado\/wp-json\/wp\/v2\/categories?post=18732"},{"taxonomy":"post_tag","embeddable":true,"href":"https:\/\/www.colorado.com.br\/nosdacolorado\/wp-json\/wp\/v2\/tags?post=18732"}],"curies":[{"name":"wp","href":"https:\/\/api.w.org\/{rel}","templated":true}]}}