{"id":19550,"date":"2023-02-21T14:00:58","date_gmt":"2023-02-21T16:00:58","guid":{"rendered":"https:\/\/www.colorado.com.br\/nosdacolorado\/?p=19550"},"modified":"2023-02-15T10:10:23","modified_gmt":"2023-02-15T12:10:23","slug":"o-homem-mais-inteligente-da-historia-livro-de-augusto-cury","status":"publish","type":"post","link":"https:\/\/www.colorado.com.br\/nosdacolorado\/o-homem-mais-inteligente-da-historia-livro-de-augusto-cury\/","title":{"rendered":"O Homem Mais Inteligente da Hist\u00f3ria, livro de Augusto Cury"},"content":{"rendered":"<p><span style=\"font-weight: 400;\">O Homem Mais Inteligente da Hist\u00f3ria, livro de Augusto Cury<\/span><span style=\"font-weight: 400;\">, \u00e9 a dica de leitura do <\/span><span style=\"font-weight: 400;\">Higor Mendon\u00e7a de Oliveira, Almoxarife da Usina Colorado e leitor associado \u00e0 Biblioteca Engenho do Conhecimento desde maio de 2018. Como o Higor, milhares de colaboradores da empresa se beneficiam de contar com uma Biblioteca dispon\u00edvel em ambiente de trabalho, para emprestar livros gratuitamente! A Biblioteca oferece espa\u00e7os climatizados. Quem tem d\u00favidas pode obter todas as informa\u00e7\u00f5es na pr\u00f3pria Biblioteca sobre os livros e as regras para o empr\u00e9stimo!<\/span><\/p>\n<p><a href=\"https:\/\/www.colorado.com.br\/nosdacolorado\/wp-content\/uploads\/2023\/02\/Post-21.png\" rel=\"prettyPhoto[gallery-PJPV]\"><img loading=\"lazy\" decoding=\"async\" class=\"aligncenter size-full wp-image-19551\" src=\"https:\/\/www.colorado.com.br\/nosdacolorado\/wp-content\/uploads\/2023\/02\/Post-21.png\" alt=\"\" width=\"1081\" height=\"1080\" srcset=\"https:\/\/www.colorado.com.br\/nosdacolorado\/wp-content\/uploads\/2023\/02\/Post-21.png 1081w, https:\/\/www.colorado.com.br\/nosdacolorado\/wp-content\/uploads\/2023\/02\/Post-21-150x150.png 150w, https:\/\/www.colorado.com.br\/nosdacolorado\/wp-content\/uploads\/2023\/02\/Post-21-300x300.png 300w, https:\/\/www.colorado.com.br\/nosdacolorado\/wp-content\/uploads\/2023\/02\/Post-21-768x767.png 768w, https:\/\/www.colorado.com.br\/nosdacolorado\/wp-content\/uploads\/2023\/02\/Post-21-1024x1024.png 1024w, https:\/\/www.colorado.com.br\/nosdacolorado\/wp-content\/uploads\/2023\/02\/Post-21-100x100.png 100w, https:\/\/www.colorado.com.br\/nosdacolorado\/wp-content\/uploads\/2023\/02\/Post-21-140x140.png 140w, https:\/\/www.colorado.com.br\/nosdacolorado\/wp-content\/uploads\/2023\/02\/Post-21-500x500.png 500w, https:\/\/www.colorado.com.br\/nosdacolorado\/wp-content\/uploads\/2023\/02\/Post-21-350x350.png 350w, https:\/\/www.colorado.com.br\/nosdacolorado\/wp-content\/uploads\/2023\/02\/Post-21-1000x1000.png 1000w, https:\/\/www.colorado.com.br\/nosdacolorado\/wp-content\/uploads\/2023\/02\/Post-21-800x800.png 800w\" sizes=\"auto, (max-width: 1081px) 100vw, 1081px\" \/><\/a><\/p>\n","protected":false},"excerpt":{"rendered":"<p>O Homem Mais Inteligente da Hist\u00f3ria, livro de Augusto Cury, \u00e9 a dica de leitura do Higor Mendon\u00e7a de Oliveira, Almoxarife da Usina Colorado e leitor associado \u00e0 Biblioteca Engenho&#8230;<\/p>\n","protected":false},"author":2,"featured_media":19551,"comment_status":"open","ping_status":"open","sticky":false,"template":"","format":"standard","meta":{"footnotes":""},"categories":[11,8],"tags":[],"class_list":{"0":"post-19550","1":"post","2":"type-post","3":"status-publish","4":"format-standard","5":"has-post-thumbnail","7":"category-acontece-na-colorado","8":"category-biblioteca"},"_links":{"self":[{"href":"https:\/\/www.colorado.com.br\/nosdacolorado\/wp-json\/wp\/v2\/posts\/19550","targetHints":{"allow":["GET"]}}],"collection":[{"href":"https:\/\/www.colorado.com.br\/nosdacolorado\/wp-json\/wp\/v2\/posts"}],"about":[{"href":"https:\/\/www.colorado.com.br\/nosdacolorado\/wp-json\/wp\/v2\/types\/post"}],"author":[{"embeddable":true,"href":"https:\/\/www.colorado.com.br\/nosdacolorado\/wp-json\/wp\/v2\/users\/2"}],"replies":[{"embeddable":true,"href":"https:\/\/www.colorado.com.br\/nosdacolorado\/wp-json\/wp\/v2\/comments?post=19550"}],"version-history":[{"count":1,"href":"https:\/\/www.colorado.com.br\/nosdacolorado\/wp-json\/wp\/v2\/posts\/19550\/revisions"}],"predecessor-version":[{"id":19552,"href":"https:\/\/www.colorado.com.br\/nosdacolorado\/wp-json\/wp\/v2\/posts\/19550\/revisions\/19552"}],"wp:featuredmedia":[{"embeddable":true,"href":"https:\/\/www.colorado.com.br\/nosdacolorado\/wp-json\/wp\/v2\/media\/19551"}],"wp:attachment":[{"href":"https:\/\/www.colorado.com.br\/nosdacolorado\/wp-json\/wp\/v2\/media?parent=19550"}],"wp:term":[{"taxonomy":"category","embeddable":true,"href":"https:\/\/www.colorado.com.br\/nosdacolorado\/wp-json\/wp\/v2\/categories?post=19550"},{"taxonomy":"post_tag","embeddable":true,"href":"https:\/\/www.colorado.com.br\/nosdacolorado\/wp-json\/wp\/v2\/tags?post=19550"}],"curies":[{"name":"wp","href":"https:\/\/api.w.org\/{rel}","templated":true}]}}