{"id":19553,"date":"2023-02-22T09:00:25","date_gmt":"2023-02-22T11:00:25","guid":{"rendered":"https:\/\/www.colorado.com.br\/nosdacolorado\/?p=19553"},"modified":"2023-02-15T10:12:39","modified_gmt":"2023-02-15T12:12:39","slug":"e-hoje-os-parabens-vao-para-ela-nossa-biblioteca-engenho-do-conhecimento","status":"publish","type":"post","link":"https:\/\/www.colorado.com.br\/nosdacolorado\/e-hoje-os-parabens-vao-para-ela-nossa-biblioteca-engenho-do-conhecimento\/","title":{"rendered":"E hoje os parab\u00e9ns v\u00e3o para ela: nossa Biblioteca Engenho do Conhecimento"},"content":{"rendered":"<div class=\"\" data-block=\"true\" data-editor=\"ccfr\" data-offset-key=\"75lep-0-0\">\n<div class=\"_1mf _1mj\" data-offset-key=\"75lep-0-0\" data-auto-logging-id=\"f29da2dadb56258\"><span data-offset-key=\"75lep-0-0\">Parece que foi ontem que foi inaugurada pela Usina Colorado, no espa\u00e7o da empresa, mas o tempo passa e j\u00e1 s\u00e3o 17 anos de dedica\u00e7\u00e3o a quem trabalha, possibilitando que os livros cheguem \u00e0s m\u00e3os de mais leitores. Entre esses leitores est\u00e1 o Wanderson Aparecido Bas\u00edlio de Oliveira, que \u00e9 frentista do Posto de Combust\u00edvel da Usina Colorado. Na foto o Wanderson, que \u00e9 leitor da Biblioteca desde dezembro de 2014, apresenta sua dica de leitura: O Homem mais inteligente da hist\u00f3ria, de Augusto Cury.<\/span><\/div>\n<\/div>\n<div class=\"\" data-block=\"true\" data-editor=\"ccfr\" data-offset-key=\"cf8kr-0-0\"><a href=\"https:\/\/www.colorado.com.br\/nosdacolorado\/wp-content\/uploads\/2023\/02\/Post-22.png\" rel=\"prettyPhoto[gallery-sASF]\"><img loading=\"lazy\" decoding=\"async\" class=\"aligncenter size-full wp-image-19554\" src=\"https:\/\/www.colorado.com.br\/nosdacolorado\/wp-content\/uploads\/2023\/02\/Post-22.png\" alt=\"\" width=\"2250\" height=\"2250\" srcset=\"https:\/\/www.colorado.com.br\/nosdacolorado\/wp-content\/uploads\/2023\/02\/Post-22.png 2250w, https:\/\/www.colorado.com.br\/nosdacolorado\/wp-content\/uploads\/2023\/02\/Post-22-150x150.png 150w, https:\/\/www.colorado.com.br\/nosdacolorado\/wp-content\/uploads\/2023\/02\/Post-22-300x300.png 300w, https:\/\/www.colorado.com.br\/nosdacolorado\/wp-content\/uploads\/2023\/02\/Post-22-768x768.png 768w, https:\/\/www.colorado.com.br\/nosdacolorado\/wp-content\/uploads\/2023\/02\/Post-22-1024x1024.png 1024w, https:\/\/www.colorado.com.br\/nosdacolorado\/wp-content\/uploads\/2023\/02\/Post-22-100x100.png 100w, https:\/\/www.colorado.com.br\/nosdacolorado\/wp-content\/uploads\/2023\/02\/Post-22-140x140.png 140w, https:\/\/www.colorado.com.br\/nosdacolorado\/wp-content\/uploads\/2023\/02\/Post-22-500x500.png 500w, https:\/\/www.colorado.com.br\/nosdacolorado\/wp-content\/uploads\/2023\/02\/Post-22-350x350.png 350w, https:\/\/www.colorado.com.br\/nosdacolorado\/wp-content\/uploads\/2023\/02\/Post-22-1000x1000.png 1000w, https:\/\/www.colorado.com.br\/nosdacolorado\/wp-content\/uploads\/2023\/02\/Post-22-800x800.png 800w\" sizes=\"auto, (max-width: 2250px) 100vw, 2250px\" \/><\/a><\/div>\n","protected":false},"excerpt":{"rendered":"<p>Parece que foi ontem que foi inaugurada pela Usina Colorado, no espa\u00e7o da empresa, mas o tempo passa e j\u00e1 s\u00e3o 17 anos de dedica\u00e7\u00e3o a quem trabalha, possibilitando que&#8230;<\/p>\n","protected":false},"author":2,"featured_media":19554,"comment_status":"open","ping_status":"open","sticky":false,"template":"","format":"standard","meta":{"footnotes":""},"categories":[11,8],"tags":[],"class_list":{"0":"post-19553","1":"post","2":"type-post","3":"status-publish","4":"format-standard","5":"has-post-thumbnail","7":"category-acontece-na-colorado","8":"category-biblioteca"},"_links":{"self":[{"href":"https:\/\/www.colorado.com.br\/nosdacolorado\/wp-json\/wp\/v2\/posts\/19553","targetHints":{"allow":["GET"]}}],"collection":[{"href":"https:\/\/www.colorado.com.br\/nosdacolorado\/wp-json\/wp\/v2\/posts"}],"about":[{"href":"https:\/\/www.colorado.com.br\/nosdacolorado\/wp-json\/wp\/v2\/types\/post"}],"author":[{"embeddable":true,"href":"https:\/\/www.colorado.com.br\/nosdacolorado\/wp-json\/wp\/v2\/users\/2"}],"replies":[{"embeddable":true,"href":"https:\/\/www.colorado.com.br\/nosdacolorado\/wp-json\/wp\/v2\/comments?post=19553"}],"version-history":[{"count":1,"href":"https:\/\/www.colorado.com.br\/nosdacolorado\/wp-json\/wp\/v2\/posts\/19553\/revisions"}],"predecessor-version":[{"id":19555,"href":"https:\/\/www.colorado.com.br\/nosdacolorado\/wp-json\/wp\/v2\/posts\/19553\/revisions\/19555"}],"wp:featuredmedia":[{"embeddable":true,"href":"https:\/\/www.colorado.com.br\/nosdacolorado\/wp-json\/wp\/v2\/media\/19554"}],"wp:attachment":[{"href":"https:\/\/www.colorado.com.br\/nosdacolorado\/wp-json\/wp\/v2\/media?parent=19553"}],"wp:term":[{"taxonomy":"category","embeddable":true,"href":"https:\/\/www.colorado.com.br\/nosdacolorado\/wp-json\/wp\/v2\/categories?post=19553"},{"taxonomy":"post_tag","embeddable":true,"href":"https:\/\/www.colorado.com.br\/nosdacolorado\/wp-json\/wp\/v2\/tags?post=19553"}],"curies":[{"name":"wp","href":"https:\/\/api.w.org\/{rel}","templated":true}]}}