{"id":19556,"date":"2023-02-23T15:00:01","date_gmt":"2023-02-23T17:00:01","guid":{"rendered":"https:\/\/www.colorado.com.br\/nosdacolorado\/?p=19556"},"modified":"2023-02-28T17:30:55","modified_gmt":"2023-02-28T20:30:55","slug":"quem-le-mais-vive-mais","status":"publish","type":"post","link":"https:\/\/www.colorado.com.br\/nosdacolorado\/quem-le-mais-vive-mais\/","title":{"rendered":"Quem l\u00ea mais, vive mais"},"content":{"rendered":"<p>Entende mais, sabe mais, se emociona mais. Porque al\u00e9m de sua vida, tamb\u00e9m vive a vida de personagens incr\u00edveis e suas hist\u00f3rias sensacionais. Esse \u00e9 o caso de Jos\u00e9 Isac Rodrigues da Silva, que trabalha em Servi\u00e7os Gerais de Limpeza e no seu tempo livre adquiriu o h\u00e1bito da leitura. Ele sempre retira livros para ler na Biblioteca Engenho do Conhecimento, da Usina Colorado, que acaba de completar 17 anos. O Jos\u00e9 Isac est\u00e1 associado \u00e0 Biblioteca desde junho de 2021 e ele aproveita a foto pra mostrar o livro que est\u00e1 lendo agora: Simplesmente Acontece, de Cec\u00edlia Ahem, um comovente romance.<\/p>\n<p><a href=\"https:\/\/www.colorado.com.br\/nosdacolorado\/wp-content\/uploads\/2023\/02\/Post-23-corrigido.png\" rel=\"prettyPhoto[gallery-pMl0]\"><img loading=\"lazy\" decoding=\"async\" class=\"aligncenter size-full wp-image-19774\" src=\"https:\/\/www.colorado.com.br\/nosdacolorado\/wp-content\/uploads\/2023\/02\/Post-23-corrigido.png\" alt=\"\" width=\"2250\" height=\"2250\" srcset=\"https:\/\/www.colorado.com.br\/nosdacolorado\/wp-content\/uploads\/2023\/02\/Post-23-corrigido.png 2250w, https:\/\/www.colorado.com.br\/nosdacolorado\/wp-content\/uploads\/2023\/02\/Post-23-corrigido-150x150.png 150w, https:\/\/www.colorado.com.br\/nosdacolorado\/wp-content\/uploads\/2023\/02\/Post-23-corrigido-300x300.png 300w, https:\/\/www.colorado.com.br\/nosdacolorado\/wp-content\/uploads\/2023\/02\/Post-23-corrigido-768x768.png 768w, https:\/\/www.colorado.com.br\/nosdacolorado\/wp-content\/uploads\/2023\/02\/Post-23-corrigido-1024x1024.png 1024w, https:\/\/www.colorado.com.br\/nosdacolorado\/wp-content\/uploads\/2023\/02\/Post-23-corrigido-100x100.png 100w, https:\/\/www.colorado.com.br\/nosdacolorado\/wp-content\/uploads\/2023\/02\/Post-23-corrigido-140x140.png 140w, https:\/\/www.colorado.com.br\/nosdacolorado\/wp-content\/uploads\/2023\/02\/Post-23-corrigido-500x500.png 500w, https:\/\/www.colorado.com.br\/nosdacolorado\/wp-content\/uploads\/2023\/02\/Post-23-corrigido-350x350.png 350w, https:\/\/www.colorado.com.br\/nosdacolorado\/wp-content\/uploads\/2023\/02\/Post-23-corrigido-1000x1000.png 1000w, https:\/\/www.colorado.com.br\/nosdacolorado\/wp-content\/uploads\/2023\/02\/Post-23-corrigido-800x800.png 800w\" sizes=\"auto, (max-width: 2250px) 100vw, 2250px\" \/><\/a><\/p>\n","protected":false},"excerpt":{"rendered":"<p>Entende mais, sabe mais, se emociona mais. Porque al\u00e9m de sua vida, tamb\u00e9m vive a vida de personagens incr\u00edveis e suas hist\u00f3rias sensacionais. Esse \u00e9 o caso de Jos\u00e9 Isac&#8230;<\/p>\n","protected":false},"author":2,"featured_media":19774,"comment_status":"open","ping_status":"open","sticky":false,"template":"","format":"standard","meta":{"footnotes":""},"categories":[11,8],"tags":[],"class_list":{"0":"post-19556","1":"post","2":"type-post","3":"status-publish","4":"format-standard","5":"has-post-thumbnail","7":"category-acontece-na-colorado","8":"category-biblioteca"},"_links":{"self":[{"href":"https:\/\/www.colorado.com.br\/nosdacolorado\/wp-json\/wp\/v2\/posts\/19556","targetHints":{"allow":["GET"]}}],"collection":[{"href":"https:\/\/www.colorado.com.br\/nosdacolorado\/wp-json\/wp\/v2\/posts"}],"about":[{"href":"https:\/\/www.colorado.com.br\/nosdacolorado\/wp-json\/wp\/v2\/types\/post"}],"author":[{"embeddable":true,"href":"https:\/\/www.colorado.com.br\/nosdacolorado\/wp-json\/wp\/v2\/users\/2"}],"replies":[{"embeddable":true,"href":"https:\/\/www.colorado.com.br\/nosdacolorado\/wp-json\/wp\/v2\/comments?post=19556"}],"version-history":[{"count":3,"href":"https:\/\/www.colorado.com.br\/nosdacolorado\/wp-json\/wp\/v2\/posts\/19556\/revisions"}],"predecessor-version":[{"id":19775,"href":"https:\/\/www.colorado.com.br\/nosdacolorado\/wp-json\/wp\/v2\/posts\/19556\/revisions\/19775"}],"wp:featuredmedia":[{"embeddable":true,"href":"https:\/\/www.colorado.com.br\/nosdacolorado\/wp-json\/wp\/v2\/media\/19774"}],"wp:attachment":[{"href":"https:\/\/www.colorado.com.br\/nosdacolorado\/wp-json\/wp\/v2\/media?parent=19556"}],"wp:term":[{"taxonomy":"category","embeddable":true,"href":"https:\/\/www.colorado.com.br\/nosdacolorado\/wp-json\/wp\/v2\/categories?post=19556"},{"taxonomy":"post_tag","embeddable":true,"href":"https:\/\/www.colorado.com.br\/nosdacolorado\/wp-json\/wp\/v2\/tags?post=19556"}],"curies":[{"name":"wp","href":"https:\/\/api.w.org\/{rel}","templated":true}]}}