{"id":1967,"date":"2019-12-18T11:53:24","date_gmt":"2019-12-18T13:53:24","guid":{"rendered":"http:\/\/www.colorado.com.br\/nosdacolorado\/?p=1967"},"modified":"2019-12-18T11:53:24","modified_gmt":"2019-12-18T13:53:24","slug":"josimara-ribeiro-de-mendonca-transforma-casa-da-crianca-em-escola-modelo-e-transmite-gestao-para-nova-diretoria","status":"publish","type":"post","link":"https:\/\/www.colorado.com.br\/nosdacolorado\/josimara-ribeiro-de-mendonca-transforma-casa-da-crianca-em-escola-modelo-e-transmite-gestao-para-nova-diretoria\/","title":{"rendered":"Josimara Ribeiro de Mendon\u00e7a transforma Casa da Crian\u00e7a em escola modelo e transmite gest\u00e3o para nova diretoria"},"content":{"rendered":"<p>Depois de quase dezoito anos \u00e0 frente da gest\u00e3o, a diretora de Responsabilidade Social do Grupo Colorado, a empreendedora social Josimara Ribeiro de Mendon\u00e7a, transferiu a presid\u00eancia da Casa da Crian\u00e7a Armanda Malvina de Mendon\u00e7a de Ipu\u00e3 para Walc\u00eddio Maranh\u00e3o de Lima J\u00fanior.<br \/>\nA transmiss\u00e3o do cargo aconteceu na noite de 27 de novembro, em uma cerim\u00f4nia tocante, com a Casa da Crian\u00e7a repleta de volunt\u00e1rios, autoridades, apoiadores da institui\u00e7\u00e3o. O tom predominante nos discursos foi o de gratid\u00e3o pelos avan\u00e7os conquistados pela Casa da Crian\u00e7a em quase duas d\u00e9cadas da gest\u00e3o de Josimara.<br \/>\nA nova diretoria tamb\u00e9m formada pelo primeiro vice-presidente Marciel Mandr\u00e1 Lima, pela segunda vice-presidente Ana Tavares do Nascimento, pelo Tesoureiro Rodrigo Luis Reis Conrado e conselheiros, passar\u00e3o a conduzir a Casa da Crian\u00e7a a partir do dia 1\u00ba de janeiro de 2020.<br \/>\nJosimara assumiu a presid\u00eancia da Casa da Crian\u00e7a em 2002, a frente de uma estrutura de amor constru\u00edda por seu pai, Oswaldo Ribeiro de Mendon\u00e7a.<br \/>\nCom investimentos realizados em gest\u00e3o, pol\u00edtica pedag\u00f3gica e capacita\u00e7\u00e3o, os resultados foram muito significativos e plenos em reconhecimento. A Casa da Crian\u00e7a hoje \u00e9 reconhecida no Brasil. Em 2012 foi Semifinalista do Pr\u00eamio Crian\u00e7a da Funda\u00e7\u00e3o Abrinq, classificada entre os 22 melhores projetos de educa\u00e7\u00e3o infantil do pais. Tr\u00eas anos depois, em 2015 sagrou-se finalista do Edital Fundo Ita\u00fa Excel\u00eancia Social classificada entre os cinco melhores programas na categoria de Educa\u00e7\u00e3o Integral no Brasil. J\u00e1 em 2016, foi finalista do Pr\u00eamio Crian\u00e7a da Funda\u00e7\u00e3o Abrinq, classificada entre os tr\u00eas melhores programas de educa\u00e7\u00e3o infantil no Brasil, atrav\u00e9s do Programa de Educa\u00e7\u00e3o Integral.<br \/>\nEm 17 anos, a Casa da Crian\u00e7a se especializou, para cumprir sua miss\u00e3o de Educar. Tempo suficiente para formar uma nova gera\u00e7\u00e3o de alunos que j\u00e1 t\u00eam seus filhos assistidos pela Casa. Com a constru\u00e7\u00e3o de nova sala de aula o n\u00famero de crian\u00e7as atendidas subiu 50%, passando de 80 para 120 alunos. Desde a sua funda\u00e7\u00e3o, a Casa da Crian\u00e7a soma mais de 3 mil crian\u00e7as atendidas.<br \/>\n\u201cTrabalhamos pelo desenvolvimento institucional da Casa da Crian\u00e7a, para torn\u00e1-la uma creche inclusiva, um espa\u00e7o educativo, um local em que as crian\u00e7as tenham satisfa\u00e7\u00e3o de viver e conviver, onde os pais confiem a educa\u00e7\u00e3o de seus filhos. Sou m\u00e3e, e sei como a escolha de uma boa creche \u00e9 decisiva para o futuro de nossos filhos.\u201d, afirmou Josimara.<br \/>\nAs \u00e1reas f\u00edsicas da Casa da Crian\u00e7a tamb\u00e9m foram ampliadas com mais 107,16 M\u00b2 de \u00e1rea constru\u00edda para implanta\u00e7\u00e3o sala de leitura de Primeira inf\u00e2ncia Terezinha Concei\u00e7\u00e3o Varalonga de Mendon\u00e7a.<br \/>\nAtualmente a Casa da Crian\u00e7a \u00e9 respeitada no mundo como institui\u00e7\u00e3o para a educa\u00e7\u00e3o da Primeira Inf\u00e2ncia. Em 2015 A coordenadora institucional, Jana\u00edna Amadeu e o gerente Executivo do Instituto Oswaldo Ribeiro de Mendon\u00e7a &#8211; IORM, Rafael Braghiroli, visitaram na It\u00e1lia, o modelo pedag\u00f3gico de Reggio Em\u00edlia, concebido pelo educador Loris Malaguzzi, e conhecido mundialmente devido a inova\u00e7\u00e3o e rompimento com os padr\u00f5es tradicionais da educa\u00e7\u00e3o.<br \/>\nPara atender aos objetivos desta nova educa\u00e7\u00e3o, foram realizadas profundas melhorias na estrutura f\u00edsica do pr\u00e9dio da Casa da Crian\u00e7a. Foram reformadas todas as salas de aula, banheiros, frald\u00e1rio, lact\u00e1rio, jardim de inverno, sala de leitura, fachada, visando proporcionar ambientes mais amplos, integrados favorecendo o bem-estar das crian\u00e7as. Todos t\u00eam o direito \u00e0 alegria de estarem em espa\u00e7os bonitos e acolhedores<br \/>\nE mais mudan\u00e7as est\u00e3o em curso: em 2019 foi iniciada uma ampla reforma na cozinha. A obra foi contemplada no Edital Comunidade Presente da Funda\u00e7\u00e3o Itau Social.<\/p>\n<h2>Uma verdadeira revolu\u00e7\u00e3o na gest\u00e3o de pessoas<\/h2>\n<p><img loading=\"lazy\" decoding=\"async\" class=\"aligncenter wp-image-1970 size-full\" src=\"http:\/\/www.colorado.com.br\/nosdacolorado\/wp-content\/uploads\/2019\/12\/IMG_9434.jpg\" alt=\"\" width=\"2362\" height=\"1574\" srcset=\"https:\/\/www.colorado.com.br\/nosdacolorado\/wp-content\/uploads\/2019\/12\/IMG_9434.jpg 2362w, https:\/\/www.colorado.com.br\/nosdacolorado\/wp-content\/uploads\/2019\/12\/IMG_9434-300x200.jpg 300w, https:\/\/www.colorado.com.br\/nosdacolorado\/wp-content\/uploads\/2019\/12\/IMG_9434-768x512.jpg 768w, https:\/\/www.colorado.com.br\/nosdacolorado\/wp-content\/uploads\/2019\/12\/IMG_9434-1024x682.jpg 1024w, https:\/\/www.colorado.com.br\/nosdacolorado\/wp-content\/uploads\/2019\/12\/IMG_9434-900x600.jpg 900w\" sizes=\"auto, (max-width: 2362px) 100vw, 2362px\" \/><\/p>\n<p>O trabalho levou a s\u00e9rio a estrutura\u00e7\u00e3o da Casa da Crian\u00e7a, priorizando a capacita\u00e7\u00e3o de educadores e colaboradores, a constru\u00e7\u00e3o de uma pol\u00edtica did\u00e1tico pedag\u00f3gica consistente e a amplia\u00e7\u00e3o da base de apoio da sociedade para esta institui\u00e7\u00e3o.<br \/>\nDe 2002 a 2005 a Casa da Crian\u00e7a ofereceu ajuda de custo para os colaboradores cursarem Pedagogia, o que contribuiu para a efetiva\u00e7\u00e3o das professoras.<br \/>\nAtualmente a equipe da Casa da Crian\u00e7a \u00e9 formada por 23 profissionais entre professoras educa\u00e7\u00e3o infantil, auxiliares de desenvolvimento infantil, coordenadora pedag\u00f3gica e administrativa, diretora, cozinheiras, auxiliares de servi\u00e7os gerais, nutricionista, assistente social, fonoaudi\u00f3loga e estagi\u00e1rios.<br \/>\nEm 2012, a Creche Universit\u00e1ria da USP Carochinha de Ribeir\u00e3o Preto capacitou nossos profissionais e a partir de 2014, a Casa da Crian\u00e7a passou a participar de Grupos de Estudos da Redsolare Brasil.<br \/>\nEm 2018 A coordenadora Jana\u00edna concluiu o curso de p\u00f3s-gradua\u00e7\u00e3o sobre<br \/>\nAbordagem de Reggio Emillia no Instituto Singularidades de S\u00e3o Paulo. O trabalho de p\u00f3s-gradua\u00e7\u00e3o \u201cRela\u00e7\u00f5es crian\u00e7as, adultos e ambientes \u2013 movimentos em torno da alimenta\u00e7\u00e3o\u201d foi apresentado em f\u00f3runs educacionais importantes, como 8\u00b0Semin\u00e1rio de Educa\u00e7\u00e3o Infantil do Vale do Para\u00edba \u201cO Infantil \u00e9 fundamental\u201d, realiza\u00e7\u00e3o: Funda\u00e7\u00e3o Lucia e Pelerson Penido (FLUPP) com o apoio da Escola de Educadores e no II Encontro Internacional do Centro de Educa\u00e7\u00e3o Profissional e Educacional \u2013 Ceduc, no Espa\u00e7o Natura, em S\u00e3o Paulo.<\/p>\n<h2>Curr\u00edculo<\/h2>\n<p>Conhecimento sobre a natureza e as esta\u00e7\u00f5es do ano foi valorizado como conte\u00fado educacional. A fam\u00edlia est\u00e1 muito mais pr\u00f3xima da educa\u00e7\u00e3o das crian\u00e7as e participa ativamente de eventos como Integra\u00e7\u00e3o e viv\u00eancias, que s\u00e3o encontros em datas comemorativas do calend\u00e1rio para integrar a crian\u00e7a e sua fam\u00edlia e fortalecer os v\u00ednculos.<br \/>\nA\u00e7\u00f5es para preven\u00e7\u00e3o de doen\u00e7as e promo\u00e7\u00e3o da sa\u00fade e bem estar foram integradas ao projeto educacional, al\u00e9m de contar com acompanhamento Nutricional, Fonoaudiol\u00f3gico e Social.<br \/>\nHoje, al\u00e9m dos alunos assistidos, o trabalho da Casa da Crian\u00e7a Armanda Malvina de Mendon\u00e7a impacta diretamente 2 mil pessoas a cada ano nos eventos realizados com as fam\u00edlias e comunidade.<br \/>\nS\u00e3o eventos importantes, como a Semana Mundial do Brincar que incentiva a pr\u00e1tica do brincar em espa\u00e7os p\u00fablicos da cidade, e de forma coletiva desde o ano de 2014.<br \/>\nH\u00e1 tamb\u00e9m os eventos pedag\u00f3gicos, o F\u00f3rum de Educa\u00e7\u00e3o Infantil e a Mostra Cultural.<\/p>\n<h2>Sustentabilidade<\/h2>\n<p>Como institui\u00e7\u00e3o, a Casa da Crian\u00e7a Armanda Malvina de Mendon\u00e7a passou a mobilizar a sociedade para a import\u00e2ncia da excel\u00eancia na educa\u00e7\u00e3o infantil, reunindo em suas campanhas os volunt\u00e1rios.<br \/>\nEm busca da sustentabilidade, uniu esfor\u00e7os e encontrou formas criativas para arrecadar recursos, realizando promo\u00e7\u00f5es como Ch\u00e1s Beneficentes, Feijoadas, Pizzadas, Show de Pr\u00eamios Beneficente com sorteio anual de carro, realiza a Campanha Gota Solid\u00e1ria e tamb\u00e9m conta com de doa\u00e7\u00f5es de empresas, de pessoas f\u00edsicas, da Central Geral do D\u00edzimo, participa\u00e7\u00e3o em editais, Programa de Investimento Fundo Ita\u00fa de Excel\u00eancia Social, Comunidade Presente da Funda\u00e7\u00e3o Ita\u00fa Social, al\u00e9m de conv\u00eanios e parcerias.<br \/>\nConta com apoios recorrentes da Prefeitura Municipal de Ipu\u00e3, do Conselho Municipal dos Direitos da Crian\u00e7a e do Adolescente, de empresas como Grupo Colorado, Olhos D\u00b4\u00c1gua Ind\u00fastria e Com\u00e9rcio de Carnes Ltda, Beira Rio Agroindustrial Ltda e de organiza\u00e7\u00f5es como a Funda\u00e7\u00e3o Ita\u00fa Social e o Instituto ORM.<\/p>\n<h2>N\u00facleo Cultural ORM<\/h2>\n<p>Ipu\u00e3 tamb\u00e9m recebeu no ano de 2017 o N\u00facleo Oswaldo Ribeiro de Mendon\u00e7a, no terreno doado pela Casa da Crian\u00e7a, espa\u00e7o para o desenvolvimento humano, atrav\u00e9s da arte, educa\u00e7\u00e3o, capacita\u00e7\u00e3o e conv\u00edvio comunit\u00e1rio, onde os alunos egressos da Casa da Crian\u00e7a t\u00eam a possibilidade voltar para o conv\u00edvio do Instituto ORM e participar de nossos projetos a partir de 07 anos de idade.<\/p>\n<h3>COMPOSI\u00c7\u00c3O DO CONSELHO DELIBERATIVO, DIRETORIA E CONSELHO FISCAL PARA O QUADRI\u00caNIO 2020 A 2023.<\/h3>\n<p><strong>Presidente<\/strong> &#8211; Walc\u00eddio Maranh\u00e3o de Lima J\u00fanior<br \/>\n<strong>1\u00ba Vice-Presidente<\/strong> &#8211; Marciel Mandr\u00e1 Lima<br \/>\n<strong>2\u00aa Vice-Presidente<\/strong> &#8211; Ana Tavares do Nascimento<br \/>\n<strong>1\u00aa Secretaria<\/strong> &#8211; Maria Cec\u00edlia de Siqueira Reis Conrado<br \/>\n<strong>2\u00aa Secretaria<\/strong> &#8211; Benedita In\u00eas Barbosa de Freitas Borges<br \/>\n<strong>1\u00ba Tesoureiro<\/strong> &#8211; Rodrigo Luis Reis Conrado<br \/>\n<strong>2\u00ba Tesoureiro<\/strong> &#8211; Saulo Ant\u00f4nio de Melo<br \/>\n<strong>Presidente Conselho<\/strong> &#8211; Jos\u00e9 Ant\u00f4nio Batista<br \/>\n<strong>Secretario Conselho<\/strong> &#8211; Jos\u00e9 Pedro dos Santos J\u00fanior<\/p>\n<p><strong>Conselheiros<\/strong><br \/>\nPaulo Os\u00f3rio Clemente<br \/>\nItamar Romualdo<br \/>\nAnt\u00f4nio Marcos Ferreira<br \/>\nAnt\u00f4nio Wilson de Oliveira<br \/>\nRegina C\u00e9lia Rocha de Siqueira Reis<br \/>\nOsmani Buranelo<br \/>\nConselho Fiscal<br \/>\nPaulo Molinari<br \/>\nMoacir Tasinafo<br \/>\nAngelo Fressatti Rocha<br \/>\nSuplentes do Conselho Fiscal<br \/>\nGustavo Brenner Garcia Peixoto<br \/>\nWagner Ferreira de Oliveira<br \/>\nFausto Mizuki<br \/>\nConselheiros suplentes<br \/>\nAparecida de Lourdes Silva e Lima<br \/>\nSidneia Ferreira de Paula<br \/>\nAna Regina Rocha Tasinafo<br \/>\nTiago Tazinafo Antunes<\/p>\n<p>&nbsp;<\/p>\n<p>&nbsp;<\/p>\n<p>&nbsp;<\/p>\n","protected":false},"excerpt":{"rendered":"<p>Depois de quase dezoito anos \u00e0 frente da gest\u00e3o, a diretora de Responsabilidade Social do Grupo Colorado, a empreendedora social Josimara Ribeiro de Mendon\u00e7a, transferiu a presid\u00eancia da Casa da&#8230;<\/p>\n","protected":false},"author":2,"featured_media":1968,"comment_status":"open","ping_status":"open","sticky":false,"template":"","format":"standard","meta":{"footnotes":""},"categories":[11,7,12],"tags":[],"class_list":{"0":"post-1967","1":"post","2":"type-post","3":"status-publish","4":"format-standard","5":"has-post-thumbnail","7":"category-acontece-na-colorado","8":"category-atualidade","9":"category-fazer-o-bem"},"_links":{"self":[{"href":"https:\/\/www.colorado.com.br\/nosdacolorado\/wp-json\/wp\/v2\/posts\/1967","targetHints":{"allow":["GET"]}}],"collection":[{"href":"https:\/\/www.colorado.com.br\/nosdacolorado\/wp-json\/wp\/v2\/posts"}],"about":[{"href":"https:\/\/www.colorado.com.br\/nosdacolorado\/wp-json\/wp\/v2\/types\/post"}],"author":[{"embeddable":true,"href":"https:\/\/www.colorado.com.br\/nosdacolorado\/wp-json\/wp\/v2\/users\/2"}],"replies":[{"embeddable":true,"href":"https:\/\/www.colorado.com.br\/nosdacolorado\/wp-json\/wp\/v2\/comments?post=1967"}],"version-history":[{"count":1,"href":"https:\/\/www.colorado.com.br\/nosdacolorado\/wp-json\/wp\/v2\/posts\/1967\/revisions"}],"predecessor-version":[{"id":1971,"href":"https:\/\/www.colorado.com.br\/nosdacolorado\/wp-json\/wp\/v2\/posts\/1967\/revisions\/1971"}],"wp:featuredmedia":[{"embeddable":true,"href":"https:\/\/www.colorado.com.br\/nosdacolorado\/wp-json\/wp\/v2\/media\/1968"}],"wp:attachment":[{"href":"https:\/\/www.colorado.com.br\/nosdacolorado\/wp-json\/wp\/v2\/media?parent=1967"}],"wp:term":[{"taxonomy":"category","embeddable":true,"href":"https:\/\/www.colorado.com.br\/nosdacolorado\/wp-json\/wp\/v2\/categories?post=1967"},{"taxonomy":"post_tag","embeddable":true,"href":"https:\/\/www.colorado.com.br\/nosdacolorado\/wp-json\/wp\/v2\/tags?post=1967"}],"curies":[{"name":"wp","href":"https:\/\/api.w.org\/{rel}","templated":true}]}}