{"id":19709,"date":"2023-02-26T11:00:00","date_gmt":"2023-02-26T14:00:00","guid":{"rendered":"https:\/\/www.colorado.com.br\/nosdacolorado\/?p=19709"},"modified":"2023-02-24T17:39:22","modified_gmt":"2023-02-24T19:39:22","slug":"e-o-pequeno-miguel-de-apenas-cinco-anos-de-idade-ja-esta-dando-um-banho-de-leitura-em-muita-gente-grande","status":"publish","type":"post","link":"https:\/\/www.colorado.com.br\/nosdacolorado\/e-o-pequeno-miguel-de-apenas-cinco-anos-de-idade-ja-esta-dando-um-banho-de-leitura-em-muita-gente-grande\/","title":{"rendered":"E o pequeno Miguel, de apenas cinco anos de idade, j\u00e1 est\u00e1 dando um banho de leitura em muita gente grande"},"content":{"rendered":"<p><span style=\"font-weight: 400;\"><a href=\"https:\/\/www.colorado.com.br\/nosdacolorado\/wp-content\/uploads\/2023\/02\/Post-34.jpg\" rel=\"prettyPhoto[gallery-sGMI]\"><img loading=\"lazy\" decoding=\"async\" class=\"aligncenter size-full wp-image-19711\" src=\"https:\/\/www.colorado.com.br\/nosdacolorado\/wp-content\/uploads\/2023\/02\/Post-34.jpg\" alt=\"\" width=\"1081\" height=\"1080\" srcset=\"https:\/\/www.colorado.com.br\/nosdacolorado\/wp-content\/uploads\/2023\/02\/Post-34.jpg 1081w, https:\/\/www.colorado.com.br\/nosdacolorado\/wp-content\/uploads\/2023\/02\/Post-34-150x150.jpg 150w, https:\/\/www.colorado.com.br\/nosdacolorado\/wp-content\/uploads\/2023\/02\/Post-34-300x300.jpg 300w, https:\/\/www.colorado.com.br\/nosdacolorado\/wp-content\/uploads\/2023\/02\/Post-34-768x767.jpg 768w, https:\/\/www.colorado.com.br\/nosdacolorado\/wp-content\/uploads\/2023\/02\/Post-34-1024x1024.jpg 1024w, https:\/\/www.colorado.com.br\/nosdacolorado\/wp-content\/uploads\/2023\/02\/Post-34-100x100.jpg 100w, https:\/\/www.colorado.com.br\/nosdacolorado\/wp-content\/uploads\/2023\/02\/Post-34-140x140.jpg 140w, https:\/\/www.colorado.com.br\/nosdacolorado\/wp-content\/uploads\/2023\/02\/Post-34-500x500.jpg 500w, https:\/\/www.colorado.com.br\/nosdacolorado\/wp-content\/uploads\/2023\/02\/Post-34-350x350.jpg 350w, https:\/\/www.colorado.com.br\/nosdacolorado\/wp-content\/uploads\/2023\/02\/Post-34-1000x1000.jpg 1000w, https:\/\/www.colorado.com.br\/nosdacolorado\/wp-content\/uploads\/2023\/02\/Post-34-800x800.jpg 800w\" sizes=\"auto, (max-width: 1081px) 100vw, 1081px\" \/><\/a><br \/>\nE o pequeno Miguel, de apenas cinco anos de idade, j\u00e1 est\u00e1 dando um banho de leitura em muita gente grande. Miguel \u00e9 filho de Marcos Ant\u00f4nio Galani e da Arquivista do Grupo Colorado, Nat\u00e1lia Mazula Luiz, associada \u00e0 Biblioteca Engenho do Conhecimento desde maio de 2013! E \u00e9 na Biblioteca que a Nat\u00e1lia retira livros infantis para Miguel, que est\u00e1 lendo agora Aventuras da Mem\u00f3ria, da escritora Patr\u00edcia Engel Secco. Toda a fam\u00edlia est\u00e1 focada em contribuir para que Miguel se torne um leitor.<\/span><\/p>\n<p>&nbsp;<\/p>\n","protected":false},"excerpt":{"rendered":"<p>E o pequeno Miguel, de apenas cinco anos de idade, j\u00e1 est\u00e1 dando um banho de leitura em muita gente grande. Miguel \u00e9 filho de Marcos Ant\u00f4nio Galani e da&#8230;<\/p>\n","protected":false},"author":2,"featured_media":19711,"comment_status":"open","ping_status":"open","sticky":false,"template":"","format":"standard","meta":{"footnotes":""},"categories":[11,8],"tags":[],"class_list":{"0":"post-19709","1":"post","2":"type-post","3":"status-publish","4":"format-standard","5":"has-post-thumbnail","7":"category-acontece-na-colorado","8":"category-biblioteca"},"_links":{"self":[{"href":"https:\/\/www.colorado.com.br\/nosdacolorado\/wp-json\/wp\/v2\/posts\/19709","targetHints":{"allow":["GET"]}}],"collection":[{"href":"https:\/\/www.colorado.com.br\/nosdacolorado\/wp-json\/wp\/v2\/posts"}],"about":[{"href":"https:\/\/www.colorado.com.br\/nosdacolorado\/wp-json\/wp\/v2\/types\/post"}],"author":[{"embeddable":true,"href":"https:\/\/www.colorado.com.br\/nosdacolorado\/wp-json\/wp\/v2\/users\/2"}],"replies":[{"embeddable":true,"href":"https:\/\/www.colorado.com.br\/nosdacolorado\/wp-json\/wp\/v2\/comments?post=19709"}],"version-history":[{"count":1,"href":"https:\/\/www.colorado.com.br\/nosdacolorado\/wp-json\/wp\/v2\/posts\/19709\/revisions"}],"predecessor-version":[{"id":19712,"href":"https:\/\/www.colorado.com.br\/nosdacolorado\/wp-json\/wp\/v2\/posts\/19709\/revisions\/19712"}],"wp:featuredmedia":[{"embeddable":true,"href":"https:\/\/www.colorado.com.br\/nosdacolorado\/wp-json\/wp\/v2\/media\/19711"}],"wp:attachment":[{"href":"https:\/\/www.colorado.com.br\/nosdacolorado\/wp-json\/wp\/v2\/media?parent=19709"}],"wp:term":[{"taxonomy":"category","embeddable":true,"href":"https:\/\/www.colorado.com.br\/nosdacolorado\/wp-json\/wp\/v2\/categories?post=19709"},{"taxonomy":"post_tag","embeddable":true,"href":"https:\/\/www.colorado.com.br\/nosdacolorado\/wp-json\/wp\/v2\/tags?post=19709"}],"curies":[{"name":"wp","href":"https:\/\/api.w.org\/{rel}","templated":true}]}}