{"id":19719,"date":"2023-02-28T10:00:44","date_gmt":"2023-02-28T13:00:44","guid":{"rendered":"https:\/\/www.colorado.com.br\/nosdacolorado\/?p=19719"},"modified":"2023-02-24T17:38:49","modified_gmt":"2023-02-24T19:38:49","slug":"a-usina-colorado-esta-contribuindo-para-formar-uma-nova-geracao-de-leitores","status":"publish","type":"post","link":"https:\/\/www.colorado.com.br\/nosdacolorado\/a-usina-colorado-esta-contribuindo-para-formar-uma-nova-geracao-de-leitores\/","title":{"rendered":"A Usina Colorado est\u00e1 contribuindo para formar uma nova gera\u00e7\u00e3o de leitores"},"content":{"rendered":"<p><span style=\"font-weight: 400;\"><a href=\"https:\/\/www.colorado.com.br\/nosdacolorado\/wp-content\/uploads\/2023\/02\/Post-33.jpg\" rel=\"prettyPhoto[gallery-1CdG]\"><img loading=\"lazy\" decoding=\"async\" class=\"aligncenter size-full wp-image-19720\" src=\"https:\/\/www.colorado.com.br\/nosdacolorado\/wp-content\/uploads\/2023\/02\/Post-33.jpg\" alt=\"\" width=\"1081\" height=\"1080\" srcset=\"https:\/\/www.colorado.com.br\/nosdacolorado\/wp-content\/uploads\/2023\/02\/Post-33.jpg 1081w, https:\/\/www.colorado.com.br\/nosdacolorado\/wp-content\/uploads\/2023\/02\/Post-33-150x150.jpg 150w, https:\/\/www.colorado.com.br\/nosdacolorado\/wp-content\/uploads\/2023\/02\/Post-33-300x300.jpg 300w, https:\/\/www.colorado.com.br\/nosdacolorado\/wp-content\/uploads\/2023\/02\/Post-33-768x767.jpg 768w, https:\/\/www.colorado.com.br\/nosdacolorado\/wp-content\/uploads\/2023\/02\/Post-33-1024x1024.jpg 1024w, https:\/\/www.colorado.com.br\/nosdacolorado\/wp-content\/uploads\/2023\/02\/Post-33-100x100.jpg 100w, https:\/\/www.colorado.com.br\/nosdacolorado\/wp-content\/uploads\/2023\/02\/Post-33-140x140.jpg 140w, https:\/\/www.colorado.com.br\/nosdacolorado\/wp-content\/uploads\/2023\/02\/Post-33-500x500.jpg 500w, https:\/\/www.colorado.com.br\/nosdacolorado\/wp-content\/uploads\/2023\/02\/Post-33-350x350.jpg 350w, https:\/\/www.colorado.com.br\/nosdacolorado\/wp-content\/uploads\/2023\/02\/Post-33-1000x1000.jpg 1000w, https:\/\/www.colorado.com.br\/nosdacolorado\/wp-content\/uploads\/2023\/02\/Post-33-800x800.jpg 800w\" sizes=\"auto, (max-width: 1081px) 100vw, 1081px\" \/><\/a>Os filhos dos colaboradores da empresa j\u00e1 t\u00eam verdadeiro amor pelos livros. Esse \u00e9 o caso da Luiza, de apenas 9 anos. Ela \u00e9 filha de Viviane e de Rog\u00e9rio Pereira dos Santos, <\/span><span style=\"font-weight: 400;\">a<\/span><span style=\"font-weight: 400;\">nalista Controles e Gerenciamento Pleno da empresa, associado da Biblioteca desde junho de 2007.<\/span><span style=\"font-weight: 400;\"> O casal conta que a leitura \u00e9 um dos passa tempos preferidos da <\/span><span style=\"font-weight: 400;\">Luiza e um h\u00e1bito, formado na inf\u00e2ncia que ela dever\u00e1 levar para a vida inteira. Que tal estimular uma crian\u00e7a a ler? A indica\u00e7\u00e3o da Luiza vai para o livro que ela est\u00e1 lendo atualmente: A felicidade das borboletas, de Patr\u00edcia Engel Secco<\/span><span style=\"font-weight: 400;\">.<\/span><\/p>\n","protected":false},"excerpt":{"rendered":"<p>Os filhos dos colaboradores da empresa j\u00e1 t\u00eam verdadeiro amor pelos livros. Esse \u00e9 o caso da Luiza, de apenas 9 anos. Ela \u00e9 filha de Viviane e de Rog\u00e9rio&#8230;<\/p>\n","protected":false},"author":2,"featured_media":19720,"comment_status":"open","ping_status":"open","sticky":false,"template":"","format":"standard","meta":{"footnotes":""},"categories":[11,8],"tags":[],"class_list":{"0":"post-19719","1":"post","2":"type-post","3":"status-publish","4":"format-standard","5":"has-post-thumbnail","7":"category-acontece-na-colorado","8":"category-biblioteca"},"_links":{"self":[{"href":"https:\/\/www.colorado.com.br\/nosdacolorado\/wp-json\/wp\/v2\/posts\/19719","targetHints":{"allow":["GET"]}}],"collection":[{"href":"https:\/\/www.colorado.com.br\/nosdacolorado\/wp-json\/wp\/v2\/posts"}],"about":[{"href":"https:\/\/www.colorado.com.br\/nosdacolorado\/wp-json\/wp\/v2\/types\/post"}],"author":[{"embeddable":true,"href":"https:\/\/www.colorado.com.br\/nosdacolorado\/wp-json\/wp\/v2\/users\/2"}],"replies":[{"embeddable":true,"href":"https:\/\/www.colorado.com.br\/nosdacolorado\/wp-json\/wp\/v2\/comments?post=19719"}],"version-history":[{"count":1,"href":"https:\/\/www.colorado.com.br\/nosdacolorado\/wp-json\/wp\/v2\/posts\/19719\/revisions"}],"predecessor-version":[{"id":19721,"href":"https:\/\/www.colorado.com.br\/nosdacolorado\/wp-json\/wp\/v2\/posts\/19719\/revisions\/19721"}],"wp:featuredmedia":[{"embeddable":true,"href":"https:\/\/www.colorado.com.br\/nosdacolorado\/wp-json\/wp\/v2\/media\/19720"}],"wp:attachment":[{"href":"https:\/\/www.colorado.com.br\/nosdacolorado\/wp-json\/wp\/v2\/media?parent=19719"}],"wp:term":[{"taxonomy":"category","embeddable":true,"href":"https:\/\/www.colorado.com.br\/nosdacolorado\/wp-json\/wp\/v2\/categories?post=19719"},{"taxonomy":"post_tag","embeddable":true,"href":"https:\/\/www.colorado.com.br\/nosdacolorado\/wp-json\/wp\/v2\/tags?post=19719"}],"curies":[{"name":"wp","href":"https:\/\/api.w.org\/{rel}","templated":true}]}}