{"id":19769,"date":"2023-03-01T09:00:58","date_gmt":"2023-03-01T12:00:58","guid":{"rendered":"https:\/\/www.colorado.com.br\/nosdacolorado\/?p=19769"},"modified":"2023-02-27T17:25:22","modified_gmt":"2023-02-27T20:25:22","slug":"novo-leitor","status":"publish","type":"post","link":"https:\/\/www.colorado.com.br\/nosdacolorado\/novo-leitor\/","title":{"rendered":"Novo leitor!"},"content":{"rendered":"<p>Henrique Aparecido de Oliveira, operador de Ve\u00edculo Transbordo, assina sua inscri\u00e7\u00e3o como s\u00f3cio da Biblioteca Engenho do Conhecimento no dia 9 de fevereiro. A ficha do novo associado \u00e9 abonada pela auxiliar de Biblioteca, Claudia Moura dos Santos.<\/p>\n<p><a href=\"https:\/\/www.colorado.com.br\/nosdacolorado\/wp-content\/uploads\/2023\/02\/ecard-henrique-100-1.jpg\" rel=\"prettyPhoto[gallery-IfiS]\"><img loading=\"lazy\" decoding=\"async\" class=\"aligncenter size-full wp-image-19770\" src=\"https:\/\/www.colorado.com.br\/nosdacolorado\/wp-content\/uploads\/2023\/02\/ecard-henrique-100-1.jpg\" alt=\"\" width=\"1081\" height=\"1080\" srcset=\"https:\/\/www.colorado.com.br\/nosdacolorado\/wp-content\/uploads\/2023\/02\/ecard-henrique-100-1.jpg 1081w, https:\/\/www.colorado.com.br\/nosdacolorado\/wp-content\/uploads\/2023\/02\/ecard-henrique-100-1-150x150.jpg 150w, https:\/\/www.colorado.com.br\/nosdacolorado\/wp-content\/uploads\/2023\/02\/ecard-henrique-100-1-300x300.jpg 300w, https:\/\/www.colorado.com.br\/nosdacolorado\/wp-content\/uploads\/2023\/02\/ecard-henrique-100-1-768x767.jpg 768w, https:\/\/www.colorado.com.br\/nosdacolorado\/wp-content\/uploads\/2023\/02\/ecard-henrique-100-1-1024x1024.jpg 1024w, https:\/\/www.colorado.com.br\/nosdacolorado\/wp-content\/uploads\/2023\/02\/ecard-henrique-100-1-100x100.jpg 100w, https:\/\/www.colorado.com.br\/nosdacolorado\/wp-content\/uploads\/2023\/02\/ecard-henrique-100-1-140x140.jpg 140w, https:\/\/www.colorado.com.br\/nosdacolorado\/wp-content\/uploads\/2023\/02\/ecard-henrique-100-1-500x500.jpg 500w, https:\/\/www.colorado.com.br\/nosdacolorado\/wp-content\/uploads\/2023\/02\/ecard-henrique-100-1-350x350.jpg 350w, https:\/\/www.colorado.com.br\/nosdacolorado\/wp-content\/uploads\/2023\/02\/ecard-henrique-100-1-1000x1000.jpg 1000w, https:\/\/www.colorado.com.br\/nosdacolorado\/wp-content\/uploads\/2023\/02\/ecard-henrique-100-1-800x800.jpg 800w\" sizes=\"auto, (max-width: 1081px) 100vw, 1081px\" \/><\/a><\/p>\n","protected":false},"excerpt":{"rendered":"<p>Henrique Aparecido de Oliveira, operador de Ve\u00edculo Transbordo, assina sua inscri\u00e7\u00e3o como s\u00f3cio da Biblioteca Engenho do Conhecimento no dia 9 de fevereiro. A ficha do novo associado \u00e9 abonada&#8230;<\/p>\n","protected":false},"author":2,"featured_media":19770,"comment_status":"open","ping_status":"open","sticky":false,"template":"","format":"standard","meta":{"footnotes":""},"categories":[11,8],"tags":[],"class_list":{"0":"post-19769","1":"post","2":"type-post","3":"status-publish","4":"format-standard","5":"has-post-thumbnail","7":"category-acontece-na-colorado","8":"category-biblioteca"},"_links":{"self":[{"href":"https:\/\/www.colorado.com.br\/nosdacolorado\/wp-json\/wp\/v2\/posts\/19769","targetHints":{"allow":["GET"]}}],"collection":[{"href":"https:\/\/www.colorado.com.br\/nosdacolorado\/wp-json\/wp\/v2\/posts"}],"about":[{"href":"https:\/\/www.colorado.com.br\/nosdacolorado\/wp-json\/wp\/v2\/types\/post"}],"author":[{"embeddable":true,"href":"https:\/\/www.colorado.com.br\/nosdacolorado\/wp-json\/wp\/v2\/users\/2"}],"replies":[{"embeddable":true,"href":"https:\/\/www.colorado.com.br\/nosdacolorado\/wp-json\/wp\/v2\/comments?post=19769"}],"version-history":[{"count":1,"href":"https:\/\/www.colorado.com.br\/nosdacolorado\/wp-json\/wp\/v2\/posts\/19769\/revisions"}],"predecessor-version":[{"id":19771,"href":"https:\/\/www.colorado.com.br\/nosdacolorado\/wp-json\/wp\/v2\/posts\/19769\/revisions\/19771"}],"wp:featuredmedia":[{"embeddable":true,"href":"https:\/\/www.colorado.com.br\/nosdacolorado\/wp-json\/wp\/v2\/media\/19770"}],"wp:attachment":[{"href":"https:\/\/www.colorado.com.br\/nosdacolorado\/wp-json\/wp\/v2\/media?parent=19769"}],"wp:term":[{"taxonomy":"category","embeddable":true,"href":"https:\/\/www.colorado.com.br\/nosdacolorado\/wp-json\/wp\/v2\/categories?post=19769"},{"taxonomy":"post_tag","embeddable":true,"href":"https:\/\/www.colorado.com.br\/nosdacolorado\/wp-json\/wp\/v2\/tags?post=19769"}],"curies":[{"name":"wp","href":"https:\/\/api.w.org\/{rel}","templated":true}]}}