{"id":20821,"date":"2023-06-28T11:13:00","date_gmt":"2023-06-28T14:13:00","guid":{"rendered":"https:\/\/www.colorado.com.br\/nosdacolorado\/?p=20821"},"modified":"2023-06-28T11:44:02","modified_gmt":"2023-06-28T14:44:02","slug":"patrocinio-do-grupo-colorado-assegura-aulas-gratuitas-de-basquete-para-criancas-em-orlandia-e-guaira","status":"publish","type":"post","link":"https:\/\/www.colorado.com.br\/nosdacolorado\/patrocinio-do-grupo-colorado-assegura-aulas-gratuitas-de-basquete-para-criancas-em-orlandia-e-guaira\/","title":{"rendered":"Patroc\u00ednio do Grupo Colorado assegura aulas gratuitas de basquete para crian\u00e7as em Orl\u00e2ndia e Gua\u00edra"},"content":{"rendered":"<p>Crian\u00e7as com idades entre 7 e 14 anos das cidades de Orl\u00e2ndia e Gua\u00edra j\u00e1 est\u00e3o sendo beneficiadas com aulas gratuitas do Projeto Basquete.com, com destina\u00e7\u00e3o de incentivo fiscal do Grupo Colorado via Lei Paulista de Incentivo ao Esporte da Secretaria Estadual de S\u00e3o Paulo e parceria com \u00a0o Instituto Oswaldo Ribeiro de Mendon\u00e7a e as Secretarias Municipais de Esporte e Educa\u00e7\u00e3o das Prefeituras e da Emeb Maur\u00edcio Leite de Moraes.<\/p>\n<p>As aulas acontecem duas vezes por semana para cada turma e s\u00e3o oferecidas nas quadras esportivas dos n\u00facleos do Instituto Oswaldo Ribeiro de Mendon\u00e7a \u2013 IORM, nas duas cidades, e tamb\u00e9m nas quadras da EMEB Maur\u00edcio Leite de Moraes em Orl\u00e2ndia, e no Centro Poliesportivo Ramize Elias, em Gua\u00edra.<br \/>\nPara participar, \u00e9 preciso que os alunos estejam matriculados na rede oficial de ensino e frequentem a escola regularmente.<\/p>\n<p>Os uniformes para os alunos participantes do Projeto Basquete.com foram entregues na tarde do dia 20 de junho nos n\u00facleos do IORM nesses munic\u00edpios. A data tamb\u00e9m marcou o in\u00edcio oficial das aulas do Projeto.<\/p>\n<p>A aula inicial contou com as participa\u00e7\u00f5es \u00a0do diretor Executivo e um dos fundadores do Instituto ASPA, Jo\u00e3o Marcelo;\u00a0 da supervisora de Comunica\u00e7\u00e3o e Responsabilidade Social do Grupo Colorado, Maria In\u00eas de Carvalho e o gerente Executivo do IORM, Rafael Albuquerque Braghiroli e em Orl\u00e2ndia, receberam o Secret\u00e1rio Municipal de Esportes, Paulo Viana e o assessor Celton Pelizaro , em Gua\u00edra, a Diretora de Esporte, R\u00fabia Domiciano.<\/p>\n<p>\u201cNo ano que o Instituto ASPA completa 25 anos de trabalho pela massifica\u00e7\u00e3o e desenvolvimento do basquete, nos sentimos honrados em realizar mais um sonho ao levar o Projeto Basquete.com \u00e0s cidades de Orl\u00e2ndia e Gua\u00edra. Cidades com tradi\u00e7\u00e3o no esporte da bola laranja. Sab\u00edamos que ir\u00edamos ser recebidos de bra\u00e7os abertos e muita empolga\u00e7\u00e3o pelo sucesso do projeto. Temos certeza de que esse \u00e9 s\u00f3 o in\u00edcio de uma longa caminhada com muitas conquistas e uma grande parceria.\u201d, destacou o diretor Executivo e um dos fundadores do Instituto ASPA, Jo\u00e3o Marcelo.<\/p>\n<p>\u201cN\u00f3s, do Grupo Colorado nos identificamos plenamente com o lema do Instituto ASPA: \u201c\u00c9 muito mais que basquete!\u201d. \u00c9 enorme a import\u00e2ncia da pr\u00e1tica esportiva para a forma\u00e7\u00e3o de crian\u00e7as, adolescentes e jovens. O esporte socializa, promove o desenvolvimento f\u00edsico e intelectual dos alunos, forma o senso de disciplina, que s\u00e3o dimens\u00f5es indispens\u00e1veis para a cidadania. Por isso, antes de atletas, nossa expectativa \u00e9 de que o Projeto contribua para a forma\u00e7\u00e3o de cidad\u00e3os\u201d, destacou a coordenadora do Conselho do IORM, durante o lan\u00e7amento do Projeto. Maria In\u00eas convidou os jovens para que participem ativamente das aulas para que possam obter conquistas.<\/p>\n<p>Felicidade e emo\u00e7\u00e3o por fazer parte do Projeto foram os sentimentos expressos pelos alunos ao receberem seus uniformes. Eles vivenciaram um momento muito esperado que trouxe a oportunidade de formar times e de entrar em quadra, sob coordena\u00e7\u00e3o de Thiago Palma. Tamb\u00e9m puderam participar de atividades recreativas e de se apresentar para a fam\u00edlia em grande estilo.<\/p>\n<p>As crian\u00e7as e adolescentes passaram a fazer parte de uma equipe. O Projeto vai revelar talentos, e sobretudo,\u00a0 firmar seu car\u00e1ter educacional promovendo o desenvolvimento integral dos alunos.<\/p>\n<p>&nbsp;<\/p>\n<p><strong>Inscri\u00e7\u00f5es<\/strong><\/p>\n<p>O Projeto \u00e9 desenvolvido pelo Instituto ASPA, entidade com mais de 24 anos de hist\u00f3ria no tradicional basquetebol na cidade de Franca. Atualmente, vem ampliando seus horizontes e desenvolvendo projetos sociais com aulas gratuitas da modalidade tamb\u00e9m em outras cidades do Estado de S\u00e3o Paulo, em Minas Gerais e Santa Catarina.<\/p>\n<p>Os alunos contam com equipe multidisciplinar formada por psic\u00f3logo, assistente social e pedagoga, educador f\u00edsico e estagi\u00e1rio. As aulas oferecem conte\u00fados que v\u00e3o muito al\u00e9m do esporte, com temas transversais a cada m\u00eas, que s\u00e3o trabalhados durante as aulas, em atividades extras e palestras com convidados.<\/p>\n<p>Em cada cidade foram oferecidas 100 vagas e, mesmo com um n\u00famero expressivo de inscritos em cada cidade, os alunos de ambos os sexos que se interessarem em participar, ainda contam com vagas dispon\u00edveis.\u00a0 Para se inscreverem, basta comparecer acompanhado de um respons\u00e1vel no hor\u00e1rio das aulas, nos locais informados.<\/p>\n<p>&nbsp;<\/p>\n<p>Confira os hor\u00e1rios das aulas<\/p>\n<p><strong>Orl\u00e2ndia<\/strong><\/p>\n<p><strong>Quadra Esportiva do N\u00facleo IORM<\/strong><\/p>\n<p>Todas a ter\u00e7as e quintas-feiras<\/p>\n<p>Hor\u00e1rio das 17h \u00e0s 18h30min<\/p>\n<p>Turmas de alunos de 7 a 10 anos de idade<\/p>\n<p>Hor\u00e1rio das 18h39min \u00e0s 20 horas<br \/>\nTurma de alunos de 11 a 14 anos de idade<\/p>\n<p>&nbsp;<\/p>\n<p><strong>Quadra Esportiva da Emeb Maur\u00edcio Leite de Moraes<\/strong><\/p>\n<p>Todas as segundas e quartas-feiras<br \/>\nHor\u00e1rio das 17h30min \u00e0s 19 horas<\/p>\n<p>Turmas de alunos de 7 a 10 anos de idade<\/p>\n<p>Hor\u00e1rio das 19 h \u00e0s 20h30min<\/p>\n<p>Turma de alunos de 11 a 14 anos de idade<\/p>\n<p>&nbsp;<\/p>\n<p><strong>Gua\u00edra<\/strong><\/p>\n<p><strong>Quadra Esportiva do N\u00facleo IORM<\/strong><\/p>\n<p>Todas a ter\u00e7as e quintas-feiras<\/p>\n<p>Hor\u00e1rio das 17h \u00e0s 18h30min<\/p>\n<p>Turmas de alunos de 7 a 10 anos de idade<\/p>\n<p>Hor\u00e1rio das 18h39min \u00e0s 20 horas<br \/>\nTurma de alunos de 11 a 14 anos de idade<\/p>\n<p>&nbsp;<\/p>\n<p><strong>Quadra do Centro Poliesportivo Ramize Elias<\/strong><\/p>\n<p>Todas as segundas e quartas-feiras<br \/>\nHor\u00e1rio das 17h \u00e0s 18h30min<\/p>\n<p>Turmas de alunos de 7 a 10 anos de idade<\/p>\n<p>Hor\u00e1rio das 18h30min \u00e0s 20 horas<\/p>\n<p>Turma de alunos de 11 a 14 anos de idade<\/p>\n<p>&nbsp;<\/p>\n<h2 style=\"text-align: center;\">Aula inicial e entrega dos uniformes em Gua\u00edra &#8211; SP<\/h2>\n\n\t\t<style type=\"text\/css\">\n\t\t\t#gallery-1 {\n\t\t\t\tmargin: auto;\n\t\t\t}\n\t\t\t#gallery-1 .gallery-item {\n\t\t\t\tfloat: left;\n\t\t\t\tmargin-top: 10px;\n\t\t\t\ttext-align: center;\n\t\t\t\twidth: 20%;\n\t\t\t}\n\t\t\t#gallery-1 img {\n\t\t\t\tborder: 2px solid #cfcfcf;\n\t\t\t}\n\t\t\t#gallery-1 .gallery-caption {\n\t\t\t\tmargin-left: 0;\n\t\t\t}\n\t\t\t\/* see gallery_shortcode() in wp-includes\/media.php *\/\n\t\t<\/style>\n\t\t<div data-carousel-extra='{\"blog_id\":1,\"permalink\":\"https:\\\/\\\/www.colorado.com.br\\\/nosdacolorado\\\/patrocinio-do-grupo-colorado-assegura-aulas-gratuitas-de-basquete-para-criancas-em-orlandia-e-guaira\\\/\"}' id='gallery-1' class='gallery galleryid-20821 gallery-columns-5 gallery-size-thumbnail'><dl class='gallery-item'>\n\t\t\t<dt class='gallery-icon portrait'>\n\t\t\t\t<a href='https:\/\/www.colorado.com.br\/nosdacolorado\/wp-content\/uploads\/2023\/06\/ASPA-Gua\u00edra-1.jpg'><img loading=\"lazy\" decoding=\"async\" data-attachment-id=\"20932\" data-orig-file=\"https:\/\/www.colorado.com.br\/nosdacolorado\/wp-content\/uploads\/2023\/06\/ASPA-Gua\u00edra-1.jpg\" data-orig-size=\"804,1206\" data-comments-opened=\"1\" data-image-meta=\"{&quot;aperture&quot;:&quot;0&quot;,&quot;credit&quot;:&quot;&quot;,&quot;camera&quot;:&quot;&quot;,&quot;caption&quot;:&quot;&quot;,&quot;created_timestamp&quot;:&quot;0&quot;,&quot;copyright&quot;:&quot;&quot;,&quot;focal_length&quot;:&quot;0&quot;,&quot;iso&quot;:&quot;0&quot;,&quot;shutter_speed&quot;:&quot;0&quot;,&quot;title&quot;:&quot;&quot;,&quot;orientation&quot;:&quot;0&quot;,&quot;keywords&quot;:&quot;Array&quot;}\" data-image-title=\"ASPA Gua\u00edra (1)\" data-image-description=\"\" data-medium-file=\"https:\/\/www.colorado.com.br\/nosdacolorado\/wp-content\/uploads\/2023\/06\/ASPA-Gua\u00edra-1-200x300.jpg\" data-large-file=\"https:\/\/www.colorado.com.br\/nosdacolorado\/wp-content\/uploads\/2023\/06\/ASPA-Gua\u00edra-1-683x1024.jpg\" width=\"150\" height=\"150\" src=\"https:\/\/www.colorado.com.br\/nosdacolorado\/wp-content\/uploads\/2023\/06\/ASPA-Gua\u00edra-1-150x150.jpg\" class=\"attachment-thumbnail size-thumbnail\" alt=\"\" srcset=\"https:\/\/www.colorado.com.br\/nosdacolorado\/wp-content\/uploads\/2023\/06\/ASPA-Gua\u00edra-1-150x150.jpg 150w, https:\/\/www.colorado.com.br\/nosdacolorado\/wp-content\/uploads\/2023\/06\/ASPA-Gua\u00edra-1-100x100.jpg 100w, https:\/\/www.colorado.com.br\/nosdacolorado\/wp-content\/uploads\/2023\/06\/ASPA-Gua\u00edra-1-140x140.jpg 140w, https:\/\/www.colorado.com.br\/nosdacolorado\/wp-content\/uploads\/2023\/06\/ASPA-Gua\u00edra-1-500x500.jpg 500w, https:\/\/www.colorado.com.br\/nosdacolorado\/wp-content\/uploads\/2023\/06\/ASPA-Gua\u00edra-1-350x350.jpg 350w, https:\/\/www.colorado.com.br\/nosdacolorado\/wp-content\/uploads\/2023\/06\/ASPA-Gua\u00edra-1-800x800.jpg 800w\" sizes=\"auto, (max-width: 150px) 100vw, 150px\" \/><\/a>\n\t\t\t<\/dt><\/dl><dl class='gallery-item'>\n\t\t\t<dt class='gallery-icon portrait'>\n\t\t\t\t<a href='https:\/\/www.colorado.com.br\/nosdacolorado\/wp-content\/uploads\/2023\/06\/ASPA-Gua\u00edra-2.jpg'><img loading=\"lazy\" decoding=\"async\" data-attachment-id=\"20933\" data-orig-file=\"https:\/\/www.colorado.com.br\/nosdacolorado\/wp-content\/uploads\/2023\/06\/ASPA-Gua\u00edra-2.jpg\" data-orig-size=\"804,1206\" data-comments-opened=\"1\" data-image-meta=\"{&quot;aperture&quot;:&quot;0&quot;,&quot;credit&quot;:&quot;&quot;,&quot;camera&quot;:&quot;&quot;,&quot;caption&quot;:&quot;&quot;,&quot;created_timestamp&quot;:&quot;0&quot;,&quot;copyright&quot;:&quot;&quot;,&quot;focal_length&quot;:&quot;0&quot;,&quot;iso&quot;:&quot;0&quot;,&quot;shutter_speed&quot;:&quot;0&quot;,&quot;title&quot;:&quot;&quot;,&quot;orientation&quot;:&quot;0&quot;,&quot;keywords&quot;:&quot;Array&quot;}\" data-image-title=\"ASPA Gua\u00edra (2)\" data-image-description=\"\" data-medium-file=\"https:\/\/www.colorado.com.br\/nosdacolorado\/wp-content\/uploads\/2023\/06\/ASPA-Gua\u00edra-2-200x300.jpg\" data-large-file=\"https:\/\/www.colorado.com.br\/nosdacolorado\/wp-content\/uploads\/2023\/06\/ASPA-Gua\u00edra-2-683x1024.jpg\" width=\"150\" height=\"150\" src=\"https:\/\/www.colorado.com.br\/nosdacolorado\/wp-content\/uploads\/2023\/06\/ASPA-Gua\u00edra-2-150x150.jpg\" class=\"attachment-thumbnail size-thumbnail\" alt=\"\" srcset=\"https:\/\/www.colorado.com.br\/nosdacolorado\/wp-content\/uploads\/2023\/06\/ASPA-Gua\u00edra-2-150x150.jpg 150w, https:\/\/www.colorado.com.br\/nosdacolorado\/wp-content\/uploads\/2023\/06\/ASPA-Gua\u00edra-2-100x100.jpg 100w, https:\/\/www.colorado.com.br\/nosdacolorado\/wp-content\/uploads\/2023\/06\/ASPA-Gua\u00edra-2-140x140.jpg 140w, https:\/\/www.colorado.com.br\/nosdacolorado\/wp-content\/uploads\/2023\/06\/ASPA-Gua\u00edra-2-500x500.jpg 500w, https:\/\/www.colorado.com.br\/nosdacolorado\/wp-content\/uploads\/2023\/06\/ASPA-Gua\u00edra-2-350x350.jpg 350w, https:\/\/www.colorado.com.br\/nosdacolorado\/wp-content\/uploads\/2023\/06\/ASPA-Gua\u00edra-2-800x800.jpg 800w\" sizes=\"auto, (max-width: 150px) 100vw, 150px\" \/><\/a>\n\t\t\t<\/dt><\/dl><dl class='gallery-item'>\n\t\t\t<dt class='gallery-icon landscape'>\n\t\t\t\t<a href='https:\/\/www.colorado.com.br\/nosdacolorado\/wp-content\/uploads\/2023\/06\/ASPA-Gua\u00edra-3.jpg'><img loading=\"lazy\" decoding=\"async\" data-attachment-id=\"20934\" data-orig-file=\"https:\/\/www.colorado.com.br\/nosdacolorado\/wp-content\/uploads\/2023\/06\/ASPA-Gua\u00edra-3.jpg\" data-orig-size=\"1206,804\" data-comments-opened=\"1\" data-image-meta=\"{&quot;aperture&quot;:&quot;0&quot;,&quot;credit&quot;:&quot;&quot;,&quot;camera&quot;:&quot;&quot;,&quot;caption&quot;:&quot;&quot;,&quot;created_timestamp&quot;:&quot;0&quot;,&quot;copyright&quot;:&quot;&quot;,&quot;focal_length&quot;:&quot;0&quot;,&quot;iso&quot;:&quot;0&quot;,&quot;shutter_speed&quot;:&quot;0&quot;,&quot;title&quot;:&quot;&quot;,&quot;orientation&quot;:&quot;0&quot;,&quot;keywords&quot;:&quot;Array&quot;}\" data-image-title=\"ASPA Gua\u00edra (3)\" data-image-description=\"\" data-medium-file=\"https:\/\/www.colorado.com.br\/nosdacolorado\/wp-content\/uploads\/2023\/06\/ASPA-Gua\u00edra-3-300x200.jpg\" data-large-file=\"https:\/\/www.colorado.com.br\/nosdacolorado\/wp-content\/uploads\/2023\/06\/ASPA-Gua\u00edra-3-1024x683.jpg\" width=\"150\" height=\"150\" src=\"https:\/\/www.colorado.com.br\/nosdacolorado\/wp-content\/uploads\/2023\/06\/ASPA-Gua\u00edra-3-150x150.jpg\" class=\"attachment-thumbnail size-thumbnail\" alt=\"\" srcset=\"https:\/\/www.colorado.com.br\/nosdacolorado\/wp-content\/uploads\/2023\/06\/ASPA-Gua\u00edra-3-150x150.jpg 150w, https:\/\/www.colorado.com.br\/nosdacolorado\/wp-content\/uploads\/2023\/06\/ASPA-Gua\u00edra-3-100x100.jpg 100w, https:\/\/www.colorado.com.br\/nosdacolorado\/wp-content\/uploads\/2023\/06\/ASPA-Gua\u00edra-3-140x140.jpg 140w, https:\/\/www.colorado.com.br\/nosdacolorado\/wp-content\/uploads\/2023\/06\/ASPA-Gua\u00edra-3-500x500.jpg 500w, https:\/\/www.colorado.com.br\/nosdacolorado\/wp-content\/uploads\/2023\/06\/ASPA-Gua\u00edra-3-350x350.jpg 350w, https:\/\/www.colorado.com.br\/nosdacolorado\/wp-content\/uploads\/2023\/06\/ASPA-Gua\u00edra-3-800x800.jpg 800w\" sizes=\"auto, (max-width: 150px) 100vw, 150px\" \/><\/a>\n\t\t\t<\/dt><\/dl><dl class='gallery-item'>\n\t\t\t<dt class='gallery-icon portrait'>\n\t\t\t\t<a href='https:\/\/www.colorado.com.br\/nosdacolorado\/wp-content\/uploads\/2023\/06\/ASPA-Gua\u00edra-4.jpg'><img loading=\"lazy\" decoding=\"async\" data-attachment-id=\"20935\" data-orig-file=\"https:\/\/www.colorado.com.br\/nosdacolorado\/wp-content\/uploads\/2023\/06\/ASPA-Gua\u00edra-4.jpg\" data-orig-size=\"804,1206\" data-comments-opened=\"1\" data-image-meta=\"{&quot;aperture&quot;:&quot;0&quot;,&quot;credit&quot;:&quot;&quot;,&quot;camera&quot;:&quot;&quot;,&quot;caption&quot;:&quot;&quot;,&quot;created_timestamp&quot;:&quot;0&quot;,&quot;copyright&quot;:&quot;&quot;,&quot;focal_length&quot;:&quot;0&quot;,&quot;iso&quot;:&quot;0&quot;,&quot;shutter_speed&quot;:&quot;0&quot;,&quot;title&quot;:&quot;&quot;,&quot;orientation&quot;:&quot;0&quot;,&quot;keywords&quot;:&quot;Array&quot;}\" data-image-title=\"ASPA Gua\u00edra (4)\" data-image-description=\"\" data-medium-file=\"https:\/\/www.colorado.com.br\/nosdacolorado\/wp-content\/uploads\/2023\/06\/ASPA-Gua\u00edra-4-200x300.jpg\" data-large-file=\"https:\/\/www.colorado.com.br\/nosdacolorado\/wp-content\/uploads\/2023\/06\/ASPA-Gua\u00edra-4-683x1024.jpg\" width=\"150\" height=\"150\" src=\"https:\/\/www.colorado.com.br\/nosdacolorado\/wp-content\/uploads\/2023\/06\/ASPA-Gua\u00edra-4-150x150.jpg\" class=\"attachment-thumbnail size-thumbnail\" alt=\"\" srcset=\"https:\/\/www.colorado.com.br\/nosdacolorado\/wp-content\/uploads\/2023\/06\/ASPA-Gua\u00edra-4-150x150.jpg 150w, https:\/\/www.colorado.com.br\/nosdacolorado\/wp-content\/uploads\/2023\/06\/ASPA-Gua\u00edra-4-100x100.jpg 100w, https:\/\/www.colorado.com.br\/nosdacolorado\/wp-content\/uploads\/2023\/06\/ASPA-Gua\u00edra-4-140x140.jpg 140w, https:\/\/www.colorado.com.br\/nosdacolorado\/wp-content\/uploads\/2023\/06\/ASPA-Gua\u00edra-4-500x500.jpg 500w, https:\/\/www.colorado.com.br\/nosdacolorado\/wp-content\/uploads\/2023\/06\/ASPA-Gua\u00edra-4-350x350.jpg 350w, https:\/\/www.colorado.com.br\/nosdacolorado\/wp-content\/uploads\/2023\/06\/ASPA-Gua\u00edra-4-800x800.jpg 800w\" sizes=\"auto, (max-width: 150px) 100vw, 150px\" \/><\/a>\n\t\t\t<\/dt><\/dl><dl class='gallery-item'>\n\t\t\t<dt class='gallery-icon portrait'>\n\t\t\t\t<a href='https:\/\/www.colorado.com.br\/nosdacolorado\/wp-content\/uploads\/2023\/06\/ASPA-Gua\u00edra-5.jpg'><img loading=\"lazy\" decoding=\"async\" data-attachment-id=\"20936\" data-orig-file=\"https:\/\/www.colorado.com.br\/nosdacolorado\/wp-content\/uploads\/2023\/06\/ASPA-Gua\u00edra-5.jpg\" data-orig-size=\"804,1206\" data-comments-opened=\"1\" data-image-meta=\"{&quot;aperture&quot;:&quot;0&quot;,&quot;credit&quot;:&quot;&quot;,&quot;camera&quot;:&quot;&quot;,&quot;caption&quot;:&quot;&quot;,&quot;created_timestamp&quot;:&quot;0&quot;,&quot;copyright&quot;:&quot;&quot;,&quot;focal_length&quot;:&quot;0&quot;,&quot;iso&quot;:&quot;0&quot;,&quot;shutter_speed&quot;:&quot;0&quot;,&quot;title&quot;:&quot;&quot;,&quot;orientation&quot;:&quot;0&quot;,&quot;keywords&quot;:&quot;Array&quot;}\" data-image-title=\"ASPA Gua\u00edra (5)\" data-image-description=\"\" data-medium-file=\"https:\/\/www.colorado.com.br\/nosdacolorado\/wp-content\/uploads\/2023\/06\/ASPA-Gua\u00edra-5-200x300.jpg\" data-large-file=\"https:\/\/www.colorado.com.br\/nosdacolorado\/wp-content\/uploads\/2023\/06\/ASPA-Gua\u00edra-5-683x1024.jpg\" width=\"150\" height=\"150\" src=\"https:\/\/www.colorado.com.br\/nosdacolorado\/wp-content\/uploads\/2023\/06\/ASPA-Gua\u00edra-5-150x150.jpg\" class=\"attachment-thumbnail size-thumbnail\" alt=\"\" srcset=\"https:\/\/www.colorado.com.br\/nosdacolorado\/wp-content\/uploads\/2023\/06\/ASPA-Gua\u00edra-5-150x150.jpg 150w, https:\/\/www.colorado.com.br\/nosdacolorado\/wp-content\/uploads\/2023\/06\/ASPA-Gua\u00edra-5-100x100.jpg 100w, https:\/\/www.colorado.com.br\/nosdacolorado\/wp-content\/uploads\/2023\/06\/ASPA-Gua\u00edra-5-140x140.jpg 140w, https:\/\/www.colorado.com.br\/nosdacolorado\/wp-content\/uploads\/2023\/06\/ASPA-Gua\u00edra-5-500x500.jpg 500w, https:\/\/www.colorado.com.br\/nosdacolorado\/wp-content\/uploads\/2023\/06\/ASPA-Gua\u00edra-5-350x350.jpg 350w, https:\/\/www.colorado.com.br\/nosdacolorado\/wp-content\/uploads\/2023\/06\/ASPA-Gua\u00edra-5-800x800.jpg 800w\" sizes=\"auto, (max-width: 150px) 100vw, 150px\" \/><\/a>\n\t\t\t<\/dt><\/dl><br style=\"clear: both\" \/><dl class='gallery-item'>\n\t\t\t<dt class='gallery-icon portrait'>\n\t\t\t\t<a href='https:\/\/www.colorado.com.br\/nosdacolorado\/wp-content\/uploads\/2023\/06\/ASPA-Gua\u00edra-6.jpg'><img loading=\"lazy\" decoding=\"async\" data-attachment-id=\"20937\" data-orig-file=\"https:\/\/www.colorado.com.br\/nosdacolorado\/wp-content\/uploads\/2023\/06\/ASPA-Gua\u00edra-6.jpg\" data-orig-size=\"804,1206\" data-comments-opened=\"1\" data-image-meta=\"{&quot;aperture&quot;:&quot;0&quot;,&quot;credit&quot;:&quot;&quot;,&quot;camera&quot;:&quot;&quot;,&quot;caption&quot;:&quot;&quot;,&quot;created_timestamp&quot;:&quot;0&quot;,&quot;copyright&quot;:&quot;&quot;,&quot;focal_length&quot;:&quot;0&quot;,&quot;iso&quot;:&quot;0&quot;,&quot;shutter_speed&quot;:&quot;0&quot;,&quot;title&quot;:&quot;&quot;,&quot;orientation&quot;:&quot;0&quot;,&quot;keywords&quot;:&quot;Array&quot;}\" data-image-title=\"ASPA Gua\u00edra (6)\" data-image-description=\"\" data-medium-file=\"https:\/\/www.colorado.com.br\/nosdacolorado\/wp-content\/uploads\/2023\/06\/ASPA-Gua\u00edra-6-200x300.jpg\" data-large-file=\"https:\/\/www.colorado.com.br\/nosdacolorado\/wp-content\/uploads\/2023\/06\/ASPA-Gua\u00edra-6-683x1024.jpg\" width=\"150\" height=\"150\" src=\"https:\/\/www.colorado.com.br\/nosdacolorado\/wp-content\/uploads\/2023\/06\/ASPA-Gua\u00edra-6-150x150.jpg\" class=\"attachment-thumbnail size-thumbnail\" alt=\"\" srcset=\"https:\/\/www.colorado.com.br\/nosdacolorado\/wp-content\/uploads\/2023\/06\/ASPA-Gua\u00edra-6-150x150.jpg 150w, https:\/\/www.colorado.com.br\/nosdacolorado\/wp-content\/uploads\/2023\/06\/ASPA-Gua\u00edra-6-100x100.jpg 100w, https:\/\/www.colorado.com.br\/nosdacolorado\/wp-content\/uploads\/2023\/06\/ASPA-Gua\u00edra-6-140x140.jpg 140w, https:\/\/www.colorado.com.br\/nosdacolorado\/wp-content\/uploads\/2023\/06\/ASPA-Gua\u00edra-6-500x500.jpg 500w, https:\/\/www.colorado.com.br\/nosdacolorado\/wp-content\/uploads\/2023\/06\/ASPA-Gua\u00edra-6-350x350.jpg 350w, https:\/\/www.colorado.com.br\/nosdacolorado\/wp-content\/uploads\/2023\/06\/ASPA-Gua\u00edra-6-800x800.jpg 800w\" sizes=\"auto, (max-width: 150px) 100vw, 150px\" \/><\/a>\n\t\t\t<\/dt><\/dl><dl class='gallery-item'>\n\t\t\t<dt class='gallery-icon portrait'>\n\t\t\t\t<a href='https:\/\/www.colorado.com.br\/nosdacolorado\/wp-content\/uploads\/2023\/06\/ASPA-Gua\u00edra-7.jpg'><img loading=\"lazy\" decoding=\"async\" data-attachment-id=\"20938\" data-orig-file=\"https:\/\/www.colorado.com.br\/nosdacolorado\/wp-content\/uploads\/2023\/06\/ASPA-Gua\u00edra-7.jpg\" data-orig-size=\"804,1206\" data-comments-opened=\"1\" data-image-meta=\"{&quot;aperture&quot;:&quot;0&quot;,&quot;credit&quot;:&quot;&quot;,&quot;camera&quot;:&quot;&quot;,&quot;caption&quot;:&quot;&quot;,&quot;created_timestamp&quot;:&quot;0&quot;,&quot;copyright&quot;:&quot;&quot;,&quot;focal_length&quot;:&quot;0&quot;,&quot;iso&quot;:&quot;0&quot;,&quot;shutter_speed&quot;:&quot;0&quot;,&quot;title&quot;:&quot;&quot;,&quot;orientation&quot;:&quot;0&quot;,&quot;keywords&quot;:&quot;Array&quot;}\" data-image-title=\"ASPA Gua\u00edra (7)\" data-image-description=\"\" data-medium-file=\"https:\/\/www.colorado.com.br\/nosdacolorado\/wp-content\/uploads\/2023\/06\/ASPA-Gua\u00edra-7-200x300.jpg\" data-large-file=\"https:\/\/www.colorado.com.br\/nosdacolorado\/wp-content\/uploads\/2023\/06\/ASPA-Gua\u00edra-7-683x1024.jpg\" width=\"150\" height=\"150\" src=\"https:\/\/www.colorado.com.br\/nosdacolorado\/wp-content\/uploads\/2023\/06\/ASPA-Gua\u00edra-7-150x150.jpg\" class=\"attachment-thumbnail size-thumbnail\" alt=\"\" srcset=\"https:\/\/www.colorado.com.br\/nosdacolorado\/wp-content\/uploads\/2023\/06\/ASPA-Gua\u00edra-7-150x150.jpg 150w, https:\/\/www.colorado.com.br\/nosdacolorado\/wp-content\/uploads\/2023\/06\/ASPA-Gua\u00edra-7-100x100.jpg 100w, https:\/\/www.colorado.com.br\/nosdacolorado\/wp-content\/uploads\/2023\/06\/ASPA-Gua\u00edra-7-140x140.jpg 140w, https:\/\/www.colorado.com.br\/nosdacolorado\/wp-content\/uploads\/2023\/06\/ASPA-Gua\u00edra-7-500x500.jpg 500w, https:\/\/www.colorado.com.br\/nosdacolorado\/wp-content\/uploads\/2023\/06\/ASPA-Gua\u00edra-7-350x350.jpg 350w, https:\/\/www.colorado.com.br\/nosdacolorado\/wp-content\/uploads\/2023\/06\/ASPA-Gua\u00edra-7-800x800.jpg 800w\" sizes=\"auto, (max-width: 150px) 100vw, 150px\" \/><\/a>\n\t\t\t<\/dt><\/dl><dl class='gallery-item'>\n\t\t\t<dt class='gallery-icon portrait'>\n\t\t\t\t<a href='https:\/\/www.colorado.com.br\/nosdacolorado\/wp-content\/uploads\/2023\/06\/ASPA-Gua\u00edra-8.jpg'><img loading=\"lazy\" decoding=\"async\" data-attachment-id=\"20939\" data-orig-file=\"https:\/\/www.colorado.com.br\/nosdacolorado\/wp-content\/uploads\/2023\/06\/ASPA-Gua\u00edra-8.jpg\" data-orig-size=\"804,1206\" data-comments-opened=\"1\" data-image-meta=\"{&quot;aperture&quot;:&quot;0&quot;,&quot;credit&quot;:&quot;&quot;,&quot;camera&quot;:&quot;&quot;,&quot;caption&quot;:&quot;&quot;,&quot;created_timestamp&quot;:&quot;0&quot;,&quot;copyright&quot;:&quot;&quot;,&quot;focal_length&quot;:&quot;0&quot;,&quot;iso&quot;:&quot;0&quot;,&quot;shutter_speed&quot;:&quot;0&quot;,&quot;title&quot;:&quot;&quot;,&quot;orientation&quot;:&quot;0&quot;,&quot;keywords&quot;:&quot;Array&quot;}\" data-image-title=\"ASPA Gua\u00edra (8)\" data-image-description=\"\" data-medium-file=\"https:\/\/www.colorado.com.br\/nosdacolorado\/wp-content\/uploads\/2023\/06\/ASPA-Gua\u00edra-8-200x300.jpg\" data-large-file=\"https:\/\/www.colorado.com.br\/nosdacolorado\/wp-content\/uploads\/2023\/06\/ASPA-Gua\u00edra-8-683x1024.jpg\" width=\"150\" height=\"150\" src=\"https:\/\/www.colorado.com.br\/nosdacolorado\/wp-content\/uploads\/2023\/06\/ASPA-Gua\u00edra-8-150x150.jpg\" class=\"attachment-thumbnail size-thumbnail\" alt=\"\" srcset=\"https:\/\/www.colorado.com.br\/nosdacolorado\/wp-content\/uploads\/2023\/06\/ASPA-Gua\u00edra-8-150x150.jpg 150w, https:\/\/www.colorado.com.br\/nosdacolorado\/wp-content\/uploads\/2023\/06\/ASPA-Gua\u00edra-8-100x100.jpg 100w, https:\/\/www.colorado.com.br\/nosdacolorado\/wp-content\/uploads\/2023\/06\/ASPA-Gua\u00edra-8-140x140.jpg 140w, https:\/\/www.colorado.com.br\/nosdacolorado\/wp-content\/uploads\/2023\/06\/ASPA-Gua\u00edra-8-500x500.jpg 500w, https:\/\/www.colorado.com.br\/nosdacolorado\/wp-content\/uploads\/2023\/06\/ASPA-Gua\u00edra-8-350x350.jpg 350w, https:\/\/www.colorado.com.br\/nosdacolorado\/wp-content\/uploads\/2023\/06\/ASPA-Gua\u00edra-8-800x800.jpg 800w\" sizes=\"auto, (max-width: 150px) 100vw, 150px\" \/><\/a>\n\t\t\t<\/dt><\/dl><dl class='gallery-item'>\n\t\t\t<dt class='gallery-icon portrait'>\n\t\t\t\t<a href='https:\/\/www.colorado.com.br\/nosdacolorado\/wp-content\/uploads\/2023\/06\/ASPA-Gua\u00edra-9.jpg'><img loading=\"lazy\" decoding=\"async\" data-attachment-id=\"20940\" data-orig-file=\"https:\/\/www.colorado.com.br\/nosdacolorado\/wp-content\/uploads\/2023\/06\/ASPA-Gua\u00edra-9.jpg\" data-orig-size=\"804,1206\" data-comments-opened=\"1\" data-image-meta=\"{&quot;aperture&quot;:&quot;0&quot;,&quot;credit&quot;:&quot;&quot;,&quot;camera&quot;:&quot;&quot;,&quot;caption&quot;:&quot;&quot;,&quot;created_timestamp&quot;:&quot;0&quot;,&quot;copyright&quot;:&quot;&quot;,&quot;focal_length&quot;:&quot;0&quot;,&quot;iso&quot;:&quot;0&quot;,&quot;shutter_speed&quot;:&quot;0&quot;,&quot;title&quot;:&quot;&quot;,&quot;orientation&quot;:&quot;0&quot;,&quot;keywords&quot;:&quot;Array&quot;}\" data-image-title=\"ASPA Gua\u00edra (9)\" data-image-description=\"\" data-medium-file=\"https:\/\/www.colorado.com.br\/nosdacolorado\/wp-content\/uploads\/2023\/06\/ASPA-Gua\u00edra-9-200x300.jpg\" data-large-file=\"https:\/\/www.colorado.com.br\/nosdacolorado\/wp-content\/uploads\/2023\/06\/ASPA-Gua\u00edra-9-683x1024.jpg\" width=\"150\" height=\"150\" src=\"https:\/\/www.colorado.com.br\/nosdacolorado\/wp-content\/uploads\/2023\/06\/ASPA-Gua\u00edra-9-150x150.jpg\" class=\"attachment-thumbnail size-thumbnail\" alt=\"\" srcset=\"https:\/\/www.colorado.com.br\/nosdacolorado\/wp-content\/uploads\/2023\/06\/ASPA-Gua\u00edra-9-150x150.jpg 150w, https:\/\/www.colorado.com.br\/nosdacolorado\/wp-content\/uploads\/2023\/06\/ASPA-Gua\u00edra-9-100x100.jpg 100w, https:\/\/www.colorado.com.br\/nosdacolorado\/wp-content\/uploads\/2023\/06\/ASPA-Gua\u00edra-9-140x140.jpg 140w, https:\/\/www.colorado.com.br\/nosdacolorado\/wp-content\/uploads\/2023\/06\/ASPA-Gua\u00edra-9-500x500.jpg 500w, https:\/\/www.colorado.com.br\/nosdacolorado\/wp-content\/uploads\/2023\/06\/ASPA-Gua\u00edra-9-350x350.jpg 350w, https:\/\/www.colorado.com.br\/nosdacolorado\/wp-content\/uploads\/2023\/06\/ASPA-Gua\u00edra-9-800x800.jpg 800w\" sizes=\"auto, (max-width: 150px) 100vw, 150px\" \/><\/a>\n\t\t\t<\/dt><\/dl><dl class='gallery-item'>\n\t\t\t<dt class='gallery-icon landscape'>\n\t\t\t\t<a href='https:\/\/www.colorado.com.br\/nosdacolorado\/wp-content\/uploads\/2023\/06\/ASPA-Gua\u00edra-10.jpg'><img loading=\"lazy\" decoding=\"async\" data-attachment-id=\"20941\" data-orig-file=\"https:\/\/www.colorado.com.br\/nosdacolorado\/wp-content\/uploads\/2023\/06\/ASPA-Gua\u00edra-10.jpg\" data-orig-size=\"1206,804\" data-comments-opened=\"1\" data-image-meta=\"{&quot;aperture&quot;:&quot;0&quot;,&quot;credit&quot;:&quot;&quot;,&quot;camera&quot;:&quot;&quot;,&quot;caption&quot;:&quot;&quot;,&quot;created_timestamp&quot;:&quot;0&quot;,&quot;copyright&quot;:&quot;&quot;,&quot;focal_length&quot;:&quot;0&quot;,&quot;iso&quot;:&quot;0&quot;,&quot;shutter_speed&quot;:&quot;0&quot;,&quot;title&quot;:&quot;&quot;,&quot;orientation&quot;:&quot;0&quot;,&quot;keywords&quot;:&quot;Array&quot;}\" data-image-title=\"ASPA Gua\u00edra (10)\" data-image-description=\"\" data-medium-file=\"https:\/\/www.colorado.com.br\/nosdacolorado\/wp-content\/uploads\/2023\/06\/ASPA-Gua\u00edra-10-300x200.jpg\" data-large-file=\"https:\/\/www.colorado.com.br\/nosdacolorado\/wp-content\/uploads\/2023\/06\/ASPA-Gua\u00edra-10-1024x683.jpg\" width=\"150\" height=\"150\" src=\"https:\/\/www.colorado.com.br\/nosdacolorado\/wp-content\/uploads\/2023\/06\/ASPA-Gua\u00edra-10-150x150.jpg\" class=\"attachment-thumbnail size-thumbnail\" alt=\"\" srcset=\"https:\/\/www.colorado.com.br\/nosdacolorado\/wp-content\/uploads\/2023\/06\/ASPA-Gua\u00edra-10-150x150.jpg 150w, https:\/\/www.colorado.com.br\/nosdacolorado\/wp-content\/uploads\/2023\/06\/ASPA-Gua\u00edra-10-100x100.jpg 100w, https:\/\/www.colorado.com.br\/nosdacolorado\/wp-content\/uploads\/2023\/06\/ASPA-Gua\u00edra-10-140x140.jpg 140w, https:\/\/www.colorado.com.br\/nosdacolorado\/wp-content\/uploads\/2023\/06\/ASPA-Gua\u00edra-10-500x500.jpg 500w, https:\/\/www.colorado.com.br\/nosdacolorado\/wp-content\/uploads\/2023\/06\/ASPA-Gua\u00edra-10-350x350.jpg 350w, https:\/\/www.colorado.com.br\/nosdacolorado\/wp-content\/uploads\/2023\/06\/ASPA-Gua\u00edra-10-800x800.jpg 800w\" sizes=\"auto, (max-width: 150px) 100vw, 150px\" \/><\/a>\n\t\t\t<\/dt><\/dl><br style=\"clear: both\" \/><dl class='gallery-item'>\n\t\t\t<dt class='gallery-icon landscape'>\n\t\t\t\t<a href='https:\/\/www.colorado.com.br\/nosdacolorado\/wp-content\/uploads\/2023\/06\/ASPA-Gua\u00edra-11.jpg'><img loading=\"lazy\" decoding=\"async\" data-attachment-id=\"20942\" data-orig-file=\"https:\/\/www.colorado.com.br\/nosdacolorado\/wp-content\/uploads\/2023\/06\/ASPA-Gua\u00edra-11.jpg\" data-orig-size=\"1206,804\" data-comments-opened=\"1\" data-image-meta=\"{&quot;aperture&quot;:&quot;0&quot;,&quot;credit&quot;:&quot;&quot;,&quot;camera&quot;:&quot;&quot;,&quot;caption&quot;:&quot;&quot;,&quot;created_timestamp&quot;:&quot;0&quot;,&quot;copyright&quot;:&quot;&quot;,&quot;focal_length&quot;:&quot;0&quot;,&quot;iso&quot;:&quot;0&quot;,&quot;shutter_speed&quot;:&quot;0&quot;,&quot;title&quot;:&quot;&quot;,&quot;orientation&quot;:&quot;0&quot;,&quot;keywords&quot;:&quot;Array&quot;}\" data-image-title=\"ASPA Gua\u00edra (11)\" data-image-description=\"\" data-medium-file=\"https:\/\/www.colorado.com.br\/nosdacolorado\/wp-content\/uploads\/2023\/06\/ASPA-Gua\u00edra-11-300x200.jpg\" data-large-file=\"https:\/\/www.colorado.com.br\/nosdacolorado\/wp-content\/uploads\/2023\/06\/ASPA-Gua\u00edra-11-1024x683.jpg\" width=\"150\" height=\"150\" src=\"https:\/\/www.colorado.com.br\/nosdacolorado\/wp-content\/uploads\/2023\/06\/ASPA-Gua\u00edra-11-150x150.jpg\" class=\"attachment-thumbnail size-thumbnail\" alt=\"\" srcset=\"https:\/\/www.colorado.com.br\/nosdacolorado\/wp-content\/uploads\/2023\/06\/ASPA-Gua\u00edra-11-150x150.jpg 150w, https:\/\/www.colorado.com.br\/nosdacolorado\/wp-content\/uploads\/2023\/06\/ASPA-Gua\u00edra-11-100x100.jpg 100w, https:\/\/www.colorado.com.br\/nosdacolorado\/wp-content\/uploads\/2023\/06\/ASPA-Gua\u00edra-11-140x140.jpg 140w, https:\/\/www.colorado.com.br\/nosdacolorado\/wp-content\/uploads\/2023\/06\/ASPA-Gua\u00edra-11-500x500.jpg 500w, https:\/\/www.colorado.com.br\/nosdacolorado\/wp-content\/uploads\/2023\/06\/ASPA-Gua\u00edra-11-350x350.jpg 350w, https:\/\/www.colorado.com.br\/nosdacolorado\/wp-content\/uploads\/2023\/06\/ASPA-Gua\u00edra-11-800x800.jpg 800w\" sizes=\"auto, (max-width: 150px) 100vw, 150px\" \/><\/a>\n\t\t\t<\/dt><\/dl><dl class='gallery-item'>\n\t\t\t<dt class='gallery-icon portrait'>\n\t\t\t\t<a href='https:\/\/www.colorado.com.br\/nosdacolorado\/wp-content\/uploads\/2023\/06\/ASPA-Gua\u00edra-12.jpg'><img loading=\"lazy\" decoding=\"async\" data-attachment-id=\"20943\" data-orig-file=\"https:\/\/www.colorado.com.br\/nosdacolorado\/wp-content\/uploads\/2023\/06\/ASPA-Gua\u00edra-12.jpg\" data-orig-size=\"804,1206\" data-comments-opened=\"1\" data-image-meta=\"{&quot;aperture&quot;:&quot;0&quot;,&quot;credit&quot;:&quot;&quot;,&quot;camera&quot;:&quot;&quot;,&quot;caption&quot;:&quot;&quot;,&quot;created_timestamp&quot;:&quot;0&quot;,&quot;copyright&quot;:&quot;&quot;,&quot;focal_length&quot;:&quot;0&quot;,&quot;iso&quot;:&quot;0&quot;,&quot;shutter_speed&quot;:&quot;0&quot;,&quot;title&quot;:&quot;&quot;,&quot;orientation&quot;:&quot;0&quot;,&quot;keywords&quot;:&quot;Array&quot;}\" data-image-title=\"ASPA Gua\u00edra (12)\" data-image-description=\"\" data-medium-file=\"https:\/\/www.colorado.com.br\/nosdacolorado\/wp-content\/uploads\/2023\/06\/ASPA-Gua\u00edra-12-200x300.jpg\" data-large-file=\"https:\/\/www.colorado.com.br\/nosdacolorado\/wp-content\/uploads\/2023\/06\/ASPA-Gua\u00edra-12-683x1024.jpg\" width=\"150\" height=\"150\" src=\"https:\/\/www.colorado.com.br\/nosdacolorado\/wp-content\/uploads\/2023\/06\/ASPA-Gua\u00edra-12-150x150.jpg\" class=\"attachment-thumbnail size-thumbnail\" alt=\"\" srcset=\"https:\/\/www.colorado.com.br\/nosdacolorado\/wp-content\/uploads\/2023\/06\/ASPA-Gua\u00edra-12-150x150.jpg 150w, https:\/\/www.colorado.com.br\/nosdacolorado\/wp-content\/uploads\/2023\/06\/ASPA-Gua\u00edra-12-100x100.jpg 100w, https:\/\/www.colorado.com.br\/nosdacolorado\/wp-content\/uploads\/2023\/06\/ASPA-Gua\u00edra-12-140x140.jpg 140w, https:\/\/www.colorado.com.br\/nosdacolorado\/wp-content\/uploads\/2023\/06\/ASPA-Gua\u00edra-12-500x500.jpg 500w, https:\/\/www.colorado.com.br\/nosdacolorado\/wp-content\/uploads\/2023\/06\/ASPA-Gua\u00edra-12-350x350.jpg 350w, https:\/\/www.colorado.com.br\/nosdacolorado\/wp-content\/uploads\/2023\/06\/ASPA-Gua\u00edra-12-800x800.jpg 800w\" sizes=\"auto, (max-width: 150px) 100vw, 150px\" \/><\/a>\n\t\t\t<\/dt><\/dl><dl class='gallery-item'>\n\t\t\t<dt class='gallery-icon landscape'>\n\t\t\t\t<a href='https:\/\/www.colorado.com.br\/nosdacolorado\/wp-content\/uploads\/2023\/06\/ASPA-Gua\u00edra-13.jpg'><img loading=\"lazy\" decoding=\"async\" data-attachment-id=\"20944\" data-orig-file=\"https:\/\/www.colorado.com.br\/nosdacolorado\/wp-content\/uploads\/2023\/06\/ASPA-Gua\u00edra-13.jpg\" data-orig-size=\"1206,804\" data-comments-opened=\"1\" data-image-meta=\"{&quot;aperture&quot;:&quot;0&quot;,&quot;credit&quot;:&quot;&quot;,&quot;camera&quot;:&quot;&quot;,&quot;caption&quot;:&quot;&quot;,&quot;created_timestamp&quot;:&quot;0&quot;,&quot;copyright&quot;:&quot;&quot;,&quot;focal_length&quot;:&quot;0&quot;,&quot;iso&quot;:&quot;0&quot;,&quot;shutter_speed&quot;:&quot;0&quot;,&quot;title&quot;:&quot;&quot;,&quot;orientation&quot;:&quot;0&quot;,&quot;keywords&quot;:&quot;Array&quot;}\" data-image-title=\"ASPA Gua\u00edra (13)\" data-image-description=\"\" data-medium-file=\"https:\/\/www.colorado.com.br\/nosdacolorado\/wp-content\/uploads\/2023\/06\/ASPA-Gua\u00edra-13-300x200.jpg\" data-large-file=\"https:\/\/www.colorado.com.br\/nosdacolorado\/wp-content\/uploads\/2023\/06\/ASPA-Gua\u00edra-13-1024x683.jpg\" width=\"150\" height=\"150\" src=\"https:\/\/www.colorado.com.br\/nosdacolorado\/wp-content\/uploads\/2023\/06\/ASPA-Gua\u00edra-13-150x150.jpg\" class=\"attachment-thumbnail size-thumbnail\" alt=\"\" srcset=\"https:\/\/www.colorado.com.br\/nosdacolorado\/wp-content\/uploads\/2023\/06\/ASPA-Gua\u00edra-13-150x150.jpg 150w, https:\/\/www.colorado.com.br\/nosdacolorado\/wp-content\/uploads\/2023\/06\/ASPA-Gua\u00edra-13-100x100.jpg 100w, https:\/\/www.colorado.com.br\/nosdacolorado\/wp-content\/uploads\/2023\/06\/ASPA-Gua\u00edra-13-140x140.jpg 140w, https:\/\/www.colorado.com.br\/nosdacolorado\/wp-content\/uploads\/2023\/06\/ASPA-Gua\u00edra-13-500x500.jpg 500w, https:\/\/www.colorado.com.br\/nosdacolorado\/wp-content\/uploads\/2023\/06\/ASPA-Gua\u00edra-13-350x350.jpg 350w, https:\/\/www.colorado.com.br\/nosdacolorado\/wp-content\/uploads\/2023\/06\/ASPA-Gua\u00edra-13-800x800.jpg 800w\" sizes=\"auto, (max-width: 150px) 100vw, 150px\" \/><\/a>\n\t\t\t<\/dt><\/dl><dl class='gallery-item'>\n\t\t\t<dt class='gallery-icon landscape'>\n\t\t\t\t<a href='https:\/\/www.colorado.com.br\/nosdacolorado\/wp-content\/uploads\/2023\/06\/ASPA-Gua\u00edra-14.jpg'><img loading=\"lazy\" decoding=\"async\" data-attachment-id=\"20945\" data-orig-file=\"https:\/\/www.colorado.com.br\/nosdacolorado\/wp-content\/uploads\/2023\/06\/ASPA-Gua\u00edra-14.jpg\" data-orig-size=\"1206,804\" data-comments-opened=\"1\" data-image-meta=\"{&quot;aperture&quot;:&quot;0&quot;,&quot;credit&quot;:&quot;&quot;,&quot;camera&quot;:&quot;&quot;,&quot;caption&quot;:&quot;&quot;,&quot;created_timestamp&quot;:&quot;0&quot;,&quot;copyright&quot;:&quot;&quot;,&quot;focal_length&quot;:&quot;0&quot;,&quot;iso&quot;:&quot;0&quot;,&quot;shutter_speed&quot;:&quot;0&quot;,&quot;title&quot;:&quot;&quot;,&quot;orientation&quot;:&quot;0&quot;,&quot;keywords&quot;:&quot;Array&quot;}\" data-image-title=\"ASPA Gua\u00edra (14)\" data-image-description=\"\" data-medium-file=\"https:\/\/www.colorado.com.br\/nosdacolorado\/wp-content\/uploads\/2023\/06\/ASPA-Gua\u00edra-14-300x200.jpg\" data-large-file=\"https:\/\/www.colorado.com.br\/nosdacolorado\/wp-content\/uploads\/2023\/06\/ASPA-Gua\u00edra-14-1024x683.jpg\" width=\"150\" height=\"150\" src=\"https:\/\/www.colorado.com.br\/nosdacolorado\/wp-content\/uploads\/2023\/06\/ASPA-Gua\u00edra-14-150x150.jpg\" class=\"attachment-thumbnail size-thumbnail\" alt=\"\" srcset=\"https:\/\/www.colorado.com.br\/nosdacolorado\/wp-content\/uploads\/2023\/06\/ASPA-Gua\u00edra-14-150x150.jpg 150w, https:\/\/www.colorado.com.br\/nosdacolorado\/wp-content\/uploads\/2023\/06\/ASPA-Gua\u00edra-14-100x100.jpg 100w, https:\/\/www.colorado.com.br\/nosdacolorado\/wp-content\/uploads\/2023\/06\/ASPA-Gua\u00edra-14-140x140.jpg 140w, https:\/\/www.colorado.com.br\/nosdacolorado\/wp-content\/uploads\/2023\/06\/ASPA-Gua\u00edra-14-500x500.jpg 500w, https:\/\/www.colorado.com.br\/nosdacolorado\/wp-content\/uploads\/2023\/06\/ASPA-Gua\u00edra-14-350x350.jpg 350w, https:\/\/www.colorado.com.br\/nosdacolorado\/wp-content\/uploads\/2023\/06\/ASPA-Gua\u00edra-14-800x800.jpg 800w\" sizes=\"auto, (max-width: 150px) 100vw, 150px\" \/><\/a>\n\t\t\t<\/dt><\/dl><dl class='gallery-item'>\n\t\t\t<dt class='gallery-icon landscape'>\n\t\t\t\t<a href='https:\/\/www.colorado.com.br\/nosdacolorado\/wp-content\/uploads\/2023\/06\/ASPA-Gua\u00edra-15.jpg'><img loading=\"lazy\" decoding=\"async\" data-attachment-id=\"20946\" data-orig-file=\"https:\/\/www.colorado.com.br\/nosdacolorado\/wp-content\/uploads\/2023\/06\/ASPA-Gua\u00edra-15.jpg\" data-orig-size=\"1206,804\" data-comments-opened=\"1\" data-image-meta=\"{&quot;aperture&quot;:&quot;0&quot;,&quot;credit&quot;:&quot;&quot;,&quot;camera&quot;:&quot;&quot;,&quot;caption&quot;:&quot;&quot;,&quot;created_timestamp&quot;:&quot;0&quot;,&quot;copyright&quot;:&quot;&quot;,&quot;focal_length&quot;:&quot;0&quot;,&quot;iso&quot;:&quot;0&quot;,&quot;shutter_speed&quot;:&quot;0&quot;,&quot;title&quot;:&quot;&quot;,&quot;orientation&quot;:&quot;0&quot;,&quot;keywords&quot;:&quot;Array&quot;}\" data-image-title=\"ASPA Gua\u00edra (15)\" data-image-description=\"\" data-medium-file=\"https:\/\/www.colorado.com.br\/nosdacolorado\/wp-content\/uploads\/2023\/06\/ASPA-Gua\u00edra-15-300x200.jpg\" data-large-file=\"https:\/\/www.colorado.com.br\/nosdacolorado\/wp-content\/uploads\/2023\/06\/ASPA-Gua\u00edra-15-1024x683.jpg\" width=\"150\" height=\"150\" src=\"https:\/\/www.colorado.com.br\/nosdacolorado\/wp-content\/uploads\/2023\/06\/ASPA-Gua\u00edra-15-150x150.jpg\" class=\"attachment-thumbnail size-thumbnail\" alt=\"\" srcset=\"https:\/\/www.colorado.com.br\/nosdacolorado\/wp-content\/uploads\/2023\/06\/ASPA-Gua\u00edra-15-150x150.jpg 150w, https:\/\/www.colorado.com.br\/nosdacolorado\/wp-content\/uploads\/2023\/06\/ASPA-Gua\u00edra-15-100x100.jpg 100w, https:\/\/www.colorado.com.br\/nosdacolorado\/wp-content\/uploads\/2023\/06\/ASPA-Gua\u00edra-15-140x140.jpg 140w, https:\/\/www.colorado.com.br\/nosdacolorado\/wp-content\/uploads\/2023\/06\/ASPA-Gua\u00edra-15-500x500.jpg 500w, https:\/\/www.colorado.com.br\/nosdacolorado\/wp-content\/uploads\/2023\/06\/ASPA-Gua\u00edra-15-350x350.jpg 350w, https:\/\/www.colorado.com.br\/nosdacolorado\/wp-content\/uploads\/2023\/06\/ASPA-Gua\u00edra-15-800x800.jpg 800w\" sizes=\"auto, (max-width: 150px) 100vw, 150px\" \/><\/a>\n\t\t\t<\/dt><\/dl><br style=\"clear: both\" \/><dl class='gallery-item'>\n\t\t\t<dt class='gallery-icon portrait'>\n\t\t\t\t<a href='https:\/\/www.colorado.com.br\/nosdacolorado\/wp-content\/uploads\/2023\/06\/ASPA-Gua\u00edra-16.jpg'><img loading=\"lazy\" decoding=\"async\" data-attachment-id=\"20947\" data-orig-file=\"https:\/\/www.colorado.com.br\/nosdacolorado\/wp-content\/uploads\/2023\/06\/ASPA-Gua\u00edra-16.jpg\" data-orig-size=\"804,1206\" data-comments-opened=\"1\" data-image-meta=\"{&quot;aperture&quot;:&quot;0&quot;,&quot;credit&quot;:&quot;&quot;,&quot;camera&quot;:&quot;&quot;,&quot;caption&quot;:&quot;&quot;,&quot;created_timestamp&quot;:&quot;0&quot;,&quot;copyright&quot;:&quot;&quot;,&quot;focal_length&quot;:&quot;0&quot;,&quot;iso&quot;:&quot;0&quot;,&quot;shutter_speed&quot;:&quot;0&quot;,&quot;title&quot;:&quot;&quot;,&quot;orientation&quot;:&quot;0&quot;,&quot;keywords&quot;:&quot;Array&quot;}\" data-image-title=\"ASPA Gua\u00edra (16)\" data-image-description=\"\" data-medium-file=\"https:\/\/www.colorado.com.br\/nosdacolorado\/wp-content\/uploads\/2023\/06\/ASPA-Gua\u00edra-16-200x300.jpg\" data-large-file=\"https:\/\/www.colorado.com.br\/nosdacolorado\/wp-content\/uploads\/2023\/06\/ASPA-Gua\u00edra-16-683x1024.jpg\" width=\"150\" height=\"150\" src=\"https:\/\/www.colorado.com.br\/nosdacolorado\/wp-content\/uploads\/2023\/06\/ASPA-Gua\u00edra-16-150x150.jpg\" class=\"attachment-thumbnail size-thumbnail\" alt=\"\" srcset=\"https:\/\/www.colorado.com.br\/nosdacolorado\/wp-content\/uploads\/2023\/06\/ASPA-Gua\u00edra-16-150x150.jpg 150w, https:\/\/www.colorado.com.br\/nosdacolorado\/wp-content\/uploads\/2023\/06\/ASPA-Gua\u00edra-16-100x100.jpg 100w, https:\/\/www.colorado.com.br\/nosdacolorado\/wp-content\/uploads\/2023\/06\/ASPA-Gua\u00edra-16-140x140.jpg 140w, https:\/\/www.colorado.com.br\/nosdacolorado\/wp-content\/uploads\/2023\/06\/ASPA-Gua\u00edra-16-500x500.jpg 500w, https:\/\/www.colorado.com.br\/nosdacolorado\/wp-content\/uploads\/2023\/06\/ASPA-Gua\u00edra-16-350x350.jpg 350w, https:\/\/www.colorado.com.br\/nosdacolorado\/wp-content\/uploads\/2023\/06\/ASPA-Gua\u00edra-16-800x800.jpg 800w\" sizes=\"auto, (max-width: 150px) 100vw, 150px\" \/><\/a>\n\t\t\t<\/dt><\/dl><dl class='gallery-item'>\n\t\t\t<dt class='gallery-icon portrait'>\n\t\t\t\t<a href='https:\/\/www.colorado.com.br\/nosdacolorado\/wp-content\/uploads\/2023\/06\/ASPA-Gua\u00edra-17.jpg'><img loading=\"lazy\" decoding=\"async\" data-attachment-id=\"20948\" data-orig-file=\"https:\/\/www.colorado.com.br\/nosdacolorado\/wp-content\/uploads\/2023\/06\/ASPA-Gua\u00edra-17.jpg\" data-orig-size=\"804,1206\" data-comments-opened=\"1\" data-image-meta=\"{&quot;aperture&quot;:&quot;0&quot;,&quot;credit&quot;:&quot;&quot;,&quot;camera&quot;:&quot;&quot;,&quot;caption&quot;:&quot;&quot;,&quot;created_timestamp&quot;:&quot;0&quot;,&quot;copyright&quot;:&quot;&quot;,&quot;focal_length&quot;:&quot;0&quot;,&quot;iso&quot;:&quot;0&quot;,&quot;shutter_speed&quot;:&quot;0&quot;,&quot;title&quot;:&quot;&quot;,&quot;orientation&quot;:&quot;0&quot;,&quot;keywords&quot;:&quot;Array&quot;}\" data-image-title=\"ASPA Gua\u00edra (17)\" data-image-description=\"\" data-medium-file=\"https:\/\/www.colorado.com.br\/nosdacolorado\/wp-content\/uploads\/2023\/06\/ASPA-Gua\u00edra-17-200x300.jpg\" data-large-file=\"https:\/\/www.colorado.com.br\/nosdacolorado\/wp-content\/uploads\/2023\/06\/ASPA-Gua\u00edra-17-683x1024.jpg\" width=\"150\" height=\"150\" src=\"https:\/\/www.colorado.com.br\/nosdacolorado\/wp-content\/uploads\/2023\/06\/ASPA-Gua\u00edra-17-150x150.jpg\" class=\"attachment-thumbnail size-thumbnail\" alt=\"\" srcset=\"https:\/\/www.colorado.com.br\/nosdacolorado\/wp-content\/uploads\/2023\/06\/ASPA-Gua\u00edra-17-150x150.jpg 150w, https:\/\/www.colorado.com.br\/nosdacolorado\/wp-content\/uploads\/2023\/06\/ASPA-Gua\u00edra-17-100x100.jpg 100w, https:\/\/www.colorado.com.br\/nosdacolorado\/wp-content\/uploads\/2023\/06\/ASPA-Gua\u00edra-17-140x140.jpg 140w, https:\/\/www.colorado.com.br\/nosdacolorado\/wp-content\/uploads\/2023\/06\/ASPA-Gua\u00edra-17-500x500.jpg 500w, https:\/\/www.colorado.com.br\/nosdacolorado\/wp-content\/uploads\/2023\/06\/ASPA-Gua\u00edra-17-350x350.jpg 350w, https:\/\/www.colorado.com.br\/nosdacolorado\/wp-content\/uploads\/2023\/06\/ASPA-Gua\u00edra-17-800x800.jpg 800w\" sizes=\"auto, (max-width: 150px) 100vw, 150px\" \/><\/a>\n\t\t\t<\/dt><\/dl><dl class='gallery-item'>\n\t\t\t<dt class='gallery-icon portrait'>\n\t\t\t\t<a href='https:\/\/www.colorado.com.br\/nosdacolorado\/wp-content\/uploads\/2023\/06\/ASPA-Gua\u00edra-18.jpg'><img loading=\"lazy\" decoding=\"async\" data-attachment-id=\"20949\" data-orig-file=\"https:\/\/www.colorado.com.br\/nosdacolorado\/wp-content\/uploads\/2023\/06\/ASPA-Gua\u00edra-18.jpg\" data-orig-size=\"804,1206\" data-comments-opened=\"1\" data-image-meta=\"{&quot;aperture&quot;:&quot;0&quot;,&quot;credit&quot;:&quot;&quot;,&quot;camera&quot;:&quot;&quot;,&quot;caption&quot;:&quot;&quot;,&quot;created_timestamp&quot;:&quot;0&quot;,&quot;copyright&quot;:&quot;&quot;,&quot;focal_length&quot;:&quot;0&quot;,&quot;iso&quot;:&quot;0&quot;,&quot;shutter_speed&quot;:&quot;0&quot;,&quot;title&quot;:&quot;&quot;,&quot;orientation&quot;:&quot;0&quot;,&quot;keywords&quot;:&quot;Array&quot;}\" data-image-title=\"ASPA Gua\u00edra (18)\" data-image-description=\"\" data-medium-file=\"https:\/\/www.colorado.com.br\/nosdacolorado\/wp-content\/uploads\/2023\/06\/ASPA-Gua\u00edra-18-200x300.jpg\" data-large-file=\"https:\/\/www.colorado.com.br\/nosdacolorado\/wp-content\/uploads\/2023\/06\/ASPA-Gua\u00edra-18-683x1024.jpg\" width=\"150\" height=\"150\" src=\"https:\/\/www.colorado.com.br\/nosdacolorado\/wp-content\/uploads\/2023\/06\/ASPA-Gua\u00edra-18-150x150.jpg\" class=\"attachment-thumbnail size-thumbnail\" alt=\"\" srcset=\"https:\/\/www.colorado.com.br\/nosdacolorado\/wp-content\/uploads\/2023\/06\/ASPA-Gua\u00edra-18-150x150.jpg 150w, https:\/\/www.colorado.com.br\/nosdacolorado\/wp-content\/uploads\/2023\/06\/ASPA-Gua\u00edra-18-100x100.jpg 100w, https:\/\/www.colorado.com.br\/nosdacolorado\/wp-content\/uploads\/2023\/06\/ASPA-Gua\u00edra-18-140x140.jpg 140w, https:\/\/www.colorado.com.br\/nosdacolorado\/wp-content\/uploads\/2023\/06\/ASPA-Gua\u00edra-18-500x500.jpg 500w, https:\/\/www.colorado.com.br\/nosdacolorado\/wp-content\/uploads\/2023\/06\/ASPA-Gua\u00edra-18-350x350.jpg 350w, https:\/\/www.colorado.com.br\/nosdacolorado\/wp-content\/uploads\/2023\/06\/ASPA-Gua\u00edra-18-800x800.jpg 800w\" sizes=\"auto, (max-width: 150px) 100vw, 150px\" \/><\/a>\n\t\t\t<\/dt><\/dl><dl class='gallery-item'>\n\t\t\t<dt class='gallery-icon portrait'>\n\t\t\t\t<a href='https:\/\/www.colorado.com.br\/nosdacolorado\/wp-content\/uploads\/2023\/06\/ASPA-Gua\u00edra-19.jpg'><img loading=\"lazy\" decoding=\"async\" data-attachment-id=\"20950\" data-orig-file=\"https:\/\/www.colorado.com.br\/nosdacolorado\/wp-content\/uploads\/2023\/06\/ASPA-Gua\u00edra-19.jpg\" data-orig-size=\"804,1206\" data-comments-opened=\"1\" data-image-meta=\"{&quot;aperture&quot;:&quot;0&quot;,&quot;credit&quot;:&quot;&quot;,&quot;camera&quot;:&quot;&quot;,&quot;caption&quot;:&quot;&quot;,&quot;created_timestamp&quot;:&quot;0&quot;,&quot;copyright&quot;:&quot;&quot;,&quot;focal_length&quot;:&quot;0&quot;,&quot;iso&quot;:&quot;0&quot;,&quot;shutter_speed&quot;:&quot;0&quot;,&quot;title&quot;:&quot;&quot;,&quot;orientation&quot;:&quot;0&quot;,&quot;keywords&quot;:&quot;Array&quot;}\" data-image-title=\"ASPA Gua\u00edra (19)\" data-image-description=\"\" data-medium-file=\"https:\/\/www.colorado.com.br\/nosdacolorado\/wp-content\/uploads\/2023\/06\/ASPA-Gua\u00edra-19-200x300.jpg\" data-large-file=\"https:\/\/www.colorado.com.br\/nosdacolorado\/wp-content\/uploads\/2023\/06\/ASPA-Gua\u00edra-19-683x1024.jpg\" width=\"150\" height=\"150\" src=\"https:\/\/www.colorado.com.br\/nosdacolorado\/wp-content\/uploads\/2023\/06\/ASPA-Gua\u00edra-19-150x150.jpg\" class=\"attachment-thumbnail size-thumbnail\" alt=\"\" srcset=\"https:\/\/www.colorado.com.br\/nosdacolorado\/wp-content\/uploads\/2023\/06\/ASPA-Gua\u00edra-19-150x150.jpg 150w, https:\/\/www.colorado.com.br\/nosdacolorado\/wp-content\/uploads\/2023\/06\/ASPA-Gua\u00edra-19-100x100.jpg 100w, https:\/\/www.colorado.com.br\/nosdacolorado\/wp-content\/uploads\/2023\/06\/ASPA-Gua\u00edra-19-140x140.jpg 140w, https:\/\/www.colorado.com.br\/nosdacolorado\/wp-content\/uploads\/2023\/06\/ASPA-Gua\u00edra-19-500x500.jpg 500w, https:\/\/www.colorado.com.br\/nosdacolorado\/wp-content\/uploads\/2023\/06\/ASPA-Gua\u00edra-19-350x350.jpg 350w, https:\/\/www.colorado.com.br\/nosdacolorado\/wp-content\/uploads\/2023\/06\/ASPA-Gua\u00edra-19-800x800.jpg 800w\" sizes=\"auto, (max-width: 150px) 100vw, 150px\" \/><\/a>\n\t\t\t<\/dt><\/dl><dl class='gallery-item'>\n\t\t\t<dt class='gallery-icon portrait'>\n\t\t\t\t<a href='https:\/\/www.colorado.com.br\/nosdacolorado\/wp-content\/uploads\/2023\/06\/ASPA-Gua\u00edra-20.jpg'><img loading=\"lazy\" decoding=\"async\" data-attachment-id=\"20951\" data-orig-file=\"https:\/\/www.colorado.com.br\/nosdacolorado\/wp-content\/uploads\/2023\/06\/ASPA-Gua\u00edra-20.jpg\" data-orig-size=\"804,1206\" data-comments-opened=\"1\" data-image-meta=\"{&quot;aperture&quot;:&quot;0&quot;,&quot;credit&quot;:&quot;&quot;,&quot;camera&quot;:&quot;&quot;,&quot;caption&quot;:&quot;&quot;,&quot;created_timestamp&quot;:&quot;0&quot;,&quot;copyright&quot;:&quot;&quot;,&quot;focal_length&quot;:&quot;0&quot;,&quot;iso&quot;:&quot;0&quot;,&quot;shutter_speed&quot;:&quot;0&quot;,&quot;title&quot;:&quot;&quot;,&quot;orientation&quot;:&quot;0&quot;,&quot;keywords&quot;:&quot;Array&quot;}\" data-image-title=\"ASPA Gua\u00edra (20)\" data-image-description=\"\" data-medium-file=\"https:\/\/www.colorado.com.br\/nosdacolorado\/wp-content\/uploads\/2023\/06\/ASPA-Gua\u00edra-20-200x300.jpg\" data-large-file=\"https:\/\/www.colorado.com.br\/nosdacolorado\/wp-content\/uploads\/2023\/06\/ASPA-Gua\u00edra-20-683x1024.jpg\" width=\"150\" height=\"150\" src=\"https:\/\/www.colorado.com.br\/nosdacolorado\/wp-content\/uploads\/2023\/06\/ASPA-Gua\u00edra-20-150x150.jpg\" class=\"attachment-thumbnail size-thumbnail\" alt=\"\" srcset=\"https:\/\/www.colorado.com.br\/nosdacolorado\/wp-content\/uploads\/2023\/06\/ASPA-Gua\u00edra-20-150x150.jpg 150w, https:\/\/www.colorado.com.br\/nosdacolorado\/wp-content\/uploads\/2023\/06\/ASPA-Gua\u00edra-20-100x100.jpg 100w, https:\/\/www.colorado.com.br\/nosdacolorado\/wp-content\/uploads\/2023\/06\/ASPA-Gua\u00edra-20-140x140.jpg 140w, https:\/\/www.colorado.com.br\/nosdacolorado\/wp-content\/uploads\/2023\/06\/ASPA-Gua\u00edra-20-500x500.jpg 500w, https:\/\/www.colorado.com.br\/nosdacolorado\/wp-content\/uploads\/2023\/06\/ASPA-Gua\u00edra-20-350x350.jpg 350w, https:\/\/www.colorado.com.br\/nosdacolorado\/wp-content\/uploads\/2023\/06\/ASPA-Gua\u00edra-20-800x800.jpg 800w\" sizes=\"auto, (max-width: 150px) 100vw, 150px\" \/><\/a>\n\t\t\t<\/dt><\/dl><br style=\"clear: both\" \/><dl class='gallery-item'>\n\t\t\t<dt class='gallery-icon portrait'>\n\t\t\t\t<a href='https:\/\/www.colorado.com.br\/nosdacolorado\/wp-content\/uploads\/2023\/06\/ASPA-Gua\u00edra-21.jpg'><img loading=\"lazy\" decoding=\"async\" data-attachment-id=\"20952\" data-orig-file=\"https:\/\/www.colorado.com.br\/nosdacolorado\/wp-content\/uploads\/2023\/06\/ASPA-Gua\u00edra-21.jpg\" data-orig-size=\"804,1206\" data-comments-opened=\"1\" data-image-meta=\"{&quot;aperture&quot;:&quot;0&quot;,&quot;credit&quot;:&quot;&quot;,&quot;camera&quot;:&quot;&quot;,&quot;caption&quot;:&quot;&quot;,&quot;created_timestamp&quot;:&quot;0&quot;,&quot;copyright&quot;:&quot;&quot;,&quot;focal_length&quot;:&quot;0&quot;,&quot;iso&quot;:&quot;0&quot;,&quot;shutter_speed&quot;:&quot;0&quot;,&quot;title&quot;:&quot;&quot;,&quot;orientation&quot;:&quot;0&quot;,&quot;keywords&quot;:&quot;Array&quot;}\" data-image-title=\"ASPA Gua\u00edra (21)\" data-image-description=\"\" data-medium-file=\"https:\/\/www.colorado.com.br\/nosdacolorado\/wp-content\/uploads\/2023\/06\/ASPA-Gua\u00edra-21-200x300.jpg\" data-large-file=\"https:\/\/www.colorado.com.br\/nosdacolorado\/wp-content\/uploads\/2023\/06\/ASPA-Gua\u00edra-21-683x1024.jpg\" width=\"150\" height=\"150\" src=\"https:\/\/www.colorado.com.br\/nosdacolorado\/wp-content\/uploads\/2023\/06\/ASPA-Gua\u00edra-21-150x150.jpg\" class=\"attachment-thumbnail size-thumbnail\" alt=\"\" srcset=\"https:\/\/www.colorado.com.br\/nosdacolorado\/wp-content\/uploads\/2023\/06\/ASPA-Gua\u00edra-21-150x150.jpg 150w, https:\/\/www.colorado.com.br\/nosdacolorado\/wp-content\/uploads\/2023\/06\/ASPA-Gua\u00edra-21-100x100.jpg 100w, https:\/\/www.colorado.com.br\/nosdacolorado\/wp-content\/uploads\/2023\/06\/ASPA-Gua\u00edra-21-140x140.jpg 140w, https:\/\/www.colorado.com.br\/nosdacolorado\/wp-content\/uploads\/2023\/06\/ASPA-Gua\u00edra-21-500x500.jpg 500w, https:\/\/www.colorado.com.br\/nosdacolorado\/wp-content\/uploads\/2023\/06\/ASPA-Gua\u00edra-21-350x350.jpg 350w, https:\/\/www.colorado.com.br\/nosdacolorado\/wp-content\/uploads\/2023\/06\/ASPA-Gua\u00edra-21-800x800.jpg 800w\" sizes=\"auto, (max-width: 150px) 100vw, 150px\" \/><\/a>\n\t\t\t<\/dt><\/dl><dl class='gallery-item'>\n\t\t\t<dt class='gallery-icon portrait'>\n\t\t\t\t<a href='https:\/\/www.colorado.com.br\/nosdacolorado\/wp-content\/uploads\/2023\/06\/ASPA-Gua\u00edra-22.jpg'><img loading=\"lazy\" decoding=\"async\" data-attachment-id=\"20953\" data-orig-file=\"https:\/\/www.colorado.com.br\/nosdacolorado\/wp-content\/uploads\/2023\/06\/ASPA-Gua\u00edra-22.jpg\" data-orig-size=\"804,1206\" data-comments-opened=\"1\" data-image-meta=\"{&quot;aperture&quot;:&quot;0&quot;,&quot;credit&quot;:&quot;&quot;,&quot;camera&quot;:&quot;&quot;,&quot;caption&quot;:&quot;&quot;,&quot;created_timestamp&quot;:&quot;0&quot;,&quot;copyright&quot;:&quot;&quot;,&quot;focal_length&quot;:&quot;0&quot;,&quot;iso&quot;:&quot;0&quot;,&quot;shutter_speed&quot;:&quot;0&quot;,&quot;title&quot;:&quot;&quot;,&quot;orientation&quot;:&quot;0&quot;,&quot;keywords&quot;:&quot;Array&quot;}\" data-image-title=\"ASPA Gua\u00edra (22)\" data-image-description=\"\" data-medium-file=\"https:\/\/www.colorado.com.br\/nosdacolorado\/wp-content\/uploads\/2023\/06\/ASPA-Gua\u00edra-22-200x300.jpg\" data-large-file=\"https:\/\/www.colorado.com.br\/nosdacolorado\/wp-content\/uploads\/2023\/06\/ASPA-Gua\u00edra-22-683x1024.jpg\" width=\"150\" height=\"150\" src=\"https:\/\/www.colorado.com.br\/nosdacolorado\/wp-content\/uploads\/2023\/06\/ASPA-Gua\u00edra-22-150x150.jpg\" class=\"attachment-thumbnail size-thumbnail\" alt=\"\" srcset=\"https:\/\/www.colorado.com.br\/nosdacolorado\/wp-content\/uploads\/2023\/06\/ASPA-Gua\u00edra-22-150x150.jpg 150w, https:\/\/www.colorado.com.br\/nosdacolorado\/wp-content\/uploads\/2023\/06\/ASPA-Gua\u00edra-22-100x100.jpg 100w, https:\/\/www.colorado.com.br\/nosdacolorado\/wp-content\/uploads\/2023\/06\/ASPA-Gua\u00edra-22-140x140.jpg 140w, https:\/\/www.colorado.com.br\/nosdacolorado\/wp-content\/uploads\/2023\/06\/ASPA-Gua\u00edra-22-500x500.jpg 500w, https:\/\/www.colorado.com.br\/nosdacolorado\/wp-content\/uploads\/2023\/06\/ASPA-Gua\u00edra-22-350x350.jpg 350w, https:\/\/www.colorado.com.br\/nosdacolorado\/wp-content\/uploads\/2023\/06\/ASPA-Gua\u00edra-22-800x800.jpg 800w\" sizes=\"auto, (max-width: 150px) 100vw, 150px\" \/><\/a>\n\t\t\t<\/dt><\/dl><dl class='gallery-item'>\n\t\t\t<dt class='gallery-icon portrait'>\n\t\t\t\t<a href='https:\/\/www.colorado.com.br\/nosdacolorado\/wp-content\/uploads\/2023\/06\/ASPA-Gua\u00edra-23.jpg'><img loading=\"lazy\" decoding=\"async\" data-attachment-id=\"20954\" data-orig-file=\"https:\/\/www.colorado.com.br\/nosdacolorado\/wp-content\/uploads\/2023\/06\/ASPA-Gua\u00edra-23.jpg\" data-orig-size=\"804,1206\" data-comments-opened=\"1\" data-image-meta=\"{&quot;aperture&quot;:&quot;0&quot;,&quot;credit&quot;:&quot;&quot;,&quot;camera&quot;:&quot;&quot;,&quot;caption&quot;:&quot;&quot;,&quot;created_timestamp&quot;:&quot;0&quot;,&quot;copyright&quot;:&quot;&quot;,&quot;focal_length&quot;:&quot;0&quot;,&quot;iso&quot;:&quot;0&quot;,&quot;shutter_speed&quot;:&quot;0&quot;,&quot;title&quot;:&quot;&quot;,&quot;orientation&quot;:&quot;0&quot;,&quot;keywords&quot;:&quot;Array&quot;}\" data-image-title=\"ASPA Gua\u00edra (23)\" data-image-description=\"\" data-medium-file=\"https:\/\/www.colorado.com.br\/nosdacolorado\/wp-content\/uploads\/2023\/06\/ASPA-Gua\u00edra-23-200x300.jpg\" data-large-file=\"https:\/\/www.colorado.com.br\/nosdacolorado\/wp-content\/uploads\/2023\/06\/ASPA-Gua\u00edra-23-683x1024.jpg\" width=\"150\" height=\"150\" src=\"https:\/\/www.colorado.com.br\/nosdacolorado\/wp-content\/uploads\/2023\/06\/ASPA-Gua\u00edra-23-150x150.jpg\" class=\"attachment-thumbnail size-thumbnail\" alt=\"\" srcset=\"https:\/\/www.colorado.com.br\/nosdacolorado\/wp-content\/uploads\/2023\/06\/ASPA-Gua\u00edra-23-150x150.jpg 150w, https:\/\/www.colorado.com.br\/nosdacolorado\/wp-content\/uploads\/2023\/06\/ASPA-Gua\u00edra-23-100x100.jpg 100w, https:\/\/www.colorado.com.br\/nosdacolorado\/wp-content\/uploads\/2023\/06\/ASPA-Gua\u00edra-23-140x140.jpg 140w, https:\/\/www.colorado.com.br\/nosdacolorado\/wp-content\/uploads\/2023\/06\/ASPA-Gua\u00edra-23-500x500.jpg 500w, https:\/\/www.colorado.com.br\/nosdacolorado\/wp-content\/uploads\/2023\/06\/ASPA-Gua\u00edra-23-350x350.jpg 350w, https:\/\/www.colorado.com.br\/nosdacolorado\/wp-content\/uploads\/2023\/06\/ASPA-Gua\u00edra-23-800x800.jpg 800w\" sizes=\"auto, (max-width: 150px) 100vw, 150px\" \/><\/a>\n\t\t\t<\/dt><\/dl><dl class='gallery-item'>\n\t\t\t<dt class='gallery-icon portrait'>\n\t\t\t\t<a href='https:\/\/www.colorado.com.br\/nosdacolorado\/wp-content\/uploads\/2023\/06\/ASPA-Gua\u00edra-24.jpg'><img loading=\"lazy\" decoding=\"async\" data-attachment-id=\"20955\" data-orig-file=\"https:\/\/www.colorado.com.br\/nosdacolorado\/wp-content\/uploads\/2023\/06\/ASPA-Gua\u00edra-24.jpg\" data-orig-size=\"804,1206\" data-comments-opened=\"1\" data-image-meta=\"{&quot;aperture&quot;:&quot;0&quot;,&quot;credit&quot;:&quot;&quot;,&quot;camera&quot;:&quot;&quot;,&quot;caption&quot;:&quot;&quot;,&quot;created_timestamp&quot;:&quot;0&quot;,&quot;copyright&quot;:&quot;&quot;,&quot;focal_length&quot;:&quot;0&quot;,&quot;iso&quot;:&quot;0&quot;,&quot;shutter_speed&quot;:&quot;0&quot;,&quot;title&quot;:&quot;&quot;,&quot;orientation&quot;:&quot;0&quot;,&quot;keywords&quot;:&quot;Array&quot;}\" data-image-title=\"ASPA Gua\u00edra (24)\" data-image-description=\"\" data-medium-file=\"https:\/\/www.colorado.com.br\/nosdacolorado\/wp-content\/uploads\/2023\/06\/ASPA-Gua\u00edra-24-200x300.jpg\" data-large-file=\"https:\/\/www.colorado.com.br\/nosdacolorado\/wp-content\/uploads\/2023\/06\/ASPA-Gua\u00edra-24-683x1024.jpg\" width=\"150\" height=\"150\" src=\"https:\/\/www.colorado.com.br\/nosdacolorado\/wp-content\/uploads\/2023\/06\/ASPA-Gua\u00edra-24-150x150.jpg\" class=\"attachment-thumbnail size-thumbnail\" alt=\"\" srcset=\"https:\/\/www.colorado.com.br\/nosdacolorado\/wp-content\/uploads\/2023\/06\/ASPA-Gua\u00edra-24-150x150.jpg 150w, https:\/\/www.colorado.com.br\/nosdacolorado\/wp-content\/uploads\/2023\/06\/ASPA-Gua\u00edra-24-100x100.jpg 100w, https:\/\/www.colorado.com.br\/nosdacolorado\/wp-content\/uploads\/2023\/06\/ASPA-Gua\u00edra-24-140x140.jpg 140w, https:\/\/www.colorado.com.br\/nosdacolorado\/wp-content\/uploads\/2023\/06\/ASPA-Gua\u00edra-24-500x500.jpg 500w, https:\/\/www.colorado.com.br\/nosdacolorado\/wp-content\/uploads\/2023\/06\/ASPA-Gua\u00edra-24-350x350.jpg 350w, https:\/\/www.colorado.com.br\/nosdacolorado\/wp-content\/uploads\/2023\/06\/ASPA-Gua\u00edra-24-800x800.jpg 800w\" sizes=\"auto, (max-width: 150px) 100vw, 150px\" \/><\/a>\n\t\t\t<\/dt><\/dl><dl class='gallery-item'>\n\t\t\t<dt class='gallery-icon portrait'>\n\t\t\t\t<a href='https:\/\/www.colorado.com.br\/nosdacolorado\/wp-content\/uploads\/2023\/06\/ASPA-Gua\u00edra-25.jpg'><img loading=\"lazy\" decoding=\"async\" data-attachment-id=\"20956\" data-orig-file=\"https:\/\/www.colorado.com.br\/nosdacolorado\/wp-content\/uploads\/2023\/06\/ASPA-Gua\u00edra-25.jpg\" data-orig-size=\"804,1206\" data-comments-opened=\"1\" data-image-meta=\"{&quot;aperture&quot;:&quot;0&quot;,&quot;credit&quot;:&quot;&quot;,&quot;camera&quot;:&quot;&quot;,&quot;caption&quot;:&quot;&quot;,&quot;created_timestamp&quot;:&quot;0&quot;,&quot;copyright&quot;:&quot;&quot;,&quot;focal_length&quot;:&quot;0&quot;,&quot;iso&quot;:&quot;0&quot;,&quot;shutter_speed&quot;:&quot;0&quot;,&quot;title&quot;:&quot;&quot;,&quot;orientation&quot;:&quot;0&quot;,&quot;keywords&quot;:&quot;Array&quot;}\" data-image-title=\"ASPA Gua\u00edra (25)\" data-image-description=\"\" data-medium-file=\"https:\/\/www.colorado.com.br\/nosdacolorado\/wp-content\/uploads\/2023\/06\/ASPA-Gua\u00edra-25-200x300.jpg\" data-large-file=\"https:\/\/www.colorado.com.br\/nosdacolorado\/wp-content\/uploads\/2023\/06\/ASPA-Gua\u00edra-25-683x1024.jpg\" width=\"150\" height=\"150\" src=\"https:\/\/www.colorado.com.br\/nosdacolorado\/wp-content\/uploads\/2023\/06\/ASPA-Gua\u00edra-25-150x150.jpg\" class=\"attachment-thumbnail size-thumbnail\" alt=\"\" srcset=\"https:\/\/www.colorado.com.br\/nosdacolorado\/wp-content\/uploads\/2023\/06\/ASPA-Gua\u00edra-25-150x150.jpg 150w, https:\/\/www.colorado.com.br\/nosdacolorado\/wp-content\/uploads\/2023\/06\/ASPA-Gua\u00edra-25-100x100.jpg 100w, https:\/\/www.colorado.com.br\/nosdacolorado\/wp-content\/uploads\/2023\/06\/ASPA-Gua\u00edra-25-140x140.jpg 140w, https:\/\/www.colorado.com.br\/nosdacolorado\/wp-content\/uploads\/2023\/06\/ASPA-Gua\u00edra-25-500x500.jpg 500w, https:\/\/www.colorado.com.br\/nosdacolorado\/wp-content\/uploads\/2023\/06\/ASPA-Gua\u00edra-25-350x350.jpg 350w, https:\/\/www.colorado.com.br\/nosdacolorado\/wp-content\/uploads\/2023\/06\/ASPA-Gua\u00edra-25-800x800.jpg 800w\" sizes=\"auto, (max-width: 150px) 100vw, 150px\" \/><\/a>\n\t\t\t<\/dt><\/dl><br style=\"clear: both\" \/><dl class='gallery-item'>\n\t\t\t<dt class='gallery-icon portrait'>\n\t\t\t\t<a href='https:\/\/www.colorado.com.br\/nosdacolorado\/wp-content\/uploads\/2023\/06\/ASPA-Gua\u00edra-26.jpg'><img loading=\"lazy\" decoding=\"async\" data-attachment-id=\"20957\" data-orig-file=\"https:\/\/www.colorado.com.br\/nosdacolorado\/wp-content\/uploads\/2023\/06\/ASPA-Gua\u00edra-26.jpg\" data-orig-size=\"804,1206\" data-comments-opened=\"1\" data-image-meta=\"{&quot;aperture&quot;:&quot;0&quot;,&quot;credit&quot;:&quot;&quot;,&quot;camera&quot;:&quot;&quot;,&quot;caption&quot;:&quot;&quot;,&quot;created_timestamp&quot;:&quot;0&quot;,&quot;copyright&quot;:&quot;&quot;,&quot;focal_length&quot;:&quot;0&quot;,&quot;iso&quot;:&quot;0&quot;,&quot;shutter_speed&quot;:&quot;0&quot;,&quot;title&quot;:&quot;&quot;,&quot;orientation&quot;:&quot;0&quot;,&quot;keywords&quot;:&quot;Array&quot;}\" data-image-title=\"ASPA Gua\u00edra (26)\" data-image-description=\"\" data-medium-file=\"https:\/\/www.colorado.com.br\/nosdacolorado\/wp-content\/uploads\/2023\/06\/ASPA-Gua\u00edra-26-200x300.jpg\" data-large-file=\"https:\/\/www.colorado.com.br\/nosdacolorado\/wp-content\/uploads\/2023\/06\/ASPA-Gua\u00edra-26-683x1024.jpg\" width=\"150\" height=\"150\" src=\"https:\/\/www.colorado.com.br\/nosdacolorado\/wp-content\/uploads\/2023\/06\/ASPA-Gua\u00edra-26-150x150.jpg\" class=\"attachment-thumbnail size-thumbnail\" alt=\"\" srcset=\"https:\/\/www.colorado.com.br\/nosdacolorado\/wp-content\/uploads\/2023\/06\/ASPA-Gua\u00edra-26-150x150.jpg 150w, https:\/\/www.colorado.com.br\/nosdacolorado\/wp-content\/uploads\/2023\/06\/ASPA-Gua\u00edra-26-100x100.jpg 100w, https:\/\/www.colorado.com.br\/nosdacolorado\/wp-content\/uploads\/2023\/06\/ASPA-Gua\u00edra-26-140x140.jpg 140w, https:\/\/www.colorado.com.br\/nosdacolorado\/wp-content\/uploads\/2023\/06\/ASPA-Gua\u00edra-26-500x500.jpg 500w, https:\/\/www.colorado.com.br\/nosdacolorado\/wp-content\/uploads\/2023\/06\/ASPA-Gua\u00edra-26-350x350.jpg 350w, https:\/\/www.colorado.com.br\/nosdacolorado\/wp-content\/uploads\/2023\/06\/ASPA-Gua\u00edra-26-800x800.jpg 800w\" sizes=\"auto, (max-width: 150px) 100vw, 150px\" \/><\/a>\n\t\t\t<\/dt><\/dl><dl class='gallery-item'>\n\t\t\t<dt class='gallery-icon portrait'>\n\t\t\t\t<a href='https:\/\/www.colorado.com.br\/nosdacolorado\/wp-content\/uploads\/2023\/06\/ASPA-Gua\u00edra-27.jpg'><img loading=\"lazy\" decoding=\"async\" data-attachment-id=\"20958\" data-orig-file=\"https:\/\/www.colorado.com.br\/nosdacolorado\/wp-content\/uploads\/2023\/06\/ASPA-Gua\u00edra-27.jpg\" data-orig-size=\"804,1206\" data-comments-opened=\"1\" data-image-meta=\"{&quot;aperture&quot;:&quot;0&quot;,&quot;credit&quot;:&quot;&quot;,&quot;camera&quot;:&quot;&quot;,&quot;caption&quot;:&quot;&quot;,&quot;created_timestamp&quot;:&quot;0&quot;,&quot;copyright&quot;:&quot;&quot;,&quot;focal_length&quot;:&quot;0&quot;,&quot;iso&quot;:&quot;0&quot;,&quot;shutter_speed&quot;:&quot;0&quot;,&quot;title&quot;:&quot;&quot;,&quot;orientation&quot;:&quot;0&quot;,&quot;keywords&quot;:&quot;Array&quot;}\" data-image-title=\"ASPA Gua\u00edra (27)\" data-image-description=\"\" data-medium-file=\"https:\/\/www.colorado.com.br\/nosdacolorado\/wp-content\/uploads\/2023\/06\/ASPA-Gua\u00edra-27-200x300.jpg\" data-large-file=\"https:\/\/www.colorado.com.br\/nosdacolorado\/wp-content\/uploads\/2023\/06\/ASPA-Gua\u00edra-27-683x1024.jpg\" width=\"150\" height=\"150\" src=\"https:\/\/www.colorado.com.br\/nosdacolorado\/wp-content\/uploads\/2023\/06\/ASPA-Gua\u00edra-27-150x150.jpg\" class=\"attachment-thumbnail size-thumbnail\" alt=\"\" srcset=\"https:\/\/www.colorado.com.br\/nosdacolorado\/wp-content\/uploads\/2023\/06\/ASPA-Gua\u00edra-27-150x150.jpg 150w, https:\/\/www.colorado.com.br\/nosdacolorado\/wp-content\/uploads\/2023\/06\/ASPA-Gua\u00edra-27-100x100.jpg 100w, https:\/\/www.colorado.com.br\/nosdacolorado\/wp-content\/uploads\/2023\/06\/ASPA-Gua\u00edra-27-140x140.jpg 140w, https:\/\/www.colorado.com.br\/nosdacolorado\/wp-content\/uploads\/2023\/06\/ASPA-Gua\u00edra-27-500x500.jpg 500w, https:\/\/www.colorado.com.br\/nosdacolorado\/wp-content\/uploads\/2023\/06\/ASPA-Gua\u00edra-27-350x350.jpg 350w, https:\/\/www.colorado.com.br\/nosdacolorado\/wp-content\/uploads\/2023\/06\/ASPA-Gua\u00edra-27-800x800.jpg 800w\" sizes=\"auto, (max-width: 150px) 100vw, 150px\" \/><\/a>\n\t\t\t<\/dt><\/dl><dl class='gallery-item'>\n\t\t\t<dt class='gallery-icon portrait'>\n\t\t\t\t<a href='https:\/\/www.colorado.com.br\/nosdacolorado\/wp-content\/uploads\/2023\/06\/ASPA-Gua\u00edra-28.jpg'><img loading=\"lazy\" decoding=\"async\" data-attachment-id=\"20959\" data-orig-file=\"https:\/\/www.colorado.com.br\/nosdacolorado\/wp-content\/uploads\/2023\/06\/ASPA-Gua\u00edra-28.jpg\" data-orig-size=\"804,1206\" data-comments-opened=\"1\" data-image-meta=\"{&quot;aperture&quot;:&quot;0&quot;,&quot;credit&quot;:&quot;&quot;,&quot;camera&quot;:&quot;&quot;,&quot;caption&quot;:&quot;&quot;,&quot;created_timestamp&quot;:&quot;0&quot;,&quot;copyright&quot;:&quot;&quot;,&quot;focal_length&quot;:&quot;0&quot;,&quot;iso&quot;:&quot;0&quot;,&quot;shutter_speed&quot;:&quot;0&quot;,&quot;title&quot;:&quot;&quot;,&quot;orientation&quot;:&quot;0&quot;,&quot;keywords&quot;:&quot;Array&quot;}\" data-image-title=\"ASPA Gua\u00edra (28)\" data-image-description=\"\" data-medium-file=\"https:\/\/www.colorado.com.br\/nosdacolorado\/wp-content\/uploads\/2023\/06\/ASPA-Gua\u00edra-28-200x300.jpg\" data-large-file=\"https:\/\/www.colorado.com.br\/nosdacolorado\/wp-content\/uploads\/2023\/06\/ASPA-Gua\u00edra-28-683x1024.jpg\" width=\"150\" height=\"150\" src=\"https:\/\/www.colorado.com.br\/nosdacolorado\/wp-content\/uploads\/2023\/06\/ASPA-Gua\u00edra-28-150x150.jpg\" class=\"attachment-thumbnail size-thumbnail\" alt=\"\" srcset=\"https:\/\/www.colorado.com.br\/nosdacolorado\/wp-content\/uploads\/2023\/06\/ASPA-Gua\u00edra-28-150x150.jpg 150w, https:\/\/www.colorado.com.br\/nosdacolorado\/wp-content\/uploads\/2023\/06\/ASPA-Gua\u00edra-28-100x100.jpg 100w, https:\/\/www.colorado.com.br\/nosdacolorado\/wp-content\/uploads\/2023\/06\/ASPA-Gua\u00edra-28-140x140.jpg 140w, https:\/\/www.colorado.com.br\/nosdacolorado\/wp-content\/uploads\/2023\/06\/ASPA-Gua\u00edra-28-500x500.jpg 500w, https:\/\/www.colorado.com.br\/nosdacolorado\/wp-content\/uploads\/2023\/06\/ASPA-Gua\u00edra-28-350x350.jpg 350w, https:\/\/www.colorado.com.br\/nosdacolorado\/wp-content\/uploads\/2023\/06\/ASPA-Gua\u00edra-28-800x800.jpg 800w\" sizes=\"auto, (max-width: 150px) 100vw, 150px\" \/><\/a>\n\t\t\t<\/dt><\/dl><dl class='gallery-item'>\n\t\t\t<dt class='gallery-icon portrait'>\n\t\t\t\t<a href='https:\/\/www.colorado.com.br\/nosdacolorado\/wp-content\/uploads\/2023\/06\/ASPA-Gua\u00edra-29.jpg'><img loading=\"lazy\" decoding=\"async\" data-attachment-id=\"20960\" data-orig-file=\"https:\/\/www.colorado.com.br\/nosdacolorado\/wp-content\/uploads\/2023\/06\/ASPA-Gua\u00edra-29.jpg\" data-orig-size=\"804,1206\" data-comments-opened=\"1\" data-image-meta=\"{&quot;aperture&quot;:&quot;0&quot;,&quot;credit&quot;:&quot;&quot;,&quot;camera&quot;:&quot;&quot;,&quot;caption&quot;:&quot;&quot;,&quot;created_timestamp&quot;:&quot;0&quot;,&quot;copyright&quot;:&quot;&quot;,&quot;focal_length&quot;:&quot;0&quot;,&quot;iso&quot;:&quot;0&quot;,&quot;shutter_speed&quot;:&quot;0&quot;,&quot;title&quot;:&quot;&quot;,&quot;orientation&quot;:&quot;0&quot;,&quot;keywords&quot;:&quot;Array&quot;}\" data-image-title=\"ASPA Gua\u00edra (29)\" data-image-description=\"\" data-medium-file=\"https:\/\/www.colorado.com.br\/nosdacolorado\/wp-content\/uploads\/2023\/06\/ASPA-Gua\u00edra-29-200x300.jpg\" data-large-file=\"https:\/\/www.colorado.com.br\/nosdacolorado\/wp-content\/uploads\/2023\/06\/ASPA-Gua\u00edra-29-683x1024.jpg\" width=\"150\" height=\"150\" src=\"https:\/\/www.colorado.com.br\/nosdacolorado\/wp-content\/uploads\/2023\/06\/ASPA-Gua\u00edra-29-150x150.jpg\" class=\"attachment-thumbnail size-thumbnail\" alt=\"\" srcset=\"https:\/\/www.colorado.com.br\/nosdacolorado\/wp-content\/uploads\/2023\/06\/ASPA-Gua\u00edra-29-150x150.jpg 150w, https:\/\/www.colorado.com.br\/nosdacolorado\/wp-content\/uploads\/2023\/06\/ASPA-Gua\u00edra-29-100x100.jpg 100w, https:\/\/www.colorado.com.br\/nosdacolorado\/wp-content\/uploads\/2023\/06\/ASPA-Gua\u00edra-29-140x140.jpg 140w, https:\/\/www.colorado.com.br\/nosdacolorado\/wp-content\/uploads\/2023\/06\/ASPA-Gua\u00edra-29-500x500.jpg 500w, https:\/\/www.colorado.com.br\/nosdacolorado\/wp-content\/uploads\/2023\/06\/ASPA-Gua\u00edra-29-350x350.jpg 350w, https:\/\/www.colorado.com.br\/nosdacolorado\/wp-content\/uploads\/2023\/06\/ASPA-Gua\u00edra-29-800x800.jpg 800w\" sizes=\"auto, (max-width: 150px) 100vw, 150px\" \/><\/a>\n\t\t\t<\/dt><\/dl><dl class='gallery-item'>\n\t\t\t<dt class='gallery-icon portrait'>\n\t\t\t\t<a href='https:\/\/www.colorado.com.br\/nosdacolorado\/wp-content\/uploads\/2023\/06\/ASPA-Gua\u00edra-30.jpg'><img loading=\"lazy\" decoding=\"async\" data-attachment-id=\"20961\" data-orig-file=\"https:\/\/www.colorado.com.br\/nosdacolorado\/wp-content\/uploads\/2023\/06\/ASPA-Gua\u00edra-30.jpg\" data-orig-size=\"804,1206\" data-comments-opened=\"1\" data-image-meta=\"{&quot;aperture&quot;:&quot;0&quot;,&quot;credit&quot;:&quot;&quot;,&quot;camera&quot;:&quot;&quot;,&quot;caption&quot;:&quot;&quot;,&quot;created_timestamp&quot;:&quot;0&quot;,&quot;copyright&quot;:&quot;&quot;,&quot;focal_length&quot;:&quot;0&quot;,&quot;iso&quot;:&quot;0&quot;,&quot;shutter_speed&quot;:&quot;0&quot;,&quot;title&quot;:&quot;&quot;,&quot;orientation&quot;:&quot;0&quot;,&quot;keywords&quot;:&quot;Array&quot;}\" data-image-title=\"ASPA Gua\u00edra (30)\" data-image-description=\"\" data-medium-file=\"https:\/\/www.colorado.com.br\/nosdacolorado\/wp-content\/uploads\/2023\/06\/ASPA-Gua\u00edra-30-200x300.jpg\" data-large-file=\"https:\/\/www.colorado.com.br\/nosdacolorado\/wp-content\/uploads\/2023\/06\/ASPA-Gua\u00edra-30-683x1024.jpg\" width=\"150\" height=\"150\" src=\"https:\/\/www.colorado.com.br\/nosdacolorado\/wp-content\/uploads\/2023\/06\/ASPA-Gua\u00edra-30-150x150.jpg\" class=\"attachment-thumbnail size-thumbnail\" alt=\"\" srcset=\"https:\/\/www.colorado.com.br\/nosdacolorado\/wp-content\/uploads\/2023\/06\/ASPA-Gua\u00edra-30-150x150.jpg 150w, https:\/\/www.colorado.com.br\/nosdacolorado\/wp-content\/uploads\/2023\/06\/ASPA-Gua\u00edra-30-100x100.jpg 100w, https:\/\/www.colorado.com.br\/nosdacolorado\/wp-content\/uploads\/2023\/06\/ASPA-Gua\u00edra-30-140x140.jpg 140w, https:\/\/www.colorado.com.br\/nosdacolorado\/wp-content\/uploads\/2023\/06\/ASPA-Gua\u00edra-30-500x500.jpg 500w, https:\/\/www.colorado.com.br\/nosdacolorado\/wp-content\/uploads\/2023\/06\/ASPA-Gua\u00edra-30-350x350.jpg 350w, https:\/\/www.colorado.com.br\/nosdacolorado\/wp-content\/uploads\/2023\/06\/ASPA-Gua\u00edra-30-800x800.jpg 800w\" sizes=\"auto, (max-width: 150px) 100vw, 150px\" \/><\/a>\n\t\t\t<\/dt><\/dl><br style=\"clear: both\" \/><dl class='gallery-item'>\n\t\t\t<dt class='gallery-icon landscape'>\n\t\t\t\t<a href='https:\/\/www.colorado.com.br\/nosdacolorado\/wp-content\/uploads\/2023\/06\/ASPA-Gua\u00edra-31.jpg'><img loading=\"lazy\" decoding=\"async\" data-attachment-id=\"20962\" data-orig-file=\"https:\/\/www.colorado.com.br\/nosdacolorado\/wp-content\/uploads\/2023\/06\/ASPA-Gua\u00edra-31.jpg\" data-orig-size=\"1206,804\" data-comments-opened=\"1\" data-image-meta=\"{&quot;aperture&quot;:&quot;0&quot;,&quot;credit&quot;:&quot;&quot;,&quot;camera&quot;:&quot;&quot;,&quot;caption&quot;:&quot;&quot;,&quot;created_timestamp&quot;:&quot;0&quot;,&quot;copyright&quot;:&quot;&quot;,&quot;focal_length&quot;:&quot;0&quot;,&quot;iso&quot;:&quot;0&quot;,&quot;shutter_speed&quot;:&quot;0&quot;,&quot;title&quot;:&quot;&quot;,&quot;orientation&quot;:&quot;0&quot;,&quot;keywords&quot;:&quot;Array&quot;}\" data-image-title=\"ASPA Gua\u00edra (31)\" data-image-description=\"\" data-medium-file=\"https:\/\/www.colorado.com.br\/nosdacolorado\/wp-content\/uploads\/2023\/06\/ASPA-Gua\u00edra-31-300x200.jpg\" data-large-file=\"https:\/\/www.colorado.com.br\/nosdacolorado\/wp-content\/uploads\/2023\/06\/ASPA-Gua\u00edra-31-1024x683.jpg\" width=\"150\" height=\"150\" src=\"https:\/\/www.colorado.com.br\/nosdacolorado\/wp-content\/uploads\/2023\/06\/ASPA-Gua\u00edra-31-150x150.jpg\" class=\"attachment-thumbnail size-thumbnail\" alt=\"\" srcset=\"https:\/\/www.colorado.com.br\/nosdacolorado\/wp-content\/uploads\/2023\/06\/ASPA-Gua\u00edra-31-150x150.jpg 150w, https:\/\/www.colorado.com.br\/nosdacolorado\/wp-content\/uploads\/2023\/06\/ASPA-Gua\u00edra-31-100x100.jpg 100w, https:\/\/www.colorado.com.br\/nosdacolorado\/wp-content\/uploads\/2023\/06\/ASPA-Gua\u00edra-31-140x140.jpg 140w, https:\/\/www.colorado.com.br\/nosdacolorado\/wp-content\/uploads\/2023\/06\/ASPA-Gua\u00edra-31-500x500.jpg 500w, https:\/\/www.colorado.com.br\/nosdacolorado\/wp-content\/uploads\/2023\/06\/ASPA-Gua\u00edra-31-350x350.jpg 350w, https:\/\/www.colorado.com.br\/nosdacolorado\/wp-content\/uploads\/2023\/06\/ASPA-Gua\u00edra-31-800x800.jpg 800w\" sizes=\"auto, (max-width: 150px) 100vw, 150px\" \/><\/a>\n\t\t\t<\/dt><\/dl><dl class='gallery-item'>\n\t\t\t<dt class='gallery-icon landscape'>\n\t\t\t\t<a href='https:\/\/www.colorado.com.br\/nosdacolorado\/wp-content\/uploads\/2023\/06\/ASPA-Gua\u00edra-32.jpg'><img loading=\"lazy\" decoding=\"async\" data-attachment-id=\"20963\" data-orig-file=\"https:\/\/www.colorado.com.br\/nosdacolorado\/wp-content\/uploads\/2023\/06\/ASPA-Gua\u00edra-32.jpg\" data-orig-size=\"1206,804\" data-comments-opened=\"1\" data-image-meta=\"{&quot;aperture&quot;:&quot;0&quot;,&quot;credit&quot;:&quot;&quot;,&quot;camera&quot;:&quot;&quot;,&quot;caption&quot;:&quot;&quot;,&quot;created_timestamp&quot;:&quot;0&quot;,&quot;copyright&quot;:&quot;&quot;,&quot;focal_length&quot;:&quot;0&quot;,&quot;iso&quot;:&quot;0&quot;,&quot;shutter_speed&quot;:&quot;0&quot;,&quot;title&quot;:&quot;&quot;,&quot;orientation&quot;:&quot;0&quot;,&quot;keywords&quot;:&quot;Array&quot;}\" data-image-title=\"ASPA Gua\u00edra (32)\" data-image-description=\"\" data-medium-file=\"https:\/\/www.colorado.com.br\/nosdacolorado\/wp-content\/uploads\/2023\/06\/ASPA-Gua\u00edra-32-300x200.jpg\" data-large-file=\"https:\/\/www.colorado.com.br\/nosdacolorado\/wp-content\/uploads\/2023\/06\/ASPA-Gua\u00edra-32-1024x683.jpg\" width=\"150\" height=\"150\" src=\"https:\/\/www.colorado.com.br\/nosdacolorado\/wp-content\/uploads\/2023\/06\/ASPA-Gua\u00edra-32-150x150.jpg\" class=\"attachment-thumbnail size-thumbnail\" alt=\"\" srcset=\"https:\/\/www.colorado.com.br\/nosdacolorado\/wp-content\/uploads\/2023\/06\/ASPA-Gua\u00edra-32-150x150.jpg 150w, https:\/\/www.colorado.com.br\/nosdacolorado\/wp-content\/uploads\/2023\/06\/ASPA-Gua\u00edra-32-100x100.jpg 100w, https:\/\/www.colorado.com.br\/nosdacolorado\/wp-content\/uploads\/2023\/06\/ASPA-Gua\u00edra-32-140x140.jpg 140w, https:\/\/www.colorado.com.br\/nosdacolorado\/wp-content\/uploads\/2023\/06\/ASPA-Gua\u00edra-32-500x500.jpg 500w, https:\/\/www.colorado.com.br\/nosdacolorado\/wp-content\/uploads\/2023\/06\/ASPA-Gua\u00edra-32-350x350.jpg 350w, https:\/\/www.colorado.com.br\/nosdacolorado\/wp-content\/uploads\/2023\/06\/ASPA-Gua\u00edra-32-800x800.jpg 800w\" sizes=\"auto, (max-width: 150px) 100vw, 150px\" \/><\/a>\n\t\t\t<\/dt><\/dl><dl class='gallery-item'>\n\t\t\t<dt class='gallery-icon landscape'>\n\t\t\t\t<a href='https:\/\/www.colorado.com.br\/nosdacolorado\/wp-content\/uploads\/2023\/06\/ASPA-Gua\u00edra-33.jpg'><img loading=\"lazy\" decoding=\"async\" data-attachment-id=\"20964\" data-orig-file=\"https:\/\/www.colorado.com.br\/nosdacolorado\/wp-content\/uploads\/2023\/06\/ASPA-Gua\u00edra-33.jpg\" data-orig-size=\"1206,804\" data-comments-opened=\"1\" data-image-meta=\"{&quot;aperture&quot;:&quot;0&quot;,&quot;credit&quot;:&quot;&quot;,&quot;camera&quot;:&quot;&quot;,&quot;caption&quot;:&quot;&quot;,&quot;created_timestamp&quot;:&quot;0&quot;,&quot;copyright&quot;:&quot;&quot;,&quot;focal_length&quot;:&quot;0&quot;,&quot;iso&quot;:&quot;0&quot;,&quot;shutter_speed&quot;:&quot;0&quot;,&quot;title&quot;:&quot;&quot;,&quot;orientation&quot;:&quot;0&quot;,&quot;keywords&quot;:&quot;Array&quot;}\" data-image-title=\"ASPA Gua\u00edra (33)\" data-image-description=\"\" data-medium-file=\"https:\/\/www.colorado.com.br\/nosdacolorado\/wp-content\/uploads\/2023\/06\/ASPA-Gua\u00edra-33-300x200.jpg\" data-large-file=\"https:\/\/www.colorado.com.br\/nosdacolorado\/wp-content\/uploads\/2023\/06\/ASPA-Gua\u00edra-33-1024x683.jpg\" width=\"150\" height=\"150\" src=\"https:\/\/www.colorado.com.br\/nosdacolorado\/wp-content\/uploads\/2023\/06\/ASPA-Gua\u00edra-33-150x150.jpg\" class=\"attachment-thumbnail size-thumbnail\" alt=\"\" srcset=\"https:\/\/www.colorado.com.br\/nosdacolorado\/wp-content\/uploads\/2023\/06\/ASPA-Gua\u00edra-33-150x150.jpg 150w, https:\/\/www.colorado.com.br\/nosdacolorado\/wp-content\/uploads\/2023\/06\/ASPA-Gua\u00edra-33-100x100.jpg 100w, https:\/\/www.colorado.com.br\/nosdacolorado\/wp-content\/uploads\/2023\/06\/ASPA-Gua\u00edra-33-140x140.jpg 140w, https:\/\/www.colorado.com.br\/nosdacolorado\/wp-content\/uploads\/2023\/06\/ASPA-Gua\u00edra-33-500x500.jpg 500w, https:\/\/www.colorado.com.br\/nosdacolorado\/wp-content\/uploads\/2023\/06\/ASPA-Gua\u00edra-33-350x350.jpg 350w, https:\/\/www.colorado.com.br\/nosdacolorado\/wp-content\/uploads\/2023\/06\/ASPA-Gua\u00edra-33-800x800.jpg 800w\" sizes=\"auto, (max-width: 150px) 100vw, 150px\" \/><\/a>\n\t\t\t<\/dt><\/dl><dl class='gallery-item'>\n\t\t\t<dt class='gallery-icon landscape'>\n\t\t\t\t<a href='https:\/\/www.colorado.com.br\/nosdacolorado\/wp-content\/uploads\/2023\/06\/ASPA-Gua\u00edra-34.jpg'><img loading=\"lazy\" decoding=\"async\" data-attachment-id=\"20965\" data-orig-file=\"https:\/\/www.colorado.com.br\/nosdacolorado\/wp-content\/uploads\/2023\/06\/ASPA-Gua\u00edra-34.jpg\" data-orig-size=\"1206,804\" data-comments-opened=\"1\" data-image-meta=\"{&quot;aperture&quot;:&quot;0&quot;,&quot;credit&quot;:&quot;&quot;,&quot;camera&quot;:&quot;&quot;,&quot;caption&quot;:&quot;&quot;,&quot;created_timestamp&quot;:&quot;0&quot;,&quot;copyright&quot;:&quot;&quot;,&quot;focal_length&quot;:&quot;0&quot;,&quot;iso&quot;:&quot;0&quot;,&quot;shutter_speed&quot;:&quot;0&quot;,&quot;title&quot;:&quot;&quot;,&quot;orientation&quot;:&quot;0&quot;,&quot;keywords&quot;:&quot;Array&quot;}\" data-image-title=\"ASPA Gua\u00edra (34)\" data-image-description=\"\" data-medium-file=\"https:\/\/www.colorado.com.br\/nosdacolorado\/wp-content\/uploads\/2023\/06\/ASPA-Gua\u00edra-34-300x200.jpg\" data-large-file=\"https:\/\/www.colorado.com.br\/nosdacolorado\/wp-content\/uploads\/2023\/06\/ASPA-Gua\u00edra-34-1024x683.jpg\" width=\"150\" height=\"150\" src=\"https:\/\/www.colorado.com.br\/nosdacolorado\/wp-content\/uploads\/2023\/06\/ASPA-Gua\u00edra-34-150x150.jpg\" class=\"attachment-thumbnail size-thumbnail\" alt=\"\" srcset=\"https:\/\/www.colorado.com.br\/nosdacolorado\/wp-content\/uploads\/2023\/06\/ASPA-Gua\u00edra-34-150x150.jpg 150w, https:\/\/www.colorado.com.br\/nosdacolorado\/wp-content\/uploads\/2023\/06\/ASPA-Gua\u00edra-34-100x100.jpg 100w, https:\/\/www.colorado.com.br\/nosdacolorado\/wp-content\/uploads\/2023\/06\/ASPA-Gua\u00edra-34-140x140.jpg 140w, https:\/\/www.colorado.com.br\/nosdacolorado\/wp-content\/uploads\/2023\/06\/ASPA-Gua\u00edra-34-500x500.jpg 500w, https:\/\/www.colorado.com.br\/nosdacolorado\/wp-content\/uploads\/2023\/06\/ASPA-Gua\u00edra-34-350x350.jpg 350w, https:\/\/www.colorado.com.br\/nosdacolorado\/wp-content\/uploads\/2023\/06\/ASPA-Gua\u00edra-34-800x800.jpg 800w\" sizes=\"auto, (max-width: 150px) 100vw, 150px\" \/><\/a>\n\t\t\t<\/dt><\/dl><dl class='gallery-item'>\n\t\t\t<dt class='gallery-icon landscape'>\n\t\t\t\t<a href='https:\/\/www.colorado.com.br\/nosdacolorado\/wp-content\/uploads\/2023\/06\/ASPA-Gua\u00edra-35.jpg'><img loading=\"lazy\" decoding=\"async\" data-attachment-id=\"20966\" data-orig-file=\"https:\/\/www.colorado.com.br\/nosdacolorado\/wp-content\/uploads\/2023\/06\/ASPA-Gua\u00edra-35.jpg\" data-orig-size=\"1206,804\" data-comments-opened=\"1\" data-image-meta=\"{&quot;aperture&quot;:&quot;0&quot;,&quot;credit&quot;:&quot;&quot;,&quot;camera&quot;:&quot;&quot;,&quot;caption&quot;:&quot;&quot;,&quot;created_timestamp&quot;:&quot;0&quot;,&quot;copyright&quot;:&quot;&quot;,&quot;focal_length&quot;:&quot;0&quot;,&quot;iso&quot;:&quot;0&quot;,&quot;shutter_speed&quot;:&quot;0&quot;,&quot;title&quot;:&quot;&quot;,&quot;orientation&quot;:&quot;0&quot;,&quot;keywords&quot;:&quot;Array&quot;}\" data-image-title=\"ASPA Gua\u00edra (35)\" data-image-description=\"\" data-medium-file=\"https:\/\/www.colorado.com.br\/nosdacolorado\/wp-content\/uploads\/2023\/06\/ASPA-Gua\u00edra-35-300x200.jpg\" data-large-file=\"https:\/\/www.colorado.com.br\/nosdacolorado\/wp-content\/uploads\/2023\/06\/ASPA-Gua\u00edra-35-1024x683.jpg\" width=\"150\" height=\"150\" src=\"https:\/\/www.colorado.com.br\/nosdacolorado\/wp-content\/uploads\/2023\/06\/ASPA-Gua\u00edra-35-150x150.jpg\" class=\"attachment-thumbnail size-thumbnail\" alt=\"\" srcset=\"https:\/\/www.colorado.com.br\/nosdacolorado\/wp-content\/uploads\/2023\/06\/ASPA-Gua\u00edra-35-150x150.jpg 150w, https:\/\/www.colorado.com.br\/nosdacolorado\/wp-content\/uploads\/2023\/06\/ASPA-Gua\u00edra-35-100x100.jpg 100w, https:\/\/www.colorado.com.br\/nosdacolorado\/wp-content\/uploads\/2023\/06\/ASPA-Gua\u00edra-35-140x140.jpg 140w, https:\/\/www.colorado.com.br\/nosdacolorado\/wp-content\/uploads\/2023\/06\/ASPA-Gua\u00edra-35-500x500.jpg 500w, https:\/\/www.colorado.com.br\/nosdacolorado\/wp-content\/uploads\/2023\/06\/ASPA-Gua\u00edra-35-350x350.jpg 350w, https:\/\/www.colorado.com.br\/nosdacolorado\/wp-content\/uploads\/2023\/06\/ASPA-Gua\u00edra-35-800x800.jpg 800w\" sizes=\"auto, (max-width: 150px) 100vw, 150px\" \/><\/a>\n\t\t\t<\/dt><\/dl><br style=\"clear: both\" \/><dl class='gallery-item'>\n\t\t\t<dt class='gallery-icon landscape'>\n\t\t\t\t<a href='https:\/\/www.colorado.com.br\/nosdacolorado\/wp-content\/uploads\/2023\/06\/ASPA-Gua\u00edra-36.jpg'><img loading=\"lazy\" decoding=\"async\" data-attachment-id=\"20967\" data-orig-file=\"https:\/\/www.colorado.com.br\/nosdacolorado\/wp-content\/uploads\/2023\/06\/ASPA-Gua\u00edra-36.jpg\" data-orig-size=\"1206,804\" data-comments-opened=\"1\" data-image-meta=\"{&quot;aperture&quot;:&quot;0&quot;,&quot;credit&quot;:&quot;&quot;,&quot;camera&quot;:&quot;&quot;,&quot;caption&quot;:&quot;&quot;,&quot;created_timestamp&quot;:&quot;0&quot;,&quot;copyright&quot;:&quot;&quot;,&quot;focal_length&quot;:&quot;0&quot;,&quot;iso&quot;:&quot;0&quot;,&quot;shutter_speed&quot;:&quot;0&quot;,&quot;title&quot;:&quot;&quot;,&quot;orientation&quot;:&quot;0&quot;,&quot;keywords&quot;:&quot;Array&quot;}\" data-image-title=\"ASPA Gua\u00edra (36)\" data-image-description=\"\" data-medium-file=\"https:\/\/www.colorado.com.br\/nosdacolorado\/wp-content\/uploads\/2023\/06\/ASPA-Gua\u00edra-36-300x200.jpg\" data-large-file=\"https:\/\/www.colorado.com.br\/nosdacolorado\/wp-content\/uploads\/2023\/06\/ASPA-Gua\u00edra-36-1024x683.jpg\" width=\"150\" height=\"150\" src=\"https:\/\/www.colorado.com.br\/nosdacolorado\/wp-content\/uploads\/2023\/06\/ASPA-Gua\u00edra-36-150x150.jpg\" class=\"attachment-thumbnail size-thumbnail\" alt=\"\" srcset=\"https:\/\/www.colorado.com.br\/nosdacolorado\/wp-content\/uploads\/2023\/06\/ASPA-Gua\u00edra-36-150x150.jpg 150w, https:\/\/www.colorado.com.br\/nosdacolorado\/wp-content\/uploads\/2023\/06\/ASPA-Gua\u00edra-36-100x100.jpg 100w, https:\/\/www.colorado.com.br\/nosdacolorado\/wp-content\/uploads\/2023\/06\/ASPA-Gua\u00edra-36-140x140.jpg 140w, https:\/\/www.colorado.com.br\/nosdacolorado\/wp-content\/uploads\/2023\/06\/ASPA-Gua\u00edra-36-500x500.jpg 500w, https:\/\/www.colorado.com.br\/nosdacolorado\/wp-content\/uploads\/2023\/06\/ASPA-Gua\u00edra-36-350x350.jpg 350w, https:\/\/www.colorado.com.br\/nosdacolorado\/wp-content\/uploads\/2023\/06\/ASPA-Gua\u00edra-36-800x800.jpg 800w\" sizes=\"auto, (max-width: 150px) 100vw, 150px\" \/><\/a>\n\t\t\t<\/dt><\/dl><dl class='gallery-item'>\n\t\t\t<dt class='gallery-icon landscape'>\n\t\t\t\t<a href='https:\/\/www.colorado.com.br\/nosdacolorado\/wp-content\/uploads\/2023\/06\/ASPA-Gua\u00edra-37.jpg'><img loading=\"lazy\" decoding=\"async\" data-attachment-id=\"20968\" data-orig-file=\"https:\/\/www.colorado.com.br\/nosdacolorado\/wp-content\/uploads\/2023\/06\/ASPA-Gua\u00edra-37.jpg\" data-orig-size=\"1206,804\" data-comments-opened=\"1\" data-image-meta=\"{&quot;aperture&quot;:&quot;0&quot;,&quot;credit&quot;:&quot;&quot;,&quot;camera&quot;:&quot;&quot;,&quot;caption&quot;:&quot;&quot;,&quot;created_timestamp&quot;:&quot;0&quot;,&quot;copyright&quot;:&quot;&quot;,&quot;focal_length&quot;:&quot;0&quot;,&quot;iso&quot;:&quot;0&quot;,&quot;shutter_speed&quot;:&quot;0&quot;,&quot;title&quot;:&quot;&quot;,&quot;orientation&quot;:&quot;0&quot;,&quot;keywords&quot;:&quot;Array&quot;}\" data-image-title=\"ASPA Gua\u00edra (37)\" data-image-description=\"\" data-medium-file=\"https:\/\/www.colorado.com.br\/nosdacolorado\/wp-content\/uploads\/2023\/06\/ASPA-Gua\u00edra-37-300x200.jpg\" data-large-file=\"https:\/\/www.colorado.com.br\/nosdacolorado\/wp-content\/uploads\/2023\/06\/ASPA-Gua\u00edra-37-1024x683.jpg\" width=\"150\" height=\"150\" src=\"https:\/\/www.colorado.com.br\/nosdacolorado\/wp-content\/uploads\/2023\/06\/ASPA-Gua\u00edra-37-150x150.jpg\" class=\"attachment-thumbnail size-thumbnail\" alt=\"\" srcset=\"https:\/\/www.colorado.com.br\/nosdacolorado\/wp-content\/uploads\/2023\/06\/ASPA-Gua\u00edra-37-150x150.jpg 150w, https:\/\/www.colorado.com.br\/nosdacolorado\/wp-content\/uploads\/2023\/06\/ASPA-Gua\u00edra-37-100x100.jpg 100w, https:\/\/www.colorado.com.br\/nosdacolorado\/wp-content\/uploads\/2023\/06\/ASPA-Gua\u00edra-37-140x140.jpg 140w, https:\/\/www.colorado.com.br\/nosdacolorado\/wp-content\/uploads\/2023\/06\/ASPA-Gua\u00edra-37-500x500.jpg 500w, https:\/\/www.colorado.com.br\/nosdacolorado\/wp-content\/uploads\/2023\/06\/ASPA-Gua\u00edra-37-350x350.jpg 350w, https:\/\/www.colorado.com.br\/nosdacolorado\/wp-content\/uploads\/2023\/06\/ASPA-Gua\u00edra-37-800x800.jpg 800w\" sizes=\"auto, (max-width: 150px) 100vw, 150px\" \/><\/a>\n\t\t\t<\/dt><\/dl><dl class='gallery-item'>\n\t\t\t<dt class='gallery-icon landscape'>\n\t\t\t\t<a href='https:\/\/www.colorado.com.br\/nosdacolorado\/wp-content\/uploads\/2023\/06\/ASPA-Gua\u00edra-38.jpg'><img loading=\"lazy\" decoding=\"async\" data-attachment-id=\"20969\" data-orig-file=\"https:\/\/www.colorado.com.br\/nosdacolorado\/wp-content\/uploads\/2023\/06\/ASPA-Gua\u00edra-38.jpg\" data-orig-size=\"1206,804\" data-comments-opened=\"1\" data-image-meta=\"{&quot;aperture&quot;:&quot;0&quot;,&quot;credit&quot;:&quot;&quot;,&quot;camera&quot;:&quot;&quot;,&quot;caption&quot;:&quot;&quot;,&quot;created_timestamp&quot;:&quot;0&quot;,&quot;copyright&quot;:&quot;&quot;,&quot;focal_length&quot;:&quot;0&quot;,&quot;iso&quot;:&quot;0&quot;,&quot;shutter_speed&quot;:&quot;0&quot;,&quot;title&quot;:&quot;&quot;,&quot;orientation&quot;:&quot;0&quot;,&quot;keywords&quot;:&quot;Array&quot;}\" data-image-title=\"ASPA Gua\u00edra (38)\" data-image-description=\"\" data-medium-file=\"https:\/\/www.colorado.com.br\/nosdacolorado\/wp-content\/uploads\/2023\/06\/ASPA-Gua\u00edra-38-300x200.jpg\" data-large-file=\"https:\/\/www.colorado.com.br\/nosdacolorado\/wp-content\/uploads\/2023\/06\/ASPA-Gua\u00edra-38-1024x683.jpg\" width=\"150\" height=\"150\" src=\"https:\/\/www.colorado.com.br\/nosdacolorado\/wp-content\/uploads\/2023\/06\/ASPA-Gua\u00edra-38-150x150.jpg\" class=\"attachment-thumbnail size-thumbnail\" alt=\"\" srcset=\"https:\/\/www.colorado.com.br\/nosdacolorado\/wp-content\/uploads\/2023\/06\/ASPA-Gua\u00edra-38-150x150.jpg 150w, https:\/\/www.colorado.com.br\/nosdacolorado\/wp-content\/uploads\/2023\/06\/ASPA-Gua\u00edra-38-100x100.jpg 100w, https:\/\/www.colorado.com.br\/nosdacolorado\/wp-content\/uploads\/2023\/06\/ASPA-Gua\u00edra-38-140x140.jpg 140w, https:\/\/www.colorado.com.br\/nosdacolorado\/wp-content\/uploads\/2023\/06\/ASPA-Gua\u00edra-38-500x500.jpg 500w, https:\/\/www.colorado.com.br\/nosdacolorado\/wp-content\/uploads\/2023\/06\/ASPA-Gua\u00edra-38-350x350.jpg 350w, https:\/\/www.colorado.com.br\/nosdacolorado\/wp-content\/uploads\/2023\/06\/ASPA-Gua\u00edra-38-800x800.jpg 800w\" sizes=\"auto, (max-width: 150px) 100vw, 150px\" \/><\/a>\n\t\t\t<\/dt><\/dl><dl class='gallery-item'>\n\t\t\t<dt class='gallery-icon landscape'>\n\t\t\t\t<a href='https:\/\/www.colorado.com.br\/nosdacolorado\/wp-content\/uploads\/2023\/06\/ASPA-Gua\u00edra-39.jpg'><img loading=\"lazy\" decoding=\"async\" data-attachment-id=\"20970\" data-orig-file=\"https:\/\/www.colorado.com.br\/nosdacolorado\/wp-content\/uploads\/2023\/06\/ASPA-Gua\u00edra-39.jpg\" data-orig-size=\"1206,804\" data-comments-opened=\"1\" data-image-meta=\"{&quot;aperture&quot;:&quot;0&quot;,&quot;credit&quot;:&quot;&quot;,&quot;camera&quot;:&quot;&quot;,&quot;caption&quot;:&quot;&quot;,&quot;created_timestamp&quot;:&quot;0&quot;,&quot;copyright&quot;:&quot;&quot;,&quot;focal_length&quot;:&quot;0&quot;,&quot;iso&quot;:&quot;0&quot;,&quot;shutter_speed&quot;:&quot;0&quot;,&quot;title&quot;:&quot;&quot;,&quot;orientation&quot;:&quot;0&quot;,&quot;keywords&quot;:&quot;Array&quot;}\" data-image-title=\"ASPA Gua\u00edra (39)\" data-image-description=\"\" data-medium-file=\"https:\/\/www.colorado.com.br\/nosdacolorado\/wp-content\/uploads\/2023\/06\/ASPA-Gua\u00edra-39-300x200.jpg\" data-large-file=\"https:\/\/www.colorado.com.br\/nosdacolorado\/wp-content\/uploads\/2023\/06\/ASPA-Gua\u00edra-39-1024x683.jpg\" width=\"150\" height=\"150\" src=\"https:\/\/www.colorado.com.br\/nosdacolorado\/wp-content\/uploads\/2023\/06\/ASPA-Gua\u00edra-39-150x150.jpg\" class=\"attachment-thumbnail size-thumbnail\" alt=\"\" srcset=\"https:\/\/www.colorado.com.br\/nosdacolorado\/wp-content\/uploads\/2023\/06\/ASPA-Gua\u00edra-39-150x150.jpg 150w, https:\/\/www.colorado.com.br\/nosdacolorado\/wp-content\/uploads\/2023\/06\/ASPA-Gua\u00edra-39-100x100.jpg 100w, https:\/\/www.colorado.com.br\/nosdacolorado\/wp-content\/uploads\/2023\/06\/ASPA-Gua\u00edra-39-140x140.jpg 140w, https:\/\/www.colorado.com.br\/nosdacolorado\/wp-content\/uploads\/2023\/06\/ASPA-Gua\u00edra-39-500x500.jpg 500w, https:\/\/www.colorado.com.br\/nosdacolorado\/wp-content\/uploads\/2023\/06\/ASPA-Gua\u00edra-39-350x350.jpg 350w, https:\/\/www.colorado.com.br\/nosdacolorado\/wp-content\/uploads\/2023\/06\/ASPA-Gua\u00edra-39-800x800.jpg 800w\" sizes=\"auto, (max-width: 150px) 100vw, 150px\" \/><\/a>\n\t\t\t<\/dt><\/dl><dl class='gallery-item'>\n\t\t\t<dt class='gallery-icon landscape'>\n\t\t\t\t<a href='https:\/\/www.colorado.com.br\/nosdacolorado\/wp-content\/uploads\/2023\/06\/ASPA-Gua\u00edra-40.jpg'><img loading=\"lazy\" decoding=\"async\" data-attachment-id=\"20971\" data-orig-file=\"https:\/\/www.colorado.com.br\/nosdacolorado\/wp-content\/uploads\/2023\/06\/ASPA-Gua\u00edra-40.jpg\" data-orig-size=\"1206,804\" data-comments-opened=\"1\" data-image-meta=\"{&quot;aperture&quot;:&quot;0&quot;,&quot;credit&quot;:&quot;&quot;,&quot;camera&quot;:&quot;&quot;,&quot;caption&quot;:&quot;&quot;,&quot;created_timestamp&quot;:&quot;0&quot;,&quot;copyright&quot;:&quot;&quot;,&quot;focal_length&quot;:&quot;0&quot;,&quot;iso&quot;:&quot;0&quot;,&quot;shutter_speed&quot;:&quot;0&quot;,&quot;title&quot;:&quot;&quot;,&quot;orientation&quot;:&quot;0&quot;,&quot;keywords&quot;:&quot;Array&quot;}\" data-image-title=\"ASPA Gua\u00edra (40)\" data-image-description=\"\" data-medium-file=\"https:\/\/www.colorado.com.br\/nosdacolorado\/wp-content\/uploads\/2023\/06\/ASPA-Gua\u00edra-40-300x200.jpg\" data-large-file=\"https:\/\/www.colorado.com.br\/nosdacolorado\/wp-content\/uploads\/2023\/06\/ASPA-Gua\u00edra-40-1024x683.jpg\" width=\"150\" height=\"150\" src=\"https:\/\/www.colorado.com.br\/nosdacolorado\/wp-content\/uploads\/2023\/06\/ASPA-Gua\u00edra-40-150x150.jpg\" class=\"attachment-thumbnail size-thumbnail\" alt=\"\" srcset=\"https:\/\/www.colorado.com.br\/nosdacolorado\/wp-content\/uploads\/2023\/06\/ASPA-Gua\u00edra-40-150x150.jpg 150w, https:\/\/www.colorado.com.br\/nosdacolorado\/wp-content\/uploads\/2023\/06\/ASPA-Gua\u00edra-40-100x100.jpg 100w, https:\/\/www.colorado.com.br\/nosdacolorado\/wp-content\/uploads\/2023\/06\/ASPA-Gua\u00edra-40-140x140.jpg 140w, https:\/\/www.colorado.com.br\/nosdacolorado\/wp-content\/uploads\/2023\/06\/ASPA-Gua\u00edra-40-500x500.jpg 500w, https:\/\/www.colorado.com.br\/nosdacolorado\/wp-content\/uploads\/2023\/06\/ASPA-Gua\u00edra-40-350x350.jpg 350w, https:\/\/www.colorado.com.br\/nosdacolorado\/wp-content\/uploads\/2023\/06\/ASPA-Gua\u00edra-40-800x800.jpg 800w\" sizes=\"auto, (max-width: 150px) 100vw, 150px\" \/><\/a>\n\t\t\t<\/dt><\/dl><br style=\"clear: both\" \/><dl class='gallery-item'>\n\t\t\t<dt class='gallery-icon portrait'>\n\t\t\t\t<a href='https:\/\/www.colorado.com.br\/nosdacolorado\/wp-content\/uploads\/2023\/06\/ASPA-Gua\u00edra-41.jpg'><img loading=\"lazy\" decoding=\"async\" data-attachment-id=\"20972\" data-orig-file=\"https:\/\/www.colorado.com.br\/nosdacolorado\/wp-content\/uploads\/2023\/06\/ASPA-Gua\u00edra-41.jpg\" data-orig-size=\"804,1206\" data-comments-opened=\"1\" data-image-meta=\"{&quot;aperture&quot;:&quot;0&quot;,&quot;credit&quot;:&quot;&quot;,&quot;camera&quot;:&quot;&quot;,&quot;caption&quot;:&quot;&quot;,&quot;created_timestamp&quot;:&quot;0&quot;,&quot;copyright&quot;:&quot;&quot;,&quot;focal_length&quot;:&quot;0&quot;,&quot;iso&quot;:&quot;0&quot;,&quot;shutter_speed&quot;:&quot;0&quot;,&quot;title&quot;:&quot;&quot;,&quot;orientation&quot;:&quot;0&quot;,&quot;keywords&quot;:&quot;Array&quot;}\" data-image-title=\"ASPA Gua\u00edra (41)\" data-image-description=\"\" data-medium-file=\"https:\/\/www.colorado.com.br\/nosdacolorado\/wp-content\/uploads\/2023\/06\/ASPA-Gua\u00edra-41-200x300.jpg\" data-large-file=\"https:\/\/www.colorado.com.br\/nosdacolorado\/wp-content\/uploads\/2023\/06\/ASPA-Gua\u00edra-41-683x1024.jpg\" width=\"150\" height=\"150\" src=\"https:\/\/www.colorado.com.br\/nosdacolorado\/wp-content\/uploads\/2023\/06\/ASPA-Gua\u00edra-41-150x150.jpg\" class=\"attachment-thumbnail size-thumbnail\" alt=\"\" srcset=\"https:\/\/www.colorado.com.br\/nosdacolorado\/wp-content\/uploads\/2023\/06\/ASPA-Gua\u00edra-41-150x150.jpg 150w, https:\/\/www.colorado.com.br\/nosdacolorado\/wp-content\/uploads\/2023\/06\/ASPA-Gua\u00edra-41-100x100.jpg 100w, https:\/\/www.colorado.com.br\/nosdacolorado\/wp-content\/uploads\/2023\/06\/ASPA-Gua\u00edra-41-140x140.jpg 140w, https:\/\/www.colorado.com.br\/nosdacolorado\/wp-content\/uploads\/2023\/06\/ASPA-Gua\u00edra-41-500x500.jpg 500w, https:\/\/www.colorado.com.br\/nosdacolorado\/wp-content\/uploads\/2023\/06\/ASPA-Gua\u00edra-41-350x350.jpg 350w, https:\/\/www.colorado.com.br\/nosdacolorado\/wp-content\/uploads\/2023\/06\/ASPA-Gua\u00edra-41-800x800.jpg 800w\" sizes=\"auto, (max-width: 150px) 100vw, 150px\" \/><\/a>\n\t\t\t<\/dt><\/dl><dl class='gallery-item'>\n\t\t\t<dt class='gallery-icon portrait'>\n\t\t\t\t<a href='https:\/\/www.colorado.com.br\/nosdacolorado\/wp-content\/uploads\/2023\/06\/ASPA-Gua\u00edra-42.jpg'><img loading=\"lazy\" decoding=\"async\" data-attachment-id=\"20973\" data-orig-file=\"https:\/\/www.colorado.com.br\/nosdacolorado\/wp-content\/uploads\/2023\/06\/ASPA-Gua\u00edra-42.jpg\" data-orig-size=\"804,1206\" data-comments-opened=\"1\" data-image-meta=\"{&quot;aperture&quot;:&quot;0&quot;,&quot;credit&quot;:&quot;&quot;,&quot;camera&quot;:&quot;&quot;,&quot;caption&quot;:&quot;&quot;,&quot;created_timestamp&quot;:&quot;0&quot;,&quot;copyright&quot;:&quot;&quot;,&quot;focal_length&quot;:&quot;0&quot;,&quot;iso&quot;:&quot;0&quot;,&quot;shutter_speed&quot;:&quot;0&quot;,&quot;title&quot;:&quot;&quot;,&quot;orientation&quot;:&quot;0&quot;,&quot;keywords&quot;:&quot;Array&quot;}\" data-image-title=\"ASPA Gua\u00edra (42)\" data-image-description=\"\" data-medium-file=\"https:\/\/www.colorado.com.br\/nosdacolorado\/wp-content\/uploads\/2023\/06\/ASPA-Gua\u00edra-42-200x300.jpg\" data-large-file=\"https:\/\/www.colorado.com.br\/nosdacolorado\/wp-content\/uploads\/2023\/06\/ASPA-Gua\u00edra-42-683x1024.jpg\" width=\"150\" height=\"150\" src=\"https:\/\/www.colorado.com.br\/nosdacolorado\/wp-content\/uploads\/2023\/06\/ASPA-Gua\u00edra-42-150x150.jpg\" class=\"attachment-thumbnail size-thumbnail\" alt=\"\" srcset=\"https:\/\/www.colorado.com.br\/nosdacolorado\/wp-content\/uploads\/2023\/06\/ASPA-Gua\u00edra-42-150x150.jpg 150w, https:\/\/www.colorado.com.br\/nosdacolorado\/wp-content\/uploads\/2023\/06\/ASPA-Gua\u00edra-42-100x100.jpg 100w, https:\/\/www.colorado.com.br\/nosdacolorado\/wp-content\/uploads\/2023\/06\/ASPA-Gua\u00edra-42-140x140.jpg 140w, https:\/\/www.colorado.com.br\/nosdacolorado\/wp-content\/uploads\/2023\/06\/ASPA-Gua\u00edra-42-500x500.jpg 500w, https:\/\/www.colorado.com.br\/nosdacolorado\/wp-content\/uploads\/2023\/06\/ASPA-Gua\u00edra-42-350x350.jpg 350w, https:\/\/www.colorado.com.br\/nosdacolorado\/wp-content\/uploads\/2023\/06\/ASPA-Gua\u00edra-42-800x800.jpg 800w\" sizes=\"auto, (max-width: 150px) 100vw, 150px\" \/><\/a>\n\t\t\t<\/dt><\/dl><dl class='gallery-item'>\n\t\t\t<dt class='gallery-icon landscape'>\n\t\t\t\t<a href='https:\/\/www.colorado.com.br\/nosdacolorado\/wp-content\/uploads\/2023\/06\/ASPA-Gua\u00edra-43.jpg'><img loading=\"lazy\" decoding=\"async\" data-attachment-id=\"20974\" data-orig-file=\"https:\/\/www.colorado.com.br\/nosdacolorado\/wp-content\/uploads\/2023\/06\/ASPA-Gua\u00edra-43.jpg\" data-orig-size=\"1206,804\" data-comments-opened=\"1\" data-image-meta=\"{&quot;aperture&quot;:&quot;0&quot;,&quot;credit&quot;:&quot;&quot;,&quot;camera&quot;:&quot;&quot;,&quot;caption&quot;:&quot;&quot;,&quot;created_timestamp&quot;:&quot;0&quot;,&quot;copyright&quot;:&quot;&quot;,&quot;focal_length&quot;:&quot;0&quot;,&quot;iso&quot;:&quot;0&quot;,&quot;shutter_speed&quot;:&quot;0&quot;,&quot;title&quot;:&quot;&quot;,&quot;orientation&quot;:&quot;0&quot;,&quot;keywords&quot;:&quot;Array&quot;}\" data-image-title=\"ASPA Gua\u00edra (43)\" data-image-description=\"\" data-medium-file=\"https:\/\/www.colorado.com.br\/nosdacolorado\/wp-content\/uploads\/2023\/06\/ASPA-Gua\u00edra-43-300x200.jpg\" data-large-file=\"https:\/\/www.colorado.com.br\/nosdacolorado\/wp-content\/uploads\/2023\/06\/ASPA-Gua\u00edra-43-1024x683.jpg\" width=\"150\" height=\"150\" src=\"https:\/\/www.colorado.com.br\/nosdacolorado\/wp-content\/uploads\/2023\/06\/ASPA-Gua\u00edra-43-150x150.jpg\" class=\"attachment-thumbnail size-thumbnail\" alt=\"\" srcset=\"https:\/\/www.colorado.com.br\/nosdacolorado\/wp-content\/uploads\/2023\/06\/ASPA-Gua\u00edra-43-150x150.jpg 150w, https:\/\/www.colorado.com.br\/nosdacolorado\/wp-content\/uploads\/2023\/06\/ASPA-Gua\u00edra-43-100x100.jpg 100w, https:\/\/www.colorado.com.br\/nosdacolorado\/wp-content\/uploads\/2023\/06\/ASPA-Gua\u00edra-43-140x140.jpg 140w, https:\/\/www.colorado.com.br\/nosdacolorado\/wp-content\/uploads\/2023\/06\/ASPA-Gua\u00edra-43-500x500.jpg 500w, https:\/\/www.colorado.com.br\/nosdacolorado\/wp-content\/uploads\/2023\/06\/ASPA-Gua\u00edra-43-350x350.jpg 350w, https:\/\/www.colorado.com.br\/nosdacolorado\/wp-content\/uploads\/2023\/06\/ASPA-Gua\u00edra-43-800x800.jpg 800w\" sizes=\"auto, (max-width: 150px) 100vw, 150px\" \/><\/a>\n\t\t\t<\/dt><\/dl><dl class='gallery-item'>\n\t\t\t<dt class='gallery-icon landscape'>\n\t\t\t\t<a href='https:\/\/www.colorado.com.br\/nosdacolorado\/wp-content\/uploads\/2023\/06\/ASPA-Gua\u00edra-44.jpg'><img loading=\"lazy\" decoding=\"async\" data-attachment-id=\"20975\" data-orig-file=\"https:\/\/www.colorado.com.br\/nosdacolorado\/wp-content\/uploads\/2023\/06\/ASPA-Gua\u00edra-44.jpg\" data-orig-size=\"1206,804\" data-comments-opened=\"1\" data-image-meta=\"{&quot;aperture&quot;:&quot;0&quot;,&quot;credit&quot;:&quot;&quot;,&quot;camera&quot;:&quot;&quot;,&quot;caption&quot;:&quot;&quot;,&quot;created_timestamp&quot;:&quot;0&quot;,&quot;copyright&quot;:&quot;&quot;,&quot;focal_length&quot;:&quot;0&quot;,&quot;iso&quot;:&quot;0&quot;,&quot;shutter_speed&quot;:&quot;0&quot;,&quot;title&quot;:&quot;&quot;,&quot;orientation&quot;:&quot;0&quot;,&quot;keywords&quot;:&quot;Array&quot;}\" data-image-title=\"ASPA Gua\u00edra (44)\" data-image-description=\"\" data-medium-file=\"https:\/\/www.colorado.com.br\/nosdacolorado\/wp-content\/uploads\/2023\/06\/ASPA-Gua\u00edra-44-300x200.jpg\" data-large-file=\"https:\/\/www.colorado.com.br\/nosdacolorado\/wp-content\/uploads\/2023\/06\/ASPA-Gua\u00edra-44-1024x683.jpg\" width=\"150\" height=\"150\" src=\"https:\/\/www.colorado.com.br\/nosdacolorado\/wp-content\/uploads\/2023\/06\/ASPA-Gua\u00edra-44-150x150.jpg\" class=\"attachment-thumbnail size-thumbnail\" alt=\"\" srcset=\"https:\/\/www.colorado.com.br\/nosdacolorado\/wp-content\/uploads\/2023\/06\/ASPA-Gua\u00edra-44-150x150.jpg 150w, https:\/\/www.colorado.com.br\/nosdacolorado\/wp-content\/uploads\/2023\/06\/ASPA-Gua\u00edra-44-100x100.jpg 100w, https:\/\/www.colorado.com.br\/nosdacolorado\/wp-content\/uploads\/2023\/06\/ASPA-Gua\u00edra-44-140x140.jpg 140w, https:\/\/www.colorado.com.br\/nosdacolorado\/wp-content\/uploads\/2023\/06\/ASPA-Gua\u00edra-44-500x500.jpg 500w, https:\/\/www.colorado.com.br\/nosdacolorado\/wp-content\/uploads\/2023\/06\/ASPA-Gua\u00edra-44-350x350.jpg 350w, https:\/\/www.colorado.com.br\/nosdacolorado\/wp-content\/uploads\/2023\/06\/ASPA-Gua\u00edra-44-800x800.jpg 800w\" sizes=\"auto, (max-width: 150px) 100vw, 150px\" \/><\/a>\n\t\t\t<\/dt><\/dl><dl class='gallery-item'>\n\t\t\t<dt class='gallery-icon portrait'>\n\t\t\t\t<a href='https:\/\/www.colorado.com.br\/nosdacolorado\/wp-content\/uploads\/2023\/06\/ASPA-Gua\u00edra-45.jpg'><img loading=\"lazy\" decoding=\"async\" data-attachment-id=\"20976\" data-orig-file=\"https:\/\/www.colorado.com.br\/nosdacolorado\/wp-content\/uploads\/2023\/06\/ASPA-Gua\u00edra-45.jpg\" data-orig-size=\"804,1206\" data-comments-opened=\"1\" data-image-meta=\"{&quot;aperture&quot;:&quot;0&quot;,&quot;credit&quot;:&quot;&quot;,&quot;camera&quot;:&quot;&quot;,&quot;caption&quot;:&quot;&quot;,&quot;created_timestamp&quot;:&quot;0&quot;,&quot;copyright&quot;:&quot;&quot;,&quot;focal_length&quot;:&quot;0&quot;,&quot;iso&quot;:&quot;0&quot;,&quot;shutter_speed&quot;:&quot;0&quot;,&quot;title&quot;:&quot;&quot;,&quot;orientation&quot;:&quot;0&quot;,&quot;keywords&quot;:&quot;Array&quot;}\" data-image-title=\"ASPA Gua\u00edra (45)\" data-image-description=\"\" data-medium-file=\"https:\/\/www.colorado.com.br\/nosdacolorado\/wp-content\/uploads\/2023\/06\/ASPA-Gua\u00edra-45-200x300.jpg\" data-large-file=\"https:\/\/www.colorado.com.br\/nosdacolorado\/wp-content\/uploads\/2023\/06\/ASPA-Gua\u00edra-45-683x1024.jpg\" width=\"150\" height=\"150\" src=\"https:\/\/www.colorado.com.br\/nosdacolorado\/wp-content\/uploads\/2023\/06\/ASPA-Gua\u00edra-45-150x150.jpg\" class=\"attachment-thumbnail size-thumbnail\" alt=\"\" srcset=\"https:\/\/www.colorado.com.br\/nosdacolorado\/wp-content\/uploads\/2023\/06\/ASPA-Gua\u00edra-45-150x150.jpg 150w, https:\/\/www.colorado.com.br\/nosdacolorado\/wp-content\/uploads\/2023\/06\/ASPA-Gua\u00edra-45-100x100.jpg 100w, https:\/\/www.colorado.com.br\/nosdacolorado\/wp-content\/uploads\/2023\/06\/ASPA-Gua\u00edra-45-140x140.jpg 140w, https:\/\/www.colorado.com.br\/nosdacolorado\/wp-content\/uploads\/2023\/06\/ASPA-Gua\u00edra-45-500x500.jpg 500w, https:\/\/www.colorado.com.br\/nosdacolorado\/wp-content\/uploads\/2023\/06\/ASPA-Gua\u00edra-45-350x350.jpg 350w, https:\/\/www.colorado.com.br\/nosdacolorado\/wp-content\/uploads\/2023\/06\/ASPA-Gua\u00edra-45-800x800.jpg 800w\" sizes=\"auto, (max-width: 150px) 100vw, 150px\" \/><\/a>\n\t\t\t<\/dt><\/dl><br style=\"clear: both\" \/><dl class='gallery-item'>\n\t\t\t<dt class='gallery-icon portrait'>\n\t\t\t\t<a href='https:\/\/www.colorado.com.br\/nosdacolorado\/wp-content\/uploads\/2023\/06\/ASPA-Gua\u00edra-46.jpg'><img loading=\"lazy\" decoding=\"async\" data-attachment-id=\"20977\" data-orig-file=\"https:\/\/www.colorado.com.br\/nosdacolorado\/wp-content\/uploads\/2023\/06\/ASPA-Gua\u00edra-46.jpg\" data-orig-size=\"804,1206\" data-comments-opened=\"1\" data-image-meta=\"{&quot;aperture&quot;:&quot;0&quot;,&quot;credit&quot;:&quot;&quot;,&quot;camera&quot;:&quot;&quot;,&quot;caption&quot;:&quot;&quot;,&quot;created_timestamp&quot;:&quot;0&quot;,&quot;copyright&quot;:&quot;&quot;,&quot;focal_length&quot;:&quot;0&quot;,&quot;iso&quot;:&quot;0&quot;,&quot;shutter_speed&quot;:&quot;0&quot;,&quot;title&quot;:&quot;&quot;,&quot;orientation&quot;:&quot;0&quot;,&quot;keywords&quot;:&quot;Array&quot;}\" data-image-title=\"ASPA Gua\u00edra (46)\" data-image-description=\"\" data-medium-file=\"https:\/\/www.colorado.com.br\/nosdacolorado\/wp-content\/uploads\/2023\/06\/ASPA-Gua\u00edra-46-200x300.jpg\" data-large-file=\"https:\/\/www.colorado.com.br\/nosdacolorado\/wp-content\/uploads\/2023\/06\/ASPA-Gua\u00edra-46-683x1024.jpg\" width=\"150\" height=\"150\" src=\"https:\/\/www.colorado.com.br\/nosdacolorado\/wp-content\/uploads\/2023\/06\/ASPA-Gua\u00edra-46-150x150.jpg\" class=\"attachment-thumbnail size-thumbnail\" alt=\"\" srcset=\"https:\/\/www.colorado.com.br\/nosdacolorado\/wp-content\/uploads\/2023\/06\/ASPA-Gua\u00edra-46-150x150.jpg 150w, https:\/\/www.colorado.com.br\/nosdacolorado\/wp-content\/uploads\/2023\/06\/ASPA-Gua\u00edra-46-100x100.jpg 100w, https:\/\/www.colorado.com.br\/nosdacolorado\/wp-content\/uploads\/2023\/06\/ASPA-Gua\u00edra-46-140x140.jpg 140w, https:\/\/www.colorado.com.br\/nosdacolorado\/wp-content\/uploads\/2023\/06\/ASPA-Gua\u00edra-46-500x500.jpg 500w, https:\/\/www.colorado.com.br\/nosdacolorado\/wp-content\/uploads\/2023\/06\/ASPA-Gua\u00edra-46-350x350.jpg 350w, https:\/\/www.colorado.com.br\/nosdacolorado\/wp-content\/uploads\/2023\/06\/ASPA-Gua\u00edra-46-800x800.jpg 800w\" sizes=\"auto, (max-width: 150px) 100vw, 150px\" \/><\/a>\n\t\t\t<\/dt><\/dl><dl class='gallery-item'>\n\t\t\t<dt class='gallery-icon landscape'>\n\t\t\t\t<a href='https:\/\/www.colorado.com.br\/nosdacolorado\/wp-content\/uploads\/2023\/06\/ASPA-Gua\u00edra-47.jpg'><img loading=\"lazy\" decoding=\"async\" data-attachment-id=\"20978\" data-orig-file=\"https:\/\/www.colorado.com.br\/nosdacolorado\/wp-content\/uploads\/2023\/06\/ASPA-Gua\u00edra-47.jpg\" data-orig-size=\"1206,804\" data-comments-opened=\"1\" data-image-meta=\"{&quot;aperture&quot;:&quot;0&quot;,&quot;credit&quot;:&quot;&quot;,&quot;camera&quot;:&quot;&quot;,&quot;caption&quot;:&quot;&quot;,&quot;created_timestamp&quot;:&quot;0&quot;,&quot;copyright&quot;:&quot;&quot;,&quot;focal_length&quot;:&quot;0&quot;,&quot;iso&quot;:&quot;0&quot;,&quot;shutter_speed&quot;:&quot;0&quot;,&quot;title&quot;:&quot;&quot;,&quot;orientation&quot;:&quot;0&quot;,&quot;keywords&quot;:&quot;Array&quot;}\" data-image-title=\"ASPA Gua\u00edra (47)\" data-image-description=\"\" data-medium-file=\"https:\/\/www.colorado.com.br\/nosdacolorado\/wp-content\/uploads\/2023\/06\/ASPA-Gua\u00edra-47-300x200.jpg\" data-large-file=\"https:\/\/www.colorado.com.br\/nosdacolorado\/wp-content\/uploads\/2023\/06\/ASPA-Gua\u00edra-47-1024x683.jpg\" width=\"150\" height=\"150\" src=\"https:\/\/www.colorado.com.br\/nosdacolorado\/wp-content\/uploads\/2023\/06\/ASPA-Gua\u00edra-47-150x150.jpg\" class=\"attachment-thumbnail size-thumbnail\" alt=\"\" srcset=\"https:\/\/www.colorado.com.br\/nosdacolorado\/wp-content\/uploads\/2023\/06\/ASPA-Gua\u00edra-47-150x150.jpg 150w, https:\/\/www.colorado.com.br\/nosdacolorado\/wp-content\/uploads\/2023\/06\/ASPA-Gua\u00edra-47-100x100.jpg 100w, https:\/\/www.colorado.com.br\/nosdacolorado\/wp-content\/uploads\/2023\/06\/ASPA-Gua\u00edra-47-140x140.jpg 140w, https:\/\/www.colorado.com.br\/nosdacolorado\/wp-content\/uploads\/2023\/06\/ASPA-Gua\u00edra-47-500x500.jpg 500w, https:\/\/www.colorado.com.br\/nosdacolorado\/wp-content\/uploads\/2023\/06\/ASPA-Gua\u00edra-47-350x350.jpg 350w, https:\/\/www.colorado.com.br\/nosdacolorado\/wp-content\/uploads\/2023\/06\/ASPA-Gua\u00edra-47-800x800.jpg 800w\" sizes=\"auto, (max-width: 150px) 100vw, 150px\" \/><\/a>\n\t\t\t<\/dt><\/dl><dl class='gallery-item'>\n\t\t\t<dt class='gallery-icon landscape'>\n\t\t\t\t<a href='https:\/\/www.colorado.com.br\/nosdacolorado\/wp-content\/uploads\/2023\/06\/ASPA-Gua\u00edra-48.jpg'><img loading=\"lazy\" decoding=\"async\" data-attachment-id=\"20979\" data-orig-file=\"https:\/\/www.colorado.com.br\/nosdacolorado\/wp-content\/uploads\/2023\/06\/ASPA-Gua\u00edra-48.jpg\" data-orig-size=\"1206,804\" data-comments-opened=\"1\" data-image-meta=\"{&quot;aperture&quot;:&quot;0&quot;,&quot;credit&quot;:&quot;&quot;,&quot;camera&quot;:&quot;&quot;,&quot;caption&quot;:&quot;&quot;,&quot;created_timestamp&quot;:&quot;0&quot;,&quot;copyright&quot;:&quot;&quot;,&quot;focal_length&quot;:&quot;0&quot;,&quot;iso&quot;:&quot;0&quot;,&quot;shutter_speed&quot;:&quot;0&quot;,&quot;title&quot;:&quot;&quot;,&quot;orientation&quot;:&quot;0&quot;,&quot;keywords&quot;:&quot;Array&quot;}\" data-image-title=\"ASPA Gua\u00edra (48)\" data-image-description=\"\" data-medium-file=\"https:\/\/www.colorado.com.br\/nosdacolorado\/wp-content\/uploads\/2023\/06\/ASPA-Gua\u00edra-48-300x200.jpg\" data-large-file=\"https:\/\/www.colorado.com.br\/nosdacolorado\/wp-content\/uploads\/2023\/06\/ASPA-Gua\u00edra-48-1024x683.jpg\" width=\"150\" height=\"150\" src=\"https:\/\/www.colorado.com.br\/nosdacolorado\/wp-content\/uploads\/2023\/06\/ASPA-Gua\u00edra-48-150x150.jpg\" class=\"attachment-thumbnail size-thumbnail\" alt=\"\" srcset=\"https:\/\/www.colorado.com.br\/nosdacolorado\/wp-content\/uploads\/2023\/06\/ASPA-Gua\u00edra-48-150x150.jpg 150w, https:\/\/www.colorado.com.br\/nosdacolorado\/wp-content\/uploads\/2023\/06\/ASPA-Gua\u00edra-48-100x100.jpg 100w, https:\/\/www.colorado.com.br\/nosdacolorado\/wp-content\/uploads\/2023\/06\/ASPA-Gua\u00edra-48-140x140.jpg 140w, https:\/\/www.colorado.com.br\/nosdacolorado\/wp-content\/uploads\/2023\/06\/ASPA-Gua\u00edra-48-500x500.jpg 500w, https:\/\/www.colorado.com.br\/nosdacolorado\/wp-content\/uploads\/2023\/06\/ASPA-Gua\u00edra-48-350x350.jpg 350w, https:\/\/www.colorado.com.br\/nosdacolorado\/wp-content\/uploads\/2023\/06\/ASPA-Gua\u00edra-48-800x800.jpg 800w\" sizes=\"auto, (max-width: 150px) 100vw, 150px\" \/><\/a>\n\t\t\t<\/dt><\/dl><dl class='gallery-item'>\n\t\t\t<dt class='gallery-icon portrait'>\n\t\t\t\t<a href='https:\/\/www.colorado.com.br\/nosdacolorado\/wp-content\/uploads\/2023\/06\/ASPA-Gua\u00edra-49.jpg'><img loading=\"lazy\" decoding=\"async\" data-attachment-id=\"20980\" data-orig-file=\"https:\/\/www.colorado.com.br\/nosdacolorado\/wp-content\/uploads\/2023\/06\/ASPA-Gua\u00edra-49.jpg\" data-orig-size=\"804,1206\" data-comments-opened=\"1\" data-image-meta=\"{&quot;aperture&quot;:&quot;0&quot;,&quot;credit&quot;:&quot;&quot;,&quot;camera&quot;:&quot;&quot;,&quot;caption&quot;:&quot;&quot;,&quot;created_timestamp&quot;:&quot;0&quot;,&quot;copyright&quot;:&quot;&quot;,&quot;focal_length&quot;:&quot;0&quot;,&quot;iso&quot;:&quot;0&quot;,&quot;shutter_speed&quot;:&quot;0&quot;,&quot;title&quot;:&quot;&quot;,&quot;orientation&quot;:&quot;0&quot;,&quot;keywords&quot;:&quot;Array&quot;}\" data-image-title=\"ASPA Gua\u00edra (49)\" data-image-description=\"\" data-medium-file=\"https:\/\/www.colorado.com.br\/nosdacolorado\/wp-content\/uploads\/2023\/06\/ASPA-Gua\u00edra-49-200x300.jpg\" data-large-file=\"https:\/\/www.colorado.com.br\/nosdacolorado\/wp-content\/uploads\/2023\/06\/ASPA-Gua\u00edra-49-683x1024.jpg\" width=\"150\" height=\"150\" src=\"https:\/\/www.colorado.com.br\/nosdacolorado\/wp-content\/uploads\/2023\/06\/ASPA-Gua\u00edra-49-150x150.jpg\" class=\"attachment-thumbnail size-thumbnail\" alt=\"\" srcset=\"https:\/\/www.colorado.com.br\/nosdacolorado\/wp-content\/uploads\/2023\/06\/ASPA-Gua\u00edra-49-150x150.jpg 150w, https:\/\/www.colorado.com.br\/nosdacolorado\/wp-content\/uploads\/2023\/06\/ASPA-Gua\u00edra-49-100x100.jpg 100w, https:\/\/www.colorado.com.br\/nosdacolorado\/wp-content\/uploads\/2023\/06\/ASPA-Gua\u00edra-49-140x140.jpg 140w, https:\/\/www.colorado.com.br\/nosdacolorado\/wp-content\/uploads\/2023\/06\/ASPA-Gua\u00edra-49-500x500.jpg 500w, https:\/\/www.colorado.com.br\/nosdacolorado\/wp-content\/uploads\/2023\/06\/ASPA-Gua\u00edra-49-350x350.jpg 350w, https:\/\/www.colorado.com.br\/nosdacolorado\/wp-content\/uploads\/2023\/06\/ASPA-Gua\u00edra-49-800x800.jpg 800w\" sizes=\"auto, (max-width: 150px) 100vw, 150px\" \/><\/a>\n\t\t\t<\/dt><\/dl><dl class='gallery-item'>\n\t\t\t<dt class='gallery-icon portrait'>\n\t\t\t\t<a href='https:\/\/www.colorado.com.br\/nosdacolorado\/wp-content\/uploads\/2023\/06\/ASPA-Gua\u00edra-50.jpg'><img loading=\"lazy\" decoding=\"async\" data-attachment-id=\"20981\" data-orig-file=\"https:\/\/www.colorado.com.br\/nosdacolorado\/wp-content\/uploads\/2023\/06\/ASPA-Gua\u00edra-50.jpg\" data-orig-size=\"804,1206\" data-comments-opened=\"1\" data-image-meta=\"{&quot;aperture&quot;:&quot;0&quot;,&quot;credit&quot;:&quot;&quot;,&quot;camera&quot;:&quot;&quot;,&quot;caption&quot;:&quot;&quot;,&quot;created_timestamp&quot;:&quot;0&quot;,&quot;copyright&quot;:&quot;&quot;,&quot;focal_length&quot;:&quot;0&quot;,&quot;iso&quot;:&quot;0&quot;,&quot;shutter_speed&quot;:&quot;0&quot;,&quot;title&quot;:&quot;&quot;,&quot;orientation&quot;:&quot;0&quot;,&quot;keywords&quot;:&quot;Array&quot;}\" data-image-title=\"ASPA Gua\u00edra (50)\" data-image-description=\"\" data-medium-file=\"https:\/\/www.colorado.com.br\/nosdacolorado\/wp-content\/uploads\/2023\/06\/ASPA-Gua\u00edra-50-200x300.jpg\" data-large-file=\"https:\/\/www.colorado.com.br\/nosdacolorado\/wp-content\/uploads\/2023\/06\/ASPA-Gua\u00edra-50-683x1024.jpg\" width=\"150\" height=\"150\" src=\"https:\/\/www.colorado.com.br\/nosdacolorado\/wp-content\/uploads\/2023\/06\/ASPA-Gua\u00edra-50-150x150.jpg\" class=\"attachment-thumbnail size-thumbnail\" alt=\"\" srcset=\"https:\/\/www.colorado.com.br\/nosdacolorado\/wp-content\/uploads\/2023\/06\/ASPA-Gua\u00edra-50-150x150.jpg 150w, https:\/\/www.colorado.com.br\/nosdacolorado\/wp-content\/uploads\/2023\/06\/ASPA-Gua\u00edra-50-100x100.jpg 100w, https:\/\/www.colorado.com.br\/nosdacolorado\/wp-content\/uploads\/2023\/06\/ASPA-Gua\u00edra-50-140x140.jpg 140w, https:\/\/www.colorado.com.br\/nosdacolorado\/wp-content\/uploads\/2023\/06\/ASPA-Gua\u00edra-50-500x500.jpg 500w, https:\/\/www.colorado.com.br\/nosdacolorado\/wp-content\/uploads\/2023\/06\/ASPA-Gua\u00edra-50-350x350.jpg 350w, https:\/\/www.colorado.com.br\/nosdacolorado\/wp-content\/uploads\/2023\/06\/ASPA-Gua\u00edra-50-800x800.jpg 800w\" sizes=\"auto, (max-width: 150px) 100vw, 150px\" \/><\/a>\n\t\t\t<\/dt><\/dl><br style=\"clear: both\" \/><dl class='gallery-item'>\n\t\t\t<dt class='gallery-icon portrait'>\n\t\t\t\t<a href='https:\/\/www.colorado.com.br\/nosdacolorado\/wp-content\/uploads\/2023\/06\/ASPA-Gua\u00edra-51.jpg'><img loading=\"lazy\" decoding=\"async\" data-attachment-id=\"20982\" data-orig-file=\"https:\/\/www.colorado.com.br\/nosdacolorado\/wp-content\/uploads\/2023\/06\/ASPA-Gua\u00edra-51.jpg\" data-orig-size=\"804,1206\" data-comments-opened=\"1\" data-image-meta=\"{&quot;aperture&quot;:&quot;0&quot;,&quot;credit&quot;:&quot;&quot;,&quot;camera&quot;:&quot;&quot;,&quot;caption&quot;:&quot;&quot;,&quot;created_timestamp&quot;:&quot;0&quot;,&quot;copyright&quot;:&quot;&quot;,&quot;focal_length&quot;:&quot;0&quot;,&quot;iso&quot;:&quot;0&quot;,&quot;shutter_speed&quot;:&quot;0&quot;,&quot;title&quot;:&quot;&quot;,&quot;orientation&quot;:&quot;0&quot;,&quot;keywords&quot;:&quot;Array&quot;}\" data-image-title=\"ASPA Gua\u00edra (51)\" data-image-description=\"\" data-medium-file=\"https:\/\/www.colorado.com.br\/nosdacolorado\/wp-content\/uploads\/2023\/06\/ASPA-Gua\u00edra-51-200x300.jpg\" data-large-file=\"https:\/\/www.colorado.com.br\/nosdacolorado\/wp-content\/uploads\/2023\/06\/ASPA-Gua\u00edra-51-683x1024.jpg\" width=\"150\" height=\"150\" src=\"https:\/\/www.colorado.com.br\/nosdacolorado\/wp-content\/uploads\/2023\/06\/ASPA-Gua\u00edra-51-150x150.jpg\" class=\"attachment-thumbnail size-thumbnail\" alt=\"\" srcset=\"https:\/\/www.colorado.com.br\/nosdacolorado\/wp-content\/uploads\/2023\/06\/ASPA-Gua\u00edra-51-150x150.jpg 150w, https:\/\/www.colorado.com.br\/nosdacolorado\/wp-content\/uploads\/2023\/06\/ASPA-Gua\u00edra-51-100x100.jpg 100w, https:\/\/www.colorado.com.br\/nosdacolorado\/wp-content\/uploads\/2023\/06\/ASPA-Gua\u00edra-51-140x140.jpg 140w, https:\/\/www.colorado.com.br\/nosdacolorado\/wp-content\/uploads\/2023\/06\/ASPA-Gua\u00edra-51-500x500.jpg 500w, https:\/\/www.colorado.com.br\/nosdacolorado\/wp-content\/uploads\/2023\/06\/ASPA-Gua\u00edra-51-350x350.jpg 350w, https:\/\/www.colorado.com.br\/nosdacolorado\/wp-content\/uploads\/2023\/06\/ASPA-Gua\u00edra-51-800x800.jpg 800w\" sizes=\"auto, (max-width: 150px) 100vw, 150px\" \/><\/a>\n\t\t\t<\/dt><\/dl><dl class='gallery-item'>\n\t\t\t<dt class='gallery-icon portrait'>\n\t\t\t\t<a href='https:\/\/www.colorado.com.br\/nosdacolorado\/wp-content\/uploads\/2023\/06\/ASPA-Gua\u00edra-52.jpg'><img loading=\"lazy\" decoding=\"async\" data-attachment-id=\"20983\" data-orig-file=\"https:\/\/www.colorado.com.br\/nosdacolorado\/wp-content\/uploads\/2023\/06\/ASPA-Gua\u00edra-52.jpg\" data-orig-size=\"804,1206\" data-comments-opened=\"1\" data-image-meta=\"{&quot;aperture&quot;:&quot;0&quot;,&quot;credit&quot;:&quot;&quot;,&quot;camera&quot;:&quot;&quot;,&quot;caption&quot;:&quot;&quot;,&quot;created_timestamp&quot;:&quot;0&quot;,&quot;copyright&quot;:&quot;&quot;,&quot;focal_length&quot;:&quot;0&quot;,&quot;iso&quot;:&quot;0&quot;,&quot;shutter_speed&quot;:&quot;0&quot;,&quot;title&quot;:&quot;&quot;,&quot;orientation&quot;:&quot;0&quot;,&quot;keywords&quot;:&quot;Array&quot;}\" data-image-title=\"ASPA Gua\u00edra (52)\" data-image-description=\"\" data-medium-file=\"https:\/\/www.colorado.com.br\/nosdacolorado\/wp-content\/uploads\/2023\/06\/ASPA-Gua\u00edra-52-200x300.jpg\" data-large-file=\"https:\/\/www.colorado.com.br\/nosdacolorado\/wp-content\/uploads\/2023\/06\/ASPA-Gua\u00edra-52-683x1024.jpg\" width=\"150\" height=\"150\" src=\"https:\/\/www.colorado.com.br\/nosdacolorado\/wp-content\/uploads\/2023\/06\/ASPA-Gua\u00edra-52-150x150.jpg\" class=\"attachment-thumbnail size-thumbnail\" alt=\"\" srcset=\"https:\/\/www.colorado.com.br\/nosdacolorado\/wp-content\/uploads\/2023\/06\/ASPA-Gua\u00edra-52-150x150.jpg 150w, https:\/\/www.colorado.com.br\/nosdacolorado\/wp-content\/uploads\/2023\/06\/ASPA-Gua\u00edra-52-100x100.jpg 100w, https:\/\/www.colorado.com.br\/nosdacolorado\/wp-content\/uploads\/2023\/06\/ASPA-Gua\u00edra-52-140x140.jpg 140w, https:\/\/www.colorado.com.br\/nosdacolorado\/wp-content\/uploads\/2023\/06\/ASPA-Gua\u00edra-52-500x500.jpg 500w, https:\/\/www.colorado.com.br\/nosdacolorado\/wp-content\/uploads\/2023\/06\/ASPA-Gua\u00edra-52-350x350.jpg 350w, https:\/\/www.colorado.com.br\/nosdacolorado\/wp-content\/uploads\/2023\/06\/ASPA-Gua\u00edra-52-800x800.jpg 800w\" sizes=\"auto, (max-width: 150px) 100vw, 150px\" \/><\/a>\n\t\t\t<\/dt><\/dl><dl class='gallery-item'>\n\t\t\t<dt class='gallery-icon landscape'>\n\t\t\t\t<a href='https:\/\/www.colorado.com.br\/nosdacolorado\/wp-content\/uploads\/2023\/06\/ASPA-Gua\u00edra-53.jpg'><img loading=\"lazy\" decoding=\"async\" data-attachment-id=\"20984\" data-orig-file=\"https:\/\/www.colorado.com.br\/nosdacolorado\/wp-content\/uploads\/2023\/06\/ASPA-Gua\u00edra-53.jpg\" data-orig-size=\"1206,804\" data-comments-opened=\"1\" data-image-meta=\"{&quot;aperture&quot;:&quot;0&quot;,&quot;credit&quot;:&quot;&quot;,&quot;camera&quot;:&quot;&quot;,&quot;caption&quot;:&quot;&quot;,&quot;created_timestamp&quot;:&quot;0&quot;,&quot;copyright&quot;:&quot;&quot;,&quot;focal_length&quot;:&quot;0&quot;,&quot;iso&quot;:&quot;0&quot;,&quot;shutter_speed&quot;:&quot;0&quot;,&quot;title&quot;:&quot;&quot;,&quot;orientation&quot;:&quot;0&quot;,&quot;keywords&quot;:&quot;Array&quot;}\" data-image-title=\"ASPA Gua\u00edra (53)\" data-image-description=\"\" data-medium-file=\"https:\/\/www.colorado.com.br\/nosdacolorado\/wp-content\/uploads\/2023\/06\/ASPA-Gua\u00edra-53-300x200.jpg\" data-large-file=\"https:\/\/www.colorado.com.br\/nosdacolorado\/wp-content\/uploads\/2023\/06\/ASPA-Gua\u00edra-53-1024x683.jpg\" width=\"150\" height=\"150\" src=\"https:\/\/www.colorado.com.br\/nosdacolorado\/wp-content\/uploads\/2023\/06\/ASPA-Gua\u00edra-53-150x150.jpg\" class=\"attachment-thumbnail size-thumbnail\" alt=\"\" srcset=\"https:\/\/www.colorado.com.br\/nosdacolorado\/wp-content\/uploads\/2023\/06\/ASPA-Gua\u00edra-53-150x150.jpg 150w, https:\/\/www.colorado.com.br\/nosdacolorado\/wp-content\/uploads\/2023\/06\/ASPA-Gua\u00edra-53-100x100.jpg 100w, https:\/\/www.colorado.com.br\/nosdacolorado\/wp-content\/uploads\/2023\/06\/ASPA-Gua\u00edra-53-140x140.jpg 140w, https:\/\/www.colorado.com.br\/nosdacolorado\/wp-content\/uploads\/2023\/06\/ASPA-Gua\u00edra-53-500x500.jpg 500w, https:\/\/www.colorado.com.br\/nosdacolorado\/wp-content\/uploads\/2023\/06\/ASPA-Gua\u00edra-53-350x350.jpg 350w, https:\/\/www.colorado.com.br\/nosdacolorado\/wp-content\/uploads\/2023\/06\/ASPA-Gua\u00edra-53-800x800.jpg 800w\" sizes=\"auto, (max-width: 150px) 100vw, 150px\" \/><\/a>\n\t\t\t<\/dt><\/dl><dl class='gallery-item'>\n\t\t\t<dt class='gallery-icon landscape'>\n\t\t\t\t<a href='https:\/\/www.colorado.com.br\/nosdacolorado\/wp-content\/uploads\/2023\/06\/ASPA-Gua\u00edra-54.jpg'><img loading=\"lazy\" decoding=\"async\" data-attachment-id=\"20985\" data-orig-file=\"https:\/\/www.colorado.com.br\/nosdacolorado\/wp-content\/uploads\/2023\/06\/ASPA-Gua\u00edra-54.jpg\" data-orig-size=\"1206,804\" data-comments-opened=\"1\" data-image-meta=\"{&quot;aperture&quot;:&quot;0&quot;,&quot;credit&quot;:&quot;&quot;,&quot;camera&quot;:&quot;&quot;,&quot;caption&quot;:&quot;&quot;,&quot;created_timestamp&quot;:&quot;0&quot;,&quot;copyright&quot;:&quot;&quot;,&quot;focal_length&quot;:&quot;0&quot;,&quot;iso&quot;:&quot;0&quot;,&quot;shutter_speed&quot;:&quot;0&quot;,&quot;title&quot;:&quot;&quot;,&quot;orientation&quot;:&quot;0&quot;,&quot;keywords&quot;:&quot;Array&quot;}\" data-image-title=\"ASPA Gua\u00edra (54)\" data-image-description=\"\" data-medium-file=\"https:\/\/www.colorado.com.br\/nosdacolorado\/wp-content\/uploads\/2023\/06\/ASPA-Gua\u00edra-54-300x200.jpg\" data-large-file=\"https:\/\/www.colorado.com.br\/nosdacolorado\/wp-content\/uploads\/2023\/06\/ASPA-Gua\u00edra-54-1024x683.jpg\" width=\"150\" height=\"150\" src=\"https:\/\/www.colorado.com.br\/nosdacolorado\/wp-content\/uploads\/2023\/06\/ASPA-Gua\u00edra-54-150x150.jpg\" class=\"attachment-thumbnail size-thumbnail\" alt=\"\" srcset=\"https:\/\/www.colorado.com.br\/nosdacolorado\/wp-content\/uploads\/2023\/06\/ASPA-Gua\u00edra-54-150x150.jpg 150w, https:\/\/www.colorado.com.br\/nosdacolorado\/wp-content\/uploads\/2023\/06\/ASPA-Gua\u00edra-54-100x100.jpg 100w, https:\/\/www.colorado.com.br\/nosdacolorado\/wp-content\/uploads\/2023\/06\/ASPA-Gua\u00edra-54-140x140.jpg 140w, https:\/\/www.colorado.com.br\/nosdacolorado\/wp-content\/uploads\/2023\/06\/ASPA-Gua\u00edra-54-500x500.jpg 500w, https:\/\/www.colorado.com.br\/nosdacolorado\/wp-content\/uploads\/2023\/06\/ASPA-Gua\u00edra-54-350x350.jpg 350w, https:\/\/www.colorado.com.br\/nosdacolorado\/wp-content\/uploads\/2023\/06\/ASPA-Gua\u00edra-54-800x800.jpg 800w\" sizes=\"auto, (max-width: 150px) 100vw, 150px\" \/><\/a>\n\t\t\t<\/dt><\/dl><dl class='gallery-item'>\n\t\t\t<dt class='gallery-icon landscape'>\n\t\t\t\t<a href='https:\/\/www.colorado.com.br\/nosdacolorado\/wp-content\/uploads\/2023\/06\/ASPA-Gua\u00edra-55.jpg'><img loading=\"lazy\" decoding=\"async\" data-attachment-id=\"20986\" data-orig-file=\"https:\/\/www.colorado.com.br\/nosdacolorado\/wp-content\/uploads\/2023\/06\/ASPA-Gua\u00edra-55.jpg\" data-orig-size=\"1206,804\" data-comments-opened=\"1\" data-image-meta=\"{&quot;aperture&quot;:&quot;0&quot;,&quot;credit&quot;:&quot;&quot;,&quot;camera&quot;:&quot;&quot;,&quot;caption&quot;:&quot;&quot;,&quot;created_timestamp&quot;:&quot;0&quot;,&quot;copyright&quot;:&quot;&quot;,&quot;focal_length&quot;:&quot;0&quot;,&quot;iso&quot;:&quot;0&quot;,&quot;shutter_speed&quot;:&quot;0&quot;,&quot;title&quot;:&quot;&quot;,&quot;orientation&quot;:&quot;0&quot;,&quot;keywords&quot;:&quot;Array&quot;}\" data-image-title=\"ASPA Gua\u00edra (55)\" data-image-description=\"\" data-medium-file=\"https:\/\/www.colorado.com.br\/nosdacolorado\/wp-content\/uploads\/2023\/06\/ASPA-Gua\u00edra-55-300x200.jpg\" data-large-file=\"https:\/\/www.colorado.com.br\/nosdacolorado\/wp-content\/uploads\/2023\/06\/ASPA-Gua\u00edra-55-1024x683.jpg\" width=\"150\" height=\"150\" src=\"https:\/\/www.colorado.com.br\/nosdacolorado\/wp-content\/uploads\/2023\/06\/ASPA-Gua\u00edra-55-150x150.jpg\" class=\"attachment-thumbnail size-thumbnail\" alt=\"\" srcset=\"https:\/\/www.colorado.com.br\/nosdacolorado\/wp-content\/uploads\/2023\/06\/ASPA-Gua\u00edra-55-150x150.jpg 150w, https:\/\/www.colorado.com.br\/nosdacolorado\/wp-content\/uploads\/2023\/06\/ASPA-Gua\u00edra-55-100x100.jpg 100w, https:\/\/www.colorado.com.br\/nosdacolorado\/wp-content\/uploads\/2023\/06\/ASPA-Gua\u00edra-55-140x140.jpg 140w, https:\/\/www.colorado.com.br\/nosdacolorado\/wp-content\/uploads\/2023\/06\/ASPA-Gua\u00edra-55-500x500.jpg 500w, https:\/\/www.colorado.com.br\/nosdacolorado\/wp-content\/uploads\/2023\/06\/ASPA-Gua\u00edra-55-350x350.jpg 350w, https:\/\/www.colorado.com.br\/nosdacolorado\/wp-content\/uploads\/2023\/06\/ASPA-Gua\u00edra-55-800x800.jpg 800w\" sizes=\"auto, (max-width: 150px) 100vw, 150px\" \/><\/a>\n\t\t\t<\/dt><\/dl><br style=\"clear: both\" \/><dl class='gallery-item'>\n\t\t\t<dt class='gallery-icon landscape'>\n\t\t\t\t<a href='https:\/\/www.colorado.com.br\/nosdacolorado\/wp-content\/uploads\/2023\/06\/ASPA-Gua\u00edra-56.jpg'><img loading=\"lazy\" decoding=\"async\" data-attachment-id=\"20987\" data-orig-file=\"https:\/\/www.colorado.com.br\/nosdacolorado\/wp-content\/uploads\/2023\/06\/ASPA-Gua\u00edra-56.jpg\" data-orig-size=\"1206,804\" data-comments-opened=\"1\" data-image-meta=\"{&quot;aperture&quot;:&quot;0&quot;,&quot;credit&quot;:&quot;&quot;,&quot;camera&quot;:&quot;&quot;,&quot;caption&quot;:&quot;&quot;,&quot;created_timestamp&quot;:&quot;0&quot;,&quot;copyright&quot;:&quot;&quot;,&quot;focal_length&quot;:&quot;0&quot;,&quot;iso&quot;:&quot;0&quot;,&quot;shutter_speed&quot;:&quot;0&quot;,&quot;title&quot;:&quot;&quot;,&quot;orientation&quot;:&quot;0&quot;,&quot;keywords&quot;:&quot;Array&quot;}\" data-image-title=\"ASPA Gua\u00edra (56)\" data-image-description=\"\" data-medium-file=\"https:\/\/www.colorado.com.br\/nosdacolorado\/wp-content\/uploads\/2023\/06\/ASPA-Gua\u00edra-56-300x200.jpg\" data-large-file=\"https:\/\/www.colorado.com.br\/nosdacolorado\/wp-content\/uploads\/2023\/06\/ASPA-Gua\u00edra-56-1024x683.jpg\" width=\"150\" height=\"150\" src=\"https:\/\/www.colorado.com.br\/nosdacolorado\/wp-content\/uploads\/2023\/06\/ASPA-Gua\u00edra-56-150x150.jpg\" class=\"attachment-thumbnail size-thumbnail\" alt=\"\" srcset=\"https:\/\/www.colorado.com.br\/nosdacolorado\/wp-content\/uploads\/2023\/06\/ASPA-Gua\u00edra-56-150x150.jpg 150w, https:\/\/www.colorado.com.br\/nosdacolorado\/wp-content\/uploads\/2023\/06\/ASPA-Gua\u00edra-56-100x100.jpg 100w, https:\/\/www.colorado.com.br\/nosdacolorado\/wp-content\/uploads\/2023\/06\/ASPA-Gua\u00edra-56-140x140.jpg 140w, https:\/\/www.colorado.com.br\/nosdacolorado\/wp-content\/uploads\/2023\/06\/ASPA-Gua\u00edra-56-500x500.jpg 500w, https:\/\/www.colorado.com.br\/nosdacolorado\/wp-content\/uploads\/2023\/06\/ASPA-Gua\u00edra-56-350x350.jpg 350w, https:\/\/www.colorado.com.br\/nosdacolorado\/wp-content\/uploads\/2023\/06\/ASPA-Gua\u00edra-56-800x800.jpg 800w\" sizes=\"auto, (max-width: 150px) 100vw, 150px\" \/><\/a>\n\t\t\t<\/dt><\/dl><dl class='gallery-item'>\n\t\t\t<dt class='gallery-icon landscape'>\n\t\t\t\t<a href='https:\/\/www.colorado.com.br\/nosdacolorado\/wp-content\/uploads\/2023\/06\/ASPA-Gua\u00edra-57.jpg'><img loading=\"lazy\" decoding=\"async\" data-attachment-id=\"20988\" data-orig-file=\"https:\/\/www.colorado.com.br\/nosdacolorado\/wp-content\/uploads\/2023\/06\/ASPA-Gua\u00edra-57.jpg\" data-orig-size=\"1206,804\" data-comments-opened=\"1\" data-image-meta=\"{&quot;aperture&quot;:&quot;0&quot;,&quot;credit&quot;:&quot;&quot;,&quot;camera&quot;:&quot;&quot;,&quot;caption&quot;:&quot;&quot;,&quot;created_timestamp&quot;:&quot;0&quot;,&quot;copyright&quot;:&quot;&quot;,&quot;focal_length&quot;:&quot;0&quot;,&quot;iso&quot;:&quot;0&quot;,&quot;shutter_speed&quot;:&quot;0&quot;,&quot;title&quot;:&quot;&quot;,&quot;orientation&quot;:&quot;0&quot;,&quot;keywords&quot;:&quot;Array&quot;}\" data-image-title=\"ASPA Gua\u00edra (57)\" data-image-description=\"\" data-medium-file=\"https:\/\/www.colorado.com.br\/nosdacolorado\/wp-content\/uploads\/2023\/06\/ASPA-Gua\u00edra-57-300x200.jpg\" data-large-file=\"https:\/\/www.colorado.com.br\/nosdacolorado\/wp-content\/uploads\/2023\/06\/ASPA-Gua\u00edra-57-1024x683.jpg\" width=\"150\" height=\"150\" src=\"https:\/\/www.colorado.com.br\/nosdacolorado\/wp-content\/uploads\/2023\/06\/ASPA-Gua\u00edra-57-150x150.jpg\" class=\"attachment-thumbnail size-thumbnail\" alt=\"\" srcset=\"https:\/\/www.colorado.com.br\/nosdacolorado\/wp-content\/uploads\/2023\/06\/ASPA-Gua\u00edra-57-150x150.jpg 150w, https:\/\/www.colorado.com.br\/nosdacolorado\/wp-content\/uploads\/2023\/06\/ASPA-Gua\u00edra-57-100x100.jpg 100w, https:\/\/www.colorado.com.br\/nosdacolorado\/wp-content\/uploads\/2023\/06\/ASPA-Gua\u00edra-57-140x140.jpg 140w, https:\/\/www.colorado.com.br\/nosdacolorado\/wp-content\/uploads\/2023\/06\/ASPA-Gua\u00edra-57-500x500.jpg 500w, https:\/\/www.colorado.com.br\/nosdacolorado\/wp-content\/uploads\/2023\/06\/ASPA-Gua\u00edra-57-350x350.jpg 350w, https:\/\/www.colorado.com.br\/nosdacolorado\/wp-content\/uploads\/2023\/06\/ASPA-Gua\u00edra-57-800x800.jpg 800w\" sizes=\"auto, (max-width: 150px) 100vw, 150px\" \/><\/a>\n\t\t\t<\/dt><\/dl><dl class='gallery-item'>\n\t\t\t<dt class='gallery-icon portrait'>\n\t\t\t\t<a href='https:\/\/www.colorado.com.br\/nosdacolorado\/wp-content\/uploads\/2023\/06\/ASPA-Gua\u00edra-58.jpg'><img loading=\"lazy\" decoding=\"async\" data-attachment-id=\"20989\" data-orig-file=\"https:\/\/www.colorado.com.br\/nosdacolorado\/wp-content\/uploads\/2023\/06\/ASPA-Gua\u00edra-58.jpg\" data-orig-size=\"804,1206\" data-comments-opened=\"1\" data-image-meta=\"{&quot;aperture&quot;:&quot;0&quot;,&quot;credit&quot;:&quot;&quot;,&quot;camera&quot;:&quot;&quot;,&quot;caption&quot;:&quot;&quot;,&quot;created_timestamp&quot;:&quot;0&quot;,&quot;copyright&quot;:&quot;&quot;,&quot;focal_length&quot;:&quot;0&quot;,&quot;iso&quot;:&quot;0&quot;,&quot;shutter_speed&quot;:&quot;0&quot;,&quot;title&quot;:&quot;&quot;,&quot;orientation&quot;:&quot;0&quot;,&quot;keywords&quot;:&quot;Array&quot;}\" data-image-title=\"ASPA Gua\u00edra (58)\" data-image-description=\"\" data-medium-file=\"https:\/\/www.colorado.com.br\/nosdacolorado\/wp-content\/uploads\/2023\/06\/ASPA-Gua\u00edra-58-200x300.jpg\" data-large-file=\"https:\/\/www.colorado.com.br\/nosdacolorado\/wp-content\/uploads\/2023\/06\/ASPA-Gua\u00edra-58-683x1024.jpg\" width=\"150\" height=\"150\" src=\"https:\/\/www.colorado.com.br\/nosdacolorado\/wp-content\/uploads\/2023\/06\/ASPA-Gua\u00edra-58-150x150.jpg\" class=\"attachment-thumbnail size-thumbnail\" alt=\"\" srcset=\"https:\/\/www.colorado.com.br\/nosdacolorado\/wp-content\/uploads\/2023\/06\/ASPA-Gua\u00edra-58-150x150.jpg 150w, https:\/\/www.colorado.com.br\/nosdacolorado\/wp-content\/uploads\/2023\/06\/ASPA-Gua\u00edra-58-100x100.jpg 100w, https:\/\/www.colorado.com.br\/nosdacolorado\/wp-content\/uploads\/2023\/06\/ASPA-Gua\u00edra-58-140x140.jpg 140w, https:\/\/www.colorado.com.br\/nosdacolorado\/wp-content\/uploads\/2023\/06\/ASPA-Gua\u00edra-58-500x500.jpg 500w, https:\/\/www.colorado.com.br\/nosdacolorado\/wp-content\/uploads\/2023\/06\/ASPA-Gua\u00edra-58-350x350.jpg 350w, https:\/\/www.colorado.com.br\/nosdacolorado\/wp-content\/uploads\/2023\/06\/ASPA-Gua\u00edra-58-800x800.jpg 800w\" sizes=\"auto, (max-width: 150px) 100vw, 150px\" \/><\/a>\n\t\t\t<\/dt><\/dl><dl class='gallery-item'>\n\t\t\t<dt class='gallery-icon landscape'>\n\t\t\t\t<a href='https:\/\/www.colorado.com.br\/nosdacolorado\/wp-content\/uploads\/2023\/06\/ASPA-Gua\u00edra-59.jpg'><img loading=\"lazy\" decoding=\"async\" data-attachment-id=\"20990\" data-orig-file=\"https:\/\/www.colorado.com.br\/nosdacolorado\/wp-content\/uploads\/2023\/06\/ASPA-Gua\u00edra-59.jpg\" data-orig-size=\"1206,804\" data-comments-opened=\"1\" data-image-meta=\"{&quot;aperture&quot;:&quot;0&quot;,&quot;credit&quot;:&quot;&quot;,&quot;camera&quot;:&quot;&quot;,&quot;caption&quot;:&quot;&quot;,&quot;created_timestamp&quot;:&quot;0&quot;,&quot;copyright&quot;:&quot;&quot;,&quot;focal_length&quot;:&quot;0&quot;,&quot;iso&quot;:&quot;0&quot;,&quot;shutter_speed&quot;:&quot;0&quot;,&quot;title&quot;:&quot;&quot;,&quot;orientation&quot;:&quot;0&quot;,&quot;keywords&quot;:&quot;Array&quot;}\" data-image-title=\"ASPA Gua\u00edra (59)\" data-image-description=\"\" data-medium-file=\"https:\/\/www.colorado.com.br\/nosdacolorado\/wp-content\/uploads\/2023\/06\/ASPA-Gua\u00edra-59-300x200.jpg\" data-large-file=\"https:\/\/www.colorado.com.br\/nosdacolorado\/wp-content\/uploads\/2023\/06\/ASPA-Gua\u00edra-59-1024x683.jpg\" width=\"150\" height=\"150\" src=\"https:\/\/www.colorado.com.br\/nosdacolorado\/wp-content\/uploads\/2023\/06\/ASPA-Gua\u00edra-59-150x150.jpg\" class=\"attachment-thumbnail size-thumbnail\" alt=\"\" srcset=\"https:\/\/www.colorado.com.br\/nosdacolorado\/wp-content\/uploads\/2023\/06\/ASPA-Gua\u00edra-59-150x150.jpg 150w, https:\/\/www.colorado.com.br\/nosdacolorado\/wp-content\/uploads\/2023\/06\/ASPA-Gua\u00edra-59-100x100.jpg 100w, https:\/\/www.colorado.com.br\/nosdacolorado\/wp-content\/uploads\/2023\/06\/ASPA-Gua\u00edra-59-140x140.jpg 140w, https:\/\/www.colorado.com.br\/nosdacolorado\/wp-content\/uploads\/2023\/06\/ASPA-Gua\u00edra-59-500x500.jpg 500w, https:\/\/www.colorado.com.br\/nosdacolorado\/wp-content\/uploads\/2023\/06\/ASPA-Gua\u00edra-59-350x350.jpg 350w, https:\/\/www.colorado.com.br\/nosdacolorado\/wp-content\/uploads\/2023\/06\/ASPA-Gua\u00edra-59-800x800.jpg 800w\" sizes=\"auto, (max-width: 150px) 100vw, 150px\" \/><\/a>\n\t\t\t<\/dt><\/dl><dl class='gallery-item'>\n\t\t\t<dt class='gallery-icon landscape'>\n\t\t\t\t<a href='https:\/\/www.colorado.com.br\/nosdacolorado\/wp-content\/uploads\/2023\/06\/ASPA-Gua\u00edra-60.jpg'><img loading=\"lazy\" decoding=\"async\" data-attachment-id=\"20991\" data-orig-file=\"https:\/\/www.colorado.com.br\/nosdacolorado\/wp-content\/uploads\/2023\/06\/ASPA-Gua\u00edra-60.jpg\" data-orig-size=\"1206,804\" data-comments-opened=\"1\" data-image-meta=\"{&quot;aperture&quot;:&quot;0&quot;,&quot;credit&quot;:&quot;&quot;,&quot;camera&quot;:&quot;&quot;,&quot;caption&quot;:&quot;&quot;,&quot;created_timestamp&quot;:&quot;0&quot;,&quot;copyright&quot;:&quot;&quot;,&quot;focal_length&quot;:&quot;0&quot;,&quot;iso&quot;:&quot;0&quot;,&quot;shutter_speed&quot;:&quot;0&quot;,&quot;title&quot;:&quot;&quot;,&quot;orientation&quot;:&quot;0&quot;,&quot;keywords&quot;:&quot;Array&quot;}\" data-image-title=\"ASPA Gua\u00edra (60)\" data-image-description=\"\" data-medium-file=\"https:\/\/www.colorado.com.br\/nosdacolorado\/wp-content\/uploads\/2023\/06\/ASPA-Gua\u00edra-60-300x200.jpg\" data-large-file=\"https:\/\/www.colorado.com.br\/nosdacolorado\/wp-content\/uploads\/2023\/06\/ASPA-Gua\u00edra-60-1024x683.jpg\" width=\"150\" height=\"150\" src=\"https:\/\/www.colorado.com.br\/nosdacolorado\/wp-content\/uploads\/2023\/06\/ASPA-Gua\u00edra-60-150x150.jpg\" class=\"attachment-thumbnail size-thumbnail\" alt=\"\" srcset=\"https:\/\/www.colorado.com.br\/nosdacolorado\/wp-content\/uploads\/2023\/06\/ASPA-Gua\u00edra-60-150x150.jpg 150w, https:\/\/www.colorado.com.br\/nosdacolorado\/wp-content\/uploads\/2023\/06\/ASPA-Gua\u00edra-60-100x100.jpg 100w, https:\/\/www.colorado.com.br\/nosdacolorado\/wp-content\/uploads\/2023\/06\/ASPA-Gua\u00edra-60-140x140.jpg 140w, https:\/\/www.colorado.com.br\/nosdacolorado\/wp-content\/uploads\/2023\/06\/ASPA-Gua\u00edra-60-500x500.jpg 500w, https:\/\/www.colorado.com.br\/nosdacolorado\/wp-content\/uploads\/2023\/06\/ASPA-Gua\u00edra-60-350x350.jpg 350w, https:\/\/www.colorado.com.br\/nosdacolorado\/wp-content\/uploads\/2023\/06\/ASPA-Gua\u00edra-60-800x800.jpg 800w\" sizes=\"auto, (max-width: 150px) 100vw, 150px\" \/><\/a>\n\t\t\t<\/dt><\/dl><br style=\"clear: both\" \/><dl class='gallery-item'>\n\t\t\t<dt class='gallery-icon landscape'>\n\t\t\t\t<a href='https:\/\/www.colorado.com.br\/nosdacolorado\/wp-content\/uploads\/2023\/06\/ASPA-Gua\u00edra-61.jpg'><img loading=\"lazy\" decoding=\"async\" data-attachment-id=\"20992\" data-orig-file=\"https:\/\/www.colorado.com.br\/nosdacolorado\/wp-content\/uploads\/2023\/06\/ASPA-Gua\u00edra-61.jpg\" data-orig-size=\"1206,804\" data-comments-opened=\"1\" data-image-meta=\"{&quot;aperture&quot;:&quot;0&quot;,&quot;credit&quot;:&quot;&quot;,&quot;camera&quot;:&quot;&quot;,&quot;caption&quot;:&quot;&quot;,&quot;created_timestamp&quot;:&quot;0&quot;,&quot;copyright&quot;:&quot;&quot;,&quot;focal_length&quot;:&quot;0&quot;,&quot;iso&quot;:&quot;0&quot;,&quot;shutter_speed&quot;:&quot;0&quot;,&quot;title&quot;:&quot;&quot;,&quot;orientation&quot;:&quot;0&quot;,&quot;keywords&quot;:&quot;Array&quot;}\" data-image-title=\"ASPA Gua\u00edra (61)\" data-image-description=\"\" data-medium-file=\"https:\/\/www.colorado.com.br\/nosdacolorado\/wp-content\/uploads\/2023\/06\/ASPA-Gua\u00edra-61-300x200.jpg\" data-large-file=\"https:\/\/www.colorado.com.br\/nosdacolorado\/wp-content\/uploads\/2023\/06\/ASPA-Gua\u00edra-61-1024x683.jpg\" width=\"150\" height=\"150\" src=\"https:\/\/www.colorado.com.br\/nosdacolorado\/wp-content\/uploads\/2023\/06\/ASPA-Gua\u00edra-61-150x150.jpg\" class=\"attachment-thumbnail size-thumbnail\" alt=\"\" srcset=\"https:\/\/www.colorado.com.br\/nosdacolorado\/wp-content\/uploads\/2023\/06\/ASPA-Gua\u00edra-61-150x150.jpg 150w, https:\/\/www.colorado.com.br\/nosdacolorado\/wp-content\/uploads\/2023\/06\/ASPA-Gua\u00edra-61-100x100.jpg 100w, https:\/\/www.colorado.com.br\/nosdacolorado\/wp-content\/uploads\/2023\/06\/ASPA-Gua\u00edra-61-140x140.jpg 140w, https:\/\/www.colorado.com.br\/nosdacolorado\/wp-content\/uploads\/2023\/06\/ASPA-Gua\u00edra-61-500x500.jpg 500w, https:\/\/www.colorado.com.br\/nosdacolorado\/wp-content\/uploads\/2023\/06\/ASPA-Gua\u00edra-61-350x350.jpg 350w, https:\/\/www.colorado.com.br\/nosdacolorado\/wp-content\/uploads\/2023\/06\/ASPA-Gua\u00edra-61-800x800.jpg 800w\" sizes=\"auto, (max-width: 150px) 100vw, 150px\" \/><\/a>\n\t\t\t<\/dt><\/dl><dl class='gallery-item'>\n\t\t\t<dt class='gallery-icon landscape'>\n\t\t\t\t<a href='https:\/\/www.colorado.com.br\/nosdacolorado\/wp-content\/uploads\/2023\/06\/ASPA-Gua\u00edra-62.jpg'><img loading=\"lazy\" decoding=\"async\" data-attachment-id=\"20993\" data-orig-file=\"https:\/\/www.colorado.com.br\/nosdacolorado\/wp-content\/uploads\/2023\/06\/ASPA-Gua\u00edra-62.jpg\" data-orig-size=\"1206,804\" data-comments-opened=\"1\" data-image-meta=\"{&quot;aperture&quot;:&quot;0&quot;,&quot;credit&quot;:&quot;&quot;,&quot;camera&quot;:&quot;&quot;,&quot;caption&quot;:&quot;&quot;,&quot;created_timestamp&quot;:&quot;0&quot;,&quot;copyright&quot;:&quot;&quot;,&quot;focal_length&quot;:&quot;0&quot;,&quot;iso&quot;:&quot;0&quot;,&quot;shutter_speed&quot;:&quot;0&quot;,&quot;title&quot;:&quot;&quot;,&quot;orientation&quot;:&quot;0&quot;,&quot;keywords&quot;:&quot;Array&quot;}\" data-image-title=\"ASPA Gua\u00edra (62)\" data-image-description=\"\" data-medium-file=\"https:\/\/www.colorado.com.br\/nosdacolorado\/wp-content\/uploads\/2023\/06\/ASPA-Gua\u00edra-62-300x200.jpg\" data-large-file=\"https:\/\/www.colorado.com.br\/nosdacolorado\/wp-content\/uploads\/2023\/06\/ASPA-Gua\u00edra-62-1024x683.jpg\" width=\"150\" height=\"150\" src=\"https:\/\/www.colorado.com.br\/nosdacolorado\/wp-content\/uploads\/2023\/06\/ASPA-Gua\u00edra-62-150x150.jpg\" class=\"attachment-thumbnail size-thumbnail\" alt=\"\" srcset=\"https:\/\/www.colorado.com.br\/nosdacolorado\/wp-content\/uploads\/2023\/06\/ASPA-Gua\u00edra-62-150x150.jpg 150w, https:\/\/www.colorado.com.br\/nosdacolorado\/wp-content\/uploads\/2023\/06\/ASPA-Gua\u00edra-62-100x100.jpg 100w, https:\/\/www.colorado.com.br\/nosdacolorado\/wp-content\/uploads\/2023\/06\/ASPA-Gua\u00edra-62-140x140.jpg 140w, https:\/\/www.colorado.com.br\/nosdacolorado\/wp-content\/uploads\/2023\/06\/ASPA-Gua\u00edra-62-500x500.jpg 500w, https:\/\/www.colorado.com.br\/nosdacolorado\/wp-content\/uploads\/2023\/06\/ASPA-Gua\u00edra-62-350x350.jpg 350w, https:\/\/www.colorado.com.br\/nosdacolorado\/wp-content\/uploads\/2023\/06\/ASPA-Gua\u00edra-62-800x800.jpg 800w\" sizes=\"auto, (max-width: 150px) 100vw, 150px\" \/><\/a>\n\t\t\t<\/dt><\/dl><dl class='gallery-item'>\n\t\t\t<dt class='gallery-icon landscape'>\n\t\t\t\t<a href='https:\/\/www.colorado.com.br\/nosdacolorado\/wp-content\/uploads\/2023\/06\/ASPA-Gua\u00edra-63.jpg'><img loading=\"lazy\" decoding=\"async\" data-attachment-id=\"20994\" data-orig-file=\"https:\/\/www.colorado.com.br\/nosdacolorado\/wp-content\/uploads\/2023\/06\/ASPA-Gua\u00edra-63.jpg\" data-orig-size=\"1206,804\" data-comments-opened=\"1\" data-image-meta=\"{&quot;aperture&quot;:&quot;0&quot;,&quot;credit&quot;:&quot;&quot;,&quot;camera&quot;:&quot;&quot;,&quot;caption&quot;:&quot;&quot;,&quot;created_timestamp&quot;:&quot;0&quot;,&quot;copyright&quot;:&quot;&quot;,&quot;focal_length&quot;:&quot;0&quot;,&quot;iso&quot;:&quot;0&quot;,&quot;shutter_speed&quot;:&quot;0&quot;,&quot;title&quot;:&quot;&quot;,&quot;orientation&quot;:&quot;0&quot;,&quot;keywords&quot;:&quot;Array&quot;}\" data-image-title=\"ASPA Gua\u00edra (63)\" data-image-description=\"\" data-medium-file=\"https:\/\/www.colorado.com.br\/nosdacolorado\/wp-content\/uploads\/2023\/06\/ASPA-Gua\u00edra-63-300x200.jpg\" data-large-file=\"https:\/\/www.colorado.com.br\/nosdacolorado\/wp-content\/uploads\/2023\/06\/ASPA-Gua\u00edra-63-1024x683.jpg\" width=\"150\" height=\"150\" src=\"https:\/\/www.colorado.com.br\/nosdacolorado\/wp-content\/uploads\/2023\/06\/ASPA-Gua\u00edra-63-150x150.jpg\" class=\"attachment-thumbnail size-thumbnail\" alt=\"\" srcset=\"https:\/\/www.colorado.com.br\/nosdacolorado\/wp-content\/uploads\/2023\/06\/ASPA-Gua\u00edra-63-150x150.jpg 150w, https:\/\/www.colorado.com.br\/nosdacolorado\/wp-content\/uploads\/2023\/06\/ASPA-Gua\u00edra-63-100x100.jpg 100w, https:\/\/www.colorado.com.br\/nosdacolorado\/wp-content\/uploads\/2023\/06\/ASPA-Gua\u00edra-63-140x140.jpg 140w, https:\/\/www.colorado.com.br\/nosdacolorado\/wp-content\/uploads\/2023\/06\/ASPA-Gua\u00edra-63-500x500.jpg 500w, https:\/\/www.colorado.com.br\/nosdacolorado\/wp-content\/uploads\/2023\/06\/ASPA-Gua\u00edra-63-350x350.jpg 350w, https:\/\/www.colorado.com.br\/nosdacolorado\/wp-content\/uploads\/2023\/06\/ASPA-Gua\u00edra-63-800x800.jpg 800w\" sizes=\"auto, (max-width: 150px) 100vw, 150px\" \/><\/a>\n\t\t\t<\/dt><\/dl><dl class='gallery-item'>\n\t\t\t<dt class='gallery-icon landscape'>\n\t\t\t\t<a href='https:\/\/www.colorado.com.br\/nosdacolorado\/wp-content\/uploads\/2023\/06\/ASPA-Gua\u00edra-64.jpg'><img loading=\"lazy\" decoding=\"async\" data-attachment-id=\"20995\" data-orig-file=\"https:\/\/www.colorado.com.br\/nosdacolorado\/wp-content\/uploads\/2023\/06\/ASPA-Gua\u00edra-64.jpg\" data-orig-size=\"1206,804\" data-comments-opened=\"1\" data-image-meta=\"{&quot;aperture&quot;:&quot;0&quot;,&quot;credit&quot;:&quot;&quot;,&quot;camera&quot;:&quot;&quot;,&quot;caption&quot;:&quot;&quot;,&quot;created_timestamp&quot;:&quot;0&quot;,&quot;copyright&quot;:&quot;&quot;,&quot;focal_length&quot;:&quot;0&quot;,&quot;iso&quot;:&quot;0&quot;,&quot;shutter_speed&quot;:&quot;0&quot;,&quot;title&quot;:&quot;&quot;,&quot;orientation&quot;:&quot;0&quot;,&quot;keywords&quot;:&quot;Array&quot;}\" data-image-title=\"ASPA Gua\u00edra (64)\" data-image-description=\"\" data-medium-file=\"https:\/\/www.colorado.com.br\/nosdacolorado\/wp-content\/uploads\/2023\/06\/ASPA-Gua\u00edra-64-300x200.jpg\" data-large-file=\"https:\/\/www.colorado.com.br\/nosdacolorado\/wp-content\/uploads\/2023\/06\/ASPA-Gua\u00edra-64-1024x683.jpg\" width=\"150\" height=\"150\" src=\"https:\/\/www.colorado.com.br\/nosdacolorado\/wp-content\/uploads\/2023\/06\/ASPA-Gua\u00edra-64-150x150.jpg\" class=\"attachment-thumbnail size-thumbnail\" alt=\"\" srcset=\"https:\/\/www.colorado.com.br\/nosdacolorado\/wp-content\/uploads\/2023\/06\/ASPA-Gua\u00edra-64-150x150.jpg 150w, https:\/\/www.colorado.com.br\/nosdacolorado\/wp-content\/uploads\/2023\/06\/ASPA-Gua\u00edra-64-100x100.jpg 100w, https:\/\/www.colorado.com.br\/nosdacolorado\/wp-content\/uploads\/2023\/06\/ASPA-Gua\u00edra-64-140x140.jpg 140w, https:\/\/www.colorado.com.br\/nosdacolorado\/wp-content\/uploads\/2023\/06\/ASPA-Gua\u00edra-64-500x500.jpg 500w, https:\/\/www.colorado.com.br\/nosdacolorado\/wp-content\/uploads\/2023\/06\/ASPA-Gua\u00edra-64-350x350.jpg 350w, https:\/\/www.colorado.com.br\/nosdacolorado\/wp-content\/uploads\/2023\/06\/ASPA-Gua\u00edra-64-800x800.jpg 800w\" sizes=\"auto, (max-width: 150px) 100vw, 150px\" \/><\/a>\n\t\t\t<\/dt><\/dl><dl class='gallery-item'>\n\t\t\t<dt class='gallery-icon landscape'>\n\t\t\t\t<a href='https:\/\/www.colorado.com.br\/nosdacolorado\/wp-content\/uploads\/2023\/06\/ASPA-Gua\u00edra-65.jpg'><img loading=\"lazy\" decoding=\"async\" data-attachment-id=\"20996\" data-orig-file=\"https:\/\/www.colorado.com.br\/nosdacolorado\/wp-content\/uploads\/2023\/06\/ASPA-Gua\u00edra-65.jpg\" data-orig-size=\"1206,804\" data-comments-opened=\"1\" data-image-meta=\"{&quot;aperture&quot;:&quot;0&quot;,&quot;credit&quot;:&quot;&quot;,&quot;camera&quot;:&quot;&quot;,&quot;caption&quot;:&quot;&quot;,&quot;created_timestamp&quot;:&quot;0&quot;,&quot;copyright&quot;:&quot;&quot;,&quot;focal_length&quot;:&quot;0&quot;,&quot;iso&quot;:&quot;0&quot;,&quot;shutter_speed&quot;:&quot;0&quot;,&quot;title&quot;:&quot;&quot;,&quot;orientation&quot;:&quot;0&quot;,&quot;keywords&quot;:&quot;Array&quot;}\" data-image-title=\"ASPA Gua\u00edra (65)\" data-image-description=\"\" data-medium-file=\"https:\/\/www.colorado.com.br\/nosdacolorado\/wp-content\/uploads\/2023\/06\/ASPA-Gua\u00edra-65-300x200.jpg\" data-large-file=\"https:\/\/www.colorado.com.br\/nosdacolorado\/wp-content\/uploads\/2023\/06\/ASPA-Gua\u00edra-65-1024x683.jpg\" width=\"150\" height=\"150\" src=\"https:\/\/www.colorado.com.br\/nosdacolorado\/wp-content\/uploads\/2023\/06\/ASPA-Gua\u00edra-65-150x150.jpg\" class=\"attachment-thumbnail size-thumbnail\" alt=\"\" srcset=\"https:\/\/www.colorado.com.br\/nosdacolorado\/wp-content\/uploads\/2023\/06\/ASPA-Gua\u00edra-65-150x150.jpg 150w, https:\/\/www.colorado.com.br\/nosdacolorado\/wp-content\/uploads\/2023\/06\/ASPA-Gua\u00edra-65-100x100.jpg 100w, https:\/\/www.colorado.com.br\/nosdacolorado\/wp-content\/uploads\/2023\/06\/ASPA-Gua\u00edra-65-140x140.jpg 140w, https:\/\/www.colorado.com.br\/nosdacolorado\/wp-content\/uploads\/2023\/06\/ASPA-Gua\u00edra-65-500x500.jpg 500w, https:\/\/www.colorado.com.br\/nosdacolorado\/wp-content\/uploads\/2023\/06\/ASPA-Gua\u00edra-65-350x350.jpg 350w, https:\/\/www.colorado.com.br\/nosdacolorado\/wp-content\/uploads\/2023\/06\/ASPA-Gua\u00edra-65-800x800.jpg 800w\" sizes=\"auto, (max-width: 150px) 100vw, 150px\" \/><\/a>\n\t\t\t<\/dt><\/dl><br style=\"clear: both\" \/><dl class='gallery-item'>\n\t\t\t<dt class='gallery-icon portrait'>\n\t\t\t\t<a href='https:\/\/www.colorado.com.br\/nosdacolorado\/wp-content\/uploads\/2023\/06\/ASPA-Gua\u00edra-66.jpg'><img loading=\"lazy\" decoding=\"async\" data-attachment-id=\"20997\" data-orig-file=\"https:\/\/www.colorado.com.br\/nosdacolorado\/wp-content\/uploads\/2023\/06\/ASPA-Gua\u00edra-66.jpg\" data-orig-size=\"804,1206\" data-comments-opened=\"1\" data-image-meta=\"{&quot;aperture&quot;:&quot;0&quot;,&quot;credit&quot;:&quot;&quot;,&quot;camera&quot;:&quot;&quot;,&quot;caption&quot;:&quot;&quot;,&quot;created_timestamp&quot;:&quot;0&quot;,&quot;copyright&quot;:&quot;&quot;,&quot;focal_length&quot;:&quot;0&quot;,&quot;iso&quot;:&quot;0&quot;,&quot;shutter_speed&quot;:&quot;0&quot;,&quot;title&quot;:&quot;&quot;,&quot;orientation&quot;:&quot;0&quot;,&quot;keywords&quot;:&quot;Array&quot;}\" data-image-title=\"ASPA Gua\u00edra (66)\" data-image-description=\"\" data-medium-file=\"https:\/\/www.colorado.com.br\/nosdacolorado\/wp-content\/uploads\/2023\/06\/ASPA-Gua\u00edra-66-200x300.jpg\" data-large-file=\"https:\/\/www.colorado.com.br\/nosdacolorado\/wp-content\/uploads\/2023\/06\/ASPA-Gua\u00edra-66-683x1024.jpg\" width=\"150\" height=\"150\" src=\"https:\/\/www.colorado.com.br\/nosdacolorado\/wp-content\/uploads\/2023\/06\/ASPA-Gua\u00edra-66-150x150.jpg\" class=\"attachment-thumbnail size-thumbnail\" alt=\"\" srcset=\"https:\/\/www.colorado.com.br\/nosdacolorado\/wp-content\/uploads\/2023\/06\/ASPA-Gua\u00edra-66-150x150.jpg 150w, https:\/\/www.colorado.com.br\/nosdacolorado\/wp-content\/uploads\/2023\/06\/ASPA-Gua\u00edra-66-100x100.jpg 100w, https:\/\/www.colorado.com.br\/nosdacolorado\/wp-content\/uploads\/2023\/06\/ASPA-Gua\u00edra-66-140x140.jpg 140w, https:\/\/www.colorado.com.br\/nosdacolorado\/wp-content\/uploads\/2023\/06\/ASPA-Gua\u00edra-66-500x500.jpg 500w, https:\/\/www.colorado.com.br\/nosdacolorado\/wp-content\/uploads\/2023\/06\/ASPA-Gua\u00edra-66-350x350.jpg 350w, https:\/\/www.colorado.com.br\/nosdacolorado\/wp-content\/uploads\/2023\/06\/ASPA-Gua\u00edra-66-800x800.jpg 800w\" sizes=\"auto, (max-width: 150px) 100vw, 150px\" \/><\/a>\n\t\t\t<\/dt><\/dl><dl class='gallery-item'>\n\t\t\t<dt class='gallery-icon portrait'>\n\t\t\t\t<a href='https:\/\/www.colorado.com.br\/nosdacolorado\/wp-content\/uploads\/2023\/06\/ASPA-Gua\u00edra-67.jpg'><img loading=\"lazy\" decoding=\"async\" data-attachment-id=\"20998\" data-orig-file=\"https:\/\/www.colorado.com.br\/nosdacolorado\/wp-content\/uploads\/2023\/06\/ASPA-Gua\u00edra-67.jpg\" data-orig-size=\"804,1206\" data-comments-opened=\"1\" data-image-meta=\"{&quot;aperture&quot;:&quot;0&quot;,&quot;credit&quot;:&quot;&quot;,&quot;camera&quot;:&quot;&quot;,&quot;caption&quot;:&quot;&quot;,&quot;created_timestamp&quot;:&quot;0&quot;,&quot;copyright&quot;:&quot;&quot;,&quot;focal_length&quot;:&quot;0&quot;,&quot;iso&quot;:&quot;0&quot;,&quot;shutter_speed&quot;:&quot;0&quot;,&quot;title&quot;:&quot;&quot;,&quot;orientation&quot;:&quot;0&quot;,&quot;keywords&quot;:&quot;Array&quot;}\" data-image-title=\"ASPA Gua\u00edra (67)\" data-image-description=\"\" data-medium-file=\"https:\/\/www.colorado.com.br\/nosdacolorado\/wp-content\/uploads\/2023\/06\/ASPA-Gua\u00edra-67-200x300.jpg\" data-large-file=\"https:\/\/www.colorado.com.br\/nosdacolorado\/wp-content\/uploads\/2023\/06\/ASPA-Gua\u00edra-67-683x1024.jpg\" width=\"150\" height=\"150\" src=\"https:\/\/www.colorado.com.br\/nosdacolorado\/wp-content\/uploads\/2023\/06\/ASPA-Gua\u00edra-67-150x150.jpg\" class=\"attachment-thumbnail size-thumbnail\" alt=\"\" srcset=\"https:\/\/www.colorado.com.br\/nosdacolorado\/wp-content\/uploads\/2023\/06\/ASPA-Gua\u00edra-67-150x150.jpg 150w, https:\/\/www.colorado.com.br\/nosdacolorado\/wp-content\/uploads\/2023\/06\/ASPA-Gua\u00edra-67-100x100.jpg 100w, https:\/\/www.colorado.com.br\/nosdacolorado\/wp-content\/uploads\/2023\/06\/ASPA-Gua\u00edra-67-140x140.jpg 140w, https:\/\/www.colorado.com.br\/nosdacolorado\/wp-content\/uploads\/2023\/06\/ASPA-Gua\u00edra-67-500x500.jpg 500w, https:\/\/www.colorado.com.br\/nosdacolorado\/wp-content\/uploads\/2023\/06\/ASPA-Gua\u00edra-67-350x350.jpg 350w, https:\/\/www.colorado.com.br\/nosdacolorado\/wp-content\/uploads\/2023\/06\/ASPA-Gua\u00edra-67-800x800.jpg 800w\" sizes=\"auto, (max-width: 150px) 100vw, 150px\" \/><\/a>\n\t\t\t<\/dt><\/dl><dl class='gallery-item'>\n\t\t\t<dt class='gallery-icon portrait'>\n\t\t\t\t<a href='https:\/\/www.colorado.com.br\/nosdacolorado\/wp-content\/uploads\/2023\/06\/ASPA-Gua\u00edra-68.jpg'><img loading=\"lazy\" decoding=\"async\" data-attachment-id=\"20999\" data-orig-file=\"https:\/\/www.colorado.com.br\/nosdacolorado\/wp-content\/uploads\/2023\/06\/ASPA-Gua\u00edra-68.jpg\" data-orig-size=\"804,1206\" data-comments-opened=\"1\" data-image-meta=\"{&quot;aperture&quot;:&quot;0&quot;,&quot;credit&quot;:&quot;&quot;,&quot;camera&quot;:&quot;&quot;,&quot;caption&quot;:&quot;&quot;,&quot;created_timestamp&quot;:&quot;0&quot;,&quot;copyright&quot;:&quot;&quot;,&quot;focal_length&quot;:&quot;0&quot;,&quot;iso&quot;:&quot;0&quot;,&quot;shutter_speed&quot;:&quot;0&quot;,&quot;title&quot;:&quot;&quot;,&quot;orientation&quot;:&quot;0&quot;,&quot;keywords&quot;:&quot;Array&quot;}\" data-image-title=\"ASPA Gua\u00edra (68)\" data-image-description=\"\" data-medium-file=\"https:\/\/www.colorado.com.br\/nosdacolorado\/wp-content\/uploads\/2023\/06\/ASPA-Gua\u00edra-68-200x300.jpg\" data-large-file=\"https:\/\/www.colorado.com.br\/nosdacolorado\/wp-content\/uploads\/2023\/06\/ASPA-Gua\u00edra-68-683x1024.jpg\" width=\"150\" height=\"150\" src=\"https:\/\/www.colorado.com.br\/nosdacolorado\/wp-content\/uploads\/2023\/06\/ASPA-Gua\u00edra-68-150x150.jpg\" class=\"attachment-thumbnail size-thumbnail\" alt=\"\" srcset=\"https:\/\/www.colorado.com.br\/nosdacolorado\/wp-content\/uploads\/2023\/06\/ASPA-Gua\u00edra-68-150x150.jpg 150w, https:\/\/www.colorado.com.br\/nosdacolorado\/wp-content\/uploads\/2023\/06\/ASPA-Gua\u00edra-68-100x100.jpg 100w, https:\/\/www.colorado.com.br\/nosdacolorado\/wp-content\/uploads\/2023\/06\/ASPA-Gua\u00edra-68-140x140.jpg 140w, https:\/\/www.colorado.com.br\/nosdacolorado\/wp-content\/uploads\/2023\/06\/ASPA-Gua\u00edra-68-500x500.jpg 500w, https:\/\/www.colorado.com.br\/nosdacolorado\/wp-content\/uploads\/2023\/06\/ASPA-Gua\u00edra-68-350x350.jpg 350w, https:\/\/www.colorado.com.br\/nosdacolorado\/wp-content\/uploads\/2023\/06\/ASPA-Gua\u00edra-68-800x800.jpg 800w\" sizes=\"auto, (max-width: 150px) 100vw, 150px\" \/><\/a>\n\t\t\t<\/dt><\/dl><dl class='gallery-item'>\n\t\t\t<dt class='gallery-icon portrait'>\n\t\t\t\t<a href='https:\/\/www.colorado.com.br\/nosdacolorado\/wp-content\/uploads\/2023\/06\/ASPA-Gua\u00edra-69.jpg'><img loading=\"lazy\" decoding=\"async\" data-attachment-id=\"21000\" data-orig-file=\"https:\/\/www.colorado.com.br\/nosdacolorado\/wp-content\/uploads\/2023\/06\/ASPA-Gua\u00edra-69.jpg\" data-orig-size=\"804,1206\" data-comments-opened=\"1\" data-image-meta=\"{&quot;aperture&quot;:&quot;0&quot;,&quot;credit&quot;:&quot;&quot;,&quot;camera&quot;:&quot;&quot;,&quot;caption&quot;:&quot;&quot;,&quot;created_timestamp&quot;:&quot;0&quot;,&quot;copyright&quot;:&quot;&quot;,&quot;focal_length&quot;:&quot;0&quot;,&quot;iso&quot;:&quot;0&quot;,&quot;shutter_speed&quot;:&quot;0&quot;,&quot;title&quot;:&quot;&quot;,&quot;orientation&quot;:&quot;0&quot;,&quot;keywords&quot;:&quot;Array&quot;}\" data-image-title=\"ASPA Gua\u00edra (69)\" data-image-description=\"\" data-medium-file=\"https:\/\/www.colorado.com.br\/nosdacolorado\/wp-content\/uploads\/2023\/06\/ASPA-Gua\u00edra-69-200x300.jpg\" data-large-file=\"https:\/\/www.colorado.com.br\/nosdacolorado\/wp-content\/uploads\/2023\/06\/ASPA-Gua\u00edra-69-683x1024.jpg\" width=\"150\" height=\"150\" src=\"https:\/\/www.colorado.com.br\/nosdacolorado\/wp-content\/uploads\/2023\/06\/ASPA-Gua\u00edra-69-150x150.jpg\" class=\"attachment-thumbnail size-thumbnail\" alt=\"\" srcset=\"https:\/\/www.colorado.com.br\/nosdacolorado\/wp-content\/uploads\/2023\/06\/ASPA-Gua\u00edra-69-150x150.jpg 150w, https:\/\/www.colorado.com.br\/nosdacolorado\/wp-content\/uploads\/2023\/06\/ASPA-Gua\u00edra-69-100x100.jpg 100w, https:\/\/www.colorado.com.br\/nosdacolorado\/wp-content\/uploads\/2023\/06\/ASPA-Gua\u00edra-69-140x140.jpg 140w, https:\/\/www.colorado.com.br\/nosdacolorado\/wp-content\/uploads\/2023\/06\/ASPA-Gua\u00edra-69-500x500.jpg 500w, https:\/\/www.colorado.com.br\/nosdacolorado\/wp-content\/uploads\/2023\/06\/ASPA-Gua\u00edra-69-350x350.jpg 350w, https:\/\/www.colorado.com.br\/nosdacolorado\/wp-content\/uploads\/2023\/06\/ASPA-Gua\u00edra-69-800x800.jpg 800w\" sizes=\"auto, (max-width: 150px) 100vw, 150px\" \/><\/a>\n\t\t\t<\/dt><\/dl><dl class='gallery-item'>\n\t\t\t<dt class='gallery-icon portrait'>\n\t\t\t\t<a href='https:\/\/www.colorado.com.br\/nosdacolorado\/wp-content\/uploads\/2023\/06\/ASPA-Gua\u00edra-70.jpg'><img loading=\"lazy\" decoding=\"async\" data-attachment-id=\"21001\" data-orig-file=\"https:\/\/www.colorado.com.br\/nosdacolorado\/wp-content\/uploads\/2023\/06\/ASPA-Gua\u00edra-70.jpg\" data-orig-size=\"804,1206\" data-comments-opened=\"1\" data-image-meta=\"{&quot;aperture&quot;:&quot;0&quot;,&quot;credit&quot;:&quot;&quot;,&quot;camera&quot;:&quot;&quot;,&quot;caption&quot;:&quot;&quot;,&quot;created_timestamp&quot;:&quot;0&quot;,&quot;copyright&quot;:&quot;&quot;,&quot;focal_length&quot;:&quot;0&quot;,&quot;iso&quot;:&quot;0&quot;,&quot;shutter_speed&quot;:&quot;0&quot;,&quot;title&quot;:&quot;&quot;,&quot;orientation&quot;:&quot;0&quot;,&quot;keywords&quot;:&quot;Array&quot;}\" data-image-title=\"ASPA Gua\u00edra (70)\" data-image-description=\"\" data-medium-file=\"https:\/\/www.colorado.com.br\/nosdacolorado\/wp-content\/uploads\/2023\/06\/ASPA-Gua\u00edra-70-200x300.jpg\" data-large-file=\"https:\/\/www.colorado.com.br\/nosdacolorado\/wp-content\/uploads\/2023\/06\/ASPA-Gua\u00edra-70-683x1024.jpg\" width=\"150\" height=\"150\" src=\"https:\/\/www.colorado.com.br\/nosdacolorado\/wp-content\/uploads\/2023\/06\/ASPA-Gua\u00edra-70-150x150.jpg\" class=\"attachment-thumbnail size-thumbnail\" alt=\"\" srcset=\"https:\/\/www.colorado.com.br\/nosdacolorado\/wp-content\/uploads\/2023\/06\/ASPA-Gua\u00edra-70-150x150.jpg 150w, https:\/\/www.colorado.com.br\/nosdacolorado\/wp-content\/uploads\/2023\/06\/ASPA-Gua\u00edra-70-100x100.jpg 100w, https:\/\/www.colorado.com.br\/nosdacolorado\/wp-content\/uploads\/2023\/06\/ASPA-Gua\u00edra-70-140x140.jpg 140w, https:\/\/www.colorado.com.br\/nosdacolorado\/wp-content\/uploads\/2023\/06\/ASPA-Gua\u00edra-70-500x500.jpg 500w, https:\/\/www.colorado.com.br\/nosdacolorado\/wp-content\/uploads\/2023\/06\/ASPA-Gua\u00edra-70-350x350.jpg 350w, https:\/\/www.colorado.com.br\/nosdacolorado\/wp-content\/uploads\/2023\/06\/ASPA-Gua\u00edra-70-800x800.jpg 800w\" sizes=\"auto, (max-width: 150px) 100vw, 150px\" \/><\/a>\n\t\t\t<\/dt><\/dl><br style=\"clear: both\" \/><dl class='gallery-item'>\n\t\t\t<dt class='gallery-icon portrait'>\n\t\t\t\t<a href='https:\/\/www.colorado.com.br\/nosdacolorado\/wp-content\/uploads\/2023\/06\/ASPA-Gua\u00edra-71.jpg'><img loading=\"lazy\" decoding=\"async\" data-attachment-id=\"21002\" data-orig-file=\"https:\/\/www.colorado.com.br\/nosdacolorado\/wp-content\/uploads\/2023\/06\/ASPA-Gua\u00edra-71.jpg\" data-orig-size=\"804,1206\" data-comments-opened=\"1\" data-image-meta=\"{&quot;aperture&quot;:&quot;0&quot;,&quot;credit&quot;:&quot;&quot;,&quot;camera&quot;:&quot;&quot;,&quot;caption&quot;:&quot;&quot;,&quot;created_timestamp&quot;:&quot;0&quot;,&quot;copyright&quot;:&quot;&quot;,&quot;focal_length&quot;:&quot;0&quot;,&quot;iso&quot;:&quot;0&quot;,&quot;shutter_speed&quot;:&quot;0&quot;,&quot;title&quot;:&quot;&quot;,&quot;orientation&quot;:&quot;0&quot;,&quot;keywords&quot;:&quot;Array&quot;}\" data-image-title=\"ASPA Gua\u00edra (71)\" data-image-description=\"\" data-medium-file=\"https:\/\/www.colorado.com.br\/nosdacolorado\/wp-content\/uploads\/2023\/06\/ASPA-Gua\u00edra-71-200x300.jpg\" data-large-file=\"https:\/\/www.colorado.com.br\/nosdacolorado\/wp-content\/uploads\/2023\/06\/ASPA-Gua\u00edra-71-683x1024.jpg\" width=\"150\" height=\"150\" src=\"https:\/\/www.colorado.com.br\/nosdacolorado\/wp-content\/uploads\/2023\/06\/ASPA-Gua\u00edra-71-150x150.jpg\" class=\"attachment-thumbnail size-thumbnail\" alt=\"\" srcset=\"https:\/\/www.colorado.com.br\/nosdacolorado\/wp-content\/uploads\/2023\/06\/ASPA-Gua\u00edra-71-150x150.jpg 150w, https:\/\/www.colorado.com.br\/nosdacolorado\/wp-content\/uploads\/2023\/06\/ASPA-Gua\u00edra-71-100x100.jpg 100w, https:\/\/www.colorado.com.br\/nosdacolorado\/wp-content\/uploads\/2023\/06\/ASPA-Gua\u00edra-71-140x140.jpg 140w, https:\/\/www.colorado.com.br\/nosdacolorado\/wp-content\/uploads\/2023\/06\/ASPA-Gua\u00edra-71-500x500.jpg 500w, https:\/\/www.colorado.com.br\/nosdacolorado\/wp-content\/uploads\/2023\/06\/ASPA-Gua\u00edra-71-350x350.jpg 350w, https:\/\/www.colorado.com.br\/nosdacolorado\/wp-content\/uploads\/2023\/06\/ASPA-Gua\u00edra-71-800x800.jpg 800w\" sizes=\"auto, (max-width: 150px) 100vw, 150px\" \/><\/a>\n\t\t\t<\/dt><\/dl><dl class='gallery-item'>\n\t\t\t<dt class='gallery-icon portrait'>\n\t\t\t\t<a href='https:\/\/www.colorado.com.br\/nosdacolorado\/wp-content\/uploads\/2023\/06\/ASPA-Gua\u00edra-72.jpg'><img loading=\"lazy\" decoding=\"async\" data-attachment-id=\"21003\" data-orig-file=\"https:\/\/www.colorado.com.br\/nosdacolorado\/wp-content\/uploads\/2023\/06\/ASPA-Gua\u00edra-72.jpg\" data-orig-size=\"804,1206\" data-comments-opened=\"1\" data-image-meta=\"{&quot;aperture&quot;:&quot;0&quot;,&quot;credit&quot;:&quot;&quot;,&quot;camera&quot;:&quot;&quot;,&quot;caption&quot;:&quot;&quot;,&quot;created_timestamp&quot;:&quot;0&quot;,&quot;copyright&quot;:&quot;&quot;,&quot;focal_length&quot;:&quot;0&quot;,&quot;iso&quot;:&quot;0&quot;,&quot;shutter_speed&quot;:&quot;0&quot;,&quot;title&quot;:&quot;&quot;,&quot;orientation&quot;:&quot;0&quot;,&quot;keywords&quot;:&quot;Array&quot;}\" data-image-title=\"ASPA Gua\u00edra (72)\" data-image-description=\"\" data-medium-file=\"https:\/\/www.colorado.com.br\/nosdacolorado\/wp-content\/uploads\/2023\/06\/ASPA-Gua\u00edra-72-200x300.jpg\" data-large-file=\"https:\/\/www.colorado.com.br\/nosdacolorado\/wp-content\/uploads\/2023\/06\/ASPA-Gua\u00edra-72-683x1024.jpg\" width=\"150\" height=\"150\" src=\"https:\/\/www.colorado.com.br\/nosdacolorado\/wp-content\/uploads\/2023\/06\/ASPA-Gua\u00edra-72-150x150.jpg\" class=\"attachment-thumbnail size-thumbnail\" alt=\"\" srcset=\"https:\/\/www.colorado.com.br\/nosdacolorado\/wp-content\/uploads\/2023\/06\/ASPA-Gua\u00edra-72-150x150.jpg 150w, https:\/\/www.colorado.com.br\/nosdacolorado\/wp-content\/uploads\/2023\/06\/ASPA-Gua\u00edra-72-100x100.jpg 100w, https:\/\/www.colorado.com.br\/nosdacolorado\/wp-content\/uploads\/2023\/06\/ASPA-Gua\u00edra-72-140x140.jpg 140w, https:\/\/www.colorado.com.br\/nosdacolorado\/wp-content\/uploads\/2023\/06\/ASPA-Gua\u00edra-72-500x500.jpg 500w, https:\/\/www.colorado.com.br\/nosdacolorado\/wp-content\/uploads\/2023\/06\/ASPA-Gua\u00edra-72-350x350.jpg 350w, https:\/\/www.colorado.com.br\/nosdacolorado\/wp-content\/uploads\/2023\/06\/ASPA-Gua\u00edra-72-800x800.jpg 800w\" sizes=\"auto, (max-width: 150px) 100vw, 150px\" \/><\/a>\n\t\t\t<\/dt><\/dl><dl class='gallery-item'>\n\t\t\t<dt class='gallery-icon portrait'>\n\t\t\t\t<a href='https:\/\/www.colorado.com.br\/nosdacolorado\/wp-content\/uploads\/2023\/06\/ASPA-Gua\u00edra-73.jpg'><img loading=\"lazy\" decoding=\"async\" data-attachment-id=\"21004\" data-orig-file=\"https:\/\/www.colorado.com.br\/nosdacolorado\/wp-content\/uploads\/2023\/06\/ASPA-Gua\u00edra-73.jpg\" data-orig-size=\"804,1206\" data-comments-opened=\"1\" data-image-meta=\"{&quot;aperture&quot;:&quot;0&quot;,&quot;credit&quot;:&quot;&quot;,&quot;camera&quot;:&quot;&quot;,&quot;caption&quot;:&quot;&quot;,&quot;created_timestamp&quot;:&quot;0&quot;,&quot;copyright&quot;:&quot;&quot;,&quot;focal_length&quot;:&quot;0&quot;,&quot;iso&quot;:&quot;0&quot;,&quot;shutter_speed&quot;:&quot;0&quot;,&quot;title&quot;:&quot;&quot;,&quot;orientation&quot;:&quot;0&quot;,&quot;keywords&quot;:&quot;Array&quot;}\" data-image-title=\"ASPA Gua\u00edra (73)\" data-image-description=\"\" data-medium-file=\"https:\/\/www.colorado.com.br\/nosdacolorado\/wp-content\/uploads\/2023\/06\/ASPA-Gua\u00edra-73-200x300.jpg\" data-large-file=\"https:\/\/www.colorado.com.br\/nosdacolorado\/wp-content\/uploads\/2023\/06\/ASPA-Gua\u00edra-73-683x1024.jpg\" width=\"150\" height=\"150\" src=\"https:\/\/www.colorado.com.br\/nosdacolorado\/wp-content\/uploads\/2023\/06\/ASPA-Gua\u00edra-73-150x150.jpg\" class=\"attachment-thumbnail size-thumbnail\" alt=\"\" srcset=\"https:\/\/www.colorado.com.br\/nosdacolorado\/wp-content\/uploads\/2023\/06\/ASPA-Gua\u00edra-73-150x150.jpg 150w, https:\/\/www.colorado.com.br\/nosdacolorado\/wp-content\/uploads\/2023\/06\/ASPA-Gua\u00edra-73-100x100.jpg 100w, https:\/\/www.colorado.com.br\/nosdacolorado\/wp-content\/uploads\/2023\/06\/ASPA-Gua\u00edra-73-140x140.jpg 140w, https:\/\/www.colorado.com.br\/nosdacolorado\/wp-content\/uploads\/2023\/06\/ASPA-Gua\u00edra-73-500x500.jpg 500w, https:\/\/www.colorado.com.br\/nosdacolorado\/wp-content\/uploads\/2023\/06\/ASPA-Gua\u00edra-73-350x350.jpg 350w, https:\/\/www.colorado.com.br\/nosdacolorado\/wp-content\/uploads\/2023\/06\/ASPA-Gua\u00edra-73-800x800.jpg 800w\" sizes=\"auto, (max-width: 150px) 100vw, 150px\" \/><\/a>\n\t\t\t<\/dt><\/dl><dl class='gallery-item'>\n\t\t\t<dt class='gallery-icon portrait'>\n\t\t\t\t<a href='https:\/\/www.colorado.com.br\/nosdacolorado\/wp-content\/uploads\/2023\/06\/ASPA-Gua\u00edra-74.jpg'><img loading=\"lazy\" decoding=\"async\" data-attachment-id=\"21005\" data-orig-file=\"https:\/\/www.colorado.com.br\/nosdacolorado\/wp-content\/uploads\/2023\/06\/ASPA-Gua\u00edra-74.jpg\" data-orig-size=\"804,1206\" data-comments-opened=\"1\" data-image-meta=\"{&quot;aperture&quot;:&quot;0&quot;,&quot;credit&quot;:&quot;&quot;,&quot;camera&quot;:&quot;&quot;,&quot;caption&quot;:&quot;&quot;,&quot;created_timestamp&quot;:&quot;0&quot;,&quot;copyright&quot;:&quot;&quot;,&quot;focal_length&quot;:&quot;0&quot;,&quot;iso&quot;:&quot;0&quot;,&quot;shutter_speed&quot;:&quot;0&quot;,&quot;title&quot;:&quot;&quot;,&quot;orientation&quot;:&quot;0&quot;,&quot;keywords&quot;:&quot;Array&quot;}\" data-image-title=\"ASPA Gua\u00edra (74)\" data-image-description=\"\" data-medium-file=\"https:\/\/www.colorado.com.br\/nosdacolorado\/wp-content\/uploads\/2023\/06\/ASPA-Gua\u00edra-74-200x300.jpg\" data-large-file=\"https:\/\/www.colorado.com.br\/nosdacolorado\/wp-content\/uploads\/2023\/06\/ASPA-Gua\u00edra-74-683x1024.jpg\" width=\"150\" height=\"150\" src=\"https:\/\/www.colorado.com.br\/nosdacolorado\/wp-content\/uploads\/2023\/06\/ASPA-Gua\u00edra-74-150x150.jpg\" class=\"attachment-thumbnail size-thumbnail\" alt=\"\" srcset=\"https:\/\/www.colorado.com.br\/nosdacolorado\/wp-content\/uploads\/2023\/06\/ASPA-Gua\u00edra-74-150x150.jpg 150w, https:\/\/www.colorado.com.br\/nosdacolorado\/wp-content\/uploads\/2023\/06\/ASPA-Gua\u00edra-74-100x100.jpg 100w, https:\/\/www.colorado.com.br\/nosdacolorado\/wp-content\/uploads\/2023\/06\/ASPA-Gua\u00edra-74-140x140.jpg 140w, https:\/\/www.colorado.com.br\/nosdacolorado\/wp-content\/uploads\/2023\/06\/ASPA-Gua\u00edra-74-500x500.jpg 500w, https:\/\/www.colorado.com.br\/nosdacolorado\/wp-content\/uploads\/2023\/06\/ASPA-Gua\u00edra-74-350x350.jpg 350w, https:\/\/www.colorado.com.br\/nosdacolorado\/wp-content\/uploads\/2023\/06\/ASPA-Gua\u00edra-74-800x800.jpg 800w\" sizes=\"auto, (max-width: 150px) 100vw, 150px\" \/><\/a>\n\t\t\t<\/dt><\/dl><dl class='gallery-item'>\n\t\t\t<dt class='gallery-icon landscape'>\n\t\t\t\t<a href='https:\/\/www.colorado.com.br\/nosdacolorado\/wp-content\/uploads\/2023\/06\/ASPA-Gua\u00edra-75.jpg'><img loading=\"lazy\" decoding=\"async\" data-attachment-id=\"21006\" data-orig-file=\"https:\/\/www.colorado.com.br\/nosdacolorado\/wp-content\/uploads\/2023\/06\/ASPA-Gua\u00edra-75.jpg\" data-orig-size=\"1206,804\" data-comments-opened=\"1\" data-image-meta=\"{&quot;aperture&quot;:&quot;0&quot;,&quot;credit&quot;:&quot;&quot;,&quot;camera&quot;:&quot;&quot;,&quot;caption&quot;:&quot;&quot;,&quot;created_timestamp&quot;:&quot;0&quot;,&quot;copyright&quot;:&quot;&quot;,&quot;focal_length&quot;:&quot;0&quot;,&quot;iso&quot;:&quot;0&quot;,&quot;shutter_speed&quot;:&quot;0&quot;,&quot;title&quot;:&quot;&quot;,&quot;orientation&quot;:&quot;0&quot;,&quot;keywords&quot;:&quot;Array&quot;}\" data-image-title=\"ASPA Gua\u00edra (75)\" data-image-description=\"\" data-medium-file=\"https:\/\/www.colorado.com.br\/nosdacolorado\/wp-content\/uploads\/2023\/06\/ASPA-Gua\u00edra-75-300x200.jpg\" data-large-file=\"https:\/\/www.colorado.com.br\/nosdacolorado\/wp-content\/uploads\/2023\/06\/ASPA-Gua\u00edra-75-1024x683.jpg\" width=\"150\" height=\"150\" src=\"https:\/\/www.colorado.com.br\/nosdacolorado\/wp-content\/uploads\/2023\/06\/ASPA-Gua\u00edra-75-150x150.jpg\" class=\"attachment-thumbnail size-thumbnail\" alt=\"\" srcset=\"https:\/\/www.colorado.com.br\/nosdacolorado\/wp-content\/uploads\/2023\/06\/ASPA-Gua\u00edra-75-150x150.jpg 150w, https:\/\/www.colorado.com.br\/nosdacolorado\/wp-content\/uploads\/2023\/06\/ASPA-Gua\u00edra-75-100x100.jpg 100w, https:\/\/www.colorado.com.br\/nosdacolorado\/wp-content\/uploads\/2023\/06\/ASPA-Gua\u00edra-75-140x140.jpg 140w, https:\/\/www.colorado.com.br\/nosdacolorado\/wp-content\/uploads\/2023\/06\/ASPA-Gua\u00edra-75-500x500.jpg 500w, https:\/\/www.colorado.com.br\/nosdacolorado\/wp-content\/uploads\/2023\/06\/ASPA-Gua\u00edra-75-350x350.jpg 350w, https:\/\/www.colorado.com.br\/nosdacolorado\/wp-content\/uploads\/2023\/06\/ASPA-Gua\u00edra-75-800x800.jpg 800w\" sizes=\"auto, (max-width: 150px) 100vw, 150px\" \/><\/a>\n\t\t\t<\/dt><\/dl><br style=\"clear: both\" \/><dl class='gallery-item'>\n\t\t\t<dt class='gallery-icon portrait'>\n\t\t\t\t<a href='https:\/\/www.colorado.com.br\/nosdacolorado\/wp-content\/uploads\/2023\/06\/ASPA-Gua\u00edra-76.jpg'><img loading=\"lazy\" decoding=\"async\" data-attachment-id=\"21007\" data-orig-file=\"https:\/\/www.colorado.com.br\/nosdacolorado\/wp-content\/uploads\/2023\/06\/ASPA-Gua\u00edra-76.jpg\" data-orig-size=\"804,1206\" data-comments-opened=\"1\" data-image-meta=\"{&quot;aperture&quot;:&quot;0&quot;,&quot;credit&quot;:&quot;&quot;,&quot;camera&quot;:&quot;&quot;,&quot;caption&quot;:&quot;&quot;,&quot;created_timestamp&quot;:&quot;0&quot;,&quot;copyright&quot;:&quot;&quot;,&quot;focal_length&quot;:&quot;0&quot;,&quot;iso&quot;:&quot;0&quot;,&quot;shutter_speed&quot;:&quot;0&quot;,&quot;title&quot;:&quot;&quot;,&quot;orientation&quot;:&quot;0&quot;,&quot;keywords&quot;:&quot;Array&quot;}\" data-image-title=\"ASPA Gua\u00edra (76)\" data-image-description=\"\" data-medium-file=\"https:\/\/www.colorado.com.br\/nosdacolorado\/wp-content\/uploads\/2023\/06\/ASPA-Gua\u00edra-76-200x300.jpg\" data-large-file=\"https:\/\/www.colorado.com.br\/nosdacolorado\/wp-content\/uploads\/2023\/06\/ASPA-Gua\u00edra-76-683x1024.jpg\" width=\"150\" height=\"150\" src=\"https:\/\/www.colorado.com.br\/nosdacolorado\/wp-content\/uploads\/2023\/06\/ASPA-Gua\u00edra-76-150x150.jpg\" class=\"attachment-thumbnail size-thumbnail\" alt=\"\" srcset=\"https:\/\/www.colorado.com.br\/nosdacolorado\/wp-content\/uploads\/2023\/06\/ASPA-Gua\u00edra-76-150x150.jpg 150w, https:\/\/www.colorado.com.br\/nosdacolorado\/wp-content\/uploads\/2023\/06\/ASPA-Gua\u00edra-76-100x100.jpg 100w, https:\/\/www.colorado.com.br\/nosdacolorado\/wp-content\/uploads\/2023\/06\/ASPA-Gua\u00edra-76-140x140.jpg 140w, https:\/\/www.colorado.com.br\/nosdacolorado\/wp-content\/uploads\/2023\/06\/ASPA-Gua\u00edra-76-500x500.jpg 500w, https:\/\/www.colorado.com.br\/nosdacolorado\/wp-content\/uploads\/2023\/06\/ASPA-Gua\u00edra-76-350x350.jpg 350w, https:\/\/www.colorado.com.br\/nosdacolorado\/wp-content\/uploads\/2023\/06\/ASPA-Gua\u00edra-76-800x800.jpg 800w\" sizes=\"auto, (max-width: 150px) 100vw, 150px\" \/><\/a>\n\t\t\t<\/dt><\/dl><dl class='gallery-item'>\n\t\t\t<dt class='gallery-icon portrait'>\n\t\t\t\t<a href='https:\/\/www.colorado.com.br\/nosdacolorado\/wp-content\/uploads\/2023\/06\/ASPA-Gua\u00edra-77.jpg'><img loading=\"lazy\" decoding=\"async\" data-attachment-id=\"21008\" data-orig-file=\"https:\/\/www.colorado.com.br\/nosdacolorado\/wp-content\/uploads\/2023\/06\/ASPA-Gua\u00edra-77.jpg\" data-orig-size=\"804,1206\" data-comments-opened=\"1\" data-image-meta=\"{&quot;aperture&quot;:&quot;0&quot;,&quot;credit&quot;:&quot;&quot;,&quot;camera&quot;:&quot;&quot;,&quot;caption&quot;:&quot;&quot;,&quot;created_timestamp&quot;:&quot;0&quot;,&quot;copyright&quot;:&quot;&quot;,&quot;focal_length&quot;:&quot;0&quot;,&quot;iso&quot;:&quot;0&quot;,&quot;shutter_speed&quot;:&quot;0&quot;,&quot;title&quot;:&quot;&quot;,&quot;orientation&quot;:&quot;0&quot;,&quot;keywords&quot;:&quot;Array&quot;}\" data-image-title=\"ASPA Gua\u00edra (77)\" data-image-description=\"\" data-medium-file=\"https:\/\/www.colorado.com.br\/nosdacolorado\/wp-content\/uploads\/2023\/06\/ASPA-Gua\u00edra-77-200x300.jpg\" data-large-file=\"https:\/\/www.colorado.com.br\/nosdacolorado\/wp-content\/uploads\/2023\/06\/ASPA-Gua\u00edra-77-683x1024.jpg\" width=\"150\" height=\"150\" src=\"https:\/\/www.colorado.com.br\/nosdacolorado\/wp-content\/uploads\/2023\/06\/ASPA-Gua\u00edra-77-150x150.jpg\" class=\"attachment-thumbnail size-thumbnail\" alt=\"\" srcset=\"https:\/\/www.colorado.com.br\/nosdacolorado\/wp-content\/uploads\/2023\/06\/ASPA-Gua\u00edra-77-150x150.jpg 150w, https:\/\/www.colorado.com.br\/nosdacolorado\/wp-content\/uploads\/2023\/06\/ASPA-Gua\u00edra-77-100x100.jpg 100w, https:\/\/www.colorado.com.br\/nosdacolorado\/wp-content\/uploads\/2023\/06\/ASPA-Gua\u00edra-77-140x140.jpg 140w, https:\/\/www.colorado.com.br\/nosdacolorado\/wp-content\/uploads\/2023\/06\/ASPA-Gua\u00edra-77-500x500.jpg 500w, https:\/\/www.colorado.com.br\/nosdacolorado\/wp-content\/uploads\/2023\/06\/ASPA-Gua\u00edra-77-350x350.jpg 350w, https:\/\/www.colorado.com.br\/nosdacolorado\/wp-content\/uploads\/2023\/06\/ASPA-Gua\u00edra-77-800x800.jpg 800w\" sizes=\"auto, (max-width: 150px) 100vw, 150px\" \/><\/a>\n\t\t\t<\/dt><\/dl><dl class='gallery-item'>\n\t\t\t<dt class='gallery-icon portrait'>\n\t\t\t\t<a href='https:\/\/www.colorado.com.br\/nosdacolorado\/wp-content\/uploads\/2023\/06\/ASPA-Gua\u00edra-78.jpg'><img loading=\"lazy\" decoding=\"async\" data-attachment-id=\"21009\" data-orig-file=\"https:\/\/www.colorado.com.br\/nosdacolorado\/wp-content\/uploads\/2023\/06\/ASPA-Gua\u00edra-78.jpg\" data-orig-size=\"804,1206\" data-comments-opened=\"1\" data-image-meta=\"{&quot;aperture&quot;:&quot;0&quot;,&quot;credit&quot;:&quot;&quot;,&quot;camera&quot;:&quot;&quot;,&quot;caption&quot;:&quot;&quot;,&quot;created_timestamp&quot;:&quot;0&quot;,&quot;copyright&quot;:&quot;&quot;,&quot;focal_length&quot;:&quot;0&quot;,&quot;iso&quot;:&quot;0&quot;,&quot;shutter_speed&quot;:&quot;0&quot;,&quot;title&quot;:&quot;&quot;,&quot;orientation&quot;:&quot;0&quot;,&quot;keywords&quot;:&quot;Array&quot;}\" data-image-title=\"ASPA Gua\u00edra (78)\" data-image-description=\"\" data-medium-file=\"https:\/\/www.colorado.com.br\/nosdacolorado\/wp-content\/uploads\/2023\/06\/ASPA-Gua\u00edra-78-200x300.jpg\" data-large-file=\"https:\/\/www.colorado.com.br\/nosdacolorado\/wp-content\/uploads\/2023\/06\/ASPA-Gua\u00edra-78-683x1024.jpg\" width=\"150\" height=\"150\" src=\"https:\/\/www.colorado.com.br\/nosdacolorado\/wp-content\/uploads\/2023\/06\/ASPA-Gua\u00edra-78-150x150.jpg\" class=\"attachment-thumbnail size-thumbnail\" alt=\"\" srcset=\"https:\/\/www.colorado.com.br\/nosdacolorado\/wp-content\/uploads\/2023\/06\/ASPA-Gua\u00edra-78-150x150.jpg 150w, https:\/\/www.colorado.com.br\/nosdacolorado\/wp-content\/uploads\/2023\/06\/ASPA-Gua\u00edra-78-100x100.jpg 100w, https:\/\/www.colorado.com.br\/nosdacolorado\/wp-content\/uploads\/2023\/06\/ASPA-Gua\u00edra-78-140x140.jpg 140w, https:\/\/www.colorado.com.br\/nosdacolorado\/wp-content\/uploads\/2023\/06\/ASPA-Gua\u00edra-78-500x500.jpg 500w, https:\/\/www.colorado.com.br\/nosdacolorado\/wp-content\/uploads\/2023\/06\/ASPA-Gua\u00edra-78-350x350.jpg 350w, https:\/\/www.colorado.com.br\/nosdacolorado\/wp-content\/uploads\/2023\/06\/ASPA-Gua\u00edra-78-800x800.jpg 800w\" sizes=\"auto, (max-width: 150px) 100vw, 150px\" \/><\/a>\n\t\t\t<\/dt><\/dl><dl class='gallery-item'>\n\t\t\t<dt class='gallery-icon portrait'>\n\t\t\t\t<a href='https:\/\/www.colorado.com.br\/nosdacolorado\/wp-content\/uploads\/2023\/06\/ASPA-Gua\u00edra-79.jpg'><img loading=\"lazy\" decoding=\"async\" data-attachment-id=\"21010\" data-orig-file=\"https:\/\/www.colorado.com.br\/nosdacolorado\/wp-content\/uploads\/2023\/06\/ASPA-Gua\u00edra-79.jpg\" data-orig-size=\"804,1206\" data-comments-opened=\"1\" data-image-meta=\"{&quot;aperture&quot;:&quot;0&quot;,&quot;credit&quot;:&quot;&quot;,&quot;camera&quot;:&quot;&quot;,&quot;caption&quot;:&quot;&quot;,&quot;created_timestamp&quot;:&quot;0&quot;,&quot;copyright&quot;:&quot;&quot;,&quot;focal_length&quot;:&quot;0&quot;,&quot;iso&quot;:&quot;0&quot;,&quot;shutter_speed&quot;:&quot;0&quot;,&quot;title&quot;:&quot;&quot;,&quot;orientation&quot;:&quot;0&quot;,&quot;keywords&quot;:&quot;Array&quot;}\" data-image-title=\"ASPA Gua\u00edra (79)\" data-image-description=\"\" data-medium-file=\"https:\/\/www.colorado.com.br\/nosdacolorado\/wp-content\/uploads\/2023\/06\/ASPA-Gua\u00edra-79-200x300.jpg\" data-large-file=\"https:\/\/www.colorado.com.br\/nosdacolorado\/wp-content\/uploads\/2023\/06\/ASPA-Gua\u00edra-79-683x1024.jpg\" width=\"150\" height=\"150\" src=\"https:\/\/www.colorado.com.br\/nosdacolorado\/wp-content\/uploads\/2023\/06\/ASPA-Gua\u00edra-79-150x150.jpg\" class=\"attachment-thumbnail size-thumbnail\" alt=\"\" srcset=\"https:\/\/www.colorado.com.br\/nosdacolorado\/wp-content\/uploads\/2023\/06\/ASPA-Gua\u00edra-79-150x150.jpg 150w, https:\/\/www.colorado.com.br\/nosdacolorado\/wp-content\/uploads\/2023\/06\/ASPA-Gua\u00edra-79-100x100.jpg 100w, https:\/\/www.colorado.com.br\/nosdacolorado\/wp-content\/uploads\/2023\/06\/ASPA-Gua\u00edra-79-140x140.jpg 140w, https:\/\/www.colorado.com.br\/nosdacolorado\/wp-content\/uploads\/2023\/06\/ASPA-Gua\u00edra-79-500x500.jpg 500w, https:\/\/www.colorado.com.br\/nosdacolorado\/wp-content\/uploads\/2023\/06\/ASPA-Gua\u00edra-79-350x350.jpg 350w, https:\/\/www.colorado.com.br\/nosdacolorado\/wp-content\/uploads\/2023\/06\/ASPA-Gua\u00edra-79-800x800.jpg 800w\" sizes=\"auto, (max-width: 150px) 100vw, 150px\" \/><\/a>\n\t\t\t<\/dt><\/dl><dl class='gallery-item'>\n\t\t\t<dt class='gallery-icon portrait'>\n\t\t\t\t<a href='https:\/\/www.colorado.com.br\/nosdacolorado\/wp-content\/uploads\/2023\/06\/ASPA-Gua\u00edra-80.jpg'><img loading=\"lazy\" decoding=\"async\" data-attachment-id=\"21011\" data-orig-file=\"https:\/\/www.colorado.com.br\/nosdacolorado\/wp-content\/uploads\/2023\/06\/ASPA-Gua\u00edra-80.jpg\" data-orig-size=\"804,1206\" data-comments-opened=\"1\" data-image-meta=\"{&quot;aperture&quot;:&quot;0&quot;,&quot;credit&quot;:&quot;&quot;,&quot;camera&quot;:&quot;&quot;,&quot;caption&quot;:&quot;&quot;,&quot;created_timestamp&quot;:&quot;0&quot;,&quot;copyright&quot;:&quot;&quot;,&quot;focal_length&quot;:&quot;0&quot;,&quot;iso&quot;:&quot;0&quot;,&quot;shutter_speed&quot;:&quot;0&quot;,&quot;title&quot;:&quot;&quot;,&quot;orientation&quot;:&quot;0&quot;,&quot;keywords&quot;:&quot;Array&quot;}\" data-image-title=\"ASPA Gua\u00edra (80)\" data-image-description=\"\" data-medium-file=\"https:\/\/www.colorado.com.br\/nosdacolorado\/wp-content\/uploads\/2023\/06\/ASPA-Gua\u00edra-80-200x300.jpg\" data-large-file=\"https:\/\/www.colorado.com.br\/nosdacolorado\/wp-content\/uploads\/2023\/06\/ASPA-Gua\u00edra-80-683x1024.jpg\" width=\"150\" height=\"150\" src=\"https:\/\/www.colorado.com.br\/nosdacolorado\/wp-content\/uploads\/2023\/06\/ASPA-Gua\u00edra-80-150x150.jpg\" class=\"attachment-thumbnail size-thumbnail\" alt=\"\" srcset=\"https:\/\/www.colorado.com.br\/nosdacolorado\/wp-content\/uploads\/2023\/06\/ASPA-Gua\u00edra-80-150x150.jpg 150w, https:\/\/www.colorado.com.br\/nosdacolorado\/wp-content\/uploads\/2023\/06\/ASPA-Gua\u00edra-80-100x100.jpg 100w, https:\/\/www.colorado.com.br\/nosdacolorado\/wp-content\/uploads\/2023\/06\/ASPA-Gua\u00edra-80-140x140.jpg 140w, https:\/\/www.colorado.com.br\/nosdacolorado\/wp-content\/uploads\/2023\/06\/ASPA-Gua\u00edra-80-500x500.jpg 500w, https:\/\/www.colorado.com.br\/nosdacolorado\/wp-content\/uploads\/2023\/06\/ASPA-Gua\u00edra-80-350x350.jpg 350w, https:\/\/www.colorado.com.br\/nosdacolorado\/wp-content\/uploads\/2023\/06\/ASPA-Gua\u00edra-80-800x800.jpg 800w\" sizes=\"auto, (max-width: 150px) 100vw, 150px\" \/><\/a>\n\t\t\t<\/dt><\/dl><br style=\"clear: both\" \/><dl class='gallery-item'>\n\t\t\t<dt class='gallery-icon portrait'>\n\t\t\t\t<a href='https:\/\/www.colorado.com.br\/nosdacolorado\/wp-content\/uploads\/2023\/06\/ASPA-Gua\u00edra-81.jpg'><img loading=\"lazy\" decoding=\"async\" data-attachment-id=\"21012\" data-orig-file=\"https:\/\/www.colorado.com.br\/nosdacolorado\/wp-content\/uploads\/2023\/06\/ASPA-Gua\u00edra-81.jpg\" data-orig-size=\"804,1206\" data-comments-opened=\"1\" data-image-meta=\"{&quot;aperture&quot;:&quot;0&quot;,&quot;credit&quot;:&quot;&quot;,&quot;camera&quot;:&quot;&quot;,&quot;caption&quot;:&quot;&quot;,&quot;created_timestamp&quot;:&quot;0&quot;,&quot;copyright&quot;:&quot;&quot;,&quot;focal_length&quot;:&quot;0&quot;,&quot;iso&quot;:&quot;0&quot;,&quot;shutter_speed&quot;:&quot;0&quot;,&quot;title&quot;:&quot;&quot;,&quot;orientation&quot;:&quot;0&quot;,&quot;keywords&quot;:&quot;Array&quot;}\" data-image-title=\"ASPA Gua\u00edra (81)\" data-image-description=\"\" data-medium-file=\"https:\/\/www.colorado.com.br\/nosdacolorado\/wp-content\/uploads\/2023\/06\/ASPA-Gua\u00edra-81-200x300.jpg\" data-large-file=\"https:\/\/www.colorado.com.br\/nosdacolorado\/wp-content\/uploads\/2023\/06\/ASPA-Gua\u00edra-81-683x1024.jpg\" width=\"150\" height=\"150\" src=\"https:\/\/www.colorado.com.br\/nosdacolorado\/wp-content\/uploads\/2023\/06\/ASPA-Gua\u00edra-81-150x150.jpg\" class=\"attachment-thumbnail size-thumbnail\" alt=\"\" srcset=\"https:\/\/www.colorado.com.br\/nosdacolorado\/wp-content\/uploads\/2023\/06\/ASPA-Gua\u00edra-81-150x150.jpg 150w, https:\/\/www.colorado.com.br\/nosdacolorado\/wp-content\/uploads\/2023\/06\/ASPA-Gua\u00edra-81-100x100.jpg 100w, https:\/\/www.colorado.com.br\/nosdacolorado\/wp-content\/uploads\/2023\/06\/ASPA-Gua\u00edra-81-140x140.jpg 140w, https:\/\/www.colorado.com.br\/nosdacolorado\/wp-content\/uploads\/2023\/06\/ASPA-Gua\u00edra-81-500x500.jpg 500w, https:\/\/www.colorado.com.br\/nosdacolorado\/wp-content\/uploads\/2023\/06\/ASPA-Gua\u00edra-81-350x350.jpg 350w, https:\/\/www.colorado.com.br\/nosdacolorado\/wp-content\/uploads\/2023\/06\/ASPA-Gua\u00edra-81-800x800.jpg 800w\" sizes=\"auto, (max-width: 150px) 100vw, 150px\" \/><\/a>\n\t\t\t<\/dt><\/dl><dl class='gallery-item'>\n\t\t\t<dt class='gallery-icon portrait'>\n\t\t\t\t<a href='https:\/\/www.colorado.com.br\/nosdacolorado\/wp-content\/uploads\/2023\/06\/ASPA-Gua\u00edra-82.jpg'><img loading=\"lazy\" decoding=\"async\" data-attachment-id=\"21013\" data-orig-file=\"https:\/\/www.colorado.com.br\/nosdacolorado\/wp-content\/uploads\/2023\/06\/ASPA-Gua\u00edra-82.jpg\" data-orig-size=\"804,1206\" data-comments-opened=\"1\" data-image-meta=\"{&quot;aperture&quot;:&quot;0&quot;,&quot;credit&quot;:&quot;&quot;,&quot;camera&quot;:&quot;&quot;,&quot;caption&quot;:&quot;&quot;,&quot;created_timestamp&quot;:&quot;0&quot;,&quot;copyright&quot;:&quot;&quot;,&quot;focal_length&quot;:&quot;0&quot;,&quot;iso&quot;:&quot;0&quot;,&quot;shutter_speed&quot;:&quot;0&quot;,&quot;title&quot;:&quot;&quot;,&quot;orientation&quot;:&quot;0&quot;,&quot;keywords&quot;:&quot;Array&quot;}\" data-image-title=\"ASPA Gua\u00edra (82)\" data-image-description=\"\" data-medium-file=\"https:\/\/www.colorado.com.br\/nosdacolorado\/wp-content\/uploads\/2023\/06\/ASPA-Gua\u00edra-82-200x300.jpg\" data-large-file=\"https:\/\/www.colorado.com.br\/nosdacolorado\/wp-content\/uploads\/2023\/06\/ASPA-Gua\u00edra-82-683x1024.jpg\" width=\"150\" height=\"150\" src=\"https:\/\/www.colorado.com.br\/nosdacolorado\/wp-content\/uploads\/2023\/06\/ASPA-Gua\u00edra-82-150x150.jpg\" class=\"attachment-thumbnail size-thumbnail\" alt=\"\" srcset=\"https:\/\/www.colorado.com.br\/nosdacolorado\/wp-content\/uploads\/2023\/06\/ASPA-Gua\u00edra-82-150x150.jpg 150w, https:\/\/www.colorado.com.br\/nosdacolorado\/wp-content\/uploads\/2023\/06\/ASPA-Gua\u00edra-82-100x100.jpg 100w, https:\/\/www.colorado.com.br\/nosdacolorado\/wp-content\/uploads\/2023\/06\/ASPA-Gua\u00edra-82-140x140.jpg 140w, https:\/\/www.colorado.com.br\/nosdacolorado\/wp-content\/uploads\/2023\/06\/ASPA-Gua\u00edra-82-500x500.jpg 500w, https:\/\/www.colorado.com.br\/nosdacolorado\/wp-content\/uploads\/2023\/06\/ASPA-Gua\u00edra-82-350x350.jpg 350w, https:\/\/www.colorado.com.br\/nosdacolorado\/wp-content\/uploads\/2023\/06\/ASPA-Gua\u00edra-82-800x800.jpg 800w\" sizes=\"auto, (max-width: 150px) 100vw, 150px\" \/><\/a>\n\t\t\t<\/dt><\/dl><dl class='gallery-item'>\n\t\t\t<dt class='gallery-icon portrait'>\n\t\t\t\t<a href='https:\/\/www.colorado.com.br\/nosdacolorado\/wp-content\/uploads\/2023\/06\/ASPA-Gua\u00edra-83.jpg'><img loading=\"lazy\" decoding=\"async\" data-attachment-id=\"21014\" data-orig-file=\"https:\/\/www.colorado.com.br\/nosdacolorado\/wp-content\/uploads\/2023\/06\/ASPA-Gua\u00edra-83.jpg\" data-orig-size=\"804,1206\" data-comments-opened=\"1\" data-image-meta=\"{&quot;aperture&quot;:&quot;0&quot;,&quot;credit&quot;:&quot;&quot;,&quot;camera&quot;:&quot;&quot;,&quot;caption&quot;:&quot;&quot;,&quot;created_timestamp&quot;:&quot;0&quot;,&quot;copyright&quot;:&quot;&quot;,&quot;focal_length&quot;:&quot;0&quot;,&quot;iso&quot;:&quot;0&quot;,&quot;shutter_speed&quot;:&quot;0&quot;,&quot;title&quot;:&quot;&quot;,&quot;orientation&quot;:&quot;0&quot;,&quot;keywords&quot;:&quot;Array&quot;}\" data-image-title=\"ASPA Gua\u00edra (83)\" data-image-description=\"\" data-medium-file=\"https:\/\/www.colorado.com.br\/nosdacolorado\/wp-content\/uploads\/2023\/06\/ASPA-Gua\u00edra-83-200x300.jpg\" data-large-file=\"https:\/\/www.colorado.com.br\/nosdacolorado\/wp-content\/uploads\/2023\/06\/ASPA-Gua\u00edra-83-683x1024.jpg\" width=\"150\" height=\"150\" src=\"https:\/\/www.colorado.com.br\/nosdacolorado\/wp-content\/uploads\/2023\/06\/ASPA-Gua\u00edra-83-150x150.jpg\" class=\"attachment-thumbnail size-thumbnail\" alt=\"\" srcset=\"https:\/\/www.colorado.com.br\/nosdacolorado\/wp-content\/uploads\/2023\/06\/ASPA-Gua\u00edra-83-150x150.jpg 150w, https:\/\/www.colorado.com.br\/nosdacolorado\/wp-content\/uploads\/2023\/06\/ASPA-Gua\u00edra-83-100x100.jpg 100w, https:\/\/www.colorado.com.br\/nosdacolorado\/wp-content\/uploads\/2023\/06\/ASPA-Gua\u00edra-83-140x140.jpg 140w, https:\/\/www.colorado.com.br\/nosdacolorado\/wp-content\/uploads\/2023\/06\/ASPA-Gua\u00edra-83-500x500.jpg 500w, https:\/\/www.colorado.com.br\/nosdacolorado\/wp-content\/uploads\/2023\/06\/ASPA-Gua\u00edra-83-350x350.jpg 350w, https:\/\/www.colorado.com.br\/nosdacolorado\/wp-content\/uploads\/2023\/06\/ASPA-Gua\u00edra-83-800x800.jpg 800w\" sizes=\"auto, (max-width: 150px) 100vw, 150px\" \/><\/a>\n\t\t\t<\/dt><\/dl><dl class='gallery-item'>\n\t\t\t<dt class='gallery-icon portrait'>\n\t\t\t\t<a href='https:\/\/www.colorado.com.br\/nosdacolorado\/wp-content\/uploads\/2023\/06\/ASPA-Gua\u00edra-84.jpg'><img loading=\"lazy\" decoding=\"async\" data-attachment-id=\"21015\" data-orig-file=\"https:\/\/www.colorado.com.br\/nosdacolorado\/wp-content\/uploads\/2023\/06\/ASPA-Gua\u00edra-84.jpg\" data-orig-size=\"804,1206\" data-comments-opened=\"1\" data-image-meta=\"{&quot;aperture&quot;:&quot;0&quot;,&quot;credit&quot;:&quot;&quot;,&quot;camera&quot;:&quot;&quot;,&quot;caption&quot;:&quot;&quot;,&quot;created_timestamp&quot;:&quot;0&quot;,&quot;copyright&quot;:&quot;&quot;,&quot;focal_length&quot;:&quot;0&quot;,&quot;iso&quot;:&quot;0&quot;,&quot;shutter_speed&quot;:&quot;0&quot;,&quot;title&quot;:&quot;&quot;,&quot;orientation&quot;:&quot;0&quot;,&quot;keywords&quot;:&quot;Array&quot;}\" data-image-title=\"ASPA Gua\u00edra (84)\" data-image-description=\"\" data-medium-file=\"https:\/\/www.colorado.com.br\/nosdacolorado\/wp-content\/uploads\/2023\/06\/ASPA-Gua\u00edra-84-200x300.jpg\" data-large-file=\"https:\/\/www.colorado.com.br\/nosdacolorado\/wp-content\/uploads\/2023\/06\/ASPA-Gua\u00edra-84-683x1024.jpg\" width=\"150\" height=\"150\" src=\"https:\/\/www.colorado.com.br\/nosdacolorado\/wp-content\/uploads\/2023\/06\/ASPA-Gua\u00edra-84-150x150.jpg\" class=\"attachment-thumbnail size-thumbnail\" alt=\"\" srcset=\"https:\/\/www.colorado.com.br\/nosdacolorado\/wp-content\/uploads\/2023\/06\/ASPA-Gua\u00edra-84-150x150.jpg 150w, https:\/\/www.colorado.com.br\/nosdacolorado\/wp-content\/uploads\/2023\/06\/ASPA-Gua\u00edra-84-100x100.jpg 100w, https:\/\/www.colorado.com.br\/nosdacolorado\/wp-content\/uploads\/2023\/06\/ASPA-Gua\u00edra-84-140x140.jpg 140w, https:\/\/www.colorado.com.br\/nosdacolorado\/wp-content\/uploads\/2023\/06\/ASPA-Gua\u00edra-84-500x500.jpg 500w, https:\/\/www.colorado.com.br\/nosdacolorado\/wp-content\/uploads\/2023\/06\/ASPA-Gua\u00edra-84-350x350.jpg 350w, https:\/\/www.colorado.com.br\/nosdacolorado\/wp-content\/uploads\/2023\/06\/ASPA-Gua\u00edra-84-800x800.jpg 800w\" sizes=\"auto, (max-width: 150px) 100vw, 150px\" \/><\/a>\n\t\t\t<\/dt><\/dl><dl class='gallery-item'>\n\t\t\t<dt class='gallery-icon portrait'>\n\t\t\t\t<a href='https:\/\/www.colorado.com.br\/nosdacolorado\/wp-content\/uploads\/2023\/06\/ASPA-Gua\u00edra-85.jpg'><img loading=\"lazy\" decoding=\"async\" data-attachment-id=\"21016\" data-orig-file=\"https:\/\/www.colorado.com.br\/nosdacolorado\/wp-content\/uploads\/2023\/06\/ASPA-Gua\u00edra-85.jpg\" data-orig-size=\"804,1206\" data-comments-opened=\"1\" data-image-meta=\"{&quot;aperture&quot;:&quot;0&quot;,&quot;credit&quot;:&quot;&quot;,&quot;camera&quot;:&quot;&quot;,&quot;caption&quot;:&quot;&quot;,&quot;created_timestamp&quot;:&quot;0&quot;,&quot;copyright&quot;:&quot;&quot;,&quot;focal_length&quot;:&quot;0&quot;,&quot;iso&quot;:&quot;0&quot;,&quot;shutter_speed&quot;:&quot;0&quot;,&quot;title&quot;:&quot;&quot;,&quot;orientation&quot;:&quot;0&quot;,&quot;keywords&quot;:&quot;Array&quot;}\" data-image-title=\"ASPA Gua\u00edra (85)\" data-image-description=\"\" data-medium-file=\"https:\/\/www.colorado.com.br\/nosdacolorado\/wp-content\/uploads\/2023\/06\/ASPA-Gua\u00edra-85-200x300.jpg\" data-large-file=\"https:\/\/www.colorado.com.br\/nosdacolorado\/wp-content\/uploads\/2023\/06\/ASPA-Gua\u00edra-85-683x1024.jpg\" width=\"150\" height=\"150\" src=\"https:\/\/www.colorado.com.br\/nosdacolorado\/wp-content\/uploads\/2023\/06\/ASPA-Gua\u00edra-85-150x150.jpg\" class=\"attachment-thumbnail size-thumbnail\" alt=\"\" srcset=\"https:\/\/www.colorado.com.br\/nosdacolorado\/wp-content\/uploads\/2023\/06\/ASPA-Gua\u00edra-85-150x150.jpg 150w, https:\/\/www.colorado.com.br\/nosdacolorado\/wp-content\/uploads\/2023\/06\/ASPA-Gua\u00edra-85-100x100.jpg 100w, https:\/\/www.colorado.com.br\/nosdacolorado\/wp-content\/uploads\/2023\/06\/ASPA-Gua\u00edra-85-140x140.jpg 140w, https:\/\/www.colorado.com.br\/nosdacolorado\/wp-content\/uploads\/2023\/06\/ASPA-Gua\u00edra-85-500x500.jpg 500w, https:\/\/www.colorado.com.br\/nosdacolorado\/wp-content\/uploads\/2023\/06\/ASPA-Gua\u00edra-85-350x350.jpg 350w, https:\/\/www.colorado.com.br\/nosdacolorado\/wp-content\/uploads\/2023\/06\/ASPA-Gua\u00edra-85-800x800.jpg 800w\" sizes=\"auto, (max-width: 150px) 100vw, 150px\" \/><\/a>\n\t\t\t<\/dt><\/dl><br style=\"clear: both\" \/><dl class='gallery-item'>\n\t\t\t<dt class='gallery-icon portrait'>\n\t\t\t\t<a href='https:\/\/www.colorado.com.br\/nosdacolorado\/wp-content\/uploads\/2023\/06\/ASPA-Gua\u00edra-86.jpg'><img loading=\"lazy\" decoding=\"async\" data-attachment-id=\"21017\" data-orig-file=\"https:\/\/www.colorado.com.br\/nosdacolorado\/wp-content\/uploads\/2023\/06\/ASPA-Gua\u00edra-86.jpg\" data-orig-size=\"804,1206\" data-comments-opened=\"1\" data-image-meta=\"{&quot;aperture&quot;:&quot;0&quot;,&quot;credit&quot;:&quot;&quot;,&quot;camera&quot;:&quot;&quot;,&quot;caption&quot;:&quot;&quot;,&quot;created_timestamp&quot;:&quot;0&quot;,&quot;copyright&quot;:&quot;&quot;,&quot;focal_length&quot;:&quot;0&quot;,&quot;iso&quot;:&quot;0&quot;,&quot;shutter_speed&quot;:&quot;0&quot;,&quot;title&quot;:&quot;&quot;,&quot;orientation&quot;:&quot;0&quot;,&quot;keywords&quot;:&quot;Array&quot;}\" data-image-title=\"ASPA Gua\u00edra (86)\" data-image-description=\"\" data-medium-file=\"https:\/\/www.colorado.com.br\/nosdacolorado\/wp-content\/uploads\/2023\/06\/ASPA-Gua\u00edra-86-200x300.jpg\" data-large-file=\"https:\/\/www.colorado.com.br\/nosdacolorado\/wp-content\/uploads\/2023\/06\/ASPA-Gua\u00edra-86-683x1024.jpg\" width=\"150\" height=\"150\" src=\"https:\/\/www.colorado.com.br\/nosdacolorado\/wp-content\/uploads\/2023\/06\/ASPA-Gua\u00edra-86-150x150.jpg\" class=\"attachment-thumbnail size-thumbnail\" alt=\"\" srcset=\"https:\/\/www.colorado.com.br\/nosdacolorado\/wp-content\/uploads\/2023\/06\/ASPA-Gua\u00edra-86-150x150.jpg 150w, https:\/\/www.colorado.com.br\/nosdacolorado\/wp-content\/uploads\/2023\/06\/ASPA-Gua\u00edra-86-100x100.jpg 100w, https:\/\/www.colorado.com.br\/nosdacolorado\/wp-content\/uploads\/2023\/06\/ASPA-Gua\u00edra-86-140x140.jpg 140w, https:\/\/www.colorado.com.br\/nosdacolorado\/wp-content\/uploads\/2023\/06\/ASPA-Gua\u00edra-86-500x500.jpg 500w, https:\/\/www.colorado.com.br\/nosdacolorado\/wp-content\/uploads\/2023\/06\/ASPA-Gua\u00edra-86-350x350.jpg 350w, https:\/\/www.colorado.com.br\/nosdacolorado\/wp-content\/uploads\/2023\/06\/ASPA-Gua\u00edra-86-800x800.jpg 800w\" sizes=\"auto, (max-width: 150px) 100vw, 150px\" \/><\/a>\n\t\t\t<\/dt><\/dl><dl class='gallery-item'>\n\t\t\t<dt class='gallery-icon portrait'>\n\t\t\t\t<a href='https:\/\/www.colorado.com.br\/nosdacolorado\/wp-content\/uploads\/2023\/06\/ASPA-Gua\u00edra-87.jpg'><img loading=\"lazy\" decoding=\"async\" data-attachment-id=\"21018\" data-orig-file=\"https:\/\/www.colorado.com.br\/nosdacolorado\/wp-content\/uploads\/2023\/06\/ASPA-Gua\u00edra-87.jpg\" data-orig-size=\"804,1206\" data-comments-opened=\"1\" data-image-meta=\"{&quot;aperture&quot;:&quot;0&quot;,&quot;credit&quot;:&quot;&quot;,&quot;camera&quot;:&quot;&quot;,&quot;caption&quot;:&quot;&quot;,&quot;created_timestamp&quot;:&quot;0&quot;,&quot;copyright&quot;:&quot;&quot;,&quot;focal_length&quot;:&quot;0&quot;,&quot;iso&quot;:&quot;0&quot;,&quot;shutter_speed&quot;:&quot;0&quot;,&quot;title&quot;:&quot;&quot;,&quot;orientation&quot;:&quot;0&quot;,&quot;keywords&quot;:&quot;Array&quot;}\" data-image-title=\"ASPA Gua\u00edra (87)\" data-image-description=\"\" data-medium-file=\"https:\/\/www.colorado.com.br\/nosdacolorado\/wp-content\/uploads\/2023\/06\/ASPA-Gua\u00edra-87-200x300.jpg\" data-large-file=\"https:\/\/www.colorado.com.br\/nosdacolorado\/wp-content\/uploads\/2023\/06\/ASPA-Gua\u00edra-87-683x1024.jpg\" width=\"150\" height=\"150\" src=\"https:\/\/www.colorado.com.br\/nosdacolorado\/wp-content\/uploads\/2023\/06\/ASPA-Gua\u00edra-87-150x150.jpg\" class=\"attachment-thumbnail size-thumbnail\" alt=\"\" srcset=\"https:\/\/www.colorado.com.br\/nosdacolorado\/wp-content\/uploads\/2023\/06\/ASPA-Gua\u00edra-87-150x150.jpg 150w, https:\/\/www.colorado.com.br\/nosdacolorado\/wp-content\/uploads\/2023\/06\/ASPA-Gua\u00edra-87-100x100.jpg 100w, https:\/\/www.colorado.com.br\/nosdacolorado\/wp-content\/uploads\/2023\/06\/ASPA-Gua\u00edra-87-140x140.jpg 140w, https:\/\/www.colorado.com.br\/nosdacolorado\/wp-content\/uploads\/2023\/06\/ASPA-Gua\u00edra-87-500x500.jpg 500w, https:\/\/www.colorado.com.br\/nosdacolorado\/wp-content\/uploads\/2023\/06\/ASPA-Gua\u00edra-87-350x350.jpg 350w, https:\/\/www.colorado.com.br\/nosdacolorado\/wp-content\/uploads\/2023\/06\/ASPA-Gua\u00edra-87-800x800.jpg 800w\" sizes=\"auto, (max-width: 150px) 100vw, 150px\" \/><\/a>\n\t\t\t<\/dt><\/dl><dl class='gallery-item'>\n\t\t\t<dt class='gallery-icon portrait'>\n\t\t\t\t<a href='https:\/\/www.colorado.com.br\/nosdacolorado\/wp-content\/uploads\/2023\/06\/ASPA-Gua\u00edra-88.jpg'><img loading=\"lazy\" decoding=\"async\" data-attachment-id=\"21019\" data-orig-file=\"https:\/\/www.colorado.com.br\/nosdacolorado\/wp-content\/uploads\/2023\/06\/ASPA-Gua\u00edra-88.jpg\" data-orig-size=\"804,1206\" data-comments-opened=\"1\" data-image-meta=\"{&quot;aperture&quot;:&quot;0&quot;,&quot;credit&quot;:&quot;&quot;,&quot;camera&quot;:&quot;&quot;,&quot;caption&quot;:&quot;&quot;,&quot;created_timestamp&quot;:&quot;0&quot;,&quot;copyright&quot;:&quot;&quot;,&quot;focal_length&quot;:&quot;0&quot;,&quot;iso&quot;:&quot;0&quot;,&quot;shutter_speed&quot;:&quot;0&quot;,&quot;title&quot;:&quot;&quot;,&quot;orientation&quot;:&quot;0&quot;,&quot;keywords&quot;:&quot;Array&quot;}\" data-image-title=\"ASPA Gua\u00edra (88)\" data-image-description=\"\" data-medium-file=\"https:\/\/www.colorado.com.br\/nosdacolorado\/wp-content\/uploads\/2023\/06\/ASPA-Gua\u00edra-88-200x300.jpg\" data-large-file=\"https:\/\/www.colorado.com.br\/nosdacolorado\/wp-content\/uploads\/2023\/06\/ASPA-Gua\u00edra-88-683x1024.jpg\" width=\"150\" height=\"150\" src=\"https:\/\/www.colorado.com.br\/nosdacolorado\/wp-content\/uploads\/2023\/06\/ASPA-Gua\u00edra-88-150x150.jpg\" class=\"attachment-thumbnail size-thumbnail\" alt=\"\" srcset=\"https:\/\/www.colorado.com.br\/nosdacolorado\/wp-content\/uploads\/2023\/06\/ASPA-Gua\u00edra-88-150x150.jpg 150w, https:\/\/www.colorado.com.br\/nosdacolorado\/wp-content\/uploads\/2023\/06\/ASPA-Gua\u00edra-88-100x100.jpg 100w, https:\/\/www.colorado.com.br\/nosdacolorado\/wp-content\/uploads\/2023\/06\/ASPA-Gua\u00edra-88-140x140.jpg 140w, https:\/\/www.colorado.com.br\/nosdacolorado\/wp-content\/uploads\/2023\/06\/ASPA-Gua\u00edra-88-500x500.jpg 500w, https:\/\/www.colorado.com.br\/nosdacolorado\/wp-content\/uploads\/2023\/06\/ASPA-Gua\u00edra-88-350x350.jpg 350w, https:\/\/www.colorado.com.br\/nosdacolorado\/wp-content\/uploads\/2023\/06\/ASPA-Gua\u00edra-88-800x800.jpg 800w\" sizes=\"auto, (max-width: 150px) 100vw, 150px\" \/><\/a>\n\t\t\t<\/dt><\/dl><dl class='gallery-item'>\n\t\t\t<dt class='gallery-icon portrait'>\n\t\t\t\t<a href='https:\/\/www.colorado.com.br\/nosdacolorado\/wp-content\/uploads\/2023\/06\/ASPA-Gua\u00edra-89.jpg'><img loading=\"lazy\" decoding=\"async\" data-attachment-id=\"21020\" data-orig-file=\"https:\/\/www.colorado.com.br\/nosdacolorado\/wp-content\/uploads\/2023\/06\/ASPA-Gua\u00edra-89.jpg\" data-orig-size=\"804,1206\" data-comments-opened=\"1\" data-image-meta=\"{&quot;aperture&quot;:&quot;0&quot;,&quot;credit&quot;:&quot;&quot;,&quot;camera&quot;:&quot;&quot;,&quot;caption&quot;:&quot;&quot;,&quot;created_timestamp&quot;:&quot;0&quot;,&quot;copyright&quot;:&quot;&quot;,&quot;focal_length&quot;:&quot;0&quot;,&quot;iso&quot;:&quot;0&quot;,&quot;shutter_speed&quot;:&quot;0&quot;,&quot;title&quot;:&quot;&quot;,&quot;orientation&quot;:&quot;0&quot;,&quot;keywords&quot;:&quot;Array&quot;}\" data-image-title=\"ASPA Gua\u00edra (89)\" data-image-description=\"\" data-medium-file=\"https:\/\/www.colorado.com.br\/nosdacolorado\/wp-content\/uploads\/2023\/06\/ASPA-Gua\u00edra-89-200x300.jpg\" data-large-file=\"https:\/\/www.colorado.com.br\/nosdacolorado\/wp-content\/uploads\/2023\/06\/ASPA-Gua\u00edra-89-683x1024.jpg\" width=\"150\" height=\"150\" src=\"https:\/\/www.colorado.com.br\/nosdacolorado\/wp-content\/uploads\/2023\/06\/ASPA-Gua\u00edra-89-150x150.jpg\" class=\"attachment-thumbnail size-thumbnail\" alt=\"\" srcset=\"https:\/\/www.colorado.com.br\/nosdacolorado\/wp-content\/uploads\/2023\/06\/ASPA-Gua\u00edra-89-150x150.jpg 150w, https:\/\/www.colorado.com.br\/nosdacolorado\/wp-content\/uploads\/2023\/06\/ASPA-Gua\u00edra-89-100x100.jpg 100w, https:\/\/www.colorado.com.br\/nosdacolorado\/wp-content\/uploads\/2023\/06\/ASPA-Gua\u00edra-89-140x140.jpg 140w, https:\/\/www.colorado.com.br\/nosdacolorado\/wp-content\/uploads\/2023\/06\/ASPA-Gua\u00edra-89-500x500.jpg 500w, https:\/\/www.colorado.com.br\/nosdacolorado\/wp-content\/uploads\/2023\/06\/ASPA-Gua\u00edra-89-350x350.jpg 350w, https:\/\/www.colorado.com.br\/nosdacolorado\/wp-content\/uploads\/2023\/06\/ASPA-Gua\u00edra-89-800x800.jpg 800w\" sizes=\"auto, (max-width: 150px) 100vw, 150px\" \/><\/a>\n\t\t\t<\/dt><\/dl><dl class='gallery-item'>\n\t\t\t<dt class='gallery-icon portrait'>\n\t\t\t\t<a href='https:\/\/www.colorado.com.br\/nosdacolorado\/wp-content\/uploads\/2023\/06\/ASPA-Gua\u00edra-90.jpg'><img loading=\"lazy\" decoding=\"async\" data-attachment-id=\"21021\" data-orig-file=\"https:\/\/www.colorado.com.br\/nosdacolorado\/wp-content\/uploads\/2023\/06\/ASPA-Gua\u00edra-90.jpg\" data-orig-size=\"804,1206\" data-comments-opened=\"1\" data-image-meta=\"{&quot;aperture&quot;:&quot;0&quot;,&quot;credit&quot;:&quot;&quot;,&quot;camera&quot;:&quot;&quot;,&quot;caption&quot;:&quot;&quot;,&quot;created_timestamp&quot;:&quot;0&quot;,&quot;copyright&quot;:&quot;&quot;,&quot;focal_length&quot;:&quot;0&quot;,&quot;iso&quot;:&quot;0&quot;,&quot;shutter_speed&quot;:&quot;0&quot;,&quot;title&quot;:&quot;&quot;,&quot;orientation&quot;:&quot;0&quot;,&quot;keywords&quot;:&quot;Array&quot;}\" data-image-title=\"ASPA Gua\u00edra (90)\" data-image-description=\"\" data-medium-file=\"https:\/\/www.colorado.com.br\/nosdacolorado\/wp-content\/uploads\/2023\/06\/ASPA-Gua\u00edra-90-200x300.jpg\" data-large-file=\"https:\/\/www.colorado.com.br\/nosdacolorado\/wp-content\/uploads\/2023\/06\/ASPA-Gua\u00edra-90-683x1024.jpg\" width=\"150\" height=\"150\" src=\"https:\/\/www.colorado.com.br\/nosdacolorado\/wp-content\/uploads\/2023\/06\/ASPA-Gua\u00edra-90-150x150.jpg\" class=\"attachment-thumbnail size-thumbnail\" alt=\"\" srcset=\"https:\/\/www.colorado.com.br\/nosdacolorado\/wp-content\/uploads\/2023\/06\/ASPA-Gua\u00edra-90-150x150.jpg 150w, https:\/\/www.colorado.com.br\/nosdacolorado\/wp-content\/uploads\/2023\/06\/ASPA-Gua\u00edra-90-100x100.jpg 100w, https:\/\/www.colorado.com.br\/nosdacolorado\/wp-content\/uploads\/2023\/06\/ASPA-Gua\u00edra-90-140x140.jpg 140w, https:\/\/www.colorado.com.br\/nosdacolorado\/wp-content\/uploads\/2023\/06\/ASPA-Gua\u00edra-90-500x500.jpg 500w, https:\/\/www.colorado.com.br\/nosdacolorado\/wp-content\/uploads\/2023\/06\/ASPA-Gua\u00edra-90-350x350.jpg 350w, https:\/\/www.colorado.com.br\/nosdacolorado\/wp-content\/uploads\/2023\/06\/ASPA-Gua\u00edra-90-800x800.jpg 800w\" sizes=\"auto, (max-width: 150px) 100vw, 150px\" \/><\/a>\n\t\t\t<\/dt><\/dl><br style=\"clear: both\" \/><dl class='gallery-item'>\n\t\t\t<dt class='gallery-icon portrait'>\n\t\t\t\t<a href='https:\/\/www.colorado.com.br\/nosdacolorado\/wp-content\/uploads\/2023\/06\/ASPA-Gua\u00edra-91.jpg'><img loading=\"lazy\" decoding=\"async\" data-attachment-id=\"21022\" data-orig-file=\"https:\/\/www.colorado.com.br\/nosdacolorado\/wp-content\/uploads\/2023\/06\/ASPA-Gua\u00edra-91.jpg\" data-orig-size=\"804,1206\" data-comments-opened=\"1\" data-image-meta=\"{&quot;aperture&quot;:&quot;0&quot;,&quot;credit&quot;:&quot;&quot;,&quot;camera&quot;:&quot;&quot;,&quot;caption&quot;:&quot;&quot;,&quot;created_timestamp&quot;:&quot;0&quot;,&quot;copyright&quot;:&quot;&quot;,&quot;focal_length&quot;:&quot;0&quot;,&quot;iso&quot;:&quot;0&quot;,&quot;shutter_speed&quot;:&quot;0&quot;,&quot;title&quot;:&quot;&quot;,&quot;orientation&quot;:&quot;0&quot;,&quot;keywords&quot;:&quot;Array&quot;}\" data-image-title=\"ASPA Gua\u00edra (91)\" data-image-description=\"\" data-medium-file=\"https:\/\/www.colorado.com.br\/nosdacolorado\/wp-content\/uploads\/2023\/06\/ASPA-Gua\u00edra-91-200x300.jpg\" data-large-file=\"https:\/\/www.colorado.com.br\/nosdacolorado\/wp-content\/uploads\/2023\/06\/ASPA-Gua\u00edra-91-683x1024.jpg\" width=\"150\" height=\"150\" src=\"https:\/\/www.colorado.com.br\/nosdacolorado\/wp-content\/uploads\/2023\/06\/ASPA-Gua\u00edra-91-150x150.jpg\" class=\"attachment-thumbnail size-thumbnail\" alt=\"\" srcset=\"https:\/\/www.colorado.com.br\/nosdacolorado\/wp-content\/uploads\/2023\/06\/ASPA-Gua\u00edra-91-150x150.jpg 150w, https:\/\/www.colorado.com.br\/nosdacolorado\/wp-content\/uploads\/2023\/06\/ASPA-Gua\u00edra-91-100x100.jpg 100w, https:\/\/www.colorado.com.br\/nosdacolorado\/wp-content\/uploads\/2023\/06\/ASPA-Gua\u00edra-91-140x140.jpg 140w, https:\/\/www.colorado.com.br\/nosdacolorado\/wp-content\/uploads\/2023\/06\/ASPA-Gua\u00edra-91-500x500.jpg 500w, https:\/\/www.colorado.com.br\/nosdacolorado\/wp-content\/uploads\/2023\/06\/ASPA-Gua\u00edra-91-350x350.jpg 350w, https:\/\/www.colorado.com.br\/nosdacolorado\/wp-content\/uploads\/2023\/06\/ASPA-Gua\u00edra-91-800x800.jpg 800w\" sizes=\"auto, (max-width: 150px) 100vw, 150px\" \/><\/a>\n\t\t\t<\/dt><\/dl><dl class='gallery-item'>\n\t\t\t<dt class='gallery-icon portrait'>\n\t\t\t\t<a href='https:\/\/www.colorado.com.br\/nosdacolorado\/wp-content\/uploads\/2023\/06\/ASPA-Gua\u00edra-92.jpg'><img loading=\"lazy\" decoding=\"async\" data-attachment-id=\"21023\" data-orig-file=\"https:\/\/www.colorado.com.br\/nosdacolorado\/wp-content\/uploads\/2023\/06\/ASPA-Gua\u00edra-92.jpg\" data-orig-size=\"804,1206\" data-comments-opened=\"1\" data-image-meta=\"{&quot;aperture&quot;:&quot;0&quot;,&quot;credit&quot;:&quot;&quot;,&quot;camera&quot;:&quot;&quot;,&quot;caption&quot;:&quot;&quot;,&quot;created_timestamp&quot;:&quot;0&quot;,&quot;copyright&quot;:&quot;&quot;,&quot;focal_length&quot;:&quot;0&quot;,&quot;iso&quot;:&quot;0&quot;,&quot;shutter_speed&quot;:&quot;0&quot;,&quot;title&quot;:&quot;&quot;,&quot;orientation&quot;:&quot;0&quot;,&quot;keywords&quot;:&quot;Array&quot;}\" data-image-title=\"ASPA Gua\u00edra (92)\" data-image-description=\"\" data-medium-file=\"https:\/\/www.colorado.com.br\/nosdacolorado\/wp-content\/uploads\/2023\/06\/ASPA-Gua\u00edra-92-200x300.jpg\" data-large-file=\"https:\/\/www.colorado.com.br\/nosdacolorado\/wp-content\/uploads\/2023\/06\/ASPA-Gua\u00edra-92-683x1024.jpg\" width=\"150\" height=\"150\" src=\"https:\/\/www.colorado.com.br\/nosdacolorado\/wp-content\/uploads\/2023\/06\/ASPA-Gua\u00edra-92-150x150.jpg\" class=\"attachment-thumbnail size-thumbnail\" alt=\"\" srcset=\"https:\/\/www.colorado.com.br\/nosdacolorado\/wp-content\/uploads\/2023\/06\/ASPA-Gua\u00edra-92-150x150.jpg 150w, https:\/\/www.colorado.com.br\/nosdacolorado\/wp-content\/uploads\/2023\/06\/ASPA-Gua\u00edra-92-100x100.jpg 100w, https:\/\/www.colorado.com.br\/nosdacolorado\/wp-content\/uploads\/2023\/06\/ASPA-Gua\u00edra-92-140x140.jpg 140w, https:\/\/www.colorado.com.br\/nosdacolorado\/wp-content\/uploads\/2023\/06\/ASPA-Gua\u00edra-92-500x500.jpg 500w, https:\/\/www.colorado.com.br\/nosdacolorado\/wp-content\/uploads\/2023\/06\/ASPA-Gua\u00edra-92-350x350.jpg 350w, https:\/\/www.colorado.com.br\/nosdacolorado\/wp-content\/uploads\/2023\/06\/ASPA-Gua\u00edra-92-800x800.jpg 800w\" sizes=\"auto, (max-width: 150px) 100vw, 150px\" \/><\/a>\n\t\t\t<\/dt><\/dl><dl class='gallery-item'>\n\t\t\t<dt class='gallery-icon landscape'>\n\t\t\t\t<a href='https:\/\/www.colorado.com.br\/nosdacolorado\/wp-content\/uploads\/2023\/06\/ASPA-Gua\u00edra-93.jpg'><img loading=\"lazy\" decoding=\"async\" data-attachment-id=\"21024\" data-orig-file=\"https:\/\/www.colorado.com.br\/nosdacolorado\/wp-content\/uploads\/2023\/06\/ASPA-Gua\u00edra-93.jpg\" data-orig-size=\"1206,804\" data-comments-opened=\"1\" data-image-meta=\"{&quot;aperture&quot;:&quot;0&quot;,&quot;credit&quot;:&quot;&quot;,&quot;camera&quot;:&quot;&quot;,&quot;caption&quot;:&quot;&quot;,&quot;created_timestamp&quot;:&quot;0&quot;,&quot;copyright&quot;:&quot;&quot;,&quot;focal_length&quot;:&quot;0&quot;,&quot;iso&quot;:&quot;0&quot;,&quot;shutter_speed&quot;:&quot;0&quot;,&quot;title&quot;:&quot;&quot;,&quot;orientation&quot;:&quot;0&quot;,&quot;keywords&quot;:&quot;Array&quot;}\" data-image-title=\"ASPA Gua\u00edra (93)\" data-image-description=\"\" data-medium-file=\"https:\/\/www.colorado.com.br\/nosdacolorado\/wp-content\/uploads\/2023\/06\/ASPA-Gua\u00edra-93-300x200.jpg\" data-large-file=\"https:\/\/www.colorado.com.br\/nosdacolorado\/wp-content\/uploads\/2023\/06\/ASPA-Gua\u00edra-93-1024x683.jpg\" width=\"150\" height=\"150\" src=\"https:\/\/www.colorado.com.br\/nosdacolorado\/wp-content\/uploads\/2023\/06\/ASPA-Gua\u00edra-93-150x150.jpg\" class=\"attachment-thumbnail size-thumbnail\" alt=\"\" srcset=\"https:\/\/www.colorado.com.br\/nosdacolorado\/wp-content\/uploads\/2023\/06\/ASPA-Gua\u00edra-93-150x150.jpg 150w, https:\/\/www.colorado.com.br\/nosdacolorado\/wp-content\/uploads\/2023\/06\/ASPA-Gua\u00edra-93-100x100.jpg 100w, https:\/\/www.colorado.com.br\/nosdacolorado\/wp-content\/uploads\/2023\/06\/ASPA-Gua\u00edra-93-140x140.jpg 140w, https:\/\/www.colorado.com.br\/nosdacolorado\/wp-content\/uploads\/2023\/06\/ASPA-Gua\u00edra-93-500x500.jpg 500w, https:\/\/www.colorado.com.br\/nosdacolorado\/wp-content\/uploads\/2023\/06\/ASPA-Gua\u00edra-93-350x350.jpg 350w, https:\/\/www.colorado.com.br\/nosdacolorado\/wp-content\/uploads\/2023\/06\/ASPA-Gua\u00edra-93-800x800.jpg 800w\" sizes=\"auto, (max-width: 150px) 100vw, 150px\" \/><\/a>\n\t\t\t<\/dt><\/dl><dl class='gallery-item'>\n\t\t\t<dt class='gallery-icon landscape'>\n\t\t\t\t<a href='https:\/\/www.colorado.com.br\/nosdacolorado\/wp-content\/uploads\/2023\/06\/ASPA-Gua\u00edra-94.jpg'><img loading=\"lazy\" decoding=\"async\" data-attachment-id=\"21025\" data-orig-file=\"https:\/\/www.colorado.com.br\/nosdacolorado\/wp-content\/uploads\/2023\/06\/ASPA-Gua\u00edra-94.jpg\" data-orig-size=\"1206,804\" data-comments-opened=\"1\" data-image-meta=\"{&quot;aperture&quot;:&quot;0&quot;,&quot;credit&quot;:&quot;&quot;,&quot;camera&quot;:&quot;&quot;,&quot;caption&quot;:&quot;&quot;,&quot;created_timestamp&quot;:&quot;0&quot;,&quot;copyright&quot;:&quot;&quot;,&quot;focal_length&quot;:&quot;0&quot;,&quot;iso&quot;:&quot;0&quot;,&quot;shutter_speed&quot;:&quot;0&quot;,&quot;title&quot;:&quot;&quot;,&quot;orientation&quot;:&quot;0&quot;,&quot;keywords&quot;:&quot;Array&quot;}\" data-image-title=\"ASPA Gua\u00edra (94)\" data-image-description=\"\" data-medium-file=\"https:\/\/www.colorado.com.br\/nosdacolorado\/wp-content\/uploads\/2023\/06\/ASPA-Gua\u00edra-94-300x200.jpg\" data-large-file=\"https:\/\/www.colorado.com.br\/nosdacolorado\/wp-content\/uploads\/2023\/06\/ASPA-Gua\u00edra-94-1024x683.jpg\" width=\"150\" height=\"150\" src=\"https:\/\/www.colorado.com.br\/nosdacolorado\/wp-content\/uploads\/2023\/06\/ASPA-Gua\u00edra-94-150x150.jpg\" class=\"attachment-thumbnail size-thumbnail\" alt=\"\" srcset=\"https:\/\/www.colorado.com.br\/nosdacolorado\/wp-content\/uploads\/2023\/06\/ASPA-Gua\u00edra-94-150x150.jpg 150w, https:\/\/www.colorado.com.br\/nosdacolorado\/wp-content\/uploads\/2023\/06\/ASPA-Gua\u00edra-94-100x100.jpg 100w, https:\/\/www.colorado.com.br\/nosdacolorado\/wp-content\/uploads\/2023\/06\/ASPA-Gua\u00edra-94-140x140.jpg 140w, https:\/\/www.colorado.com.br\/nosdacolorado\/wp-content\/uploads\/2023\/06\/ASPA-Gua\u00edra-94-500x500.jpg 500w, https:\/\/www.colorado.com.br\/nosdacolorado\/wp-content\/uploads\/2023\/06\/ASPA-Gua\u00edra-94-350x350.jpg 350w, https:\/\/www.colorado.com.br\/nosdacolorado\/wp-content\/uploads\/2023\/06\/ASPA-Gua\u00edra-94-800x800.jpg 800w\" sizes=\"auto, (max-width: 150px) 100vw, 150px\" \/><\/a>\n\t\t\t<\/dt><\/dl><dl class='gallery-item'>\n\t\t\t<dt class='gallery-icon landscape'>\n\t\t\t\t<a href='https:\/\/www.colorado.com.br\/nosdacolorado\/wp-content\/uploads\/2023\/06\/ASPA-Gua\u00edra-95.jpg'><img loading=\"lazy\" decoding=\"async\" data-attachment-id=\"21026\" data-orig-file=\"https:\/\/www.colorado.com.br\/nosdacolorado\/wp-content\/uploads\/2023\/06\/ASPA-Gua\u00edra-95.jpg\" data-orig-size=\"1206,804\" data-comments-opened=\"1\" data-image-meta=\"{&quot;aperture&quot;:&quot;0&quot;,&quot;credit&quot;:&quot;&quot;,&quot;camera&quot;:&quot;&quot;,&quot;caption&quot;:&quot;&quot;,&quot;created_timestamp&quot;:&quot;0&quot;,&quot;copyright&quot;:&quot;&quot;,&quot;focal_length&quot;:&quot;0&quot;,&quot;iso&quot;:&quot;0&quot;,&quot;shutter_speed&quot;:&quot;0&quot;,&quot;title&quot;:&quot;&quot;,&quot;orientation&quot;:&quot;0&quot;,&quot;keywords&quot;:&quot;Array&quot;}\" data-image-title=\"ASPA Gua\u00edra (95)\" data-image-description=\"\" data-medium-file=\"https:\/\/www.colorado.com.br\/nosdacolorado\/wp-content\/uploads\/2023\/06\/ASPA-Gua\u00edra-95-300x200.jpg\" data-large-file=\"https:\/\/www.colorado.com.br\/nosdacolorado\/wp-content\/uploads\/2023\/06\/ASPA-Gua\u00edra-95-1024x683.jpg\" width=\"150\" height=\"150\" src=\"https:\/\/www.colorado.com.br\/nosdacolorado\/wp-content\/uploads\/2023\/06\/ASPA-Gua\u00edra-95-150x150.jpg\" class=\"attachment-thumbnail size-thumbnail\" alt=\"\" srcset=\"https:\/\/www.colorado.com.br\/nosdacolorado\/wp-content\/uploads\/2023\/06\/ASPA-Gua\u00edra-95-150x150.jpg 150w, https:\/\/www.colorado.com.br\/nosdacolorado\/wp-content\/uploads\/2023\/06\/ASPA-Gua\u00edra-95-100x100.jpg 100w, https:\/\/www.colorado.com.br\/nosdacolorado\/wp-content\/uploads\/2023\/06\/ASPA-Gua\u00edra-95-140x140.jpg 140w, https:\/\/www.colorado.com.br\/nosdacolorado\/wp-content\/uploads\/2023\/06\/ASPA-Gua\u00edra-95-500x500.jpg 500w, https:\/\/www.colorado.com.br\/nosdacolorado\/wp-content\/uploads\/2023\/06\/ASPA-Gua\u00edra-95-350x350.jpg 350w, https:\/\/www.colorado.com.br\/nosdacolorado\/wp-content\/uploads\/2023\/06\/ASPA-Gua\u00edra-95-800x800.jpg 800w\" sizes=\"auto, (max-width: 150px) 100vw, 150px\" \/><\/a>\n\t\t\t<\/dt><\/dl><br style=\"clear: both\" \/><dl class='gallery-item'>\n\t\t\t<dt class='gallery-icon landscape'>\n\t\t\t\t<a href='https:\/\/www.colorado.com.br\/nosdacolorado\/wp-content\/uploads\/2023\/06\/ASPA-Gua\u00edra-96.jpg'><img loading=\"lazy\" decoding=\"async\" data-attachment-id=\"21027\" data-orig-file=\"https:\/\/www.colorado.com.br\/nosdacolorado\/wp-content\/uploads\/2023\/06\/ASPA-Gua\u00edra-96.jpg\" data-orig-size=\"1206,804\" data-comments-opened=\"1\" data-image-meta=\"{&quot;aperture&quot;:&quot;0&quot;,&quot;credit&quot;:&quot;&quot;,&quot;camera&quot;:&quot;&quot;,&quot;caption&quot;:&quot;&quot;,&quot;created_timestamp&quot;:&quot;0&quot;,&quot;copyright&quot;:&quot;&quot;,&quot;focal_length&quot;:&quot;0&quot;,&quot;iso&quot;:&quot;0&quot;,&quot;shutter_speed&quot;:&quot;0&quot;,&quot;title&quot;:&quot;&quot;,&quot;orientation&quot;:&quot;0&quot;,&quot;keywords&quot;:&quot;Array&quot;}\" data-image-title=\"ASPA Gua\u00edra (96)\" data-image-description=\"\" data-medium-file=\"https:\/\/www.colorado.com.br\/nosdacolorado\/wp-content\/uploads\/2023\/06\/ASPA-Gua\u00edra-96-300x200.jpg\" data-large-file=\"https:\/\/www.colorado.com.br\/nosdacolorado\/wp-content\/uploads\/2023\/06\/ASPA-Gua\u00edra-96-1024x683.jpg\" width=\"150\" height=\"150\" src=\"https:\/\/www.colorado.com.br\/nosdacolorado\/wp-content\/uploads\/2023\/06\/ASPA-Gua\u00edra-96-150x150.jpg\" class=\"attachment-thumbnail size-thumbnail\" alt=\"\" srcset=\"https:\/\/www.colorado.com.br\/nosdacolorado\/wp-content\/uploads\/2023\/06\/ASPA-Gua\u00edra-96-150x150.jpg 150w, https:\/\/www.colorado.com.br\/nosdacolorado\/wp-content\/uploads\/2023\/06\/ASPA-Gua\u00edra-96-100x100.jpg 100w, https:\/\/www.colorado.com.br\/nosdacolorado\/wp-content\/uploads\/2023\/06\/ASPA-Gua\u00edra-96-140x140.jpg 140w, https:\/\/www.colorado.com.br\/nosdacolorado\/wp-content\/uploads\/2023\/06\/ASPA-Gua\u00edra-96-500x500.jpg 500w, https:\/\/www.colorado.com.br\/nosdacolorado\/wp-content\/uploads\/2023\/06\/ASPA-Gua\u00edra-96-350x350.jpg 350w, https:\/\/www.colorado.com.br\/nosdacolorado\/wp-content\/uploads\/2023\/06\/ASPA-Gua\u00edra-96-800x800.jpg 800w\" sizes=\"auto, (max-width: 150px) 100vw, 150px\" \/><\/a>\n\t\t\t<\/dt><\/dl><dl class='gallery-item'>\n\t\t\t<dt class='gallery-icon landscape'>\n\t\t\t\t<a href='https:\/\/www.colorado.com.br\/nosdacolorado\/wp-content\/uploads\/2023\/06\/ASPA-Gua\u00edra-97.jpg'><img loading=\"lazy\" decoding=\"async\" data-attachment-id=\"21028\" data-orig-file=\"https:\/\/www.colorado.com.br\/nosdacolorado\/wp-content\/uploads\/2023\/06\/ASPA-Gua\u00edra-97.jpg\" data-orig-size=\"1206,804\" data-comments-opened=\"1\" data-image-meta=\"{&quot;aperture&quot;:&quot;0&quot;,&quot;credit&quot;:&quot;&quot;,&quot;camera&quot;:&quot;&quot;,&quot;caption&quot;:&quot;&quot;,&quot;created_timestamp&quot;:&quot;0&quot;,&quot;copyright&quot;:&quot;&quot;,&quot;focal_length&quot;:&quot;0&quot;,&quot;iso&quot;:&quot;0&quot;,&quot;shutter_speed&quot;:&quot;0&quot;,&quot;title&quot;:&quot;&quot;,&quot;orientation&quot;:&quot;0&quot;,&quot;keywords&quot;:&quot;Array&quot;}\" data-image-title=\"ASPA Gua\u00edra (97)\" data-image-description=\"\" data-medium-file=\"https:\/\/www.colorado.com.br\/nosdacolorado\/wp-content\/uploads\/2023\/06\/ASPA-Gua\u00edra-97-300x200.jpg\" data-large-file=\"https:\/\/www.colorado.com.br\/nosdacolorado\/wp-content\/uploads\/2023\/06\/ASPA-Gua\u00edra-97-1024x683.jpg\" width=\"150\" height=\"150\" src=\"https:\/\/www.colorado.com.br\/nosdacolorado\/wp-content\/uploads\/2023\/06\/ASPA-Gua\u00edra-97-150x150.jpg\" class=\"attachment-thumbnail size-thumbnail\" alt=\"\" srcset=\"https:\/\/www.colorado.com.br\/nosdacolorado\/wp-content\/uploads\/2023\/06\/ASPA-Gua\u00edra-97-150x150.jpg 150w, https:\/\/www.colorado.com.br\/nosdacolorado\/wp-content\/uploads\/2023\/06\/ASPA-Gua\u00edra-97-100x100.jpg 100w, https:\/\/www.colorado.com.br\/nosdacolorado\/wp-content\/uploads\/2023\/06\/ASPA-Gua\u00edra-97-140x140.jpg 140w, https:\/\/www.colorado.com.br\/nosdacolorado\/wp-content\/uploads\/2023\/06\/ASPA-Gua\u00edra-97-500x500.jpg 500w, https:\/\/www.colorado.com.br\/nosdacolorado\/wp-content\/uploads\/2023\/06\/ASPA-Gua\u00edra-97-350x350.jpg 350w, https:\/\/www.colorado.com.br\/nosdacolorado\/wp-content\/uploads\/2023\/06\/ASPA-Gua\u00edra-97-800x800.jpg 800w\" sizes=\"auto, (max-width: 150px) 100vw, 150px\" \/><\/a>\n\t\t\t<\/dt><\/dl><dl class='gallery-item'>\n\t\t\t<dt class='gallery-icon landscape'>\n\t\t\t\t<a href='https:\/\/www.colorado.com.br\/nosdacolorado\/wp-content\/uploads\/2023\/06\/ASPA-Gua\u00edra-98.jpg'><img loading=\"lazy\" decoding=\"async\" data-attachment-id=\"21029\" data-orig-file=\"https:\/\/www.colorado.com.br\/nosdacolorado\/wp-content\/uploads\/2023\/06\/ASPA-Gua\u00edra-98.jpg\" data-orig-size=\"1206,804\" data-comments-opened=\"1\" data-image-meta=\"{&quot;aperture&quot;:&quot;0&quot;,&quot;credit&quot;:&quot;&quot;,&quot;camera&quot;:&quot;&quot;,&quot;caption&quot;:&quot;&quot;,&quot;created_timestamp&quot;:&quot;0&quot;,&quot;copyright&quot;:&quot;&quot;,&quot;focal_length&quot;:&quot;0&quot;,&quot;iso&quot;:&quot;0&quot;,&quot;shutter_speed&quot;:&quot;0&quot;,&quot;title&quot;:&quot;&quot;,&quot;orientation&quot;:&quot;0&quot;,&quot;keywords&quot;:&quot;Array&quot;}\" data-image-title=\"ASPA Gua\u00edra (98)\" data-image-description=\"\" data-medium-file=\"https:\/\/www.colorado.com.br\/nosdacolorado\/wp-content\/uploads\/2023\/06\/ASPA-Gua\u00edra-98-300x200.jpg\" data-large-file=\"https:\/\/www.colorado.com.br\/nosdacolorado\/wp-content\/uploads\/2023\/06\/ASPA-Gua\u00edra-98-1024x683.jpg\" width=\"150\" height=\"150\" src=\"https:\/\/www.colorado.com.br\/nosdacolorado\/wp-content\/uploads\/2023\/06\/ASPA-Gua\u00edra-98-150x150.jpg\" class=\"attachment-thumbnail size-thumbnail\" alt=\"\" srcset=\"https:\/\/www.colorado.com.br\/nosdacolorado\/wp-content\/uploads\/2023\/06\/ASPA-Gua\u00edra-98-150x150.jpg 150w, https:\/\/www.colorado.com.br\/nosdacolorado\/wp-content\/uploads\/2023\/06\/ASPA-Gua\u00edra-98-100x100.jpg 100w, https:\/\/www.colorado.com.br\/nosdacolorado\/wp-content\/uploads\/2023\/06\/ASPA-Gua\u00edra-98-140x140.jpg 140w, https:\/\/www.colorado.com.br\/nosdacolorado\/wp-content\/uploads\/2023\/06\/ASPA-Gua\u00edra-98-500x500.jpg 500w, https:\/\/www.colorado.com.br\/nosdacolorado\/wp-content\/uploads\/2023\/06\/ASPA-Gua\u00edra-98-350x350.jpg 350w, https:\/\/www.colorado.com.br\/nosdacolorado\/wp-content\/uploads\/2023\/06\/ASPA-Gua\u00edra-98-800x800.jpg 800w\" sizes=\"auto, (max-width: 150px) 100vw, 150px\" \/><\/a>\n\t\t\t<\/dt><\/dl><dl class='gallery-item'>\n\t\t\t<dt class='gallery-icon landscape'>\n\t\t\t\t<a href='https:\/\/www.colorado.com.br\/nosdacolorado\/wp-content\/uploads\/2023\/06\/ASPA-Gua\u00edra-99.jpg'><img loading=\"lazy\" decoding=\"async\" data-attachment-id=\"21030\" data-orig-file=\"https:\/\/www.colorado.com.br\/nosdacolorado\/wp-content\/uploads\/2023\/06\/ASPA-Gua\u00edra-99.jpg\" data-orig-size=\"1206,804\" data-comments-opened=\"1\" data-image-meta=\"{&quot;aperture&quot;:&quot;0&quot;,&quot;credit&quot;:&quot;&quot;,&quot;camera&quot;:&quot;&quot;,&quot;caption&quot;:&quot;&quot;,&quot;created_timestamp&quot;:&quot;0&quot;,&quot;copyright&quot;:&quot;&quot;,&quot;focal_length&quot;:&quot;0&quot;,&quot;iso&quot;:&quot;0&quot;,&quot;shutter_speed&quot;:&quot;0&quot;,&quot;title&quot;:&quot;&quot;,&quot;orientation&quot;:&quot;0&quot;,&quot;keywords&quot;:&quot;Array&quot;}\" data-image-title=\"ASPA Gua\u00edra (99)\" data-image-description=\"\" data-medium-file=\"https:\/\/www.colorado.com.br\/nosdacolorado\/wp-content\/uploads\/2023\/06\/ASPA-Gua\u00edra-99-300x200.jpg\" data-large-file=\"https:\/\/www.colorado.com.br\/nosdacolorado\/wp-content\/uploads\/2023\/06\/ASPA-Gua\u00edra-99-1024x683.jpg\" width=\"150\" height=\"150\" src=\"https:\/\/www.colorado.com.br\/nosdacolorado\/wp-content\/uploads\/2023\/06\/ASPA-Gua\u00edra-99-150x150.jpg\" class=\"attachment-thumbnail size-thumbnail\" alt=\"\" srcset=\"https:\/\/www.colorado.com.br\/nosdacolorado\/wp-content\/uploads\/2023\/06\/ASPA-Gua\u00edra-99-150x150.jpg 150w, https:\/\/www.colorado.com.br\/nosdacolorado\/wp-content\/uploads\/2023\/06\/ASPA-Gua\u00edra-99-100x100.jpg 100w, https:\/\/www.colorado.com.br\/nosdacolorado\/wp-content\/uploads\/2023\/06\/ASPA-Gua\u00edra-99-140x140.jpg 140w, https:\/\/www.colorado.com.br\/nosdacolorado\/wp-content\/uploads\/2023\/06\/ASPA-Gua\u00edra-99-500x500.jpg 500w, https:\/\/www.colorado.com.br\/nosdacolorado\/wp-content\/uploads\/2023\/06\/ASPA-Gua\u00edra-99-350x350.jpg 350w, https:\/\/www.colorado.com.br\/nosdacolorado\/wp-content\/uploads\/2023\/06\/ASPA-Gua\u00edra-99-800x800.jpg 800w\" sizes=\"auto, (max-width: 150px) 100vw, 150px\" \/><\/a>\n\t\t\t<\/dt><\/dl><dl class='gallery-item'>\n\t\t\t<dt class='gallery-icon landscape'>\n\t\t\t\t<a href='https:\/\/www.colorado.com.br\/nosdacolorado\/wp-content\/uploads\/2023\/06\/ASPA-Gua\u00edra-100.jpg'><img loading=\"lazy\" decoding=\"async\" data-attachment-id=\"21031\" data-orig-file=\"https:\/\/www.colorado.com.br\/nosdacolorado\/wp-content\/uploads\/2023\/06\/ASPA-Gua\u00edra-100.jpg\" data-orig-size=\"1206,804\" data-comments-opened=\"1\" data-image-meta=\"{&quot;aperture&quot;:&quot;0&quot;,&quot;credit&quot;:&quot;&quot;,&quot;camera&quot;:&quot;&quot;,&quot;caption&quot;:&quot;&quot;,&quot;created_timestamp&quot;:&quot;0&quot;,&quot;copyright&quot;:&quot;&quot;,&quot;focal_length&quot;:&quot;0&quot;,&quot;iso&quot;:&quot;0&quot;,&quot;shutter_speed&quot;:&quot;0&quot;,&quot;title&quot;:&quot;&quot;,&quot;orientation&quot;:&quot;0&quot;,&quot;keywords&quot;:&quot;Array&quot;}\" data-image-title=\"ASPA Gua\u00edra (100)\" data-image-description=\"\" data-medium-file=\"https:\/\/www.colorado.com.br\/nosdacolorado\/wp-content\/uploads\/2023\/06\/ASPA-Gua\u00edra-100-300x200.jpg\" data-large-file=\"https:\/\/www.colorado.com.br\/nosdacolorado\/wp-content\/uploads\/2023\/06\/ASPA-Gua\u00edra-100-1024x683.jpg\" width=\"150\" height=\"150\" src=\"https:\/\/www.colorado.com.br\/nosdacolorado\/wp-content\/uploads\/2023\/06\/ASPA-Gua\u00edra-100-150x150.jpg\" class=\"attachment-thumbnail size-thumbnail\" alt=\"\" srcset=\"https:\/\/www.colorado.com.br\/nosdacolorado\/wp-content\/uploads\/2023\/06\/ASPA-Gua\u00edra-100-150x150.jpg 150w, https:\/\/www.colorado.com.br\/nosdacolorado\/wp-content\/uploads\/2023\/06\/ASPA-Gua\u00edra-100-100x100.jpg 100w, https:\/\/www.colorado.com.br\/nosdacolorado\/wp-content\/uploads\/2023\/06\/ASPA-Gua\u00edra-100-140x140.jpg 140w, https:\/\/www.colorado.com.br\/nosdacolorado\/wp-content\/uploads\/2023\/06\/ASPA-Gua\u00edra-100-500x500.jpg 500w, https:\/\/www.colorado.com.br\/nosdacolorado\/wp-content\/uploads\/2023\/06\/ASPA-Gua\u00edra-100-350x350.jpg 350w, https:\/\/www.colorado.com.br\/nosdacolorado\/wp-content\/uploads\/2023\/06\/ASPA-Gua\u00edra-100-800x800.jpg 800w\" sizes=\"auto, (max-width: 150px) 100vw, 150px\" \/><\/a>\n\t\t\t<\/dt><\/dl><br style=\"clear: both\" \/><dl class='gallery-item'>\n\t\t\t<dt class='gallery-icon landscape'>\n\t\t\t\t<a href='https:\/\/www.colorado.com.br\/nosdacolorado\/wp-content\/uploads\/2023\/06\/ASPA-Gua\u00edra-101.jpg'><img loading=\"lazy\" decoding=\"async\" data-attachment-id=\"21032\" data-orig-file=\"https:\/\/www.colorado.com.br\/nosdacolorado\/wp-content\/uploads\/2023\/06\/ASPA-Gua\u00edra-101.jpg\" data-orig-size=\"1206,804\" data-comments-opened=\"1\" data-image-meta=\"{&quot;aperture&quot;:&quot;0&quot;,&quot;credit&quot;:&quot;&quot;,&quot;camera&quot;:&quot;&quot;,&quot;caption&quot;:&quot;&quot;,&quot;created_timestamp&quot;:&quot;0&quot;,&quot;copyright&quot;:&quot;&quot;,&quot;focal_length&quot;:&quot;0&quot;,&quot;iso&quot;:&quot;0&quot;,&quot;shutter_speed&quot;:&quot;0&quot;,&quot;title&quot;:&quot;&quot;,&quot;orientation&quot;:&quot;0&quot;,&quot;keywords&quot;:&quot;Array&quot;}\" data-image-title=\"ASPA Gua\u00edra (101)\" data-image-description=\"\" data-medium-file=\"https:\/\/www.colorado.com.br\/nosdacolorado\/wp-content\/uploads\/2023\/06\/ASPA-Gua\u00edra-101-300x200.jpg\" data-large-file=\"https:\/\/www.colorado.com.br\/nosdacolorado\/wp-content\/uploads\/2023\/06\/ASPA-Gua\u00edra-101-1024x683.jpg\" width=\"150\" height=\"150\" src=\"https:\/\/www.colorado.com.br\/nosdacolorado\/wp-content\/uploads\/2023\/06\/ASPA-Gua\u00edra-101-150x150.jpg\" class=\"attachment-thumbnail size-thumbnail\" alt=\"\" srcset=\"https:\/\/www.colorado.com.br\/nosdacolorado\/wp-content\/uploads\/2023\/06\/ASPA-Gua\u00edra-101-150x150.jpg 150w, https:\/\/www.colorado.com.br\/nosdacolorado\/wp-content\/uploads\/2023\/06\/ASPA-Gua\u00edra-101-100x100.jpg 100w, https:\/\/www.colorado.com.br\/nosdacolorado\/wp-content\/uploads\/2023\/06\/ASPA-Gua\u00edra-101-140x140.jpg 140w, https:\/\/www.colorado.com.br\/nosdacolorado\/wp-content\/uploads\/2023\/06\/ASPA-Gua\u00edra-101-500x500.jpg 500w, https:\/\/www.colorado.com.br\/nosdacolorado\/wp-content\/uploads\/2023\/06\/ASPA-Gua\u00edra-101-350x350.jpg 350w, https:\/\/www.colorado.com.br\/nosdacolorado\/wp-content\/uploads\/2023\/06\/ASPA-Gua\u00edra-101-800x800.jpg 800w\" sizes=\"auto, (max-width: 150px) 100vw, 150px\" \/><\/a>\n\t\t\t<\/dt><\/dl><dl class='gallery-item'>\n\t\t\t<dt class='gallery-icon landscape'>\n\t\t\t\t<a href='https:\/\/www.colorado.com.br\/nosdacolorado\/wp-content\/uploads\/2023\/06\/ASPA-Gua\u00edra-102.jpg'><img loading=\"lazy\" decoding=\"async\" data-attachment-id=\"21033\" data-orig-file=\"https:\/\/www.colorado.com.br\/nosdacolorado\/wp-content\/uploads\/2023\/06\/ASPA-Gua\u00edra-102.jpg\" data-orig-size=\"1206,804\" data-comments-opened=\"1\" data-image-meta=\"{&quot;aperture&quot;:&quot;0&quot;,&quot;credit&quot;:&quot;&quot;,&quot;camera&quot;:&quot;&quot;,&quot;caption&quot;:&quot;&quot;,&quot;created_timestamp&quot;:&quot;0&quot;,&quot;copyright&quot;:&quot;&quot;,&quot;focal_length&quot;:&quot;0&quot;,&quot;iso&quot;:&quot;0&quot;,&quot;shutter_speed&quot;:&quot;0&quot;,&quot;title&quot;:&quot;&quot;,&quot;orientation&quot;:&quot;0&quot;,&quot;keywords&quot;:&quot;Array&quot;}\" data-image-title=\"ASPA Gua\u00edra (102)\" data-image-description=\"\" data-medium-file=\"https:\/\/www.colorado.com.br\/nosdacolorado\/wp-content\/uploads\/2023\/06\/ASPA-Gua\u00edra-102-300x200.jpg\" data-large-file=\"https:\/\/www.colorado.com.br\/nosdacolorado\/wp-content\/uploads\/2023\/06\/ASPA-Gua\u00edra-102-1024x683.jpg\" width=\"150\" height=\"150\" src=\"https:\/\/www.colorado.com.br\/nosdacolorado\/wp-content\/uploads\/2023\/06\/ASPA-Gua\u00edra-102-150x150.jpg\" class=\"attachment-thumbnail size-thumbnail\" alt=\"\" srcset=\"https:\/\/www.colorado.com.br\/nosdacolorado\/wp-content\/uploads\/2023\/06\/ASPA-Gua\u00edra-102-150x150.jpg 150w, https:\/\/www.colorado.com.br\/nosdacolorado\/wp-content\/uploads\/2023\/06\/ASPA-Gua\u00edra-102-100x100.jpg 100w, https:\/\/www.colorado.com.br\/nosdacolorado\/wp-content\/uploads\/2023\/06\/ASPA-Gua\u00edra-102-140x140.jpg 140w, https:\/\/www.colorado.com.br\/nosdacolorado\/wp-content\/uploads\/2023\/06\/ASPA-Gua\u00edra-102-500x500.jpg 500w, https:\/\/www.colorado.com.br\/nosdacolorado\/wp-content\/uploads\/2023\/06\/ASPA-Gua\u00edra-102-350x350.jpg 350w, https:\/\/www.colorado.com.br\/nosdacolorado\/wp-content\/uploads\/2023\/06\/ASPA-Gua\u00edra-102-800x800.jpg 800w\" sizes=\"auto, (max-width: 150px) 100vw, 150px\" \/><\/a>\n\t\t\t<\/dt><\/dl><dl class='gallery-item'>\n\t\t\t<dt class='gallery-icon landscape'>\n\t\t\t\t<a href='https:\/\/www.colorado.com.br\/nosdacolorado\/wp-content\/uploads\/2023\/06\/ASPA-Gua\u00edra-103.jpg'><img loading=\"lazy\" decoding=\"async\" data-attachment-id=\"21034\" data-orig-file=\"https:\/\/www.colorado.com.br\/nosdacolorado\/wp-content\/uploads\/2023\/06\/ASPA-Gua\u00edra-103.jpg\" data-orig-size=\"1206,804\" data-comments-opened=\"1\" data-image-meta=\"{&quot;aperture&quot;:&quot;0&quot;,&quot;credit&quot;:&quot;&quot;,&quot;camera&quot;:&quot;&quot;,&quot;caption&quot;:&quot;&quot;,&quot;created_timestamp&quot;:&quot;0&quot;,&quot;copyright&quot;:&quot;&quot;,&quot;focal_length&quot;:&quot;0&quot;,&quot;iso&quot;:&quot;0&quot;,&quot;shutter_speed&quot;:&quot;0&quot;,&quot;title&quot;:&quot;&quot;,&quot;orientation&quot;:&quot;0&quot;,&quot;keywords&quot;:&quot;Array&quot;}\" data-image-title=\"ASPA Gua\u00edra (103)\" data-image-description=\"\" data-medium-file=\"https:\/\/www.colorado.com.br\/nosdacolorado\/wp-content\/uploads\/2023\/06\/ASPA-Gua\u00edra-103-300x200.jpg\" data-large-file=\"https:\/\/www.colorado.com.br\/nosdacolorado\/wp-content\/uploads\/2023\/06\/ASPA-Gua\u00edra-103-1024x683.jpg\" width=\"150\" height=\"150\" src=\"https:\/\/www.colorado.com.br\/nosdacolorado\/wp-content\/uploads\/2023\/06\/ASPA-Gua\u00edra-103-150x150.jpg\" class=\"attachment-thumbnail size-thumbnail\" alt=\"\" srcset=\"https:\/\/www.colorado.com.br\/nosdacolorado\/wp-content\/uploads\/2023\/06\/ASPA-Gua\u00edra-103-150x150.jpg 150w, https:\/\/www.colorado.com.br\/nosdacolorado\/wp-content\/uploads\/2023\/06\/ASPA-Gua\u00edra-103-100x100.jpg 100w, https:\/\/www.colorado.com.br\/nosdacolorado\/wp-content\/uploads\/2023\/06\/ASPA-Gua\u00edra-103-140x140.jpg 140w, https:\/\/www.colorado.com.br\/nosdacolorado\/wp-content\/uploads\/2023\/06\/ASPA-Gua\u00edra-103-500x500.jpg 500w, https:\/\/www.colorado.com.br\/nosdacolorado\/wp-content\/uploads\/2023\/06\/ASPA-Gua\u00edra-103-350x350.jpg 350w, https:\/\/www.colorado.com.br\/nosdacolorado\/wp-content\/uploads\/2023\/06\/ASPA-Gua\u00edra-103-800x800.jpg 800w\" sizes=\"auto, (max-width: 150px) 100vw, 150px\" \/><\/a>\n\t\t\t<\/dt><\/dl><dl class='gallery-item'>\n\t\t\t<dt class='gallery-icon landscape'>\n\t\t\t\t<a href='https:\/\/www.colorado.com.br\/nosdacolorado\/wp-content\/uploads\/2023\/06\/ASPA-Gua\u00edra-104.jpg'><img loading=\"lazy\" decoding=\"async\" data-attachment-id=\"21035\" data-orig-file=\"https:\/\/www.colorado.com.br\/nosdacolorado\/wp-content\/uploads\/2023\/06\/ASPA-Gua\u00edra-104.jpg\" data-orig-size=\"1206,804\" data-comments-opened=\"1\" data-image-meta=\"{&quot;aperture&quot;:&quot;0&quot;,&quot;credit&quot;:&quot;&quot;,&quot;camera&quot;:&quot;&quot;,&quot;caption&quot;:&quot;&quot;,&quot;created_timestamp&quot;:&quot;0&quot;,&quot;copyright&quot;:&quot;&quot;,&quot;focal_length&quot;:&quot;0&quot;,&quot;iso&quot;:&quot;0&quot;,&quot;shutter_speed&quot;:&quot;0&quot;,&quot;title&quot;:&quot;&quot;,&quot;orientation&quot;:&quot;0&quot;,&quot;keywords&quot;:&quot;Array&quot;}\" data-image-title=\"ASPA Gua\u00edra (104)\" data-image-description=\"\" data-medium-file=\"https:\/\/www.colorado.com.br\/nosdacolorado\/wp-content\/uploads\/2023\/06\/ASPA-Gua\u00edra-104-300x200.jpg\" data-large-file=\"https:\/\/www.colorado.com.br\/nosdacolorado\/wp-content\/uploads\/2023\/06\/ASPA-Gua\u00edra-104-1024x683.jpg\" width=\"150\" height=\"150\" src=\"https:\/\/www.colorado.com.br\/nosdacolorado\/wp-content\/uploads\/2023\/06\/ASPA-Gua\u00edra-104-150x150.jpg\" class=\"attachment-thumbnail size-thumbnail\" alt=\"\" srcset=\"https:\/\/www.colorado.com.br\/nosdacolorado\/wp-content\/uploads\/2023\/06\/ASPA-Gua\u00edra-104-150x150.jpg 150w, https:\/\/www.colorado.com.br\/nosdacolorado\/wp-content\/uploads\/2023\/06\/ASPA-Gua\u00edra-104-100x100.jpg 100w, https:\/\/www.colorado.com.br\/nosdacolorado\/wp-content\/uploads\/2023\/06\/ASPA-Gua\u00edra-104-140x140.jpg 140w, https:\/\/www.colorado.com.br\/nosdacolorado\/wp-content\/uploads\/2023\/06\/ASPA-Gua\u00edra-104-500x500.jpg 500w, https:\/\/www.colorado.com.br\/nosdacolorado\/wp-content\/uploads\/2023\/06\/ASPA-Gua\u00edra-104-350x350.jpg 350w, https:\/\/www.colorado.com.br\/nosdacolorado\/wp-content\/uploads\/2023\/06\/ASPA-Gua\u00edra-104-800x800.jpg 800w\" sizes=\"auto, (max-width: 150px) 100vw, 150px\" \/><\/a>\n\t\t\t<\/dt><\/dl><dl class='gallery-item'>\n\t\t\t<dt class='gallery-icon landscape'>\n\t\t\t\t<a href='https:\/\/www.colorado.com.br\/nosdacolorado\/wp-content\/uploads\/2023\/06\/ASPA-Gua\u00edra-105.jpg'><img loading=\"lazy\" decoding=\"async\" data-attachment-id=\"21036\" data-orig-file=\"https:\/\/www.colorado.com.br\/nosdacolorado\/wp-content\/uploads\/2023\/06\/ASPA-Gua\u00edra-105.jpg\" data-orig-size=\"1206,804\" data-comments-opened=\"1\" data-image-meta=\"{&quot;aperture&quot;:&quot;0&quot;,&quot;credit&quot;:&quot;&quot;,&quot;camera&quot;:&quot;&quot;,&quot;caption&quot;:&quot;&quot;,&quot;created_timestamp&quot;:&quot;0&quot;,&quot;copyright&quot;:&quot;&quot;,&quot;focal_length&quot;:&quot;0&quot;,&quot;iso&quot;:&quot;0&quot;,&quot;shutter_speed&quot;:&quot;0&quot;,&quot;title&quot;:&quot;&quot;,&quot;orientation&quot;:&quot;0&quot;,&quot;keywords&quot;:&quot;Array&quot;}\" data-image-title=\"ASPA Gua\u00edra (105)\" data-image-description=\"\" data-medium-file=\"https:\/\/www.colorado.com.br\/nosdacolorado\/wp-content\/uploads\/2023\/06\/ASPA-Gua\u00edra-105-300x200.jpg\" data-large-file=\"https:\/\/www.colorado.com.br\/nosdacolorado\/wp-content\/uploads\/2023\/06\/ASPA-Gua\u00edra-105-1024x683.jpg\" width=\"150\" height=\"150\" src=\"https:\/\/www.colorado.com.br\/nosdacolorado\/wp-content\/uploads\/2023\/06\/ASPA-Gua\u00edra-105-150x150.jpg\" class=\"attachment-thumbnail size-thumbnail\" alt=\"\" srcset=\"https:\/\/www.colorado.com.br\/nosdacolorado\/wp-content\/uploads\/2023\/06\/ASPA-Gua\u00edra-105-150x150.jpg 150w, https:\/\/www.colorado.com.br\/nosdacolorado\/wp-content\/uploads\/2023\/06\/ASPA-Gua\u00edra-105-100x100.jpg 100w, https:\/\/www.colorado.com.br\/nosdacolorado\/wp-content\/uploads\/2023\/06\/ASPA-Gua\u00edra-105-140x140.jpg 140w, https:\/\/www.colorado.com.br\/nosdacolorado\/wp-content\/uploads\/2023\/06\/ASPA-Gua\u00edra-105-500x500.jpg 500w, https:\/\/www.colorado.com.br\/nosdacolorado\/wp-content\/uploads\/2023\/06\/ASPA-Gua\u00edra-105-350x350.jpg 350w, https:\/\/www.colorado.com.br\/nosdacolorado\/wp-content\/uploads\/2023\/06\/ASPA-Gua\u00edra-105-800x800.jpg 800w\" sizes=\"auto, (max-width: 150px) 100vw, 150px\" \/><\/a>\n\t\t\t<\/dt><\/dl><br style=\"clear: both\" \/><dl class='gallery-item'>\n\t\t\t<dt class='gallery-icon landscape'>\n\t\t\t\t<a href='https:\/\/www.colorado.com.br\/nosdacolorado\/wp-content\/uploads\/2023\/06\/ASPA-Gua\u00edra-106.jpg'><img loading=\"lazy\" decoding=\"async\" data-attachment-id=\"21037\" data-orig-file=\"https:\/\/www.colorado.com.br\/nosdacolorado\/wp-content\/uploads\/2023\/06\/ASPA-Gua\u00edra-106.jpg\" data-orig-size=\"1206,804\" data-comments-opened=\"1\" data-image-meta=\"{&quot;aperture&quot;:&quot;0&quot;,&quot;credit&quot;:&quot;&quot;,&quot;camera&quot;:&quot;&quot;,&quot;caption&quot;:&quot;&quot;,&quot;created_timestamp&quot;:&quot;0&quot;,&quot;copyright&quot;:&quot;&quot;,&quot;focal_length&quot;:&quot;0&quot;,&quot;iso&quot;:&quot;0&quot;,&quot;shutter_speed&quot;:&quot;0&quot;,&quot;title&quot;:&quot;&quot;,&quot;orientation&quot;:&quot;0&quot;,&quot;keywords&quot;:&quot;Array&quot;}\" data-image-title=\"ASPA Gua\u00edra (106)\" data-image-description=\"\" data-medium-file=\"https:\/\/www.colorado.com.br\/nosdacolorado\/wp-content\/uploads\/2023\/06\/ASPA-Gua\u00edra-106-300x200.jpg\" data-large-file=\"https:\/\/www.colorado.com.br\/nosdacolorado\/wp-content\/uploads\/2023\/06\/ASPA-Gua\u00edra-106-1024x683.jpg\" width=\"150\" height=\"150\" src=\"https:\/\/www.colorado.com.br\/nosdacolorado\/wp-content\/uploads\/2023\/06\/ASPA-Gua\u00edra-106-150x150.jpg\" class=\"attachment-thumbnail size-thumbnail\" alt=\"\" srcset=\"https:\/\/www.colorado.com.br\/nosdacolorado\/wp-content\/uploads\/2023\/06\/ASPA-Gua\u00edra-106-150x150.jpg 150w, https:\/\/www.colorado.com.br\/nosdacolorado\/wp-content\/uploads\/2023\/06\/ASPA-Gua\u00edra-106-100x100.jpg 100w, https:\/\/www.colorado.com.br\/nosdacolorado\/wp-content\/uploads\/2023\/06\/ASPA-Gua\u00edra-106-140x140.jpg 140w, https:\/\/www.colorado.com.br\/nosdacolorado\/wp-content\/uploads\/2023\/06\/ASPA-Gua\u00edra-106-500x500.jpg 500w, https:\/\/www.colorado.com.br\/nosdacolorado\/wp-content\/uploads\/2023\/06\/ASPA-Gua\u00edra-106-350x350.jpg 350w, https:\/\/www.colorado.com.br\/nosdacolorado\/wp-content\/uploads\/2023\/06\/ASPA-Gua\u00edra-106-800x800.jpg 800w\" sizes=\"auto, (max-width: 150px) 100vw, 150px\" \/><\/a>\n\t\t\t<\/dt><\/dl><dl class='gallery-item'>\n\t\t\t<dt class='gallery-icon landscape'>\n\t\t\t\t<a href='https:\/\/www.colorado.com.br\/nosdacolorado\/wp-content\/uploads\/2023\/06\/ASPA-Gua\u00edra-107.jpg'><img loading=\"lazy\" decoding=\"async\" data-attachment-id=\"21038\" data-orig-file=\"https:\/\/www.colorado.com.br\/nosdacolorado\/wp-content\/uploads\/2023\/06\/ASPA-Gua\u00edra-107.jpg\" data-orig-size=\"1206,804\" data-comments-opened=\"1\" data-image-meta=\"{&quot;aperture&quot;:&quot;0&quot;,&quot;credit&quot;:&quot;&quot;,&quot;camera&quot;:&quot;&quot;,&quot;caption&quot;:&quot;&quot;,&quot;created_timestamp&quot;:&quot;0&quot;,&quot;copyright&quot;:&quot;&quot;,&quot;focal_length&quot;:&quot;0&quot;,&quot;iso&quot;:&quot;0&quot;,&quot;shutter_speed&quot;:&quot;0&quot;,&quot;title&quot;:&quot;&quot;,&quot;orientation&quot;:&quot;0&quot;,&quot;keywords&quot;:&quot;Array&quot;}\" data-image-title=\"ASPA Gua\u00edra (107)\" data-image-description=\"\" data-medium-file=\"https:\/\/www.colorado.com.br\/nosdacolorado\/wp-content\/uploads\/2023\/06\/ASPA-Gua\u00edra-107-300x200.jpg\" data-large-file=\"https:\/\/www.colorado.com.br\/nosdacolorado\/wp-content\/uploads\/2023\/06\/ASPA-Gua\u00edra-107-1024x683.jpg\" width=\"150\" height=\"150\" src=\"https:\/\/www.colorado.com.br\/nosdacolorado\/wp-content\/uploads\/2023\/06\/ASPA-Gua\u00edra-107-150x150.jpg\" class=\"attachment-thumbnail size-thumbnail\" alt=\"\" srcset=\"https:\/\/www.colorado.com.br\/nosdacolorado\/wp-content\/uploads\/2023\/06\/ASPA-Gua\u00edra-107-150x150.jpg 150w, https:\/\/www.colorado.com.br\/nosdacolorado\/wp-content\/uploads\/2023\/06\/ASPA-Gua\u00edra-107-100x100.jpg 100w, https:\/\/www.colorado.com.br\/nosdacolorado\/wp-content\/uploads\/2023\/06\/ASPA-Gua\u00edra-107-140x140.jpg 140w, https:\/\/www.colorado.com.br\/nosdacolorado\/wp-content\/uploads\/2023\/06\/ASPA-Gua\u00edra-107-500x500.jpg 500w, https:\/\/www.colorado.com.br\/nosdacolorado\/wp-content\/uploads\/2023\/06\/ASPA-Gua\u00edra-107-350x350.jpg 350w, https:\/\/www.colorado.com.br\/nosdacolorado\/wp-content\/uploads\/2023\/06\/ASPA-Gua\u00edra-107-800x800.jpg 800w\" sizes=\"auto, (max-width: 150px) 100vw, 150px\" \/><\/a>\n\t\t\t<\/dt><\/dl><dl class='gallery-item'>\n\t\t\t<dt class='gallery-icon landscape'>\n\t\t\t\t<a href='https:\/\/www.colorado.com.br\/nosdacolorado\/wp-content\/uploads\/2023\/06\/ASPA-Gua\u00edra-108.jpg'><img loading=\"lazy\" decoding=\"async\" data-attachment-id=\"21039\" data-orig-file=\"https:\/\/www.colorado.com.br\/nosdacolorado\/wp-content\/uploads\/2023\/06\/ASPA-Gua\u00edra-108.jpg\" data-orig-size=\"1206,804\" data-comments-opened=\"1\" data-image-meta=\"{&quot;aperture&quot;:&quot;0&quot;,&quot;credit&quot;:&quot;&quot;,&quot;camera&quot;:&quot;&quot;,&quot;caption&quot;:&quot;&quot;,&quot;created_timestamp&quot;:&quot;0&quot;,&quot;copyright&quot;:&quot;&quot;,&quot;focal_length&quot;:&quot;0&quot;,&quot;iso&quot;:&quot;0&quot;,&quot;shutter_speed&quot;:&quot;0&quot;,&quot;title&quot;:&quot;&quot;,&quot;orientation&quot;:&quot;0&quot;,&quot;keywords&quot;:&quot;Array&quot;}\" data-image-title=\"ASPA Gua\u00edra (108)\" data-image-description=\"\" data-medium-file=\"https:\/\/www.colorado.com.br\/nosdacolorado\/wp-content\/uploads\/2023\/06\/ASPA-Gua\u00edra-108-300x200.jpg\" data-large-file=\"https:\/\/www.colorado.com.br\/nosdacolorado\/wp-content\/uploads\/2023\/06\/ASPA-Gua\u00edra-108-1024x683.jpg\" width=\"150\" height=\"150\" src=\"https:\/\/www.colorado.com.br\/nosdacolorado\/wp-content\/uploads\/2023\/06\/ASPA-Gua\u00edra-108-150x150.jpg\" class=\"attachment-thumbnail size-thumbnail\" alt=\"\" srcset=\"https:\/\/www.colorado.com.br\/nosdacolorado\/wp-content\/uploads\/2023\/06\/ASPA-Gua\u00edra-108-150x150.jpg 150w, https:\/\/www.colorado.com.br\/nosdacolorado\/wp-content\/uploads\/2023\/06\/ASPA-Gua\u00edra-108-100x100.jpg 100w, https:\/\/www.colorado.com.br\/nosdacolorado\/wp-content\/uploads\/2023\/06\/ASPA-Gua\u00edra-108-140x140.jpg 140w, https:\/\/www.colorado.com.br\/nosdacolorado\/wp-content\/uploads\/2023\/06\/ASPA-Gua\u00edra-108-500x500.jpg 500w, https:\/\/www.colorado.com.br\/nosdacolorado\/wp-content\/uploads\/2023\/06\/ASPA-Gua\u00edra-108-350x350.jpg 350w, https:\/\/www.colorado.com.br\/nosdacolorado\/wp-content\/uploads\/2023\/06\/ASPA-Gua\u00edra-108-800x800.jpg 800w\" sizes=\"auto, (max-width: 150px) 100vw, 150px\" \/><\/a>\n\t\t\t<\/dt><\/dl><dl class='gallery-item'>\n\t\t\t<dt class='gallery-icon landscape'>\n\t\t\t\t<a href='https:\/\/www.colorado.com.br\/nosdacolorado\/wp-content\/uploads\/2023\/06\/ASPA-Gua\u00edra-109.jpg'><img loading=\"lazy\" decoding=\"async\" data-attachment-id=\"21040\" data-orig-file=\"https:\/\/www.colorado.com.br\/nosdacolorado\/wp-content\/uploads\/2023\/06\/ASPA-Gua\u00edra-109.jpg\" data-orig-size=\"1206,804\" data-comments-opened=\"1\" data-image-meta=\"{&quot;aperture&quot;:&quot;0&quot;,&quot;credit&quot;:&quot;&quot;,&quot;camera&quot;:&quot;&quot;,&quot;caption&quot;:&quot;&quot;,&quot;created_timestamp&quot;:&quot;0&quot;,&quot;copyright&quot;:&quot;&quot;,&quot;focal_length&quot;:&quot;0&quot;,&quot;iso&quot;:&quot;0&quot;,&quot;shutter_speed&quot;:&quot;0&quot;,&quot;title&quot;:&quot;&quot;,&quot;orientation&quot;:&quot;0&quot;,&quot;keywords&quot;:&quot;Array&quot;}\" data-image-title=\"ASPA Gua\u00edra (109)\" data-image-description=\"\" data-medium-file=\"https:\/\/www.colorado.com.br\/nosdacolorado\/wp-content\/uploads\/2023\/06\/ASPA-Gua\u00edra-109-300x200.jpg\" data-large-file=\"https:\/\/www.colorado.com.br\/nosdacolorado\/wp-content\/uploads\/2023\/06\/ASPA-Gua\u00edra-109-1024x683.jpg\" width=\"150\" height=\"150\" src=\"https:\/\/www.colorado.com.br\/nosdacolorado\/wp-content\/uploads\/2023\/06\/ASPA-Gua\u00edra-109-150x150.jpg\" class=\"attachment-thumbnail size-thumbnail\" alt=\"\" srcset=\"https:\/\/www.colorado.com.br\/nosdacolorado\/wp-content\/uploads\/2023\/06\/ASPA-Gua\u00edra-109-150x150.jpg 150w, https:\/\/www.colorado.com.br\/nosdacolorado\/wp-content\/uploads\/2023\/06\/ASPA-Gua\u00edra-109-100x100.jpg 100w, https:\/\/www.colorado.com.br\/nosdacolorado\/wp-content\/uploads\/2023\/06\/ASPA-Gua\u00edra-109-140x140.jpg 140w, https:\/\/www.colorado.com.br\/nosdacolorado\/wp-content\/uploads\/2023\/06\/ASPA-Gua\u00edra-109-500x500.jpg 500w, https:\/\/www.colorado.com.br\/nosdacolorado\/wp-content\/uploads\/2023\/06\/ASPA-Gua\u00edra-109-350x350.jpg 350w, https:\/\/www.colorado.com.br\/nosdacolorado\/wp-content\/uploads\/2023\/06\/ASPA-Gua\u00edra-109-800x800.jpg 800w\" sizes=\"auto, (max-width: 150px) 100vw, 150px\" \/><\/a>\n\t\t\t<\/dt><\/dl><dl class='gallery-item'>\n\t\t\t<dt class='gallery-icon landscape'>\n\t\t\t\t<a href='https:\/\/www.colorado.com.br\/nosdacolorado\/wp-content\/uploads\/2023\/06\/ASPA-Gua\u00edra-110.jpg'><img loading=\"lazy\" decoding=\"async\" data-attachment-id=\"21041\" data-orig-file=\"https:\/\/www.colorado.com.br\/nosdacolorado\/wp-content\/uploads\/2023\/06\/ASPA-Gua\u00edra-110.jpg\" data-orig-size=\"1206,804\" data-comments-opened=\"1\" data-image-meta=\"{&quot;aperture&quot;:&quot;0&quot;,&quot;credit&quot;:&quot;&quot;,&quot;camera&quot;:&quot;&quot;,&quot;caption&quot;:&quot;&quot;,&quot;created_timestamp&quot;:&quot;0&quot;,&quot;copyright&quot;:&quot;&quot;,&quot;focal_length&quot;:&quot;0&quot;,&quot;iso&quot;:&quot;0&quot;,&quot;shutter_speed&quot;:&quot;0&quot;,&quot;title&quot;:&quot;&quot;,&quot;orientation&quot;:&quot;0&quot;,&quot;keywords&quot;:&quot;Array&quot;}\" data-image-title=\"ASPA Gua\u00edra (110)\" data-image-description=\"\" data-medium-file=\"https:\/\/www.colorado.com.br\/nosdacolorado\/wp-content\/uploads\/2023\/06\/ASPA-Gua\u00edra-110-300x200.jpg\" data-large-file=\"https:\/\/www.colorado.com.br\/nosdacolorado\/wp-content\/uploads\/2023\/06\/ASPA-Gua\u00edra-110-1024x683.jpg\" width=\"150\" height=\"150\" src=\"https:\/\/www.colorado.com.br\/nosdacolorado\/wp-content\/uploads\/2023\/06\/ASPA-Gua\u00edra-110-150x150.jpg\" class=\"attachment-thumbnail size-thumbnail\" alt=\"\" srcset=\"https:\/\/www.colorado.com.br\/nosdacolorado\/wp-content\/uploads\/2023\/06\/ASPA-Gua\u00edra-110-150x150.jpg 150w, https:\/\/www.colorado.com.br\/nosdacolorado\/wp-content\/uploads\/2023\/06\/ASPA-Gua\u00edra-110-100x100.jpg 100w, https:\/\/www.colorado.com.br\/nosdacolorado\/wp-content\/uploads\/2023\/06\/ASPA-Gua\u00edra-110-140x140.jpg 140w, https:\/\/www.colorado.com.br\/nosdacolorado\/wp-content\/uploads\/2023\/06\/ASPA-Gua\u00edra-110-500x500.jpg 500w, https:\/\/www.colorado.com.br\/nosdacolorado\/wp-content\/uploads\/2023\/06\/ASPA-Gua\u00edra-110-350x350.jpg 350w, https:\/\/www.colorado.com.br\/nosdacolorado\/wp-content\/uploads\/2023\/06\/ASPA-Gua\u00edra-110-800x800.jpg 800w\" sizes=\"auto, (max-width: 150px) 100vw, 150px\" \/><\/a>\n\t\t\t<\/dt><\/dl><br style=\"clear: both\" \/><dl class='gallery-item'>\n\t\t\t<dt class='gallery-icon portrait'>\n\t\t\t\t<a href='https:\/\/www.colorado.com.br\/nosdacolorado\/wp-content\/uploads\/2023\/06\/ASPA-Gua\u00edra-111.jpg'><img loading=\"lazy\" decoding=\"async\" data-attachment-id=\"21042\" data-orig-file=\"https:\/\/www.colorado.com.br\/nosdacolorado\/wp-content\/uploads\/2023\/06\/ASPA-Gua\u00edra-111.jpg\" data-orig-size=\"804,1206\" data-comments-opened=\"1\" data-image-meta=\"{&quot;aperture&quot;:&quot;0&quot;,&quot;credit&quot;:&quot;&quot;,&quot;camera&quot;:&quot;&quot;,&quot;caption&quot;:&quot;&quot;,&quot;created_timestamp&quot;:&quot;0&quot;,&quot;copyright&quot;:&quot;&quot;,&quot;focal_length&quot;:&quot;0&quot;,&quot;iso&quot;:&quot;0&quot;,&quot;shutter_speed&quot;:&quot;0&quot;,&quot;title&quot;:&quot;&quot;,&quot;orientation&quot;:&quot;0&quot;,&quot;keywords&quot;:&quot;Array&quot;}\" data-image-title=\"ASPA Gua\u00edra (111)\" data-image-description=\"\" data-medium-file=\"https:\/\/www.colorado.com.br\/nosdacolorado\/wp-content\/uploads\/2023\/06\/ASPA-Gua\u00edra-111-200x300.jpg\" data-large-file=\"https:\/\/www.colorado.com.br\/nosdacolorado\/wp-content\/uploads\/2023\/06\/ASPA-Gua\u00edra-111-683x1024.jpg\" width=\"150\" height=\"150\" src=\"https:\/\/www.colorado.com.br\/nosdacolorado\/wp-content\/uploads\/2023\/06\/ASPA-Gua\u00edra-111-150x150.jpg\" class=\"attachment-thumbnail size-thumbnail\" alt=\"\" srcset=\"https:\/\/www.colorado.com.br\/nosdacolorado\/wp-content\/uploads\/2023\/06\/ASPA-Gua\u00edra-111-150x150.jpg 150w, https:\/\/www.colorado.com.br\/nosdacolorado\/wp-content\/uploads\/2023\/06\/ASPA-Gua\u00edra-111-100x100.jpg 100w, https:\/\/www.colorado.com.br\/nosdacolorado\/wp-content\/uploads\/2023\/06\/ASPA-Gua\u00edra-111-140x140.jpg 140w, https:\/\/www.colorado.com.br\/nosdacolorado\/wp-content\/uploads\/2023\/06\/ASPA-Gua\u00edra-111-500x500.jpg 500w, https:\/\/www.colorado.com.br\/nosdacolorado\/wp-content\/uploads\/2023\/06\/ASPA-Gua\u00edra-111-350x350.jpg 350w, https:\/\/www.colorado.com.br\/nosdacolorado\/wp-content\/uploads\/2023\/06\/ASPA-Gua\u00edra-111-800x800.jpg 800w\" sizes=\"auto, (max-width: 150px) 100vw, 150px\" \/><\/a>\n\t\t\t<\/dt><\/dl><dl class='gallery-item'>\n\t\t\t<dt class='gallery-icon portrait'>\n\t\t\t\t<a href='https:\/\/www.colorado.com.br\/nosdacolorado\/wp-content\/uploads\/2023\/06\/ASPA-Gua\u00edra-112.jpg'><img loading=\"lazy\" decoding=\"async\" data-attachment-id=\"21043\" data-orig-file=\"https:\/\/www.colorado.com.br\/nosdacolorado\/wp-content\/uploads\/2023\/06\/ASPA-Gua\u00edra-112.jpg\" data-orig-size=\"804,1206\" data-comments-opened=\"1\" data-image-meta=\"{&quot;aperture&quot;:&quot;0&quot;,&quot;credit&quot;:&quot;&quot;,&quot;camera&quot;:&quot;&quot;,&quot;caption&quot;:&quot;&quot;,&quot;created_timestamp&quot;:&quot;0&quot;,&quot;copyright&quot;:&quot;&quot;,&quot;focal_length&quot;:&quot;0&quot;,&quot;iso&quot;:&quot;0&quot;,&quot;shutter_speed&quot;:&quot;0&quot;,&quot;title&quot;:&quot;&quot;,&quot;orientation&quot;:&quot;0&quot;,&quot;keywords&quot;:&quot;Array&quot;}\" data-image-title=\"ASPA Gua\u00edra (112)\" data-image-description=\"\" data-medium-file=\"https:\/\/www.colorado.com.br\/nosdacolorado\/wp-content\/uploads\/2023\/06\/ASPA-Gua\u00edra-112-200x300.jpg\" data-large-file=\"https:\/\/www.colorado.com.br\/nosdacolorado\/wp-content\/uploads\/2023\/06\/ASPA-Gua\u00edra-112-683x1024.jpg\" width=\"150\" height=\"150\" src=\"https:\/\/www.colorado.com.br\/nosdacolorado\/wp-content\/uploads\/2023\/06\/ASPA-Gua\u00edra-112-150x150.jpg\" class=\"attachment-thumbnail size-thumbnail\" alt=\"\" srcset=\"https:\/\/www.colorado.com.br\/nosdacolorado\/wp-content\/uploads\/2023\/06\/ASPA-Gua\u00edra-112-150x150.jpg 150w, https:\/\/www.colorado.com.br\/nosdacolorado\/wp-content\/uploads\/2023\/06\/ASPA-Gua\u00edra-112-100x100.jpg 100w, https:\/\/www.colorado.com.br\/nosdacolorado\/wp-content\/uploads\/2023\/06\/ASPA-Gua\u00edra-112-140x140.jpg 140w, https:\/\/www.colorado.com.br\/nosdacolorado\/wp-content\/uploads\/2023\/06\/ASPA-Gua\u00edra-112-500x500.jpg 500w, https:\/\/www.colorado.com.br\/nosdacolorado\/wp-content\/uploads\/2023\/06\/ASPA-Gua\u00edra-112-350x350.jpg 350w, https:\/\/www.colorado.com.br\/nosdacolorado\/wp-content\/uploads\/2023\/06\/ASPA-Gua\u00edra-112-800x800.jpg 800w\" sizes=\"auto, (max-width: 150px) 100vw, 150px\" \/><\/a>\n\t\t\t<\/dt><\/dl><dl class='gallery-item'>\n\t\t\t<dt class='gallery-icon portrait'>\n\t\t\t\t<a href='https:\/\/www.colorado.com.br\/nosdacolorado\/wp-content\/uploads\/2023\/06\/ASPA-Gua\u00edra-113.jpg'><img loading=\"lazy\" decoding=\"async\" data-attachment-id=\"21044\" data-orig-file=\"https:\/\/www.colorado.com.br\/nosdacolorado\/wp-content\/uploads\/2023\/06\/ASPA-Gua\u00edra-113.jpg\" data-orig-size=\"804,1206\" data-comments-opened=\"1\" data-image-meta=\"{&quot;aperture&quot;:&quot;0&quot;,&quot;credit&quot;:&quot;&quot;,&quot;camera&quot;:&quot;&quot;,&quot;caption&quot;:&quot;&quot;,&quot;created_timestamp&quot;:&quot;0&quot;,&quot;copyright&quot;:&quot;&quot;,&quot;focal_length&quot;:&quot;0&quot;,&quot;iso&quot;:&quot;0&quot;,&quot;shutter_speed&quot;:&quot;0&quot;,&quot;title&quot;:&quot;&quot;,&quot;orientation&quot;:&quot;0&quot;,&quot;keywords&quot;:&quot;Array&quot;}\" data-image-title=\"ASPA Gua\u00edra (113)\" data-image-description=\"\" data-medium-file=\"https:\/\/www.colorado.com.br\/nosdacolorado\/wp-content\/uploads\/2023\/06\/ASPA-Gua\u00edra-113-200x300.jpg\" data-large-file=\"https:\/\/www.colorado.com.br\/nosdacolorado\/wp-content\/uploads\/2023\/06\/ASPA-Gua\u00edra-113-683x1024.jpg\" width=\"150\" height=\"150\" src=\"https:\/\/www.colorado.com.br\/nosdacolorado\/wp-content\/uploads\/2023\/06\/ASPA-Gua\u00edra-113-150x150.jpg\" class=\"attachment-thumbnail size-thumbnail\" alt=\"\" srcset=\"https:\/\/www.colorado.com.br\/nosdacolorado\/wp-content\/uploads\/2023\/06\/ASPA-Gua\u00edra-113-150x150.jpg 150w, https:\/\/www.colorado.com.br\/nosdacolorado\/wp-content\/uploads\/2023\/06\/ASPA-Gua\u00edra-113-100x100.jpg 100w, https:\/\/www.colorado.com.br\/nosdacolorado\/wp-content\/uploads\/2023\/06\/ASPA-Gua\u00edra-113-140x140.jpg 140w, https:\/\/www.colorado.com.br\/nosdacolorado\/wp-content\/uploads\/2023\/06\/ASPA-Gua\u00edra-113-500x500.jpg 500w, https:\/\/www.colorado.com.br\/nosdacolorado\/wp-content\/uploads\/2023\/06\/ASPA-Gua\u00edra-113-350x350.jpg 350w, https:\/\/www.colorado.com.br\/nosdacolorado\/wp-content\/uploads\/2023\/06\/ASPA-Gua\u00edra-113-800x800.jpg 800w\" sizes=\"auto, (max-width: 150px) 100vw, 150px\" \/><\/a>\n\t\t\t<\/dt><\/dl><dl class='gallery-item'>\n\t\t\t<dt class='gallery-icon landscape'>\n\t\t\t\t<a href='https:\/\/www.colorado.com.br\/nosdacolorado\/wp-content\/uploads\/2023\/06\/ASPA-Gua\u00edra-114.jpg'><img loading=\"lazy\" decoding=\"async\" data-attachment-id=\"21045\" data-orig-file=\"https:\/\/www.colorado.com.br\/nosdacolorado\/wp-content\/uploads\/2023\/06\/ASPA-Gua\u00edra-114.jpg\" data-orig-size=\"1206,804\" data-comments-opened=\"1\" data-image-meta=\"{&quot;aperture&quot;:&quot;0&quot;,&quot;credit&quot;:&quot;&quot;,&quot;camera&quot;:&quot;&quot;,&quot;caption&quot;:&quot;&quot;,&quot;created_timestamp&quot;:&quot;0&quot;,&quot;copyright&quot;:&quot;&quot;,&quot;focal_length&quot;:&quot;0&quot;,&quot;iso&quot;:&quot;0&quot;,&quot;shutter_speed&quot;:&quot;0&quot;,&quot;title&quot;:&quot;&quot;,&quot;orientation&quot;:&quot;0&quot;,&quot;keywords&quot;:&quot;Array&quot;}\" data-image-title=\"ASPA Gua\u00edra (114)\" data-image-description=\"\" data-medium-file=\"https:\/\/www.colorado.com.br\/nosdacolorado\/wp-content\/uploads\/2023\/06\/ASPA-Gua\u00edra-114-300x200.jpg\" data-large-file=\"https:\/\/www.colorado.com.br\/nosdacolorado\/wp-content\/uploads\/2023\/06\/ASPA-Gua\u00edra-114-1024x683.jpg\" width=\"150\" height=\"150\" src=\"https:\/\/www.colorado.com.br\/nosdacolorado\/wp-content\/uploads\/2023\/06\/ASPA-Gua\u00edra-114-150x150.jpg\" class=\"attachment-thumbnail size-thumbnail\" alt=\"\" srcset=\"https:\/\/www.colorado.com.br\/nosdacolorado\/wp-content\/uploads\/2023\/06\/ASPA-Gua\u00edra-114-150x150.jpg 150w, https:\/\/www.colorado.com.br\/nosdacolorado\/wp-content\/uploads\/2023\/06\/ASPA-Gua\u00edra-114-100x100.jpg 100w, https:\/\/www.colorado.com.br\/nosdacolorado\/wp-content\/uploads\/2023\/06\/ASPA-Gua\u00edra-114-140x140.jpg 140w, https:\/\/www.colorado.com.br\/nosdacolorado\/wp-content\/uploads\/2023\/06\/ASPA-Gua\u00edra-114-500x500.jpg 500w, https:\/\/www.colorado.com.br\/nosdacolorado\/wp-content\/uploads\/2023\/06\/ASPA-Gua\u00edra-114-350x350.jpg 350w, https:\/\/www.colorado.com.br\/nosdacolorado\/wp-content\/uploads\/2023\/06\/ASPA-Gua\u00edra-114-800x800.jpg 800w\" sizes=\"auto, (max-width: 150px) 100vw, 150px\" \/><\/a>\n\t\t\t<\/dt><\/dl><dl class='gallery-item'>\n\t\t\t<dt class='gallery-icon landscape'>\n\t\t\t\t<a href='https:\/\/www.colorado.com.br\/nosdacolorado\/wp-content\/uploads\/2023\/06\/ASPA-Gua\u00edra-115.jpg'><img loading=\"lazy\" decoding=\"async\" data-attachment-id=\"21046\" data-orig-file=\"https:\/\/www.colorado.com.br\/nosdacolorado\/wp-content\/uploads\/2023\/06\/ASPA-Gua\u00edra-115.jpg\" data-orig-size=\"1206,804\" data-comments-opened=\"1\" data-image-meta=\"{&quot;aperture&quot;:&quot;0&quot;,&quot;credit&quot;:&quot;&quot;,&quot;camera&quot;:&quot;&quot;,&quot;caption&quot;:&quot;&quot;,&quot;created_timestamp&quot;:&quot;0&quot;,&quot;copyright&quot;:&quot;&quot;,&quot;focal_length&quot;:&quot;0&quot;,&quot;iso&quot;:&quot;0&quot;,&quot;shutter_speed&quot;:&quot;0&quot;,&quot;title&quot;:&quot;&quot;,&quot;orientation&quot;:&quot;0&quot;,&quot;keywords&quot;:&quot;Array&quot;}\" data-image-title=\"ASPA Gua\u00edra (115)\" data-image-description=\"\" data-medium-file=\"https:\/\/www.colorado.com.br\/nosdacolorado\/wp-content\/uploads\/2023\/06\/ASPA-Gua\u00edra-115-300x200.jpg\" data-large-file=\"https:\/\/www.colorado.com.br\/nosdacolorado\/wp-content\/uploads\/2023\/06\/ASPA-Gua\u00edra-115-1024x683.jpg\" width=\"150\" height=\"150\" src=\"https:\/\/www.colorado.com.br\/nosdacolorado\/wp-content\/uploads\/2023\/06\/ASPA-Gua\u00edra-115-150x150.jpg\" class=\"attachment-thumbnail size-thumbnail\" alt=\"\" srcset=\"https:\/\/www.colorado.com.br\/nosdacolorado\/wp-content\/uploads\/2023\/06\/ASPA-Gua\u00edra-115-150x150.jpg 150w, https:\/\/www.colorado.com.br\/nosdacolorado\/wp-content\/uploads\/2023\/06\/ASPA-Gua\u00edra-115-100x100.jpg 100w, https:\/\/www.colorado.com.br\/nosdacolorado\/wp-content\/uploads\/2023\/06\/ASPA-Gua\u00edra-115-140x140.jpg 140w, https:\/\/www.colorado.com.br\/nosdacolorado\/wp-content\/uploads\/2023\/06\/ASPA-Gua\u00edra-115-500x500.jpg 500w, https:\/\/www.colorado.com.br\/nosdacolorado\/wp-content\/uploads\/2023\/06\/ASPA-Gua\u00edra-115-350x350.jpg 350w, https:\/\/www.colorado.com.br\/nosdacolorado\/wp-content\/uploads\/2023\/06\/ASPA-Gua\u00edra-115-800x800.jpg 800w\" sizes=\"auto, (max-width: 150px) 100vw, 150px\" \/><\/a>\n\t\t\t<\/dt><\/dl><br style=\"clear: both\" \/><dl class='gallery-item'>\n\t\t\t<dt class='gallery-icon landscape'>\n\t\t\t\t<a href='https:\/\/www.colorado.com.br\/nosdacolorado\/wp-content\/uploads\/2023\/06\/ASPA-Gua\u00edra-116.jpg'><img loading=\"lazy\" decoding=\"async\" data-attachment-id=\"21047\" data-orig-file=\"https:\/\/www.colorado.com.br\/nosdacolorado\/wp-content\/uploads\/2023\/06\/ASPA-Gua\u00edra-116.jpg\" data-orig-size=\"1206,804\" data-comments-opened=\"1\" data-image-meta=\"{&quot;aperture&quot;:&quot;0&quot;,&quot;credit&quot;:&quot;&quot;,&quot;camera&quot;:&quot;&quot;,&quot;caption&quot;:&quot;&quot;,&quot;created_timestamp&quot;:&quot;0&quot;,&quot;copyright&quot;:&quot;&quot;,&quot;focal_length&quot;:&quot;0&quot;,&quot;iso&quot;:&quot;0&quot;,&quot;shutter_speed&quot;:&quot;0&quot;,&quot;title&quot;:&quot;&quot;,&quot;orientation&quot;:&quot;0&quot;,&quot;keywords&quot;:&quot;Array&quot;}\" data-image-title=\"ASPA Gua\u00edra (116)\" data-image-description=\"\" data-medium-file=\"https:\/\/www.colorado.com.br\/nosdacolorado\/wp-content\/uploads\/2023\/06\/ASPA-Gua\u00edra-116-300x200.jpg\" data-large-file=\"https:\/\/www.colorado.com.br\/nosdacolorado\/wp-content\/uploads\/2023\/06\/ASPA-Gua\u00edra-116-1024x683.jpg\" width=\"150\" height=\"150\" src=\"https:\/\/www.colorado.com.br\/nosdacolorado\/wp-content\/uploads\/2023\/06\/ASPA-Gua\u00edra-116-150x150.jpg\" class=\"attachment-thumbnail size-thumbnail\" alt=\"\" srcset=\"https:\/\/www.colorado.com.br\/nosdacolorado\/wp-content\/uploads\/2023\/06\/ASPA-Gua\u00edra-116-150x150.jpg 150w, https:\/\/www.colorado.com.br\/nosdacolorado\/wp-content\/uploads\/2023\/06\/ASPA-Gua\u00edra-116-100x100.jpg 100w, https:\/\/www.colorado.com.br\/nosdacolorado\/wp-content\/uploads\/2023\/06\/ASPA-Gua\u00edra-116-140x140.jpg 140w, https:\/\/www.colorado.com.br\/nosdacolorado\/wp-content\/uploads\/2023\/06\/ASPA-Gua\u00edra-116-500x500.jpg 500w, https:\/\/www.colorado.com.br\/nosdacolorado\/wp-content\/uploads\/2023\/06\/ASPA-Gua\u00edra-116-350x350.jpg 350w, https:\/\/www.colorado.com.br\/nosdacolorado\/wp-content\/uploads\/2023\/06\/ASPA-Gua\u00edra-116-800x800.jpg 800w\" sizes=\"auto, (max-width: 150px) 100vw, 150px\" \/><\/a>\n\t\t\t<\/dt><\/dl><dl class='gallery-item'>\n\t\t\t<dt class='gallery-icon landscape'>\n\t\t\t\t<a href='https:\/\/www.colorado.com.br\/nosdacolorado\/wp-content\/uploads\/2023\/06\/ASPA-Gua\u00edra-117.jpg'><img loading=\"lazy\" decoding=\"async\" data-attachment-id=\"21048\" data-orig-file=\"https:\/\/www.colorado.com.br\/nosdacolorado\/wp-content\/uploads\/2023\/06\/ASPA-Gua\u00edra-117.jpg\" data-orig-size=\"1206,804\" data-comments-opened=\"1\" data-image-meta=\"{&quot;aperture&quot;:&quot;0&quot;,&quot;credit&quot;:&quot;&quot;,&quot;camera&quot;:&quot;&quot;,&quot;caption&quot;:&quot;&quot;,&quot;created_timestamp&quot;:&quot;0&quot;,&quot;copyright&quot;:&quot;&quot;,&quot;focal_length&quot;:&quot;0&quot;,&quot;iso&quot;:&quot;0&quot;,&quot;shutter_speed&quot;:&quot;0&quot;,&quot;title&quot;:&quot;&quot;,&quot;orientation&quot;:&quot;0&quot;,&quot;keywords&quot;:&quot;Array&quot;}\" data-image-title=\"ASPA Gua\u00edra (117)\" data-image-description=\"\" data-medium-file=\"https:\/\/www.colorado.com.br\/nosdacolorado\/wp-content\/uploads\/2023\/06\/ASPA-Gua\u00edra-117-300x200.jpg\" data-large-file=\"https:\/\/www.colorado.com.br\/nosdacolorado\/wp-content\/uploads\/2023\/06\/ASPA-Gua\u00edra-117-1024x683.jpg\" width=\"150\" height=\"150\" src=\"https:\/\/www.colorado.com.br\/nosdacolorado\/wp-content\/uploads\/2023\/06\/ASPA-Gua\u00edra-117-150x150.jpg\" class=\"attachment-thumbnail size-thumbnail\" alt=\"\" srcset=\"https:\/\/www.colorado.com.br\/nosdacolorado\/wp-content\/uploads\/2023\/06\/ASPA-Gua\u00edra-117-150x150.jpg 150w, https:\/\/www.colorado.com.br\/nosdacolorado\/wp-content\/uploads\/2023\/06\/ASPA-Gua\u00edra-117-100x100.jpg 100w, https:\/\/www.colorado.com.br\/nosdacolorado\/wp-content\/uploads\/2023\/06\/ASPA-Gua\u00edra-117-140x140.jpg 140w, https:\/\/www.colorado.com.br\/nosdacolorado\/wp-content\/uploads\/2023\/06\/ASPA-Gua\u00edra-117-500x500.jpg 500w, https:\/\/www.colorado.com.br\/nosdacolorado\/wp-content\/uploads\/2023\/06\/ASPA-Gua\u00edra-117-350x350.jpg 350w, https:\/\/www.colorado.com.br\/nosdacolorado\/wp-content\/uploads\/2023\/06\/ASPA-Gua\u00edra-117-800x800.jpg 800w\" sizes=\"auto, (max-width: 150px) 100vw, 150px\" \/><\/a>\n\t\t\t<\/dt><\/dl><dl class='gallery-item'>\n\t\t\t<dt class='gallery-icon landscape'>\n\t\t\t\t<a href='https:\/\/www.colorado.com.br\/nosdacolorado\/wp-content\/uploads\/2023\/06\/ASPA-Gua\u00edra-118.jpg'><img loading=\"lazy\" decoding=\"async\" data-attachment-id=\"21049\" data-orig-file=\"https:\/\/www.colorado.com.br\/nosdacolorado\/wp-content\/uploads\/2023\/06\/ASPA-Gua\u00edra-118.jpg\" data-orig-size=\"1206,804\" data-comments-opened=\"1\" data-image-meta=\"{&quot;aperture&quot;:&quot;0&quot;,&quot;credit&quot;:&quot;&quot;,&quot;camera&quot;:&quot;&quot;,&quot;caption&quot;:&quot;&quot;,&quot;created_timestamp&quot;:&quot;0&quot;,&quot;copyright&quot;:&quot;&quot;,&quot;focal_length&quot;:&quot;0&quot;,&quot;iso&quot;:&quot;0&quot;,&quot;shutter_speed&quot;:&quot;0&quot;,&quot;title&quot;:&quot;&quot;,&quot;orientation&quot;:&quot;0&quot;,&quot;keywords&quot;:&quot;Array&quot;}\" data-image-title=\"ASPA Gua\u00edra (118)\" data-image-description=\"\" data-medium-file=\"https:\/\/www.colorado.com.br\/nosdacolorado\/wp-content\/uploads\/2023\/06\/ASPA-Gua\u00edra-118-300x200.jpg\" data-large-file=\"https:\/\/www.colorado.com.br\/nosdacolorado\/wp-content\/uploads\/2023\/06\/ASPA-Gua\u00edra-118-1024x683.jpg\" width=\"150\" height=\"150\" src=\"https:\/\/www.colorado.com.br\/nosdacolorado\/wp-content\/uploads\/2023\/06\/ASPA-Gua\u00edra-118-150x150.jpg\" class=\"attachment-thumbnail size-thumbnail\" alt=\"\" srcset=\"https:\/\/www.colorado.com.br\/nosdacolorado\/wp-content\/uploads\/2023\/06\/ASPA-Gua\u00edra-118-150x150.jpg 150w, https:\/\/www.colorado.com.br\/nosdacolorado\/wp-content\/uploads\/2023\/06\/ASPA-Gua\u00edra-118-100x100.jpg 100w, https:\/\/www.colorado.com.br\/nosdacolorado\/wp-content\/uploads\/2023\/06\/ASPA-Gua\u00edra-118-140x140.jpg 140w, https:\/\/www.colorado.com.br\/nosdacolorado\/wp-content\/uploads\/2023\/06\/ASPA-Gua\u00edra-118-500x500.jpg 500w, https:\/\/www.colorado.com.br\/nosdacolorado\/wp-content\/uploads\/2023\/06\/ASPA-Gua\u00edra-118-350x350.jpg 350w, https:\/\/www.colorado.com.br\/nosdacolorado\/wp-content\/uploads\/2023\/06\/ASPA-Gua\u00edra-118-800x800.jpg 800w\" sizes=\"auto, (max-width: 150px) 100vw, 150px\" \/><\/a>\n\t\t\t<\/dt><\/dl><dl class='gallery-item'>\n\t\t\t<dt class='gallery-icon landscape'>\n\t\t\t\t<a href='https:\/\/www.colorado.com.br\/nosdacolorado\/wp-content\/uploads\/2023\/06\/ASPA-Gua\u00edra-119.jpg'><img loading=\"lazy\" decoding=\"async\" data-attachment-id=\"21050\" data-orig-file=\"https:\/\/www.colorado.com.br\/nosdacolorado\/wp-content\/uploads\/2023\/06\/ASPA-Gua\u00edra-119.jpg\" data-orig-size=\"1206,804\" data-comments-opened=\"1\" data-image-meta=\"{&quot;aperture&quot;:&quot;0&quot;,&quot;credit&quot;:&quot;&quot;,&quot;camera&quot;:&quot;&quot;,&quot;caption&quot;:&quot;&quot;,&quot;created_timestamp&quot;:&quot;0&quot;,&quot;copyright&quot;:&quot;&quot;,&quot;focal_length&quot;:&quot;0&quot;,&quot;iso&quot;:&quot;0&quot;,&quot;shutter_speed&quot;:&quot;0&quot;,&quot;title&quot;:&quot;&quot;,&quot;orientation&quot;:&quot;0&quot;,&quot;keywords&quot;:&quot;Array&quot;}\" data-image-title=\"ASPA Gua\u00edra (119)\" data-image-description=\"\" data-medium-file=\"https:\/\/www.colorado.com.br\/nosdacolorado\/wp-content\/uploads\/2023\/06\/ASPA-Gua\u00edra-119-300x200.jpg\" data-large-file=\"https:\/\/www.colorado.com.br\/nosdacolorado\/wp-content\/uploads\/2023\/06\/ASPA-Gua\u00edra-119-1024x683.jpg\" width=\"150\" height=\"150\" src=\"https:\/\/www.colorado.com.br\/nosdacolorado\/wp-content\/uploads\/2023\/06\/ASPA-Gua\u00edra-119-150x150.jpg\" class=\"attachment-thumbnail size-thumbnail\" alt=\"\" srcset=\"https:\/\/www.colorado.com.br\/nosdacolorado\/wp-content\/uploads\/2023\/06\/ASPA-Gua\u00edra-119-150x150.jpg 150w, https:\/\/www.colorado.com.br\/nosdacolorado\/wp-content\/uploads\/2023\/06\/ASPA-Gua\u00edra-119-100x100.jpg 100w, https:\/\/www.colorado.com.br\/nosdacolorado\/wp-content\/uploads\/2023\/06\/ASPA-Gua\u00edra-119-140x140.jpg 140w, https:\/\/www.colorado.com.br\/nosdacolorado\/wp-content\/uploads\/2023\/06\/ASPA-Gua\u00edra-119-500x500.jpg 500w, https:\/\/www.colorado.com.br\/nosdacolorado\/wp-content\/uploads\/2023\/06\/ASPA-Gua\u00edra-119-350x350.jpg 350w, https:\/\/www.colorado.com.br\/nosdacolorado\/wp-content\/uploads\/2023\/06\/ASPA-Gua\u00edra-119-800x800.jpg 800w\" sizes=\"auto, (max-width: 150px) 100vw, 150px\" \/><\/a>\n\t\t\t<\/dt><\/dl><dl class='gallery-item'>\n\t\t\t<dt class='gallery-icon landscape'>\n\t\t\t\t<a href='https:\/\/www.colorado.com.br\/nosdacolorado\/wp-content\/uploads\/2023\/06\/ASPA-Gua\u00edra-120.jpg'><img loading=\"lazy\" decoding=\"async\" data-attachment-id=\"21051\" data-orig-file=\"https:\/\/www.colorado.com.br\/nosdacolorado\/wp-content\/uploads\/2023\/06\/ASPA-Gua\u00edra-120.jpg\" data-orig-size=\"1206,804\" data-comments-opened=\"1\" data-image-meta=\"{&quot;aperture&quot;:&quot;0&quot;,&quot;credit&quot;:&quot;&quot;,&quot;camera&quot;:&quot;&quot;,&quot;caption&quot;:&quot;&quot;,&quot;created_timestamp&quot;:&quot;0&quot;,&quot;copyright&quot;:&quot;&quot;,&quot;focal_length&quot;:&quot;0&quot;,&quot;iso&quot;:&quot;0&quot;,&quot;shutter_speed&quot;:&quot;0&quot;,&quot;title&quot;:&quot;&quot;,&quot;orientation&quot;:&quot;0&quot;,&quot;keywords&quot;:&quot;Array&quot;}\" data-image-title=\"ASPA Gua\u00edra (120)\" data-image-description=\"\" data-medium-file=\"https:\/\/www.colorado.com.br\/nosdacolorado\/wp-content\/uploads\/2023\/06\/ASPA-Gua\u00edra-120-300x200.jpg\" data-large-file=\"https:\/\/www.colorado.com.br\/nosdacolorado\/wp-content\/uploads\/2023\/06\/ASPA-Gua\u00edra-120-1024x683.jpg\" width=\"150\" height=\"150\" src=\"https:\/\/www.colorado.com.br\/nosdacolorado\/wp-content\/uploads\/2023\/06\/ASPA-Gua\u00edra-120-150x150.jpg\" class=\"attachment-thumbnail size-thumbnail\" alt=\"\" srcset=\"https:\/\/www.colorado.com.br\/nosdacolorado\/wp-content\/uploads\/2023\/06\/ASPA-Gua\u00edra-120-150x150.jpg 150w, https:\/\/www.colorado.com.br\/nosdacolorado\/wp-content\/uploads\/2023\/06\/ASPA-Gua\u00edra-120-100x100.jpg 100w, https:\/\/www.colorado.com.br\/nosdacolorado\/wp-content\/uploads\/2023\/06\/ASPA-Gua\u00edra-120-140x140.jpg 140w, https:\/\/www.colorado.com.br\/nosdacolorado\/wp-content\/uploads\/2023\/06\/ASPA-Gua\u00edra-120-500x500.jpg 500w, https:\/\/www.colorado.com.br\/nosdacolorado\/wp-content\/uploads\/2023\/06\/ASPA-Gua\u00edra-120-350x350.jpg 350w, https:\/\/www.colorado.com.br\/nosdacolorado\/wp-content\/uploads\/2023\/06\/ASPA-Gua\u00edra-120-800x800.jpg 800w\" sizes=\"auto, (max-width: 150px) 100vw, 150px\" \/><\/a>\n\t\t\t<\/dt><\/dl><br style=\"clear: both\" \/><dl class='gallery-item'>\n\t\t\t<dt class='gallery-icon portrait'>\n\t\t\t\t<a href='https:\/\/www.colorado.com.br\/nosdacolorado\/wp-content\/uploads\/2023\/06\/ASPA-Gua\u00edra-121.jpg'><img loading=\"lazy\" decoding=\"async\" data-attachment-id=\"21052\" data-orig-file=\"https:\/\/www.colorado.com.br\/nosdacolorado\/wp-content\/uploads\/2023\/06\/ASPA-Gua\u00edra-121.jpg\" data-orig-size=\"804,1206\" data-comments-opened=\"1\" data-image-meta=\"{&quot;aperture&quot;:&quot;0&quot;,&quot;credit&quot;:&quot;&quot;,&quot;camera&quot;:&quot;&quot;,&quot;caption&quot;:&quot;&quot;,&quot;created_timestamp&quot;:&quot;0&quot;,&quot;copyright&quot;:&quot;&quot;,&quot;focal_length&quot;:&quot;0&quot;,&quot;iso&quot;:&quot;0&quot;,&quot;shutter_speed&quot;:&quot;0&quot;,&quot;title&quot;:&quot;&quot;,&quot;orientation&quot;:&quot;0&quot;,&quot;keywords&quot;:&quot;Array&quot;}\" data-image-title=\"ASPA Gua\u00edra (121)\" data-image-description=\"\" data-medium-file=\"https:\/\/www.colorado.com.br\/nosdacolorado\/wp-content\/uploads\/2023\/06\/ASPA-Gua\u00edra-121-200x300.jpg\" data-large-file=\"https:\/\/www.colorado.com.br\/nosdacolorado\/wp-content\/uploads\/2023\/06\/ASPA-Gua\u00edra-121-683x1024.jpg\" width=\"150\" height=\"150\" src=\"https:\/\/www.colorado.com.br\/nosdacolorado\/wp-content\/uploads\/2023\/06\/ASPA-Gua\u00edra-121-150x150.jpg\" class=\"attachment-thumbnail size-thumbnail\" alt=\"\" srcset=\"https:\/\/www.colorado.com.br\/nosdacolorado\/wp-content\/uploads\/2023\/06\/ASPA-Gua\u00edra-121-150x150.jpg 150w, https:\/\/www.colorado.com.br\/nosdacolorado\/wp-content\/uploads\/2023\/06\/ASPA-Gua\u00edra-121-100x100.jpg 100w, https:\/\/www.colorado.com.br\/nosdacolorado\/wp-content\/uploads\/2023\/06\/ASPA-Gua\u00edra-121-140x140.jpg 140w, https:\/\/www.colorado.com.br\/nosdacolorado\/wp-content\/uploads\/2023\/06\/ASPA-Gua\u00edra-121-500x500.jpg 500w, https:\/\/www.colorado.com.br\/nosdacolorado\/wp-content\/uploads\/2023\/06\/ASPA-Gua\u00edra-121-350x350.jpg 350w, https:\/\/www.colorado.com.br\/nosdacolorado\/wp-content\/uploads\/2023\/06\/ASPA-Gua\u00edra-121-800x800.jpg 800w\" sizes=\"auto, (max-width: 150px) 100vw, 150px\" \/><\/a>\n\t\t\t<\/dt><\/dl><dl class='gallery-item'>\n\t\t\t<dt class='gallery-icon landscape'>\n\t\t\t\t<a href='https:\/\/www.colorado.com.br\/nosdacolorado\/wp-content\/uploads\/2023\/06\/ASPA-Gua\u00edra-122.jpg'><img loading=\"lazy\" decoding=\"async\" data-attachment-id=\"21053\" data-orig-file=\"https:\/\/www.colorado.com.br\/nosdacolorado\/wp-content\/uploads\/2023\/06\/ASPA-Gua\u00edra-122.jpg\" data-orig-size=\"1206,804\" data-comments-opened=\"1\" data-image-meta=\"{&quot;aperture&quot;:&quot;0&quot;,&quot;credit&quot;:&quot;&quot;,&quot;camera&quot;:&quot;&quot;,&quot;caption&quot;:&quot;&quot;,&quot;created_timestamp&quot;:&quot;0&quot;,&quot;copyright&quot;:&quot;&quot;,&quot;focal_length&quot;:&quot;0&quot;,&quot;iso&quot;:&quot;0&quot;,&quot;shutter_speed&quot;:&quot;0&quot;,&quot;title&quot;:&quot;&quot;,&quot;orientation&quot;:&quot;0&quot;,&quot;keywords&quot;:&quot;Array&quot;}\" data-image-title=\"ASPA Gua\u00edra (122)\" data-image-description=\"\" data-medium-file=\"https:\/\/www.colorado.com.br\/nosdacolorado\/wp-content\/uploads\/2023\/06\/ASPA-Gua\u00edra-122-300x200.jpg\" data-large-file=\"https:\/\/www.colorado.com.br\/nosdacolorado\/wp-content\/uploads\/2023\/06\/ASPA-Gua\u00edra-122-1024x683.jpg\" width=\"150\" height=\"150\" src=\"https:\/\/www.colorado.com.br\/nosdacolorado\/wp-content\/uploads\/2023\/06\/ASPA-Gua\u00edra-122-150x150.jpg\" class=\"attachment-thumbnail size-thumbnail\" alt=\"\" srcset=\"https:\/\/www.colorado.com.br\/nosdacolorado\/wp-content\/uploads\/2023\/06\/ASPA-Gua\u00edra-122-150x150.jpg 150w, https:\/\/www.colorado.com.br\/nosdacolorado\/wp-content\/uploads\/2023\/06\/ASPA-Gua\u00edra-122-100x100.jpg 100w, https:\/\/www.colorado.com.br\/nosdacolorado\/wp-content\/uploads\/2023\/06\/ASPA-Gua\u00edra-122-140x140.jpg 140w, https:\/\/www.colorado.com.br\/nosdacolorado\/wp-content\/uploads\/2023\/06\/ASPA-Gua\u00edra-122-500x500.jpg 500w, https:\/\/www.colorado.com.br\/nosdacolorado\/wp-content\/uploads\/2023\/06\/ASPA-Gua\u00edra-122-350x350.jpg 350w, https:\/\/www.colorado.com.br\/nosdacolorado\/wp-content\/uploads\/2023\/06\/ASPA-Gua\u00edra-122-800x800.jpg 800w\" sizes=\"auto, (max-width: 150px) 100vw, 150px\" \/><\/a>\n\t\t\t<\/dt><\/dl><dl class='gallery-item'>\n\t\t\t<dt class='gallery-icon portrait'>\n\t\t\t\t<a href='https:\/\/www.colorado.com.br\/nosdacolorado\/wp-content\/uploads\/2023\/06\/ASPA-Gua\u00edra-123.jpg'><img loading=\"lazy\" decoding=\"async\" data-attachment-id=\"21054\" data-orig-file=\"https:\/\/www.colorado.com.br\/nosdacolorado\/wp-content\/uploads\/2023\/06\/ASPA-Gua\u00edra-123.jpg\" data-orig-size=\"804,1206\" data-comments-opened=\"1\" data-image-meta=\"{&quot;aperture&quot;:&quot;0&quot;,&quot;credit&quot;:&quot;&quot;,&quot;camera&quot;:&quot;&quot;,&quot;caption&quot;:&quot;&quot;,&quot;created_timestamp&quot;:&quot;0&quot;,&quot;copyright&quot;:&quot;&quot;,&quot;focal_length&quot;:&quot;0&quot;,&quot;iso&quot;:&quot;0&quot;,&quot;shutter_speed&quot;:&quot;0&quot;,&quot;title&quot;:&quot;&quot;,&quot;orientation&quot;:&quot;0&quot;,&quot;keywords&quot;:&quot;Array&quot;}\" data-image-title=\"ASPA Gua\u00edra (123)\" data-image-description=\"\" data-medium-file=\"https:\/\/www.colorado.com.br\/nosdacolorado\/wp-content\/uploads\/2023\/06\/ASPA-Gua\u00edra-123-200x300.jpg\" data-large-file=\"https:\/\/www.colorado.com.br\/nosdacolorado\/wp-content\/uploads\/2023\/06\/ASPA-Gua\u00edra-123-683x1024.jpg\" width=\"150\" height=\"150\" src=\"https:\/\/www.colorado.com.br\/nosdacolorado\/wp-content\/uploads\/2023\/06\/ASPA-Gua\u00edra-123-150x150.jpg\" class=\"attachment-thumbnail size-thumbnail\" alt=\"\" srcset=\"https:\/\/www.colorado.com.br\/nosdacolorado\/wp-content\/uploads\/2023\/06\/ASPA-Gua\u00edra-123-150x150.jpg 150w, https:\/\/www.colorado.com.br\/nosdacolorado\/wp-content\/uploads\/2023\/06\/ASPA-Gua\u00edra-123-100x100.jpg 100w, https:\/\/www.colorado.com.br\/nosdacolorado\/wp-content\/uploads\/2023\/06\/ASPA-Gua\u00edra-123-140x140.jpg 140w, https:\/\/www.colorado.com.br\/nosdacolorado\/wp-content\/uploads\/2023\/06\/ASPA-Gua\u00edra-123-500x500.jpg 500w, https:\/\/www.colorado.com.br\/nosdacolorado\/wp-content\/uploads\/2023\/06\/ASPA-Gua\u00edra-123-350x350.jpg 350w, https:\/\/www.colorado.com.br\/nosdacolorado\/wp-content\/uploads\/2023\/06\/ASPA-Gua\u00edra-123-800x800.jpg 800w\" sizes=\"auto, (max-width: 150px) 100vw, 150px\" \/><\/a>\n\t\t\t<\/dt><\/dl><dl class='gallery-item'>\n\t\t\t<dt class='gallery-icon landscape'>\n\t\t\t\t<a href='https:\/\/www.colorado.com.br\/nosdacolorado\/wp-content\/uploads\/2023\/06\/ASPA-Gua\u00edra-124.jpg'><img loading=\"lazy\" decoding=\"async\" data-attachment-id=\"21055\" data-orig-file=\"https:\/\/www.colorado.com.br\/nosdacolorado\/wp-content\/uploads\/2023\/06\/ASPA-Gua\u00edra-124.jpg\" data-orig-size=\"1206,804\" data-comments-opened=\"1\" data-image-meta=\"{&quot;aperture&quot;:&quot;0&quot;,&quot;credit&quot;:&quot;&quot;,&quot;camera&quot;:&quot;&quot;,&quot;caption&quot;:&quot;&quot;,&quot;created_timestamp&quot;:&quot;0&quot;,&quot;copyright&quot;:&quot;&quot;,&quot;focal_length&quot;:&quot;0&quot;,&quot;iso&quot;:&quot;0&quot;,&quot;shutter_speed&quot;:&quot;0&quot;,&quot;title&quot;:&quot;&quot;,&quot;orientation&quot;:&quot;0&quot;,&quot;keywords&quot;:&quot;Array&quot;}\" data-image-title=\"ASPA Gua\u00edra (124)\" data-image-description=\"\" data-medium-file=\"https:\/\/www.colorado.com.br\/nosdacolorado\/wp-content\/uploads\/2023\/06\/ASPA-Gua\u00edra-124-300x200.jpg\" data-large-file=\"https:\/\/www.colorado.com.br\/nosdacolorado\/wp-content\/uploads\/2023\/06\/ASPA-Gua\u00edra-124-1024x683.jpg\" width=\"150\" height=\"150\" src=\"https:\/\/www.colorado.com.br\/nosdacolorado\/wp-content\/uploads\/2023\/06\/ASPA-Gua\u00edra-124-150x150.jpg\" class=\"attachment-thumbnail size-thumbnail\" alt=\"\" srcset=\"https:\/\/www.colorado.com.br\/nosdacolorado\/wp-content\/uploads\/2023\/06\/ASPA-Gua\u00edra-124-150x150.jpg 150w, https:\/\/www.colorado.com.br\/nosdacolorado\/wp-content\/uploads\/2023\/06\/ASPA-Gua\u00edra-124-100x100.jpg 100w, https:\/\/www.colorado.com.br\/nosdacolorado\/wp-content\/uploads\/2023\/06\/ASPA-Gua\u00edra-124-140x140.jpg 140w, https:\/\/www.colorado.com.br\/nosdacolorado\/wp-content\/uploads\/2023\/06\/ASPA-Gua\u00edra-124-500x500.jpg 500w, https:\/\/www.colorado.com.br\/nosdacolorado\/wp-content\/uploads\/2023\/06\/ASPA-Gua\u00edra-124-350x350.jpg 350w, https:\/\/www.colorado.com.br\/nosdacolorado\/wp-content\/uploads\/2023\/06\/ASPA-Gua\u00edra-124-800x800.jpg 800w\" sizes=\"auto, (max-width: 150px) 100vw, 150px\" \/><\/a>\n\t\t\t<\/dt><\/dl><dl class='gallery-item'>\n\t\t\t<dt class='gallery-icon portrait'>\n\t\t\t\t<a href='https:\/\/www.colorado.com.br\/nosdacolorado\/wp-content\/uploads\/2023\/06\/ASPA-Gua\u00edra-125.jpg'><img loading=\"lazy\" decoding=\"async\" data-attachment-id=\"21056\" data-orig-file=\"https:\/\/www.colorado.com.br\/nosdacolorado\/wp-content\/uploads\/2023\/06\/ASPA-Gua\u00edra-125.jpg\" data-orig-size=\"804,1206\" data-comments-opened=\"1\" data-image-meta=\"{&quot;aperture&quot;:&quot;0&quot;,&quot;credit&quot;:&quot;&quot;,&quot;camera&quot;:&quot;&quot;,&quot;caption&quot;:&quot;&quot;,&quot;created_timestamp&quot;:&quot;0&quot;,&quot;copyright&quot;:&quot;&quot;,&quot;focal_length&quot;:&quot;0&quot;,&quot;iso&quot;:&quot;0&quot;,&quot;shutter_speed&quot;:&quot;0&quot;,&quot;title&quot;:&quot;&quot;,&quot;orientation&quot;:&quot;0&quot;,&quot;keywords&quot;:&quot;Array&quot;}\" data-image-title=\"ASPA Gua\u00edra (125)\" data-image-description=\"\" data-medium-file=\"https:\/\/www.colorado.com.br\/nosdacolorado\/wp-content\/uploads\/2023\/06\/ASPA-Gua\u00edra-125-200x300.jpg\" data-large-file=\"https:\/\/www.colorado.com.br\/nosdacolorado\/wp-content\/uploads\/2023\/06\/ASPA-Gua\u00edra-125-683x1024.jpg\" width=\"150\" height=\"150\" src=\"https:\/\/www.colorado.com.br\/nosdacolorado\/wp-content\/uploads\/2023\/06\/ASPA-Gua\u00edra-125-150x150.jpg\" class=\"attachment-thumbnail size-thumbnail\" alt=\"\" srcset=\"https:\/\/www.colorado.com.br\/nosdacolorado\/wp-content\/uploads\/2023\/06\/ASPA-Gua\u00edra-125-150x150.jpg 150w, https:\/\/www.colorado.com.br\/nosdacolorado\/wp-content\/uploads\/2023\/06\/ASPA-Gua\u00edra-125-100x100.jpg 100w, https:\/\/www.colorado.com.br\/nosdacolorado\/wp-content\/uploads\/2023\/06\/ASPA-Gua\u00edra-125-140x140.jpg 140w, https:\/\/www.colorado.com.br\/nosdacolorado\/wp-content\/uploads\/2023\/06\/ASPA-Gua\u00edra-125-500x500.jpg 500w, https:\/\/www.colorado.com.br\/nosdacolorado\/wp-content\/uploads\/2023\/06\/ASPA-Gua\u00edra-125-350x350.jpg 350w, https:\/\/www.colorado.com.br\/nosdacolorado\/wp-content\/uploads\/2023\/06\/ASPA-Gua\u00edra-125-800x800.jpg 800w\" sizes=\"auto, (max-width: 150px) 100vw, 150px\" \/><\/a>\n\t\t\t<\/dt><\/dl><br style=\"clear: both\" \/><dl class='gallery-item'>\n\t\t\t<dt class='gallery-icon portrait'>\n\t\t\t\t<a href='https:\/\/www.colorado.com.br\/nosdacolorado\/wp-content\/uploads\/2023\/06\/ASPA-Gua\u00edra-126.jpg'><img loading=\"lazy\" decoding=\"async\" data-attachment-id=\"21057\" data-orig-file=\"https:\/\/www.colorado.com.br\/nosdacolorado\/wp-content\/uploads\/2023\/06\/ASPA-Gua\u00edra-126.jpg\" data-orig-size=\"804,1206\" data-comments-opened=\"1\" data-image-meta=\"{&quot;aperture&quot;:&quot;0&quot;,&quot;credit&quot;:&quot;&quot;,&quot;camera&quot;:&quot;&quot;,&quot;caption&quot;:&quot;&quot;,&quot;created_timestamp&quot;:&quot;0&quot;,&quot;copyright&quot;:&quot;&quot;,&quot;focal_length&quot;:&quot;0&quot;,&quot;iso&quot;:&quot;0&quot;,&quot;shutter_speed&quot;:&quot;0&quot;,&quot;title&quot;:&quot;&quot;,&quot;orientation&quot;:&quot;0&quot;,&quot;keywords&quot;:&quot;Array&quot;}\" data-image-title=\"ASPA Gua\u00edra (126)\" data-image-description=\"\" data-medium-file=\"https:\/\/www.colorado.com.br\/nosdacolorado\/wp-content\/uploads\/2023\/06\/ASPA-Gua\u00edra-126-200x300.jpg\" data-large-file=\"https:\/\/www.colorado.com.br\/nosdacolorado\/wp-content\/uploads\/2023\/06\/ASPA-Gua\u00edra-126-683x1024.jpg\" width=\"150\" height=\"150\" src=\"https:\/\/www.colorado.com.br\/nosdacolorado\/wp-content\/uploads\/2023\/06\/ASPA-Gua\u00edra-126-150x150.jpg\" class=\"attachment-thumbnail size-thumbnail\" alt=\"\" srcset=\"https:\/\/www.colorado.com.br\/nosdacolorado\/wp-content\/uploads\/2023\/06\/ASPA-Gua\u00edra-126-150x150.jpg 150w, https:\/\/www.colorado.com.br\/nosdacolorado\/wp-content\/uploads\/2023\/06\/ASPA-Gua\u00edra-126-100x100.jpg 100w, https:\/\/www.colorado.com.br\/nosdacolorado\/wp-content\/uploads\/2023\/06\/ASPA-Gua\u00edra-126-140x140.jpg 140w, https:\/\/www.colorado.com.br\/nosdacolorado\/wp-content\/uploads\/2023\/06\/ASPA-Gua\u00edra-126-500x500.jpg 500w, https:\/\/www.colorado.com.br\/nosdacolorado\/wp-content\/uploads\/2023\/06\/ASPA-Gua\u00edra-126-350x350.jpg 350w, https:\/\/www.colorado.com.br\/nosdacolorado\/wp-content\/uploads\/2023\/06\/ASPA-Gua\u00edra-126-800x800.jpg 800w\" sizes=\"auto, (max-width: 150px) 100vw, 150px\" \/><\/a>\n\t\t\t<\/dt><\/dl><dl class='gallery-item'>\n\t\t\t<dt class='gallery-icon landscape'>\n\t\t\t\t<a href='https:\/\/www.colorado.com.br\/nosdacolorado\/wp-content\/uploads\/2023\/06\/ASPA-Gua\u00edra-127.jpg'><img loading=\"lazy\" decoding=\"async\" data-attachment-id=\"21058\" data-orig-file=\"https:\/\/www.colorado.com.br\/nosdacolorado\/wp-content\/uploads\/2023\/06\/ASPA-Gua\u00edra-127.jpg\" data-orig-size=\"1206,804\" data-comments-opened=\"1\" data-image-meta=\"{&quot;aperture&quot;:&quot;0&quot;,&quot;credit&quot;:&quot;&quot;,&quot;camera&quot;:&quot;&quot;,&quot;caption&quot;:&quot;&quot;,&quot;created_timestamp&quot;:&quot;0&quot;,&quot;copyright&quot;:&quot;&quot;,&quot;focal_length&quot;:&quot;0&quot;,&quot;iso&quot;:&quot;0&quot;,&quot;shutter_speed&quot;:&quot;0&quot;,&quot;title&quot;:&quot;&quot;,&quot;orientation&quot;:&quot;0&quot;,&quot;keywords&quot;:&quot;Array&quot;}\" data-image-title=\"ASPA Gua\u00edra (127)\" data-image-description=\"\" data-medium-file=\"https:\/\/www.colorado.com.br\/nosdacolorado\/wp-content\/uploads\/2023\/06\/ASPA-Gua\u00edra-127-300x200.jpg\" data-large-file=\"https:\/\/www.colorado.com.br\/nosdacolorado\/wp-content\/uploads\/2023\/06\/ASPA-Gua\u00edra-127-1024x683.jpg\" width=\"150\" height=\"150\" src=\"https:\/\/www.colorado.com.br\/nosdacolorado\/wp-content\/uploads\/2023\/06\/ASPA-Gua\u00edra-127-150x150.jpg\" class=\"attachment-thumbnail size-thumbnail\" alt=\"\" srcset=\"https:\/\/www.colorado.com.br\/nosdacolorado\/wp-content\/uploads\/2023\/06\/ASPA-Gua\u00edra-127-150x150.jpg 150w, https:\/\/www.colorado.com.br\/nosdacolorado\/wp-content\/uploads\/2023\/06\/ASPA-Gua\u00edra-127-100x100.jpg 100w, https:\/\/www.colorado.com.br\/nosdacolorado\/wp-content\/uploads\/2023\/06\/ASPA-Gua\u00edra-127-140x140.jpg 140w, https:\/\/www.colorado.com.br\/nosdacolorado\/wp-content\/uploads\/2023\/06\/ASPA-Gua\u00edra-127-500x500.jpg 500w, https:\/\/www.colorado.com.br\/nosdacolorado\/wp-content\/uploads\/2023\/06\/ASPA-Gua\u00edra-127-350x350.jpg 350w, https:\/\/www.colorado.com.br\/nosdacolorado\/wp-content\/uploads\/2023\/06\/ASPA-Gua\u00edra-127-800x800.jpg 800w\" sizes=\"auto, (max-width: 150px) 100vw, 150px\" \/><\/a>\n\t\t\t<\/dt><\/dl><dl class='gallery-item'>\n\t\t\t<dt class='gallery-icon landscape'>\n\t\t\t\t<a href='https:\/\/www.colorado.com.br\/nosdacolorado\/wp-content\/uploads\/2023\/06\/ASPA-Gua\u00edra-128.jpg'><img loading=\"lazy\" decoding=\"async\" data-attachment-id=\"21059\" data-orig-file=\"https:\/\/www.colorado.com.br\/nosdacolorado\/wp-content\/uploads\/2023\/06\/ASPA-Gua\u00edra-128.jpg\" data-orig-size=\"1206,804\" data-comments-opened=\"1\" data-image-meta=\"{&quot;aperture&quot;:&quot;0&quot;,&quot;credit&quot;:&quot;&quot;,&quot;camera&quot;:&quot;&quot;,&quot;caption&quot;:&quot;&quot;,&quot;created_timestamp&quot;:&quot;0&quot;,&quot;copyright&quot;:&quot;&quot;,&quot;focal_length&quot;:&quot;0&quot;,&quot;iso&quot;:&quot;0&quot;,&quot;shutter_speed&quot;:&quot;0&quot;,&quot;title&quot;:&quot;&quot;,&quot;orientation&quot;:&quot;0&quot;,&quot;keywords&quot;:&quot;Array&quot;}\" data-image-title=\"ASPA Gua\u00edra (128)\" data-image-description=\"\" data-medium-file=\"https:\/\/www.colorado.com.br\/nosdacolorado\/wp-content\/uploads\/2023\/06\/ASPA-Gua\u00edra-128-300x200.jpg\" data-large-file=\"https:\/\/www.colorado.com.br\/nosdacolorado\/wp-content\/uploads\/2023\/06\/ASPA-Gua\u00edra-128-1024x683.jpg\" width=\"150\" height=\"150\" src=\"https:\/\/www.colorado.com.br\/nosdacolorado\/wp-content\/uploads\/2023\/06\/ASPA-Gua\u00edra-128-150x150.jpg\" class=\"attachment-thumbnail size-thumbnail\" alt=\"\" srcset=\"https:\/\/www.colorado.com.br\/nosdacolorado\/wp-content\/uploads\/2023\/06\/ASPA-Gua\u00edra-128-150x150.jpg 150w, https:\/\/www.colorado.com.br\/nosdacolorado\/wp-content\/uploads\/2023\/06\/ASPA-Gua\u00edra-128-100x100.jpg 100w, https:\/\/www.colorado.com.br\/nosdacolorado\/wp-content\/uploads\/2023\/06\/ASPA-Gua\u00edra-128-140x140.jpg 140w, https:\/\/www.colorado.com.br\/nosdacolorado\/wp-content\/uploads\/2023\/06\/ASPA-Gua\u00edra-128-500x500.jpg 500w, https:\/\/www.colorado.com.br\/nosdacolorado\/wp-content\/uploads\/2023\/06\/ASPA-Gua\u00edra-128-350x350.jpg 350w, https:\/\/www.colorado.com.br\/nosdacolorado\/wp-content\/uploads\/2023\/06\/ASPA-Gua\u00edra-128-800x800.jpg 800w\" sizes=\"auto, (max-width: 150px) 100vw, 150px\" \/><\/a>\n\t\t\t<\/dt><\/dl><dl class='gallery-item'>\n\t\t\t<dt class='gallery-icon landscape'>\n\t\t\t\t<a href='https:\/\/www.colorado.com.br\/nosdacolorado\/wp-content\/uploads\/2023\/06\/ASPA-Gua\u00edra-129.jpg'><img loading=\"lazy\" decoding=\"async\" data-attachment-id=\"21060\" data-orig-file=\"https:\/\/www.colorado.com.br\/nosdacolorado\/wp-content\/uploads\/2023\/06\/ASPA-Gua\u00edra-129.jpg\" data-orig-size=\"1206,804\" data-comments-opened=\"1\" data-image-meta=\"{&quot;aperture&quot;:&quot;0&quot;,&quot;credit&quot;:&quot;&quot;,&quot;camera&quot;:&quot;&quot;,&quot;caption&quot;:&quot;&quot;,&quot;created_timestamp&quot;:&quot;0&quot;,&quot;copyright&quot;:&quot;&quot;,&quot;focal_length&quot;:&quot;0&quot;,&quot;iso&quot;:&quot;0&quot;,&quot;shutter_speed&quot;:&quot;0&quot;,&quot;title&quot;:&quot;&quot;,&quot;orientation&quot;:&quot;0&quot;,&quot;keywords&quot;:&quot;Array&quot;}\" data-image-title=\"ASPA Gua\u00edra (129)\" data-image-description=\"\" data-medium-file=\"https:\/\/www.colorado.com.br\/nosdacolorado\/wp-content\/uploads\/2023\/06\/ASPA-Gua\u00edra-129-300x200.jpg\" data-large-file=\"https:\/\/www.colorado.com.br\/nosdacolorado\/wp-content\/uploads\/2023\/06\/ASPA-Gua\u00edra-129-1024x683.jpg\" width=\"150\" height=\"150\" src=\"https:\/\/www.colorado.com.br\/nosdacolorado\/wp-content\/uploads\/2023\/06\/ASPA-Gua\u00edra-129-150x150.jpg\" class=\"attachment-thumbnail size-thumbnail\" alt=\"\" srcset=\"https:\/\/www.colorado.com.br\/nosdacolorado\/wp-content\/uploads\/2023\/06\/ASPA-Gua\u00edra-129-150x150.jpg 150w, https:\/\/www.colorado.com.br\/nosdacolorado\/wp-content\/uploads\/2023\/06\/ASPA-Gua\u00edra-129-100x100.jpg 100w, https:\/\/www.colorado.com.br\/nosdacolorado\/wp-content\/uploads\/2023\/06\/ASPA-Gua\u00edra-129-140x140.jpg 140w, https:\/\/www.colorado.com.br\/nosdacolorado\/wp-content\/uploads\/2023\/06\/ASPA-Gua\u00edra-129-500x500.jpg 500w, https:\/\/www.colorado.com.br\/nosdacolorado\/wp-content\/uploads\/2023\/06\/ASPA-Gua\u00edra-129-350x350.jpg 350w, https:\/\/www.colorado.com.br\/nosdacolorado\/wp-content\/uploads\/2023\/06\/ASPA-Gua\u00edra-129-800x800.jpg 800w\" sizes=\"auto, (max-width: 150px) 100vw, 150px\" \/><\/a>\n\t\t\t<\/dt><\/dl><dl class='gallery-item'>\n\t\t\t<dt class='gallery-icon landscape'>\n\t\t\t\t<a href='https:\/\/www.colorado.com.br\/nosdacolorado\/wp-content\/uploads\/2023\/06\/ASPA-Gua\u00edra-130.jpg'><img loading=\"lazy\" decoding=\"async\" data-attachment-id=\"21061\" data-orig-file=\"https:\/\/www.colorado.com.br\/nosdacolorado\/wp-content\/uploads\/2023\/06\/ASPA-Gua\u00edra-130.jpg\" data-orig-size=\"1206,804\" data-comments-opened=\"1\" data-image-meta=\"{&quot;aperture&quot;:&quot;0&quot;,&quot;credit&quot;:&quot;&quot;,&quot;camera&quot;:&quot;&quot;,&quot;caption&quot;:&quot;&quot;,&quot;created_timestamp&quot;:&quot;0&quot;,&quot;copyright&quot;:&quot;&quot;,&quot;focal_length&quot;:&quot;0&quot;,&quot;iso&quot;:&quot;0&quot;,&quot;shutter_speed&quot;:&quot;0&quot;,&quot;title&quot;:&quot;&quot;,&quot;orientation&quot;:&quot;0&quot;,&quot;keywords&quot;:&quot;Array&quot;}\" data-image-title=\"ASPA Gua\u00edra (130)\" data-image-description=\"\" data-medium-file=\"https:\/\/www.colorado.com.br\/nosdacolorado\/wp-content\/uploads\/2023\/06\/ASPA-Gua\u00edra-130-300x200.jpg\" data-large-file=\"https:\/\/www.colorado.com.br\/nosdacolorado\/wp-content\/uploads\/2023\/06\/ASPA-Gua\u00edra-130-1024x683.jpg\" width=\"150\" height=\"150\" src=\"https:\/\/www.colorado.com.br\/nosdacolorado\/wp-content\/uploads\/2023\/06\/ASPA-Gua\u00edra-130-150x150.jpg\" class=\"attachment-thumbnail size-thumbnail\" alt=\"\" srcset=\"https:\/\/www.colorado.com.br\/nosdacolorado\/wp-content\/uploads\/2023\/06\/ASPA-Gua\u00edra-130-150x150.jpg 150w, https:\/\/www.colorado.com.br\/nosdacolorado\/wp-content\/uploads\/2023\/06\/ASPA-Gua\u00edra-130-100x100.jpg 100w, https:\/\/www.colorado.com.br\/nosdacolorado\/wp-content\/uploads\/2023\/06\/ASPA-Gua\u00edra-130-140x140.jpg 140w, https:\/\/www.colorado.com.br\/nosdacolorado\/wp-content\/uploads\/2023\/06\/ASPA-Gua\u00edra-130-500x500.jpg 500w, https:\/\/www.colorado.com.br\/nosdacolorado\/wp-content\/uploads\/2023\/06\/ASPA-Gua\u00edra-130-350x350.jpg 350w, https:\/\/www.colorado.com.br\/nosdacolorado\/wp-content\/uploads\/2023\/06\/ASPA-Gua\u00edra-130-800x800.jpg 800w\" sizes=\"auto, (max-width: 150px) 100vw, 150px\" \/><\/a>\n\t\t\t<\/dt><\/dl><br style=\"clear: both\" \/><dl class='gallery-item'>\n\t\t\t<dt class='gallery-icon landscape'>\n\t\t\t\t<a href='https:\/\/www.colorado.com.br\/nosdacolorado\/wp-content\/uploads\/2023\/06\/ASPA-Gua\u00edra-131.jpg'><img loading=\"lazy\" decoding=\"async\" data-attachment-id=\"21062\" data-orig-file=\"https:\/\/www.colorado.com.br\/nosdacolorado\/wp-content\/uploads\/2023\/06\/ASPA-Gua\u00edra-131.jpg\" data-orig-size=\"1206,804\" data-comments-opened=\"1\" data-image-meta=\"{&quot;aperture&quot;:&quot;0&quot;,&quot;credit&quot;:&quot;&quot;,&quot;camera&quot;:&quot;&quot;,&quot;caption&quot;:&quot;&quot;,&quot;created_timestamp&quot;:&quot;0&quot;,&quot;copyright&quot;:&quot;&quot;,&quot;focal_length&quot;:&quot;0&quot;,&quot;iso&quot;:&quot;0&quot;,&quot;shutter_speed&quot;:&quot;0&quot;,&quot;title&quot;:&quot;&quot;,&quot;orientation&quot;:&quot;0&quot;,&quot;keywords&quot;:&quot;Array&quot;}\" data-image-title=\"ASPA Gua\u00edra (131)\" data-image-description=\"\" data-medium-file=\"https:\/\/www.colorado.com.br\/nosdacolorado\/wp-content\/uploads\/2023\/06\/ASPA-Gua\u00edra-131-300x200.jpg\" data-large-file=\"https:\/\/www.colorado.com.br\/nosdacolorado\/wp-content\/uploads\/2023\/06\/ASPA-Gua\u00edra-131-1024x683.jpg\" width=\"150\" height=\"150\" src=\"https:\/\/www.colorado.com.br\/nosdacolorado\/wp-content\/uploads\/2023\/06\/ASPA-Gua\u00edra-131-150x150.jpg\" class=\"attachment-thumbnail size-thumbnail\" alt=\"\" srcset=\"https:\/\/www.colorado.com.br\/nosdacolorado\/wp-content\/uploads\/2023\/06\/ASPA-Gua\u00edra-131-150x150.jpg 150w, https:\/\/www.colorado.com.br\/nosdacolorado\/wp-content\/uploads\/2023\/06\/ASPA-Gua\u00edra-131-100x100.jpg 100w, https:\/\/www.colorado.com.br\/nosdacolorado\/wp-content\/uploads\/2023\/06\/ASPA-Gua\u00edra-131-140x140.jpg 140w, https:\/\/www.colorado.com.br\/nosdacolorado\/wp-content\/uploads\/2023\/06\/ASPA-Gua\u00edra-131-500x500.jpg 500w, https:\/\/www.colorado.com.br\/nosdacolorado\/wp-content\/uploads\/2023\/06\/ASPA-Gua\u00edra-131-350x350.jpg 350w, https:\/\/www.colorado.com.br\/nosdacolorado\/wp-content\/uploads\/2023\/06\/ASPA-Gua\u00edra-131-800x800.jpg 800w\" sizes=\"auto, (max-width: 150px) 100vw, 150px\" \/><\/a>\n\t\t\t<\/dt><\/dl><dl class='gallery-item'>\n\t\t\t<dt class='gallery-icon landscape'>\n\t\t\t\t<a href='https:\/\/www.colorado.com.br\/nosdacolorado\/wp-content\/uploads\/2023\/06\/IMG_6602.jpg'><img loading=\"lazy\" decoding=\"async\" data-attachment-id=\"21063\" data-orig-file=\"https:\/\/www.colorado.com.br\/nosdacolorado\/wp-content\/uploads\/2023\/06\/IMG_6602.jpg\" data-orig-size=\"1206,905\" data-comments-opened=\"1\" data-image-meta=\"{&quot;aperture&quot;:&quot;0&quot;,&quot;credit&quot;:&quot;&quot;,&quot;camera&quot;:&quot;&quot;,&quot;caption&quot;:&quot;&quot;,&quot;created_timestamp&quot;:&quot;0&quot;,&quot;copyright&quot;:&quot;&quot;,&quot;focal_length&quot;:&quot;0&quot;,&quot;iso&quot;:&quot;0&quot;,&quot;shutter_speed&quot;:&quot;0&quot;,&quot;title&quot;:&quot;&quot;,&quot;orientation&quot;:&quot;0&quot;,&quot;keywords&quot;:&quot;Array&quot;}\" data-image-title=\"IMG_6602\" data-image-description=\"\" data-medium-file=\"https:\/\/www.colorado.com.br\/nosdacolorado\/wp-content\/uploads\/2023\/06\/IMG_6602-300x225.jpg\" data-large-file=\"https:\/\/www.colorado.com.br\/nosdacolorado\/wp-content\/uploads\/2023\/06\/IMG_6602-1024x768.jpg\" width=\"150\" height=\"150\" src=\"https:\/\/www.colorado.com.br\/nosdacolorado\/wp-content\/uploads\/2023\/06\/IMG_6602-150x150.jpg\" class=\"attachment-thumbnail size-thumbnail\" alt=\"\" srcset=\"https:\/\/www.colorado.com.br\/nosdacolorado\/wp-content\/uploads\/2023\/06\/IMG_6602-150x150.jpg 150w, https:\/\/www.colorado.com.br\/nosdacolorado\/wp-content\/uploads\/2023\/06\/IMG_6602-100x100.jpg 100w, https:\/\/www.colorado.com.br\/nosdacolorado\/wp-content\/uploads\/2023\/06\/IMG_6602-140x140.jpg 140w, https:\/\/www.colorado.com.br\/nosdacolorado\/wp-content\/uploads\/2023\/06\/IMG_6602-500x500.jpg 500w, https:\/\/www.colorado.com.br\/nosdacolorado\/wp-content\/uploads\/2023\/06\/IMG_6602-350x350.jpg 350w, https:\/\/www.colorado.com.br\/nosdacolorado\/wp-content\/uploads\/2023\/06\/IMG_6602-800x800.jpg 800w\" sizes=\"auto, (max-width: 150px) 100vw, 150px\" \/><\/a>\n\t\t\t<\/dt><\/dl><dl class='gallery-item'>\n\t\t\t<dt class='gallery-icon landscape'>\n\t\t\t\t<a href='https:\/\/www.colorado.com.br\/nosdacolorado\/wp-content\/uploads\/2023\/06\/IMG_6603.jpg'><img loading=\"lazy\" decoding=\"async\" data-attachment-id=\"21064\" data-orig-file=\"https:\/\/www.colorado.com.br\/nosdacolorado\/wp-content\/uploads\/2023\/06\/IMG_6603.jpg\" data-orig-size=\"1206,905\" data-comments-opened=\"1\" data-image-meta=\"{&quot;aperture&quot;:&quot;0&quot;,&quot;credit&quot;:&quot;&quot;,&quot;camera&quot;:&quot;&quot;,&quot;caption&quot;:&quot;&quot;,&quot;created_timestamp&quot;:&quot;0&quot;,&quot;copyright&quot;:&quot;&quot;,&quot;focal_length&quot;:&quot;0&quot;,&quot;iso&quot;:&quot;0&quot;,&quot;shutter_speed&quot;:&quot;0&quot;,&quot;title&quot;:&quot;&quot;,&quot;orientation&quot;:&quot;0&quot;,&quot;keywords&quot;:&quot;Array&quot;}\" data-image-title=\"IMG_6603\" data-image-description=\"\" data-medium-file=\"https:\/\/www.colorado.com.br\/nosdacolorado\/wp-content\/uploads\/2023\/06\/IMG_6603-300x225.jpg\" data-large-file=\"https:\/\/www.colorado.com.br\/nosdacolorado\/wp-content\/uploads\/2023\/06\/IMG_6603-1024x768.jpg\" width=\"150\" height=\"150\" src=\"https:\/\/www.colorado.com.br\/nosdacolorado\/wp-content\/uploads\/2023\/06\/IMG_6603-150x150.jpg\" class=\"attachment-thumbnail size-thumbnail\" alt=\"\" srcset=\"https:\/\/www.colorado.com.br\/nosdacolorado\/wp-content\/uploads\/2023\/06\/IMG_6603-150x150.jpg 150w, https:\/\/www.colorado.com.br\/nosdacolorado\/wp-content\/uploads\/2023\/06\/IMG_6603-100x100.jpg 100w, https:\/\/www.colorado.com.br\/nosdacolorado\/wp-content\/uploads\/2023\/06\/IMG_6603-140x140.jpg 140w, https:\/\/www.colorado.com.br\/nosdacolorado\/wp-content\/uploads\/2023\/06\/IMG_6603-500x500.jpg 500w, https:\/\/www.colorado.com.br\/nosdacolorado\/wp-content\/uploads\/2023\/06\/IMG_6603-350x350.jpg 350w, https:\/\/www.colorado.com.br\/nosdacolorado\/wp-content\/uploads\/2023\/06\/IMG_6603-800x800.jpg 800w\" sizes=\"auto, (max-width: 150px) 100vw, 150px\" \/><\/a>\n\t\t\t<\/dt><\/dl><dl class='gallery-item'>\n\t\t\t<dt class='gallery-icon landscape'>\n\t\t\t\t<a href='https:\/\/www.colorado.com.br\/nosdacolorado\/wp-content\/uploads\/2023\/06\/IMG_6604.jpg'><img loading=\"lazy\" decoding=\"async\" data-attachment-id=\"21065\" data-orig-file=\"https:\/\/www.colorado.com.br\/nosdacolorado\/wp-content\/uploads\/2023\/06\/IMG_6604.jpg\" data-orig-size=\"1206,905\" data-comments-opened=\"1\" data-image-meta=\"{&quot;aperture&quot;:&quot;0&quot;,&quot;credit&quot;:&quot;&quot;,&quot;camera&quot;:&quot;&quot;,&quot;caption&quot;:&quot;&quot;,&quot;created_timestamp&quot;:&quot;0&quot;,&quot;copyright&quot;:&quot;&quot;,&quot;focal_length&quot;:&quot;0&quot;,&quot;iso&quot;:&quot;0&quot;,&quot;shutter_speed&quot;:&quot;0&quot;,&quot;title&quot;:&quot;&quot;,&quot;orientation&quot;:&quot;0&quot;,&quot;keywords&quot;:&quot;Array&quot;}\" data-image-title=\"IMG_6604\" data-image-description=\"\" data-medium-file=\"https:\/\/www.colorado.com.br\/nosdacolorado\/wp-content\/uploads\/2023\/06\/IMG_6604-300x225.jpg\" data-large-file=\"https:\/\/www.colorado.com.br\/nosdacolorado\/wp-content\/uploads\/2023\/06\/IMG_6604-1024x768.jpg\" width=\"150\" height=\"150\" src=\"https:\/\/www.colorado.com.br\/nosdacolorado\/wp-content\/uploads\/2023\/06\/IMG_6604-150x150.jpg\" class=\"attachment-thumbnail size-thumbnail\" alt=\"\" srcset=\"https:\/\/www.colorado.com.br\/nosdacolorado\/wp-content\/uploads\/2023\/06\/IMG_6604-150x150.jpg 150w, https:\/\/www.colorado.com.br\/nosdacolorado\/wp-content\/uploads\/2023\/06\/IMG_6604-100x100.jpg 100w, https:\/\/www.colorado.com.br\/nosdacolorado\/wp-content\/uploads\/2023\/06\/IMG_6604-140x140.jpg 140w, https:\/\/www.colorado.com.br\/nosdacolorado\/wp-content\/uploads\/2023\/06\/IMG_6604-500x500.jpg 500w, https:\/\/www.colorado.com.br\/nosdacolorado\/wp-content\/uploads\/2023\/06\/IMG_6604-350x350.jpg 350w, https:\/\/www.colorado.com.br\/nosdacolorado\/wp-content\/uploads\/2023\/06\/IMG_6604-800x800.jpg 800w\" sizes=\"auto, (max-width: 150px) 100vw, 150px\" \/><\/a>\n\t\t\t<\/dt><\/dl><dl class='gallery-item'>\n\t\t\t<dt class='gallery-icon landscape'>\n\t\t\t\t<a href='https:\/\/www.colorado.com.br\/nosdacolorado\/wp-content\/uploads\/2023\/06\/IMG_6605.jpg'><img loading=\"lazy\" decoding=\"async\" data-attachment-id=\"21066\" data-orig-file=\"https:\/\/www.colorado.com.br\/nosdacolorado\/wp-content\/uploads\/2023\/06\/IMG_6605.jpg\" data-orig-size=\"1206,905\" data-comments-opened=\"1\" data-image-meta=\"{&quot;aperture&quot;:&quot;0&quot;,&quot;credit&quot;:&quot;&quot;,&quot;camera&quot;:&quot;&quot;,&quot;caption&quot;:&quot;&quot;,&quot;created_timestamp&quot;:&quot;0&quot;,&quot;copyright&quot;:&quot;&quot;,&quot;focal_length&quot;:&quot;0&quot;,&quot;iso&quot;:&quot;0&quot;,&quot;shutter_speed&quot;:&quot;0&quot;,&quot;title&quot;:&quot;&quot;,&quot;orientation&quot;:&quot;0&quot;,&quot;keywords&quot;:&quot;Array&quot;}\" data-image-title=\"IMG_6605\" data-image-description=\"\" data-medium-file=\"https:\/\/www.colorado.com.br\/nosdacolorado\/wp-content\/uploads\/2023\/06\/IMG_6605-300x225.jpg\" data-large-file=\"https:\/\/www.colorado.com.br\/nosdacolorado\/wp-content\/uploads\/2023\/06\/IMG_6605-1024x768.jpg\" width=\"150\" height=\"150\" src=\"https:\/\/www.colorado.com.br\/nosdacolorado\/wp-content\/uploads\/2023\/06\/IMG_6605-150x150.jpg\" class=\"attachment-thumbnail size-thumbnail\" alt=\"\" srcset=\"https:\/\/www.colorado.com.br\/nosdacolorado\/wp-content\/uploads\/2023\/06\/IMG_6605-150x150.jpg 150w, https:\/\/www.colorado.com.br\/nosdacolorado\/wp-content\/uploads\/2023\/06\/IMG_6605-100x100.jpg 100w, https:\/\/www.colorado.com.br\/nosdacolorado\/wp-content\/uploads\/2023\/06\/IMG_6605-140x140.jpg 140w, https:\/\/www.colorado.com.br\/nosdacolorado\/wp-content\/uploads\/2023\/06\/IMG_6605-500x500.jpg 500w, https:\/\/www.colorado.com.br\/nosdacolorado\/wp-content\/uploads\/2023\/06\/IMG_6605-350x350.jpg 350w, https:\/\/www.colorado.com.br\/nosdacolorado\/wp-content\/uploads\/2023\/06\/IMG_6605-800x800.jpg 800w\" sizes=\"auto, (max-width: 150px) 100vw, 150px\" \/><\/a>\n\t\t\t<\/dt><\/dl><br style=\"clear: both\" \/><dl class='gallery-item'>\n\t\t\t<dt class='gallery-icon landscape'>\n\t\t\t\t<a href='https:\/\/www.colorado.com.br\/nosdacolorado\/wp-content\/uploads\/2023\/06\/IMG_6606.jpg'><img loading=\"lazy\" decoding=\"async\" data-attachment-id=\"21067\" data-orig-file=\"https:\/\/www.colorado.com.br\/nosdacolorado\/wp-content\/uploads\/2023\/06\/IMG_6606.jpg\" data-orig-size=\"1206,905\" data-comments-opened=\"1\" data-image-meta=\"{&quot;aperture&quot;:&quot;0&quot;,&quot;credit&quot;:&quot;&quot;,&quot;camera&quot;:&quot;&quot;,&quot;caption&quot;:&quot;&quot;,&quot;created_timestamp&quot;:&quot;0&quot;,&quot;copyright&quot;:&quot;&quot;,&quot;focal_length&quot;:&quot;0&quot;,&quot;iso&quot;:&quot;0&quot;,&quot;shutter_speed&quot;:&quot;0&quot;,&quot;title&quot;:&quot;&quot;,&quot;orientation&quot;:&quot;0&quot;,&quot;keywords&quot;:&quot;Array&quot;}\" data-image-title=\"IMG_6606\" data-image-description=\"\" data-medium-file=\"https:\/\/www.colorado.com.br\/nosdacolorado\/wp-content\/uploads\/2023\/06\/IMG_6606-300x225.jpg\" data-large-file=\"https:\/\/www.colorado.com.br\/nosdacolorado\/wp-content\/uploads\/2023\/06\/IMG_6606-1024x768.jpg\" width=\"150\" height=\"150\" src=\"https:\/\/www.colorado.com.br\/nosdacolorado\/wp-content\/uploads\/2023\/06\/IMG_6606-150x150.jpg\" class=\"attachment-thumbnail size-thumbnail\" alt=\"\" srcset=\"https:\/\/www.colorado.com.br\/nosdacolorado\/wp-content\/uploads\/2023\/06\/IMG_6606-150x150.jpg 150w, https:\/\/www.colorado.com.br\/nosdacolorado\/wp-content\/uploads\/2023\/06\/IMG_6606-100x100.jpg 100w, https:\/\/www.colorado.com.br\/nosdacolorado\/wp-content\/uploads\/2023\/06\/IMG_6606-140x140.jpg 140w, https:\/\/www.colorado.com.br\/nosdacolorado\/wp-content\/uploads\/2023\/06\/IMG_6606-500x500.jpg 500w, https:\/\/www.colorado.com.br\/nosdacolorado\/wp-content\/uploads\/2023\/06\/IMG_6606-350x350.jpg 350w, https:\/\/www.colorado.com.br\/nosdacolorado\/wp-content\/uploads\/2023\/06\/IMG_6606-800x800.jpg 800w\" sizes=\"auto, (max-width: 150px) 100vw, 150px\" \/><\/a>\n\t\t\t<\/dt><\/dl><dl class='gallery-item'>\n\t\t\t<dt class='gallery-icon landscape'>\n\t\t\t\t<a href='https:\/\/www.colorado.com.br\/nosdacolorado\/wp-content\/uploads\/2023\/06\/IMG_6607.jpg'><img loading=\"lazy\" decoding=\"async\" data-attachment-id=\"21068\" data-orig-file=\"https:\/\/www.colorado.com.br\/nosdacolorado\/wp-content\/uploads\/2023\/06\/IMG_6607.jpg\" data-orig-size=\"1206,905\" data-comments-opened=\"1\" data-image-meta=\"{&quot;aperture&quot;:&quot;0&quot;,&quot;credit&quot;:&quot;&quot;,&quot;camera&quot;:&quot;&quot;,&quot;caption&quot;:&quot;&quot;,&quot;created_timestamp&quot;:&quot;0&quot;,&quot;copyright&quot;:&quot;&quot;,&quot;focal_length&quot;:&quot;0&quot;,&quot;iso&quot;:&quot;0&quot;,&quot;shutter_speed&quot;:&quot;0&quot;,&quot;title&quot;:&quot;&quot;,&quot;orientation&quot;:&quot;0&quot;,&quot;keywords&quot;:&quot;Array&quot;}\" data-image-title=\"IMG_6607\" data-image-description=\"\" data-medium-file=\"https:\/\/www.colorado.com.br\/nosdacolorado\/wp-content\/uploads\/2023\/06\/IMG_6607-300x225.jpg\" data-large-file=\"https:\/\/www.colorado.com.br\/nosdacolorado\/wp-content\/uploads\/2023\/06\/IMG_6607-1024x768.jpg\" width=\"150\" height=\"150\" src=\"https:\/\/www.colorado.com.br\/nosdacolorado\/wp-content\/uploads\/2023\/06\/IMG_6607-150x150.jpg\" class=\"attachment-thumbnail size-thumbnail\" alt=\"\" srcset=\"https:\/\/www.colorado.com.br\/nosdacolorado\/wp-content\/uploads\/2023\/06\/IMG_6607-150x150.jpg 150w, https:\/\/www.colorado.com.br\/nosdacolorado\/wp-content\/uploads\/2023\/06\/IMG_6607-100x100.jpg 100w, https:\/\/www.colorado.com.br\/nosdacolorado\/wp-content\/uploads\/2023\/06\/IMG_6607-140x140.jpg 140w, https:\/\/www.colorado.com.br\/nosdacolorado\/wp-content\/uploads\/2023\/06\/IMG_6607-500x500.jpg 500w, https:\/\/www.colorado.com.br\/nosdacolorado\/wp-content\/uploads\/2023\/06\/IMG_6607-350x350.jpg 350w, https:\/\/www.colorado.com.br\/nosdacolorado\/wp-content\/uploads\/2023\/06\/IMG_6607-800x800.jpg 800w\" sizes=\"auto, (max-width: 150px) 100vw, 150px\" \/><\/a>\n\t\t\t<\/dt><\/dl><dl class='gallery-item'>\n\t\t\t<dt class='gallery-icon landscape'>\n\t\t\t\t<a href='https:\/\/www.colorado.com.br\/nosdacolorado\/wp-content\/uploads\/2023\/06\/IMG_6608.jpg'><img loading=\"lazy\" decoding=\"async\" data-attachment-id=\"21069\" data-orig-file=\"https:\/\/www.colorado.com.br\/nosdacolorado\/wp-content\/uploads\/2023\/06\/IMG_6608.jpg\" data-orig-size=\"1206,905\" data-comments-opened=\"1\" data-image-meta=\"{&quot;aperture&quot;:&quot;0&quot;,&quot;credit&quot;:&quot;&quot;,&quot;camera&quot;:&quot;&quot;,&quot;caption&quot;:&quot;&quot;,&quot;created_timestamp&quot;:&quot;0&quot;,&quot;copyright&quot;:&quot;&quot;,&quot;focal_length&quot;:&quot;0&quot;,&quot;iso&quot;:&quot;0&quot;,&quot;shutter_speed&quot;:&quot;0&quot;,&quot;title&quot;:&quot;&quot;,&quot;orientation&quot;:&quot;0&quot;,&quot;keywords&quot;:&quot;Array&quot;}\" data-image-title=\"IMG_6608\" data-image-description=\"\" data-medium-file=\"https:\/\/www.colorado.com.br\/nosdacolorado\/wp-content\/uploads\/2023\/06\/IMG_6608-300x225.jpg\" data-large-file=\"https:\/\/www.colorado.com.br\/nosdacolorado\/wp-content\/uploads\/2023\/06\/IMG_6608-1024x768.jpg\" width=\"150\" height=\"150\" src=\"https:\/\/www.colorado.com.br\/nosdacolorado\/wp-content\/uploads\/2023\/06\/IMG_6608-150x150.jpg\" class=\"attachment-thumbnail size-thumbnail\" alt=\"\" srcset=\"https:\/\/www.colorado.com.br\/nosdacolorado\/wp-content\/uploads\/2023\/06\/IMG_6608-150x150.jpg 150w, https:\/\/www.colorado.com.br\/nosdacolorado\/wp-content\/uploads\/2023\/06\/IMG_6608-100x100.jpg 100w, https:\/\/www.colorado.com.br\/nosdacolorado\/wp-content\/uploads\/2023\/06\/IMG_6608-140x140.jpg 140w, https:\/\/www.colorado.com.br\/nosdacolorado\/wp-content\/uploads\/2023\/06\/IMG_6608-500x500.jpg 500w, https:\/\/www.colorado.com.br\/nosdacolorado\/wp-content\/uploads\/2023\/06\/IMG_6608-350x350.jpg 350w, https:\/\/www.colorado.com.br\/nosdacolorado\/wp-content\/uploads\/2023\/06\/IMG_6608-800x800.jpg 800w\" sizes=\"auto, (max-width: 150px) 100vw, 150px\" \/><\/a>\n\t\t\t<\/dt><\/dl><dl class='gallery-item'>\n\t\t\t<dt class='gallery-icon landscape'>\n\t\t\t\t<a href='https:\/\/www.colorado.com.br\/nosdacolorado\/wp-content\/uploads\/2023\/06\/IMG_6609.jpg'><img loading=\"lazy\" decoding=\"async\" data-attachment-id=\"21070\" data-orig-file=\"https:\/\/www.colorado.com.br\/nosdacolorado\/wp-content\/uploads\/2023\/06\/IMG_6609.jpg\" data-orig-size=\"1206,905\" data-comments-opened=\"1\" data-image-meta=\"{&quot;aperture&quot;:&quot;0&quot;,&quot;credit&quot;:&quot;&quot;,&quot;camera&quot;:&quot;&quot;,&quot;caption&quot;:&quot;&quot;,&quot;created_timestamp&quot;:&quot;0&quot;,&quot;copyright&quot;:&quot;&quot;,&quot;focal_length&quot;:&quot;0&quot;,&quot;iso&quot;:&quot;0&quot;,&quot;shutter_speed&quot;:&quot;0&quot;,&quot;title&quot;:&quot;&quot;,&quot;orientation&quot;:&quot;0&quot;,&quot;keywords&quot;:&quot;Array&quot;}\" data-image-title=\"IMG_6609\" data-image-description=\"\" data-medium-file=\"https:\/\/www.colorado.com.br\/nosdacolorado\/wp-content\/uploads\/2023\/06\/IMG_6609-300x225.jpg\" data-large-file=\"https:\/\/www.colorado.com.br\/nosdacolorado\/wp-content\/uploads\/2023\/06\/IMG_6609-1024x768.jpg\" width=\"150\" height=\"150\" src=\"https:\/\/www.colorado.com.br\/nosdacolorado\/wp-content\/uploads\/2023\/06\/IMG_6609-150x150.jpg\" class=\"attachment-thumbnail size-thumbnail\" alt=\"\" srcset=\"https:\/\/www.colorado.com.br\/nosdacolorado\/wp-content\/uploads\/2023\/06\/IMG_6609-150x150.jpg 150w, https:\/\/www.colorado.com.br\/nosdacolorado\/wp-content\/uploads\/2023\/06\/IMG_6609-100x100.jpg 100w, https:\/\/www.colorado.com.br\/nosdacolorado\/wp-content\/uploads\/2023\/06\/IMG_6609-140x140.jpg 140w, https:\/\/www.colorado.com.br\/nosdacolorado\/wp-content\/uploads\/2023\/06\/IMG_6609-500x500.jpg 500w, https:\/\/www.colorado.com.br\/nosdacolorado\/wp-content\/uploads\/2023\/06\/IMG_6609-350x350.jpg 350w, https:\/\/www.colorado.com.br\/nosdacolorado\/wp-content\/uploads\/2023\/06\/IMG_6609-800x800.jpg 800w\" sizes=\"auto, (max-width: 150px) 100vw, 150px\" \/><\/a>\n\t\t\t<\/dt><\/dl><dl class='gallery-item'>\n\t\t\t<dt class='gallery-icon landscape'>\n\t\t\t\t<a href='https:\/\/www.colorado.com.br\/nosdacolorado\/wp-content\/uploads\/2023\/06\/IMG_6610.jpg'><img loading=\"lazy\" decoding=\"async\" data-attachment-id=\"21071\" data-orig-file=\"https:\/\/www.colorado.com.br\/nosdacolorado\/wp-content\/uploads\/2023\/06\/IMG_6610.jpg\" data-orig-size=\"1206,905\" data-comments-opened=\"1\" data-image-meta=\"{&quot;aperture&quot;:&quot;0&quot;,&quot;credit&quot;:&quot;&quot;,&quot;camera&quot;:&quot;&quot;,&quot;caption&quot;:&quot;&quot;,&quot;created_timestamp&quot;:&quot;0&quot;,&quot;copyright&quot;:&quot;&quot;,&quot;focal_length&quot;:&quot;0&quot;,&quot;iso&quot;:&quot;0&quot;,&quot;shutter_speed&quot;:&quot;0&quot;,&quot;title&quot;:&quot;&quot;,&quot;orientation&quot;:&quot;0&quot;,&quot;keywords&quot;:&quot;Array&quot;}\" data-image-title=\"IMG_6610\" data-image-description=\"\" data-medium-file=\"https:\/\/www.colorado.com.br\/nosdacolorado\/wp-content\/uploads\/2023\/06\/IMG_6610-300x225.jpg\" data-large-file=\"https:\/\/www.colorado.com.br\/nosdacolorado\/wp-content\/uploads\/2023\/06\/IMG_6610-1024x768.jpg\" width=\"150\" height=\"150\" src=\"https:\/\/www.colorado.com.br\/nosdacolorado\/wp-content\/uploads\/2023\/06\/IMG_6610-150x150.jpg\" class=\"attachment-thumbnail size-thumbnail\" alt=\"\" srcset=\"https:\/\/www.colorado.com.br\/nosdacolorado\/wp-content\/uploads\/2023\/06\/IMG_6610-150x150.jpg 150w, https:\/\/www.colorado.com.br\/nosdacolorado\/wp-content\/uploads\/2023\/06\/IMG_6610-100x100.jpg 100w, https:\/\/www.colorado.com.br\/nosdacolorado\/wp-content\/uploads\/2023\/06\/IMG_6610-140x140.jpg 140w, https:\/\/www.colorado.com.br\/nosdacolorado\/wp-content\/uploads\/2023\/06\/IMG_6610-500x500.jpg 500w, https:\/\/www.colorado.com.br\/nosdacolorado\/wp-content\/uploads\/2023\/06\/IMG_6610-350x350.jpg 350w, https:\/\/www.colorado.com.br\/nosdacolorado\/wp-content\/uploads\/2023\/06\/IMG_6610-800x800.jpg 800w\" sizes=\"auto, (max-width: 150px) 100vw, 150px\" \/><\/a>\n\t\t\t<\/dt><\/dl><br style=\"clear: both\" \/><dl class='gallery-item'>\n\t\t\t<dt class='gallery-icon landscape'>\n\t\t\t\t<a href='https:\/\/www.colorado.com.br\/nosdacolorado\/wp-content\/uploads\/2023\/06\/IMG_6611.jpg'><img loading=\"lazy\" decoding=\"async\" data-attachment-id=\"21072\" data-orig-file=\"https:\/\/www.colorado.com.br\/nosdacolorado\/wp-content\/uploads\/2023\/06\/IMG_6611.jpg\" data-orig-size=\"1206,905\" data-comments-opened=\"1\" data-image-meta=\"{&quot;aperture&quot;:&quot;0&quot;,&quot;credit&quot;:&quot;&quot;,&quot;camera&quot;:&quot;&quot;,&quot;caption&quot;:&quot;&quot;,&quot;created_timestamp&quot;:&quot;0&quot;,&quot;copyright&quot;:&quot;&quot;,&quot;focal_length&quot;:&quot;0&quot;,&quot;iso&quot;:&quot;0&quot;,&quot;shutter_speed&quot;:&quot;0&quot;,&quot;title&quot;:&quot;&quot;,&quot;orientation&quot;:&quot;0&quot;,&quot;keywords&quot;:&quot;Array&quot;}\" data-image-title=\"IMG_6611\" data-image-description=\"\" data-medium-file=\"https:\/\/www.colorado.com.br\/nosdacolorado\/wp-content\/uploads\/2023\/06\/IMG_6611-300x225.jpg\" data-large-file=\"https:\/\/www.colorado.com.br\/nosdacolorado\/wp-content\/uploads\/2023\/06\/IMG_6611-1024x768.jpg\" width=\"150\" height=\"150\" src=\"https:\/\/www.colorado.com.br\/nosdacolorado\/wp-content\/uploads\/2023\/06\/IMG_6611-150x150.jpg\" class=\"attachment-thumbnail size-thumbnail\" alt=\"\" srcset=\"https:\/\/www.colorado.com.br\/nosdacolorado\/wp-content\/uploads\/2023\/06\/IMG_6611-150x150.jpg 150w, https:\/\/www.colorado.com.br\/nosdacolorado\/wp-content\/uploads\/2023\/06\/IMG_6611-100x100.jpg 100w, https:\/\/www.colorado.com.br\/nosdacolorado\/wp-content\/uploads\/2023\/06\/IMG_6611-140x140.jpg 140w, https:\/\/www.colorado.com.br\/nosdacolorado\/wp-content\/uploads\/2023\/06\/IMG_6611-500x500.jpg 500w, https:\/\/www.colorado.com.br\/nosdacolorado\/wp-content\/uploads\/2023\/06\/IMG_6611-350x350.jpg 350w, https:\/\/www.colorado.com.br\/nosdacolorado\/wp-content\/uploads\/2023\/06\/IMG_6611-800x800.jpg 800w\" sizes=\"auto, (max-width: 150px) 100vw, 150px\" \/><\/a>\n\t\t\t<\/dt><\/dl><dl class='gallery-item'>\n\t\t\t<dt class='gallery-icon landscape'>\n\t\t\t\t<a href='https:\/\/www.colorado.com.br\/nosdacolorado\/wp-content\/uploads\/2023\/06\/IMG_6612.jpg'><img loading=\"lazy\" decoding=\"async\" data-attachment-id=\"21073\" data-orig-file=\"https:\/\/www.colorado.com.br\/nosdacolorado\/wp-content\/uploads\/2023\/06\/IMG_6612.jpg\" data-orig-size=\"1206,905\" data-comments-opened=\"1\" data-image-meta=\"{&quot;aperture&quot;:&quot;0&quot;,&quot;credit&quot;:&quot;&quot;,&quot;camera&quot;:&quot;&quot;,&quot;caption&quot;:&quot;&quot;,&quot;created_timestamp&quot;:&quot;0&quot;,&quot;copyright&quot;:&quot;&quot;,&quot;focal_length&quot;:&quot;0&quot;,&quot;iso&quot;:&quot;0&quot;,&quot;shutter_speed&quot;:&quot;0&quot;,&quot;title&quot;:&quot;&quot;,&quot;orientation&quot;:&quot;6&quot;,&quot;keywords&quot;:&quot;Array&quot;}\" data-image-title=\"IMG_6612\" data-image-description=\"\" data-medium-file=\"https:\/\/www.colorado.com.br\/nosdacolorado\/wp-content\/uploads\/2023\/06\/IMG_6612-300x225.jpg\" data-large-file=\"https:\/\/www.colorado.com.br\/nosdacolorado\/wp-content\/uploads\/2023\/06\/IMG_6612-1024x768.jpg\" width=\"150\" height=\"150\" src=\"https:\/\/www.colorado.com.br\/nosdacolorado\/wp-content\/uploads\/2023\/06\/IMG_6612-150x150.jpg\" class=\"attachment-thumbnail size-thumbnail\" alt=\"\" srcset=\"https:\/\/www.colorado.com.br\/nosdacolorado\/wp-content\/uploads\/2023\/06\/IMG_6612-150x150.jpg 150w, https:\/\/www.colorado.com.br\/nosdacolorado\/wp-content\/uploads\/2023\/06\/IMG_6612-100x100.jpg 100w, https:\/\/www.colorado.com.br\/nosdacolorado\/wp-content\/uploads\/2023\/06\/IMG_6612-140x140.jpg 140w, https:\/\/www.colorado.com.br\/nosdacolorado\/wp-content\/uploads\/2023\/06\/IMG_6612-500x500.jpg 500w, https:\/\/www.colorado.com.br\/nosdacolorado\/wp-content\/uploads\/2023\/06\/IMG_6612-350x350.jpg 350w, https:\/\/www.colorado.com.br\/nosdacolorado\/wp-content\/uploads\/2023\/06\/IMG_6612-800x800.jpg 800w\" sizes=\"auto, (max-width: 150px) 100vw, 150px\" \/><\/a>\n\t\t\t<\/dt><\/dl><dl class='gallery-item'>\n\t\t\t<dt class='gallery-icon landscape'>\n\t\t\t\t<a href='https:\/\/www.colorado.com.br\/nosdacolorado\/wp-content\/uploads\/2023\/06\/IMG_6613.jpg'><img loading=\"lazy\" decoding=\"async\" data-attachment-id=\"21074\" data-orig-file=\"https:\/\/www.colorado.com.br\/nosdacolorado\/wp-content\/uploads\/2023\/06\/IMG_6613.jpg\" data-orig-size=\"1206,905\" data-comments-opened=\"1\" data-image-meta=\"{&quot;aperture&quot;:&quot;0&quot;,&quot;credit&quot;:&quot;&quot;,&quot;camera&quot;:&quot;&quot;,&quot;caption&quot;:&quot;&quot;,&quot;created_timestamp&quot;:&quot;0&quot;,&quot;copyright&quot;:&quot;&quot;,&quot;focal_length&quot;:&quot;0&quot;,&quot;iso&quot;:&quot;0&quot;,&quot;shutter_speed&quot;:&quot;0&quot;,&quot;title&quot;:&quot;&quot;,&quot;orientation&quot;:&quot;6&quot;,&quot;keywords&quot;:&quot;Array&quot;}\" data-image-title=\"IMG_6613\" data-image-description=\"\" data-medium-file=\"https:\/\/www.colorado.com.br\/nosdacolorado\/wp-content\/uploads\/2023\/06\/IMG_6613-300x225.jpg\" data-large-file=\"https:\/\/www.colorado.com.br\/nosdacolorado\/wp-content\/uploads\/2023\/06\/IMG_6613-1024x768.jpg\" width=\"150\" height=\"150\" src=\"https:\/\/www.colorado.com.br\/nosdacolorado\/wp-content\/uploads\/2023\/06\/IMG_6613-150x150.jpg\" class=\"attachment-thumbnail size-thumbnail\" alt=\"\" srcset=\"https:\/\/www.colorado.com.br\/nosdacolorado\/wp-content\/uploads\/2023\/06\/IMG_6613-150x150.jpg 150w, https:\/\/www.colorado.com.br\/nosdacolorado\/wp-content\/uploads\/2023\/06\/IMG_6613-100x100.jpg 100w, https:\/\/www.colorado.com.br\/nosdacolorado\/wp-content\/uploads\/2023\/06\/IMG_6613-140x140.jpg 140w, https:\/\/www.colorado.com.br\/nosdacolorado\/wp-content\/uploads\/2023\/06\/IMG_6613-500x500.jpg 500w, https:\/\/www.colorado.com.br\/nosdacolorado\/wp-content\/uploads\/2023\/06\/IMG_6613-350x350.jpg 350w, https:\/\/www.colorado.com.br\/nosdacolorado\/wp-content\/uploads\/2023\/06\/IMG_6613-800x800.jpg 800w\" sizes=\"auto, (max-width: 150px) 100vw, 150px\" \/><\/a>\n\t\t\t<\/dt><\/dl><dl class='gallery-item'>\n\t\t\t<dt class='gallery-icon landscape'>\n\t\t\t\t<a href='https:\/\/www.colorado.com.br\/nosdacolorado\/wp-content\/uploads\/2023\/06\/IMG_6614.jpg'><img loading=\"lazy\" decoding=\"async\" data-attachment-id=\"21075\" data-orig-file=\"https:\/\/www.colorado.com.br\/nosdacolorado\/wp-content\/uploads\/2023\/06\/IMG_6614.jpg\" data-orig-size=\"1206,905\" data-comments-opened=\"1\" data-image-meta=\"{&quot;aperture&quot;:&quot;0&quot;,&quot;credit&quot;:&quot;&quot;,&quot;camera&quot;:&quot;&quot;,&quot;caption&quot;:&quot;&quot;,&quot;created_timestamp&quot;:&quot;0&quot;,&quot;copyright&quot;:&quot;&quot;,&quot;focal_length&quot;:&quot;0&quot;,&quot;iso&quot;:&quot;0&quot;,&quot;shutter_speed&quot;:&quot;0&quot;,&quot;title&quot;:&quot;&quot;,&quot;orientation&quot;:&quot;6&quot;,&quot;keywords&quot;:&quot;Array&quot;}\" data-image-title=\"IMG_6614\" data-image-description=\"\" data-medium-file=\"https:\/\/www.colorado.com.br\/nosdacolorado\/wp-content\/uploads\/2023\/06\/IMG_6614-300x225.jpg\" data-large-file=\"https:\/\/www.colorado.com.br\/nosdacolorado\/wp-content\/uploads\/2023\/06\/IMG_6614-1024x768.jpg\" width=\"150\" height=\"150\" src=\"https:\/\/www.colorado.com.br\/nosdacolorado\/wp-content\/uploads\/2023\/06\/IMG_6614-150x150.jpg\" class=\"attachment-thumbnail size-thumbnail\" alt=\"\" srcset=\"https:\/\/www.colorado.com.br\/nosdacolorado\/wp-content\/uploads\/2023\/06\/IMG_6614-150x150.jpg 150w, https:\/\/www.colorado.com.br\/nosdacolorado\/wp-content\/uploads\/2023\/06\/IMG_6614-100x100.jpg 100w, https:\/\/www.colorado.com.br\/nosdacolorado\/wp-content\/uploads\/2023\/06\/IMG_6614-140x140.jpg 140w, https:\/\/www.colorado.com.br\/nosdacolorado\/wp-content\/uploads\/2023\/06\/IMG_6614-500x500.jpg 500w, https:\/\/www.colorado.com.br\/nosdacolorado\/wp-content\/uploads\/2023\/06\/IMG_6614-350x350.jpg 350w, https:\/\/www.colorado.com.br\/nosdacolorado\/wp-content\/uploads\/2023\/06\/IMG_6614-800x800.jpg 800w\" sizes=\"auto, (max-width: 150px) 100vw, 150px\" \/><\/a>\n\t\t\t<\/dt><\/dl><dl class='gallery-item'>\n\t\t\t<dt class='gallery-icon landscape'>\n\t\t\t\t<a href='https:\/\/www.colorado.com.br\/nosdacolorado\/wp-content\/uploads\/2023\/06\/IMG_6615.jpg'><img loading=\"lazy\" decoding=\"async\" data-attachment-id=\"21076\" data-orig-file=\"https:\/\/www.colorado.com.br\/nosdacolorado\/wp-content\/uploads\/2023\/06\/IMG_6615.jpg\" data-orig-size=\"1206,905\" data-comments-opened=\"1\" data-image-meta=\"{&quot;aperture&quot;:&quot;0&quot;,&quot;credit&quot;:&quot;&quot;,&quot;camera&quot;:&quot;&quot;,&quot;caption&quot;:&quot;&quot;,&quot;created_timestamp&quot;:&quot;0&quot;,&quot;copyright&quot;:&quot;&quot;,&quot;focal_length&quot;:&quot;0&quot;,&quot;iso&quot;:&quot;0&quot;,&quot;shutter_speed&quot;:&quot;0&quot;,&quot;title&quot;:&quot;&quot;,&quot;orientation&quot;:&quot;6&quot;,&quot;keywords&quot;:&quot;Array&quot;}\" data-image-title=\"IMG_6615\" data-image-description=\"\" data-medium-file=\"https:\/\/www.colorado.com.br\/nosdacolorado\/wp-content\/uploads\/2023\/06\/IMG_6615-300x225.jpg\" data-large-file=\"https:\/\/www.colorado.com.br\/nosdacolorado\/wp-content\/uploads\/2023\/06\/IMG_6615-1024x768.jpg\" width=\"150\" height=\"150\" src=\"https:\/\/www.colorado.com.br\/nosdacolorado\/wp-content\/uploads\/2023\/06\/IMG_6615-150x150.jpg\" class=\"attachment-thumbnail size-thumbnail\" alt=\"\" srcset=\"https:\/\/www.colorado.com.br\/nosdacolorado\/wp-content\/uploads\/2023\/06\/IMG_6615-150x150.jpg 150w, https:\/\/www.colorado.com.br\/nosdacolorado\/wp-content\/uploads\/2023\/06\/IMG_6615-100x100.jpg 100w, https:\/\/www.colorado.com.br\/nosdacolorado\/wp-content\/uploads\/2023\/06\/IMG_6615-140x140.jpg 140w, https:\/\/www.colorado.com.br\/nosdacolorado\/wp-content\/uploads\/2023\/06\/IMG_6615-500x500.jpg 500w, https:\/\/www.colorado.com.br\/nosdacolorado\/wp-content\/uploads\/2023\/06\/IMG_6615-350x350.jpg 350w, https:\/\/www.colorado.com.br\/nosdacolorado\/wp-content\/uploads\/2023\/06\/IMG_6615-800x800.jpg 800w\" sizes=\"auto, (max-width: 150px) 100vw, 150px\" \/><\/a>\n\t\t\t<\/dt><\/dl><br style=\"clear: both\" \/><dl class='gallery-item'>\n\t\t\t<dt class='gallery-icon landscape'>\n\t\t\t\t<a href='https:\/\/www.colorado.com.br\/nosdacolorado\/wp-content\/uploads\/2023\/06\/IMG_6616.jpg'><img loading=\"lazy\" decoding=\"async\" data-attachment-id=\"21077\" data-orig-file=\"https:\/\/www.colorado.com.br\/nosdacolorado\/wp-content\/uploads\/2023\/06\/IMG_6616.jpg\" data-orig-size=\"1206,905\" data-comments-opened=\"1\" data-image-meta=\"{&quot;aperture&quot;:&quot;0&quot;,&quot;credit&quot;:&quot;&quot;,&quot;camera&quot;:&quot;&quot;,&quot;caption&quot;:&quot;&quot;,&quot;created_timestamp&quot;:&quot;0&quot;,&quot;copyright&quot;:&quot;&quot;,&quot;focal_length&quot;:&quot;0&quot;,&quot;iso&quot;:&quot;0&quot;,&quot;shutter_speed&quot;:&quot;0&quot;,&quot;title&quot;:&quot;&quot;,&quot;orientation&quot;:&quot;0&quot;,&quot;keywords&quot;:&quot;Array&quot;}\" data-image-title=\"IMG_6616\" data-image-description=\"\" data-medium-file=\"https:\/\/www.colorado.com.br\/nosdacolorado\/wp-content\/uploads\/2023\/06\/IMG_6616-300x225.jpg\" data-large-file=\"https:\/\/www.colorado.com.br\/nosdacolorado\/wp-content\/uploads\/2023\/06\/IMG_6616-1024x768.jpg\" width=\"150\" height=\"150\" src=\"https:\/\/www.colorado.com.br\/nosdacolorado\/wp-content\/uploads\/2023\/06\/IMG_6616-150x150.jpg\" class=\"attachment-thumbnail size-thumbnail\" alt=\"\" srcset=\"https:\/\/www.colorado.com.br\/nosdacolorado\/wp-content\/uploads\/2023\/06\/IMG_6616-150x150.jpg 150w, https:\/\/www.colorado.com.br\/nosdacolorado\/wp-content\/uploads\/2023\/06\/IMG_6616-100x100.jpg 100w, https:\/\/www.colorado.com.br\/nosdacolorado\/wp-content\/uploads\/2023\/06\/IMG_6616-140x140.jpg 140w, https:\/\/www.colorado.com.br\/nosdacolorado\/wp-content\/uploads\/2023\/06\/IMG_6616-500x500.jpg 500w, https:\/\/www.colorado.com.br\/nosdacolorado\/wp-content\/uploads\/2023\/06\/IMG_6616-350x350.jpg 350w, https:\/\/www.colorado.com.br\/nosdacolorado\/wp-content\/uploads\/2023\/06\/IMG_6616-800x800.jpg 800w\" sizes=\"auto, (max-width: 150px) 100vw, 150px\" \/><\/a>\n\t\t\t<\/dt><\/dl><dl class='gallery-item'>\n\t\t\t<dt class='gallery-icon landscape'>\n\t\t\t\t<a href='https:\/\/www.colorado.com.br\/nosdacolorado\/wp-content\/uploads\/2023\/06\/IMG_6617.jpg'><img loading=\"lazy\" decoding=\"async\" data-attachment-id=\"21078\" data-orig-file=\"https:\/\/www.colorado.com.br\/nosdacolorado\/wp-content\/uploads\/2023\/06\/IMG_6617.jpg\" data-orig-size=\"1206,905\" data-comments-opened=\"1\" data-image-meta=\"{&quot;aperture&quot;:&quot;0&quot;,&quot;credit&quot;:&quot;&quot;,&quot;camera&quot;:&quot;&quot;,&quot;caption&quot;:&quot;&quot;,&quot;created_timestamp&quot;:&quot;0&quot;,&quot;copyright&quot;:&quot;&quot;,&quot;focal_length&quot;:&quot;0&quot;,&quot;iso&quot;:&quot;0&quot;,&quot;shutter_speed&quot;:&quot;0&quot;,&quot;title&quot;:&quot;&quot;,&quot;orientation&quot;:&quot;0&quot;,&quot;keywords&quot;:&quot;Array&quot;}\" data-image-title=\"IMG_6617\" data-image-description=\"\" data-medium-file=\"https:\/\/www.colorado.com.br\/nosdacolorado\/wp-content\/uploads\/2023\/06\/IMG_6617-300x225.jpg\" data-large-file=\"https:\/\/www.colorado.com.br\/nosdacolorado\/wp-content\/uploads\/2023\/06\/IMG_6617-1024x768.jpg\" width=\"150\" height=\"150\" src=\"https:\/\/www.colorado.com.br\/nosdacolorado\/wp-content\/uploads\/2023\/06\/IMG_6617-150x150.jpg\" class=\"attachment-thumbnail size-thumbnail\" alt=\"\" srcset=\"https:\/\/www.colorado.com.br\/nosdacolorado\/wp-content\/uploads\/2023\/06\/IMG_6617-150x150.jpg 150w, https:\/\/www.colorado.com.br\/nosdacolorado\/wp-content\/uploads\/2023\/06\/IMG_6617-100x100.jpg 100w, https:\/\/www.colorado.com.br\/nosdacolorado\/wp-content\/uploads\/2023\/06\/IMG_6617-140x140.jpg 140w, https:\/\/www.colorado.com.br\/nosdacolorado\/wp-content\/uploads\/2023\/06\/IMG_6617-500x500.jpg 500w, https:\/\/www.colorado.com.br\/nosdacolorado\/wp-content\/uploads\/2023\/06\/IMG_6617-350x350.jpg 350w, https:\/\/www.colorado.com.br\/nosdacolorado\/wp-content\/uploads\/2023\/06\/IMG_6617-800x800.jpg 800w\" sizes=\"auto, (max-width: 150px) 100vw, 150px\" \/><\/a>\n\t\t\t<\/dt><\/dl><dl class='gallery-item'>\n\t\t\t<dt class='gallery-icon landscape'>\n\t\t\t\t<a href='https:\/\/www.colorado.com.br\/nosdacolorado\/wp-content\/uploads\/2023\/06\/IMG_6618.jpg'><img loading=\"lazy\" decoding=\"async\" data-attachment-id=\"21079\" data-orig-file=\"https:\/\/www.colorado.com.br\/nosdacolorado\/wp-content\/uploads\/2023\/06\/IMG_6618.jpg\" data-orig-size=\"1206,905\" data-comments-opened=\"1\" data-image-meta=\"{&quot;aperture&quot;:&quot;0&quot;,&quot;credit&quot;:&quot;&quot;,&quot;camera&quot;:&quot;&quot;,&quot;caption&quot;:&quot;&quot;,&quot;created_timestamp&quot;:&quot;0&quot;,&quot;copyright&quot;:&quot;&quot;,&quot;focal_length&quot;:&quot;0&quot;,&quot;iso&quot;:&quot;0&quot;,&quot;shutter_speed&quot;:&quot;0&quot;,&quot;title&quot;:&quot;&quot;,&quot;orientation&quot;:&quot;0&quot;,&quot;keywords&quot;:&quot;Array&quot;}\" data-image-title=\"IMG_6618\" data-image-description=\"\" data-medium-file=\"https:\/\/www.colorado.com.br\/nosdacolorado\/wp-content\/uploads\/2023\/06\/IMG_6618-300x225.jpg\" data-large-file=\"https:\/\/www.colorado.com.br\/nosdacolorado\/wp-content\/uploads\/2023\/06\/IMG_6618-1024x768.jpg\" width=\"150\" height=\"150\" src=\"https:\/\/www.colorado.com.br\/nosdacolorado\/wp-content\/uploads\/2023\/06\/IMG_6618-150x150.jpg\" class=\"attachment-thumbnail size-thumbnail\" alt=\"\" srcset=\"https:\/\/www.colorado.com.br\/nosdacolorado\/wp-content\/uploads\/2023\/06\/IMG_6618-150x150.jpg 150w, https:\/\/www.colorado.com.br\/nosdacolorado\/wp-content\/uploads\/2023\/06\/IMG_6618-100x100.jpg 100w, https:\/\/www.colorado.com.br\/nosdacolorado\/wp-content\/uploads\/2023\/06\/IMG_6618-140x140.jpg 140w, https:\/\/www.colorado.com.br\/nosdacolorado\/wp-content\/uploads\/2023\/06\/IMG_6618-500x500.jpg 500w, https:\/\/www.colorado.com.br\/nosdacolorado\/wp-content\/uploads\/2023\/06\/IMG_6618-350x350.jpg 350w, https:\/\/www.colorado.com.br\/nosdacolorado\/wp-content\/uploads\/2023\/06\/IMG_6618-800x800.jpg 800w\" sizes=\"auto, (max-width: 150px) 100vw, 150px\" \/><\/a>\n\t\t\t<\/dt><\/dl><dl class='gallery-item'>\n\t\t\t<dt class='gallery-icon landscape'>\n\t\t\t\t<a href='https:\/\/www.colorado.com.br\/nosdacolorado\/wp-content\/uploads\/2023\/06\/IMG_6619.jpg'><img loading=\"lazy\" decoding=\"async\" data-attachment-id=\"21080\" data-orig-file=\"https:\/\/www.colorado.com.br\/nosdacolorado\/wp-content\/uploads\/2023\/06\/IMG_6619.jpg\" data-orig-size=\"1206,905\" data-comments-opened=\"1\" data-image-meta=\"{&quot;aperture&quot;:&quot;0&quot;,&quot;credit&quot;:&quot;&quot;,&quot;camera&quot;:&quot;&quot;,&quot;caption&quot;:&quot;&quot;,&quot;created_timestamp&quot;:&quot;0&quot;,&quot;copyright&quot;:&quot;&quot;,&quot;focal_length&quot;:&quot;0&quot;,&quot;iso&quot;:&quot;0&quot;,&quot;shutter_speed&quot;:&quot;0&quot;,&quot;title&quot;:&quot;&quot;,&quot;orientation&quot;:&quot;0&quot;,&quot;keywords&quot;:&quot;Array&quot;}\" data-image-title=\"IMG_6619\" data-image-description=\"\" data-medium-file=\"https:\/\/www.colorado.com.br\/nosdacolorado\/wp-content\/uploads\/2023\/06\/IMG_6619-300x225.jpg\" data-large-file=\"https:\/\/www.colorado.com.br\/nosdacolorado\/wp-content\/uploads\/2023\/06\/IMG_6619-1024x768.jpg\" width=\"150\" height=\"150\" src=\"https:\/\/www.colorado.com.br\/nosdacolorado\/wp-content\/uploads\/2023\/06\/IMG_6619-150x150.jpg\" class=\"attachment-thumbnail size-thumbnail\" alt=\"\" srcset=\"https:\/\/www.colorado.com.br\/nosdacolorado\/wp-content\/uploads\/2023\/06\/IMG_6619-150x150.jpg 150w, https:\/\/www.colorado.com.br\/nosdacolorado\/wp-content\/uploads\/2023\/06\/IMG_6619-100x100.jpg 100w, https:\/\/www.colorado.com.br\/nosdacolorado\/wp-content\/uploads\/2023\/06\/IMG_6619-140x140.jpg 140w, https:\/\/www.colorado.com.br\/nosdacolorado\/wp-content\/uploads\/2023\/06\/IMG_6619-500x500.jpg 500w, https:\/\/www.colorado.com.br\/nosdacolorado\/wp-content\/uploads\/2023\/06\/IMG_6619-350x350.jpg 350w, https:\/\/www.colorado.com.br\/nosdacolorado\/wp-content\/uploads\/2023\/06\/IMG_6619-800x800.jpg 800w\" sizes=\"auto, (max-width: 150px) 100vw, 150px\" \/><\/a>\n\t\t\t<\/dt><\/dl><dl class='gallery-item'>\n\t\t\t<dt class='gallery-icon landscape'>\n\t\t\t\t<a href='https:\/\/www.colorado.com.br\/nosdacolorado\/wp-content\/uploads\/2023\/06\/IMG_6620.jpg'><img loading=\"lazy\" decoding=\"async\" data-attachment-id=\"21081\" data-orig-file=\"https:\/\/www.colorado.com.br\/nosdacolorado\/wp-content\/uploads\/2023\/06\/IMG_6620.jpg\" data-orig-size=\"1206,905\" data-comments-opened=\"1\" data-image-meta=\"{&quot;aperture&quot;:&quot;0&quot;,&quot;credit&quot;:&quot;&quot;,&quot;camera&quot;:&quot;&quot;,&quot;caption&quot;:&quot;&quot;,&quot;created_timestamp&quot;:&quot;0&quot;,&quot;copyright&quot;:&quot;&quot;,&quot;focal_length&quot;:&quot;0&quot;,&quot;iso&quot;:&quot;0&quot;,&quot;shutter_speed&quot;:&quot;0&quot;,&quot;title&quot;:&quot;&quot;,&quot;orientation&quot;:&quot;0&quot;,&quot;keywords&quot;:&quot;Array&quot;}\" data-image-title=\"IMG_6620\" data-image-description=\"\" data-medium-file=\"https:\/\/www.colorado.com.br\/nosdacolorado\/wp-content\/uploads\/2023\/06\/IMG_6620-300x225.jpg\" data-large-file=\"https:\/\/www.colorado.com.br\/nosdacolorado\/wp-content\/uploads\/2023\/06\/IMG_6620-1024x768.jpg\" width=\"150\" height=\"150\" src=\"https:\/\/www.colorado.com.br\/nosdacolorado\/wp-content\/uploads\/2023\/06\/IMG_6620-150x150.jpg\" class=\"attachment-thumbnail size-thumbnail\" alt=\"\" srcset=\"https:\/\/www.colorado.com.br\/nosdacolorado\/wp-content\/uploads\/2023\/06\/IMG_6620-150x150.jpg 150w, https:\/\/www.colorado.com.br\/nosdacolorado\/wp-content\/uploads\/2023\/06\/IMG_6620-100x100.jpg 100w, https:\/\/www.colorado.com.br\/nosdacolorado\/wp-content\/uploads\/2023\/06\/IMG_6620-140x140.jpg 140w, https:\/\/www.colorado.com.br\/nosdacolorado\/wp-content\/uploads\/2023\/06\/IMG_6620-500x500.jpg 500w, https:\/\/www.colorado.com.br\/nosdacolorado\/wp-content\/uploads\/2023\/06\/IMG_6620-350x350.jpg 350w, https:\/\/www.colorado.com.br\/nosdacolorado\/wp-content\/uploads\/2023\/06\/IMG_6620-800x800.jpg 800w\" sizes=\"auto, (max-width: 150px) 100vw, 150px\" \/><\/a>\n\t\t\t<\/dt><\/dl><br style=\"clear: both\" \/><dl class='gallery-item'>\n\t\t\t<dt class='gallery-icon landscape'>\n\t\t\t\t<a href='https:\/\/www.colorado.com.br\/nosdacolorado\/wp-content\/uploads\/2023\/06\/IMG_6621.jpg'><img loading=\"lazy\" decoding=\"async\" data-attachment-id=\"21082\" data-orig-file=\"https:\/\/www.colorado.com.br\/nosdacolorado\/wp-content\/uploads\/2023\/06\/IMG_6621.jpg\" data-orig-size=\"1206,905\" data-comments-opened=\"1\" data-image-meta=\"{&quot;aperture&quot;:&quot;0&quot;,&quot;credit&quot;:&quot;&quot;,&quot;camera&quot;:&quot;&quot;,&quot;caption&quot;:&quot;&quot;,&quot;created_timestamp&quot;:&quot;0&quot;,&quot;copyright&quot;:&quot;&quot;,&quot;focal_length&quot;:&quot;0&quot;,&quot;iso&quot;:&quot;0&quot;,&quot;shutter_speed&quot;:&quot;0&quot;,&quot;title&quot;:&quot;&quot;,&quot;orientation&quot;:&quot;6&quot;,&quot;keywords&quot;:&quot;Array&quot;}\" data-image-title=\"IMG_6621\" data-image-description=\"\" data-medium-file=\"https:\/\/www.colorado.com.br\/nosdacolorado\/wp-content\/uploads\/2023\/06\/IMG_6621-300x225.jpg\" data-large-file=\"https:\/\/www.colorado.com.br\/nosdacolorado\/wp-content\/uploads\/2023\/06\/IMG_6621-1024x768.jpg\" width=\"150\" height=\"150\" src=\"https:\/\/www.colorado.com.br\/nosdacolorado\/wp-content\/uploads\/2023\/06\/IMG_6621-150x150.jpg\" class=\"attachment-thumbnail size-thumbnail\" alt=\"\" srcset=\"https:\/\/www.colorado.com.br\/nosdacolorado\/wp-content\/uploads\/2023\/06\/IMG_6621-150x150.jpg 150w, https:\/\/www.colorado.com.br\/nosdacolorado\/wp-content\/uploads\/2023\/06\/IMG_6621-100x100.jpg 100w, https:\/\/www.colorado.com.br\/nosdacolorado\/wp-content\/uploads\/2023\/06\/IMG_6621-140x140.jpg 140w, https:\/\/www.colorado.com.br\/nosdacolorado\/wp-content\/uploads\/2023\/06\/IMG_6621-500x500.jpg 500w, https:\/\/www.colorado.com.br\/nosdacolorado\/wp-content\/uploads\/2023\/06\/IMG_6621-350x350.jpg 350w, https:\/\/www.colorado.com.br\/nosdacolorado\/wp-content\/uploads\/2023\/06\/IMG_6621-800x800.jpg 800w\" sizes=\"auto, (max-width: 150px) 100vw, 150px\" \/><\/a>\n\t\t\t<\/dt><\/dl><dl class='gallery-item'>\n\t\t\t<dt class='gallery-icon landscape'>\n\t\t\t\t<a href='https:\/\/www.colorado.com.br\/nosdacolorado\/wp-content\/uploads\/2023\/06\/IMG_6622.jpg'><img loading=\"lazy\" decoding=\"async\" data-attachment-id=\"21083\" data-orig-file=\"https:\/\/www.colorado.com.br\/nosdacolorado\/wp-content\/uploads\/2023\/06\/IMG_6622.jpg\" data-orig-size=\"1206,905\" data-comments-opened=\"1\" data-image-meta=\"{&quot;aperture&quot;:&quot;0&quot;,&quot;credit&quot;:&quot;&quot;,&quot;camera&quot;:&quot;&quot;,&quot;caption&quot;:&quot;&quot;,&quot;created_timestamp&quot;:&quot;0&quot;,&quot;copyright&quot;:&quot;&quot;,&quot;focal_length&quot;:&quot;0&quot;,&quot;iso&quot;:&quot;0&quot;,&quot;shutter_speed&quot;:&quot;0&quot;,&quot;title&quot;:&quot;&quot;,&quot;orientation&quot;:&quot;6&quot;,&quot;keywords&quot;:&quot;Array&quot;}\" data-image-title=\"IMG_6622\" data-image-description=\"\" data-medium-file=\"https:\/\/www.colorado.com.br\/nosdacolorado\/wp-content\/uploads\/2023\/06\/IMG_6622-300x225.jpg\" data-large-file=\"https:\/\/www.colorado.com.br\/nosdacolorado\/wp-content\/uploads\/2023\/06\/IMG_6622-1024x768.jpg\" width=\"150\" height=\"150\" src=\"https:\/\/www.colorado.com.br\/nosdacolorado\/wp-content\/uploads\/2023\/06\/IMG_6622-150x150.jpg\" class=\"attachment-thumbnail size-thumbnail\" alt=\"\" srcset=\"https:\/\/www.colorado.com.br\/nosdacolorado\/wp-content\/uploads\/2023\/06\/IMG_6622-150x150.jpg 150w, https:\/\/www.colorado.com.br\/nosdacolorado\/wp-content\/uploads\/2023\/06\/IMG_6622-100x100.jpg 100w, https:\/\/www.colorado.com.br\/nosdacolorado\/wp-content\/uploads\/2023\/06\/IMG_6622-140x140.jpg 140w, https:\/\/www.colorado.com.br\/nosdacolorado\/wp-content\/uploads\/2023\/06\/IMG_6622-500x500.jpg 500w, https:\/\/www.colorado.com.br\/nosdacolorado\/wp-content\/uploads\/2023\/06\/IMG_6622-350x350.jpg 350w, https:\/\/www.colorado.com.br\/nosdacolorado\/wp-content\/uploads\/2023\/06\/IMG_6622-800x800.jpg 800w\" sizes=\"auto, (max-width: 150px) 100vw, 150px\" \/><\/a>\n\t\t\t<\/dt><\/dl><dl class='gallery-item'>\n\t\t\t<dt class='gallery-icon landscape'>\n\t\t\t\t<a href='https:\/\/www.colorado.com.br\/nosdacolorado\/wp-content\/uploads\/2023\/06\/IMG_6623.jpg'><img loading=\"lazy\" decoding=\"async\" data-attachment-id=\"21084\" data-orig-file=\"https:\/\/www.colorado.com.br\/nosdacolorado\/wp-content\/uploads\/2023\/06\/IMG_6623.jpg\" data-orig-size=\"1206,905\" data-comments-opened=\"1\" data-image-meta=\"{&quot;aperture&quot;:&quot;0&quot;,&quot;credit&quot;:&quot;&quot;,&quot;camera&quot;:&quot;&quot;,&quot;caption&quot;:&quot;&quot;,&quot;created_timestamp&quot;:&quot;0&quot;,&quot;copyright&quot;:&quot;&quot;,&quot;focal_length&quot;:&quot;0&quot;,&quot;iso&quot;:&quot;0&quot;,&quot;shutter_speed&quot;:&quot;0&quot;,&quot;title&quot;:&quot;&quot;,&quot;orientation&quot;:&quot;0&quot;,&quot;keywords&quot;:&quot;Array&quot;}\" data-image-title=\"IMG_6623\" data-image-description=\"\" data-medium-file=\"https:\/\/www.colorado.com.br\/nosdacolorado\/wp-content\/uploads\/2023\/06\/IMG_6623-300x225.jpg\" data-large-file=\"https:\/\/www.colorado.com.br\/nosdacolorado\/wp-content\/uploads\/2023\/06\/IMG_6623-1024x768.jpg\" width=\"150\" height=\"150\" src=\"https:\/\/www.colorado.com.br\/nosdacolorado\/wp-content\/uploads\/2023\/06\/IMG_6623-150x150.jpg\" class=\"attachment-thumbnail size-thumbnail\" alt=\"\" srcset=\"https:\/\/www.colorado.com.br\/nosdacolorado\/wp-content\/uploads\/2023\/06\/IMG_6623-150x150.jpg 150w, https:\/\/www.colorado.com.br\/nosdacolorado\/wp-content\/uploads\/2023\/06\/IMG_6623-100x100.jpg 100w, https:\/\/www.colorado.com.br\/nosdacolorado\/wp-content\/uploads\/2023\/06\/IMG_6623-140x140.jpg 140w, https:\/\/www.colorado.com.br\/nosdacolorado\/wp-content\/uploads\/2023\/06\/IMG_6623-500x500.jpg 500w, https:\/\/www.colorado.com.br\/nosdacolorado\/wp-content\/uploads\/2023\/06\/IMG_6623-350x350.jpg 350w, https:\/\/www.colorado.com.br\/nosdacolorado\/wp-content\/uploads\/2023\/06\/IMG_6623-800x800.jpg 800w\" sizes=\"auto, (max-width: 150px) 100vw, 150px\" \/><\/a>\n\t\t\t<\/dt><\/dl><dl class='gallery-item'>\n\t\t\t<dt class='gallery-icon landscape'>\n\t\t\t\t<a href='https:\/\/www.colorado.com.br\/nosdacolorado\/wp-content\/uploads\/2023\/06\/IMG_6624.jpg'><img loading=\"lazy\" decoding=\"async\" data-attachment-id=\"21085\" data-orig-file=\"https:\/\/www.colorado.com.br\/nosdacolorado\/wp-content\/uploads\/2023\/06\/IMG_6624.jpg\" data-orig-size=\"1206,905\" data-comments-opened=\"1\" data-image-meta=\"{&quot;aperture&quot;:&quot;0&quot;,&quot;credit&quot;:&quot;&quot;,&quot;camera&quot;:&quot;&quot;,&quot;caption&quot;:&quot;&quot;,&quot;created_timestamp&quot;:&quot;0&quot;,&quot;copyright&quot;:&quot;&quot;,&quot;focal_length&quot;:&quot;0&quot;,&quot;iso&quot;:&quot;0&quot;,&quot;shutter_speed&quot;:&quot;0&quot;,&quot;title&quot;:&quot;&quot;,&quot;orientation&quot;:&quot;0&quot;,&quot;keywords&quot;:&quot;Array&quot;}\" data-image-title=\"IMG_6624\" data-image-description=\"\" data-medium-file=\"https:\/\/www.colorado.com.br\/nosdacolorado\/wp-content\/uploads\/2023\/06\/IMG_6624-300x225.jpg\" data-large-file=\"https:\/\/www.colorado.com.br\/nosdacolorado\/wp-content\/uploads\/2023\/06\/IMG_6624-1024x768.jpg\" width=\"150\" height=\"150\" src=\"https:\/\/www.colorado.com.br\/nosdacolorado\/wp-content\/uploads\/2023\/06\/IMG_6624-150x150.jpg\" class=\"attachment-thumbnail size-thumbnail\" alt=\"\" srcset=\"https:\/\/www.colorado.com.br\/nosdacolorado\/wp-content\/uploads\/2023\/06\/IMG_6624-150x150.jpg 150w, https:\/\/www.colorado.com.br\/nosdacolorado\/wp-content\/uploads\/2023\/06\/IMG_6624-100x100.jpg 100w, https:\/\/www.colorado.com.br\/nosdacolorado\/wp-content\/uploads\/2023\/06\/IMG_6624-140x140.jpg 140w, https:\/\/www.colorado.com.br\/nosdacolorado\/wp-content\/uploads\/2023\/06\/IMG_6624-500x500.jpg 500w, https:\/\/www.colorado.com.br\/nosdacolorado\/wp-content\/uploads\/2023\/06\/IMG_6624-350x350.jpg 350w, https:\/\/www.colorado.com.br\/nosdacolorado\/wp-content\/uploads\/2023\/06\/IMG_6624-800x800.jpg 800w\" sizes=\"auto, (max-width: 150px) 100vw, 150px\" \/><\/a>\n\t\t\t<\/dt><\/dl><dl class='gallery-item'>\n\t\t\t<dt class='gallery-icon landscape'>\n\t\t\t\t<a href='https:\/\/www.colorado.com.br\/nosdacolorado\/wp-content\/uploads\/2023\/06\/IMG_6625.jpg'><img loading=\"lazy\" decoding=\"async\" data-attachment-id=\"21086\" data-orig-file=\"https:\/\/www.colorado.com.br\/nosdacolorado\/wp-content\/uploads\/2023\/06\/IMG_6625.jpg\" data-orig-size=\"1206,905\" data-comments-opened=\"1\" data-image-meta=\"{&quot;aperture&quot;:&quot;0&quot;,&quot;credit&quot;:&quot;&quot;,&quot;camera&quot;:&quot;&quot;,&quot;caption&quot;:&quot;&quot;,&quot;created_timestamp&quot;:&quot;0&quot;,&quot;copyright&quot;:&quot;&quot;,&quot;focal_length&quot;:&quot;0&quot;,&quot;iso&quot;:&quot;0&quot;,&quot;shutter_speed&quot;:&quot;0&quot;,&quot;title&quot;:&quot;&quot;,&quot;orientation&quot;:&quot;6&quot;,&quot;keywords&quot;:&quot;Array&quot;}\" data-image-title=\"IMG_6625\" data-image-description=\"\" data-medium-file=\"https:\/\/www.colorado.com.br\/nosdacolorado\/wp-content\/uploads\/2023\/06\/IMG_6625-300x225.jpg\" data-large-file=\"https:\/\/www.colorado.com.br\/nosdacolorado\/wp-content\/uploads\/2023\/06\/IMG_6625-1024x768.jpg\" width=\"150\" height=\"150\" src=\"https:\/\/www.colorado.com.br\/nosdacolorado\/wp-content\/uploads\/2023\/06\/IMG_6625-150x150.jpg\" class=\"attachment-thumbnail size-thumbnail\" alt=\"\" srcset=\"https:\/\/www.colorado.com.br\/nosdacolorado\/wp-content\/uploads\/2023\/06\/IMG_6625-150x150.jpg 150w, https:\/\/www.colorado.com.br\/nosdacolorado\/wp-content\/uploads\/2023\/06\/IMG_6625-100x100.jpg 100w, https:\/\/www.colorado.com.br\/nosdacolorado\/wp-content\/uploads\/2023\/06\/IMG_6625-140x140.jpg 140w, https:\/\/www.colorado.com.br\/nosdacolorado\/wp-content\/uploads\/2023\/06\/IMG_6625-500x500.jpg 500w, https:\/\/www.colorado.com.br\/nosdacolorado\/wp-content\/uploads\/2023\/06\/IMG_6625-350x350.jpg 350w, https:\/\/www.colorado.com.br\/nosdacolorado\/wp-content\/uploads\/2023\/06\/IMG_6625-800x800.jpg 800w\" sizes=\"auto, (max-width: 150px) 100vw, 150px\" \/><\/a>\n\t\t\t<\/dt><\/dl><br style=\"clear: both\" \/><dl class='gallery-item'>\n\t\t\t<dt class='gallery-icon landscape'>\n\t\t\t\t<a href='https:\/\/www.colorado.com.br\/nosdacolorado\/wp-content\/uploads\/2023\/06\/IMG_6626.jpg'><img loading=\"lazy\" decoding=\"async\" data-attachment-id=\"21087\" data-orig-file=\"https:\/\/www.colorado.com.br\/nosdacolorado\/wp-content\/uploads\/2023\/06\/IMG_6626.jpg\" data-orig-size=\"1206,905\" data-comments-opened=\"1\" data-image-meta=\"{&quot;aperture&quot;:&quot;0&quot;,&quot;credit&quot;:&quot;&quot;,&quot;camera&quot;:&quot;&quot;,&quot;caption&quot;:&quot;&quot;,&quot;created_timestamp&quot;:&quot;0&quot;,&quot;copyright&quot;:&quot;&quot;,&quot;focal_length&quot;:&quot;0&quot;,&quot;iso&quot;:&quot;0&quot;,&quot;shutter_speed&quot;:&quot;0&quot;,&quot;title&quot;:&quot;&quot;,&quot;orientation&quot;:&quot;0&quot;,&quot;keywords&quot;:&quot;Array&quot;}\" data-image-title=\"IMG_6626\" data-image-description=\"\" data-medium-file=\"https:\/\/www.colorado.com.br\/nosdacolorado\/wp-content\/uploads\/2023\/06\/IMG_6626-300x225.jpg\" data-large-file=\"https:\/\/www.colorado.com.br\/nosdacolorado\/wp-content\/uploads\/2023\/06\/IMG_6626-1024x768.jpg\" width=\"150\" height=\"150\" src=\"https:\/\/www.colorado.com.br\/nosdacolorado\/wp-content\/uploads\/2023\/06\/IMG_6626-150x150.jpg\" class=\"attachment-thumbnail size-thumbnail\" alt=\"\" srcset=\"https:\/\/www.colorado.com.br\/nosdacolorado\/wp-content\/uploads\/2023\/06\/IMG_6626-150x150.jpg 150w, https:\/\/www.colorado.com.br\/nosdacolorado\/wp-content\/uploads\/2023\/06\/IMG_6626-100x100.jpg 100w, https:\/\/www.colorado.com.br\/nosdacolorado\/wp-content\/uploads\/2023\/06\/IMG_6626-140x140.jpg 140w, https:\/\/www.colorado.com.br\/nosdacolorado\/wp-content\/uploads\/2023\/06\/IMG_6626-500x500.jpg 500w, https:\/\/www.colorado.com.br\/nosdacolorado\/wp-content\/uploads\/2023\/06\/IMG_6626-350x350.jpg 350w, https:\/\/www.colorado.com.br\/nosdacolorado\/wp-content\/uploads\/2023\/06\/IMG_6626-800x800.jpg 800w\" sizes=\"auto, (max-width: 150px) 100vw, 150px\" \/><\/a>\n\t\t\t<\/dt><\/dl><dl class='gallery-item'>\n\t\t\t<dt class='gallery-icon landscape'>\n\t\t\t\t<a href='https:\/\/www.colorado.com.br\/nosdacolorado\/wp-content\/uploads\/2023\/06\/IMG_6627.jpg'><img loading=\"lazy\" decoding=\"async\" data-attachment-id=\"21088\" data-orig-file=\"https:\/\/www.colorado.com.br\/nosdacolorado\/wp-content\/uploads\/2023\/06\/IMG_6627.jpg\" data-orig-size=\"1206,905\" data-comments-opened=\"1\" data-image-meta=\"{&quot;aperture&quot;:&quot;0&quot;,&quot;credit&quot;:&quot;&quot;,&quot;camera&quot;:&quot;&quot;,&quot;caption&quot;:&quot;&quot;,&quot;created_timestamp&quot;:&quot;0&quot;,&quot;copyright&quot;:&quot;&quot;,&quot;focal_length&quot;:&quot;0&quot;,&quot;iso&quot;:&quot;0&quot;,&quot;shutter_speed&quot;:&quot;0&quot;,&quot;title&quot;:&quot;&quot;,&quot;orientation&quot;:&quot;0&quot;,&quot;keywords&quot;:&quot;Array&quot;}\" data-image-title=\"IMG_6627\" data-image-description=\"\" data-medium-file=\"https:\/\/www.colorado.com.br\/nosdacolorado\/wp-content\/uploads\/2023\/06\/IMG_6627-300x225.jpg\" data-large-file=\"https:\/\/www.colorado.com.br\/nosdacolorado\/wp-content\/uploads\/2023\/06\/IMG_6627-1024x768.jpg\" width=\"150\" height=\"150\" src=\"https:\/\/www.colorado.com.br\/nosdacolorado\/wp-content\/uploads\/2023\/06\/IMG_6627-150x150.jpg\" class=\"attachment-thumbnail size-thumbnail\" alt=\"\" srcset=\"https:\/\/www.colorado.com.br\/nosdacolorado\/wp-content\/uploads\/2023\/06\/IMG_6627-150x150.jpg 150w, https:\/\/www.colorado.com.br\/nosdacolorado\/wp-content\/uploads\/2023\/06\/IMG_6627-100x100.jpg 100w, https:\/\/www.colorado.com.br\/nosdacolorado\/wp-content\/uploads\/2023\/06\/IMG_6627-140x140.jpg 140w, https:\/\/www.colorado.com.br\/nosdacolorado\/wp-content\/uploads\/2023\/06\/IMG_6627-500x500.jpg 500w, https:\/\/www.colorado.com.br\/nosdacolorado\/wp-content\/uploads\/2023\/06\/IMG_6627-350x350.jpg 350w, https:\/\/www.colorado.com.br\/nosdacolorado\/wp-content\/uploads\/2023\/06\/IMG_6627-800x800.jpg 800w\" sizes=\"auto, (max-width: 150px) 100vw, 150px\" \/><\/a>\n\t\t\t<\/dt><\/dl><dl class='gallery-item'>\n\t\t\t<dt class='gallery-icon landscape'>\n\t\t\t\t<a href='https:\/\/www.colorado.com.br\/nosdacolorado\/wp-content\/uploads\/2023\/06\/IMG_6628.jpg'><img loading=\"lazy\" decoding=\"async\" data-attachment-id=\"21089\" data-orig-file=\"https:\/\/www.colorado.com.br\/nosdacolorado\/wp-content\/uploads\/2023\/06\/IMG_6628.jpg\" data-orig-size=\"1206,905\" data-comments-opened=\"1\" data-image-meta=\"{&quot;aperture&quot;:&quot;0&quot;,&quot;credit&quot;:&quot;&quot;,&quot;camera&quot;:&quot;&quot;,&quot;caption&quot;:&quot;&quot;,&quot;created_timestamp&quot;:&quot;0&quot;,&quot;copyright&quot;:&quot;&quot;,&quot;focal_length&quot;:&quot;0&quot;,&quot;iso&quot;:&quot;0&quot;,&quot;shutter_speed&quot;:&quot;0&quot;,&quot;title&quot;:&quot;&quot;,&quot;orientation&quot;:&quot;6&quot;,&quot;keywords&quot;:&quot;Array&quot;}\" data-image-title=\"IMG_6628\" data-image-description=\"\" data-medium-file=\"https:\/\/www.colorado.com.br\/nosdacolorado\/wp-content\/uploads\/2023\/06\/IMG_6628-300x225.jpg\" data-large-file=\"https:\/\/www.colorado.com.br\/nosdacolorado\/wp-content\/uploads\/2023\/06\/IMG_6628-1024x768.jpg\" width=\"150\" height=\"150\" src=\"https:\/\/www.colorado.com.br\/nosdacolorado\/wp-content\/uploads\/2023\/06\/IMG_6628-150x150.jpg\" class=\"attachment-thumbnail size-thumbnail\" alt=\"\" srcset=\"https:\/\/www.colorado.com.br\/nosdacolorado\/wp-content\/uploads\/2023\/06\/IMG_6628-150x150.jpg 150w, https:\/\/www.colorado.com.br\/nosdacolorado\/wp-content\/uploads\/2023\/06\/IMG_6628-100x100.jpg 100w, https:\/\/www.colorado.com.br\/nosdacolorado\/wp-content\/uploads\/2023\/06\/IMG_6628-140x140.jpg 140w, https:\/\/www.colorado.com.br\/nosdacolorado\/wp-content\/uploads\/2023\/06\/IMG_6628-500x500.jpg 500w, https:\/\/www.colorado.com.br\/nosdacolorado\/wp-content\/uploads\/2023\/06\/IMG_6628-350x350.jpg 350w, https:\/\/www.colorado.com.br\/nosdacolorado\/wp-content\/uploads\/2023\/06\/IMG_6628-800x800.jpg 800w\" sizes=\"auto, (max-width: 150px) 100vw, 150px\" \/><\/a>\n\t\t\t<\/dt><\/dl><dl class='gallery-item'>\n\t\t\t<dt class='gallery-icon landscape'>\n\t\t\t\t<a href='https:\/\/www.colorado.com.br\/nosdacolorado\/wp-content\/uploads\/2023\/06\/IMG_6629.jpg'><img loading=\"lazy\" decoding=\"async\" data-attachment-id=\"21090\" data-orig-file=\"https:\/\/www.colorado.com.br\/nosdacolorado\/wp-content\/uploads\/2023\/06\/IMG_6629.jpg\" data-orig-size=\"1206,905\" data-comments-opened=\"1\" data-image-meta=\"{&quot;aperture&quot;:&quot;0&quot;,&quot;credit&quot;:&quot;&quot;,&quot;camera&quot;:&quot;&quot;,&quot;caption&quot;:&quot;&quot;,&quot;created_timestamp&quot;:&quot;0&quot;,&quot;copyright&quot;:&quot;&quot;,&quot;focal_length&quot;:&quot;0&quot;,&quot;iso&quot;:&quot;0&quot;,&quot;shutter_speed&quot;:&quot;0&quot;,&quot;title&quot;:&quot;&quot;,&quot;orientation&quot;:&quot;0&quot;,&quot;keywords&quot;:&quot;Array&quot;}\" data-image-title=\"IMG_6629\" data-image-description=\"\" data-medium-file=\"https:\/\/www.colorado.com.br\/nosdacolorado\/wp-content\/uploads\/2023\/06\/IMG_6629-300x225.jpg\" data-large-file=\"https:\/\/www.colorado.com.br\/nosdacolorado\/wp-content\/uploads\/2023\/06\/IMG_6629-1024x768.jpg\" width=\"150\" height=\"150\" src=\"https:\/\/www.colorado.com.br\/nosdacolorado\/wp-content\/uploads\/2023\/06\/IMG_6629-150x150.jpg\" class=\"attachment-thumbnail size-thumbnail\" alt=\"\" srcset=\"https:\/\/www.colorado.com.br\/nosdacolorado\/wp-content\/uploads\/2023\/06\/IMG_6629-150x150.jpg 150w, https:\/\/www.colorado.com.br\/nosdacolorado\/wp-content\/uploads\/2023\/06\/IMG_6629-100x100.jpg 100w, https:\/\/www.colorado.com.br\/nosdacolorado\/wp-content\/uploads\/2023\/06\/IMG_6629-140x140.jpg 140w, https:\/\/www.colorado.com.br\/nosdacolorado\/wp-content\/uploads\/2023\/06\/IMG_6629-500x500.jpg 500w, https:\/\/www.colorado.com.br\/nosdacolorado\/wp-content\/uploads\/2023\/06\/IMG_6629-350x350.jpg 350w, https:\/\/www.colorado.com.br\/nosdacolorado\/wp-content\/uploads\/2023\/06\/IMG_6629-800x800.jpg 800w\" sizes=\"auto, (max-width: 150px) 100vw, 150px\" \/><\/a>\n\t\t\t<\/dt><\/dl><dl class='gallery-item'>\n\t\t\t<dt class='gallery-icon landscape'>\n\t\t\t\t<a href='https:\/\/www.colorado.com.br\/nosdacolorado\/wp-content\/uploads\/2023\/06\/IMG_6630.jpg'><img loading=\"lazy\" decoding=\"async\" data-attachment-id=\"21091\" data-orig-file=\"https:\/\/www.colorado.com.br\/nosdacolorado\/wp-content\/uploads\/2023\/06\/IMG_6630.jpg\" data-orig-size=\"1206,905\" data-comments-opened=\"1\" data-image-meta=\"{&quot;aperture&quot;:&quot;0&quot;,&quot;credit&quot;:&quot;&quot;,&quot;camera&quot;:&quot;&quot;,&quot;caption&quot;:&quot;&quot;,&quot;created_timestamp&quot;:&quot;0&quot;,&quot;copyright&quot;:&quot;&quot;,&quot;focal_length&quot;:&quot;0&quot;,&quot;iso&quot;:&quot;0&quot;,&quot;shutter_speed&quot;:&quot;0&quot;,&quot;title&quot;:&quot;&quot;,&quot;orientation&quot;:&quot;6&quot;,&quot;keywords&quot;:&quot;Array&quot;}\" data-image-title=\"IMG_6630\" data-image-description=\"\" data-medium-file=\"https:\/\/www.colorado.com.br\/nosdacolorado\/wp-content\/uploads\/2023\/06\/IMG_6630-300x225.jpg\" data-large-file=\"https:\/\/www.colorado.com.br\/nosdacolorado\/wp-content\/uploads\/2023\/06\/IMG_6630-1024x768.jpg\" width=\"150\" height=\"150\" src=\"https:\/\/www.colorado.com.br\/nosdacolorado\/wp-content\/uploads\/2023\/06\/IMG_6630-150x150.jpg\" class=\"attachment-thumbnail size-thumbnail\" alt=\"\" srcset=\"https:\/\/www.colorado.com.br\/nosdacolorado\/wp-content\/uploads\/2023\/06\/IMG_6630-150x150.jpg 150w, https:\/\/www.colorado.com.br\/nosdacolorado\/wp-content\/uploads\/2023\/06\/IMG_6630-100x100.jpg 100w, https:\/\/www.colorado.com.br\/nosdacolorado\/wp-content\/uploads\/2023\/06\/IMG_6630-140x140.jpg 140w, https:\/\/www.colorado.com.br\/nosdacolorado\/wp-content\/uploads\/2023\/06\/IMG_6630-500x500.jpg 500w, https:\/\/www.colorado.com.br\/nosdacolorado\/wp-content\/uploads\/2023\/06\/IMG_6630-350x350.jpg 350w, https:\/\/www.colorado.com.br\/nosdacolorado\/wp-content\/uploads\/2023\/06\/IMG_6630-800x800.jpg 800w\" sizes=\"auto, (max-width: 150px) 100vw, 150px\" \/><\/a>\n\t\t\t<\/dt><\/dl><br style=\"clear: both\" \/><dl class='gallery-item'>\n\t\t\t<dt class='gallery-icon landscape'>\n\t\t\t\t<a href='https:\/\/www.colorado.com.br\/nosdacolorado\/wp-content\/uploads\/2023\/06\/IMG_6631.jpg'><img loading=\"lazy\" decoding=\"async\" data-attachment-id=\"21092\" data-orig-file=\"https:\/\/www.colorado.com.br\/nosdacolorado\/wp-content\/uploads\/2023\/06\/IMG_6631.jpg\" data-orig-size=\"1206,905\" data-comments-opened=\"1\" data-image-meta=\"{&quot;aperture&quot;:&quot;0&quot;,&quot;credit&quot;:&quot;&quot;,&quot;camera&quot;:&quot;&quot;,&quot;caption&quot;:&quot;&quot;,&quot;created_timestamp&quot;:&quot;0&quot;,&quot;copyright&quot;:&quot;&quot;,&quot;focal_length&quot;:&quot;0&quot;,&quot;iso&quot;:&quot;0&quot;,&quot;shutter_speed&quot;:&quot;0&quot;,&quot;title&quot;:&quot;&quot;,&quot;orientation&quot;:&quot;0&quot;,&quot;keywords&quot;:&quot;Array&quot;}\" data-image-title=\"IMG_6631\" data-image-description=\"\" data-medium-file=\"https:\/\/www.colorado.com.br\/nosdacolorado\/wp-content\/uploads\/2023\/06\/IMG_6631-300x225.jpg\" data-large-file=\"https:\/\/www.colorado.com.br\/nosdacolorado\/wp-content\/uploads\/2023\/06\/IMG_6631-1024x768.jpg\" width=\"150\" height=\"150\" src=\"https:\/\/www.colorado.com.br\/nosdacolorado\/wp-content\/uploads\/2023\/06\/IMG_6631-150x150.jpg\" class=\"attachment-thumbnail size-thumbnail\" alt=\"\" srcset=\"https:\/\/www.colorado.com.br\/nosdacolorado\/wp-content\/uploads\/2023\/06\/IMG_6631-150x150.jpg 150w, https:\/\/www.colorado.com.br\/nosdacolorado\/wp-content\/uploads\/2023\/06\/IMG_6631-100x100.jpg 100w, https:\/\/www.colorado.com.br\/nosdacolorado\/wp-content\/uploads\/2023\/06\/IMG_6631-140x140.jpg 140w, https:\/\/www.colorado.com.br\/nosdacolorado\/wp-content\/uploads\/2023\/06\/IMG_6631-500x500.jpg 500w, https:\/\/www.colorado.com.br\/nosdacolorado\/wp-content\/uploads\/2023\/06\/IMG_6631-350x350.jpg 350w, https:\/\/www.colorado.com.br\/nosdacolorado\/wp-content\/uploads\/2023\/06\/IMG_6631-800x800.jpg 800w\" sizes=\"auto, (max-width: 150px) 100vw, 150px\" \/><\/a>\n\t\t\t<\/dt><\/dl><dl class='gallery-item'>\n\t\t\t<dt class='gallery-icon landscape'>\n\t\t\t\t<a href='https:\/\/www.colorado.com.br\/nosdacolorado\/wp-content\/uploads\/2023\/06\/IMG_6632.jpg'><img loading=\"lazy\" decoding=\"async\" data-attachment-id=\"21093\" data-orig-file=\"https:\/\/www.colorado.com.br\/nosdacolorado\/wp-content\/uploads\/2023\/06\/IMG_6632.jpg\" data-orig-size=\"1206,905\" data-comments-opened=\"1\" data-image-meta=\"{&quot;aperture&quot;:&quot;0&quot;,&quot;credit&quot;:&quot;&quot;,&quot;camera&quot;:&quot;&quot;,&quot;caption&quot;:&quot;&quot;,&quot;created_timestamp&quot;:&quot;0&quot;,&quot;copyright&quot;:&quot;&quot;,&quot;focal_length&quot;:&quot;0&quot;,&quot;iso&quot;:&quot;0&quot;,&quot;shutter_speed&quot;:&quot;0&quot;,&quot;title&quot;:&quot;&quot;,&quot;orientation&quot;:&quot;0&quot;,&quot;keywords&quot;:&quot;Array&quot;}\" data-image-title=\"IMG_6632\" data-image-description=\"\" data-medium-file=\"https:\/\/www.colorado.com.br\/nosdacolorado\/wp-content\/uploads\/2023\/06\/IMG_6632-300x225.jpg\" data-large-file=\"https:\/\/www.colorado.com.br\/nosdacolorado\/wp-content\/uploads\/2023\/06\/IMG_6632-1024x768.jpg\" width=\"150\" height=\"150\" src=\"https:\/\/www.colorado.com.br\/nosdacolorado\/wp-content\/uploads\/2023\/06\/IMG_6632-150x150.jpg\" class=\"attachment-thumbnail size-thumbnail\" alt=\"\" srcset=\"https:\/\/www.colorado.com.br\/nosdacolorado\/wp-content\/uploads\/2023\/06\/IMG_6632-150x150.jpg 150w, https:\/\/www.colorado.com.br\/nosdacolorado\/wp-content\/uploads\/2023\/06\/IMG_6632-100x100.jpg 100w, https:\/\/www.colorado.com.br\/nosdacolorado\/wp-content\/uploads\/2023\/06\/IMG_6632-140x140.jpg 140w, https:\/\/www.colorado.com.br\/nosdacolorado\/wp-content\/uploads\/2023\/06\/IMG_6632-500x500.jpg 500w, https:\/\/www.colorado.com.br\/nosdacolorado\/wp-content\/uploads\/2023\/06\/IMG_6632-350x350.jpg 350w, https:\/\/www.colorado.com.br\/nosdacolorado\/wp-content\/uploads\/2023\/06\/IMG_6632-800x800.jpg 800w\" sizes=\"auto, (max-width: 150px) 100vw, 150px\" \/><\/a>\n\t\t\t<\/dt><\/dl><dl class='gallery-item'>\n\t\t\t<dt class='gallery-icon landscape'>\n\t\t\t\t<a href='https:\/\/www.colorado.com.br\/nosdacolorado\/wp-content\/uploads\/2023\/06\/IMG_6634.jpg'><img loading=\"lazy\" decoding=\"async\" data-attachment-id=\"21094\" data-orig-file=\"https:\/\/www.colorado.com.br\/nosdacolorado\/wp-content\/uploads\/2023\/06\/IMG_6634.jpg\" data-orig-size=\"1206,905\" data-comments-opened=\"1\" data-image-meta=\"{&quot;aperture&quot;:&quot;0&quot;,&quot;credit&quot;:&quot;&quot;,&quot;camera&quot;:&quot;&quot;,&quot;caption&quot;:&quot;&quot;,&quot;created_timestamp&quot;:&quot;0&quot;,&quot;copyright&quot;:&quot;&quot;,&quot;focal_length&quot;:&quot;0&quot;,&quot;iso&quot;:&quot;0&quot;,&quot;shutter_speed&quot;:&quot;0&quot;,&quot;title&quot;:&quot;&quot;,&quot;orientation&quot;:&quot;6&quot;,&quot;keywords&quot;:&quot;Array&quot;}\" data-image-title=\"IMG_6634\" data-image-description=\"\" data-medium-file=\"https:\/\/www.colorado.com.br\/nosdacolorado\/wp-content\/uploads\/2023\/06\/IMG_6634-300x225.jpg\" data-large-file=\"https:\/\/www.colorado.com.br\/nosdacolorado\/wp-content\/uploads\/2023\/06\/IMG_6634-1024x768.jpg\" width=\"150\" height=\"150\" src=\"https:\/\/www.colorado.com.br\/nosdacolorado\/wp-content\/uploads\/2023\/06\/IMG_6634-150x150.jpg\" class=\"attachment-thumbnail size-thumbnail\" alt=\"\" srcset=\"https:\/\/www.colorado.com.br\/nosdacolorado\/wp-content\/uploads\/2023\/06\/IMG_6634-150x150.jpg 150w, https:\/\/www.colorado.com.br\/nosdacolorado\/wp-content\/uploads\/2023\/06\/IMG_6634-100x100.jpg 100w, https:\/\/www.colorado.com.br\/nosdacolorado\/wp-content\/uploads\/2023\/06\/IMG_6634-140x140.jpg 140w, https:\/\/www.colorado.com.br\/nosdacolorado\/wp-content\/uploads\/2023\/06\/IMG_6634-500x500.jpg 500w, https:\/\/www.colorado.com.br\/nosdacolorado\/wp-content\/uploads\/2023\/06\/IMG_6634-350x350.jpg 350w, https:\/\/www.colorado.com.br\/nosdacolorado\/wp-content\/uploads\/2023\/06\/IMG_6634-800x800.jpg 800w\" sizes=\"auto, (max-width: 150px) 100vw, 150px\" \/><\/a>\n\t\t\t<\/dt><\/dl><dl class='gallery-item'>\n\t\t\t<dt class='gallery-icon landscape'>\n\t\t\t\t<a href='https:\/\/www.colorado.com.br\/nosdacolorado\/wp-content\/uploads\/2023\/06\/IMG_6635.jpg'><img loading=\"lazy\" decoding=\"async\" data-attachment-id=\"21095\" data-orig-file=\"https:\/\/www.colorado.com.br\/nosdacolorado\/wp-content\/uploads\/2023\/06\/IMG_6635.jpg\" data-orig-size=\"1206,905\" data-comments-opened=\"1\" data-image-meta=\"{&quot;aperture&quot;:&quot;0&quot;,&quot;credit&quot;:&quot;&quot;,&quot;camera&quot;:&quot;&quot;,&quot;caption&quot;:&quot;&quot;,&quot;created_timestamp&quot;:&quot;0&quot;,&quot;copyright&quot;:&quot;&quot;,&quot;focal_length&quot;:&quot;0&quot;,&quot;iso&quot;:&quot;0&quot;,&quot;shutter_speed&quot;:&quot;0&quot;,&quot;title&quot;:&quot;&quot;,&quot;orientation&quot;:&quot;0&quot;,&quot;keywords&quot;:&quot;Array&quot;}\" data-image-title=\"IMG_6635\" data-image-description=\"\" data-medium-file=\"https:\/\/www.colorado.com.br\/nosdacolorado\/wp-content\/uploads\/2023\/06\/IMG_6635-300x225.jpg\" data-large-file=\"https:\/\/www.colorado.com.br\/nosdacolorado\/wp-content\/uploads\/2023\/06\/IMG_6635-1024x768.jpg\" width=\"150\" height=\"150\" src=\"https:\/\/www.colorado.com.br\/nosdacolorado\/wp-content\/uploads\/2023\/06\/IMG_6635-150x150.jpg\" class=\"attachment-thumbnail size-thumbnail\" alt=\"\" srcset=\"https:\/\/www.colorado.com.br\/nosdacolorado\/wp-content\/uploads\/2023\/06\/IMG_6635-150x150.jpg 150w, https:\/\/www.colorado.com.br\/nosdacolorado\/wp-content\/uploads\/2023\/06\/IMG_6635-100x100.jpg 100w, https:\/\/www.colorado.com.br\/nosdacolorado\/wp-content\/uploads\/2023\/06\/IMG_6635-140x140.jpg 140w, https:\/\/www.colorado.com.br\/nosdacolorado\/wp-content\/uploads\/2023\/06\/IMG_6635-500x500.jpg 500w, https:\/\/www.colorado.com.br\/nosdacolorado\/wp-content\/uploads\/2023\/06\/IMG_6635-350x350.jpg 350w, https:\/\/www.colorado.com.br\/nosdacolorado\/wp-content\/uploads\/2023\/06\/IMG_6635-800x800.jpg 800w\" sizes=\"auto, (max-width: 150px) 100vw, 150px\" \/><\/a>\n\t\t\t<\/dt><\/dl><dl class='gallery-item'>\n\t\t\t<dt class='gallery-icon landscape'>\n\t\t\t\t<a href='https:\/\/www.colorado.com.br\/nosdacolorado\/wp-content\/uploads\/2023\/06\/IMG_6636.jpg'><img loading=\"lazy\" decoding=\"async\" data-attachment-id=\"21096\" data-orig-file=\"https:\/\/www.colorado.com.br\/nosdacolorado\/wp-content\/uploads\/2023\/06\/IMG_6636.jpg\" data-orig-size=\"1206,905\" data-comments-opened=\"1\" data-image-meta=\"{&quot;aperture&quot;:&quot;0&quot;,&quot;credit&quot;:&quot;&quot;,&quot;camera&quot;:&quot;&quot;,&quot;caption&quot;:&quot;&quot;,&quot;created_timestamp&quot;:&quot;0&quot;,&quot;copyright&quot;:&quot;&quot;,&quot;focal_length&quot;:&quot;0&quot;,&quot;iso&quot;:&quot;0&quot;,&quot;shutter_speed&quot;:&quot;0&quot;,&quot;title&quot;:&quot;&quot;,&quot;orientation&quot;:&quot;6&quot;,&quot;keywords&quot;:&quot;Array&quot;}\" data-image-title=\"IMG_6636\" data-image-description=\"\" data-medium-file=\"https:\/\/www.colorado.com.br\/nosdacolorado\/wp-content\/uploads\/2023\/06\/IMG_6636-300x225.jpg\" data-large-file=\"https:\/\/www.colorado.com.br\/nosdacolorado\/wp-content\/uploads\/2023\/06\/IMG_6636-1024x768.jpg\" width=\"150\" height=\"150\" src=\"https:\/\/www.colorado.com.br\/nosdacolorado\/wp-content\/uploads\/2023\/06\/IMG_6636-150x150.jpg\" class=\"attachment-thumbnail size-thumbnail\" alt=\"\" srcset=\"https:\/\/www.colorado.com.br\/nosdacolorado\/wp-content\/uploads\/2023\/06\/IMG_6636-150x150.jpg 150w, https:\/\/www.colorado.com.br\/nosdacolorado\/wp-content\/uploads\/2023\/06\/IMG_6636-100x100.jpg 100w, https:\/\/www.colorado.com.br\/nosdacolorado\/wp-content\/uploads\/2023\/06\/IMG_6636-140x140.jpg 140w, https:\/\/www.colorado.com.br\/nosdacolorado\/wp-content\/uploads\/2023\/06\/IMG_6636-500x500.jpg 500w, https:\/\/www.colorado.com.br\/nosdacolorado\/wp-content\/uploads\/2023\/06\/IMG_6636-350x350.jpg 350w, https:\/\/www.colorado.com.br\/nosdacolorado\/wp-content\/uploads\/2023\/06\/IMG_6636-800x800.jpg 800w\" sizes=\"auto, (max-width: 150px) 100vw, 150px\" \/><\/a>\n\t\t\t<\/dt><\/dl><br style=\"clear: both\" \/><dl class='gallery-item'>\n\t\t\t<dt class='gallery-icon landscape'>\n\t\t\t\t<a href='https:\/\/www.colorado.com.br\/nosdacolorado\/wp-content\/uploads\/2023\/06\/IMG_6637.jpg'><img loading=\"lazy\" decoding=\"async\" data-attachment-id=\"21097\" data-orig-file=\"https:\/\/www.colorado.com.br\/nosdacolorado\/wp-content\/uploads\/2023\/06\/IMG_6637.jpg\" data-orig-size=\"1206,905\" data-comments-opened=\"1\" data-image-meta=\"{&quot;aperture&quot;:&quot;0&quot;,&quot;credit&quot;:&quot;&quot;,&quot;camera&quot;:&quot;&quot;,&quot;caption&quot;:&quot;&quot;,&quot;created_timestamp&quot;:&quot;0&quot;,&quot;copyright&quot;:&quot;&quot;,&quot;focal_length&quot;:&quot;0&quot;,&quot;iso&quot;:&quot;0&quot;,&quot;shutter_speed&quot;:&quot;0&quot;,&quot;title&quot;:&quot;&quot;,&quot;orientation&quot;:&quot;0&quot;,&quot;keywords&quot;:&quot;Array&quot;}\" data-image-title=\"IMG_6637\" data-image-description=\"\" data-medium-file=\"https:\/\/www.colorado.com.br\/nosdacolorado\/wp-content\/uploads\/2023\/06\/IMG_6637-300x225.jpg\" data-large-file=\"https:\/\/www.colorado.com.br\/nosdacolorado\/wp-content\/uploads\/2023\/06\/IMG_6637-1024x768.jpg\" width=\"150\" height=\"150\" src=\"https:\/\/www.colorado.com.br\/nosdacolorado\/wp-content\/uploads\/2023\/06\/IMG_6637-150x150.jpg\" class=\"attachment-thumbnail size-thumbnail\" alt=\"\" srcset=\"https:\/\/www.colorado.com.br\/nosdacolorado\/wp-content\/uploads\/2023\/06\/IMG_6637-150x150.jpg 150w, https:\/\/www.colorado.com.br\/nosdacolorado\/wp-content\/uploads\/2023\/06\/IMG_6637-100x100.jpg 100w, https:\/\/www.colorado.com.br\/nosdacolorado\/wp-content\/uploads\/2023\/06\/IMG_6637-140x140.jpg 140w, https:\/\/www.colorado.com.br\/nosdacolorado\/wp-content\/uploads\/2023\/06\/IMG_6637-500x500.jpg 500w, https:\/\/www.colorado.com.br\/nosdacolorado\/wp-content\/uploads\/2023\/06\/IMG_6637-350x350.jpg 350w, https:\/\/www.colorado.com.br\/nosdacolorado\/wp-content\/uploads\/2023\/06\/IMG_6637-800x800.jpg 800w\" sizes=\"auto, (max-width: 150px) 100vw, 150px\" \/><\/a>\n\t\t\t<\/dt><\/dl><dl class='gallery-item'>\n\t\t\t<dt class='gallery-icon landscape'>\n\t\t\t\t<a href='https:\/\/www.colorado.com.br\/nosdacolorado\/wp-content\/uploads\/2023\/06\/IMG_6638.jpg'><img loading=\"lazy\" decoding=\"async\" data-attachment-id=\"21098\" data-orig-file=\"https:\/\/www.colorado.com.br\/nosdacolorado\/wp-content\/uploads\/2023\/06\/IMG_6638.jpg\" data-orig-size=\"1206,905\" data-comments-opened=\"1\" data-image-meta=\"{&quot;aperture&quot;:&quot;0&quot;,&quot;credit&quot;:&quot;&quot;,&quot;camera&quot;:&quot;&quot;,&quot;caption&quot;:&quot;&quot;,&quot;created_timestamp&quot;:&quot;0&quot;,&quot;copyright&quot;:&quot;&quot;,&quot;focal_length&quot;:&quot;0&quot;,&quot;iso&quot;:&quot;0&quot;,&quot;shutter_speed&quot;:&quot;0&quot;,&quot;title&quot;:&quot;&quot;,&quot;orientation&quot;:&quot;0&quot;,&quot;keywords&quot;:&quot;Array&quot;}\" data-image-title=\"IMG_6638\" data-image-description=\"\" data-medium-file=\"https:\/\/www.colorado.com.br\/nosdacolorado\/wp-content\/uploads\/2023\/06\/IMG_6638-300x225.jpg\" data-large-file=\"https:\/\/www.colorado.com.br\/nosdacolorado\/wp-content\/uploads\/2023\/06\/IMG_6638-1024x768.jpg\" width=\"150\" height=\"150\" src=\"https:\/\/www.colorado.com.br\/nosdacolorado\/wp-content\/uploads\/2023\/06\/IMG_6638-150x150.jpg\" class=\"attachment-thumbnail size-thumbnail\" alt=\"\" srcset=\"https:\/\/www.colorado.com.br\/nosdacolorado\/wp-content\/uploads\/2023\/06\/IMG_6638-150x150.jpg 150w, https:\/\/www.colorado.com.br\/nosdacolorado\/wp-content\/uploads\/2023\/06\/IMG_6638-100x100.jpg 100w, https:\/\/www.colorado.com.br\/nosdacolorado\/wp-content\/uploads\/2023\/06\/IMG_6638-140x140.jpg 140w, https:\/\/www.colorado.com.br\/nosdacolorado\/wp-content\/uploads\/2023\/06\/IMG_6638-500x500.jpg 500w, https:\/\/www.colorado.com.br\/nosdacolorado\/wp-content\/uploads\/2023\/06\/IMG_6638-350x350.jpg 350w, https:\/\/www.colorado.com.br\/nosdacolorado\/wp-content\/uploads\/2023\/06\/IMG_6638-800x800.jpg 800w\" sizes=\"auto, (max-width: 150px) 100vw, 150px\" \/><\/a>\n\t\t\t<\/dt><\/dl><dl class='gallery-item'>\n\t\t\t<dt class='gallery-icon landscape'>\n\t\t\t\t<a href='https:\/\/www.colorado.com.br\/nosdacolorado\/wp-content\/uploads\/2023\/06\/IMG_6639.jpg'><img loading=\"lazy\" decoding=\"async\" data-attachment-id=\"21099\" data-orig-file=\"https:\/\/www.colorado.com.br\/nosdacolorado\/wp-content\/uploads\/2023\/06\/IMG_6639.jpg\" data-orig-size=\"1206,905\" data-comments-opened=\"1\" data-image-meta=\"{&quot;aperture&quot;:&quot;0&quot;,&quot;credit&quot;:&quot;&quot;,&quot;camera&quot;:&quot;&quot;,&quot;caption&quot;:&quot;&quot;,&quot;created_timestamp&quot;:&quot;0&quot;,&quot;copyright&quot;:&quot;&quot;,&quot;focal_length&quot;:&quot;0&quot;,&quot;iso&quot;:&quot;0&quot;,&quot;shutter_speed&quot;:&quot;0&quot;,&quot;title&quot;:&quot;&quot;,&quot;orientation&quot;:&quot;0&quot;,&quot;keywords&quot;:&quot;Array&quot;}\" data-image-title=\"IMG_6639\" data-image-description=\"\" data-medium-file=\"https:\/\/www.colorado.com.br\/nosdacolorado\/wp-content\/uploads\/2023\/06\/IMG_6639-300x225.jpg\" data-large-file=\"https:\/\/www.colorado.com.br\/nosdacolorado\/wp-content\/uploads\/2023\/06\/IMG_6639-1024x768.jpg\" width=\"150\" height=\"150\" src=\"https:\/\/www.colorado.com.br\/nosdacolorado\/wp-content\/uploads\/2023\/06\/IMG_6639-150x150.jpg\" class=\"attachment-thumbnail size-thumbnail\" alt=\"\" srcset=\"https:\/\/www.colorado.com.br\/nosdacolorado\/wp-content\/uploads\/2023\/06\/IMG_6639-150x150.jpg 150w, https:\/\/www.colorado.com.br\/nosdacolorado\/wp-content\/uploads\/2023\/06\/IMG_6639-100x100.jpg 100w, https:\/\/www.colorado.com.br\/nosdacolorado\/wp-content\/uploads\/2023\/06\/IMG_6639-140x140.jpg 140w, https:\/\/www.colorado.com.br\/nosdacolorado\/wp-content\/uploads\/2023\/06\/IMG_6639-500x500.jpg 500w, https:\/\/www.colorado.com.br\/nosdacolorado\/wp-content\/uploads\/2023\/06\/IMG_6639-350x350.jpg 350w, https:\/\/www.colorado.com.br\/nosdacolorado\/wp-content\/uploads\/2023\/06\/IMG_6639-800x800.jpg 800w\" sizes=\"auto, (max-width: 150px) 100vw, 150px\" \/><\/a>\n\t\t\t<\/dt><\/dl><dl class='gallery-item'>\n\t\t\t<dt class='gallery-icon landscape'>\n\t\t\t\t<a href='https:\/\/www.colorado.com.br\/nosdacolorado\/wp-content\/uploads\/2023\/06\/IMG_6640.jpg'><img loading=\"lazy\" decoding=\"async\" data-attachment-id=\"21100\" data-orig-file=\"https:\/\/www.colorado.com.br\/nosdacolorado\/wp-content\/uploads\/2023\/06\/IMG_6640.jpg\" data-orig-size=\"1206,905\" data-comments-opened=\"1\" data-image-meta=\"{&quot;aperture&quot;:&quot;0&quot;,&quot;credit&quot;:&quot;&quot;,&quot;camera&quot;:&quot;&quot;,&quot;caption&quot;:&quot;&quot;,&quot;created_timestamp&quot;:&quot;0&quot;,&quot;copyright&quot;:&quot;&quot;,&quot;focal_length&quot;:&quot;0&quot;,&quot;iso&quot;:&quot;0&quot;,&quot;shutter_speed&quot;:&quot;0&quot;,&quot;title&quot;:&quot;&quot;,&quot;orientation&quot;:&quot;0&quot;,&quot;keywords&quot;:&quot;Array&quot;}\" data-image-title=\"IMG_6640\" data-image-description=\"\" data-medium-file=\"https:\/\/www.colorado.com.br\/nosdacolorado\/wp-content\/uploads\/2023\/06\/IMG_6640-300x225.jpg\" data-large-file=\"https:\/\/www.colorado.com.br\/nosdacolorado\/wp-content\/uploads\/2023\/06\/IMG_6640-1024x768.jpg\" width=\"150\" height=\"150\" src=\"https:\/\/www.colorado.com.br\/nosdacolorado\/wp-content\/uploads\/2023\/06\/IMG_6640-150x150.jpg\" class=\"attachment-thumbnail size-thumbnail\" alt=\"\" srcset=\"https:\/\/www.colorado.com.br\/nosdacolorado\/wp-content\/uploads\/2023\/06\/IMG_6640-150x150.jpg 150w, https:\/\/www.colorado.com.br\/nosdacolorado\/wp-content\/uploads\/2023\/06\/IMG_6640-100x100.jpg 100w, https:\/\/www.colorado.com.br\/nosdacolorado\/wp-content\/uploads\/2023\/06\/IMG_6640-140x140.jpg 140w, https:\/\/www.colorado.com.br\/nosdacolorado\/wp-content\/uploads\/2023\/06\/IMG_6640-500x500.jpg 500w, https:\/\/www.colorado.com.br\/nosdacolorado\/wp-content\/uploads\/2023\/06\/IMG_6640-350x350.jpg 350w, https:\/\/www.colorado.com.br\/nosdacolorado\/wp-content\/uploads\/2023\/06\/IMG_6640-800x800.jpg 800w\" sizes=\"auto, (max-width: 150px) 100vw, 150px\" \/><\/a>\n\t\t\t<\/dt><\/dl><dl class='gallery-item'>\n\t\t\t<dt class='gallery-icon landscape'>\n\t\t\t\t<a href='https:\/\/www.colorado.com.br\/nosdacolorado\/wp-content\/uploads\/2023\/06\/IMG_6641.jpg'><img loading=\"lazy\" decoding=\"async\" data-attachment-id=\"21101\" data-orig-file=\"https:\/\/www.colorado.com.br\/nosdacolorado\/wp-content\/uploads\/2023\/06\/IMG_6641.jpg\" data-orig-size=\"1206,905\" data-comments-opened=\"1\" data-image-meta=\"{&quot;aperture&quot;:&quot;0&quot;,&quot;credit&quot;:&quot;&quot;,&quot;camera&quot;:&quot;&quot;,&quot;caption&quot;:&quot;&quot;,&quot;created_timestamp&quot;:&quot;0&quot;,&quot;copyright&quot;:&quot;&quot;,&quot;focal_length&quot;:&quot;0&quot;,&quot;iso&quot;:&quot;0&quot;,&quot;shutter_speed&quot;:&quot;0&quot;,&quot;title&quot;:&quot;&quot;,&quot;orientation&quot;:&quot;0&quot;,&quot;keywords&quot;:&quot;Array&quot;}\" data-image-title=\"IMG_6641\" data-image-description=\"\" data-medium-file=\"https:\/\/www.colorado.com.br\/nosdacolorado\/wp-content\/uploads\/2023\/06\/IMG_6641-300x225.jpg\" data-large-file=\"https:\/\/www.colorado.com.br\/nosdacolorado\/wp-content\/uploads\/2023\/06\/IMG_6641-1024x768.jpg\" width=\"150\" height=\"150\" src=\"https:\/\/www.colorado.com.br\/nosdacolorado\/wp-content\/uploads\/2023\/06\/IMG_6641-150x150.jpg\" class=\"attachment-thumbnail size-thumbnail\" alt=\"\" srcset=\"https:\/\/www.colorado.com.br\/nosdacolorado\/wp-content\/uploads\/2023\/06\/IMG_6641-150x150.jpg 150w, https:\/\/www.colorado.com.br\/nosdacolorado\/wp-content\/uploads\/2023\/06\/IMG_6641-100x100.jpg 100w, https:\/\/www.colorado.com.br\/nosdacolorado\/wp-content\/uploads\/2023\/06\/IMG_6641-140x140.jpg 140w, https:\/\/www.colorado.com.br\/nosdacolorado\/wp-content\/uploads\/2023\/06\/IMG_6641-500x500.jpg 500w, https:\/\/www.colorado.com.br\/nosdacolorado\/wp-content\/uploads\/2023\/06\/IMG_6641-350x350.jpg 350w, https:\/\/www.colorado.com.br\/nosdacolorado\/wp-content\/uploads\/2023\/06\/IMG_6641-800x800.jpg 800w\" sizes=\"auto, (max-width: 150px) 100vw, 150px\" \/><\/a>\n\t\t\t<\/dt><\/dl><br style=\"clear: both\" \/><dl class='gallery-item'>\n\t\t\t<dt class='gallery-icon landscape'>\n\t\t\t\t<a href='https:\/\/www.colorado.com.br\/nosdacolorado\/wp-content\/uploads\/2023\/06\/IMG_6642.jpg'><img loading=\"lazy\" decoding=\"async\" data-attachment-id=\"21102\" data-orig-file=\"https:\/\/www.colorado.com.br\/nosdacolorado\/wp-content\/uploads\/2023\/06\/IMG_6642.jpg\" data-orig-size=\"1206,905\" data-comments-opened=\"1\" data-image-meta=\"{&quot;aperture&quot;:&quot;0&quot;,&quot;credit&quot;:&quot;&quot;,&quot;camera&quot;:&quot;&quot;,&quot;caption&quot;:&quot;&quot;,&quot;created_timestamp&quot;:&quot;0&quot;,&quot;copyright&quot;:&quot;&quot;,&quot;focal_length&quot;:&quot;0&quot;,&quot;iso&quot;:&quot;0&quot;,&quot;shutter_speed&quot;:&quot;0&quot;,&quot;title&quot;:&quot;&quot;,&quot;orientation&quot;:&quot;0&quot;,&quot;keywords&quot;:&quot;Array&quot;}\" data-image-title=\"IMG_6642\" data-image-description=\"\" data-medium-file=\"https:\/\/www.colorado.com.br\/nosdacolorado\/wp-content\/uploads\/2023\/06\/IMG_6642-300x225.jpg\" data-large-file=\"https:\/\/www.colorado.com.br\/nosdacolorado\/wp-content\/uploads\/2023\/06\/IMG_6642-1024x768.jpg\" width=\"150\" height=\"150\" src=\"https:\/\/www.colorado.com.br\/nosdacolorado\/wp-content\/uploads\/2023\/06\/IMG_6642-150x150.jpg\" class=\"attachment-thumbnail size-thumbnail\" alt=\"\" srcset=\"https:\/\/www.colorado.com.br\/nosdacolorado\/wp-content\/uploads\/2023\/06\/IMG_6642-150x150.jpg 150w, https:\/\/www.colorado.com.br\/nosdacolorado\/wp-content\/uploads\/2023\/06\/IMG_6642-100x100.jpg 100w, https:\/\/www.colorado.com.br\/nosdacolorado\/wp-content\/uploads\/2023\/06\/IMG_6642-140x140.jpg 140w, https:\/\/www.colorado.com.br\/nosdacolorado\/wp-content\/uploads\/2023\/06\/IMG_6642-500x500.jpg 500w, https:\/\/www.colorado.com.br\/nosdacolorado\/wp-content\/uploads\/2023\/06\/IMG_6642-350x350.jpg 350w, https:\/\/www.colorado.com.br\/nosdacolorado\/wp-content\/uploads\/2023\/06\/IMG_6642-800x800.jpg 800w\" sizes=\"auto, (max-width: 150px) 100vw, 150px\" \/><\/a>\n\t\t\t<\/dt><\/dl><dl class='gallery-item'>\n\t\t\t<dt class='gallery-icon landscape'>\n\t\t\t\t<a href='https:\/\/www.colorado.com.br\/nosdacolorado\/wp-content\/uploads\/2023\/06\/IMG_6643.jpg'><img loading=\"lazy\" decoding=\"async\" data-attachment-id=\"21103\" data-orig-file=\"https:\/\/www.colorado.com.br\/nosdacolorado\/wp-content\/uploads\/2023\/06\/IMG_6643.jpg\" data-orig-size=\"1206,905\" data-comments-opened=\"1\" data-image-meta=\"{&quot;aperture&quot;:&quot;0&quot;,&quot;credit&quot;:&quot;&quot;,&quot;camera&quot;:&quot;&quot;,&quot;caption&quot;:&quot;&quot;,&quot;created_timestamp&quot;:&quot;0&quot;,&quot;copyright&quot;:&quot;&quot;,&quot;focal_length&quot;:&quot;0&quot;,&quot;iso&quot;:&quot;0&quot;,&quot;shutter_speed&quot;:&quot;0&quot;,&quot;title&quot;:&quot;&quot;,&quot;orientation&quot;:&quot;0&quot;,&quot;keywords&quot;:&quot;Array&quot;}\" data-image-title=\"IMG_6643\" data-image-description=\"\" data-medium-file=\"https:\/\/www.colorado.com.br\/nosdacolorado\/wp-content\/uploads\/2023\/06\/IMG_6643-300x225.jpg\" data-large-file=\"https:\/\/www.colorado.com.br\/nosdacolorado\/wp-content\/uploads\/2023\/06\/IMG_6643-1024x768.jpg\" width=\"150\" height=\"150\" src=\"https:\/\/www.colorado.com.br\/nosdacolorado\/wp-content\/uploads\/2023\/06\/IMG_6643-150x150.jpg\" class=\"attachment-thumbnail size-thumbnail\" alt=\"\" srcset=\"https:\/\/www.colorado.com.br\/nosdacolorado\/wp-content\/uploads\/2023\/06\/IMG_6643-150x150.jpg 150w, https:\/\/www.colorado.com.br\/nosdacolorado\/wp-content\/uploads\/2023\/06\/IMG_6643-100x100.jpg 100w, https:\/\/www.colorado.com.br\/nosdacolorado\/wp-content\/uploads\/2023\/06\/IMG_6643-140x140.jpg 140w, https:\/\/www.colorado.com.br\/nosdacolorado\/wp-content\/uploads\/2023\/06\/IMG_6643-500x500.jpg 500w, https:\/\/www.colorado.com.br\/nosdacolorado\/wp-content\/uploads\/2023\/06\/IMG_6643-350x350.jpg 350w, https:\/\/www.colorado.com.br\/nosdacolorado\/wp-content\/uploads\/2023\/06\/IMG_6643-800x800.jpg 800w\" sizes=\"auto, (max-width: 150px) 100vw, 150px\" \/><\/a>\n\t\t\t<\/dt><\/dl><dl class='gallery-item'>\n\t\t\t<dt class='gallery-icon landscape'>\n\t\t\t\t<a href='https:\/\/www.colorado.com.br\/nosdacolorado\/wp-content\/uploads\/2023\/06\/IMG_6644.jpg'><img loading=\"lazy\" decoding=\"async\" data-attachment-id=\"21104\" data-orig-file=\"https:\/\/www.colorado.com.br\/nosdacolorado\/wp-content\/uploads\/2023\/06\/IMG_6644.jpg\" data-orig-size=\"1206,905\" data-comments-opened=\"1\" data-image-meta=\"{&quot;aperture&quot;:&quot;0&quot;,&quot;credit&quot;:&quot;&quot;,&quot;camera&quot;:&quot;&quot;,&quot;caption&quot;:&quot;&quot;,&quot;created_timestamp&quot;:&quot;0&quot;,&quot;copyright&quot;:&quot;&quot;,&quot;focal_length&quot;:&quot;0&quot;,&quot;iso&quot;:&quot;0&quot;,&quot;shutter_speed&quot;:&quot;0&quot;,&quot;title&quot;:&quot;&quot;,&quot;orientation&quot;:&quot;0&quot;,&quot;keywords&quot;:&quot;Array&quot;}\" data-image-title=\"IMG_6644\" data-image-description=\"\" data-medium-file=\"https:\/\/www.colorado.com.br\/nosdacolorado\/wp-content\/uploads\/2023\/06\/IMG_6644-300x225.jpg\" data-large-file=\"https:\/\/www.colorado.com.br\/nosdacolorado\/wp-content\/uploads\/2023\/06\/IMG_6644-1024x768.jpg\" width=\"150\" height=\"150\" src=\"https:\/\/www.colorado.com.br\/nosdacolorado\/wp-content\/uploads\/2023\/06\/IMG_6644-150x150.jpg\" class=\"attachment-thumbnail size-thumbnail\" alt=\"\" srcset=\"https:\/\/www.colorado.com.br\/nosdacolorado\/wp-content\/uploads\/2023\/06\/IMG_6644-150x150.jpg 150w, https:\/\/www.colorado.com.br\/nosdacolorado\/wp-content\/uploads\/2023\/06\/IMG_6644-100x100.jpg 100w, https:\/\/www.colorado.com.br\/nosdacolorado\/wp-content\/uploads\/2023\/06\/IMG_6644-140x140.jpg 140w, https:\/\/www.colorado.com.br\/nosdacolorado\/wp-content\/uploads\/2023\/06\/IMG_6644-500x500.jpg 500w, https:\/\/www.colorado.com.br\/nosdacolorado\/wp-content\/uploads\/2023\/06\/IMG_6644-350x350.jpg 350w, https:\/\/www.colorado.com.br\/nosdacolorado\/wp-content\/uploads\/2023\/06\/IMG_6644-800x800.jpg 800w\" sizes=\"auto, (max-width: 150px) 100vw, 150px\" \/><\/a>\n\t\t\t<\/dt><\/dl><dl class='gallery-item'>\n\t\t\t<dt class='gallery-icon landscape'>\n\t\t\t\t<a href='https:\/\/www.colorado.com.br\/nosdacolorado\/wp-content\/uploads\/2023\/06\/IMG_6645.jpg'><img loading=\"lazy\" decoding=\"async\" data-attachment-id=\"21105\" data-orig-file=\"https:\/\/www.colorado.com.br\/nosdacolorado\/wp-content\/uploads\/2023\/06\/IMG_6645.jpg\" data-orig-size=\"1206,905\" data-comments-opened=\"1\" data-image-meta=\"{&quot;aperture&quot;:&quot;0&quot;,&quot;credit&quot;:&quot;&quot;,&quot;camera&quot;:&quot;&quot;,&quot;caption&quot;:&quot;&quot;,&quot;created_timestamp&quot;:&quot;0&quot;,&quot;copyright&quot;:&quot;&quot;,&quot;focal_length&quot;:&quot;0&quot;,&quot;iso&quot;:&quot;0&quot;,&quot;shutter_speed&quot;:&quot;0&quot;,&quot;title&quot;:&quot;&quot;,&quot;orientation&quot;:&quot;0&quot;,&quot;keywords&quot;:&quot;Array&quot;}\" data-image-title=\"IMG_6645\" data-image-description=\"\" data-medium-file=\"https:\/\/www.colorado.com.br\/nosdacolorado\/wp-content\/uploads\/2023\/06\/IMG_6645-300x225.jpg\" data-large-file=\"https:\/\/www.colorado.com.br\/nosdacolorado\/wp-content\/uploads\/2023\/06\/IMG_6645-1024x768.jpg\" width=\"150\" height=\"150\" src=\"https:\/\/www.colorado.com.br\/nosdacolorado\/wp-content\/uploads\/2023\/06\/IMG_6645-150x150.jpg\" class=\"attachment-thumbnail size-thumbnail\" alt=\"\" srcset=\"https:\/\/www.colorado.com.br\/nosdacolorado\/wp-content\/uploads\/2023\/06\/IMG_6645-150x150.jpg 150w, https:\/\/www.colorado.com.br\/nosdacolorado\/wp-content\/uploads\/2023\/06\/IMG_6645-100x100.jpg 100w, https:\/\/www.colorado.com.br\/nosdacolorado\/wp-content\/uploads\/2023\/06\/IMG_6645-140x140.jpg 140w, https:\/\/www.colorado.com.br\/nosdacolorado\/wp-content\/uploads\/2023\/06\/IMG_6645-500x500.jpg 500w, https:\/\/www.colorado.com.br\/nosdacolorado\/wp-content\/uploads\/2023\/06\/IMG_6645-350x350.jpg 350w, https:\/\/www.colorado.com.br\/nosdacolorado\/wp-content\/uploads\/2023\/06\/IMG_6645-800x800.jpg 800w\" sizes=\"auto, (max-width: 150px) 100vw, 150px\" \/><\/a>\n\t\t\t<\/dt><\/dl><dl class='gallery-item'>\n\t\t\t<dt class='gallery-icon landscape'>\n\t\t\t\t<a href='https:\/\/www.colorado.com.br\/nosdacolorado\/wp-content\/uploads\/2023\/06\/IMG_6646.jpg'><img loading=\"lazy\" decoding=\"async\" data-attachment-id=\"21106\" data-orig-file=\"https:\/\/www.colorado.com.br\/nosdacolorado\/wp-content\/uploads\/2023\/06\/IMG_6646.jpg\" data-orig-size=\"1206,905\" data-comments-opened=\"1\" data-image-meta=\"{&quot;aperture&quot;:&quot;0&quot;,&quot;credit&quot;:&quot;&quot;,&quot;camera&quot;:&quot;&quot;,&quot;caption&quot;:&quot;&quot;,&quot;created_timestamp&quot;:&quot;0&quot;,&quot;copyright&quot;:&quot;&quot;,&quot;focal_length&quot;:&quot;0&quot;,&quot;iso&quot;:&quot;0&quot;,&quot;shutter_speed&quot;:&quot;0&quot;,&quot;title&quot;:&quot;&quot;,&quot;orientation&quot;:&quot;0&quot;,&quot;keywords&quot;:&quot;Array&quot;}\" data-image-title=\"IMG_6646\" data-image-description=\"\" data-medium-file=\"https:\/\/www.colorado.com.br\/nosdacolorado\/wp-content\/uploads\/2023\/06\/IMG_6646-300x225.jpg\" data-large-file=\"https:\/\/www.colorado.com.br\/nosdacolorado\/wp-content\/uploads\/2023\/06\/IMG_6646-1024x768.jpg\" width=\"150\" height=\"150\" src=\"https:\/\/www.colorado.com.br\/nosdacolorado\/wp-content\/uploads\/2023\/06\/IMG_6646-150x150.jpg\" class=\"attachment-thumbnail size-thumbnail\" alt=\"\" srcset=\"https:\/\/www.colorado.com.br\/nosdacolorado\/wp-content\/uploads\/2023\/06\/IMG_6646-150x150.jpg 150w, https:\/\/www.colorado.com.br\/nosdacolorado\/wp-content\/uploads\/2023\/06\/IMG_6646-100x100.jpg 100w, https:\/\/www.colorado.com.br\/nosdacolorado\/wp-content\/uploads\/2023\/06\/IMG_6646-140x140.jpg 140w, https:\/\/www.colorado.com.br\/nosdacolorado\/wp-content\/uploads\/2023\/06\/IMG_6646-500x500.jpg 500w, https:\/\/www.colorado.com.br\/nosdacolorado\/wp-content\/uploads\/2023\/06\/IMG_6646-350x350.jpg 350w, https:\/\/www.colorado.com.br\/nosdacolorado\/wp-content\/uploads\/2023\/06\/IMG_6646-800x800.jpg 800w\" sizes=\"auto, (max-width: 150px) 100vw, 150px\" \/><\/a>\n\t\t\t<\/dt><\/dl><br style=\"clear: both\" \/><dl class='gallery-item'>\n\t\t\t<dt class='gallery-icon landscape'>\n\t\t\t\t<a href='https:\/\/www.colorado.com.br\/nosdacolorado\/wp-content\/uploads\/2023\/06\/IMG_6647.jpg'><img loading=\"lazy\" decoding=\"async\" data-attachment-id=\"21107\" data-orig-file=\"https:\/\/www.colorado.com.br\/nosdacolorado\/wp-content\/uploads\/2023\/06\/IMG_6647.jpg\" data-orig-size=\"1206,905\" data-comments-opened=\"1\" data-image-meta=\"{&quot;aperture&quot;:&quot;0&quot;,&quot;credit&quot;:&quot;&quot;,&quot;camera&quot;:&quot;&quot;,&quot;caption&quot;:&quot;&quot;,&quot;created_timestamp&quot;:&quot;0&quot;,&quot;copyright&quot;:&quot;&quot;,&quot;focal_length&quot;:&quot;0&quot;,&quot;iso&quot;:&quot;0&quot;,&quot;shutter_speed&quot;:&quot;0&quot;,&quot;title&quot;:&quot;&quot;,&quot;orientation&quot;:&quot;6&quot;,&quot;keywords&quot;:&quot;Array&quot;}\" data-image-title=\"IMG_6647\" data-image-description=\"\" data-medium-file=\"https:\/\/www.colorado.com.br\/nosdacolorado\/wp-content\/uploads\/2023\/06\/IMG_6647-300x225.jpg\" data-large-file=\"https:\/\/www.colorado.com.br\/nosdacolorado\/wp-content\/uploads\/2023\/06\/IMG_6647-1024x768.jpg\" width=\"150\" height=\"150\" src=\"https:\/\/www.colorado.com.br\/nosdacolorado\/wp-content\/uploads\/2023\/06\/IMG_6647-150x150.jpg\" class=\"attachment-thumbnail size-thumbnail\" alt=\"\" srcset=\"https:\/\/www.colorado.com.br\/nosdacolorado\/wp-content\/uploads\/2023\/06\/IMG_6647-150x150.jpg 150w, https:\/\/www.colorado.com.br\/nosdacolorado\/wp-content\/uploads\/2023\/06\/IMG_6647-100x100.jpg 100w, https:\/\/www.colorado.com.br\/nosdacolorado\/wp-content\/uploads\/2023\/06\/IMG_6647-140x140.jpg 140w, https:\/\/www.colorado.com.br\/nosdacolorado\/wp-content\/uploads\/2023\/06\/IMG_6647-500x500.jpg 500w, https:\/\/www.colorado.com.br\/nosdacolorado\/wp-content\/uploads\/2023\/06\/IMG_6647-350x350.jpg 350w, https:\/\/www.colorado.com.br\/nosdacolorado\/wp-content\/uploads\/2023\/06\/IMG_6647-800x800.jpg 800w\" sizes=\"auto, (max-width: 150px) 100vw, 150px\" \/><\/a>\n\t\t\t<\/dt><\/dl><dl class='gallery-item'>\n\t\t\t<dt class='gallery-icon landscape'>\n\t\t\t\t<a href='https:\/\/www.colorado.com.br\/nosdacolorado\/wp-content\/uploads\/2023\/06\/IMG_6648.jpg'><img loading=\"lazy\" decoding=\"async\" data-attachment-id=\"21108\" data-orig-file=\"https:\/\/www.colorado.com.br\/nosdacolorado\/wp-content\/uploads\/2023\/06\/IMG_6648.jpg\" data-orig-size=\"1206,905\" data-comments-opened=\"1\" data-image-meta=\"{&quot;aperture&quot;:&quot;0&quot;,&quot;credit&quot;:&quot;&quot;,&quot;camera&quot;:&quot;&quot;,&quot;caption&quot;:&quot;&quot;,&quot;created_timestamp&quot;:&quot;0&quot;,&quot;copyright&quot;:&quot;&quot;,&quot;focal_length&quot;:&quot;0&quot;,&quot;iso&quot;:&quot;0&quot;,&quot;shutter_speed&quot;:&quot;0&quot;,&quot;title&quot;:&quot;&quot;,&quot;orientation&quot;:&quot;0&quot;,&quot;keywords&quot;:&quot;Array&quot;}\" data-image-title=\"IMG_6648\" data-image-description=\"\" data-medium-file=\"https:\/\/www.colorado.com.br\/nosdacolorado\/wp-content\/uploads\/2023\/06\/IMG_6648-300x225.jpg\" data-large-file=\"https:\/\/www.colorado.com.br\/nosdacolorado\/wp-content\/uploads\/2023\/06\/IMG_6648-1024x768.jpg\" width=\"150\" height=\"150\" src=\"https:\/\/www.colorado.com.br\/nosdacolorado\/wp-content\/uploads\/2023\/06\/IMG_6648-150x150.jpg\" class=\"attachment-thumbnail size-thumbnail\" alt=\"\" srcset=\"https:\/\/www.colorado.com.br\/nosdacolorado\/wp-content\/uploads\/2023\/06\/IMG_6648-150x150.jpg 150w, https:\/\/www.colorado.com.br\/nosdacolorado\/wp-content\/uploads\/2023\/06\/IMG_6648-100x100.jpg 100w, https:\/\/www.colorado.com.br\/nosdacolorado\/wp-content\/uploads\/2023\/06\/IMG_6648-140x140.jpg 140w, https:\/\/www.colorado.com.br\/nosdacolorado\/wp-content\/uploads\/2023\/06\/IMG_6648-500x500.jpg 500w, https:\/\/www.colorado.com.br\/nosdacolorado\/wp-content\/uploads\/2023\/06\/IMG_6648-350x350.jpg 350w, https:\/\/www.colorado.com.br\/nosdacolorado\/wp-content\/uploads\/2023\/06\/IMG_6648-800x800.jpg 800w\" sizes=\"auto, (max-width: 150px) 100vw, 150px\" \/><\/a>\n\t\t\t<\/dt><\/dl><dl class='gallery-item'>\n\t\t\t<dt class='gallery-icon landscape'>\n\t\t\t\t<a href='https:\/\/www.colorado.com.br\/nosdacolorado\/wp-content\/uploads\/2023\/06\/IMG_6649.jpg'><img loading=\"lazy\" decoding=\"async\" data-attachment-id=\"21109\" data-orig-file=\"https:\/\/www.colorado.com.br\/nosdacolorado\/wp-content\/uploads\/2023\/06\/IMG_6649.jpg\" data-orig-size=\"1206,905\" data-comments-opened=\"1\" data-image-meta=\"{&quot;aperture&quot;:&quot;0&quot;,&quot;credit&quot;:&quot;&quot;,&quot;camera&quot;:&quot;&quot;,&quot;caption&quot;:&quot;&quot;,&quot;created_timestamp&quot;:&quot;0&quot;,&quot;copyright&quot;:&quot;&quot;,&quot;focal_length&quot;:&quot;0&quot;,&quot;iso&quot;:&quot;0&quot;,&quot;shutter_speed&quot;:&quot;0&quot;,&quot;title&quot;:&quot;&quot;,&quot;orientation&quot;:&quot;6&quot;,&quot;keywords&quot;:&quot;Array&quot;}\" data-image-title=\"IMG_6649\" data-image-description=\"\" data-medium-file=\"https:\/\/www.colorado.com.br\/nosdacolorado\/wp-content\/uploads\/2023\/06\/IMG_6649-300x225.jpg\" data-large-file=\"https:\/\/www.colorado.com.br\/nosdacolorado\/wp-content\/uploads\/2023\/06\/IMG_6649-1024x768.jpg\" width=\"150\" height=\"150\" src=\"https:\/\/www.colorado.com.br\/nosdacolorado\/wp-content\/uploads\/2023\/06\/IMG_6649-150x150.jpg\" class=\"attachment-thumbnail size-thumbnail\" alt=\"\" srcset=\"https:\/\/www.colorado.com.br\/nosdacolorado\/wp-content\/uploads\/2023\/06\/IMG_6649-150x150.jpg 150w, https:\/\/www.colorado.com.br\/nosdacolorado\/wp-content\/uploads\/2023\/06\/IMG_6649-100x100.jpg 100w, https:\/\/www.colorado.com.br\/nosdacolorado\/wp-content\/uploads\/2023\/06\/IMG_6649-140x140.jpg 140w, https:\/\/www.colorado.com.br\/nosdacolorado\/wp-content\/uploads\/2023\/06\/IMG_6649-500x500.jpg 500w, https:\/\/www.colorado.com.br\/nosdacolorado\/wp-content\/uploads\/2023\/06\/IMG_6649-350x350.jpg 350w, https:\/\/www.colorado.com.br\/nosdacolorado\/wp-content\/uploads\/2023\/06\/IMG_6649-800x800.jpg 800w\" sizes=\"auto, (max-width: 150px) 100vw, 150px\" \/><\/a>\n\t\t\t<\/dt><\/dl><dl class='gallery-item'>\n\t\t\t<dt class='gallery-icon landscape'>\n\t\t\t\t<a href='https:\/\/www.colorado.com.br\/nosdacolorado\/wp-content\/uploads\/2023\/06\/IMG_6650.jpg'><img loading=\"lazy\" decoding=\"async\" data-attachment-id=\"21110\" data-orig-file=\"https:\/\/www.colorado.com.br\/nosdacolorado\/wp-content\/uploads\/2023\/06\/IMG_6650.jpg\" data-orig-size=\"1206,905\" data-comments-opened=\"1\" data-image-meta=\"{&quot;aperture&quot;:&quot;0&quot;,&quot;credit&quot;:&quot;&quot;,&quot;camera&quot;:&quot;&quot;,&quot;caption&quot;:&quot;&quot;,&quot;created_timestamp&quot;:&quot;0&quot;,&quot;copyright&quot;:&quot;&quot;,&quot;focal_length&quot;:&quot;0&quot;,&quot;iso&quot;:&quot;0&quot;,&quot;shutter_speed&quot;:&quot;0&quot;,&quot;title&quot;:&quot;&quot;,&quot;orientation&quot;:&quot;6&quot;,&quot;keywords&quot;:&quot;Array&quot;}\" data-image-title=\"IMG_6650\" data-image-description=\"\" data-medium-file=\"https:\/\/www.colorado.com.br\/nosdacolorado\/wp-content\/uploads\/2023\/06\/IMG_6650-300x225.jpg\" data-large-file=\"https:\/\/www.colorado.com.br\/nosdacolorado\/wp-content\/uploads\/2023\/06\/IMG_6650-1024x768.jpg\" width=\"150\" height=\"150\" src=\"https:\/\/www.colorado.com.br\/nosdacolorado\/wp-content\/uploads\/2023\/06\/IMG_6650-150x150.jpg\" class=\"attachment-thumbnail size-thumbnail\" alt=\"\" srcset=\"https:\/\/www.colorado.com.br\/nosdacolorado\/wp-content\/uploads\/2023\/06\/IMG_6650-150x150.jpg 150w, https:\/\/www.colorado.com.br\/nosdacolorado\/wp-content\/uploads\/2023\/06\/IMG_6650-100x100.jpg 100w, https:\/\/www.colorado.com.br\/nosdacolorado\/wp-content\/uploads\/2023\/06\/IMG_6650-140x140.jpg 140w, https:\/\/www.colorado.com.br\/nosdacolorado\/wp-content\/uploads\/2023\/06\/IMG_6650-500x500.jpg 500w, https:\/\/www.colorado.com.br\/nosdacolorado\/wp-content\/uploads\/2023\/06\/IMG_6650-350x350.jpg 350w, https:\/\/www.colorado.com.br\/nosdacolorado\/wp-content\/uploads\/2023\/06\/IMG_6650-800x800.jpg 800w\" sizes=\"auto, (max-width: 150px) 100vw, 150px\" \/><\/a>\n\t\t\t<\/dt><\/dl><dl class='gallery-item'>\n\t\t\t<dt class='gallery-icon landscape'>\n\t\t\t\t<a href='https:\/\/www.colorado.com.br\/nosdacolorado\/wp-content\/uploads\/2023\/06\/IMG_6652.jpg'><img loading=\"lazy\" decoding=\"async\" data-attachment-id=\"21111\" data-orig-file=\"https:\/\/www.colorado.com.br\/nosdacolorado\/wp-content\/uploads\/2023\/06\/IMG_6652.jpg\" data-orig-size=\"1206,905\" data-comments-opened=\"1\" data-image-meta=\"{&quot;aperture&quot;:&quot;0&quot;,&quot;credit&quot;:&quot;&quot;,&quot;camera&quot;:&quot;&quot;,&quot;caption&quot;:&quot;&quot;,&quot;created_timestamp&quot;:&quot;0&quot;,&quot;copyright&quot;:&quot;&quot;,&quot;focal_length&quot;:&quot;0&quot;,&quot;iso&quot;:&quot;0&quot;,&quot;shutter_speed&quot;:&quot;0&quot;,&quot;title&quot;:&quot;&quot;,&quot;orientation&quot;:&quot;0&quot;,&quot;keywords&quot;:&quot;Array&quot;}\" data-image-title=\"IMG_6652\" data-image-description=\"\" data-medium-file=\"https:\/\/www.colorado.com.br\/nosdacolorado\/wp-content\/uploads\/2023\/06\/IMG_6652-300x225.jpg\" data-large-file=\"https:\/\/www.colorado.com.br\/nosdacolorado\/wp-content\/uploads\/2023\/06\/IMG_6652-1024x768.jpg\" width=\"150\" height=\"150\" src=\"https:\/\/www.colorado.com.br\/nosdacolorado\/wp-content\/uploads\/2023\/06\/IMG_6652-150x150.jpg\" class=\"attachment-thumbnail size-thumbnail\" alt=\"\" srcset=\"https:\/\/www.colorado.com.br\/nosdacolorado\/wp-content\/uploads\/2023\/06\/IMG_6652-150x150.jpg 150w, https:\/\/www.colorado.com.br\/nosdacolorado\/wp-content\/uploads\/2023\/06\/IMG_6652-100x100.jpg 100w, https:\/\/www.colorado.com.br\/nosdacolorado\/wp-content\/uploads\/2023\/06\/IMG_6652-140x140.jpg 140w, https:\/\/www.colorado.com.br\/nosdacolorado\/wp-content\/uploads\/2023\/06\/IMG_6652-500x500.jpg 500w, https:\/\/www.colorado.com.br\/nosdacolorado\/wp-content\/uploads\/2023\/06\/IMG_6652-350x350.jpg 350w, https:\/\/www.colorado.com.br\/nosdacolorado\/wp-content\/uploads\/2023\/06\/IMG_6652-800x800.jpg 800w\" sizes=\"auto, (max-width: 150px) 100vw, 150px\" \/><\/a>\n\t\t\t<\/dt><\/dl><br style=\"clear: both\" \/><dl class='gallery-item'>\n\t\t\t<dt class='gallery-icon landscape'>\n\t\t\t\t<a href='https:\/\/www.colorado.com.br\/nosdacolorado\/wp-content\/uploads\/2023\/06\/IMG_6653.jpg'><img loading=\"lazy\" decoding=\"async\" data-attachment-id=\"21112\" data-orig-file=\"https:\/\/www.colorado.com.br\/nosdacolorado\/wp-content\/uploads\/2023\/06\/IMG_6653.jpg\" data-orig-size=\"1206,905\" data-comments-opened=\"1\" data-image-meta=\"{&quot;aperture&quot;:&quot;0&quot;,&quot;credit&quot;:&quot;&quot;,&quot;camera&quot;:&quot;&quot;,&quot;caption&quot;:&quot;&quot;,&quot;created_timestamp&quot;:&quot;0&quot;,&quot;copyright&quot;:&quot;&quot;,&quot;focal_length&quot;:&quot;0&quot;,&quot;iso&quot;:&quot;0&quot;,&quot;shutter_speed&quot;:&quot;0&quot;,&quot;title&quot;:&quot;&quot;,&quot;orientation&quot;:&quot;6&quot;,&quot;keywords&quot;:&quot;Array&quot;}\" data-image-title=\"IMG_6653\" data-image-description=\"\" data-medium-file=\"https:\/\/www.colorado.com.br\/nosdacolorado\/wp-content\/uploads\/2023\/06\/IMG_6653-300x225.jpg\" data-large-file=\"https:\/\/www.colorado.com.br\/nosdacolorado\/wp-content\/uploads\/2023\/06\/IMG_6653-1024x768.jpg\" width=\"150\" height=\"150\" src=\"https:\/\/www.colorado.com.br\/nosdacolorado\/wp-content\/uploads\/2023\/06\/IMG_6653-150x150.jpg\" class=\"attachment-thumbnail size-thumbnail\" alt=\"\" srcset=\"https:\/\/www.colorado.com.br\/nosdacolorado\/wp-content\/uploads\/2023\/06\/IMG_6653-150x150.jpg 150w, https:\/\/www.colorado.com.br\/nosdacolorado\/wp-content\/uploads\/2023\/06\/IMG_6653-100x100.jpg 100w, https:\/\/www.colorado.com.br\/nosdacolorado\/wp-content\/uploads\/2023\/06\/IMG_6653-140x140.jpg 140w, https:\/\/www.colorado.com.br\/nosdacolorado\/wp-content\/uploads\/2023\/06\/IMG_6653-500x500.jpg 500w, https:\/\/www.colorado.com.br\/nosdacolorado\/wp-content\/uploads\/2023\/06\/IMG_6653-350x350.jpg 350w, https:\/\/www.colorado.com.br\/nosdacolorado\/wp-content\/uploads\/2023\/06\/IMG_6653-800x800.jpg 800w\" sizes=\"auto, (max-width: 150px) 100vw, 150px\" \/><\/a>\n\t\t\t<\/dt><\/dl><dl class='gallery-item'>\n\t\t\t<dt class='gallery-icon landscape'>\n\t\t\t\t<a href='https:\/\/www.colorado.com.br\/nosdacolorado\/wp-content\/uploads\/2023\/06\/IMG_6654.jpg'><img loading=\"lazy\" decoding=\"async\" data-attachment-id=\"21113\" data-orig-file=\"https:\/\/www.colorado.com.br\/nosdacolorado\/wp-content\/uploads\/2023\/06\/IMG_6654.jpg\" data-orig-size=\"1206,905\" data-comments-opened=\"1\" data-image-meta=\"{&quot;aperture&quot;:&quot;0&quot;,&quot;credit&quot;:&quot;&quot;,&quot;camera&quot;:&quot;&quot;,&quot;caption&quot;:&quot;&quot;,&quot;created_timestamp&quot;:&quot;0&quot;,&quot;copyright&quot;:&quot;&quot;,&quot;focal_length&quot;:&quot;0&quot;,&quot;iso&quot;:&quot;0&quot;,&quot;shutter_speed&quot;:&quot;0&quot;,&quot;title&quot;:&quot;&quot;,&quot;orientation&quot;:&quot;6&quot;,&quot;keywords&quot;:&quot;Array&quot;}\" data-image-title=\"IMG_6654\" data-image-description=\"\" data-medium-file=\"https:\/\/www.colorado.com.br\/nosdacolorado\/wp-content\/uploads\/2023\/06\/IMG_6654-300x225.jpg\" data-large-file=\"https:\/\/www.colorado.com.br\/nosdacolorado\/wp-content\/uploads\/2023\/06\/IMG_6654-1024x768.jpg\" width=\"150\" height=\"150\" src=\"https:\/\/www.colorado.com.br\/nosdacolorado\/wp-content\/uploads\/2023\/06\/IMG_6654-150x150.jpg\" class=\"attachment-thumbnail size-thumbnail\" alt=\"\" srcset=\"https:\/\/www.colorado.com.br\/nosdacolorado\/wp-content\/uploads\/2023\/06\/IMG_6654-150x150.jpg 150w, https:\/\/www.colorado.com.br\/nosdacolorado\/wp-content\/uploads\/2023\/06\/IMG_6654-100x100.jpg 100w, https:\/\/www.colorado.com.br\/nosdacolorado\/wp-content\/uploads\/2023\/06\/IMG_6654-140x140.jpg 140w, https:\/\/www.colorado.com.br\/nosdacolorado\/wp-content\/uploads\/2023\/06\/IMG_6654-500x500.jpg 500w, https:\/\/www.colorado.com.br\/nosdacolorado\/wp-content\/uploads\/2023\/06\/IMG_6654-350x350.jpg 350w, https:\/\/www.colorado.com.br\/nosdacolorado\/wp-content\/uploads\/2023\/06\/IMG_6654-800x800.jpg 800w\" sizes=\"auto, (max-width: 150px) 100vw, 150px\" \/><\/a>\n\t\t\t<\/dt><\/dl><dl class='gallery-item'>\n\t\t\t<dt class='gallery-icon landscape'>\n\t\t\t\t<a href='https:\/\/www.colorado.com.br\/nosdacolorado\/wp-content\/uploads\/2023\/06\/IMG_6655.jpg'><img loading=\"lazy\" decoding=\"async\" data-attachment-id=\"21114\" data-orig-file=\"https:\/\/www.colorado.com.br\/nosdacolorado\/wp-content\/uploads\/2023\/06\/IMG_6655.jpg\" data-orig-size=\"1206,905\" data-comments-opened=\"1\" data-image-meta=\"{&quot;aperture&quot;:&quot;0&quot;,&quot;credit&quot;:&quot;&quot;,&quot;camera&quot;:&quot;&quot;,&quot;caption&quot;:&quot;&quot;,&quot;created_timestamp&quot;:&quot;0&quot;,&quot;copyright&quot;:&quot;&quot;,&quot;focal_length&quot;:&quot;0&quot;,&quot;iso&quot;:&quot;0&quot;,&quot;shutter_speed&quot;:&quot;0&quot;,&quot;title&quot;:&quot;&quot;,&quot;orientation&quot;:&quot;0&quot;,&quot;keywords&quot;:&quot;Array&quot;}\" data-image-title=\"IMG_6655\" data-image-description=\"\" data-medium-file=\"https:\/\/www.colorado.com.br\/nosdacolorado\/wp-content\/uploads\/2023\/06\/IMG_6655-300x225.jpg\" data-large-file=\"https:\/\/www.colorado.com.br\/nosdacolorado\/wp-content\/uploads\/2023\/06\/IMG_6655-1024x768.jpg\" width=\"150\" height=\"150\" src=\"https:\/\/www.colorado.com.br\/nosdacolorado\/wp-content\/uploads\/2023\/06\/IMG_6655-150x150.jpg\" class=\"attachment-thumbnail size-thumbnail\" alt=\"\" srcset=\"https:\/\/www.colorado.com.br\/nosdacolorado\/wp-content\/uploads\/2023\/06\/IMG_6655-150x150.jpg 150w, https:\/\/www.colorado.com.br\/nosdacolorado\/wp-content\/uploads\/2023\/06\/IMG_6655-100x100.jpg 100w, https:\/\/www.colorado.com.br\/nosdacolorado\/wp-content\/uploads\/2023\/06\/IMG_6655-140x140.jpg 140w, https:\/\/www.colorado.com.br\/nosdacolorado\/wp-content\/uploads\/2023\/06\/IMG_6655-500x500.jpg 500w, https:\/\/www.colorado.com.br\/nosdacolorado\/wp-content\/uploads\/2023\/06\/IMG_6655-350x350.jpg 350w, https:\/\/www.colorado.com.br\/nosdacolorado\/wp-content\/uploads\/2023\/06\/IMG_6655-800x800.jpg 800w\" sizes=\"auto, (max-width: 150px) 100vw, 150px\" \/><\/a>\n\t\t\t<\/dt><\/dl><dl class='gallery-item'>\n\t\t\t<dt class='gallery-icon landscape'>\n\t\t\t\t<a href='https:\/\/www.colorado.com.br\/nosdacolorado\/wp-content\/uploads\/2023\/06\/IMG_6656.jpg'><img loading=\"lazy\" decoding=\"async\" data-attachment-id=\"21115\" data-orig-file=\"https:\/\/www.colorado.com.br\/nosdacolorado\/wp-content\/uploads\/2023\/06\/IMG_6656.jpg\" data-orig-size=\"1206,905\" data-comments-opened=\"1\" data-image-meta=\"{&quot;aperture&quot;:&quot;0&quot;,&quot;credit&quot;:&quot;&quot;,&quot;camera&quot;:&quot;&quot;,&quot;caption&quot;:&quot;&quot;,&quot;created_timestamp&quot;:&quot;0&quot;,&quot;copyright&quot;:&quot;&quot;,&quot;focal_length&quot;:&quot;0&quot;,&quot;iso&quot;:&quot;0&quot;,&quot;shutter_speed&quot;:&quot;0&quot;,&quot;title&quot;:&quot;&quot;,&quot;orientation&quot;:&quot;0&quot;,&quot;keywords&quot;:&quot;Array&quot;}\" data-image-title=\"IMG_6656\" data-image-description=\"\" data-medium-file=\"https:\/\/www.colorado.com.br\/nosdacolorado\/wp-content\/uploads\/2023\/06\/IMG_6656-300x225.jpg\" data-large-file=\"https:\/\/www.colorado.com.br\/nosdacolorado\/wp-content\/uploads\/2023\/06\/IMG_6656-1024x768.jpg\" width=\"150\" height=\"150\" src=\"https:\/\/www.colorado.com.br\/nosdacolorado\/wp-content\/uploads\/2023\/06\/IMG_6656-150x150.jpg\" class=\"attachment-thumbnail size-thumbnail\" alt=\"\" srcset=\"https:\/\/www.colorado.com.br\/nosdacolorado\/wp-content\/uploads\/2023\/06\/IMG_6656-150x150.jpg 150w, https:\/\/www.colorado.com.br\/nosdacolorado\/wp-content\/uploads\/2023\/06\/IMG_6656-100x100.jpg 100w, https:\/\/www.colorado.com.br\/nosdacolorado\/wp-content\/uploads\/2023\/06\/IMG_6656-140x140.jpg 140w, https:\/\/www.colorado.com.br\/nosdacolorado\/wp-content\/uploads\/2023\/06\/IMG_6656-500x500.jpg 500w, https:\/\/www.colorado.com.br\/nosdacolorado\/wp-content\/uploads\/2023\/06\/IMG_6656-350x350.jpg 350w, https:\/\/www.colorado.com.br\/nosdacolorado\/wp-content\/uploads\/2023\/06\/IMG_6656-800x800.jpg 800w\" sizes=\"auto, (max-width: 150px) 100vw, 150px\" \/><\/a>\n\t\t\t<\/dt><\/dl><dl class='gallery-item'>\n\t\t\t<dt class='gallery-icon landscape'>\n\t\t\t\t<a href='https:\/\/www.colorado.com.br\/nosdacolorado\/wp-content\/uploads\/2023\/06\/IMG_6657.jpg'><img loading=\"lazy\" decoding=\"async\" data-attachment-id=\"21116\" data-orig-file=\"https:\/\/www.colorado.com.br\/nosdacolorado\/wp-content\/uploads\/2023\/06\/IMG_6657.jpg\" data-orig-size=\"1206,905\" data-comments-opened=\"1\" data-image-meta=\"{&quot;aperture&quot;:&quot;0&quot;,&quot;credit&quot;:&quot;&quot;,&quot;camera&quot;:&quot;&quot;,&quot;caption&quot;:&quot;&quot;,&quot;created_timestamp&quot;:&quot;0&quot;,&quot;copyright&quot;:&quot;&quot;,&quot;focal_length&quot;:&quot;0&quot;,&quot;iso&quot;:&quot;0&quot;,&quot;shutter_speed&quot;:&quot;0&quot;,&quot;title&quot;:&quot;&quot;,&quot;orientation&quot;:&quot;0&quot;,&quot;keywords&quot;:&quot;Array&quot;}\" data-image-title=\"IMG_6657\" data-image-description=\"\" data-medium-file=\"https:\/\/www.colorado.com.br\/nosdacolorado\/wp-content\/uploads\/2023\/06\/IMG_6657-300x225.jpg\" data-large-file=\"https:\/\/www.colorado.com.br\/nosdacolorado\/wp-content\/uploads\/2023\/06\/IMG_6657-1024x768.jpg\" width=\"150\" height=\"150\" src=\"https:\/\/www.colorado.com.br\/nosdacolorado\/wp-content\/uploads\/2023\/06\/IMG_6657-150x150.jpg\" class=\"attachment-thumbnail size-thumbnail\" alt=\"\" srcset=\"https:\/\/www.colorado.com.br\/nosdacolorado\/wp-content\/uploads\/2023\/06\/IMG_6657-150x150.jpg 150w, https:\/\/www.colorado.com.br\/nosdacolorado\/wp-content\/uploads\/2023\/06\/IMG_6657-100x100.jpg 100w, https:\/\/www.colorado.com.br\/nosdacolorado\/wp-content\/uploads\/2023\/06\/IMG_6657-140x140.jpg 140w, https:\/\/www.colorado.com.br\/nosdacolorado\/wp-content\/uploads\/2023\/06\/IMG_6657-500x500.jpg 500w, https:\/\/www.colorado.com.br\/nosdacolorado\/wp-content\/uploads\/2023\/06\/IMG_6657-350x350.jpg 350w, https:\/\/www.colorado.com.br\/nosdacolorado\/wp-content\/uploads\/2023\/06\/IMG_6657-800x800.jpg 800w\" sizes=\"auto, (max-width: 150px) 100vw, 150px\" \/><\/a>\n\t\t\t<\/dt><\/dl><br style=\"clear: both\" \/><dl class='gallery-item'>\n\t\t\t<dt class='gallery-icon landscape'>\n\t\t\t\t<a href='https:\/\/www.colorado.com.br\/nosdacolorado\/wp-content\/uploads\/2023\/06\/IMG_6659.jpg'><img loading=\"lazy\" decoding=\"async\" data-attachment-id=\"21117\" data-orig-file=\"https:\/\/www.colorado.com.br\/nosdacolorado\/wp-content\/uploads\/2023\/06\/IMG_6659.jpg\" data-orig-size=\"1206,905\" data-comments-opened=\"1\" data-image-meta=\"{&quot;aperture&quot;:&quot;0&quot;,&quot;credit&quot;:&quot;&quot;,&quot;camera&quot;:&quot;&quot;,&quot;caption&quot;:&quot;&quot;,&quot;created_timestamp&quot;:&quot;0&quot;,&quot;copyright&quot;:&quot;&quot;,&quot;focal_length&quot;:&quot;0&quot;,&quot;iso&quot;:&quot;0&quot;,&quot;shutter_speed&quot;:&quot;0&quot;,&quot;title&quot;:&quot;&quot;,&quot;orientation&quot;:&quot;0&quot;,&quot;keywords&quot;:&quot;Array&quot;}\" data-image-title=\"IMG_6659\" data-image-description=\"\" data-medium-file=\"https:\/\/www.colorado.com.br\/nosdacolorado\/wp-content\/uploads\/2023\/06\/IMG_6659-300x225.jpg\" data-large-file=\"https:\/\/www.colorado.com.br\/nosdacolorado\/wp-content\/uploads\/2023\/06\/IMG_6659-1024x768.jpg\" width=\"150\" height=\"150\" src=\"https:\/\/www.colorado.com.br\/nosdacolorado\/wp-content\/uploads\/2023\/06\/IMG_6659-150x150.jpg\" class=\"attachment-thumbnail size-thumbnail\" alt=\"\" srcset=\"https:\/\/www.colorado.com.br\/nosdacolorado\/wp-content\/uploads\/2023\/06\/IMG_6659-150x150.jpg 150w, https:\/\/www.colorado.com.br\/nosdacolorado\/wp-content\/uploads\/2023\/06\/IMG_6659-100x100.jpg 100w, https:\/\/www.colorado.com.br\/nosdacolorado\/wp-content\/uploads\/2023\/06\/IMG_6659-140x140.jpg 140w, https:\/\/www.colorado.com.br\/nosdacolorado\/wp-content\/uploads\/2023\/06\/IMG_6659-500x500.jpg 500w, https:\/\/www.colorado.com.br\/nosdacolorado\/wp-content\/uploads\/2023\/06\/IMG_6659-350x350.jpg 350w, https:\/\/www.colorado.com.br\/nosdacolorado\/wp-content\/uploads\/2023\/06\/IMG_6659-800x800.jpg 800w\" sizes=\"auto, (max-width: 150px) 100vw, 150px\" \/><\/a>\n\t\t\t<\/dt><\/dl><dl class='gallery-item'>\n\t\t\t<dt class='gallery-icon landscape'>\n\t\t\t\t<a href='https:\/\/www.colorado.com.br\/nosdacolorado\/wp-content\/uploads\/2023\/06\/IMG_6660.jpg'><img loading=\"lazy\" decoding=\"async\" data-attachment-id=\"21118\" data-orig-file=\"https:\/\/www.colorado.com.br\/nosdacolorado\/wp-content\/uploads\/2023\/06\/IMG_6660.jpg\" data-orig-size=\"1206,905\" data-comments-opened=\"1\" data-image-meta=\"{&quot;aperture&quot;:&quot;0&quot;,&quot;credit&quot;:&quot;&quot;,&quot;camera&quot;:&quot;&quot;,&quot;caption&quot;:&quot;&quot;,&quot;created_timestamp&quot;:&quot;0&quot;,&quot;copyright&quot;:&quot;&quot;,&quot;focal_length&quot;:&quot;0&quot;,&quot;iso&quot;:&quot;0&quot;,&quot;shutter_speed&quot;:&quot;0&quot;,&quot;title&quot;:&quot;&quot;,&quot;orientation&quot;:&quot;0&quot;,&quot;keywords&quot;:&quot;Array&quot;}\" data-image-title=\"IMG_6660\" data-image-description=\"\" data-medium-file=\"https:\/\/www.colorado.com.br\/nosdacolorado\/wp-content\/uploads\/2023\/06\/IMG_6660-300x225.jpg\" data-large-file=\"https:\/\/www.colorado.com.br\/nosdacolorado\/wp-content\/uploads\/2023\/06\/IMG_6660-1024x768.jpg\" width=\"150\" height=\"150\" src=\"https:\/\/www.colorado.com.br\/nosdacolorado\/wp-content\/uploads\/2023\/06\/IMG_6660-150x150.jpg\" class=\"attachment-thumbnail size-thumbnail\" alt=\"\" srcset=\"https:\/\/www.colorado.com.br\/nosdacolorado\/wp-content\/uploads\/2023\/06\/IMG_6660-150x150.jpg 150w, https:\/\/www.colorado.com.br\/nosdacolorado\/wp-content\/uploads\/2023\/06\/IMG_6660-100x100.jpg 100w, https:\/\/www.colorado.com.br\/nosdacolorado\/wp-content\/uploads\/2023\/06\/IMG_6660-140x140.jpg 140w, https:\/\/www.colorado.com.br\/nosdacolorado\/wp-content\/uploads\/2023\/06\/IMG_6660-500x500.jpg 500w, https:\/\/www.colorado.com.br\/nosdacolorado\/wp-content\/uploads\/2023\/06\/IMG_6660-350x350.jpg 350w, https:\/\/www.colorado.com.br\/nosdacolorado\/wp-content\/uploads\/2023\/06\/IMG_6660-800x800.jpg 800w\" sizes=\"auto, (max-width: 150px) 100vw, 150px\" \/><\/a>\n\t\t\t<\/dt><\/dl><dl class='gallery-item'>\n\t\t\t<dt class='gallery-icon landscape'>\n\t\t\t\t<a href='https:\/\/www.colorado.com.br\/nosdacolorado\/wp-content\/uploads\/2023\/06\/IMG_6661.jpg'><img loading=\"lazy\" decoding=\"async\" data-attachment-id=\"21119\" data-orig-file=\"https:\/\/www.colorado.com.br\/nosdacolorado\/wp-content\/uploads\/2023\/06\/IMG_6661.jpg\" data-orig-size=\"1206,905\" data-comments-opened=\"1\" data-image-meta=\"{&quot;aperture&quot;:&quot;0&quot;,&quot;credit&quot;:&quot;&quot;,&quot;camera&quot;:&quot;&quot;,&quot;caption&quot;:&quot;&quot;,&quot;created_timestamp&quot;:&quot;0&quot;,&quot;copyright&quot;:&quot;&quot;,&quot;focal_length&quot;:&quot;0&quot;,&quot;iso&quot;:&quot;0&quot;,&quot;shutter_speed&quot;:&quot;0&quot;,&quot;title&quot;:&quot;&quot;,&quot;orientation&quot;:&quot;0&quot;,&quot;keywords&quot;:&quot;Array&quot;}\" data-image-title=\"IMG_6661\" data-image-description=\"\" data-medium-file=\"https:\/\/www.colorado.com.br\/nosdacolorado\/wp-content\/uploads\/2023\/06\/IMG_6661-300x225.jpg\" data-large-file=\"https:\/\/www.colorado.com.br\/nosdacolorado\/wp-content\/uploads\/2023\/06\/IMG_6661-1024x768.jpg\" width=\"150\" height=\"150\" src=\"https:\/\/www.colorado.com.br\/nosdacolorado\/wp-content\/uploads\/2023\/06\/IMG_6661-150x150.jpg\" class=\"attachment-thumbnail size-thumbnail\" alt=\"\" srcset=\"https:\/\/www.colorado.com.br\/nosdacolorado\/wp-content\/uploads\/2023\/06\/IMG_6661-150x150.jpg 150w, https:\/\/www.colorado.com.br\/nosdacolorado\/wp-content\/uploads\/2023\/06\/IMG_6661-100x100.jpg 100w, https:\/\/www.colorado.com.br\/nosdacolorado\/wp-content\/uploads\/2023\/06\/IMG_6661-140x140.jpg 140w, https:\/\/www.colorado.com.br\/nosdacolorado\/wp-content\/uploads\/2023\/06\/IMG_6661-500x500.jpg 500w, https:\/\/www.colorado.com.br\/nosdacolorado\/wp-content\/uploads\/2023\/06\/IMG_6661-350x350.jpg 350w, https:\/\/www.colorado.com.br\/nosdacolorado\/wp-content\/uploads\/2023\/06\/IMG_6661-800x800.jpg 800w\" sizes=\"auto, (max-width: 150px) 100vw, 150px\" \/><\/a>\n\t\t\t<\/dt><\/dl><dl class='gallery-item'>\n\t\t\t<dt class='gallery-icon landscape'>\n\t\t\t\t<a href='https:\/\/www.colorado.com.br\/nosdacolorado\/wp-content\/uploads\/2023\/06\/IMG_6662.jpg'><img loading=\"lazy\" decoding=\"async\" data-attachment-id=\"21120\" data-orig-file=\"https:\/\/www.colorado.com.br\/nosdacolorado\/wp-content\/uploads\/2023\/06\/IMG_6662.jpg\" data-orig-size=\"1206,905\" data-comments-opened=\"1\" data-image-meta=\"{&quot;aperture&quot;:&quot;0&quot;,&quot;credit&quot;:&quot;&quot;,&quot;camera&quot;:&quot;&quot;,&quot;caption&quot;:&quot;&quot;,&quot;created_timestamp&quot;:&quot;0&quot;,&quot;copyright&quot;:&quot;&quot;,&quot;focal_length&quot;:&quot;0&quot;,&quot;iso&quot;:&quot;0&quot;,&quot;shutter_speed&quot;:&quot;0&quot;,&quot;title&quot;:&quot;&quot;,&quot;orientation&quot;:&quot;0&quot;,&quot;keywords&quot;:&quot;Array&quot;}\" data-image-title=\"IMG_6662\" data-image-description=\"\" data-medium-file=\"https:\/\/www.colorado.com.br\/nosdacolorado\/wp-content\/uploads\/2023\/06\/IMG_6662-300x225.jpg\" data-large-file=\"https:\/\/www.colorado.com.br\/nosdacolorado\/wp-content\/uploads\/2023\/06\/IMG_6662-1024x768.jpg\" width=\"150\" height=\"150\" src=\"https:\/\/www.colorado.com.br\/nosdacolorado\/wp-content\/uploads\/2023\/06\/IMG_6662-150x150.jpg\" class=\"attachment-thumbnail size-thumbnail\" alt=\"\" srcset=\"https:\/\/www.colorado.com.br\/nosdacolorado\/wp-content\/uploads\/2023\/06\/IMG_6662-150x150.jpg 150w, https:\/\/www.colorado.com.br\/nosdacolorado\/wp-content\/uploads\/2023\/06\/IMG_6662-100x100.jpg 100w, https:\/\/www.colorado.com.br\/nosdacolorado\/wp-content\/uploads\/2023\/06\/IMG_6662-140x140.jpg 140w, https:\/\/www.colorado.com.br\/nosdacolorado\/wp-content\/uploads\/2023\/06\/IMG_6662-500x500.jpg 500w, https:\/\/www.colorado.com.br\/nosdacolorado\/wp-content\/uploads\/2023\/06\/IMG_6662-350x350.jpg 350w, https:\/\/www.colorado.com.br\/nosdacolorado\/wp-content\/uploads\/2023\/06\/IMG_6662-800x800.jpg 800w\" sizes=\"auto, (max-width: 150px) 100vw, 150px\" \/><\/a>\n\t\t\t<\/dt><\/dl><dl class='gallery-item'>\n\t\t\t<dt class='gallery-icon landscape'>\n\t\t\t\t<a href='https:\/\/www.colorado.com.br\/nosdacolorado\/wp-content\/uploads\/2023\/06\/IMG_6663.jpg'><img loading=\"lazy\" decoding=\"async\" data-attachment-id=\"21121\" data-orig-file=\"https:\/\/www.colorado.com.br\/nosdacolorado\/wp-content\/uploads\/2023\/06\/IMG_6663.jpg\" data-orig-size=\"1206,905\" data-comments-opened=\"1\" data-image-meta=\"{&quot;aperture&quot;:&quot;0&quot;,&quot;credit&quot;:&quot;&quot;,&quot;camera&quot;:&quot;&quot;,&quot;caption&quot;:&quot;&quot;,&quot;created_timestamp&quot;:&quot;0&quot;,&quot;copyright&quot;:&quot;&quot;,&quot;focal_length&quot;:&quot;0&quot;,&quot;iso&quot;:&quot;0&quot;,&quot;shutter_speed&quot;:&quot;0&quot;,&quot;title&quot;:&quot;&quot;,&quot;orientation&quot;:&quot;0&quot;,&quot;keywords&quot;:&quot;Array&quot;}\" data-image-title=\"IMG_6663\" data-image-description=\"\" data-medium-file=\"https:\/\/www.colorado.com.br\/nosdacolorado\/wp-content\/uploads\/2023\/06\/IMG_6663-300x225.jpg\" data-large-file=\"https:\/\/www.colorado.com.br\/nosdacolorado\/wp-content\/uploads\/2023\/06\/IMG_6663-1024x768.jpg\" width=\"150\" height=\"150\" src=\"https:\/\/www.colorado.com.br\/nosdacolorado\/wp-content\/uploads\/2023\/06\/IMG_6663-150x150.jpg\" class=\"attachment-thumbnail size-thumbnail\" alt=\"\" srcset=\"https:\/\/www.colorado.com.br\/nosdacolorado\/wp-content\/uploads\/2023\/06\/IMG_6663-150x150.jpg 150w, https:\/\/www.colorado.com.br\/nosdacolorado\/wp-content\/uploads\/2023\/06\/IMG_6663-100x100.jpg 100w, https:\/\/www.colorado.com.br\/nosdacolorado\/wp-content\/uploads\/2023\/06\/IMG_6663-140x140.jpg 140w, https:\/\/www.colorado.com.br\/nosdacolorado\/wp-content\/uploads\/2023\/06\/IMG_6663-500x500.jpg 500w, https:\/\/www.colorado.com.br\/nosdacolorado\/wp-content\/uploads\/2023\/06\/IMG_6663-350x350.jpg 350w, https:\/\/www.colorado.com.br\/nosdacolorado\/wp-content\/uploads\/2023\/06\/IMG_6663-800x800.jpg 800w\" sizes=\"auto, (max-width: 150px) 100vw, 150px\" \/><\/a>\n\t\t\t<\/dt><\/dl><br style=\"clear: both\" \/><dl class='gallery-item'>\n\t\t\t<dt class='gallery-icon landscape'>\n\t\t\t\t<a href='https:\/\/www.colorado.com.br\/nosdacolorado\/wp-content\/uploads\/2023\/06\/IMG_6664.jpg'><img loading=\"lazy\" decoding=\"async\" data-attachment-id=\"21122\" data-orig-file=\"https:\/\/www.colorado.com.br\/nosdacolorado\/wp-content\/uploads\/2023\/06\/IMG_6664.jpg\" data-orig-size=\"1206,905\" data-comments-opened=\"1\" data-image-meta=\"{&quot;aperture&quot;:&quot;0&quot;,&quot;credit&quot;:&quot;&quot;,&quot;camera&quot;:&quot;&quot;,&quot;caption&quot;:&quot;&quot;,&quot;created_timestamp&quot;:&quot;0&quot;,&quot;copyright&quot;:&quot;&quot;,&quot;focal_length&quot;:&quot;0&quot;,&quot;iso&quot;:&quot;0&quot;,&quot;shutter_speed&quot;:&quot;0&quot;,&quot;title&quot;:&quot;&quot;,&quot;orientation&quot;:&quot;6&quot;,&quot;keywords&quot;:&quot;Array&quot;}\" data-image-title=\"IMG_6664\" data-image-description=\"\" data-medium-file=\"https:\/\/www.colorado.com.br\/nosdacolorado\/wp-content\/uploads\/2023\/06\/IMG_6664-300x225.jpg\" data-large-file=\"https:\/\/www.colorado.com.br\/nosdacolorado\/wp-content\/uploads\/2023\/06\/IMG_6664-1024x768.jpg\" width=\"150\" height=\"150\" src=\"https:\/\/www.colorado.com.br\/nosdacolorado\/wp-content\/uploads\/2023\/06\/IMG_6664-150x150.jpg\" class=\"attachment-thumbnail size-thumbnail\" alt=\"\" srcset=\"https:\/\/www.colorado.com.br\/nosdacolorado\/wp-content\/uploads\/2023\/06\/IMG_6664-150x150.jpg 150w, https:\/\/www.colorado.com.br\/nosdacolorado\/wp-content\/uploads\/2023\/06\/IMG_6664-100x100.jpg 100w, https:\/\/www.colorado.com.br\/nosdacolorado\/wp-content\/uploads\/2023\/06\/IMG_6664-140x140.jpg 140w, https:\/\/www.colorado.com.br\/nosdacolorado\/wp-content\/uploads\/2023\/06\/IMG_6664-500x500.jpg 500w, https:\/\/www.colorado.com.br\/nosdacolorado\/wp-content\/uploads\/2023\/06\/IMG_6664-350x350.jpg 350w, https:\/\/www.colorado.com.br\/nosdacolorado\/wp-content\/uploads\/2023\/06\/IMG_6664-800x800.jpg 800w\" sizes=\"auto, (max-width: 150px) 100vw, 150px\" \/><\/a>\n\t\t\t<\/dt><\/dl><dl class='gallery-item'>\n\t\t\t<dt class='gallery-icon landscape'>\n\t\t\t\t<a href='https:\/\/www.colorado.com.br\/nosdacolorado\/wp-content\/uploads\/2023\/06\/IMG_6665.jpg'><img loading=\"lazy\" decoding=\"async\" data-attachment-id=\"21123\" data-orig-file=\"https:\/\/www.colorado.com.br\/nosdacolorado\/wp-content\/uploads\/2023\/06\/IMG_6665.jpg\" data-orig-size=\"1206,905\" data-comments-opened=\"1\" data-image-meta=\"{&quot;aperture&quot;:&quot;0&quot;,&quot;credit&quot;:&quot;&quot;,&quot;camera&quot;:&quot;&quot;,&quot;caption&quot;:&quot;&quot;,&quot;created_timestamp&quot;:&quot;0&quot;,&quot;copyright&quot;:&quot;&quot;,&quot;focal_length&quot;:&quot;0&quot;,&quot;iso&quot;:&quot;0&quot;,&quot;shutter_speed&quot;:&quot;0&quot;,&quot;title&quot;:&quot;&quot;,&quot;orientation&quot;:&quot;0&quot;,&quot;keywords&quot;:&quot;Array&quot;}\" data-image-title=\"IMG_6665\" data-image-description=\"\" data-medium-file=\"https:\/\/www.colorado.com.br\/nosdacolorado\/wp-content\/uploads\/2023\/06\/IMG_6665-300x225.jpg\" data-large-file=\"https:\/\/www.colorado.com.br\/nosdacolorado\/wp-content\/uploads\/2023\/06\/IMG_6665-1024x768.jpg\" width=\"150\" height=\"150\" src=\"https:\/\/www.colorado.com.br\/nosdacolorado\/wp-content\/uploads\/2023\/06\/IMG_6665-150x150.jpg\" class=\"attachment-thumbnail size-thumbnail\" alt=\"\" srcset=\"https:\/\/www.colorado.com.br\/nosdacolorado\/wp-content\/uploads\/2023\/06\/IMG_6665-150x150.jpg 150w, https:\/\/www.colorado.com.br\/nosdacolorado\/wp-content\/uploads\/2023\/06\/IMG_6665-100x100.jpg 100w, https:\/\/www.colorado.com.br\/nosdacolorado\/wp-content\/uploads\/2023\/06\/IMG_6665-140x140.jpg 140w, https:\/\/www.colorado.com.br\/nosdacolorado\/wp-content\/uploads\/2023\/06\/IMG_6665-500x500.jpg 500w, https:\/\/www.colorado.com.br\/nosdacolorado\/wp-content\/uploads\/2023\/06\/IMG_6665-350x350.jpg 350w, https:\/\/www.colorado.com.br\/nosdacolorado\/wp-content\/uploads\/2023\/06\/IMG_6665-800x800.jpg 800w\" sizes=\"auto, (max-width: 150px) 100vw, 150px\" \/><\/a>\n\t\t\t<\/dt><\/dl><dl class='gallery-item'>\n\t\t\t<dt class='gallery-icon landscape'>\n\t\t\t\t<a href='https:\/\/www.colorado.com.br\/nosdacolorado\/wp-content\/uploads\/2023\/06\/IMG_6666.jpg'><img loading=\"lazy\" decoding=\"async\" data-attachment-id=\"21124\" data-orig-file=\"https:\/\/www.colorado.com.br\/nosdacolorado\/wp-content\/uploads\/2023\/06\/IMG_6666.jpg\" data-orig-size=\"1206,905\" data-comments-opened=\"1\" data-image-meta=\"{&quot;aperture&quot;:&quot;0&quot;,&quot;credit&quot;:&quot;&quot;,&quot;camera&quot;:&quot;&quot;,&quot;caption&quot;:&quot;&quot;,&quot;created_timestamp&quot;:&quot;0&quot;,&quot;copyright&quot;:&quot;&quot;,&quot;focal_length&quot;:&quot;0&quot;,&quot;iso&quot;:&quot;0&quot;,&quot;shutter_speed&quot;:&quot;0&quot;,&quot;title&quot;:&quot;&quot;,&quot;orientation&quot;:&quot;0&quot;,&quot;keywords&quot;:&quot;Array&quot;}\" data-image-title=\"IMG_6666\" data-image-description=\"\" data-medium-file=\"https:\/\/www.colorado.com.br\/nosdacolorado\/wp-content\/uploads\/2023\/06\/IMG_6666-300x225.jpg\" data-large-file=\"https:\/\/www.colorado.com.br\/nosdacolorado\/wp-content\/uploads\/2023\/06\/IMG_6666-1024x768.jpg\" width=\"150\" height=\"150\" src=\"https:\/\/www.colorado.com.br\/nosdacolorado\/wp-content\/uploads\/2023\/06\/IMG_6666-150x150.jpg\" class=\"attachment-thumbnail size-thumbnail\" alt=\"\" srcset=\"https:\/\/www.colorado.com.br\/nosdacolorado\/wp-content\/uploads\/2023\/06\/IMG_6666-150x150.jpg 150w, https:\/\/www.colorado.com.br\/nosdacolorado\/wp-content\/uploads\/2023\/06\/IMG_6666-100x100.jpg 100w, https:\/\/www.colorado.com.br\/nosdacolorado\/wp-content\/uploads\/2023\/06\/IMG_6666-140x140.jpg 140w, https:\/\/www.colorado.com.br\/nosdacolorado\/wp-content\/uploads\/2023\/06\/IMG_6666-500x500.jpg 500w, https:\/\/www.colorado.com.br\/nosdacolorado\/wp-content\/uploads\/2023\/06\/IMG_6666-350x350.jpg 350w, https:\/\/www.colorado.com.br\/nosdacolorado\/wp-content\/uploads\/2023\/06\/IMG_6666-800x800.jpg 800w\" sizes=\"auto, (max-width: 150px) 100vw, 150px\" \/><\/a>\n\t\t\t<\/dt><\/dl><dl class='gallery-item'>\n\t\t\t<dt class='gallery-icon landscape'>\n\t\t\t\t<a href='https:\/\/www.colorado.com.br\/nosdacolorado\/wp-content\/uploads\/2023\/06\/IMG_6667.jpg'><img loading=\"lazy\" decoding=\"async\" data-attachment-id=\"21125\" data-orig-file=\"https:\/\/www.colorado.com.br\/nosdacolorado\/wp-content\/uploads\/2023\/06\/IMG_6667.jpg\" data-orig-size=\"1206,905\" data-comments-opened=\"1\" data-image-meta=\"{&quot;aperture&quot;:&quot;0&quot;,&quot;credit&quot;:&quot;&quot;,&quot;camera&quot;:&quot;&quot;,&quot;caption&quot;:&quot;&quot;,&quot;created_timestamp&quot;:&quot;0&quot;,&quot;copyright&quot;:&quot;&quot;,&quot;focal_length&quot;:&quot;0&quot;,&quot;iso&quot;:&quot;0&quot;,&quot;shutter_speed&quot;:&quot;0&quot;,&quot;title&quot;:&quot;&quot;,&quot;orientation&quot;:&quot;0&quot;,&quot;keywords&quot;:&quot;Array&quot;}\" data-image-title=\"IMG_6667\" data-image-description=\"\" data-medium-file=\"https:\/\/www.colorado.com.br\/nosdacolorado\/wp-content\/uploads\/2023\/06\/IMG_6667-300x225.jpg\" data-large-file=\"https:\/\/www.colorado.com.br\/nosdacolorado\/wp-content\/uploads\/2023\/06\/IMG_6667-1024x768.jpg\" width=\"150\" height=\"150\" src=\"https:\/\/www.colorado.com.br\/nosdacolorado\/wp-content\/uploads\/2023\/06\/IMG_6667-150x150.jpg\" class=\"attachment-thumbnail size-thumbnail\" alt=\"\" srcset=\"https:\/\/www.colorado.com.br\/nosdacolorado\/wp-content\/uploads\/2023\/06\/IMG_6667-150x150.jpg 150w, https:\/\/www.colorado.com.br\/nosdacolorado\/wp-content\/uploads\/2023\/06\/IMG_6667-100x100.jpg 100w, https:\/\/www.colorado.com.br\/nosdacolorado\/wp-content\/uploads\/2023\/06\/IMG_6667-140x140.jpg 140w, https:\/\/www.colorado.com.br\/nosdacolorado\/wp-content\/uploads\/2023\/06\/IMG_6667-500x500.jpg 500w, https:\/\/www.colorado.com.br\/nosdacolorado\/wp-content\/uploads\/2023\/06\/IMG_6667-350x350.jpg 350w, https:\/\/www.colorado.com.br\/nosdacolorado\/wp-content\/uploads\/2023\/06\/IMG_6667-800x800.jpg 800w\" sizes=\"auto, (max-width: 150px) 100vw, 150px\" \/><\/a>\n\t\t\t<\/dt><\/dl><dl class='gallery-item'>\n\t\t\t<dt class='gallery-icon landscape'>\n\t\t\t\t<a href='https:\/\/www.colorado.com.br\/nosdacolorado\/wp-content\/uploads\/2023\/06\/IMG_6668.jpg'><img loading=\"lazy\" decoding=\"async\" data-attachment-id=\"21126\" data-orig-file=\"https:\/\/www.colorado.com.br\/nosdacolorado\/wp-content\/uploads\/2023\/06\/IMG_6668.jpg\" data-orig-size=\"1206,905\" data-comments-opened=\"1\" data-image-meta=\"{&quot;aperture&quot;:&quot;0&quot;,&quot;credit&quot;:&quot;&quot;,&quot;camera&quot;:&quot;&quot;,&quot;caption&quot;:&quot;&quot;,&quot;created_timestamp&quot;:&quot;0&quot;,&quot;copyright&quot;:&quot;&quot;,&quot;focal_length&quot;:&quot;0&quot;,&quot;iso&quot;:&quot;0&quot;,&quot;shutter_speed&quot;:&quot;0&quot;,&quot;title&quot;:&quot;&quot;,&quot;orientation&quot;:&quot;3&quot;,&quot;keywords&quot;:&quot;Array&quot;}\" data-image-title=\"IMG_6668\" data-image-description=\"\" data-medium-file=\"https:\/\/www.colorado.com.br\/nosdacolorado\/wp-content\/uploads\/2023\/06\/IMG_6668-300x225.jpg\" data-large-file=\"https:\/\/www.colorado.com.br\/nosdacolorado\/wp-content\/uploads\/2023\/06\/IMG_6668-1024x768.jpg\" width=\"150\" height=\"150\" src=\"https:\/\/www.colorado.com.br\/nosdacolorado\/wp-content\/uploads\/2023\/06\/IMG_6668-150x150.jpg\" class=\"attachment-thumbnail size-thumbnail\" alt=\"\" srcset=\"https:\/\/www.colorado.com.br\/nosdacolorado\/wp-content\/uploads\/2023\/06\/IMG_6668-150x150.jpg 150w, https:\/\/www.colorado.com.br\/nosdacolorado\/wp-content\/uploads\/2023\/06\/IMG_6668-100x100.jpg 100w, https:\/\/www.colorado.com.br\/nosdacolorado\/wp-content\/uploads\/2023\/06\/IMG_6668-140x140.jpg 140w, https:\/\/www.colorado.com.br\/nosdacolorado\/wp-content\/uploads\/2023\/06\/IMG_6668-500x500.jpg 500w, https:\/\/www.colorado.com.br\/nosdacolorado\/wp-content\/uploads\/2023\/06\/IMG_6668-350x350.jpg 350w, https:\/\/www.colorado.com.br\/nosdacolorado\/wp-content\/uploads\/2023\/06\/IMG_6668-800x800.jpg 800w\" sizes=\"auto, (max-width: 150px) 100vw, 150px\" \/><\/a>\n\t\t\t<\/dt><\/dl><br style=\"clear: both\" \/><dl class='gallery-item'>\n\t\t\t<dt class='gallery-icon landscape'>\n\t\t\t\t<a href='https:\/\/www.colorado.com.br\/nosdacolorado\/wp-content\/uploads\/2023\/06\/IMG_6670.jpg'><img loading=\"lazy\" decoding=\"async\" data-attachment-id=\"21127\" data-orig-file=\"https:\/\/www.colorado.com.br\/nosdacolorado\/wp-content\/uploads\/2023\/06\/IMG_6670.jpg\" data-orig-size=\"1206,905\" data-comments-opened=\"1\" data-image-meta=\"{&quot;aperture&quot;:&quot;0&quot;,&quot;credit&quot;:&quot;&quot;,&quot;camera&quot;:&quot;&quot;,&quot;caption&quot;:&quot;&quot;,&quot;created_timestamp&quot;:&quot;0&quot;,&quot;copyright&quot;:&quot;&quot;,&quot;focal_length&quot;:&quot;0&quot;,&quot;iso&quot;:&quot;0&quot;,&quot;shutter_speed&quot;:&quot;0&quot;,&quot;title&quot;:&quot;&quot;,&quot;orientation&quot;:&quot;0&quot;,&quot;keywords&quot;:&quot;Array&quot;}\" data-image-title=\"IMG_6670\" data-image-description=\"\" data-medium-file=\"https:\/\/www.colorado.com.br\/nosdacolorado\/wp-content\/uploads\/2023\/06\/IMG_6670-300x225.jpg\" data-large-file=\"https:\/\/www.colorado.com.br\/nosdacolorado\/wp-content\/uploads\/2023\/06\/IMG_6670-1024x768.jpg\" width=\"150\" height=\"150\" src=\"https:\/\/www.colorado.com.br\/nosdacolorado\/wp-content\/uploads\/2023\/06\/IMG_6670-150x150.jpg\" class=\"attachment-thumbnail size-thumbnail\" alt=\"\" srcset=\"https:\/\/www.colorado.com.br\/nosdacolorado\/wp-content\/uploads\/2023\/06\/IMG_6670-150x150.jpg 150w, https:\/\/www.colorado.com.br\/nosdacolorado\/wp-content\/uploads\/2023\/06\/IMG_6670-100x100.jpg 100w, https:\/\/www.colorado.com.br\/nosdacolorado\/wp-content\/uploads\/2023\/06\/IMG_6670-140x140.jpg 140w, https:\/\/www.colorado.com.br\/nosdacolorado\/wp-content\/uploads\/2023\/06\/IMG_6670-500x500.jpg 500w, https:\/\/www.colorado.com.br\/nosdacolorado\/wp-content\/uploads\/2023\/06\/IMG_6670-350x350.jpg 350w, https:\/\/www.colorado.com.br\/nosdacolorado\/wp-content\/uploads\/2023\/06\/IMG_6670-800x800.jpg 800w\" sizes=\"auto, (max-width: 150px) 100vw, 150px\" \/><\/a>\n\t\t\t<\/dt><\/dl><dl class='gallery-item'>\n\t\t\t<dt class='gallery-icon landscape'>\n\t\t\t\t<a href='https:\/\/www.colorado.com.br\/nosdacolorado\/wp-content\/uploads\/2023\/06\/IMG_6671.jpg'><img loading=\"lazy\" decoding=\"async\" data-attachment-id=\"21128\" data-orig-file=\"https:\/\/www.colorado.com.br\/nosdacolorado\/wp-content\/uploads\/2023\/06\/IMG_6671.jpg\" data-orig-size=\"1206,905\" data-comments-opened=\"1\" data-image-meta=\"{&quot;aperture&quot;:&quot;0&quot;,&quot;credit&quot;:&quot;&quot;,&quot;camera&quot;:&quot;&quot;,&quot;caption&quot;:&quot;&quot;,&quot;created_timestamp&quot;:&quot;0&quot;,&quot;copyright&quot;:&quot;&quot;,&quot;focal_length&quot;:&quot;0&quot;,&quot;iso&quot;:&quot;0&quot;,&quot;shutter_speed&quot;:&quot;0&quot;,&quot;title&quot;:&quot;&quot;,&quot;orientation&quot;:&quot;0&quot;,&quot;keywords&quot;:&quot;Array&quot;}\" data-image-title=\"IMG_6671\" data-image-description=\"\" data-medium-file=\"https:\/\/www.colorado.com.br\/nosdacolorado\/wp-content\/uploads\/2023\/06\/IMG_6671-300x225.jpg\" data-large-file=\"https:\/\/www.colorado.com.br\/nosdacolorado\/wp-content\/uploads\/2023\/06\/IMG_6671-1024x768.jpg\" width=\"150\" height=\"150\" src=\"https:\/\/www.colorado.com.br\/nosdacolorado\/wp-content\/uploads\/2023\/06\/IMG_6671-150x150.jpg\" class=\"attachment-thumbnail size-thumbnail\" alt=\"\" srcset=\"https:\/\/www.colorado.com.br\/nosdacolorado\/wp-content\/uploads\/2023\/06\/IMG_6671-150x150.jpg 150w, https:\/\/www.colorado.com.br\/nosdacolorado\/wp-content\/uploads\/2023\/06\/IMG_6671-100x100.jpg 100w, https:\/\/www.colorado.com.br\/nosdacolorado\/wp-content\/uploads\/2023\/06\/IMG_6671-140x140.jpg 140w, https:\/\/www.colorado.com.br\/nosdacolorado\/wp-content\/uploads\/2023\/06\/IMG_6671-500x500.jpg 500w, https:\/\/www.colorado.com.br\/nosdacolorado\/wp-content\/uploads\/2023\/06\/IMG_6671-350x350.jpg 350w, https:\/\/www.colorado.com.br\/nosdacolorado\/wp-content\/uploads\/2023\/06\/IMG_6671-800x800.jpg 800w\" sizes=\"auto, (max-width: 150px) 100vw, 150px\" \/><\/a>\n\t\t\t<\/dt><\/dl><dl class='gallery-item'>\n\t\t\t<dt class='gallery-icon landscape'>\n\t\t\t\t<a href='https:\/\/www.colorado.com.br\/nosdacolorado\/wp-content\/uploads\/2023\/06\/IMG_6672.jpg'><img loading=\"lazy\" decoding=\"async\" data-attachment-id=\"21129\" data-orig-file=\"https:\/\/www.colorado.com.br\/nosdacolorado\/wp-content\/uploads\/2023\/06\/IMG_6672.jpg\" data-orig-size=\"1206,905\" data-comments-opened=\"1\" data-image-meta=\"{&quot;aperture&quot;:&quot;0&quot;,&quot;credit&quot;:&quot;&quot;,&quot;camera&quot;:&quot;&quot;,&quot;caption&quot;:&quot;&quot;,&quot;created_timestamp&quot;:&quot;0&quot;,&quot;copyright&quot;:&quot;&quot;,&quot;focal_length&quot;:&quot;0&quot;,&quot;iso&quot;:&quot;0&quot;,&quot;shutter_speed&quot;:&quot;0&quot;,&quot;title&quot;:&quot;&quot;,&quot;orientation&quot;:&quot;0&quot;,&quot;keywords&quot;:&quot;Array&quot;}\" data-image-title=\"IMG_6672\" data-image-description=\"\" data-medium-file=\"https:\/\/www.colorado.com.br\/nosdacolorado\/wp-content\/uploads\/2023\/06\/IMG_6672-300x225.jpg\" data-large-file=\"https:\/\/www.colorado.com.br\/nosdacolorado\/wp-content\/uploads\/2023\/06\/IMG_6672-1024x768.jpg\" width=\"150\" height=\"150\" src=\"https:\/\/www.colorado.com.br\/nosdacolorado\/wp-content\/uploads\/2023\/06\/IMG_6672-150x150.jpg\" class=\"attachment-thumbnail size-thumbnail\" alt=\"\" srcset=\"https:\/\/www.colorado.com.br\/nosdacolorado\/wp-content\/uploads\/2023\/06\/IMG_6672-150x150.jpg 150w, https:\/\/www.colorado.com.br\/nosdacolorado\/wp-content\/uploads\/2023\/06\/IMG_6672-100x100.jpg 100w, https:\/\/www.colorado.com.br\/nosdacolorado\/wp-content\/uploads\/2023\/06\/IMG_6672-140x140.jpg 140w, https:\/\/www.colorado.com.br\/nosdacolorado\/wp-content\/uploads\/2023\/06\/IMG_6672-500x500.jpg 500w, https:\/\/www.colorado.com.br\/nosdacolorado\/wp-content\/uploads\/2023\/06\/IMG_6672-350x350.jpg 350w, https:\/\/www.colorado.com.br\/nosdacolorado\/wp-content\/uploads\/2023\/06\/IMG_6672-800x800.jpg 800w\" sizes=\"auto, (max-width: 150px) 100vw, 150px\" \/><\/a>\n\t\t\t<\/dt><\/dl><dl class='gallery-item'>\n\t\t\t<dt class='gallery-icon landscape'>\n\t\t\t\t<a href='https:\/\/www.colorado.com.br\/nosdacolorado\/wp-content\/uploads\/2023\/06\/IMG_6673.jpg'><img loading=\"lazy\" decoding=\"async\" data-attachment-id=\"21130\" data-orig-file=\"https:\/\/www.colorado.com.br\/nosdacolorado\/wp-content\/uploads\/2023\/06\/IMG_6673.jpg\" data-orig-size=\"1206,905\" data-comments-opened=\"1\" data-image-meta=\"{&quot;aperture&quot;:&quot;0&quot;,&quot;credit&quot;:&quot;&quot;,&quot;camera&quot;:&quot;&quot;,&quot;caption&quot;:&quot;&quot;,&quot;created_timestamp&quot;:&quot;0&quot;,&quot;copyright&quot;:&quot;&quot;,&quot;focal_length&quot;:&quot;0&quot;,&quot;iso&quot;:&quot;0&quot;,&quot;shutter_speed&quot;:&quot;0&quot;,&quot;title&quot;:&quot;&quot;,&quot;orientation&quot;:&quot;0&quot;,&quot;keywords&quot;:&quot;Array&quot;}\" data-image-title=\"IMG_6673\" data-image-description=\"\" data-medium-file=\"https:\/\/www.colorado.com.br\/nosdacolorado\/wp-content\/uploads\/2023\/06\/IMG_6673-300x225.jpg\" data-large-file=\"https:\/\/www.colorado.com.br\/nosdacolorado\/wp-content\/uploads\/2023\/06\/IMG_6673-1024x768.jpg\" width=\"150\" height=\"150\" src=\"https:\/\/www.colorado.com.br\/nosdacolorado\/wp-content\/uploads\/2023\/06\/IMG_6673-150x150.jpg\" class=\"attachment-thumbnail size-thumbnail\" alt=\"\" srcset=\"https:\/\/www.colorado.com.br\/nosdacolorado\/wp-content\/uploads\/2023\/06\/IMG_6673-150x150.jpg 150w, https:\/\/www.colorado.com.br\/nosdacolorado\/wp-content\/uploads\/2023\/06\/IMG_6673-100x100.jpg 100w, https:\/\/www.colorado.com.br\/nosdacolorado\/wp-content\/uploads\/2023\/06\/IMG_6673-140x140.jpg 140w, https:\/\/www.colorado.com.br\/nosdacolorado\/wp-content\/uploads\/2023\/06\/IMG_6673-500x500.jpg 500w, https:\/\/www.colorado.com.br\/nosdacolorado\/wp-content\/uploads\/2023\/06\/IMG_6673-350x350.jpg 350w, https:\/\/www.colorado.com.br\/nosdacolorado\/wp-content\/uploads\/2023\/06\/IMG_6673-800x800.jpg 800w\" sizes=\"auto, (max-width: 150px) 100vw, 150px\" \/><\/a>\n\t\t\t<\/dt><\/dl><dl class='gallery-item'>\n\t\t\t<dt class='gallery-icon landscape'>\n\t\t\t\t<a href='https:\/\/www.colorado.com.br\/nosdacolorado\/wp-content\/uploads\/2023\/06\/IMG_6676.jpg'><img loading=\"lazy\" decoding=\"async\" data-attachment-id=\"21131\" data-orig-file=\"https:\/\/www.colorado.com.br\/nosdacolorado\/wp-content\/uploads\/2023\/06\/IMG_6676.jpg\" data-orig-size=\"1206,905\" data-comments-opened=\"1\" data-image-meta=\"{&quot;aperture&quot;:&quot;0&quot;,&quot;credit&quot;:&quot;&quot;,&quot;camera&quot;:&quot;&quot;,&quot;caption&quot;:&quot;&quot;,&quot;created_timestamp&quot;:&quot;0&quot;,&quot;copyright&quot;:&quot;&quot;,&quot;focal_length&quot;:&quot;0&quot;,&quot;iso&quot;:&quot;0&quot;,&quot;shutter_speed&quot;:&quot;0&quot;,&quot;title&quot;:&quot;&quot;,&quot;orientation&quot;:&quot;0&quot;,&quot;keywords&quot;:&quot;Array&quot;}\" data-image-title=\"IMG_6676\" data-image-description=\"\" data-medium-file=\"https:\/\/www.colorado.com.br\/nosdacolorado\/wp-content\/uploads\/2023\/06\/IMG_6676-300x225.jpg\" data-large-file=\"https:\/\/www.colorado.com.br\/nosdacolorado\/wp-content\/uploads\/2023\/06\/IMG_6676-1024x768.jpg\" width=\"150\" height=\"150\" src=\"https:\/\/www.colorado.com.br\/nosdacolorado\/wp-content\/uploads\/2023\/06\/IMG_6676-150x150.jpg\" class=\"attachment-thumbnail size-thumbnail\" alt=\"\" srcset=\"https:\/\/www.colorado.com.br\/nosdacolorado\/wp-content\/uploads\/2023\/06\/IMG_6676-150x150.jpg 150w, https:\/\/www.colorado.com.br\/nosdacolorado\/wp-content\/uploads\/2023\/06\/IMG_6676-100x100.jpg 100w, https:\/\/www.colorado.com.br\/nosdacolorado\/wp-content\/uploads\/2023\/06\/IMG_6676-140x140.jpg 140w, https:\/\/www.colorado.com.br\/nosdacolorado\/wp-content\/uploads\/2023\/06\/IMG_6676-500x500.jpg 500w, https:\/\/www.colorado.com.br\/nosdacolorado\/wp-content\/uploads\/2023\/06\/IMG_6676-350x350.jpg 350w, https:\/\/www.colorado.com.br\/nosdacolorado\/wp-content\/uploads\/2023\/06\/IMG_6676-800x800.jpg 800w\" sizes=\"auto, (max-width: 150px) 100vw, 150px\" \/><\/a>\n\t\t\t<\/dt><\/dl><br style=\"clear: both\" \/><dl class='gallery-item'>\n\t\t\t<dt class='gallery-icon landscape'>\n\t\t\t\t<a href='https:\/\/www.colorado.com.br\/nosdacolorado\/wp-content\/uploads\/2023\/06\/IMG_6677.jpg'><img loading=\"lazy\" decoding=\"async\" data-attachment-id=\"21132\" data-orig-file=\"https:\/\/www.colorado.com.br\/nosdacolorado\/wp-content\/uploads\/2023\/06\/IMG_6677.jpg\" data-orig-size=\"1206,905\" data-comments-opened=\"1\" data-image-meta=\"{&quot;aperture&quot;:&quot;0&quot;,&quot;credit&quot;:&quot;&quot;,&quot;camera&quot;:&quot;&quot;,&quot;caption&quot;:&quot;&quot;,&quot;created_timestamp&quot;:&quot;0&quot;,&quot;copyright&quot;:&quot;&quot;,&quot;focal_length&quot;:&quot;0&quot;,&quot;iso&quot;:&quot;0&quot;,&quot;shutter_speed&quot;:&quot;0&quot;,&quot;title&quot;:&quot;&quot;,&quot;orientation&quot;:&quot;0&quot;,&quot;keywords&quot;:&quot;Array&quot;}\" data-image-title=\"IMG_6677\" data-image-description=\"\" data-medium-file=\"https:\/\/www.colorado.com.br\/nosdacolorado\/wp-content\/uploads\/2023\/06\/IMG_6677-300x225.jpg\" data-large-file=\"https:\/\/www.colorado.com.br\/nosdacolorado\/wp-content\/uploads\/2023\/06\/IMG_6677-1024x768.jpg\" width=\"150\" height=\"150\" src=\"https:\/\/www.colorado.com.br\/nosdacolorado\/wp-content\/uploads\/2023\/06\/IMG_6677-150x150.jpg\" class=\"attachment-thumbnail size-thumbnail\" alt=\"\" srcset=\"https:\/\/www.colorado.com.br\/nosdacolorado\/wp-content\/uploads\/2023\/06\/IMG_6677-150x150.jpg 150w, https:\/\/www.colorado.com.br\/nosdacolorado\/wp-content\/uploads\/2023\/06\/IMG_6677-100x100.jpg 100w, https:\/\/www.colorado.com.br\/nosdacolorado\/wp-content\/uploads\/2023\/06\/IMG_6677-140x140.jpg 140w, https:\/\/www.colorado.com.br\/nosdacolorado\/wp-content\/uploads\/2023\/06\/IMG_6677-500x500.jpg 500w, https:\/\/www.colorado.com.br\/nosdacolorado\/wp-content\/uploads\/2023\/06\/IMG_6677-350x350.jpg 350w, https:\/\/www.colorado.com.br\/nosdacolorado\/wp-content\/uploads\/2023\/06\/IMG_6677-800x800.jpg 800w\" sizes=\"auto, (max-width: 150px) 100vw, 150px\" \/><\/a>\n\t\t\t<\/dt><\/dl><dl class='gallery-item'>\n\t\t\t<dt class='gallery-icon landscape'>\n\t\t\t\t<a href='https:\/\/www.colorado.com.br\/nosdacolorado\/wp-content\/uploads\/2023\/06\/IMG_6678.jpg'><img loading=\"lazy\" decoding=\"async\" data-attachment-id=\"21133\" data-orig-file=\"https:\/\/www.colorado.com.br\/nosdacolorado\/wp-content\/uploads\/2023\/06\/IMG_6678.jpg\" data-orig-size=\"1206,905\" data-comments-opened=\"1\" data-image-meta=\"{&quot;aperture&quot;:&quot;0&quot;,&quot;credit&quot;:&quot;&quot;,&quot;camera&quot;:&quot;&quot;,&quot;caption&quot;:&quot;&quot;,&quot;created_timestamp&quot;:&quot;0&quot;,&quot;copyright&quot;:&quot;&quot;,&quot;focal_length&quot;:&quot;0&quot;,&quot;iso&quot;:&quot;0&quot;,&quot;shutter_speed&quot;:&quot;0&quot;,&quot;title&quot;:&quot;&quot;,&quot;orientation&quot;:&quot;0&quot;,&quot;keywords&quot;:&quot;Array&quot;}\" data-image-title=\"IMG_6678\" data-image-description=\"\" data-medium-file=\"https:\/\/www.colorado.com.br\/nosdacolorado\/wp-content\/uploads\/2023\/06\/IMG_6678-300x225.jpg\" data-large-file=\"https:\/\/www.colorado.com.br\/nosdacolorado\/wp-content\/uploads\/2023\/06\/IMG_6678-1024x768.jpg\" width=\"150\" height=\"150\" src=\"https:\/\/www.colorado.com.br\/nosdacolorado\/wp-content\/uploads\/2023\/06\/IMG_6678-150x150.jpg\" class=\"attachment-thumbnail size-thumbnail\" alt=\"\" srcset=\"https:\/\/www.colorado.com.br\/nosdacolorado\/wp-content\/uploads\/2023\/06\/IMG_6678-150x150.jpg 150w, https:\/\/www.colorado.com.br\/nosdacolorado\/wp-content\/uploads\/2023\/06\/IMG_6678-100x100.jpg 100w, https:\/\/www.colorado.com.br\/nosdacolorado\/wp-content\/uploads\/2023\/06\/IMG_6678-140x140.jpg 140w, https:\/\/www.colorado.com.br\/nosdacolorado\/wp-content\/uploads\/2023\/06\/IMG_6678-500x500.jpg 500w, https:\/\/www.colorado.com.br\/nosdacolorado\/wp-content\/uploads\/2023\/06\/IMG_6678-350x350.jpg 350w, https:\/\/www.colorado.com.br\/nosdacolorado\/wp-content\/uploads\/2023\/06\/IMG_6678-800x800.jpg 800w\" sizes=\"auto, (max-width: 150px) 100vw, 150px\" \/><\/a>\n\t\t\t<\/dt><\/dl><dl class='gallery-item'>\n\t\t\t<dt class='gallery-icon landscape'>\n\t\t\t\t<a href='https:\/\/www.colorado.com.br\/nosdacolorado\/wp-content\/uploads\/2023\/06\/IMG_6679.jpg'><img loading=\"lazy\" decoding=\"async\" data-attachment-id=\"21134\" data-orig-file=\"https:\/\/www.colorado.com.br\/nosdacolorado\/wp-content\/uploads\/2023\/06\/IMG_6679.jpg\" data-orig-size=\"1206,905\" data-comments-opened=\"1\" data-image-meta=\"{&quot;aperture&quot;:&quot;0&quot;,&quot;credit&quot;:&quot;&quot;,&quot;camera&quot;:&quot;&quot;,&quot;caption&quot;:&quot;&quot;,&quot;created_timestamp&quot;:&quot;0&quot;,&quot;copyright&quot;:&quot;&quot;,&quot;focal_length&quot;:&quot;0&quot;,&quot;iso&quot;:&quot;0&quot;,&quot;shutter_speed&quot;:&quot;0&quot;,&quot;title&quot;:&quot;&quot;,&quot;orientation&quot;:&quot;6&quot;,&quot;keywords&quot;:&quot;Array&quot;}\" data-image-title=\"IMG_6679\" data-image-description=\"\" data-medium-file=\"https:\/\/www.colorado.com.br\/nosdacolorado\/wp-content\/uploads\/2023\/06\/IMG_6679-300x225.jpg\" data-large-file=\"https:\/\/www.colorado.com.br\/nosdacolorado\/wp-content\/uploads\/2023\/06\/IMG_6679-1024x768.jpg\" width=\"150\" height=\"150\" src=\"https:\/\/www.colorado.com.br\/nosdacolorado\/wp-content\/uploads\/2023\/06\/IMG_6679-150x150.jpg\" class=\"attachment-thumbnail size-thumbnail\" alt=\"\" srcset=\"https:\/\/www.colorado.com.br\/nosdacolorado\/wp-content\/uploads\/2023\/06\/IMG_6679-150x150.jpg 150w, https:\/\/www.colorado.com.br\/nosdacolorado\/wp-content\/uploads\/2023\/06\/IMG_6679-100x100.jpg 100w, https:\/\/www.colorado.com.br\/nosdacolorado\/wp-content\/uploads\/2023\/06\/IMG_6679-140x140.jpg 140w, https:\/\/www.colorado.com.br\/nosdacolorado\/wp-content\/uploads\/2023\/06\/IMG_6679-500x500.jpg 500w, https:\/\/www.colorado.com.br\/nosdacolorado\/wp-content\/uploads\/2023\/06\/IMG_6679-350x350.jpg 350w, https:\/\/www.colorado.com.br\/nosdacolorado\/wp-content\/uploads\/2023\/06\/IMG_6679-800x800.jpg 800w\" sizes=\"auto, (max-width: 150px) 100vw, 150px\" \/><\/a>\n\t\t\t<\/dt><\/dl><dl class='gallery-item'>\n\t\t\t<dt class='gallery-icon landscape'>\n\t\t\t\t<a href='https:\/\/www.colorado.com.br\/nosdacolorado\/wp-content\/uploads\/2023\/06\/IMG_6680.jpg'><img loading=\"lazy\" decoding=\"async\" data-attachment-id=\"21135\" data-orig-file=\"https:\/\/www.colorado.com.br\/nosdacolorado\/wp-content\/uploads\/2023\/06\/IMG_6680.jpg\" data-orig-size=\"1206,905\" data-comments-opened=\"1\" data-image-meta=\"{&quot;aperture&quot;:&quot;0&quot;,&quot;credit&quot;:&quot;&quot;,&quot;camera&quot;:&quot;&quot;,&quot;caption&quot;:&quot;&quot;,&quot;created_timestamp&quot;:&quot;0&quot;,&quot;copyright&quot;:&quot;&quot;,&quot;focal_length&quot;:&quot;0&quot;,&quot;iso&quot;:&quot;0&quot;,&quot;shutter_speed&quot;:&quot;0&quot;,&quot;title&quot;:&quot;&quot;,&quot;orientation&quot;:&quot;6&quot;,&quot;keywords&quot;:&quot;Array&quot;}\" data-image-title=\"IMG_6680\" data-image-description=\"\" data-medium-file=\"https:\/\/www.colorado.com.br\/nosdacolorado\/wp-content\/uploads\/2023\/06\/IMG_6680-300x225.jpg\" data-large-file=\"https:\/\/www.colorado.com.br\/nosdacolorado\/wp-content\/uploads\/2023\/06\/IMG_6680-1024x768.jpg\" width=\"150\" height=\"150\" src=\"https:\/\/www.colorado.com.br\/nosdacolorado\/wp-content\/uploads\/2023\/06\/IMG_6680-150x150.jpg\" class=\"attachment-thumbnail size-thumbnail\" alt=\"\" srcset=\"https:\/\/www.colorado.com.br\/nosdacolorado\/wp-content\/uploads\/2023\/06\/IMG_6680-150x150.jpg 150w, https:\/\/www.colorado.com.br\/nosdacolorado\/wp-content\/uploads\/2023\/06\/IMG_6680-100x100.jpg 100w, https:\/\/www.colorado.com.br\/nosdacolorado\/wp-content\/uploads\/2023\/06\/IMG_6680-140x140.jpg 140w, https:\/\/www.colorado.com.br\/nosdacolorado\/wp-content\/uploads\/2023\/06\/IMG_6680-500x500.jpg 500w, https:\/\/www.colorado.com.br\/nosdacolorado\/wp-content\/uploads\/2023\/06\/IMG_6680-350x350.jpg 350w, https:\/\/www.colorado.com.br\/nosdacolorado\/wp-content\/uploads\/2023\/06\/IMG_6680-800x800.jpg 800w\" sizes=\"auto, (max-width: 150px) 100vw, 150px\" \/><\/a>\n\t\t\t<\/dt><\/dl><dl class='gallery-item'>\n\t\t\t<dt class='gallery-icon landscape'>\n\t\t\t\t<a href='https:\/\/www.colorado.com.br\/nosdacolorado\/wp-content\/uploads\/2023\/06\/IMG_6681.jpg'><img loading=\"lazy\" decoding=\"async\" data-attachment-id=\"21136\" data-orig-file=\"https:\/\/www.colorado.com.br\/nosdacolorado\/wp-content\/uploads\/2023\/06\/IMG_6681.jpg\" data-orig-size=\"1206,905\" data-comments-opened=\"1\" data-image-meta=\"{&quot;aperture&quot;:&quot;0&quot;,&quot;credit&quot;:&quot;&quot;,&quot;camera&quot;:&quot;&quot;,&quot;caption&quot;:&quot;&quot;,&quot;created_timestamp&quot;:&quot;0&quot;,&quot;copyright&quot;:&quot;&quot;,&quot;focal_length&quot;:&quot;0&quot;,&quot;iso&quot;:&quot;0&quot;,&quot;shutter_speed&quot;:&quot;0&quot;,&quot;title&quot;:&quot;&quot;,&quot;orientation&quot;:&quot;6&quot;,&quot;keywords&quot;:&quot;Array&quot;}\" data-image-title=\"IMG_6681\" data-image-description=\"\" data-medium-file=\"https:\/\/www.colorado.com.br\/nosdacolorado\/wp-content\/uploads\/2023\/06\/IMG_6681-300x225.jpg\" data-large-file=\"https:\/\/www.colorado.com.br\/nosdacolorado\/wp-content\/uploads\/2023\/06\/IMG_6681-1024x768.jpg\" width=\"150\" height=\"150\" src=\"https:\/\/www.colorado.com.br\/nosdacolorado\/wp-content\/uploads\/2023\/06\/IMG_6681-150x150.jpg\" class=\"attachment-thumbnail size-thumbnail\" alt=\"\" srcset=\"https:\/\/www.colorado.com.br\/nosdacolorado\/wp-content\/uploads\/2023\/06\/IMG_6681-150x150.jpg 150w, https:\/\/www.colorado.com.br\/nosdacolorado\/wp-content\/uploads\/2023\/06\/IMG_6681-100x100.jpg 100w, https:\/\/www.colorado.com.br\/nosdacolorado\/wp-content\/uploads\/2023\/06\/IMG_6681-140x140.jpg 140w, https:\/\/www.colorado.com.br\/nosdacolorado\/wp-content\/uploads\/2023\/06\/IMG_6681-500x500.jpg 500w, https:\/\/www.colorado.com.br\/nosdacolorado\/wp-content\/uploads\/2023\/06\/IMG_6681-350x350.jpg 350w, https:\/\/www.colorado.com.br\/nosdacolorado\/wp-content\/uploads\/2023\/06\/IMG_6681-800x800.jpg 800w\" sizes=\"auto, (max-width: 150px) 100vw, 150px\" \/><\/a>\n\t\t\t<\/dt><\/dl><br style=\"clear: both\" \/><dl class='gallery-item'>\n\t\t\t<dt class='gallery-icon landscape'>\n\t\t\t\t<a href='https:\/\/www.colorado.com.br\/nosdacolorado\/wp-content\/uploads\/2023\/06\/IMG_6682.jpg'><img loading=\"lazy\" decoding=\"async\" data-attachment-id=\"21137\" data-orig-file=\"https:\/\/www.colorado.com.br\/nosdacolorado\/wp-content\/uploads\/2023\/06\/IMG_6682.jpg\" data-orig-size=\"1206,905\" data-comments-opened=\"1\" data-image-meta=\"{&quot;aperture&quot;:&quot;0&quot;,&quot;credit&quot;:&quot;&quot;,&quot;camera&quot;:&quot;&quot;,&quot;caption&quot;:&quot;&quot;,&quot;created_timestamp&quot;:&quot;0&quot;,&quot;copyright&quot;:&quot;&quot;,&quot;focal_length&quot;:&quot;0&quot;,&quot;iso&quot;:&quot;0&quot;,&quot;shutter_speed&quot;:&quot;0&quot;,&quot;title&quot;:&quot;&quot;,&quot;orientation&quot;:&quot;0&quot;,&quot;keywords&quot;:&quot;Array&quot;}\" data-image-title=\"IMG_6682\" data-image-description=\"\" data-medium-file=\"https:\/\/www.colorado.com.br\/nosdacolorado\/wp-content\/uploads\/2023\/06\/IMG_6682-300x225.jpg\" data-large-file=\"https:\/\/www.colorado.com.br\/nosdacolorado\/wp-content\/uploads\/2023\/06\/IMG_6682-1024x768.jpg\" width=\"150\" height=\"150\" src=\"https:\/\/www.colorado.com.br\/nosdacolorado\/wp-content\/uploads\/2023\/06\/IMG_6682-150x150.jpg\" class=\"attachment-thumbnail size-thumbnail\" alt=\"\" srcset=\"https:\/\/www.colorado.com.br\/nosdacolorado\/wp-content\/uploads\/2023\/06\/IMG_6682-150x150.jpg 150w, https:\/\/www.colorado.com.br\/nosdacolorado\/wp-content\/uploads\/2023\/06\/IMG_6682-100x100.jpg 100w, https:\/\/www.colorado.com.br\/nosdacolorado\/wp-content\/uploads\/2023\/06\/IMG_6682-140x140.jpg 140w, https:\/\/www.colorado.com.br\/nosdacolorado\/wp-content\/uploads\/2023\/06\/IMG_6682-500x500.jpg 500w, https:\/\/www.colorado.com.br\/nosdacolorado\/wp-content\/uploads\/2023\/06\/IMG_6682-350x350.jpg 350w, https:\/\/www.colorado.com.br\/nosdacolorado\/wp-content\/uploads\/2023\/06\/IMG_6682-800x800.jpg 800w\" sizes=\"auto, (max-width: 150px) 100vw, 150px\" \/><\/a>\n\t\t\t<\/dt><\/dl><dl class='gallery-item'>\n\t\t\t<dt class='gallery-icon landscape'>\n\t\t\t\t<a href='https:\/\/www.colorado.com.br\/nosdacolorado\/wp-content\/uploads\/2023\/06\/IMG_6683.jpg'><img loading=\"lazy\" decoding=\"async\" data-attachment-id=\"21138\" data-orig-file=\"https:\/\/www.colorado.com.br\/nosdacolorado\/wp-content\/uploads\/2023\/06\/IMG_6683.jpg\" data-orig-size=\"1206,905\" data-comments-opened=\"1\" data-image-meta=\"{&quot;aperture&quot;:&quot;0&quot;,&quot;credit&quot;:&quot;&quot;,&quot;camera&quot;:&quot;&quot;,&quot;caption&quot;:&quot;&quot;,&quot;created_timestamp&quot;:&quot;0&quot;,&quot;copyright&quot;:&quot;&quot;,&quot;focal_length&quot;:&quot;0&quot;,&quot;iso&quot;:&quot;0&quot;,&quot;shutter_speed&quot;:&quot;0&quot;,&quot;title&quot;:&quot;&quot;,&quot;orientation&quot;:&quot;0&quot;,&quot;keywords&quot;:&quot;Array&quot;}\" data-image-title=\"IMG_6683\" data-image-description=\"\" data-medium-file=\"https:\/\/www.colorado.com.br\/nosdacolorado\/wp-content\/uploads\/2023\/06\/IMG_6683-300x225.jpg\" data-large-file=\"https:\/\/www.colorado.com.br\/nosdacolorado\/wp-content\/uploads\/2023\/06\/IMG_6683-1024x768.jpg\" width=\"150\" height=\"150\" src=\"https:\/\/www.colorado.com.br\/nosdacolorado\/wp-content\/uploads\/2023\/06\/IMG_6683-150x150.jpg\" class=\"attachment-thumbnail size-thumbnail\" alt=\"\" srcset=\"https:\/\/www.colorado.com.br\/nosdacolorado\/wp-content\/uploads\/2023\/06\/IMG_6683-150x150.jpg 150w, https:\/\/www.colorado.com.br\/nosdacolorado\/wp-content\/uploads\/2023\/06\/IMG_6683-100x100.jpg 100w, https:\/\/www.colorado.com.br\/nosdacolorado\/wp-content\/uploads\/2023\/06\/IMG_6683-140x140.jpg 140w, https:\/\/www.colorado.com.br\/nosdacolorado\/wp-content\/uploads\/2023\/06\/IMG_6683-500x500.jpg 500w, https:\/\/www.colorado.com.br\/nosdacolorado\/wp-content\/uploads\/2023\/06\/IMG_6683-350x350.jpg 350w, https:\/\/www.colorado.com.br\/nosdacolorado\/wp-content\/uploads\/2023\/06\/IMG_6683-800x800.jpg 800w\" sizes=\"auto, (max-width: 150px) 100vw, 150px\" \/><\/a>\n\t\t\t<\/dt><\/dl><dl class='gallery-item'>\n\t\t\t<dt class='gallery-icon landscape'>\n\t\t\t\t<a href='https:\/\/www.colorado.com.br\/nosdacolorado\/wp-content\/uploads\/2023\/06\/IMG_6684.jpg'><img loading=\"lazy\" decoding=\"async\" data-attachment-id=\"21139\" data-orig-file=\"https:\/\/www.colorado.com.br\/nosdacolorado\/wp-content\/uploads\/2023\/06\/IMG_6684.jpg\" data-orig-size=\"1206,905\" data-comments-opened=\"1\" data-image-meta=\"{&quot;aperture&quot;:&quot;0&quot;,&quot;credit&quot;:&quot;&quot;,&quot;camera&quot;:&quot;&quot;,&quot;caption&quot;:&quot;&quot;,&quot;created_timestamp&quot;:&quot;0&quot;,&quot;copyright&quot;:&quot;&quot;,&quot;focal_length&quot;:&quot;0&quot;,&quot;iso&quot;:&quot;0&quot;,&quot;shutter_speed&quot;:&quot;0&quot;,&quot;title&quot;:&quot;&quot;,&quot;orientation&quot;:&quot;0&quot;,&quot;keywords&quot;:&quot;Array&quot;}\" data-image-title=\"IMG_6684\" data-image-description=\"\" data-medium-file=\"https:\/\/www.colorado.com.br\/nosdacolorado\/wp-content\/uploads\/2023\/06\/IMG_6684-300x225.jpg\" data-large-file=\"https:\/\/www.colorado.com.br\/nosdacolorado\/wp-content\/uploads\/2023\/06\/IMG_6684-1024x768.jpg\" width=\"150\" height=\"150\" src=\"https:\/\/www.colorado.com.br\/nosdacolorado\/wp-content\/uploads\/2023\/06\/IMG_6684-150x150.jpg\" class=\"attachment-thumbnail size-thumbnail\" alt=\"\" srcset=\"https:\/\/www.colorado.com.br\/nosdacolorado\/wp-content\/uploads\/2023\/06\/IMG_6684-150x150.jpg 150w, https:\/\/www.colorado.com.br\/nosdacolorado\/wp-content\/uploads\/2023\/06\/IMG_6684-100x100.jpg 100w, https:\/\/www.colorado.com.br\/nosdacolorado\/wp-content\/uploads\/2023\/06\/IMG_6684-140x140.jpg 140w, https:\/\/www.colorado.com.br\/nosdacolorado\/wp-content\/uploads\/2023\/06\/IMG_6684-500x500.jpg 500w, https:\/\/www.colorado.com.br\/nosdacolorado\/wp-content\/uploads\/2023\/06\/IMG_6684-350x350.jpg 350w, https:\/\/www.colorado.com.br\/nosdacolorado\/wp-content\/uploads\/2023\/06\/IMG_6684-800x800.jpg 800w\" sizes=\"auto, (max-width: 150px) 100vw, 150px\" \/><\/a>\n\t\t\t<\/dt><\/dl><dl class='gallery-item'>\n\t\t\t<dt class='gallery-icon landscape'>\n\t\t\t\t<a href='https:\/\/www.colorado.com.br\/nosdacolorado\/wp-content\/uploads\/2023\/06\/IMG_6685.jpg'><img loading=\"lazy\" decoding=\"async\" data-attachment-id=\"21140\" data-orig-file=\"https:\/\/www.colorado.com.br\/nosdacolorado\/wp-content\/uploads\/2023\/06\/IMG_6685.jpg\" data-orig-size=\"1206,905\" data-comments-opened=\"1\" data-image-meta=\"{&quot;aperture&quot;:&quot;0&quot;,&quot;credit&quot;:&quot;&quot;,&quot;camera&quot;:&quot;&quot;,&quot;caption&quot;:&quot;&quot;,&quot;created_timestamp&quot;:&quot;0&quot;,&quot;copyright&quot;:&quot;&quot;,&quot;focal_length&quot;:&quot;0&quot;,&quot;iso&quot;:&quot;0&quot;,&quot;shutter_speed&quot;:&quot;0&quot;,&quot;title&quot;:&quot;&quot;,&quot;orientation&quot;:&quot;6&quot;,&quot;keywords&quot;:&quot;Array&quot;}\" data-image-title=\"IMG_6685\" data-image-description=\"\" data-medium-file=\"https:\/\/www.colorado.com.br\/nosdacolorado\/wp-content\/uploads\/2023\/06\/IMG_6685-300x225.jpg\" data-large-file=\"https:\/\/www.colorado.com.br\/nosdacolorado\/wp-content\/uploads\/2023\/06\/IMG_6685-1024x768.jpg\" width=\"150\" height=\"150\" src=\"https:\/\/www.colorado.com.br\/nosdacolorado\/wp-content\/uploads\/2023\/06\/IMG_6685-150x150.jpg\" class=\"attachment-thumbnail size-thumbnail\" alt=\"\" srcset=\"https:\/\/www.colorado.com.br\/nosdacolorado\/wp-content\/uploads\/2023\/06\/IMG_6685-150x150.jpg 150w, https:\/\/www.colorado.com.br\/nosdacolorado\/wp-content\/uploads\/2023\/06\/IMG_6685-100x100.jpg 100w, https:\/\/www.colorado.com.br\/nosdacolorado\/wp-content\/uploads\/2023\/06\/IMG_6685-140x140.jpg 140w, https:\/\/www.colorado.com.br\/nosdacolorado\/wp-content\/uploads\/2023\/06\/IMG_6685-500x500.jpg 500w, https:\/\/www.colorado.com.br\/nosdacolorado\/wp-content\/uploads\/2023\/06\/IMG_6685-350x350.jpg 350w, https:\/\/www.colorado.com.br\/nosdacolorado\/wp-content\/uploads\/2023\/06\/IMG_6685-800x800.jpg 800w\" sizes=\"auto, (max-width: 150px) 100vw, 150px\" \/><\/a>\n\t\t\t<\/dt><\/dl><dl class='gallery-item'>\n\t\t\t<dt class='gallery-icon landscape'>\n\t\t\t\t<a href='https:\/\/www.colorado.com.br\/nosdacolorado\/wp-content\/uploads\/2023\/06\/IMG_6686.jpg'><img loading=\"lazy\" decoding=\"async\" data-attachment-id=\"21141\" data-orig-file=\"https:\/\/www.colorado.com.br\/nosdacolorado\/wp-content\/uploads\/2023\/06\/IMG_6686.jpg\" data-orig-size=\"1206,905\" data-comments-opened=\"1\" data-image-meta=\"{&quot;aperture&quot;:&quot;0&quot;,&quot;credit&quot;:&quot;&quot;,&quot;camera&quot;:&quot;&quot;,&quot;caption&quot;:&quot;&quot;,&quot;created_timestamp&quot;:&quot;0&quot;,&quot;copyright&quot;:&quot;&quot;,&quot;focal_length&quot;:&quot;0&quot;,&quot;iso&quot;:&quot;0&quot;,&quot;shutter_speed&quot;:&quot;0&quot;,&quot;title&quot;:&quot;&quot;,&quot;orientation&quot;:&quot;6&quot;,&quot;keywords&quot;:&quot;Array&quot;}\" data-image-title=\"IMG_6686\" data-image-description=\"\" data-medium-file=\"https:\/\/www.colorado.com.br\/nosdacolorado\/wp-content\/uploads\/2023\/06\/IMG_6686-300x225.jpg\" data-large-file=\"https:\/\/www.colorado.com.br\/nosdacolorado\/wp-content\/uploads\/2023\/06\/IMG_6686-1024x768.jpg\" width=\"150\" height=\"150\" src=\"https:\/\/www.colorado.com.br\/nosdacolorado\/wp-content\/uploads\/2023\/06\/IMG_6686-150x150.jpg\" class=\"attachment-thumbnail size-thumbnail\" alt=\"\" srcset=\"https:\/\/www.colorado.com.br\/nosdacolorado\/wp-content\/uploads\/2023\/06\/IMG_6686-150x150.jpg 150w, https:\/\/www.colorado.com.br\/nosdacolorado\/wp-content\/uploads\/2023\/06\/IMG_6686-100x100.jpg 100w, https:\/\/www.colorado.com.br\/nosdacolorado\/wp-content\/uploads\/2023\/06\/IMG_6686-140x140.jpg 140w, https:\/\/www.colorado.com.br\/nosdacolorado\/wp-content\/uploads\/2023\/06\/IMG_6686-500x500.jpg 500w, https:\/\/www.colorado.com.br\/nosdacolorado\/wp-content\/uploads\/2023\/06\/IMG_6686-350x350.jpg 350w, https:\/\/www.colorado.com.br\/nosdacolorado\/wp-content\/uploads\/2023\/06\/IMG_6686-800x800.jpg 800w\" sizes=\"auto, (max-width: 150px) 100vw, 150px\" \/><\/a>\n\t\t\t<\/dt><\/dl><br style=\"clear: both\" \/><dl class='gallery-item'>\n\t\t\t<dt class='gallery-icon landscape'>\n\t\t\t\t<a href='https:\/\/www.colorado.com.br\/nosdacolorado\/wp-content\/uploads\/2023\/06\/IMG_6687.jpg'><img loading=\"lazy\" decoding=\"async\" data-attachment-id=\"21142\" data-orig-file=\"https:\/\/www.colorado.com.br\/nosdacolorado\/wp-content\/uploads\/2023\/06\/IMG_6687.jpg\" data-orig-size=\"1206,905\" data-comments-opened=\"1\" data-image-meta=\"{&quot;aperture&quot;:&quot;0&quot;,&quot;credit&quot;:&quot;&quot;,&quot;camera&quot;:&quot;&quot;,&quot;caption&quot;:&quot;&quot;,&quot;created_timestamp&quot;:&quot;0&quot;,&quot;copyright&quot;:&quot;&quot;,&quot;focal_length&quot;:&quot;0&quot;,&quot;iso&quot;:&quot;0&quot;,&quot;shutter_speed&quot;:&quot;0&quot;,&quot;title&quot;:&quot;&quot;,&quot;orientation&quot;:&quot;6&quot;,&quot;keywords&quot;:&quot;Array&quot;}\" data-image-title=\"IMG_6687\" data-image-description=\"\" data-medium-file=\"https:\/\/www.colorado.com.br\/nosdacolorado\/wp-content\/uploads\/2023\/06\/IMG_6687-300x225.jpg\" data-large-file=\"https:\/\/www.colorado.com.br\/nosdacolorado\/wp-content\/uploads\/2023\/06\/IMG_6687-1024x768.jpg\" width=\"150\" height=\"150\" src=\"https:\/\/www.colorado.com.br\/nosdacolorado\/wp-content\/uploads\/2023\/06\/IMG_6687-150x150.jpg\" class=\"attachment-thumbnail size-thumbnail\" alt=\"\" srcset=\"https:\/\/www.colorado.com.br\/nosdacolorado\/wp-content\/uploads\/2023\/06\/IMG_6687-150x150.jpg 150w, https:\/\/www.colorado.com.br\/nosdacolorado\/wp-content\/uploads\/2023\/06\/IMG_6687-100x100.jpg 100w, https:\/\/www.colorado.com.br\/nosdacolorado\/wp-content\/uploads\/2023\/06\/IMG_6687-140x140.jpg 140w, https:\/\/www.colorado.com.br\/nosdacolorado\/wp-content\/uploads\/2023\/06\/IMG_6687-500x500.jpg 500w, https:\/\/www.colorado.com.br\/nosdacolorado\/wp-content\/uploads\/2023\/06\/IMG_6687-350x350.jpg 350w, https:\/\/www.colorado.com.br\/nosdacolorado\/wp-content\/uploads\/2023\/06\/IMG_6687-800x800.jpg 800w\" sizes=\"auto, (max-width: 150px) 100vw, 150px\" \/><\/a>\n\t\t\t<\/dt><\/dl><dl class='gallery-item'>\n\t\t\t<dt class='gallery-icon landscape'>\n\t\t\t\t<a href='https:\/\/www.colorado.com.br\/nosdacolorado\/wp-content\/uploads\/2023\/06\/IMG_6689.jpg'><img loading=\"lazy\" decoding=\"async\" data-attachment-id=\"21143\" data-orig-file=\"https:\/\/www.colorado.com.br\/nosdacolorado\/wp-content\/uploads\/2023\/06\/IMG_6689.jpg\" data-orig-size=\"1206,905\" data-comments-opened=\"1\" data-image-meta=\"{&quot;aperture&quot;:&quot;0&quot;,&quot;credit&quot;:&quot;&quot;,&quot;camera&quot;:&quot;&quot;,&quot;caption&quot;:&quot;&quot;,&quot;created_timestamp&quot;:&quot;0&quot;,&quot;copyright&quot;:&quot;&quot;,&quot;focal_length&quot;:&quot;0&quot;,&quot;iso&quot;:&quot;0&quot;,&quot;shutter_speed&quot;:&quot;0&quot;,&quot;title&quot;:&quot;&quot;,&quot;orientation&quot;:&quot;0&quot;,&quot;keywords&quot;:&quot;Array&quot;}\" data-image-title=\"IMG_6689\" data-image-description=\"\" data-medium-file=\"https:\/\/www.colorado.com.br\/nosdacolorado\/wp-content\/uploads\/2023\/06\/IMG_6689-300x225.jpg\" data-large-file=\"https:\/\/www.colorado.com.br\/nosdacolorado\/wp-content\/uploads\/2023\/06\/IMG_6689-1024x768.jpg\" width=\"150\" height=\"150\" src=\"https:\/\/www.colorado.com.br\/nosdacolorado\/wp-content\/uploads\/2023\/06\/IMG_6689-150x150.jpg\" class=\"attachment-thumbnail size-thumbnail\" alt=\"\" srcset=\"https:\/\/www.colorado.com.br\/nosdacolorado\/wp-content\/uploads\/2023\/06\/IMG_6689-150x150.jpg 150w, https:\/\/www.colorado.com.br\/nosdacolorado\/wp-content\/uploads\/2023\/06\/IMG_6689-100x100.jpg 100w, https:\/\/www.colorado.com.br\/nosdacolorado\/wp-content\/uploads\/2023\/06\/IMG_6689-140x140.jpg 140w, https:\/\/www.colorado.com.br\/nosdacolorado\/wp-content\/uploads\/2023\/06\/IMG_6689-500x500.jpg 500w, https:\/\/www.colorado.com.br\/nosdacolorado\/wp-content\/uploads\/2023\/06\/IMG_6689-350x350.jpg 350w, https:\/\/www.colorado.com.br\/nosdacolorado\/wp-content\/uploads\/2023\/06\/IMG_6689-800x800.jpg 800w\" sizes=\"auto, (max-width: 150px) 100vw, 150px\" \/><\/a>\n\t\t\t<\/dt><\/dl><dl class='gallery-item'>\n\t\t\t<dt class='gallery-icon landscape'>\n\t\t\t\t<a href='https:\/\/www.colorado.com.br\/nosdacolorado\/wp-content\/uploads\/2023\/06\/IMG_6690.jpg'><img loading=\"lazy\" decoding=\"async\" data-attachment-id=\"21144\" data-orig-file=\"https:\/\/www.colorado.com.br\/nosdacolorado\/wp-content\/uploads\/2023\/06\/IMG_6690.jpg\" data-orig-size=\"1206,905\" data-comments-opened=\"1\" data-image-meta=\"{&quot;aperture&quot;:&quot;0&quot;,&quot;credit&quot;:&quot;&quot;,&quot;camera&quot;:&quot;&quot;,&quot;caption&quot;:&quot;&quot;,&quot;created_timestamp&quot;:&quot;0&quot;,&quot;copyright&quot;:&quot;&quot;,&quot;focal_length&quot;:&quot;0&quot;,&quot;iso&quot;:&quot;0&quot;,&quot;shutter_speed&quot;:&quot;0&quot;,&quot;title&quot;:&quot;&quot;,&quot;orientation&quot;:&quot;0&quot;,&quot;keywords&quot;:&quot;Array&quot;}\" data-image-title=\"IMG_6690\" data-image-description=\"\" data-medium-file=\"https:\/\/www.colorado.com.br\/nosdacolorado\/wp-content\/uploads\/2023\/06\/IMG_6690-300x225.jpg\" data-large-file=\"https:\/\/www.colorado.com.br\/nosdacolorado\/wp-content\/uploads\/2023\/06\/IMG_6690-1024x768.jpg\" width=\"150\" height=\"150\" src=\"https:\/\/www.colorado.com.br\/nosdacolorado\/wp-content\/uploads\/2023\/06\/IMG_6690-150x150.jpg\" class=\"attachment-thumbnail size-thumbnail\" alt=\"\" srcset=\"https:\/\/www.colorado.com.br\/nosdacolorado\/wp-content\/uploads\/2023\/06\/IMG_6690-150x150.jpg 150w, https:\/\/www.colorado.com.br\/nosdacolorado\/wp-content\/uploads\/2023\/06\/IMG_6690-100x100.jpg 100w, https:\/\/www.colorado.com.br\/nosdacolorado\/wp-content\/uploads\/2023\/06\/IMG_6690-140x140.jpg 140w, https:\/\/www.colorado.com.br\/nosdacolorado\/wp-content\/uploads\/2023\/06\/IMG_6690-500x500.jpg 500w, https:\/\/www.colorado.com.br\/nosdacolorado\/wp-content\/uploads\/2023\/06\/IMG_6690-350x350.jpg 350w, https:\/\/www.colorado.com.br\/nosdacolorado\/wp-content\/uploads\/2023\/06\/IMG_6690-800x800.jpg 800w\" sizes=\"auto, (max-width: 150px) 100vw, 150px\" \/><\/a>\n\t\t\t<\/dt><\/dl><dl class='gallery-item'>\n\t\t\t<dt class='gallery-icon landscape'>\n\t\t\t\t<a href='https:\/\/www.colorado.com.br\/nosdacolorado\/wp-content\/uploads\/2023\/06\/IMG_6691.jpg'><img loading=\"lazy\" decoding=\"async\" data-attachment-id=\"21145\" data-orig-file=\"https:\/\/www.colorado.com.br\/nosdacolorado\/wp-content\/uploads\/2023\/06\/IMG_6691.jpg\" data-orig-size=\"1206,905\" data-comments-opened=\"1\" data-image-meta=\"{&quot;aperture&quot;:&quot;0&quot;,&quot;credit&quot;:&quot;&quot;,&quot;camera&quot;:&quot;&quot;,&quot;caption&quot;:&quot;&quot;,&quot;created_timestamp&quot;:&quot;0&quot;,&quot;copyright&quot;:&quot;&quot;,&quot;focal_length&quot;:&quot;0&quot;,&quot;iso&quot;:&quot;0&quot;,&quot;shutter_speed&quot;:&quot;0&quot;,&quot;title&quot;:&quot;&quot;,&quot;orientation&quot;:&quot;0&quot;,&quot;keywords&quot;:&quot;Array&quot;}\" data-image-title=\"IMG_6691\" data-image-description=\"\" data-medium-file=\"https:\/\/www.colorado.com.br\/nosdacolorado\/wp-content\/uploads\/2023\/06\/IMG_6691-300x225.jpg\" data-large-file=\"https:\/\/www.colorado.com.br\/nosdacolorado\/wp-content\/uploads\/2023\/06\/IMG_6691-1024x768.jpg\" width=\"150\" height=\"150\" src=\"https:\/\/www.colorado.com.br\/nosdacolorado\/wp-content\/uploads\/2023\/06\/IMG_6691-150x150.jpg\" class=\"attachment-thumbnail size-thumbnail\" alt=\"\" srcset=\"https:\/\/www.colorado.com.br\/nosdacolorado\/wp-content\/uploads\/2023\/06\/IMG_6691-150x150.jpg 150w, https:\/\/www.colorado.com.br\/nosdacolorado\/wp-content\/uploads\/2023\/06\/IMG_6691-100x100.jpg 100w, https:\/\/www.colorado.com.br\/nosdacolorado\/wp-content\/uploads\/2023\/06\/IMG_6691-140x140.jpg 140w, https:\/\/www.colorado.com.br\/nosdacolorado\/wp-content\/uploads\/2023\/06\/IMG_6691-500x500.jpg 500w, https:\/\/www.colorado.com.br\/nosdacolorado\/wp-content\/uploads\/2023\/06\/IMG_6691-350x350.jpg 350w, https:\/\/www.colorado.com.br\/nosdacolorado\/wp-content\/uploads\/2023\/06\/IMG_6691-800x800.jpg 800w\" sizes=\"auto, (max-width: 150px) 100vw, 150px\" \/><\/a>\n\t\t\t<\/dt><\/dl><dl class='gallery-item'>\n\t\t\t<dt class='gallery-icon landscape'>\n\t\t\t\t<a href='https:\/\/www.colorado.com.br\/nosdacolorado\/wp-content\/uploads\/2023\/06\/IMG_6692.jpg'><img loading=\"lazy\" decoding=\"async\" data-attachment-id=\"21146\" data-orig-file=\"https:\/\/www.colorado.com.br\/nosdacolorado\/wp-content\/uploads\/2023\/06\/IMG_6692.jpg\" data-orig-size=\"1206,905\" data-comments-opened=\"1\" data-image-meta=\"{&quot;aperture&quot;:&quot;0&quot;,&quot;credit&quot;:&quot;&quot;,&quot;camera&quot;:&quot;&quot;,&quot;caption&quot;:&quot;&quot;,&quot;created_timestamp&quot;:&quot;0&quot;,&quot;copyright&quot;:&quot;&quot;,&quot;focal_length&quot;:&quot;0&quot;,&quot;iso&quot;:&quot;0&quot;,&quot;shutter_speed&quot;:&quot;0&quot;,&quot;title&quot;:&quot;&quot;,&quot;orientation&quot;:&quot;0&quot;,&quot;keywords&quot;:&quot;Array&quot;}\" data-image-title=\"IMG_6692\" data-image-description=\"\" data-medium-file=\"https:\/\/www.colorado.com.br\/nosdacolorado\/wp-content\/uploads\/2023\/06\/IMG_6692-300x225.jpg\" data-large-file=\"https:\/\/www.colorado.com.br\/nosdacolorado\/wp-content\/uploads\/2023\/06\/IMG_6692-1024x768.jpg\" width=\"150\" height=\"150\" src=\"https:\/\/www.colorado.com.br\/nosdacolorado\/wp-content\/uploads\/2023\/06\/IMG_6692-150x150.jpg\" class=\"attachment-thumbnail size-thumbnail\" alt=\"\" srcset=\"https:\/\/www.colorado.com.br\/nosdacolorado\/wp-content\/uploads\/2023\/06\/IMG_6692-150x150.jpg 150w, https:\/\/www.colorado.com.br\/nosdacolorado\/wp-content\/uploads\/2023\/06\/IMG_6692-100x100.jpg 100w, https:\/\/www.colorado.com.br\/nosdacolorado\/wp-content\/uploads\/2023\/06\/IMG_6692-140x140.jpg 140w, https:\/\/www.colorado.com.br\/nosdacolorado\/wp-content\/uploads\/2023\/06\/IMG_6692-500x500.jpg 500w, https:\/\/www.colorado.com.br\/nosdacolorado\/wp-content\/uploads\/2023\/06\/IMG_6692-350x350.jpg 350w, https:\/\/www.colorado.com.br\/nosdacolorado\/wp-content\/uploads\/2023\/06\/IMG_6692-800x800.jpg 800w\" sizes=\"auto, (max-width: 150px) 100vw, 150px\" \/><\/a>\n\t\t\t<\/dt><\/dl><br style=\"clear: both\" \/><dl class='gallery-item'>\n\t\t\t<dt class='gallery-icon landscape'>\n\t\t\t\t<a href='https:\/\/www.colorado.com.br\/nosdacolorado\/wp-content\/uploads\/2023\/06\/IMG_6693.jpg'><img loading=\"lazy\" decoding=\"async\" data-attachment-id=\"21147\" data-orig-file=\"https:\/\/www.colorado.com.br\/nosdacolorado\/wp-content\/uploads\/2023\/06\/IMG_6693.jpg\" data-orig-size=\"1206,905\" data-comments-opened=\"1\" data-image-meta=\"{&quot;aperture&quot;:&quot;0&quot;,&quot;credit&quot;:&quot;&quot;,&quot;camera&quot;:&quot;&quot;,&quot;caption&quot;:&quot;&quot;,&quot;created_timestamp&quot;:&quot;0&quot;,&quot;copyright&quot;:&quot;&quot;,&quot;focal_length&quot;:&quot;0&quot;,&quot;iso&quot;:&quot;0&quot;,&quot;shutter_speed&quot;:&quot;0&quot;,&quot;title&quot;:&quot;&quot;,&quot;orientation&quot;:&quot;0&quot;,&quot;keywords&quot;:&quot;Array&quot;}\" data-image-title=\"IMG_6693\" data-image-description=\"\" data-medium-file=\"https:\/\/www.colorado.com.br\/nosdacolorado\/wp-content\/uploads\/2023\/06\/IMG_6693-300x225.jpg\" data-large-file=\"https:\/\/www.colorado.com.br\/nosdacolorado\/wp-content\/uploads\/2023\/06\/IMG_6693-1024x768.jpg\" width=\"150\" height=\"150\" src=\"https:\/\/www.colorado.com.br\/nosdacolorado\/wp-content\/uploads\/2023\/06\/IMG_6693-150x150.jpg\" class=\"attachment-thumbnail size-thumbnail\" alt=\"\" srcset=\"https:\/\/www.colorado.com.br\/nosdacolorado\/wp-content\/uploads\/2023\/06\/IMG_6693-150x150.jpg 150w, https:\/\/www.colorado.com.br\/nosdacolorado\/wp-content\/uploads\/2023\/06\/IMG_6693-100x100.jpg 100w, https:\/\/www.colorado.com.br\/nosdacolorado\/wp-content\/uploads\/2023\/06\/IMG_6693-140x140.jpg 140w, https:\/\/www.colorado.com.br\/nosdacolorado\/wp-content\/uploads\/2023\/06\/IMG_6693-500x500.jpg 500w, https:\/\/www.colorado.com.br\/nosdacolorado\/wp-content\/uploads\/2023\/06\/IMG_6693-350x350.jpg 350w, https:\/\/www.colorado.com.br\/nosdacolorado\/wp-content\/uploads\/2023\/06\/IMG_6693-800x800.jpg 800w\" sizes=\"auto, (max-width: 150px) 100vw, 150px\" \/><\/a>\n\t\t\t<\/dt><\/dl><dl class='gallery-item'>\n\t\t\t<dt class='gallery-icon landscape'>\n\t\t\t\t<a href='https:\/\/www.colorado.com.br\/nosdacolorado\/wp-content\/uploads\/2023\/06\/IMG_6694.jpg'><img loading=\"lazy\" decoding=\"async\" data-attachment-id=\"21148\" data-orig-file=\"https:\/\/www.colorado.com.br\/nosdacolorado\/wp-content\/uploads\/2023\/06\/IMG_6694.jpg\" data-orig-size=\"1206,905\" data-comments-opened=\"1\" data-image-meta=\"{&quot;aperture&quot;:&quot;0&quot;,&quot;credit&quot;:&quot;&quot;,&quot;camera&quot;:&quot;&quot;,&quot;caption&quot;:&quot;&quot;,&quot;created_timestamp&quot;:&quot;0&quot;,&quot;copyright&quot;:&quot;&quot;,&quot;focal_length&quot;:&quot;0&quot;,&quot;iso&quot;:&quot;0&quot;,&quot;shutter_speed&quot;:&quot;0&quot;,&quot;title&quot;:&quot;&quot;,&quot;orientation&quot;:&quot;0&quot;,&quot;keywords&quot;:&quot;Array&quot;}\" data-image-title=\"IMG_6694\" data-image-description=\"\" data-medium-file=\"https:\/\/www.colorado.com.br\/nosdacolorado\/wp-content\/uploads\/2023\/06\/IMG_6694-300x225.jpg\" data-large-file=\"https:\/\/www.colorado.com.br\/nosdacolorado\/wp-content\/uploads\/2023\/06\/IMG_6694-1024x768.jpg\" width=\"150\" height=\"150\" src=\"https:\/\/www.colorado.com.br\/nosdacolorado\/wp-content\/uploads\/2023\/06\/IMG_6694-150x150.jpg\" class=\"attachment-thumbnail size-thumbnail\" alt=\"\" srcset=\"https:\/\/www.colorado.com.br\/nosdacolorado\/wp-content\/uploads\/2023\/06\/IMG_6694-150x150.jpg 150w, https:\/\/www.colorado.com.br\/nosdacolorado\/wp-content\/uploads\/2023\/06\/IMG_6694-100x100.jpg 100w, https:\/\/www.colorado.com.br\/nosdacolorado\/wp-content\/uploads\/2023\/06\/IMG_6694-140x140.jpg 140w, https:\/\/www.colorado.com.br\/nosdacolorado\/wp-content\/uploads\/2023\/06\/IMG_6694-500x500.jpg 500w, https:\/\/www.colorado.com.br\/nosdacolorado\/wp-content\/uploads\/2023\/06\/IMG_6694-350x350.jpg 350w, https:\/\/www.colorado.com.br\/nosdacolorado\/wp-content\/uploads\/2023\/06\/IMG_6694-800x800.jpg 800w\" sizes=\"auto, (max-width: 150px) 100vw, 150px\" \/><\/a>\n\t\t\t<\/dt><\/dl><dl class='gallery-item'>\n\t\t\t<dt class='gallery-icon landscape'>\n\t\t\t\t<a href='https:\/\/www.colorado.com.br\/nosdacolorado\/wp-content\/uploads\/2023\/06\/IMG_6695.jpg'><img loading=\"lazy\" decoding=\"async\" data-attachment-id=\"21149\" data-orig-file=\"https:\/\/www.colorado.com.br\/nosdacolorado\/wp-content\/uploads\/2023\/06\/IMG_6695.jpg\" data-orig-size=\"1206,905\" data-comments-opened=\"1\" data-image-meta=\"{&quot;aperture&quot;:&quot;0&quot;,&quot;credit&quot;:&quot;&quot;,&quot;camera&quot;:&quot;&quot;,&quot;caption&quot;:&quot;&quot;,&quot;created_timestamp&quot;:&quot;0&quot;,&quot;copyright&quot;:&quot;&quot;,&quot;focal_length&quot;:&quot;0&quot;,&quot;iso&quot;:&quot;0&quot;,&quot;shutter_speed&quot;:&quot;0&quot;,&quot;title&quot;:&quot;&quot;,&quot;orientation&quot;:&quot;0&quot;,&quot;keywords&quot;:&quot;Array&quot;}\" data-image-title=\"IMG_6695\" data-image-description=\"\" data-medium-file=\"https:\/\/www.colorado.com.br\/nosdacolorado\/wp-content\/uploads\/2023\/06\/IMG_6695-300x225.jpg\" data-large-file=\"https:\/\/www.colorado.com.br\/nosdacolorado\/wp-content\/uploads\/2023\/06\/IMG_6695-1024x768.jpg\" width=\"150\" height=\"150\" src=\"https:\/\/www.colorado.com.br\/nosdacolorado\/wp-content\/uploads\/2023\/06\/IMG_6695-150x150.jpg\" class=\"attachment-thumbnail size-thumbnail\" alt=\"\" srcset=\"https:\/\/www.colorado.com.br\/nosdacolorado\/wp-content\/uploads\/2023\/06\/IMG_6695-150x150.jpg 150w, https:\/\/www.colorado.com.br\/nosdacolorado\/wp-content\/uploads\/2023\/06\/IMG_6695-100x100.jpg 100w, https:\/\/www.colorado.com.br\/nosdacolorado\/wp-content\/uploads\/2023\/06\/IMG_6695-140x140.jpg 140w, https:\/\/www.colorado.com.br\/nosdacolorado\/wp-content\/uploads\/2023\/06\/IMG_6695-500x500.jpg 500w, https:\/\/www.colorado.com.br\/nosdacolorado\/wp-content\/uploads\/2023\/06\/IMG_6695-350x350.jpg 350w, https:\/\/www.colorado.com.br\/nosdacolorado\/wp-content\/uploads\/2023\/06\/IMG_6695-800x800.jpg 800w\" sizes=\"auto, (max-width: 150px) 100vw, 150px\" \/><\/a>\n\t\t\t<\/dt><\/dl><dl class='gallery-item'>\n\t\t\t<dt class='gallery-icon landscape'>\n\t\t\t\t<a href='https:\/\/www.colorado.com.br\/nosdacolorado\/wp-content\/uploads\/2023\/06\/IMG_6696.jpg'><img loading=\"lazy\" decoding=\"async\" data-attachment-id=\"21150\" data-orig-file=\"https:\/\/www.colorado.com.br\/nosdacolorado\/wp-content\/uploads\/2023\/06\/IMG_6696.jpg\" data-orig-size=\"1206,905\" data-comments-opened=\"1\" data-image-meta=\"{&quot;aperture&quot;:&quot;0&quot;,&quot;credit&quot;:&quot;&quot;,&quot;camera&quot;:&quot;&quot;,&quot;caption&quot;:&quot;&quot;,&quot;created_timestamp&quot;:&quot;0&quot;,&quot;copyright&quot;:&quot;&quot;,&quot;focal_length&quot;:&quot;0&quot;,&quot;iso&quot;:&quot;0&quot;,&quot;shutter_speed&quot;:&quot;0&quot;,&quot;title&quot;:&quot;&quot;,&quot;orientation&quot;:&quot;0&quot;,&quot;keywords&quot;:&quot;Array&quot;}\" data-image-title=\"IMG_6696\" data-image-description=\"\" data-medium-file=\"https:\/\/www.colorado.com.br\/nosdacolorado\/wp-content\/uploads\/2023\/06\/IMG_6696-300x225.jpg\" data-large-file=\"https:\/\/www.colorado.com.br\/nosdacolorado\/wp-content\/uploads\/2023\/06\/IMG_6696-1024x768.jpg\" width=\"150\" height=\"150\" src=\"https:\/\/www.colorado.com.br\/nosdacolorado\/wp-content\/uploads\/2023\/06\/IMG_6696-150x150.jpg\" class=\"attachment-thumbnail size-thumbnail\" alt=\"\" srcset=\"https:\/\/www.colorado.com.br\/nosdacolorado\/wp-content\/uploads\/2023\/06\/IMG_6696-150x150.jpg 150w, https:\/\/www.colorado.com.br\/nosdacolorado\/wp-content\/uploads\/2023\/06\/IMG_6696-100x100.jpg 100w, https:\/\/www.colorado.com.br\/nosdacolorado\/wp-content\/uploads\/2023\/06\/IMG_6696-140x140.jpg 140w, https:\/\/www.colorado.com.br\/nosdacolorado\/wp-content\/uploads\/2023\/06\/IMG_6696-500x500.jpg 500w, https:\/\/www.colorado.com.br\/nosdacolorado\/wp-content\/uploads\/2023\/06\/IMG_6696-350x350.jpg 350w, https:\/\/www.colorado.com.br\/nosdacolorado\/wp-content\/uploads\/2023\/06\/IMG_6696-800x800.jpg 800w\" sizes=\"auto, (max-width: 150px) 100vw, 150px\" \/><\/a>\n\t\t\t<\/dt><\/dl><dl class='gallery-item'>\n\t\t\t<dt class='gallery-icon landscape'>\n\t\t\t\t<a href='https:\/\/www.colorado.com.br\/nosdacolorado\/wp-content\/uploads\/2023\/06\/IMG_6698.jpg'><img loading=\"lazy\" decoding=\"async\" data-attachment-id=\"21151\" data-orig-file=\"https:\/\/www.colorado.com.br\/nosdacolorado\/wp-content\/uploads\/2023\/06\/IMG_6698.jpg\" data-orig-size=\"1206,905\" data-comments-opened=\"1\" data-image-meta=\"{&quot;aperture&quot;:&quot;0&quot;,&quot;credit&quot;:&quot;&quot;,&quot;camera&quot;:&quot;&quot;,&quot;caption&quot;:&quot;&quot;,&quot;created_timestamp&quot;:&quot;0&quot;,&quot;copyright&quot;:&quot;&quot;,&quot;focal_length&quot;:&quot;0&quot;,&quot;iso&quot;:&quot;0&quot;,&quot;shutter_speed&quot;:&quot;0&quot;,&quot;title&quot;:&quot;&quot;,&quot;orientation&quot;:&quot;0&quot;,&quot;keywords&quot;:&quot;Array&quot;}\" data-image-title=\"IMG_6698\" data-image-description=\"\" data-medium-file=\"https:\/\/www.colorado.com.br\/nosdacolorado\/wp-content\/uploads\/2023\/06\/IMG_6698-300x225.jpg\" data-large-file=\"https:\/\/www.colorado.com.br\/nosdacolorado\/wp-content\/uploads\/2023\/06\/IMG_6698-1024x768.jpg\" width=\"150\" height=\"150\" src=\"https:\/\/www.colorado.com.br\/nosdacolorado\/wp-content\/uploads\/2023\/06\/IMG_6698-150x150.jpg\" class=\"attachment-thumbnail size-thumbnail\" alt=\"\" srcset=\"https:\/\/www.colorado.com.br\/nosdacolorado\/wp-content\/uploads\/2023\/06\/IMG_6698-150x150.jpg 150w, https:\/\/www.colorado.com.br\/nosdacolorado\/wp-content\/uploads\/2023\/06\/IMG_6698-100x100.jpg 100w, https:\/\/www.colorado.com.br\/nosdacolorado\/wp-content\/uploads\/2023\/06\/IMG_6698-140x140.jpg 140w, https:\/\/www.colorado.com.br\/nosdacolorado\/wp-content\/uploads\/2023\/06\/IMG_6698-500x500.jpg 500w, https:\/\/www.colorado.com.br\/nosdacolorado\/wp-content\/uploads\/2023\/06\/IMG_6698-350x350.jpg 350w, https:\/\/www.colorado.com.br\/nosdacolorado\/wp-content\/uploads\/2023\/06\/IMG_6698-800x800.jpg 800w\" sizes=\"auto, (max-width: 150px) 100vw, 150px\" \/><\/a>\n\t\t\t<\/dt><\/dl><br style=\"clear: both\" \/><dl class='gallery-item'>\n\t\t\t<dt class='gallery-icon landscape'>\n\t\t\t\t<a href='https:\/\/www.colorado.com.br\/nosdacolorado\/wp-content\/uploads\/2023\/06\/IMG_6699.jpg'><img loading=\"lazy\" decoding=\"async\" data-attachment-id=\"21152\" data-orig-file=\"https:\/\/www.colorado.com.br\/nosdacolorado\/wp-content\/uploads\/2023\/06\/IMG_6699.jpg\" data-orig-size=\"1206,905\" data-comments-opened=\"1\" data-image-meta=\"{&quot;aperture&quot;:&quot;0&quot;,&quot;credit&quot;:&quot;&quot;,&quot;camera&quot;:&quot;&quot;,&quot;caption&quot;:&quot;&quot;,&quot;created_timestamp&quot;:&quot;0&quot;,&quot;copyright&quot;:&quot;&quot;,&quot;focal_length&quot;:&quot;0&quot;,&quot;iso&quot;:&quot;0&quot;,&quot;shutter_speed&quot;:&quot;0&quot;,&quot;title&quot;:&quot;&quot;,&quot;orientation&quot;:&quot;0&quot;,&quot;keywords&quot;:&quot;Array&quot;}\" data-image-title=\"IMG_6699\" data-image-description=\"\" data-medium-file=\"https:\/\/www.colorado.com.br\/nosdacolorado\/wp-content\/uploads\/2023\/06\/IMG_6699-300x225.jpg\" data-large-file=\"https:\/\/www.colorado.com.br\/nosdacolorado\/wp-content\/uploads\/2023\/06\/IMG_6699-1024x768.jpg\" width=\"150\" height=\"150\" src=\"https:\/\/www.colorado.com.br\/nosdacolorado\/wp-content\/uploads\/2023\/06\/IMG_6699-150x150.jpg\" class=\"attachment-thumbnail size-thumbnail\" alt=\"\" srcset=\"https:\/\/www.colorado.com.br\/nosdacolorado\/wp-content\/uploads\/2023\/06\/IMG_6699-150x150.jpg 150w, https:\/\/www.colorado.com.br\/nosdacolorado\/wp-content\/uploads\/2023\/06\/IMG_6699-100x100.jpg 100w, https:\/\/www.colorado.com.br\/nosdacolorado\/wp-content\/uploads\/2023\/06\/IMG_6699-140x140.jpg 140w, https:\/\/www.colorado.com.br\/nosdacolorado\/wp-content\/uploads\/2023\/06\/IMG_6699-500x500.jpg 500w, https:\/\/www.colorado.com.br\/nosdacolorado\/wp-content\/uploads\/2023\/06\/IMG_6699-350x350.jpg 350w, https:\/\/www.colorado.com.br\/nosdacolorado\/wp-content\/uploads\/2023\/06\/IMG_6699-800x800.jpg 800w\" sizes=\"auto, (max-width: 150px) 100vw, 150px\" \/><\/a>\n\t\t\t<\/dt><\/dl><dl class='gallery-item'>\n\t\t\t<dt class='gallery-icon landscape'>\n\t\t\t\t<a href='https:\/\/www.colorado.com.br\/nosdacolorado\/wp-content\/uploads\/2023\/06\/IMG_6701.jpg'><img loading=\"lazy\" decoding=\"async\" data-attachment-id=\"21153\" data-orig-file=\"https:\/\/www.colorado.com.br\/nosdacolorado\/wp-content\/uploads\/2023\/06\/IMG_6701.jpg\" data-orig-size=\"1206,905\" data-comments-opened=\"1\" data-image-meta=\"{&quot;aperture&quot;:&quot;0&quot;,&quot;credit&quot;:&quot;&quot;,&quot;camera&quot;:&quot;&quot;,&quot;caption&quot;:&quot;&quot;,&quot;created_timestamp&quot;:&quot;0&quot;,&quot;copyright&quot;:&quot;&quot;,&quot;focal_length&quot;:&quot;0&quot;,&quot;iso&quot;:&quot;0&quot;,&quot;shutter_speed&quot;:&quot;0&quot;,&quot;title&quot;:&quot;&quot;,&quot;orientation&quot;:&quot;0&quot;,&quot;keywords&quot;:&quot;Array&quot;}\" data-image-title=\"IMG_6701\" data-image-description=\"\" data-medium-file=\"https:\/\/www.colorado.com.br\/nosdacolorado\/wp-content\/uploads\/2023\/06\/IMG_6701-300x225.jpg\" data-large-file=\"https:\/\/www.colorado.com.br\/nosdacolorado\/wp-content\/uploads\/2023\/06\/IMG_6701-1024x768.jpg\" width=\"150\" height=\"150\" src=\"https:\/\/www.colorado.com.br\/nosdacolorado\/wp-content\/uploads\/2023\/06\/IMG_6701-150x150.jpg\" class=\"attachment-thumbnail size-thumbnail\" alt=\"\" srcset=\"https:\/\/www.colorado.com.br\/nosdacolorado\/wp-content\/uploads\/2023\/06\/IMG_6701-150x150.jpg 150w, https:\/\/www.colorado.com.br\/nosdacolorado\/wp-content\/uploads\/2023\/06\/IMG_6701-100x100.jpg 100w, https:\/\/www.colorado.com.br\/nosdacolorado\/wp-content\/uploads\/2023\/06\/IMG_6701-140x140.jpg 140w, https:\/\/www.colorado.com.br\/nosdacolorado\/wp-content\/uploads\/2023\/06\/IMG_6701-500x500.jpg 500w, https:\/\/www.colorado.com.br\/nosdacolorado\/wp-content\/uploads\/2023\/06\/IMG_6701-350x350.jpg 350w, https:\/\/www.colorado.com.br\/nosdacolorado\/wp-content\/uploads\/2023\/06\/IMG_6701-800x800.jpg 800w\" sizes=\"auto, (max-width: 150px) 100vw, 150px\" \/><\/a>\n\t\t\t<\/dt><\/dl><dl class='gallery-item'>\n\t\t\t<dt class='gallery-icon landscape'>\n\t\t\t\t<a href='https:\/\/www.colorado.com.br\/nosdacolorado\/wp-content\/uploads\/2023\/06\/IMG_6702.jpg'><img loading=\"lazy\" decoding=\"async\" data-attachment-id=\"21154\" data-orig-file=\"https:\/\/www.colorado.com.br\/nosdacolorado\/wp-content\/uploads\/2023\/06\/IMG_6702.jpg\" data-orig-size=\"1206,905\" data-comments-opened=\"1\" data-image-meta=\"{&quot;aperture&quot;:&quot;0&quot;,&quot;credit&quot;:&quot;&quot;,&quot;camera&quot;:&quot;&quot;,&quot;caption&quot;:&quot;&quot;,&quot;created_timestamp&quot;:&quot;0&quot;,&quot;copyright&quot;:&quot;&quot;,&quot;focal_length&quot;:&quot;0&quot;,&quot;iso&quot;:&quot;0&quot;,&quot;shutter_speed&quot;:&quot;0&quot;,&quot;title&quot;:&quot;&quot;,&quot;orientation&quot;:&quot;0&quot;,&quot;keywords&quot;:&quot;Array&quot;}\" data-image-title=\"IMG_6702\" data-image-description=\"\" data-medium-file=\"https:\/\/www.colorado.com.br\/nosdacolorado\/wp-content\/uploads\/2023\/06\/IMG_6702-300x225.jpg\" data-large-file=\"https:\/\/www.colorado.com.br\/nosdacolorado\/wp-content\/uploads\/2023\/06\/IMG_6702-1024x768.jpg\" width=\"150\" height=\"150\" src=\"https:\/\/www.colorado.com.br\/nosdacolorado\/wp-content\/uploads\/2023\/06\/IMG_6702-150x150.jpg\" class=\"attachment-thumbnail size-thumbnail\" alt=\"\" srcset=\"https:\/\/www.colorado.com.br\/nosdacolorado\/wp-content\/uploads\/2023\/06\/IMG_6702-150x150.jpg 150w, https:\/\/www.colorado.com.br\/nosdacolorado\/wp-content\/uploads\/2023\/06\/IMG_6702-100x100.jpg 100w, https:\/\/www.colorado.com.br\/nosdacolorado\/wp-content\/uploads\/2023\/06\/IMG_6702-140x140.jpg 140w, https:\/\/www.colorado.com.br\/nosdacolorado\/wp-content\/uploads\/2023\/06\/IMG_6702-500x500.jpg 500w, https:\/\/www.colorado.com.br\/nosdacolorado\/wp-content\/uploads\/2023\/06\/IMG_6702-350x350.jpg 350w, https:\/\/www.colorado.com.br\/nosdacolorado\/wp-content\/uploads\/2023\/06\/IMG_6702-800x800.jpg 800w\" sizes=\"auto, (max-width: 150px) 100vw, 150px\" \/><\/a>\n\t\t\t<\/dt><\/dl><dl class='gallery-item'>\n\t\t\t<dt class='gallery-icon portrait'>\n\t\t\t\t<a href='https:\/\/www.colorado.com.br\/nosdacolorado\/wp-content\/uploads\/2023\/06\/IMG_E6612.jpg'><img loading=\"lazy\" decoding=\"async\" data-attachment-id=\"21155\" data-orig-file=\"https:\/\/www.colorado.com.br\/nosdacolorado\/wp-content\/uploads\/2023\/06\/IMG_E6612.jpg\" data-orig-size=\"905,1206\" data-comments-opened=\"1\" data-image-meta=\"{&quot;aperture&quot;:&quot;0&quot;,&quot;credit&quot;:&quot;&quot;,&quot;camera&quot;:&quot;&quot;,&quot;caption&quot;:&quot;&quot;,&quot;created_timestamp&quot;:&quot;0&quot;,&quot;copyright&quot;:&quot;&quot;,&quot;focal_length&quot;:&quot;0&quot;,&quot;iso&quot;:&quot;0&quot;,&quot;shutter_speed&quot;:&quot;0&quot;,&quot;title&quot;:&quot;&quot;,&quot;orientation&quot;:&quot;0&quot;,&quot;keywords&quot;:&quot;Array&quot;}\" data-image-title=\"IMG_E6612\" data-image-description=\"\" data-medium-file=\"https:\/\/www.colorado.com.br\/nosdacolorado\/wp-content\/uploads\/2023\/06\/IMG_E6612-225x300.jpg\" data-large-file=\"https:\/\/www.colorado.com.br\/nosdacolorado\/wp-content\/uploads\/2023\/06\/IMG_E6612-768x1024.jpg\" width=\"150\" height=\"150\" src=\"https:\/\/www.colorado.com.br\/nosdacolorado\/wp-content\/uploads\/2023\/06\/IMG_E6612-150x150.jpg\" class=\"attachment-thumbnail size-thumbnail\" alt=\"\" srcset=\"https:\/\/www.colorado.com.br\/nosdacolorado\/wp-content\/uploads\/2023\/06\/IMG_E6612-150x150.jpg 150w, https:\/\/www.colorado.com.br\/nosdacolorado\/wp-content\/uploads\/2023\/06\/IMG_E6612-100x100.jpg 100w, https:\/\/www.colorado.com.br\/nosdacolorado\/wp-content\/uploads\/2023\/06\/IMG_E6612-140x140.jpg 140w, https:\/\/www.colorado.com.br\/nosdacolorado\/wp-content\/uploads\/2023\/06\/IMG_E6612-500x500.jpg 500w, https:\/\/www.colorado.com.br\/nosdacolorado\/wp-content\/uploads\/2023\/06\/IMG_E6612-350x350.jpg 350w, https:\/\/www.colorado.com.br\/nosdacolorado\/wp-content\/uploads\/2023\/06\/IMG_E6612-800x800.jpg 800w\" sizes=\"auto, (max-width: 150px) 100vw, 150px\" \/><\/a>\n\t\t\t<\/dt><\/dl><dl class='gallery-item'>\n\t\t\t<dt class='gallery-icon portrait'>\n\t\t\t\t<a href='https:\/\/www.colorado.com.br\/nosdacolorado\/wp-content\/uploads\/2023\/06\/IMG_E6613.jpg'><img loading=\"lazy\" decoding=\"async\" data-attachment-id=\"21156\" data-orig-file=\"https:\/\/www.colorado.com.br\/nosdacolorado\/wp-content\/uploads\/2023\/06\/IMG_E6613.jpg\" data-orig-size=\"905,1206\" data-comments-opened=\"1\" data-image-meta=\"{&quot;aperture&quot;:&quot;0&quot;,&quot;credit&quot;:&quot;&quot;,&quot;camera&quot;:&quot;&quot;,&quot;caption&quot;:&quot;&quot;,&quot;created_timestamp&quot;:&quot;0&quot;,&quot;copyright&quot;:&quot;&quot;,&quot;focal_length&quot;:&quot;0&quot;,&quot;iso&quot;:&quot;0&quot;,&quot;shutter_speed&quot;:&quot;0&quot;,&quot;title&quot;:&quot;&quot;,&quot;orientation&quot;:&quot;0&quot;,&quot;keywords&quot;:&quot;Array&quot;}\" data-image-title=\"IMG_E6613\" data-image-description=\"\" data-medium-file=\"https:\/\/www.colorado.com.br\/nosdacolorado\/wp-content\/uploads\/2023\/06\/IMG_E6613-225x300.jpg\" data-large-file=\"https:\/\/www.colorado.com.br\/nosdacolorado\/wp-content\/uploads\/2023\/06\/IMG_E6613-768x1024.jpg\" width=\"150\" height=\"150\" src=\"https:\/\/www.colorado.com.br\/nosdacolorado\/wp-content\/uploads\/2023\/06\/IMG_E6613-150x150.jpg\" class=\"attachment-thumbnail size-thumbnail\" alt=\"\" srcset=\"https:\/\/www.colorado.com.br\/nosdacolorado\/wp-content\/uploads\/2023\/06\/IMG_E6613-150x150.jpg 150w, https:\/\/www.colorado.com.br\/nosdacolorado\/wp-content\/uploads\/2023\/06\/IMG_E6613-100x100.jpg 100w, https:\/\/www.colorado.com.br\/nosdacolorado\/wp-content\/uploads\/2023\/06\/IMG_E6613-140x140.jpg 140w, https:\/\/www.colorado.com.br\/nosdacolorado\/wp-content\/uploads\/2023\/06\/IMG_E6613-500x500.jpg 500w, https:\/\/www.colorado.com.br\/nosdacolorado\/wp-content\/uploads\/2023\/06\/IMG_E6613-350x350.jpg 350w, https:\/\/www.colorado.com.br\/nosdacolorado\/wp-content\/uploads\/2023\/06\/IMG_E6613-800x800.jpg 800w\" sizes=\"auto, (max-width: 150px) 100vw, 150px\" \/><\/a>\n\t\t\t<\/dt><\/dl><br style=\"clear: both\" \/><dl class='gallery-item'>\n\t\t\t<dt class='gallery-icon portrait'>\n\t\t\t\t<a href='https:\/\/www.colorado.com.br\/nosdacolorado\/wp-content\/uploads\/2023\/06\/IMG_E6614.jpg'><img loading=\"lazy\" decoding=\"async\" data-attachment-id=\"21157\" data-orig-file=\"https:\/\/www.colorado.com.br\/nosdacolorado\/wp-content\/uploads\/2023\/06\/IMG_E6614.jpg\" data-orig-size=\"905,1206\" data-comments-opened=\"1\" data-image-meta=\"{&quot;aperture&quot;:&quot;0&quot;,&quot;credit&quot;:&quot;&quot;,&quot;camera&quot;:&quot;&quot;,&quot;caption&quot;:&quot;&quot;,&quot;created_timestamp&quot;:&quot;0&quot;,&quot;copyright&quot;:&quot;&quot;,&quot;focal_length&quot;:&quot;0&quot;,&quot;iso&quot;:&quot;0&quot;,&quot;shutter_speed&quot;:&quot;0&quot;,&quot;title&quot;:&quot;&quot;,&quot;orientation&quot;:&quot;0&quot;,&quot;keywords&quot;:&quot;Array&quot;}\" data-image-title=\"IMG_E6614\" data-image-description=\"\" data-medium-file=\"https:\/\/www.colorado.com.br\/nosdacolorado\/wp-content\/uploads\/2023\/06\/IMG_E6614-225x300.jpg\" data-large-file=\"https:\/\/www.colorado.com.br\/nosdacolorado\/wp-content\/uploads\/2023\/06\/IMG_E6614-768x1024.jpg\" width=\"150\" height=\"150\" src=\"https:\/\/www.colorado.com.br\/nosdacolorado\/wp-content\/uploads\/2023\/06\/IMG_E6614-150x150.jpg\" class=\"attachment-thumbnail size-thumbnail\" alt=\"\" srcset=\"https:\/\/www.colorado.com.br\/nosdacolorado\/wp-content\/uploads\/2023\/06\/IMG_E6614-150x150.jpg 150w, https:\/\/www.colorado.com.br\/nosdacolorado\/wp-content\/uploads\/2023\/06\/IMG_E6614-100x100.jpg 100w, https:\/\/www.colorado.com.br\/nosdacolorado\/wp-content\/uploads\/2023\/06\/IMG_E6614-140x140.jpg 140w, https:\/\/www.colorado.com.br\/nosdacolorado\/wp-content\/uploads\/2023\/06\/IMG_E6614-500x500.jpg 500w, https:\/\/www.colorado.com.br\/nosdacolorado\/wp-content\/uploads\/2023\/06\/IMG_E6614-350x350.jpg 350w, https:\/\/www.colorado.com.br\/nosdacolorado\/wp-content\/uploads\/2023\/06\/IMG_E6614-800x800.jpg 800w\" sizes=\"auto, (max-width: 150px) 100vw, 150px\" \/><\/a>\n\t\t\t<\/dt><\/dl><dl class='gallery-item'>\n\t\t\t<dt class='gallery-icon portrait'>\n\t\t\t\t<a href='https:\/\/www.colorado.com.br\/nosdacolorado\/wp-content\/uploads\/2023\/06\/IMG_E6615.jpg'><img loading=\"lazy\" decoding=\"async\" data-attachment-id=\"21158\" data-orig-file=\"https:\/\/www.colorado.com.br\/nosdacolorado\/wp-content\/uploads\/2023\/06\/IMG_E6615.jpg\" data-orig-size=\"905,1206\" data-comments-opened=\"1\" data-image-meta=\"{&quot;aperture&quot;:&quot;0&quot;,&quot;credit&quot;:&quot;&quot;,&quot;camera&quot;:&quot;&quot;,&quot;caption&quot;:&quot;&quot;,&quot;created_timestamp&quot;:&quot;0&quot;,&quot;copyright&quot;:&quot;&quot;,&quot;focal_length&quot;:&quot;0&quot;,&quot;iso&quot;:&quot;0&quot;,&quot;shutter_speed&quot;:&quot;0&quot;,&quot;title&quot;:&quot;&quot;,&quot;orientation&quot;:&quot;0&quot;,&quot;keywords&quot;:&quot;Array&quot;}\" data-image-title=\"IMG_E6615\" data-image-description=\"\" data-medium-file=\"https:\/\/www.colorado.com.br\/nosdacolorado\/wp-content\/uploads\/2023\/06\/IMG_E6615-225x300.jpg\" data-large-file=\"https:\/\/www.colorado.com.br\/nosdacolorado\/wp-content\/uploads\/2023\/06\/IMG_E6615-768x1024.jpg\" width=\"150\" height=\"150\" src=\"https:\/\/www.colorado.com.br\/nosdacolorado\/wp-content\/uploads\/2023\/06\/IMG_E6615-150x150.jpg\" class=\"attachment-thumbnail size-thumbnail\" alt=\"\" srcset=\"https:\/\/www.colorado.com.br\/nosdacolorado\/wp-content\/uploads\/2023\/06\/IMG_E6615-150x150.jpg 150w, https:\/\/www.colorado.com.br\/nosdacolorado\/wp-content\/uploads\/2023\/06\/IMG_E6615-100x100.jpg 100w, https:\/\/www.colorado.com.br\/nosdacolorado\/wp-content\/uploads\/2023\/06\/IMG_E6615-140x140.jpg 140w, https:\/\/www.colorado.com.br\/nosdacolorado\/wp-content\/uploads\/2023\/06\/IMG_E6615-500x500.jpg 500w, https:\/\/www.colorado.com.br\/nosdacolorado\/wp-content\/uploads\/2023\/06\/IMG_E6615-350x350.jpg 350w, https:\/\/www.colorado.com.br\/nosdacolorado\/wp-content\/uploads\/2023\/06\/IMG_E6615-800x800.jpg 800w\" sizes=\"auto, (max-width: 150px) 100vw, 150px\" \/><\/a>\n\t\t\t<\/dt><\/dl><dl class='gallery-item'>\n\t\t\t<dt class='gallery-icon portrait'>\n\t\t\t\t<a href='https:\/\/www.colorado.com.br\/nosdacolorado\/wp-content\/uploads\/2023\/06\/IMG_E6625.jpg'><img loading=\"lazy\" decoding=\"async\" data-attachment-id=\"21159\" data-orig-file=\"https:\/\/www.colorado.com.br\/nosdacolorado\/wp-content\/uploads\/2023\/06\/IMG_E6625.jpg\" data-orig-size=\"905,1206\" data-comments-opened=\"1\" data-image-meta=\"{&quot;aperture&quot;:&quot;0&quot;,&quot;credit&quot;:&quot;&quot;,&quot;camera&quot;:&quot;&quot;,&quot;caption&quot;:&quot;&quot;,&quot;created_timestamp&quot;:&quot;0&quot;,&quot;copyright&quot;:&quot;&quot;,&quot;focal_length&quot;:&quot;0&quot;,&quot;iso&quot;:&quot;0&quot;,&quot;shutter_speed&quot;:&quot;0&quot;,&quot;title&quot;:&quot;&quot;,&quot;orientation&quot;:&quot;0&quot;,&quot;keywords&quot;:&quot;Array&quot;}\" data-image-title=\"IMG_E6625\" data-image-description=\"\" data-medium-file=\"https:\/\/www.colorado.com.br\/nosdacolorado\/wp-content\/uploads\/2023\/06\/IMG_E6625-225x300.jpg\" data-large-file=\"https:\/\/www.colorado.com.br\/nosdacolorado\/wp-content\/uploads\/2023\/06\/IMG_E6625-768x1024.jpg\" width=\"150\" height=\"150\" src=\"https:\/\/www.colorado.com.br\/nosdacolorado\/wp-content\/uploads\/2023\/06\/IMG_E6625-150x150.jpg\" class=\"attachment-thumbnail size-thumbnail\" alt=\"\" srcset=\"https:\/\/www.colorado.com.br\/nosdacolorado\/wp-content\/uploads\/2023\/06\/IMG_E6625-150x150.jpg 150w, https:\/\/www.colorado.com.br\/nosdacolorado\/wp-content\/uploads\/2023\/06\/IMG_E6625-100x100.jpg 100w, https:\/\/www.colorado.com.br\/nosdacolorado\/wp-content\/uploads\/2023\/06\/IMG_E6625-140x140.jpg 140w, https:\/\/www.colorado.com.br\/nosdacolorado\/wp-content\/uploads\/2023\/06\/IMG_E6625-500x500.jpg 500w, https:\/\/www.colorado.com.br\/nosdacolorado\/wp-content\/uploads\/2023\/06\/IMG_E6625-350x350.jpg 350w, https:\/\/www.colorado.com.br\/nosdacolorado\/wp-content\/uploads\/2023\/06\/IMG_E6625-800x800.jpg 800w\" sizes=\"auto, (max-width: 150px) 100vw, 150px\" \/><\/a>\n\t\t\t<\/dt><\/dl><dl class='gallery-item'>\n\t\t\t<dt class='gallery-icon portrait'>\n\t\t\t\t<a href='https:\/\/www.colorado.com.br\/nosdacolorado\/wp-content\/uploads\/2023\/06\/IMG_E6626.jpg'><img loading=\"lazy\" decoding=\"async\" data-attachment-id=\"21160\" data-orig-file=\"https:\/\/www.colorado.com.br\/nosdacolorado\/wp-content\/uploads\/2023\/06\/IMG_E6626.jpg\" data-orig-size=\"905,1206\" data-comments-opened=\"1\" data-image-meta=\"{&quot;aperture&quot;:&quot;0&quot;,&quot;credit&quot;:&quot;&quot;,&quot;camera&quot;:&quot;&quot;,&quot;caption&quot;:&quot;&quot;,&quot;created_timestamp&quot;:&quot;0&quot;,&quot;copyright&quot;:&quot;&quot;,&quot;focal_length&quot;:&quot;0&quot;,&quot;iso&quot;:&quot;0&quot;,&quot;shutter_speed&quot;:&quot;0&quot;,&quot;title&quot;:&quot;&quot;,&quot;orientation&quot;:&quot;0&quot;,&quot;keywords&quot;:&quot;Array&quot;}\" data-image-title=\"IMG_E6626\" data-image-description=\"\" data-medium-file=\"https:\/\/www.colorado.com.br\/nosdacolorado\/wp-content\/uploads\/2023\/06\/IMG_E6626-225x300.jpg\" data-large-file=\"https:\/\/www.colorado.com.br\/nosdacolorado\/wp-content\/uploads\/2023\/06\/IMG_E6626-768x1024.jpg\" width=\"150\" height=\"150\" src=\"https:\/\/www.colorado.com.br\/nosdacolorado\/wp-content\/uploads\/2023\/06\/IMG_E6626-150x150.jpg\" class=\"attachment-thumbnail size-thumbnail\" alt=\"\" srcset=\"https:\/\/www.colorado.com.br\/nosdacolorado\/wp-content\/uploads\/2023\/06\/IMG_E6626-150x150.jpg 150w, https:\/\/www.colorado.com.br\/nosdacolorado\/wp-content\/uploads\/2023\/06\/IMG_E6626-100x100.jpg 100w, https:\/\/www.colorado.com.br\/nosdacolorado\/wp-content\/uploads\/2023\/06\/IMG_E6626-140x140.jpg 140w, https:\/\/www.colorado.com.br\/nosdacolorado\/wp-content\/uploads\/2023\/06\/IMG_E6626-500x500.jpg 500w, https:\/\/www.colorado.com.br\/nosdacolorado\/wp-content\/uploads\/2023\/06\/IMG_E6626-350x350.jpg 350w, https:\/\/www.colorado.com.br\/nosdacolorado\/wp-content\/uploads\/2023\/06\/IMG_E6626-800x800.jpg 800w\" sizes=\"auto, (max-width: 150px) 100vw, 150px\" \/><\/a>\n\t\t\t<\/dt><\/dl><dl class='gallery-item'>\n\t\t\t<dt class='gallery-icon portrait'>\n\t\t\t\t<a href='https:\/\/www.colorado.com.br\/nosdacolorado\/wp-content\/uploads\/2023\/06\/IMG_E6647.jpg'><img loading=\"lazy\" decoding=\"async\" data-attachment-id=\"21161\" data-orig-file=\"https:\/\/www.colorado.com.br\/nosdacolorado\/wp-content\/uploads\/2023\/06\/IMG_E6647.jpg\" data-orig-size=\"905,1206\" data-comments-opened=\"1\" data-image-meta=\"{&quot;aperture&quot;:&quot;0&quot;,&quot;credit&quot;:&quot;&quot;,&quot;camera&quot;:&quot;&quot;,&quot;caption&quot;:&quot;&quot;,&quot;created_timestamp&quot;:&quot;0&quot;,&quot;copyright&quot;:&quot;&quot;,&quot;focal_length&quot;:&quot;0&quot;,&quot;iso&quot;:&quot;0&quot;,&quot;shutter_speed&quot;:&quot;0&quot;,&quot;title&quot;:&quot;&quot;,&quot;orientation&quot;:&quot;0&quot;,&quot;keywords&quot;:&quot;Array&quot;}\" data-image-title=\"IMG_E6647\" data-image-description=\"\" data-medium-file=\"https:\/\/www.colorado.com.br\/nosdacolorado\/wp-content\/uploads\/2023\/06\/IMG_E6647-225x300.jpg\" data-large-file=\"https:\/\/www.colorado.com.br\/nosdacolorado\/wp-content\/uploads\/2023\/06\/IMG_E6647-768x1024.jpg\" width=\"150\" height=\"150\" src=\"https:\/\/www.colorado.com.br\/nosdacolorado\/wp-content\/uploads\/2023\/06\/IMG_E6647-150x150.jpg\" class=\"attachment-thumbnail size-thumbnail\" alt=\"\" srcset=\"https:\/\/www.colorado.com.br\/nosdacolorado\/wp-content\/uploads\/2023\/06\/IMG_E6647-150x150.jpg 150w, https:\/\/www.colorado.com.br\/nosdacolorado\/wp-content\/uploads\/2023\/06\/IMG_E6647-100x100.jpg 100w, https:\/\/www.colorado.com.br\/nosdacolorado\/wp-content\/uploads\/2023\/06\/IMG_E6647-140x140.jpg 140w, https:\/\/www.colorado.com.br\/nosdacolorado\/wp-content\/uploads\/2023\/06\/IMG_E6647-500x500.jpg 500w, https:\/\/www.colorado.com.br\/nosdacolorado\/wp-content\/uploads\/2023\/06\/IMG_E6647-350x350.jpg 350w, https:\/\/www.colorado.com.br\/nosdacolorado\/wp-content\/uploads\/2023\/06\/IMG_E6647-800x800.jpg 800w\" sizes=\"auto, (max-width: 150px) 100vw, 150px\" \/><\/a>\n\t\t\t<\/dt><\/dl><br style=\"clear: both\" \/><dl class='gallery-item'>\n\t\t\t<dt class='gallery-icon portrait'>\n\t\t\t\t<a href='https:\/\/www.colorado.com.br\/nosdacolorado\/wp-content\/uploads\/2023\/06\/IMG_E6648.jpg'><img loading=\"lazy\" decoding=\"async\" data-attachment-id=\"21162\" data-orig-file=\"https:\/\/www.colorado.com.br\/nosdacolorado\/wp-content\/uploads\/2023\/06\/IMG_E6648.jpg\" data-orig-size=\"905,1206\" data-comments-opened=\"1\" data-image-meta=\"{&quot;aperture&quot;:&quot;0&quot;,&quot;credit&quot;:&quot;&quot;,&quot;camera&quot;:&quot;&quot;,&quot;caption&quot;:&quot;&quot;,&quot;created_timestamp&quot;:&quot;0&quot;,&quot;copyright&quot;:&quot;&quot;,&quot;focal_length&quot;:&quot;0&quot;,&quot;iso&quot;:&quot;0&quot;,&quot;shutter_speed&quot;:&quot;0&quot;,&quot;title&quot;:&quot;&quot;,&quot;orientation&quot;:&quot;0&quot;,&quot;keywords&quot;:&quot;Array&quot;}\" data-image-title=\"IMG_E6648\" data-image-description=\"\" data-medium-file=\"https:\/\/www.colorado.com.br\/nosdacolorado\/wp-content\/uploads\/2023\/06\/IMG_E6648-225x300.jpg\" data-large-file=\"https:\/\/www.colorado.com.br\/nosdacolorado\/wp-content\/uploads\/2023\/06\/IMG_E6648-768x1024.jpg\" width=\"150\" height=\"150\" src=\"https:\/\/www.colorado.com.br\/nosdacolorado\/wp-content\/uploads\/2023\/06\/IMG_E6648-150x150.jpg\" class=\"attachment-thumbnail size-thumbnail\" alt=\"\" srcset=\"https:\/\/www.colorado.com.br\/nosdacolorado\/wp-content\/uploads\/2023\/06\/IMG_E6648-150x150.jpg 150w, https:\/\/www.colorado.com.br\/nosdacolorado\/wp-content\/uploads\/2023\/06\/IMG_E6648-100x100.jpg 100w, https:\/\/www.colorado.com.br\/nosdacolorado\/wp-content\/uploads\/2023\/06\/IMG_E6648-140x140.jpg 140w, https:\/\/www.colorado.com.br\/nosdacolorado\/wp-content\/uploads\/2023\/06\/IMG_E6648-500x500.jpg 500w, https:\/\/www.colorado.com.br\/nosdacolorado\/wp-content\/uploads\/2023\/06\/IMG_E6648-350x350.jpg 350w, https:\/\/www.colorado.com.br\/nosdacolorado\/wp-content\/uploads\/2023\/06\/IMG_E6648-800x800.jpg 800w\" sizes=\"auto, (max-width: 150px) 100vw, 150px\" \/><\/a>\n\t\t\t<\/dt><\/dl><dl class='gallery-item'>\n\t\t\t<dt class='gallery-icon portrait'>\n\t\t\t\t<a href='https:\/\/www.colorado.com.br\/nosdacolorado\/wp-content\/uploads\/2023\/06\/IMG_E6649.jpg'><img loading=\"lazy\" decoding=\"async\" data-attachment-id=\"21163\" data-orig-file=\"https:\/\/www.colorado.com.br\/nosdacolorado\/wp-content\/uploads\/2023\/06\/IMG_E6649.jpg\" data-orig-size=\"905,1206\" data-comments-opened=\"1\" data-image-meta=\"{&quot;aperture&quot;:&quot;0&quot;,&quot;credit&quot;:&quot;&quot;,&quot;camera&quot;:&quot;&quot;,&quot;caption&quot;:&quot;&quot;,&quot;created_timestamp&quot;:&quot;0&quot;,&quot;copyright&quot;:&quot;&quot;,&quot;focal_length&quot;:&quot;0&quot;,&quot;iso&quot;:&quot;0&quot;,&quot;shutter_speed&quot;:&quot;0&quot;,&quot;title&quot;:&quot;&quot;,&quot;orientation&quot;:&quot;0&quot;,&quot;keywords&quot;:&quot;Array&quot;}\" data-image-title=\"IMG_E6649\" data-image-description=\"\" data-medium-file=\"https:\/\/www.colorado.com.br\/nosdacolorado\/wp-content\/uploads\/2023\/06\/IMG_E6649-225x300.jpg\" data-large-file=\"https:\/\/www.colorado.com.br\/nosdacolorado\/wp-content\/uploads\/2023\/06\/IMG_E6649-768x1024.jpg\" width=\"150\" height=\"150\" src=\"https:\/\/www.colorado.com.br\/nosdacolorado\/wp-content\/uploads\/2023\/06\/IMG_E6649-150x150.jpg\" class=\"attachment-thumbnail size-thumbnail\" alt=\"\" srcset=\"https:\/\/www.colorado.com.br\/nosdacolorado\/wp-content\/uploads\/2023\/06\/IMG_E6649-150x150.jpg 150w, https:\/\/www.colorado.com.br\/nosdacolorado\/wp-content\/uploads\/2023\/06\/IMG_E6649-100x100.jpg 100w, https:\/\/www.colorado.com.br\/nosdacolorado\/wp-content\/uploads\/2023\/06\/IMG_E6649-140x140.jpg 140w, https:\/\/www.colorado.com.br\/nosdacolorado\/wp-content\/uploads\/2023\/06\/IMG_E6649-500x500.jpg 500w, https:\/\/www.colorado.com.br\/nosdacolorado\/wp-content\/uploads\/2023\/06\/IMG_E6649-350x350.jpg 350w, https:\/\/www.colorado.com.br\/nosdacolorado\/wp-content\/uploads\/2023\/06\/IMG_E6649-800x800.jpg 800w\" sizes=\"auto, (max-width: 150px) 100vw, 150px\" \/><\/a>\n\t\t\t<\/dt><\/dl><dl class='gallery-item'>\n\t\t\t<dt class='gallery-icon portrait'>\n\t\t\t\t<a href='https:\/\/www.colorado.com.br\/nosdacolorado\/wp-content\/uploads\/2023\/06\/IMG_E6650.jpg'><img loading=\"lazy\" decoding=\"async\" data-attachment-id=\"21164\" data-orig-file=\"https:\/\/www.colorado.com.br\/nosdacolorado\/wp-content\/uploads\/2023\/06\/IMG_E6650.jpg\" data-orig-size=\"905,1206\" data-comments-opened=\"1\" data-image-meta=\"{&quot;aperture&quot;:&quot;0&quot;,&quot;credit&quot;:&quot;&quot;,&quot;camera&quot;:&quot;&quot;,&quot;caption&quot;:&quot;&quot;,&quot;created_timestamp&quot;:&quot;0&quot;,&quot;copyright&quot;:&quot;&quot;,&quot;focal_length&quot;:&quot;0&quot;,&quot;iso&quot;:&quot;0&quot;,&quot;shutter_speed&quot;:&quot;0&quot;,&quot;title&quot;:&quot;&quot;,&quot;orientation&quot;:&quot;0&quot;,&quot;keywords&quot;:&quot;Array&quot;}\" data-image-title=\"IMG_E6650\" data-image-description=\"\" data-medium-file=\"https:\/\/www.colorado.com.br\/nosdacolorado\/wp-content\/uploads\/2023\/06\/IMG_E6650-225x300.jpg\" data-large-file=\"https:\/\/www.colorado.com.br\/nosdacolorado\/wp-content\/uploads\/2023\/06\/IMG_E6650-768x1024.jpg\" width=\"150\" height=\"150\" src=\"https:\/\/www.colorado.com.br\/nosdacolorado\/wp-content\/uploads\/2023\/06\/IMG_E6650-150x150.jpg\" class=\"attachment-thumbnail size-thumbnail\" alt=\"\" srcset=\"https:\/\/www.colorado.com.br\/nosdacolorado\/wp-content\/uploads\/2023\/06\/IMG_E6650-150x150.jpg 150w, https:\/\/www.colorado.com.br\/nosdacolorado\/wp-content\/uploads\/2023\/06\/IMG_E6650-100x100.jpg 100w, https:\/\/www.colorado.com.br\/nosdacolorado\/wp-content\/uploads\/2023\/06\/IMG_E6650-140x140.jpg 140w, https:\/\/www.colorado.com.br\/nosdacolorado\/wp-content\/uploads\/2023\/06\/IMG_E6650-500x500.jpg 500w, https:\/\/www.colorado.com.br\/nosdacolorado\/wp-content\/uploads\/2023\/06\/IMG_E6650-350x350.jpg 350w, https:\/\/www.colorado.com.br\/nosdacolorado\/wp-content\/uploads\/2023\/06\/IMG_E6650-800x800.jpg 800w\" sizes=\"auto, (max-width: 150px) 100vw, 150px\" \/><\/a>\n\t\t\t<\/dt><\/dl>\n\t\t\t<br style='clear: both' \/>\n\t\t<\/div>\n\n<h2 style=\"text-align: center;\">Aula inicial e entrega dos uniformes em Orl\u00e2ndia &#8211; SP<\/h2>\n\n\t\t<style type=\"text\/css\">\n\t\t\t#gallery-2 {\n\t\t\t\tmargin: auto;\n\t\t\t}\n\t\t\t#gallery-2 .gallery-item {\n\t\t\t\tfloat: left;\n\t\t\t\tmargin-top: 10px;\n\t\t\t\ttext-align: center;\n\t\t\t\twidth: 20%;\n\t\t\t}\n\t\t\t#gallery-2 img {\n\t\t\t\tborder: 2px solid #cfcfcf;\n\t\t\t}\n\t\t\t#gallery-2 .gallery-caption {\n\t\t\t\tmargin-left: 0;\n\t\t\t}\n\t\t\t\/* see gallery_shortcode() in wp-includes\/media.php *\/\n\t\t<\/style>\n\t\t<div data-carousel-extra='{\"blog_id\":1,\"permalink\":\"https:\\\/\\\/www.colorado.com.br\\\/nosdacolorado\\\/patrocinio-do-grupo-colorado-assegura-aulas-gratuitas-de-basquete-para-criancas-em-orlandia-e-guaira\\\/\"}' id='gallery-2' class='gallery galleryid-20821 gallery-columns-5 gallery-size-thumbnail'><dl class='gallery-item'>\n\t\t\t<dt class='gallery-icon landscape'>\n\t\t\t\t<a href='https:\/\/www.colorado.com.br\/nosdacolorado\/wp-content\/uploads\/2023\/06\/ASPA-Orl\u00e2ndia-1.jpg'><img loading=\"lazy\" decoding=\"async\" data-attachment-id=\"20822\" data-orig-file=\"https:\/\/www.colorado.com.br\/nosdacolorado\/wp-content\/uploads\/2023\/06\/ASPA-Orl\u00e2ndia-1.jpg\" data-orig-size=\"1920,1280\" data-comments-opened=\"1\" data-image-meta=\"{&quot;aperture&quot;:&quot;1.4&quot;,&quot;credit&quot;:&quot;&quot;,&quot;camera&quot;:&quot;ILCE-6400&quot;,&quot;caption&quot;:&quot;&quot;,&quot;created_timestamp&quot;:&quot;1687293410&quot;,&quot;copyright&quot;:&quot;&quot;,&quot;focal_length&quot;:&quot;16&quot;,&quot;iso&quot;:&quot;640&quot;,&quot;shutter_speed&quot;:&quot;0.003125&quot;,&quot;title&quot;:&quot;&quot;,&quot;orientation&quot;:&quot;0&quot;,&quot;keywords&quot;:&quot;Array&quot;}\" data-image-title=\"ASPA Orl\u00e2ndia (1)\" data-image-description=\"\" data-medium-file=\"https:\/\/www.colorado.com.br\/nosdacolorado\/wp-content\/uploads\/2023\/06\/ASPA-Orl\u00e2ndia-1-300x200.jpg\" data-large-file=\"https:\/\/www.colorado.com.br\/nosdacolorado\/wp-content\/uploads\/2023\/06\/ASPA-Orl\u00e2ndia-1-1024x683.jpg\" width=\"150\" height=\"150\" src=\"https:\/\/www.colorado.com.br\/nosdacolorado\/wp-content\/uploads\/2023\/06\/ASPA-Orl\u00e2ndia-1-150x150.jpg\" class=\"attachment-thumbnail size-thumbnail\" alt=\"\" srcset=\"https:\/\/www.colorado.com.br\/nosdacolorado\/wp-content\/uploads\/2023\/06\/ASPA-Orl\u00e2ndia-1-150x150.jpg 150w, https:\/\/www.colorado.com.br\/nosdacolorado\/wp-content\/uploads\/2023\/06\/ASPA-Orl\u00e2ndia-1-100x100.jpg 100w, https:\/\/www.colorado.com.br\/nosdacolorado\/wp-content\/uploads\/2023\/06\/ASPA-Orl\u00e2ndia-1-140x140.jpg 140w, https:\/\/www.colorado.com.br\/nosdacolorado\/wp-content\/uploads\/2023\/06\/ASPA-Orl\u00e2ndia-1-500x500.jpg 500w, https:\/\/www.colorado.com.br\/nosdacolorado\/wp-content\/uploads\/2023\/06\/ASPA-Orl\u00e2ndia-1-350x350.jpg 350w, https:\/\/www.colorado.com.br\/nosdacolorado\/wp-content\/uploads\/2023\/06\/ASPA-Orl\u00e2ndia-1-1000x1000.jpg 1000w, https:\/\/www.colorado.com.br\/nosdacolorado\/wp-content\/uploads\/2023\/06\/ASPA-Orl\u00e2ndia-1-800x800.jpg 800w\" sizes=\"auto, (max-width: 150px) 100vw, 150px\" \/><\/a>\n\t\t\t<\/dt><\/dl><dl class='gallery-item'>\n\t\t\t<dt class='gallery-icon landscape'>\n\t\t\t\t<a href='https:\/\/www.colorado.com.br\/nosdacolorado\/wp-content\/uploads\/2023\/06\/ASPA-Orl\u00e2ndia-2.jpg'><img loading=\"lazy\" decoding=\"async\" data-attachment-id=\"20823\" data-orig-file=\"https:\/\/www.colorado.com.br\/nosdacolorado\/wp-content\/uploads\/2023\/06\/ASPA-Orl\u00e2ndia-2.jpg\" data-orig-size=\"1920,1280\" data-comments-opened=\"1\" data-image-meta=\"{&quot;aperture&quot;:&quot;1.4&quot;,&quot;credit&quot;:&quot;&quot;,&quot;camera&quot;:&quot;ILCE-6400&quot;,&quot;caption&quot;:&quot;&quot;,&quot;created_timestamp&quot;:&quot;1687293423&quot;,&quot;copyright&quot;:&quot;&quot;,&quot;focal_length&quot;:&quot;16&quot;,&quot;iso&quot;:&quot;640&quot;,&quot;shutter_speed&quot;:&quot;0.003125&quot;,&quot;title&quot;:&quot;&quot;,&quot;orientation&quot;:&quot;0&quot;,&quot;keywords&quot;:&quot;Array&quot;}\" data-image-title=\"ASPA Orl\u00e2ndia (2)\" data-image-description=\"\" data-medium-file=\"https:\/\/www.colorado.com.br\/nosdacolorado\/wp-content\/uploads\/2023\/06\/ASPA-Orl\u00e2ndia-2-300x200.jpg\" data-large-file=\"https:\/\/www.colorado.com.br\/nosdacolorado\/wp-content\/uploads\/2023\/06\/ASPA-Orl\u00e2ndia-2-1024x683.jpg\" width=\"150\" height=\"150\" src=\"https:\/\/www.colorado.com.br\/nosdacolorado\/wp-content\/uploads\/2023\/06\/ASPA-Orl\u00e2ndia-2-150x150.jpg\" class=\"attachment-thumbnail size-thumbnail\" alt=\"\" srcset=\"https:\/\/www.colorado.com.br\/nosdacolorado\/wp-content\/uploads\/2023\/06\/ASPA-Orl\u00e2ndia-2-150x150.jpg 150w, https:\/\/www.colorado.com.br\/nosdacolorado\/wp-content\/uploads\/2023\/06\/ASPA-Orl\u00e2ndia-2-100x100.jpg 100w, https:\/\/www.colorado.com.br\/nosdacolorado\/wp-content\/uploads\/2023\/06\/ASPA-Orl\u00e2ndia-2-140x140.jpg 140w, https:\/\/www.colorado.com.br\/nosdacolorado\/wp-content\/uploads\/2023\/06\/ASPA-Orl\u00e2ndia-2-500x500.jpg 500w, https:\/\/www.colorado.com.br\/nosdacolorado\/wp-content\/uploads\/2023\/06\/ASPA-Orl\u00e2ndia-2-350x350.jpg 350w, https:\/\/www.colorado.com.br\/nosdacolorado\/wp-content\/uploads\/2023\/06\/ASPA-Orl\u00e2ndia-2-1000x1000.jpg 1000w, https:\/\/www.colorado.com.br\/nosdacolorado\/wp-content\/uploads\/2023\/06\/ASPA-Orl\u00e2ndia-2-800x800.jpg 800w\" sizes=\"auto, (max-width: 150px) 100vw, 150px\" \/><\/a>\n\t\t\t<\/dt><\/dl><dl class='gallery-item'>\n\t\t\t<dt class='gallery-icon landscape'>\n\t\t\t\t<a href='https:\/\/www.colorado.com.br\/nosdacolorado\/wp-content\/uploads\/2023\/06\/ASPA-Orl\u00e2ndia-3.jpg'><img loading=\"lazy\" decoding=\"async\" data-attachment-id=\"20824\" data-orig-file=\"https:\/\/www.colorado.com.br\/nosdacolorado\/wp-content\/uploads\/2023\/06\/ASPA-Orl\u00e2ndia-3.jpg\" data-orig-size=\"1920,1280\" data-comments-opened=\"1\" data-image-meta=\"{&quot;aperture&quot;:&quot;1.4&quot;,&quot;credit&quot;:&quot;&quot;,&quot;camera&quot;:&quot;ILCE-6400&quot;,&quot;caption&quot;:&quot;&quot;,&quot;created_timestamp&quot;:&quot;1687293465&quot;,&quot;copyright&quot;:&quot;&quot;,&quot;focal_length&quot;:&quot;16&quot;,&quot;iso&quot;:&quot;320&quot;,&quot;shutter_speed&quot;:&quot;0.008&quot;,&quot;title&quot;:&quot;&quot;,&quot;orientation&quot;:&quot;0&quot;,&quot;keywords&quot;:&quot;Array&quot;}\" data-image-title=\"ASPA Orl\u00e2ndia (3)\" data-image-description=\"\" data-medium-file=\"https:\/\/www.colorado.com.br\/nosdacolorado\/wp-content\/uploads\/2023\/06\/ASPA-Orl\u00e2ndia-3-300x200.jpg\" data-large-file=\"https:\/\/www.colorado.com.br\/nosdacolorado\/wp-content\/uploads\/2023\/06\/ASPA-Orl\u00e2ndia-3-1024x683.jpg\" width=\"150\" height=\"150\" src=\"https:\/\/www.colorado.com.br\/nosdacolorado\/wp-content\/uploads\/2023\/06\/ASPA-Orl\u00e2ndia-3-150x150.jpg\" class=\"attachment-thumbnail size-thumbnail\" alt=\"\" srcset=\"https:\/\/www.colorado.com.br\/nosdacolorado\/wp-content\/uploads\/2023\/06\/ASPA-Orl\u00e2ndia-3-150x150.jpg 150w, https:\/\/www.colorado.com.br\/nosdacolorado\/wp-content\/uploads\/2023\/06\/ASPA-Orl\u00e2ndia-3-100x100.jpg 100w, https:\/\/www.colorado.com.br\/nosdacolorado\/wp-content\/uploads\/2023\/06\/ASPA-Orl\u00e2ndia-3-140x140.jpg 140w, https:\/\/www.colorado.com.br\/nosdacolorado\/wp-content\/uploads\/2023\/06\/ASPA-Orl\u00e2ndia-3-500x500.jpg 500w, https:\/\/www.colorado.com.br\/nosdacolorado\/wp-content\/uploads\/2023\/06\/ASPA-Orl\u00e2ndia-3-350x350.jpg 350w, https:\/\/www.colorado.com.br\/nosdacolorado\/wp-content\/uploads\/2023\/06\/ASPA-Orl\u00e2ndia-3-1000x1000.jpg 1000w, https:\/\/www.colorado.com.br\/nosdacolorado\/wp-content\/uploads\/2023\/06\/ASPA-Orl\u00e2ndia-3-800x800.jpg 800w\" sizes=\"auto, (max-width: 150px) 100vw, 150px\" \/><\/a>\n\t\t\t<\/dt><\/dl><dl class='gallery-item'>\n\t\t\t<dt class='gallery-icon portrait'>\n\t\t\t\t<a href='https:\/\/www.colorado.com.br\/nosdacolorado\/wp-content\/uploads\/2023\/06\/ASPA-Orl\u00e2ndia-4.jpg'><img loading=\"lazy\" decoding=\"async\" data-attachment-id=\"20825\" data-orig-file=\"https:\/\/www.colorado.com.br\/nosdacolorado\/wp-content\/uploads\/2023\/06\/ASPA-Orl\u00e2ndia-4.jpg\" data-orig-size=\"1280,1920\" data-comments-opened=\"1\" data-image-meta=\"{&quot;aperture&quot;:&quot;1.8&quot;,&quot;credit&quot;:&quot;&quot;,&quot;camera&quot;:&quot;ILCE-6400&quot;,&quot;caption&quot;:&quot;&quot;,&quot;created_timestamp&quot;:&quot;1687293547&quot;,&quot;copyright&quot;:&quot;&quot;,&quot;focal_length&quot;:&quot;35&quot;,&quot;iso&quot;:&quot;1250&quot;,&quot;shutter_speed&quot;:&quot;0.005&quot;,&quot;title&quot;:&quot;&quot;,&quot;orientation&quot;:&quot;0&quot;,&quot;keywords&quot;:&quot;Array&quot;}\" data-image-title=\"ASPA Orl\u00e2ndia (4)\" data-image-description=\"\" data-medium-file=\"https:\/\/www.colorado.com.br\/nosdacolorado\/wp-content\/uploads\/2023\/06\/ASPA-Orl\u00e2ndia-4-200x300.jpg\" data-large-file=\"https:\/\/www.colorado.com.br\/nosdacolorado\/wp-content\/uploads\/2023\/06\/ASPA-Orl\u00e2ndia-4-683x1024.jpg\" width=\"150\" height=\"150\" src=\"https:\/\/www.colorado.com.br\/nosdacolorado\/wp-content\/uploads\/2023\/06\/ASPA-Orl\u00e2ndia-4-150x150.jpg\" class=\"attachment-thumbnail size-thumbnail\" alt=\"\" srcset=\"https:\/\/www.colorado.com.br\/nosdacolorado\/wp-content\/uploads\/2023\/06\/ASPA-Orl\u00e2ndia-4-150x150.jpg 150w, https:\/\/www.colorado.com.br\/nosdacolorado\/wp-content\/uploads\/2023\/06\/ASPA-Orl\u00e2ndia-4-100x100.jpg 100w, https:\/\/www.colorado.com.br\/nosdacolorado\/wp-content\/uploads\/2023\/06\/ASPA-Orl\u00e2ndia-4-140x140.jpg 140w, https:\/\/www.colorado.com.br\/nosdacolorado\/wp-content\/uploads\/2023\/06\/ASPA-Orl\u00e2ndia-4-500x500.jpg 500w, https:\/\/www.colorado.com.br\/nosdacolorado\/wp-content\/uploads\/2023\/06\/ASPA-Orl\u00e2ndia-4-350x350.jpg 350w, https:\/\/www.colorado.com.br\/nosdacolorado\/wp-content\/uploads\/2023\/06\/ASPA-Orl\u00e2ndia-4-1000x1000.jpg 1000w, https:\/\/www.colorado.com.br\/nosdacolorado\/wp-content\/uploads\/2023\/06\/ASPA-Orl\u00e2ndia-4-800x800.jpg 800w\" sizes=\"auto, (max-width: 150px) 100vw, 150px\" \/><\/a>\n\t\t\t<\/dt><\/dl><dl class='gallery-item'>\n\t\t\t<dt class='gallery-icon portrait'>\n\t\t\t\t<a href='https:\/\/www.colorado.com.br\/nosdacolorado\/wp-content\/uploads\/2023\/06\/ASPA-Orl\u00e2ndia-5.jpg'><img loading=\"lazy\" decoding=\"async\" data-attachment-id=\"20826\" data-orig-file=\"https:\/\/www.colorado.com.br\/nosdacolorado\/wp-content\/uploads\/2023\/06\/ASPA-Orl\u00e2ndia-5.jpg\" data-orig-size=\"1280,1920\" data-comments-opened=\"1\" data-image-meta=\"{&quot;aperture&quot;:&quot;1.8&quot;,&quot;credit&quot;:&quot;&quot;,&quot;camera&quot;:&quot;ILCE-6400&quot;,&quot;caption&quot;:&quot;&quot;,&quot;created_timestamp&quot;:&quot;1687293548&quot;,&quot;copyright&quot;:&quot;&quot;,&quot;focal_length&quot;:&quot;35&quot;,&quot;iso&quot;:&quot;1250&quot;,&quot;shutter_speed&quot;:&quot;0.005&quot;,&quot;title&quot;:&quot;&quot;,&quot;orientation&quot;:&quot;0&quot;,&quot;keywords&quot;:&quot;Array&quot;}\" data-image-title=\"ASPA Orl\u00e2ndia (5)\" data-image-description=\"\" data-medium-file=\"https:\/\/www.colorado.com.br\/nosdacolorado\/wp-content\/uploads\/2023\/06\/ASPA-Orl\u00e2ndia-5-200x300.jpg\" data-large-file=\"https:\/\/www.colorado.com.br\/nosdacolorado\/wp-content\/uploads\/2023\/06\/ASPA-Orl\u00e2ndia-5-683x1024.jpg\" width=\"150\" height=\"150\" src=\"https:\/\/www.colorado.com.br\/nosdacolorado\/wp-content\/uploads\/2023\/06\/ASPA-Orl\u00e2ndia-5-150x150.jpg\" class=\"attachment-thumbnail size-thumbnail\" alt=\"\" srcset=\"https:\/\/www.colorado.com.br\/nosdacolorado\/wp-content\/uploads\/2023\/06\/ASPA-Orl\u00e2ndia-5-150x150.jpg 150w, https:\/\/www.colorado.com.br\/nosdacolorado\/wp-content\/uploads\/2023\/06\/ASPA-Orl\u00e2ndia-5-100x100.jpg 100w, https:\/\/www.colorado.com.br\/nosdacolorado\/wp-content\/uploads\/2023\/06\/ASPA-Orl\u00e2ndia-5-140x140.jpg 140w, https:\/\/www.colorado.com.br\/nosdacolorado\/wp-content\/uploads\/2023\/06\/ASPA-Orl\u00e2ndia-5-500x500.jpg 500w, https:\/\/www.colorado.com.br\/nosdacolorado\/wp-content\/uploads\/2023\/06\/ASPA-Orl\u00e2ndia-5-350x350.jpg 350w, https:\/\/www.colorado.com.br\/nosdacolorado\/wp-content\/uploads\/2023\/06\/ASPA-Orl\u00e2ndia-5-1000x1000.jpg 1000w, https:\/\/www.colorado.com.br\/nosdacolorado\/wp-content\/uploads\/2023\/06\/ASPA-Orl\u00e2ndia-5-800x800.jpg 800w\" sizes=\"auto, (max-width: 150px) 100vw, 150px\" \/><\/a>\n\t\t\t<\/dt><\/dl><br style=\"clear: both\" \/><dl class='gallery-item'>\n\t\t\t<dt class='gallery-icon landscape'>\n\t\t\t\t<a href='https:\/\/www.colorado.com.br\/nosdacolorado\/wp-content\/uploads\/2023\/06\/ASPA-Orl\u00e2ndia-6.jpg'><img loading=\"lazy\" decoding=\"async\" data-attachment-id=\"20827\" data-orig-file=\"https:\/\/www.colorado.com.br\/nosdacolorado\/wp-content\/uploads\/2023\/06\/ASPA-Orl\u00e2ndia-6.jpg\" data-orig-size=\"1920,1280\" data-comments-opened=\"1\" data-image-meta=\"{&quot;aperture&quot;:&quot;1.8&quot;,&quot;credit&quot;:&quot;&quot;,&quot;camera&quot;:&quot;ILCE-6400&quot;,&quot;caption&quot;:&quot;&quot;,&quot;created_timestamp&quot;:&quot;1687293598&quot;,&quot;copyright&quot;:&quot;&quot;,&quot;focal_length&quot;:&quot;35&quot;,&quot;iso&quot;:&quot;1250&quot;,&quot;shutter_speed&quot;:&quot;0.004&quot;,&quot;title&quot;:&quot;&quot;,&quot;orientation&quot;:&quot;0&quot;,&quot;keywords&quot;:&quot;Array&quot;}\" data-image-title=\"ASPA Orl\u00e2ndia (6)\" data-image-description=\"\" data-medium-file=\"https:\/\/www.colorado.com.br\/nosdacolorado\/wp-content\/uploads\/2023\/06\/ASPA-Orl\u00e2ndia-6-300x200.jpg\" data-large-file=\"https:\/\/www.colorado.com.br\/nosdacolorado\/wp-content\/uploads\/2023\/06\/ASPA-Orl\u00e2ndia-6-1024x683.jpg\" width=\"150\" height=\"150\" src=\"https:\/\/www.colorado.com.br\/nosdacolorado\/wp-content\/uploads\/2023\/06\/ASPA-Orl\u00e2ndia-6-150x150.jpg\" class=\"attachment-thumbnail size-thumbnail\" alt=\"\" srcset=\"https:\/\/www.colorado.com.br\/nosdacolorado\/wp-content\/uploads\/2023\/06\/ASPA-Orl\u00e2ndia-6-150x150.jpg 150w, https:\/\/www.colorado.com.br\/nosdacolorado\/wp-content\/uploads\/2023\/06\/ASPA-Orl\u00e2ndia-6-100x100.jpg 100w, https:\/\/www.colorado.com.br\/nosdacolorado\/wp-content\/uploads\/2023\/06\/ASPA-Orl\u00e2ndia-6-140x140.jpg 140w, https:\/\/www.colorado.com.br\/nosdacolorado\/wp-content\/uploads\/2023\/06\/ASPA-Orl\u00e2ndia-6-500x500.jpg 500w, https:\/\/www.colorado.com.br\/nosdacolorado\/wp-content\/uploads\/2023\/06\/ASPA-Orl\u00e2ndia-6-350x350.jpg 350w, https:\/\/www.colorado.com.br\/nosdacolorado\/wp-content\/uploads\/2023\/06\/ASPA-Orl\u00e2ndia-6-1000x1000.jpg 1000w, https:\/\/www.colorado.com.br\/nosdacolorado\/wp-content\/uploads\/2023\/06\/ASPA-Orl\u00e2ndia-6-800x800.jpg 800w\" sizes=\"auto, (max-width: 150px) 100vw, 150px\" \/><\/a>\n\t\t\t<\/dt><\/dl><dl class='gallery-item'>\n\t\t\t<dt class='gallery-icon portrait'>\n\t\t\t\t<a href='https:\/\/www.colorado.com.br\/nosdacolorado\/wp-content\/uploads\/2023\/06\/ASPA-Orl\u00e2ndia-7.jpg'><img loading=\"lazy\" decoding=\"async\" data-attachment-id=\"20828\" data-orig-file=\"https:\/\/www.colorado.com.br\/nosdacolorado\/wp-content\/uploads\/2023\/06\/ASPA-Orl\u00e2ndia-7.jpg\" data-orig-size=\"1280,1920\" data-comments-opened=\"1\" data-image-meta=\"{&quot;aperture&quot;:&quot;1.8&quot;,&quot;credit&quot;:&quot;&quot;,&quot;camera&quot;:&quot;ILCE-6400&quot;,&quot;caption&quot;:&quot;&quot;,&quot;created_timestamp&quot;:&quot;1687293608&quot;,&quot;copyright&quot;:&quot;&quot;,&quot;focal_length&quot;:&quot;35&quot;,&quot;iso&quot;:&quot;1250&quot;,&quot;shutter_speed&quot;:&quot;0.004&quot;,&quot;title&quot;:&quot;&quot;,&quot;orientation&quot;:&quot;0&quot;,&quot;keywords&quot;:&quot;Array&quot;}\" data-image-title=\"ASPA Orl\u00e2ndia (7)\" data-image-description=\"\" data-medium-file=\"https:\/\/www.colorado.com.br\/nosdacolorado\/wp-content\/uploads\/2023\/06\/ASPA-Orl\u00e2ndia-7-200x300.jpg\" data-large-file=\"https:\/\/www.colorado.com.br\/nosdacolorado\/wp-content\/uploads\/2023\/06\/ASPA-Orl\u00e2ndia-7-683x1024.jpg\" width=\"150\" height=\"150\" src=\"https:\/\/www.colorado.com.br\/nosdacolorado\/wp-content\/uploads\/2023\/06\/ASPA-Orl\u00e2ndia-7-150x150.jpg\" class=\"attachment-thumbnail size-thumbnail\" alt=\"\" srcset=\"https:\/\/www.colorado.com.br\/nosdacolorado\/wp-content\/uploads\/2023\/06\/ASPA-Orl\u00e2ndia-7-150x150.jpg 150w, https:\/\/www.colorado.com.br\/nosdacolorado\/wp-content\/uploads\/2023\/06\/ASPA-Orl\u00e2ndia-7-100x100.jpg 100w, https:\/\/www.colorado.com.br\/nosdacolorado\/wp-content\/uploads\/2023\/06\/ASPA-Orl\u00e2ndia-7-140x140.jpg 140w, https:\/\/www.colorado.com.br\/nosdacolorado\/wp-content\/uploads\/2023\/06\/ASPA-Orl\u00e2ndia-7-500x500.jpg 500w, https:\/\/www.colorado.com.br\/nosdacolorado\/wp-content\/uploads\/2023\/06\/ASPA-Orl\u00e2ndia-7-350x350.jpg 350w, https:\/\/www.colorado.com.br\/nosdacolorado\/wp-content\/uploads\/2023\/06\/ASPA-Orl\u00e2ndia-7-1000x1000.jpg 1000w, https:\/\/www.colorado.com.br\/nosdacolorado\/wp-content\/uploads\/2023\/06\/ASPA-Orl\u00e2ndia-7-800x800.jpg 800w\" sizes=\"auto, (max-width: 150px) 100vw, 150px\" \/><\/a>\n\t\t\t<\/dt><\/dl><dl class='gallery-item'>\n\t\t\t<dt class='gallery-icon landscape'>\n\t\t\t\t<a href='https:\/\/www.colorado.com.br\/nosdacolorado\/wp-content\/uploads\/2023\/06\/ASPA-Orl\u00e2ndia-8.jpg'><img loading=\"lazy\" decoding=\"async\" data-attachment-id=\"20829\" data-orig-file=\"https:\/\/www.colorado.com.br\/nosdacolorado\/wp-content\/uploads\/2023\/06\/ASPA-Orl\u00e2ndia-8.jpg\" data-orig-size=\"1920,1280\" data-comments-opened=\"1\" data-image-meta=\"{&quot;aperture&quot;:&quot;1.8&quot;,&quot;credit&quot;:&quot;&quot;,&quot;camera&quot;:&quot;ILCE-6400&quot;,&quot;caption&quot;:&quot;&quot;,&quot;created_timestamp&quot;:&quot;1687293672&quot;,&quot;copyright&quot;:&quot;&quot;,&quot;focal_length&quot;:&quot;35&quot;,&quot;iso&quot;:&quot;1250&quot;,&quot;shutter_speed&quot;:&quot;0.0025&quot;,&quot;title&quot;:&quot;&quot;,&quot;orientation&quot;:&quot;0&quot;,&quot;keywords&quot;:&quot;Array&quot;}\" data-image-title=\"ASPA Orl\u00e2ndia (8)\" data-image-description=\"\" data-medium-file=\"https:\/\/www.colorado.com.br\/nosdacolorado\/wp-content\/uploads\/2023\/06\/ASPA-Orl\u00e2ndia-8-300x200.jpg\" data-large-file=\"https:\/\/www.colorado.com.br\/nosdacolorado\/wp-content\/uploads\/2023\/06\/ASPA-Orl\u00e2ndia-8-1024x683.jpg\" width=\"150\" height=\"150\" src=\"https:\/\/www.colorado.com.br\/nosdacolorado\/wp-content\/uploads\/2023\/06\/ASPA-Orl\u00e2ndia-8-150x150.jpg\" class=\"attachment-thumbnail size-thumbnail\" alt=\"\" srcset=\"https:\/\/www.colorado.com.br\/nosdacolorado\/wp-content\/uploads\/2023\/06\/ASPA-Orl\u00e2ndia-8-150x150.jpg 150w, https:\/\/www.colorado.com.br\/nosdacolorado\/wp-content\/uploads\/2023\/06\/ASPA-Orl\u00e2ndia-8-100x100.jpg 100w, https:\/\/www.colorado.com.br\/nosdacolorado\/wp-content\/uploads\/2023\/06\/ASPA-Orl\u00e2ndia-8-140x140.jpg 140w, https:\/\/www.colorado.com.br\/nosdacolorado\/wp-content\/uploads\/2023\/06\/ASPA-Orl\u00e2ndia-8-500x500.jpg 500w, https:\/\/www.colorado.com.br\/nosdacolorado\/wp-content\/uploads\/2023\/06\/ASPA-Orl\u00e2ndia-8-350x350.jpg 350w, https:\/\/www.colorado.com.br\/nosdacolorado\/wp-content\/uploads\/2023\/06\/ASPA-Orl\u00e2ndia-8-1000x1000.jpg 1000w, https:\/\/www.colorado.com.br\/nosdacolorado\/wp-content\/uploads\/2023\/06\/ASPA-Orl\u00e2ndia-8-800x800.jpg 800w\" sizes=\"auto, (max-width: 150px) 100vw, 150px\" \/><\/a>\n\t\t\t<\/dt><\/dl><dl class='gallery-item'>\n\t\t\t<dt class='gallery-icon landscape'>\n\t\t\t\t<a href='https:\/\/www.colorado.com.br\/nosdacolorado\/wp-content\/uploads\/2023\/06\/ASPA-Orl\u00e2ndia-9.jpg'><img loading=\"lazy\" decoding=\"async\" data-attachment-id=\"20830\" data-orig-file=\"https:\/\/www.colorado.com.br\/nosdacolorado\/wp-content\/uploads\/2023\/06\/ASPA-Orl\u00e2ndia-9.jpg\" data-orig-size=\"1920,1280\" data-comments-opened=\"1\" data-image-meta=\"{&quot;aperture&quot;:&quot;1.8&quot;,&quot;credit&quot;:&quot;&quot;,&quot;camera&quot;:&quot;ILCE-6400&quot;,&quot;caption&quot;:&quot;&quot;,&quot;created_timestamp&quot;:&quot;1687293842&quot;,&quot;copyright&quot;:&quot;&quot;,&quot;focal_length&quot;:&quot;35&quot;,&quot;iso&quot;:&quot;1250&quot;,&quot;shutter_speed&quot;:&quot;0.0025&quot;,&quot;title&quot;:&quot;&quot;,&quot;orientation&quot;:&quot;0&quot;,&quot;keywords&quot;:&quot;Array&quot;}\" data-image-title=\"ASPA Orl\u00e2ndia (9)\" data-image-description=\"\" data-medium-file=\"https:\/\/www.colorado.com.br\/nosdacolorado\/wp-content\/uploads\/2023\/06\/ASPA-Orl\u00e2ndia-9-300x200.jpg\" data-large-file=\"https:\/\/www.colorado.com.br\/nosdacolorado\/wp-content\/uploads\/2023\/06\/ASPA-Orl\u00e2ndia-9-1024x683.jpg\" width=\"150\" height=\"150\" src=\"https:\/\/www.colorado.com.br\/nosdacolorado\/wp-content\/uploads\/2023\/06\/ASPA-Orl\u00e2ndia-9-150x150.jpg\" class=\"attachment-thumbnail size-thumbnail\" alt=\"\" srcset=\"https:\/\/www.colorado.com.br\/nosdacolorado\/wp-content\/uploads\/2023\/06\/ASPA-Orl\u00e2ndia-9-150x150.jpg 150w, https:\/\/www.colorado.com.br\/nosdacolorado\/wp-content\/uploads\/2023\/06\/ASPA-Orl\u00e2ndia-9-100x100.jpg 100w, https:\/\/www.colorado.com.br\/nosdacolorado\/wp-content\/uploads\/2023\/06\/ASPA-Orl\u00e2ndia-9-140x140.jpg 140w, https:\/\/www.colorado.com.br\/nosdacolorado\/wp-content\/uploads\/2023\/06\/ASPA-Orl\u00e2ndia-9-500x500.jpg 500w, https:\/\/www.colorado.com.br\/nosdacolorado\/wp-content\/uploads\/2023\/06\/ASPA-Orl\u00e2ndia-9-350x350.jpg 350w, https:\/\/www.colorado.com.br\/nosdacolorado\/wp-content\/uploads\/2023\/06\/ASPA-Orl\u00e2ndia-9-1000x1000.jpg 1000w, https:\/\/www.colorado.com.br\/nosdacolorado\/wp-content\/uploads\/2023\/06\/ASPA-Orl\u00e2ndia-9-800x800.jpg 800w\" sizes=\"auto, (max-width: 150px) 100vw, 150px\" \/><\/a>\n\t\t\t<\/dt><\/dl><dl class='gallery-item'>\n\t\t\t<dt class='gallery-icon landscape'>\n\t\t\t\t<a href='https:\/\/www.colorado.com.br\/nosdacolorado\/wp-content\/uploads\/2023\/06\/ASPA-Orl\u00e2ndia-10.jpg'><img loading=\"lazy\" decoding=\"async\" data-attachment-id=\"20831\" data-orig-file=\"https:\/\/www.colorado.com.br\/nosdacolorado\/wp-content\/uploads\/2023\/06\/ASPA-Orl\u00e2ndia-10.jpg\" data-orig-size=\"1920,1280\" data-comments-opened=\"1\" data-image-meta=\"{&quot;aperture&quot;:&quot;1.8&quot;,&quot;credit&quot;:&quot;&quot;,&quot;camera&quot;:&quot;ILCE-6400&quot;,&quot;caption&quot;:&quot;&quot;,&quot;created_timestamp&quot;:&quot;1687293865&quot;,&quot;copyright&quot;:&quot;&quot;,&quot;focal_length&quot;:&quot;35&quot;,&quot;iso&quot;:&quot;1250&quot;,&quot;shutter_speed&quot;:&quot;0.0025&quot;,&quot;title&quot;:&quot;&quot;,&quot;orientation&quot;:&quot;0&quot;,&quot;keywords&quot;:&quot;Array&quot;}\" data-image-title=\"ASPA Orl\u00e2ndia (10)\" data-image-description=\"\" data-medium-file=\"https:\/\/www.colorado.com.br\/nosdacolorado\/wp-content\/uploads\/2023\/06\/ASPA-Orl\u00e2ndia-10-300x200.jpg\" data-large-file=\"https:\/\/www.colorado.com.br\/nosdacolorado\/wp-content\/uploads\/2023\/06\/ASPA-Orl\u00e2ndia-10-1024x683.jpg\" width=\"150\" height=\"150\" src=\"https:\/\/www.colorado.com.br\/nosdacolorado\/wp-content\/uploads\/2023\/06\/ASPA-Orl\u00e2ndia-10-150x150.jpg\" class=\"attachment-thumbnail size-thumbnail\" alt=\"\" srcset=\"https:\/\/www.colorado.com.br\/nosdacolorado\/wp-content\/uploads\/2023\/06\/ASPA-Orl\u00e2ndia-10-150x150.jpg 150w, https:\/\/www.colorado.com.br\/nosdacolorado\/wp-content\/uploads\/2023\/06\/ASPA-Orl\u00e2ndia-10-100x100.jpg 100w, https:\/\/www.colorado.com.br\/nosdacolorado\/wp-content\/uploads\/2023\/06\/ASPA-Orl\u00e2ndia-10-140x140.jpg 140w, https:\/\/www.colorado.com.br\/nosdacolorado\/wp-content\/uploads\/2023\/06\/ASPA-Orl\u00e2ndia-10-500x500.jpg 500w, https:\/\/www.colorado.com.br\/nosdacolorado\/wp-content\/uploads\/2023\/06\/ASPA-Orl\u00e2ndia-10-350x350.jpg 350w, https:\/\/www.colorado.com.br\/nosdacolorado\/wp-content\/uploads\/2023\/06\/ASPA-Orl\u00e2ndia-10-1000x1000.jpg 1000w, https:\/\/www.colorado.com.br\/nosdacolorado\/wp-content\/uploads\/2023\/06\/ASPA-Orl\u00e2ndia-10-800x800.jpg 800w\" sizes=\"auto, (max-width: 150px) 100vw, 150px\" \/><\/a>\n\t\t\t<\/dt><\/dl><br style=\"clear: both\" \/><dl class='gallery-item'>\n\t\t\t<dt class='gallery-icon landscape'>\n\t\t\t\t<a href='https:\/\/www.colorado.com.br\/nosdacolorado\/wp-content\/uploads\/2023\/06\/ASPA-Orl\u00e2ndia-11.jpg'><img loading=\"lazy\" decoding=\"async\" data-attachment-id=\"20832\" data-orig-file=\"https:\/\/www.colorado.com.br\/nosdacolorado\/wp-content\/uploads\/2023\/06\/ASPA-Orl\u00e2ndia-11.jpg\" data-orig-size=\"1920,1280\" data-comments-opened=\"1\" data-image-meta=\"{&quot;aperture&quot;:&quot;1.8&quot;,&quot;credit&quot;:&quot;&quot;,&quot;camera&quot;:&quot;ILCE-6400&quot;,&quot;caption&quot;:&quot;&quot;,&quot;created_timestamp&quot;:&quot;1687293927&quot;,&quot;copyright&quot;:&quot;&quot;,&quot;focal_length&quot;:&quot;35&quot;,&quot;iso&quot;:&quot;1600&quot;,&quot;shutter_speed&quot;:&quot;0.004&quot;,&quot;title&quot;:&quot;&quot;,&quot;orientation&quot;:&quot;0&quot;,&quot;keywords&quot;:&quot;Array&quot;}\" data-image-title=\"ASPA Orl\u00e2ndia (11)\" data-image-description=\"\" data-medium-file=\"https:\/\/www.colorado.com.br\/nosdacolorado\/wp-content\/uploads\/2023\/06\/ASPA-Orl\u00e2ndia-11-300x200.jpg\" data-large-file=\"https:\/\/www.colorado.com.br\/nosdacolorado\/wp-content\/uploads\/2023\/06\/ASPA-Orl\u00e2ndia-11-1024x683.jpg\" width=\"150\" height=\"150\" src=\"https:\/\/www.colorado.com.br\/nosdacolorado\/wp-content\/uploads\/2023\/06\/ASPA-Orl\u00e2ndia-11-150x150.jpg\" class=\"attachment-thumbnail size-thumbnail\" alt=\"\" srcset=\"https:\/\/www.colorado.com.br\/nosdacolorado\/wp-content\/uploads\/2023\/06\/ASPA-Orl\u00e2ndia-11-150x150.jpg 150w, https:\/\/www.colorado.com.br\/nosdacolorado\/wp-content\/uploads\/2023\/06\/ASPA-Orl\u00e2ndia-11-100x100.jpg 100w, https:\/\/www.colorado.com.br\/nosdacolorado\/wp-content\/uploads\/2023\/06\/ASPA-Orl\u00e2ndia-11-140x140.jpg 140w, https:\/\/www.colorado.com.br\/nosdacolorado\/wp-content\/uploads\/2023\/06\/ASPA-Orl\u00e2ndia-11-500x500.jpg 500w, https:\/\/www.colorado.com.br\/nosdacolorado\/wp-content\/uploads\/2023\/06\/ASPA-Orl\u00e2ndia-11-350x350.jpg 350w, https:\/\/www.colorado.com.br\/nosdacolorado\/wp-content\/uploads\/2023\/06\/ASPA-Orl\u00e2ndia-11-1000x1000.jpg 1000w, https:\/\/www.colorado.com.br\/nosdacolorado\/wp-content\/uploads\/2023\/06\/ASPA-Orl\u00e2ndia-11-800x800.jpg 800w\" sizes=\"auto, (max-width: 150px) 100vw, 150px\" \/><\/a>\n\t\t\t<\/dt><\/dl><dl class='gallery-item'>\n\t\t\t<dt class='gallery-icon landscape'>\n\t\t\t\t<a href='https:\/\/www.colorado.com.br\/nosdacolorado\/wp-content\/uploads\/2023\/06\/ASPA-Orl\u00e2ndia-12.jpg'><img loading=\"lazy\" decoding=\"async\" data-attachment-id=\"20833\" data-orig-file=\"https:\/\/www.colorado.com.br\/nosdacolorado\/wp-content\/uploads\/2023\/06\/ASPA-Orl\u00e2ndia-12.jpg\" data-orig-size=\"1920,1280\" data-comments-opened=\"1\" data-image-meta=\"{&quot;aperture&quot;:&quot;1.8&quot;,&quot;credit&quot;:&quot;&quot;,&quot;camera&quot;:&quot;ILCE-6400&quot;,&quot;caption&quot;:&quot;&quot;,&quot;created_timestamp&quot;:&quot;1687293929&quot;,&quot;copyright&quot;:&quot;&quot;,&quot;focal_length&quot;:&quot;35&quot;,&quot;iso&quot;:&quot;1600&quot;,&quot;shutter_speed&quot;:&quot;0.004&quot;,&quot;title&quot;:&quot;&quot;,&quot;orientation&quot;:&quot;0&quot;,&quot;keywords&quot;:&quot;Array&quot;}\" data-image-title=\"ASPA Orl\u00e2ndia (12)\" data-image-description=\"\" data-medium-file=\"https:\/\/www.colorado.com.br\/nosdacolorado\/wp-content\/uploads\/2023\/06\/ASPA-Orl\u00e2ndia-12-300x200.jpg\" data-large-file=\"https:\/\/www.colorado.com.br\/nosdacolorado\/wp-content\/uploads\/2023\/06\/ASPA-Orl\u00e2ndia-12-1024x683.jpg\" width=\"150\" height=\"150\" src=\"https:\/\/www.colorado.com.br\/nosdacolorado\/wp-content\/uploads\/2023\/06\/ASPA-Orl\u00e2ndia-12-150x150.jpg\" class=\"attachment-thumbnail size-thumbnail\" alt=\"\" srcset=\"https:\/\/www.colorado.com.br\/nosdacolorado\/wp-content\/uploads\/2023\/06\/ASPA-Orl\u00e2ndia-12-150x150.jpg 150w, https:\/\/www.colorado.com.br\/nosdacolorado\/wp-content\/uploads\/2023\/06\/ASPA-Orl\u00e2ndia-12-100x100.jpg 100w, https:\/\/www.colorado.com.br\/nosdacolorado\/wp-content\/uploads\/2023\/06\/ASPA-Orl\u00e2ndia-12-140x140.jpg 140w, https:\/\/www.colorado.com.br\/nosdacolorado\/wp-content\/uploads\/2023\/06\/ASPA-Orl\u00e2ndia-12-500x500.jpg 500w, https:\/\/www.colorado.com.br\/nosdacolorado\/wp-content\/uploads\/2023\/06\/ASPA-Orl\u00e2ndia-12-350x350.jpg 350w, https:\/\/www.colorado.com.br\/nosdacolorado\/wp-content\/uploads\/2023\/06\/ASPA-Orl\u00e2ndia-12-1000x1000.jpg 1000w, https:\/\/www.colorado.com.br\/nosdacolorado\/wp-content\/uploads\/2023\/06\/ASPA-Orl\u00e2ndia-12-800x800.jpg 800w\" sizes=\"auto, (max-width: 150px) 100vw, 150px\" \/><\/a>\n\t\t\t<\/dt><\/dl><dl class='gallery-item'>\n\t\t\t<dt class='gallery-icon landscape'>\n\t\t\t\t<a href='https:\/\/www.colorado.com.br\/nosdacolorado\/wp-content\/uploads\/2023\/06\/ASPA-Orl\u00e2ndia-13.jpg'><img loading=\"lazy\" decoding=\"async\" data-attachment-id=\"20834\" data-orig-file=\"https:\/\/www.colorado.com.br\/nosdacolorado\/wp-content\/uploads\/2023\/06\/ASPA-Orl\u00e2ndia-13.jpg\" data-orig-size=\"1920,1280\" data-comments-opened=\"1\" data-image-meta=\"{&quot;aperture&quot;:&quot;1.8&quot;,&quot;credit&quot;:&quot;&quot;,&quot;camera&quot;:&quot;ILCE-6400&quot;,&quot;caption&quot;:&quot;&quot;,&quot;created_timestamp&quot;:&quot;1687293983&quot;,&quot;copyright&quot;:&quot;&quot;,&quot;focal_length&quot;:&quot;35&quot;,&quot;iso&quot;:&quot;1250&quot;,&quot;shutter_speed&quot;:&quot;0.003125&quot;,&quot;title&quot;:&quot;&quot;,&quot;orientation&quot;:&quot;0&quot;,&quot;keywords&quot;:&quot;Array&quot;}\" data-image-title=\"ASPA Orl\u00e2ndia (13)\" data-image-description=\"\" data-medium-file=\"https:\/\/www.colorado.com.br\/nosdacolorado\/wp-content\/uploads\/2023\/06\/ASPA-Orl\u00e2ndia-13-300x200.jpg\" data-large-file=\"https:\/\/www.colorado.com.br\/nosdacolorado\/wp-content\/uploads\/2023\/06\/ASPA-Orl\u00e2ndia-13-1024x683.jpg\" width=\"150\" height=\"150\" src=\"https:\/\/www.colorado.com.br\/nosdacolorado\/wp-content\/uploads\/2023\/06\/ASPA-Orl\u00e2ndia-13-150x150.jpg\" class=\"attachment-thumbnail size-thumbnail\" alt=\"\" srcset=\"https:\/\/www.colorado.com.br\/nosdacolorado\/wp-content\/uploads\/2023\/06\/ASPA-Orl\u00e2ndia-13-150x150.jpg 150w, https:\/\/www.colorado.com.br\/nosdacolorado\/wp-content\/uploads\/2023\/06\/ASPA-Orl\u00e2ndia-13-100x100.jpg 100w, https:\/\/www.colorado.com.br\/nosdacolorado\/wp-content\/uploads\/2023\/06\/ASPA-Orl\u00e2ndia-13-140x140.jpg 140w, https:\/\/www.colorado.com.br\/nosdacolorado\/wp-content\/uploads\/2023\/06\/ASPA-Orl\u00e2ndia-13-500x500.jpg 500w, https:\/\/www.colorado.com.br\/nosdacolorado\/wp-content\/uploads\/2023\/06\/ASPA-Orl\u00e2ndia-13-350x350.jpg 350w, https:\/\/www.colorado.com.br\/nosdacolorado\/wp-content\/uploads\/2023\/06\/ASPA-Orl\u00e2ndia-13-1000x1000.jpg 1000w, https:\/\/www.colorado.com.br\/nosdacolorado\/wp-content\/uploads\/2023\/06\/ASPA-Orl\u00e2ndia-13-800x800.jpg 800w\" sizes=\"auto, (max-width: 150px) 100vw, 150px\" \/><\/a>\n\t\t\t<\/dt><\/dl><dl class='gallery-item'>\n\t\t\t<dt class='gallery-icon landscape'>\n\t\t\t\t<a href='https:\/\/www.colorado.com.br\/nosdacolorado\/wp-content\/uploads\/2023\/06\/ASPA-Orl\u00e2ndia-14.jpg'><img loading=\"lazy\" decoding=\"async\" data-attachment-id=\"20835\" data-orig-file=\"https:\/\/www.colorado.com.br\/nosdacolorado\/wp-content\/uploads\/2023\/06\/ASPA-Orl\u00e2ndia-14.jpg\" data-orig-size=\"1920,1280\" data-comments-opened=\"1\" data-image-meta=\"{&quot;aperture&quot;:&quot;1.8&quot;,&quot;credit&quot;:&quot;&quot;,&quot;camera&quot;:&quot;ILCE-6400&quot;,&quot;caption&quot;:&quot;&quot;,&quot;created_timestamp&quot;:&quot;1687293992&quot;,&quot;copyright&quot;:&quot;&quot;,&quot;focal_length&quot;:&quot;35&quot;,&quot;iso&quot;:&quot;1250&quot;,&quot;shutter_speed&quot;:&quot;0.003125&quot;,&quot;title&quot;:&quot;&quot;,&quot;orientation&quot;:&quot;0&quot;,&quot;keywords&quot;:&quot;Array&quot;}\" data-image-title=\"ASPA Orl\u00e2ndia (14)\" data-image-description=\"\" data-medium-file=\"https:\/\/www.colorado.com.br\/nosdacolorado\/wp-content\/uploads\/2023\/06\/ASPA-Orl\u00e2ndia-14-300x200.jpg\" data-large-file=\"https:\/\/www.colorado.com.br\/nosdacolorado\/wp-content\/uploads\/2023\/06\/ASPA-Orl\u00e2ndia-14-1024x683.jpg\" width=\"150\" height=\"150\" src=\"https:\/\/www.colorado.com.br\/nosdacolorado\/wp-content\/uploads\/2023\/06\/ASPA-Orl\u00e2ndia-14-150x150.jpg\" class=\"attachment-thumbnail size-thumbnail\" alt=\"\" srcset=\"https:\/\/www.colorado.com.br\/nosdacolorado\/wp-content\/uploads\/2023\/06\/ASPA-Orl\u00e2ndia-14-150x150.jpg 150w, https:\/\/www.colorado.com.br\/nosdacolorado\/wp-content\/uploads\/2023\/06\/ASPA-Orl\u00e2ndia-14-100x100.jpg 100w, https:\/\/www.colorado.com.br\/nosdacolorado\/wp-content\/uploads\/2023\/06\/ASPA-Orl\u00e2ndia-14-140x140.jpg 140w, https:\/\/www.colorado.com.br\/nosdacolorado\/wp-content\/uploads\/2023\/06\/ASPA-Orl\u00e2ndia-14-500x500.jpg 500w, https:\/\/www.colorado.com.br\/nosdacolorado\/wp-content\/uploads\/2023\/06\/ASPA-Orl\u00e2ndia-14-350x350.jpg 350w, https:\/\/www.colorado.com.br\/nosdacolorado\/wp-content\/uploads\/2023\/06\/ASPA-Orl\u00e2ndia-14-1000x1000.jpg 1000w, https:\/\/www.colorado.com.br\/nosdacolorado\/wp-content\/uploads\/2023\/06\/ASPA-Orl\u00e2ndia-14-800x800.jpg 800w\" sizes=\"auto, (max-width: 150px) 100vw, 150px\" \/><\/a>\n\t\t\t<\/dt><\/dl><dl class='gallery-item'>\n\t\t\t<dt class='gallery-icon landscape'>\n\t\t\t\t<a href='https:\/\/www.colorado.com.br\/nosdacolorado\/wp-content\/uploads\/2023\/06\/ASPA-Orl\u00e2ndia-15.jpg'><img loading=\"lazy\" decoding=\"async\" data-attachment-id=\"20836\" data-orig-file=\"https:\/\/www.colorado.com.br\/nosdacolorado\/wp-content\/uploads\/2023\/06\/ASPA-Orl\u00e2ndia-15.jpg\" data-orig-size=\"1920,1280\" data-comments-opened=\"1\" data-image-meta=\"{&quot;aperture&quot;:&quot;2.5&quot;,&quot;credit&quot;:&quot;&quot;,&quot;camera&quot;:&quot;ILCE-6400&quot;,&quot;caption&quot;:&quot;&quot;,&quot;created_timestamp&quot;:&quot;1687294003&quot;,&quot;copyright&quot;:&quot;&quot;,&quot;focal_length&quot;:&quot;35&quot;,&quot;iso&quot;:&quot;1250&quot;,&quot;shutter_speed&quot;:&quot;0.00625&quot;,&quot;title&quot;:&quot;&quot;,&quot;orientation&quot;:&quot;0&quot;,&quot;keywords&quot;:&quot;Array&quot;}\" data-image-title=\"ASPA Orl\u00e2ndia (15)\" data-image-description=\"\" data-medium-file=\"https:\/\/www.colorado.com.br\/nosdacolorado\/wp-content\/uploads\/2023\/06\/ASPA-Orl\u00e2ndia-15-300x200.jpg\" data-large-file=\"https:\/\/www.colorado.com.br\/nosdacolorado\/wp-content\/uploads\/2023\/06\/ASPA-Orl\u00e2ndia-15-1024x683.jpg\" width=\"150\" height=\"150\" src=\"https:\/\/www.colorado.com.br\/nosdacolorado\/wp-content\/uploads\/2023\/06\/ASPA-Orl\u00e2ndia-15-150x150.jpg\" class=\"attachment-thumbnail size-thumbnail\" alt=\"\" srcset=\"https:\/\/www.colorado.com.br\/nosdacolorado\/wp-content\/uploads\/2023\/06\/ASPA-Orl\u00e2ndia-15-150x150.jpg 150w, https:\/\/www.colorado.com.br\/nosdacolorado\/wp-content\/uploads\/2023\/06\/ASPA-Orl\u00e2ndia-15-100x100.jpg 100w, https:\/\/www.colorado.com.br\/nosdacolorado\/wp-content\/uploads\/2023\/06\/ASPA-Orl\u00e2ndia-15-140x140.jpg 140w, https:\/\/www.colorado.com.br\/nosdacolorado\/wp-content\/uploads\/2023\/06\/ASPA-Orl\u00e2ndia-15-500x500.jpg 500w, https:\/\/www.colorado.com.br\/nosdacolorado\/wp-content\/uploads\/2023\/06\/ASPA-Orl\u00e2ndia-15-350x350.jpg 350w, https:\/\/www.colorado.com.br\/nosdacolorado\/wp-content\/uploads\/2023\/06\/ASPA-Orl\u00e2ndia-15-1000x1000.jpg 1000w, https:\/\/www.colorado.com.br\/nosdacolorado\/wp-content\/uploads\/2023\/06\/ASPA-Orl\u00e2ndia-15-800x800.jpg 800w\" sizes=\"auto, (max-width: 150px) 100vw, 150px\" \/><\/a>\n\t\t\t<\/dt><\/dl><br style=\"clear: both\" \/><dl class='gallery-item'>\n\t\t\t<dt class='gallery-icon landscape'>\n\t\t\t\t<a href='https:\/\/www.colorado.com.br\/nosdacolorado\/wp-content\/uploads\/2023\/06\/ASPA-Orl\u00e2ndia-16.jpg'><img loading=\"lazy\" decoding=\"async\" data-attachment-id=\"20837\" data-orig-file=\"https:\/\/www.colorado.com.br\/nosdacolorado\/wp-content\/uploads\/2023\/06\/ASPA-Orl\u00e2ndia-16.jpg\" data-orig-size=\"1920,1280\" data-comments-opened=\"1\" data-image-meta=\"{&quot;aperture&quot;:&quot;2.5&quot;,&quot;credit&quot;:&quot;&quot;,&quot;camera&quot;:&quot;ILCE-6400&quot;,&quot;caption&quot;:&quot;&quot;,&quot;created_timestamp&quot;:&quot;1687294012&quot;,&quot;copyright&quot;:&quot;&quot;,&quot;focal_length&quot;:&quot;35&quot;,&quot;iso&quot;:&quot;1250&quot;,&quot;shutter_speed&quot;:&quot;0.00625&quot;,&quot;title&quot;:&quot;&quot;,&quot;orientation&quot;:&quot;0&quot;,&quot;keywords&quot;:&quot;Array&quot;}\" data-image-title=\"ASPA Orl\u00e2ndia (16)\" data-image-description=\"\" data-medium-file=\"https:\/\/www.colorado.com.br\/nosdacolorado\/wp-content\/uploads\/2023\/06\/ASPA-Orl\u00e2ndia-16-300x200.jpg\" data-large-file=\"https:\/\/www.colorado.com.br\/nosdacolorado\/wp-content\/uploads\/2023\/06\/ASPA-Orl\u00e2ndia-16-1024x683.jpg\" width=\"150\" height=\"150\" src=\"https:\/\/www.colorado.com.br\/nosdacolorado\/wp-content\/uploads\/2023\/06\/ASPA-Orl\u00e2ndia-16-150x150.jpg\" class=\"attachment-thumbnail size-thumbnail\" alt=\"\" srcset=\"https:\/\/www.colorado.com.br\/nosdacolorado\/wp-content\/uploads\/2023\/06\/ASPA-Orl\u00e2ndia-16-150x150.jpg 150w, https:\/\/www.colorado.com.br\/nosdacolorado\/wp-content\/uploads\/2023\/06\/ASPA-Orl\u00e2ndia-16-100x100.jpg 100w, https:\/\/www.colorado.com.br\/nosdacolorado\/wp-content\/uploads\/2023\/06\/ASPA-Orl\u00e2ndia-16-140x140.jpg 140w, https:\/\/www.colorado.com.br\/nosdacolorado\/wp-content\/uploads\/2023\/06\/ASPA-Orl\u00e2ndia-16-500x500.jpg 500w, https:\/\/www.colorado.com.br\/nosdacolorado\/wp-content\/uploads\/2023\/06\/ASPA-Orl\u00e2ndia-16-350x350.jpg 350w, https:\/\/www.colorado.com.br\/nosdacolorado\/wp-content\/uploads\/2023\/06\/ASPA-Orl\u00e2ndia-16-1000x1000.jpg 1000w, https:\/\/www.colorado.com.br\/nosdacolorado\/wp-content\/uploads\/2023\/06\/ASPA-Orl\u00e2ndia-16-800x800.jpg 800w\" sizes=\"auto, (max-width: 150px) 100vw, 150px\" \/><\/a>\n\t\t\t<\/dt><\/dl><dl class='gallery-item'>\n\t\t\t<dt class='gallery-icon portrait'>\n\t\t\t\t<a href='https:\/\/www.colorado.com.br\/nosdacolorado\/wp-content\/uploads\/2023\/06\/ASPA-Orl\u00e2ndia-17.jpg'><img loading=\"lazy\" decoding=\"async\" data-attachment-id=\"20838\" data-orig-file=\"https:\/\/www.colorado.com.br\/nosdacolorado\/wp-content\/uploads\/2023\/06\/ASPA-Orl\u00e2ndia-17.jpg\" data-orig-size=\"1280,1920\" data-comments-opened=\"1\" data-image-meta=\"{&quot;aperture&quot;:&quot;2.5&quot;,&quot;credit&quot;:&quot;&quot;,&quot;camera&quot;:&quot;ILCE-6400&quot;,&quot;caption&quot;:&quot;&quot;,&quot;created_timestamp&quot;:&quot;1687294056&quot;,&quot;copyright&quot;:&quot;&quot;,&quot;focal_length&quot;:&quot;35&quot;,&quot;iso&quot;:&quot;1250&quot;,&quot;shutter_speed&quot;:&quot;0.00625&quot;,&quot;title&quot;:&quot;&quot;,&quot;orientation&quot;:&quot;0&quot;,&quot;keywords&quot;:&quot;Array&quot;}\" data-image-title=\"ASPA Orl\u00e2ndia (17)\" data-image-description=\"\" data-medium-file=\"https:\/\/www.colorado.com.br\/nosdacolorado\/wp-content\/uploads\/2023\/06\/ASPA-Orl\u00e2ndia-17-200x300.jpg\" data-large-file=\"https:\/\/www.colorado.com.br\/nosdacolorado\/wp-content\/uploads\/2023\/06\/ASPA-Orl\u00e2ndia-17-683x1024.jpg\" width=\"150\" height=\"150\" src=\"https:\/\/www.colorado.com.br\/nosdacolorado\/wp-content\/uploads\/2023\/06\/ASPA-Orl\u00e2ndia-17-150x150.jpg\" class=\"attachment-thumbnail size-thumbnail\" alt=\"\" srcset=\"https:\/\/www.colorado.com.br\/nosdacolorado\/wp-content\/uploads\/2023\/06\/ASPA-Orl\u00e2ndia-17-150x150.jpg 150w, https:\/\/www.colorado.com.br\/nosdacolorado\/wp-content\/uploads\/2023\/06\/ASPA-Orl\u00e2ndia-17-100x100.jpg 100w, https:\/\/www.colorado.com.br\/nosdacolorado\/wp-content\/uploads\/2023\/06\/ASPA-Orl\u00e2ndia-17-140x140.jpg 140w, https:\/\/www.colorado.com.br\/nosdacolorado\/wp-content\/uploads\/2023\/06\/ASPA-Orl\u00e2ndia-17-500x500.jpg 500w, https:\/\/www.colorado.com.br\/nosdacolorado\/wp-content\/uploads\/2023\/06\/ASPA-Orl\u00e2ndia-17-350x350.jpg 350w, https:\/\/www.colorado.com.br\/nosdacolorado\/wp-content\/uploads\/2023\/06\/ASPA-Orl\u00e2ndia-17-1000x1000.jpg 1000w, https:\/\/www.colorado.com.br\/nosdacolorado\/wp-content\/uploads\/2023\/06\/ASPA-Orl\u00e2ndia-17-800x800.jpg 800w\" sizes=\"auto, (max-width: 150px) 100vw, 150px\" \/><\/a>\n\t\t\t<\/dt><\/dl><dl class='gallery-item'>\n\t\t\t<dt class='gallery-icon portrait'>\n\t\t\t\t<a href='https:\/\/www.colorado.com.br\/nosdacolorado\/wp-content\/uploads\/2023\/06\/ASPA-Orl\u00e2ndia-18.jpg'><img loading=\"lazy\" decoding=\"async\" data-attachment-id=\"20839\" data-orig-file=\"https:\/\/www.colorado.com.br\/nosdacolorado\/wp-content\/uploads\/2023\/06\/ASPA-Orl\u00e2ndia-18.jpg\" data-orig-size=\"1280,1920\" data-comments-opened=\"1\" data-image-meta=\"{&quot;aperture&quot;:&quot;2.5&quot;,&quot;credit&quot;:&quot;&quot;,&quot;camera&quot;:&quot;ILCE-6400&quot;,&quot;caption&quot;:&quot;&quot;,&quot;created_timestamp&quot;:&quot;1687294058&quot;,&quot;copyright&quot;:&quot;&quot;,&quot;focal_length&quot;:&quot;35&quot;,&quot;iso&quot;:&quot;1250&quot;,&quot;shutter_speed&quot;:&quot;0.00625&quot;,&quot;title&quot;:&quot;&quot;,&quot;orientation&quot;:&quot;0&quot;,&quot;keywords&quot;:&quot;Array&quot;}\" data-image-title=\"ASPA Orl\u00e2ndia (18)\" data-image-description=\"\" data-medium-file=\"https:\/\/www.colorado.com.br\/nosdacolorado\/wp-content\/uploads\/2023\/06\/ASPA-Orl\u00e2ndia-18-200x300.jpg\" data-large-file=\"https:\/\/www.colorado.com.br\/nosdacolorado\/wp-content\/uploads\/2023\/06\/ASPA-Orl\u00e2ndia-18-683x1024.jpg\" width=\"150\" height=\"150\" src=\"https:\/\/www.colorado.com.br\/nosdacolorado\/wp-content\/uploads\/2023\/06\/ASPA-Orl\u00e2ndia-18-150x150.jpg\" class=\"attachment-thumbnail size-thumbnail\" alt=\"\" srcset=\"https:\/\/www.colorado.com.br\/nosdacolorado\/wp-content\/uploads\/2023\/06\/ASPA-Orl\u00e2ndia-18-150x150.jpg 150w, https:\/\/www.colorado.com.br\/nosdacolorado\/wp-content\/uploads\/2023\/06\/ASPA-Orl\u00e2ndia-18-100x100.jpg 100w, https:\/\/www.colorado.com.br\/nosdacolorado\/wp-content\/uploads\/2023\/06\/ASPA-Orl\u00e2ndia-18-140x140.jpg 140w, https:\/\/www.colorado.com.br\/nosdacolorado\/wp-content\/uploads\/2023\/06\/ASPA-Orl\u00e2ndia-18-500x500.jpg 500w, https:\/\/www.colorado.com.br\/nosdacolorado\/wp-content\/uploads\/2023\/06\/ASPA-Orl\u00e2ndia-18-350x350.jpg 350w, https:\/\/www.colorado.com.br\/nosdacolorado\/wp-content\/uploads\/2023\/06\/ASPA-Orl\u00e2ndia-18-1000x1000.jpg 1000w, https:\/\/www.colorado.com.br\/nosdacolorado\/wp-content\/uploads\/2023\/06\/ASPA-Orl\u00e2ndia-18-800x800.jpg 800w\" sizes=\"auto, (max-width: 150px) 100vw, 150px\" \/><\/a>\n\t\t\t<\/dt><\/dl><dl class='gallery-item'>\n\t\t\t<dt class='gallery-icon portrait'>\n\t\t\t\t<a href='https:\/\/www.colorado.com.br\/nosdacolorado\/wp-content\/uploads\/2023\/06\/ASPA-Orl\u00e2ndia-19.jpg'><img loading=\"lazy\" decoding=\"async\" data-attachment-id=\"20840\" data-orig-file=\"https:\/\/www.colorado.com.br\/nosdacolorado\/wp-content\/uploads\/2023\/06\/ASPA-Orl\u00e2ndia-19.jpg\" data-orig-size=\"1280,1920\" data-comments-opened=\"1\" data-image-meta=\"{&quot;aperture&quot;:&quot;2.5&quot;,&quot;credit&quot;:&quot;&quot;,&quot;camera&quot;:&quot;ILCE-6400&quot;,&quot;caption&quot;:&quot;&quot;,&quot;created_timestamp&quot;:&quot;1687294061&quot;,&quot;copyright&quot;:&quot;&quot;,&quot;focal_length&quot;:&quot;35&quot;,&quot;iso&quot;:&quot;1250&quot;,&quot;shutter_speed&quot;:&quot;0.00625&quot;,&quot;title&quot;:&quot;&quot;,&quot;orientation&quot;:&quot;0&quot;,&quot;keywords&quot;:&quot;Array&quot;}\" data-image-title=\"ASPA Orl\u00e2ndia (19)\" data-image-description=\"\" data-medium-file=\"https:\/\/www.colorado.com.br\/nosdacolorado\/wp-content\/uploads\/2023\/06\/ASPA-Orl\u00e2ndia-19-200x300.jpg\" data-large-file=\"https:\/\/www.colorado.com.br\/nosdacolorado\/wp-content\/uploads\/2023\/06\/ASPA-Orl\u00e2ndia-19-683x1024.jpg\" width=\"150\" height=\"150\" src=\"https:\/\/www.colorado.com.br\/nosdacolorado\/wp-content\/uploads\/2023\/06\/ASPA-Orl\u00e2ndia-19-150x150.jpg\" class=\"attachment-thumbnail size-thumbnail\" alt=\"\" srcset=\"https:\/\/www.colorado.com.br\/nosdacolorado\/wp-content\/uploads\/2023\/06\/ASPA-Orl\u00e2ndia-19-150x150.jpg 150w, https:\/\/www.colorado.com.br\/nosdacolorado\/wp-content\/uploads\/2023\/06\/ASPA-Orl\u00e2ndia-19-100x100.jpg 100w, https:\/\/www.colorado.com.br\/nosdacolorado\/wp-content\/uploads\/2023\/06\/ASPA-Orl\u00e2ndia-19-140x140.jpg 140w, https:\/\/www.colorado.com.br\/nosdacolorado\/wp-content\/uploads\/2023\/06\/ASPA-Orl\u00e2ndia-19-500x500.jpg 500w, https:\/\/www.colorado.com.br\/nosdacolorado\/wp-content\/uploads\/2023\/06\/ASPA-Orl\u00e2ndia-19-350x350.jpg 350w, https:\/\/www.colorado.com.br\/nosdacolorado\/wp-content\/uploads\/2023\/06\/ASPA-Orl\u00e2ndia-19-1000x1000.jpg 1000w, https:\/\/www.colorado.com.br\/nosdacolorado\/wp-content\/uploads\/2023\/06\/ASPA-Orl\u00e2ndia-19-800x800.jpg 800w\" sizes=\"auto, (max-width: 150px) 100vw, 150px\" \/><\/a>\n\t\t\t<\/dt><\/dl><dl class='gallery-item'>\n\t\t\t<dt class='gallery-icon landscape'>\n\t\t\t\t<a href='https:\/\/www.colorado.com.br\/nosdacolorado\/wp-content\/uploads\/2023\/06\/ASPA-Orl\u00e2ndia-20.jpg'><img loading=\"lazy\" decoding=\"async\" data-attachment-id=\"20841\" data-orig-file=\"https:\/\/www.colorado.com.br\/nosdacolorado\/wp-content\/uploads\/2023\/06\/ASPA-Orl\u00e2ndia-20.jpg\" data-orig-size=\"1920,1280\" data-comments-opened=\"1\" data-image-meta=\"{&quot;aperture&quot;:&quot;2.5&quot;,&quot;credit&quot;:&quot;&quot;,&quot;camera&quot;:&quot;ILCE-6400&quot;,&quot;caption&quot;:&quot;&quot;,&quot;created_timestamp&quot;:&quot;1687294106&quot;,&quot;copyright&quot;:&quot;&quot;,&quot;focal_length&quot;:&quot;35&quot;,&quot;iso&quot;:&quot;1250&quot;,&quot;shutter_speed&quot;:&quot;0.00625&quot;,&quot;title&quot;:&quot;&quot;,&quot;orientation&quot;:&quot;0&quot;,&quot;keywords&quot;:&quot;Array&quot;}\" data-image-title=\"ASPA Orl\u00e2ndia (20)\" data-image-description=\"\" data-medium-file=\"https:\/\/www.colorado.com.br\/nosdacolorado\/wp-content\/uploads\/2023\/06\/ASPA-Orl\u00e2ndia-20-300x200.jpg\" data-large-file=\"https:\/\/www.colorado.com.br\/nosdacolorado\/wp-content\/uploads\/2023\/06\/ASPA-Orl\u00e2ndia-20-1024x683.jpg\" width=\"150\" height=\"150\" src=\"https:\/\/www.colorado.com.br\/nosdacolorado\/wp-content\/uploads\/2023\/06\/ASPA-Orl\u00e2ndia-20-150x150.jpg\" class=\"attachment-thumbnail size-thumbnail\" alt=\"\" srcset=\"https:\/\/www.colorado.com.br\/nosdacolorado\/wp-content\/uploads\/2023\/06\/ASPA-Orl\u00e2ndia-20-150x150.jpg 150w, https:\/\/www.colorado.com.br\/nosdacolorado\/wp-content\/uploads\/2023\/06\/ASPA-Orl\u00e2ndia-20-100x100.jpg 100w, https:\/\/www.colorado.com.br\/nosdacolorado\/wp-content\/uploads\/2023\/06\/ASPA-Orl\u00e2ndia-20-140x140.jpg 140w, https:\/\/www.colorado.com.br\/nosdacolorado\/wp-content\/uploads\/2023\/06\/ASPA-Orl\u00e2ndia-20-500x500.jpg 500w, https:\/\/www.colorado.com.br\/nosdacolorado\/wp-content\/uploads\/2023\/06\/ASPA-Orl\u00e2ndia-20-350x350.jpg 350w, https:\/\/www.colorado.com.br\/nosdacolorado\/wp-content\/uploads\/2023\/06\/ASPA-Orl\u00e2ndia-20-1000x1000.jpg 1000w, https:\/\/www.colorado.com.br\/nosdacolorado\/wp-content\/uploads\/2023\/06\/ASPA-Orl\u00e2ndia-20-800x800.jpg 800w\" sizes=\"auto, (max-width: 150px) 100vw, 150px\" \/><\/a>\n\t\t\t<\/dt><\/dl><br style=\"clear: both\" \/><dl class='gallery-item'>\n\t\t\t<dt class='gallery-icon landscape'>\n\t\t\t\t<a href='https:\/\/www.colorado.com.br\/nosdacolorado\/wp-content\/uploads\/2023\/06\/ASPA-Orl\u00e2ndia-21.jpg'><img loading=\"lazy\" decoding=\"async\" data-attachment-id=\"20842\" data-orig-file=\"https:\/\/www.colorado.com.br\/nosdacolorado\/wp-content\/uploads\/2023\/06\/ASPA-Orl\u00e2ndia-21.jpg\" data-orig-size=\"1920,1280\" data-comments-opened=\"1\" data-image-meta=\"{&quot;aperture&quot;:&quot;2.5&quot;,&quot;credit&quot;:&quot;&quot;,&quot;camera&quot;:&quot;ILCE-6400&quot;,&quot;caption&quot;:&quot;&quot;,&quot;created_timestamp&quot;:&quot;1687294107&quot;,&quot;copyright&quot;:&quot;&quot;,&quot;focal_length&quot;:&quot;35&quot;,&quot;iso&quot;:&quot;1250&quot;,&quot;shutter_speed&quot;:&quot;0.00625&quot;,&quot;title&quot;:&quot;&quot;,&quot;orientation&quot;:&quot;0&quot;,&quot;keywords&quot;:&quot;Array&quot;}\" data-image-title=\"ASPA Orl\u00e2ndia (21)\" data-image-description=\"\" data-medium-file=\"https:\/\/www.colorado.com.br\/nosdacolorado\/wp-content\/uploads\/2023\/06\/ASPA-Orl\u00e2ndia-21-300x200.jpg\" data-large-file=\"https:\/\/www.colorado.com.br\/nosdacolorado\/wp-content\/uploads\/2023\/06\/ASPA-Orl\u00e2ndia-21-1024x683.jpg\" width=\"150\" height=\"150\" src=\"https:\/\/www.colorado.com.br\/nosdacolorado\/wp-content\/uploads\/2023\/06\/ASPA-Orl\u00e2ndia-21-150x150.jpg\" class=\"attachment-thumbnail size-thumbnail\" alt=\"\" srcset=\"https:\/\/www.colorado.com.br\/nosdacolorado\/wp-content\/uploads\/2023\/06\/ASPA-Orl\u00e2ndia-21-150x150.jpg 150w, https:\/\/www.colorado.com.br\/nosdacolorado\/wp-content\/uploads\/2023\/06\/ASPA-Orl\u00e2ndia-21-100x100.jpg 100w, https:\/\/www.colorado.com.br\/nosdacolorado\/wp-content\/uploads\/2023\/06\/ASPA-Orl\u00e2ndia-21-140x140.jpg 140w, https:\/\/www.colorado.com.br\/nosdacolorado\/wp-content\/uploads\/2023\/06\/ASPA-Orl\u00e2ndia-21-500x500.jpg 500w, https:\/\/www.colorado.com.br\/nosdacolorado\/wp-content\/uploads\/2023\/06\/ASPA-Orl\u00e2ndia-21-350x350.jpg 350w, https:\/\/www.colorado.com.br\/nosdacolorado\/wp-content\/uploads\/2023\/06\/ASPA-Orl\u00e2ndia-21-1000x1000.jpg 1000w, https:\/\/www.colorado.com.br\/nosdacolorado\/wp-content\/uploads\/2023\/06\/ASPA-Orl\u00e2ndia-21-800x800.jpg 800w\" sizes=\"auto, (max-width: 150px) 100vw, 150px\" \/><\/a>\n\t\t\t<\/dt><\/dl><dl class='gallery-item'>\n\t\t\t<dt class='gallery-icon portrait'>\n\t\t\t\t<a href='https:\/\/www.colorado.com.br\/nosdacolorado\/wp-content\/uploads\/2023\/06\/ASPA-Orl\u00e2ndia-22.jpg'><img loading=\"lazy\" decoding=\"async\" data-attachment-id=\"20843\" data-orig-file=\"https:\/\/www.colorado.com.br\/nosdacolorado\/wp-content\/uploads\/2023\/06\/ASPA-Orl\u00e2ndia-22.jpg\" data-orig-size=\"1280,1920\" data-comments-opened=\"1\" data-image-meta=\"{&quot;aperture&quot;:&quot;1.8&quot;,&quot;credit&quot;:&quot;&quot;,&quot;camera&quot;:&quot;ILCE-6400&quot;,&quot;caption&quot;:&quot;&quot;,&quot;created_timestamp&quot;:&quot;1687294131&quot;,&quot;copyright&quot;:&quot;&quot;,&quot;focal_length&quot;:&quot;35&quot;,&quot;iso&quot;:&quot;1600&quot;,&quot;shutter_speed&quot;:&quot;0.004&quot;,&quot;title&quot;:&quot;&quot;,&quot;orientation&quot;:&quot;0&quot;,&quot;keywords&quot;:&quot;Array&quot;}\" data-image-title=\"ASPA Orl\u00e2ndia (22)\" data-image-description=\"\" data-medium-file=\"https:\/\/www.colorado.com.br\/nosdacolorado\/wp-content\/uploads\/2023\/06\/ASPA-Orl\u00e2ndia-22-200x300.jpg\" data-large-file=\"https:\/\/www.colorado.com.br\/nosdacolorado\/wp-content\/uploads\/2023\/06\/ASPA-Orl\u00e2ndia-22-683x1024.jpg\" width=\"150\" height=\"150\" src=\"https:\/\/www.colorado.com.br\/nosdacolorado\/wp-content\/uploads\/2023\/06\/ASPA-Orl\u00e2ndia-22-150x150.jpg\" class=\"attachment-thumbnail size-thumbnail\" alt=\"\" srcset=\"https:\/\/www.colorado.com.br\/nosdacolorado\/wp-content\/uploads\/2023\/06\/ASPA-Orl\u00e2ndia-22-150x150.jpg 150w, https:\/\/www.colorado.com.br\/nosdacolorado\/wp-content\/uploads\/2023\/06\/ASPA-Orl\u00e2ndia-22-100x100.jpg 100w, https:\/\/www.colorado.com.br\/nosdacolorado\/wp-content\/uploads\/2023\/06\/ASPA-Orl\u00e2ndia-22-140x140.jpg 140w, https:\/\/www.colorado.com.br\/nosdacolorado\/wp-content\/uploads\/2023\/06\/ASPA-Orl\u00e2ndia-22-500x500.jpg 500w, https:\/\/www.colorado.com.br\/nosdacolorado\/wp-content\/uploads\/2023\/06\/ASPA-Orl\u00e2ndia-22-350x350.jpg 350w, https:\/\/www.colorado.com.br\/nosdacolorado\/wp-content\/uploads\/2023\/06\/ASPA-Orl\u00e2ndia-22-1000x1000.jpg 1000w, https:\/\/www.colorado.com.br\/nosdacolorado\/wp-content\/uploads\/2023\/06\/ASPA-Orl\u00e2ndia-22-800x800.jpg 800w\" sizes=\"auto, (max-width: 150px) 100vw, 150px\" \/><\/a>\n\t\t\t<\/dt><\/dl><dl class='gallery-item'>\n\t\t\t<dt class='gallery-icon portrait'>\n\t\t\t\t<a href='https:\/\/www.colorado.com.br\/nosdacolorado\/wp-content\/uploads\/2023\/06\/ASPA-Orl\u00e2ndia-23.jpg'><img loading=\"lazy\" decoding=\"async\" data-attachment-id=\"20844\" data-orig-file=\"https:\/\/www.colorado.com.br\/nosdacolorado\/wp-content\/uploads\/2023\/06\/ASPA-Orl\u00e2ndia-23.jpg\" data-orig-size=\"1280,1920\" data-comments-opened=\"1\" data-image-meta=\"{&quot;aperture&quot;:&quot;1.8&quot;,&quot;credit&quot;:&quot;&quot;,&quot;camera&quot;:&quot;ILCE-6400&quot;,&quot;caption&quot;:&quot;&quot;,&quot;created_timestamp&quot;:&quot;1687294155&quot;,&quot;copyright&quot;:&quot;&quot;,&quot;focal_length&quot;:&quot;35&quot;,&quot;iso&quot;:&quot;1600&quot;,&quot;shutter_speed&quot;:&quot;0.003125&quot;,&quot;title&quot;:&quot;&quot;,&quot;orientation&quot;:&quot;0&quot;,&quot;keywords&quot;:&quot;Array&quot;}\" data-image-title=\"ASPA Orl\u00e2ndia (23)\" data-image-description=\"\" data-medium-file=\"https:\/\/www.colorado.com.br\/nosdacolorado\/wp-content\/uploads\/2023\/06\/ASPA-Orl\u00e2ndia-23-200x300.jpg\" data-large-file=\"https:\/\/www.colorado.com.br\/nosdacolorado\/wp-content\/uploads\/2023\/06\/ASPA-Orl\u00e2ndia-23-683x1024.jpg\" width=\"150\" height=\"150\" src=\"https:\/\/www.colorado.com.br\/nosdacolorado\/wp-content\/uploads\/2023\/06\/ASPA-Orl\u00e2ndia-23-150x150.jpg\" class=\"attachment-thumbnail size-thumbnail\" alt=\"\" srcset=\"https:\/\/www.colorado.com.br\/nosdacolorado\/wp-content\/uploads\/2023\/06\/ASPA-Orl\u00e2ndia-23-150x150.jpg 150w, https:\/\/www.colorado.com.br\/nosdacolorado\/wp-content\/uploads\/2023\/06\/ASPA-Orl\u00e2ndia-23-100x100.jpg 100w, https:\/\/www.colorado.com.br\/nosdacolorado\/wp-content\/uploads\/2023\/06\/ASPA-Orl\u00e2ndia-23-140x140.jpg 140w, https:\/\/www.colorado.com.br\/nosdacolorado\/wp-content\/uploads\/2023\/06\/ASPA-Orl\u00e2ndia-23-500x500.jpg 500w, https:\/\/www.colorado.com.br\/nosdacolorado\/wp-content\/uploads\/2023\/06\/ASPA-Orl\u00e2ndia-23-350x350.jpg 350w, https:\/\/www.colorado.com.br\/nosdacolorado\/wp-content\/uploads\/2023\/06\/ASPA-Orl\u00e2ndia-23-1000x1000.jpg 1000w, https:\/\/www.colorado.com.br\/nosdacolorado\/wp-content\/uploads\/2023\/06\/ASPA-Orl\u00e2ndia-23-800x800.jpg 800w\" sizes=\"auto, (max-width: 150px) 100vw, 150px\" \/><\/a>\n\t\t\t<\/dt><\/dl><dl class='gallery-item'>\n\t\t\t<dt class='gallery-icon portrait'>\n\t\t\t\t<a href='https:\/\/www.colorado.com.br\/nosdacolorado\/wp-content\/uploads\/2023\/06\/ASPA-Orl\u00e2ndia-24.jpg'><img loading=\"lazy\" decoding=\"async\" data-attachment-id=\"20845\" data-orig-file=\"https:\/\/www.colorado.com.br\/nosdacolorado\/wp-content\/uploads\/2023\/06\/ASPA-Orl\u00e2ndia-24.jpg\" data-orig-size=\"1280,1920\" data-comments-opened=\"1\" data-image-meta=\"{&quot;aperture&quot;:&quot;1.8&quot;,&quot;credit&quot;:&quot;&quot;,&quot;camera&quot;:&quot;ILCE-6400&quot;,&quot;caption&quot;:&quot;&quot;,&quot;created_timestamp&quot;:&quot;1687294171&quot;,&quot;copyright&quot;:&quot;&quot;,&quot;focal_length&quot;:&quot;35&quot;,&quot;iso&quot;:&quot;1600&quot;,&quot;shutter_speed&quot;:&quot;0.003125&quot;,&quot;title&quot;:&quot;&quot;,&quot;orientation&quot;:&quot;0&quot;,&quot;keywords&quot;:&quot;Array&quot;}\" data-image-title=\"ASPA Orl\u00e2ndia (24)\" data-image-description=\"\" data-medium-file=\"https:\/\/www.colorado.com.br\/nosdacolorado\/wp-content\/uploads\/2023\/06\/ASPA-Orl\u00e2ndia-24-200x300.jpg\" data-large-file=\"https:\/\/www.colorado.com.br\/nosdacolorado\/wp-content\/uploads\/2023\/06\/ASPA-Orl\u00e2ndia-24-683x1024.jpg\" width=\"150\" height=\"150\" src=\"https:\/\/www.colorado.com.br\/nosdacolorado\/wp-content\/uploads\/2023\/06\/ASPA-Orl\u00e2ndia-24-150x150.jpg\" class=\"attachment-thumbnail size-thumbnail\" alt=\"\" srcset=\"https:\/\/www.colorado.com.br\/nosdacolorado\/wp-content\/uploads\/2023\/06\/ASPA-Orl\u00e2ndia-24-150x150.jpg 150w, https:\/\/www.colorado.com.br\/nosdacolorado\/wp-content\/uploads\/2023\/06\/ASPA-Orl\u00e2ndia-24-100x100.jpg 100w, https:\/\/www.colorado.com.br\/nosdacolorado\/wp-content\/uploads\/2023\/06\/ASPA-Orl\u00e2ndia-24-140x140.jpg 140w, https:\/\/www.colorado.com.br\/nosdacolorado\/wp-content\/uploads\/2023\/06\/ASPA-Orl\u00e2ndia-24-500x500.jpg 500w, https:\/\/www.colorado.com.br\/nosdacolorado\/wp-content\/uploads\/2023\/06\/ASPA-Orl\u00e2ndia-24-350x350.jpg 350w, https:\/\/www.colorado.com.br\/nosdacolorado\/wp-content\/uploads\/2023\/06\/ASPA-Orl\u00e2ndia-24-1000x1000.jpg 1000w, https:\/\/www.colorado.com.br\/nosdacolorado\/wp-content\/uploads\/2023\/06\/ASPA-Orl\u00e2ndia-24-800x800.jpg 800w\" sizes=\"auto, (max-width: 150px) 100vw, 150px\" \/><\/a>\n\t\t\t<\/dt><\/dl><dl class='gallery-item'>\n\t\t\t<dt class='gallery-icon landscape'>\n\t\t\t\t<a href='https:\/\/www.colorado.com.br\/nosdacolorado\/wp-content\/uploads\/2023\/06\/ASPA-Orl\u00e2ndia-25.jpg'><img loading=\"lazy\" decoding=\"async\" data-attachment-id=\"20846\" data-orig-file=\"https:\/\/www.colorado.com.br\/nosdacolorado\/wp-content\/uploads\/2023\/06\/ASPA-Orl\u00e2ndia-25.jpg\" data-orig-size=\"1920,1280\" data-comments-opened=\"1\" data-image-meta=\"{&quot;aperture&quot;:&quot;1.8&quot;,&quot;credit&quot;:&quot;&quot;,&quot;camera&quot;:&quot;ILCE-6400&quot;,&quot;caption&quot;:&quot;&quot;,&quot;created_timestamp&quot;:&quot;1687294178&quot;,&quot;copyright&quot;:&quot;&quot;,&quot;focal_length&quot;:&quot;35&quot;,&quot;iso&quot;:&quot;1600&quot;,&quot;shutter_speed&quot;:&quot;0.003125&quot;,&quot;title&quot;:&quot;&quot;,&quot;orientation&quot;:&quot;0&quot;,&quot;keywords&quot;:&quot;Array&quot;}\" data-image-title=\"ASPA Orl\u00e2ndia (25)\" data-image-description=\"\" data-medium-file=\"https:\/\/www.colorado.com.br\/nosdacolorado\/wp-content\/uploads\/2023\/06\/ASPA-Orl\u00e2ndia-25-300x200.jpg\" data-large-file=\"https:\/\/www.colorado.com.br\/nosdacolorado\/wp-content\/uploads\/2023\/06\/ASPA-Orl\u00e2ndia-25-1024x683.jpg\" width=\"150\" height=\"150\" src=\"https:\/\/www.colorado.com.br\/nosdacolorado\/wp-content\/uploads\/2023\/06\/ASPA-Orl\u00e2ndia-25-150x150.jpg\" class=\"attachment-thumbnail size-thumbnail\" alt=\"\" srcset=\"https:\/\/www.colorado.com.br\/nosdacolorado\/wp-content\/uploads\/2023\/06\/ASPA-Orl\u00e2ndia-25-150x150.jpg 150w, https:\/\/www.colorado.com.br\/nosdacolorado\/wp-content\/uploads\/2023\/06\/ASPA-Orl\u00e2ndia-25-100x100.jpg 100w, https:\/\/www.colorado.com.br\/nosdacolorado\/wp-content\/uploads\/2023\/06\/ASPA-Orl\u00e2ndia-25-140x140.jpg 140w, https:\/\/www.colorado.com.br\/nosdacolorado\/wp-content\/uploads\/2023\/06\/ASPA-Orl\u00e2ndia-25-500x500.jpg 500w, https:\/\/www.colorado.com.br\/nosdacolorado\/wp-content\/uploads\/2023\/06\/ASPA-Orl\u00e2ndia-25-350x350.jpg 350w, https:\/\/www.colorado.com.br\/nosdacolorado\/wp-content\/uploads\/2023\/06\/ASPA-Orl\u00e2ndia-25-1000x1000.jpg 1000w, https:\/\/www.colorado.com.br\/nosdacolorado\/wp-content\/uploads\/2023\/06\/ASPA-Orl\u00e2ndia-25-800x800.jpg 800w\" sizes=\"auto, (max-width: 150px) 100vw, 150px\" \/><\/a>\n\t\t\t<\/dt><\/dl><br style=\"clear: both\" \/><dl class='gallery-item'>\n\t\t\t<dt class='gallery-icon landscape'>\n\t\t\t\t<a href='https:\/\/www.colorado.com.br\/nosdacolorado\/wp-content\/uploads\/2023\/06\/ASPA-Orl\u00e2ndia-26.jpg'><img loading=\"lazy\" decoding=\"async\" data-attachment-id=\"20847\" data-orig-file=\"https:\/\/www.colorado.com.br\/nosdacolorado\/wp-content\/uploads\/2023\/06\/ASPA-Orl\u00e2ndia-26.jpg\" data-orig-size=\"1920,1280\" data-comments-opened=\"1\" data-image-meta=\"{&quot;aperture&quot;:&quot;1.8&quot;,&quot;credit&quot;:&quot;&quot;,&quot;camera&quot;:&quot;ILCE-6400&quot;,&quot;caption&quot;:&quot;&quot;,&quot;created_timestamp&quot;:&quot;1687294183&quot;,&quot;copyright&quot;:&quot;&quot;,&quot;focal_length&quot;:&quot;35&quot;,&quot;iso&quot;:&quot;1600&quot;,&quot;shutter_speed&quot;:&quot;0.003125&quot;,&quot;title&quot;:&quot;&quot;,&quot;orientation&quot;:&quot;0&quot;,&quot;keywords&quot;:&quot;Array&quot;}\" data-image-title=\"ASPA Orl\u00e2ndia (26)\" data-image-description=\"\" data-medium-file=\"https:\/\/www.colorado.com.br\/nosdacolorado\/wp-content\/uploads\/2023\/06\/ASPA-Orl\u00e2ndia-26-300x200.jpg\" data-large-file=\"https:\/\/www.colorado.com.br\/nosdacolorado\/wp-content\/uploads\/2023\/06\/ASPA-Orl\u00e2ndia-26-1024x683.jpg\" width=\"150\" height=\"150\" src=\"https:\/\/www.colorado.com.br\/nosdacolorado\/wp-content\/uploads\/2023\/06\/ASPA-Orl\u00e2ndia-26-150x150.jpg\" class=\"attachment-thumbnail size-thumbnail\" alt=\"\" srcset=\"https:\/\/www.colorado.com.br\/nosdacolorado\/wp-content\/uploads\/2023\/06\/ASPA-Orl\u00e2ndia-26-150x150.jpg 150w, https:\/\/www.colorado.com.br\/nosdacolorado\/wp-content\/uploads\/2023\/06\/ASPA-Orl\u00e2ndia-26-100x100.jpg 100w, https:\/\/www.colorado.com.br\/nosdacolorado\/wp-content\/uploads\/2023\/06\/ASPA-Orl\u00e2ndia-26-140x140.jpg 140w, https:\/\/www.colorado.com.br\/nosdacolorado\/wp-content\/uploads\/2023\/06\/ASPA-Orl\u00e2ndia-26-500x500.jpg 500w, https:\/\/www.colorado.com.br\/nosdacolorado\/wp-content\/uploads\/2023\/06\/ASPA-Orl\u00e2ndia-26-350x350.jpg 350w, https:\/\/www.colorado.com.br\/nosdacolorado\/wp-content\/uploads\/2023\/06\/ASPA-Orl\u00e2ndia-26-1000x1000.jpg 1000w, https:\/\/www.colorado.com.br\/nosdacolorado\/wp-content\/uploads\/2023\/06\/ASPA-Orl\u00e2ndia-26-800x800.jpg 800w\" sizes=\"auto, (max-width: 150px) 100vw, 150px\" \/><\/a>\n\t\t\t<\/dt><\/dl><dl class='gallery-item'>\n\t\t\t<dt class='gallery-icon landscape'>\n\t\t\t\t<a href='https:\/\/www.colorado.com.br\/nosdacolorado\/wp-content\/uploads\/2023\/06\/ASPA-Orl\u00e2ndia-27.jpg'><img loading=\"lazy\" decoding=\"async\" data-attachment-id=\"20848\" data-orig-file=\"https:\/\/www.colorado.com.br\/nosdacolorado\/wp-content\/uploads\/2023\/06\/ASPA-Orl\u00e2ndia-27.jpg\" data-orig-size=\"1920,1280\" data-comments-opened=\"1\" data-image-meta=\"{&quot;aperture&quot;:&quot;1.8&quot;,&quot;credit&quot;:&quot;&quot;,&quot;camera&quot;:&quot;ILCE-6400&quot;,&quot;caption&quot;:&quot;&quot;,&quot;created_timestamp&quot;:&quot;1687294183&quot;,&quot;copyright&quot;:&quot;&quot;,&quot;focal_length&quot;:&quot;35&quot;,&quot;iso&quot;:&quot;1600&quot;,&quot;shutter_speed&quot;:&quot;0.003125&quot;,&quot;title&quot;:&quot;&quot;,&quot;orientation&quot;:&quot;0&quot;,&quot;keywords&quot;:&quot;Array&quot;}\" data-image-title=\"ASPA Orl\u00e2ndia (27)\" data-image-description=\"\" data-medium-file=\"https:\/\/www.colorado.com.br\/nosdacolorado\/wp-content\/uploads\/2023\/06\/ASPA-Orl\u00e2ndia-27-300x200.jpg\" data-large-file=\"https:\/\/www.colorado.com.br\/nosdacolorado\/wp-content\/uploads\/2023\/06\/ASPA-Orl\u00e2ndia-27-1024x683.jpg\" width=\"150\" height=\"150\" src=\"https:\/\/www.colorado.com.br\/nosdacolorado\/wp-content\/uploads\/2023\/06\/ASPA-Orl\u00e2ndia-27-150x150.jpg\" class=\"attachment-thumbnail size-thumbnail\" alt=\"\" srcset=\"https:\/\/www.colorado.com.br\/nosdacolorado\/wp-content\/uploads\/2023\/06\/ASPA-Orl\u00e2ndia-27-150x150.jpg 150w, https:\/\/www.colorado.com.br\/nosdacolorado\/wp-content\/uploads\/2023\/06\/ASPA-Orl\u00e2ndia-27-100x100.jpg 100w, https:\/\/www.colorado.com.br\/nosdacolorado\/wp-content\/uploads\/2023\/06\/ASPA-Orl\u00e2ndia-27-140x140.jpg 140w, https:\/\/www.colorado.com.br\/nosdacolorado\/wp-content\/uploads\/2023\/06\/ASPA-Orl\u00e2ndia-27-500x500.jpg 500w, https:\/\/www.colorado.com.br\/nosdacolorado\/wp-content\/uploads\/2023\/06\/ASPA-Orl\u00e2ndia-27-350x350.jpg 350w, https:\/\/www.colorado.com.br\/nosdacolorado\/wp-content\/uploads\/2023\/06\/ASPA-Orl\u00e2ndia-27-1000x1000.jpg 1000w, https:\/\/www.colorado.com.br\/nosdacolorado\/wp-content\/uploads\/2023\/06\/ASPA-Orl\u00e2ndia-27-800x800.jpg 800w\" sizes=\"auto, (max-width: 150px) 100vw, 150px\" \/><\/a>\n\t\t\t<\/dt><\/dl><dl class='gallery-item'>\n\t\t\t<dt class='gallery-icon landscape'>\n\t\t\t\t<a href='https:\/\/www.colorado.com.br\/nosdacolorado\/wp-content\/uploads\/2023\/06\/ASPA-Orl\u00e2ndia-28.jpg'><img loading=\"lazy\" decoding=\"async\" data-attachment-id=\"20849\" data-orig-file=\"https:\/\/www.colorado.com.br\/nosdacolorado\/wp-content\/uploads\/2023\/06\/ASPA-Orl\u00e2ndia-28.jpg\" data-orig-size=\"1920,1280\" data-comments-opened=\"1\" data-image-meta=\"{&quot;aperture&quot;:&quot;1.8&quot;,&quot;credit&quot;:&quot;&quot;,&quot;camera&quot;:&quot;ILCE-6400&quot;,&quot;caption&quot;:&quot;&quot;,&quot;created_timestamp&quot;:&quot;1687294187&quot;,&quot;copyright&quot;:&quot;&quot;,&quot;focal_length&quot;:&quot;35&quot;,&quot;iso&quot;:&quot;1600&quot;,&quot;shutter_speed&quot;:&quot;0.003125&quot;,&quot;title&quot;:&quot;&quot;,&quot;orientation&quot;:&quot;0&quot;,&quot;keywords&quot;:&quot;Array&quot;}\" data-image-title=\"ASPA Orl\u00e2ndia (28)\" data-image-description=\"\" data-medium-file=\"https:\/\/www.colorado.com.br\/nosdacolorado\/wp-content\/uploads\/2023\/06\/ASPA-Orl\u00e2ndia-28-300x200.jpg\" data-large-file=\"https:\/\/www.colorado.com.br\/nosdacolorado\/wp-content\/uploads\/2023\/06\/ASPA-Orl\u00e2ndia-28-1024x683.jpg\" width=\"150\" height=\"150\" src=\"https:\/\/www.colorado.com.br\/nosdacolorado\/wp-content\/uploads\/2023\/06\/ASPA-Orl\u00e2ndia-28-150x150.jpg\" class=\"attachment-thumbnail size-thumbnail\" alt=\"\" srcset=\"https:\/\/www.colorado.com.br\/nosdacolorado\/wp-content\/uploads\/2023\/06\/ASPA-Orl\u00e2ndia-28-150x150.jpg 150w, https:\/\/www.colorado.com.br\/nosdacolorado\/wp-content\/uploads\/2023\/06\/ASPA-Orl\u00e2ndia-28-100x100.jpg 100w, https:\/\/www.colorado.com.br\/nosdacolorado\/wp-content\/uploads\/2023\/06\/ASPA-Orl\u00e2ndia-28-140x140.jpg 140w, https:\/\/www.colorado.com.br\/nosdacolorado\/wp-content\/uploads\/2023\/06\/ASPA-Orl\u00e2ndia-28-500x500.jpg 500w, https:\/\/www.colorado.com.br\/nosdacolorado\/wp-content\/uploads\/2023\/06\/ASPA-Orl\u00e2ndia-28-350x350.jpg 350w, https:\/\/www.colorado.com.br\/nosdacolorado\/wp-content\/uploads\/2023\/06\/ASPA-Orl\u00e2ndia-28-1000x1000.jpg 1000w, https:\/\/www.colorado.com.br\/nosdacolorado\/wp-content\/uploads\/2023\/06\/ASPA-Orl\u00e2ndia-28-800x800.jpg 800w\" sizes=\"auto, (max-width: 150px) 100vw, 150px\" \/><\/a>\n\t\t\t<\/dt><\/dl><dl class='gallery-item'>\n\t\t\t<dt class='gallery-icon landscape'>\n\t\t\t\t<a href='https:\/\/www.colorado.com.br\/nosdacolorado\/wp-content\/uploads\/2023\/06\/ASPA-Orl\u00e2ndia-29.jpg'><img loading=\"lazy\" decoding=\"async\" data-attachment-id=\"20850\" data-orig-file=\"https:\/\/www.colorado.com.br\/nosdacolorado\/wp-content\/uploads\/2023\/06\/ASPA-Orl\u00e2ndia-29.jpg\" data-orig-size=\"1920,1280\" data-comments-opened=\"1\" data-image-meta=\"{&quot;aperture&quot;:&quot;1.8&quot;,&quot;credit&quot;:&quot;&quot;,&quot;camera&quot;:&quot;ILCE-6400&quot;,&quot;caption&quot;:&quot;&quot;,&quot;created_timestamp&quot;:&quot;1687294208&quot;,&quot;copyright&quot;:&quot;&quot;,&quot;focal_length&quot;:&quot;35&quot;,&quot;iso&quot;:&quot;1600&quot;,&quot;shutter_speed&quot;:&quot;0.003125&quot;,&quot;title&quot;:&quot;&quot;,&quot;orientation&quot;:&quot;0&quot;,&quot;keywords&quot;:&quot;Array&quot;}\" data-image-title=\"ASPA Orl\u00e2ndia (29)\" data-image-description=\"\" data-medium-file=\"https:\/\/www.colorado.com.br\/nosdacolorado\/wp-content\/uploads\/2023\/06\/ASPA-Orl\u00e2ndia-29-300x200.jpg\" data-large-file=\"https:\/\/www.colorado.com.br\/nosdacolorado\/wp-content\/uploads\/2023\/06\/ASPA-Orl\u00e2ndia-29-1024x683.jpg\" width=\"150\" height=\"150\" src=\"https:\/\/www.colorado.com.br\/nosdacolorado\/wp-content\/uploads\/2023\/06\/ASPA-Orl\u00e2ndia-29-150x150.jpg\" class=\"attachment-thumbnail size-thumbnail\" alt=\"\" srcset=\"https:\/\/www.colorado.com.br\/nosdacolorado\/wp-content\/uploads\/2023\/06\/ASPA-Orl\u00e2ndia-29-150x150.jpg 150w, https:\/\/www.colorado.com.br\/nosdacolorado\/wp-content\/uploads\/2023\/06\/ASPA-Orl\u00e2ndia-29-100x100.jpg 100w, https:\/\/www.colorado.com.br\/nosdacolorado\/wp-content\/uploads\/2023\/06\/ASPA-Orl\u00e2ndia-29-140x140.jpg 140w, https:\/\/www.colorado.com.br\/nosdacolorado\/wp-content\/uploads\/2023\/06\/ASPA-Orl\u00e2ndia-29-500x500.jpg 500w, https:\/\/www.colorado.com.br\/nosdacolorado\/wp-content\/uploads\/2023\/06\/ASPA-Orl\u00e2ndia-29-350x350.jpg 350w, https:\/\/www.colorado.com.br\/nosdacolorado\/wp-content\/uploads\/2023\/06\/ASPA-Orl\u00e2ndia-29-1000x1000.jpg 1000w, https:\/\/www.colorado.com.br\/nosdacolorado\/wp-content\/uploads\/2023\/06\/ASPA-Orl\u00e2ndia-29-800x800.jpg 800w\" sizes=\"auto, (max-width: 150px) 100vw, 150px\" \/><\/a>\n\t\t\t<\/dt><\/dl><dl class='gallery-item'>\n\t\t\t<dt class='gallery-icon landscape'>\n\t\t\t\t<a href='https:\/\/www.colorado.com.br\/nosdacolorado\/wp-content\/uploads\/2023\/06\/ASPA-Orl\u00e2ndia-30.jpg'><img loading=\"lazy\" decoding=\"async\" data-attachment-id=\"20851\" data-orig-file=\"https:\/\/www.colorado.com.br\/nosdacolorado\/wp-content\/uploads\/2023\/06\/ASPA-Orl\u00e2ndia-30.jpg\" data-orig-size=\"1920,1280\" data-comments-opened=\"1\" data-image-meta=\"{&quot;aperture&quot;:&quot;1.8&quot;,&quot;credit&quot;:&quot;&quot;,&quot;camera&quot;:&quot;ILCE-6400&quot;,&quot;caption&quot;:&quot;&quot;,&quot;created_timestamp&quot;:&quot;1687294311&quot;,&quot;copyright&quot;:&quot;&quot;,&quot;focal_length&quot;:&quot;35&quot;,&quot;iso&quot;:&quot;1600&quot;,&quot;shutter_speed&quot;:&quot;0.003125&quot;,&quot;title&quot;:&quot;&quot;,&quot;orientation&quot;:&quot;0&quot;,&quot;keywords&quot;:&quot;Array&quot;}\" data-image-title=\"ASPA Orl\u00e2ndia (30)\" data-image-description=\"\" data-medium-file=\"https:\/\/www.colorado.com.br\/nosdacolorado\/wp-content\/uploads\/2023\/06\/ASPA-Orl\u00e2ndia-30-300x200.jpg\" data-large-file=\"https:\/\/www.colorado.com.br\/nosdacolorado\/wp-content\/uploads\/2023\/06\/ASPA-Orl\u00e2ndia-30-1024x683.jpg\" width=\"150\" height=\"150\" src=\"https:\/\/www.colorado.com.br\/nosdacolorado\/wp-content\/uploads\/2023\/06\/ASPA-Orl\u00e2ndia-30-150x150.jpg\" class=\"attachment-thumbnail size-thumbnail\" alt=\"\" srcset=\"https:\/\/www.colorado.com.br\/nosdacolorado\/wp-content\/uploads\/2023\/06\/ASPA-Orl\u00e2ndia-30-150x150.jpg 150w, https:\/\/www.colorado.com.br\/nosdacolorado\/wp-content\/uploads\/2023\/06\/ASPA-Orl\u00e2ndia-30-100x100.jpg 100w, https:\/\/www.colorado.com.br\/nosdacolorado\/wp-content\/uploads\/2023\/06\/ASPA-Orl\u00e2ndia-30-140x140.jpg 140w, https:\/\/www.colorado.com.br\/nosdacolorado\/wp-content\/uploads\/2023\/06\/ASPA-Orl\u00e2ndia-30-500x500.jpg 500w, https:\/\/www.colorado.com.br\/nosdacolorado\/wp-content\/uploads\/2023\/06\/ASPA-Orl\u00e2ndia-30-350x350.jpg 350w, https:\/\/www.colorado.com.br\/nosdacolorado\/wp-content\/uploads\/2023\/06\/ASPA-Orl\u00e2ndia-30-1000x1000.jpg 1000w, https:\/\/www.colorado.com.br\/nosdacolorado\/wp-content\/uploads\/2023\/06\/ASPA-Orl\u00e2ndia-30-800x800.jpg 800w\" sizes=\"auto, (max-width: 150px) 100vw, 150px\" \/><\/a>\n\t\t\t<\/dt><\/dl><br style=\"clear: both\" \/><dl class='gallery-item'>\n\t\t\t<dt class='gallery-icon landscape'>\n\t\t\t\t<a href='https:\/\/www.colorado.com.br\/nosdacolorado\/wp-content\/uploads\/2023\/06\/ASPA-Orl\u00e2ndia-31.jpg'><img loading=\"lazy\" decoding=\"async\" data-attachment-id=\"20852\" data-orig-file=\"https:\/\/www.colorado.com.br\/nosdacolorado\/wp-content\/uploads\/2023\/06\/ASPA-Orl\u00e2ndia-31.jpg\" data-orig-size=\"1920,1280\" data-comments-opened=\"1\" data-image-meta=\"{&quot;aperture&quot;:&quot;1.8&quot;,&quot;credit&quot;:&quot;&quot;,&quot;camera&quot;:&quot;ILCE-6400&quot;,&quot;caption&quot;:&quot;&quot;,&quot;created_timestamp&quot;:&quot;1687294453&quot;,&quot;copyright&quot;:&quot;&quot;,&quot;focal_length&quot;:&quot;35&quot;,&quot;iso&quot;:&quot;1600&quot;,&quot;shutter_speed&quot;:&quot;0.002&quot;,&quot;title&quot;:&quot;&quot;,&quot;orientation&quot;:&quot;0&quot;,&quot;keywords&quot;:&quot;Array&quot;}\" data-image-title=\"ASPA Orl\u00e2ndia (31)\" data-image-description=\"\" data-medium-file=\"https:\/\/www.colorado.com.br\/nosdacolorado\/wp-content\/uploads\/2023\/06\/ASPA-Orl\u00e2ndia-31-300x200.jpg\" data-large-file=\"https:\/\/www.colorado.com.br\/nosdacolorado\/wp-content\/uploads\/2023\/06\/ASPA-Orl\u00e2ndia-31-1024x683.jpg\" width=\"150\" height=\"150\" src=\"https:\/\/www.colorado.com.br\/nosdacolorado\/wp-content\/uploads\/2023\/06\/ASPA-Orl\u00e2ndia-31-150x150.jpg\" class=\"attachment-thumbnail size-thumbnail\" alt=\"\" srcset=\"https:\/\/www.colorado.com.br\/nosdacolorado\/wp-content\/uploads\/2023\/06\/ASPA-Orl\u00e2ndia-31-150x150.jpg 150w, https:\/\/www.colorado.com.br\/nosdacolorado\/wp-content\/uploads\/2023\/06\/ASPA-Orl\u00e2ndia-31-100x100.jpg 100w, https:\/\/www.colorado.com.br\/nosdacolorado\/wp-content\/uploads\/2023\/06\/ASPA-Orl\u00e2ndia-31-140x140.jpg 140w, https:\/\/www.colorado.com.br\/nosdacolorado\/wp-content\/uploads\/2023\/06\/ASPA-Orl\u00e2ndia-31-500x500.jpg 500w, https:\/\/www.colorado.com.br\/nosdacolorado\/wp-content\/uploads\/2023\/06\/ASPA-Orl\u00e2ndia-31-350x350.jpg 350w, https:\/\/www.colorado.com.br\/nosdacolorado\/wp-content\/uploads\/2023\/06\/ASPA-Orl\u00e2ndia-31-1000x1000.jpg 1000w, https:\/\/www.colorado.com.br\/nosdacolorado\/wp-content\/uploads\/2023\/06\/ASPA-Orl\u00e2ndia-31-800x800.jpg 800w\" sizes=\"auto, (max-width: 150px) 100vw, 150px\" \/><\/a>\n\t\t\t<\/dt><\/dl><dl class='gallery-item'>\n\t\t\t<dt class='gallery-icon landscape'>\n\t\t\t\t<a href='https:\/\/www.colorado.com.br\/nosdacolorado\/wp-content\/uploads\/2023\/06\/ASPA-Orl\u00e2ndia-32.jpg'><img loading=\"lazy\" decoding=\"async\" data-attachment-id=\"20853\" data-orig-file=\"https:\/\/www.colorado.com.br\/nosdacolorado\/wp-content\/uploads\/2023\/06\/ASPA-Orl\u00e2ndia-32.jpg\" data-orig-size=\"1920,1280\" data-comments-opened=\"1\" data-image-meta=\"{&quot;aperture&quot;:&quot;1.8&quot;,&quot;credit&quot;:&quot;&quot;,&quot;camera&quot;:&quot;ILCE-6400&quot;,&quot;caption&quot;:&quot;&quot;,&quot;created_timestamp&quot;:&quot;1687294457&quot;,&quot;copyright&quot;:&quot;&quot;,&quot;focal_length&quot;:&quot;35&quot;,&quot;iso&quot;:&quot;1600&quot;,&quot;shutter_speed&quot;:&quot;0.002&quot;,&quot;title&quot;:&quot;&quot;,&quot;orientation&quot;:&quot;0&quot;,&quot;keywords&quot;:&quot;Array&quot;}\" data-image-title=\"ASPA Orl\u00e2ndia (32)\" data-image-description=\"\" data-medium-file=\"https:\/\/www.colorado.com.br\/nosdacolorado\/wp-content\/uploads\/2023\/06\/ASPA-Orl\u00e2ndia-32-300x200.jpg\" data-large-file=\"https:\/\/www.colorado.com.br\/nosdacolorado\/wp-content\/uploads\/2023\/06\/ASPA-Orl\u00e2ndia-32-1024x683.jpg\" width=\"150\" height=\"150\" src=\"https:\/\/www.colorado.com.br\/nosdacolorado\/wp-content\/uploads\/2023\/06\/ASPA-Orl\u00e2ndia-32-150x150.jpg\" class=\"attachment-thumbnail size-thumbnail\" alt=\"\" srcset=\"https:\/\/www.colorado.com.br\/nosdacolorado\/wp-content\/uploads\/2023\/06\/ASPA-Orl\u00e2ndia-32-150x150.jpg 150w, https:\/\/www.colorado.com.br\/nosdacolorado\/wp-content\/uploads\/2023\/06\/ASPA-Orl\u00e2ndia-32-100x100.jpg 100w, https:\/\/www.colorado.com.br\/nosdacolorado\/wp-content\/uploads\/2023\/06\/ASPA-Orl\u00e2ndia-32-140x140.jpg 140w, https:\/\/www.colorado.com.br\/nosdacolorado\/wp-content\/uploads\/2023\/06\/ASPA-Orl\u00e2ndia-32-500x500.jpg 500w, https:\/\/www.colorado.com.br\/nosdacolorado\/wp-content\/uploads\/2023\/06\/ASPA-Orl\u00e2ndia-32-350x350.jpg 350w, https:\/\/www.colorado.com.br\/nosdacolorado\/wp-content\/uploads\/2023\/06\/ASPA-Orl\u00e2ndia-32-1000x1000.jpg 1000w, https:\/\/www.colorado.com.br\/nosdacolorado\/wp-content\/uploads\/2023\/06\/ASPA-Orl\u00e2ndia-32-800x800.jpg 800w\" sizes=\"auto, (max-width: 150px) 100vw, 150px\" \/><\/a>\n\t\t\t<\/dt><\/dl><dl class='gallery-item'>\n\t\t\t<dt class='gallery-icon landscape'>\n\t\t\t\t<a href='https:\/\/www.colorado.com.br\/nosdacolorado\/wp-content\/uploads\/2023\/06\/ASPA-Orl\u00e2ndia-33.jpg'><img loading=\"lazy\" decoding=\"async\" data-attachment-id=\"20854\" data-orig-file=\"https:\/\/www.colorado.com.br\/nosdacolorado\/wp-content\/uploads\/2023\/06\/ASPA-Orl\u00e2ndia-33.jpg\" data-orig-size=\"1920,1280\" data-comments-opened=\"1\" data-image-meta=\"{&quot;aperture&quot;:&quot;1.8&quot;,&quot;credit&quot;:&quot;&quot;,&quot;camera&quot;:&quot;ILCE-6400&quot;,&quot;caption&quot;:&quot;&quot;,&quot;created_timestamp&quot;:&quot;1687294464&quot;,&quot;copyright&quot;:&quot;&quot;,&quot;focal_length&quot;:&quot;35&quot;,&quot;iso&quot;:&quot;1600&quot;,&quot;shutter_speed&quot;:&quot;0.002&quot;,&quot;title&quot;:&quot;&quot;,&quot;orientation&quot;:&quot;0&quot;,&quot;keywords&quot;:&quot;Array&quot;}\" data-image-title=\"ASPA Orl\u00e2ndia (33)\" data-image-description=\"\" data-medium-file=\"https:\/\/www.colorado.com.br\/nosdacolorado\/wp-content\/uploads\/2023\/06\/ASPA-Orl\u00e2ndia-33-300x200.jpg\" data-large-file=\"https:\/\/www.colorado.com.br\/nosdacolorado\/wp-content\/uploads\/2023\/06\/ASPA-Orl\u00e2ndia-33-1024x683.jpg\" width=\"150\" height=\"150\" src=\"https:\/\/www.colorado.com.br\/nosdacolorado\/wp-content\/uploads\/2023\/06\/ASPA-Orl\u00e2ndia-33-150x150.jpg\" class=\"attachment-thumbnail size-thumbnail\" alt=\"\" srcset=\"https:\/\/www.colorado.com.br\/nosdacolorado\/wp-content\/uploads\/2023\/06\/ASPA-Orl\u00e2ndia-33-150x150.jpg 150w, https:\/\/www.colorado.com.br\/nosdacolorado\/wp-content\/uploads\/2023\/06\/ASPA-Orl\u00e2ndia-33-100x100.jpg 100w, https:\/\/www.colorado.com.br\/nosdacolorado\/wp-content\/uploads\/2023\/06\/ASPA-Orl\u00e2ndia-33-140x140.jpg 140w, https:\/\/www.colorado.com.br\/nosdacolorado\/wp-content\/uploads\/2023\/06\/ASPA-Orl\u00e2ndia-33-500x500.jpg 500w, https:\/\/www.colorado.com.br\/nosdacolorado\/wp-content\/uploads\/2023\/06\/ASPA-Orl\u00e2ndia-33-350x350.jpg 350w, https:\/\/www.colorado.com.br\/nosdacolorado\/wp-content\/uploads\/2023\/06\/ASPA-Orl\u00e2ndia-33-1000x1000.jpg 1000w, https:\/\/www.colorado.com.br\/nosdacolorado\/wp-content\/uploads\/2023\/06\/ASPA-Orl\u00e2ndia-33-800x800.jpg 800w\" sizes=\"auto, (max-width: 150px) 100vw, 150px\" \/><\/a>\n\t\t\t<\/dt><\/dl><dl class='gallery-item'>\n\t\t\t<dt class='gallery-icon portrait'>\n\t\t\t\t<a href='https:\/\/www.colorado.com.br\/nosdacolorado\/wp-content\/uploads\/2023\/06\/ASPA-Orl\u00e2ndia-34.jpg'><img loading=\"lazy\" decoding=\"async\" data-attachment-id=\"20855\" data-orig-file=\"https:\/\/www.colorado.com.br\/nosdacolorado\/wp-content\/uploads\/2023\/06\/ASPA-Orl\u00e2ndia-34.jpg\" data-orig-size=\"1280,1920\" data-comments-opened=\"1\" data-image-meta=\"{&quot;aperture&quot;:&quot;1.8&quot;,&quot;credit&quot;:&quot;&quot;,&quot;camera&quot;:&quot;ILCE-6400&quot;,&quot;caption&quot;:&quot;&quot;,&quot;created_timestamp&quot;:&quot;1687294481&quot;,&quot;copyright&quot;:&quot;&quot;,&quot;focal_length&quot;:&quot;35&quot;,&quot;iso&quot;:&quot;1600&quot;,&quot;shutter_speed&quot;:&quot;0.002&quot;,&quot;title&quot;:&quot;&quot;,&quot;orientation&quot;:&quot;0&quot;,&quot;keywords&quot;:&quot;Array&quot;}\" data-image-title=\"ASPA Orl\u00e2ndia (34)\" data-image-description=\"\" data-medium-file=\"https:\/\/www.colorado.com.br\/nosdacolorado\/wp-content\/uploads\/2023\/06\/ASPA-Orl\u00e2ndia-34-200x300.jpg\" data-large-file=\"https:\/\/www.colorado.com.br\/nosdacolorado\/wp-content\/uploads\/2023\/06\/ASPA-Orl\u00e2ndia-34-683x1024.jpg\" width=\"150\" height=\"150\" src=\"https:\/\/www.colorado.com.br\/nosdacolorado\/wp-content\/uploads\/2023\/06\/ASPA-Orl\u00e2ndia-34-150x150.jpg\" class=\"attachment-thumbnail size-thumbnail\" alt=\"\" srcset=\"https:\/\/www.colorado.com.br\/nosdacolorado\/wp-content\/uploads\/2023\/06\/ASPA-Orl\u00e2ndia-34-150x150.jpg 150w, https:\/\/www.colorado.com.br\/nosdacolorado\/wp-content\/uploads\/2023\/06\/ASPA-Orl\u00e2ndia-34-100x100.jpg 100w, https:\/\/www.colorado.com.br\/nosdacolorado\/wp-content\/uploads\/2023\/06\/ASPA-Orl\u00e2ndia-34-140x140.jpg 140w, https:\/\/www.colorado.com.br\/nosdacolorado\/wp-content\/uploads\/2023\/06\/ASPA-Orl\u00e2ndia-34-500x500.jpg 500w, https:\/\/www.colorado.com.br\/nosdacolorado\/wp-content\/uploads\/2023\/06\/ASPA-Orl\u00e2ndia-34-350x350.jpg 350w, https:\/\/www.colorado.com.br\/nosdacolorado\/wp-content\/uploads\/2023\/06\/ASPA-Orl\u00e2ndia-34-1000x1000.jpg 1000w, https:\/\/www.colorado.com.br\/nosdacolorado\/wp-content\/uploads\/2023\/06\/ASPA-Orl\u00e2ndia-34-800x800.jpg 800w\" sizes=\"auto, (max-width: 150px) 100vw, 150px\" \/><\/a>\n\t\t\t<\/dt><\/dl><dl class='gallery-item'>\n\t\t\t<dt class='gallery-icon portrait'>\n\t\t\t\t<a href='https:\/\/www.colorado.com.br\/nosdacolorado\/wp-content\/uploads\/2023\/06\/ASPA-Orl\u00e2ndia-35.jpg'><img loading=\"lazy\" decoding=\"async\" data-attachment-id=\"20856\" data-orig-file=\"https:\/\/www.colorado.com.br\/nosdacolorado\/wp-content\/uploads\/2023\/06\/ASPA-Orl\u00e2ndia-35.jpg\" data-orig-size=\"1280,1920\" data-comments-opened=\"1\" data-image-meta=\"{&quot;aperture&quot;:&quot;1.8&quot;,&quot;credit&quot;:&quot;&quot;,&quot;camera&quot;:&quot;ILCE-6400&quot;,&quot;caption&quot;:&quot;&quot;,&quot;created_timestamp&quot;:&quot;1687294487&quot;,&quot;copyright&quot;:&quot;&quot;,&quot;focal_length&quot;:&quot;35&quot;,&quot;iso&quot;:&quot;1600&quot;,&quot;shutter_speed&quot;:&quot;0.002&quot;,&quot;title&quot;:&quot;&quot;,&quot;orientation&quot;:&quot;0&quot;,&quot;keywords&quot;:&quot;Array&quot;}\" data-image-title=\"ASPA Orl\u00e2ndia (35)\" data-image-description=\"\" data-medium-file=\"https:\/\/www.colorado.com.br\/nosdacolorado\/wp-content\/uploads\/2023\/06\/ASPA-Orl\u00e2ndia-35-200x300.jpg\" data-large-file=\"https:\/\/www.colorado.com.br\/nosdacolorado\/wp-content\/uploads\/2023\/06\/ASPA-Orl\u00e2ndia-35-683x1024.jpg\" width=\"150\" height=\"150\" src=\"https:\/\/www.colorado.com.br\/nosdacolorado\/wp-content\/uploads\/2023\/06\/ASPA-Orl\u00e2ndia-35-150x150.jpg\" class=\"attachment-thumbnail size-thumbnail\" alt=\"\" srcset=\"https:\/\/www.colorado.com.br\/nosdacolorado\/wp-content\/uploads\/2023\/06\/ASPA-Orl\u00e2ndia-35-150x150.jpg 150w, https:\/\/www.colorado.com.br\/nosdacolorado\/wp-content\/uploads\/2023\/06\/ASPA-Orl\u00e2ndia-35-100x100.jpg 100w, https:\/\/www.colorado.com.br\/nosdacolorado\/wp-content\/uploads\/2023\/06\/ASPA-Orl\u00e2ndia-35-140x140.jpg 140w, https:\/\/www.colorado.com.br\/nosdacolorado\/wp-content\/uploads\/2023\/06\/ASPA-Orl\u00e2ndia-35-500x500.jpg 500w, https:\/\/www.colorado.com.br\/nosdacolorado\/wp-content\/uploads\/2023\/06\/ASPA-Orl\u00e2ndia-35-350x350.jpg 350w, https:\/\/www.colorado.com.br\/nosdacolorado\/wp-content\/uploads\/2023\/06\/ASPA-Orl\u00e2ndia-35-1000x1000.jpg 1000w, https:\/\/www.colorado.com.br\/nosdacolorado\/wp-content\/uploads\/2023\/06\/ASPA-Orl\u00e2ndia-35-800x800.jpg 800w\" sizes=\"auto, (max-width: 150px) 100vw, 150px\" \/><\/a>\n\t\t\t<\/dt><\/dl><br style=\"clear: both\" \/><dl class='gallery-item'>\n\t\t\t<dt class='gallery-icon portrait'>\n\t\t\t\t<a href='https:\/\/www.colorado.com.br\/nosdacolorado\/wp-content\/uploads\/2023\/06\/ASPA-Orl\u00e2ndia-36.jpg'><img loading=\"lazy\" decoding=\"async\" data-attachment-id=\"20857\" data-orig-file=\"https:\/\/www.colorado.com.br\/nosdacolorado\/wp-content\/uploads\/2023\/06\/ASPA-Orl\u00e2ndia-36.jpg\" data-orig-size=\"1280,1920\" data-comments-opened=\"1\" data-image-meta=\"{&quot;aperture&quot;:&quot;1.8&quot;,&quot;credit&quot;:&quot;&quot;,&quot;camera&quot;:&quot;ILCE-6400&quot;,&quot;caption&quot;:&quot;&quot;,&quot;created_timestamp&quot;:&quot;1687294488&quot;,&quot;copyright&quot;:&quot;&quot;,&quot;focal_length&quot;:&quot;35&quot;,&quot;iso&quot;:&quot;1600&quot;,&quot;shutter_speed&quot;:&quot;0.002&quot;,&quot;title&quot;:&quot;&quot;,&quot;orientation&quot;:&quot;0&quot;,&quot;keywords&quot;:&quot;Array&quot;}\" data-image-title=\"ASPA Orl\u00e2ndia (36)\" data-image-description=\"\" data-medium-file=\"https:\/\/www.colorado.com.br\/nosdacolorado\/wp-content\/uploads\/2023\/06\/ASPA-Orl\u00e2ndia-36-200x300.jpg\" data-large-file=\"https:\/\/www.colorado.com.br\/nosdacolorado\/wp-content\/uploads\/2023\/06\/ASPA-Orl\u00e2ndia-36-683x1024.jpg\" width=\"150\" height=\"150\" src=\"https:\/\/www.colorado.com.br\/nosdacolorado\/wp-content\/uploads\/2023\/06\/ASPA-Orl\u00e2ndia-36-150x150.jpg\" class=\"attachment-thumbnail size-thumbnail\" alt=\"\" srcset=\"https:\/\/www.colorado.com.br\/nosdacolorado\/wp-content\/uploads\/2023\/06\/ASPA-Orl\u00e2ndia-36-150x150.jpg 150w, https:\/\/www.colorado.com.br\/nosdacolorado\/wp-content\/uploads\/2023\/06\/ASPA-Orl\u00e2ndia-36-100x100.jpg 100w, https:\/\/www.colorado.com.br\/nosdacolorado\/wp-content\/uploads\/2023\/06\/ASPA-Orl\u00e2ndia-36-140x140.jpg 140w, https:\/\/www.colorado.com.br\/nosdacolorado\/wp-content\/uploads\/2023\/06\/ASPA-Orl\u00e2ndia-36-500x500.jpg 500w, https:\/\/www.colorado.com.br\/nosdacolorado\/wp-content\/uploads\/2023\/06\/ASPA-Orl\u00e2ndia-36-350x350.jpg 350w, https:\/\/www.colorado.com.br\/nosdacolorado\/wp-content\/uploads\/2023\/06\/ASPA-Orl\u00e2ndia-36-1000x1000.jpg 1000w, https:\/\/www.colorado.com.br\/nosdacolorado\/wp-content\/uploads\/2023\/06\/ASPA-Orl\u00e2ndia-36-800x800.jpg 800w\" sizes=\"auto, (max-width: 150px) 100vw, 150px\" \/><\/a>\n\t\t\t<\/dt><\/dl><dl class='gallery-item'>\n\t\t\t<dt class='gallery-icon portrait'>\n\t\t\t\t<a href='https:\/\/www.colorado.com.br\/nosdacolorado\/wp-content\/uploads\/2023\/06\/ASPA-Orl\u00e2ndia-37.jpg'><img loading=\"lazy\" decoding=\"async\" data-attachment-id=\"20858\" data-orig-file=\"https:\/\/www.colorado.com.br\/nosdacolorado\/wp-content\/uploads\/2023\/06\/ASPA-Orl\u00e2ndia-37.jpg\" data-orig-size=\"1280,1920\" data-comments-opened=\"1\" data-image-meta=\"{&quot;aperture&quot;:&quot;1.8&quot;,&quot;credit&quot;:&quot;&quot;,&quot;camera&quot;:&quot;ILCE-6400&quot;,&quot;caption&quot;:&quot;&quot;,&quot;created_timestamp&quot;:&quot;1687294491&quot;,&quot;copyright&quot;:&quot;&quot;,&quot;focal_length&quot;:&quot;35&quot;,&quot;iso&quot;:&quot;1600&quot;,&quot;shutter_speed&quot;:&quot;0.002&quot;,&quot;title&quot;:&quot;&quot;,&quot;orientation&quot;:&quot;0&quot;,&quot;keywords&quot;:&quot;Array&quot;}\" data-image-title=\"ASPA Orl\u00e2ndia (37)\" data-image-description=\"\" data-medium-file=\"https:\/\/www.colorado.com.br\/nosdacolorado\/wp-content\/uploads\/2023\/06\/ASPA-Orl\u00e2ndia-37-200x300.jpg\" data-large-file=\"https:\/\/www.colorado.com.br\/nosdacolorado\/wp-content\/uploads\/2023\/06\/ASPA-Orl\u00e2ndia-37-683x1024.jpg\" width=\"150\" height=\"150\" src=\"https:\/\/www.colorado.com.br\/nosdacolorado\/wp-content\/uploads\/2023\/06\/ASPA-Orl\u00e2ndia-37-150x150.jpg\" class=\"attachment-thumbnail size-thumbnail\" alt=\"\" srcset=\"https:\/\/www.colorado.com.br\/nosdacolorado\/wp-content\/uploads\/2023\/06\/ASPA-Orl\u00e2ndia-37-150x150.jpg 150w, https:\/\/www.colorado.com.br\/nosdacolorado\/wp-content\/uploads\/2023\/06\/ASPA-Orl\u00e2ndia-37-100x100.jpg 100w, https:\/\/www.colorado.com.br\/nosdacolorado\/wp-content\/uploads\/2023\/06\/ASPA-Orl\u00e2ndia-37-140x140.jpg 140w, https:\/\/www.colorado.com.br\/nosdacolorado\/wp-content\/uploads\/2023\/06\/ASPA-Orl\u00e2ndia-37-500x500.jpg 500w, https:\/\/www.colorado.com.br\/nosdacolorado\/wp-content\/uploads\/2023\/06\/ASPA-Orl\u00e2ndia-37-350x350.jpg 350w, https:\/\/www.colorado.com.br\/nosdacolorado\/wp-content\/uploads\/2023\/06\/ASPA-Orl\u00e2ndia-37-1000x1000.jpg 1000w, https:\/\/www.colorado.com.br\/nosdacolorado\/wp-content\/uploads\/2023\/06\/ASPA-Orl\u00e2ndia-37-800x800.jpg 800w\" sizes=\"auto, (max-width: 150px) 100vw, 150px\" \/><\/a>\n\t\t\t<\/dt><\/dl><dl class='gallery-item'>\n\t\t\t<dt class='gallery-icon portrait'>\n\t\t\t\t<a href='https:\/\/www.colorado.com.br\/nosdacolorado\/wp-content\/uploads\/2023\/06\/ASPA-Orl\u00e2ndia-38.jpg'><img loading=\"lazy\" decoding=\"async\" data-attachment-id=\"20859\" data-orig-file=\"https:\/\/www.colorado.com.br\/nosdacolorado\/wp-content\/uploads\/2023\/06\/ASPA-Orl\u00e2ndia-38.jpg\" data-orig-size=\"1280,1920\" data-comments-opened=\"1\" data-image-meta=\"{&quot;aperture&quot;:&quot;1.8&quot;,&quot;credit&quot;:&quot;&quot;,&quot;camera&quot;:&quot;ILCE-6400&quot;,&quot;caption&quot;:&quot;&quot;,&quot;created_timestamp&quot;:&quot;1687294492&quot;,&quot;copyright&quot;:&quot;&quot;,&quot;focal_length&quot;:&quot;35&quot;,&quot;iso&quot;:&quot;1600&quot;,&quot;shutter_speed&quot;:&quot;0.002&quot;,&quot;title&quot;:&quot;&quot;,&quot;orientation&quot;:&quot;0&quot;,&quot;keywords&quot;:&quot;Array&quot;}\" data-image-title=\"ASPA Orl\u00e2ndia (38)\" data-image-description=\"\" data-medium-file=\"https:\/\/www.colorado.com.br\/nosdacolorado\/wp-content\/uploads\/2023\/06\/ASPA-Orl\u00e2ndia-38-200x300.jpg\" data-large-file=\"https:\/\/www.colorado.com.br\/nosdacolorado\/wp-content\/uploads\/2023\/06\/ASPA-Orl\u00e2ndia-38-683x1024.jpg\" width=\"150\" height=\"150\" src=\"https:\/\/www.colorado.com.br\/nosdacolorado\/wp-content\/uploads\/2023\/06\/ASPA-Orl\u00e2ndia-38-150x150.jpg\" class=\"attachment-thumbnail size-thumbnail\" alt=\"\" srcset=\"https:\/\/www.colorado.com.br\/nosdacolorado\/wp-content\/uploads\/2023\/06\/ASPA-Orl\u00e2ndia-38-150x150.jpg 150w, https:\/\/www.colorado.com.br\/nosdacolorado\/wp-content\/uploads\/2023\/06\/ASPA-Orl\u00e2ndia-38-100x100.jpg 100w, https:\/\/www.colorado.com.br\/nosdacolorado\/wp-content\/uploads\/2023\/06\/ASPA-Orl\u00e2ndia-38-140x140.jpg 140w, https:\/\/www.colorado.com.br\/nosdacolorado\/wp-content\/uploads\/2023\/06\/ASPA-Orl\u00e2ndia-38-500x500.jpg 500w, https:\/\/www.colorado.com.br\/nosdacolorado\/wp-content\/uploads\/2023\/06\/ASPA-Orl\u00e2ndia-38-350x350.jpg 350w, https:\/\/www.colorado.com.br\/nosdacolorado\/wp-content\/uploads\/2023\/06\/ASPA-Orl\u00e2ndia-38-1000x1000.jpg 1000w, https:\/\/www.colorado.com.br\/nosdacolorado\/wp-content\/uploads\/2023\/06\/ASPA-Orl\u00e2ndia-38-800x800.jpg 800w\" sizes=\"auto, (max-width: 150px) 100vw, 150px\" \/><\/a>\n\t\t\t<\/dt><\/dl><dl class='gallery-item'>\n\t\t\t<dt class='gallery-icon landscape'>\n\t\t\t\t<a href='https:\/\/www.colorado.com.br\/nosdacolorado\/wp-content\/uploads\/2023\/06\/ASPA-Orl\u00e2ndia-39.jpg'><img loading=\"lazy\" decoding=\"async\" data-attachment-id=\"20860\" data-orig-file=\"https:\/\/www.colorado.com.br\/nosdacolorado\/wp-content\/uploads\/2023\/06\/ASPA-Orl\u00e2ndia-39.jpg\" data-orig-size=\"1920,1280\" data-comments-opened=\"1\" data-image-meta=\"{&quot;aperture&quot;:&quot;1.8&quot;,&quot;credit&quot;:&quot;&quot;,&quot;camera&quot;:&quot;ILCE-6400&quot;,&quot;caption&quot;:&quot;&quot;,&quot;created_timestamp&quot;:&quot;1687294500&quot;,&quot;copyright&quot;:&quot;&quot;,&quot;focal_length&quot;:&quot;35&quot;,&quot;iso&quot;:&quot;1600&quot;,&quot;shutter_speed&quot;:&quot;0.002&quot;,&quot;title&quot;:&quot;&quot;,&quot;orientation&quot;:&quot;0&quot;,&quot;keywords&quot;:&quot;Array&quot;}\" data-image-title=\"ASPA Orl\u00e2ndia (39)\" data-image-description=\"\" data-medium-file=\"https:\/\/www.colorado.com.br\/nosdacolorado\/wp-content\/uploads\/2023\/06\/ASPA-Orl\u00e2ndia-39-300x200.jpg\" data-large-file=\"https:\/\/www.colorado.com.br\/nosdacolorado\/wp-content\/uploads\/2023\/06\/ASPA-Orl\u00e2ndia-39-1024x683.jpg\" width=\"150\" height=\"150\" src=\"https:\/\/www.colorado.com.br\/nosdacolorado\/wp-content\/uploads\/2023\/06\/ASPA-Orl\u00e2ndia-39-150x150.jpg\" class=\"attachment-thumbnail size-thumbnail\" alt=\"\" srcset=\"https:\/\/www.colorado.com.br\/nosdacolorado\/wp-content\/uploads\/2023\/06\/ASPA-Orl\u00e2ndia-39-150x150.jpg 150w, https:\/\/www.colorado.com.br\/nosdacolorado\/wp-content\/uploads\/2023\/06\/ASPA-Orl\u00e2ndia-39-100x100.jpg 100w, https:\/\/www.colorado.com.br\/nosdacolorado\/wp-content\/uploads\/2023\/06\/ASPA-Orl\u00e2ndia-39-140x140.jpg 140w, https:\/\/www.colorado.com.br\/nosdacolorado\/wp-content\/uploads\/2023\/06\/ASPA-Orl\u00e2ndia-39-500x500.jpg 500w, https:\/\/www.colorado.com.br\/nosdacolorado\/wp-content\/uploads\/2023\/06\/ASPA-Orl\u00e2ndia-39-350x350.jpg 350w, https:\/\/www.colorado.com.br\/nosdacolorado\/wp-content\/uploads\/2023\/06\/ASPA-Orl\u00e2ndia-39-1000x1000.jpg 1000w, https:\/\/www.colorado.com.br\/nosdacolorado\/wp-content\/uploads\/2023\/06\/ASPA-Orl\u00e2ndia-39-800x800.jpg 800w\" sizes=\"auto, (max-width: 150px) 100vw, 150px\" \/><\/a>\n\t\t\t<\/dt><\/dl><dl class='gallery-item'>\n\t\t\t<dt class='gallery-icon landscape'>\n\t\t\t\t<a href='https:\/\/www.colorado.com.br\/nosdacolorado\/wp-content\/uploads\/2023\/06\/ASPA-Orl\u00e2ndia-40.jpg'><img loading=\"lazy\" decoding=\"async\" data-attachment-id=\"20861\" data-orig-file=\"https:\/\/www.colorado.com.br\/nosdacolorado\/wp-content\/uploads\/2023\/06\/ASPA-Orl\u00e2ndia-40.jpg\" data-orig-size=\"1920,1280\" data-comments-opened=\"1\" data-image-meta=\"{&quot;aperture&quot;:&quot;1.8&quot;,&quot;credit&quot;:&quot;&quot;,&quot;camera&quot;:&quot;ILCE-6400&quot;,&quot;caption&quot;:&quot;&quot;,&quot;created_timestamp&quot;:&quot;1687294629&quot;,&quot;copyright&quot;:&quot;&quot;,&quot;focal_length&quot;:&quot;35&quot;,&quot;iso&quot;:&quot;1600&quot;,&quot;shutter_speed&quot;:&quot;0.003125&quot;,&quot;title&quot;:&quot;&quot;,&quot;orientation&quot;:&quot;0&quot;,&quot;keywords&quot;:&quot;Array&quot;}\" data-image-title=\"ASPA Orl\u00e2ndia (40)\" data-image-description=\"\" data-medium-file=\"https:\/\/www.colorado.com.br\/nosdacolorado\/wp-content\/uploads\/2023\/06\/ASPA-Orl\u00e2ndia-40-300x200.jpg\" data-large-file=\"https:\/\/www.colorado.com.br\/nosdacolorado\/wp-content\/uploads\/2023\/06\/ASPA-Orl\u00e2ndia-40-1024x683.jpg\" width=\"150\" height=\"150\" src=\"https:\/\/www.colorado.com.br\/nosdacolorado\/wp-content\/uploads\/2023\/06\/ASPA-Orl\u00e2ndia-40-150x150.jpg\" class=\"attachment-thumbnail size-thumbnail\" alt=\"\" srcset=\"https:\/\/www.colorado.com.br\/nosdacolorado\/wp-content\/uploads\/2023\/06\/ASPA-Orl\u00e2ndia-40-150x150.jpg 150w, https:\/\/www.colorado.com.br\/nosdacolorado\/wp-content\/uploads\/2023\/06\/ASPA-Orl\u00e2ndia-40-100x100.jpg 100w, https:\/\/www.colorado.com.br\/nosdacolorado\/wp-content\/uploads\/2023\/06\/ASPA-Orl\u00e2ndia-40-140x140.jpg 140w, https:\/\/www.colorado.com.br\/nosdacolorado\/wp-content\/uploads\/2023\/06\/ASPA-Orl\u00e2ndia-40-500x500.jpg 500w, https:\/\/www.colorado.com.br\/nosdacolorado\/wp-content\/uploads\/2023\/06\/ASPA-Orl\u00e2ndia-40-350x350.jpg 350w, https:\/\/www.colorado.com.br\/nosdacolorado\/wp-content\/uploads\/2023\/06\/ASPA-Orl\u00e2ndia-40-1000x1000.jpg 1000w, https:\/\/www.colorado.com.br\/nosdacolorado\/wp-content\/uploads\/2023\/06\/ASPA-Orl\u00e2ndia-40-800x800.jpg 800w\" sizes=\"auto, (max-width: 150px) 100vw, 150px\" \/><\/a>\n\t\t\t<\/dt><\/dl><br style=\"clear: both\" \/><dl class='gallery-item'>\n\t\t\t<dt class='gallery-icon landscape'>\n\t\t\t\t<a href='https:\/\/www.colorado.com.br\/nosdacolorado\/wp-content\/uploads\/2023\/06\/ASPA-Orl\u00e2ndia-41.jpg'><img loading=\"lazy\" decoding=\"async\" data-attachment-id=\"20862\" data-orig-file=\"https:\/\/www.colorado.com.br\/nosdacolorado\/wp-content\/uploads\/2023\/06\/ASPA-Orl\u00e2ndia-41.jpg\" data-orig-size=\"1920,1280\" data-comments-opened=\"1\" data-image-meta=\"{&quot;aperture&quot;:&quot;1.8&quot;,&quot;credit&quot;:&quot;&quot;,&quot;camera&quot;:&quot;ILCE-6400&quot;,&quot;caption&quot;:&quot;&quot;,&quot;created_timestamp&quot;:&quot;1687294632&quot;,&quot;copyright&quot;:&quot;&quot;,&quot;focal_length&quot;:&quot;35&quot;,&quot;iso&quot;:&quot;1600&quot;,&quot;shutter_speed&quot;:&quot;0.003125&quot;,&quot;title&quot;:&quot;&quot;,&quot;orientation&quot;:&quot;0&quot;,&quot;keywords&quot;:&quot;Array&quot;}\" data-image-title=\"ASPA Orl\u00e2ndia (41)\" data-image-description=\"\" data-medium-file=\"https:\/\/www.colorado.com.br\/nosdacolorado\/wp-content\/uploads\/2023\/06\/ASPA-Orl\u00e2ndia-41-300x200.jpg\" data-large-file=\"https:\/\/www.colorado.com.br\/nosdacolorado\/wp-content\/uploads\/2023\/06\/ASPA-Orl\u00e2ndia-41-1024x683.jpg\" width=\"150\" height=\"150\" src=\"https:\/\/www.colorado.com.br\/nosdacolorado\/wp-content\/uploads\/2023\/06\/ASPA-Orl\u00e2ndia-41-150x150.jpg\" class=\"attachment-thumbnail size-thumbnail\" alt=\"\" srcset=\"https:\/\/www.colorado.com.br\/nosdacolorado\/wp-content\/uploads\/2023\/06\/ASPA-Orl\u00e2ndia-41-150x150.jpg 150w, https:\/\/www.colorado.com.br\/nosdacolorado\/wp-content\/uploads\/2023\/06\/ASPA-Orl\u00e2ndia-41-100x100.jpg 100w, https:\/\/www.colorado.com.br\/nosdacolorado\/wp-content\/uploads\/2023\/06\/ASPA-Orl\u00e2ndia-41-140x140.jpg 140w, https:\/\/www.colorado.com.br\/nosdacolorado\/wp-content\/uploads\/2023\/06\/ASPA-Orl\u00e2ndia-41-500x500.jpg 500w, https:\/\/www.colorado.com.br\/nosdacolorado\/wp-content\/uploads\/2023\/06\/ASPA-Orl\u00e2ndia-41-350x350.jpg 350w, https:\/\/www.colorado.com.br\/nosdacolorado\/wp-content\/uploads\/2023\/06\/ASPA-Orl\u00e2ndia-41-1000x1000.jpg 1000w, https:\/\/www.colorado.com.br\/nosdacolorado\/wp-content\/uploads\/2023\/06\/ASPA-Orl\u00e2ndia-41-800x800.jpg 800w\" sizes=\"auto, (max-width: 150px) 100vw, 150px\" \/><\/a>\n\t\t\t<\/dt><\/dl><dl class='gallery-item'>\n\t\t\t<dt class='gallery-icon landscape'>\n\t\t\t\t<a href='https:\/\/www.colorado.com.br\/nosdacolorado\/wp-content\/uploads\/2023\/06\/ASPA-Orl\u00e2ndia-42.jpg'><img loading=\"lazy\" decoding=\"async\" data-attachment-id=\"20863\" data-orig-file=\"https:\/\/www.colorado.com.br\/nosdacolorado\/wp-content\/uploads\/2023\/06\/ASPA-Orl\u00e2ndia-42.jpg\" data-orig-size=\"1920,1280\" data-comments-opened=\"1\" data-image-meta=\"{&quot;aperture&quot;:&quot;1.8&quot;,&quot;credit&quot;:&quot;&quot;,&quot;camera&quot;:&quot;ILCE-6400&quot;,&quot;caption&quot;:&quot;&quot;,&quot;created_timestamp&quot;:&quot;1687294643&quot;,&quot;copyright&quot;:&quot;&quot;,&quot;focal_length&quot;:&quot;35&quot;,&quot;iso&quot;:&quot;1600&quot;,&quot;shutter_speed&quot;:&quot;0.003125&quot;,&quot;title&quot;:&quot;&quot;,&quot;orientation&quot;:&quot;0&quot;,&quot;keywords&quot;:&quot;Array&quot;}\" data-image-title=\"ASPA Orl\u00e2ndia (42)\" data-image-description=\"\" data-medium-file=\"https:\/\/www.colorado.com.br\/nosdacolorado\/wp-content\/uploads\/2023\/06\/ASPA-Orl\u00e2ndia-42-300x200.jpg\" data-large-file=\"https:\/\/www.colorado.com.br\/nosdacolorado\/wp-content\/uploads\/2023\/06\/ASPA-Orl\u00e2ndia-42-1024x683.jpg\" width=\"150\" height=\"150\" src=\"https:\/\/www.colorado.com.br\/nosdacolorado\/wp-content\/uploads\/2023\/06\/ASPA-Orl\u00e2ndia-42-150x150.jpg\" class=\"attachment-thumbnail size-thumbnail\" alt=\"\" srcset=\"https:\/\/www.colorado.com.br\/nosdacolorado\/wp-content\/uploads\/2023\/06\/ASPA-Orl\u00e2ndia-42-150x150.jpg 150w, https:\/\/www.colorado.com.br\/nosdacolorado\/wp-content\/uploads\/2023\/06\/ASPA-Orl\u00e2ndia-42-100x100.jpg 100w, https:\/\/www.colorado.com.br\/nosdacolorado\/wp-content\/uploads\/2023\/06\/ASPA-Orl\u00e2ndia-42-140x140.jpg 140w, https:\/\/www.colorado.com.br\/nosdacolorado\/wp-content\/uploads\/2023\/06\/ASPA-Orl\u00e2ndia-42-500x500.jpg 500w, https:\/\/www.colorado.com.br\/nosdacolorado\/wp-content\/uploads\/2023\/06\/ASPA-Orl\u00e2ndia-42-350x350.jpg 350w, https:\/\/www.colorado.com.br\/nosdacolorado\/wp-content\/uploads\/2023\/06\/ASPA-Orl\u00e2ndia-42-1000x1000.jpg 1000w, https:\/\/www.colorado.com.br\/nosdacolorado\/wp-content\/uploads\/2023\/06\/ASPA-Orl\u00e2ndia-42-800x800.jpg 800w\" sizes=\"auto, (max-width: 150px) 100vw, 150px\" \/><\/a>\n\t\t\t<\/dt><\/dl><dl class='gallery-item'>\n\t\t\t<dt class='gallery-icon landscape'>\n\t\t\t\t<a href='https:\/\/www.colorado.com.br\/nosdacolorado\/wp-content\/uploads\/2023\/06\/ASPA-Orl\u00e2ndia-43.jpg'><img loading=\"lazy\" decoding=\"async\" data-attachment-id=\"20864\" data-orig-file=\"https:\/\/www.colorado.com.br\/nosdacolorado\/wp-content\/uploads\/2023\/06\/ASPA-Orl\u00e2ndia-43.jpg\" data-orig-size=\"1920,1280\" data-comments-opened=\"1\" data-image-meta=\"{&quot;aperture&quot;:&quot;1.8&quot;,&quot;credit&quot;:&quot;&quot;,&quot;camera&quot;:&quot;ILCE-6400&quot;,&quot;caption&quot;:&quot;&quot;,&quot;created_timestamp&quot;:&quot;1687294656&quot;,&quot;copyright&quot;:&quot;&quot;,&quot;focal_length&quot;:&quot;35&quot;,&quot;iso&quot;:&quot;1600&quot;,&quot;shutter_speed&quot;:&quot;0.003125&quot;,&quot;title&quot;:&quot;&quot;,&quot;orientation&quot;:&quot;0&quot;,&quot;keywords&quot;:&quot;Array&quot;}\" data-image-title=\"ASPA Orl\u00e2ndia (43)\" data-image-description=\"\" data-medium-file=\"https:\/\/www.colorado.com.br\/nosdacolorado\/wp-content\/uploads\/2023\/06\/ASPA-Orl\u00e2ndia-43-300x200.jpg\" data-large-file=\"https:\/\/www.colorado.com.br\/nosdacolorado\/wp-content\/uploads\/2023\/06\/ASPA-Orl\u00e2ndia-43-1024x683.jpg\" width=\"150\" height=\"150\" src=\"https:\/\/www.colorado.com.br\/nosdacolorado\/wp-content\/uploads\/2023\/06\/ASPA-Orl\u00e2ndia-43-150x150.jpg\" class=\"attachment-thumbnail size-thumbnail\" alt=\"\" srcset=\"https:\/\/www.colorado.com.br\/nosdacolorado\/wp-content\/uploads\/2023\/06\/ASPA-Orl\u00e2ndia-43-150x150.jpg 150w, https:\/\/www.colorado.com.br\/nosdacolorado\/wp-content\/uploads\/2023\/06\/ASPA-Orl\u00e2ndia-43-100x100.jpg 100w, https:\/\/www.colorado.com.br\/nosdacolorado\/wp-content\/uploads\/2023\/06\/ASPA-Orl\u00e2ndia-43-140x140.jpg 140w, https:\/\/www.colorado.com.br\/nosdacolorado\/wp-content\/uploads\/2023\/06\/ASPA-Orl\u00e2ndia-43-500x500.jpg 500w, https:\/\/www.colorado.com.br\/nosdacolorado\/wp-content\/uploads\/2023\/06\/ASPA-Orl\u00e2ndia-43-350x350.jpg 350w, https:\/\/www.colorado.com.br\/nosdacolorado\/wp-content\/uploads\/2023\/06\/ASPA-Orl\u00e2ndia-43-1000x1000.jpg 1000w, https:\/\/www.colorado.com.br\/nosdacolorado\/wp-content\/uploads\/2023\/06\/ASPA-Orl\u00e2ndia-43-800x800.jpg 800w\" sizes=\"auto, (max-width: 150px) 100vw, 150px\" \/><\/a>\n\t\t\t<\/dt><\/dl><dl class='gallery-item'>\n\t\t\t<dt class='gallery-icon landscape'>\n\t\t\t\t<a href='https:\/\/www.colorado.com.br\/nosdacolorado\/wp-content\/uploads\/2023\/06\/ASPA-Orl\u00e2ndia-44.jpg'><img loading=\"lazy\" decoding=\"async\" data-attachment-id=\"20865\" data-orig-file=\"https:\/\/www.colorado.com.br\/nosdacolorado\/wp-content\/uploads\/2023\/06\/ASPA-Orl\u00e2ndia-44.jpg\" data-orig-size=\"1920,1280\" data-comments-opened=\"1\" data-image-meta=\"{&quot;aperture&quot;:&quot;1.8&quot;,&quot;credit&quot;:&quot;&quot;,&quot;camera&quot;:&quot;ILCE-6400&quot;,&quot;caption&quot;:&quot;&quot;,&quot;created_timestamp&quot;:&quot;1687294657&quot;,&quot;copyright&quot;:&quot;&quot;,&quot;focal_length&quot;:&quot;35&quot;,&quot;iso&quot;:&quot;1600&quot;,&quot;shutter_speed&quot;:&quot;0.003125&quot;,&quot;title&quot;:&quot;&quot;,&quot;orientation&quot;:&quot;0&quot;,&quot;keywords&quot;:&quot;Array&quot;}\" data-image-title=\"ASPA Orl\u00e2ndia (44)\" data-image-description=\"\" data-medium-file=\"https:\/\/www.colorado.com.br\/nosdacolorado\/wp-content\/uploads\/2023\/06\/ASPA-Orl\u00e2ndia-44-300x200.jpg\" data-large-file=\"https:\/\/www.colorado.com.br\/nosdacolorado\/wp-content\/uploads\/2023\/06\/ASPA-Orl\u00e2ndia-44-1024x683.jpg\" width=\"150\" height=\"150\" src=\"https:\/\/www.colorado.com.br\/nosdacolorado\/wp-content\/uploads\/2023\/06\/ASPA-Orl\u00e2ndia-44-150x150.jpg\" class=\"attachment-thumbnail size-thumbnail\" alt=\"\" srcset=\"https:\/\/www.colorado.com.br\/nosdacolorado\/wp-content\/uploads\/2023\/06\/ASPA-Orl\u00e2ndia-44-150x150.jpg 150w, https:\/\/www.colorado.com.br\/nosdacolorado\/wp-content\/uploads\/2023\/06\/ASPA-Orl\u00e2ndia-44-100x100.jpg 100w, https:\/\/www.colorado.com.br\/nosdacolorado\/wp-content\/uploads\/2023\/06\/ASPA-Orl\u00e2ndia-44-140x140.jpg 140w, https:\/\/www.colorado.com.br\/nosdacolorado\/wp-content\/uploads\/2023\/06\/ASPA-Orl\u00e2ndia-44-500x500.jpg 500w, https:\/\/www.colorado.com.br\/nosdacolorado\/wp-content\/uploads\/2023\/06\/ASPA-Orl\u00e2ndia-44-350x350.jpg 350w, https:\/\/www.colorado.com.br\/nosdacolorado\/wp-content\/uploads\/2023\/06\/ASPA-Orl\u00e2ndia-44-1000x1000.jpg 1000w, https:\/\/www.colorado.com.br\/nosdacolorado\/wp-content\/uploads\/2023\/06\/ASPA-Orl\u00e2ndia-44-800x800.jpg 800w\" sizes=\"auto, (max-width: 150px) 100vw, 150px\" \/><\/a>\n\t\t\t<\/dt><\/dl><dl class='gallery-item'>\n\t\t\t<dt class='gallery-icon landscape'>\n\t\t\t\t<a href='https:\/\/www.colorado.com.br\/nosdacolorado\/wp-content\/uploads\/2023\/06\/ASPA-Orl\u00e2ndia-45.jpg'><img loading=\"lazy\" decoding=\"async\" data-attachment-id=\"20866\" data-orig-file=\"https:\/\/www.colorado.com.br\/nosdacolorado\/wp-content\/uploads\/2023\/06\/ASPA-Orl\u00e2ndia-45.jpg\" data-orig-size=\"1920,1280\" data-comments-opened=\"1\" data-image-meta=\"{&quot;aperture&quot;:&quot;1.8&quot;,&quot;credit&quot;:&quot;&quot;,&quot;camera&quot;:&quot;ILCE-6400&quot;,&quot;caption&quot;:&quot;&quot;,&quot;created_timestamp&quot;:&quot;1687294659&quot;,&quot;copyright&quot;:&quot;&quot;,&quot;focal_length&quot;:&quot;35&quot;,&quot;iso&quot;:&quot;1600&quot;,&quot;shutter_speed&quot;:&quot;0.003125&quot;,&quot;title&quot;:&quot;&quot;,&quot;orientation&quot;:&quot;0&quot;,&quot;keywords&quot;:&quot;Array&quot;}\" data-image-title=\"ASPA Orl\u00e2ndia (45)\" data-image-description=\"\" data-medium-file=\"https:\/\/www.colorado.com.br\/nosdacolorado\/wp-content\/uploads\/2023\/06\/ASPA-Orl\u00e2ndia-45-300x200.jpg\" data-large-file=\"https:\/\/www.colorado.com.br\/nosdacolorado\/wp-content\/uploads\/2023\/06\/ASPA-Orl\u00e2ndia-45-1024x683.jpg\" width=\"150\" height=\"150\" src=\"https:\/\/www.colorado.com.br\/nosdacolorado\/wp-content\/uploads\/2023\/06\/ASPA-Orl\u00e2ndia-45-150x150.jpg\" class=\"attachment-thumbnail size-thumbnail\" alt=\"\" srcset=\"https:\/\/www.colorado.com.br\/nosdacolorado\/wp-content\/uploads\/2023\/06\/ASPA-Orl\u00e2ndia-45-150x150.jpg 150w, https:\/\/www.colorado.com.br\/nosdacolorado\/wp-content\/uploads\/2023\/06\/ASPA-Orl\u00e2ndia-45-100x100.jpg 100w, https:\/\/www.colorado.com.br\/nosdacolorado\/wp-content\/uploads\/2023\/06\/ASPA-Orl\u00e2ndia-45-140x140.jpg 140w, https:\/\/www.colorado.com.br\/nosdacolorado\/wp-content\/uploads\/2023\/06\/ASPA-Orl\u00e2ndia-45-500x500.jpg 500w, https:\/\/www.colorado.com.br\/nosdacolorado\/wp-content\/uploads\/2023\/06\/ASPA-Orl\u00e2ndia-45-350x350.jpg 350w, https:\/\/www.colorado.com.br\/nosdacolorado\/wp-content\/uploads\/2023\/06\/ASPA-Orl\u00e2ndia-45-1000x1000.jpg 1000w, https:\/\/www.colorado.com.br\/nosdacolorado\/wp-content\/uploads\/2023\/06\/ASPA-Orl\u00e2ndia-45-800x800.jpg 800w\" sizes=\"auto, (max-width: 150px) 100vw, 150px\" \/><\/a>\n\t\t\t<\/dt><\/dl><br style=\"clear: both\" \/><dl class='gallery-item'>\n\t\t\t<dt class='gallery-icon portrait'>\n\t\t\t\t<a href='https:\/\/www.colorado.com.br\/nosdacolorado\/wp-content\/uploads\/2023\/06\/ASPA-Orl\u00e2ndia-46.jpg'><img loading=\"lazy\" decoding=\"async\" data-attachment-id=\"20867\" data-orig-file=\"https:\/\/www.colorado.com.br\/nosdacolorado\/wp-content\/uploads\/2023\/06\/ASPA-Orl\u00e2ndia-46.jpg\" data-orig-size=\"1280,1920\" data-comments-opened=\"1\" data-image-meta=\"{&quot;aperture&quot;:&quot;1.8&quot;,&quot;credit&quot;:&quot;&quot;,&quot;camera&quot;:&quot;ILCE-6400&quot;,&quot;caption&quot;:&quot;&quot;,&quot;created_timestamp&quot;:&quot;1687294668&quot;,&quot;copyright&quot;:&quot;&quot;,&quot;focal_length&quot;:&quot;35&quot;,&quot;iso&quot;:&quot;1600&quot;,&quot;shutter_speed&quot;:&quot;0.0025&quot;,&quot;title&quot;:&quot;&quot;,&quot;orientation&quot;:&quot;0&quot;,&quot;keywords&quot;:&quot;Array&quot;}\" data-image-title=\"ASPA Orl\u00e2ndia (46)\" data-image-description=\"\" data-medium-file=\"https:\/\/www.colorado.com.br\/nosdacolorado\/wp-content\/uploads\/2023\/06\/ASPA-Orl\u00e2ndia-46-200x300.jpg\" data-large-file=\"https:\/\/www.colorado.com.br\/nosdacolorado\/wp-content\/uploads\/2023\/06\/ASPA-Orl\u00e2ndia-46-683x1024.jpg\" width=\"150\" height=\"150\" src=\"https:\/\/www.colorado.com.br\/nosdacolorado\/wp-content\/uploads\/2023\/06\/ASPA-Orl\u00e2ndia-46-150x150.jpg\" class=\"attachment-thumbnail size-thumbnail\" alt=\"\" srcset=\"https:\/\/www.colorado.com.br\/nosdacolorado\/wp-content\/uploads\/2023\/06\/ASPA-Orl\u00e2ndia-46-150x150.jpg 150w, https:\/\/www.colorado.com.br\/nosdacolorado\/wp-content\/uploads\/2023\/06\/ASPA-Orl\u00e2ndia-46-100x100.jpg 100w, https:\/\/www.colorado.com.br\/nosdacolorado\/wp-content\/uploads\/2023\/06\/ASPA-Orl\u00e2ndia-46-140x140.jpg 140w, https:\/\/www.colorado.com.br\/nosdacolorado\/wp-content\/uploads\/2023\/06\/ASPA-Orl\u00e2ndia-46-500x500.jpg 500w, https:\/\/www.colorado.com.br\/nosdacolorado\/wp-content\/uploads\/2023\/06\/ASPA-Orl\u00e2ndia-46-350x350.jpg 350w, https:\/\/www.colorado.com.br\/nosdacolorado\/wp-content\/uploads\/2023\/06\/ASPA-Orl\u00e2ndia-46-1000x1000.jpg 1000w, https:\/\/www.colorado.com.br\/nosdacolorado\/wp-content\/uploads\/2023\/06\/ASPA-Orl\u00e2ndia-46-800x800.jpg 800w\" sizes=\"auto, (max-width: 150px) 100vw, 150px\" \/><\/a>\n\t\t\t<\/dt><\/dl><dl class='gallery-item'>\n\t\t\t<dt class='gallery-icon portrait'>\n\t\t\t\t<a href='https:\/\/www.colorado.com.br\/nosdacolorado\/wp-content\/uploads\/2023\/06\/ASPA-Orl\u00e2ndia-47.jpg'><img loading=\"lazy\" decoding=\"async\" data-attachment-id=\"20868\" data-orig-file=\"https:\/\/www.colorado.com.br\/nosdacolorado\/wp-content\/uploads\/2023\/06\/ASPA-Orl\u00e2ndia-47.jpg\" data-orig-size=\"1280,1920\" data-comments-opened=\"1\" data-image-meta=\"{&quot;aperture&quot;:&quot;1.8&quot;,&quot;credit&quot;:&quot;&quot;,&quot;camera&quot;:&quot;ILCE-6400&quot;,&quot;caption&quot;:&quot;&quot;,&quot;created_timestamp&quot;:&quot;1687294671&quot;,&quot;copyright&quot;:&quot;&quot;,&quot;focal_length&quot;:&quot;35&quot;,&quot;iso&quot;:&quot;1600&quot;,&quot;shutter_speed&quot;:&quot;0.0025&quot;,&quot;title&quot;:&quot;&quot;,&quot;orientation&quot;:&quot;0&quot;,&quot;keywords&quot;:&quot;Array&quot;}\" data-image-title=\"ASPA Orl\u00e2ndia (47)\" data-image-description=\"\" data-medium-file=\"https:\/\/www.colorado.com.br\/nosdacolorado\/wp-content\/uploads\/2023\/06\/ASPA-Orl\u00e2ndia-47-200x300.jpg\" data-large-file=\"https:\/\/www.colorado.com.br\/nosdacolorado\/wp-content\/uploads\/2023\/06\/ASPA-Orl\u00e2ndia-47-683x1024.jpg\" width=\"150\" height=\"150\" src=\"https:\/\/www.colorado.com.br\/nosdacolorado\/wp-content\/uploads\/2023\/06\/ASPA-Orl\u00e2ndia-47-150x150.jpg\" class=\"attachment-thumbnail size-thumbnail\" alt=\"\" srcset=\"https:\/\/www.colorado.com.br\/nosdacolorado\/wp-content\/uploads\/2023\/06\/ASPA-Orl\u00e2ndia-47-150x150.jpg 150w, https:\/\/www.colorado.com.br\/nosdacolorado\/wp-content\/uploads\/2023\/06\/ASPA-Orl\u00e2ndia-47-100x100.jpg 100w, https:\/\/www.colorado.com.br\/nosdacolorado\/wp-content\/uploads\/2023\/06\/ASPA-Orl\u00e2ndia-47-140x140.jpg 140w, https:\/\/www.colorado.com.br\/nosdacolorado\/wp-content\/uploads\/2023\/06\/ASPA-Orl\u00e2ndia-47-500x500.jpg 500w, https:\/\/www.colorado.com.br\/nosdacolorado\/wp-content\/uploads\/2023\/06\/ASPA-Orl\u00e2ndia-47-350x350.jpg 350w, https:\/\/www.colorado.com.br\/nosdacolorado\/wp-content\/uploads\/2023\/06\/ASPA-Orl\u00e2ndia-47-1000x1000.jpg 1000w, https:\/\/www.colorado.com.br\/nosdacolorado\/wp-content\/uploads\/2023\/06\/ASPA-Orl\u00e2ndia-47-800x800.jpg 800w\" sizes=\"auto, (max-width: 150px) 100vw, 150px\" \/><\/a>\n\t\t\t<\/dt><\/dl><dl class='gallery-item'>\n\t\t\t<dt class='gallery-icon landscape'>\n\t\t\t\t<a href='https:\/\/www.colorado.com.br\/nosdacolorado\/wp-content\/uploads\/2023\/06\/ASPA-Orl\u00e2ndia-48.jpg'><img loading=\"lazy\" decoding=\"async\" data-attachment-id=\"20869\" data-orig-file=\"https:\/\/www.colorado.com.br\/nosdacolorado\/wp-content\/uploads\/2023\/06\/ASPA-Orl\u00e2ndia-48.jpg\" data-orig-size=\"1920,1280\" data-comments-opened=\"1\" data-image-meta=\"{&quot;aperture&quot;:&quot;1.8&quot;,&quot;credit&quot;:&quot;&quot;,&quot;camera&quot;:&quot;ILCE-6400&quot;,&quot;caption&quot;:&quot;&quot;,&quot;created_timestamp&quot;:&quot;1687294680&quot;,&quot;copyright&quot;:&quot;&quot;,&quot;focal_length&quot;:&quot;35&quot;,&quot;iso&quot;:&quot;1600&quot;,&quot;shutter_speed&quot;:&quot;0.0025&quot;,&quot;title&quot;:&quot;&quot;,&quot;orientation&quot;:&quot;0&quot;,&quot;keywords&quot;:&quot;Array&quot;}\" data-image-title=\"ASPA Orl\u00e2ndia (48)\" data-image-description=\"\" data-medium-file=\"https:\/\/www.colorado.com.br\/nosdacolorado\/wp-content\/uploads\/2023\/06\/ASPA-Orl\u00e2ndia-48-300x200.jpg\" data-large-file=\"https:\/\/www.colorado.com.br\/nosdacolorado\/wp-content\/uploads\/2023\/06\/ASPA-Orl\u00e2ndia-48-1024x683.jpg\" width=\"150\" height=\"150\" src=\"https:\/\/www.colorado.com.br\/nosdacolorado\/wp-content\/uploads\/2023\/06\/ASPA-Orl\u00e2ndia-48-150x150.jpg\" class=\"attachment-thumbnail size-thumbnail\" alt=\"\" srcset=\"https:\/\/www.colorado.com.br\/nosdacolorado\/wp-content\/uploads\/2023\/06\/ASPA-Orl\u00e2ndia-48-150x150.jpg 150w, https:\/\/www.colorado.com.br\/nosdacolorado\/wp-content\/uploads\/2023\/06\/ASPA-Orl\u00e2ndia-48-100x100.jpg 100w, https:\/\/www.colorado.com.br\/nosdacolorado\/wp-content\/uploads\/2023\/06\/ASPA-Orl\u00e2ndia-48-140x140.jpg 140w, https:\/\/www.colorado.com.br\/nosdacolorado\/wp-content\/uploads\/2023\/06\/ASPA-Orl\u00e2ndia-48-500x500.jpg 500w, https:\/\/www.colorado.com.br\/nosdacolorado\/wp-content\/uploads\/2023\/06\/ASPA-Orl\u00e2ndia-48-350x350.jpg 350w, https:\/\/www.colorado.com.br\/nosdacolorado\/wp-content\/uploads\/2023\/06\/ASPA-Orl\u00e2ndia-48-1000x1000.jpg 1000w, https:\/\/www.colorado.com.br\/nosdacolorado\/wp-content\/uploads\/2023\/06\/ASPA-Orl\u00e2ndia-48-800x800.jpg 800w\" sizes=\"auto, (max-width: 150px) 100vw, 150px\" \/><\/a>\n\t\t\t<\/dt><\/dl><dl class='gallery-item'>\n\t\t\t<dt class='gallery-icon landscape'>\n\t\t\t\t<a href='https:\/\/www.colorado.com.br\/nosdacolorado\/wp-content\/uploads\/2023\/06\/ASPA-Orl\u00e2ndia-49.jpg'><img loading=\"lazy\" decoding=\"async\" data-attachment-id=\"20870\" data-orig-file=\"https:\/\/www.colorado.com.br\/nosdacolorado\/wp-content\/uploads\/2023\/06\/ASPA-Orl\u00e2ndia-49.jpg\" data-orig-size=\"1920,1280\" data-comments-opened=\"1\" data-image-meta=\"{&quot;aperture&quot;:&quot;1.8&quot;,&quot;credit&quot;:&quot;&quot;,&quot;camera&quot;:&quot;ILCE-6400&quot;,&quot;caption&quot;:&quot;&quot;,&quot;created_timestamp&quot;:&quot;1687294681&quot;,&quot;copyright&quot;:&quot;&quot;,&quot;focal_length&quot;:&quot;35&quot;,&quot;iso&quot;:&quot;1600&quot;,&quot;shutter_speed&quot;:&quot;0.0025&quot;,&quot;title&quot;:&quot;&quot;,&quot;orientation&quot;:&quot;0&quot;,&quot;keywords&quot;:&quot;Array&quot;}\" data-image-title=\"ASPA Orl\u00e2ndia (49)\" data-image-description=\"\" data-medium-file=\"https:\/\/www.colorado.com.br\/nosdacolorado\/wp-content\/uploads\/2023\/06\/ASPA-Orl\u00e2ndia-49-300x200.jpg\" data-large-file=\"https:\/\/www.colorado.com.br\/nosdacolorado\/wp-content\/uploads\/2023\/06\/ASPA-Orl\u00e2ndia-49-1024x683.jpg\" width=\"150\" height=\"150\" src=\"https:\/\/www.colorado.com.br\/nosdacolorado\/wp-content\/uploads\/2023\/06\/ASPA-Orl\u00e2ndia-49-150x150.jpg\" class=\"attachment-thumbnail size-thumbnail\" alt=\"\" srcset=\"https:\/\/www.colorado.com.br\/nosdacolorado\/wp-content\/uploads\/2023\/06\/ASPA-Orl\u00e2ndia-49-150x150.jpg 150w, https:\/\/www.colorado.com.br\/nosdacolorado\/wp-content\/uploads\/2023\/06\/ASPA-Orl\u00e2ndia-49-100x100.jpg 100w, https:\/\/www.colorado.com.br\/nosdacolorado\/wp-content\/uploads\/2023\/06\/ASPA-Orl\u00e2ndia-49-140x140.jpg 140w, https:\/\/www.colorado.com.br\/nosdacolorado\/wp-content\/uploads\/2023\/06\/ASPA-Orl\u00e2ndia-49-500x500.jpg 500w, https:\/\/www.colorado.com.br\/nosdacolorado\/wp-content\/uploads\/2023\/06\/ASPA-Orl\u00e2ndia-49-350x350.jpg 350w, https:\/\/www.colorado.com.br\/nosdacolorado\/wp-content\/uploads\/2023\/06\/ASPA-Orl\u00e2ndia-49-1000x1000.jpg 1000w, https:\/\/www.colorado.com.br\/nosdacolorado\/wp-content\/uploads\/2023\/06\/ASPA-Orl\u00e2ndia-49-800x800.jpg 800w\" sizes=\"auto, (max-width: 150px) 100vw, 150px\" \/><\/a>\n\t\t\t<\/dt><\/dl><dl class='gallery-item'>\n\t\t\t<dt class='gallery-icon landscape'>\n\t\t\t\t<a href='https:\/\/www.colorado.com.br\/nosdacolorado\/wp-content\/uploads\/2023\/06\/ASPA-Orl\u00e2ndia-50.jpg'><img loading=\"lazy\" decoding=\"async\" data-attachment-id=\"20871\" data-orig-file=\"https:\/\/www.colorado.com.br\/nosdacolorado\/wp-content\/uploads\/2023\/06\/ASPA-Orl\u00e2ndia-50.jpg\" data-orig-size=\"1920,1280\" data-comments-opened=\"1\" data-image-meta=\"{&quot;aperture&quot;:&quot;1.8&quot;,&quot;credit&quot;:&quot;&quot;,&quot;camera&quot;:&quot;ILCE-6400&quot;,&quot;caption&quot;:&quot;&quot;,&quot;created_timestamp&quot;:&quot;1687294684&quot;,&quot;copyright&quot;:&quot;&quot;,&quot;focal_length&quot;:&quot;35&quot;,&quot;iso&quot;:&quot;1600&quot;,&quot;shutter_speed&quot;:&quot;0.0025&quot;,&quot;title&quot;:&quot;&quot;,&quot;orientation&quot;:&quot;0&quot;,&quot;keywords&quot;:&quot;Array&quot;}\" data-image-title=\"ASPA Orl\u00e2ndia (50)\" data-image-description=\"\" data-medium-file=\"https:\/\/www.colorado.com.br\/nosdacolorado\/wp-content\/uploads\/2023\/06\/ASPA-Orl\u00e2ndia-50-300x200.jpg\" data-large-file=\"https:\/\/www.colorado.com.br\/nosdacolorado\/wp-content\/uploads\/2023\/06\/ASPA-Orl\u00e2ndia-50-1024x683.jpg\" width=\"150\" height=\"150\" src=\"https:\/\/www.colorado.com.br\/nosdacolorado\/wp-content\/uploads\/2023\/06\/ASPA-Orl\u00e2ndia-50-150x150.jpg\" class=\"attachment-thumbnail size-thumbnail\" alt=\"\" srcset=\"https:\/\/www.colorado.com.br\/nosdacolorado\/wp-content\/uploads\/2023\/06\/ASPA-Orl\u00e2ndia-50-150x150.jpg 150w, https:\/\/www.colorado.com.br\/nosdacolorado\/wp-content\/uploads\/2023\/06\/ASPA-Orl\u00e2ndia-50-100x100.jpg 100w, https:\/\/www.colorado.com.br\/nosdacolorado\/wp-content\/uploads\/2023\/06\/ASPA-Orl\u00e2ndia-50-140x140.jpg 140w, https:\/\/www.colorado.com.br\/nosdacolorado\/wp-content\/uploads\/2023\/06\/ASPA-Orl\u00e2ndia-50-500x500.jpg 500w, https:\/\/www.colorado.com.br\/nosdacolorado\/wp-content\/uploads\/2023\/06\/ASPA-Orl\u00e2ndia-50-350x350.jpg 350w, https:\/\/www.colorado.com.br\/nosdacolorado\/wp-content\/uploads\/2023\/06\/ASPA-Orl\u00e2ndia-50-1000x1000.jpg 1000w, https:\/\/www.colorado.com.br\/nosdacolorado\/wp-content\/uploads\/2023\/06\/ASPA-Orl\u00e2ndia-50-800x800.jpg 800w\" sizes=\"auto, (max-width: 150px) 100vw, 150px\" \/><\/a>\n\t\t\t<\/dt><\/dl><br style=\"clear: both\" \/><dl class='gallery-item'>\n\t\t\t<dt class='gallery-icon landscape'>\n\t\t\t\t<a href='https:\/\/www.colorado.com.br\/nosdacolorado\/wp-content\/uploads\/2023\/06\/ASPA-Orl\u00e2ndia-51.jpg'><img loading=\"lazy\" decoding=\"async\" data-attachment-id=\"20872\" data-orig-file=\"https:\/\/www.colorado.com.br\/nosdacolorado\/wp-content\/uploads\/2023\/06\/ASPA-Orl\u00e2ndia-51.jpg\" data-orig-size=\"1920,1280\" data-comments-opened=\"1\" data-image-meta=\"{&quot;aperture&quot;:&quot;1.8&quot;,&quot;credit&quot;:&quot;&quot;,&quot;camera&quot;:&quot;ILCE-6400&quot;,&quot;caption&quot;:&quot;&quot;,&quot;created_timestamp&quot;:&quot;1687294698&quot;,&quot;copyright&quot;:&quot;&quot;,&quot;focal_length&quot;:&quot;35&quot;,&quot;iso&quot;:&quot;1600&quot;,&quot;shutter_speed&quot;:&quot;0.0025&quot;,&quot;title&quot;:&quot;&quot;,&quot;orientation&quot;:&quot;0&quot;,&quot;keywords&quot;:&quot;Array&quot;}\" data-image-title=\"ASPA Orl\u00e2ndia (51)\" data-image-description=\"\" data-medium-file=\"https:\/\/www.colorado.com.br\/nosdacolorado\/wp-content\/uploads\/2023\/06\/ASPA-Orl\u00e2ndia-51-300x200.jpg\" data-large-file=\"https:\/\/www.colorado.com.br\/nosdacolorado\/wp-content\/uploads\/2023\/06\/ASPA-Orl\u00e2ndia-51-1024x683.jpg\" width=\"150\" height=\"150\" src=\"https:\/\/www.colorado.com.br\/nosdacolorado\/wp-content\/uploads\/2023\/06\/ASPA-Orl\u00e2ndia-51-150x150.jpg\" class=\"attachment-thumbnail size-thumbnail\" alt=\"\" srcset=\"https:\/\/www.colorado.com.br\/nosdacolorado\/wp-content\/uploads\/2023\/06\/ASPA-Orl\u00e2ndia-51-150x150.jpg 150w, https:\/\/www.colorado.com.br\/nosdacolorado\/wp-content\/uploads\/2023\/06\/ASPA-Orl\u00e2ndia-51-100x100.jpg 100w, https:\/\/www.colorado.com.br\/nosdacolorado\/wp-content\/uploads\/2023\/06\/ASPA-Orl\u00e2ndia-51-140x140.jpg 140w, https:\/\/www.colorado.com.br\/nosdacolorado\/wp-content\/uploads\/2023\/06\/ASPA-Orl\u00e2ndia-51-500x500.jpg 500w, https:\/\/www.colorado.com.br\/nosdacolorado\/wp-content\/uploads\/2023\/06\/ASPA-Orl\u00e2ndia-51-350x350.jpg 350w, https:\/\/www.colorado.com.br\/nosdacolorado\/wp-content\/uploads\/2023\/06\/ASPA-Orl\u00e2ndia-51-1000x1000.jpg 1000w, https:\/\/www.colorado.com.br\/nosdacolorado\/wp-content\/uploads\/2023\/06\/ASPA-Orl\u00e2ndia-51-800x800.jpg 800w\" sizes=\"auto, (max-width: 150px) 100vw, 150px\" \/><\/a>\n\t\t\t<\/dt><\/dl><dl class='gallery-item'>\n\t\t\t<dt class='gallery-icon portrait'>\n\t\t\t\t<a href='https:\/\/www.colorado.com.br\/nosdacolorado\/wp-content\/uploads\/2023\/06\/ASPA-Orl\u00e2ndia-52.jpg'><img loading=\"lazy\" decoding=\"async\" data-attachment-id=\"20873\" data-orig-file=\"https:\/\/www.colorado.com.br\/nosdacolorado\/wp-content\/uploads\/2023\/06\/ASPA-Orl\u00e2ndia-52.jpg\" data-orig-size=\"1280,1920\" data-comments-opened=\"1\" data-image-meta=\"{&quot;aperture&quot;:&quot;1.8&quot;,&quot;credit&quot;:&quot;&quot;,&quot;camera&quot;:&quot;ILCE-6400&quot;,&quot;caption&quot;:&quot;&quot;,&quot;created_timestamp&quot;:&quot;1687294706&quot;,&quot;copyright&quot;:&quot;&quot;,&quot;focal_length&quot;:&quot;35&quot;,&quot;iso&quot;:&quot;1600&quot;,&quot;shutter_speed&quot;:&quot;0.0025&quot;,&quot;title&quot;:&quot;&quot;,&quot;orientation&quot;:&quot;0&quot;,&quot;keywords&quot;:&quot;Array&quot;}\" data-image-title=\"ASPA Orl\u00e2ndia (52)\" data-image-description=\"\" data-medium-file=\"https:\/\/www.colorado.com.br\/nosdacolorado\/wp-content\/uploads\/2023\/06\/ASPA-Orl\u00e2ndia-52-200x300.jpg\" data-large-file=\"https:\/\/www.colorado.com.br\/nosdacolorado\/wp-content\/uploads\/2023\/06\/ASPA-Orl\u00e2ndia-52-683x1024.jpg\" width=\"150\" height=\"150\" src=\"https:\/\/www.colorado.com.br\/nosdacolorado\/wp-content\/uploads\/2023\/06\/ASPA-Orl\u00e2ndia-52-150x150.jpg\" class=\"attachment-thumbnail size-thumbnail\" alt=\"\" srcset=\"https:\/\/www.colorado.com.br\/nosdacolorado\/wp-content\/uploads\/2023\/06\/ASPA-Orl\u00e2ndia-52-150x150.jpg 150w, https:\/\/www.colorado.com.br\/nosdacolorado\/wp-content\/uploads\/2023\/06\/ASPA-Orl\u00e2ndia-52-100x100.jpg 100w, https:\/\/www.colorado.com.br\/nosdacolorado\/wp-content\/uploads\/2023\/06\/ASPA-Orl\u00e2ndia-52-140x140.jpg 140w, https:\/\/www.colorado.com.br\/nosdacolorado\/wp-content\/uploads\/2023\/06\/ASPA-Orl\u00e2ndia-52-500x500.jpg 500w, https:\/\/www.colorado.com.br\/nosdacolorado\/wp-content\/uploads\/2023\/06\/ASPA-Orl\u00e2ndia-52-350x350.jpg 350w, https:\/\/www.colorado.com.br\/nosdacolorado\/wp-content\/uploads\/2023\/06\/ASPA-Orl\u00e2ndia-52-1000x1000.jpg 1000w, https:\/\/www.colorado.com.br\/nosdacolorado\/wp-content\/uploads\/2023\/06\/ASPA-Orl\u00e2ndia-52-800x800.jpg 800w\" sizes=\"auto, (max-width: 150px) 100vw, 150px\" \/><\/a>\n\t\t\t<\/dt><\/dl><dl class='gallery-item'>\n\t\t\t<dt class='gallery-icon portrait'>\n\t\t\t\t<a href='https:\/\/www.colorado.com.br\/nosdacolorado\/wp-content\/uploads\/2023\/06\/ASPA-Orl\u00e2ndia-53.jpg'><img loading=\"lazy\" decoding=\"async\" data-attachment-id=\"20874\" data-orig-file=\"https:\/\/www.colorado.com.br\/nosdacolorado\/wp-content\/uploads\/2023\/06\/ASPA-Orl\u00e2ndia-53.jpg\" data-orig-size=\"1280,1920\" data-comments-opened=\"1\" data-image-meta=\"{&quot;aperture&quot;:&quot;1.8&quot;,&quot;credit&quot;:&quot;&quot;,&quot;camera&quot;:&quot;ILCE-6400&quot;,&quot;caption&quot;:&quot;&quot;,&quot;created_timestamp&quot;:&quot;1687294707&quot;,&quot;copyright&quot;:&quot;&quot;,&quot;focal_length&quot;:&quot;35&quot;,&quot;iso&quot;:&quot;1600&quot;,&quot;shutter_speed&quot;:&quot;0.0025&quot;,&quot;title&quot;:&quot;&quot;,&quot;orientation&quot;:&quot;0&quot;,&quot;keywords&quot;:&quot;Array&quot;}\" data-image-title=\"ASPA Orl\u00e2ndia (53)\" data-image-description=\"\" data-medium-file=\"https:\/\/www.colorado.com.br\/nosdacolorado\/wp-content\/uploads\/2023\/06\/ASPA-Orl\u00e2ndia-53-200x300.jpg\" data-large-file=\"https:\/\/www.colorado.com.br\/nosdacolorado\/wp-content\/uploads\/2023\/06\/ASPA-Orl\u00e2ndia-53-683x1024.jpg\" width=\"150\" height=\"150\" src=\"https:\/\/www.colorado.com.br\/nosdacolorado\/wp-content\/uploads\/2023\/06\/ASPA-Orl\u00e2ndia-53-150x150.jpg\" class=\"attachment-thumbnail size-thumbnail\" alt=\"\" srcset=\"https:\/\/www.colorado.com.br\/nosdacolorado\/wp-content\/uploads\/2023\/06\/ASPA-Orl\u00e2ndia-53-150x150.jpg 150w, https:\/\/www.colorado.com.br\/nosdacolorado\/wp-content\/uploads\/2023\/06\/ASPA-Orl\u00e2ndia-53-100x100.jpg 100w, https:\/\/www.colorado.com.br\/nosdacolorado\/wp-content\/uploads\/2023\/06\/ASPA-Orl\u00e2ndia-53-140x140.jpg 140w, https:\/\/www.colorado.com.br\/nosdacolorado\/wp-content\/uploads\/2023\/06\/ASPA-Orl\u00e2ndia-53-500x500.jpg 500w, https:\/\/www.colorado.com.br\/nosdacolorado\/wp-content\/uploads\/2023\/06\/ASPA-Orl\u00e2ndia-53-350x350.jpg 350w, https:\/\/www.colorado.com.br\/nosdacolorado\/wp-content\/uploads\/2023\/06\/ASPA-Orl\u00e2ndia-53-1000x1000.jpg 1000w, https:\/\/www.colorado.com.br\/nosdacolorado\/wp-content\/uploads\/2023\/06\/ASPA-Orl\u00e2ndia-53-800x800.jpg 800w\" sizes=\"auto, (max-width: 150px) 100vw, 150px\" \/><\/a>\n\t\t\t<\/dt><\/dl><dl class='gallery-item'>\n\t\t\t<dt class='gallery-icon portrait'>\n\t\t\t\t<a href='https:\/\/www.colorado.com.br\/nosdacolorado\/wp-content\/uploads\/2023\/06\/ASPA-Orl\u00e2ndia-54.jpg'><img loading=\"lazy\" decoding=\"async\" data-attachment-id=\"20875\" data-orig-file=\"https:\/\/www.colorado.com.br\/nosdacolorado\/wp-content\/uploads\/2023\/06\/ASPA-Orl\u00e2ndia-54.jpg\" data-orig-size=\"1280,1920\" data-comments-opened=\"1\" data-image-meta=\"{&quot;aperture&quot;:&quot;1.8&quot;,&quot;credit&quot;:&quot;&quot;,&quot;camera&quot;:&quot;ILCE-6400&quot;,&quot;caption&quot;:&quot;&quot;,&quot;created_timestamp&quot;:&quot;1687294708&quot;,&quot;copyright&quot;:&quot;&quot;,&quot;focal_length&quot;:&quot;35&quot;,&quot;iso&quot;:&quot;1600&quot;,&quot;shutter_speed&quot;:&quot;0.0025&quot;,&quot;title&quot;:&quot;&quot;,&quot;orientation&quot;:&quot;0&quot;,&quot;keywords&quot;:&quot;Array&quot;}\" data-image-title=\"ASPA Orl\u00e2ndia (54)\" data-image-description=\"\" data-medium-file=\"https:\/\/www.colorado.com.br\/nosdacolorado\/wp-content\/uploads\/2023\/06\/ASPA-Orl\u00e2ndia-54-200x300.jpg\" data-large-file=\"https:\/\/www.colorado.com.br\/nosdacolorado\/wp-content\/uploads\/2023\/06\/ASPA-Orl\u00e2ndia-54-683x1024.jpg\" width=\"150\" height=\"150\" src=\"https:\/\/www.colorado.com.br\/nosdacolorado\/wp-content\/uploads\/2023\/06\/ASPA-Orl\u00e2ndia-54-150x150.jpg\" class=\"attachment-thumbnail size-thumbnail\" alt=\"\" srcset=\"https:\/\/www.colorado.com.br\/nosdacolorado\/wp-content\/uploads\/2023\/06\/ASPA-Orl\u00e2ndia-54-150x150.jpg 150w, https:\/\/www.colorado.com.br\/nosdacolorado\/wp-content\/uploads\/2023\/06\/ASPA-Orl\u00e2ndia-54-100x100.jpg 100w, https:\/\/www.colorado.com.br\/nosdacolorado\/wp-content\/uploads\/2023\/06\/ASPA-Orl\u00e2ndia-54-140x140.jpg 140w, https:\/\/www.colorado.com.br\/nosdacolorado\/wp-content\/uploads\/2023\/06\/ASPA-Orl\u00e2ndia-54-500x500.jpg 500w, https:\/\/www.colorado.com.br\/nosdacolorado\/wp-content\/uploads\/2023\/06\/ASPA-Orl\u00e2ndia-54-350x350.jpg 350w, https:\/\/www.colorado.com.br\/nosdacolorado\/wp-content\/uploads\/2023\/06\/ASPA-Orl\u00e2ndia-54-1000x1000.jpg 1000w, https:\/\/www.colorado.com.br\/nosdacolorado\/wp-content\/uploads\/2023\/06\/ASPA-Orl\u00e2ndia-54-800x800.jpg 800w\" sizes=\"auto, (max-width: 150px) 100vw, 150px\" \/><\/a>\n\t\t\t<\/dt><\/dl><dl class='gallery-item'>\n\t\t\t<dt class='gallery-icon portrait'>\n\t\t\t\t<a href='https:\/\/www.colorado.com.br\/nosdacolorado\/wp-content\/uploads\/2023\/06\/ASPA-Orl\u00e2ndia-55.jpg'><img loading=\"lazy\" decoding=\"async\" data-attachment-id=\"20876\" data-orig-file=\"https:\/\/www.colorado.com.br\/nosdacolorado\/wp-content\/uploads\/2023\/06\/ASPA-Orl\u00e2ndia-55.jpg\" data-orig-size=\"1280,1920\" data-comments-opened=\"1\" data-image-meta=\"{&quot;aperture&quot;:&quot;1.8&quot;,&quot;credit&quot;:&quot;&quot;,&quot;camera&quot;:&quot;ILCE-6400&quot;,&quot;caption&quot;:&quot;&quot;,&quot;created_timestamp&quot;:&quot;1687294723&quot;,&quot;copyright&quot;:&quot;&quot;,&quot;focal_length&quot;:&quot;35&quot;,&quot;iso&quot;:&quot;1600&quot;,&quot;shutter_speed&quot;:&quot;0.0025&quot;,&quot;title&quot;:&quot;&quot;,&quot;orientation&quot;:&quot;0&quot;,&quot;keywords&quot;:&quot;Array&quot;}\" data-image-title=\"ASPA Orl\u00e2ndia (55)\" data-image-description=\"\" data-medium-file=\"https:\/\/www.colorado.com.br\/nosdacolorado\/wp-content\/uploads\/2023\/06\/ASPA-Orl\u00e2ndia-55-200x300.jpg\" data-large-file=\"https:\/\/www.colorado.com.br\/nosdacolorado\/wp-content\/uploads\/2023\/06\/ASPA-Orl\u00e2ndia-55-683x1024.jpg\" width=\"150\" height=\"150\" src=\"https:\/\/www.colorado.com.br\/nosdacolorado\/wp-content\/uploads\/2023\/06\/ASPA-Orl\u00e2ndia-55-150x150.jpg\" class=\"attachment-thumbnail size-thumbnail\" alt=\"\" srcset=\"https:\/\/www.colorado.com.br\/nosdacolorado\/wp-content\/uploads\/2023\/06\/ASPA-Orl\u00e2ndia-55-150x150.jpg 150w, https:\/\/www.colorado.com.br\/nosdacolorado\/wp-content\/uploads\/2023\/06\/ASPA-Orl\u00e2ndia-55-100x100.jpg 100w, https:\/\/www.colorado.com.br\/nosdacolorado\/wp-content\/uploads\/2023\/06\/ASPA-Orl\u00e2ndia-55-140x140.jpg 140w, https:\/\/www.colorado.com.br\/nosdacolorado\/wp-content\/uploads\/2023\/06\/ASPA-Orl\u00e2ndia-55-500x500.jpg 500w, https:\/\/www.colorado.com.br\/nosdacolorado\/wp-content\/uploads\/2023\/06\/ASPA-Orl\u00e2ndia-55-350x350.jpg 350w, https:\/\/www.colorado.com.br\/nosdacolorado\/wp-content\/uploads\/2023\/06\/ASPA-Orl\u00e2ndia-55-1000x1000.jpg 1000w, https:\/\/www.colorado.com.br\/nosdacolorado\/wp-content\/uploads\/2023\/06\/ASPA-Orl\u00e2ndia-55-800x800.jpg 800w\" sizes=\"auto, (max-width: 150px) 100vw, 150px\" \/><\/a>\n\t\t\t<\/dt><\/dl><br style=\"clear: both\" \/><dl class='gallery-item'>\n\t\t\t<dt class='gallery-icon portrait'>\n\t\t\t\t<a href='https:\/\/www.colorado.com.br\/nosdacolorado\/wp-content\/uploads\/2023\/06\/ASPA-Orl\u00e2ndia-56.jpg'><img loading=\"lazy\" decoding=\"async\" data-attachment-id=\"20877\" data-orig-file=\"https:\/\/www.colorado.com.br\/nosdacolorado\/wp-content\/uploads\/2023\/06\/ASPA-Orl\u00e2ndia-56.jpg\" data-orig-size=\"1280,1920\" data-comments-opened=\"1\" data-image-meta=\"{&quot;aperture&quot;:&quot;1.8&quot;,&quot;credit&quot;:&quot;&quot;,&quot;camera&quot;:&quot;ILCE-6400&quot;,&quot;caption&quot;:&quot;&quot;,&quot;created_timestamp&quot;:&quot;1687294724&quot;,&quot;copyright&quot;:&quot;&quot;,&quot;focal_length&quot;:&quot;35&quot;,&quot;iso&quot;:&quot;1600&quot;,&quot;shutter_speed&quot;:&quot;0.0025&quot;,&quot;title&quot;:&quot;&quot;,&quot;orientation&quot;:&quot;0&quot;,&quot;keywords&quot;:&quot;Array&quot;}\" data-image-title=\"ASPA Orl\u00e2ndia (56)\" data-image-description=\"\" data-medium-file=\"https:\/\/www.colorado.com.br\/nosdacolorado\/wp-content\/uploads\/2023\/06\/ASPA-Orl\u00e2ndia-56-200x300.jpg\" data-large-file=\"https:\/\/www.colorado.com.br\/nosdacolorado\/wp-content\/uploads\/2023\/06\/ASPA-Orl\u00e2ndia-56-683x1024.jpg\" width=\"150\" height=\"150\" src=\"https:\/\/www.colorado.com.br\/nosdacolorado\/wp-content\/uploads\/2023\/06\/ASPA-Orl\u00e2ndia-56-150x150.jpg\" class=\"attachment-thumbnail size-thumbnail\" alt=\"\" srcset=\"https:\/\/www.colorado.com.br\/nosdacolorado\/wp-content\/uploads\/2023\/06\/ASPA-Orl\u00e2ndia-56-150x150.jpg 150w, https:\/\/www.colorado.com.br\/nosdacolorado\/wp-content\/uploads\/2023\/06\/ASPA-Orl\u00e2ndia-56-100x100.jpg 100w, https:\/\/www.colorado.com.br\/nosdacolorado\/wp-content\/uploads\/2023\/06\/ASPA-Orl\u00e2ndia-56-140x140.jpg 140w, https:\/\/www.colorado.com.br\/nosdacolorado\/wp-content\/uploads\/2023\/06\/ASPA-Orl\u00e2ndia-56-500x500.jpg 500w, https:\/\/www.colorado.com.br\/nosdacolorado\/wp-content\/uploads\/2023\/06\/ASPA-Orl\u00e2ndia-56-350x350.jpg 350w, https:\/\/www.colorado.com.br\/nosdacolorado\/wp-content\/uploads\/2023\/06\/ASPA-Orl\u00e2ndia-56-1000x1000.jpg 1000w, https:\/\/www.colorado.com.br\/nosdacolorado\/wp-content\/uploads\/2023\/06\/ASPA-Orl\u00e2ndia-56-800x800.jpg 800w\" sizes=\"auto, (max-width: 150px) 100vw, 150px\" \/><\/a>\n\t\t\t<\/dt><\/dl><dl class='gallery-item'>\n\t\t\t<dt class='gallery-icon portrait'>\n\t\t\t\t<a href='https:\/\/www.colorado.com.br\/nosdacolorado\/wp-content\/uploads\/2023\/06\/ASPA-Orl\u00e2ndia-57.jpg'><img loading=\"lazy\" decoding=\"async\" data-attachment-id=\"20878\" data-orig-file=\"https:\/\/www.colorado.com.br\/nosdacolorado\/wp-content\/uploads\/2023\/06\/ASPA-Orl\u00e2ndia-57.jpg\" data-orig-size=\"1280,1920\" data-comments-opened=\"1\" data-image-meta=\"{&quot;aperture&quot;:&quot;1.8&quot;,&quot;credit&quot;:&quot;&quot;,&quot;camera&quot;:&quot;ILCE-6400&quot;,&quot;caption&quot;:&quot;&quot;,&quot;created_timestamp&quot;:&quot;1687294724&quot;,&quot;copyright&quot;:&quot;&quot;,&quot;focal_length&quot;:&quot;35&quot;,&quot;iso&quot;:&quot;1600&quot;,&quot;shutter_speed&quot;:&quot;0.0025&quot;,&quot;title&quot;:&quot;&quot;,&quot;orientation&quot;:&quot;0&quot;,&quot;keywords&quot;:&quot;Array&quot;}\" data-image-title=\"ASPA Orl\u00e2ndia (57)\" data-image-description=\"\" data-medium-file=\"https:\/\/www.colorado.com.br\/nosdacolorado\/wp-content\/uploads\/2023\/06\/ASPA-Orl\u00e2ndia-57-200x300.jpg\" data-large-file=\"https:\/\/www.colorado.com.br\/nosdacolorado\/wp-content\/uploads\/2023\/06\/ASPA-Orl\u00e2ndia-57-683x1024.jpg\" width=\"150\" height=\"150\" src=\"https:\/\/www.colorado.com.br\/nosdacolorado\/wp-content\/uploads\/2023\/06\/ASPA-Orl\u00e2ndia-57-150x150.jpg\" class=\"attachment-thumbnail size-thumbnail\" alt=\"\" srcset=\"https:\/\/www.colorado.com.br\/nosdacolorado\/wp-content\/uploads\/2023\/06\/ASPA-Orl\u00e2ndia-57-150x150.jpg 150w, https:\/\/www.colorado.com.br\/nosdacolorado\/wp-content\/uploads\/2023\/06\/ASPA-Orl\u00e2ndia-57-100x100.jpg 100w, https:\/\/www.colorado.com.br\/nosdacolorado\/wp-content\/uploads\/2023\/06\/ASPA-Orl\u00e2ndia-57-140x140.jpg 140w, https:\/\/www.colorado.com.br\/nosdacolorado\/wp-content\/uploads\/2023\/06\/ASPA-Orl\u00e2ndia-57-500x500.jpg 500w, https:\/\/www.colorado.com.br\/nosdacolorado\/wp-content\/uploads\/2023\/06\/ASPA-Orl\u00e2ndia-57-350x350.jpg 350w, https:\/\/www.colorado.com.br\/nosdacolorado\/wp-content\/uploads\/2023\/06\/ASPA-Orl\u00e2ndia-57-1000x1000.jpg 1000w, https:\/\/www.colorado.com.br\/nosdacolorado\/wp-content\/uploads\/2023\/06\/ASPA-Orl\u00e2ndia-57-800x800.jpg 800w\" sizes=\"auto, (max-width: 150px) 100vw, 150px\" \/><\/a>\n\t\t\t<\/dt><\/dl><dl class='gallery-item'>\n\t\t\t<dt class='gallery-icon portrait'>\n\t\t\t\t<a href='https:\/\/www.colorado.com.br\/nosdacolorado\/wp-content\/uploads\/2023\/06\/ASPA-Orl\u00e2ndia-58.jpg'><img loading=\"lazy\" decoding=\"async\" data-attachment-id=\"20879\" data-orig-file=\"https:\/\/www.colorado.com.br\/nosdacolorado\/wp-content\/uploads\/2023\/06\/ASPA-Orl\u00e2ndia-58.jpg\" data-orig-size=\"1280,1920\" data-comments-opened=\"1\" data-image-meta=\"{&quot;aperture&quot;:&quot;1.8&quot;,&quot;credit&quot;:&quot;&quot;,&quot;camera&quot;:&quot;ILCE-6400&quot;,&quot;caption&quot;:&quot;&quot;,&quot;created_timestamp&quot;:&quot;1687294728&quot;,&quot;copyright&quot;:&quot;&quot;,&quot;focal_length&quot;:&quot;35&quot;,&quot;iso&quot;:&quot;1600&quot;,&quot;shutter_speed&quot;:&quot;0.0025&quot;,&quot;title&quot;:&quot;&quot;,&quot;orientation&quot;:&quot;0&quot;,&quot;keywords&quot;:&quot;Array&quot;}\" data-image-title=\"ASPA Orl\u00e2ndia (58)\" data-image-description=\"\" data-medium-file=\"https:\/\/www.colorado.com.br\/nosdacolorado\/wp-content\/uploads\/2023\/06\/ASPA-Orl\u00e2ndia-58-200x300.jpg\" data-large-file=\"https:\/\/www.colorado.com.br\/nosdacolorado\/wp-content\/uploads\/2023\/06\/ASPA-Orl\u00e2ndia-58-683x1024.jpg\" width=\"150\" height=\"150\" src=\"https:\/\/www.colorado.com.br\/nosdacolorado\/wp-content\/uploads\/2023\/06\/ASPA-Orl\u00e2ndia-58-150x150.jpg\" class=\"attachment-thumbnail size-thumbnail\" alt=\"\" srcset=\"https:\/\/www.colorado.com.br\/nosdacolorado\/wp-content\/uploads\/2023\/06\/ASPA-Orl\u00e2ndia-58-150x150.jpg 150w, https:\/\/www.colorado.com.br\/nosdacolorado\/wp-content\/uploads\/2023\/06\/ASPA-Orl\u00e2ndia-58-100x100.jpg 100w, https:\/\/www.colorado.com.br\/nosdacolorado\/wp-content\/uploads\/2023\/06\/ASPA-Orl\u00e2ndia-58-140x140.jpg 140w, https:\/\/www.colorado.com.br\/nosdacolorado\/wp-content\/uploads\/2023\/06\/ASPA-Orl\u00e2ndia-58-500x500.jpg 500w, https:\/\/www.colorado.com.br\/nosdacolorado\/wp-content\/uploads\/2023\/06\/ASPA-Orl\u00e2ndia-58-350x350.jpg 350w, https:\/\/www.colorado.com.br\/nosdacolorado\/wp-content\/uploads\/2023\/06\/ASPA-Orl\u00e2ndia-58-1000x1000.jpg 1000w, https:\/\/www.colorado.com.br\/nosdacolorado\/wp-content\/uploads\/2023\/06\/ASPA-Orl\u00e2ndia-58-800x800.jpg 800w\" sizes=\"auto, (max-width: 150px) 100vw, 150px\" \/><\/a>\n\t\t\t<\/dt><\/dl><dl class='gallery-item'>\n\t\t\t<dt class='gallery-icon portrait'>\n\t\t\t\t<a href='https:\/\/www.colorado.com.br\/nosdacolorado\/wp-content\/uploads\/2023\/06\/ASPA-Orl\u00e2ndia-59.jpg'><img loading=\"lazy\" decoding=\"async\" data-attachment-id=\"20880\" data-orig-file=\"https:\/\/www.colorado.com.br\/nosdacolorado\/wp-content\/uploads\/2023\/06\/ASPA-Orl\u00e2ndia-59.jpg\" data-orig-size=\"1280,1920\" data-comments-opened=\"1\" data-image-meta=\"{&quot;aperture&quot;:&quot;1.8&quot;,&quot;credit&quot;:&quot;&quot;,&quot;camera&quot;:&quot;ILCE-6400&quot;,&quot;caption&quot;:&quot;&quot;,&quot;created_timestamp&quot;:&quot;1687294728&quot;,&quot;copyright&quot;:&quot;&quot;,&quot;focal_length&quot;:&quot;35&quot;,&quot;iso&quot;:&quot;1600&quot;,&quot;shutter_speed&quot;:&quot;0.0025&quot;,&quot;title&quot;:&quot;&quot;,&quot;orientation&quot;:&quot;0&quot;,&quot;keywords&quot;:&quot;Array&quot;}\" data-image-title=\"ASPA Orl\u00e2ndia (59)\" data-image-description=\"\" data-medium-file=\"https:\/\/www.colorado.com.br\/nosdacolorado\/wp-content\/uploads\/2023\/06\/ASPA-Orl\u00e2ndia-59-200x300.jpg\" data-large-file=\"https:\/\/www.colorado.com.br\/nosdacolorado\/wp-content\/uploads\/2023\/06\/ASPA-Orl\u00e2ndia-59-683x1024.jpg\" width=\"150\" height=\"150\" src=\"https:\/\/www.colorado.com.br\/nosdacolorado\/wp-content\/uploads\/2023\/06\/ASPA-Orl\u00e2ndia-59-150x150.jpg\" class=\"attachment-thumbnail size-thumbnail\" alt=\"\" srcset=\"https:\/\/www.colorado.com.br\/nosdacolorado\/wp-content\/uploads\/2023\/06\/ASPA-Orl\u00e2ndia-59-150x150.jpg 150w, https:\/\/www.colorado.com.br\/nosdacolorado\/wp-content\/uploads\/2023\/06\/ASPA-Orl\u00e2ndia-59-100x100.jpg 100w, https:\/\/www.colorado.com.br\/nosdacolorado\/wp-content\/uploads\/2023\/06\/ASPA-Orl\u00e2ndia-59-140x140.jpg 140w, https:\/\/www.colorado.com.br\/nosdacolorado\/wp-content\/uploads\/2023\/06\/ASPA-Orl\u00e2ndia-59-500x500.jpg 500w, https:\/\/www.colorado.com.br\/nosdacolorado\/wp-content\/uploads\/2023\/06\/ASPA-Orl\u00e2ndia-59-350x350.jpg 350w, https:\/\/www.colorado.com.br\/nosdacolorado\/wp-content\/uploads\/2023\/06\/ASPA-Orl\u00e2ndia-59-1000x1000.jpg 1000w, https:\/\/www.colorado.com.br\/nosdacolorado\/wp-content\/uploads\/2023\/06\/ASPA-Orl\u00e2ndia-59-800x800.jpg 800w\" sizes=\"auto, (max-width: 150px) 100vw, 150px\" \/><\/a>\n\t\t\t<\/dt><\/dl><dl class='gallery-item'>\n\t\t\t<dt class='gallery-icon landscape'>\n\t\t\t\t<a href='https:\/\/www.colorado.com.br\/nosdacolorado\/wp-content\/uploads\/2023\/06\/ASPA-Orl\u00e2ndia-60.jpg'><img loading=\"lazy\" decoding=\"async\" data-attachment-id=\"20881\" data-orig-file=\"https:\/\/www.colorado.com.br\/nosdacolorado\/wp-content\/uploads\/2023\/06\/ASPA-Orl\u00e2ndia-60.jpg\" data-orig-size=\"1920,1280\" data-comments-opened=\"1\" data-image-meta=\"{&quot;aperture&quot;:&quot;1.8&quot;,&quot;credit&quot;:&quot;&quot;,&quot;camera&quot;:&quot;ILCE-6400&quot;,&quot;caption&quot;:&quot;&quot;,&quot;created_timestamp&quot;:&quot;1687294838&quot;,&quot;copyright&quot;:&quot;&quot;,&quot;focal_length&quot;:&quot;35&quot;,&quot;iso&quot;:&quot;1600&quot;,&quot;shutter_speed&quot;:&quot;0.0025&quot;,&quot;title&quot;:&quot;&quot;,&quot;orientation&quot;:&quot;0&quot;,&quot;keywords&quot;:&quot;Array&quot;}\" data-image-title=\"ASPA Orl\u00e2ndia (60)\" data-image-description=\"\" data-medium-file=\"https:\/\/www.colorado.com.br\/nosdacolorado\/wp-content\/uploads\/2023\/06\/ASPA-Orl\u00e2ndia-60-300x200.jpg\" data-large-file=\"https:\/\/www.colorado.com.br\/nosdacolorado\/wp-content\/uploads\/2023\/06\/ASPA-Orl\u00e2ndia-60-1024x683.jpg\" width=\"150\" height=\"150\" src=\"https:\/\/www.colorado.com.br\/nosdacolorado\/wp-content\/uploads\/2023\/06\/ASPA-Orl\u00e2ndia-60-150x150.jpg\" class=\"attachment-thumbnail size-thumbnail\" alt=\"\" srcset=\"https:\/\/www.colorado.com.br\/nosdacolorado\/wp-content\/uploads\/2023\/06\/ASPA-Orl\u00e2ndia-60-150x150.jpg 150w, https:\/\/www.colorado.com.br\/nosdacolorado\/wp-content\/uploads\/2023\/06\/ASPA-Orl\u00e2ndia-60-100x100.jpg 100w, https:\/\/www.colorado.com.br\/nosdacolorado\/wp-content\/uploads\/2023\/06\/ASPA-Orl\u00e2ndia-60-140x140.jpg 140w, https:\/\/www.colorado.com.br\/nosdacolorado\/wp-content\/uploads\/2023\/06\/ASPA-Orl\u00e2ndia-60-500x500.jpg 500w, https:\/\/www.colorado.com.br\/nosdacolorado\/wp-content\/uploads\/2023\/06\/ASPA-Orl\u00e2ndia-60-350x350.jpg 350w, https:\/\/www.colorado.com.br\/nosdacolorado\/wp-content\/uploads\/2023\/06\/ASPA-Orl\u00e2ndia-60-1000x1000.jpg 1000w, https:\/\/www.colorado.com.br\/nosdacolorado\/wp-content\/uploads\/2023\/06\/ASPA-Orl\u00e2ndia-60-800x800.jpg 800w\" sizes=\"auto, (max-width: 150px) 100vw, 150px\" \/><\/a>\n\t\t\t<\/dt><\/dl><br style=\"clear: both\" \/><dl class='gallery-item'>\n\t\t\t<dt class='gallery-icon landscape'>\n\t\t\t\t<a href='https:\/\/www.colorado.com.br\/nosdacolorado\/wp-content\/uploads\/2023\/06\/ASPA-Orl\u00e2ndia-61.jpg'><img loading=\"lazy\" decoding=\"async\" data-attachment-id=\"20882\" data-orig-file=\"https:\/\/www.colorado.com.br\/nosdacolorado\/wp-content\/uploads\/2023\/06\/ASPA-Orl\u00e2ndia-61.jpg\" data-orig-size=\"1920,1280\" data-comments-opened=\"1\" data-image-meta=\"{&quot;aperture&quot;:&quot;1.8&quot;,&quot;credit&quot;:&quot;&quot;,&quot;camera&quot;:&quot;ILCE-6400&quot;,&quot;caption&quot;:&quot;&quot;,&quot;created_timestamp&quot;:&quot;1687294842&quot;,&quot;copyright&quot;:&quot;&quot;,&quot;focal_length&quot;:&quot;35&quot;,&quot;iso&quot;:&quot;1600&quot;,&quot;shutter_speed&quot;:&quot;0.0025&quot;,&quot;title&quot;:&quot;&quot;,&quot;orientation&quot;:&quot;0&quot;,&quot;keywords&quot;:&quot;Array&quot;}\" data-image-title=\"ASPA Orl\u00e2ndia (61)\" data-image-description=\"\" data-medium-file=\"https:\/\/www.colorado.com.br\/nosdacolorado\/wp-content\/uploads\/2023\/06\/ASPA-Orl\u00e2ndia-61-300x200.jpg\" data-large-file=\"https:\/\/www.colorado.com.br\/nosdacolorado\/wp-content\/uploads\/2023\/06\/ASPA-Orl\u00e2ndia-61-1024x683.jpg\" width=\"150\" height=\"150\" src=\"https:\/\/www.colorado.com.br\/nosdacolorado\/wp-content\/uploads\/2023\/06\/ASPA-Orl\u00e2ndia-61-150x150.jpg\" class=\"attachment-thumbnail size-thumbnail\" alt=\"\" srcset=\"https:\/\/www.colorado.com.br\/nosdacolorado\/wp-content\/uploads\/2023\/06\/ASPA-Orl\u00e2ndia-61-150x150.jpg 150w, https:\/\/www.colorado.com.br\/nosdacolorado\/wp-content\/uploads\/2023\/06\/ASPA-Orl\u00e2ndia-61-100x100.jpg 100w, https:\/\/www.colorado.com.br\/nosdacolorado\/wp-content\/uploads\/2023\/06\/ASPA-Orl\u00e2ndia-61-140x140.jpg 140w, https:\/\/www.colorado.com.br\/nosdacolorado\/wp-content\/uploads\/2023\/06\/ASPA-Orl\u00e2ndia-61-500x500.jpg 500w, https:\/\/www.colorado.com.br\/nosdacolorado\/wp-content\/uploads\/2023\/06\/ASPA-Orl\u00e2ndia-61-350x350.jpg 350w, https:\/\/www.colorado.com.br\/nosdacolorado\/wp-content\/uploads\/2023\/06\/ASPA-Orl\u00e2ndia-61-1000x1000.jpg 1000w, https:\/\/www.colorado.com.br\/nosdacolorado\/wp-content\/uploads\/2023\/06\/ASPA-Orl\u00e2ndia-61-800x800.jpg 800w\" sizes=\"auto, (max-width: 150px) 100vw, 150px\" \/><\/a>\n\t\t\t<\/dt><\/dl><dl class='gallery-item'>\n\t\t\t<dt class='gallery-icon landscape'>\n\t\t\t\t<a href='https:\/\/www.colorado.com.br\/nosdacolorado\/wp-content\/uploads\/2023\/06\/ASPA-Orl\u00e2ndia-62.jpg'><img loading=\"lazy\" decoding=\"async\" data-attachment-id=\"20883\" data-orig-file=\"https:\/\/www.colorado.com.br\/nosdacolorado\/wp-content\/uploads\/2023\/06\/ASPA-Orl\u00e2ndia-62.jpg\" data-orig-size=\"1920,1280\" data-comments-opened=\"1\" data-image-meta=\"{&quot;aperture&quot;:&quot;1.8&quot;,&quot;credit&quot;:&quot;&quot;,&quot;camera&quot;:&quot;ILCE-6400&quot;,&quot;caption&quot;:&quot;&quot;,&quot;created_timestamp&quot;:&quot;1687294842&quot;,&quot;copyright&quot;:&quot;&quot;,&quot;focal_length&quot;:&quot;35&quot;,&quot;iso&quot;:&quot;1600&quot;,&quot;shutter_speed&quot;:&quot;0.0025&quot;,&quot;title&quot;:&quot;&quot;,&quot;orientation&quot;:&quot;0&quot;,&quot;keywords&quot;:&quot;Array&quot;}\" data-image-title=\"ASPA Orl\u00e2ndia (62)\" data-image-description=\"\" data-medium-file=\"https:\/\/www.colorado.com.br\/nosdacolorado\/wp-content\/uploads\/2023\/06\/ASPA-Orl\u00e2ndia-62-300x200.jpg\" data-large-file=\"https:\/\/www.colorado.com.br\/nosdacolorado\/wp-content\/uploads\/2023\/06\/ASPA-Orl\u00e2ndia-62-1024x683.jpg\" width=\"150\" height=\"150\" src=\"https:\/\/www.colorado.com.br\/nosdacolorado\/wp-content\/uploads\/2023\/06\/ASPA-Orl\u00e2ndia-62-150x150.jpg\" class=\"attachment-thumbnail size-thumbnail\" alt=\"\" srcset=\"https:\/\/www.colorado.com.br\/nosdacolorado\/wp-content\/uploads\/2023\/06\/ASPA-Orl\u00e2ndia-62-150x150.jpg 150w, https:\/\/www.colorado.com.br\/nosdacolorado\/wp-content\/uploads\/2023\/06\/ASPA-Orl\u00e2ndia-62-100x100.jpg 100w, https:\/\/www.colorado.com.br\/nosdacolorado\/wp-content\/uploads\/2023\/06\/ASPA-Orl\u00e2ndia-62-140x140.jpg 140w, https:\/\/www.colorado.com.br\/nosdacolorado\/wp-content\/uploads\/2023\/06\/ASPA-Orl\u00e2ndia-62-500x500.jpg 500w, https:\/\/www.colorado.com.br\/nosdacolorado\/wp-content\/uploads\/2023\/06\/ASPA-Orl\u00e2ndia-62-350x350.jpg 350w, https:\/\/www.colorado.com.br\/nosdacolorado\/wp-content\/uploads\/2023\/06\/ASPA-Orl\u00e2ndia-62-1000x1000.jpg 1000w, https:\/\/www.colorado.com.br\/nosdacolorado\/wp-content\/uploads\/2023\/06\/ASPA-Orl\u00e2ndia-62-800x800.jpg 800w\" sizes=\"auto, (max-width: 150px) 100vw, 150px\" \/><\/a>\n\t\t\t<\/dt><\/dl><dl class='gallery-item'>\n\t\t\t<dt class='gallery-icon portrait'>\n\t\t\t\t<a href='https:\/\/www.colorado.com.br\/nosdacolorado\/wp-content\/uploads\/2023\/06\/ASPA-Orl\u00e2ndia-63.jpg'><img loading=\"lazy\" decoding=\"async\" data-attachment-id=\"20884\" data-orig-file=\"https:\/\/www.colorado.com.br\/nosdacolorado\/wp-content\/uploads\/2023\/06\/ASPA-Orl\u00e2ndia-63.jpg\" data-orig-size=\"1280,1920\" data-comments-opened=\"1\" data-image-meta=\"{&quot;aperture&quot;:&quot;1.8&quot;,&quot;credit&quot;:&quot;&quot;,&quot;camera&quot;:&quot;ILCE-6400&quot;,&quot;caption&quot;:&quot;&quot;,&quot;created_timestamp&quot;:&quot;1687294906&quot;,&quot;copyright&quot;:&quot;&quot;,&quot;focal_length&quot;:&quot;35&quot;,&quot;iso&quot;:&quot;1600&quot;,&quot;shutter_speed&quot;:&quot;0.003125&quot;,&quot;title&quot;:&quot;&quot;,&quot;orientation&quot;:&quot;0&quot;,&quot;keywords&quot;:&quot;Array&quot;}\" data-image-title=\"ASPA Orl\u00e2ndia (63)\" data-image-description=\"\" data-medium-file=\"https:\/\/www.colorado.com.br\/nosdacolorado\/wp-content\/uploads\/2023\/06\/ASPA-Orl\u00e2ndia-63-200x300.jpg\" data-large-file=\"https:\/\/www.colorado.com.br\/nosdacolorado\/wp-content\/uploads\/2023\/06\/ASPA-Orl\u00e2ndia-63-683x1024.jpg\" width=\"150\" height=\"150\" src=\"https:\/\/www.colorado.com.br\/nosdacolorado\/wp-content\/uploads\/2023\/06\/ASPA-Orl\u00e2ndia-63-150x150.jpg\" class=\"attachment-thumbnail size-thumbnail\" alt=\"\" srcset=\"https:\/\/www.colorado.com.br\/nosdacolorado\/wp-content\/uploads\/2023\/06\/ASPA-Orl\u00e2ndia-63-150x150.jpg 150w, https:\/\/www.colorado.com.br\/nosdacolorado\/wp-content\/uploads\/2023\/06\/ASPA-Orl\u00e2ndia-63-100x100.jpg 100w, https:\/\/www.colorado.com.br\/nosdacolorado\/wp-content\/uploads\/2023\/06\/ASPA-Orl\u00e2ndia-63-140x140.jpg 140w, https:\/\/www.colorado.com.br\/nosdacolorado\/wp-content\/uploads\/2023\/06\/ASPA-Orl\u00e2ndia-63-500x500.jpg 500w, https:\/\/www.colorado.com.br\/nosdacolorado\/wp-content\/uploads\/2023\/06\/ASPA-Orl\u00e2ndia-63-350x350.jpg 350w, https:\/\/www.colorado.com.br\/nosdacolorado\/wp-content\/uploads\/2023\/06\/ASPA-Orl\u00e2ndia-63-1000x1000.jpg 1000w, https:\/\/www.colorado.com.br\/nosdacolorado\/wp-content\/uploads\/2023\/06\/ASPA-Orl\u00e2ndia-63-800x800.jpg 800w\" sizes=\"auto, (max-width: 150px) 100vw, 150px\" \/><\/a>\n\t\t\t<\/dt><\/dl><dl class='gallery-item'>\n\t\t\t<dt class='gallery-icon portrait'>\n\t\t\t\t<a href='https:\/\/www.colorado.com.br\/nosdacolorado\/wp-content\/uploads\/2023\/06\/ASPA-Orl\u00e2ndia-64.jpg'><img loading=\"lazy\" decoding=\"async\" data-attachment-id=\"20885\" data-orig-file=\"https:\/\/www.colorado.com.br\/nosdacolorado\/wp-content\/uploads\/2023\/06\/ASPA-Orl\u00e2ndia-64.jpg\" data-orig-size=\"1280,1920\" data-comments-opened=\"1\" data-image-meta=\"{&quot;aperture&quot;:&quot;1.8&quot;,&quot;credit&quot;:&quot;&quot;,&quot;camera&quot;:&quot;ILCE-6400&quot;,&quot;caption&quot;:&quot;&quot;,&quot;created_timestamp&quot;:&quot;1687294910&quot;,&quot;copyright&quot;:&quot;&quot;,&quot;focal_length&quot;:&quot;35&quot;,&quot;iso&quot;:&quot;1600&quot;,&quot;shutter_speed&quot;:&quot;0.003125&quot;,&quot;title&quot;:&quot;&quot;,&quot;orientation&quot;:&quot;0&quot;,&quot;keywords&quot;:&quot;Array&quot;}\" data-image-title=\"ASPA Orl\u00e2ndia (64)\" data-image-description=\"\" data-medium-file=\"https:\/\/www.colorado.com.br\/nosdacolorado\/wp-content\/uploads\/2023\/06\/ASPA-Orl\u00e2ndia-64-200x300.jpg\" data-large-file=\"https:\/\/www.colorado.com.br\/nosdacolorado\/wp-content\/uploads\/2023\/06\/ASPA-Orl\u00e2ndia-64-683x1024.jpg\" width=\"150\" height=\"150\" src=\"https:\/\/www.colorado.com.br\/nosdacolorado\/wp-content\/uploads\/2023\/06\/ASPA-Orl\u00e2ndia-64-150x150.jpg\" class=\"attachment-thumbnail size-thumbnail\" alt=\"\" srcset=\"https:\/\/www.colorado.com.br\/nosdacolorado\/wp-content\/uploads\/2023\/06\/ASPA-Orl\u00e2ndia-64-150x150.jpg 150w, https:\/\/www.colorado.com.br\/nosdacolorado\/wp-content\/uploads\/2023\/06\/ASPA-Orl\u00e2ndia-64-100x100.jpg 100w, https:\/\/www.colorado.com.br\/nosdacolorado\/wp-content\/uploads\/2023\/06\/ASPA-Orl\u00e2ndia-64-140x140.jpg 140w, https:\/\/www.colorado.com.br\/nosdacolorado\/wp-content\/uploads\/2023\/06\/ASPA-Orl\u00e2ndia-64-500x500.jpg 500w, https:\/\/www.colorado.com.br\/nosdacolorado\/wp-content\/uploads\/2023\/06\/ASPA-Orl\u00e2ndia-64-350x350.jpg 350w, https:\/\/www.colorado.com.br\/nosdacolorado\/wp-content\/uploads\/2023\/06\/ASPA-Orl\u00e2ndia-64-1000x1000.jpg 1000w, https:\/\/www.colorado.com.br\/nosdacolorado\/wp-content\/uploads\/2023\/06\/ASPA-Orl\u00e2ndia-64-800x800.jpg 800w\" sizes=\"auto, (max-width: 150px) 100vw, 150px\" \/><\/a>\n\t\t\t<\/dt><\/dl><dl class='gallery-item'>\n\t\t\t<dt class='gallery-icon portrait'>\n\t\t\t\t<a href='https:\/\/www.colorado.com.br\/nosdacolorado\/wp-content\/uploads\/2023\/06\/ASPA-Orl\u00e2ndia-65.jpg'><img loading=\"lazy\" decoding=\"async\" data-attachment-id=\"20886\" data-orig-file=\"https:\/\/www.colorado.com.br\/nosdacolorado\/wp-content\/uploads\/2023\/06\/ASPA-Orl\u00e2ndia-65.jpg\" data-orig-size=\"1280,1920\" data-comments-opened=\"1\" data-image-meta=\"{&quot;aperture&quot;:&quot;1.8&quot;,&quot;credit&quot;:&quot;&quot;,&quot;camera&quot;:&quot;ILCE-6400&quot;,&quot;caption&quot;:&quot;&quot;,&quot;created_timestamp&quot;:&quot;1687294913&quot;,&quot;copyright&quot;:&quot;&quot;,&quot;focal_length&quot;:&quot;35&quot;,&quot;iso&quot;:&quot;1600&quot;,&quot;shutter_speed&quot;:&quot;0.003125&quot;,&quot;title&quot;:&quot;&quot;,&quot;orientation&quot;:&quot;0&quot;,&quot;keywords&quot;:&quot;Array&quot;}\" data-image-title=\"ASPA Orl\u00e2ndia (65)\" data-image-description=\"\" data-medium-file=\"https:\/\/www.colorado.com.br\/nosdacolorado\/wp-content\/uploads\/2023\/06\/ASPA-Orl\u00e2ndia-65-200x300.jpg\" data-large-file=\"https:\/\/www.colorado.com.br\/nosdacolorado\/wp-content\/uploads\/2023\/06\/ASPA-Orl\u00e2ndia-65-683x1024.jpg\" width=\"150\" height=\"150\" src=\"https:\/\/www.colorado.com.br\/nosdacolorado\/wp-content\/uploads\/2023\/06\/ASPA-Orl\u00e2ndia-65-150x150.jpg\" class=\"attachment-thumbnail size-thumbnail\" alt=\"\" srcset=\"https:\/\/www.colorado.com.br\/nosdacolorado\/wp-content\/uploads\/2023\/06\/ASPA-Orl\u00e2ndia-65-150x150.jpg 150w, https:\/\/www.colorado.com.br\/nosdacolorado\/wp-content\/uploads\/2023\/06\/ASPA-Orl\u00e2ndia-65-100x100.jpg 100w, https:\/\/www.colorado.com.br\/nosdacolorado\/wp-content\/uploads\/2023\/06\/ASPA-Orl\u00e2ndia-65-140x140.jpg 140w, https:\/\/www.colorado.com.br\/nosdacolorado\/wp-content\/uploads\/2023\/06\/ASPA-Orl\u00e2ndia-65-500x500.jpg 500w, https:\/\/www.colorado.com.br\/nosdacolorado\/wp-content\/uploads\/2023\/06\/ASPA-Orl\u00e2ndia-65-350x350.jpg 350w, https:\/\/www.colorado.com.br\/nosdacolorado\/wp-content\/uploads\/2023\/06\/ASPA-Orl\u00e2ndia-65-1000x1000.jpg 1000w, https:\/\/www.colorado.com.br\/nosdacolorado\/wp-content\/uploads\/2023\/06\/ASPA-Orl\u00e2ndia-65-800x800.jpg 800w\" sizes=\"auto, (max-width: 150px) 100vw, 150px\" \/><\/a>\n\t\t\t<\/dt><\/dl><br style=\"clear: both\" \/><dl class='gallery-item'>\n\t\t\t<dt class='gallery-icon portrait'>\n\t\t\t\t<a href='https:\/\/www.colorado.com.br\/nosdacolorado\/wp-content\/uploads\/2023\/06\/ASPA-Orl\u00e2ndia-66.jpg'><img loading=\"lazy\" decoding=\"async\" data-attachment-id=\"20887\" data-orig-file=\"https:\/\/www.colorado.com.br\/nosdacolorado\/wp-content\/uploads\/2023\/06\/ASPA-Orl\u00e2ndia-66.jpg\" data-orig-size=\"1280,1920\" data-comments-opened=\"1\" data-image-meta=\"{&quot;aperture&quot;:&quot;1.8&quot;,&quot;credit&quot;:&quot;&quot;,&quot;camera&quot;:&quot;ILCE-6400&quot;,&quot;caption&quot;:&quot;&quot;,&quot;created_timestamp&quot;:&quot;1687294917&quot;,&quot;copyright&quot;:&quot;&quot;,&quot;focal_length&quot;:&quot;35&quot;,&quot;iso&quot;:&quot;1600&quot;,&quot;shutter_speed&quot;:&quot;0.003125&quot;,&quot;title&quot;:&quot;&quot;,&quot;orientation&quot;:&quot;0&quot;,&quot;keywords&quot;:&quot;Array&quot;}\" data-image-title=\"ASPA Orl\u00e2ndia (66)\" data-image-description=\"\" data-medium-file=\"https:\/\/www.colorado.com.br\/nosdacolorado\/wp-content\/uploads\/2023\/06\/ASPA-Orl\u00e2ndia-66-200x300.jpg\" data-large-file=\"https:\/\/www.colorado.com.br\/nosdacolorado\/wp-content\/uploads\/2023\/06\/ASPA-Orl\u00e2ndia-66-683x1024.jpg\" width=\"150\" height=\"150\" src=\"https:\/\/www.colorado.com.br\/nosdacolorado\/wp-content\/uploads\/2023\/06\/ASPA-Orl\u00e2ndia-66-150x150.jpg\" class=\"attachment-thumbnail size-thumbnail\" alt=\"\" srcset=\"https:\/\/www.colorado.com.br\/nosdacolorado\/wp-content\/uploads\/2023\/06\/ASPA-Orl\u00e2ndia-66-150x150.jpg 150w, https:\/\/www.colorado.com.br\/nosdacolorado\/wp-content\/uploads\/2023\/06\/ASPA-Orl\u00e2ndia-66-100x100.jpg 100w, https:\/\/www.colorado.com.br\/nosdacolorado\/wp-content\/uploads\/2023\/06\/ASPA-Orl\u00e2ndia-66-140x140.jpg 140w, https:\/\/www.colorado.com.br\/nosdacolorado\/wp-content\/uploads\/2023\/06\/ASPA-Orl\u00e2ndia-66-500x500.jpg 500w, https:\/\/www.colorado.com.br\/nosdacolorado\/wp-content\/uploads\/2023\/06\/ASPA-Orl\u00e2ndia-66-350x350.jpg 350w, https:\/\/www.colorado.com.br\/nosdacolorado\/wp-content\/uploads\/2023\/06\/ASPA-Orl\u00e2ndia-66-1000x1000.jpg 1000w, https:\/\/www.colorado.com.br\/nosdacolorado\/wp-content\/uploads\/2023\/06\/ASPA-Orl\u00e2ndia-66-800x800.jpg 800w\" sizes=\"auto, (max-width: 150px) 100vw, 150px\" \/><\/a>\n\t\t\t<\/dt><\/dl><dl class='gallery-item'>\n\t\t\t<dt class='gallery-icon portrait'>\n\t\t\t\t<a href='https:\/\/www.colorado.com.br\/nosdacolorado\/wp-content\/uploads\/2023\/06\/ASPA-Orl\u00e2ndia-67.jpg'><img loading=\"lazy\" decoding=\"async\" data-attachment-id=\"20888\" data-orig-file=\"https:\/\/www.colorado.com.br\/nosdacolorado\/wp-content\/uploads\/2023\/06\/ASPA-Orl\u00e2ndia-67.jpg\" data-orig-size=\"1280,1920\" data-comments-opened=\"1\" data-image-meta=\"{&quot;aperture&quot;:&quot;1.8&quot;,&quot;credit&quot;:&quot;&quot;,&quot;camera&quot;:&quot;ILCE-6400&quot;,&quot;caption&quot;:&quot;&quot;,&quot;created_timestamp&quot;:&quot;1687294920&quot;,&quot;copyright&quot;:&quot;&quot;,&quot;focal_length&quot;:&quot;35&quot;,&quot;iso&quot;:&quot;1600&quot;,&quot;shutter_speed&quot;:&quot;0.003125&quot;,&quot;title&quot;:&quot;&quot;,&quot;orientation&quot;:&quot;0&quot;,&quot;keywords&quot;:&quot;Array&quot;}\" data-image-title=\"ASPA Orl\u00e2ndia (67)\" data-image-description=\"\" data-medium-file=\"https:\/\/www.colorado.com.br\/nosdacolorado\/wp-content\/uploads\/2023\/06\/ASPA-Orl\u00e2ndia-67-200x300.jpg\" data-large-file=\"https:\/\/www.colorado.com.br\/nosdacolorado\/wp-content\/uploads\/2023\/06\/ASPA-Orl\u00e2ndia-67-683x1024.jpg\" width=\"150\" height=\"150\" src=\"https:\/\/www.colorado.com.br\/nosdacolorado\/wp-content\/uploads\/2023\/06\/ASPA-Orl\u00e2ndia-67-150x150.jpg\" class=\"attachment-thumbnail size-thumbnail\" alt=\"\" srcset=\"https:\/\/www.colorado.com.br\/nosdacolorado\/wp-content\/uploads\/2023\/06\/ASPA-Orl\u00e2ndia-67-150x150.jpg 150w, https:\/\/www.colorado.com.br\/nosdacolorado\/wp-content\/uploads\/2023\/06\/ASPA-Orl\u00e2ndia-67-100x100.jpg 100w, https:\/\/www.colorado.com.br\/nosdacolorado\/wp-content\/uploads\/2023\/06\/ASPA-Orl\u00e2ndia-67-140x140.jpg 140w, https:\/\/www.colorado.com.br\/nosdacolorado\/wp-content\/uploads\/2023\/06\/ASPA-Orl\u00e2ndia-67-500x500.jpg 500w, https:\/\/www.colorado.com.br\/nosdacolorado\/wp-content\/uploads\/2023\/06\/ASPA-Orl\u00e2ndia-67-350x350.jpg 350w, https:\/\/www.colorado.com.br\/nosdacolorado\/wp-content\/uploads\/2023\/06\/ASPA-Orl\u00e2ndia-67-1000x1000.jpg 1000w, https:\/\/www.colorado.com.br\/nosdacolorado\/wp-content\/uploads\/2023\/06\/ASPA-Orl\u00e2ndia-67-800x800.jpg 800w\" sizes=\"auto, (max-width: 150px) 100vw, 150px\" \/><\/a>\n\t\t\t<\/dt><\/dl><dl class='gallery-item'>\n\t\t\t<dt class='gallery-icon portrait'>\n\t\t\t\t<a href='https:\/\/www.colorado.com.br\/nosdacolorado\/wp-content\/uploads\/2023\/06\/ASPA-Orl\u00e2ndia-68.jpg'><img loading=\"lazy\" decoding=\"async\" data-attachment-id=\"20889\" data-orig-file=\"https:\/\/www.colorado.com.br\/nosdacolorado\/wp-content\/uploads\/2023\/06\/ASPA-Orl\u00e2ndia-68.jpg\" data-orig-size=\"1280,1920\" data-comments-opened=\"1\" data-image-meta=\"{&quot;aperture&quot;:&quot;1.8&quot;,&quot;credit&quot;:&quot;&quot;,&quot;camera&quot;:&quot;ILCE-6400&quot;,&quot;caption&quot;:&quot;&quot;,&quot;created_timestamp&quot;:&quot;1687294933&quot;,&quot;copyright&quot;:&quot;&quot;,&quot;focal_length&quot;:&quot;35&quot;,&quot;iso&quot;:&quot;1600&quot;,&quot;shutter_speed&quot;:&quot;0.003125&quot;,&quot;title&quot;:&quot;&quot;,&quot;orientation&quot;:&quot;0&quot;,&quot;keywords&quot;:&quot;Array&quot;}\" data-image-title=\"ASPA Orl\u00e2ndia (68)\" data-image-description=\"\" data-medium-file=\"https:\/\/www.colorado.com.br\/nosdacolorado\/wp-content\/uploads\/2023\/06\/ASPA-Orl\u00e2ndia-68-200x300.jpg\" data-large-file=\"https:\/\/www.colorado.com.br\/nosdacolorado\/wp-content\/uploads\/2023\/06\/ASPA-Orl\u00e2ndia-68-683x1024.jpg\" width=\"150\" height=\"150\" src=\"https:\/\/www.colorado.com.br\/nosdacolorado\/wp-content\/uploads\/2023\/06\/ASPA-Orl\u00e2ndia-68-150x150.jpg\" class=\"attachment-thumbnail size-thumbnail\" alt=\"\" srcset=\"https:\/\/www.colorado.com.br\/nosdacolorado\/wp-content\/uploads\/2023\/06\/ASPA-Orl\u00e2ndia-68-150x150.jpg 150w, https:\/\/www.colorado.com.br\/nosdacolorado\/wp-content\/uploads\/2023\/06\/ASPA-Orl\u00e2ndia-68-100x100.jpg 100w, https:\/\/www.colorado.com.br\/nosdacolorado\/wp-content\/uploads\/2023\/06\/ASPA-Orl\u00e2ndia-68-140x140.jpg 140w, https:\/\/www.colorado.com.br\/nosdacolorado\/wp-content\/uploads\/2023\/06\/ASPA-Orl\u00e2ndia-68-500x500.jpg 500w, https:\/\/www.colorado.com.br\/nosdacolorado\/wp-content\/uploads\/2023\/06\/ASPA-Orl\u00e2ndia-68-350x350.jpg 350w, https:\/\/www.colorado.com.br\/nosdacolorado\/wp-content\/uploads\/2023\/06\/ASPA-Orl\u00e2ndia-68-1000x1000.jpg 1000w, https:\/\/www.colorado.com.br\/nosdacolorado\/wp-content\/uploads\/2023\/06\/ASPA-Orl\u00e2ndia-68-800x800.jpg 800w\" sizes=\"auto, (max-width: 150px) 100vw, 150px\" \/><\/a>\n\t\t\t<\/dt><\/dl><dl class='gallery-item'>\n\t\t\t<dt class='gallery-icon portrait'>\n\t\t\t\t<a href='https:\/\/www.colorado.com.br\/nosdacolorado\/wp-content\/uploads\/2023\/06\/ASPA-Orl\u00e2ndia-69.jpg'><img loading=\"lazy\" decoding=\"async\" data-attachment-id=\"20890\" data-orig-file=\"https:\/\/www.colorado.com.br\/nosdacolorado\/wp-content\/uploads\/2023\/06\/ASPA-Orl\u00e2ndia-69.jpg\" data-orig-size=\"1280,1920\" data-comments-opened=\"1\" data-image-meta=\"{&quot;aperture&quot;:&quot;1.8&quot;,&quot;credit&quot;:&quot;&quot;,&quot;camera&quot;:&quot;ILCE-6400&quot;,&quot;caption&quot;:&quot;&quot;,&quot;created_timestamp&quot;:&quot;1687294937&quot;,&quot;copyright&quot;:&quot;&quot;,&quot;focal_length&quot;:&quot;35&quot;,&quot;iso&quot;:&quot;1600&quot;,&quot;shutter_speed&quot;:&quot;0.003125&quot;,&quot;title&quot;:&quot;&quot;,&quot;orientation&quot;:&quot;0&quot;,&quot;keywords&quot;:&quot;Array&quot;}\" data-image-title=\"ASPA Orl\u00e2ndia (69)\" data-image-description=\"\" data-medium-file=\"https:\/\/www.colorado.com.br\/nosdacolorado\/wp-content\/uploads\/2023\/06\/ASPA-Orl\u00e2ndia-69-200x300.jpg\" data-large-file=\"https:\/\/www.colorado.com.br\/nosdacolorado\/wp-content\/uploads\/2023\/06\/ASPA-Orl\u00e2ndia-69-683x1024.jpg\" width=\"150\" height=\"150\" src=\"https:\/\/www.colorado.com.br\/nosdacolorado\/wp-content\/uploads\/2023\/06\/ASPA-Orl\u00e2ndia-69-150x150.jpg\" class=\"attachment-thumbnail size-thumbnail\" alt=\"\" srcset=\"https:\/\/www.colorado.com.br\/nosdacolorado\/wp-content\/uploads\/2023\/06\/ASPA-Orl\u00e2ndia-69-150x150.jpg 150w, https:\/\/www.colorado.com.br\/nosdacolorado\/wp-content\/uploads\/2023\/06\/ASPA-Orl\u00e2ndia-69-100x100.jpg 100w, https:\/\/www.colorado.com.br\/nosdacolorado\/wp-content\/uploads\/2023\/06\/ASPA-Orl\u00e2ndia-69-140x140.jpg 140w, https:\/\/www.colorado.com.br\/nosdacolorado\/wp-content\/uploads\/2023\/06\/ASPA-Orl\u00e2ndia-69-500x500.jpg 500w, https:\/\/www.colorado.com.br\/nosdacolorado\/wp-content\/uploads\/2023\/06\/ASPA-Orl\u00e2ndia-69-350x350.jpg 350w, https:\/\/www.colorado.com.br\/nosdacolorado\/wp-content\/uploads\/2023\/06\/ASPA-Orl\u00e2ndia-69-1000x1000.jpg 1000w, https:\/\/www.colorado.com.br\/nosdacolorado\/wp-content\/uploads\/2023\/06\/ASPA-Orl\u00e2ndia-69-800x800.jpg 800w\" sizes=\"auto, (max-width: 150px) 100vw, 150px\" \/><\/a>\n\t\t\t<\/dt><\/dl><dl class='gallery-item'>\n\t\t\t<dt class='gallery-icon portrait'>\n\t\t\t\t<a href='https:\/\/www.colorado.com.br\/nosdacolorado\/wp-content\/uploads\/2023\/06\/ASPA-Orl\u00e2ndia-70.jpg'><img loading=\"lazy\" decoding=\"async\" data-attachment-id=\"20891\" data-orig-file=\"https:\/\/www.colorado.com.br\/nosdacolorado\/wp-content\/uploads\/2023\/06\/ASPA-Orl\u00e2ndia-70.jpg\" data-orig-size=\"1280,1920\" data-comments-opened=\"1\" data-image-meta=\"{&quot;aperture&quot;:&quot;1.8&quot;,&quot;credit&quot;:&quot;&quot;,&quot;camera&quot;:&quot;ILCE-6400&quot;,&quot;caption&quot;:&quot;&quot;,&quot;created_timestamp&quot;:&quot;1687294985&quot;,&quot;copyright&quot;:&quot;&quot;,&quot;focal_length&quot;:&quot;35&quot;,&quot;iso&quot;:&quot;1600&quot;,&quot;shutter_speed&quot;:&quot;0.003125&quot;,&quot;title&quot;:&quot;&quot;,&quot;orientation&quot;:&quot;0&quot;,&quot;keywords&quot;:&quot;Array&quot;}\" data-image-title=\"ASPA Orl\u00e2ndia (70)\" data-image-description=\"\" data-medium-file=\"https:\/\/www.colorado.com.br\/nosdacolorado\/wp-content\/uploads\/2023\/06\/ASPA-Orl\u00e2ndia-70-200x300.jpg\" data-large-file=\"https:\/\/www.colorado.com.br\/nosdacolorado\/wp-content\/uploads\/2023\/06\/ASPA-Orl\u00e2ndia-70-683x1024.jpg\" width=\"150\" height=\"150\" src=\"https:\/\/www.colorado.com.br\/nosdacolorado\/wp-content\/uploads\/2023\/06\/ASPA-Orl\u00e2ndia-70-150x150.jpg\" class=\"attachment-thumbnail size-thumbnail\" alt=\"\" srcset=\"https:\/\/www.colorado.com.br\/nosdacolorado\/wp-content\/uploads\/2023\/06\/ASPA-Orl\u00e2ndia-70-150x150.jpg 150w, https:\/\/www.colorado.com.br\/nosdacolorado\/wp-content\/uploads\/2023\/06\/ASPA-Orl\u00e2ndia-70-100x100.jpg 100w, https:\/\/www.colorado.com.br\/nosdacolorado\/wp-content\/uploads\/2023\/06\/ASPA-Orl\u00e2ndia-70-140x140.jpg 140w, https:\/\/www.colorado.com.br\/nosdacolorado\/wp-content\/uploads\/2023\/06\/ASPA-Orl\u00e2ndia-70-500x500.jpg 500w, https:\/\/www.colorado.com.br\/nosdacolorado\/wp-content\/uploads\/2023\/06\/ASPA-Orl\u00e2ndia-70-350x350.jpg 350w, https:\/\/www.colorado.com.br\/nosdacolorado\/wp-content\/uploads\/2023\/06\/ASPA-Orl\u00e2ndia-70-1000x1000.jpg 1000w, https:\/\/www.colorado.com.br\/nosdacolorado\/wp-content\/uploads\/2023\/06\/ASPA-Orl\u00e2ndia-70-800x800.jpg 800w\" sizes=\"auto, (max-width: 150px) 100vw, 150px\" \/><\/a>\n\t\t\t<\/dt><\/dl><br style=\"clear: both\" \/><dl class='gallery-item'>\n\t\t\t<dt class='gallery-icon portrait'>\n\t\t\t\t<a href='https:\/\/www.colorado.com.br\/nosdacolorado\/wp-content\/uploads\/2023\/06\/ASPA-Orl\u00e2ndia-71.jpg'><img loading=\"lazy\" decoding=\"async\" data-attachment-id=\"20892\" data-orig-file=\"https:\/\/www.colorado.com.br\/nosdacolorado\/wp-content\/uploads\/2023\/06\/ASPA-Orl\u00e2ndia-71.jpg\" data-orig-size=\"1280,1920\" data-comments-opened=\"1\" data-image-meta=\"{&quot;aperture&quot;:&quot;1.8&quot;,&quot;credit&quot;:&quot;&quot;,&quot;camera&quot;:&quot;ILCE-6400&quot;,&quot;caption&quot;:&quot;&quot;,&quot;created_timestamp&quot;:&quot;1687294987&quot;,&quot;copyright&quot;:&quot;&quot;,&quot;focal_length&quot;:&quot;35&quot;,&quot;iso&quot;:&quot;1600&quot;,&quot;shutter_speed&quot;:&quot;0.003125&quot;,&quot;title&quot;:&quot;&quot;,&quot;orientation&quot;:&quot;0&quot;,&quot;keywords&quot;:&quot;Array&quot;}\" data-image-title=\"ASPA Orl\u00e2ndia (71)\" data-image-description=\"\" data-medium-file=\"https:\/\/www.colorado.com.br\/nosdacolorado\/wp-content\/uploads\/2023\/06\/ASPA-Orl\u00e2ndia-71-200x300.jpg\" data-large-file=\"https:\/\/www.colorado.com.br\/nosdacolorado\/wp-content\/uploads\/2023\/06\/ASPA-Orl\u00e2ndia-71-683x1024.jpg\" width=\"150\" height=\"150\" src=\"https:\/\/www.colorado.com.br\/nosdacolorado\/wp-content\/uploads\/2023\/06\/ASPA-Orl\u00e2ndia-71-150x150.jpg\" class=\"attachment-thumbnail size-thumbnail\" alt=\"\" srcset=\"https:\/\/www.colorado.com.br\/nosdacolorado\/wp-content\/uploads\/2023\/06\/ASPA-Orl\u00e2ndia-71-150x150.jpg 150w, https:\/\/www.colorado.com.br\/nosdacolorado\/wp-content\/uploads\/2023\/06\/ASPA-Orl\u00e2ndia-71-100x100.jpg 100w, https:\/\/www.colorado.com.br\/nosdacolorado\/wp-content\/uploads\/2023\/06\/ASPA-Orl\u00e2ndia-71-140x140.jpg 140w, https:\/\/www.colorado.com.br\/nosdacolorado\/wp-content\/uploads\/2023\/06\/ASPA-Orl\u00e2ndia-71-500x500.jpg 500w, https:\/\/www.colorado.com.br\/nosdacolorado\/wp-content\/uploads\/2023\/06\/ASPA-Orl\u00e2ndia-71-350x350.jpg 350w, https:\/\/www.colorado.com.br\/nosdacolorado\/wp-content\/uploads\/2023\/06\/ASPA-Orl\u00e2ndia-71-1000x1000.jpg 1000w, https:\/\/www.colorado.com.br\/nosdacolorado\/wp-content\/uploads\/2023\/06\/ASPA-Orl\u00e2ndia-71-800x800.jpg 800w\" sizes=\"auto, (max-width: 150px) 100vw, 150px\" \/><\/a>\n\t\t\t<\/dt><\/dl><dl class='gallery-item'>\n\t\t\t<dt class='gallery-icon landscape'>\n\t\t\t\t<a href='https:\/\/www.colorado.com.br\/nosdacolorado\/wp-content\/uploads\/2023\/06\/ASPA-Orl\u00e2ndia-72.jpg'><img loading=\"lazy\" decoding=\"async\" data-attachment-id=\"20893\" data-orig-file=\"https:\/\/www.colorado.com.br\/nosdacolorado\/wp-content\/uploads\/2023\/06\/ASPA-Orl\u00e2ndia-72.jpg\" data-orig-size=\"1920,1280\" data-comments-opened=\"1\" data-image-meta=\"{&quot;aperture&quot;:&quot;1.8&quot;,&quot;credit&quot;:&quot;&quot;,&quot;camera&quot;:&quot;ILCE-6400&quot;,&quot;caption&quot;:&quot;&quot;,&quot;created_timestamp&quot;:&quot;1687295044&quot;,&quot;copyright&quot;:&quot;&quot;,&quot;focal_length&quot;:&quot;35&quot;,&quot;iso&quot;:&quot;1600&quot;,&quot;shutter_speed&quot;:&quot;0.004&quot;,&quot;title&quot;:&quot;&quot;,&quot;orientation&quot;:&quot;0&quot;,&quot;keywords&quot;:&quot;Array&quot;}\" data-image-title=\"ASPA Orl\u00e2ndia (72)\" data-image-description=\"\" data-medium-file=\"https:\/\/www.colorado.com.br\/nosdacolorado\/wp-content\/uploads\/2023\/06\/ASPA-Orl\u00e2ndia-72-300x200.jpg\" data-large-file=\"https:\/\/www.colorado.com.br\/nosdacolorado\/wp-content\/uploads\/2023\/06\/ASPA-Orl\u00e2ndia-72-1024x683.jpg\" width=\"150\" height=\"150\" src=\"https:\/\/www.colorado.com.br\/nosdacolorado\/wp-content\/uploads\/2023\/06\/ASPA-Orl\u00e2ndia-72-150x150.jpg\" class=\"attachment-thumbnail size-thumbnail\" alt=\"\" srcset=\"https:\/\/www.colorado.com.br\/nosdacolorado\/wp-content\/uploads\/2023\/06\/ASPA-Orl\u00e2ndia-72-150x150.jpg 150w, https:\/\/www.colorado.com.br\/nosdacolorado\/wp-content\/uploads\/2023\/06\/ASPA-Orl\u00e2ndia-72-100x100.jpg 100w, https:\/\/www.colorado.com.br\/nosdacolorado\/wp-content\/uploads\/2023\/06\/ASPA-Orl\u00e2ndia-72-140x140.jpg 140w, https:\/\/www.colorado.com.br\/nosdacolorado\/wp-content\/uploads\/2023\/06\/ASPA-Orl\u00e2ndia-72-500x500.jpg 500w, https:\/\/www.colorado.com.br\/nosdacolorado\/wp-content\/uploads\/2023\/06\/ASPA-Orl\u00e2ndia-72-350x350.jpg 350w, https:\/\/www.colorado.com.br\/nosdacolorado\/wp-content\/uploads\/2023\/06\/ASPA-Orl\u00e2ndia-72-1000x1000.jpg 1000w, https:\/\/www.colorado.com.br\/nosdacolorado\/wp-content\/uploads\/2023\/06\/ASPA-Orl\u00e2ndia-72-800x800.jpg 800w\" sizes=\"auto, (max-width: 150px) 100vw, 150px\" \/><\/a>\n\t\t\t<\/dt><\/dl><dl class='gallery-item'>\n\t\t\t<dt class='gallery-icon landscape'>\n\t\t\t\t<a href='https:\/\/www.colorado.com.br\/nosdacolorado\/wp-content\/uploads\/2023\/06\/ASPA-Orl\u00e2ndia-73.jpg'><img loading=\"lazy\" decoding=\"async\" data-attachment-id=\"20894\" data-orig-file=\"https:\/\/www.colorado.com.br\/nosdacolorado\/wp-content\/uploads\/2023\/06\/ASPA-Orl\u00e2ndia-73.jpg\" data-orig-size=\"1920,1280\" data-comments-opened=\"1\" data-image-meta=\"{&quot;aperture&quot;:&quot;1.8&quot;,&quot;credit&quot;:&quot;&quot;,&quot;camera&quot;:&quot;ILCE-6400&quot;,&quot;caption&quot;:&quot;&quot;,&quot;created_timestamp&quot;:&quot;1687295101&quot;,&quot;copyright&quot;:&quot;&quot;,&quot;focal_length&quot;:&quot;35&quot;,&quot;iso&quot;:&quot;1600&quot;,&quot;shutter_speed&quot;:&quot;0.004&quot;,&quot;title&quot;:&quot;&quot;,&quot;orientation&quot;:&quot;0&quot;,&quot;keywords&quot;:&quot;Array&quot;}\" data-image-title=\"ASPA Orl\u00e2ndia (73)\" data-image-description=\"\" data-medium-file=\"https:\/\/www.colorado.com.br\/nosdacolorado\/wp-content\/uploads\/2023\/06\/ASPA-Orl\u00e2ndia-73-300x200.jpg\" data-large-file=\"https:\/\/www.colorado.com.br\/nosdacolorado\/wp-content\/uploads\/2023\/06\/ASPA-Orl\u00e2ndia-73-1024x683.jpg\" width=\"150\" height=\"150\" src=\"https:\/\/www.colorado.com.br\/nosdacolorado\/wp-content\/uploads\/2023\/06\/ASPA-Orl\u00e2ndia-73-150x150.jpg\" class=\"attachment-thumbnail size-thumbnail\" alt=\"\" srcset=\"https:\/\/www.colorado.com.br\/nosdacolorado\/wp-content\/uploads\/2023\/06\/ASPA-Orl\u00e2ndia-73-150x150.jpg 150w, https:\/\/www.colorado.com.br\/nosdacolorado\/wp-content\/uploads\/2023\/06\/ASPA-Orl\u00e2ndia-73-100x100.jpg 100w, https:\/\/www.colorado.com.br\/nosdacolorado\/wp-content\/uploads\/2023\/06\/ASPA-Orl\u00e2ndia-73-140x140.jpg 140w, https:\/\/www.colorado.com.br\/nosdacolorado\/wp-content\/uploads\/2023\/06\/ASPA-Orl\u00e2ndia-73-500x500.jpg 500w, https:\/\/www.colorado.com.br\/nosdacolorado\/wp-content\/uploads\/2023\/06\/ASPA-Orl\u00e2ndia-73-350x350.jpg 350w, https:\/\/www.colorado.com.br\/nosdacolorado\/wp-content\/uploads\/2023\/06\/ASPA-Orl\u00e2ndia-73-1000x1000.jpg 1000w, https:\/\/www.colorado.com.br\/nosdacolorado\/wp-content\/uploads\/2023\/06\/ASPA-Orl\u00e2ndia-73-800x800.jpg 800w\" sizes=\"auto, (max-width: 150px) 100vw, 150px\" \/><\/a>\n\t\t\t<\/dt><\/dl><dl class='gallery-item'>\n\t\t\t<dt class='gallery-icon landscape'>\n\t\t\t\t<a href='https:\/\/www.colorado.com.br\/nosdacolorado\/wp-content\/uploads\/2023\/06\/ASPA-Orl\u00e2ndia-74.jpg'><img loading=\"lazy\" decoding=\"async\" data-attachment-id=\"20895\" data-orig-file=\"https:\/\/www.colorado.com.br\/nosdacolorado\/wp-content\/uploads\/2023\/06\/ASPA-Orl\u00e2ndia-74.jpg\" data-orig-size=\"1920,1280\" data-comments-opened=\"1\" data-image-meta=\"{&quot;aperture&quot;:&quot;1.8&quot;,&quot;credit&quot;:&quot;&quot;,&quot;camera&quot;:&quot;ILCE-6400&quot;,&quot;caption&quot;:&quot;&quot;,&quot;created_timestamp&quot;:&quot;1687295102&quot;,&quot;copyright&quot;:&quot;&quot;,&quot;focal_length&quot;:&quot;35&quot;,&quot;iso&quot;:&quot;1600&quot;,&quot;shutter_speed&quot;:&quot;0.004&quot;,&quot;title&quot;:&quot;&quot;,&quot;orientation&quot;:&quot;0&quot;,&quot;keywords&quot;:&quot;Array&quot;}\" data-image-title=\"ASPA Orl\u00e2ndia (74)\" data-image-description=\"\" data-medium-file=\"https:\/\/www.colorado.com.br\/nosdacolorado\/wp-content\/uploads\/2023\/06\/ASPA-Orl\u00e2ndia-74-300x200.jpg\" data-large-file=\"https:\/\/www.colorado.com.br\/nosdacolorado\/wp-content\/uploads\/2023\/06\/ASPA-Orl\u00e2ndia-74-1024x683.jpg\" width=\"150\" height=\"150\" src=\"https:\/\/www.colorado.com.br\/nosdacolorado\/wp-content\/uploads\/2023\/06\/ASPA-Orl\u00e2ndia-74-150x150.jpg\" class=\"attachment-thumbnail size-thumbnail\" alt=\"\" srcset=\"https:\/\/www.colorado.com.br\/nosdacolorado\/wp-content\/uploads\/2023\/06\/ASPA-Orl\u00e2ndia-74-150x150.jpg 150w, https:\/\/www.colorado.com.br\/nosdacolorado\/wp-content\/uploads\/2023\/06\/ASPA-Orl\u00e2ndia-74-100x100.jpg 100w, https:\/\/www.colorado.com.br\/nosdacolorado\/wp-content\/uploads\/2023\/06\/ASPA-Orl\u00e2ndia-74-140x140.jpg 140w, https:\/\/www.colorado.com.br\/nosdacolorado\/wp-content\/uploads\/2023\/06\/ASPA-Orl\u00e2ndia-74-500x500.jpg 500w, https:\/\/www.colorado.com.br\/nosdacolorado\/wp-content\/uploads\/2023\/06\/ASPA-Orl\u00e2ndia-74-350x350.jpg 350w, https:\/\/www.colorado.com.br\/nosdacolorado\/wp-content\/uploads\/2023\/06\/ASPA-Orl\u00e2ndia-74-1000x1000.jpg 1000w, https:\/\/www.colorado.com.br\/nosdacolorado\/wp-content\/uploads\/2023\/06\/ASPA-Orl\u00e2ndia-74-800x800.jpg 800w\" sizes=\"auto, (max-width: 150px) 100vw, 150px\" \/><\/a>\n\t\t\t<\/dt><\/dl><dl class='gallery-item'>\n\t\t\t<dt class='gallery-icon landscape'>\n\t\t\t\t<a href='https:\/\/www.colorado.com.br\/nosdacolorado\/wp-content\/uploads\/2023\/06\/ASPA-Orl\u00e2ndia-75.jpg'><img loading=\"lazy\" decoding=\"async\" data-attachment-id=\"20896\" data-orig-file=\"https:\/\/www.colorado.com.br\/nosdacolorado\/wp-content\/uploads\/2023\/06\/ASPA-Orl\u00e2ndia-75.jpg\" data-orig-size=\"1920,1280\" data-comments-opened=\"1\" data-image-meta=\"{&quot;aperture&quot;:&quot;2.5&quot;,&quot;credit&quot;:&quot;&quot;,&quot;camera&quot;:&quot;ILCE-6400&quot;,&quot;caption&quot;:&quot;&quot;,&quot;created_timestamp&quot;:&quot;1687295114&quot;,&quot;copyright&quot;:&quot;&quot;,&quot;focal_length&quot;:&quot;35&quot;,&quot;iso&quot;:&quot;1600&quot;,&quot;shutter_speed&quot;:&quot;0.00625&quot;,&quot;title&quot;:&quot;&quot;,&quot;orientation&quot;:&quot;0&quot;,&quot;keywords&quot;:&quot;Array&quot;}\" data-image-title=\"ASPA Orl\u00e2ndia (75)\" data-image-description=\"\" data-medium-file=\"https:\/\/www.colorado.com.br\/nosdacolorado\/wp-content\/uploads\/2023\/06\/ASPA-Orl\u00e2ndia-75-300x200.jpg\" data-large-file=\"https:\/\/www.colorado.com.br\/nosdacolorado\/wp-content\/uploads\/2023\/06\/ASPA-Orl\u00e2ndia-75-1024x683.jpg\" width=\"150\" height=\"150\" src=\"https:\/\/www.colorado.com.br\/nosdacolorado\/wp-content\/uploads\/2023\/06\/ASPA-Orl\u00e2ndia-75-150x150.jpg\" class=\"attachment-thumbnail size-thumbnail\" alt=\"\" srcset=\"https:\/\/www.colorado.com.br\/nosdacolorado\/wp-content\/uploads\/2023\/06\/ASPA-Orl\u00e2ndia-75-150x150.jpg 150w, https:\/\/www.colorado.com.br\/nosdacolorado\/wp-content\/uploads\/2023\/06\/ASPA-Orl\u00e2ndia-75-100x100.jpg 100w, https:\/\/www.colorado.com.br\/nosdacolorado\/wp-content\/uploads\/2023\/06\/ASPA-Orl\u00e2ndia-75-140x140.jpg 140w, https:\/\/www.colorado.com.br\/nosdacolorado\/wp-content\/uploads\/2023\/06\/ASPA-Orl\u00e2ndia-75-500x500.jpg 500w, https:\/\/www.colorado.com.br\/nosdacolorado\/wp-content\/uploads\/2023\/06\/ASPA-Orl\u00e2ndia-75-350x350.jpg 350w, https:\/\/www.colorado.com.br\/nosdacolorado\/wp-content\/uploads\/2023\/06\/ASPA-Orl\u00e2ndia-75-1000x1000.jpg 1000w, https:\/\/www.colorado.com.br\/nosdacolorado\/wp-content\/uploads\/2023\/06\/ASPA-Orl\u00e2ndia-75-800x800.jpg 800w\" sizes=\"auto, (max-width: 150px) 100vw, 150px\" \/><\/a>\n\t\t\t<\/dt><\/dl><br style=\"clear: both\" \/><dl class='gallery-item'>\n\t\t\t<dt class='gallery-icon landscape'>\n\t\t\t\t<a href='https:\/\/www.colorado.com.br\/nosdacolorado\/wp-content\/uploads\/2023\/06\/ASPA-Orl\u00e2ndia-76.jpg'><img loading=\"lazy\" decoding=\"async\" data-attachment-id=\"20897\" data-orig-file=\"https:\/\/www.colorado.com.br\/nosdacolorado\/wp-content\/uploads\/2023\/06\/ASPA-Orl\u00e2ndia-76.jpg\" data-orig-size=\"1920,1280\" data-comments-opened=\"1\" data-image-meta=\"{&quot;aperture&quot;:&quot;2.5&quot;,&quot;credit&quot;:&quot;&quot;,&quot;camera&quot;:&quot;ILCE-6400&quot;,&quot;caption&quot;:&quot;&quot;,&quot;created_timestamp&quot;:&quot;1687295131&quot;,&quot;copyright&quot;:&quot;&quot;,&quot;focal_length&quot;:&quot;35&quot;,&quot;iso&quot;:&quot;1000&quot;,&quot;shutter_speed&quot;:&quot;0.00625&quot;,&quot;title&quot;:&quot;&quot;,&quot;orientation&quot;:&quot;0&quot;,&quot;keywords&quot;:&quot;Array&quot;}\" data-image-title=\"ASPA Orl\u00e2ndia (76)\" data-image-description=\"\" data-medium-file=\"https:\/\/www.colorado.com.br\/nosdacolorado\/wp-content\/uploads\/2023\/06\/ASPA-Orl\u00e2ndia-76-300x200.jpg\" data-large-file=\"https:\/\/www.colorado.com.br\/nosdacolorado\/wp-content\/uploads\/2023\/06\/ASPA-Orl\u00e2ndia-76-1024x683.jpg\" width=\"150\" height=\"150\" src=\"https:\/\/www.colorado.com.br\/nosdacolorado\/wp-content\/uploads\/2023\/06\/ASPA-Orl\u00e2ndia-76-150x150.jpg\" class=\"attachment-thumbnail size-thumbnail\" alt=\"\" srcset=\"https:\/\/www.colorado.com.br\/nosdacolorado\/wp-content\/uploads\/2023\/06\/ASPA-Orl\u00e2ndia-76-150x150.jpg 150w, https:\/\/www.colorado.com.br\/nosdacolorado\/wp-content\/uploads\/2023\/06\/ASPA-Orl\u00e2ndia-76-100x100.jpg 100w, https:\/\/www.colorado.com.br\/nosdacolorado\/wp-content\/uploads\/2023\/06\/ASPA-Orl\u00e2ndia-76-140x140.jpg 140w, https:\/\/www.colorado.com.br\/nosdacolorado\/wp-content\/uploads\/2023\/06\/ASPA-Orl\u00e2ndia-76-500x500.jpg 500w, https:\/\/www.colorado.com.br\/nosdacolorado\/wp-content\/uploads\/2023\/06\/ASPA-Orl\u00e2ndia-76-350x350.jpg 350w, https:\/\/www.colorado.com.br\/nosdacolorado\/wp-content\/uploads\/2023\/06\/ASPA-Orl\u00e2ndia-76-1000x1000.jpg 1000w, https:\/\/www.colorado.com.br\/nosdacolorado\/wp-content\/uploads\/2023\/06\/ASPA-Orl\u00e2ndia-76-800x800.jpg 800w\" sizes=\"auto, (max-width: 150px) 100vw, 150px\" \/><\/a>\n\t\t\t<\/dt><\/dl><dl class='gallery-item'>\n\t\t\t<dt class='gallery-icon landscape'>\n\t\t\t\t<a href='https:\/\/www.colorado.com.br\/nosdacolorado\/wp-content\/uploads\/2023\/06\/ASPA-Orl\u00e2ndia-77.jpg'><img loading=\"lazy\" decoding=\"async\" data-attachment-id=\"20898\" data-orig-file=\"https:\/\/www.colorado.com.br\/nosdacolorado\/wp-content\/uploads\/2023\/06\/ASPA-Orl\u00e2ndia-77.jpg\" data-orig-size=\"1920,1280\" data-comments-opened=\"1\" data-image-meta=\"{&quot;aperture&quot;:&quot;2.5&quot;,&quot;credit&quot;:&quot;&quot;,&quot;camera&quot;:&quot;ILCE-6400&quot;,&quot;caption&quot;:&quot;&quot;,&quot;created_timestamp&quot;:&quot;1687295137&quot;,&quot;copyright&quot;:&quot;&quot;,&quot;focal_length&quot;:&quot;35&quot;,&quot;iso&quot;:&quot;1000&quot;,&quot;shutter_speed&quot;:&quot;0.00625&quot;,&quot;title&quot;:&quot;&quot;,&quot;orientation&quot;:&quot;0&quot;,&quot;keywords&quot;:&quot;Array&quot;}\" data-image-title=\"ASPA Orl\u00e2ndia (77)\" data-image-description=\"\" data-medium-file=\"https:\/\/www.colorado.com.br\/nosdacolorado\/wp-content\/uploads\/2023\/06\/ASPA-Orl\u00e2ndia-77-300x200.jpg\" data-large-file=\"https:\/\/www.colorado.com.br\/nosdacolorado\/wp-content\/uploads\/2023\/06\/ASPA-Orl\u00e2ndia-77-1024x683.jpg\" width=\"150\" height=\"150\" src=\"https:\/\/www.colorado.com.br\/nosdacolorado\/wp-content\/uploads\/2023\/06\/ASPA-Orl\u00e2ndia-77-150x150.jpg\" class=\"attachment-thumbnail size-thumbnail\" alt=\"\" srcset=\"https:\/\/www.colorado.com.br\/nosdacolorado\/wp-content\/uploads\/2023\/06\/ASPA-Orl\u00e2ndia-77-150x150.jpg 150w, https:\/\/www.colorado.com.br\/nosdacolorado\/wp-content\/uploads\/2023\/06\/ASPA-Orl\u00e2ndia-77-100x100.jpg 100w, https:\/\/www.colorado.com.br\/nosdacolorado\/wp-content\/uploads\/2023\/06\/ASPA-Orl\u00e2ndia-77-140x140.jpg 140w, https:\/\/www.colorado.com.br\/nosdacolorado\/wp-content\/uploads\/2023\/06\/ASPA-Orl\u00e2ndia-77-500x500.jpg 500w, https:\/\/www.colorado.com.br\/nosdacolorado\/wp-content\/uploads\/2023\/06\/ASPA-Orl\u00e2ndia-77-350x350.jpg 350w, https:\/\/www.colorado.com.br\/nosdacolorado\/wp-content\/uploads\/2023\/06\/ASPA-Orl\u00e2ndia-77-1000x1000.jpg 1000w, https:\/\/www.colorado.com.br\/nosdacolorado\/wp-content\/uploads\/2023\/06\/ASPA-Orl\u00e2ndia-77-800x800.jpg 800w\" sizes=\"auto, (max-width: 150px) 100vw, 150px\" \/><\/a>\n\t\t\t<\/dt><\/dl><dl class='gallery-item'>\n\t\t\t<dt class='gallery-icon landscape'>\n\t\t\t\t<a href='https:\/\/www.colorado.com.br\/nosdacolorado\/wp-content\/uploads\/2023\/06\/ASPA-Orl\u00e2ndia-78.jpg'><img loading=\"lazy\" decoding=\"async\" data-attachment-id=\"20899\" data-orig-file=\"https:\/\/www.colorado.com.br\/nosdacolorado\/wp-content\/uploads\/2023\/06\/ASPA-Orl\u00e2ndia-78.jpg\" data-orig-size=\"1920,1280\" data-comments-opened=\"1\" data-image-meta=\"{&quot;aperture&quot;:&quot;2.5&quot;,&quot;credit&quot;:&quot;&quot;,&quot;camera&quot;:&quot;ILCE-6400&quot;,&quot;caption&quot;:&quot;&quot;,&quot;created_timestamp&quot;:&quot;1687295144&quot;,&quot;copyright&quot;:&quot;&quot;,&quot;focal_length&quot;:&quot;35&quot;,&quot;iso&quot;:&quot;1000&quot;,&quot;shutter_speed&quot;:&quot;0.00625&quot;,&quot;title&quot;:&quot;&quot;,&quot;orientation&quot;:&quot;0&quot;,&quot;keywords&quot;:&quot;Array&quot;}\" data-image-title=\"ASPA Orl\u00e2ndia (78)\" data-image-description=\"\" data-medium-file=\"https:\/\/www.colorado.com.br\/nosdacolorado\/wp-content\/uploads\/2023\/06\/ASPA-Orl\u00e2ndia-78-300x200.jpg\" data-large-file=\"https:\/\/www.colorado.com.br\/nosdacolorado\/wp-content\/uploads\/2023\/06\/ASPA-Orl\u00e2ndia-78-1024x683.jpg\" width=\"150\" height=\"150\" src=\"https:\/\/www.colorado.com.br\/nosdacolorado\/wp-content\/uploads\/2023\/06\/ASPA-Orl\u00e2ndia-78-150x150.jpg\" class=\"attachment-thumbnail size-thumbnail\" alt=\"\" srcset=\"https:\/\/www.colorado.com.br\/nosdacolorado\/wp-content\/uploads\/2023\/06\/ASPA-Orl\u00e2ndia-78-150x150.jpg 150w, https:\/\/www.colorado.com.br\/nosdacolorado\/wp-content\/uploads\/2023\/06\/ASPA-Orl\u00e2ndia-78-100x100.jpg 100w, https:\/\/www.colorado.com.br\/nosdacolorado\/wp-content\/uploads\/2023\/06\/ASPA-Orl\u00e2ndia-78-140x140.jpg 140w, https:\/\/www.colorado.com.br\/nosdacolorado\/wp-content\/uploads\/2023\/06\/ASPA-Orl\u00e2ndia-78-500x500.jpg 500w, https:\/\/www.colorado.com.br\/nosdacolorado\/wp-content\/uploads\/2023\/06\/ASPA-Orl\u00e2ndia-78-350x350.jpg 350w, https:\/\/www.colorado.com.br\/nosdacolorado\/wp-content\/uploads\/2023\/06\/ASPA-Orl\u00e2ndia-78-1000x1000.jpg 1000w, https:\/\/www.colorado.com.br\/nosdacolorado\/wp-content\/uploads\/2023\/06\/ASPA-Orl\u00e2ndia-78-800x800.jpg 800w\" sizes=\"auto, (max-width: 150px) 100vw, 150px\" \/><\/a>\n\t\t\t<\/dt><\/dl><dl class='gallery-item'>\n\t\t\t<dt class='gallery-icon landscape'>\n\t\t\t\t<a href='https:\/\/www.colorado.com.br\/nosdacolorado\/wp-content\/uploads\/2023\/06\/ASPA-Orl\u00e2ndia-79.jpg'><img loading=\"lazy\" decoding=\"async\" data-attachment-id=\"20900\" data-orig-file=\"https:\/\/www.colorado.com.br\/nosdacolorado\/wp-content\/uploads\/2023\/06\/ASPA-Orl\u00e2ndia-79.jpg\" data-orig-size=\"1920,1280\" data-comments-opened=\"1\" data-image-meta=\"{&quot;aperture&quot;:&quot;2.5&quot;,&quot;credit&quot;:&quot;&quot;,&quot;camera&quot;:&quot;ILCE-6400&quot;,&quot;caption&quot;:&quot;&quot;,&quot;created_timestamp&quot;:&quot;1687295150&quot;,&quot;copyright&quot;:&quot;&quot;,&quot;focal_length&quot;:&quot;35&quot;,&quot;iso&quot;:&quot;1000&quot;,&quot;shutter_speed&quot;:&quot;0.00625&quot;,&quot;title&quot;:&quot;&quot;,&quot;orientation&quot;:&quot;0&quot;,&quot;keywords&quot;:&quot;Array&quot;}\" data-image-title=\"ASPA Orl\u00e2ndia (79)\" data-image-description=\"\" data-medium-file=\"https:\/\/www.colorado.com.br\/nosdacolorado\/wp-content\/uploads\/2023\/06\/ASPA-Orl\u00e2ndia-79-300x200.jpg\" data-large-file=\"https:\/\/www.colorado.com.br\/nosdacolorado\/wp-content\/uploads\/2023\/06\/ASPA-Orl\u00e2ndia-79-1024x683.jpg\" width=\"150\" height=\"150\" src=\"https:\/\/www.colorado.com.br\/nosdacolorado\/wp-content\/uploads\/2023\/06\/ASPA-Orl\u00e2ndia-79-150x150.jpg\" class=\"attachment-thumbnail size-thumbnail\" alt=\"\" srcset=\"https:\/\/www.colorado.com.br\/nosdacolorado\/wp-content\/uploads\/2023\/06\/ASPA-Orl\u00e2ndia-79-150x150.jpg 150w, https:\/\/www.colorado.com.br\/nosdacolorado\/wp-content\/uploads\/2023\/06\/ASPA-Orl\u00e2ndia-79-100x100.jpg 100w, https:\/\/www.colorado.com.br\/nosdacolorado\/wp-content\/uploads\/2023\/06\/ASPA-Orl\u00e2ndia-79-140x140.jpg 140w, https:\/\/www.colorado.com.br\/nosdacolorado\/wp-content\/uploads\/2023\/06\/ASPA-Orl\u00e2ndia-79-500x500.jpg 500w, https:\/\/www.colorado.com.br\/nosdacolorado\/wp-content\/uploads\/2023\/06\/ASPA-Orl\u00e2ndia-79-350x350.jpg 350w, https:\/\/www.colorado.com.br\/nosdacolorado\/wp-content\/uploads\/2023\/06\/ASPA-Orl\u00e2ndia-79-1000x1000.jpg 1000w, https:\/\/www.colorado.com.br\/nosdacolorado\/wp-content\/uploads\/2023\/06\/ASPA-Orl\u00e2ndia-79-800x800.jpg 800w\" sizes=\"auto, (max-width: 150px) 100vw, 150px\" \/><\/a>\n\t\t\t<\/dt><\/dl><dl class='gallery-item'>\n\t\t\t<dt class='gallery-icon landscape'>\n\t\t\t\t<a href='https:\/\/www.colorado.com.br\/nosdacolorado\/wp-content\/uploads\/2023\/06\/ASPA-Orl\u00e2ndia-80.jpg'><img loading=\"lazy\" decoding=\"async\" data-attachment-id=\"20901\" data-orig-file=\"https:\/\/www.colorado.com.br\/nosdacolorado\/wp-content\/uploads\/2023\/06\/ASPA-Orl\u00e2ndia-80.jpg\" data-orig-size=\"1920,1280\" data-comments-opened=\"1\" data-image-meta=\"{&quot;aperture&quot;:&quot;2.5&quot;,&quot;credit&quot;:&quot;&quot;,&quot;camera&quot;:&quot;ILCE-6400&quot;,&quot;caption&quot;:&quot;&quot;,&quot;created_timestamp&quot;:&quot;1687295174&quot;,&quot;copyright&quot;:&quot;&quot;,&quot;focal_length&quot;:&quot;35&quot;,&quot;iso&quot;:&quot;1000&quot;,&quot;shutter_speed&quot;:&quot;0.00625&quot;,&quot;title&quot;:&quot;&quot;,&quot;orientation&quot;:&quot;0&quot;,&quot;keywords&quot;:&quot;Array&quot;}\" data-image-title=\"ASPA Orl\u00e2ndia (80)\" data-image-description=\"\" data-medium-file=\"https:\/\/www.colorado.com.br\/nosdacolorado\/wp-content\/uploads\/2023\/06\/ASPA-Orl\u00e2ndia-80-300x200.jpg\" data-large-file=\"https:\/\/www.colorado.com.br\/nosdacolorado\/wp-content\/uploads\/2023\/06\/ASPA-Orl\u00e2ndia-80-1024x683.jpg\" width=\"150\" height=\"150\" src=\"https:\/\/www.colorado.com.br\/nosdacolorado\/wp-content\/uploads\/2023\/06\/ASPA-Orl\u00e2ndia-80-150x150.jpg\" class=\"attachment-thumbnail size-thumbnail\" alt=\"\" srcset=\"https:\/\/www.colorado.com.br\/nosdacolorado\/wp-content\/uploads\/2023\/06\/ASPA-Orl\u00e2ndia-80-150x150.jpg 150w, https:\/\/www.colorado.com.br\/nosdacolorado\/wp-content\/uploads\/2023\/06\/ASPA-Orl\u00e2ndia-80-100x100.jpg 100w, https:\/\/www.colorado.com.br\/nosdacolorado\/wp-content\/uploads\/2023\/06\/ASPA-Orl\u00e2ndia-80-140x140.jpg 140w, https:\/\/www.colorado.com.br\/nosdacolorado\/wp-content\/uploads\/2023\/06\/ASPA-Orl\u00e2ndia-80-500x500.jpg 500w, https:\/\/www.colorado.com.br\/nosdacolorado\/wp-content\/uploads\/2023\/06\/ASPA-Orl\u00e2ndia-80-350x350.jpg 350w, https:\/\/www.colorado.com.br\/nosdacolorado\/wp-content\/uploads\/2023\/06\/ASPA-Orl\u00e2ndia-80-1000x1000.jpg 1000w, https:\/\/www.colorado.com.br\/nosdacolorado\/wp-content\/uploads\/2023\/06\/ASPA-Orl\u00e2ndia-80-800x800.jpg 800w\" sizes=\"auto, (max-width: 150px) 100vw, 150px\" \/><\/a>\n\t\t\t<\/dt><\/dl><br style=\"clear: both\" \/><dl class='gallery-item'>\n\t\t\t<dt class='gallery-icon landscape'>\n\t\t\t\t<a href='https:\/\/www.colorado.com.br\/nosdacolorado\/wp-content\/uploads\/2023\/06\/ASPA-Orl\u00e2ndia-81.jpg'><img loading=\"lazy\" decoding=\"async\" data-attachment-id=\"20902\" data-orig-file=\"https:\/\/www.colorado.com.br\/nosdacolorado\/wp-content\/uploads\/2023\/06\/ASPA-Orl\u00e2ndia-81.jpg\" data-orig-size=\"1920,1280\" data-comments-opened=\"1\" data-image-meta=\"{&quot;aperture&quot;:&quot;2.5&quot;,&quot;credit&quot;:&quot;&quot;,&quot;camera&quot;:&quot;ILCE-6400&quot;,&quot;caption&quot;:&quot;&quot;,&quot;created_timestamp&quot;:&quot;1687295180&quot;,&quot;copyright&quot;:&quot;&quot;,&quot;focal_length&quot;:&quot;35&quot;,&quot;iso&quot;:&quot;1000&quot;,&quot;shutter_speed&quot;:&quot;0.00625&quot;,&quot;title&quot;:&quot;&quot;,&quot;orientation&quot;:&quot;0&quot;,&quot;keywords&quot;:&quot;Array&quot;}\" data-image-title=\"ASPA Orl\u00e2ndia (81)\" data-image-description=\"\" data-medium-file=\"https:\/\/www.colorado.com.br\/nosdacolorado\/wp-content\/uploads\/2023\/06\/ASPA-Orl\u00e2ndia-81-300x200.jpg\" data-large-file=\"https:\/\/www.colorado.com.br\/nosdacolorado\/wp-content\/uploads\/2023\/06\/ASPA-Orl\u00e2ndia-81-1024x683.jpg\" width=\"150\" height=\"150\" src=\"https:\/\/www.colorado.com.br\/nosdacolorado\/wp-content\/uploads\/2023\/06\/ASPA-Orl\u00e2ndia-81-150x150.jpg\" class=\"attachment-thumbnail size-thumbnail\" alt=\"\" srcset=\"https:\/\/www.colorado.com.br\/nosdacolorado\/wp-content\/uploads\/2023\/06\/ASPA-Orl\u00e2ndia-81-150x150.jpg 150w, https:\/\/www.colorado.com.br\/nosdacolorado\/wp-content\/uploads\/2023\/06\/ASPA-Orl\u00e2ndia-81-100x100.jpg 100w, https:\/\/www.colorado.com.br\/nosdacolorado\/wp-content\/uploads\/2023\/06\/ASPA-Orl\u00e2ndia-81-140x140.jpg 140w, https:\/\/www.colorado.com.br\/nosdacolorado\/wp-content\/uploads\/2023\/06\/ASPA-Orl\u00e2ndia-81-500x500.jpg 500w, https:\/\/www.colorado.com.br\/nosdacolorado\/wp-content\/uploads\/2023\/06\/ASPA-Orl\u00e2ndia-81-350x350.jpg 350w, https:\/\/www.colorado.com.br\/nosdacolorado\/wp-content\/uploads\/2023\/06\/ASPA-Orl\u00e2ndia-81-1000x1000.jpg 1000w, https:\/\/www.colorado.com.br\/nosdacolorado\/wp-content\/uploads\/2023\/06\/ASPA-Orl\u00e2ndia-81-800x800.jpg 800w\" sizes=\"auto, (max-width: 150px) 100vw, 150px\" \/><\/a>\n\t\t\t<\/dt><\/dl><dl class='gallery-item'>\n\t\t\t<dt class='gallery-icon landscape'>\n\t\t\t\t<a href='https:\/\/www.colorado.com.br\/nosdacolorado\/wp-content\/uploads\/2023\/06\/ASPA-Orl\u00e2ndia-82.jpg'><img loading=\"lazy\" decoding=\"async\" data-attachment-id=\"20903\" data-orig-file=\"https:\/\/www.colorado.com.br\/nosdacolorado\/wp-content\/uploads\/2023\/06\/ASPA-Orl\u00e2ndia-82.jpg\" data-orig-size=\"1920,1280\" data-comments-opened=\"1\" data-image-meta=\"{&quot;aperture&quot;:&quot;2.5&quot;,&quot;credit&quot;:&quot;&quot;,&quot;camera&quot;:&quot;ILCE-6400&quot;,&quot;caption&quot;:&quot;&quot;,&quot;created_timestamp&quot;:&quot;1687295182&quot;,&quot;copyright&quot;:&quot;&quot;,&quot;focal_length&quot;:&quot;35&quot;,&quot;iso&quot;:&quot;1000&quot;,&quot;shutter_speed&quot;:&quot;0.00625&quot;,&quot;title&quot;:&quot;&quot;,&quot;orientation&quot;:&quot;0&quot;,&quot;keywords&quot;:&quot;Array&quot;}\" data-image-title=\"ASPA Orl\u00e2ndia (82)\" data-image-description=\"\" data-medium-file=\"https:\/\/www.colorado.com.br\/nosdacolorado\/wp-content\/uploads\/2023\/06\/ASPA-Orl\u00e2ndia-82-300x200.jpg\" data-large-file=\"https:\/\/www.colorado.com.br\/nosdacolorado\/wp-content\/uploads\/2023\/06\/ASPA-Orl\u00e2ndia-82-1024x683.jpg\" width=\"150\" height=\"150\" src=\"https:\/\/www.colorado.com.br\/nosdacolorado\/wp-content\/uploads\/2023\/06\/ASPA-Orl\u00e2ndia-82-150x150.jpg\" class=\"attachment-thumbnail size-thumbnail\" alt=\"\" srcset=\"https:\/\/www.colorado.com.br\/nosdacolorado\/wp-content\/uploads\/2023\/06\/ASPA-Orl\u00e2ndia-82-150x150.jpg 150w, https:\/\/www.colorado.com.br\/nosdacolorado\/wp-content\/uploads\/2023\/06\/ASPA-Orl\u00e2ndia-82-100x100.jpg 100w, https:\/\/www.colorado.com.br\/nosdacolorado\/wp-content\/uploads\/2023\/06\/ASPA-Orl\u00e2ndia-82-140x140.jpg 140w, https:\/\/www.colorado.com.br\/nosdacolorado\/wp-content\/uploads\/2023\/06\/ASPA-Orl\u00e2ndia-82-500x500.jpg 500w, https:\/\/www.colorado.com.br\/nosdacolorado\/wp-content\/uploads\/2023\/06\/ASPA-Orl\u00e2ndia-82-350x350.jpg 350w, https:\/\/www.colorado.com.br\/nosdacolorado\/wp-content\/uploads\/2023\/06\/ASPA-Orl\u00e2ndia-82-1000x1000.jpg 1000w, https:\/\/www.colorado.com.br\/nosdacolorado\/wp-content\/uploads\/2023\/06\/ASPA-Orl\u00e2ndia-82-800x800.jpg 800w\" sizes=\"auto, (max-width: 150px) 100vw, 150px\" \/><\/a>\n\t\t\t<\/dt><\/dl><dl class='gallery-item'>\n\t\t\t<dt class='gallery-icon landscape'>\n\t\t\t\t<a href='https:\/\/www.colorado.com.br\/nosdacolorado\/wp-content\/uploads\/2023\/06\/ASPA-Orl\u00e2ndia-83.jpg'><img loading=\"lazy\" decoding=\"async\" data-attachment-id=\"20904\" data-orig-file=\"https:\/\/www.colorado.com.br\/nosdacolorado\/wp-content\/uploads\/2023\/06\/ASPA-Orl\u00e2ndia-83.jpg\" data-orig-size=\"1920,1280\" data-comments-opened=\"1\" data-image-meta=\"{&quot;aperture&quot;:&quot;2.5&quot;,&quot;credit&quot;:&quot;&quot;,&quot;camera&quot;:&quot;ILCE-6400&quot;,&quot;caption&quot;:&quot;&quot;,&quot;created_timestamp&quot;:&quot;1687295182&quot;,&quot;copyright&quot;:&quot;&quot;,&quot;focal_length&quot;:&quot;35&quot;,&quot;iso&quot;:&quot;1000&quot;,&quot;shutter_speed&quot;:&quot;0.00625&quot;,&quot;title&quot;:&quot;&quot;,&quot;orientation&quot;:&quot;0&quot;,&quot;keywords&quot;:&quot;Array&quot;}\" data-image-title=\"ASPA Orl\u00e2ndia (83)\" data-image-description=\"\" data-medium-file=\"https:\/\/www.colorado.com.br\/nosdacolorado\/wp-content\/uploads\/2023\/06\/ASPA-Orl\u00e2ndia-83-300x200.jpg\" data-large-file=\"https:\/\/www.colorado.com.br\/nosdacolorado\/wp-content\/uploads\/2023\/06\/ASPA-Orl\u00e2ndia-83-1024x683.jpg\" width=\"150\" height=\"150\" src=\"https:\/\/www.colorado.com.br\/nosdacolorado\/wp-content\/uploads\/2023\/06\/ASPA-Orl\u00e2ndia-83-150x150.jpg\" class=\"attachment-thumbnail size-thumbnail\" alt=\"\" srcset=\"https:\/\/www.colorado.com.br\/nosdacolorado\/wp-content\/uploads\/2023\/06\/ASPA-Orl\u00e2ndia-83-150x150.jpg 150w, https:\/\/www.colorado.com.br\/nosdacolorado\/wp-content\/uploads\/2023\/06\/ASPA-Orl\u00e2ndia-83-100x100.jpg 100w, https:\/\/www.colorado.com.br\/nosdacolorado\/wp-content\/uploads\/2023\/06\/ASPA-Orl\u00e2ndia-83-140x140.jpg 140w, https:\/\/www.colorado.com.br\/nosdacolorado\/wp-content\/uploads\/2023\/06\/ASPA-Orl\u00e2ndia-83-500x500.jpg 500w, https:\/\/www.colorado.com.br\/nosdacolorado\/wp-content\/uploads\/2023\/06\/ASPA-Orl\u00e2ndia-83-350x350.jpg 350w, https:\/\/www.colorado.com.br\/nosdacolorado\/wp-content\/uploads\/2023\/06\/ASPA-Orl\u00e2ndia-83-1000x1000.jpg 1000w, https:\/\/www.colorado.com.br\/nosdacolorado\/wp-content\/uploads\/2023\/06\/ASPA-Orl\u00e2ndia-83-800x800.jpg 800w\" sizes=\"auto, (max-width: 150px) 100vw, 150px\" \/><\/a>\n\t\t\t<\/dt><\/dl><dl class='gallery-item'>\n\t\t\t<dt class='gallery-icon portrait'>\n\t\t\t\t<a href='https:\/\/www.colorado.com.br\/nosdacolorado\/wp-content\/uploads\/2023\/06\/ASPA-Orl\u00e2ndia-84.jpg'><img loading=\"lazy\" decoding=\"async\" data-attachment-id=\"20905\" data-orig-file=\"https:\/\/www.colorado.com.br\/nosdacolorado\/wp-content\/uploads\/2023\/06\/ASPA-Orl\u00e2ndia-84.jpg\" data-orig-size=\"1280,1920\" data-comments-opened=\"1\" data-image-meta=\"{&quot;aperture&quot;:&quot;1.8&quot;,&quot;credit&quot;:&quot;&quot;,&quot;camera&quot;:&quot;ILCE-6400&quot;,&quot;caption&quot;:&quot;&quot;,&quot;created_timestamp&quot;:&quot;1687295269&quot;,&quot;copyright&quot;:&quot;&quot;,&quot;focal_length&quot;:&quot;35&quot;,&quot;iso&quot;:&quot;1600&quot;,&quot;shutter_speed&quot;:&quot;0.0025&quot;,&quot;title&quot;:&quot;&quot;,&quot;orientation&quot;:&quot;0&quot;,&quot;keywords&quot;:&quot;Array&quot;}\" data-image-title=\"ASPA Orl\u00e2ndia (84)\" data-image-description=\"\" data-medium-file=\"https:\/\/www.colorado.com.br\/nosdacolorado\/wp-content\/uploads\/2023\/06\/ASPA-Orl\u00e2ndia-84-200x300.jpg\" data-large-file=\"https:\/\/www.colorado.com.br\/nosdacolorado\/wp-content\/uploads\/2023\/06\/ASPA-Orl\u00e2ndia-84-683x1024.jpg\" width=\"150\" height=\"150\" src=\"https:\/\/www.colorado.com.br\/nosdacolorado\/wp-content\/uploads\/2023\/06\/ASPA-Orl\u00e2ndia-84-150x150.jpg\" class=\"attachment-thumbnail size-thumbnail\" alt=\"\" srcset=\"https:\/\/www.colorado.com.br\/nosdacolorado\/wp-content\/uploads\/2023\/06\/ASPA-Orl\u00e2ndia-84-150x150.jpg 150w, https:\/\/www.colorado.com.br\/nosdacolorado\/wp-content\/uploads\/2023\/06\/ASPA-Orl\u00e2ndia-84-100x100.jpg 100w, https:\/\/www.colorado.com.br\/nosdacolorado\/wp-content\/uploads\/2023\/06\/ASPA-Orl\u00e2ndia-84-140x140.jpg 140w, https:\/\/www.colorado.com.br\/nosdacolorado\/wp-content\/uploads\/2023\/06\/ASPA-Orl\u00e2ndia-84-500x500.jpg 500w, https:\/\/www.colorado.com.br\/nosdacolorado\/wp-content\/uploads\/2023\/06\/ASPA-Orl\u00e2ndia-84-350x350.jpg 350w, https:\/\/www.colorado.com.br\/nosdacolorado\/wp-content\/uploads\/2023\/06\/ASPA-Orl\u00e2ndia-84-1000x1000.jpg 1000w, https:\/\/www.colorado.com.br\/nosdacolorado\/wp-content\/uploads\/2023\/06\/ASPA-Orl\u00e2ndia-84-800x800.jpg 800w\" sizes=\"auto, (max-width: 150px) 100vw, 150px\" \/><\/a>\n\t\t\t<\/dt><\/dl><dl class='gallery-item'>\n\t\t\t<dt class='gallery-icon portrait'>\n\t\t\t\t<a href='https:\/\/www.colorado.com.br\/nosdacolorado\/wp-content\/uploads\/2023\/06\/ASPA-Orl\u00e2ndia-85.jpg'><img loading=\"lazy\" decoding=\"async\" data-attachment-id=\"20906\" data-orig-file=\"https:\/\/www.colorado.com.br\/nosdacolorado\/wp-content\/uploads\/2023\/06\/ASPA-Orl\u00e2ndia-85.jpg\" data-orig-size=\"1280,1920\" data-comments-opened=\"1\" data-image-meta=\"{&quot;aperture&quot;:&quot;1.8&quot;,&quot;credit&quot;:&quot;&quot;,&quot;camera&quot;:&quot;ILCE-6400&quot;,&quot;caption&quot;:&quot;&quot;,&quot;created_timestamp&quot;:&quot;1687295270&quot;,&quot;copyright&quot;:&quot;&quot;,&quot;focal_length&quot;:&quot;35&quot;,&quot;iso&quot;:&quot;1600&quot;,&quot;shutter_speed&quot;:&quot;0.0025&quot;,&quot;title&quot;:&quot;&quot;,&quot;orientation&quot;:&quot;0&quot;,&quot;keywords&quot;:&quot;Array&quot;}\" data-image-title=\"ASPA Orl\u00e2ndia (85)\" data-image-description=\"\" data-medium-file=\"https:\/\/www.colorado.com.br\/nosdacolorado\/wp-content\/uploads\/2023\/06\/ASPA-Orl\u00e2ndia-85-200x300.jpg\" data-large-file=\"https:\/\/www.colorado.com.br\/nosdacolorado\/wp-content\/uploads\/2023\/06\/ASPA-Orl\u00e2ndia-85-683x1024.jpg\" width=\"150\" height=\"150\" src=\"https:\/\/www.colorado.com.br\/nosdacolorado\/wp-content\/uploads\/2023\/06\/ASPA-Orl\u00e2ndia-85-150x150.jpg\" class=\"attachment-thumbnail size-thumbnail\" alt=\"\" srcset=\"https:\/\/www.colorado.com.br\/nosdacolorado\/wp-content\/uploads\/2023\/06\/ASPA-Orl\u00e2ndia-85-150x150.jpg 150w, https:\/\/www.colorado.com.br\/nosdacolorado\/wp-content\/uploads\/2023\/06\/ASPA-Orl\u00e2ndia-85-100x100.jpg 100w, https:\/\/www.colorado.com.br\/nosdacolorado\/wp-content\/uploads\/2023\/06\/ASPA-Orl\u00e2ndia-85-140x140.jpg 140w, https:\/\/www.colorado.com.br\/nosdacolorado\/wp-content\/uploads\/2023\/06\/ASPA-Orl\u00e2ndia-85-500x500.jpg 500w, https:\/\/www.colorado.com.br\/nosdacolorado\/wp-content\/uploads\/2023\/06\/ASPA-Orl\u00e2ndia-85-350x350.jpg 350w, https:\/\/www.colorado.com.br\/nosdacolorado\/wp-content\/uploads\/2023\/06\/ASPA-Orl\u00e2ndia-85-1000x1000.jpg 1000w, https:\/\/www.colorado.com.br\/nosdacolorado\/wp-content\/uploads\/2023\/06\/ASPA-Orl\u00e2ndia-85-800x800.jpg 800w\" sizes=\"auto, (max-width: 150px) 100vw, 150px\" \/><\/a>\n\t\t\t<\/dt><\/dl><br style=\"clear: both\" \/><dl class='gallery-item'>\n\t\t\t<dt class='gallery-icon portrait'>\n\t\t\t\t<a href='https:\/\/www.colorado.com.br\/nosdacolorado\/wp-content\/uploads\/2023\/06\/ASPA-Orl\u00e2ndia-86.jpg'><img loading=\"lazy\" decoding=\"async\" data-attachment-id=\"20907\" data-orig-file=\"https:\/\/www.colorado.com.br\/nosdacolorado\/wp-content\/uploads\/2023\/06\/ASPA-Orl\u00e2ndia-86.jpg\" data-orig-size=\"1280,1920\" data-comments-opened=\"1\" data-image-meta=\"{&quot;aperture&quot;:&quot;1.8&quot;,&quot;credit&quot;:&quot;&quot;,&quot;camera&quot;:&quot;ILCE-6400&quot;,&quot;caption&quot;:&quot;&quot;,&quot;created_timestamp&quot;:&quot;1687295270&quot;,&quot;copyright&quot;:&quot;&quot;,&quot;focal_length&quot;:&quot;35&quot;,&quot;iso&quot;:&quot;1600&quot;,&quot;shutter_speed&quot;:&quot;0.0025&quot;,&quot;title&quot;:&quot;&quot;,&quot;orientation&quot;:&quot;0&quot;,&quot;keywords&quot;:&quot;Array&quot;}\" data-image-title=\"ASPA Orl\u00e2ndia (86)\" data-image-description=\"\" data-medium-file=\"https:\/\/www.colorado.com.br\/nosdacolorado\/wp-content\/uploads\/2023\/06\/ASPA-Orl\u00e2ndia-86-200x300.jpg\" data-large-file=\"https:\/\/www.colorado.com.br\/nosdacolorado\/wp-content\/uploads\/2023\/06\/ASPA-Orl\u00e2ndia-86-683x1024.jpg\" width=\"150\" height=\"150\" src=\"https:\/\/www.colorado.com.br\/nosdacolorado\/wp-content\/uploads\/2023\/06\/ASPA-Orl\u00e2ndia-86-150x150.jpg\" class=\"attachment-thumbnail size-thumbnail\" alt=\"\" srcset=\"https:\/\/www.colorado.com.br\/nosdacolorado\/wp-content\/uploads\/2023\/06\/ASPA-Orl\u00e2ndia-86-150x150.jpg 150w, https:\/\/www.colorado.com.br\/nosdacolorado\/wp-content\/uploads\/2023\/06\/ASPA-Orl\u00e2ndia-86-100x100.jpg 100w, https:\/\/www.colorado.com.br\/nosdacolorado\/wp-content\/uploads\/2023\/06\/ASPA-Orl\u00e2ndia-86-140x140.jpg 140w, https:\/\/www.colorado.com.br\/nosdacolorado\/wp-content\/uploads\/2023\/06\/ASPA-Orl\u00e2ndia-86-500x500.jpg 500w, https:\/\/www.colorado.com.br\/nosdacolorado\/wp-content\/uploads\/2023\/06\/ASPA-Orl\u00e2ndia-86-350x350.jpg 350w, https:\/\/www.colorado.com.br\/nosdacolorado\/wp-content\/uploads\/2023\/06\/ASPA-Orl\u00e2ndia-86-1000x1000.jpg 1000w, https:\/\/www.colorado.com.br\/nosdacolorado\/wp-content\/uploads\/2023\/06\/ASPA-Orl\u00e2ndia-86-800x800.jpg 800w\" sizes=\"auto, (max-width: 150px) 100vw, 150px\" \/><\/a>\n\t\t\t<\/dt><\/dl><dl class='gallery-item'>\n\t\t\t<dt class='gallery-icon portrait'>\n\t\t\t\t<a href='https:\/\/www.colorado.com.br\/nosdacolorado\/wp-content\/uploads\/2023\/06\/ASPA-Orl\u00e2ndia-87.jpg'><img loading=\"lazy\" decoding=\"async\" data-attachment-id=\"20908\" data-orig-file=\"https:\/\/www.colorado.com.br\/nosdacolorado\/wp-content\/uploads\/2023\/06\/ASPA-Orl\u00e2ndia-87.jpg\" data-orig-size=\"1280,1920\" data-comments-opened=\"1\" data-image-meta=\"{&quot;aperture&quot;:&quot;1.8&quot;,&quot;credit&quot;:&quot;&quot;,&quot;camera&quot;:&quot;ILCE-6400&quot;,&quot;caption&quot;:&quot;&quot;,&quot;created_timestamp&quot;:&quot;1687295274&quot;,&quot;copyright&quot;:&quot;&quot;,&quot;focal_length&quot;:&quot;35&quot;,&quot;iso&quot;:&quot;1600&quot;,&quot;shutter_speed&quot;:&quot;0.0025&quot;,&quot;title&quot;:&quot;&quot;,&quot;orientation&quot;:&quot;0&quot;,&quot;keywords&quot;:&quot;Array&quot;}\" data-image-title=\"ASPA Orl\u00e2ndia (87)\" data-image-description=\"\" data-medium-file=\"https:\/\/www.colorado.com.br\/nosdacolorado\/wp-content\/uploads\/2023\/06\/ASPA-Orl\u00e2ndia-87-200x300.jpg\" data-large-file=\"https:\/\/www.colorado.com.br\/nosdacolorado\/wp-content\/uploads\/2023\/06\/ASPA-Orl\u00e2ndia-87-683x1024.jpg\" width=\"150\" height=\"150\" src=\"https:\/\/www.colorado.com.br\/nosdacolorado\/wp-content\/uploads\/2023\/06\/ASPA-Orl\u00e2ndia-87-150x150.jpg\" class=\"attachment-thumbnail size-thumbnail\" alt=\"\" srcset=\"https:\/\/www.colorado.com.br\/nosdacolorado\/wp-content\/uploads\/2023\/06\/ASPA-Orl\u00e2ndia-87-150x150.jpg 150w, https:\/\/www.colorado.com.br\/nosdacolorado\/wp-content\/uploads\/2023\/06\/ASPA-Orl\u00e2ndia-87-100x100.jpg 100w, https:\/\/www.colorado.com.br\/nosdacolorado\/wp-content\/uploads\/2023\/06\/ASPA-Orl\u00e2ndia-87-140x140.jpg 140w, https:\/\/www.colorado.com.br\/nosdacolorado\/wp-content\/uploads\/2023\/06\/ASPA-Orl\u00e2ndia-87-500x500.jpg 500w, https:\/\/www.colorado.com.br\/nosdacolorado\/wp-content\/uploads\/2023\/06\/ASPA-Orl\u00e2ndia-87-350x350.jpg 350w, https:\/\/www.colorado.com.br\/nosdacolorado\/wp-content\/uploads\/2023\/06\/ASPA-Orl\u00e2ndia-87-1000x1000.jpg 1000w, https:\/\/www.colorado.com.br\/nosdacolorado\/wp-content\/uploads\/2023\/06\/ASPA-Orl\u00e2ndia-87-800x800.jpg 800w\" sizes=\"auto, (max-width: 150px) 100vw, 150px\" \/><\/a>\n\t\t\t<\/dt><\/dl><dl class='gallery-item'>\n\t\t\t<dt class='gallery-icon portrait'>\n\t\t\t\t<a href='https:\/\/www.colorado.com.br\/nosdacolorado\/wp-content\/uploads\/2023\/06\/ASPA-Orl\u00e2ndia-88.jpg'><img loading=\"lazy\" decoding=\"async\" data-attachment-id=\"20909\" data-orig-file=\"https:\/\/www.colorado.com.br\/nosdacolorado\/wp-content\/uploads\/2023\/06\/ASPA-Orl\u00e2ndia-88.jpg\" data-orig-size=\"1280,1920\" data-comments-opened=\"1\" data-image-meta=\"{&quot;aperture&quot;:&quot;1.8&quot;,&quot;credit&quot;:&quot;&quot;,&quot;camera&quot;:&quot;ILCE-6400&quot;,&quot;caption&quot;:&quot;&quot;,&quot;created_timestamp&quot;:&quot;1687295276&quot;,&quot;copyright&quot;:&quot;&quot;,&quot;focal_length&quot;:&quot;35&quot;,&quot;iso&quot;:&quot;1600&quot;,&quot;shutter_speed&quot;:&quot;0.0025&quot;,&quot;title&quot;:&quot;&quot;,&quot;orientation&quot;:&quot;0&quot;,&quot;keywords&quot;:&quot;Array&quot;}\" data-image-title=\"ASPA Orl\u00e2ndia (88)\" data-image-description=\"\" data-medium-file=\"https:\/\/www.colorado.com.br\/nosdacolorado\/wp-content\/uploads\/2023\/06\/ASPA-Orl\u00e2ndia-88-200x300.jpg\" data-large-file=\"https:\/\/www.colorado.com.br\/nosdacolorado\/wp-content\/uploads\/2023\/06\/ASPA-Orl\u00e2ndia-88-683x1024.jpg\" width=\"150\" height=\"150\" src=\"https:\/\/www.colorado.com.br\/nosdacolorado\/wp-content\/uploads\/2023\/06\/ASPA-Orl\u00e2ndia-88-150x150.jpg\" class=\"attachment-thumbnail size-thumbnail\" alt=\"\" srcset=\"https:\/\/www.colorado.com.br\/nosdacolorado\/wp-content\/uploads\/2023\/06\/ASPA-Orl\u00e2ndia-88-150x150.jpg 150w, https:\/\/www.colorado.com.br\/nosdacolorado\/wp-content\/uploads\/2023\/06\/ASPA-Orl\u00e2ndia-88-100x100.jpg 100w, https:\/\/www.colorado.com.br\/nosdacolorado\/wp-content\/uploads\/2023\/06\/ASPA-Orl\u00e2ndia-88-140x140.jpg 140w, https:\/\/www.colorado.com.br\/nosdacolorado\/wp-content\/uploads\/2023\/06\/ASPA-Orl\u00e2ndia-88-500x500.jpg 500w, https:\/\/www.colorado.com.br\/nosdacolorado\/wp-content\/uploads\/2023\/06\/ASPA-Orl\u00e2ndia-88-350x350.jpg 350w, https:\/\/www.colorado.com.br\/nosdacolorado\/wp-content\/uploads\/2023\/06\/ASPA-Orl\u00e2ndia-88-1000x1000.jpg 1000w, https:\/\/www.colorado.com.br\/nosdacolorado\/wp-content\/uploads\/2023\/06\/ASPA-Orl\u00e2ndia-88-800x800.jpg 800w\" sizes=\"auto, (max-width: 150px) 100vw, 150px\" \/><\/a>\n\t\t\t<\/dt><\/dl><dl class='gallery-item'>\n\t\t\t<dt class='gallery-icon portrait'>\n\t\t\t\t<a href='https:\/\/www.colorado.com.br\/nosdacolorado\/wp-content\/uploads\/2023\/06\/ASPA-Orl\u00e2ndia-89.jpg'><img loading=\"lazy\" decoding=\"async\" data-attachment-id=\"20910\" data-orig-file=\"https:\/\/www.colorado.com.br\/nosdacolorado\/wp-content\/uploads\/2023\/06\/ASPA-Orl\u00e2ndia-89.jpg\" data-orig-size=\"1280,1920\" data-comments-opened=\"1\" data-image-meta=\"{&quot;aperture&quot;:&quot;1.8&quot;,&quot;credit&quot;:&quot;&quot;,&quot;camera&quot;:&quot;ILCE-6400&quot;,&quot;caption&quot;:&quot;&quot;,&quot;created_timestamp&quot;:&quot;1687295280&quot;,&quot;copyright&quot;:&quot;&quot;,&quot;focal_length&quot;:&quot;35&quot;,&quot;iso&quot;:&quot;1600&quot;,&quot;shutter_speed&quot;:&quot;0.0025&quot;,&quot;title&quot;:&quot;&quot;,&quot;orientation&quot;:&quot;0&quot;,&quot;keywords&quot;:&quot;Array&quot;}\" data-image-title=\"ASPA Orl\u00e2ndia (89)\" data-image-description=\"\" data-medium-file=\"https:\/\/www.colorado.com.br\/nosdacolorado\/wp-content\/uploads\/2023\/06\/ASPA-Orl\u00e2ndia-89-200x300.jpg\" data-large-file=\"https:\/\/www.colorado.com.br\/nosdacolorado\/wp-content\/uploads\/2023\/06\/ASPA-Orl\u00e2ndia-89-683x1024.jpg\" width=\"150\" height=\"150\" src=\"https:\/\/www.colorado.com.br\/nosdacolorado\/wp-content\/uploads\/2023\/06\/ASPA-Orl\u00e2ndia-89-150x150.jpg\" class=\"attachment-thumbnail size-thumbnail\" alt=\"\" srcset=\"https:\/\/www.colorado.com.br\/nosdacolorado\/wp-content\/uploads\/2023\/06\/ASPA-Orl\u00e2ndia-89-150x150.jpg 150w, https:\/\/www.colorado.com.br\/nosdacolorado\/wp-content\/uploads\/2023\/06\/ASPA-Orl\u00e2ndia-89-100x100.jpg 100w, https:\/\/www.colorado.com.br\/nosdacolorado\/wp-content\/uploads\/2023\/06\/ASPA-Orl\u00e2ndia-89-140x140.jpg 140w, https:\/\/www.colorado.com.br\/nosdacolorado\/wp-content\/uploads\/2023\/06\/ASPA-Orl\u00e2ndia-89-500x500.jpg 500w, https:\/\/www.colorado.com.br\/nosdacolorado\/wp-content\/uploads\/2023\/06\/ASPA-Orl\u00e2ndia-89-350x350.jpg 350w, https:\/\/www.colorado.com.br\/nosdacolorado\/wp-content\/uploads\/2023\/06\/ASPA-Orl\u00e2ndia-89-1000x1000.jpg 1000w, https:\/\/www.colorado.com.br\/nosdacolorado\/wp-content\/uploads\/2023\/06\/ASPA-Orl\u00e2ndia-89-800x800.jpg 800w\" sizes=\"auto, (max-width: 150px) 100vw, 150px\" \/><\/a>\n\t\t\t<\/dt><\/dl><dl class='gallery-item'>\n\t\t\t<dt class='gallery-icon portrait'>\n\t\t\t\t<a href='https:\/\/www.colorado.com.br\/nosdacolorado\/wp-content\/uploads\/2023\/06\/ASPA-Orl\u00e2ndia-90.jpg'><img loading=\"lazy\" decoding=\"async\" data-attachment-id=\"20911\" data-orig-file=\"https:\/\/www.colorado.com.br\/nosdacolorado\/wp-content\/uploads\/2023\/06\/ASPA-Orl\u00e2ndia-90.jpg\" data-orig-size=\"1280,1920\" data-comments-opened=\"1\" data-image-meta=\"{&quot;aperture&quot;:&quot;1.8&quot;,&quot;credit&quot;:&quot;&quot;,&quot;camera&quot;:&quot;ILCE-6400&quot;,&quot;caption&quot;:&quot;&quot;,&quot;created_timestamp&quot;:&quot;1687295285&quot;,&quot;copyright&quot;:&quot;&quot;,&quot;focal_length&quot;:&quot;35&quot;,&quot;iso&quot;:&quot;1600&quot;,&quot;shutter_speed&quot;:&quot;0.0025&quot;,&quot;title&quot;:&quot;&quot;,&quot;orientation&quot;:&quot;0&quot;,&quot;keywords&quot;:&quot;Array&quot;}\" data-image-title=\"ASPA Orl\u00e2ndia (90)\" data-image-description=\"\" data-medium-file=\"https:\/\/www.colorado.com.br\/nosdacolorado\/wp-content\/uploads\/2023\/06\/ASPA-Orl\u00e2ndia-90-200x300.jpg\" data-large-file=\"https:\/\/www.colorado.com.br\/nosdacolorado\/wp-content\/uploads\/2023\/06\/ASPA-Orl\u00e2ndia-90-683x1024.jpg\" width=\"150\" height=\"150\" src=\"https:\/\/www.colorado.com.br\/nosdacolorado\/wp-content\/uploads\/2023\/06\/ASPA-Orl\u00e2ndia-90-150x150.jpg\" class=\"attachment-thumbnail size-thumbnail\" alt=\"\" srcset=\"https:\/\/www.colorado.com.br\/nosdacolorado\/wp-content\/uploads\/2023\/06\/ASPA-Orl\u00e2ndia-90-150x150.jpg 150w, https:\/\/www.colorado.com.br\/nosdacolorado\/wp-content\/uploads\/2023\/06\/ASPA-Orl\u00e2ndia-90-100x100.jpg 100w, https:\/\/www.colorado.com.br\/nosdacolorado\/wp-content\/uploads\/2023\/06\/ASPA-Orl\u00e2ndia-90-140x140.jpg 140w, https:\/\/www.colorado.com.br\/nosdacolorado\/wp-content\/uploads\/2023\/06\/ASPA-Orl\u00e2ndia-90-500x500.jpg 500w, https:\/\/www.colorado.com.br\/nosdacolorado\/wp-content\/uploads\/2023\/06\/ASPA-Orl\u00e2ndia-90-350x350.jpg 350w, https:\/\/www.colorado.com.br\/nosdacolorado\/wp-content\/uploads\/2023\/06\/ASPA-Orl\u00e2ndia-90-1000x1000.jpg 1000w, https:\/\/www.colorado.com.br\/nosdacolorado\/wp-content\/uploads\/2023\/06\/ASPA-Orl\u00e2ndia-90-800x800.jpg 800w\" sizes=\"auto, (max-width: 150px) 100vw, 150px\" \/><\/a>\n\t\t\t<\/dt><\/dl><br style=\"clear: both\" \/><dl class='gallery-item'>\n\t\t\t<dt class='gallery-icon landscape'>\n\t\t\t\t<a href='https:\/\/www.colorado.com.br\/nosdacolorado\/wp-content\/uploads\/2023\/06\/ASPA-Orl\u00e2ndia-91.jpg'><img loading=\"lazy\" decoding=\"async\" data-attachment-id=\"20912\" data-orig-file=\"https:\/\/www.colorado.com.br\/nosdacolorado\/wp-content\/uploads\/2023\/06\/ASPA-Orl\u00e2ndia-91.jpg\" data-orig-size=\"1920,1280\" data-comments-opened=\"1\" data-image-meta=\"{&quot;aperture&quot;:&quot;1.8&quot;,&quot;credit&quot;:&quot;&quot;,&quot;camera&quot;:&quot;ILCE-6400&quot;,&quot;caption&quot;:&quot;&quot;,&quot;created_timestamp&quot;:&quot;1687295307&quot;,&quot;copyright&quot;:&quot;&quot;,&quot;focal_length&quot;:&quot;35&quot;,&quot;iso&quot;:&quot;1600&quot;,&quot;shutter_speed&quot;:&quot;0.002&quot;,&quot;title&quot;:&quot;&quot;,&quot;orientation&quot;:&quot;0&quot;,&quot;keywords&quot;:&quot;Array&quot;}\" data-image-title=\"ASPA Orl\u00e2ndia (91)\" data-image-description=\"\" data-medium-file=\"https:\/\/www.colorado.com.br\/nosdacolorado\/wp-content\/uploads\/2023\/06\/ASPA-Orl\u00e2ndia-91-300x200.jpg\" data-large-file=\"https:\/\/www.colorado.com.br\/nosdacolorado\/wp-content\/uploads\/2023\/06\/ASPA-Orl\u00e2ndia-91-1024x683.jpg\" width=\"150\" height=\"150\" src=\"https:\/\/www.colorado.com.br\/nosdacolorado\/wp-content\/uploads\/2023\/06\/ASPA-Orl\u00e2ndia-91-150x150.jpg\" class=\"attachment-thumbnail size-thumbnail\" alt=\"\" srcset=\"https:\/\/www.colorado.com.br\/nosdacolorado\/wp-content\/uploads\/2023\/06\/ASPA-Orl\u00e2ndia-91-150x150.jpg 150w, https:\/\/www.colorado.com.br\/nosdacolorado\/wp-content\/uploads\/2023\/06\/ASPA-Orl\u00e2ndia-91-100x100.jpg 100w, https:\/\/www.colorado.com.br\/nosdacolorado\/wp-content\/uploads\/2023\/06\/ASPA-Orl\u00e2ndia-91-140x140.jpg 140w, https:\/\/www.colorado.com.br\/nosdacolorado\/wp-content\/uploads\/2023\/06\/ASPA-Orl\u00e2ndia-91-500x500.jpg 500w, https:\/\/www.colorado.com.br\/nosdacolorado\/wp-content\/uploads\/2023\/06\/ASPA-Orl\u00e2ndia-91-350x350.jpg 350w, https:\/\/www.colorado.com.br\/nosdacolorado\/wp-content\/uploads\/2023\/06\/ASPA-Orl\u00e2ndia-91-1000x1000.jpg 1000w, https:\/\/www.colorado.com.br\/nosdacolorado\/wp-content\/uploads\/2023\/06\/ASPA-Orl\u00e2ndia-91-800x800.jpg 800w\" sizes=\"auto, (max-width: 150px) 100vw, 150px\" \/><\/a>\n\t\t\t<\/dt><\/dl><dl class='gallery-item'>\n\t\t\t<dt class='gallery-icon landscape'>\n\t\t\t\t<a href='https:\/\/www.colorado.com.br\/nosdacolorado\/wp-content\/uploads\/2023\/06\/ASPA-Orl\u00e2ndia-92.jpg'><img loading=\"lazy\" decoding=\"async\" data-attachment-id=\"20913\" data-orig-file=\"https:\/\/www.colorado.com.br\/nosdacolorado\/wp-content\/uploads\/2023\/06\/ASPA-Orl\u00e2ndia-92.jpg\" data-orig-size=\"1920,1280\" data-comments-opened=\"1\" data-image-meta=\"{&quot;aperture&quot;:&quot;1.8&quot;,&quot;credit&quot;:&quot;&quot;,&quot;camera&quot;:&quot;ILCE-6400&quot;,&quot;caption&quot;:&quot;&quot;,&quot;created_timestamp&quot;:&quot;1687295307&quot;,&quot;copyright&quot;:&quot;&quot;,&quot;focal_length&quot;:&quot;35&quot;,&quot;iso&quot;:&quot;1600&quot;,&quot;shutter_speed&quot;:&quot;0.002&quot;,&quot;title&quot;:&quot;&quot;,&quot;orientation&quot;:&quot;0&quot;,&quot;keywords&quot;:&quot;Array&quot;}\" data-image-title=\"ASPA Orl\u00e2ndia (92)\" data-image-description=\"\" data-medium-file=\"https:\/\/www.colorado.com.br\/nosdacolorado\/wp-content\/uploads\/2023\/06\/ASPA-Orl\u00e2ndia-92-300x200.jpg\" data-large-file=\"https:\/\/www.colorado.com.br\/nosdacolorado\/wp-content\/uploads\/2023\/06\/ASPA-Orl\u00e2ndia-92-1024x683.jpg\" width=\"150\" height=\"150\" src=\"https:\/\/www.colorado.com.br\/nosdacolorado\/wp-content\/uploads\/2023\/06\/ASPA-Orl\u00e2ndia-92-150x150.jpg\" class=\"attachment-thumbnail size-thumbnail\" alt=\"\" srcset=\"https:\/\/www.colorado.com.br\/nosdacolorado\/wp-content\/uploads\/2023\/06\/ASPA-Orl\u00e2ndia-92-150x150.jpg 150w, https:\/\/www.colorado.com.br\/nosdacolorado\/wp-content\/uploads\/2023\/06\/ASPA-Orl\u00e2ndia-92-100x100.jpg 100w, https:\/\/www.colorado.com.br\/nosdacolorado\/wp-content\/uploads\/2023\/06\/ASPA-Orl\u00e2ndia-92-140x140.jpg 140w, https:\/\/www.colorado.com.br\/nosdacolorado\/wp-content\/uploads\/2023\/06\/ASPA-Orl\u00e2ndia-92-500x500.jpg 500w, https:\/\/www.colorado.com.br\/nosdacolorado\/wp-content\/uploads\/2023\/06\/ASPA-Orl\u00e2ndia-92-350x350.jpg 350w, https:\/\/www.colorado.com.br\/nosdacolorado\/wp-content\/uploads\/2023\/06\/ASPA-Orl\u00e2ndia-92-1000x1000.jpg 1000w, https:\/\/www.colorado.com.br\/nosdacolorado\/wp-content\/uploads\/2023\/06\/ASPA-Orl\u00e2ndia-92-800x800.jpg 800w\" sizes=\"auto, (max-width: 150px) 100vw, 150px\" \/><\/a>\n\t\t\t<\/dt><\/dl><dl class='gallery-item'>\n\t\t\t<dt class='gallery-icon landscape'>\n\t\t\t\t<a href='https:\/\/www.colorado.com.br\/nosdacolorado\/wp-content\/uploads\/2023\/06\/ASPA-Orl\u00e2ndia-93.jpg'><img loading=\"lazy\" decoding=\"async\" data-attachment-id=\"20914\" data-orig-file=\"https:\/\/www.colorado.com.br\/nosdacolorado\/wp-content\/uploads\/2023\/06\/ASPA-Orl\u00e2ndia-93.jpg\" data-orig-size=\"1920,1280\" data-comments-opened=\"1\" data-image-meta=\"{&quot;aperture&quot;:&quot;1.8&quot;,&quot;credit&quot;:&quot;&quot;,&quot;camera&quot;:&quot;ILCE-6400&quot;,&quot;caption&quot;:&quot;&quot;,&quot;created_timestamp&quot;:&quot;1687295317&quot;,&quot;copyright&quot;:&quot;&quot;,&quot;focal_length&quot;:&quot;35&quot;,&quot;iso&quot;:&quot;1600&quot;,&quot;shutter_speed&quot;:&quot;0.002&quot;,&quot;title&quot;:&quot;&quot;,&quot;orientation&quot;:&quot;0&quot;,&quot;keywords&quot;:&quot;Array&quot;}\" data-image-title=\"ASPA Orl\u00e2ndia (93)\" data-image-description=\"\" data-medium-file=\"https:\/\/www.colorado.com.br\/nosdacolorado\/wp-content\/uploads\/2023\/06\/ASPA-Orl\u00e2ndia-93-300x200.jpg\" data-large-file=\"https:\/\/www.colorado.com.br\/nosdacolorado\/wp-content\/uploads\/2023\/06\/ASPA-Orl\u00e2ndia-93-1024x683.jpg\" width=\"150\" height=\"150\" src=\"https:\/\/www.colorado.com.br\/nosdacolorado\/wp-content\/uploads\/2023\/06\/ASPA-Orl\u00e2ndia-93-150x150.jpg\" class=\"attachment-thumbnail size-thumbnail\" alt=\"\" srcset=\"https:\/\/www.colorado.com.br\/nosdacolorado\/wp-content\/uploads\/2023\/06\/ASPA-Orl\u00e2ndia-93-150x150.jpg 150w, https:\/\/www.colorado.com.br\/nosdacolorado\/wp-content\/uploads\/2023\/06\/ASPA-Orl\u00e2ndia-93-100x100.jpg 100w, https:\/\/www.colorado.com.br\/nosdacolorado\/wp-content\/uploads\/2023\/06\/ASPA-Orl\u00e2ndia-93-140x140.jpg 140w, https:\/\/www.colorado.com.br\/nosdacolorado\/wp-content\/uploads\/2023\/06\/ASPA-Orl\u00e2ndia-93-500x500.jpg 500w, https:\/\/www.colorado.com.br\/nosdacolorado\/wp-content\/uploads\/2023\/06\/ASPA-Orl\u00e2ndia-93-350x350.jpg 350w, https:\/\/www.colorado.com.br\/nosdacolorado\/wp-content\/uploads\/2023\/06\/ASPA-Orl\u00e2ndia-93-1000x1000.jpg 1000w, https:\/\/www.colorado.com.br\/nosdacolorado\/wp-content\/uploads\/2023\/06\/ASPA-Orl\u00e2ndia-93-800x800.jpg 800w\" sizes=\"auto, (max-width: 150px) 100vw, 150px\" \/><\/a>\n\t\t\t<\/dt><\/dl><dl class='gallery-item'>\n\t\t\t<dt class='gallery-icon landscape'>\n\t\t\t\t<a href='https:\/\/www.colorado.com.br\/nosdacolorado\/wp-content\/uploads\/2023\/06\/ASPA-Orl\u00e2ndia-94.jpg'><img loading=\"lazy\" decoding=\"async\" data-attachment-id=\"20915\" data-orig-file=\"https:\/\/www.colorado.com.br\/nosdacolorado\/wp-content\/uploads\/2023\/06\/ASPA-Orl\u00e2ndia-94.jpg\" data-orig-size=\"1920,1280\" data-comments-opened=\"1\" data-image-meta=\"{&quot;aperture&quot;:&quot;1.8&quot;,&quot;credit&quot;:&quot;&quot;,&quot;camera&quot;:&quot;ILCE-6400&quot;,&quot;caption&quot;:&quot;&quot;,&quot;created_timestamp&quot;:&quot;1687295317&quot;,&quot;copyright&quot;:&quot;&quot;,&quot;focal_length&quot;:&quot;35&quot;,&quot;iso&quot;:&quot;1600&quot;,&quot;shutter_speed&quot;:&quot;0.002&quot;,&quot;title&quot;:&quot;&quot;,&quot;orientation&quot;:&quot;0&quot;,&quot;keywords&quot;:&quot;Array&quot;}\" data-image-title=\"ASPA Orl\u00e2ndia (94)\" data-image-description=\"\" data-medium-file=\"https:\/\/www.colorado.com.br\/nosdacolorado\/wp-content\/uploads\/2023\/06\/ASPA-Orl\u00e2ndia-94-300x200.jpg\" data-large-file=\"https:\/\/www.colorado.com.br\/nosdacolorado\/wp-content\/uploads\/2023\/06\/ASPA-Orl\u00e2ndia-94-1024x683.jpg\" width=\"150\" height=\"150\" src=\"https:\/\/www.colorado.com.br\/nosdacolorado\/wp-content\/uploads\/2023\/06\/ASPA-Orl\u00e2ndia-94-150x150.jpg\" class=\"attachment-thumbnail size-thumbnail\" alt=\"\" srcset=\"https:\/\/www.colorado.com.br\/nosdacolorado\/wp-content\/uploads\/2023\/06\/ASPA-Orl\u00e2ndia-94-150x150.jpg 150w, https:\/\/www.colorado.com.br\/nosdacolorado\/wp-content\/uploads\/2023\/06\/ASPA-Orl\u00e2ndia-94-100x100.jpg 100w, https:\/\/www.colorado.com.br\/nosdacolorado\/wp-content\/uploads\/2023\/06\/ASPA-Orl\u00e2ndia-94-140x140.jpg 140w, https:\/\/www.colorado.com.br\/nosdacolorado\/wp-content\/uploads\/2023\/06\/ASPA-Orl\u00e2ndia-94-500x500.jpg 500w, https:\/\/www.colorado.com.br\/nosdacolorado\/wp-content\/uploads\/2023\/06\/ASPA-Orl\u00e2ndia-94-350x350.jpg 350w, https:\/\/www.colorado.com.br\/nosdacolorado\/wp-content\/uploads\/2023\/06\/ASPA-Orl\u00e2ndia-94-1000x1000.jpg 1000w, https:\/\/www.colorado.com.br\/nosdacolorado\/wp-content\/uploads\/2023\/06\/ASPA-Orl\u00e2ndia-94-800x800.jpg 800w\" sizes=\"auto, (max-width: 150px) 100vw, 150px\" \/><\/a>\n\t\t\t<\/dt><\/dl><dl class='gallery-item'>\n\t\t\t<dt class='gallery-icon landscape'>\n\t\t\t\t<a href='https:\/\/www.colorado.com.br\/nosdacolorado\/wp-content\/uploads\/2023\/06\/ASPA-Orl\u00e2ndia-95.jpg'><img loading=\"lazy\" decoding=\"async\" data-attachment-id=\"20916\" data-orig-file=\"https:\/\/www.colorado.com.br\/nosdacolorado\/wp-content\/uploads\/2023\/06\/ASPA-Orl\u00e2ndia-95.jpg\" data-orig-size=\"1920,1280\" data-comments-opened=\"1\" data-image-meta=\"{&quot;aperture&quot;:&quot;1.8&quot;,&quot;credit&quot;:&quot;&quot;,&quot;camera&quot;:&quot;ILCE-6400&quot;,&quot;caption&quot;:&quot;&quot;,&quot;created_timestamp&quot;:&quot;1687295322&quot;,&quot;copyright&quot;:&quot;&quot;,&quot;focal_length&quot;:&quot;35&quot;,&quot;iso&quot;:&quot;1600&quot;,&quot;shutter_speed&quot;:&quot;0.002&quot;,&quot;title&quot;:&quot;&quot;,&quot;orientation&quot;:&quot;0&quot;,&quot;keywords&quot;:&quot;Array&quot;}\" data-image-title=\"ASPA Orl\u00e2ndia (95)\" data-image-description=\"\" data-medium-file=\"https:\/\/www.colorado.com.br\/nosdacolorado\/wp-content\/uploads\/2023\/06\/ASPA-Orl\u00e2ndia-95-300x200.jpg\" data-large-file=\"https:\/\/www.colorado.com.br\/nosdacolorado\/wp-content\/uploads\/2023\/06\/ASPA-Orl\u00e2ndia-95-1024x683.jpg\" width=\"150\" height=\"150\" src=\"https:\/\/www.colorado.com.br\/nosdacolorado\/wp-content\/uploads\/2023\/06\/ASPA-Orl\u00e2ndia-95-150x150.jpg\" class=\"attachment-thumbnail size-thumbnail\" alt=\"\" srcset=\"https:\/\/www.colorado.com.br\/nosdacolorado\/wp-content\/uploads\/2023\/06\/ASPA-Orl\u00e2ndia-95-150x150.jpg 150w, https:\/\/www.colorado.com.br\/nosdacolorado\/wp-content\/uploads\/2023\/06\/ASPA-Orl\u00e2ndia-95-100x100.jpg 100w, https:\/\/www.colorado.com.br\/nosdacolorado\/wp-content\/uploads\/2023\/06\/ASPA-Orl\u00e2ndia-95-140x140.jpg 140w, https:\/\/www.colorado.com.br\/nosdacolorado\/wp-content\/uploads\/2023\/06\/ASPA-Orl\u00e2ndia-95-500x500.jpg 500w, https:\/\/www.colorado.com.br\/nosdacolorado\/wp-content\/uploads\/2023\/06\/ASPA-Orl\u00e2ndia-95-350x350.jpg 350w, https:\/\/www.colorado.com.br\/nosdacolorado\/wp-content\/uploads\/2023\/06\/ASPA-Orl\u00e2ndia-95-1000x1000.jpg 1000w, https:\/\/www.colorado.com.br\/nosdacolorado\/wp-content\/uploads\/2023\/06\/ASPA-Orl\u00e2ndia-95-800x800.jpg 800w\" sizes=\"auto, (max-width: 150px) 100vw, 150px\" \/><\/a>\n\t\t\t<\/dt><\/dl><br style=\"clear: both\" \/><dl class='gallery-item'>\n\t\t\t<dt class='gallery-icon landscape'>\n\t\t\t\t<a href='https:\/\/www.colorado.com.br\/nosdacolorado\/wp-content\/uploads\/2023\/06\/ASPA-Orl\u00e2ndia-96.jpg'><img loading=\"lazy\" decoding=\"async\" data-attachment-id=\"20917\" data-orig-file=\"https:\/\/www.colorado.com.br\/nosdacolorado\/wp-content\/uploads\/2023\/06\/ASPA-Orl\u00e2ndia-96.jpg\" data-orig-size=\"1920,1280\" data-comments-opened=\"1\" data-image-meta=\"{&quot;aperture&quot;:&quot;1.8&quot;,&quot;credit&quot;:&quot;&quot;,&quot;camera&quot;:&quot;ILCE-6400&quot;,&quot;caption&quot;:&quot;&quot;,&quot;created_timestamp&quot;:&quot;1687295327&quot;,&quot;copyright&quot;:&quot;&quot;,&quot;focal_length&quot;:&quot;35&quot;,&quot;iso&quot;:&quot;1600&quot;,&quot;shutter_speed&quot;:&quot;0.002&quot;,&quot;title&quot;:&quot;&quot;,&quot;orientation&quot;:&quot;0&quot;,&quot;keywords&quot;:&quot;Array&quot;}\" data-image-title=\"ASPA Orl\u00e2ndia (96)\" data-image-description=\"\" data-medium-file=\"https:\/\/www.colorado.com.br\/nosdacolorado\/wp-content\/uploads\/2023\/06\/ASPA-Orl\u00e2ndia-96-300x200.jpg\" data-large-file=\"https:\/\/www.colorado.com.br\/nosdacolorado\/wp-content\/uploads\/2023\/06\/ASPA-Orl\u00e2ndia-96-1024x683.jpg\" width=\"150\" height=\"150\" src=\"https:\/\/www.colorado.com.br\/nosdacolorado\/wp-content\/uploads\/2023\/06\/ASPA-Orl\u00e2ndia-96-150x150.jpg\" class=\"attachment-thumbnail size-thumbnail\" alt=\"\" srcset=\"https:\/\/www.colorado.com.br\/nosdacolorado\/wp-content\/uploads\/2023\/06\/ASPA-Orl\u00e2ndia-96-150x150.jpg 150w, https:\/\/www.colorado.com.br\/nosdacolorado\/wp-content\/uploads\/2023\/06\/ASPA-Orl\u00e2ndia-96-100x100.jpg 100w, https:\/\/www.colorado.com.br\/nosdacolorado\/wp-content\/uploads\/2023\/06\/ASPA-Orl\u00e2ndia-96-140x140.jpg 140w, https:\/\/www.colorado.com.br\/nosdacolorado\/wp-content\/uploads\/2023\/06\/ASPA-Orl\u00e2ndia-96-500x500.jpg 500w, https:\/\/www.colorado.com.br\/nosdacolorado\/wp-content\/uploads\/2023\/06\/ASPA-Orl\u00e2ndia-96-350x350.jpg 350w, https:\/\/www.colorado.com.br\/nosdacolorado\/wp-content\/uploads\/2023\/06\/ASPA-Orl\u00e2ndia-96-1000x1000.jpg 1000w, https:\/\/www.colorado.com.br\/nosdacolorado\/wp-content\/uploads\/2023\/06\/ASPA-Orl\u00e2ndia-96-800x800.jpg 800w\" sizes=\"auto, (max-width: 150px) 100vw, 150px\" \/><\/a>\n\t\t\t<\/dt><\/dl><dl class='gallery-item'>\n\t\t\t<dt class='gallery-icon portrait'>\n\t\t\t\t<a href='https:\/\/www.colorado.com.br\/nosdacolorado\/wp-content\/uploads\/2023\/06\/ASPA-Orl\u00e2ndia-97.jpg'><img loading=\"lazy\" decoding=\"async\" data-attachment-id=\"20918\" data-orig-file=\"https:\/\/www.colorado.com.br\/nosdacolorado\/wp-content\/uploads\/2023\/06\/ASPA-Orl\u00e2ndia-97.jpg\" data-orig-size=\"1280,1920\" data-comments-opened=\"1\" data-image-meta=\"{&quot;aperture&quot;:&quot;1.8&quot;,&quot;credit&quot;:&quot;&quot;,&quot;camera&quot;:&quot;ILCE-6400&quot;,&quot;caption&quot;:&quot;&quot;,&quot;created_timestamp&quot;:&quot;1687295343&quot;,&quot;copyright&quot;:&quot;&quot;,&quot;focal_length&quot;:&quot;35&quot;,&quot;iso&quot;:&quot;1600&quot;,&quot;shutter_speed&quot;:&quot;0.002&quot;,&quot;title&quot;:&quot;&quot;,&quot;orientation&quot;:&quot;0&quot;,&quot;keywords&quot;:&quot;Array&quot;}\" data-image-title=\"ASPA Orl\u00e2ndia (97)\" data-image-description=\"\" data-medium-file=\"https:\/\/www.colorado.com.br\/nosdacolorado\/wp-content\/uploads\/2023\/06\/ASPA-Orl\u00e2ndia-97-200x300.jpg\" data-large-file=\"https:\/\/www.colorado.com.br\/nosdacolorado\/wp-content\/uploads\/2023\/06\/ASPA-Orl\u00e2ndia-97-683x1024.jpg\" width=\"150\" height=\"150\" src=\"https:\/\/www.colorado.com.br\/nosdacolorado\/wp-content\/uploads\/2023\/06\/ASPA-Orl\u00e2ndia-97-150x150.jpg\" class=\"attachment-thumbnail size-thumbnail\" alt=\"\" srcset=\"https:\/\/www.colorado.com.br\/nosdacolorado\/wp-content\/uploads\/2023\/06\/ASPA-Orl\u00e2ndia-97-150x150.jpg 150w, https:\/\/www.colorado.com.br\/nosdacolorado\/wp-content\/uploads\/2023\/06\/ASPA-Orl\u00e2ndia-97-100x100.jpg 100w, https:\/\/www.colorado.com.br\/nosdacolorado\/wp-content\/uploads\/2023\/06\/ASPA-Orl\u00e2ndia-97-140x140.jpg 140w, https:\/\/www.colorado.com.br\/nosdacolorado\/wp-content\/uploads\/2023\/06\/ASPA-Orl\u00e2ndia-97-500x500.jpg 500w, https:\/\/www.colorado.com.br\/nosdacolorado\/wp-content\/uploads\/2023\/06\/ASPA-Orl\u00e2ndia-97-350x350.jpg 350w, https:\/\/www.colorado.com.br\/nosdacolorado\/wp-content\/uploads\/2023\/06\/ASPA-Orl\u00e2ndia-97-1000x1000.jpg 1000w, https:\/\/www.colorado.com.br\/nosdacolorado\/wp-content\/uploads\/2023\/06\/ASPA-Orl\u00e2ndia-97-800x800.jpg 800w\" sizes=\"auto, (max-width: 150px) 100vw, 150px\" \/><\/a>\n\t\t\t<\/dt><\/dl><dl class='gallery-item'>\n\t\t\t<dt class='gallery-icon portrait'>\n\t\t\t\t<a href='https:\/\/www.colorado.com.br\/nosdacolorado\/wp-content\/uploads\/2023\/06\/ASPA-Orl\u00e2ndia-98.jpg'><img loading=\"lazy\" decoding=\"async\" data-attachment-id=\"20919\" data-orig-file=\"https:\/\/www.colorado.com.br\/nosdacolorado\/wp-content\/uploads\/2023\/06\/ASPA-Orl\u00e2ndia-98.jpg\" data-orig-size=\"1280,1920\" data-comments-opened=\"1\" data-image-meta=\"{&quot;aperture&quot;:&quot;1.8&quot;,&quot;credit&quot;:&quot;&quot;,&quot;camera&quot;:&quot;ILCE-6400&quot;,&quot;caption&quot;:&quot;&quot;,&quot;created_timestamp&quot;:&quot;1687295485&quot;,&quot;copyright&quot;:&quot;&quot;,&quot;focal_length&quot;:&quot;35&quot;,&quot;iso&quot;:&quot;1600&quot;,&quot;shutter_speed&quot;:&quot;0.002&quot;,&quot;title&quot;:&quot;&quot;,&quot;orientation&quot;:&quot;0&quot;,&quot;keywords&quot;:&quot;Array&quot;}\" data-image-title=\"ASPA Orl\u00e2ndia (98)\" data-image-description=\"\" data-medium-file=\"https:\/\/www.colorado.com.br\/nosdacolorado\/wp-content\/uploads\/2023\/06\/ASPA-Orl\u00e2ndia-98-200x300.jpg\" data-large-file=\"https:\/\/www.colorado.com.br\/nosdacolorado\/wp-content\/uploads\/2023\/06\/ASPA-Orl\u00e2ndia-98-683x1024.jpg\" width=\"150\" height=\"150\" src=\"https:\/\/www.colorado.com.br\/nosdacolorado\/wp-content\/uploads\/2023\/06\/ASPA-Orl\u00e2ndia-98-150x150.jpg\" class=\"attachment-thumbnail size-thumbnail\" alt=\"\" srcset=\"https:\/\/www.colorado.com.br\/nosdacolorado\/wp-content\/uploads\/2023\/06\/ASPA-Orl\u00e2ndia-98-150x150.jpg 150w, https:\/\/www.colorado.com.br\/nosdacolorado\/wp-content\/uploads\/2023\/06\/ASPA-Orl\u00e2ndia-98-100x100.jpg 100w, https:\/\/www.colorado.com.br\/nosdacolorado\/wp-content\/uploads\/2023\/06\/ASPA-Orl\u00e2ndia-98-140x140.jpg 140w, https:\/\/www.colorado.com.br\/nosdacolorado\/wp-content\/uploads\/2023\/06\/ASPA-Orl\u00e2ndia-98-500x500.jpg 500w, https:\/\/www.colorado.com.br\/nosdacolorado\/wp-content\/uploads\/2023\/06\/ASPA-Orl\u00e2ndia-98-350x350.jpg 350w, https:\/\/www.colorado.com.br\/nosdacolorado\/wp-content\/uploads\/2023\/06\/ASPA-Orl\u00e2ndia-98-1000x1000.jpg 1000w, https:\/\/www.colorado.com.br\/nosdacolorado\/wp-content\/uploads\/2023\/06\/ASPA-Orl\u00e2ndia-98-800x800.jpg 800w\" sizes=\"auto, (max-width: 150px) 100vw, 150px\" \/><\/a>\n\t\t\t<\/dt><\/dl><dl class='gallery-item'>\n\t\t\t<dt class='gallery-icon landscape'>\n\t\t\t\t<a href='https:\/\/www.colorado.com.br\/nosdacolorado\/wp-content\/uploads\/2023\/06\/ASPA-Orl\u00e2ndia-99.jpg'><img loading=\"lazy\" decoding=\"async\" data-attachment-id=\"20920\" data-orig-file=\"https:\/\/www.colorado.com.br\/nosdacolorado\/wp-content\/uploads\/2023\/06\/ASPA-Orl\u00e2ndia-99.jpg\" data-orig-size=\"1920,1280\" data-comments-opened=\"1\" data-image-meta=\"{&quot;aperture&quot;:&quot;2.8&quot;,&quot;credit&quot;:&quot;&quot;,&quot;camera&quot;:&quot;ILCE-6400&quot;,&quot;caption&quot;:&quot;&quot;,&quot;created_timestamp&quot;:&quot;1687295923&quot;,&quot;copyright&quot;:&quot;&quot;,&quot;focal_length&quot;:&quot;35&quot;,&quot;iso&quot;:&quot;1600&quot;,&quot;shutter_speed&quot;:&quot;0.00625&quot;,&quot;title&quot;:&quot;&quot;,&quot;orientation&quot;:&quot;0&quot;,&quot;keywords&quot;:&quot;Array&quot;}\" data-image-title=\"ASPA Orl\u00e2ndia (99)\" data-image-description=\"\" data-medium-file=\"https:\/\/www.colorado.com.br\/nosdacolorado\/wp-content\/uploads\/2023\/06\/ASPA-Orl\u00e2ndia-99-300x200.jpg\" data-large-file=\"https:\/\/www.colorado.com.br\/nosdacolorado\/wp-content\/uploads\/2023\/06\/ASPA-Orl\u00e2ndia-99-1024x683.jpg\" width=\"150\" height=\"150\" src=\"https:\/\/www.colorado.com.br\/nosdacolorado\/wp-content\/uploads\/2023\/06\/ASPA-Orl\u00e2ndia-99-150x150.jpg\" class=\"attachment-thumbnail size-thumbnail\" alt=\"\" srcset=\"https:\/\/www.colorado.com.br\/nosdacolorado\/wp-content\/uploads\/2023\/06\/ASPA-Orl\u00e2ndia-99-150x150.jpg 150w, https:\/\/www.colorado.com.br\/nosdacolorado\/wp-content\/uploads\/2023\/06\/ASPA-Orl\u00e2ndia-99-100x100.jpg 100w, https:\/\/www.colorado.com.br\/nosdacolorado\/wp-content\/uploads\/2023\/06\/ASPA-Orl\u00e2ndia-99-140x140.jpg 140w, https:\/\/www.colorado.com.br\/nosdacolorado\/wp-content\/uploads\/2023\/06\/ASPA-Orl\u00e2ndia-99-500x500.jpg 500w, https:\/\/www.colorado.com.br\/nosdacolorado\/wp-content\/uploads\/2023\/06\/ASPA-Orl\u00e2ndia-99-350x350.jpg 350w, https:\/\/www.colorado.com.br\/nosdacolorado\/wp-content\/uploads\/2023\/06\/ASPA-Orl\u00e2ndia-99-1000x1000.jpg 1000w, https:\/\/www.colorado.com.br\/nosdacolorado\/wp-content\/uploads\/2023\/06\/ASPA-Orl\u00e2ndia-99-800x800.jpg 800w\" sizes=\"auto, (max-width: 150px) 100vw, 150px\" \/><\/a>\n\t\t\t<\/dt><\/dl><dl class='gallery-item'>\n\t\t\t<dt class='gallery-icon landscape'>\n\t\t\t\t<a href='https:\/\/www.colorado.com.br\/nosdacolorado\/wp-content\/uploads\/2023\/06\/ASPA-Orl\u00e2ndia-100.jpg'><img loading=\"lazy\" decoding=\"async\" data-attachment-id=\"20921\" data-orig-file=\"https:\/\/www.colorado.com.br\/nosdacolorado\/wp-content\/uploads\/2023\/06\/ASPA-Orl\u00e2ndia-100.jpg\" data-orig-size=\"1920,1280\" data-comments-opened=\"1\" data-image-meta=\"{&quot;aperture&quot;:&quot;2.8&quot;,&quot;credit&quot;:&quot;&quot;,&quot;camera&quot;:&quot;ILCE-6400&quot;,&quot;caption&quot;:&quot;&quot;,&quot;created_timestamp&quot;:&quot;1687295952&quot;,&quot;copyright&quot;:&quot;&quot;,&quot;focal_length&quot;:&quot;35&quot;,&quot;iso&quot;:&quot;1600&quot;,&quot;shutter_speed&quot;:&quot;0.00625&quot;,&quot;title&quot;:&quot;&quot;,&quot;orientation&quot;:&quot;0&quot;,&quot;keywords&quot;:&quot;Array&quot;}\" data-image-title=\"ASPA Orl\u00e2ndia (100)\" data-image-description=\"\" data-medium-file=\"https:\/\/www.colorado.com.br\/nosdacolorado\/wp-content\/uploads\/2023\/06\/ASPA-Orl\u00e2ndia-100-300x200.jpg\" data-large-file=\"https:\/\/www.colorado.com.br\/nosdacolorado\/wp-content\/uploads\/2023\/06\/ASPA-Orl\u00e2ndia-100-1024x683.jpg\" width=\"150\" height=\"150\" src=\"https:\/\/www.colorado.com.br\/nosdacolorado\/wp-content\/uploads\/2023\/06\/ASPA-Orl\u00e2ndia-100-150x150.jpg\" class=\"attachment-thumbnail size-thumbnail\" alt=\"\" srcset=\"https:\/\/www.colorado.com.br\/nosdacolorado\/wp-content\/uploads\/2023\/06\/ASPA-Orl\u00e2ndia-100-150x150.jpg 150w, https:\/\/www.colorado.com.br\/nosdacolorado\/wp-content\/uploads\/2023\/06\/ASPA-Orl\u00e2ndia-100-100x100.jpg 100w, https:\/\/www.colorado.com.br\/nosdacolorado\/wp-content\/uploads\/2023\/06\/ASPA-Orl\u00e2ndia-100-140x140.jpg 140w, https:\/\/www.colorado.com.br\/nosdacolorado\/wp-content\/uploads\/2023\/06\/ASPA-Orl\u00e2ndia-100-500x500.jpg 500w, https:\/\/www.colorado.com.br\/nosdacolorado\/wp-content\/uploads\/2023\/06\/ASPA-Orl\u00e2ndia-100-350x350.jpg 350w, https:\/\/www.colorado.com.br\/nosdacolorado\/wp-content\/uploads\/2023\/06\/ASPA-Orl\u00e2ndia-100-1000x1000.jpg 1000w, https:\/\/www.colorado.com.br\/nosdacolorado\/wp-content\/uploads\/2023\/06\/ASPA-Orl\u00e2ndia-100-800x800.jpg 800w\" sizes=\"auto, (max-width: 150px) 100vw, 150px\" \/><\/a>\n\t\t\t<\/dt><\/dl><br style=\"clear: both\" \/><dl class='gallery-item'>\n\t\t\t<dt class='gallery-icon landscape'>\n\t\t\t\t<a href='https:\/\/www.colorado.com.br\/nosdacolorado\/wp-content\/uploads\/2023\/06\/ASPA-Orl\u00e2ndia-101.jpg'><img loading=\"lazy\" decoding=\"async\" data-attachment-id=\"20922\" data-orig-file=\"https:\/\/www.colorado.com.br\/nosdacolorado\/wp-content\/uploads\/2023\/06\/ASPA-Orl\u00e2ndia-101.jpg\" data-orig-size=\"1920,1280\" data-comments-opened=\"1\" data-image-meta=\"{&quot;aperture&quot;:&quot;2.8&quot;,&quot;credit&quot;:&quot;&quot;,&quot;camera&quot;:&quot;ILCE-6400&quot;,&quot;caption&quot;:&quot;&quot;,&quot;created_timestamp&quot;:&quot;1687295991&quot;,&quot;copyright&quot;:&quot;&quot;,&quot;focal_length&quot;:&quot;35&quot;,&quot;iso&quot;:&quot;1600&quot;,&quot;shutter_speed&quot;:&quot;0.00625&quot;,&quot;title&quot;:&quot;&quot;,&quot;orientation&quot;:&quot;0&quot;,&quot;keywords&quot;:&quot;Array&quot;}\" data-image-title=\"ASPA Orl\u00e2ndia (101)\" data-image-description=\"\" data-medium-file=\"https:\/\/www.colorado.com.br\/nosdacolorado\/wp-content\/uploads\/2023\/06\/ASPA-Orl\u00e2ndia-101-300x200.jpg\" data-large-file=\"https:\/\/www.colorado.com.br\/nosdacolorado\/wp-content\/uploads\/2023\/06\/ASPA-Orl\u00e2ndia-101-1024x683.jpg\" width=\"150\" height=\"150\" src=\"https:\/\/www.colorado.com.br\/nosdacolorado\/wp-content\/uploads\/2023\/06\/ASPA-Orl\u00e2ndia-101-150x150.jpg\" class=\"attachment-thumbnail size-thumbnail\" alt=\"\" srcset=\"https:\/\/www.colorado.com.br\/nosdacolorado\/wp-content\/uploads\/2023\/06\/ASPA-Orl\u00e2ndia-101-150x150.jpg 150w, https:\/\/www.colorado.com.br\/nosdacolorado\/wp-content\/uploads\/2023\/06\/ASPA-Orl\u00e2ndia-101-100x100.jpg 100w, https:\/\/www.colorado.com.br\/nosdacolorado\/wp-content\/uploads\/2023\/06\/ASPA-Orl\u00e2ndia-101-140x140.jpg 140w, https:\/\/www.colorado.com.br\/nosdacolorado\/wp-content\/uploads\/2023\/06\/ASPA-Orl\u00e2ndia-101-500x500.jpg 500w, https:\/\/www.colorado.com.br\/nosdacolorado\/wp-content\/uploads\/2023\/06\/ASPA-Orl\u00e2ndia-101-350x350.jpg 350w, https:\/\/www.colorado.com.br\/nosdacolorado\/wp-content\/uploads\/2023\/06\/ASPA-Orl\u00e2ndia-101-1000x1000.jpg 1000w, https:\/\/www.colorado.com.br\/nosdacolorado\/wp-content\/uploads\/2023\/06\/ASPA-Orl\u00e2ndia-101-800x800.jpg 800w\" sizes=\"auto, (max-width: 150px) 100vw, 150px\" \/><\/a>\n\t\t\t<\/dt><\/dl><dl class='gallery-item'>\n\t\t\t<dt class='gallery-icon landscape'>\n\t\t\t\t<a href='https:\/\/www.colorado.com.br\/nosdacolorado\/wp-content\/uploads\/2023\/06\/ASPA-Orl\u00e2ndia-102.jpg'><img loading=\"lazy\" decoding=\"async\" data-attachment-id=\"20923\" data-orig-file=\"https:\/\/www.colorado.com.br\/nosdacolorado\/wp-content\/uploads\/2023\/06\/ASPA-Orl\u00e2ndia-102.jpg\" data-orig-size=\"1920,1280\" data-comments-opened=\"1\" data-image-meta=\"{&quot;aperture&quot;:&quot;2.8&quot;,&quot;credit&quot;:&quot;&quot;,&quot;camera&quot;:&quot;ILCE-6400&quot;,&quot;caption&quot;:&quot;&quot;,&quot;created_timestamp&quot;:&quot;1687295999&quot;,&quot;copyright&quot;:&quot;&quot;,&quot;focal_length&quot;:&quot;35&quot;,&quot;iso&quot;:&quot;1600&quot;,&quot;shutter_speed&quot;:&quot;0.00625&quot;,&quot;title&quot;:&quot;&quot;,&quot;orientation&quot;:&quot;0&quot;,&quot;keywords&quot;:&quot;Array&quot;}\" data-image-title=\"ASPA Orl\u00e2ndia (102)\" data-image-description=\"\" data-medium-file=\"https:\/\/www.colorado.com.br\/nosdacolorado\/wp-content\/uploads\/2023\/06\/ASPA-Orl\u00e2ndia-102-300x200.jpg\" data-large-file=\"https:\/\/www.colorado.com.br\/nosdacolorado\/wp-content\/uploads\/2023\/06\/ASPA-Orl\u00e2ndia-102-1024x683.jpg\" width=\"150\" height=\"150\" src=\"https:\/\/www.colorado.com.br\/nosdacolorado\/wp-content\/uploads\/2023\/06\/ASPA-Orl\u00e2ndia-102-150x150.jpg\" class=\"attachment-thumbnail size-thumbnail\" alt=\"\" srcset=\"https:\/\/www.colorado.com.br\/nosdacolorado\/wp-content\/uploads\/2023\/06\/ASPA-Orl\u00e2ndia-102-150x150.jpg 150w, https:\/\/www.colorado.com.br\/nosdacolorado\/wp-content\/uploads\/2023\/06\/ASPA-Orl\u00e2ndia-102-100x100.jpg 100w, https:\/\/www.colorado.com.br\/nosdacolorado\/wp-content\/uploads\/2023\/06\/ASPA-Orl\u00e2ndia-102-140x140.jpg 140w, https:\/\/www.colorado.com.br\/nosdacolorado\/wp-content\/uploads\/2023\/06\/ASPA-Orl\u00e2ndia-102-500x500.jpg 500w, https:\/\/www.colorado.com.br\/nosdacolorado\/wp-content\/uploads\/2023\/06\/ASPA-Orl\u00e2ndia-102-350x350.jpg 350w, https:\/\/www.colorado.com.br\/nosdacolorado\/wp-content\/uploads\/2023\/06\/ASPA-Orl\u00e2ndia-102-1000x1000.jpg 1000w, https:\/\/www.colorado.com.br\/nosdacolorado\/wp-content\/uploads\/2023\/06\/ASPA-Orl\u00e2ndia-102-800x800.jpg 800w\" sizes=\"auto, (max-width: 150px) 100vw, 150px\" \/><\/a>\n\t\t\t<\/dt><\/dl><dl class='gallery-item'>\n\t\t\t<dt class='gallery-icon landscape'>\n\t\t\t\t<a href='https:\/\/www.colorado.com.br\/nosdacolorado\/wp-content\/uploads\/2023\/06\/ASPA-Orl\u00e2ndia-103.jpg'><img loading=\"lazy\" decoding=\"async\" data-attachment-id=\"20924\" data-orig-file=\"https:\/\/www.colorado.com.br\/nosdacolorado\/wp-content\/uploads\/2023\/06\/ASPA-Orl\u00e2ndia-103.jpg\" data-orig-size=\"1920,1280\" data-comments-opened=\"1\" data-image-meta=\"{&quot;aperture&quot;:&quot;2.8&quot;,&quot;credit&quot;:&quot;&quot;,&quot;camera&quot;:&quot;ILCE-6400&quot;,&quot;caption&quot;:&quot;&quot;,&quot;created_timestamp&quot;:&quot;1687296051&quot;,&quot;copyright&quot;:&quot;&quot;,&quot;focal_length&quot;:&quot;35&quot;,&quot;iso&quot;:&quot;1600&quot;,&quot;shutter_speed&quot;:&quot;0.00625&quot;,&quot;title&quot;:&quot;&quot;,&quot;orientation&quot;:&quot;0&quot;,&quot;keywords&quot;:&quot;Array&quot;}\" data-image-title=\"ASPA Orl\u00e2ndia (103)\" data-image-description=\"\" data-medium-file=\"https:\/\/www.colorado.com.br\/nosdacolorado\/wp-content\/uploads\/2023\/06\/ASPA-Orl\u00e2ndia-103-300x200.jpg\" data-large-file=\"https:\/\/www.colorado.com.br\/nosdacolorado\/wp-content\/uploads\/2023\/06\/ASPA-Orl\u00e2ndia-103-1024x683.jpg\" width=\"150\" height=\"150\" src=\"https:\/\/www.colorado.com.br\/nosdacolorado\/wp-content\/uploads\/2023\/06\/ASPA-Orl\u00e2ndia-103-150x150.jpg\" class=\"attachment-thumbnail size-thumbnail\" alt=\"\" srcset=\"https:\/\/www.colorado.com.br\/nosdacolorado\/wp-content\/uploads\/2023\/06\/ASPA-Orl\u00e2ndia-103-150x150.jpg 150w, https:\/\/www.colorado.com.br\/nosdacolorado\/wp-content\/uploads\/2023\/06\/ASPA-Orl\u00e2ndia-103-100x100.jpg 100w, https:\/\/www.colorado.com.br\/nosdacolorado\/wp-content\/uploads\/2023\/06\/ASPA-Orl\u00e2ndia-103-140x140.jpg 140w, https:\/\/www.colorado.com.br\/nosdacolorado\/wp-content\/uploads\/2023\/06\/ASPA-Orl\u00e2ndia-103-500x500.jpg 500w, https:\/\/www.colorado.com.br\/nosdacolorado\/wp-content\/uploads\/2023\/06\/ASPA-Orl\u00e2ndia-103-350x350.jpg 350w, https:\/\/www.colorado.com.br\/nosdacolorado\/wp-content\/uploads\/2023\/06\/ASPA-Orl\u00e2ndia-103-1000x1000.jpg 1000w, https:\/\/www.colorado.com.br\/nosdacolorado\/wp-content\/uploads\/2023\/06\/ASPA-Orl\u00e2ndia-103-800x800.jpg 800w\" sizes=\"auto, (max-width: 150px) 100vw, 150px\" \/><\/a>\n\t\t\t<\/dt><\/dl><dl class='gallery-item'>\n\t\t\t<dt class='gallery-icon portrait'>\n\t\t\t\t<a href='https:\/\/www.colorado.com.br\/nosdacolorado\/wp-content\/uploads\/2023\/06\/ASPA-Orl\u00e2ndia-104.jpg'><img loading=\"lazy\" decoding=\"async\" data-attachment-id=\"20925\" data-orig-file=\"https:\/\/www.colorado.com.br\/nosdacolorado\/wp-content\/uploads\/2023\/06\/ASPA-Orl\u00e2ndia-104.jpg\" data-orig-size=\"1280,1920\" data-comments-opened=\"1\" data-image-meta=\"{&quot;aperture&quot;:&quot;1.8&quot;,&quot;credit&quot;:&quot;&quot;,&quot;camera&quot;:&quot;ILCE-6400&quot;,&quot;caption&quot;:&quot;&quot;,&quot;created_timestamp&quot;:&quot;1687296071&quot;,&quot;copyright&quot;:&quot;&quot;,&quot;focal_length&quot;:&quot;35&quot;,&quot;iso&quot;:&quot;500&quot;,&quot;shutter_speed&quot;:&quot;0.005&quot;,&quot;title&quot;:&quot;&quot;,&quot;orientation&quot;:&quot;0&quot;,&quot;keywords&quot;:&quot;Array&quot;}\" data-image-title=\"ASPA Orl\u00e2ndia (104)\" data-image-description=\"\" data-medium-file=\"https:\/\/www.colorado.com.br\/nosdacolorado\/wp-content\/uploads\/2023\/06\/ASPA-Orl\u00e2ndia-104-200x300.jpg\" data-large-file=\"https:\/\/www.colorado.com.br\/nosdacolorado\/wp-content\/uploads\/2023\/06\/ASPA-Orl\u00e2ndia-104-683x1024.jpg\" width=\"150\" height=\"150\" src=\"https:\/\/www.colorado.com.br\/nosdacolorado\/wp-content\/uploads\/2023\/06\/ASPA-Orl\u00e2ndia-104-150x150.jpg\" class=\"attachment-thumbnail size-thumbnail\" alt=\"\" srcset=\"https:\/\/www.colorado.com.br\/nosdacolorado\/wp-content\/uploads\/2023\/06\/ASPA-Orl\u00e2ndia-104-150x150.jpg 150w, https:\/\/www.colorado.com.br\/nosdacolorado\/wp-content\/uploads\/2023\/06\/ASPA-Orl\u00e2ndia-104-100x100.jpg 100w, https:\/\/www.colorado.com.br\/nosdacolorado\/wp-content\/uploads\/2023\/06\/ASPA-Orl\u00e2ndia-104-140x140.jpg 140w, https:\/\/www.colorado.com.br\/nosdacolorado\/wp-content\/uploads\/2023\/06\/ASPA-Orl\u00e2ndia-104-500x500.jpg 500w, https:\/\/www.colorado.com.br\/nosdacolorado\/wp-content\/uploads\/2023\/06\/ASPA-Orl\u00e2ndia-104-350x350.jpg 350w, https:\/\/www.colorado.com.br\/nosdacolorado\/wp-content\/uploads\/2023\/06\/ASPA-Orl\u00e2ndia-104-1000x1000.jpg 1000w, https:\/\/www.colorado.com.br\/nosdacolorado\/wp-content\/uploads\/2023\/06\/ASPA-Orl\u00e2ndia-104-800x800.jpg 800w\" sizes=\"auto, (max-width: 150px) 100vw, 150px\" \/><\/a>\n\t\t\t<\/dt><\/dl><dl class='gallery-item'>\n\t\t\t<dt class='gallery-icon landscape'>\n\t\t\t\t<a href='https:\/\/www.colorado.com.br\/nosdacolorado\/wp-content\/uploads\/2023\/06\/ASPA-Orl\u00e2ndia-105.jpg'><img loading=\"lazy\" decoding=\"async\" data-attachment-id=\"20926\" data-orig-file=\"https:\/\/www.colorado.com.br\/nosdacolorado\/wp-content\/uploads\/2023\/06\/ASPA-Orl\u00e2ndia-105.jpg\" data-orig-size=\"1920,1280\" data-comments-opened=\"1\" data-image-meta=\"{&quot;aperture&quot;:&quot;1.8&quot;,&quot;credit&quot;:&quot;&quot;,&quot;camera&quot;:&quot;ILCE-6400&quot;,&quot;caption&quot;:&quot;&quot;,&quot;created_timestamp&quot;:&quot;1687296078&quot;,&quot;copyright&quot;:&quot;&quot;,&quot;focal_length&quot;:&quot;35&quot;,&quot;iso&quot;:&quot;500&quot;,&quot;shutter_speed&quot;:&quot;0.005&quot;,&quot;title&quot;:&quot;&quot;,&quot;orientation&quot;:&quot;0&quot;,&quot;keywords&quot;:&quot;Array&quot;}\" data-image-title=\"ASPA Orl\u00e2ndia (105)\" data-image-description=\"\" data-medium-file=\"https:\/\/www.colorado.com.br\/nosdacolorado\/wp-content\/uploads\/2023\/06\/ASPA-Orl\u00e2ndia-105-300x200.jpg\" data-large-file=\"https:\/\/www.colorado.com.br\/nosdacolorado\/wp-content\/uploads\/2023\/06\/ASPA-Orl\u00e2ndia-105-1024x683.jpg\" width=\"150\" height=\"150\" src=\"https:\/\/www.colorado.com.br\/nosdacolorado\/wp-content\/uploads\/2023\/06\/ASPA-Orl\u00e2ndia-105-150x150.jpg\" class=\"attachment-thumbnail size-thumbnail\" alt=\"\" srcset=\"https:\/\/www.colorado.com.br\/nosdacolorado\/wp-content\/uploads\/2023\/06\/ASPA-Orl\u00e2ndia-105-150x150.jpg 150w, https:\/\/www.colorado.com.br\/nosdacolorado\/wp-content\/uploads\/2023\/06\/ASPA-Orl\u00e2ndia-105-100x100.jpg 100w, https:\/\/www.colorado.com.br\/nosdacolorado\/wp-content\/uploads\/2023\/06\/ASPA-Orl\u00e2ndia-105-140x140.jpg 140w, https:\/\/www.colorado.com.br\/nosdacolorado\/wp-content\/uploads\/2023\/06\/ASPA-Orl\u00e2ndia-105-500x500.jpg 500w, https:\/\/www.colorado.com.br\/nosdacolorado\/wp-content\/uploads\/2023\/06\/ASPA-Orl\u00e2ndia-105-350x350.jpg 350w, https:\/\/www.colorado.com.br\/nosdacolorado\/wp-content\/uploads\/2023\/06\/ASPA-Orl\u00e2ndia-105-1000x1000.jpg 1000w, https:\/\/www.colorado.com.br\/nosdacolorado\/wp-content\/uploads\/2023\/06\/ASPA-Orl\u00e2ndia-105-800x800.jpg 800w\" sizes=\"auto, (max-width: 150px) 100vw, 150px\" \/><\/a>\n\t\t\t<\/dt><\/dl><br style=\"clear: both\" \/><dl class='gallery-item'>\n\t\t\t<dt class='gallery-icon portrait'>\n\t\t\t\t<a href='https:\/\/www.colorado.com.br\/nosdacolorado\/wp-content\/uploads\/2023\/06\/ASPA-Orl\u00e2ndia-106.jpg'><img loading=\"lazy\" decoding=\"async\" data-attachment-id=\"20927\" data-orig-file=\"https:\/\/www.colorado.com.br\/nosdacolorado\/wp-content\/uploads\/2023\/06\/ASPA-Orl\u00e2ndia-106.jpg\" data-orig-size=\"1280,1920\" data-comments-opened=\"1\" data-image-meta=\"{&quot;aperture&quot;:&quot;1.8&quot;,&quot;credit&quot;:&quot;&quot;,&quot;camera&quot;:&quot;ILCE-6400&quot;,&quot;caption&quot;:&quot;&quot;,&quot;created_timestamp&quot;:&quot;1687296089&quot;,&quot;copyright&quot;:&quot;&quot;,&quot;focal_length&quot;:&quot;35&quot;,&quot;iso&quot;:&quot;500&quot;,&quot;shutter_speed&quot;:&quot;0.008&quot;,&quot;title&quot;:&quot;&quot;,&quot;orientation&quot;:&quot;0&quot;,&quot;keywords&quot;:&quot;Array&quot;}\" data-image-title=\"ASPA Orl\u00e2ndia (106)\" data-image-description=\"\" data-medium-file=\"https:\/\/www.colorado.com.br\/nosdacolorado\/wp-content\/uploads\/2023\/06\/ASPA-Orl\u00e2ndia-106-200x300.jpg\" data-large-file=\"https:\/\/www.colorado.com.br\/nosdacolorado\/wp-content\/uploads\/2023\/06\/ASPA-Orl\u00e2ndia-106-683x1024.jpg\" width=\"150\" height=\"150\" src=\"https:\/\/www.colorado.com.br\/nosdacolorado\/wp-content\/uploads\/2023\/06\/ASPA-Orl\u00e2ndia-106-150x150.jpg\" class=\"attachment-thumbnail size-thumbnail\" alt=\"\" srcset=\"https:\/\/www.colorado.com.br\/nosdacolorado\/wp-content\/uploads\/2023\/06\/ASPA-Orl\u00e2ndia-106-150x150.jpg 150w, https:\/\/www.colorado.com.br\/nosdacolorado\/wp-content\/uploads\/2023\/06\/ASPA-Orl\u00e2ndia-106-100x100.jpg 100w, https:\/\/www.colorado.com.br\/nosdacolorado\/wp-content\/uploads\/2023\/06\/ASPA-Orl\u00e2ndia-106-140x140.jpg 140w, https:\/\/www.colorado.com.br\/nosdacolorado\/wp-content\/uploads\/2023\/06\/ASPA-Orl\u00e2ndia-106-500x500.jpg 500w, https:\/\/www.colorado.com.br\/nosdacolorado\/wp-content\/uploads\/2023\/06\/ASPA-Orl\u00e2ndia-106-350x350.jpg 350w, https:\/\/www.colorado.com.br\/nosdacolorado\/wp-content\/uploads\/2023\/06\/ASPA-Orl\u00e2ndia-106-1000x1000.jpg 1000w, https:\/\/www.colorado.com.br\/nosdacolorado\/wp-content\/uploads\/2023\/06\/ASPA-Orl\u00e2ndia-106-800x800.jpg 800w\" sizes=\"auto, (max-width: 150px) 100vw, 150px\" \/><\/a>\n\t\t\t<\/dt><\/dl><dl class='gallery-item'>\n\t\t\t<dt class='gallery-icon portrait'>\n\t\t\t\t<a href='https:\/\/www.colorado.com.br\/nosdacolorado\/wp-content\/uploads\/2023\/06\/ASPA-Orl\u00e2ndia-107.jpg'><img loading=\"lazy\" decoding=\"async\" data-attachment-id=\"20928\" data-orig-file=\"https:\/\/www.colorado.com.br\/nosdacolorado\/wp-content\/uploads\/2023\/06\/ASPA-Orl\u00e2ndia-107.jpg\" data-orig-size=\"1280,1920\" data-comments-opened=\"1\" data-image-meta=\"{&quot;aperture&quot;:&quot;1.8&quot;,&quot;credit&quot;:&quot;&quot;,&quot;camera&quot;:&quot;ILCE-6400&quot;,&quot;caption&quot;:&quot;&quot;,&quot;created_timestamp&quot;:&quot;1687296115&quot;,&quot;copyright&quot;:&quot;&quot;,&quot;focal_length&quot;:&quot;35&quot;,&quot;iso&quot;:&quot;500&quot;,&quot;shutter_speed&quot;:&quot;0.008&quot;,&quot;title&quot;:&quot;&quot;,&quot;orientation&quot;:&quot;0&quot;,&quot;keywords&quot;:&quot;Array&quot;}\" data-image-title=\"ASPA Orl\u00e2ndia (107)\" data-image-description=\"\" data-medium-file=\"https:\/\/www.colorado.com.br\/nosdacolorado\/wp-content\/uploads\/2023\/06\/ASPA-Orl\u00e2ndia-107-200x300.jpg\" data-large-file=\"https:\/\/www.colorado.com.br\/nosdacolorado\/wp-content\/uploads\/2023\/06\/ASPA-Orl\u00e2ndia-107-683x1024.jpg\" width=\"150\" height=\"150\" src=\"https:\/\/www.colorado.com.br\/nosdacolorado\/wp-content\/uploads\/2023\/06\/ASPA-Orl\u00e2ndia-107-150x150.jpg\" class=\"attachment-thumbnail size-thumbnail\" alt=\"\" srcset=\"https:\/\/www.colorado.com.br\/nosdacolorado\/wp-content\/uploads\/2023\/06\/ASPA-Orl\u00e2ndia-107-150x150.jpg 150w, https:\/\/www.colorado.com.br\/nosdacolorado\/wp-content\/uploads\/2023\/06\/ASPA-Orl\u00e2ndia-107-100x100.jpg 100w, https:\/\/www.colorado.com.br\/nosdacolorado\/wp-content\/uploads\/2023\/06\/ASPA-Orl\u00e2ndia-107-140x140.jpg 140w, https:\/\/www.colorado.com.br\/nosdacolorado\/wp-content\/uploads\/2023\/06\/ASPA-Orl\u00e2ndia-107-500x500.jpg 500w, https:\/\/www.colorado.com.br\/nosdacolorado\/wp-content\/uploads\/2023\/06\/ASPA-Orl\u00e2ndia-107-350x350.jpg 350w, https:\/\/www.colorado.com.br\/nosdacolorado\/wp-content\/uploads\/2023\/06\/ASPA-Orl\u00e2ndia-107-1000x1000.jpg 1000w, https:\/\/www.colorado.com.br\/nosdacolorado\/wp-content\/uploads\/2023\/06\/ASPA-Orl\u00e2ndia-107-800x800.jpg 800w\" sizes=\"auto, (max-width: 150px) 100vw, 150px\" \/><\/a>\n\t\t\t<\/dt><\/dl><dl class='gallery-item'>\n\t\t\t<dt class='gallery-icon portrait'>\n\t\t\t\t<a href='https:\/\/www.colorado.com.br\/nosdacolorado\/wp-content\/uploads\/2023\/06\/ASPA-Orl\u00e2ndia-108.jpg'><img loading=\"lazy\" decoding=\"async\" data-attachment-id=\"20929\" data-orig-file=\"https:\/\/www.colorado.com.br\/nosdacolorado\/wp-content\/uploads\/2023\/06\/ASPA-Orl\u00e2ndia-108.jpg\" data-orig-size=\"1280,1920\" data-comments-opened=\"1\" data-image-meta=\"{&quot;aperture&quot;:&quot;1.8&quot;,&quot;credit&quot;:&quot;&quot;,&quot;camera&quot;:&quot;ILCE-6400&quot;,&quot;caption&quot;:&quot;&quot;,&quot;created_timestamp&quot;:&quot;1687296119&quot;,&quot;copyright&quot;:&quot;&quot;,&quot;focal_length&quot;:&quot;35&quot;,&quot;iso&quot;:&quot;500&quot;,&quot;shutter_speed&quot;:&quot;0.008&quot;,&quot;title&quot;:&quot;&quot;,&quot;orientation&quot;:&quot;0&quot;,&quot;keywords&quot;:&quot;Array&quot;}\" data-image-title=\"ASPA Orl\u00e2ndia (108)\" data-image-description=\"\" data-medium-file=\"https:\/\/www.colorado.com.br\/nosdacolorado\/wp-content\/uploads\/2023\/06\/ASPA-Orl\u00e2ndia-108-200x300.jpg\" data-large-file=\"https:\/\/www.colorado.com.br\/nosdacolorado\/wp-content\/uploads\/2023\/06\/ASPA-Orl\u00e2ndia-108-683x1024.jpg\" width=\"150\" height=\"150\" src=\"https:\/\/www.colorado.com.br\/nosdacolorado\/wp-content\/uploads\/2023\/06\/ASPA-Orl\u00e2ndia-108-150x150.jpg\" class=\"attachment-thumbnail size-thumbnail\" alt=\"\" srcset=\"https:\/\/www.colorado.com.br\/nosdacolorado\/wp-content\/uploads\/2023\/06\/ASPA-Orl\u00e2ndia-108-150x150.jpg 150w, https:\/\/www.colorado.com.br\/nosdacolorado\/wp-content\/uploads\/2023\/06\/ASPA-Orl\u00e2ndia-108-100x100.jpg 100w, https:\/\/www.colorado.com.br\/nosdacolorado\/wp-content\/uploads\/2023\/06\/ASPA-Orl\u00e2ndia-108-140x140.jpg 140w, https:\/\/www.colorado.com.br\/nosdacolorado\/wp-content\/uploads\/2023\/06\/ASPA-Orl\u00e2ndia-108-500x500.jpg 500w, https:\/\/www.colorado.com.br\/nosdacolorado\/wp-content\/uploads\/2023\/06\/ASPA-Orl\u00e2ndia-108-350x350.jpg 350w, https:\/\/www.colorado.com.br\/nosdacolorado\/wp-content\/uploads\/2023\/06\/ASPA-Orl\u00e2ndia-108-1000x1000.jpg 1000w, https:\/\/www.colorado.com.br\/nosdacolorado\/wp-content\/uploads\/2023\/06\/ASPA-Orl\u00e2ndia-108-800x800.jpg 800w\" sizes=\"auto, (max-width: 150px) 100vw, 150px\" \/><\/a>\n\t\t\t<\/dt><\/dl><dl class='gallery-item'>\n\t\t\t<dt class='gallery-icon portrait'>\n\t\t\t\t<a href='https:\/\/www.colorado.com.br\/nosdacolorado\/wp-content\/uploads\/2023\/06\/ASPA-Orl\u00e2ndia-109.jpg'><img loading=\"lazy\" decoding=\"async\" data-attachment-id=\"20930\" data-orig-file=\"https:\/\/www.colorado.com.br\/nosdacolorado\/wp-content\/uploads\/2023\/06\/ASPA-Orl\u00e2ndia-109.jpg\" data-orig-size=\"1280,1920\" data-comments-opened=\"1\" data-image-meta=\"{&quot;aperture&quot;:&quot;1.8&quot;,&quot;credit&quot;:&quot;&quot;,&quot;camera&quot;:&quot;ILCE-6400&quot;,&quot;caption&quot;:&quot;&quot;,&quot;created_timestamp&quot;:&quot;1687296121&quot;,&quot;copyright&quot;:&quot;&quot;,&quot;focal_length&quot;:&quot;35&quot;,&quot;iso&quot;:&quot;500&quot;,&quot;shutter_speed&quot;:&quot;0.008&quot;,&quot;title&quot;:&quot;&quot;,&quot;orientation&quot;:&quot;0&quot;,&quot;keywords&quot;:&quot;Array&quot;}\" data-image-title=\"ASPA Orl\u00e2ndia (109)\" data-image-description=\"\" data-medium-file=\"https:\/\/www.colorado.com.br\/nosdacolorado\/wp-content\/uploads\/2023\/06\/ASPA-Orl\u00e2ndia-109-200x300.jpg\" data-large-file=\"https:\/\/www.colorado.com.br\/nosdacolorado\/wp-content\/uploads\/2023\/06\/ASPA-Orl\u00e2ndia-109-683x1024.jpg\" width=\"150\" height=\"150\" src=\"https:\/\/www.colorado.com.br\/nosdacolorado\/wp-content\/uploads\/2023\/06\/ASPA-Orl\u00e2ndia-109-150x150.jpg\" class=\"attachment-thumbnail size-thumbnail\" alt=\"\" srcset=\"https:\/\/www.colorado.com.br\/nosdacolorado\/wp-content\/uploads\/2023\/06\/ASPA-Orl\u00e2ndia-109-150x150.jpg 150w, https:\/\/www.colorado.com.br\/nosdacolorado\/wp-content\/uploads\/2023\/06\/ASPA-Orl\u00e2ndia-109-100x100.jpg 100w, https:\/\/www.colorado.com.br\/nosdacolorado\/wp-content\/uploads\/2023\/06\/ASPA-Orl\u00e2ndia-109-140x140.jpg 140w, https:\/\/www.colorado.com.br\/nosdacolorado\/wp-content\/uploads\/2023\/06\/ASPA-Orl\u00e2ndia-109-500x500.jpg 500w, https:\/\/www.colorado.com.br\/nosdacolorado\/wp-content\/uploads\/2023\/06\/ASPA-Orl\u00e2ndia-109-350x350.jpg 350w, https:\/\/www.colorado.com.br\/nosdacolorado\/wp-content\/uploads\/2023\/06\/ASPA-Orl\u00e2ndia-109-1000x1000.jpg 1000w, https:\/\/www.colorado.com.br\/nosdacolorado\/wp-content\/uploads\/2023\/06\/ASPA-Orl\u00e2ndia-109-800x800.jpg 800w\" sizes=\"auto, (max-width: 150px) 100vw, 150px\" \/><\/a>\n\t\t\t<\/dt><\/dl><dl class='gallery-item'>\n\t\t\t<dt class='gallery-icon portrait'>\n\t\t\t\t<a href='https:\/\/www.colorado.com.br\/nosdacolorado\/wp-content\/uploads\/2023\/06\/ASPA-Orl\u00e2ndia-110.jpg'><img loading=\"lazy\" decoding=\"async\" data-attachment-id=\"20931\" data-orig-file=\"https:\/\/www.colorado.com.br\/nosdacolorado\/wp-content\/uploads\/2023\/06\/ASPA-Orl\u00e2ndia-110.jpg\" data-orig-size=\"1280,1920\" data-comments-opened=\"1\" data-image-meta=\"{&quot;aperture&quot;:&quot;1.8&quot;,&quot;credit&quot;:&quot;&quot;,&quot;camera&quot;:&quot;ILCE-6400&quot;,&quot;caption&quot;:&quot;&quot;,&quot;created_timestamp&quot;:&quot;1687296128&quot;,&quot;copyright&quot;:&quot;&quot;,&quot;focal_length&quot;:&quot;35&quot;,&quot;iso&quot;:&quot;500&quot;,&quot;shutter_speed&quot;:&quot;0.008&quot;,&quot;title&quot;:&quot;&quot;,&quot;orientation&quot;:&quot;0&quot;,&quot;keywords&quot;:&quot;Array&quot;}\" data-image-title=\"ASPA Orl\u00e2ndia (110)\" data-image-description=\"\" data-medium-file=\"https:\/\/www.colorado.com.br\/nosdacolorado\/wp-content\/uploads\/2023\/06\/ASPA-Orl\u00e2ndia-110-200x300.jpg\" data-large-file=\"https:\/\/www.colorado.com.br\/nosdacolorado\/wp-content\/uploads\/2023\/06\/ASPA-Orl\u00e2ndia-110-683x1024.jpg\" width=\"150\" height=\"150\" src=\"https:\/\/www.colorado.com.br\/nosdacolorado\/wp-content\/uploads\/2023\/06\/ASPA-Orl\u00e2ndia-110-150x150.jpg\" class=\"attachment-thumbnail size-thumbnail\" alt=\"\" srcset=\"https:\/\/www.colorado.com.br\/nosdacolorado\/wp-content\/uploads\/2023\/06\/ASPA-Orl\u00e2ndia-110-150x150.jpg 150w, https:\/\/www.colorado.com.br\/nosdacolorado\/wp-content\/uploads\/2023\/06\/ASPA-Orl\u00e2ndia-110-100x100.jpg 100w, https:\/\/www.colorado.com.br\/nosdacolorado\/wp-content\/uploads\/2023\/06\/ASPA-Orl\u00e2ndia-110-140x140.jpg 140w, https:\/\/www.colorado.com.br\/nosdacolorado\/wp-content\/uploads\/2023\/06\/ASPA-Orl\u00e2ndia-110-500x500.jpg 500w, https:\/\/www.colorado.com.br\/nosdacolorado\/wp-content\/uploads\/2023\/06\/ASPA-Orl\u00e2ndia-110-350x350.jpg 350w, https:\/\/www.colorado.com.br\/nosdacolorado\/wp-content\/uploads\/2023\/06\/ASPA-Orl\u00e2ndia-110-1000x1000.jpg 1000w, https:\/\/www.colorado.com.br\/nosdacolorado\/wp-content\/uploads\/2023\/06\/ASPA-Orl\u00e2ndia-110-800x800.jpg 800w\" sizes=\"auto, (max-width: 150px) 100vw, 150px\" \/><\/a>\n\t\t\t<\/dt><\/dl><br style=\"clear: both\" \/>\n\t\t<\/div>\n\n","protected":false},"excerpt":{"rendered":"<p>Crian\u00e7as com idades entre 7 e 14 anos das cidades de Orl\u00e2ndia e Gua\u00edra j\u00e1 est\u00e3o sendo beneficiadas com aulas gratuitas do Projeto Basquete.com, com destina\u00e7\u00e3o de incentivo fiscal do&#8230;<\/p>\n","protected":false},"author":2,"featured_media":21131,"comment_status":"open","ping_status":"open","sticky":false,"template":"","format":"standard","meta":{"footnotes":""},"categories":[11,6],"tags":[],"class_list":{"0":"post-20821","1":"post","2":"type-post","3":"status-publish","4":"format-standard","5":"has-post-thumbnail","7":"category-acontece-na-colorado","8":"category-esporte"},"_links":{"self":[{"href":"https:\/\/www.colorado.com.br\/nosdacolorado\/wp-json\/wp\/v2\/posts\/20821","targetHints":{"allow":["GET"]}}],"collection":[{"href":"https:\/\/www.colorado.com.br\/nosdacolorado\/wp-json\/wp\/v2\/posts"}],"about":[{"href":"https:\/\/www.colorado.com.br\/nosdacolorado\/wp-json\/wp\/v2\/types\/post"}],"author":[{"embeddable":true,"href":"https:\/\/www.colorado.com.br\/nosdacolorado\/wp-json\/wp\/v2\/users\/2"}],"replies":[{"embeddable":true,"href":"https:\/\/www.colorado.com.br\/nosdacolorado\/wp-json\/wp\/v2\/comments?post=20821"}],"version-history":[{"count":1,"href":"https:\/\/www.colorado.com.br\/nosdacolorado\/wp-json\/wp\/v2\/posts\/20821\/revisions"}],"predecessor-version":[{"id":21165,"href":"https:\/\/www.colorado.com.br\/nosdacolorado\/wp-json\/wp\/v2\/posts\/20821\/revisions\/21165"}],"wp:featuredmedia":[{"embeddable":true,"href":"https:\/\/www.colorado.com.br\/nosdacolorado\/wp-json\/wp\/v2\/media\/21131"}],"wp:attachment":[{"href":"https:\/\/www.colorado.com.br\/nosdacolorado\/wp-json\/wp\/v2\/media?parent=20821"}],"wp:term":[{"taxonomy":"category","embeddable":true,"href":"https:\/\/www.colorado.com.br\/nosdacolorado\/wp-json\/wp\/v2\/categories?post=20821"},{"taxonomy":"post_tag","embeddable":true,"href":"https:\/\/www.colorado.com.br\/nosdacolorado\/wp-json\/wp\/v2\/tags?post=20821"}],"curies":[{"name":"wp","href":"https:\/\/api.w.org\/{rel}","templated":true}]}}