{"id":21475,"date":"2023-09-05T11:26:28","date_gmt":"2023-09-05T14:26:28","guid":{"rendered":"https:\/\/www.colorado.com.br\/nosdacolorado\/?p=21475"},"modified":"2023-09-05T13:51:48","modified_gmt":"2023-09-05T16:51:48","slug":"nutricionista-da-usina-colorado-conclui-curso-superior-de-tecnologia-em-gastronomia","status":"publish","type":"post","link":"https:\/\/www.colorado.com.br\/nosdacolorado\/nutricionista-da-usina-colorado-conclui-curso-superior-de-tecnologia-em-gastronomia\/","title":{"rendered":"ELA N\u00c3O PARA NUNCA: Nutricionista da Usina Colorado conclui Curso Superior de Tecnologia em Gastronomia"},"content":{"rendered":"<p>\u201cPara ter sucesso na carreira, um profissional precisa dominar a sua \u00e1rea de atua\u00e7\u00e3o e para isso \u00e9 fundamental n\u00e3o parar de aprender e evoluir, pois, as inova\u00e7\u00f5es est\u00e3o cada vez mais r\u00e1pidas e s\u00e3o aplicadas em todas as fun\u00e7\u00f5es, constantemente.\u201d A opini\u00e3o \u00e9 da nutricionista da Usina Colorado, Vera L\u00facia Pasquim, que est\u00e1 h\u00e1 31 anos na empresa e continua a investir na sua forma\u00e7\u00e3o. Vera acaba de concluir o Curso Superior de Tecnologia em Gastronomia: \u201cAprendi que Nutri\u00e7\u00e3o e Gastronomia precisam andar juntas, com o objetivo de trazer sa\u00fade e prazer na alimenta\u00e7\u00e3o. Enquanto \u00a0na Nutri\u00e7\u00e3o focamos mais na composi\u00e7\u00e3o dos alimentos e no seu valor nutricional, na Gastronomia estudamos t\u00e9cnicas de preparo de alimentos, bem como as rela\u00e7\u00f5es de sabor, mas o foco \u00e9 no paladar e no desenvolvimento de receitas que harmonizem o aroma, o sabor e o aspecto visual.\u201d<\/p>\n<p>E quem vai ganhar com esta forma\u00e7\u00e3o s\u00e3o os colaboradores do Grupo Colorado. Vera assina\u00a0 uma m\u00e9dia de 77 mil refei\u00e7\u00f5es servidas mensalmente no almo\u00e7o e no jantar no refeit\u00f3rio da Usina, al\u00e9m de 22 mil lanches: \u201cestou fazendo a fus\u00e3o dos conhecimentos adquiridos nos nossos card\u00e1pios para trazer mais prepara\u00e7\u00f5es saborosas e nutritivas.\u201d<\/p>\n<p>Vera L\u00facia Pasquim completa 31 anos no refeit\u00f3rio da Usina Colorado. Atualmente, lidera uma equipe formada por \u00a039 profissionais, entre os quais seis cozinheiras, um cozinheiro, 26 auxiliares de cozinha, tr\u00eas a\u00e7ougueiros, duas t\u00e9cnicas em nutri\u00e7\u00e3o e uma analista de controle de estoque).<\/p>\n<p><strong>A profissional \u00e9<\/strong><\/p>\n<p>T\u00e9cnica em nutri\u00e7\u00e3o pelo Centro Paula Sousa<\/p>\n<p>Nutricionista pela Unip<\/p>\n<p>Tecn\u00f3loga em Gastronomia pela Unifran<\/p>\n<p>E p\u00f3s-graduada pela UniRedentor em Nutri\u00e7\u00e3o Cl\u00ednica, Ortomolecular, Biofuncional e Fitoterapia<\/p>\n<p>&nbsp;<\/p>\n<p><strong>N\u00f3s da Colorado: Para uma profissional de larga experi\u00eancia como voc\u00ea, quais foram os destaques em termos da grade oferecida pelo Curso de Gastronomia?<\/strong><\/p>\n<p><strong>Vera L\u00facia Pasquim:<\/strong> Observei que o profissional de\u00a0Gastronomia\u00a0adquire conhecimentos que v\u00e3o muito al\u00e9m das habilidades t\u00e9cnicas para preparar os alimentos. Na grade, foram ofertadas disciplinas importantes, como a base da Nutri\u00e7\u00e3o e Seguran\u00e7a dos Alimentos, Gest\u00e3o e Controle, Legisla\u00e7\u00e3o aplicada, Lideran\u00e7a e boa comunica\u00e7\u00e3o para trabalhar em equipe.<\/p>\n<p><strong>N\u00f3s da Colorado: Em rela\u00e7\u00e3o \u00e0 sua viv\u00eancia profissional, houve algo que levou para docentes e outros alunos, contribuindo para o enriquecimento das aulas?<\/strong><\/p>\n<p><strong>Vera L\u00facia Pasquim:<\/strong> Como eu j\u00e1 trabalhava no restaurante da Usina Colorado, quando entrei na faculdade de Nutri\u00e7\u00e3o, em muitas aulas, tanto te\u00f3ricas com pr\u00e1ticas, pude contribuir com a minha experi\u00eancia em muitas disciplinas e contribui ainda mais no curso de gastronomia, pois j\u00e1 tinha mais conhecimento e alguns professores me perguntava se eu podia comentar sobre uma aula que estava sendo ministrada. Recebi o certificado de melhor aluna da Faculdade na disciplina de Unidade de alimenta\u00e7\u00e3o e nutri\u00e7\u00e3o. Fui convidada pela coordenadora da Faculdade de Nutri\u00e7\u00e3o para ser supervisora da cl\u00ednica de nutri\u00e7\u00e3o e pela diretora do Banco de leite de Ribeir\u00e3o Preto para fazer um trabalho cient\u00edfico junto a outros profissionais, mas que precisei recusar devido \u00e0 dist\u00e2ncia e \u00e0 \u00a0carga hor\u00e1ria.<\/p>\n<p><strong>N\u00f3s da Colorado: Como foi sua rotina durante as aulas? Como encontrou tempo para se dedicar aos estudos? Foi preciso disciplina para isso?<\/strong><\/p>\n<p><strong>Vera L\u00facia Pasquim:<\/strong> Na Faculdade de Nutri\u00e7\u00e3o, presencial em Ribeir\u00e3o Preto, frequentava as aulas de manh\u00e3 e trabalhava na Usina nos per\u00edodos da tarde e da noite. Complementava meus estudos a noite e nos finais de semana em casa. O curso de Gastronomia foi semipresencial e com aulas ao vivo duas vezes por semana, no per\u00edodo da noite e aos finais de semana. Tinha que gravar v\u00eddeos de confec\u00e7\u00e3o de pratos para apresenta\u00e7\u00e3o. Precisei ter disciplina e me dedicar muito.<\/p>\n<h2>\u201cTodas as pessoas deveriam se interessar pela nutri\u00e7\u00e3o\u201d<\/h2>\n<p>O exemplo vem de casa: a nutricionista Vera L\u00facia Pasquim j\u00e1 est\u00e1 ensinando preceitos da boa alimenta\u00e7\u00e3o para seus netos.<\/p>\n\n\t\t<style type=\"text\/css\">\n\t\t\t#gallery-1 {\n\t\t\t\tmargin: auto;\n\t\t\t}\n\t\t\t#gallery-1 .gallery-item {\n\t\t\t\tfloat: left;\n\t\t\t\tmargin-top: 10px;\n\t\t\t\ttext-align: center;\n\t\t\t\twidth: 50%;\n\t\t\t}\n\t\t\t#gallery-1 img {\n\t\t\t\tborder: 2px solid #cfcfcf;\n\t\t\t}\n\t\t\t#gallery-1 .gallery-caption {\n\t\t\t\tmargin-left: 0;\n\t\t\t}\n\t\t\t\/* see gallery_shortcode() in wp-includes\/media.php *\/\n\t\t<\/style>\n\t\t<div data-carousel-extra='{\"blog_id\":1,\"permalink\":\"https:\\\/\\\/www.colorado.com.br\\\/nosdacolorado\\\/nutricionista-da-usina-colorado-conclui-curso-superior-de-tecnologia-em-gastronomia\\\/\"}' id='gallery-1' class='gallery galleryid-21475 gallery-columns-2 gallery-size-medium'><dl class='gallery-item'>\n\t\t\t<dt class='gallery-icon portrait'>\n\t\t\t\t<a href='https:\/\/www.colorado.com.br\/nosdacolorado\/wp-content\/uploads\/2023\/09\/neta.png'><img loading=\"lazy\" decoding=\"async\" data-attachment-id=\"21476\" data-orig-file=\"https:\/\/www.colorado.com.br\/nosdacolorado\/wp-content\/uploads\/2023\/09\/neta.png\" data-orig-size=\"578,620\" data-comments-opened=\"1\" data-image-meta=\"{&quot;aperture&quot;:&quot;0&quot;,&quot;credit&quot;:&quot;&quot;,&quot;camera&quot;:&quot;&quot;,&quot;caption&quot;:&quot;&quot;,&quot;created_timestamp&quot;:&quot;0&quot;,&quot;copyright&quot;:&quot;&quot;,&quot;focal_length&quot;:&quot;0&quot;,&quot;iso&quot;:&quot;0&quot;,&quot;shutter_speed&quot;:&quot;0&quot;,&quot;title&quot;:&quot;&quot;,&quot;orientation&quot;:&quot;0&quot;,&quot;keywords&quot;:&quot;Array&quot;}\" data-image-title=\"neta\" data-image-description=\"\" data-medium-file=\"https:\/\/www.colorado.com.br\/nosdacolorado\/wp-content\/uploads\/2023\/09\/neta-280x300.png\" data-large-file=\"https:\/\/www.colorado.com.br\/nosdacolorado\/wp-content\/uploads\/2023\/09\/neta.png\" width=\"280\" height=\"300\" src=\"https:\/\/www.colorado.com.br\/nosdacolorado\/wp-content\/uploads\/2023\/09\/neta-280x300.png\" class=\"attachment-medium size-medium\" alt=\"\" srcset=\"https:\/\/www.colorado.com.br\/nosdacolorado\/wp-content\/uploads\/2023\/09\/neta-280x300.png 280w, https:\/\/www.colorado.com.br\/nosdacolorado\/wp-content\/uploads\/2023\/09\/neta.png 578w\" sizes=\"auto, (max-width: 280px) 100vw, 280px\" \/><\/a>\n\t\t\t<\/dt><\/dl><dl class='gallery-item'>\n\t\t\t<dt class='gallery-icon portrait'>\n\t\t\t\t<a href='https:\/\/www.colorado.com.br\/nosdacolorado\/wp-content\/uploads\/2023\/09\/neto.png'><img loading=\"lazy\" decoding=\"async\" data-attachment-id=\"21477\" data-orig-file=\"https:\/\/www.colorado.com.br\/nosdacolorado\/wp-content\/uploads\/2023\/09\/neto.png\" data-orig-size=\"304,398\" data-comments-opened=\"1\" data-image-meta=\"{&quot;aperture&quot;:&quot;0&quot;,&quot;credit&quot;:&quot;&quot;,&quot;camera&quot;:&quot;&quot;,&quot;caption&quot;:&quot;&quot;,&quot;created_timestamp&quot;:&quot;0&quot;,&quot;copyright&quot;:&quot;&quot;,&quot;focal_length&quot;:&quot;0&quot;,&quot;iso&quot;:&quot;0&quot;,&quot;shutter_speed&quot;:&quot;0&quot;,&quot;title&quot;:&quot;&quot;,&quot;orientation&quot;:&quot;0&quot;,&quot;keywords&quot;:&quot;Array&quot;}\" data-image-title=\"neto\" data-image-description=\"\" data-medium-file=\"https:\/\/www.colorado.com.br\/nosdacolorado\/wp-content\/uploads\/2023\/09\/neto-229x300.png\" data-large-file=\"https:\/\/www.colorado.com.br\/nosdacolorado\/wp-content\/uploads\/2023\/09\/neto.png\" width=\"229\" height=\"300\" src=\"https:\/\/www.colorado.com.br\/nosdacolorado\/wp-content\/uploads\/2023\/09\/neto-229x300.png\" class=\"attachment-medium size-medium\" alt=\"\" srcset=\"https:\/\/www.colorado.com.br\/nosdacolorado\/wp-content\/uploads\/2023\/09\/neto-229x300.png 229w, https:\/\/www.colorado.com.br\/nosdacolorado\/wp-content\/uploads\/2023\/09\/neto.png 304w\" sizes=\"auto, (max-width: 229px) 100vw, 229px\" \/><\/a>\n\t\t\t<\/dt><\/dl><br style=\"clear: both\" \/>\n\t\t<\/div>\n\n<p>\u201cFalar sobre a import\u00e2ncia da alimenta\u00e7\u00e3o \u00e9 o que eu mais gosto de fazer e em casa n\u00e3o \u00e9 diferente, procuro falar do valor nutricional dos alimentos, conhecer o que se come, saber fazer as melhores escolhas e qual \u00e9 a sua fun\u00e7\u00e3o no organismo. O meu neto Davi se interessa no valor nutricional dos alimentos, e a Luiza que tem 4 anos, demostra mais interesse pela culin\u00e1ria, pois sempre que pode, quer ajudar. Ela fala que est\u00e1 comendo um determinado alimento porque \u00e9 mais saud\u00e1vel e at\u00e9 j\u00e1 aprendeu as vitaminas presentes em alguns alimentos. Nas disciplinas das escolas que envolvem alimenta\u00e7\u00e3o, tanto do Davi quanto da Luiza, fa\u00e7o quest\u00e3o de participar e, se for em grupo, quero estar junto para orient\u00e1-los, pois sei que ser\u00e1 repassado para outros amigos.\u201d, conta Vera.<\/p>\n<p>A alimenta\u00e7\u00e3o possui papel fundamental na vida das pessoas. Al\u00e9m de ser uma necessidade b\u00e1sica, ela influ\u00eancia todo o organismo e, consequentemente, a sa\u00fade de cada um de n\u00f3s. Vera ressalta que, pessoas que possuem informa\u00e7\u00f5es sobre nutri\u00e7\u00e3o, conseguem economizar na cozinha e investir na sa\u00fade a partir da alimenta\u00e7\u00e3o.<\/p>\n<p>\u201cMuitas vezes, por falta de conhecimento, n\u00e3o aproveitamos os alimentos integralmente e partes dos alimentos que s\u00e3o descartados e que teve um custo, poderiam estar sendo acrescentados na pr\u00f3pria receita ou sendo utilizados no preparo de outras receitas e o mais importante, tem valor nutricional que faz bem para a sa\u00fade.\u00a0Um exemplo, s\u00e3o as cascas, talos e folhas de alimentos in natura de origem vegetal,\u00a0que s\u00e3o boas fontes de fibras, rica em nutrientes, geralmente t\u00eam menos calorias e contribui para a sa\u00fade e a preven\u00e7\u00e3o de doen\u00e7as. Sempre que poss\u00edvel, preparo no restaurante da Usina Colorado.\u201d<\/p>\n<h2><a href=\"https:\/\/www.colorado.com.br\/nosdacolorado\/wp-content\/uploads\/2023\/09\/selo.png\" rel=\"prettyPhoto[gallery-NIEU]\"><img loading=\"lazy\" decoding=\"async\" class=\"alignleft wp-image-21478 size-medium\" src=\"https:\/\/www.colorado.com.br\/nosdacolorado\/wp-content\/uploads\/2023\/09\/selo-225x300.png\" alt=\"\" width=\"225\" height=\"300\" srcset=\"https:\/\/www.colorado.com.br\/nosdacolorado\/wp-content\/uploads\/2023\/09\/selo-225x300.png 225w, https:\/\/www.colorado.com.br\/nosdacolorado\/wp-content\/uploads\/2023\/09\/selo.png 488w\" sizes=\"auto, (max-width: 225px) 100vw, 225px\" \/><\/a>Refeit\u00f3rio da Usina Colorado \u00e9 certificado em Desperd\u00edcio Zero<\/h2>\n<p>A mesma filosofia de evitar o desperd\u00edcio que vale para a cozinha da nossa casa, tamb\u00e9m vale para o refeit\u00f3rio da Usina Colorado que recebeu, em 2022, o selo Gass Solutions Desperd\u00edcio Zero.<\/p>\n<p>&nbsp;<\/p>\n","protected":false},"excerpt":{"rendered":"<p>\u201cPara ter sucesso na carreira, um profissional precisa dominar a sua \u00e1rea de atua\u00e7\u00e3o e para isso \u00e9 fundamental n\u00e3o parar de aprender e evoluir, pois, as inova\u00e7\u00f5es est\u00e3o cada&#8230;<\/p>\n","protected":false},"author":2,"featured_media":21482,"comment_status":"open","ping_status":"open","sticky":false,"template":"","format":"standard","meta":{"footnotes":""},"categories":[11],"tags":[],"class_list":{"0":"post-21475","1":"post","2":"type-post","3":"status-publish","4":"format-standard","5":"has-post-thumbnail","7":"category-acontece-na-colorado"},"_links":{"self":[{"href":"https:\/\/www.colorado.com.br\/nosdacolorado\/wp-json\/wp\/v2\/posts\/21475","targetHints":{"allow":["GET"]}}],"collection":[{"href":"https:\/\/www.colorado.com.br\/nosdacolorado\/wp-json\/wp\/v2\/posts"}],"about":[{"href":"https:\/\/www.colorado.com.br\/nosdacolorado\/wp-json\/wp\/v2\/types\/post"}],"author":[{"embeddable":true,"href":"https:\/\/www.colorado.com.br\/nosdacolorado\/wp-json\/wp\/v2\/users\/2"}],"replies":[{"embeddable":true,"href":"https:\/\/www.colorado.com.br\/nosdacolorado\/wp-json\/wp\/v2\/comments?post=21475"}],"version-history":[{"count":3,"href":"https:\/\/www.colorado.com.br\/nosdacolorado\/wp-json\/wp\/v2\/posts\/21475\/revisions"}],"predecessor-version":[{"id":21481,"href":"https:\/\/www.colorado.com.br\/nosdacolorado\/wp-json\/wp\/v2\/posts\/21475\/revisions\/21481"}],"wp:featuredmedia":[{"embeddable":true,"href":"https:\/\/www.colorado.com.br\/nosdacolorado\/wp-json\/wp\/v2\/media\/21482"}],"wp:attachment":[{"href":"https:\/\/www.colorado.com.br\/nosdacolorado\/wp-json\/wp\/v2\/media?parent=21475"}],"wp:term":[{"taxonomy":"category","embeddable":true,"href":"https:\/\/www.colorado.com.br\/nosdacolorado\/wp-json\/wp\/v2\/categories?post=21475"},{"taxonomy":"post_tag","embeddable":true,"href":"https:\/\/www.colorado.com.br\/nosdacolorado\/wp-json\/wp\/v2\/tags?post=21475"}],"curies":[{"name":"wp","href":"https:\/\/api.w.org\/{rel}","templated":true}]}}