{"id":2150,"date":"2019-12-30T10:46:42","date_gmt":"2019-12-30T12:46:42","guid":{"rendered":"http:\/\/www.colorado.com.br\/nosdacolorado\/?p=2150"},"modified":"2019-12-30T10:46:42","modified_gmt":"2019-12-30T12:46:42","slug":"o-que-esperar-de-2020-na-economia","status":"publish","type":"post","link":"https:\/\/www.colorado.com.br\/nosdacolorado\/o-que-esperar-de-2020-na-economia\/","title":{"rendered":"O que esperar de 2020 na economia"},"content":{"rendered":"<div class=\"row\">\n<section class=\"col-xs-12\">\n<div class=\"row\">\n<section class=\"col-xs-12 col-sm-offset-1 col-sm-11\">\n<article class=\"n--noticia__header \">\n<h2 class=\"n--noticia__subtitle\">Analistas mostram nessa s\u00e9rie de artigos que, apesar dos avan\u00e7os conseguidos este ano, houve muitas promessas frustradas e ainda h\u00e1 um longo caminho a se percorrer para que o Pa\u00eds retome o crescimento sustent\u00e1vel<\/h2>\n<\/article>\n<\/section>\n<\/div>\n<\/section>\n<\/div>\n<div class=\"row\">\n<section class=\"col-xs-12 main-news\">\n<div id=\"pw-P_1.3138422\" class=\"pw-container\" data-acesso=\"0\" data-coluna=\"\" data-categoria=\"\">\n<div id=\"sw-P_1.3138422\" class=\"pw-container\">\n<div class=\"row\">\n<section class=\"col-xs-12 col-sm-offset-1 col-sm-11\">\n<div class=\"row n--noticia__body\">\n<section class=\"col-xs-12 col-content col-center \">\n<div class=\"box area-select\">\n<div class=\"n--noticia__state \">\n<div class=\"n--noticia__state-desc\">\n<div class=\"n--noticia__state-title\">Reda\u00e7\u00e3o, O Estado de S.Paulo<\/div>\n<div><\/div>\n<\/div>\n<div>O ano que se encerra trouxe ineg\u00e1veis avan\u00e7os do ponto de\u00a0<strong><a href=\"https:\/\/tudo-sobre.estadao.com.br\/economia\">vista econ\u00f4mico para o Pa\u00eds<\/a><\/strong>. Depois de mais de 20 anos de discuss\u00f5es, a reforma da Previd\u00eancia foi, enfim, aprovada, trazendo perspectivas melhores para as contas p\u00fablicas nos pr\u00f3ximos anos. A\u00a0<strong><a href=\"https:\/\/tudo-sobre.estadao.com.br\/inflacao\">infla\u00e7\u00e3o<\/a><\/strong>\u00a0se manteve em n\u00edveis bastante comportados e a taxa de juros fecha o ano em 4,5%, patamar inimagin\u00e1vel h\u00e1 bem pouco tempo. Al\u00e9m disso, os indicadores econ\u00f4micos divulgados nos \u00faltimos meses apontam para uma acelera\u00e7\u00e3o da recupera\u00e7\u00e3o da atividade econ\u00f4mica \u2013 algo fundamental para que seja poss\u00edvel minimizar uma das nossas maiores mazelas atualmente, a\u00a0<strong><a href=\"https:\/\/tudo-sobre.estadao.com.br\/emprego-e-desemprego-trabalho\">ainda alta taxa de desemprego<\/a><\/strong>.<\/div>\n<div>\n<p>Mas tamb\u00e9m houve muita frustra\u00e7\u00e3o. A come\u00e7ar pelo pr\u00f3prio crescimento econ\u00f4mico, estimado em janeiro pelos economistas em algo em torno de 2,5%, mas que deve ficar mesmo pouco acima de 1%. Muitas promessas ficaram para tr\u00e1s, como lembram os especialistas que discutem, nessa edi\u00e7\u00e3o especial, os percal\u00e7os que o Brasil ter\u00e1 de enfrentar no pr\u00f3ximo ano para conseguir engatar, enfim, uma retomada sustent\u00e1vel.<\/p>\n<p>Para a economista\u00a0<strong><a href=\"https:\/\/tudo-sobre.estadao.com.br\/elena-landau\">Elena Landau<\/a><\/strong>, a prometida privatiza\u00e7\u00e3o ampla, geral e irrestrita tantas vezes prometida pelo governo acabou, neste ano, se resumindo a uma pol\u00edtica de venda de subsidi\u00e1rias de estatais. \u201cSe Bolsonaro n\u00e3o abra\u00e7ar a privatiza\u00e7\u00e3o, ser\u00e3o mais tr\u00eas anos de vendas no varejo\u201d, afirma.<\/p>\n<p>J\u00e1 a economista<strong><a href=\"https:\/\/tudo-sobre.estadao.com.br\/zeina-latif\">\u00a0Zeina Latif\u00a0<\/a><\/strong>lembra da import\u00e2ncia da reforma tribut\u00e1ria, cujo projeto o governo nem ao menos enviou ao Congresso neste ano. \u201cOs empres\u00e1rios deveriam se unir em favor de reformas do sistema tribut\u00e1rio, mas \u00e9 dif\u00edcil isso acontecer, pois h\u00e1 muitos interesses conflitantes\u201d, afirma. A reforma administrativa, outra promessa do Planalto, tamb\u00e9m ficou para come\u00e7ar a ser discutida em 2020.<\/p>\n<p>O problema, como lembra o cientista pol\u00edtico\u00a0<strong><a href=\"https:\/\/politica.estadao.com.br\/blogs\/carlos-melo\/tag\/pt\/\">Carlos Melo<\/a><\/strong>, \u00e9 que o pr\u00f3ximo ano, de elei\u00e7\u00f5es municipais, deve trazer um Congresso menos produtivo, com parlamentares mais preocupados com as disputas em suas bases. Discuss\u00f5es importantes talvez tenham ainda menos espa\u00e7o. Mas, segundo\u00a0<strong><a href=\"https:\/\/tudo-sobre.estadao.com.br\/barry-eichengreen\">Barry Eichengreen<\/a><\/strong>, professor da Universidade da Calif\u00f3rnia, \u00e9 o rumo das reformas que vai definir se o investidor estrangeiro vir\u00e1 ou n\u00e3o para o Brasil. Sem d\u00favida, ser\u00e1 um ano cheio de desafios.<\/p>\n<p>Confira, artigo por artigo, esta\u00a0<strong>s\u00e9rie especial\u00a0<\/strong>que mostra os avan\u00e7os j\u00e1 obtidos e o que ainda precisa ser feito para a retomada do crescimento econ\u00f4mico sustent\u00e1vel do Pa\u00eds.<\/p>\n<\/div>\n<p>&nbsp;<\/p>\n<\/div>\n<\/div>\n<\/section>\n<\/div>\n<\/section>\n<\/div>\n<\/div>\n<\/div>\n<\/section>\n<\/div>\n","protected":false},"excerpt":{"rendered":"<p>Analistas mostram nessa s\u00e9rie de artigos que, apesar dos avan\u00e7os conseguidos este ano, houve muitas promessas frustradas e ainda h\u00e1 um longo caminho a se percorrer para que o Pa\u00eds&#8230;<\/p>\n","protected":false},"author":2,"featured_media":2151,"comment_status":"open","ping_status":"open","sticky":false,"template":"","format":"standard","meta":{"footnotes":""},"categories":[1],"tags":[],"class_list":{"0":"post-2150","1":"post","2":"type-post","3":"status-publish","4":"format-standard","5":"has-post-thumbnail","7":"category-sem-categoria"},"_links":{"self":[{"href":"https:\/\/www.colorado.com.br\/nosdacolorado\/wp-json\/wp\/v2\/posts\/2150","targetHints":{"allow":["GET"]}}],"collection":[{"href":"https:\/\/www.colorado.com.br\/nosdacolorado\/wp-json\/wp\/v2\/posts"}],"about":[{"href":"https:\/\/www.colorado.com.br\/nosdacolorado\/wp-json\/wp\/v2\/types\/post"}],"author":[{"embeddable":true,"href":"https:\/\/www.colorado.com.br\/nosdacolorado\/wp-json\/wp\/v2\/users\/2"}],"replies":[{"embeddable":true,"href":"https:\/\/www.colorado.com.br\/nosdacolorado\/wp-json\/wp\/v2\/comments?post=2150"}],"version-history":[{"count":1,"href":"https:\/\/www.colorado.com.br\/nosdacolorado\/wp-json\/wp\/v2\/posts\/2150\/revisions"}],"predecessor-version":[{"id":2152,"href":"https:\/\/www.colorado.com.br\/nosdacolorado\/wp-json\/wp\/v2\/posts\/2150\/revisions\/2152"}],"wp:featuredmedia":[{"embeddable":true,"href":"https:\/\/www.colorado.com.br\/nosdacolorado\/wp-json\/wp\/v2\/media\/2151"}],"wp:attachment":[{"href":"https:\/\/www.colorado.com.br\/nosdacolorado\/wp-json\/wp\/v2\/media?parent=2150"}],"wp:term":[{"taxonomy":"category","embeddable":true,"href":"https:\/\/www.colorado.com.br\/nosdacolorado\/wp-json\/wp\/v2\/categories?post=2150"},{"taxonomy":"post_tag","embeddable":true,"href":"https:\/\/www.colorado.com.br\/nosdacolorado\/wp-json\/wp\/v2\/tags?post=2150"}],"curies":[{"name":"wp","href":"https:\/\/api.w.org\/{rel}","templated":true}]}}