{"id":21511,"date":"2023-09-14T10:07:13","date_gmt":"2023-09-14T13:07:13","guid":{"rendered":"https:\/\/www.colorado.com.br\/nosdacolorado\/?p=21511"},"modified":"2023-09-14T10:07:13","modified_gmt":"2023-09-14T13:07:13","slug":"empresas-do-grupo-colorado-recebem-certificado-de-parceria-por-destinarem-recursos-ao-hospital-de-amor","status":"publish","type":"post","link":"https:\/\/www.colorado.com.br\/nosdacolorado\/empresas-do-grupo-colorado-recebem-certificado-de-parceria-por-destinarem-recursos-ao-hospital-de-amor\/","title":{"rendered":"Empresas do Grupo Colorado recebem certificado de parceria, por destinarem recursos ao Hospital de Amor"},"content":{"rendered":"<p><a href=\"https:\/\/www.colorado.com.br\/nosdacolorado\/wp-content\/uploads\/2023\/09\/HA_01.jpeg\" rel=\"prettyPhoto[gallery-XQw1]\"><img loading=\"lazy\" decoding=\"async\" class=\"aligncenter size-full wp-image-21512\" src=\"https:\/\/www.colorado.com.br\/nosdacolorado\/wp-content\/uploads\/2023\/09\/HA_01.jpeg\" alt=\"\" width=\"1600\" height=\"900\" srcset=\"https:\/\/www.colorado.com.br\/nosdacolorado\/wp-content\/uploads\/2023\/09\/HA_01.jpeg 1600w, https:\/\/www.colorado.com.br\/nosdacolorado\/wp-content\/uploads\/2023\/09\/HA_01-300x169.jpeg 300w, https:\/\/www.colorado.com.br\/nosdacolorado\/wp-content\/uploads\/2023\/09\/HA_01-768x432.jpeg 768w, https:\/\/www.colorado.com.br\/nosdacolorado\/wp-content\/uploads\/2023\/09\/HA_01-1024x576.jpeg 1024w\" sizes=\"auto, (max-width: 1600px) 100vw, 1600px\" \/><\/a><\/p>\n<p>No ano de 2022, os incentivos direcionados pelas empresas do Grupo Colorado, totalizaram R$ 542.250,00 em recursos ao Hospital de Amor. Al\u00e9m de incentivos fiscais, a Usina Colorado tamb\u00e9m fez a doa\u00e7\u00e3o de megawatts de energia el\u00e9trica limpa e renov\u00e1vel, produzida por meio da biomassa da cana-de-a\u00e7\u00facar. Em reconhecimento, essas organiza\u00e7\u00f5es receberam o certificado de Empresa Parceira no ano de 2022. Os certificados foram concedidos \u00e0 supervisora de Comunica\u00e7\u00e3o e Responsabilidade Social do Grupo Colorado, Maria In\u00eas Marc\u00f3rio Guedes Moreira de Carvalho que representou a diretora de Responsabilidade do Grupo Colorado , Josimara Ribeiro de Mendon\u00e7a pelo diretor do Hospital de Amor, Henrique Morais Prata, pelo gerente de Parcerias Corporativas, Cleber de Moura Delal\u00edbera e pela coordenadora do Instituto Socioambiental da institui\u00e7\u00e3o, Aline Dias.<\/p>\n\n\t\t<style type=\"text\/css\">\n\t\t\t#gallery-1 {\n\t\t\t\tmargin: auto;\n\t\t\t}\n\t\t\t#gallery-1 .gallery-item {\n\t\t\t\tfloat: left;\n\t\t\t\tmargin-top: 10px;\n\t\t\t\ttext-align: center;\n\t\t\t\twidth: 50%;\n\t\t\t}\n\t\t\t#gallery-1 img {\n\t\t\t\tborder: 2px solid #cfcfcf;\n\t\t\t}\n\t\t\t#gallery-1 .gallery-caption {\n\t\t\t\tmargin-left: 0;\n\t\t\t}\n\t\t\t\/* see gallery_shortcode() in wp-includes\/media.php *\/\n\t\t<\/style>\n\t\t<div data-carousel-extra='{\"blog_id\":1,\"permalink\":\"https:\\\/\\\/www.colorado.com.br\\\/nosdacolorado\\\/empresas-do-grupo-colorado-recebem-certificado-de-parceria-por-destinarem-recursos-ao-hospital-de-amor\\\/\"}' id='gallery-1' class='gallery galleryid-21511 gallery-columns-2 gallery-size-full'><dl class='gallery-item'>\n\t\t\t<dt class='gallery-icon landscape'>\n\t\t\t\t<a href='https:\/\/www.colorado.com.br\/nosdacolorado\/wp-content\/uploads\/2023\/09\/HA_03.jpeg'><img loading=\"lazy\" decoding=\"async\" data-attachment-id=\"21514\" data-orig-file=\"https:\/\/www.colorado.com.br\/nosdacolorado\/wp-content\/uploads\/2023\/09\/HA_03.jpeg\" data-orig-size=\"1600,900\" data-comments-opened=\"1\" data-image-meta=\"{&quot;aperture&quot;:&quot;0&quot;,&quot;credit&quot;:&quot;&quot;,&quot;camera&quot;:&quot;&quot;,&quot;caption&quot;:&quot;&quot;,&quot;created_timestamp&quot;:&quot;0&quot;,&quot;copyright&quot;:&quot;&quot;,&quot;focal_length&quot;:&quot;0&quot;,&quot;iso&quot;:&quot;0&quot;,&quot;shutter_speed&quot;:&quot;0&quot;,&quot;title&quot;:&quot;&quot;,&quot;orientation&quot;:&quot;0&quot;,&quot;keywords&quot;:&quot;Array&quot;}\" data-image-title=\"HA_03\" data-image-description=\"\" data-medium-file=\"https:\/\/www.colorado.com.br\/nosdacolorado\/wp-content\/uploads\/2023\/09\/HA_03-300x169.jpeg\" data-large-file=\"https:\/\/www.colorado.com.br\/nosdacolorado\/wp-content\/uploads\/2023\/09\/HA_03-1024x576.jpeg\" width=\"1600\" height=\"900\" src=\"https:\/\/www.colorado.com.br\/nosdacolorado\/wp-content\/uploads\/2023\/09\/HA_03.jpeg\" class=\"attachment-full size-full\" alt=\"\" srcset=\"https:\/\/www.colorado.com.br\/nosdacolorado\/wp-content\/uploads\/2023\/09\/HA_03.jpeg 1600w, https:\/\/www.colorado.com.br\/nosdacolorado\/wp-content\/uploads\/2023\/09\/HA_03-300x169.jpeg 300w, https:\/\/www.colorado.com.br\/nosdacolorado\/wp-content\/uploads\/2023\/09\/HA_03-768x432.jpeg 768w, https:\/\/www.colorado.com.br\/nosdacolorado\/wp-content\/uploads\/2023\/09\/HA_03-1024x576.jpeg 1024w\" sizes=\"auto, (max-width: 1600px) 100vw, 1600px\" \/><\/a>\n\t\t\t<\/dt><\/dl><dl class='gallery-item'>\n\t\t\t<dt class='gallery-icon landscape'>\n\t\t\t\t<a href='https:\/\/www.colorado.com.br\/nosdacolorado\/wp-content\/uploads\/2023\/09\/HA_02.jpeg'><img loading=\"lazy\" decoding=\"async\" data-attachment-id=\"21513\" data-orig-file=\"https:\/\/www.colorado.com.br\/nosdacolorado\/wp-content\/uploads\/2023\/09\/HA_02.jpeg\" data-orig-size=\"1600,900\" data-comments-opened=\"1\" data-image-meta=\"{&quot;aperture&quot;:&quot;0&quot;,&quot;credit&quot;:&quot;&quot;,&quot;camera&quot;:&quot;&quot;,&quot;caption&quot;:&quot;&quot;,&quot;created_timestamp&quot;:&quot;0&quot;,&quot;copyright&quot;:&quot;&quot;,&quot;focal_length&quot;:&quot;0&quot;,&quot;iso&quot;:&quot;0&quot;,&quot;shutter_speed&quot;:&quot;0&quot;,&quot;title&quot;:&quot;&quot;,&quot;orientation&quot;:&quot;0&quot;,&quot;keywords&quot;:&quot;Array&quot;}\" data-image-title=\"HA_02\" data-image-description=\"\" data-medium-file=\"https:\/\/www.colorado.com.br\/nosdacolorado\/wp-content\/uploads\/2023\/09\/HA_02-300x169.jpeg\" data-large-file=\"https:\/\/www.colorado.com.br\/nosdacolorado\/wp-content\/uploads\/2023\/09\/HA_02-1024x576.jpeg\" width=\"1600\" height=\"900\" src=\"https:\/\/www.colorado.com.br\/nosdacolorado\/wp-content\/uploads\/2023\/09\/HA_02.jpeg\" class=\"attachment-full size-full\" alt=\"\" srcset=\"https:\/\/www.colorado.com.br\/nosdacolorado\/wp-content\/uploads\/2023\/09\/HA_02.jpeg 1600w, https:\/\/www.colorado.com.br\/nosdacolorado\/wp-content\/uploads\/2023\/09\/HA_02-300x169.jpeg 300w, https:\/\/www.colorado.com.br\/nosdacolorado\/wp-content\/uploads\/2023\/09\/HA_02-768x432.jpeg 768w, https:\/\/www.colorado.com.br\/nosdacolorado\/wp-content\/uploads\/2023\/09\/HA_02-1024x576.jpeg 1024w\" sizes=\"auto, (max-width: 1600px) 100vw, 1600px\" \/><\/a>\n\t\t\t<\/dt><\/dl><br style=\"clear: both\" \/>\n\t\t<\/div>\n\n<p>Como ressaltou o presidente Henrique Prata, que tamb\u00e9m participou do Encontro, o Hospital de Amor \u00e9 o S, de social, do ESG das empresas apoiadoras. \u201cOstentaremos com todo o orgulho o Certificado de empresa parceira recebido.\u00a0 Vivemos momentos de emo\u00e7\u00e3o intensa, participando da visita imersiva no Hospital de Amor e pudemos acompanhar de perto o lindo trabalho realizado, que ampara, cura e salva vidas. Os pacientes t\u00eam a certeza de n\u00e3o estarem sozinhos e seguem fortalecidos na luta mais importante de suas vidas. Essa causa tamb\u00e9m \u00e9 a nossa causa. O Hospital de Amor prima pela tecnologia, pelos seus equipamentos, mas se diferencia das demais institui\u00e7\u00f5es de atendimento a pacientes com c\u00e2ncer, sobretudo pelo acolhimento, dignidade e humaniza\u00e7\u00e3o na assist\u00eancia a cada paciente.\u201d, destacou Maria In\u00eas.<\/p>\n<p>Do montante total dos recursos direcionados pelas empresas do Grupo Colorado, R$ 400 mil foram destinados ao Plano Anual do Instituto Sociocultural do Hospital de C\u00e2ncer de Barretos e outros R$ 142,250 mil para o Projeto Hospital de Amor FMI Barretos.<\/p>\n<p><strong>Desafios<\/strong><\/p>\n<p>Prata lan\u00e7ou seu livro O Parque dos Lobos, no qual aborda a medicina privada do dinheiro limitando a pr\u00e1tica da sa\u00fade p\u00fablica.<\/p>\n<p>Durante o Encontro, Prata falou sobre os avan\u00e7os e desafios vivenciados pelo Hospital de Amor. E esses desafios n\u00e3o s\u00e3o pequenos: o Hospital precisa da sociedade para manter o seu trabalho. Isso porque,\u00a0 o poder p\u00fablico destina apenas 22% da verba necess\u00e1ria para custear o funcionamento da institui\u00e7\u00e3o, gerando um d\u00e9ficit mensal que ultrapassa os R$ 48 milh\u00f5es.<\/p>\n<p>O Hospital \u00e9 um patrim\u00f4nio da regi\u00e3o e de todo o Brasil, com 1.436.575\u00a0 de atendimentos prestados a pacientes de todo o pa\u00eds, somente no ano passado. Os n\u00fameros da regi\u00e3o tamb\u00e9m foram expressivos: no ano de 2022, um total de 19.013 pacientes das cidades de Gua\u00edra, Miguel\u00f3polis, Ipu\u00e3,\u00a0 Orl\u00e2ndia e Ituverava foram assistidos pela institui\u00e7\u00e3o. A maior parte por meio do Sistema \u00danico de Sa\u00fade.<\/p>\n<p>&nbsp;<\/p>\n<p><strong>Energia para a cura<\/strong><\/p>\n<p>Em uma verdadeira alian\u00e7a do Agro contra o c\u00e2ncer, a Usina Colorado tamb\u00e9m doa energia limpa produzida a partir da biomassa da cana-de-a\u00e7\u00facar contribuindo para o trabalho do Hospital, gerando, al\u00e9m de energia, impacto social que faz a diferen\u00e7a na vida da comunidade.<\/p>\n<p>S\u00e3o doados mensalmente ao Hospital de Amor de 100 Mega watts hora por m\u00eas de energia produzida a partir da biomassa da cana-de-a\u00e7\u00facar.\u00a0 Esse montante equivale \u00e0 energia consumida por cerca de 500 domic\u00edlios.<\/p>\n<p>A doa\u00e7\u00e3o formalizada pela Usina Colorado contribui para reduzir parte da conta de energia el\u00e9trica paga pelo Hospital. O recurso que deixa de ser destinado ao pagamento da conta de energia\u00a0 fortalece a capacidade do HA de atender a seus pacientes, investindo em alas, equipamentos, laborat\u00f3rios e outros setores.<\/p>\n<p>&nbsp;<\/p>\n<p><strong>Hospital de Amor assistiu a 19.013 pacientes da regi\u00e3o em 2022<\/strong><\/p>\n<table>\n<tbody>\n<tr>\n<td width=\"189\"><strong>Cidade<\/strong><\/td>\n<td width=\"189\"><strong>Pacientes Atendidos<\/strong><\/td>\n<td width=\"189\"><strong>N\u00famero de Atendimentos<\/strong><\/td>\n<\/tr>\n<tr>\n<td width=\"189\">Gua\u00edra<\/td>\n<td width=\"189\">5.846<\/td>\n<td width=\"189\">18.565<\/td>\n<\/tr>\n<tr>\n<td width=\"189\">Miguel\u00f3polis<\/td>\n<td width=\"189\">1.104<\/td>\n<td width=\"189\">2.643<\/td>\n<\/tr>\n<tr>\n<td width=\"189\">Ipu\u00e3<\/td>\n<td width=\"189\">1.063<\/td>\n<td width=\"189\">2.404<\/td>\n<\/tr>\n<tr>\n<td width=\"189\">Orl\u00e2ndia<\/td>\n<td width=\"189\">2.342<\/td>\n<td width=\"189\">5.372<\/td>\n<\/tr>\n<tr>\n<td width=\"189\">Ituverava<\/td>\n<td width=\"189\">2.812<\/td>\n<td width=\"189\">5.421<\/td>\n<\/tr>\n<tr>\n<td width=\"189\"><strong>Total<\/strong><\/td>\n<td width=\"189\"><strong>19.013<\/strong><\/td>\n<td width=\"189\"><strong>34.405<\/strong><\/td>\n<\/tr>\n<\/tbody>\n<\/table>\n<p>&nbsp;<\/p>\n\n\t\t<style type=\"text\/css\">\n\t\t\t#gallery-2 {\n\t\t\t\tmargin: auto;\n\t\t\t}\n\t\t\t#gallery-2 .gallery-item {\n\t\t\t\tfloat: left;\n\t\t\t\tmargin-top: 10px;\n\t\t\t\ttext-align: center;\n\t\t\t\twidth: 25%;\n\t\t\t}\n\t\t\t#gallery-2 img {\n\t\t\t\tborder: 2px solid #cfcfcf;\n\t\t\t}\n\t\t\t#gallery-2 .gallery-caption {\n\t\t\t\tmargin-left: 0;\n\t\t\t}\n\t\t\t\/* see gallery_shortcode() in wp-includes\/media.php *\/\n\t\t<\/style>\n\t\t<div data-carousel-extra='{\"blog_id\":1,\"permalink\":\"https:\\\/\\\/www.colorado.com.br\\\/nosdacolorado\\\/empresas-do-grupo-colorado-recebem-certificado-de-parceria-por-destinarem-recursos-ao-hospital-de-amor\\\/\"}' id='gallery-2' class='gallery galleryid-21511 gallery-columns-4 gallery-size-thumbnail'><dl class='gallery-item'>\n\t\t\t<dt class='gallery-icon portrait'>\n\t\t\t\t<a href='https:\/\/www.colorado.com.br\/nosdacolorado\/wp-content\/uploads\/2023\/09\/HA_06.jpeg'><img loading=\"lazy\" decoding=\"async\" data-attachment-id=\"21517\" data-orig-file=\"https:\/\/www.colorado.com.br\/nosdacolorado\/wp-content\/uploads\/2023\/09\/HA_06.jpeg\" data-orig-size=\"1200,1600\" data-comments-opened=\"1\" data-image-meta=\"{&quot;aperture&quot;:&quot;0&quot;,&quot;credit&quot;:&quot;&quot;,&quot;camera&quot;:&quot;&quot;,&quot;caption&quot;:&quot;&quot;,&quot;created_timestamp&quot;:&quot;0&quot;,&quot;copyright&quot;:&quot;&quot;,&quot;focal_length&quot;:&quot;0&quot;,&quot;iso&quot;:&quot;0&quot;,&quot;shutter_speed&quot;:&quot;0&quot;,&quot;title&quot;:&quot;&quot;,&quot;orientation&quot;:&quot;0&quot;,&quot;keywords&quot;:&quot;Array&quot;}\" data-image-title=\"HA_06\" data-image-description=\"\" data-medium-file=\"https:\/\/www.colorado.com.br\/nosdacolorado\/wp-content\/uploads\/2023\/09\/HA_06-225x300.jpeg\" data-large-file=\"https:\/\/www.colorado.com.br\/nosdacolorado\/wp-content\/uploads\/2023\/09\/HA_06-768x1024.jpeg\" width=\"150\" height=\"150\" src=\"https:\/\/www.colorado.com.br\/nosdacolorado\/wp-content\/uploads\/2023\/09\/HA_06-150x150.jpeg\" class=\"attachment-thumbnail size-thumbnail\" alt=\"\" srcset=\"https:\/\/www.colorado.com.br\/nosdacolorado\/wp-content\/uploads\/2023\/09\/HA_06-150x150.jpeg 150w, https:\/\/www.colorado.com.br\/nosdacolorado\/wp-content\/uploads\/2023\/09\/HA_06-100x100.jpeg 100w, https:\/\/www.colorado.com.br\/nosdacolorado\/wp-content\/uploads\/2023\/09\/HA_06-140x140.jpeg 140w, https:\/\/www.colorado.com.br\/nosdacolorado\/wp-content\/uploads\/2023\/09\/HA_06-500x500.jpeg 500w, https:\/\/www.colorado.com.br\/nosdacolorado\/wp-content\/uploads\/2023\/09\/HA_06-350x350.jpeg 350w, https:\/\/www.colorado.com.br\/nosdacolorado\/wp-content\/uploads\/2023\/09\/HA_06-1000x1000.jpeg 1000w, https:\/\/www.colorado.com.br\/nosdacolorado\/wp-content\/uploads\/2023\/09\/HA_06-800x800.jpeg 800w\" sizes=\"auto, (max-width: 150px) 100vw, 150px\" \/><\/a>\n\t\t\t<\/dt><\/dl><dl class='gallery-item'>\n\t\t\t<dt class='gallery-icon landscape'>\n\t\t\t\t<a href='https:\/\/www.colorado.com.br\/nosdacolorado\/wp-content\/uploads\/2023\/09\/HA_04.jpeg'><img loading=\"lazy\" decoding=\"async\" data-attachment-id=\"21515\" data-orig-file=\"https:\/\/www.colorado.com.br\/nosdacolorado\/wp-content\/uploads\/2023\/09\/HA_04.jpeg\" data-orig-size=\"1600,1200\" data-comments-opened=\"1\" data-image-meta=\"{&quot;aperture&quot;:&quot;0&quot;,&quot;credit&quot;:&quot;&quot;,&quot;camera&quot;:&quot;&quot;,&quot;caption&quot;:&quot;&quot;,&quot;created_timestamp&quot;:&quot;0&quot;,&quot;copyright&quot;:&quot;&quot;,&quot;focal_length&quot;:&quot;0&quot;,&quot;iso&quot;:&quot;0&quot;,&quot;shutter_speed&quot;:&quot;0&quot;,&quot;title&quot;:&quot;&quot;,&quot;orientation&quot;:&quot;0&quot;,&quot;keywords&quot;:&quot;Array&quot;}\" data-image-title=\"HA_04\" data-image-description=\"\" data-medium-file=\"https:\/\/www.colorado.com.br\/nosdacolorado\/wp-content\/uploads\/2023\/09\/HA_04-300x225.jpeg\" data-large-file=\"https:\/\/www.colorado.com.br\/nosdacolorado\/wp-content\/uploads\/2023\/09\/HA_04-1024x768.jpeg\" width=\"150\" height=\"150\" src=\"https:\/\/www.colorado.com.br\/nosdacolorado\/wp-content\/uploads\/2023\/09\/HA_04-150x150.jpeg\" class=\"attachment-thumbnail size-thumbnail\" alt=\"\" srcset=\"https:\/\/www.colorado.com.br\/nosdacolorado\/wp-content\/uploads\/2023\/09\/HA_04-150x150.jpeg 150w, https:\/\/www.colorado.com.br\/nosdacolorado\/wp-content\/uploads\/2023\/09\/HA_04-100x100.jpeg 100w, https:\/\/www.colorado.com.br\/nosdacolorado\/wp-content\/uploads\/2023\/09\/HA_04-140x140.jpeg 140w, https:\/\/www.colorado.com.br\/nosdacolorado\/wp-content\/uploads\/2023\/09\/HA_04-500x500.jpeg 500w, https:\/\/www.colorado.com.br\/nosdacolorado\/wp-content\/uploads\/2023\/09\/HA_04-350x350.jpeg 350w, https:\/\/www.colorado.com.br\/nosdacolorado\/wp-content\/uploads\/2023\/09\/HA_04-1000x1000.jpeg 1000w, https:\/\/www.colorado.com.br\/nosdacolorado\/wp-content\/uploads\/2023\/09\/HA_04-800x800.jpeg 800w\" sizes=\"auto, (max-width: 150px) 100vw, 150px\" \/><\/a>\n\t\t\t<\/dt><\/dl><dl class='gallery-item'>\n\t\t\t<dt class='gallery-icon portrait'>\n\t\t\t\t<a href='https:\/\/www.colorado.com.br\/nosdacolorado\/wp-content\/uploads\/2023\/09\/HA_05.jpeg'><img loading=\"lazy\" decoding=\"async\" data-attachment-id=\"21516\" data-orig-file=\"https:\/\/www.colorado.com.br\/nosdacolorado\/wp-content\/uploads\/2023\/09\/HA_05.jpeg\" data-orig-size=\"1200,1600\" data-comments-opened=\"1\" data-image-meta=\"{&quot;aperture&quot;:&quot;0&quot;,&quot;credit&quot;:&quot;&quot;,&quot;camera&quot;:&quot;&quot;,&quot;caption&quot;:&quot;&quot;,&quot;created_timestamp&quot;:&quot;0&quot;,&quot;copyright&quot;:&quot;&quot;,&quot;focal_length&quot;:&quot;0&quot;,&quot;iso&quot;:&quot;0&quot;,&quot;shutter_speed&quot;:&quot;0&quot;,&quot;title&quot;:&quot;&quot;,&quot;orientation&quot;:&quot;0&quot;,&quot;keywords&quot;:&quot;Array&quot;}\" data-image-title=\"HA_05\" data-image-description=\"\" data-medium-file=\"https:\/\/www.colorado.com.br\/nosdacolorado\/wp-content\/uploads\/2023\/09\/HA_05-225x300.jpeg\" data-large-file=\"https:\/\/www.colorado.com.br\/nosdacolorado\/wp-content\/uploads\/2023\/09\/HA_05-768x1024.jpeg\" width=\"150\" height=\"150\" src=\"https:\/\/www.colorado.com.br\/nosdacolorado\/wp-content\/uploads\/2023\/09\/HA_05-150x150.jpeg\" class=\"attachment-thumbnail size-thumbnail\" alt=\"\" srcset=\"https:\/\/www.colorado.com.br\/nosdacolorado\/wp-content\/uploads\/2023\/09\/HA_05-150x150.jpeg 150w, https:\/\/www.colorado.com.br\/nosdacolorado\/wp-content\/uploads\/2023\/09\/HA_05-100x100.jpeg 100w, https:\/\/www.colorado.com.br\/nosdacolorado\/wp-content\/uploads\/2023\/09\/HA_05-140x140.jpeg 140w, https:\/\/www.colorado.com.br\/nosdacolorado\/wp-content\/uploads\/2023\/09\/HA_05-500x500.jpeg 500w, https:\/\/www.colorado.com.br\/nosdacolorado\/wp-content\/uploads\/2023\/09\/HA_05-350x350.jpeg 350w, https:\/\/www.colorado.com.br\/nosdacolorado\/wp-content\/uploads\/2023\/09\/HA_05-1000x1000.jpeg 1000w, https:\/\/www.colorado.com.br\/nosdacolorado\/wp-content\/uploads\/2023\/09\/HA_05-800x800.jpeg 800w\" sizes=\"auto, (max-width: 150px) 100vw, 150px\" \/><\/a>\n\t\t\t<\/dt><\/dl><dl class='gallery-item'>\n\t\t\t<dt class='gallery-icon portrait'>\n\t\t\t\t<a href='https:\/\/www.colorado.com.br\/nosdacolorado\/wp-content\/uploads\/2023\/09\/HA_07.jpeg'><img loading=\"lazy\" decoding=\"async\" data-attachment-id=\"21518\" data-orig-file=\"https:\/\/www.colorado.com.br\/nosdacolorado\/wp-content\/uploads\/2023\/09\/HA_07.jpeg\" data-orig-size=\"1200,1600\" data-comments-opened=\"1\" data-image-meta=\"{&quot;aperture&quot;:&quot;0&quot;,&quot;credit&quot;:&quot;&quot;,&quot;camera&quot;:&quot;&quot;,&quot;caption&quot;:&quot;&quot;,&quot;created_timestamp&quot;:&quot;0&quot;,&quot;copyright&quot;:&quot;&quot;,&quot;focal_length&quot;:&quot;0&quot;,&quot;iso&quot;:&quot;0&quot;,&quot;shutter_speed&quot;:&quot;0&quot;,&quot;title&quot;:&quot;&quot;,&quot;orientation&quot;:&quot;0&quot;,&quot;keywords&quot;:&quot;Array&quot;}\" data-image-title=\"HA_07\" data-image-description=\"\" data-medium-file=\"https:\/\/www.colorado.com.br\/nosdacolorado\/wp-content\/uploads\/2023\/09\/HA_07-225x300.jpeg\" data-large-file=\"https:\/\/www.colorado.com.br\/nosdacolorado\/wp-content\/uploads\/2023\/09\/HA_07-768x1024.jpeg\" width=\"150\" height=\"150\" src=\"https:\/\/www.colorado.com.br\/nosdacolorado\/wp-content\/uploads\/2023\/09\/HA_07-150x150.jpeg\" class=\"attachment-thumbnail size-thumbnail\" alt=\"\" srcset=\"https:\/\/www.colorado.com.br\/nosdacolorado\/wp-content\/uploads\/2023\/09\/HA_07-150x150.jpeg 150w, https:\/\/www.colorado.com.br\/nosdacolorado\/wp-content\/uploads\/2023\/09\/HA_07-100x100.jpeg 100w, https:\/\/www.colorado.com.br\/nosdacolorado\/wp-content\/uploads\/2023\/09\/HA_07-140x140.jpeg 140w, https:\/\/www.colorado.com.br\/nosdacolorado\/wp-content\/uploads\/2023\/09\/HA_07-500x500.jpeg 500w, https:\/\/www.colorado.com.br\/nosdacolorado\/wp-content\/uploads\/2023\/09\/HA_07-350x350.jpeg 350w, https:\/\/www.colorado.com.br\/nosdacolorado\/wp-content\/uploads\/2023\/09\/HA_07-1000x1000.jpeg 1000w, https:\/\/www.colorado.com.br\/nosdacolorado\/wp-content\/uploads\/2023\/09\/HA_07-800x800.jpeg 800w\" sizes=\"auto, (max-width: 150px) 100vw, 150px\" \/><\/a>\n\t\t\t<\/dt><\/dl><br style=\"clear: both\" \/>\n\t\t<\/div>\n\n","protected":false},"excerpt":{"rendered":"<p>No ano de 2022, os incentivos direcionados pelas empresas do Grupo Colorado, totalizaram R$ 542.250,00 em recursos ao Hospital de Amor. Al\u00e9m de incentivos fiscais, a Usina Colorado tamb\u00e9m fez&#8230;<\/p>\n","protected":false},"author":2,"featured_media":21512,"comment_status":"open","ping_status":"open","sticky":false,"template":"","format":"standard","meta":{"footnotes":""},"categories":[11,7],"tags":[],"class_list":{"0":"post-21511","1":"post","2":"type-post","3":"status-publish","4":"format-standard","5":"has-post-thumbnail","7":"category-acontece-na-colorado","8":"category-atualidade"},"_links":{"self":[{"href":"https:\/\/www.colorado.com.br\/nosdacolorado\/wp-json\/wp\/v2\/posts\/21511","targetHints":{"allow":["GET"]}}],"collection":[{"href":"https:\/\/www.colorado.com.br\/nosdacolorado\/wp-json\/wp\/v2\/posts"}],"about":[{"href":"https:\/\/www.colorado.com.br\/nosdacolorado\/wp-json\/wp\/v2\/types\/post"}],"author":[{"embeddable":true,"href":"https:\/\/www.colorado.com.br\/nosdacolorado\/wp-json\/wp\/v2\/users\/2"}],"replies":[{"embeddable":true,"href":"https:\/\/www.colorado.com.br\/nosdacolorado\/wp-json\/wp\/v2\/comments?post=21511"}],"version-history":[{"count":1,"href":"https:\/\/www.colorado.com.br\/nosdacolorado\/wp-json\/wp\/v2\/posts\/21511\/revisions"}],"predecessor-version":[{"id":21519,"href":"https:\/\/www.colorado.com.br\/nosdacolorado\/wp-json\/wp\/v2\/posts\/21511\/revisions\/21519"}],"wp:featuredmedia":[{"embeddable":true,"href":"https:\/\/www.colorado.com.br\/nosdacolorado\/wp-json\/wp\/v2\/media\/21512"}],"wp:attachment":[{"href":"https:\/\/www.colorado.com.br\/nosdacolorado\/wp-json\/wp\/v2\/media?parent=21511"}],"wp:term":[{"taxonomy":"category","embeddable":true,"href":"https:\/\/www.colorado.com.br\/nosdacolorado\/wp-json\/wp\/v2\/categories?post=21511"},{"taxonomy":"post_tag","embeddable":true,"href":"https:\/\/www.colorado.com.br\/nosdacolorado\/wp-json\/wp\/v2\/tags?post=21511"}],"curies":[{"name":"wp","href":"https:\/\/api.w.org\/{rel}","templated":true}]}}