{"id":21557,"date":"2023-09-21T15:02:56","date_gmt":"2023-09-21T18:02:56","guid":{"rendered":"https:\/\/www.colorado.com.br\/nosdacolorado\/?p=21557"},"modified":"2023-09-21T15:04:51","modified_gmt":"2023-09-21T18:04:51","slug":"centro-de-acao-social-nossa-senhora-daparecida-inaugura-reformas-realizadas-com-recursos-destinados-pelo-grupo-colorado","status":"publish","type":"post","link":"https:\/\/www.colorado.com.br\/nosdacolorado\/centro-de-acao-social-nossa-senhora-daparecida-inaugura-reformas-realizadas-com-recursos-destinados-pelo-grupo-colorado\/","title":{"rendered":"Centro de A\u00e7\u00e3o Social Nossa Senhora D\u2019Aparecida inaugura reformas realizadas com recursos destinados pelo Grupo Colorado"},"content":{"rendered":"<p><a href=\"https:\/\/www.colorado.com.br\/nosdacolorado\/wp-content\/uploads\/2023\/09\/DSC_0190.jpg\" rel=\"prettyPhoto[gallery-Cahl]\"><img loading=\"lazy\" decoding=\"async\" class=\"aligncenter size-full wp-image-21562\" src=\"https:\/\/www.colorado.com.br\/nosdacolorado\/wp-content\/uploads\/2023\/09\/DSC_0190.jpg\" alt=\"\" width=\"1403\" height=\"933\" srcset=\"https:\/\/www.colorado.com.br\/nosdacolorado\/wp-content\/uploads\/2023\/09\/DSC_0190.jpg 1403w, https:\/\/www.colorado.com.br\/nosdacolorado\/wp-content\/uploads\/2023\/09\/DSC_0190-300x200.jpg 300w, https:\/\/www.colorado.com.br\/nosdacolorado\/wp-content\/uploads\/2023\/09\/DSC_0190-768x511.jpg 768w, https:\/\/www.colorado.com.br\/nosdacolorado\/wp-content\/uploads\/2023\/09\/DSC_0190-1024x681.jpg 1024w, https:\/\/www.colorado.com.br\/nosdacolorado\/wp-content\/uploads\/2023\/09\/DSC_0190-900x600.jpg 900w\" sizes=\"auto, (max-width: 1403px) 100vw, 1403px\" \/><\/a><\/p>\n\n\t\t<style type=\"text\/css\">\n\t\t\t#gallery-1 {\n\t\t\t\tmargin: auto;\n\t\t\t}\n\t\t\t#gallery-1 .gallery-item {\n\t\t\t\tfloat: left;\n\t\t\t\tmargin-top: 10px;\n\t\t\t\ttext-align: center;\n\t\t\t\twidth: 25%;\n\t\t\t}\n\t\t\t#gallery-1 img {\n\t\t\t\tborder: 2px solid #cfcfcf;\n\t\t\t}\n\t\t\t#gallery-1 .gallery-caption {\n\t\t\t\tmargin-left: 0;\n\t\t\t}\n\t\t\t\/* see gallery_shortcode() in wp-includes\/media.php *\/\n\t\t<\/style>\n\t\t<div data-carousel-extra='{\"blog_id\":1,\"permalink\":\"https:\\\/\\\/www.colorado.com.br\\\/nosdacolorado\\\/centro-de-acao-social-nossa-senhora-daparecida-inaugura-reformas-realizadas-com-recursos-destinados-pelo-grupo-colorado\\\/\"}' id='gallery-1' class='gallery galleryid-21557 gallery-columns-4 gallery-size-thumbnail'><dl class='gallery-item'>\n\t\t\t<dt class='gallery-icon landscape'>\n\t\t\t\t<a href='https:\/\/www.colorado.com.br\/nosdacolorado\/wp-content\/uploads\/2023\/09\/DSC_0123.jpg'><img loading=\"lazy\" decoding=\"async\" data-attachment-id=\"21559\" data-orig-file=\"https:\/\/www.colorado.com.br\/nosdacolorado\/wp-content\/uploads\/2023\/09\/DSC_0123.jpg\" data-orig-size=\"1403,933\" data-comments-opened=\"1\" data-image-meta=\"{&quot;aperture&quot;:&quot;0&quot;,&quot;credit&quot;:&quot;&quot;,&quot;camera&quot;:&quot;&quot;,&quot;caption&quot;:&quot;&quot;,&quot;created_timestamp&quot;:&quot;0&quot;,&quot;copyright&quot;:&quot;&quot;,&quot;focal_length&quot;:&quot;0&quot;,&quot;iso&quot;:&quot;0&quot;,&quot;shutter_speed&quot;:&quot;0&quot;,&quot;title&quot;:&quot;&quot;,&quot;orientation&quot;:&quot;0&quot;,&quot;keywords&quot;:&quot;Array&quot;}\" data-image-title=\"DSC_0123\" data-image-description=\"\" data-medium-file=\"https:\/\/www.colorado.com.br\/nosdacolorado\/wp-content\/uploads\/2023\/09\/DSC_0123-300x200.jpg\" data-large-file=\"https:\/\/www.colorado.com.br\/nosdacolorado\/wp-content\/uploads\/2023\/09\/DSC_0123-1024x681.jpg\" width=\"150\" height=\"150\" src=\"https:\/\/www.colorado.com.br\/nosdacolorado\/wp-content\/uploads\/2023\/09\/DSC_0123-150x150.jpg\" class=\"attachment-thumbnail size-thumbnail\" alt=\"\" srcset=\"https:\/\/www.colorado.com.br\/nosdacolorado\/wp-content\/uploads\/2023\/09\/DSC_0123-150x150.jpg 150w, https:\/\/www.colorado.com.br\/nosdacolorado\/wp-content\/uploads\/2023\/09\/DSC_0123-100x100.jpg 100w, https:\/\/www.colorado.com.br\/nosdacolorado\/wp-content\/uploads\/2023\/09\/DSC_0123-140x140.jpg 140w, https:\/\/www.colorado.com.br\/nosdacolorado\/wp-content\/uploads\/2023\/09\/DSC_0123-500x500.jpg 500w, https:\/\/www.colorado.com.br\/nosdacolorado\/wp-content\/uploads\/2023\/09\/DSC_0123-350x350.jpg 350w, https:\/\/www.colorado.com.br\/nosdacolorado\/wp-content\/uploads\/2023\/09\/DSC_0123-800x800.jpg 800w\" sizes=\"auto, (max-width: 150px) 100vw, 150px\" \/><\/a>\n\t\t\t<\/dt><\/dl><dl class='gallery-item'>\n\t\t\t<dt class='gallery-icon portrait'>\n\t\t\t\t<a href='https:\/\/www.colorado.com.br\/nosdacolorado\/wp-content\/uploads\/2023\/09\/IMG_1207.jpg'><img loading=\"lazy\" decoding=\"async\" data-attachment-id=\"21565\" data-orig-file=\"https:\/\/www.colorado.com.br\/nosdacolorado\/wp-content\/uploads\/2023\/09\/IMG_1207.jpg\" data-orig-size=\"1052,1403\" data-comments-opened=\"1\" data-image-meta=\"{&quot;aperture&quot;:&quot;0&quot;,&quot;credit&quot;:&quot;&quot;,&quot;camera&quot;:&quot;&quot;,&quot;caption&quot;:&quot;&quot;,&quot;created_timestamp&quot;:&quot;0&quot;,&quot;copyright&quot;:&quot;&quot;,&quot;focal_length&quot;:&quot;0&quot;,&quot;iso&quot;:&quot;0&quot;,&quot;shutter_speed&quot;:&quot;0&quot;,&quot;title&quot;:&quot;&quot;,&quot;orientation&quot;:&quot;0&quot;,&quot;keywords&quot;:&quot;Array&quot;}\" data-image-title=\"IMG_1207\" data-image-description=\"\" data-medium-file=\"https:\/\/www.colorado.com.br\/nosdacolorado\/wp-content\/uploads\/2023\/09\/IMG_1207-225x300.jpg\" data-large-file=\"https:\/\/www.colorado.com.br\/nosdacolorado\/wp-content\/uploads\/2023\/09\/IMG_1207-768x1024.jpg\" width=\"150\" height=\"150\" src=\"https:\/\/www.colorado.com.br\/nosdacolorado\/wp-content\/uploads\/2023\/09\/IMG_1207-150x150.jpg\" class=\"attachment-thumbnail size-thumbnail\" alt=\"\" srcset=\"https:\/\/www.colorado.com.br\/nosdacolorado\/wp-content\/uploads\/2023\/09\/IMG_1207-150x150.jpg 150w, https:\/\/www.colorado.com.br\/nosdacolorado\/wp-content\/uploads\/2023\/09\/IMG_1207-100x100.jpg 100w, https:\/\/www.colorado.com.br\/nosdacolorado\/wp-content\/uploads\/2023\/09\/IMG_1207-140x140.jpg 140w, https:\/\/www.colorado.com.br\/nosdacolorado\/wp-content\/uploads\/2023\/09\/IMG_1207-500x500.jpg 500w, https:\/\/www.colorado.com.br\/nosdacolorado\/wp-content\/uploads\/2023\/09\/IMG_1207-350x350.jpg 350w, https:\/\/www.colorado.com.br\/nosdacolorado\/wp-content\/uploads\/2023\/09\/IMG_1207-1000x1000.jpg 1000w, https:\/\/www.colorado.com.br\/nosdacolorado\/wp-content\/uploads\/2023\/09\/IMG_1207-800x800.jpg 800w\" sizes=\"auto, (max-width: 150px) 100vw, 150px\" \/><\/a>\n\t\t\t<\/dt><\/dl><dl class='gallery-item'>\n\t\t\t<dt class='gallery-icon portrait'>\n\t\t\t\t<a href='https:\/\/www.colorado.com.br\/nosdacolorado\/wp-content\/uploads\/2023\/09\/IMG_1210.jpg'><img loading=\"lazy\" decoding=\"async\" data-attachment-id=\"21566\" data-orig-file=\"https:\/\/www.colorado.com.br\/nosdacolorado\/wp-content\/uploads\/2023\/09\/IMG_1210.jpg\" data-orig-size=\"1052,1403\" data-comments-opened=\"1\" data-image-meta=\"{&quot;aperture&quot;:&quot;0&quot;,&quot;credit&quot;:&quot;&quot;,&quot;camera&quot;:&quot;&quot;,&quot;caption&quot;:&quot;&quot;,&quot;created_timestamp&quot;:&quot;0&quot;,&quot;copyright&quot;:&quot;&quot;,&quot;focal_length&quot;:&quot;0&quot;,&quot;iso&quot;:&quot;0&quot;,&quot;shutter_speed&quot;:&quot;0&quot;,&quot;title&quot;:&quot;&quot;,&quot;orientation&quot;:&quot;0&quot;,&quot;keywords&quot;:&quot;Array&quot;}\" data-image-title=\"IMG_1210\" data-image-description=\"\" data-medium-file=\"https:\/\/www.colorado.com.br\/nosdacolorado\/wp-content\/uploads\/2023\/09\/IMG_1210-225x300.jpg\" data-large-file=\"https:\/\/www.colorado.com.br\/nosdacolorado\/wp-content\/uploads\/2023\/09\/IMG_1210-768x1024.jpg\" width=\"150\" height=\"150\" src=\"https:\/\/www.colorado.com.br\/nosdacolorado\/wp-content\/uploads\/2023\/09\/IMG_1210-150x150.jpg\" class=\"attachment-thumbnail size-thumbnail\" alt=\"\" srcset=\"https:\/\/www.colorado.com.br\/nosdacolorado\/wp-content\/uploads\/2023\/09\/IMG_1210-150x150.jpg 150w, https:\/\/www.colorado.com.br\/nosdacolorado\/wp-content\/uploads\/2023\/09\/IMG_1210-100x100.jpg 100w, https:\/\/www.colorado.com.br\/nosdacolorado\/wp-content\/uploads\/2023\/09\/IMG_1210-140x140.jpg 140w, https:\/\/www.colorado.com.br\/nosdacolorado\/wp-content\/uploads\/2023\/09\/IMG_1210-500x500.jpg 500w, https:\/\/www.colorado.com.br\/nosdacolorado\/wp-content\/uploads\/2023\/09\/IMG_1210-350x350.jpg 350w, https:\/\/www.colorado.com.br\/nosdacolorado\/wp-content\/uploads\/2023\/09\/IMG_1210-1000x1000.jpg 1000w, https:\/\/www.colorado.com.br\/nosdacolorado\/wp-content\/uploads\/2023\/09\/IMG_1210-800x800.jpg 800w\" sizes=\"auto, (max-width: 150px) 100vw, 150px\" \/><\/a>\n\t\t\t<\/dt><\/dl><dl class='gallery-item'>\n\t\t\t<dt class='gallery-icon portrait'>\n\t\t\t\t<a href='https:\/\/www.colorado.com.br\/nosdacolorado\/wp-content\/uploads\/2023\/09\/IMG_1219.jpg'><img loading=\"lazy\" decoding=\"async\" data-attachment-id=\"21567\" data-orig-file=\"https:\/\/www.colorado.com.br\/nosdacolorado\/wp-content\/uploads\/2023\/09\/IMG_1219.jpg\" data-orig-size=\"1052,1403\" data-comments-opened=\"1\" data-image-meta=\"{&quot;aperture&quot;:&quot;0&quot;,&quot;credit&quot;:&quot;&quot;,&quot;camera&quot;:&quot;&quot;,&quot;caption&quot;:&quot;&quot;,&quot;created_timestamp&quot;:&quot;0&quot;,&quot;copyright&quot;:&quot;&quot;,&quot;focal_length&quot;:&quot;0&quot;,&quot;iso&quot;:&quot;0&quot;,&quot;shutter_speed&quot;:&quot;0&quot;,&quot;title&quot;:&quot;&quot;,&quot;orientation&quot;:&quot;0&quot;,&quot;keywords&quot;:&quot;Array&quot;}\" data-image-title=\"IMG_1219\" data-image-description=\"\" data-medium-file=\"https:\/\/www.colorado.com.br\/nosdacolorado\/wp-content\/uploads\/2023\/09\/IMG_1219-225x300.jpg\" data-large-file=\"https:\/\/www.colorado.com.br\/nosdacolorado\/wp-content\/uploads\/2023\/09\/IMG_1219-768x1024.jpg\" width=\"150\" height=\"150\" src=\"https:\/\/www.colorado.com.br\/nosdacolorado\/wp-content\/uploads\/2023\/09\/IMG_1219-150x150.jpg\" class=\"attachment-thumbnail size-thumbnail\" alt=\"\" srcset=\"https:\/\/www.colorado.com.br\/nosdacolorado\/wp-content\/uploads\/2023\/09\/IMG_1219-150x150.jpg 150w, https:\/\/www.colorado.com.br\/nosdacolorado\/wp-content\/uploads\/2023\/09\/IMG_1219-100x100.jpg 100w, https:\/\/www.colorado.com.br\/nosdacolorado\/wp-content\/uploads\/2023\/09\/IMG_1219-140x140.jpg 140w, https:\/\/www.colorado.com.br\/nosdacolorado\/wp-content\/uploads\/2023\/09\/IMG_1219-500x500.jpg 500w, https:\/\/www.colorado.com.br\/nosdacolorado\/wp-content\/uploads\/2023\/09\/IMG_1219-350x350.jpg 350w, https:\/\/www.colorado.com.br\/nosdacolorado\/wp-content\/uploads\/2023\/09\/IMG_1219-1000x1000.jpg 1000w, https:\/\/www.colorado.com.br\/nosdacolorado\/wp-content\/uploads\/2023\/09\/IMG_1219-800x800.jpg 800w\" sizes=\"auto, (max-width: 150px) 100vw, 150px\" \/><\/a>\n\t\t\t<\/dt><\/dl><br style=\"clear: both\" \/><dl class='gallery-item'>\n\t\t\t<dt class='gallery-icon landscape'>\n\t\t\t\t<a href='https:\/\/www.colorado.com.br\/nosdacolorado\/wp-content\/uploads\/2023\/09\/IMG_1232.jpg'><img loading=\"lazy\" decoding=\"async\" data-attachment-id=\"21568\" data-orig-file=\"https:\/\/www.colorado.com.br\/nosdacolorado\/wp-content\/uploads\/2023\/09\/IMG_1232.jpg\" data-orig-size=\"1403,1052\" data-comments-opened=\"1\" data-image-meta=\"{&quot;aperture&quot;:&quot;0&quot;,&quot;credit&quot;:&quot;&quot;,&quot;camera&quot;:&quot;&quot;,&quot;caption&quot;:&quot;&quot;,&quot;created_timestamp&quot;:&quot;0&quot;,&quot;copyright&quot;:&quot;&quot;,&quot;focal_length&quot;:&quot;0&quot;,&quot;iso&quot;:&quot;0&quot;,&quot;shutter_speed&quot;:&quot;0&quot;,&quot;title&quot;:&quot;&quot;,&quot;orientation&quot;:&quot;0&quot;,&quot;keywords&quot;:&quot;Array&quot;}\" data-image-title=\"IMG_1232\" data-image-description=\"\" data-medium-file=\"https:\/\/www.colorado.com.br\/nosdacolorado\/wp-content\/uploads\/2023\/09\/IMG_1232-300x225.jpg\" data-large-file=\"https:\/\/www.colorado.com.br\/nosdacolorado\/wp-content\/uploads\/2023\/09\/IMG_1232-1024x768.jpg\" width=\"150\" height=\"150\" src=\"https:\/\/www.colorado.com.br\/nosdacolorado\/wp-content\/uploads\/2023\/09\/IMG_1232-150x150.jpg\" class=\"attachment-thumbnail size-thumbnail\" alt=\"\" srcset=\"https:\/\/www.colorado.com.br\/nosdacolorado\/wp-content\/uploads\/2023\/09\/IMG_1232-150x150.jpg 150w, https:\/\/www.colorado.com.br\/nosdacolorado\/wp-content\/uploads\/2023\/09\/IMG_1232-100x100.jpg 100w, https:\/\/www.colorado.com.br\/nosdacolorado\/wp-content\/uploads\/2023\/09\/IMG_1232-140x140.jpg 140w, https:\/\/www.colorado.com.br\/nosdacolorado\/wp-content\/uploads\/2023\/09\/IMG_1232-500x500.jpg 500w, https:\/\/www.colorado.com.br\/nosdacolorado\/wp-content\/uploads\/2023\/09\/IMG_1232-350x350.jpg 350w, https:\/\/www.colorado.com.br\/nosdacolorado\/wp-content\/uploads\/2023\/09\/IMG_1232-1000x1000.jpg 1000w, https:\/\/www.colorado.com.br\/nosdacolorado\/wp-content\/uploads\/2023\/09\/IMG_1232-800x800.jpg 800w\" sizes=\"auto, (max-width: 150px) 100vw, 150px\" \/><\/a>\n\t\t\t<\/dt><\/dl><dl class='gallery-item'>\n\t\t\t<dt class='gallery-icon landscape'>\n\t\t\t\t<a href='https:\/\/www.colorado.com.br\/nosdacolorado\/wp-content\/uploads\/2023\/09\/DSC_0100.jpg'><img loading=\"lazy\" decoding=\"async\" data-attachment-id=\"21558\" data-orig-file=\"https:\/\/www.colorado.com.br\/nosdacolorado\/wp-content\/uploads\/2023\/09\/DSC_0100.jpg\" data-orig-size=\"1403,933\" data-comments-opened=\"1\" data-image-meta=\"{&quot;aperture&quot;:&quot;0&quot;,&quot;credit&quot;:&quot;&quot;,&quot;camera&quot;:&quot;&quot;,&quot;caption&quot;:&quot;&quot;,&quot;created_timestamp&quot;:&quot;0&quot;,&quot;copyright&quot;:&quot;&quot;,&quot;focal_length&quot;:&quot;0&quot;,&quot;iso&quot;:&quot;0&quot;,&quot;shutter_speed&quot;:&quot;0&quot;,&quot;title&quot;:&quot;&quot;,&quot;orientation&quot;:&quot;0&quot;,&quot;keywords&quot;:&quot;Array&quot;}\" data-image-title=\"DSC_0100\" data-image-description=\"\" data-medium-file=\"https:\/\/www.colorado.com.br\/nosdacolorado\/wp-content\/uploads\/2023\/09\/DSC_0100-300x200.jpg\" data-large-file=\"https:\/\/www.colorado.com.br\/nosdacolorado\/wp-content\/uploads\/2023\/09\/DSC_0100-1024x681.jpg\" width=\"150\" height=\"150\" src=\"https:\/\/www.colorado.com.br\/nosdacolorado\/wp-content\/uploads\/2023\/09\/DSC_0100-150x150.jpg\" class=\"attachment-thumbnail size-thumbnail\" alt=\"\" srcset=\"https:\/\/www.colorado.com.br\/nosdacolorado\/wp-content\/uploads\/2023\/09\/DSC_0100-150x150.jpg 150w, https:\/\/www.colorado.com.br\/nosdacolorado\/wp-content\/uploads\/2023\/09\/DSC_0100-100x100.jpg 100w, https:\/\/www.colorado.com.br\/nosdacolorado\/wp-content\/uploads\/2023\/09\/DSC_0100-140x140.jpg 140w, https:\/\/www.colorado.com.br\/nosdacolorado\/wp-content\/uploads\/2023\/09\/DSC_0100-500x500.jpg 500w, https:\/\/www.colorado.com.br\/nosdacolorado\/wp-content\/uploads\/2023\/09\/DSC_0100-350x350.jpg 350w, https:\/\/www.colorado.com.br\/nosdacolorado\/wp-content\/uploads\/2023\/09\/DSC_0100-800x800.jpg 800w\" sizes=\"auto, (max-width: 150px) 100vw, 150px\" \/><\/a>\n\t\t\t<\/dt><\/dl><dl class='gallery-item'>\n\t\t\t<dt class='gallery-icon landscape'>\n\t\t\t\t<a href='https:\/\/www.colorado.com.br\/nosdacolorado\/wp-content\/uploads\/2023\/09\/IMG_1237.jpg'><img loading=\"lazy\" decoding=\"async\" data-attachment-id=\"21569\" data-orig-file=\"https:\/\/www.colorado.com.br\/nosdacolorado\/wp-content\/uploads\/2023\/09\/IMG_1237.jpg\" data-orig-size=\"1403,1052\" data-comments-opened=\"1\" data-image-meta=\"{&quot;aperture&quot;:&quot;0&quot;,&quot;credit&quot;:&quot;&quot;,&quot;camera&quot;:&quot;&quot;,&quot;caption&quot;:&quot;&quot;,&quot;created_timestamp&quot;:&quot;0&quot;,&quot;copyright&quot;:&quot;&quot;,&quot;focal_length&quot;:&quot;0&quot;,&quot;iso&quot;:&quot;0&quot;,&quot;shutter_speed&quot;:&quot;0&quot;,&quot;title&quot;:&quot;&quot;,&quot;orientation&quot;:&quot;0&quot;,&quot;keywords&quot;:&quot;Array&quot;}\" data-image-title=\"IMG_1237\" data-image-description=\"\" data-medium-file=\"https:\/\/www.colorado.com.br\/nosdacolorado\/wp-content\/uploads\/2023\/09\/IMG_1237-300x225.jpg\" data-large-file=\"https:\/\/www.colorado.com.br\/nosdacolorado\/wp-content\/uploads\/2023\/09\/IMG_1237-1024x768.jpg\" width=\"150\" height=\"150\" src=\"https:\/\/www.colorado.com.br\/nosdacolorado\/wp-content\/uploads\/2023\/09\/IMG_1237-150x150.jpg\" class=\"attachment-thumbnail size-thumbnail\" alt=\"\" srcset=\"https:\/\/www.colorado.com.br\/nosdacolorado\/wp-content\/uploads\/2023\/09\/IMG_1237-150x150.jpg 150w, https:\/\/www.colorado.com.br\/nosdacolorado\/wp-content\/uploads\/2023\/09\/IMG_1237-100x100.jpg 100w, https:\/\/www.colorado.com.br\/nosdacolorado\/wp-content\/uploads\/2023\/09\/IMG_1237-140x140.jpg 140w, https:\/\/www.colorado.com.br\/nosdacolorado\/wp-content\/uploads\/2023\/09\/IMG_1237-500x500.jpg 500w, https:\/\/www.colorado.com.br\/nosdacolorado\/wp-content\/uploads\/2023\/09\/IMG_1237-350x350.jpg 350w, https:\/\/www.colorado.com.br\/nosdacolorado\/wp-content\/uploads\/2023\/09\/IMG_1237-1000x1000.jpg 1000w, https:\/\/www.colorado.com.br\/nosdacolorado\/wp-content\/uploads\/2023\/09\/IMG_1237-800x800.jpg 800w\" sizes=\"auto, (max-width: 150px) 100vw, 150px\" \/><\/a>\n\t\t\t<\/dt><\/dl><dl class='gallery-item'>\n\t\t\t<dt class='gallery-icon landscape'>\n\t\t\t\t<a href='https:\/\/www.colorado.com.br\/nosdacolorado\/wp-content\/uploads\/2023\/09\/DSC_0198.jpg'><img loading=\"lazy\" decoding=\"async\" data-attachment-id=\"21563\" data-orig-file=\"https:\/\/www.colorado.com.br\/nosdacolorado\/wp-content\/uploads\/2023\/09\/DSC_0198.jpg\" data-orig-size=\"1403,933\" data-comments-opened=\"1\" data-image-meta=\"{&quot;aperture&quot;:&quot;0&quot;,&quot;credit&quot;:&quot;&quot;,&quot;camera&quot;:&quot;&quot;,&quot;caption&quot;:&quot;&quot;,&quot;created_timestamp&quot;:&quot;0&quot;,&quot;copyright&quot;:&quot;&quot;,&quot;focal_length&quot;:&quot;0&quot;,&quot;iso&quot;:&quot;0&quot;,&quot;shutter_speed&quot;:&quot;0&quot;,&quot;title&quot;:&quot;&quot;,&quot;orientation&quot;:&quot;0&quot;,&quot;keywords&quot;:&quot;Array&quot;}\" data-image-title=\"DSC_0198\" data-image-description=\"\" data-medium-file=\"https:\/\/www.colorado.com.br\/nosdacolorado\/wp-content\/uploads\/2023\/09\/DSC_0198-300x200.jpg\" data-large-file=\"https:\/\/www.colorado.com.br\/nosdacolorado\/wp-content\/uploads\/2023\/09\/DSC_0198-1024x681.jpg\" width=\"150\" height=\"150\" src=\"https:\/\/www.colorado.com.br\/nosdacolorado\/wp-content\/uploads\/2023\/09\/DSC_0198-150x150.jpg\" class=\"attachment-thumbnail size-thumbnail\" alt=\"\" srcset=\"https:\/\/www.colorado.com.br\/nosdacolorado\/wp-content\/uploads\/2023\/09\/DSC_0198-150x150.jpg 150w, https:\/\/www.colorado.com.br\/nosdacolorado\/wp-content\/uploads\/2023\/09\/DSC_0198-100x100.jpg 100w, https:\/\/www.colorado.com.br\/nosdacolorado\/wp-content\/uploads\/2023\/09\/DSC_0198-140x140.jpg 140w, https:\/\/www.colorado.com.br\/nosdacolorado\/wp-content\/uploads\/2023\/09\/DSC_0198-500x500.jpg 500w, https:\/\/www.colorado.com.br\/nosdacolorado\/wp-content\/uploads\/2023\/09\/DSC_0198-350x350.jpg 350w, https:\/\/www.colorado.com.br\/nosdacolorado\/wp-content\/uploads\/2023\/09\/DSC_0198-800x800.jpg 800w\" sizes=\"auto, (max-width: 150px) 100vw, 150px\" \/><\/a>\n\t\t\t<\/dt><\/dl><br style=\"clear: both\" \/>\n\t\t<\/div>\n\n<p style=\"font-weight: 400;\">O Centro de A\u00e7\u00e3o Social Nossa Senhora D\u2019Aparecida de Gua\u00edra, SP, inaugurou a reforma completa de banheiros e quartos masculinos e femininos da institui\u00e7\u00e3o. A obra foi realizada com recursos da ordem de R$ 159.641,00 origin\u00e1rios de incentivo fiscal destinados pelo Grupo Colorado e, proporciona dignidade e qualidade de vida aos assistidos pela Institui\u00e7\u00e3o.<\/p>\n<p style=\"font-weight: 400;\">Fundado h\u00e1 84 anos, o Centro de A\u00e7\u00e3o Social Nossa Senhora D\u2019Aparecida, atualmente atende a 42 idosos como institui\u00e7\u00e3o de longa perman\u00eancia, 13 idosos pelo servi\u00e7o Centro Dia e sete pessoas com defici\u00eancia pelo Servi\u00e7o de Resid\u00eancia Inclusiva. H\u00e1 cerca de 20 anos, a institui\u00e7\u00e3o n\u00e3o recebia reformas. Os quartos n\u00e3o recebiam pintura h\u00e1 mais de dez anos. As avarias no im\u00f3vel, colocavam em risco a qualidade da assist\u00eancia prestada, oferecendo at\u00e9 mesmo possibilidade de queda aos idosos.<\/p>\n<p style=\"font-weight: 400;\">Os espa\u00e7os est\u00e3o mais bonitos, limpos e pr\u00f3prios para a miss\u00e3o que \u00e9 desenvolvida com excel\u00eancia pela institui\u00e7\u00e3o, como pode acompanhar a diretora de Responsabilidade Social do Grupo Colorado, Josimara Ribeiro de Mendon\u00e7a, durante a visita para inaugura\u00e7\u00e3o das alas, no dia 19 de setembro. Acompanhada pela supervisora de Comunica\u00e7\u00e3o e Responsabilidade Social do Grupo Colorado, Maria In\u00eas Marc\u00f3rio Guedes Moreira de Carvalho, Josimara foi recebida pelo presidente do Centro Social, J\u00falio Rodrigues Ferreira Junior , o Mineiro , e pela gerente executiva,\u00a0<em>Carla<\/em>\u00a0da Silva Peres Silv\u00e9rio.<\/p>\n<p style=\"font-weight: 400;\">Mineiro\u00a0 ressaltou a import\u00e2ncia do gesto do Grupo Colorado: \u201cS\u00f3 \u00e9 poss\u00edvel manter a qualidade no atendimento e dar continuidade a este trabalho, gra\u00e7as as parcerias que financiam e acreditam nesta institui\u00e7\u00e3o, como a parceria que temos com o Grupo Colorado.\u201d, agradeceu.<\/p>\n<p style=\"font-weight: 400;\">\u201cEste investimento, n\u00e3o somente reformou os espa\u00e7os, mas, principalmente, renovou nossas estruturas tornando o ambiente mais acess\u00edvel e acolhedor. Movimentou a todos n\u00f3s na busca de oferecer o melhor para nossos queridos idosos\u201d, completou Carla.<\/p>\n<p style=\"font-weight: 400;\">A diretoria do Asilo tamb\u00e9m participou da cerim\u00f4nia que formalizou a entrega das obras. A import\u00e2ncia da obra para a institui\u00e7\u00e3o, pode ser medida pelo carinho na recep\u00e7\u00e3o \u00e0s representantes do Grupo Colorado. \u201cFomos calorosamente recebidas por diretores e colaboradores da Institui\u00e7\u00e3o que entendem esse investimento como um reconhecimento ao trabalho que dedicam aos idosos\u201d, afirmou Maria In\u00eas.<\/p>\n<p style=\"font-weight: 400;\">Foram reformados 16 quartos, oito destinados a assist\u00eancia de idosos do sexo masculino e outros oito para idosas.<\/p>\n<p style=\"font-weight: 400;\">A entrega da obra se materializa praticamente dois anos ap\u00f3s a decis\u00e3o de o Grupo Colorado fazer a destina\u00e7\u00e3o de lei de incentivo, em 2021. Os recursos foram repassados pela institui\u00e7\u00e3o no dia 27 de outubro de 2022. O in\u00edcio da reforma aconteceu no dia 10 de dezembro de 2022. Para a reforma foi necess\u00e1rio remanejar os idosos pelas alas da institui\u00e7\u00e3o, para preservar os servi\u00e7os prestados.<\/p>\n<p style=\"font-weight: 400;\">A empresa respons\u00e1vel pela obra foi contratada via licita\u00e7\u00e3o. A responsabilidade no uso dos recursos, permitiu fazer mais com o mesmo valor destinado. Inicialmente estava prevista a reforma dos banheiros, por\u00e9m, o processo de licita\u00e7\u00e3o possibilitou que o Centro Social economizasse R$ 32 mil do or\u00e7amento original, e esse recurso foi empregado na reforma dos quartos.<\/p>\n<p style=\"font-weight: 400;\">\u201cVimos aqui hoje a realiza\u00e7\u00e3o de um sonho, um sonho coletivo, de grande import\u00e2ncia. Para n\u00f3s, investidores sociais, compreender que uma institui\u00e7\u00e3o tem a capacidade de fazer render cada centavo do recurso doado, \u00e9 um grande est\u00edmulo, porque vemos seriedade, transpar\u00eancia, compromisso da institui\u00e7\u00e3o com a sua causa. Parabenizamos a dire\u00e7\u00e3o e colaboradores do Centro Social pelo trabalho realizado. Sua exist\u00eancia na comunidade \u00e9 motivo de orgulho para Gua\u00edra\u201d, parabenizou a Diretora do Grupo Colorado.<\/p>\n","protected":false},"excerpt":{"rendered":"<p>O Centro de A\u00e7\u00e3o Social Nossa Senhora D\u2019Aparecida de Gua\u00edra, SP, inaugurou a reforma completa de banheiros e quartos masculinos e femininos da institui\u00e7\u00e3o. A obra foi realizada com recursos&#8230;<\/p>\n","protected":false},"author":2,"featured_media":21559,"comment_status":"open","ping_status":"open","sticky":false,"template":"","format":"standard","meta":{"footnotes":""},"categories":[11,7],"tags":[],"class_list":{"0":"post-21557","1":"post","2":"type-post","3":"status-publish","4":"format-standard","5":"has-post-thumbnail","7":"category-acontece-na-colorado","8":"category-atualidade"},"_links":{"self":[{"href":"https:\/\/www.colorado.com.br\/nosdacolorado\/wp-json\/wp\/v2\/posts\/21557","targetHints":{"allow":["GET"]}}],"collection":[{"href":"https:\/\/www.colorado.com.br\/nosdacolorado\/wp-json\/wp\/v2\/posts"}],"about":[{"href":"https:\/\/www.colorado.com.br\/nosdacolorado\/wp-json\/wp\/v2\/types\/post"}],"author":[{"embeddable":true,"href":"https:\/\/www.colorado.com.br\/nosdacolorado\/wp-json\/wp\/v2\/users\/2"}],"replies":[{"embeddable":true,"href":"https:\/\/www.colorado.com.br\/nosdacolorado\/wp-json\/wp\/v2\/comments?post=21557"}],"version-history":[{"count":1,"href":"https:\/\/www.colorado.com.br\/nosdacolorado\/wp-json\/wp\/v2\/posts\/21557\/revisions"}],"predecessor-version":[{"id":21571,"href":"https:\/\/www.colorado.com.br\/nosdacolorado\/wp-json\/wp\/v2\/posts\/21557\/revisions\/21571"}],"wp:featuredmedia":[{"embeddable":true,"href":"https:\/\/www.colorado.com.br\/nosdacolorado\/wp-json\/wp\/v2\/media\/21559"}],"wp:attachment":[{"href":"https:\/\/www.colorado.com.br\/nosdacolorado\/wp-json\/wp\/v2\/media?parent=21557"}],"wp:term":[{"taxonomy":"category","embeddable":true,"href":"https:\/\/www.colorado.com.br\/nosdacolorado\/wp-json\/wp\/v2\/categories?post=21557"},{"taxonomy":"post_tag","embeddable":true,"href":"https:\/\/www.colorado.com.br\/nosdacolorado\/wp-json\/wp\/v2\/tags?post=21557"}],"curies":[{"name":"wp","href":"https:\/\/api.w.org\/{rel}","templated":true}]}}