{"id":2180,"date":"2020-01-02T08:27:52","date_gmt":"2020-01-02T10:27:52","guid":{"rendered":"http:\/\/www.colorado.com.br\/nosdacolorado\/?p=2180"},"modified":"2020-01-03T08:30:54","modified_gmt":"2020-01-03T10:30:54","slug":"tres-pessoas-morrem-em-cachoeira-no-sul-de-minas-atingidas-por-cabeca-dagua","status":"publish","type":"post","link":"https:\/\/www.colorado.com.br\/nosdacolorado\/tres-pessoas-morrem-em-cachoeira-no-sul-de-minas-atingidas-por-cabeca-dagua\/","title":{"rendered":"Tr\u00eas pessoas morrem em cachoeira no sul de Minas, atingidas por cabe\u00e7a d&#8217;\u00e1gua"},"content":{"rendered":"<div class=\"row\">\n<section class=\"col-xs-12\">\n<div class=\"row\">\n<section class=\"col-xs-12 col-sm-offset-1 col-sm-11\">\n<article class=\"n--noticia__header \">\n<h2 class=\"n--noticia__subtitle\">Mortes ocorreram no Parque Ecol\u00f3gico do Pared\u00e3o, em Guap\u00e9; banhistas foram levados por correnteza repentina<\/h2>\n<\/article>\n<\/section>\n<\/div>\n<\/section>\n<\/div>\n<aside class=\"col-sm-1 col-xs-none fixed-position-share\">\n<div class=\"module__share js-fixed-noticia-cover\">\n<div class=\"n--noticia__state-title\">Leonardo Augusto, Especial para o Estado<\/div>\n<\/div>\n<div>\n<p>BELO HORIZONTE \u2013\u00a0<strong>Tr\u00eas pessoas morreram<\/strong>\u00a0nesta quarta-feira, 1,\u00a0<strong>atingidas por cabe\u00e7a d&#8217;\u00e1gua<\/strong>\u00a0em cachoeira no munic\u00edpio de\u00a0<a href=\"https:\/\/tudo-sobre.estadao.com.br\/guape-mg\"><strong>Guap\u00e9<\/strong><\/a>, na regi\u00e3o sul de\u00a0<a href=\"https:\/\/tudo-sobre.estadao.com.br\/minas-gerais-estado\"><strong>Minas Gerais<\/strong><\/a>, a 340 quil\u00f4metros da capital. O n\u00famero de mortos foi confirmado pela Defesa Civil do Estado.\u00a0\u00a0Na manh\u00e3 desta quinta-feira, 2, a\u00a0Defesa Civil informou que as buscas foram finalizadas e\u00a0que n\u00e3o h\u00e1 relatos de pessoas desaparecidas.<\/p>\n<p>As mortes ocorreram no Parque Ecol\u00f3gico do Pared\u00e3o, distante quinze quil\u00f4metros da centro de Guap\u00e9, destino muito procurado em feriados e durante o per\u00edodo de f\u00e9rias. V\u00eddeos na internet mostram um grande volume de \u00e1gua descendo sobre as pedras de cachoeira no parque e de visitantes deixando o local.<\/p>\n<p>O fen\u00f4meno cabe\u00e7a d&#8217;\u00e1gua\u00a0ocorre quando chove forte na parte superior do curso d&#8217;\u00e1gua em que se encontra a cachoeira. O volume do rio ou c\u00f3rrego sobe, na maioria das vezes, abruptamente, e atinge banhistas, que, geralmente, s\u00e3o pegos de surpresa.<\/p>\n<p>Os corpos das v\u00edtimas j\u00e1 foram localizados, segundo informa\u00e7\u00f5es do tenente-coronel Fl\u00e1vio Godinho, coordenador-adjunto da Defesa Civil em Minas. Um, no entanto, foi visualizado, mas, por estar em local de dif\u00edcil acesso, ainda n\u00e3o foi retirado.<\/p>\n<div class=\"teads-adCall\"><\/div>\n<div class=\"limite-continuar-lendo\"><\/div>\n<div class=\"mm_conteudo blog-multimidia foto loaded\" data-config=\"{&quot;tipo&quot;:&quot;FOTO&quot;,&quot;id&quot;:&quot;1065871&quot;,&quot;provider&quot;:&quot;AGILE&quot;}\"><\/div>\n<\/div>\n<\/aside>\n","protected":false},"excerpt":{"rendered":"<p>Mortes ocorreram no Parque Ecol\u00f3gico do Pared\u00e3o, em Guap\u00e9; banhistas foram levados por correnteza repentina Leonardo Augusto, Especial para o Estado BELO HORIZONTE \u2013\u00a0Tr\u00eas pessoas morreram\u00a0nesta quarta-feira, 1,\u00a0atingidas por cabe\u00e7a&#8230;<\/p>\n","protected":false},"author":2,"featured_media":2181,"comment_status":"open","ping_status":"open","sticky":false,"template":"","format":"standard","meta":{"footnotes":""},"categories":[11],"tags":[],"class_list":{"0":"post-2180","1":"post","2":"type-post","3":"status-publish","4":"format-standard","5":"has-post-thumbnail","7":"category-acontece-na-colorado"},"_links":{"self":[{"href":"https:\/\/www.colorado.com.br\/nosdacolorado\/wp-json\/wp\/v2\/posts\/2180","targetHints":{"allow":["GET"]}}],"collection":[{"href":"https:\/\/www.colorado.com.br\/nosdacolorado\/wp-json\/wp\/v2\/posts"}],"about":[{"href":"https:\/\/www.colorado.com.br\/nosdacolorado\/wp-json\/wp\/v2\/types\/post"}],"author":[{"embeddable":true,"href":"https:\/\/www.colorado.com.br\/nosdacolorado\/wp-json\/wp\/v2\/users\/2"}],"replies":[{"embeddable":true,"href":"https:\/\/www.colorado.com.br\/nosdacolorado\/wp-json\/wp\/v2\/comments?post=2180"}],"version-history":[{"count":1,"href":"https:\/\/www.colorado.com.br\/nosdacolorado\/wp-json\/wp\/v2\/posts\/2180\/revisions"}],"predecessor-version":[{"id":2182,"href":"https:\/\/www.colorado.com.br\/nosdacolorado\/wp-json\/wp\/v2\/posts\/2180\/revisions\/2182"}],"wp:featuredmedia":[{"embeddable":true,"href":"https:\/\/www.colorado.com.br\/nosdacolorado\/wp-json\/wp\/v2\/media\/2181"}],"wp:attachment":[{"href":"https:\/\/www.colorado.com.br\/nosdacolorado\/wp-json\/wp\/v2\/media?parent=2180"}],"wp:term":[{"taxonomy":"category","embeddable":true,"href":"https:\/\/www.colorado.com.br\/nosdacolorado\/wp-json\/wp\/v2\/categories?post=2180"},{"taxonomy":"post_tag","embeddable":true,"href":"https:\/\/www.colorado.com.br\/nosdacolorado\/wp-json\/wp\/v2\/tags?post=2180"}],"curies":[{"name":"wp","href":"https:\/\/api.w.org\/{rel}","templated":true}]}}